{"id":41203,"date":"2019-10-15T17:35:55","date_gmt":"2019-10-15T20:35:55","guid":{"rendered":"https:\/\/www.suno.com.br\/noticias\/?p=41203"},"modified":"2019-10-15T19:58:16","modified_gmt":"2019-10-15T22:58:16","slug":"libra-facebook-organiza-genebra","status":"publish","type":"post","link":"https:\/\/www.suno.com.br\/noticias\/libra-facebook-organiza-genebra\/","title":{"rendered":"Libra: moeda virtual do Facebook se organiza em Genebra"},"content":{"rendered":"<p>A Libra Association, a organiza\u00e7\u00e3o que coordena a <a href=\"https:\/\/www.suno.com.br\/artigos\/btc\/\">moeda virtual<\/a> do <strong>Facebook,<\/strong> comunicou que sua carta de oficializa\u00e7\u00e3o foi assinada, nesta ter\u00e7a-feira (15), por 21 organiza\u00e7\u00f5es, dentre elas,<strong> Uber, Coinbase, Lyft e Vodafone.<\/strong><\/p>\t<div class=\"wrapper-featured-image\">\n\t\t<figure class=\"spotlightImg\">\n\n\t\t\t<picture>\n\t\t\t\t<source media=\"(max-width: 768px)\" srcset=\"https:\/\/files.sunoresearch.com.br\/n\/uploads\/2019\/07\/6fb65d25-libra-facebook-400x200.webp\">\n\t\t\t\t<img loading=\"lazy\" decoding=\"async\" class=\"newsContent__article__imgCapa lazyloadDisabled newsContent__article__imgCapa--noCaption\" src=\"https:\/\/files.sunoresearch.com.br\/n\/uploads\/2019\/07\/6fb65d25-libra-facebook-jpeg.webp\" width=\"800\" height=\"450\" alt=\"Libra: moeda virtual do Facebook se organiza em Genebra\" fetchpriority=high \/>\n\t\t\t<\/picture>\n\n\t\t\t<figcaption class=\"wp-caption-text wp-caption-text--hide\">Libra: moeda virtual do Facebook se organiza em Genebra<\/figcaption>\n\t\t<\/figure>\n\t<\/div>\n\n\n\n<p>A reuni\u00e3o para a assinatura, que ocorreu em Genebra, na Su\u00ed\u00e7a,\u00a0 definiu que representantes das 21 organiza\u00e7\u00f5es participantes se tornaram membros iniciais do Conselho da <strong>Libra. <\/strong>O \u00f3rg\u00e3o \u00e9 a principal estrutura de governan\u00e7a na Associa\u00e7\u00e3o Libra.<\/p>\n<p>Al\u00e9m disso, o Conselho da <strong>Libra<\/strong> nomeou um <a href=\"https:\/\/www.suno.com.br\/artigos\/conselho-administracao\/\">conselho de administra\u00e7\u00e3o, <\/a>composto por cinco membros:<\/p>\n<ul>\n<li>Mathhew Davie (diretor de estrat\u00e9gia da <strong>Kiva<\/strong>);<\/li>\n<li>Patrick Ellis (conselheiro geral da <strong>PayU<\/strong>);<\/li>\n<li>Katie Haun;<\/li>\n<li>David Marcus (executivo-chefe da <strong>Calibra<\/strong>);<\/li>\n<li>Wences Casares (executivo-chefe da <strong>Xapo<\/strong>).<\/li>\n<\/ul>\n<p>Em comunicado, a moeda do <strong>Facebook<\/strong> informou que: &#8220;a Associa\u00e7\u00e3o Libra confirmou que mais de 1.500 entidades manifestaram interesse em participar do esfor\u00e7o do projeto Libra, e aproximadamente 180 entidades atenderam aos crit\u00e9rios preliminares da associa\u00e7\u00e3o\u201d.<\/p>\n<h2>Libra e UE<\/h2>\n<p>A <a href=\"https:\/\/www.suno.com.br\/artigos\/uniao-europeia\/\"><strong>Uni\u00e3o Europeia (UE)<\/strong><\/a> sinalizou que vai regulamentar a <strong>Libra,<\/strong> a moeda virtual do Facebook. A informa\u00e7\u00e3o foi divulgada no dia 8 pelo comiss\u00e1rio europeu para as Finan\u00e7as, Valdis Dombrovskis.<\/p>\n<p><a href=\"https:\/\/www.suno.com.br\/noticias\/assustada-uniao-europeia-moeda-libra\/\">Saiba mais: UE promete regulamenta\u00e7\u00e3o da Libra, criptomoeda do Facebook<\/a><\/p>\n<p>&#8220;A <strong>Europa<\/strong> precisa de uma abordagem comum nos ativos de criptografia como a <strong>Libra<\/strong>&#8220;<strong>,<\/strong> declarou Dombrovskis durante uma audi\u00eancia no Parlamento Europeu, Pretendo propor nova legisla\u00e7\u00e3o sobre isso.<\/p>\n<p>O comiss\u00e1rio europeu considera as moedas virtuais como um risco para a estabilidade financeira do bloco. Para os governos da Fran\u00e7a e da Alemanha, a moeda virtual do Facebook teria um tamanho muito superior a outras <strong>criptomoedas<\/strong> como o <strong>Bitcoin.<\/strong> Algo que poderia limitar a soberania monet\u00e1ria desses pa\u00edses.<\/p>\n<h2>Nenhuma regulamenta\u00e7\u00e3o europeia<\/h2>\n<p>Atualmente n\u00e3o existe alguma regulamenta\u00e7\u00e3o espec\u00edfica sobre <strong>criptomoedas<\/strong> na Uni\u00e3o Europeia. O pr\u00f3prio <strong>Dombrovskis<\/strong> tinha resistido a cria\u00e7\u00e3o de qualquer regulamenta\u00e7\u00e3o de moedas digitais nos cinco anos em que atuou como comiss\u00e1rio europeu.<\/p>\n\t<p>\n\t\t<a href=\"https:\/\/lp.suno.com.br\/planilha-controle-gastos\/\" target=\"_blank\" data-element=\"shortcode-suno-banner\" title=\"Banner SUNO, clique e saiba mais\">\n\t\t\t<picture>\n\t\t\t\t<source media=\"(max-width: 500px)\" srcset=\"https:\/\/files.sunoresearch.com.br\/n\/uploads\/2023\/03\/400x300-Planilha-controle-de-gastos.png\">\n\t\t\t\t<img class=\"newsContent__article__imgCapa newsContent__article__imgCapa--banner\"\n\t\t\t\t\tsrc=\"https:\/\/files.sunoresearch.com.br\/n\/uploads\/2023\/03\/1420x240-Planilha-controle-de-gastos.png\"\n\t\t\t\t\tdata-promo-id=\"101751\"\t\t\t\t\t\t\t\t\t\twidth='1420' height='240'\t\t\t\t\talt=\"https:\/\/files.sunoresearch.com.br\/n\/uploads\/2023\/03\/1420x240-Planilha-controle-de-gastos.png\"\n\t\t\t\t>\n\t\t\t<\/picture>\n\t\t<\/a>\n\t<\/p>\n\n\n<p>Al\u00e9m disso, at\u00e9 o anuncio da cria\u00e7\u00e3o da <strong>moeda virtual,<\/strong> em junho, essa quest\u00e3o era considerada pela maioria dos parlamentares europeus. Isso pois apenas uma pequena fra\u00e7\u00e3o dos <strong>Bitcoins<\/strong> e de outras moedas digitais s\u00e3o convertidas em euros.<\/p>\n<p>Entretanto, o cen\u00e1rio mudou nos \u00faltimos meses. E o pr\u00f3prio <strong>Dombrovskis<\/strong> salientou que a mudan\u00e7a de posi\u00e7\u00e3o da Comiss\u00e3o decorreu dos planos do <strong>Facebook<\/strong> para a <strong>Libra.<\/strong> Segundo ele, a moeda digital &#8220;poderia ter efeitos sist\u00eamicos na estabilidade financeira (da <strong>UE<\/strong>)&#8221;.<\/p>\n","protected":false},"excerpt":{"rendered":"<p>A Libra Association, a organiza\u00e7\u00e3o que coordena a moeda virtual do Facebook, comunicou que sua carta de oficializa\u00e7\u00e3o foi assinada, nesta ter\u00e7a-feira (15), por 21 organiza\u00e7\u00f5es, dentre elas, Uber, Coinbase, Lyft e Vodafone. Libra: moeda virtual do Facebook se organiza em Genebra A reuni\u00e3o para a assinatura, que ocorreu em Genebra, na Su\u00ed\u00e7a,\u00a0 definiu que [&hellip;]<\/p>\n","protected":false},"author":23,"featured_media":31064,"comment_status":"closed","ping_status":"closed","sticky":false,"template":"","format":"standard","meta":[],"categories":[64],"tags":[733,989,954],"suno_strategy":[],"class_list":["post-41203","post","type-post","status-publish","format-standard","has-post-thumbnail","hentry","category-negocios","tag-facebook-fbok34","tag-libra","tag-uber-u1be34"],"yoast_head":"<!-- This site is optimized with the Yoast SEO plugin v24.4 - https:\/\/yoast.com\/wordpress\/plugins\/seo\/ -->\n<title>Libra: moeda virtual do Facebook se organiza em Genebra<\/title>\n<meta name=\"description\" content=\"A Libra Association teve sua carta de oficializa\u00e7\u00e3o assinada por 21 organiza\u00e7\u00f5es. Clique aqui para saber mais.\" \/>\n<meta name=\"robots\" content=\"index, follow, max-snippet:-1, max-image-preview:large, max-video-preview:-1\" \/>\n<link rel=\"canonical\" href=\"https:\/\/www.suno.com.br\/noticias\/libra-facebook-organiza-genebra\/\" \/>\n<meta property=\"og:locale\" content=\"pt_BR\" \/>\n<meta property=\"og:type\" content=\"article\" \/>\n<meta property=\"og:title\" content=\"Libra: moeda virtual do Facebook se organiza em Genebra\" \/>\n<meta property=\"og:description\" content=\"A Libra Association teve sua carta de oficializa\u00e7\u00e3o assinada por 21 organiza\u00e7\u00f5es. Clique aqui para saber mais.\" \/>\n<meta property=\"og:url\" content=\"https:\/\/www.suno.com.br\/noticias\/libra-facebook-organiza-genebra\/\" \/>\n<meta property=\"og:site_name\" content=\"Suno Not\u00edcias\" \/>\n<meta property=\"article:publisher\" content=\"https:\/\/facebook.com\/sunoresearch\" \/>\n<meta property=\"og:image\" content=\"https:\/\/files.sunoresearch.com.br\/n\/uploads\/2019\/07\/6fb65d25-libra-facebook.jpeg\" \/>\n\t<meta property=\"og:image:width\" content=\"770\" \/>\n\t<meta property=\"og:image:height\" content=\"400\" \/>\n\t<meta property=\"og:image:type\" content=\"image\/jpeg\" \/>\n<meta name=\"author\" content=\"Rafael Lara\" \/>\n<meta name=\"twitter:card\" content=\"summary_large_image\" \/>\n<meta name=\"twitter:creator\" content=\"@sunoresearch\" \/>\n<meta name=\"twitter:site\" content=\"@sunoresearch\" \/>\n<meta name=\"twitter:label1\" content=\"Escrito por\" \/>\n\t<meta name=\"twitter:data1\" content=\"Rafael Lara\" \/>\n\t<meta name=\"twitter:label2\" content=\"Est. tempo de leitura\" \/>\n\t<meta name=\"twitter:data2\" content=\"2 minutos\" \/>\n<script type=\"application\/ld+json\" class=\"yoast-schema-graph\">{\"@context\":\"https:\/\/schema.org\",\"@graph\":[{\"@type\":\"NewsArticle\",\"@id\":\"https:\/\/www.suno.com.br\/noticias\/libra-facebook-organiza-genebra\/#article\",\"isPartOf\":{\"@id\":\"https:\/\/www.suno.com.br\/noticias\/libra-facebook-organiza-genebra\/\"},\"author\":{\"name\":\"Rafael Lara\",\"@id\":\"https:\/\/www.suno.com.br\/noticias\/#\/schema\/person\/098743caeed97b37f51315c9576c4078\"},\"headline\":\"Libra: moeda virtual do Facebook se organiza em Genebra\",\"datePublished\":\"2019-10-15T20:35:55+00:00\",\"dateModified\":\"2019-10-15T22:58:16+00:00\",\"mainEntityOfPage\":{\"@id\":\"https:\/\/www.suno.com.br\/noticias\/libra-facebook-organiza-genebra\/\"},\"wordCount\":436,\"publisher\":{\"@id\":\"https:\/\/www.suno.com.br\/noticias\/#organization\"},\"image\":{\"@id\":\"https:\/\/www.suno.com.br\/noticias\/libra-facebook-organiza-genebra\/#primaryimage\"},\"thumbnailUrl\":\"https:\/\/files.sunoresearch.com.br\/n\/uploads\/2019\/07\/6fb65d25-libra-facebook-jpeg.webp\",\"keywords\":[\"Facebook (FBOK34)\",\"Libra\",\"Uber (U1BE34)\"],\"articleSection\":[\"Neg\u00f3cios\"],\"inLanguage\":\"pt-BR\"},{\"@type\":\"WebPage\",\"@id\":\"https:\/\/www.suno.com.br\/noticias\/libra-facebook-organiza-genebra\/\",\"url\":\"https:\/\/www.suno.com.br\/noticias\/libra-facebook-organiza-genebra\/\",\"name\":\"Libra: moeda virtual do Facebook se organiza em Genebra\",\"isPartOf\":{\"@id\":\"https:\/\/www.suno.com.br\/noticias\/#website\"},\"primaryImageOfPage\":{\"@id\":\"https:\/\/www.suno.com.br\/noticias\/libra-facebook-organiza-genebra\/#primaryimage\"},\"image\":{\"@id\":\"https:\/\/www.suno.com.br\/noticias\/libra-facebook-organiza-genebra\/#primaryimage\"},\"thumbnailUrl\":\"https:\/\/files.sunoresearch.com.br\/n\/uploads\/2019\/07\/6fb65d25-libra-facebook-jpeg.webp\",\"datePublished\":\"2019-10-15T20:35:55+00:00\",\"dateModified\":\"2019-10-15T22:58:16+00:00\",\"description\":\"A Libra Association teve sua carta de oficializa\u00e7\u00e3o assinada por 21 organiza\u00e7\u00f5es. Clique aqui para saber mais.\",\"breadcrumb\":{\"@id\":\"https:\/\/www.suno.com.br\/noticias\/libra-facebook-organiza-genebra\/#breadcrumb\"},\"inLanguage\":\"pt-BR\",\"potentialAction\":[{\"@type\":\"ReadAction\",\"target\":[\"https:\/\/www.suno.com.br\/noticias\/libra-facebook-organiza-genebra\/\"]}]},{\"@type\":\"ImageObject\",\"inLanguage\":\"pt-BR\",\"@id\":\"https:\/\/www.suno.com.br\/noticias\/libra-facebook-organiza-genebra\/#primaryimage\",\"url\":\"https:\/\/files.sunoresearch.com.br\/n\/uploads\/2019\/07\/6fb65d25-libra-facebook-jpeg.webp\",\"contentUrl\":\"https:\/\/files.sunoresearch.com.br\/n\/uploads\/2019\/07\/6fb65d25-libra-facebook-jpeg.webp\",\"width\":770,\"height\":400,\"caption\":\"Libra: moeda virtual do Facebook se organiza em Genebra\"},{\"@type\":\"BreadcrumbList\",\"@id\":\"https:\/\/www.suno.com.br\/noticias\/libra-facebook-organiza-genebra\/#breadcrumb\",\"itemListElement\":[{\"@type\":\"ListItem\",\"position\":1,\"name\":\"Not\u00edcias\",\"item\":\"https:\/\/www.suno.com.br\/noticias\/\"},{\"@type\":\"ListItem\",\"position\":2,\"name\":\"Neg\u00f3cios\",\"item\":\"https:\/\/www.suno.com.br\/noticias\/negocios\/\"},{\"@type\":\"ListItem\",\"position\":3,\"name\":\"Libra: moeda virtual do Facebook se organiza em Genebra\"}]},{\"@type\":\"WebSite\",\"@id\":\"https:\/\/www.suno.com.br\/noticias\/#website\",\"url\":\"https:\/\/www.suno.com.br\/noticias\/\",\"name\":\"Suno Not\u00edcias\",\"description\":\"Seu portal de informa\u00e7\u00e3o sobre o mundo dos investimentos\",\"publisher\":{\"@id\":\"https:\/\/www.suno.com.br\/noticias\/#organization\"},\"potentialAction\":[{\"@type\":\"SearchAction\",\"target\":{\"@type\":\"EntryPoint\",\"urlTemplate\":\"https:\/\/www.suno.com.br\/noticias\/?s={search_term_string}\"},\"query-input\":{\"@type\":\"PropertyValueSpecification\",\"valueRequired\":true,\"valueName\":\"search_term_string\"}}],\"inLanguage\":\"pt-BR\"},{\"@type\":\"Organization\",\"@id\":\"https:\/\/www.suno.com.br\/noticias\/#organization\",\"name\":\"Suno Not\u00edcias\",\"url\":\"https:\/\/www.suno.com.br\/noticias\/\",\"logo\":{\"@type\":\"ImageObject\",\"inLanguage\":\"pt-BR\",\"@id\":\"https:\/\/www.suno.com.br\/noticias\/#\/schema\/logo\/image\/\",\"url\":\"https:\/\/files.sunoresearch.com.br\/n\/uploads\/2021\/09\/suno-logo.png\",\"contentUrl\":\"https:\/\/files.sunoresearch.com.br\/n\/uploads\/2021\/09\/suno-logo.png\",\"width\":180,\"height\":180,\"caption\":\"Suno Not\u00edcias\"},\"image\":{\"@id\":\"https:\/\/www.suno.com.br\/noticias\/#\/schema\/logo\/image\/\"},\"sameAs\":[\"https:\/\/facebook.com\/sunoresearch\",\"https:\/\/x.com\/sunoresearch\",\"https:\/\/www.instagram.com\/suno\",\"https:\/\/www.linkedin.com\/company\/suno-research\/\",\"https:\/\/www.youtube.com\/c\/sunoresearch\"]},{\"@type\":\"Person\",\"@id\":\"https:\/\/www.suno.com.br\/noticias\/#\/schema\/person\/098743caeed97b37f51315c9576c4078\",\"name\":\"Rafael Lara\",\"image\":{\"@type\":\"ImageObject\",\"inLanguage\":\"pt-BR\",\"@id\":\"https:\/\/www.suno.com.br\/noticias\/#\/schema\/person\/image\/\",\"url\":\"https:\/\/secure.gravatar.com\/avatar\/dfc254ab9bb2ea1895d98b9e9dae4bdd?s=96&r=g\",\"contentUrl\":\"https:\/\/secure.gravatar.com\/avatar\/dfc254ab9bb2ea1895d98b9e9dae4bdd?s=96&r=g\",\"caption\":\"Rafael Lara\"},\"description\":\"Rafael Lara cursa jornalismo na Faculdade C\u00e1sper L\u00edbero. Escreve sobre pol\u00edtica, economia e neg\u00f3cios para o portal Suno Not\u00edcias. Antes, colaborou na TV Gazeta na produ\u00e7\u00e3o do programa Edi\u00e7\u00e3o Extra.\",\"url\":\"https:\/\/www.suno.com.br\/noticias\/author\/rafael\/\"}]}<\/script>\n<!-- \/ Yoast SEO plugin. -->","yoast_head_json":{"title":"Libra: moeda virtual do Facebook se organiza em Genebra","description":"A Libra Association teve sua carta de oficializa\u00e7\u00e3o assinada por 21 organiza\u00e7\u00f5es. Clique aqui para saber mais.","robots":{"index":"index","follow":"follow","max-snippet":"max-snippet:-1","max-image-preview":"max-image-preview:large","max-video-preview":"max-video-preview:-1"},"canonical":"https:\/\/www.suno.com.br\/noticias\/libra-facebook-organiza-genebra\/","og_locale":"pt_BR","og_type":"article","og_title":"Libra: moeda virtual do Facebook se organiza em Genebra","og_description":"A Libra Association teve sua carta de oficializa\u00e7\u00e3o assinada por 21 organiza\u00e7\u00f5es. Clique aqui para saber mais.","og_url":"https:\/\/www.suno.com.br\/noticias\/libra-facebook-organiza-genebra\/","og_site_name":"Suno Not\u00edcias","article_publisher":"https:\/\/facebook.com\/sunoresearch","og_image":[{"width":770,"height":400,"url":"https:\/\/files.sunoresearch.com.br\/n\/uploads\/2019\/07\/6fb65d25-libra-facebook.jpeg","type":"image\/jpeg"}],"author":"Rafael Lara","twitter_card":"summary_large_image","twitter_creator":"@sunoresearch","twitter_site":"@sunoresearch","twitter_misc":{"Escrito por":"Rafael Lara","Est. tempo de leitura":"2 minutos"},"schema":{"@context":"https:\/\/schema.org","@graph":[{"@type":"NewsArticle","@id":"https:\/\/www.suno.com.br\/noticias\/libra-facebook-organiza-genebra\/#article","isPartOf":{"@id":"https:\/\/www.suno.com.br\/noticias\/libra-facebook-organiza-genebra\/"},"author":{"name":"Rafael Lara","@id":"https:\/\/www.suno.com.br\/noticias\/#\/schema\/person\/098743caeed97b37f51315c9576c4078"},"headline":"Libra: moeda virtual do Facebook se organiza em Genebra","datePublished":"2019-10-15T20:35:55+00:00","dateModified":"2019-10-15T22:58:16+00:00","mainEntityOfPage":{"@id":"https:\/\/www.suno.com.br\/noticias\/libra-facebook-organiza-genebra\/"},"wordCount":436,"publisher":{"@id":"https:\/\/www.suno.com.br\/noticias\/#organization"},"image":{"@id":"https:\/\/www.suno.com.br\/noticias\/libra-facebook-organiza-genebra\/#primaryimage"},"thumbnailUrl":"https:\/\/files.sunoresearch.com.br\/n\/uploads\/2019\/07\/6fb65d25-libra-facebook-jpeg.webp","keywords":["Facebook (FBOK34)","Libra","Uber (U1BE34)"],"articleSection":["Neg\u00f3cios"],"inLanguage":"pt-BR"},{"@type":"WebPage","@id":"https:\/\/www.suno.com.br\/noticias\/libra-facebook-organiza-genebra\/","url":"https:\/\/www.suno.com.br\/noticias\/libra-facebook-organiza-genebra\/","name":"Libra: moeda virtual do Facebook se organiza em Genebra","isPartOf":{"@id":"https:\/\/www.suno.com.br\/noticias\/#website"},"primaryImageOfPage":{"@id":"https:\/\/www.suno.com.br\/noticias\/libra-facebook-organiza-genebra\/#primaryimage"},"image":{"@id":"https:\/\/www.suno.com.br\/noticias\/libra-facebook-organiza-genebra\/#primaryimage"},"thumbnailUrl":"https:\/\/files.sunoresearch.com.br\/n\/uploads\/2019\/07\/6fb65d25-libra-facebook-jpeg.webp","datePublished":"2019-10-15T20:35:55+00:00","dateModified":"2019-10-15T22:58:16+00:00","description":"A Libra Association teve sua carta de oficializa\u00e7\u00e3o assinada por 21 organiza\u00e7\u00f5es. Clique aqui para saber mais.","breadcrumb":{"@id":"https:\/\/www.suno.com.br\/noticias\/libra-facebook-organiza-genebra\/#breadcrumb"},"inLanguage":"pt-BR","potentialAction":[{"@type":"ReadAction","target":["https:\/\/www.suno.com.br\/noticias\/libra-facebook-organiza-genebra\/"]}]},{"@type":"ImageObject","inLanguage":"pt-BR","@id":"https:\/\/www.suno.com.br\/noticias\/libra-facebook-organiza-genebra\/#primaryimage","url":"https:\/\/files.sunoresearch.com.br\/n\/uploads\/2019\/07\/6fb65d25-libra-facebook-jpeg.webp","contentUrl":"https:\/\/files.sunoresearch.com.br\/n\/uploads\/2019\/07\/6fb65d25-libra-facebook-jpeg.webp","width":770,"height":400,"caption":"Libra: moeda virtual do Facebook se organiza em Genebra"},{"@type":"BreadcrumbList","@id":"https:\/\/www.suno.com.br\/noticias\/libra-facebook-organiza-genebra\/#breadcrumb","itemListElement":[{"@type":"ListItem","position":1,"name":"Not\u00edcias","item":"https:\/\/www.suno.com.br\/noticias\/"},{"@type":"ListItem","position":2,"name":"Neg\u00f3cios","item":"https:\/\/www.suno.com.br\/noticias\/negocios\/"},{"@type":"ListItem","position":3,"name":"Libra: moeda virtual do Facebook se organiza em Genebra"}]},{"@type":"WebSite","@id":"https:\/\/www.suno.com.br\/noticias\/#website","url":"https:\/\/www.suno.com.br\/noticias\/","name":"Suno Not\u00edcias","description":"Seu portal de informa\u00e7\u00e3o sobre o mundo dos investimentos","publisher":{"@id":"https:\/\/www.suno.com.br\/noticias\/#organization"},"potentialAction":[{"@type":"SearchAction","target":{"@type":"EntryPoint","urlTemplate":"https:\/\/www.suno.com.br\/noticias\/?s={search_term_string}"},"query-input":{"@type":"PropertyValueSpecification","valueRequired":true,"valueName":"search_term_string"}}],"inLanguage":"pt-BR"},{"@type":"Organization","@id":"https:\/\/www.suno.com.br\/noticias\/#organization","name":"Suno Not\u00edcias","url":"https:\/\/www.suno.com.br\/noticias\/","logo":{"@type":"ImageObject","inLanguage":"pt-BR","@id":"https:\/\/www.suno.com.br\/noticias\/#\/schema\/logo\/image\/","url":"https:\/\/files.sunoresearch.com.br\/n\/uploads\/2021\/09\/suno-logo.png","contentUrl":"https:\/\/files.sunoresearch.com.br\/n\/uploads\/2021\/09\/suno-logo.png","width":180,"height":180,"caption":"Suno Not\u00edcias"},"image":{"@id":"https:\/\/www.suno.com.br\/noticias\/#\/schema\/logo\/image\/"},"sameAs":["https:\/\/facebook.com\/sunoresearch","https:\/\/x.com\/sunoresearch","https:\/\/www.instagram.com\/suno","https:\/\/www.linkedin.com\/company\/suno-research\/","https:\/\/www.youtube.com\/c\/sunoresearch"]},{"@type":"Person","@id":"https:\/\/www.suno.com.br\/noticias\/#\/schema\/person\/098743caeed97b37f51315c9576c4078","name":"Rafael Lara","image":{"@type":"ImageObject","inLanguage":"pt-BR","@id":"https:\/\/www.suno.com.br\/noticias\/#\/schema\/person\/image\/","url":"https:\/\/secure.gravatar.com\/avatar\/dfc254ab9bb2ea1895d98b9e9dae4bdd?s=96&r=g","contentUrl":"https:\/\/secure.gravatar.com\/avatar\/dfc254ab9bb2ea1895d98b9e9dae4bdd?s=96&r=g","caption":"Rafael Lara"},"description":"Rafael Lara cursa jornalismo na Faculdade C\u00e1sper L\u00edbero. Escreve sobre pol\u00edtica, economia e neg\u00f3cios para o portal Suno Not\u00edcias. Antes, colaborou na TV Gazeta na produ\u00e7\u00e3o do programa Edi\u00e7\u00e3o Extra.","url":"https:\/\/www.suno.com.br\/noticias\/author\/rafael\/"}]}},"default_loop_html":"<div class=\"cardsPage__listCard__boxs\"><div class=\"cardsPage__listCard__boxs__img\"><a href=\"https:\/\/www.suno.com.br\/noticias\/libra-facebook-organiza-genebra\/\"><img class=\"mask\" src=\"https:\/\/www.suno.com.br\/noticias\/wp-content\/themes\/suno\/resources\/images\/spotlight\/spotlight1img\/bg-mask.png\" alt=\"Image Mask\"\/><img src=\"https:\/\/files.sunoresearch.com.br\/n\/uploads\/2019\/07\/6fb65d25-libra-facebook-400x200.webp\" alt=\"Libra: moeda virtual do Facebook se organiza em Genebra\"\/><\/a><span class=\"spotlightCategory\"><a href=\"https:\/\/www.suno.com.br\/noticias\/negocios\/\">Neg\u00f3cios<\/a><\/span><\/div><div class=\"cardsPage__listCard__boxs__content\"><a href=\"https:\/\/www.suno.com.br\/noticias\/libra-facebook-organiza-genebra\/\"><h2 class=\"content__title\">Libra: moeda virtual do Facebook se organiza em Genebra<\/h2><\/a><div class=\"newsContent__article__meta\"><div class=\"newsContent__article__meta__authorBox\"><a href=\"https:\/\/www.suno.com.br\/noticias\/author\/rafael\/\" class=\"authorBox__avatar noMobi\"><img src=\"https:\/\/secure.gravatar.com\/avatar\/dfc254ab9bb2ea1895d98b9e9dae4bdd?s=96&#038;r=g\" alt=\"Rafael Lara\"><\/a><div class=\"authorBox__name\"><span>por\n\t\t\t<a href=\"https:\/\/www.suno.com.br\/noticias\/author\/rafael\/\"><span itemprop=\"author\">Rafael Lara<\/span><\/a><\/span><time datetime=\"2019-10-15T17:35:55-03:00\" itemprop=\"datePublished\">15\/10\/2019 17:35<\/time><\/div><\/div><\/div><\/div><\/div>","single_layout":"posts","amp_enabled":true,"_links":{"self":[{"href":"https:\/\/www.suno.com.br\/noticias\/wp-json\/wp\/v2\/posts\/41203"}],"collection":[{"href":"https:\/\/www.suno.com.br\/noticias\/wp-json\/wp\/v2\/posts"}],"about":[{"href":"https:\/\/www.suno.com.br\/noticias\/wp-json\/wp\/v2\/types\/post"}],"author":[{"embeddable":true,"href":"https:\/\/www.suno.com.br\/noticias\/wp-json\/wp\/v2\/users\/23"}],"replies":[{"embeddable":true,"href":"https:\/\/www.suno.com.br\/noticias\/wp-json\/wp\/v2\/comments?post=41203"}],"version-history":[{"count":0,"href":"https:\/\/www.suno.com.br\/noticias\/wp-json\/wp\/v2\/posts\/41203\/revisions"}],"wp:featuredmedia":[{"embeddable":true,"href":"https:\/\/www.suno.com.br\/noticias\/wp-json\/wp\/v2\/media\/31064"}],"wp:attachment":[{"href":"https:\/\/www.suno.com.br\/noticias\/wp-json\/wp\/v2\/media?parent=41203"}],"wp:term":[{"taxonomy":"category","embeddable":true,"href":"https:\/\/www.suno.com.br\/noticias\/wp-json\/wp\/v2\/categories?post=41203"},{"taxonomy":"post_tag","embeddable":true,"href":"https:\/\/www.suno.com.br\/noticias\/wp-json\/wp\/v2\/tags?post=41203"},{"taxonomy":"suno_strategy","embeddable":true,"href":"https:\/\/www.suno.com.br\/noticias\/wp-json\/wp\/v2\/suno_strategy?post=41203"}],"curies":[{"name":"wp","href":"https:\/\/api.w.org\/{rel}","templated":true}]}}