{"id":41174,"date":"2019-10-16T14:23:06","date_gmt":"2019-10-16T17:23:06","guid":{"rendered":"https:\/\/www.suno.com.br\/noticias\/?p=41174"},"modified":"2019-10-16T14:23:06","modified_gmt":"2019-10-16T17:23:06","slug":"ipo-tirar-controle-saneago","status":"publish","type":"post","link":"https:\/\/www.suno.com.br\/noticias\/ipo-tirar-controle-saneago\/","title":{"rendered":"Exclusivo: IPO pode tirar controle estatal da Saneago"},"content":{"rendered":"<p>O governo do Estado de Goi\u00e1s pode abrir m\u00e3o do controle total da Saneago (Saneamento Goi\u00e1s) ap\u00f3s o <strong><a href=\"https:\/\/www.suno.com.br\/artigos\/vale-pena-investir-em-um-ipo\/\">IPO<\/a> <\/strong>(Oferta P\u00fablica de A\u00e7\u00f5es, em ingl\u00eas) da empresa, de acordo com fontes ouvidas pelo SUNO Not\u00edcias.<\/p>\t<div class=\"wrapper-featured-image\">\n\t\t<figure class=\"spotlightImg\">\n\n\t\t\t<picture>\n\t\t\t\t<source media=\"(max-width: 768px)\" srcset=\"https:\/\/files.sunoresearch.com.br\/n\/uploads\/2019\/10\/a0c53249-saneago.png\">\n\t\t\t\t<img loading=\"lazy\" decoding=\"async\" class=\"newsContent__article__imgCapa lazyloadDisabled newsContent__article__imgCapa--noCaption\" src=\"https:\/\/files.sunoresearch.com.br\/n\/uploads\/2019\/10\/a0c53249-saneago.png\" width=\"800\" height=\"450\" alt=\"Exclusivo: IPO pode tirar controle estatal da Saneago\" fetchpriority=high \/>\n\t\t\t<\/picture>\n\n\t\t\t<figcaption class=\"wp-caption-text wp-caption-text--hide\">Exclusivo: IPO da Saneago n\u00e3o deve mais sair em 2020<\/figcaption>\n\t\t<\/figure>\n\t<\/div>\n\n\n\n<p>Apesar da promessa de representantes do poder p\u00fablico sobre manter o controle societ\u00e1rio da <strong>Saneago, <\/strong>o <strong>SUNO Not\u00edcias\u00a0<\/strong>apurou que, buscando um melhor <strong><a href=\"https:\/\/www.suno.com.br\/artigos\/como-fazer-valuation-empresas\/\">valuation<\/a><\/strong>, o Estado pode sim abrir m\u00e3o do controle total da companhia.<\/p>\n<p>&#8220;Da forma que est\u00e1, com contratos de curto prazo chegando ao fim, a precifica\u00e7\u00e3o das a\u00e7\u00f5es ficaria bem aqu\u00e9m do esperado&#8221;, disse uma fonte em condi\u00e7\u00e3o de anonimato e com conhecimento no assunto.<\/p>\n<p><a href=\"https:\/\/www.suno.com.br\/noticias\/ca-reserva-ipo-inicio-prazo-segunda-acoes\/\">Confira Tamb\u00e9m: Per\u00edodo de reserva para IPO da C&amp;A inicia nesta segunda-feira<\/a><\/p>\n<p>&#8220;Al\u00e9m disso, ela j\u00e1 \u00e9 uma S.A. [sociedade an\u00f4nima] com 3% de capital privado. Caso venda outros 49% de a\u00e7\u00f5es, ficaria sem o controle do Estado&#8221;, completou.<\/p>\n<p>Para que a mudan\u00e7a no controle acion\u00e1rio ocorra, contudo, \u00e9 necess\u00e1rio que os atuais detentores da maior parte das a\u00e7\u00f5es reformem o Estatuto Social da empresa.<\/p>\n\t<p>\n\t\t<a href=\"https:\/\/lp.suno.com.br\/ebook-guia-ir\/\" target=\"_blank\" data-element=\"shortcode-suno-banner\" title=\"Banner SUNO, clique e saiba mais\">\n\t\t\t<picture>\n\t\t\t\t<source media=\"(max-width: 500px)\" srcset=\"https:\/\/files.sunoresearch.com.br\/n\/uploads\/2023\/03\/400x300-Ebook-IR.png\">\n\t\t\t\t<img class=\"newsContent__article__imgCapa newsContent__article__imgCapa--banner\"\n\t\t\t\t\tsrc=\"https:\/\/files.sunoresearch.com.br\/n\/uploads\/2023\/03\/1420x240-Ebook-IR.png\"\n\t\t\t\t\tdata-promo-id=\"383124\"\t\t\t\t\t\t\t\t\t\twidth='1420' height='240'\t\t\t\t\talt=\"https:\/\/files.sunoresearch.com.br\/n\/uploads\/2023\/03\/1420x240-Ebook-IR.png\"\n\t\t\t\t>\n\t\t\t<\/picture>\n\t\t<\/a>\n\t<\/p>\n\n\n<p>Essa necessidade ocorre pois o documento prev\u00ea que &#8220;o Estado de Goi\u00e1s deter\u00e1 sempre m\u00ednimo de 51% do capital social, com direito a voto&#8221;.<\/p>\n<h2>IPO e mudan\u00e7a de controle aumentariam valor da Saneago<\/h2>\n<p>A mudan\u00e7a de controle da <strong>Saneago<\/strong>, aos olhos do mercado, seria ben\u00e9fica para a empresa, que deixaria o fantasma da interfer\u00eancia estatal para tr\u00e1s, segundo analistas.<\/p>\n<p>&#8220;O que pode ocorrer \u00e9, caso a empresa se torne um player privado, deve buscar otimizar a rentabilidade, cortando despesas, e buscar eventuais reajustes defasados&#8221;, disse Felipe Tadewald, especialista da SUNO Research.<\/p>\n<p>A altera\u00e7\u00e3o de comando tamb\u00e9m auxiliaria o governo do Estado a captar mais recursos perante o mercado. Atualmente, a expectativa \u00e9 que a empresa seja avaliada em R$ 1,9 bilh\u00e3o.<\/p>\n<p>De acordo com fontes ouvidas pelo <strong>SUNO Not\u00edcias<\/strong>, os principais contratos da companhia com as cidades vencem no curto prazo. Essa d\u00favida em rela\u00e7\u00e3o a renova\u00e7\u00e3o ou n\u00e3o tamb\u00e9m vem trazendo ceticismo em rela\u00e7\u00e3o ao IPO.<\/p>\n\t<p>\n\t\t<a href=\"https:\/\/www.suno.com.br\/wealth\/\" target=\"_blank\" data-element=\"shortcode-suno-banner\" title=\"Banner SUNO, clique e saiba mais\">\n\t\t\t<picture>\n\t\t\t\t<source media=\"(max-width: 500px)\" srcset=\"https:\/\/files.sunoresearch.com.br\/n\/uploads\/2024\/01\/400x300-Mobile-WEALTH.png\">\n\t\t\t\t<img class=\"newsContent__article__imgCapa newsContent__article__imgCapa--banner\"\n\t\t\t\t\tsrc=\"https:\/\/files.sunoresearch.com.br\/n\/uploads\/2024\/01\/1420x240-Banner-Artigos-1-_-Banner-Materias-1-6.png\"\n\t\t\t\t\tdata-promo-id=\"512147\"\t\t\t\t\t\t\t\t\t\twidth='1420' height='240'\t\t\t\t\talt=\"https:\/\/files.sunoresearch.com.br\/n\/uploads\/2024\/01\/1420x240-Banner-Artigos-1-_-Banner-Materias-1-6.png\"\n\t\t\t\t>\n\t\t\t<\/picture>\n\t\t<\/a>\n\t<\/p>\n\n\n<p>O governo do Estado de Goi\u00e1s enviou nesta semana \u00e0 Assembleia estadual um projeto de lei que visa regulamentar a opera\u00e7\u00e3o de abertura de capital da <strong>Saneago<\/strong>, que ainda necessitar\u00e1 passar pela assembleia geral da empresa, marcado para 18 de outubro.<\/p>\n","protected":false},"excerpt":{"rendered":"<p>O governo do Estado de Goi\u00e1s pode abrir m\u00e3o do controle total da Saneago (Saneamento Goi\u00e1s) ap\u00f3s o IPO (Oferta P\u00fablica de A\u00e7\u00f5es, em ingl\u00eas) da empresa, de acordo com fontes ouvidas pelo SUNO Not\u00edcias. Exclusivo: IPO da Saneago n\u00e3o deve mais sair em 2020 Apesar da promessa de representantes do poder p\u00fablico sobre manter [&hellip;]<\/p>\n","protected":false},"author":27,"featured_media":41181,"comment_status":"closed","ping_status":"closed","sticky":false,"template":"","format":"standard","meta":[],"categories":[64],"tags":[319],"suno_strategy":[],"class_list":["post-41174","post","type-post","status-publish","format-standard","has-post-thumbnail","hentry","category-negocios","tag-ipo-oferta-inicial-de-acoes"],"yoast_head":"<!-- This site is optimized with the Yoast SEO plugin v24.4 - https:\/\/yoast.com\/wordpress\/plugins\/seo\/ -->\n<title>Exclusivo: IPO pode tirar controle estatal da Saneago<\/title>\n<meta name=\"description\" content=\"O governo do Estado de Goi\u00e1s pode abrir m\u00e3o do controle total da Saneago ap\u00f3s o IPO (Oferta P\u00fablica de A\u00e7\u00f5es, em ingl\u00eas) da empresa\" \/>\n<meta name=\"robots\" content=\"index, follow, max-snippet:-1, max-image-preview:large, max-video-preview:-1\" \/>\n<link rel=\"canonical\" href=\"https:\/\/www.suno.com.br\/noticias\/ipo-tirar-controle-saneago\/\" \/>\n<meta property=\"og:locale\" content=\"pt_BR\" \/>\n<meta property=\"og:type\" content=\"article\" \/>\n<meta property=\"og:title\" content=\"Exclusivo: IPO pode tirar controle estatal da Saneago\" \/>\n<meta property=\"og:description\" content=\"O governo do Estado de Goi\u00e1s pode abrir m\u00e3o do controle total da Saneago ap\u00f3s o IPO (Oferta P\u00fablica de A\u00e7\u00f5es, em ingl\u00eas) da empresa\" \/>\n<meta property=\"og:url\" content=\"https:\/\/www.suno.com.br\/noticias\/ipo-tirar-controle-saneago\/\" \/>\n<meta property=\"og:site_name\" content=\"Suno Not\u00edcias\" \/>\n<meta property=\"article:publisher\" content=\"https:\/\/facebook.com\/sunoresearch\" \/>\n<meta property=\"og:image\" content=\"https:\/\/files.sunoresearch.com.br\/n\/uploads\/2019\/10\/a0c53249-saneago.png\" \/>\n\t<meta property=\"og:image:width\" content=\"249\" \/>\n\t<meta property=\"og:image:height\" content=\"203\" \/>\n\t<meta property=\"og:image:type\" content=\"image\/png\" \/>\n<meta name=\"author\" content=\"Vinicius Pereira\" \/>\n<meta name=\"twitter:card\" content=\"summary_large_image\" \/>\n<meta name=\"twitter:creator\" content=\"@https:\/\/twitter.com\/viniciuspjornal\" \/>\n<meta name=\"twitter:site\" content=\"@sunoresearch\" \/>\n<meta name=\"twitter:label1\" content=\"Escrito por\" \/>\n\t<meta name=\"twitter:data1\" content=\"Vinicius Pereira\" \/>\n\t<meta name=\"twitter:label2\" content=\"Est. tempo de leitura\" \/>\n\t<meta name=\"twitter:data2\" content=\"2 minutos\" \/>\n<script type=\"application\/ld+json\" class=\"yoast-schema-graph\">{\"@context\":\"https:\/\/schema.org\",\"@graph\":[{\"@type\":\"NewsArticle\",\"@id\":\"https:\/\/www.suno.com.br\/noticias\/ipo-tirar-controle-saneago\/#article\",\"isPartOf\":{\"@id\":\"https:\/\/www.suno.com.br\/noticias\/ipo-tirar-controle-saneago\/\"},\"author\":{\"name\":\"Vinicius Pereira\",\"@id\":\"https:\/\/www.suno.com.br\/noticias\/#\/schema\/person\/a20761b96e4df7eb57f1f9e41be1dbf3\"},\"headline\":\"Exclusivo: IPO pode tirar controle estatal da Saneago\",\"datePublished\":\"2019-10-16T17:23:06+00:00\",\"mainEntityOfPage\":{\"@id\":\"https:\/\/www.suno.com.br\/noticias\/ipo-tirar-controle-saneago\/\"},\"wordCount\":419,\"publisher\":{\"@id\":\"https:\/\/www.suno.com.br\/noticias\/#organization\"},\"image\":{\"@id\":\"https:\/\/www.suno.com.br\/noticias\/ipo-tirar-controle-saneago\/#primaryimage\"},\"thumbnailUrl\":\"https:\/\/files.sunoresearch.com.br\/n\/uploads\/2019\/10\/a0c53249-saneago.png\",\"keywords\":[\"IPO (Oferta Inicial de A\u00e7\u00f5es)\"],\"articleSection\":[\"Neg\u00f3cios\"],\"inLanguage\":\"pt-BR\"},{\"@type\":\"WebPage\",\"@id\":\"https:\/\/www.suno.com.br\/noticias\/ipo-tirar-controle-saneago\/\",\"url\":\"https:\/\/www.suno.com.br\/noticias\/ipo-tirar-controle-saneago\/\",\"name\":\"Exclusivo: IPO pode tirar controle estatal da Saneago\",\"isPartOf\":{\"@id\":\"https:\/\/www.suno.com.br\/noticias\/#website\"},\"primaryImageOfPage\":{\"@id\":\"https:\/\/www.suno.com.br\/noticias\/ipo-tirar-controle-saneago\/#primaryimage\"},\"image\":{\"@id\":\"https:\/\/www.suno.com.br\/noticias\/ipo-tirar-controle-saneago\/#primaryimage\"},\"thumbnailUrl\":\"https:\/\/files.sunoresearch.com.br\/n\/uploads\/2019\/10\/a0c53249-saneago.png\",\"datePublished\":\"2019-10-16T17:23:06+00:00\",\"description\":\"O governo do Estado de Goi\u00e1s pode abrir m\u00e3o do controle total da Saneago ap\u00f3s o IPO (Oferta P\u00fablica de A\u00e7\u00f5es, em ingl\u00eas) da empresa\",\"breadcrumb\":{\"@id\":\"https:\/\/www.suno.com.br\/noticias\/ipo-tirar-controle-saneago\/#breadcrumb\"},\"inLanguage\":\"pt-BR\",\"potentialAction\":[{\"@type\":\"ReadAction\",\"target\":[\"https:\/\/www.suno.com.br\/noticias\/ipo-tirar-controle-saneago\/\"]}]},{\"@type\":\"ImageObject\",\"inLanguage\":\"pt-BR\",\"@id\":\"https:\/\/www.suno.com.br\/noticias\/ipo-tirar-controle-saneago\/#primaryimage\",\"url\":\"https:\/\/files.sunoresearch.com.br\/n\/uploads\/2019\/10\/a0c53249-saneago.png\",\"contentUrl\":\"https:\/\/files.sunoresearch.com.br\/n\/uploads\/2019\/10\/a0c53249-saneago.png\",\"width\":249,\"height\":203,\"caption\":\"Exclusivo: IPO da Saneago n\u00e3o deve mais sair em 2020\"},{\"@type\":\"BreadcrumbList\",\"@id\":\"https:\/\/www.suno.com.br\/noticias\/ipo-tirar-controle-saneago\/#breadcrumb\",\"itemListElement\":[{\"@type\":\"ListItem\",\"position\":1,\"name\":\"Not\u00edcias\",\"item\":\"https:\/\/www.suno.com.br\/noticias\/\"},{\"@type\":\"ListItem\",\"position\":2,\"name\":\"Neg\u00f3cios\",\"item\":\"https:\/\/www.suno.com.br\/noticias\/negocios\/\"},{\"@type\":\"ListItem\",\"position\":3,\"name\":\"Exclusivo: IPO pode tirar controle estatal da Saneago\"}]},{\"@type\":\"WebSite\",\"@id\":\"https:\/\/www.suno.com.br\/noticias\/#website\",\"url\":\"https:\/\/www.suno.com.br\/noticias\/\",\"name\":\"Suno Not\u00edcias\",\"description\":\"Seu portal de informa\u00e7\u00e3o sobre o mundo dos investimentos\",\"publisher\":{\"@id\":\"https:\/\/www.suno.com.br\/noticias\/#organization\"},\"potentialAction\":[{\"@type\":\"SearchAction\",\"target\":{\"@type\":\"EntryPoint\",\"urlTemplate\":\"https:\/\/www.suno.com.br\/noticias\/?s={search_term_string}\"},\"query-input\":{\"@type\":\"PropertyValueSpecification\",\"valueRequired\":true,\"valueName\":\"search_term_string\"}}],\"inLanguage\":\"pt-BR\"},{\"@type\":\"Organization\",\"@id\":\"https:\/\/www.suno.com.br\/noticias\/#organization\",\"name\":\"Suno Not\u00edcias\",\"url\":\"https:\/\/www.suno.com.br\/noticias\/\",\"logo\":{\"@type\":\"ImageObject\",\"inLanguage\":\"pt-BR\",\"@id\":\"https:\/\/www.suno.com.br\/noticias\/#\/schema\/logo\/image\/\",\"url\":\"https:\/\/files.sunoresearch.com.br\/n\/uploads\/2021\/09\/suno-logo.png\",\"contentUrl\":\"https:\/\/files.sunoresearch.com.br\/n\/uploads\/2021\/09\/suno-logo.png\",\"width\":180,\"height\":180,\"caption\":\"Suno Not\u00edcias\"},\"image\":{\"@id\":\"https:\/\/www.suno.com.br\/noticias\/#\/schema\/logo\/image\/\"},\"sameAs\":[\"https:\/\/facebook.com\/sunoresearch\",\"https:\/\/x.com\/sunoresearch\",\"https:\/\/www.instagram.com\/suno\",\"https:\/\/www.linkedin.com\/company\/suno-research\/\",\"https:\/\/www.youtube.com\/c\/sunoresearch\"]},{\"@type\":\"Person\",\"@id\":\"https:\/\/www.suno.com.br\/noticias\/#\/schema\/person\/a20761b96e4df7eb57f1f9e41be1dbf3\",\"name\":\"Vinicius Pereira\",\"image\":{\"@type\":\"ImageObject\",\"inLanguage\":\"pt-BR\",\"@id\":\"https:\/\/www.suno.com.br\/noticias\/#\/schema\/person\/image\/\",\"url\":\"https:\/\/secure.gravatar.com\/avatar\/783866b933198f5cc4c5d03fcc8b1301?s=96&r=g\",\"contentUrl\":\"https:\/\/secure.gravatar.com\/avatar\/783866b933198f5cc4c5d03fcc8b1301?s=96&r=g\",\"caption\":\"Vinicius Pereira\"},\"description\":\"Vinicius Pereira foi rep\u00f3rter de economia da Folha de S.Paulo, stringer do jornal no Canad\u00e1 e colaborador de VEJA. J\u00e1 escreveu tamb\u00e9m para BBC Brasil, The Intercept Brasil e UOL. Tem MBA em Informa\u00e7\u00f5es Econ\u00f4mico-Financeiras e Mercado de Capitais pela FIA\/B3.\",\"sameAs\":[\"https:\/\/x.com\/https:\/\/twitter.com\/viniciuspjornal\"],\"url\":\"https:\/\/www.suno.com.br\/noticias\/author\/vinicius-pereira\/\"}]}<\/script>\n<!-- \/ Yoast SEO plugin. -->","yoast_head_json":{"title":"Exclusivo: IPO pode tirar controle estatal da Saneago","description":"O governo do Estado de Goi\u00e1s pode abrir m\u00e3o do controle total da Saneago ap\u00f3s o IPO (Oferta P\u00fablica de A\u00e7\u00f5es, em ingl\u00eas) da empresa","robots":{"index":"index","follow":"follow","max-snippet":"max-snippet:-1","max-image-preview":"max-image-preview:large","max-video-preview":"max-video-preview:-1"},"canonical":"https:\/\/www.suno.com.br\/noticias\/ipo-tirar-controle-saneago\/","og_locale":"pt_BR","og_type":"article","og_title":"Exclusivo: IPO pode tirar controle estatal da Saneago","og_description":"O governo do Estado de Goi\u00e1s pode abrir m\u00e3o do controle total da Saneago ap\u00f3s o IPO (Oferta P\u00fablica de A\u00e7\u00f5es, em ingl\u00eas) da empresa","og_url":"https:\/\/www.suno.com.br\/noticias\/ipo-tirar-controle-saneago\/","og_site_name":"Suno Not\u00edcias","article_publisher":"https:\/\/facebook.com\/sunoresearch","og_image":[{"width":249,"height":203,"url":"https:\/\/files.sunoresearch.com.br\/n\/uploads\/2019\/10\/a0c53249-saneago.png","type":"image\/png"}],"author":"Vinicius Pereira","twitter_card":"summary_large_image","twitter_creator":"@https:\/\/twitter.com\/viniciuspjornal","twitter_site":"@sunoresearch","twitter_misc":{"Escrito por":"Vinicius Pereira","Est. tempo de leitura":"2 minutos"},"schema":{"@context":"https:\/\/schema.org","@graph":[{"@type":"NewsArticle","@id":"https:\/\/www.suno.com.br\/noticias\/ipo-tirar-controle-saneago\/#article","isPartOf":{"@id":"https:\/\/www.suno.com.br\/noticias\/ipo-tirar-controle-saneago\/"},"author":{"name":"Vinicius Pereira","@id":"https:\/\/www.suno.com.br\/noticias\/#\/schema\/person\/a20761b96e4df7eb57f1f9e41be1dbf3"},"headline":"Exclusivo: IPO pode tirar controle estatal da Saneago","datePublished":"2019-10-16T17:23:06+00:00","mainEntityOfPage":{"@id":"https:\/\/www.suno.com.br\/noticias\/ipo-tirar-controle-saneago\/"},"wordCount":419,"publisher":{"@id":"https:\/\/www.suno.com.br\/noticias\/#organization"},"image":{"@id":"https:\/\/www.suno.com.br\/noticias\/ipo-tirar-controle-saneago\/#primaryimage"},"thumbnailUrl":"https:\/\/files.sunoresearch.com.br\/n\/uploads\/2019\/10\/a0c53249-saneago.png","keywords":["IPO (Oferta Inicial de A\u00e7\u00f5es)"],"articleSection":["Neg\u00f3cios"],"inLanguage":"pt-BR"},{"@type":"WebPage","@id":"https:\/\/www.suno.com.br\/noticias\/ipo-tirar-controle-saneago\/","url":"https:\/\/www.suno.com.br\/noticias\/ipo-tirar-controle-saneago\/","name":"Exclusivo: IPO pode tirar controle estatal da Saneago","isPartOf":{"@id":"https:\/\/www.suno.com.br\/noticias\/#website"},"primaryImageOfPage":{"@id":"https:\/\/www.suno.com.br\/noticias\/ipo-tirar-controle-saneago\/#primaryimage"},"image":{"@id":"https:\/\/www.suno.com.br\/noticias\/ipo-tirar-controle-saneago\/#primaryimage"},"thumbnailUrl":"https:\/\/files.sunoresearch.com.br\/n\/uploads\/2019\/10\/a0c53249-saneago.png","datePublished":"2019-10-16T17:23:06+00:00","description":"O governo do Estado de Goi\u00e1s pode abrir m\u00e3o do controle total da Saneago ap\u00f3s o IPO (Oferta P\u00fablica de A\u00e7\u00f5es, em ingl\u00eas) da empresa","breadcrumb":{"@id":"https:\/\/www.suno.com.br\/noticias\/ipo-tirar-controle-saneago\/#breadcrumb"},"inLanguage":"pt-BR","potentialAction":[{"@type":"ReadAction","target":["https:\/\/www.suno.com.br\/noticias\/ipo-tirar-controle-saneago\/"]}]},{"@type":"ImageObject","inLanguage":"pt-BR","@id":"https:\/\/www.suno.com.br\/noticias\/ipo-tirar-controle-saneago\/#primaryimage","url":"https:\/\/files.sunoresearch.com.br\/n\/uploads\/2019\/10\/a0c53249-saneago.png","contentUrl":"https:\/\/files.sunoresearch.com.br\/n\/uploads\/2019\/10\/a0c53249-saneago.png","width":249,"height":203,"caption":"Exclusivo: IPO da Saneago n\u00e3o deve mais sair em 2020"},{"@type":"BreadcrumbList","@id":"https:\/\/www.suno.com.br\/noticias\/ipo-tirar-controle-saneago\/#breadcrumb","itemListElement":[{"@type":"ListItem","position":1,"name":"Not\u00edcias","item":"https:\/\/www.suno.com.br\/noticias\/"},{"@type":"ListItem","position":2,"name":"Neg\u00f3cios","item":"https:\/\/www.suno.com.br\/noticias\/negocios\/"},{"@type":"ListItem","position":3,"name":"Exclusivo: IPO pode tirar controle estatal da Saneago"}]},{"@type":"WebSite","@id":"https:\/\/www.suno.com.br\/noticias\/#website","url":"https:\/\/www.suno.com.br\/noticias\/","name":"Suno Not\u00edcias","description":"Seu portal de informa\u00e7\u00e3o sobre o mundo dos investimentos","publisher":{"@id":"https:\/\/www.suno.com.br\/noticias\/#organization"},"potentialAction":[{"@type":"SearchAction","target":{"@type":"EntryPoint","urlTemplate":"https:\/\/www.suno.com.br\/noticias\/?s={search_term_string}"},"query-input":{"@type":"PropertyValueSpecification","valueRequired":true,"valueName":"search_term_string"}}],"inLanguage":"pt-BR"},{"@type":"Organization","@id":"https:\/\/www.suno.com.br\/noticias\/#organization","name":"Suno Not\u00edcias","url":"https:\/\/www.suno.com.br\/noticias\/","logo":{"@type":"ImageObject","inLanguage":"pt-BR","@id":"https:\/\/www.suno.com.br\/noticias\/#\/schema\/logo\/image\/","url":"https:\/\/files.sunoresearch.com.br\/n\/uploads\/2021\/09\/suno-logo.png","contentUrl":"https:\/\/files.sunoresearch.com.br\/n\/uploads\/2021\/09\/suno-logo.png","width":180,"height":180,"caption":"Suno Not\u00edcias"},"image":{"@id":"https:\/\/www.suno.com.br\/noticias\/#\/schema\/logo\/image\/"},"sameAs":["https:\/\/facebook.com\/sunoresearch","https:\/\/x.com\/sunoresearch","https:\/\/www.instagram.com\/suno","https:\/\/www.linkedin.com\/company\/suno-research\/","https:\/\/www.youtube.com\/c\/sunoresearch"]},{"@type":"Person","@id":"https:\/\/www.suno.com.br\/noticias\/#\/schema\/person\/a20761b96e4df7eb57f1f9e41be1dbf3","name":"Vinicius Pereira","image":{"@type":"ImageObject","inLanguage":"pt-BR","@id":"https:\/\/www.suno.com.br\/noticias\/#\/schema\/person\/image\/","url":"https:\/\/secure.gravatar.com\/avatar\/783866b933198f5cc4c5d03fcc8b1301?s=96&r=g","contentUrl":"https:\/\/secure.gravatar.com\/avatar\/783866b933198f5cc4c5d03fcc8b1301?s=96&r=g","caption":"Vinicius Pereira"},"description":"Vinicius Pereira foi rep\u00f3rter de economia da Folha de S.Paulo, stringer do jornal no Canad\u00e1 e colaborador de VEJA. J\u00e1 escreveu tamb\u00e9m para BBC Brasil, The Intercept Brasil e UOL. Tem MBA em Informa\u00e7\u00f5es Econ\u00f4mico-Financeiras e Mercado de Capitais pela FIA\/B3.","sameAs":["https:\/\/x.com\/https:\/\/twitter.com\/viniciuspjornal"],"url":"https:\/\/www.suno.com.br\/noticias\/author\/vinicius-pereira\/"}]}},"default_loop_html":"<div class=\"cardsPage__listCard__boxs\"><div class=\"cardsPage__listCard__boxs__img\"><a href=\"https:\/\/www.suno.com.br\/noticias\/ipo-tirar-controle-saneago\/\"><img class=\"mask\" src=\"https:\/\/www.suno.com.br\/noticias\/wp-content\/themes\/suno\/resources\/images\/spotlight\/spotlight1img\/bg-mask.png\" alt=\"Image Mask\"\/><img src=\"https:\/\/files.sunoresearch.com.br\/n\/uploads\/2019\/10\/a0c53249-saneago.png\" alt=\"Exclusivo: IPO pode tirar controle estatal da Saneago\"\/><\/a><span class=\"spotlightCategory\"><a href=\"https:\/\/www.suno.com.br\/noticias\/negocios\/\">Neg\u00f3cios<\/a><\/span><\/div><div class=\"cardsPage__listCard__boxs__content\"><a href=\"https:\/\/www.suno.com.br\/noticias\/ipo-tirar-controle-saneago\/\"><h2 class=\"content__title\">Exclusivo: IPO pode tirar controle estatal da Saneago<\/h2><\/a><div class=\"newsContent__article__meta\"><div class=\"newsContent__article__meta__authorBox\"><a href=\"https:\/\/www.suno.com.br\/noticias\/author\/vinicius-pereira\/\" class=\"authorBox__avatar noMobi\"><img src=\"https:\/\/files.sunoresearch.com.br\/n\/uploads\/2020\/08\/77510613-whatsapp-image-2020-08-03-at-13.40.40-150x150.webp\" alt=\"Vinicius Pereira\"><\/a><div class=\"authorBox__name\"><span>por\n\t\t\t<a href=\"https:\/\/www.suno.com.br\/noticias\/author\/vinicius-pereira\/\"><span itemprop=\"author\">Vinicius Pereira<\/span><\/a><\/span><time datetime=\"2019-10-16T14:23:06-03:00\" itemprop=\"datePublished\">16\/10\/2019 14:23<\/time><\/div><\/div><\/div><\/div><\/div>","single_layout":"posts","amp_enabled":true,"_links":{"self":[{"href":"https:\/\/www.suno.com.br\/noticias\/wp-json\/wp\/v2\/posts\/41174"}],"collection":[{"href":"https:\/\/www.suno.com.br\/noticias\/wp-json\/wp\/v2\/posts"}],"about":[{"href":"https:\/\/www.suno.com.br\/noticias\/wp-json\/wp\/v2\/types\/post"}],"author":[{"embeddable":true,"href":"https:\/\/www.suno.com.br\/noticias\/wp-json\/wp\/v2\/users\/27"}],"replies":[{"embeddable":true,"href":"https:\/\/www.suno.com.br\/noticias\/wp-json\/wp\/v2\/comments?post=41174"}],"version-history":[{"count":0,"href":"https:\/\/www.suno.com.br\/noticias\/wp-json\/wp\/v2\/posts\/41174\/revisions"}],"wp:featuredmedia":[{"embeddable":true,"href":"https:\/\/www.suno.com.br\/noticias\/wp-json\/wp\/v2\/media\/41181"}],"wp:attachment":[{"href":"https:\/\/www.suno.com.br\/noticias\/wp-json\/wp\/v2\/media?parent=41174"}],"wp:term":[{"taxonomy":"category","embeddable":true,"href":"https:\/\/www.suno.com.br\/noticias\/wp-json\/wp\/v2\/categories?post=41174"},{"taxonomy":"post_tag","embeddable":true,"href":"https:\/\/www.suno.com.br\/noticias\/wp-json\/wp\/v2\/tags?post=41174"},{"taxonomy":"suno_strategy","embeddable":true,"href":"https:\/\/www.suno.com.br\/noticias\/wp-json\/wp\/v2\/suno_strategy?post=41174"}],"curies":[{"name":"wp","href":"https:\/\/api.w.org\/{rel}","templated":true}]}}