{"id":4111,"date":"2018-09-19T09:56:57","date_gmt":"2018-09-19T12:56:57","guid":{"rendered":"https:\/\/www.suno.com.br\/noticias\/?p=4111"},"modified":"2018-09-19T09:56:57","modified_gmt":"2018-09-19T12:56:57","slug":"resumo-quarta-politica-negocios","status":"publish","type":"post","link":"https:\/\/www.suno.com.br\/noticias\/resumo-quarta-politica-negocios\/","title":{"rendered":"O que saber nesta quarta-feira em pol\u00edtica e neg\u00f3cios"},"content":{"rendered":"<p>No notici\u00e1rio pol\u00edtico as aten\u00e7\u00f5es se voltam aos dados da \u00faltima pesquisa do Ibope. O levantamento, divulgado ontem no Jornal Nacional, mostra a continua\u00e7\u00e3o da lideran\u00e7a de Jair Bolsonaro (PSL), com 28% das inten\u00e7\u00f5es de voto, e tamb\u00e9m o r\u00e1pido crescimento de Fernando Haddad (PT), que se consolida como o advers\u00e1rio a disputar o segundo turno, com 19%. Na simula\u00e7\u00e3o de segundo turno entre os dois candidatos, ambos aparecem estritamente empatados, com 40% das inten\u00e7\u00f5es de voto cada.<\/p>\t<div class=\"wrapper-featured-image\">\n\t\t<figure class=\"spotlightImg\">\n\n\t\t\t<picture>\n\t\t\t\t<source media=\"(max-width: 768px)\" srcset=\"https:\/\/files.sunoresearch.com.br\/n\/uploads\/2018\/09\/411eadcc-resumo-dia-400x200.webp\">\n\t\t\t\t<img loading=\"lazy\" decoding=\"async\" class=\"newsContent__article__imgCapa lazyloadDisabled newsContent__article__imgCapa--noCaption\" src=\"https:\/\/files.sunoresearch.com.br\/n\/uploads\/2018\/09\/411eadcc-resumo-dia-800x450.webp\" width=\"800\" height=\"450\" alt=\"O que saber nesta quarta-feira em pol\u00edtica e neg\u00f3cios\" fetchpriority=high \/>\n\t\t\t<\/picture>\n\n\t\t\t<figcaption class=\"wp-caption-text wp-caption-text--hide\"><\/figcaption>\n\t\t<\/figure>\n\t<\/div>\n\n\n<p>Aliados de Bolsonaro est\u00e3o trabalhando para criar uma base de centro-direita dentro do partido e costurar alian\u00e7as para o segundo turno. \u00c9 o que informa uma coluna do Correio Braziliense, que afirma que a campanha do candidato, que vem sendo levada por seus filhos enquanto ele est\u00e1 internado no Hospital Albert Einstein, busca figuras como Jo\u00e3o Amo\u00eado (Novo) para contribuir na campanha e, em troca, comp\u00f4r o governo.<\/p>\n<p>A ideia de oferecer um minist\u00e9rio ao candidato em troca de seu endosso eleitoral no segundo turno, no entanto, foi cortada pela raiz, pelo menos a princ\u00edpio, com uma nota de Amo\u00eado. Nela, ele afirma que \u201cjamais esteve ou estar\u00e1 com Bolsonaro\u201d e nega que tenha havido qualquer contato do PSL. \u201cAmo\u00eado n\u00e3o ocupar\u00e1 minist\u00e9rio em nenhum governo. Tamb\u00e9m jamais chamar\u00e1 Bolsonaro para compor o minist\u00e9rio em seu eventual governo\u201d, escreveu tamb\u00e9m.<\/p>\n<p>Paulo Guedes, que ser\u00e1 o Ministro da Fazenda no caso de vit\u00f3ria de Bolsonaro, anunciou sua plataforma tribut\u00e1ria a uma audi\u00eancia restrita, segundo a Folha de S. Paulo. Uma de suas ideias seria a recria\u00e7\u00e3o de um imposto como a CPMF, sobre transa\u00e7\u00f5es financeiras, al\u00e9m de criar uma a\u00edquota \u00fanica do Imposto de Renda para pessoas f\u00edsicas e jur\u00eddicas, de 20%. A mesma taxa seria aplicada para tributar a distribui\u00e7\u00e3o de lucros e dividendos.<\/p>\n<p>Na agenda econ\u00f4mica, aten\u00e7\u00e3o hoje para o an\u00fancio, a partir das 18h, da nova taxa Selic, pelo Copom. A expectativa do mercado \u00e9 de que ela se mantenha em 6,5%.<\/p>\n<p>A ANP (Ag\u00eancia Nacional do Petr\u00f3leo, G\u00e1s Natural e Biocombust\u00edveis) de subs\u00eddios federais para o diesel \u00e0 Petrobras, no valor de R$871,5 milh\u00f5es, ap\u00f3s criticas no mercado por conta do atraso. O subs\u00eddio foi negociado ap\u00f3s a greve dos caminhoneiros. Ainda sobre a Petrobras, a estatal manteve o pre\u00e7o da gasolina inalterado ap\u00f3s revis\u00e3o.<\/p>\n<p>A Eletropaulo concluiu seu aumento de capital no valor de R$1,5 bilh\u00e3o e haver\u00e1 reuni\u00e3o do conselho de administra\u00e7\u00e3o para homolog\u00e1-lo. A Taesa conseguiu licen\u00e7a ambiental pr\u00e9via para instala\u00e7\u00f5es da ERB1. A Sapore e Kinea analisam OPA (oferta p\u00fablica de aquisi\u00e7\u00e3o) pela IMC a R$ 8,50 por a\u00e7\u00e3o, segundo o Valor Econ\u00f4mico. A Embraer entregar\u00e1 tr\u00eas cargueiros KC-390 \u00e0 FAB.<\/p>\n<p>O governo federal espera, dentro dos pr\u00f3ximos 30 dias, definir um modelo para retomar as obras da usina nuclear de Angra 3 e tamb\u00e9m tomar decis\u00f5es sobre a realiza\u00e7\u00e3o de um leil\u00e3o para contratar novas termel\u00e9tricas na regi\u00e3o Nordeste.<\/p>\n","protected":false},"excerpt":{"rendered":"<p>No notici\u00e1rio pol\u00edtico as aten\u00e7\u00f5es se voltam aos dados da \u00faltima pesquisa do Ibope. O levantamento, divulgado ontem no Jornal Nacional, mostra a continua\u00e7\u00e3o da lideran\u00e7a de Jair Bolsonaro (PSL), com 28% das inten\u00e7\u00f5es de voto, e tamb\u00e9m o r\u00e1pido crescimento de Fernando Haddad (PT), que se consolida como o advers\u00e1rio a disputar o segundo [&hellip;]<\/p>\n","protected":false},"author":5,"featured_media":4112,"comment_status":"closed","ping_status":"closed","sticky":false,"template":"","format":"standard","meta":[],"categories":[61],"tags":[697,458,460,507,595],"suno_strategy":[],"class_list":["post-4111","post","type-post","status-publish","format-standard","has-post-thumbnail","hentry","category-politica","tag-eleicoes","tag-eletropaulo-elpl3","tag-embraer-embr3","tag-imc-meal3","tag-petrobras-petr4"],"yoast_head":"<!-- This site is optimized with the Yoast SEO plugin v24.4 - https:\/\/yoast.com\/wordpress\/plugins\/seo\/ -->\n<title>O que saber nesta quarta-feira em pol\u00edtica e neg\u00f3cios<\/title>\n<meta name=\"description\" content=\"Divulga\u00e7\u00e3o dos resultados do Ibope, manobras de Bolsonaro para consolidar alian\u00e7as e nova Selic s\u00e3o destaques. Clique para saber mais.\" \/>\n<meta name=\"robots\" content=\"index, follow, max-snippet:-1, max-image-preview:large, max-video-preview:-1\" \/>\n<link rel=\"canonical\" href=\"https:\/\/www.suno.com.br\/noticias\/resumo-quarta-politica-negocios\/\" \/>\n<meta property=\"og:locale\" content=\"pt_BR\" \/>\n<meta property=\"og:type\" content=\"article\" \/>\n<meta property=\"og:title\" content=\"O que saber nesta quarta-feira em pol\u00edtica e neg\u00f3cios\" \/>\n<meta property=\"og:description\" content=\"Divulga\u00e7\u00e3o dos resultados do Ibope, manobras de Bolsonaro para consolidar alian\u00e7as e nova Selic s\u00e3o destaques. Clique para saber mais.\" \/>\n<meta property=\"og:url\" content=\"https:\/\/www.suno.com.br\/noticias\/resumo-quarta-politica-negocios\/\" \/>\n<meta property=\"og:site_name\" content=\"Suno Not\u00edcias\" \/>\n<meta property=\"article:publisher\" content=\"https:\/\/facebook.com\/sunoresearch\" \/>\n<meta property=\"article:author\" content=\"https:\/\/www.linkedin.com\/in\/daniel-quandt-a49985110\/\" \/>\n<meta property=\"og:image\" content=\"https:\/\/files.sunoresearch.com.br\/n\/uploads\/2018\/09\/411eadcc-resumo-dia.jpg\" \/>\n\t<meta property=\"og:image:width\" content=\"1920\" \/>\n\t<meta property=\"og:image:height\" content=\"1207\" \/>\n\t<meta property=\"og:image:type\" content=\"image\/jpeg\" \/>\n<meta name=\"author\" content=\"Daniel Quandt\" \/>\n<meta name=\"twitter:card\" content=\"summary_large_image\" \/>\n<meta name=\"twitter:creator\" content=\"@sunoresearch\" \/>\n<meta name=\"twitter:site\" content=\"@sunoresearch\" \/>\n<meta name=\"twitter:label1\" content=\"Escrito por\" \/>\n\t<meta name=\"twitter:data1\" content=\"Daniel Quandt\" \/>\n\t<meta name=\"twitter:label2\" content=\"Est. tempo de leitura\" \/>\n\t<meta name=\"twitter:data2\" content=\"3 minutos\" \/>\n<script type=\"application\/ld+json\" class=\"yoast-schema-graph\">{\"@context\":\"https:\/\/schema.org\",\"@graph\":[{\"@type\":\"NewsArticle\",\"@id\":\"https:\/\/www.suno.com.br\/noticias\/resumo-quarta-politica-negocios\/#article\",\"isPartOf\":{\"@id\":\"https:\/\/www.suno.com.br\/noticias\/resumo-quarta-politica-negocios\/\"},\"author\":{\"name\":\"Daniel Quandt\",\"@id\":\"https:\/\/www.suno.com.br\/noticias\/#\/schema\/person\/eca2bab82984722db00d1e6facd8bb26\"},\"headline\":\"O que saber nesta quarta-feira em pol\u00edtica e neg\u00f3cios\",\"datePublished\":\"2018-09-19T12:56:57+00:00\",\"mainEntityOfPage\":{\"@id\":\"https:\/\/www.suno.com.br\/noticias\/resumo-quarta-politica-negocios\/\"},\"wordCount\":543,\"publisher\":{\"@id\":\"https:\/\/www.suno.com.br\/noticias\/#organization\"},\"image\":{\"@id\":\"https:\/\/www.suno.com.br\/noticias\/resumo-quarta-politica-negocios\/#primaryimage\"},\"thumbnailUrl\":\"https:\/\/files.sunoresearch.com.br\/n\/uploads\/2018\/09\/411eadcc-resumo-dia-jpg.webp\",\"keywords\":[\"Elei\u00e7\u00f5es\",\"Eletropaulo (ELPL3)\",\"Embraer (EMBR3)\",\"IMC (MEAL3)\",\"Petrobras (PETR4)\"],\"articleSection\":[\"Pol\u00edtica\"],\"inLanguage\":\"pt-BR\"},{\"@type\":\"WebPage\",\"@id\":\"https:\/\/www.suno.com.br\/noticias\/resumo-quarta-politica-negocios\/\",\"url\":\"https:\/\/www.suno.com.br\/noticias\/resumo-quarta-politica-negocios\/\",\"name\":\"O que saber nesta quarta-feira em pol\u00edtica e neg\u00f3cios\",\"isPartOf\":{\"@id\":\"https:\/\/www.suno.com.br\/noticias\/#website\"},\"primaryImageOfPage\":{\"@id\":\"https:\/\/www.suno.com.br\/noticias\/resumo-quarta-politica-negocios\/#primaryimage\"},\"image\":{\"@id\":\"https:\/\/www.suno.com.br\/noticias\/resumo-quarta-politica-negocios\/#primaryimage\"},\"thumbnailUrl\":\"https:\/\/files.sunoresearch.com.br\/n\/uploads\/2018\/09\/411eadcc-resumo-dia-jpg.webp\",\"datePublished\":\"2018-09-19T12:56:57+00:00\",\"description\":\"Divulga\u00e7\u00e3o dos resultados do Ibope, manobras de Bolsonaro para consolidar alian\u00e7as e nova Selic s\u00e3o destaques. Clique para saber mais.\",\"breadcrumb\":{\"@id\":\"https:\/\/www.suno.com.br\/noticias\/resumo-quarta-politica-negocios\/#breadcrumb\"},\"inLanguage\":\"pt-BR\",\"potentialAction\":[{\"@type\":\"ReadAction\",\"target\":[\"https:\/\/www.suno.com.br\/noticias\/resumo-quarta-politica-negocios\/\"]}]},{\"@type\":\"ImageObject\",\"inLanguage\":\"pt-BR\",\"@id\":\"https:\/\/www.suno.com.br\/noticias\/resumo-quarta-politica-negocios\/#primaryimage\",\"url\":\"https:\/\/files.sunoresearch.com.br\/n\/uploads\/2018\/09\/411eadcc-resumo-dia-jpg.webp\",\"contentUrl\":\"https:\/\/files.sunoresearch.com.br\/n\/uploads\/2018\/09\/411eadcc-resumo-dia-jpg.webp\",\"width\":1920,\"height\":1207},{\"@type\":\"BreadcrumbList\",\"@id\":\"https:\/\/www.suno.com.br\/noticias\/resumo-quarta-politica-negocios\/#breadcrumb\",\"itemListElement\":[{\"@type\":\"ListItem\",\"position\":1,\"name\":\"Not\u00edcias\",\"item\":\"https:\/\/www.suno.com.br\/noticias\/\"},{\"@type\":\"ListItem\",\"position\":2,\"name\":\"Pol\u00edtica\",\"item\":\"https:\/\/www.suno.com.br\/noticias\/politica\/\"},{\"@type\":\"ListItem\",\"position\":3,\"name\":\"O que saber nesta quarta-feira em pol\u00edtica e neg\u00f3cios\"}]},{\"@type\":\"WebSite\",\"@id\":\"https:\/\/www.suno.com.br\/noticias\/#website\",\"url\":\"https:\/\/www.suno.com.br\/noticias\/\",\"name\":\"Suno Not\u00edcias\",\"description\":\"Seu portal de informa\u00e7\u00e3o sobre o mundo dos investimentos\",\"publisher\":{\"@id\":\"https:\/\/www.suno.com.br\/noticias\/#organization\"},\"potentialAction\":[{\"@type\":\"SearchAction\",\"target\":{\"@type\":\"EntryPoint\",\"urlTemplate\":\"https:\/\/www.suno.com.br\/noticias\/?s={search_term_string}\"},\"query-input\":{\"@type\":\"PropertyValueSpecification\",\"valueRequired\":true,\"valueName\":\"search_term_string\"}}],\"inLanguage\":\"pt-BR\"},{\"@type\":\"Organization\",\"@id\":\"https:\/\/www.suno.com.br\/noticias\/#organization\",\"name\":\"Suno Not\u00edcias\",\"url\":\"https:\/\/www.suno.com.br\/noticias\/\",\"logo\":{\"@type\":\"ImageObject\",\"inLanguage\":\"pt-BR\",\"@id\":\"https:\/\/www.suno.com.br\/noticias\/#\/schema\/logo\/image\/\",\"url\":\"https:\/\/files.sunoresearch.com.br\/n\/uploads\/2021\/09\/suno-logo.png\",\"contentUrl\":\"https:\/\/files.sunoresearch.com.br\/n\/uploads\/2021\/09\/suno-logo.png\",\"width\":180,\"height\":180,\"caption\":\"Suno Not\u00edcias\"},\"image\":{\"@id\":\"https:\/\/www.suno.com.br\/noticias\/#\/schema\/logo\/image\/\"},\"sameAs\":[\"https:\/\/facebook.com\/sunoresearch\",\"https:\/\/x.com\/sunoresearch\",\"https:\/\/www.instagram.com\/suno\",\"https:\/\/www.linkedin.com\/company\/suno-research\/\",\"https:\/\/www.youtube.com\/c\/sunoresearch\"]},{\"@type\":\"Person\",\"@id\":\"https:\/\/www.suno.com.br\/noticias\/#\/schema\/person\/eca2bab82984722db00d1e6facd8bb26\",\"name\":\"Daniel Quandt\",\"image\":{\"@type\":\"ImageObject\",\"inLanguage\":\"pt-BR\",\"@id\":\"https:\/\/www.suno.com.br\/noticias\/#\/schema\/person\/image\/\",\"url\":\"https:\/\/secure.gravatar.com\/avatar\/5faf4378f9fbf4557a5836a88d66f99a?s=96&r=g\",\"contentUrl\":\"https:\/\/secure.gravatar.com\/avatar\/5faf4378f9fbf4557a5836a88d66f99a?s=96&r=g\",\"caption\":\"Daniel Quandt\"},\"description\":\"Aluno da Universidade de S\u00e3o Paulo, Daniel Quandt escreve sobre economia, mercado financeiro e pol\u00edtica no portal da Suno Research. J\u00e1 passou pela Ag\u00eancia USP de Inova\u00e7\u00e3o e pela startup de v\u00eddeo em blockchain Paratii, desenvolvendo seu conhecimento da aplica\u00e7\u00e3o de tecnologia de ponta ao mercado.\",\"sameAs\":[\"https:\/\/www.suno.com.br\/\",\"https:\/\/www.linkedin.com\/in\/daniel-quandt-a49985110\/\"],\"url\":\"https:\/\/www.suno.com.br\/noticias\/author\/daniel-quandt\/\"}]}<\/script>\n<!-- \/ Yoast SEO plugin. -->","yoast_head_json":{"title":"O que saber nesta quarta-feira em pol\u00edtica e neg\u00f3cios","description":"Divulga\u00e7\u00e3o dos resultados do Ibope, manobras de Bolsonaro para consolidar alian\u00e7as e nova Selic s\u00e3o destaques. Clique para saber mais.","robots":{"index":"index","follow":"follow","max-snippet":"max-snippet:-1","max-image-preview":"max-image-preview:large","max-video-preview":"max-video-preview:-1"},"canonical":"https:\/\/www.suno.com.br\/noticias\/resumo-quarta-politica-negocios\/","og_locale":"pt_BR","og_type":"article","og_title":"O que saber nesta quarta-feira em pol\u00edtica e neg\u00f3cios","og_description":"Divulga\u00e7\u00e3o dos resultados do Ibope, manobras de Bolsonaro para consolidar alian\u00e7as e nova Selic s\u00e3o destaques. Clique para saber mais.","og_url":"https:\/\/www.suno.com.br\/noticias\/resumo-quarta-politica-negocios\/","og_site_name":"Suno Not\u00edcias","article_publisher":"https:\/\/facebook.com\/sunoresearch","article_author":"https:\/\/www.linkedin.com\/in\/daniel-quandt-a49985110\/","og_image":[{"width":1920,"height":1207,"url":"https:\/\/files.sunoresearch.com.br\/n\/uploads\/2018\/09\/411eadcc-resumo-dia.jpg","type":"image\/jpeg"}],"author":"Daniel Quandt","twitter_card":"summary_large_image","twitter_creator":"@sunoresearch","twitter_site":"@sunoresearch","twitter_misc":{"Escrito por":"Daniel Quandt","Est. tempo de leitura":"3 minutos"},"schema":{"@context":"https:\/\/schema.org","@graph":[{"@type":"NewsArticle","@id":"https:\/\/www.suno.com.br\/noticias\/resumo-quarta-politica-negocios\/#article","isPartOf":{"@id":"https:\/\/www.suno.com.br\/noticias\/resumo-quarta-politica-negocios\/"},"author":{"name":"Daniel Quandt","@id":"https:\/\/www.suno.com.br\/noticias\/#\/schema\/person\/eca2bab82984722db00d1e6facd8bb26"},"headline":"O que saber nesta quarta-feira em pol\u00edtica e neg\u00f3cios","datePublished":"2018-09-19T12:56:57+00:00","mainEntityOfPage":{"@id":"https:\/\/www.suno.com.br\/noticias\/resumo-quarta-politica-negocios\/"},"wordCount":543,"publisher":{"@id":"https:\/\/www.suno.com.br\/noticias\/#organization"},"image":{"@id":"https:\/\/www.suno.com.br\/noticias\/resumo-quarta-politica-negocios\/#primaryimage"},"thumbnailUrl":"https:\/\/files.sunoresearch.com.br\/n\/uploads\/2018\/09\/411eadcc-resumo-dia-jpg.webp","keywords":["Elei\u00e7\u00f5es","Eletropaulo (ELPL3)","Embraer (EMBR3)","IMC (MEAL3)","Petrobras (PETR4)"],"articleSection":["Pol\u00edtica"],"inLanguage":"pt-BR"},{"@type":"WebPage","@id":"https:\/\/www.suno.com.br\/noticias\/resumo-quarta-politica-negocios\/","url":"https:\/\/www.suno.com.br\/noticias\/resumo-quarta-politica-negocios\/","name":"O que saber nesta quarta-feira em pol\u00edtica e neg\u00f3cios","isPartOf":{"@id":"https:\/\/www.suno.com.br\/noticias\/#website"},"primaryImageOfPage":{"@id":"https:\/\/www.suno.com.br\/noticias\/resumo-quarta-politica-negocios\/#primaryimage"},"image":{"@id":"https:\/\/www.suno.com.br\/noticias\/resumo-quarta-politica-negocios\/#primaryimage"},"thumbnailUrl":"https:\/\/files.sunoresearch.com.br\/n\/uploads\/2018\/09\/411eadcc-resumo-dia-jpg.webp","datePublished":"2018-09-19T12:56:57+00:00","description":"Divulga\u00e7\u00e3o dos resultados do Ibope, manobras de Bolsonaro para consolidar alian\u00e7as e nova Selic s\u00e3o destaques. Clique para saber mais.","breadcrumb":{"@id":"https:\/\/www.suno.com.br\/noticias\/resumo-quarta-politica-negocios\/#breadcrumb"},"inLanguage":"pt-BR","potentialAction":[{"@type":"ReadAction","target":["https:\/\/www.suno.com.br\/noticias\/resumo-quarta-politica-negocios\/"]}]},{"@type":"ImageObject","inLanguage":"pt-BR","@id":"https:\/\/www.suno.com.br\/noticias\/resumo-quarta-politica-negocios\/#primaryimage","url":"https:\/\/files.sunoresearch.com.br\/n\/uploads\/2018\/09\/411eadcc-resumo-dia-jpg.webp","contentUrl":"https:\/\/files.sunoresearch.com.br\/n\/uploads\/2018\/09\/411eadcc-resumo-dia-jpg.webp","width":1920,"height":1207},{"@type":"BreadcrumbList","@id":"https:\/\/www.suno.com.br\/noticias\/resumo-quarta-politica-negocios\/#breadcrumb","itemListElement":[{"@type":"ListItem","position":1,"name":"Not\u00edcias","item":"https:\/\/www.suno.com.br\/noticias\/"},{"@type":"ListItem","position":2,"name":"Pol\u00edtica","item":"https:\/\/www.suno.com.br\/noticias\/politica\/"},{"@type":"ListItem","position":3,"name":"O que saber nesta quarta-feira em pol\u00edtica e neg\u00f3cios"}]},{"@type":"WebSite","@id":"https:\/\/www.suno.com.br\/noticias\/#website","url":"https:\/\/www.suno.com.br\/noticias\/","name":"Suno Not\u00edcias","description":"Seu portal de informa\u00e7\u00e3o sobre o mundo dos investimentos","publisher":{"@id":"https:\/\/www.suno.com.br\/noticias\/#organization"},"potentialAction":[{"@type":"SearchAction","target":{"@type":"EntryPoint","urlTemplate":"https:\/\/www.suno.com.br\/noticias\/?s={search_term_string}"},"query-input":{"@type":"PropertyValueSpecification","valueRequired":true,"valueName":"search_term_string"}}],"inLanguage":"pt-BR"},{"@type":"Organization","@id":"https:\/\/www.suno.com.br\/noticias\/#organization","name":"Suno Not\u00edcias","url":"https:\/\/www.suno.com.br\/noticias\/","logo":{"@type":"ImageObject","inLanguage":"pt-BR","@id":"https:\/\/www.suno.com.br\/noticias\/#\/schema\/logo\/image\/","url":"https:\/\/files.sunoresearch.com.br\/n\/uploads\/2021\/09\/suno-logo.png","contentUrl":"https:\/\/files.sunoresearch.com.br\/n\/uploads\/2021\/09\/suno-logo.png","width":180,"height":180,"caption":"Suno Not\u00edcias"},"image":{"@id":"https:\/\/www.suno.com.br\/noticias\/#\/schema\/logo\/image\/"},"sameAs":["https:\/\/facebook.com\/sunoresearch","https:\/\/x.com\/sunoresearch","https:\/\/www.instagram.com\/suno","https:\/\/www.linkedin.com\/company\/suno-research\/","https:\/\/www.youtube.com\/c\/sunoresearch"]},{"@type":"Person","@id":"https:\/\/www.suno.com.br\/noticias\/#\/schema\/person\/eca2bab82984722db00d1e6facd8bb26","name":"Daniel Quandt","image":{"@type":"ImageObject","inLanguage":"pt-BR","@id":"https:\/\/www.suno.com.br\/noticias\/#\/schema\/person\/image\/","url":"https:\/\/secure.gravatar.com\/avatar\/5faf4378f9fbf4557a5836a88d66f99a?s=96&r=g","contentUrl":"https:\/\/secure.gravatar.com\/avatar\/5faf4378f9fbf4557a5836a88d66f99a?s=96&r=g","caption":"Daniel Quandt"},"description":"Aluno da Universidade de S\u00e3o Paulo, Daniel Quandt escreve sobre economia, mercado financeiro e pol\u00edtica no portal da Suno Research. J\u00e1 passou pela Ag\u00eancia USP de Inova\u00e7\u00e3o e pela startup de v\u00eddeo em blockchain Paratii, desenvolvendo seu conhecimento da aplica\u00e7\u00e3o de tecnologia de ponta ao mercado.","sameAs":["https:\/\/www.suno.com.br\/","https:\/\/www.linkedin.com\/in\/daniel-quandt-a49985110\/"],"url":"https:\/\/www.suno.com.br\/noticias\/author\/daniel-quandt\/"}]}},"default_loop_html":"<div class=\"cardsPage__listCard__boxs\"><div class=\"cardsPage__listCard__boxs__img\"><a href=\"https:\/\/www.suno.com.br\/noticias\/resumo-quarta-politica-negocios\/\"><img class=\"mask\" src=\"https:\/\/www.suno.com.br\/noticias\/wp-content\/themes\/suno\/resources\/images\/spotlight\/spotlight1img\/bg-mask.png\" alt=\"Image Mask\"\/><img src=\"https:\/\/files.sunoresearch.com.br\/n\/uploads\/2018\/09\/411eadcc-resumo-dia-400x200.webp\" alt=\"O que saber nesta quarta-feira em pol\u00edtica e neg\u00f3cios\"\/><\/a><span class=\"spotlightCategory\"><a href=\"https:\/\/www.suno.com.br\/noticias\/politica\/\">Pol\u00edtica<\/a><\/span><\/div><div class=\"cardsPage__listCard__boxs__content\"><a href=\"https:\/\/www.suno.com.br\/noticias\/resumo-quarta-politica-negocios\/\"><h2 class=\"content__title\">O que saber nesta quarta-feira em pol\u00edtica e neg\u00f3cios<\/h2><\/a><div class=\"newsContent__article__meta\"><div class=\"newsContent__article__meta__authorBox\"><a href=\"https:\/\/www.suno.com.br\/noticias\/author\/daniel-quandt\/\" class=\"authorBox__avatar noMobi\"><img src=\"https:\/\/secure.gravatar.com\/avatar\/5faf4378f9fbf4557a5836a88d66f99a?s=96&#038;r=g\" alt=\"Daniel Quandt\"><\/a><div class=\"authorBox__name\"><span>por\n\t\t\t<a href=\"https:\/\/www.suno.com.br\/noticias\/author\/daniel-quandt\/\"><span itemprop=\"author\">Daniel Quandt<\/span><\/a><\/span><time datetime=\"2018-09-19T09:56:57-03:00\" itemprop=\"datePublished\">19\/09\/2018 09:56<\/time><\/div><\/div><\/div><\/div><\/div>","single_layout":"posts","amp_enabled":true,"_links":{"self":[{"href":"https:\/\/www.suno.com.br\/noticias\/wp-json\/wp\/v2\/posts\/4111"}],"collection":[{"href":"https:\/\/www.suno.com.br\/noticias\/wp-json\/wp\/v2\/posts"}],"about":[{"href":"https:\/\/www.suno.com.br\/noticias\/wp-json\/wp\/v2\/types\/post"}],"author":[{"embeddable":true,"href":"https:\/\/www.suno.com.br\/noticias\/wp-json\/wp\/v2\/users\/5"}],"replies":[{"embeddable":true,"href":"https:\/\/www.suno.com.br\/noticias\/wp-json\/wp\/v2\/comments?post=4111"}],"version-history":[{"count":0,"href":"https:\/\/www.suno.com.br\/noticias\/wp-json\/wp\/v2\/posts\/4111\/revisions"}],"wp:featuredmedia":[{"embeddable":true,"href":"https:\/\/www.suno.com.br\/noticias\/wp-json\/wp\/v2\/media\/4112"}],"wp:attachment":[{"href":"https:\/\/www.suno.com.br\/noticias\/wp-json\/wp\/v2\/media?parent=4111"}],"wp:term":[{"taxonomy":"category","embeddable":true,"href":"https:\/\/www.suno.com.br\/noticias\/wp-json\/wp\/v2\/categories?post=4111"},{"taxonomy":"post_tag","embeddable":true,"href":"https:\/\/www.suno.com.br\/noticias\/wp-json\/wp\/v2\/tags?post=4111"},{"taxonomy":"suno_strategy","embeddable":true,"href":"https:\/\/www.suno.com.br\/noticias\/wp-json\/wp\/v2\/suno_strategy?post=4111"}],"curies":[{"name":"wp","href":"https:\/\/api.w.org\/{rel}","templated":true}]}}