{"id":410947,"date":"2023-05-31T08:33:02","date_gmt":"2023-05-31T11:33:02","guid":{"rendered":"https:\/\/www.suno.com.br\/noticias\/?p=410947"},"modified":"2023-05-31T08:33:08","modified_gmt":"2023-05-31T11:33:08","slug":"acionistas-minoritarios-eletrobras-elet3-conselho-cvm","status":"publish","type":"post","link":"https:\/\/www.suno.com.br\/noticias\/acionistas-minoritarios-eletrobras-elet3-conselho-cvm\/","title":{"rendered":"Minorit\u00e1rios da Eletrobras (ELET3) questionam &#8216;dan\u00e7a das cadeiras&#8217; na CVM"},"content":{"rendered":"<p>Reunidos em uma entidade de funcion\u00e1rios, um grupo de acionistas minorit\u00e1rios da <a class=\"suno-keyword\" data-force=\"yes\" data-priority=\"2\" href=\"https:\/\/www.suno.com.br\/acoes\/ELET3\/\" target=\"_blank\" rel=\"noopener\"><strong>Eletrobras <\/strong>(ELET3)<\/a> protocolou um questionamento acerca de uma negocia\u00e7\u00e3o que aumentaria o n\u00famero de assentos da Uni\u00e3o no <a class=\"suno-keyword\" data-force=\"no\" data-priority=\"1\" href=\"https:\/\/www.suno.com.br\/artigos\/conselho-administracao\/\" target=\"_blank\" rel=\"noopener\">Conselho de Administra\u00e7\u00e3o<\/a> da empresa sem comunicar ao mercado.<\/p><div class=\"videoFull \">\n\t\t\t<div class=\"videoWrapper yt-lazyload center\"\n\t\t\t\tdata-width=\"960\"\n\t\t\t\tdata-height=\"540\"\n\t\t\t\tdata-id=\"v10sNC7CXrc\"\n\t\t\t\tdata-alt=\"V\u00eddeo do YouTube - clique para reproduzir\"\n\t\t\t\tdata-logo=\"3\"\n\t\t\t\tdata-imagequality=\"maxres\">\n\t\t\t<\/div>\n\t\t<\/div><script type=\"application\/ld+json\">{\"@context\":\"https:\/\/schema.org\",\"@type\":\"VideoObject\",\"name\":\"Desconto em carros, arcabou\u00e7o, infla\u00e7\u00e3o, crise nos EUA: como est\u00e1 a economia sob Lula? | Raio-X\",\"description\":\"#economia #autom\u00f3veis #lula #arcabou\u00e7ofiscal #ipca #infla\u00e7\u00e3o #selic #juros #estadosunidos #mercadofinanceiro #investimentos #bolsadevalores #ibovespa #d\u00f3lar #raiox Nesta edi\u00e7\u00e3o do quadro Raio-X, o economista-chefe da MB Associados, Sergio Vale, avalia medidas econ\u00f4micas do governo Lula (PT) como o arcabou\u00e7o fiscal e an\u00fancio de redu\u00e7\u00e3o de tributos federais para baratear a compra de ve\u00edculos zero quil\u00f4metro. Al\u00e9m disso,\u2026\",\"duration\":\"PT19M13S\",\"embedUrl\":\"https:\/\/www.youtube.com\/embed\/v10sNC7CXrc\",\"regionsAllowed\":\"pt-BR\",\"interactionStatistic\":{\"@type\":\"InteractionCounter\",\"interactionType\":{\"@type\":\"WatchAction\"},\"userInteractionCount\":2083},\"thumbnailUrl\":\"https:\/\/i.ytimg.com\/vi\/v10sNC7CXrc\/default.jpg\",\"uploadDate\":\"2023-05-28T11:00:10Z\"}<\/script>\n\n\n\n\n\t<p>\n\t\t<a href=\"https:\/\/lp.suno.com.br\/planilha-da-vida-financeira\/\" target=\"_blank\" data-element=\"shortcode-suno-banner\" title=\"Banner SUNO, clique e saiba mais\">\n\t\t\t<picture>\n\t\t\t\t<source media=\"(max-width: 500px)\" srcset=\"https:\/\/files.sunoresearch.com.br\/n\/uploads\/2023\/04\/400x300-Planilha-vida-financeira-true.png\">\n\t\t\t\t<img class=\"newsContent__article__imgCapa newsContent__article__imgCapa--banner\"\n\t\t\t\t\tsrc=\"https:\/\/files.sunoresearch.com.br\/n\/uploads\/2023\/04\/1420x240-Planilha-vida-financeira-true.png\"\n\t\t\t\t\tdata-promo-id=\"106682\"\t\t\t\t\t\t\t\t\t\twidth='1420' height='240'\t\t\t\t\talt=\"https:\/\/files.sunoresearch.com.br\/n\/uploads\/2023\/04\/1420x240-Planilha-vida-financeira-true.png\"\n\t\t\t\t>\n\t\t\t<\/picture>\n\t\t<\/a>\n\t<\/p>\n\n\n\n\n\n\n\n<p>O questionamento forma foi protocolado pelos <strong>minorit\u00e1rios da Eletrobras<\/strong> na Comiss\u00e3o de Valores Mobili\u00e1rios (CVM).<\/p>\n\n\n\n<p>\u201cComo acionistas exigimos explica\u00e7\u00f5es imediatas, uma vez que qualquer movimenta\u00e7\u00e3o no conselho de administra\u00e7\u00e3o da companhia deve ser discutida no f\u00f3rum adequado, ou seja, na assembleia de acionistas\u201d, diz a entidade.<\/p>\n\n\n\n<p>O diretor da Associa\u00e7\u00e3o dos Empregados de Furnas (ASEF), Felipe Ferreira de Ara\u00fajo, disse que o governo negocia quatro cadeiras, e o comando tamb\u00e9m avalia uma amplia\u00e7\u00e3o do n\u00famero de cadeiras para a Uni\u00e3o.<\/p>\n\n\n\n<p>Atualmente o aumento de participa\u00e7\u00e3o do governo na base acion\u00e1ria da empresa, que era estatal, \u00e9 analisado pelo <a href=\"https:\/\/portal.stf.jus.br\/\" target=\"_blank\" rel=\"noreferrer noopener\">Supremo Tribunal Federal (STF)<\/a> em a\u00e7\u00e3o direta de inconstitucionalidade (ADI) protocolada pela Advocacia Geral da Uni\u00e3o (AGU) em 5 de maio.<\/p>\n\n\n\n<h2 class=\"wp-block-heading\">Eletrobras rebateu &#8216;tentativa de reestatiza\u00e7\u00e3o&#8217; do Governo<\/h2>\n\n\n\n<p>A companhia, por meio de <a class=\"suno-keyword\" data-force=\"no\" data-priority=\"1\" href=\"https:\/\/www.suno.com.br\/artigos\/fato-relevante\/\" target=\"_blank\" rel=\"noopener\">fato relevante<\/a>, defendeu que seu processo de privatiza\u00e7\u00e3o ocorreu de forma totalmente legal e seguindo o tr\u00e2mite previsto. <\/p>\n\n\n\n<p>O comunicado se deu logo ap\u00f3s uma s\u00e9ries de questionamentos, na justi\u00e7a e em declara\u00e7\u00f5es do presidente Luiz In\u00e1cio <a href=\"https:\/\/www.suno.com.br\/noticias\/lula-contra-privatizacao-eletrobras-elet3\/\" target=\"_blank\" rel=\"noreferrer noopener\">Lula da Silva (PT)<\/a>, acerca da legitimidade da privatiza\u00e7\u00e3o da empresa.<\/p>\n\n\n\t<p>\n\t\t<a href=\"https:\/\/lp.suno.com.br\/ebook-como-analisar-uma-acao\/\" target=\"_blank\" data-element=\"shortcode-suno-banner\" title=\"Banner SUNO, clique e saiba mais\">\n\t\t\t<picture>\n\t\t\t\t<source media=\"(max-width: 500px)\" srcset=\"https:\/\/files.sunoresearch.com.br\/n\/uploads\/2023\/03\/Ebook-Acoes-Mobile.jpg\">\n\t\t\t\t<img class=\"newsContent__article__imgCapa newsContent__article__imgCapa--banner\"\n\t\t\t\t\tsrc=\"https:\/\/files.sunoresearch.com.br\/n\/uploads\/2023\/03\/Ebook-Acoes-Desktop.jpg\"\n\t\t\t\t\tdata-promo-id=\"378302\"\t\t\t\t\t\t\t\t\t\twidth='1420' height='286'\t\t\t\t\talt=\"https:\/\/files.sunoresearch.com.br\/n\/uploads\/2023\/03\/Ebook-Acoes-Desktop.jpg\"\n\t\t\t\t>\n\t\t\t<\/picture>\n\t\t<\/a>\n\t<\/p>\n\n\n\n\n\n<p>Em documento divulgado no in\u00edcio de maio, a companhia oficializou que tomou conhecimento da <strong>A\u00e7\u00e3o Direta de Inconstitucionalidade (ADI)<\/strong> por meio de publica\u00e7\u00e3o da Advocacia Geral da Uni\u00e3o (AGU). Assim, a Eletrobras destaca que &#8216;avaliar\u00e1 eventuais medidas&#8217; para manuten\u00e7\u00e3o de um <strong>ambiente confi\u00e1vel para investimentos na empresa e com seguran\u00e7a jur\u00eddica<\/strong>.<\/p>\n\n\n\n<p>Na ocasi\u00e3o, a el\u00e9trica reafirmou que todo o tr\u00e2mite respeitou a <strong>Constitui\u00e7\u00e3o <\/strong>Federal e o regramento atual, tendo condu\u00e7\u00e3o do <a class=\"suno-keyword\" data-force=\"no\" data-priority=\"2\" href=\"https:\/\/www.suno.com.br\/artigos\/bndes\/\" target=\"_blank\" rel=\"noopener\">Banco Nacional de Desenvolvimento Econ\u00f4mico e Social (BNDES)<\/a>, al\u00e9m do amplo debate no parlamento e a valida\u00e7\u00e3o do Tribunal de Contas da Uni\u00e3o (TCU).<\/p>\n\n\n\n<p>&#8220;\u00c0 \u00e9poca, inclusive, foram ajuizadas quatro outras ADI [A\u00e7\u00f5es Diretas de Inconstitucionalidade] questionando a mesma Lei n\u00ba 14.182\/2021, nas quais n\u00e3o houve concess\u00e3o de decis\u00e3o liminar que de qualquer modo impactasse a consuma\u00e7\u00e3o do processo de desestatiza\u00e7\u00e3o&#8221;, diz a companhia, em seu <a class=\"suno-keyword\" target=\"_blank\" data-force=\"no\" data-priority=\"1\" href=\"https:\/\/www.suno.com.br\/artigos\/fato-relevante\/\" rel=\"noopener\">fato relevante<\/a>.<\/p>\n\n\n\n<p>Al\u00e9m disso, a companhia reiterou, no comunicado, que o Governo Federal recebeu um montante de R$ 26,7 bilh\u00f5es em b\u00f4nus de outorga com o processo de <strong>privatiza\u00e7\u00e3o da Eletrobras<\/strong>.<\/p>\n\n\n\n<p>&#8220;Al\u00e9m da <strong>Eletrobras <\/strong>j\u00e1 ter efetuado o pagamento de determinadas parcelas das obriga\u00e7\u00f5es da CDE e Fundos Regionais, que juntos totalizam cerca de RS 6,8 Bilh\u00f5es revertidos, at\u00e9 o momento, em favor do governo federal e da sociedade. Al\u00e9m desses pagamentos, a Eletrobras contabilizou em junho de 2022, um saldo total a pagar referente a outorga e as obriga\u00e7\u00f5es de cerca de R$ 40,4 Bilh\u00f5es, que ser\u00e3o atualizadas conforme previsto na legisla\u00e7\u00e3o&#8221;, diz a companhia.<\/p>\n\n\n\t<p>\n\t\t<a href=\"https:\/\/lp.suno.com.br\/suno-one\/?utm_campaign=_SNC6964518A_\" target=\"_blank\" data-element=\"shortcode-suno-banner\" title=\"Banner SUNO, clique e saiba mais\">\n\t\t\t<picture>\n\t\t\t\t<source media=\"(max-width: 500px)\" srcset=\"https:\/\/files.sunoresearch.com.br\/n\/uploads\/2025\/09\/400x300-Suno-One-png.webp\">\n\t\t\t\t<img class=\"newsContent__article__imgCapa newsContent__article__imgCapa--banner\"\n\t\t\t\t\tsrc=\"https:\/\/files.sunoresearch.com.br\/n\/uploads\/2025\/09\/1420x240-Suno-One-png.webp\"\n\t\t\t\t\tdata-promo-id=\"383121\"\t\t\t\t\t\t\t\t\t\twidth='1420' height='240'\t\t\t\t\talt=\"https:\/\/files.sunoresearch.com.br\/n\/uploads\/2025\/09\/1420x240-Suno-One-png.webp\"\n\t\t\t\t>\n\t\t\t<\/picture>\n\t\t<\/a>\n\t<\/p>\n\n\n","protected":false},"excerpt":{"rendered":"<p>Reunidos em uma entidade de funcion\u00e1rios, um grupo de acionistas minorit\u00e1rios da Eletrobras (ELET3) protocolou um questionamento acerca de uma negocia\u00e7\u00e3o que aumentaria o n\u00famero de assentos da Uni\u00e3o no Conselho de Administra\u00e7\u00e3o da empresa sem comunicar ao mercado. O questionamento forma foi protocolado pelos minorit\u00e1rios da Eletrobras na Comiss\u00e3o de Valores Mobili\u00e1rios (CVM). \u201cComo [&hellip;]<\/p>\n","protected":false},"author":73,"featured_media":321736,"comment_status":"closed","ping_status":"closed","sticky":false,"template":"","format":"standard","meta":[],"categories":[64],"tags":[902,2721,455],"suno_strategy":[],"class_list":["post-410947","post","type-post","status-publish","format-standard","has-post-thumbnail","hentry","category-negocios","tag-comissao-de-valores-mobiliarios-cvm","tag-conselho-de-administracao","tag-eletrobras-elet3-elet5-elet6"],"yoast_head":"<!-- This site is optimized with the Yoast SEO plugin v24.4 - https:\/\/yoast.com\/wordpress\/plugins\/seo\/ -->\n<title>Minorit\u00e1rios da Eletrobras (ELET3) questionam &#039;dan\u00e7a das cadeiras&#039; na CVM<\/title>\n<meta name=\"description\" content=\"O questionamento forma foi protocolado pelos minorit\u00e1rios da Eletrobras na Comiss\u00e3o de Valores Mobili\u00e1rios (CVM).\" \/>\n<meta name=\"robots\" content=\"index, follow, max-snippet:-1, max-image-preview:large, max-video-preview:-1\" \/>\n<link rel=\"canonical\" href=\"https:\/\/www.suno.com.br\/noticias\/acionistas-minoritarios-eletrobras-elet3-conselho-cvm\/\" \/>\n<meta property=\"og:locale\" content=\"pt_BR\" \/>\n<meta property=\"og:type\" content=\"article\" \/>\n<meta property=\"og:title\" content=\"Minorit\u00e1rios da Eletrobras (ELET3) questionam &#039;dan\u00e7a das cadeiras&#039; na CVM\" \/>\n<meta property=\"og:description\" content=\"O questionamento forma foi protocolado pelos minorit\u00e1rios da Eletrobras na Comiss\u00e3o de Valores Mobili\u00e1rios (CVM).\" \/>\n<meta property=\"og:url\" content=\"https:\/\/www.suno.com.br\/noticias\/acionistas-minoritarios-eletrobras-elet3-conselho-cvm\/\" \/>\n<meta property=\"og:site_name\" content=\"Suno Not\u00edcias\" \/>\n<meta property=\"article:publisher\" content=\"https:\/\/facebook.com\/sunoresearch\" \/>\n<meta property=\"og:image\" content=\"https:\/\/files.sunoresearch.com.br\/n\/uploads\/2022\/11\/eletrobras-elet3.jpg\" \/>\n\t<meta property=\"og:image:width\" content=\"1200\" \/>\n\t<meta property=\"og:image:height\" content=\"800\" \/>\n\t<meta property=\"og:image:type\" content=\"image\/jpeg\" \/>\n<meta name=\"author\" content=\"Eduardo Vargas\" \/>\n<meta name=\"twitter:card\" content=\"summary_large_image\" \/>\n<meta name=\"twitter:creator\" content=\"@sunoresearch\" \/>\n<meta name=\"twitter:site\" content=\"@sunoresearch\" \/>\n<meta name=\"twitter:label1\" content=\"Escrito por\" \/>\n\t<meta name=\"twitter:data1\" content=\"Eduardo Vargas\" \/>\n\t<meta name=\"twitter:label2\" content=\"Est. tempo de leitura\" \/>\n\t<meta name=\"twitter:data2\" content=\"3 minutos\" \/>\n<script type=\"application\/ld+json\" class=\"yoast-schema-graph\">{\"@context\":\"https:\/\/schema.org\",\"@graph\":[{\"@type\":\"NewsArticle\",\"@id\":\"https:\/\/www.suno.com.br\/noticias\/acionistas-minoritarios-eletrobras-elet3-conselho-cvm\/#article\",\"isPartOf\":{\"@id\":\"https:\/\/www.suno.com.br\/noticias\/acionistas-minoritarios-eletrobras-elet3-conselho-cvm\/\"},\"author\":{\"name\":\"Eduardo Vargas\",\"@id\":\"https:\/\/www.suno.com.br\/noticias\/#\/schema\/person\/7f4d362bf3518e76090143ae77bb49a5\"},\"headline\":\"Minorit\u00e1rios da Eletrobras (ELET3) questionam &#8216;dan\u00e7a das cadeiras&#8217; na CVM\",\"datePublished\":\"2023-05-31T11:33:02+00:00\",\"dateModified\":\"2023-05-31T11:33:08+00:00\",\"mainEntityOfPage\":{\"@id\":\"https:\/\/www.suno.com.br\/noticias\/acionistas-minoritarios-eletrobras-elet3-conselho-cvm\/\"},\"wordCount\":541,\"publisher\":{\"@id\":\"https:\/\/www.suno.com.br\/noticias\/#organization\"},\"image\":{\"@id\":\"https:\/\/www.suno.com.br\/noticias\/acionistas-minoritarios-eletrobras-elet3-conselho-cvm\/#primaryimage\"},\"thumbnailUrl\":\"https:\/\/files.sunoresearch.com.br\/n\/uploads\/2022\/11\/eletrobras-elet3.jpg\",\"keywords\":[\"Comiss\u00e3o de Valores Mobili\u00e1rios (CVM)\",\"Conselho de Administra\u00e7\u00e3o\",\"Eletrobras (ELET3\/ELET5\/ELET6)\"],\"articleSection\":[\"Neg\u00f3cios\"],\"inLanguage\":\"pt-BR\"},{\"@type\":\"WebPage\",\"@id\":\"https:\/\/www.suno.com.br\/noticias\/acionistas-minoritarios-eletrobras-elet3-conselho-cvm\/\",\"url\":\"https:\/\/www.suno.com.br\/noticias\/acionistas-minoritarios-eletrobras-elet3-conselho-cvm\/\",\"name\":\"Minorit\u00e1rios da Eletrobras (ELET3) questionam 'dan\u00e7a das cadeiras' na CVM\",\"isPartOf\":{\"@id\":\"https:\/\/www.suno.com.br\/noticias\/#website\"},\"primaryImageOfPage\":{\"@id\":\"https:\/\/www.suno.com.br\/noticias\/acionistas-minoritarios-eletrobras-elet3-conselho-cvm\/#primaryimage\"},\"image\":{\"@id\":\"https:\/\/www.suno.com.br\/noticias\/acionistas-minoritarios-eletrobras-elet3-conselho-cvm\/#primaryimage\"},\"thumbnailUrl\":\"https:\/\/files.sunoresearch.com.br\/n\/uploads\/2022\/11\/eletrobras-elet3.jpg\",\"datePublished\":\"2023-05-31T11:33:02+00:00\",\"dateModified\":\"2023-05-31T11:33:08+00:00\",\"description\":\"O questionamento forma foi protocolado pelos minorit\u00e1rios da Eletrobras na Comiss\u00e3o de Valores Mobili\u00e1rios (CVM).\",\"breadcrumb\":{\"@id\":\"https:\/\/www.suno.com.br\/noticias\/acionistas-minoritarios-eletrobras-elet3-conselho-cvm\/#breadcrumb\"},\"inLanguage\":\"pt-BR\",\"potentialAction\":[{\"@type\":\"ReadAction\",\"target\":[\"https:\/\/www.suno.com.br\/noticias\/acionistas-minoritarios-eletrobras-elet3-conselho-cvm\/\"]}]},{\"@type\":\"ImageObject\",\"inLanguage\":\"pt-BR\",\"@id\":\"https:\/\/www.suno.com.br\/noticias\/acionistas-minoritarios-eletrobras-elet3-conselho-cvm\/#primaryimage\",\"url\":\"https:\/\/files.sunoresearch.com.br\/n\/uploads\/2022\/11\/eletrobras-elet3.jpg\",\"contentUrl\":\"https:\/\/files.sunoresearch.com.br\/n\/uploads\/2022\/11\/eletrobras-elet3.jpg\",\"width\":1200,\"height\":800,\"caption\":\"Eletrobras (ELET3). Foto: Divulga\u00e7\u00e3o\"},{\"@type\":\"BreadcrumbList\",\"@id\":\"https:\/\/www.suno.com.br\/noticias\/acionistas-minoritarios-eletrobras-elet3-conselho-cvm\/#breadcrumb\",\"itemListElement\":[{\"@type\":\"ListItem\",\"position\":1,\"name\":\"Not\u00edcias\",\"item\":\"https:\/\/www.suno.com.br\/noticias\/\"},{\"@type\":\"ListItem\",\"position\":2,\"name\":\"Neg\u00f3cios\",\"item\":\"https:\/\/www.suno.com.br\/noticias\/negocios\/\"},{\"@type\":\"ListItem\",\"position\":3,\"name\":\"Minorit\u00e1rios da Eletrobras (ELET3) questionam &#8216;dan\u00e7a das cadeiras&#8217; na CVM\"}]},{\"@type\":\"WebSite\",\"@id\":\"https:\/\/www.suno.com.br\/noticias\/#website\",\"url\":\"https:\/\/www.suno.com.br\/noticias\/\",\"name\":\"Suno Not\u00edcias\",\"description\":\"Seu portal de informa\u00e7\u00e3o sobre o mundo dos investimentos\",\"publisher\":{\"@id\":\"https:\/\/www.suno.com.br\/noticias\/#organization\"},\"potentialAction\":[{\"@type\":\"SearchAction\",\"target\":{\"@type\":\"EntryPoint\",\"urlTemplate\":\"https:\/\/www.suno.com.br\/noticias\/?s={search_term_string}\"},\"query-input\":{\"@type\":\"PropertyValueSpecification\",\"valueRequired\":true,\"valueName\":\"search_term_string\"}}],\"inLanguage\":\"pt-BR\"},{\"@type\":\"Organization\",\"@id\":\"https:\/\/www.suno.com.br\/noticias\/#organization\",\"name\":\"Suno Not\u00edcias\",\"url\":\"https:\/\/www.suno.com.br\/noticias\/\",\"logo\":{\"@type\":\"ImageObject\",\"inLanguage\":\"pt-BR\",\"@id\":\"https:\/\/www.suno.com.br\/noticias\/#\/schema\/logo\/image\/\",\"url\":\"https:\/\/files.sunoresearch.com.br\/n\/uploads\/2021\/09\/suno-logo.png\",\"contentUrl\":\"https:\/\/files.sunoresearch.com.br\/n\/uploads\/2021\/09\/suno-logo.png\",\"width\":180,\"height\":180,\"caption\":\"Suno Not\u00edcias\"},\"image\":{\"@id\":\"https:\/\/www.suno.com.br\/noticias\/#\/schema\/logo\/image\/\"},\"sameAs\":[\"https:\/\/facebook.com\/sunoresearch\",\"https:\/\/x.com\/sunoresearch\",\"https:\/\/www.instagram.com\/suno\",\"https:\/\/www.linkedin.com\/company\/suno-research\/\",\"https:\/\/www.youtube.com\/c\/sunoresearch\"]},{\"@type\":\"Person\",\"@id\":\"https:\/\/www.suno.com.br\/noticias\/#\/schema\/person\/7f4d362bf3518e76090143ae77bb49a5\",\"name\":\"Eduardo Vargas\",\"image\":{\"@type\":\"ImageObject\",\"inLanguage\":\"pt-BR\",\"@id\":\"https:\/\/www.suno.com.br\/noticias\/#\/schema\/person\/image\/\",\"url\":\"https:\/\/secure.gravatar.com\/avatar\/dac340933427a22924c9f99d1eb2e3f2?s=96&r=g\",\"contentUrl\":\"https:\/\/secure.gravatar.com\/avatar\/dac340933427a22924c9f99d1eb2e3f2?s=96&r=g\",\"caption\":\"Eduardo Vargas\"},\"description\":\"Jornalista formado pela UFSC, cobre macroeconomia, neg\u00f3cios e startups para o Suno Not\u00edcias, escrevendo principalmente not\u00edcias sobre o mercado financeiro e a bolsa de valores. No YouTube e no Instagram, \u00e9 respons\u00e1vel pela produ\u00e7\u00e3o de Reels e Shorts do Suno Not\u00edcias. Anteriormente, trabalhou cobrindo economia e cotidiano no ND+ e para o ND, maior jornal impresso de Santa Catarina. Cursou um semestre letivo de Estudos de M\u00eddia na Universidad de Buenos Aires.\",\"url\":\"https:\/\/www.suno.com.br\/noticias\/author\/eduardo-vargas\/\"}]}<\/script>\n<!-- \/ Yoast SEO plugin. -->","yoast_head_json":{"title":"Minorit\u00e1rios da Eletrobras (ELET3) questionam 'dan\u00e7a das cadeiras' na CVM","description":"O questionamento forma foi protocolado pelos minorit\u00e1rios da Eletrobras na Comiss\u00e3o de Valores Mobili\u00e1rios (CVM).","robots":{"index":"index","follow":"follow","max-snippet":"max-snippet:-1","max-image-preview":"max-image-preview:large","max-video-preview":"max-video-preview:-1"},"canonical":"https:\/\/www.suno.com.br\/noticias\/acionistas-minoritarios-eletrobras-elet3-conselho-cvm\/","og_locale":"pt_BR","og_type":"article","og_title":"Minorit\u00e1rios da Eletrobras (ELET3) questionam 'dan\u00e7a das cadeiras' na CVM","og_description":"O questionamento forma foi protocolado pelos minorit\u00e1rios da Eletrobras na Comiss\u00e3o de Valores Mobili\u00e1rios (CVM).","og_url":"https:\/\/www.suno.com.br\/noticias\/acionistas-minoritarios-eletrobras-elet3-conselho-cvm\/","og_site_name":"Suno Not\u00edcias","article_publisher":"https:\/\/facebook.com\/sunoresearch","og_image":[{"width":1200,"height":800,"url":"https:\/\/files.sunoresearch.com.br\/n\/uploads\/2022\/11\/eletrobras-elet3.jpg","type":"image\/jpeg"}],"author":"Eduardo Vargas","twitter_card":"summary_large_image","twitter_creator":"@sunoresearch","twitter_site":"@sunoresearch","twitter_misc":{"Escrito por":"Eduardo Vargas","Est. tempo de leitura":"3 minutos"},"schema":{"@context":"https:\/\/schema.org","@graph":[{"@type":"NewsArticle","@id":"https:\/\/www.suno.com.br\/noticias\/acionistas-minoritarios-eletrobras-elet3-conselho-cvm\/#article","isPartOf":{"@id":"https:\/\/www.suno.com.br\/noticias\/acionistas-minoritarios-eletrobras-elet3-conselho-cvm\/"},"author":{"name":"Eduardo Vargas","@id":"https:\/\/www.suno.com.br\/noticias\/#\/schema\/person\/7f4d362bf3518e76090143ae77bb49a5"},"headline":"Minorit\u00e1rios da Eletrobras (ELET3) questionam &#8216;dan\u00e7a das cadeiras&#8217; na CVM","datePublished":"2023-05-31T11:33:02+00:00","dateModified":"2023-05-31T11:33:08+00:00","mainEntityOfPage":{"@id":"https:\/\/www.suno.com.br\/noticias\/acionistas-minoritarios-eletrobras-elet3-conselho-cvm\/"},"wordCount":541,"publisher":{"@id":"https:\/\/www.suno.com.br\/noticias\/#organization"},"image":{"@id":"https:\/\/www.suno.com.br\/noticias\/acionistas-minoritarios-eletrobras-elet3-conselho-cvm\/#primaryimage"},"thumbnailUrl":"https:\/\/files.sunoresearch.com.br\/n\/uploads\/2022\/11\/eletrobras-elet3.jpg","keywords":["Comiss\u00e3o de Valores Mobili\u00e1rios (CVM)","Conselho de Administra\u00e7\u00e3o","Eletrobras (ELET3\/ELET5\/ELET6)"],"articleSection":["Neg\u00f3cios"],"inLanguage":"pt-BR"},{"@type":"WebPage","@id":"https:\/\/www.suno.com.br\/noticias\/acionistas-minoritarios-eletrobras-elet3-conselho-cvm\/","url":"https:\/\/www.suno.com.br\/noticias\/acionistas-minoritarios-eletrobras-elet3-conselho-cvm\/","name":"Minorit\u00e1rios da Eletrobras (ELET3) questionam 'dan\u00e7a das cadeiras' na CVM","isPartOf":{"@id":"https:\/\/www.suno.com.br\/noticias\/#website"},"primaryImageOfPage":{"@id":"https:\/\/www.suno.com.br\/noticias\/acionistas-minoritarios-eletrobras-elet3-conselho-cvm\/#primaryimage"},"image":{"@id":"https:\/\/www.suno.com.br\/noticias\/acionistas-minoritarios-eletrobras-elet3-conselho-cvm\/#primaryimage"},"thumbnailUrl":"https:\/\/files.sunoresearch.com.br\/n\/uploads\/2022\/11\/eletrobras-elet3.jpg","datePublished":"2023-05-31T11:33:02+00:00","dateModified":"2023-05-31T11:33:08+00:00","description":"O questionamento forma foi protocolado pelos minorit\u00e1rios da Eletrobras na Comiss\u00e3o de Valores Mobili\u00e1rios (CVM).","breadcrumb":{"@id":"https:\/\/www.suno.com.br\/noticias\/acionistas-minoritarios-eletrobras-elet3-conselho-cvm\/#breadcrumb"},"inLanguage":"pt-BR","potentialAction":[{"@type":"ReadAction","target":["https:\/\/www.suno.com.br\/noticias\/acionistas-minoritarios-eletrobras-elet3-conselho-cvm\/"]}]},{"@type":"ImageObject","inLanguage":"pt-BR","@id":"https:\/\/www.suno.com.br\/noticias\/acionistas-minoritarios-eletrobras-elet3-conselho-cvm\/#primaryimage","url":"https:\/\/files.sunoresearch.com.br\/n\/uploads\/2022\/11\/eletrobras-elet3.jpg","contentUrl":"https:\/\/files.sunoresearch.com.br\/n\/uploads\/2022\/11\/eletrobras-elet3.jpg","width":1200,"height":800,"caption":"Eletrobras (ELET3). Foto: Divulga\u00e7\u00e3o"},{"@type":"BreadcrumbList","@id":"https:\/\/www.suno.com.br\/noticias\/acionistas-minoritarios-eletrobras-elet3-conselho-cvm\/#breadcrumb","itemListElement":[{"@type":"ListItem","position":1,"name":"Not\u00edcias","item":"https:\/\/www.suno.com.br\/noticias\/"},{"@type":"ListItem","position":2,"name":"Neg\u00f3cios","item":"https:\/\/www.suno.com.br\/noticias\/negocios\/"},{"@type":"ListItem","position":3,"name":"Minorit\u00e1rios da Eletrobras (ELET3) questionam &#8216;dan\u00e7a das cadeiras&#8217; na CVM"}]},{"@type":"WebSite","@id":"https:\/\/www.suno.com.br\/noticias\/#website","url":"https:\/\/www.suno.com.br\/noticias\/","name":"Suno Not\u00edcias","description":"Seu portal de informa\u00e7\u00e3o sobre o mundo dos investimentos","publisher":{"@id":"https:\/\/www.suno.com.br\/noticias\/#organization"},"potentialAction":[{"@type":"SearchAction","target":{"@type":"EntryPoint","urlTemplate":"https:\/\/www.suno.com.br\/noticias\/?s={search_term_string}"},"query-input":{"@type":"PropertyValueSpecification","valueRequired":true,"valueName":"search_term_string"}}],"inLanguage":"pt-BR"},{"@type":"Organization","@id":"https:\/\/www.suno.com.br\/noticias\/#organization","name":"Suno Not\u00edcias","url":"https:\/\/www.suno.com.br\/noticias\/","logo":{"@type":"ImageObject","inLanguage":"pt-BR","@id":"https:\/\/www.suno.com.br\/noticias\/#\/schema\/logo\/image\/","url":"https:\/\/files.sunoresearch.com.br\/n\/uploads\/2021\/09\/suno-logo.png","contentUrl":"https:\/\/files.sunoresearch.com.br\/n\/uploads\/2021\/09\/suno-logo.png","width":180,"height":180,"caption":"Suno Not\u00edcias"},"image":{"@id":"https:\/\/www.suno.com.br\/noticias\/#\/schema\/logo\/image\/"},"sameAs":["https:\/\/facebook.com\/sunoresearch","https:\/\/x.com\/sunoresearch","https:\/\/www.instagram.com\/suno","https:\/\/www.linkedin.com\/company\/suno-research\/","https:\/\/www.youtube.com\/c\/sunoresearch"]},{"@type":"Person","@id":"https:\/\/www.suno.com.br\/noticias\/#\/schema\/person\/7f4d362bf3518e76090143ae77bb49a5","name":"Eduardo Vargas","image":{"@type":"ImageObject","inLanguage":"pt-BR","@id":"https:\/\/www.suno.com.br\/noticias\/#\/schema\/person\/image\/","url":"https:\/\/secure.gravatar.com\/avatar\/dac340933427a22924c9f99d1eb2e3f2?s=96&r=g","contentUrl":"https:\/\/secure.gravatar.com\/avatar\/dac340933427a22924c9f99d1eb2e3f2?s=96&r=g","caption":"Eduardo Vargas"},"description":"Jornalista formado pela UFSC, cobre macroeconomia, neg\u00f3cios e startups para o Suno Not\u00edcias, escrevendo principalmente not\u00edcias sobre o mercado financeiro e a bolsa de valores. No YouTube e no Instagram, \u00e9 respons\u00e1vel pela produ\u00e7\u00e3o de Reels e Shorts do Suno Not\u00edcias. Anteriormente, trabalhou cobrindo economia e cotidiano no ND+ e para o ND, maior jornal impresso de Santa Catarina. Cursou um semestre letivo de Estudos de M\u00eddia na Universidad de Buenos Aires.","url":"https:\/\/www.suno.com.br\/noticias\/author\/eduardo-vargas\/"}]}},"default_loop_html":"<div class=\"cardsPage__listCard__boxs\"><div class=\"cardsPage__listCard__boxs__img\"><a href=\"https:\/\/www.suno.com.br\/noticias\/acionistas-minoritarios-eletrobras-elet3-conselho-cvm\/\"><img class=\"mask\" src=\"https:\/\/www.suno.com.br\/noticias\/wp-content\/themes\/suno\/resources\/images\/spotlight\/spotlight1img\/bg-mask.png\" alt=\"Image Mask\"\/><img src=\"https:\/\/files.sunoresearch.com.br\/n\/uploads\/2022\/11\/eletrobras-elet3-400x200.jpg\" alt=\"Minorit\u00e1rios da Eletrobras (ELET3) questionam &#8216;dan\u00e7a das cadeiras&#8217; na CVM\"\/><\/a><span class=\"spotlightCategory\"><a href=\"https:\/\/www.suno.com.br\/noticias\/negocios\/\">Neg\u00f3cios<\/a><\/span><\/div><div class=\"cardsPage__listCard__boxs__content\"><a href=\"https:\/\/www.suno.com.br\/noticias\/acionistas-minoritarios-eletrobras-elet3-conselho-cvm\/\"><h2 class=\"content__title\">Minorit\u00e1rios da Eletrobras (ELET3) questionam &#8216;dan\u00e7a das cadeiras&#8217; na CVM<\/h2><\/a><div class=\"newsContent__article__meta\"><div class=\"newsContent__article__meta__authorBox\"><a href=\"https:\/\/www.suno.com.br\/noticias\/author\/eduardo-vargas\/\" class=\"authorBox__avatar noMobi\"><img src=\"https:\/\/secure.gravatar.com\/avatar\/dac340933427a22924c9f99d1eb2e3f2?s=96&#038;r=g\" alt=\"Eduardo Vargas\"><\/a><div class=\"authorBox__name\"><span>por\n\t\t\t<a href=\"https:\/\/www.suno.com.br\/noticias\/author\/eduardo-vargas\/\"><span itemprop=\"author\">Eduardo Vargas<\/span><\/a><\/span><time datetime=\"2023-05-31T08:33:02-03:00\" itemprop=\"datePublished\">31\/05\/2023 08:33<\/time><\/div><\/div><\/div><\/div><\/div>","single_layout":"posts","amp_enabled":true,"_links":{"self":[{"href":"https:\/\/www.suno.com.br\/noticias\/wp-json\/wp\/v2\/posts\/410947"}],"collection":[{"href":"https:\/\/www.suno.com.br\/noticias\/wp-json\/wp\/v2\/posts"}],"about":[{"href":"https:\/\/www.suno.com.br\/noticias\/wp-json\/wp\/v2\/types\/post"}],"author":[{"embeddable":true,"href":"https:\/\/www.suno.com.br\/noticias\/wp-json\/wp\/v2\/users\/73"}],"replies":[{"embeddable":true,"href":"https:\/\/www.suno.com.br\/noticias\/wp-json\/wp\/v2\/comments?post=410947"}],"version-history":[{"count":3,"href":"https:\/\/www.suno.com.br\/noticias\/wp-json\/wp\/v2\/posts\/410947\/revisions"}],"predecessor-version":[{"id":410954,"href":"https:\/\/www.suno.com.br\/noticias\/wp-json\/wp\/v2\/posts\/410947\/revisions\/410954"}],"wp:featuredmedia":[{"embeddable":true,"href":"https:\/\/www.suno.com.br\/noticias\/wp-json\/wp\/v2\/media\/321736"}],"wp:attachment":[{"href":"https:\/\/www.suno.com.br\/noticias\/wp-json\/wp\/v2\/media?parent=410947"}],"wp:term":[{"taxonomy":"category","embeddable":true,"href":"https:\/\/www.suno.com.br\/noticias\/wp-json\/wp\/v2\/categories?post=410947"},{"taxonomy":"post_tag","embeddable":true,"href":"https:\/\/www.suno.com.br\/noticias\/wp-json\/wp\/v2\/tags?post=410947"},{"taxonomy":"suno_strategy","embeddable":true,"href":"https:\/\/www.suno.com.br\/noticias\/wp-json\/wp\/v2\/suno_strategy?post=410947"}],"curies":[{"name":"wp","href":"https:\/\/api.w.org\/{rel}","templated":true}]}}