{"id":410885,"date":"2023-05-30T21:49:15","date_gmt":"2023-05-31T00:49:15","guid":{"rendered":"https:\/\/www.suno.com.br\/noticias\/?p=410885"},"modified":"2023-05-30T21:49:33","modified_gmt":"2023-05-31T00:49:33","slug":"radar-americanas-amer3-ccr-ccro3-magalu-mglu3","status":"publish","type":"post","link":"https:\/\/www.suno.com.br\/noticias\/radar-americanas-amer3-ccr-ccro3-magalu-mglu3\/","title":{"rendered":"Radar: CPI da Americanas (AMER3) quer ouvir ex-presidente, CCR (CCRO3) aprova recompra de a\u00e7\u00f5es e Magazine Luiza (MGLU3) e varejistas caem na Bolsa"},"content":{"rendered":"<p>A CPI da&nbsp;<a href=\"https:\/\/suno.com.br\/acoes\/amer3\/\" target=\"_blank\" rel=\"noreferrer noopener\"><strong>Americanas<\/strong>&nbsp;(AMER3)<\/a>&nbsp;aprovou nesta ter\u00e7a (30) o convite para que o ex-presidente da varejista, Miguel Gutierrez, seja convidado a comparecer \u00e0 C\u00e2mara dos Deputados e prestar esclarecimentos sobre a crise cont\u00e1bil da empresa. O executivo liderou a companhia no per\u00edodo em que ocorreram as \u201cinconsist\u00eancias cont\u00e1beis\u201d que culminaram no pedido de&nbsp;<a href=\"https:\/\/www.suno.com.br\/artigos\/recuperacao-judicial\/\" target=\"_blank\" rel=\"noreferrer noopener\">recupera\u00e7\u00e3o judicial<\/a>.<\/p>\t<div class=\"wrapper-featured-image\">\n\t\t<figure class=\"spotlightImg\">\n\n\t\t\t<picture>\n\t\t\t\t<source media=\"(max-width: 768px)\" srcset=\"https:\/\/files.sunoresearch.com.br\/n\/uploads\/2023\/04\/americanas-amer3-fachada-loja-crise-foto-divulgacao-400x200.jpg\">\n\t\t\t\t<img loading=\"lazy\" decoding=\"async\" class=\"newsContent__article__imgCapa lazyloadDisabled \" src=\"https:\/\/files.sunoresearch.com.br\/n\/uploads\/2023\/04\/americanas-amer3-fachada-loja-crise-foto-divulgacao-800x450.jpg\" width=\"800\" height=\"450\" alt=\"Radar: CPI da Americanas (AMER3) quer ouvir ex-presidente, CCR (CCRO3) aprova recompra de a\u00e7\u00f5es e Magazine Luiza (MGLU3) e varejistas caem na Bolsa\" fetchpriority=high \/>\n\t\t\t<\/picture>\n\n\t\t\t<figcaption class=\"wp-caption-text wp-caption-text--show\">Americanas (AMER3) - Foto: Divulga\u00e7\u00e3o<\/figcaption>\n\t\t<\/figure>\n\t<\/div>\n\n\n\n\n\n\t<p>\n\t\t<a href=\"https:\/\/lp.suno.com.br\/planilha-da-vida-financeira\/\" target=\"_blank\" data-element=\"shortcode-suno-banner\" title=\"Banner SUNO, clique e saiba mais\">\n\t\t\t<picture>\n\t\t\t\t<source media=\"(max-width: 500px)\" srcset=\"https:\/\/files.sunoresearch.com.br\/n\/uploads\/2023\/04\/400x300-Planilha-vida-financeira-true.png\">\n\t\t\t\t<img class=\"newsContent__article__imgCapa newsContent__article__imgCapa--banner\"\n\t\t\t\t\tsrc=\"https:\/\/files.sunoresearch.com.br\/n\/uploads\/2023\/04\/1420x240-Planilha-vida-financeira-true.png\"\n\t\t\t\t\tdata-promo-id=\"106682\"\t\t\t\t\t\t\t\t\t\twidth='1420' height='240'\t\t\t\t\talt=\"https:\/\/files.sunoresearch.com.br\/n\/uploads\/2023\/04\/1420x240-Planilha-vida-financeira-true.png\"\n\t\t\t\t>\n\t\t\t<\/picture>\n\t\t<\/a>\n\t<\/p>\n\n\n\n\n\n\n\n<p>\u201cEssa Casa merece respeito e n\u00e3o vamos admitir blindagem de quem quer que seja\u201d, destacou o deputado Jo\u00e3o Carlos Bacelar (PL-BA).<\/p>\n\n\n\n<p>Al\u00e9m de Gutierrez, os parlamentares da&nbsp;<strong>CPI da Americanas<\/strong>&nbsp;tamb\u00e9m aprovaram o convite para que Jo\u00e3o Pedro Nascimento, presidente da Comiss\u00e3o de Valores Mobili\u00e1rios (<strong>CVM<\/strong>), Fernando Alves Filho, s\u00f3cio da PwC Brasil, e Carlos Munhoz, s\u00f3cio da KPMG, contribuam com os trabalhos da comiss\u00e3o.<\/p>\n\n\n\n<p>Segundo informa\u00e7\u00f5es publicadas pelo jornal Valor Econ\u00f4mico, Nascimento ser\u00e1 convidado para esclarecer aos deputados poss\u00edvel uso de informa\u00e7\u00e3o privilegiada, entre outros temas relacionados ao&nbsp;<a href=\"https:\/\/www.suno.com.br\/artigos\/mercado-de-capitais-conceito\/\" target=\"_blank\" rel=\"noreferrer noopener\">mercado de capitais<\/a>&nbsp;dentro da&nbsp;<strong>crise da Americanas<\/strong>.<\/p>\n\n\n\n<p>Os s\u00f3cios das<strong>&nbsp;empresas de auditoria<\/strong>&nbsp;est\u00e3o sendo convidados devido ao trabalho realizado na auditagem dos balan\u00e7os da Americanas no per\u00edodo entre 2014 a 2022, no qual o rombo foi formado.<\/p>\n\n\n\n<p>Al\u00e9m disso, os parlamentares da&nbsp;<strong>CPI da Americanas<\/strong>&nbsp;aprovaram requerimentos para que os administradores da&nbsp;<strong>recupera\u00e7\u00e3o judicial da empresa<\/strong>&nbsp;sejam ouvidos, bem como os principais bancos&nbsp;<strong>credores da varejista<\/strong>&nbsp;e a B3.<\/p>\n\n\n\n<p>Al\u00e9m de Americanas, confira outros destaques desta ter\u00e7a-feira:<\/p>\n\n\n\n<h2 class=\"wp-block-heading\">CCR (CCRO3) aprova programa de recompra de a\u00e7\u00f5es; veja detalhes<\/h2>\n\n\n\n<ul class=\"wp-block-list\">\n<li>A&nbsp;<strong>CCR<\/strong>&nbsp;(CCRO3) aprovou a abertura de um novo programa de&nbsp;<a href=\"https:\/\/www.suno.com.br\/artigos\/recompra-de-acoes\/\" target=\"_blank\" rel=\"noreferrer noopener\">recompra de a\u00e7\u00f5es<\/a>, conforme anunciado em comunicado nesta ter\u00e7a-feira (30).<\/li>\n<\/ul>\n\n\n\n<ul class=\"wp-block-list\">\n<li>A aprova\u00e7\u00e3o do&nbsp;<strong>programa de recompra de a\u00e7\u00f5es da CCR<\/strong>&nbsp;prev\u00ea a aquisi\u00e7\u00e3o de at\u00e9 3,2 milh\u00f5es de&nbsp;<a href=\"https:\/\/www.suno.com.br\/artigos\/o-que-sao-acoes-ordinarias-preferenciais-e-units\/\" target=\"_blank\" rel=\"noreferrer noopener\">a\u00e7\u00f5es ordin\u00e1rias<\/a>&nbsp;de sua pr\u00f3pria emiss\u00e3o, o que corresponde a at\u00e9 0,1584% do total de pap\u00e9is emitidos pela empresa.<\/li>\n<\/ul>\n\n\n\n<ul class=\"wp-block-list\">\n<li>O objetivo do&nbsp;<strong>programa de recompra de a\u00e7\u00f5es<\/strong>&nbsp;<strong>da CCR<\/strong>&nbsp;\u00e9 permitir o cumprimento das obriga\u00e7\u00f5es do seu plano de incentivo de&nbsp;<a href=\"https:\/\/www.suno.com.br\/artigos\/longo-prazo\/\" target=\"_blank\" rel=\"noreferrer noopener\">longo prazo<\/a>.<\/li>\n<\/ul>\n\n\n\n<ul class=\"wp-block-list\">\n<li>As a\u00e7\u00f5es poder\u00e3o ser mantidas em tesouraria, vendidas ou at\u00e9 mesmo canceladas, sem que haja redu\u00e7\u00e3o do&nbsp;<strong>capital social da CCR<\/strong>.<\/li>\n<\/ul>\n\n\n\n<ul class=\"wp-block-list\">\n<li>A CCR possui atualmente cerca de 998,5 milh\u00f5es de a\u00e7\u00f5es ordin\u00e1rias em circula\u00e7\u00e3o, sendo 2 mil delas mantidas em tesouraria.<\/li>\n<\/ul>\n\n\n\n<h2 class=\"wp-block-heading\">Dia (bem) ruim para o varejo: Via (VIIA3), Magazine Luiza (MGLU3) e Petz (PETZ3) caem no Ibovespa hoje. O que aconteceu?<\/h2>\n\n\n\n<ul class=\"wp-block-list\">\n<li>As a\u00e7\u00f5es da&nbsp;<strong>Via<\/strong>&nbsp;(VIIA3), do&nbsp;<a href=\"https:\/\/www.suno.com.br\/acoes\/MGLU3\/\" target=\"_blank\" rel=\"noreferrer noopener\">Magazine Luiza (MGLU3)<\/a>&nbsp;e da&nbsp;<a href=\"https:\/\/www.suno.com.br\/acoes\/PETZ3\/\" target=\"_blank\" rel=\"noreferrer noopener\">Petz (PETZ3)<\/a>&nbsp;est\u00e3o entre os destaques negativos do Ibovespa hoje desta ter\u00e7a (30). O movimento ocorre ap\u00f3s a divulga\u00e7\u00e3o dos n\u00fameros do \u00cdndice Geral de Pre\u00e7os (IGP-M), que caiu 1,84% em maio ap\u00f3s um recuo de 0,95% em abril.<\/li>\n<\/ul>\n\n\n\n<ul class=\"wp-block-list\">\n<li>As&nbsp;<strong>a\u00e7\u00f5es da Via<\/strong>&nbsp;registraram queda de 2,11%, aos R$ 2,32. Neste movimento, a Petz recuou 3,72%, aos R$ 7,24.<\/li>\n<\/ul>\n\n\n\n<ul class=\"wp-block-list\">\n<li>As<strong>&nbsp;a\u00e7\u00f5es do Magazine Luiza<\/strong>&nbsp;apresentavam uma desvaloriza\u00e7\u00e3o de 1,58%, aos R$ 3,73.<\/li>\n<\/ul>\n\n\n\n<ul class=\"wp-block-list\">\n<li>No setor do varejo alimentar, apenas o&nbsp;<a href=\"https:\/\/www.suno.com.br\/acoes\/GMAT3\/\" target=\"_blank\" rel=\"noreferrer noopener\">Grupo Mateus (GMAT3)<\/a>&nbsp;fechou em alta: 0,70%, aos R$ 7,15.&nbsp;<a href=\"https:\/\/www.suno.com.br\/acoes\/asai3\/\" target=\"_blank\" rel=\"noreferrer noopener\">Assa\u00ed (ASAI3)<\/a>,&nbsp;<a href=\"https:\/\/www.suno.com.br\/acoes\/CRFB3\/\" target=\"_blank\" rel=\"noreferrer noopener\">Carrefour (CRFB3)<\/a>&nbsp;e&nbsp;<a href=\"https:\/\/www.suno.com.br\/acoes\/PCAR3\/\" target=\"_blank\" rel=\"noreferrer noopener\">P\u00e3o de A\u00e7\u00facar (PCAR3)<\/a>&nbsp;foram negociados em baixa.<\/li>\n<\/ul>\n\n\n\n<h2 class=\"wp-block-heading\">Fundo imobili\u00e1rio afunda 10,88% ap\u00f3s estimar queda de 25,9% em seus dividendos; IFIX cai a 3.003 pontos<\/h2>\n\n\n\n<ul class=\"wp-block-list\">\n<li>O fundo imobili\u00e1rio&nbsp;<strong>RECT11<\/strong>&nbsp;despencou 10,88% na sess\u00e3o de hoje (30), liderando as maiores baixas do IFIX. O principal \u00edndice de&nbsp;<a href=\"https:\/\/www.suno.com.br\/fundos-imobiliarios\/\" target=\"_blank\" rel=\"noreferrer noopener\">fundos imobili\u00e1rios<\/a>&nbsp;da B3, por sua vez, terminou o dia em queda de 0,14%, aos 3.003 pontos.<\/li>\n<\/ul>\n\n\n\n<ul class=\"wp-block-list\">\n<li>A queda do&nbsp;<strong>FII RECT11<\/strong>&nbsp;ocorreu ap\u00f3s a divulga\u00e7\u00e3o de mudan\u00e7as na opera\u00e7\u00e3o de securitiza\u00e7\u00e3o do&nbsp;<a href=\"https:\/\/www.suno.com.br\/artigos\/saldo-devedor\/\" target=\"_blank\" rel=\"noreferrer noopener\">saldo devedor<\/a>&nbsp;dos CRI referente \u00e0 aquisi\u00e7\u00e3o a prazo do Edif\u00edcio Barra da Tijuca.<\/li>\n<\/ul>\n\n\n\n<ul class=\"wp-block-list\">\n<li>Entre as mudan\u00e7as est\u00e1 a amortiza\u00e7\u00e3o extraordin\u00e1ria de aproximadamente R$ 7,6 milh\u00f5es, assim como a dispensa da obriga\u00e7\u00e3o do fundo de realizar os dep\u00f3sitos trimestrais que estavam previstos para os meses de junho e setembro de 2023, cancelando a amortiza\u00e7\u00e3o projetada para setembro.<\/li>\n<\/ul>\n\n\n\n<ul class=\"wp-block-list\">\n<li>O&nbsp;<a href=\"https:\/\/www.suno.com.br\/fundos-imobiliarios\/rect11\/\" target=\"_blank\" rel=\"noreferrer noopener\">RECT11<\/a>&nbsp;pagar\u00e1 juros e atualiza\u00e7\u00e3o monet\u00e1ria de R$ 3,9 milh\u00f5es em junho de 2023 e de R$ 1,3 milh\u00e3o durante o per\u00edodo de 12 meses de car\u00eancia da amortiza\u00e7\u00e3o, com valores corrigidos pelo IPCA.<\/li>\n<\/ul>\n\n\n\n<ul class=\"wp-block-list\">\n<li>O fundo prev\u00ea que os pagamentos impactar\u00e3o no seu resultado caixa mensal e, a partir disso, estima-se que o novo patamar de distribui\u00e7\u00e3o mensal de&nbsp;<strong>dividendos do RECT11<\/strong>&nbsp;fique em torno de R$ 0,40 por cota a partir do m\u00eas de maio, valor 25,9% menor que os proventos igualmente distribu\u00eddos ao longo dos \u00faltimos 4 meses, de R$ 0,54 por cota.<\/li>\n<\/ul>\n\n\n\n<ul class=\"wp-block-list\">\n<li>Al\u00e9m do RECT11, foram destaques de baixa do&nbsp;<strong>IFIX hoje<\/strong>&nbsp;os&nbsp;<a href=\"https:\/\/www.suno.com.br\/fundos-imobiliarios\/\" target=\"_blank\" rel=\"noreferrer noopener\">fundos imobili\u00e1rios<\/a>&nbsp;<a href=\"https:\/\/www.suno.com.br\/fundos-imobiliarios\/rcrb11\/\" target=\"_blank\" rel=\"noreferrer noopener\">RCRB11<\/a>,&nbsp;<a href=\"https:\/\/www.suno.com.br\/fundos-imobiliarios\/rbrp11\/\" target=\"_blank\" rel=\"noreferrer noopener\">RBRP11<\/a>,&nbsp;<a href=\"https:\/\/www.suno.com.br\/fundos-imobiliarios\/vslh11\/\" target=\"_blank\" rel=\"noreferrer noopener\">VSLH11<\/a>&nbsp;e&nbsp;<a href=\"https:\/\/www.suno.com.br\/fundos-imobiliarios\/rbrf11\/\" target=\"_blank\" rel=\"noreferrer noopener\">RBRF11<\/a>.<\/li>\n<\/ul>\n\n\n\n<ul class=\"wp-block-list\">\n<li>Entre as maiores altas do dia, o destaque vai para o FII&nbsp;<a href=\"https:\/\/www.suno.com.br\/fundos-imobiliarios\/hgre11\/\" target=\"_blank\" rel=\"noreferrer noopener\">HGRE11<\/a>, que registrou uma valoriza\u00e7\u00e3o de 2,65%.&nbsp;<a href=\"https:\/\/www.suno.com.br\/fundos-imobiliarios\/visc11\/\" target=\"_blank\" rel=\"noreferrer noopener\">VISC11<\/a>&nbsp;subiu 1,90%, e o&nbsp;<a href=\"https:\/\/www.suno.com.br\/fundos-imobiliarios\/mgff11\/\" target=\"_blank\" rel=\"noreferrer noopener\">MGFF11<\/a>, 1,63%.<\/li>\n<\/ul>\n\n\n\n<h2 class=\"wp-block-heading\"><a><\/a>Maiores altas do IFIX<\/h2>\n\n\n\n<ul class=\"wp-block-list\">\n<li>HGRE11: +2,65%<\/li>\n\n\n\n<li>VISC11: +1,90%<\/li>\n\n\n\n<li>MGFF11: +1,63%<\/li>\n\n\n\n<li>JSAF11: +1,44%<\/li>\n\n\n\n<li>KFOF11: +1,18%<\/li>\n<\/ul>\n\n\n\n<h2 class=\"wp-block-heading\">Maiores quedas<\/h2>\n\n\n\n<ul class=\"wp-block-list\">\n<li>RECT11: -10,88%<\/li>\n\n\n\n<li>RCRB11: -2,88%<\/li>\n\n\n\n<li>RBRP11: -2,82%<\/li>\n\n\n\n<li>VSLH11: -2,51%<\/li>\n\n\n\n<li>RBRF11: -2,12%<\/li>\n<\/ul>\n\n\n\n<ul class=\"wp-block-list\">\n<li>Com a queda de hoje (30), o&nbsp;<strong>fundo RECT11<\/strong>&nbsp;acumula um desempenho levemente negativo de 0,07% no m\u00eas de maio.<\/li>\n<\/ul>\n\n\n\n<ul class=\"wp-block-list\">\n<li>O&nbsp;<strong>RECT11<\/strong>, que tem uma participa\u00e7\u00e3o no IFIX de 0,434%, terminou o ano de 2022 cotado a R$ 51,18. Considerando sua cota\u00e7\u00e3o de fechamento deste preg\u00e3o em R$ 50,80, seu desempenho em 2023 \u00e9 negativo em 0,74%.<\/li>\n<\/ul>\n\n\n\t<p>\n\t\t<a href=\"https:\/\/lp.suno.com.br\/ebook-como-analisar-uma-acao\/\" target=\"_blank\" data-element=\"shortcode-suno-banner\" title=\"Banner SUNO, clique e saiba mais\">\n\t\t\t<picture>\n\t\t\t\t<source media=\"(max-width: 500px)\" srcset=\"https:\/\/files.sunoresearch.com.br\/n\/uploads\/2023\/03\/Ebook-Acoes-Mobile.jpg\">\n\t\t\t\t<img class=\"newsContent__article__imgCapa newsContent__article__imgCapa--banner\"\n\t\t\t\t\tsrc=\"https:\/\/files.sunoresearch.com.br\/n\/uploads\/2023\/03\/Ebook-Acoes-Desktop.jpg\"\n\t\t\t\t\tdata-promo-id=\"378302\"\t\t\t\t\t\t\t\t\t\twidth='1420' height='286'\t\t\t\t\talt=\"https:\/\/files.sunoresearch.com.br\/n\/uploads\/2023\/03\/Ebook-Acoes-Desktop.jpg\"\n\t\t\t\t>\n\t\t\t<\/picture>\n\t\t<\/a>\n\t<\/p>\n\n\n\n\n\n<h2 class=\"wp-block-heading\">EMAE (EMAE4) aprova R$ 18,3 milh\u00f5es em JCPs; veja valor por a\u00e7\u00e3o<\/h2>\n\n\n\n<ul class=\"wp-block-list\">\n<li>A Empresa Metropolitana de \u00c1guas e Energia \u2013&nbsp;<a href=\"https:\/\/www.suno.com.br\/acoes\/emae4\/\" target=\"_blank\" rel=\"noreferrer noopener\"><strong>EMAE<\/strong>&nbsp;(EMAE4)<\/a>&nbsp;aprovou a distribui\u00e7\u00e3o de R$ 18,3 milh\u00f5es em&nbsp;<a href=\"https:\/\/www.suno.com.br\/artigos\/entenda-o-jcp\/\" target=\"_blank\" rel=\"noreferrer noopener\">juros sobre capital pr\u00f3prio<\/a>&nbsp;(JCP) para os seus investidores. Segundo informa\u00e7\u00f5es divulgadas nesta ter\u00e7a (30), esses proventos est\u00e3o atrelados ao exerc\u00edcio deste ano.<\/li>\n<\/ul>\n\n\n\n<ul class=\"wp-block-list\">\n<li>Conforme o material arquivado na Comiss\u00e3o de Valores Mobili\u00e1rios (CVM), os&nbsp;<a href=\"https:\/\/www.suno.com.br\/artigos\/entenda-o-jcp\/\" target=\"_blank\" rel=\"noreferrer noopener\">juros sobre capital pr\u00f3prio<\/a>&nbsp;da EMAE est\u00e3o divididos da seguinte forma:<\/li>\n<\/ul>\n\n\n\n<figure class=\"wp-block-table\"><table><tbody><tr><td>A\u00c7\u00c3O<\/td><td>JCP BRUTO<\/td><td>JCP L\u00cdQUIDO<\/td><\/tr><tr><td>Ordin\u00e1ria (EMAE3)<\/td><td>R$ 0,467627156<\/td><td>R$ 0,397483083<\/td><\/tr><tr><td>Preferencial (EMAE4)<\/td><td>R$ 0,514389872<\/td><td>R$ 0,437231391<\/td><\/tr><\/tbody><\/table><\/figure>\n\n\n\n<ul class=\"wp-block-list\">\n<li>\u201cO<strong>&nbsp;pagamento dos JCP<\/strong>&nbsp;ser\u00e1 realizado em 30\/06\/2023 e n\u00e3o haver\u00e1 qualquer atualiza\u00e7\u00e3o monet\u00e1ria sobre os montantes declarados\u201d, refor\u00e7ou a empresa.<\/li>\n<\/ul>\n\n\n\n<ul class=\"wp-block-list\">\n<li>De acordo com as informa\u00e7\u00f5es, a data de corte desses proventos ser\u00e1 no dia 05\/06\/23. Ou seja, a partir do dia 06\/06\/23, os pap\u00e9is ser\u00e3o considerados \u201cex-direito aos JCP\u201d.<\/li>\n<\/ul>\n\n\n\n<ul class=\"wp-block-list\">\n<li>\u201cSegundo a legisla\u00e7\u00e3o vigente, o pagamento de JCP est\u00e1 sujeito \u00e0 reten\u00e7\u00e3o de Imposto de Renda na fonte, exceto para os acionistas que sejam comprovadamente imunes ou isentos\u201d, complementou a empresa.<\/li>\n<\/ul>\n\n\n\n<h2 class=\"wp-block-heading\">Proventos da EMAE<\/h2>\n\n\n\n<ul class=\"wp-block-list\">\n<li>Valor total: R$ 18.317.542,76<\/li>\n\n\n\n<li>Valor l\u00edquido por a\u00e7\u00e3o: R$ 0,397483083 (ordin\u00e1ria) e R$ 0,437231391 (preferencial)<\/li>\n\n\n\n<li>Data de corte: 05\/06\/23<\/li>\n\n\n\n<li>Data de pagamento: 30\/06\/23<\/li>\n<\/ul>\n\n\n\n<h2 class=\"wp-block-heading\">Presidente da AES Brasil (AESB3), Clarissa Sadock renuncia ao cargo<\/h2>\n\n\n\n<ul class=\"wp-block-list\">\n<li>O conselho de administra\u00e7\u00e3o da&nbsp;<strong>AES Brasil&nbsp;<\/strong>(AESB3) comunicou nesta ter\u00e7a-feira, 30, que recebeu a carta de ren\u00fancia da diretora-presidente da companhia, Clarissa Della Nina Sadock Accorsi, por motivos pessoais, com efeito a partir do dia 30 de junho pr\u00f3ximo.<\/li>\n<\/ul>\n\n\n\n<ul class=\"wp-block-list\">\n<li>Segundo comunicado da companhia, o conselho de administra\u00e7\u00e3o iniciou o processo de sucess\u00e3o. Durante esse per\u00edodo, Rog\u00e9rio Pereira Jorge, atual vice-presidente comercial, acumular\u00e1 suas fun\u00e7\u00f5es com as de diretor-presidente., no lugar da CEO Clarissa Della Nina Sadock<\/li>\n<\/ul>\n\n\n\n<h2 class=\"wp-block-heading\">Petrobras (PETR4) ter\u00e1 para realocar US$ 3 bi se for barrada na foz do Amazonas<\/h2>\n\n\n\n<ul class=\"wp-block-list\">\n<li>Se for mantida a decis\u00e3o do Ibama de negar a licen\u00e7a ambiental para a&nbsp;<a href=\"https:\/\/www.suno.com.br\/acoes\/PETR4\/\" target=\"_blank\" rel=\"noreferrer noopener\"><strong>Petrobras<\/strong>&nbsp;(PETR4)<\/a>&nbsp;explorar a bacia da foz do Amazonas, na Margem Equatorial brasileira, a empresa ter\u00e1 de decidir onde aplicar os US$ 3 bilh\u00f5es destinados para a explora\u00e7\u00e3o da \u00e1rea. Na revis\u00e3o do Plano Estrat\u00e9gico 2023-2027, esses recursos poder\u00e3o tanto impulsionar a transi\u00e7\u00e3o energ\u00e9tica quanto ajudar na volta da internacionaliza\u00e7\u00e3o da estatal, em busca de novas reservas.<\/li>\n<\/ul>\n\n\n\n<ul class=\"wp-block-list\">\n<li>A revis\u00e3o do&nbsp;<strong>plano estrat\u00e9gico<\/strong>&nbsp;precisa ser entregue pela diretoria ao&nbsp;<a href=\"https:\/\/www.suno.com.br\/artigos\/conselho-administracao\/\" target=\"_blank\" rel=\"noreferrer noopener\">conselho de administra\u00e7\u00e3o<\/a>&nbsp;at\u00e9 julho, mas a previs\u00e3o \u00e9 de que a vers\u00e3o 2024-2028 seja entregue apenas em novembro.<\/li>\n<\/ul>\n\n\n\n<ul class=\"wp-block-list\">\n<li>\u201cN\u00e3o podendo fazer explora\u00e7\u00e3o na \u00e1rea, metade do potencial explorat\u00f3rio da Petrobras desaparece. A empresa vai ter de rever o plano estrat\u00e9gico e decidir se vai usar esse investimento no Brasil ou n\u00e3o\u201d, diz Edmar Almeida, professor do Instituto de Energia da PUC-Rio.<\/li>\n<\/ul>\n\n\n\n<ul class=\"wp-block-list\">\n<li>Ele explica que n\u00e3o faz sentido destinar esses recursos para o&nbsp;<strong>pr\u00e9-sal<\/strong>, segundo maior destino dos investimentos em explora\u00e7\u00e3o da companhia, mas que j\u00e1 n\u00e3o possui \u00e1reas interessantes para explorar. O caminho seria buscar reservas fora do Brasil.<\/li>\n<\/ul>\n\n\n\n<ul class=\"wp-block-list\">\n<li>As melhores alternativas, pela escala do volume de poss\u00edveis reservas, seriam a Margem Equatorial, via Guiana ou Suriname, e a Nam\u00edbia, na \u00c1frica. \u201cDo ponto de vista explorat\u00f3rio, no pr\u00e9-sal o grande esfor\u00e7o j\u00e1 foi feito. Em termos de explora\u00e7\u00e3o n\u00e3o tem muito mais do que a Petrobras j\u00e1 est\u00e1 fazendo\u201d, constata.<\/li>\n<\/ul>\n\n\n\n<ul class=\"wp-block-list\">\n<li>A Margem Equatorial cont\u00e9m cinco bacias, do Rio Grande do Norte ao Amap\u00e1, e \u00e9 considerada a \u00faltima grande fronteira no Brasil para a descoberta de&nbsp;<strong>reservas de petr\u00f3leo<\/strong>. Sem ela, a estatal teria de buscar a internacionaliza\u00e7\u00e3o para aumentar seus n\u00fameros, diz Almeida.<\/li>\n<\/ul>\n\n\n\n<ul class=\"wp-block-list\">\n<li>Na semana passada, o presidente da Petrobras,<strong>&nbsp;Jean Paul Prates<\/strong>, admitiu em entrevista ao&nbsp;<em>Estad\u00e3o\/Broadcast<\/em>&nbsp;que \u00e9 poss\u00edvel explorar a Margem Equatorial via Guiana ou Suriname se n\u00e3o for permitida a explora\u00e7\u00e3o na parte brasileira da \u00e1rea. Ele disse tamb\u00e9m que ainda existem algumas oportunidades em outras bacias da Margem, como a Potiguar, e talvez na Bahia, mas nada se compara \u00e0 bacia da foz do Amazonas.<\/li>\n<\/ul>\n\n\n\n<ul class=\"wp-block-list\">\n<li>Nesta quarta (31), uma audi\u00eancia p\u00fablica da Comiss\u00e3o de Meio Ambiente e Desenvolvimento Sustent\u00e1vel, da C\u00e2mara dos Deputados, vai debater a inten\u00e7\u00e3o da Petrobras de explorar petr\u00f3leo e g\u00e1s na bacia foz do Amazonas, uma das cinco bacias sedimentares da Margem Equatorial.<\/li>\n<\/ul>\n\n\n\n<h2 class=\"wp-block-heading\">Banco do Brasil (BBAS3): Justi\u00e7a suspende decis\u00e3o que afasta presidente da Previ<\/h2>\n\n\n\n<ul class=\"wp-block-list\">\n<li>O desembargador Rafael Paulo Soares Pinto, da 11\u00aa Turma do Tribunal Regional Federal da 1\u00aa Regi\u00e3o, derrubou na segunda-feira, 29, a decis\u00e3o que afastou do cargo o presidente da Previ, o fundo de pens\u00e3o dos funcion\u00e1rios do&nbsp;<strong>Banco do Brasil<\/strong>&nbsp;(<a href=\"https:\/\/www.suno.com.br\/acoes\/bbas3\/\" target=\"_blank\" rel=\"noreferrer noopener\">BBAS3<\/a>), Jo\u00e3o Luiz Fukunaga. De acordo com o desembargador, o afastamento n\u00e3o poderia ser decidido pela Justi\u00e7a.<\/li>\n<\/ul>\n\n\n\n<ul class=\"wp-block-list\">\n<li>Fukunaga havia sido afastado pelo TRF-DF na sexta-feira, 26, com base em a\u00e7\u00e3o popular protocolada pelo deputado estadual Leonardo Siqueira (Novo-SP). A alega\u00e7\u00e3o era que o&nbsp;<strong>presidente da Previ<\/strong>&nbsp;n\u00e3o dispunha dos requisitos t\u00e9cnicos necess\u00e1rios para exercer o cargo.<\/li>\n<\/ul>\n\n\n\n<ul class=\"wp-block-list\">\n<li>A nomea\u00e7\u00e3o de Fukunaga despertou cr\u00edticas, como mostrou o&nbsp;<em>Broadcast<\/em>&nbsp;(sistema de not\u00edcias em tempo real do Grupo Estado) em fevereiro, sob temores de que fora motivada politicamente.<\/li>\n<\/ul>\n\n\n\n<ul class=\"wp-block-list\">\n<li>Funcion\u00e1rio do Banco do Brasil desde 2008, o dirigente da Previ ocupava o posto de secret\u00e1rio de organiza\u00e7\u00e3o e suporte administrativo do Sindicato dos Banc\u00e1rios de S\u00e3o Paulo, Osasco e Regi\u00e3o at\u00e9 ser indicado. As normas do setor determinam a necessidade de experi\u00eancias administrativas, que foram questionadas pela a\u00e7\u00e3o de Siqueira.<\/li>\n<\/ul>\n\n\n\n<ul class=\"wp-block-list\">\n<li>Na decis\u00e3o da segunda-feira, o desembargador afirma que o m\u00e9rito administrativo que cabe \u00e0 administra\u00e7\u00e3o p\u00fablica deve ser preservado, e \u00e9 preciso comprovar que a habilita\u00e7\u00e3o emitida pela Superintend\u00eancia Nacional de Previd\u00eancia Complementar (<strong>Previc<\/strong>), que regulamenta o setor, foi equivocada.<\/li>\n<\/ul>\n\n\n\n<ul class=\"wp-block-list\">\n<li>\u201cAdemais, a decis\u00e3o agravada padece de fundamenta\u00e7\u00e3o adequada quanto ao periculum in mora imprescind\u00edvel \u00e0 concess\u00e3o da tutela provis\u00f3ria de urg\u00eancia, uma vez que apenas presumiu o perigo pela perpetua\u00e7\u00e3o dos efeitos decorrentes do ato que reputou lesivo \u00e0 moralidade p\u00fablica\u201d, escreve o magistrado.<\/li>\n<\/ul>\n\n\n\n<ul class=\"wp-block-list\">\n<li>A decis\u00e3o veio ap\u00f3s recurso da defesa de Fukunaga, que alega que o Judici\u00e1rio deveria apenas analisar os requisitos formais e materiais exigidos pela lei, sem entrar em um m\u00e9rito que cabe a um \u00f3rg\u00e3o do poder Executivo \u2013 o de aprovar ou n\u00e3o o dirigente do&nbsp;<strong>fundo de pens\u00e3o do Banco do Brasil<\/strong>&nbsp;para o cargo.<\/li>\n<\/ul>\n\n\n\n<ul class=\"wp-block-list\">\n<li>O&nbsp;<a href=\"https:\/\/www.suno.com.br\/artigos\/fundos-de-pensao\/\" target=\"_blank\" rel=\"noreferrer noopener\">fundo de pens\u00e3o<\/a>&nbsp;\u00e9 o maior da Am\u00e9rica Latina, com mais de R$ 240 bilh\u00f5es sob gest\u00e3o no in\u00edcio do ano, e \u00e9 acionista relevante de algumas das maiores empresas do Brasil, como a mineradora Vale e a empresa de alimentos BRF.<\/li>\n<\/ul>\n\n\n\n<h2 class=\"wp-block-heading\">Camil (CAML3) pagar\u00e1 JCP de R$ 25 milh\u00f5es<\/h2>\n\n\n\n<ul class=\"wp-block-list\">\n<li>A&nbsp;<a href=\"https:\/\/www.suno.com.br\/acoes\/CAML3\/\" target=\"_blank\" rel=\"noreferrer noopener\"><strong>Camil&nbsp;<\/strong>(CAML3)<\/a>&nbsp;vai pagar uma cifra de R$ 25 milh\u00f5es em&nbsp;<a href=\"https:\/\/www.suno.com.br\/artigos\/entenda-o-jcp\/\" target=\"_blank\" rel=\"noreferrer noopener\">Juros Sobre Capital Pr\u00f3prio<\/a>&nbsp;(JCP) aos seus acionistas,&nbsp;<a href=\"https:\/\/www.rad.cvm.gov.br\/ENET\/frmExibirArquivoIPEExterno.aspx?NumeroProtocoloEntrega=1107507\" target=\"_blank\" rel=\"noreferrer noopener\">segundo aviso aos acionistas divulgado nesta ter\u00e7a-feira (30)<\/a>.<\/li>\n<\/ul>\n\n\n\n<ul class=\"wp-block-list\">\n<li>O valor dos<strong>&nbsp;proventos<\/strong>&nbsp;por a\u00e7\u00e3o da Camil ser\u00e1 de R$ 0,071, que ser\u00e3o pagos em no dia 14 de junho.<\/li>\n<\/ul>\n\n\n\n<ul class=\"wp-block-list\">\n<li>Apenas os investidores com&nbsp;<strong>a\u00e7\u00f5es da Camil<\/strong>&nbsp;no dia 4 de junho ter\u00e3o direito de receber os&nbsp;<strong>rendimentos<\/strong>. A partir do dia 5 de junho, as a\u00e7\u00f5es&nbsp;<strong>CAML3<\/strong>&nbsp;ser\u00e3o negociadas sem direito aos&nbsp;<a href=\"https:\/\/www.suno.com.br\/guias\/dividendos\/\" target=\"_blank\" rel=\"noreferrer noopener\">dividendos<\/a>.<\/li>\n<\/ul>\n\n\n\n<ul class=\"wp-block-list\">\n<li>Segundo documento arquivado na Comiss\u00e3o de Valores Mobili\u00e1rios (CVM), esses proventos fazem parte dos&nbsp;<a href=\"https:\/\/www.suno.com.br\/guias\/dividendos\/\" target=\"_blank\" rel=\"noreferrer noopener\">dividendos<\/a>&nbsp;obrigat\u00f3rios do exerc\u00edcio de 2021.<\/li>\n<\/ul>\n\n\n\n<ul class=\"wp-block-list\">\n<li>O valor indicado dos proventos poder\u00e1 ser atualizado em decorr\u00eancia das opera\u00e7\u00f5es do programa de recompra vigente, caso haja movimenta\u00e7\u00e3o.<\/li>\n<\/ul>\n\n\n\n<h2 class=\"wp-block-heading\">JCP da Camil<\/h2>\n\n\n\n<ul class=\"wp-block-list\">\n<li><strong>Valor total:<\/strong>&nbsp;R$ 25 milh\u00f5es<\/li>\n\n\n\n<li><strong>Valor por a\u00e7\u00e3o:<\/strong>&nbsp;R$ 0,071777203<\/li>\n\n\n\n<li><strong>Data de corte:<\/strong>&nbsp;4 de junho<\/li>\n\n\n\n<li><strong>Data do pagamento:<\/strong>&nbsp;14 de junho<\/li>\n\n\n\n<li><strong>Rendimento (dividend yield):<\/strong>&nbsp;1,02%<\/li>\n<\/ul>\n\n\n\n<ul class=\"wp-block-list\">\n<li>No preg\u00e3o desta ter\u00e7a (30) os pap\u00e9is caem cerca de 2%, cotados a R$ 6,97. No ano, os pap\u00e9is acumulam uma retra\u00e7\u00e3o de cerca de 12%.<\/li>\n<\/ul>\n\n\n\n<p>Da Americanas a Magazine Luiza, essas foram as empresas que se destacaram hoje. Para ler todas as mat\u00e9rias&nbsp;<strong><a href=\"https:\/\/www.suno.com.br\/noticias\/todos\/?utm_content=XYOE2ItQuUY.20201113&amp;utm_campaign=Track%2B&amp;utm_medium=video&amp;utm_source=youtube.noticias\" target=\"_blank\" rel=\"noreferrer noopener\">clique aqui<\/a><\/strong>.<a href=\"https:\/\/lp.suno.com.br\/minicurso-investindo-fiis\/?utm_content=XYOE2ItQuUY.20201113&amp;utm_campaign=Track%2B&amp;utm_medium=video&amp;utm_source=youtube.noticias\" target=\"_blank\" rel=\"noreferrer noopener\"><\/a><a href=\"https:\/\/lp.suno.com.br\/ebook-investindo-em-dividendos\/?utm_content=XYOE2ItQuUY.20201113&amp;utm_campaign=Track%2B&amp;utm_medium=video&amp;utm_source=youtube.noticias\" target=\"_blank\" rel=\"noreferrer noopener\"><\/a><a href=\"https:\/\/lp.suno.com.br\/ebook-como-analisar-uma-acao\/?utm_content=XYOE2ItQuUY.20201113&amp;utm_campaign=Track%2B&amp;utm_medium=video&amp;utm_source=youtube.noticias\" target=\"_blank\" rel=\"noreferrer noopener\"><\/a><a href=\"https:\/\/lp.suno.com.br\/planilha-da-vida-financeira\/?utm_content=XYOE2ItQuUY.20201113&amp;utm_campaign=Track%2B&amp;utm_medium=video&amp;utm_source=youtube.noticias\" target=\"_blank\" rel=\"noreferrer noopener\"><\/a><a href=\"https:\/\/lp.suno.com.br\/plataforma-de-controle-de-investimentos\/?utm_content=XYOE2ItQuUY.20201113&amp;utm_campaign=Track%2B&amp;utm_medium=video&amp;utm_source=youtube.noticias\" target=\"_blank\" rel=\"noreferrer noopener\"><\/a><a href=\"https:\/\/lp.suno.com.br\/ebook-como-analisar-uma-acao\/?utm_content=XYOE2ItQuUY.20201113&amp;utm_campaign=Track%2B&amp;utm_medium=video&amp;utm_source=youtube.noticias\" target=\"_blank\" rel=\"noreferrer noopener\"><\/a><a href=\"https:\/\/lp.suno.com.br\/suno-one\/?utm_content=XYOE2ItQuUY.20201113&amp;utm_campaign=Track%2B&amp;utm_medium=video&amp;utm_source=youtube.noticias\" target=\"_blank\" rel=\"noreferrer noopener\"><\/a><a href=\"https:\/\/lp.suno.com.br\/suno-one\/?utm_content=XYOE2ItQuUY.20201113&amp;utm_campaign=Track%2B&amp;utm_medium=video&amp;utm_source=youtube.noticias\" target=\"_blank\" rel=\"noreferrer noopener\"><\/a><a href=\"https:\/\/lp.suno.com.br\/suno-one\/?utm_content=XYOE2ItQuUY.20201113&amp;utm_campaign=Track%2B&amp;utm_medium=video&amp;utm_source=youtube.noticias\" target=\"_blank\" rel=\"noreferrer noopener\"><\/a><a href=\"https:\/\/lp.suno.com.br\/ebook-como-analisar-uma-acao\/\" target=\"_blank\" rel=\"noreferrer noopener\"><\/a><a href=\"https:\/\/lp.suno.com.br\/suno-one\/\" target=\"_blank\" rel=\"noreferrer noopener\"><\/a><a href=\"https:\/\/lp.suno.com.br\/suno-one\/\" target=\"_blank\" rel=\"noreferrer noopener\"><\/a><a href=\"https:\/\/lp.suno.com.br\/suno-one\/\" target=\"_blank\" rel=\"noreferrer noopener\"><\/a><a href=\"https:\/\/lp.suno.com.br\/suno-one\/\" target=\"_blank\" rel=\"noreferrer noopener\"><\/a><\/p>\n\n\n\t<p>\n\t\t<a href=\"https:\/\/lp.suno.com.br\/suno-one\/?utm_campaign=_SNC6964518A_\" target=\"_blank\" data-element=\"shortcode-suno-banner\" title=\"Banner SUNO, clique e saiba mais\">\n\t\t\t<picture>\n\t\t\t\t<source media=\"(max-width: 500px)\" srcset=\"https:\/\/files.sunoresearch.com.br\/n\/uploads\/2025\/09\/400x300-Suno-One-png.webp\">\n\t\t\t\t<img class=\"newsContent__article__imgCapa newsContent__article__imgCapa--banner\"\n\t\t\t\t\tsrc=\"https:\/\/files.sunoresearch.com.br\/n\/uploads\/2025\/09\/1420x240-Suno-One-png.webp\"\n\t\t\t\t\tdata-promo-id=\"383121\"\t\t\t\t\t\t\t\t\t\twidth='1420' height='240'\t\t\t\t\talt=\"https:\/\/files.sunoresearch.com.br\/n\/uploads\/2025\/09\/1420x240-Suno-One-png.webp\"\n\t\t\t\t>\n\t\t\t<\/picture>\n\t\t<\/a>\n\t<\/p>\n\n\n","protected":false},"excerpt":{"rendered":"<p>A CPI da&nbsp;Americanas&nbsp;(AMER3)&nbsp;aprovou nesta ter\u00e7a (30) o convite para que o ex-presidente da varejista, Miguel Gutierrez, seja convidado a comparecer \u00e0 C\u00e2mara dos Deputados e prestar esclarecimentos sobre a crise cont\u00e1bil da empresa. O executivo liderou a companhia no per\u00edodo em que ocorreram as \u201cinconsist\u00eancias cont\u00e1beis\u201d que culminaram no pedido de&nbsp;recupera\u00e7\u00e3o judicial. Americanas (AMER3) &#8211; [&hellip;]<\/p>\n","protected":false},"author":227,"featured_media":397195,"comment_status":"closed","ping_status":"closed","sticky":false,"template":"","format":"standard","meta":[],"categories":[64],"tags":[106075,106605,732,403,407,548,595,97380,106935],"suno_strategy":[],"class_list":["post-410885","post","type-post","status-publish","format-standard","has-post-thumbnail","hentry","category-negocios","tag-aes-brasil-aesb3","tag-americanas-s-a-amer3","tag-banco-do-brasil-bbas3","tag-camil-caml3","tag-ccr-ccro3","tag-magazine-luiza-mglu3","tag-petrobras-petr4","tag-petz-petz3","tag-via-viia3"],"yoast_head":"<!-- This site is optimized with the Yoast SEO plugin v24.4 - https:\/\/yoast.com\/wordpress\/plugins\/seo\/ -->\n<title>Radar: CPI da Americanas (AMER3) quer ouvir ex-presidente, CCR (CCRO3) aprova recompra de a\u00e7\u00f5es e Magazine Luiza (MGLU3) e varejistas caem na Bolsa<\/title>\n<meta name=\"description\" content=\"CPI da Americanas (AMER3) quer depoimento de ex-presidente, CCR (CCRO3) aprova recompra de a\u00e7\u00f5es e Magalu (MGLU3) e varejistas caem na Bolsa\" \/>\n<meta name=\"robots\" content=\"index, follow, max-snippet:-1, max-image-preview:large, max-video-preview:-1\" \/>\n<link rel=\"canonical\" href=\"https:\/\/www.suno.com.br\/noticias\/radar-americanas-amer3-ccr-ccro3-magalu-mglu3\/\" \/>\n<meta property=\"og:locale\" content=\"pt_BR\" \/>\n<meta property=\"og:type\" content=\"article\" \/>\n<meta property=\"og:title\" content=\"Radar: CPI da Americanas (AMER3) quer ouvir ex-presidente, CCR (CCRO3) aprova recompra de a\u00e7\u00f5es e Magazine Luiza (MGLU3) e varejistas caem na Bolsa\" \/>\n<meta property=\"og:description\" content=\"CPI da Americanas (AMER3) quer depoimento de ex-presidente, CCR (CCRO3) aprova recompra de a\u00e7\u00f5es e Magalu (MGLU3) e varejistas caem na Bolsa\" \/>\n<meta property=\"og:url\" content=\"https:\/\/www.suno.com.br\/noticias\/radar-americanas-amer3-ccr-ccro3-magalu-mglu3\/\" \/>\n<meta property=\"og:site_name\" content=\"Suno Not\u00edcias\" \/>\n<meta property=\"article:publisher\" content=\"https:\/\/facebook.com\/sunoresearch\" \/>\n<meta property=\"og:image\" content=\"https:\/\/files.sunoresearch.com.br\/n\/uploads\/2023\/04\/americanas-amer3-fachada-loja-crise-foto-divulgacao.jpg\" \/>\n\t<meta property=\"og:image:width\" content=\"1250\" \/>\n\t<meta property=\"og:image:height\" content=\"833\" \/>\n\t<meta property=\"og:image:type\" content=\"image\/jpeg\" \/>\n<meta name=\"author\" content=\"Vanessa Loiola\" \/>\n<meta name=\"twitter:card\" content=\"summary_large_image\" \/>\n<meta name=\"twitter:creator\" content=\"@sunoresearch\" \/>\n<meta name=\"twitter:site\" content=\"@sunoresearch\" \/>\n<meta name=\"twitter:label1\" content=\"Escrito por\" \/>\n\t<meta name=\"twitter:data1\" content=\"Vanessa Loiola\" \/>\n\t<meta name=\"twitter:label2\" content=\"Est. tempo de leitura\" \/>\n\t<meta name=\"twitter:data2\" content=\"12 minutos\" \/>\n<script type=\"application\/ld+json\" class=\"yoast-schema-graph\">{\"@context\":\"https:\/\/schema.org\",\"@graph\":[{\"@type\":\"NewsArticle\",\"@id\":\"https:\/\/www.suno.com.br\/noticias\/radar-americanas-amer3-ccr-ccro3-magalu-mglu3\/#article\",\"isPartOf\":{\"@id\":\"https:\/\/www.suno.com.br\/noticias\/radar-americanas-amer3-ccr-ccro3-magalu-mglu3\/\"},\"author\":{\"name\":\"Vanessa Loiola\",\"@id\":\"https:\/\/www.suno.com.br\/noticias\/#\/schema\/person\/450c455ecff319bab1f1a0e643451479\"},\"headline\":\"Radar: CPI da Americanas (AMER3) quer ouvir ex-presidente, CCR (CCRO3) aprova recompra de a\u00e7\u00f5es e Magazine Luiza (MGLU3) e varejistas caem na Bolsa\",\"datePublished\":\"2023-05-31T00:49:15+00:00\",\"dateModified\":\"2023-05-31T00:49:33+00:00\",\"mainEntityOfPage\":{\"@id\":\"https:\/\/www.suno.com.br\/noticias\/radar-americanas-amer3-ccr-ccro3-magalu-mglu3\/\"},\"wordCount\":2419,\"publisher\":{\"@id\":\"https:\/\/www.suno.com.br\/noticias\/#organization\"},\"image\":{\"@id\":\"https:\/\/www.suno.com.br\/noticias\/radar-americanas-amer3-ccr-ccro3-magalu-mglu3\/#primaryimage\"},\"thumbnailUrl\":\"https:\/\/files.sunoresearch.com.br\/n\/uploads\/2023\/04\/americanas-amer3-fachada-loja-crise-foto-divulgacao.jpg\",\"keywords\":[\"AES Brasil (AESB3)\",\"Americanas (AMER3)\",\"Banco do Brasil (BBAS3)\",\"Camil (CAML3)\",\"CCR (CCRO3)\",\"Magazine Luiza (MGLU3)\",\"Petrobras (PETR4)\",\"Petz (PETZ3)\",\"Via (VIIA3)\"],\"articleSection\":[\"Neg\u00f3cios\"],\"inLanguage\":\"pt-BR\"},{\"@type\":\"WebPage\",\"@id\":\"https:\/\/www.suno.com.br\/noticias\/radar-americanas-amer3-ccr-ccro3-magalu-mglu3\/\",\"url\":\"https:\/\/www.suno.com.br\/noticias\/radar-americanas-amer3-ccr-ccro3-magalu-mglu3\/\",\"name\":\"Radar: CPI da Americanas (AMER3) quer ouvir ex-presidente, CCR (CCRO3) aprova recompra de a\u00e7\u00f5es e Magazine Luiza (MGLU3) e varejistas caem na Bolsa\",\"isPartOf\":{\"@id\":\"https:\/\/www.suno.com.br\/noticias\/#website\"},\"primaryImageOfPage\":{\"@id\":\"https:\/\/www.suno.com.br\/noticias\/radar-americanas-amer3-ccr-ccro3-magalu-mglu3\/#primaryimage\"},\"image\":{\"@id\":\"https:\/\/www.suno.com.br\/noticias\/radar-americanas-amer3-ccr-ccro3-magalu-mglu3\/#primaryimage\"},\"thumbnailUrl\":\"https:\/\/files.sunoresearch.com.br\/n\/uploads\/2023\/04\/americanas-amer3-fachada-loja-crise-foto-divulgacao.jpg\",\"datePublished\":\"2023-05-31T00:49:15+00:00\",\"dateModified\":\"2023-05-31T00:49:33+00:00\",\"description\":\"CPI da Americanas (AMER3) quer depoimento de ex-presidente, CCR (CCRO3) aprova recompra de a\u00e7\u00f5es e Magalu (MGLU3) e varejistas caem na Bolsa\",\"breadcrumb\":{\"@id\":\"https:\/\/www.suno.com.br\/noticias\/radar-americanas-amer3-ccr-ccro3-magalu-mglu3\/#breadcrumb\"},\"inLanguage\":\"pt-BR\",\"potentialAction\":[{\"@type\":\"ReadAction\",\"target\":[\"https:\/\/www.suno.com.br\/noticias\/radar-americanas-amer3-ccr-ccro3-magalu-mglu3\/\"]}]},{\"@type\":\"ImageObject\",\"inLanguage\":\"pt-BR\",\"@id\":\"https:\/\/www.suno.com.br\/noticias\/radar-americanas-amer3-ccr-ccro3-magalu-mglu3\/#primaryimage\",\"url\":\"https:\/\/files.sunoresearch.com.br\/n\/uploads\/2023\/04\/americanas-amer3-fachada-loja-crise-foto-divulgacao.jpg\",\"contentUrl\":\"https:\/\/files.sunoresearch.com.br\/n\/uploads\/2023\/04\/americanas-amer3-fachada-loja-crise-foto-divulgacao.jpg\",\"width\":1250,\"height\":833,\"caption\":\"Americanas (AMER3) - Foto: Divulga\u00e7\u00e3o\"},{\"@type\":\"BreadcrumbList\",\"@id\":\"https:\/\/www.suno.com.br\/noticias\/radar-americanas-amer3-ccr-ccro3-magalu-mglu3\/#breadcrumb\",\"itemListElement\":[{\"@type\":\"ListItem\",\"position\":1,\"name\":\"Not\u00edcias\",\"item\":\"https:\/\/www.suno.com.br\/noticias\/\"},{\"@type\":\"ListItem\",\"position\":2,\"name\":\"Neg\u00f3cios\",\"item\":\"https:\/\/www.suno.com.br\/noticias\/negocios\/\"},{\"@type\":\"ListItem\",\"position\":3,\"name\":\"Radar: CPI da Americanas (AMER3) quer ouvir ex-presidente, CCR (CCRO3) aprova recompra de a\u00e7\u00f5es e Magazine Luiza (MGLU3) e varejistas caem na Bolsa\"}]},{\"@type\":\"WebSite\",\"@id\":\"https:\/\/www.suno.com.br\/noticias\/#website\",\"url\":\"https:\/\/www.suno.com.br\/noticias\/\",\"name\":\"Suno Not\u00edcias\",\"description\":\"Seu portal de informa\u00e7\u00e3o sobre o mundo dos investimentos\",\"publisher\":{\"@id\":\"https:\/\/www.suno.com.br\/noticias\/#organization\"},\"potentialAction\":[{\"@type\":\"SearchAction\",\"target\":{\"@type\":\"EntryPoint\",\"urlTemplate\":\"https:\/\/www.suno.com.br\/noticias\/?s={search_term_string}\"},\"query-input\":{\"@type\":\"PropertyValueSpecification\",\"valueRequired\":true,\"valueName\":\"search_term_string\"}}],\"inLanguage\":\"pt-BR\"},{\"@type\":\"Organization\",\"@id\":\"https:\/\/www.suno.com.br\/noticias\/#organization\",\"name\":\"Suno Not\u00edcias\",\"url\":\"https:\/\/www.suno.com.br\/noticias\/\",\"logo\":{\"@type\":\"ImageObject\",\"inLanguage\":\"pt-BR\",\"@id\":\"https:\/\/www.suno.com.br\/noticias\/#\/schema\/logo\/image\/\",\"url\":\"https:\/\/files.sunoresearch.com.br\/n\/uploads\/2021\/09\/suno-logo.png\",\"contentUrl\":\"https:\/\/files.sunoresearch.com.br\/n\/uploads\/2021\/09\/suno-logo.png\",\"width\":180,\"height\":180,\"caption\":\"Suno Not\u00edcias\"},\"image\":{\"@id\":\"https:\/\/www.suno.com.br\/noticias\/#\/schema\/logo\/image\/\"},\"sameAs\":[\"https:\/\/facebook.com\/sunoresearch\",\"https:\/\/x.com\/sunoresearch\",\"https:\/\/www.instagram.com\/suno\",\"https:\/\/www.linkedin.com\/company\/suno-research\/\",\"https:\/\/www.youtube.com\/c\/sunoresearch\"]},{\"@type\":\"Person\",\"@id\":\"https:\/\/www.suno.com.br\/noticias\/#\/schema\/person\/450c455ecff319bab1f1a0e643451479\",\"name\":\"Vanessa Loiola\",\"image\":{\"@type\":\"ImageObject\",\"inLanguage\":\"pt-BR\",\"@id\":\"https:\/\/www.suno.com.br\/noticias\/#\/schema\/person\/image\/\",\"url\":\"https:\/\/secure.gravatar.com\/avatar\/8b41117f9780831919eb38da349c3f20?s=96&r=g\",\"contentUrl\":\"https:\/\/secure.gravatar.com\/avatar\/8b41117f9780831919eb38da349c3f20?s=96&r=g\",\"caption\":\"Vanessa Loiola\"},\"description\":\"Jornalista formada pela PUC-SP, com experi\u00eancia na cobertura das editorias de economia, finan\u00e7as, bolsa de valores, pol\u00edtica, energia solar e entretenimento. Com passagem pela BM&amp;C News e RedeTV!\",\"url\":\"https:\/\/www.suno.com.br\/noticias\/author\/vanessal-loiolagmail-com\/\"}]}<\/script>\n<!-- \/ Yoast SEO plugin. -->","yoast_head_json":{"title":"Radar: CPI da Americanas (AMER3) quer ouvir ex-presidente, CCR (CCRO3) aprova recompra de a\u00e7\u00f5es e Magazine Luiza (MGLU3) e varejistas caem na Bolsa","description":"CPI da Americanas (AMER3) quer depoimento de ex-presidente, CCR (CCRO3) aprova recompra de a\u00e7\u00f5es e Magalu (MGLU3) e varejistas caem na Bolsa","robots":{"index":"index","follow":"follow","max-snippet":"max-snippet:-1","max-image-preview":"max-image-preview:large","max-video-preview":"max-video-preview:-1"},"canonical":"https:\/\/www.suno.com.br\/noticias\/radar-americanas-amer3-ccr-ccro3-magalu-mglu3\/","og_locale":"pt_BR","og_type":"article","og_title":"Radar: CPI da Americanas (AMER3) quer ouvir ex-presidente, CCR (CCRO3) aprova recompra de a\u00e7\u00f5es e Magazine Luiza (MGLU3) e varejistas caem na Bolsa","og_description":"CPI da Americanas (AMER3) quer depoimento de ex-presidente, CCR (CCRO3) aprova recompra de a\u00e7\u00f5es e Magalu (MGLU3) e varejistas caem na Bolsa","og_url":"https:\/\/www.suno.com.br\/noticias\/radar-americanas-amer3-ccr-ccro3-magalu-mglu3\/","og_site_name":"Suno Not\u00edcias","article_publisher":"https:\/\/facebook.com\/sunoresearch","og_image":[{"width":1250,"height":833,"url":"https:\/\/files.sunoresearch.com.br\/n\/uploads\/2023\/04\/americanas-amer3-fachada-loja-crise-foto-divulgacao.jpg","type":"image\/jpeg"}],"author":"Vanessa Loiola","twitter_card":"summary_large_image","twitter_creator":"@sunoresearch","twitter_site":"@sunoresearch","twitter_misc":{"Escrito por":"Vanessa Loiola","Est. tempo de leitura":"12 minutos"},"schema":{"@context":"https:\/\/schema.org","@graph":[{"@type":"NewsArticle","@id":"https:\/\/www.suno.com.br\/noticias\/radar-americanas-amer3-ccr-ccro3-magalu-mglu3\/#article","isPartOf":{"@id":"https:\/\/www.suno.com.br\/noticias\/radar-americanas-amer3-ccr-ccro3-magalu-mglu3\/"},"author":{"name":"Vanessa Loiola","@id":"https:\/\/www.suno.com.br\/noticias\/#\/schema\/person\/450c455ecff319bab1f1a0e643451479"},"headline":"Radar: CPI da Americanas (AMER3) quer ouvir ex-presidente, CCR (CCRO3) aprova recompra de a\u00e7\u00f5es e Magazine Luiza (MGLU3) e varejistas caem na Bolsa","datePublished":"2023-05-31T00:49:15+00:00","dateModified":"2023-05-31T00:49:33+00:00","mainEntityOfPage":{"@id":"https:\/\/www.suno.com.br\/noticias\/radar-americanas-amer3-ccr-ccro3-magalu-mglu3\/"},"wordCount":2419,"publisher":{"@id":"https:\/\/www.suno.com.br\/noticias\/#organization"},"image":{"@id":"https:\/\/www.suno.com.br\/noticias\/radar-americanas-amer3-ccr-ccro3-magalu-mglu3\/#primaryimage"},"thumbnailUrl":"https:\/\/files.sunoresearch.com.br\/n\/uploads\/2023\/04\/americanas-amer3-fachada-loja-crise-foto-divulgacao.jpg","keywords":["AES Brasil (AESB3)","Americanas (AMER3)","Banco do Brasil (BBAS3)","Camil (CAML3)","CCR (CCRO3)","Magazine Luiza (MGLU3)","Petrobras (PETR4)","Petz (PETZ3)","Via (VIIA3)"],"articleSection":["Neg\u00f3cios"],"inLanguage":"pt-BR"},{"@type":"WebPage","@id":"https:\/\/www.suno.com.br\/noticias\/radar-americanas-amer3-ccr-ccro3-magalu-mglu3\/","url":"https:\/\/www.suno.com.br\/noticias\/radar-americanas-amer3-ccr-ccro3-magalu-mglu3\/","name":"Radar: CPI da Americanas (AMER3) quer ouvir ex-presidente, CCR (CCRO3) aprova recompra de a\u00e7\u00f5es e Magazine Luiza (MGLU3) e varejistas caem na Bolsa","isPartOf":{"@id":"https:\/\/www.suno.com.br\/noticias\/#website"},"primaryImageOfPage":{"@id":"https:\/\/www.suno.com.br\/noticias\/radar-americanas-amer3-ccr-ccro3-magalu-mglu3\/#primaryimage"},"image":{"@id":"https:\/\/www.suno.com.br\/noticias\/radar-americanas-amer3-ccr-ccro3-magalu-mglu3\/#primaryimage"},"thumbnailUrl":"https:\/\/files.sunoresearch.com.br\/n\/uploads\/2023\/04\/americanas-amer3-fachada-loja-crise-foto-divulgacao.jpg","datePublished":"2023-05-31T00:49:15+00:00","dateModified":"2023-05-31T00:49:33+00:00","description":"CPI da Americanas (AMER3) quer depoimento de ex-presidente, CCR (CCRO3) aprova recompra de a\u00e7\u00f5es e Magalu (MGLU3) e varejistas caem na Bolsa","breadcrumb":{"@id":"https:\/\/www.suno.com.br\/noticias\/radar-americanas-amer3-ccr-ccro3-magalu-mglu3\/#breadcrumb"},"inLanguage":"pt-BR","potentialAction":[{"@type":"ReadAction","target":["https:\/\/www.suno.com.br\/noticias\/radar-americanas-amer3-ccr-ccro3-magalu-mglu3\/"]}]},{"@type":"ImageObject","inLanguage":"pt-BR","@id":"https:\/\/www.suno.com.br\/noticias\/radar-americanas-amer3-ccr-ccro3-magalu-mglu3\/#primaryimage","url":"https:\/\/files.sunoresearch.com.br\/n\/uploads\/2023\/04\/americanas-amer3-fachada-loja-crise-foto-divulgacao.jpg","contentUrl":"https:\/\/files.sunoresearch.com.br\/n\/uploads\/2023\/04\/americanas-amer3-fachada-loja-crise-foto-divulgacao.jpg","width":1250,"height":833,"caption":"Americanas (AMER3) - Foto: Divulga\u00e7\u00e3o"},{"@type":"BreadcrumbList","@id":"https:\/\/www.suno.com.br\/noticias\/radar-americanas-amer3-ccr-ccro3-magalu-mglu3\/#breadcrumb","itemListElement":[{"@type":"ListItem","position":1,"name":"Not\u00edcias","item":"https:\/\/www.suno.com.br\/noticias\/"},{"@type":"ListItem","position":2,"name":"Neg\u00f3cios","item":"https:\/\/www.suno.com.br\/noticias\/negocios\/"},{"@type":"ListItem","position":3,"name":"Radar: CPI da Americanas (AMER3) quer ouvir ex-presidente, CCR (CCRO3) aprova recompra de a\u00e7\u00f5es e Magazine Luiza (MGLU3) e varejistas caem na Bolsa"}]},{"@type":"WebSite","@id":"https:\/\/www.suno.com.br\/noticias\/#website","url":"https:\/\/www.suno.com.br\/noticias\/","name":"Suno Not\u00edcias","description":"Seu portal de informa\u00e7\u00e3o sobre o mundo dos investimentos","publisher":{"@id":"https:\/\/www.suno.com.br\/noticias\/#organization"},"potentialAction":[{"@type":"SearchAction","target":{"@type":"EntryPoint","urlTemplate":"https:\/\/www.suno.com.br\/noticias\/?s={search_term_string}"},"query-input":{"@type":"PropertyValueSpecification","valueRequired":true,"valueName":"search_term_string"}}],"inLanguage":"pt-BR"},{"@type":"Organization","@id":"https:\/\/www.suno.com.br\/noticias\/#organization","name":"Suno Not\u00edcias","url":"https:\/\/www.suno.com.br\/noticias\/","logo":{"@type":"ImageObject","inLanguage":"pt-BR","@id":"https:\/\/www.suno.com.br\/noticias\/#\/schema\/logo\/image\/","url":"https:\/\/files.sunoresearch.com.br\/n\/uploads\/2021\/09\/suno-logo.png","contentUrl":"https:\/\/files.sunoresearch.com.br\/n\/uploads\/2021\/09\/suno-logo.png","width":180,"height":180,"caption":"Suno Not\u00edcias"},"image":{"@id":"https:\/\/www.suno.com.br\/noticias\/#\/schema\/logo\/image\/"},"sameAs":["https:\/\/facebook.com\/sunoresearch","https:\/\/x.com\/sunoresearch","https:\/\/www.instagram.com\/suno","https:\/\/www.linkedin.com\/company\/suno-research\/","https:\/\/www.youtube.com\/c\/sunoresearch"]},{"@type":"Person","@id":"https:\/\/www.suno.com.br\/noticias\/#\/schema\/person\/450c455ecff319bab1f1a0e643451479","name":"Vanessa Loiola","image":{"@type":"ImageObject","inLanguage":"pt-BR","@id":"https:\/\/www.suno.com.br\/noticias\/#\/schema\/person\/image\/","url":"https:\/\/secure.gravatar.com\/avatar\/8b41117f9780831919eb38da349c3f20?s=96&r=g","contentUrl":"https:\/\/secure.gravatar.com\/avatar\/8b41117f9780831919eb38da349c3f20?s=96&r=g","caption":"Vanessa Loiola"},"description":"Jornalista formada pela PUC-SP, com experi\u00eancia na cobertura das editorias de economia, finan\u00e7as, bolsa de valores, pol\u00edtica, energia solar e entretenimento. Com passagem pela BM&amp;C News e RedeTV!","url":"https:\/\/www.suno.com.br\/noticias\/author\/vanessal-loiolagmail-com\/"}]}},"default_loop_html":"<div class=\"cardsPage__listCard__boxs\"><div class=\"cardsPage__listCard__boxs__img\"><a href=\"https:\/\/www.suno.com.br\/noticias\/radar-americanas-amer3-ccr-ccro3-magalu-mglu3\/\"><img class=\"mask\" src=\"https:\/\/www.suno.com.br\/noticias\/wp-content\/themes\/suno\/resources\/images\/spotlight\/spotlight1img\/bg-mask.png\" alt=\"Image Mask\"\/><img src=\"https:\/\/files.sunoresearch.com.br\/n\/uploads\/2023\/04\/americanas-amer3-fachada-loja-crise-foto-divulgacao-400x200.jpg\" alt=\"Radar: CPI da Americanas (AMER3) quer ouvir ex-presidente, CCR (CCRO3) aprova recompra de a\u00e7\u00f5es e Magazine Luiza (MGLU3) e varejistas caem na Bolsa\"\/><\/a><span class=\"spotlightCategory\"><a href=\"https:\/\/www.suno.com.br\/noticias\/negocios\/\">Neg\u00f3cios<\/a><\/span><\/div><div class=\"cardsPage__listCard__boxs__content\"><a href=\"https:\/\/www.suno.com.br\/noticias\/radar-americanas-amer3-ccr-ccro3-magalu-mglu3\/\"><h2 class=\"content__title\">Radar: CPI da Americanas (AMER3) quer ouvir ex-presidente, CCR (CCRO3) aprova recompra de a\u00e7\u00f5es e Magazine Luiza (MGLU3) e varejistas caem na Bolsa<\/h2><\/a><div class=\"newsContent__article__meta\"><div class=\"newsContent__article__meta__authorBox\"><a href=\"https:\/\/www.suno.com.br\/noticias\/author\/vanessal-loiolagmail-com\/\" class=\"authorBox__avatar noMobi\"><img src=\"https:\/\/secure.gravatar.com\/avatar\/8b41117f9780831919eb38da349c3f20?s=96&#038;r=g\" alt=\"Vanessa Loiola\"><\/a><div class=\"authorBox__name\"><span>por\n\t\t\t<a href=\"https:\/\/www.suno.com.br\/noticias\/author\/vanessal-loiolagmail-com\/\"><span itemprop=\"author\">Vanessa Loiola<\/span><\/a><\/span><time datetime=\"2023-05-30T21:49:15-03:00\" itemprop=\"datePublished\">30\/05\/2023 21:49<\/time><\/div><\/div><\/div><\/div><\/div>","single_layout":"posts","amp_enabled":true,"_links":{"self":[{"href":"https:\/\/www.suno.com.br\/noticias\/wp-json\/wp\/v2\/posts\/410885"}],"collection":[{"href":"https:\/\/www.suno.com.br\/noticias\/wp-json\/wp\/v2\/posts"}],"about":[{"href":"https:\/\/www.suno.com.br\/noticias\/wp-json\/wp\/v2\/types\/post"}],"author":[{"embeddable":true,"href":"https:\/\/www.suno.com.br\/noticias\/wp-json\/wp\/v2\/users\/227"}],"replies":[{"embeddable":true,"href":"https:\/\/www.suno.com.br\/noticias\/wp-json\/wp\/v2\/comments?post=410885"}],"version-history":[{"count":2,"href":"https:\/\/www.suno.com.br\/noticias\/wp-json\/wp\/v2\/posts\/410885\/revisions"}],"predecessor-version":[{"id":410920,"href":"https:\/\/www.suno.com.br\/noticias\/wp-json\/wp\/v2\/posts\/410885\/revisions\/410920"}],"wp:featuredmedia":[{"embeddable":true,"href":"https:\/\/www.suno.com.br\/noticias\/wp-json\/wp\/v2\/media\/397195"}],"wp:attachment":[{"href":"https:\/\/www.suno.com.br\/noticias\/wp-json\/wp\/v2\/media?parent=410885"}],"wp:term":[{"taxonomy":"category","embeddable":true,"href":"https:\/\/www.suno.com.br\/noticias\/wp-json\/wp\/v2\/categories?post=410885"},{"taxonomy":"post_tag","embeddable":true,"href":"https:\/\/www.suno.com.br\/noticias\/wp-json\/wp\/v2\/tags?post=410885"},{"taxonomy":"suno_strategy","embeddable":true,"href":"https:\/\/www.suno.com.br\/noticias\/wp-json\/wp\/v2\/suno_strategy?post=410885"}],"curies":[{"name":"wp","href":"https:\/\/api.w.org\/{rel}","templated":true}]}}