{"id":410859,"date":"2023-05-30T20:44:07","date_gmt":"2023-05-30T23:44:07","guid":{"rendered":"https:\/\/www.suno.com.br\/noticias\/?p=410859"},"modified":"2023-05-30T21:35:21","modified_gmt":"2023-05-31T00:35:21","slug":"aes-brasil-aesb3-presidente-clarissa-sadock-renuncia","status":"publish","type":"post","link":"https:\/\/www.suno.com.br\/noticias\/aes-brasil-aesb3-presidente-clarissa-sadock-renuncia\/","title":{"rendered":"Presidente da AES Brasil (AESB3), Clarissa Sadock renuncia ao cargo e vai para a Vibra (VBBR3)"},"content":{"rendered":"<p>O <a class=\"suno-keyword\" target=\"_blank\" data-force=\"no\" data-priority=\"1\" href=\"https:\/\/www.suno.com.br\/artigos\/conselho-administracao\/\" rel=\"noopener\">conselho de administra\u00e7\u00e3o<\/a> da <strong>AES Brasil <\/strong>(AESB3) comunicou nesta ter\u00e7a-feira, 30, que recebeu a carta de ren\u00fancia da diretora-presidente da companhia, Clarissa Della Nina Sadock Accorsi, por motivos pessoais, com efeito a partir do dia 30 de junho pr\u00f3ximo.<\/p>\t<div class=\"wrapper-featured-image\">\n\t\t<figure class=\"spotlightImg\">\n\n\t\t\t<picture>\n\t\t\t\t<source media=\"(max-width: 768px)\" srcset=\"https:\/\/files.sunoresearch.com.br\/n\/uploads\/2023\/05\/Clarissa-Sadock-AES-Brasil-400x200.jpg\">\n\t\t\t\t<img loading=\"lazy\" decoding=\"async\" class=\"newsContent__article__imgCapa lazyloadDisabled \" src=\"https:\/\/files.sunoresearch.com.br\/n\/uploads\/2023\/05\/Clarissa-Sadock-AES-Brasil-800x450.jpg\" width=\"800\" height=\"450\" alt=\"Presidente da AES Brasil (AESB3), Clarissa Sadock renuncia ao cargo e vai para a Vibra (VBBR3)\" fetchpriority=high \/>\n\t\t\t<\/picture>\n\n\t\t\t<figcaption class=\"wp-caption-text wp-caption-text--show\">AES Brasil: Clarissa Sadock deixa cargo de CEO da empresa. Foto: Divulga\u00e7\u00e3o<\/figcaption>\n\t\t<\/figure>\n\t<\/div>\n\n\n\n\n\n\t<p>\n\t\t<a href=\"https:\/\/lp.suno.com.br\/planilha-da-vida-financeira\/\" target=\"_blank\" data-element=\"shortcode-suno-banner\" title=\"Banner SUNO, clique e saiba mais\">\n\t\t\t<picture>\n\t\t\t\t<source media=\"(max-width: 500px)\" srcset=\"https:\/\/files.sunoresearch.com.br\/n\/uploads\/2023\/04\/400x300-Planilha-vida-financeira-true.png\">\n\t\t\t\t<img class=\"newsContent__article__imgCapa newsContent__article__imgCapa--banner\"\n\t\t\t\t\tsrc=\"https:\/\/files.sunoresearch.com.br\/n\/uploads\/2023\/04\/1420x240-Planilha-vida-financeira-true.png\"\n\t\t\t\t\tdata-promo-id=\"106682\"\t\t\t\t\t\t\t\t\t\twidth='1420' height='240'\t\t\t\t\talt=\"https:\/\/files.sunoresearch.com.br\/n\/uploads\/2023\/04\/1420x240-Planilha-vida-financeira-true.png\"\n\t\t\t\t>\n\t\t\t<\/picture>\n\t\t<\/a>\n\t<\/p>\n\n\n\n\n\n<p>Segundo comunicado da companhia, o <a class=\"suno-keyword\" target=\"_blank\" data-force=\"no\" data-priority=\"1\" href=\"https:\/\/www.suno.com.br\/artigos\/conselho-administracao\/\" rel=\"noopener\">conselho de administra\u00e7\u00e3o<\/a> iniciou o processo de sucess\u00e3o. Durante esse per\u00edodo, Rog\u00e9rio Pereira Jorge, atual vice-presidente comercial, acumular\u00e1 suas fun\u00e7\u00f5es com as de diretor-presidente., no lugar da CEO Clarissa Della Nina Sadock <\/p>\n\n\n\n<h2 class=\"wp-block-heading\">Ex-CEO vai para a Vibra (VBBR3)<\/h2>\n\n\n\n<p>A <a class=\"suno-keyword\" target=\"_blank\" data-force=\"yes\" data-priority=\"2\" href=\"https:\/\/www.suno.com.br\/acoes\/vbbr3\/\" rel=\"noopener\">Vibra (VBBR3)<\/a> anunciou nesta ter\u00e7a-feira, 30, ao mercado que promoveu uma reestrutura\u00e7\u00e3o organizacional, criando duas novas vice-presid\u00eancias e nomeando Augusto Ribeiro como vice-presidente executivo de Finan\u00e7as, Compras e RI, com prazo de gest\u00e3o de dois anos, a partir de 3 de julho de 2023.<\/p>\n\n\n\n<p>Para a nova vice-presid\u00eancia de Energia Renov\u00e1vel e ESG, foi escolhida Clarissa Sadock. J\u00e1 para nova vice-presid\u00eancia de Gente e Tecnologia, foi nomeado Aspen Andersen.<\/p>\n\n\n\n<p>Sadock renunciou nesta ter\u00e7a-feira \u00e0 presid\u00eancia da AES Brasil.<\/p>\n\n\n\n<p>&#8220;Ao criar essa vice-presid\u00eancia (Energia Renov\u00e1vel e ESG), a Vibra entende que estar\u00e1 refor\u00e7ando o foco necess\u00e1rio \u00e0 consolida\u00e7\u00e3o dos seus neg\u00f3cios em energias renov\u00e1veis, acelerando a captura de sinergias e a integra\u00e7\u00e3o da companhia com as diversas joint ventures estabelecidas recentemente, visando materializar a estrat\u00e9gia de posicionamento frente aos desafios da transi\u00e7\u00e3o energ\u00e9tica e exig\u00eancias crescentes dos padr\u00f5es de ESG&#8221;, diz o documento da empresa.<\/p>\n\n\n\n<h2 class=\"wp-block-heading\">AES Brasil tem <a class=\"suno-keyword\" target=\"_blank\" data-force=\"no\" data-priority=\"1\" href=\"https:\/\/www.suno.com.br\/artigos\/lucro-liquido\/\" rel=\"noopener\">lucro l\u00edquido<\/a> de R$ 60,4 mi no 1T23, queda de 14,9% na compara\u00e7\u00e3o anual<\/h2>\n\n\n\n<p>A geradora de energia&nbsp;<strong>AES Brasil<\/strong>&nbsp;registrou <a class=\"suno-keyword\" target=\"_blank\" data-force=\"no\" data-priority=\"1\" href=\"https:\/\/www.suno.com.br\/artigos\/lucro-liquido\/\" rel=\"noopener\">lucro l\u00edquido<\/a> de R$ 60,4 milh\u00f5es no primeiro trimestre deste ano, o que corresponde a uma queda de 14,9% ante os R$ 70,9 milh\u00f5es anotados no mesmo per\u00edodo de 2022. Pelo crit\u00e9rio ajustado, que leva em considera\u00e7\u00e3o fatores como a manuten\u00e7\u00e3o bianual das eclusas e fechamento de pre\u00e7o de compra do Complexo Guaimb\u00ea no in\u00edcio do ano passado, e as revers\u00f5es de conting\u00eancias e baixa de ativos decorrente da venda da Inova no atual trimestre, o resultado somou R$ 67,7 milh\u00f5es, mantendo a varia\u00e7\u00e3o em uma baixa pr\u00f3xima de 15%.<\/p>\n\n\n\n<p>O&nbsp;<strong>resultado da AES Brasil<\/strong>&nbsp;foi impacto pelo aumento das <a class=\"suno-keyword\" target=\"_blank\" data-force=\"no\" data-priority=\"1\" href=\"https:\/\/www.suno.com.br\/artigos\/despesas-financeiras\/\" rel=\"noopener\">despesas financeiras<\/a>, em fun\u00e7\u00e3o do maior endividamento da companhia, que passa por um momento de fortes investimentos para colocar em opera\u00e7\u00e3o novos projetos de gera\u00e7\u00e3o. Entre janeiro e mar\u00e7o, a  empresa registrou uma despesa financeira l\u00edquida de R$ 144,8 milh\u00f5es, 52,4% maior que o realizado no primeiro trimestre de 2022.<\/p>\n\n\n\n<p>\u201cIsso ocorreu porque tivemos uma estrat\u00e9gia de caixa em que tomamos d\u00edvidas para que tiv\u00e9ssemos garantia de caixa para fazer os investimentos e n\u00e3o correr o risco de n\u00e3o ter recursos para concluir as obras de Tucano e Caju\u00edna\u201d, explicou o vice-presidente Financeiro e de <a class=\"suno-keyword\" target=\"_blank\" data-force=\"no\" data-priority=\"1\" href=\"https:\/\/www.suno.com.br\/artigos\/relacoes-com-investidores\/\" rel=\"noopener\">Rela\u00e7\u00f5es com Investidores<\/a> da AES Brasil, Alessandro Gregori.<\/p>\n\n\n\n<p>O executivo lembrou que o cen\u00e1rio no mercado financeiro de baixa liquidez e alto custo da&nbsp;<strong>d\u00edvida da AES Brasil<\/strong>&nbsp;fizeram com que a companhia optasse pela capta\u00e7\u00e3o de d\u00edvidas mais curtas, com dura\u00e7\u00e3o de dois anos, esperando um melhor momento para retomar as emiss\u00f5es mais longas.<\/p>\n\n\n\t<p>\n\t\t<a href=\"https:\/\/lp.suno.com.br\/planilha-da-vida-financeira\/\" target=\"_blank\" data-element=\"shortcode-suno-banner\" title=\"Banner SUNO, clique e saiba mais\">\n\t\t\t<picture>\n\t\t\t\t<source media=\"(max-width: 500px)\" srcset=\"https:\/\/files.sunoresearch.com.br\/n\/uploads\/2023\/04\/400x300-Planilha-vida-financeira-true.png\">\n\t\t\t\t<img class=\"newsContent__article__imgCapa newsContent__article__imgCapa--banner\"\n\t\t\t\t\tsrc=\"https:\/\/files.sunoresearch.com.br\/n\/uploads\/2023\/04\/1420x240-Planilha-vida-financeira-true.png\"\n\t\t\t\t\tdata-promo-id=\"106682\"\t\t\t\t\t\t\t\t\t\twidth='1420' height='240'\t\t\t\t\talt=\"https:\/\/files.sunoresearch.com.br\/n\/uploads\/2023\/04\/1420x240-Planilha-vida-financeira-true.png\"\n\t\t\t\t>\n\t\t\t<\/picture>\n\t\t<\/a>\n\t<\/p>\n\n\n\n\n\n<h2 class=\"wp-block-heading\">Aumento do endividamento com projetos em fase de constru\u00e7\u00e3o<\/h2>\n\n\n\n<p>Salientou, no entanto, \u201cque a queda do lucro \u00e9 conjuntural, uma vez que teve aumento do endividamento, enquanto os projetos<em>&nbsp;<\/em>ainda est\u00e3o em fase de constru\u00e7\u00e3o, portanto n\u00e3o geram receita\u201d. Mas salientou que os complexos j\u00e1 est\u00e3o com grande parte de suas turbinas montadas, com perspectiva de comissionamento nos pr\u00f3ximos meses, quando ent\u00e3o passar\u00e3o a gerar caixa.<\/p>\n\n\n\n<p>Do ponto de vista operacional, a empresa registrou bom desempenho. O Lucro Antes de Juros, Impostos, <a class=\"suno-keyword\" target=\"_blank\" data-force=\"no\" data-priority=\"1\" href=\"https:\/\/www.suno.com.br\/artigos\/depreciacao-amortizacao\/\" rel=\"noopener\">Deprecia\u00e7\u00e3o e Amortiza\u00e7\u00e3o<\/a> (<strong>Ebitda da AES Brasil<\/strong>) somou R$ 398,3 milh\u00f5es, alta de 32,5% ante igual etapa do ano passado. O indicador ajustado aumentou 30,6%, para R$ 409,3 milh\u00f5es. A <a class=\"suno-keyword\" target=\"_blank\" data-force=\"no\" data-priority=\"1\" href=\"https:\/\/www.suno.com.br\/artigos\/margem-ebitda\/\" rel=\"noopener\">margem Ebitda<\/a> ajustado saltou 5,8 pontos porcentuais, para 52,1%.<\/p>\n\n\n\n<p>Nos tr\u00eas primeiros meses de 2023, a<strong>&nbsp;receita operacional l\u00edquida da AES Brasil&nbsp;<\/strong>somou R$ 786,3 milh\u00f5es, alta de 16,2%, enquanto a Margem Liquida, correspondente \u00e0 receita menos o custo com energia, somou R$ 559,8 milh\u00f5es, alta de 29,7%, beneficiada pela redu\u00e7\u00e3o de 7,7% com as compras de energia.<\/p>\n\n\n\n<p>Conforme destacou Gregori, houve evolu\u00e7\u00e3o positiva nas margens em todos os segmentos de atua\u00e7\u00e3o da companhia. Na fonte e\u00f3lica, a margem cresceu 107,8 milh\u00f5es, reflexo da alta de 136,5% na gera\u00e7\u00e3o, para 964,9 GWh, em fun\u00e7\u00e3o do aumento da disponibilidade dos parques e dos ventos m\u00e9dios, em rela\u00e7\u00e3o ao ano passado, al\u00e9m do maior n\u00famero de ativos em opera\u00e7\u00e3o, ap\u00f3s aquisi\u00e7\u00e3o da Cubico e do in\u00edcio de opera\u00e7\u00e3o das primeiras turbinas do complexo Tucano.<\/p>\n\n\n\n<p>No segmento hidrel\u00e9trico, a alta na margem foi de R$ 10,8 milh\u00f5es, beneficiada pela redu\u00e7\u00e3o das compras, associada a um crescimento de 29,2% na gera\u00e7\u00e3o bruta de energia, para 3.456 gigawatts-hora (GWh), em fun\u00e7\u00e3o da melhor hidrologia. Na fonte solar, embora tenha havido redu\u00e7\u00e3o da gera\u00e7\u00e3o de 5,7%, para 144,9 GWh, por conta da pior irradi\u00e2ncia nos parques da companhia, a <a class=\"suno-keyword\" target=\"_blank\" data-force=\"no\" data-priority=\"1\" href=\"https:\/\/www.suno.com.br\/artigos\/margem-liquida\/\" rel=\"noopener\">margem l\u00edquida<\/a> R$ 1,7 milh\u00e3o cresceu em decorr\u00eancia do reajuste dos pre\u00e7os do contrato.<\/p>\n\n\n\n<p>Destaque, ainda, para contribui\u00e7\u00e3o do segmento de comercializa\u00e7\u00e3o da&nbsp;<strong>AES Brasil<\/strong>, ap\u00f3s o in\u00edcio da atividade da comercializadora, no segundo semestre do ano passado, e que resultou em uma adi\u00e7\u00e3o de R$ 8,5 milh\u00f5es \u00e0 <a class=\"suno-keyword\" target=\"_blank\" data-force=\"no\" data-priority=\"1\" href=\"https:\/\/www.suno.com.br\/artigos\/margem-liquida\/\" rel=\"noopener\">margem l\u00edquida<\/a> da comercializadora.<\/p>\n\n\n\n<p><em>Com Estad\u00e3o Conte\u00fado<\/em><\/p>\n\n\n\t<p>\n\t\t<a href=\"https:\/\/lp.suno.com.br\/suno-one\/?utm_campaign=_SNC6964518A_\" target=\"_blank\" data-element=\"shortcode-suno-banner\" title=\"Banner SUNO, clique e saiba mais\">\n\t\t\t<picture>\n\t\t\t\t<source media=\"(max-width: 500px)\" srcset=\"https:\/\/files.sunoresearch.com.br\/n\/uploads\/2025\/09\/400x300-Suno-One-png.webp\">\n\t\t\t\t<img class=\"newsContent__article__imgCapa newsContent__article__imgCapa--banner\"\n\t\t\t\t\tsrc=\"https:\/\/files.sunoresearch.com.br\/n\/uploads\/2025\/09\/1420x240-Suno-One-png.webp\"\n\t\t\t\t\tdata-promo-id=\"383121\"\t\t\t\t\t\t\t\t\t\twidth='1420' height='240'\t\t\t\t\talt=\"https:\/\/files.sunoresearch.com.br\/n\/uploads\/2025\/09\/1420x240-Suno-One-png.webp\"\n\t\t\t\t>\n\t\t\t<\/picture>\n\t\t<\/a>\n\t<\/p>\n\n\n","protected":false},"excerpt":{"rendered":"<p>O conselho de administra\u00e7\u00e3o da AES Brasil (AESB3) comunicou nesta ter\u00e7a-feira, 30, que recebeu a carta de ren\u00fancia da diretora-presidente da companhia, Clarissa Della Nina Sadock Accorsi, por motivos pessoais, com efeito a partir do dia 30 de junho pr\u00f3ximo. AES Brasil: Clarissa Sadock deixa cargo de CEO da empresa. Foto: Divulga\u00e7\u00e3o Segundo comunicado da [&hellip;]<\/p>\n","protected":false},"author":43,"featured_media":410873,"comment_status":"closed","ping_status":"closed","sticky":false,"template":"","format":"standard","meta":[],"categories":[64],"tags":[286,106075],"suno_strategy":[],"class_list":["post-410859","post","type-post","status-publish","format-standard","has-post-thumbnail","hentry","category-negocios","tag-acoes","tag-aes-brasil-aesb3"],"yoast_head":"<!-- This site is optimized with the Yoast SEO plugin v24.4 - https:\/\/yoast.com\/wordpress\/plugins\/seo\/ -->\n<title>AES Brasil (AESB3): CEO Clarissa Sadock renuncia ao cargo<\/title>\n<meta name=\"description\" content=\"O conselho de administra\u00e7\u00e3o da AES Brasil comunicou nesta ter\u00e7a-feira, 30, que recebeu a carta de ren\u00fancia da CEO. Saiba mais\" \/>\n<meta name=\"robots\" content=\"index, follow, max-snippet:-1, max-image-preview:large, max-video-preview:-1\" \/>\n<link rel=\"canonical\" href=\"https:\/\/www.suno.com.br\/noticias\/aes-brasil-aesb3-presidente-clarissa-sadock-renuncia\/\" \/>\n<meta property=\"og:locale\" content=\"pt_BR\" \/>\n<meta property=\"og:type\" content=\"article\" \/>\n<meta property=\"og:title\" content=\"AES Brasil (AESB3): CEO Clarissa Sadock renuncia ao cargo\" \/>\n<meta property=\"og:description\" content=\"O conselho de administra\u00e7\u00e3o da AES Brasil comunicou nesta ter\u00e7a-feira, 30, que recebeu a carta de ren\u00fancia da CEO. Saiba mais\" \/>\n<meta property=\"og:url\" content=\"https:\/\/www.suno.com.br\/noticias\/aes-brasil-aesb3-presidente-clarissa-sadock-renuncia\/\" \/>\n<meta property=\"og:site_name\" content=\"Suno Not\u00edcias\" \/>\n<meta property=\"article:publisher\" content=\"https:\/\/facebook.com\/sunoresearch\" \/>\n<meta property=\"article:author\" content=\"https:\/\/www.facebook.com\/sunonoticias\/\" \/>\n<meta property=\"og:image\" content=\"https:\/\/files.sunoresearch.com.br\/n\/uploads\/2023\/05\/Clarissa-Sadock-AES-Brasil.jpg\" \/>\n\t<meta property=\"og:image:width\" content=\"1200\" \/>\n\t<meta property=\"og:image:height\" content=\"800\" \/>\n\t<meta property=\"og:image:type\" content=\"image\/jpeg\" \/>\n<meta name=\"author\" content=\"Reda\u00e7\u00e3o Suno Not\u00edcias\" \/>\n<meta name=\"twitter:card\" content=\"summary_large_image\" \/>\n<meta name=\"twitter:creator\" content=\"@https:\/\/twitter.com\/sunoresearch\" \/>\n<meta name=\"twitter:site\" content=\"@sunoresearch\" \/>\n<meta name=\"twitter:label1\" content=\"Escrito por\" \/>\n\t<meta name=\"twitter:data1\" content=\"Reda\u00e7\u00e3o Suno Not\u00edcias\" \/>\n\t<meta name=\"twitter:label2\" content=\"Est. tempo de leitura\" \/>\n\t<meta name=\"twitter:data2\" content=\"5 minutos\" \/>\n<script type=\"application\/ld+json\" class=\"yoast-schema-graph\">{\"@context\":\"https:\/\/schema.org\",\"@graph\":[{\"@type\":\"NewsArticle\",\"@id\":\"https:\/\/www.suno.com.br\/noticias\/aes-brasil-aesb3-presidente-clarissa-sadock-renuncia\/#article\",\"isPartOf\":{\"@id\":\"https:\/\/www.suno.com.br\/noticias\/aes-brasil-aesb3-presidente-clarissa-sadock-renuncia\/\"},\"author\":{\"name\":\"Reda\u00e7\u00e3o Suno Not\u00edcias\",\"@id\":\"https:\/\/www.suno.com.br\/noticias\/#\/schema\/person\/c1b1bd3727fa852bd045e9dbff3673ea\"},\"headline\":\"Presidente da AES Brasil (AESB3), Clarissa Sadock renuncia ao cargo e vai para a Vibra (VBBR3)\",\"datePublished\":\"2023-05-30T23:44:07+00:00\",\"dateModified\":\"2023-05-31T00:35:21+00:00\",\"mainEntityOfPage\":{\"@id\":\"https:\/\/www.suno.com.br\/noticias\/aes-brasil-aesb3-presidente-clarissa-sadock-renuncia\/\"},\"wordCount\":975,\"publisher\":{\"@id\":\"https:\/\/www.suno.com.br\/noticias\/#organization\"},\"image\":{\"@id\":\"https:\/\/www.suno.com.br\/noticias\/aes-brasil-aesb3-presidente-clarissa-sadock-renuncia\/#primaryimage\"},\"thumbnailUrl\":\"https:\/\/files.sunoresearch.com.br\/n\/uploads\/2023\/05\/Clarissa-Sadock-AES-Brasil.jpg\",\"keywords\":[\"A\u00e7\u00f5es\",\"AES Brasil (AESB3)\"],\"articleSection\":[\"Neg\u00f3cios\"],\"inLanguage\":\"pt-BR\"},{\"@type\":\"WebPage\",\"@id\":\"https:\/\/www.suno.com.br\/noticias\/aes-brasil-aesb3-presidente-clarissa-sadock-renuncia\/\",\"url\":\"https:\/\/www.suno.com.br\/noticias\/aes-brasil-aesb3-presidente-clarissa-sadock-renuncia\/\",\"name\":\"AES Brasil (AESB3): CEO Clarissa Sadock renuncia ao cargo\",\"isPartOf\":{\"@id\":\"https:\/\/www.suno.com.br\/noticias\/#website\"},\"primaryImageOfPage\":{\"@id\":\"https:\/\/www.suno.com.br\/noticias\/aes-brasil-aesb3-presidente-clarissa-sadock-renuncia\/#primaryimage\"},\"image\":{\"@id\":\"https:\/\/www.suno.com.br\/noticias\/aes-brasil-aesb3-presidente-clarissa-sadock-renuncia\/#primaryimage\"},\"thumbnailUrl\":\"https:\/\/files.sunoresearch.com.br\/n\/uploads\/2023\/05\/Clarissa-Sadock-AES-Brasil.jpg\",\"datePublished\":\"2023-05-30T23:44:07+00:00\",\"dateModified\":\"2023-05-31T00:35:21+00:00\",\"description\":\"O conselho de administra\u00e7\u00e3o da AES Brasil comunicou nesta ter\u00e7a-feira, 30, que recebeu a carta de ren\u00fancia da CEO. Saiba mais\",\"breadcrumb\":{\"@id\":\"https:\/\/www.suno.com.br\/noticias\/aes-brasil-aesb3-presidente-clarissa-sadock-renuncia\/#breadcrumb\"},\"inLanguage\":\"pt-BR\",\"potentialAction\":[{\"@type\":\"ReadAction\",\"target\":[\"https:\/\/www.suno.com.br\/noticias\/aes-brasil-aesb3-presidente-clarissa-sadock-renuncia\/\"]}]},{\"@type\":\"ImageObject\",\"inLanguage\":\"pt-BR\",\"@id\":\"https:\/\/www.suno.com.br\/noticias\/aes-brasil-aesb3-presidente-clarissa-sadock-renuncia\/#primaryimage\",\"url\":\"https:\/\/files.sunoresearch.com.br\/n\/uploads\/2023\/05\/Clarissa-Sadock-AES-Brasil.jpg\",\"contentUrl\":\"https:\/\/files.sunoresearch.com.br\/n\/uploads\/2023\/05\/Clarissa-Sadock-AES-Brasil.jpg\",\"width\":1200,\"height\":800,\"caption\":\"AES Brasil: Clarissa Sadock deixa cargo de CEO da empresa. Foto: Divulga\u00e7\u00e3o\"},{\"@type\":\"BreadcrumbList\",\"@id\":\"https:\/\/www.suno.com.br\/noticias\/aes-brasil-aesb3-presidente-clarissa-sadock-renuncia\/#breadcrumb\",\"itemListElement\":[{\"@type\":\"ListItem\",\"position\":1,\"name\":\"Not\u00edcias\",\"item\":\"https:\/\/www.suno.com.br\/noticias\/\"},{\"@type\":\"ListItem\",\"position\":2,\"name\":\"Neg\u00f3cios\",\"item\":\"https:\/\/www.suno.com.br\/noticias\/negocios\/\"},{\"@type\":\"ListItem\",\"position\":3,\"name\":\"Presidente da AES Brasil (AESB3), Clarissa Sadock renuncia ao cargo e vai para a Vibra (VBBR3)\"}]},{\"@type\":\"WebSite\",\"@id\":\"https:\/\/www.suno.com.br\/noticias\/#website\",\"url\":\"https:\/\/www.suno.com.br\/noticias\/\",\"name\":\"Suno Not\u00edcias\",\"description\":\"Seu portal de informa\u00e7\u00e3o sobre o mundo dos investimentos\",\"publisher\":{\"@id\":\"https:\/\/www.suno.com.br\/noticias\/#organization\"},\"potentialAction\":[{\"@type\":\"SearchAction\",\"target\":{\"@type\":\"EntryPoint\",\"urlTemplate\":\"https:\/\/www.suno.com.br\/noticias\/?s={search_term_string}\"},\"query-input\":{\"@type\":\"PropertyValueSpecification\",\"valueRequired\":true,\"valueName\":\"search_term_string\"}}],\"inLanguage\":\"pt-BR\"},{\"@type\":\"Organization\",\"@id\":\"https:\/\/www.suno.com.br\/noticias\/#organization\",\"name\":\"Suno Not\u00edcias\",\"url\":\"https:\/\/www.suno.com.br\/noticias\/\",\"logo\":{\"@type\":\"ImageObject\",\"inLanguage\":\"pt-BR\",\"@id\":\"https:\/\/www.suno.com.br\/noticias\/#\/schema\/logo\/image\/\",\"url\":\"https:\/\/files.sunoresearch.com.br\/n\/uploads\/2021\/09\/suno-logo.png\",\"contentUrl\":\"https:\/\/files.sunoresearch.com.br\/n\/uploads\/2021\/09\/suno-logo.png\",\"width\":180,\"height\":180,\"caption\":\"Suno Not\u00edcias\"},\"image\":{\"@id\":\"https:\/\/www.suno.com.br\/noticias\/#\/schema\/logo\/image\/\"},\"sameAs\":[\"https:\/\/facebook.com\/sunoresearch\",\"https:\/\/x.com\/sunoresearch\",\"https:\/\/www.instagram.com\/suno\",\"https:\/\/www.linkedin.com\/company\/suno-research\/\",\"https:\/\/www.youtube.com\/c\/sunoresearch\"]},{\"@type\":\"Person\",\"@id\":\"https:\/\/www.suno.com.br\/noticias\/#\/schema\/person\/c1b1bd3727fa852bd045e9dbff3673ea\",\"name\":\"Reda\u00e7\u00e3o Suno Not\u00edcias\",\"image\":{\"@type\":\"ImageObject\",\"inLanguage\":\"pt-BR\",\"@id\":\"https:\/\/www.suno.com.br\/noticias\/#\/schema\/person\/image\/\",\"url\":\"https:\/\/secure.gravatar.com\/avatar\/b8104b9b5a71985d5238ee59fbe418af?s=96&r=g\",\"contentUrl\":\"https:\/\/secure.gravatar.com\/avatar\/b8104b9b5a71985d5238ee59fbe418af?s=96&r=g\",\"caption\":\"Reda\u00e7\u00e3o Suno Not\u00edcias\"},\"description\":\"O Suno Not\u00edcias \u00e9 um portal de informa\u00e7\u00f5es sobre Mercado Financeiro, Pol\u00edtica, Neg\u00f3cios, Economia e Finan\u00e7as Pessoais.\",\"sameAs\":[\"https:\/\/www.suno.com.br\/noticias\",\"https:\/\/www.facebook.com\/sunonoticias\/\",\"https:\/\/www.instagram.com\/sunonoticias\/\",\"https:\/\/x.com\/https:\/\/twitter.com\/sunoresearch\",\"https:\/\/www.youtube.com\/sunonoticias\"],\"url\":\"https:\/\/www.suno.com.br\/noticias\/author\/redacao-suno\/\"}]}<\/script>\n<!-- \/ Yoast SEO plugin. -->","yoast_head_json":{"title":"AES Brasil (AESB3): CEO Clarissa Sadock renuncia ao cargo","description":"O conselho de administra\u00e7\u00e3o da AES Brasil comunicou nesta ter\u00e7a-feira, 30, que recebeu a carta de ren\u00fancia da CEO. Saiba mais","robots":{"index":"index","follow":"follow","max-snippet":"max-snippet:-1","max-image-preview":"max-image-preview:large","max-video-preview":"max-video-preview:-1"},"canonical":"https:\/\/www.suno.com.br\/noticias\/aes-brasil-aesb3-presidente-clarissa-sadock-renuncia\/","og_locale":"pt_BR","og_type":"article","og_title":"AES Brasil (AESB3): CEO Clarissa Sadock renuncia ao cargo","og_description":"O conselho de administra\u00e7\u00e3o da AES Brasil comunicou nesta ter\u00e7a-feira, 30, que recebeu a carta de ren\u00fancia da CEO. Saiba mais","og_url":"https:\/\/www.suno.com.br\/noticias\/aes-brasil-aesb3-presidente-clarissa-sadock-renuncia\/","og_site_name":"Suno Not\u00edcias","article_publisher":"https:\/\/facebook.com\/sunoresearch","article_author":"https:\/\/www.facebook.com\/sunonoticias\/","og_image":[{"width":1200,"height":800,"url":"https:\/\/files.sunoresearch.com.br\/n\/uploads\/2023\/05\/Clarissa-Sadock-AES-Brasil.jpg","type":"image\/jpeg"}],"author":"Reda\u00e7\u00e3o Suno Not\u00edcias","twitter_card":"summary_large_image","twitter_creator":"@https:\/\/twitter.com\/sunoresearch","twitter_site":"@sunoresearch","twitter_misc":{"Escrito por":"Reda\u00e7\u00e3o Suno Not\u00edcias","Est. tempo de leitura":"5 minutos"},"schema":{"@context":"https:\/\/schema.org","@graph":[{"@type":"NewsArticle","@id":"https:\/\/www.suno.com.br\/noticias\/aes-brasil-aesb3-presidente-clarissa-sadock-renuncia\/#article","isPartOf":{"@id":"https:\/\/www.suno.com.br\/noticias\/aes-brasil-aesb3-presidente-clarissa-sadock-renuncia\/"},"author":{"name":"Reda\u00e7\u00e3o Suno Not\u00edcias","@id":"https:\/\/www.suno.com.br\/noticias\/#\/schema\/person\/c1b1bd3727fa852bd045e9dbff3673ea"},"headline":"Presidente da AES Brasil (AESB3), Clarissa Sadock renuncia ao cargo e vai para a Vibra (VBBR3)","datePublished":"2023-05-30T23:44:07+00:00","dateModified":"2023-05-31T00:35:21+00:00","mainEntityOfPage":{"@id":"https:\/\/www.suno.com.br\/noticias\/aes-brasil-aesb3-presidente-clarissa-sadock-renuncia\/"},"wordCount":975,"publisher":{"@id":"https:\/\/www.suno.com.br\/noticias\/#organization"},"image":{"@id":"https:\/\/www.suno.com.br\/noticias\/aes-brasil-aesb3-presidente-clarissa-sadock-renuncia\/#primaryimage"},"thumbnailUrl":"https:\/\/files.sunoresearch.com.br\/n\/uploads\/2023\/05\/Clarissa-Sadock-AES-Brasil.jpg","keywords":["A\u00e7\u00f5es","AES Brasil (AESB3)"],"articleSection":["Neg\u00f3cios"],"inLanguage":"pt-BR"},{"@type":"WebPage","@id":"https:\/\/www.suno.com.br\/noticias\/aes-brasil-aesb3-presidente-clarissa-sadock-renuncia\/","url":"https:\/\/www.suno.com.br\/noticias\/aes-brasil-aesb3-presidente-clarissa-sadock-renuncia\/","name":"AES Brasil (AESB3): CEO Clarissa Sadock renuncia ao cargo","isPartOf":{"@id":"https:\/\/www.suno.com.br\/noticias\/#website"},"primaryImageOfPage":{"@id":"https:\/\/www.suno.com.br\/noticias\/aes-brasil-aesb3-presidente-clarissa-sadock-renuncia\/#primaryimage"},"image":{"@id":"https:\/\/www.suno.com.br\/noticias\/aes-brasil-aesb3-presidente-clarissa-sadock-renuncia\/#primaryimage"},"thumbnailUrl":"https:\/\/files.sunoresearch.com.br\/n\/uploads\/2023\/05\/Clarissa-Sadock-AES-Brasil.jpg","datePublished":"2023-05-30T23:44:07+00:00","dateModified":"2023-05-31T00:35:21+00:00","description":"O conselho de administra\u00e7\u00e3o da AES Brasil comunicou nesta ter\u00e7a-feira, 30, que recebeu a carta de ren\u00fancia da CEO. Saiba mais","breadcrumb":{"@id":"https:\/\/www.suno.com.br\/noticias\/aes-brasil-aesb3-presidente-clarissa-sadock-renuncia\/#breadcrumb"},"inLanguage":"pt-BR","potentialAction":[{"@type":"ReadAction","target":["https:\/\/www.suno.com.br\/noticias\/aes-brasil-aesb3-presidente-clarissa-sadock-renuncia\/"]}]},{"@type":"ImageObject","inLanguage":"pt-BR","@id":"https:\/\/www.suno.com.br\/noticias\/aes-brasil-aesb3-presidente-clarissa-sadock-renuncia\/#primaryimage","url":"https:\/\/files.sunoresearch.com.br\/n\/uploads\/2023\/05\/Clarissa-Sadock-AES-Brasil.jpg","contentUrl":"https:\/\/files.sunoresearch.com.br\/n\/uploads\/2023\/05\/Clarissa-Sadock-AES-Brasil.jpg","width":1200,"height":800,"caption":"AES Brasil: Clarissa Sadock deixa cargo de CEO da empresa. Foto: Divulga\u00e7\u00e3o"},{"@type":"BreadcrumbList","@id":"https:\/\/www.suno.com.br\/noticias\/aes-brasil-aesb3-presidente-clarissa-sadock-renuncia\/#breadcrumb","itemListElement":[{"@type":"ListItem","position":1,"name":"Not\u00edcias","item":"https:\/\/www.suno.com.br\/noticias\/"},{"@type":"ListItem","position":2,"name":"Neg\u00f3cios","item":"https:\/\/www.suno.com.br\/noticias\/negocios\/"},{"@type":"ListItem","position":3,"name":"Presidente da AES Brasil (AESB3), Clarissa Sadock renuncia ao cargo e vai para a Vibra (VBBR3)"}]},{"@type":"WebSite","@id":"https:\/\/www.suno.com.br\/noticias\/#website","url":"https:\/\/www.suno.com.br\/noticias\/","name":"Suno Not\u00edcias","description":"Seu portal de informa\u00e7\u00e3o sobre o mundo dos investimentos","publisher":{"@id":"https:\/\/www.suno.com.br\/noticias\/#organization"},"potentialAction":[{"@type":"SearchAction","target":{"@type":"EntryPoint","urlTemplate":"https:\/\/www.suno.com.br\/noticias\/?s={search_term_string}"},"query-input":{"@type":"PropertyValueSpecification","valueRequired":true,"valueName":"search_term_string"}}],"inLanguage":"pt-BR"},{"@type":"Organization","@id":"https:\/\/www.suno.com.br\/noticias\/#organization","name":"Suno Not\u00edcias","url":"https:\/\/www.suno.com.br\/noticias\/","logo":{"@type":"ImageObject","inLanguage":"pt-BR","@id":"https:\/\/www.suno.com.br\/noticias\/#\/schema\/logo\/image\/","url":"https:\/\/files.sunoresearch.com.br\/n\/uploads\/2021\/09\/suno-logo.png","contentUrl":"https:\/\/files.sunoresearch.com.br\/n\/uploads\/2021\/09\/suno-logo.png","width":180,"height":180,"caption":"Suno Not\u00edcias"},"image":{"@id":"https:\/\/www.suno.com.br\/noticias\/#\/schema\/logo\/image\/"},"sameAs":["https:\/\/facebook.com\/sunoresearch","https:\/\/x.com\/sunoresearch","https:\/\/www.instagram.com\/suno","https:\/\/www.linkedin.com\/company\/suno-research\/","https:\/\/www.youtube.com\/c\/sunoresearch"]},{"@type":"Person","@id":"https:\/\/www.suno.com.br\/noticias\/#\/schema\/person\/c1b1bd3727fa852bd045e9dbff3673ea","name":"Reda\u00e7\u00e3o Suno Not\u00edcias","image":{"@type":"ImageObject","inLanguage":"pt-BR","@id":"https:\/\/www.suno.com.br\/noticias\/#\/schema\/person\/image\/","url":"https:\/\/secure.gravatar.com\/avatar\/b8104b9b5a71985d5238ee59fbe418af?s=96&r=g","contentUrl":"https:\/\/secure.gravatar.com\/avatar\/b8104b9b5a71985d5238ee59fbe418af?s=96&r=g","caption":"Reda\u00e7\u00e3o Suno Not\u00edcias"},"description":"O Suno Not\u00edcias \u00e9 um portal de informa\u00e7\u00f5es sobre Mercado Financeiro, Pol\u00edtica, Neg\u00f3cios, Economia e Finan\u00e7as Pessoais.","sameAs":["https:\/\/www.suno.com.br\/noticias","https:\/\/www.facebook.com\/sunonoticias\/","https:\/\/www.instagram.com\/sunonoticias\/","https:\/\/x.com\/https:\/\/twitter.com\/sunoresearch","https:\/\/www.youtube.com\/sunonoticias"],"url":"https:\/\/www.suno.com.br\/noticias\/author\/redacao-suno\/"}]}},"default_loop_html":"<div class=\"cardsPage__listCard__boxs\"><div class=\"cardsPage__listCard__boxs__img\"><a href=\"https:\/\/www.suno.com.br\/noticias\/aes-brasil-aesb3-presidente-clarissa-sadock-renuncia\/\"><img class=\"mask\" src=\"https:\/\/www.suno.com.br\/noticias\/wp-content\/themes\/suno\/resources\/images\/spotlight\/spotlight1img\/bg-mask.png\" alt=\"Image Mask\"\/><img src=\"https:\/\/files.sunoresearch.com.br\/n\/uploads\/2023\/05\/Clarissa-Sadock-AES-Brasil-400x200.jpg\" alt=\"Presidente da AES Brasil (AESB3), Clarissa Sadock renuncia ao cargo e vai para a Vibra (VBBR3)\"\/><\/a><span class=\"spotlightCategory\"><a href=\"https:\/\/www.suno.com.br\/noticias\/negocios\/\">Neg\u00f3cios<\/a><\/span><\/div><div class=\"cardsPage__listCard__boxs__content\"><a href=\"https:\/\/www.suno.com.br\/noticias\/aes-brasil-aesb3-presidente-clarissa-sadock-renuncia\/\"><h2 class=\"content__title\">Presidente da AES Brasil (AESB3), Clarissa Sadock renuncia ao cargo e vai para a Vibra (VBBR3)<\/h2><\/a><div class=\"newsContent__article__meta\"><div class=\"newsContent__article__meta__authorBox\"><a href=\"https:\/\/www.suno.com.br\/noticias\/author\/redacao-suno\/\" class=\"authorBox__avatar noMobi\"><img src=\"https:\/\/files.sunoresearch.com.br\/n\/uploads\/2020\/08\/0ace682d-redacao-1-150x150.webp\" alt=\"Reda\u00e7\u00e3o Suno Not\u00edcias\"><\/a><div class=\"authorBox__name\"><span>por\n\t\t\t<a href=\"https:\/\/www.suno.com.br\/noticias\/author\/redacao-suno\/\"><span itemprop=\"author\">Reda\u00e7\u00e3o Suno Not\u00edcias<\/span><\/a><\/span><time datetime=\"2023-05-30T20:44:07-03:00\" itemprop=\"datePublished\">30\/05\/2023 20:44<\/time><\/div><\/div><\/div><\/div><\/div>","single_layout":"posts","amp_enabled":true,"_links":{"self":[{"href":"https:\/\/www.suno.com.br\/noticias\/wp-json\/wp\/v2\/posts\/410859"}],"collection":[{"href":"https:\/\/www.suno.com.br\/noticias\/wp-json\/wp\/v2\/posts"}],"about":[{"href":"https:\/\/www.suno.com.br\/noticias\/wp-json\/wp\/v2\/types\/post"}],"author":[{"embeddable":true,"href":"https:\/\/www.suno.com.br\/noticias\/wp-json\/wp\/v2\/users\/43"}],"replies":[{"embeddable":true,"href":"https:\/\/www.suno.com.br\/noticias\/wp-json\/wp\/v2\/comments?post=410859"}],"version-history":[{"count":2,"href":"https:\/\/www.suno.com.br\/noticias\/wp-json\/wp\/v2\/posts\/410859\/revisions"}],"predecessor-version":[{"id":410914,"href":"https:\/\/www.suno.com.br\/noticias\/wp-json\/wp\/v2\/posts\/410859\/revisions\/410914"}],"wp:featuredmedia":[{"embeddable":true,"href":"https:\/\/www.suno.com.br\/noticias\/wp-json\/wp\/v2\/media\/410873"}],"wp:attachment":[{"href":"https:\/\/www.suno.com.br\/noticias\/wp-json\/wp\/v2\/media?parent=410859"}],"wp:term":[{"taxonomy":"category","embeddable":true,"href":"https:\/\/www.suno.com.br\/noticias\/wp-json\/wp\/v2\/categories?post=410859"},{"taxonomy":"post_tag","embeddable":true,"href":"https:\/\/www.suno.com.br\/noticias\/wp-json\/wp\/v2\/tags?post=410859"},{"taxonomy":"suno_strategy","embeddable":true,"href":"https:\/\/www.suno.com.br\/noticias\/wp-json\/wp\/v2\/suno_strategy?post=410859"}],"curies":[{"name":"wp","href":"https:\/\/api.w.org\/{rel}","templated":true}]}}