{"id":410760,"date":"2023-05-30T17:46:01","date_gmt":"2023-05-30T20:46:01","guid":{"rendered":"https:\/\/www.suno.com.br\/noticias\/?p=410760"},"modified":"2023-05-30T19:09:13","modified_gmt":"2023-05-30T22:09:13","slug":"ifix-fechamento-300523-fundo-imobiliario-rect11-afunda","status":"publish","type":"post","link":"https:\/\/www.suno.com.br\/noticias\/ifix-fechamento-300523-fundo-imobiliario-rect11-afunda\/","title":{"rendered":"Fundo imobili\u00e1rio afunda 10,88% ap\u00f3s estimar queda de 25,9% em seus dividendos; IFIX cai a 3.003 pontos"},"content":{"rendered":"<p>O fundo imobili\u00e1rio <strong>RECT11<\/strong> despencou 10,88% na sess\u00e3o de hoje (30), liderando as maiores baixas do IFIX. O principal \u00edndice de <a class=\"suno-keyword\" target=\"_blank\" data-force=\"no\" data-priority=\"2\" href=\"https:\/\/www.suno.com.br\/fundos-imobiliarios\/\" rel=\"noopener\">fundos imobili\u00e1rios<\/a> da B3, por sua vez, terminou o dia em queda de 0,14%, aos 3.003 pontos.<\/p>\t<div class=\"wrapper-featured-image\">\n\t\t<figure class=\"spotlightImg\">\n\n\t\t\t<picture>\n\t\t\t\t<source media=\"(max-width: 768px)\" srcset=\"https:\/\/files.sunoresearch.com.br\/n\/uploads\/2023\/05\/RECT11-400x200.jpg\">\n\t\t\t\t<img loading=\"lazy\" decoding=\"async\" class=\"newsContent__article__imgCapa lazyloadDisabled \" src=\"https:\/\/files.sunoresearch.com.br\/n\/uploads\/2023\/05\/RECT11-800x450.jpg\" width=\"800\" height=\"450\" alt=\"Fundo imobili\u00e1rio afunda 10,88% ap\u00f3s estimar queda de 25,9% em seus dividendos; IFIX cai a 3.003 pontos\" fetchpriority=high \/>\n\t\t\t<\/picture>\n\n\t\t\t<figcaption class=\"wp-caption-text wp-caption-text--show\">Fundo imobili\u00e1rio afunda 10,88% ap\u00f3s estimar queda de 25,9% em seus dividendos; IFIX cai a 3.003 pontos. Foto: Unsplash<\/figcaption>\n\t\t<\/figure>\n\t<\/div>\n\n\n\n\n\n\t<p>\n\t\t<a href=\"https:\/\/lp2.suno.com.br\/cl\/black-friday-2025\/?utm_campaign=_SNCDF0E4858_\" target=\"_blank\" data-element=\"shortcode-suno-banner\" title=\"Banner SUNO, clique e saiba mais\">\n\t\t\t<picture>\n\t\t\t\t<source media=\"(max-width: 500px)\" srcset=\"https:\/\/files.sunoresearch.com.br\/n\/uploads\/2025\/10\/Artigos-e-Noticias-Banner-Home-artigos-01-Mobile_-400x300-1-png.webp\">\n\t\t\t\t<img class=\"newsContent__article__imgCapa newsContent__article__imgCapa--banner\"\n\t\t\t\t\tsrc=\"https:\/\/files.sunoresearch.com.br\/n\/uploads\/2025\/10\/Artigos-e-Noticias-Banner-Home-artigos-01-Desktop_-1420x240-1-png.webp\"\n\t\t\t\t\tdata-promo-id=\"311259\"\t\t\t\t\t\t\t\t\t\twidth='1420' height='240'\t\t\t\t\talt=\"https:\/\/files.sunoresearch.com.br\/n\/uploads\/2025\/10\/Artigos-e-Noticias-Banner-Home-artigos-01-Desktop_-1420x240-1-png.webp\"\n\t\t\t\t>\n\t\t\t<\/picture>\n\t\t<\/a>\n\t<\/p>\n\n\n\n\n\n<p>A queda do <strong>FII RECT11<\/strong> ocorreu ap\u00f3s a divulga\u00e7\u00e3o de mudan\u00e7as na opera\u00e7\u00e3o de securitiza\u00e7\u00e3o do <a class=\"suno-keyword\" data-force=\"no\" data-priority=\"1\" href=\"https:\/\/www.suno.com.br\/artigos\/saldo-devedor\/\" target=\"_blank\" rel=\"noopener\">saldo devedor<\/a> dos CRI referente \u00e0 aquisi\u00e7\u00e3o a prazo do Edif\u00edcio Barra da Tijuca.<\/p>\n\n\n\n<p>Entre as mudan\u00e7as est\u00e1 a amortiza\u00e7\u00e3o extraordin\u00e1ria de aproximadamente R$ 7,6 milh\u00f5es, assim como a dispensa da obriga\u00e7\u00e3o do fundo de realizar os dep\u00f3sitos trimestrais que estavam previstos para os meses de junho e setembro de 2023, cancelando a amortiza\u00e7\u00e3o projetada para setembro.<\/p>\n\n\n\t<div data-element=\"shortcode-read-more\" class=\"knowMore\">\n\t\t\t\t<span class=\"knowMore__title\">Leia mais<\/span>\n\t\t\t\t<a class=\"knowMore__link\" href=\"https:\/\/www.suno.com.br\/noticias\/ifix-fechamento-290523-mxrf11-bcff11-xplg11\/\">\n\t\t\tMXRF11 se destaca com alta, enquanto BCFF11 e XPLG11 registram queda em dia de IFIX est\u00e1vel\t\t<\/a>\n\t<\/div>\n\n\n\n\n<p>O <a class=\"suno-keyword\" target=\"_blank\" data-force=\"yes\" data-priority=\"2\" href=\"https:\/\/www.suno.com.br\/fundos-imobiliarios\/rect11\/\" rel=\"noopener\">RECT11<\/a> pagar\u00e1 juros e atualiza\u00e7\u00e3o monet\u00e1ria de R$ 3,9 milh\u00f5es em junho de 2023 e de R$ 1,3 milh\u00e3o durante o per\u00edodo de 12 meses de car\u00eancia da amortiza\u00e7\u00e3o, com valores corrigidos pelo IPCA.<\/p>\n\n\n\n<p>O fundo prev\u00ea que os pagamentos impactar\u00e3o no seu resultado caixa mensal e, a partir disso, estima-se que o novo patamar de distribui\u00e7\u00e3o mensal de <strong>dividendos do RECT11<\/strong> fique em torno de R$ 0,40 por cota a partir do m\u00eas de maio, valor 25,9% menor que os proventos igualmente distribu\u00eddos ao longo dos \u00faltimos 4 meses, de R$ 0,54 por cota.<\/p>\n\n\n\n<p>Al\u00e9m do RECT11, foram destaques de baixa do <strong>IFIX hoje<\/strong> os <a class=\"suno-keyword\" target=\"_blank\" data-force=\"no\" data-priority=\"2\" href=\"https:\/\/www.suno.com.br\/fundos-imobiliarios\/\" rel=\"noopener\">fundos imobili\u00e1rios<\/a> <a class=\"suno-keyword\" target=\"_blank\" data-force=\"yes\" data-priority=\"2\" href=\"https:\/\/www.suno.com.br\/fundos-imobiliarios\/rcrb11\/\" rel=\"noopener\">RCRB11<\/a>, <a class=\"suno-keyword\" target=\"_blank\" data-force=\"yes\" data-priority=\"2\" href=\"https:\/\/www.suno.com.br\/fundos-imobiliarios\/rbrp11\/\" rel=\"noopener\">RBRP11<\/a>, <a class=\"suno-keyword\" target=\"_blank\" data-force=\"yes\" data-priority=\"2\" href=\"https:\/\/www.suno.com.br\/fundos-imobiliarios\/vslh11\/\" rel=\"noopener\">VSLH11<\/a> e <a class=\"suno-keyword\" target=\"_blank\" data-force=\"yes\" data-priority=\"2\" href=\"https:\/\/www.suno.com.br\/fundos-imobiliarios\/rbrf11\/\" rel=\"noopener\">RBRF11<\/a>.<\/p>\n\n\n\n<p>Entre as maiores altas do dia, o destaque vai para o FII <a class=\"suno-keyword\" target=\"_blank\" data-force=\"yes\" data-priority=\"2\" href=\"https:\/\/www.suno.com.br\/fundos-imobiliarios\/hgre11\/\" rel=\"noopener\">HGRE11<\/a>, que registrou uma valoriza\u00e7\u00e3o de 2,65%. <a class=\"suno-keyword\" target=\"_blank\" data-force=\"yes\" data-priority=\"2\" href=\"https:\/\/www.suno.com.br\/fundos-imobiliarios\/visc11\/\" rel=\"noopener\">VISC11<\/a> subiu 1,90%, e o <a class=\"suno-keyword\" target=\"_blank\" data-force=\"yes\" data-priority=\"2\" href=\"https:\/\/www.suno.com.br\/fundos-imobiliarios\/mgff11\/\" rel=\"noopener\">MGFF11<\/a>, 1,63%.<\/p>\n\n\n\n<h2 class=\"wp-block-heading\"><a><\/a>Maiores altas do IFIX<\/h2>\n\n\n\n<ul class=\"wp-block-list\">\n<li>HGRE11: +2,65%<\/li>\n\n\n\n<li>VISC11: +1,90%<\/li>\n\n\n\n<li>MGFF11: +1,63%<\/li>\n\n\n\n<li>JSAF11: +1,44%<\/li>\n\n\n\n<li>KFOF11: +1,18%<\/li>\n<\/ul>\n\n\n\n<h2 class=\"wp-block-heading\">Maiores quedas <\/h2>\n\n\n\n<ul class=\"wp-block-list\">\n<li>RECT11: -10,88%<\/li>\n\n\n\n<li>RCRB11: -2,88%<\/li>\n\n\n\n<li>RBRP11: -2,82%<\/li>\n\n\n\n<li>VSLH11: -2,51%<\/li>\n\n\n\n<li>RBRF11: -2,12%<\/li>\n<\/ul>\n\n\n\n<p>Com a queda de hoje (30), o <strong>fundo RECT11<\/strong> acumula um desempenho levemente negativo de 0,07% no m\u00eas de maio.<\/p>\n\n\n\n<p>O <strong>RECT11<\/strong>, que tem uma participa\u00e7\u00e3o no IFIX de 0,434%, terminou o ano de 2022 cotado a R$ 51,18. Considerando sua cota\u00e7\u00e3o de fechamento deste preg\u00e3o em R$ 50,80, seu desempenho em 2023 \u00e9 negativo em 0,74%.<\/p>\n\n\n\t<p>\n\t\t<a href=\"https:\/\/lp.suno.com.br\/ebook-como-analisar-uma-acao\/\" target=\"_blank\" data-element=\"shortcode-suno-banner\" title=\"Banner SUNO, clique e saiba mais\">\n\t\t\t<picture>\n\t\t\t\t<source media=\"(max-width: 500px)\" srcset=\"https:\/\/files.sunoresearch.com.br\/n\/uploads\/2023\/12\/Ebook-Acoes-Mobile.jpg\">\n\t\t\t\t<img class=\"newsContent__article__imgCapa newsContent__article__imgCapa--banner\"\n\t\t\t\t\tsrc=\"https:\/\/files.sunoresearch.com.br\/n\/uploads\/2023\/12\/Ebook-Acoes-Desktop.webp\"\n\t\t\t\t\tdata-promo-id=\"311260\"\t\t\t\t\t\t\t\t\t\twidth='1420' height='286'\t\t\t\t\talt=\"https:\/\/files.sunoresearch.com.br\/n\/uploads\/2023\/12\/Ebook-Acoes-Desktop.webp\"\n\t\t\t\t>\n\t\t\t<\/picture>\n\t\t<\/a>\n\t<\/p>\n\n\n","protected":false},"excerpt":{"rendered":"<p>O fundo imobili\u00e1rio RECT11 despencou 10,88% na sess\u00e3o de hoje (30), liderando as maiores baixas do IFIX. O principal \u00edndice de fundos imobili\u00e1rios da B3, por sua vez, terminou o dia em queda de 0,14%, aos 3.003 pontos. Fundo imobili\u00e1rio afunda 10,88% ap\u00f3s estimar queda de 25,9% em seus dividendos; IFIX cai a 3.003 pontos. [&hellip;]<\/p>\n","protected":false},"author":173,"featured_media":410767,"comment_status":"closed","ping_status":"closed","sticky":false,"template":"","format":"standard","meta":[],"categories":[64],"tags":[315,105501,105440,105962,105926],"suno_strategy":[],"class_list":["post-410760","post","type-post","status-publish","format-standard","has-post-thumbnail","hentry","category-negocios","tag-fundos-imobiliarios-fiis","tag-hgre11","tag-rbrp11","tag-rect11","tag-visc11"],"yoast_head":"<!-- This site is optimized with the Yoast SEO plugin v24.4 - https:\/\/yoast.com\/wordpress\/plugins\/seo\/ -->\n<title>FII afunda ap\u00f3s estimar queda de 25,9% nos dividendos; IFIX cai<\/title>\n<meta name=\"description\" content=\"Um fundo imobili\u00e1rio afundou 10,88% na sess\u00e3o de hoje (30) na bolsa ap\u00f3s estimar queda de 25,9% em seus dividendos. O IFIX tamb\u00e9m caiu.\" \/>\n<meta name=\"robots\" content=\"index, follow, max-snippet:-1, max-image-preview:large, max-video-preview:-1\" \/>\n<link rel=\"canonical\" href=\"https:\/\/www.suno.com.br\/noticias\/ifix-fechamento-300523-fundo-imobiliario-rect11-afunda\/\" \/>\n<meta property=\"og:locale\" content=\"pt_BR\" \/>\n<meta property=\"og:type\" content=\"article\" \/>\n<meta property=\"og:title\" content=\"FII afunda ap\u00f3s estimar queda de 25,9% nos dividendos; IFIX cai\" \/>\n<meta property=\"og:description\" content=\"Um fundo imobili\u00e1rio afundou 10,88% na sess\u00e3o de hoje (30) na bolsa ap\u00f3s estimar queda de 25,9% em seus dividendos. O IFIX tamb\u00e9m caiu.\" \/>\n<meta property=\"og:url\" content=\"https:\/\/www.suno.com.br\/noticias\/ifix-fechamento-300523-fundo-imobiliario-rect11-afunda\/\" \/>\n<meta property=\"og:site_name\" content=\"Suno Not\u00edcias\" \/>\n<meta property=\"article:publisher\" content=\"https:\/\/facebook.com\/sunoresearch\" \/>\n<meta property=\"og:image\" content=\"https:\/\/files.sunoresearch.com.br\/n\/uploads\/2023\/05\/RECT11-scaled.jpg\" \/>\n\t<meta property=\"og:image:width\" content=\"2560\" \/>\n\t<meta property=\"og:image:height\" content=\"1707\" \/>\n\t<meta property=\"og:image:type\" content=\"image\/jpeg\" \/>\n<meta name=\"author\" content=\"Jo\u00e3o Vitor\" \/>\n<meta name=\"twitter:card\" content=\"summary_large_image\" \/>\n<meta name=\"twitter:creator\" content=\"@sunoresearch\" \/>\n<meta name=\"twitter:site\" content=\"@sunoresearch\" \/>\n<meta name=\"twitter:label1\" content=\"Escrito por\" \/>\n\t<meta name=\"twitter:data1\" content=\"Jo\u00e3o Vitor\" \/>\n\t<meta name=\"twitter:label2\" content=\"Est. tempo de leitura\" \/>\n\t<meta name=\"twitter:data2\" content=\"2 minutos\" \/>\n<script type=\"application\/ld+json\" class=\"yoast-schema-graph\">{\"@context\":\"https:\/\/schema.org\",\"@graph\":[{\"@type\":\"NewsArticle\",\"@id\":\"https:\/\/www.suno.com.br\/noticias\/ifix-fechamento-300523-fundo-imobiliario-rect11-afunda\/#article\",\"isPartOf\":{\"@id\":\"https:\/\/www.suno.com.br\/noticias\/ifix-fechamento-300523-fundo-imobiliario-rect11-afunda\/\"},\"author\":{\"name\":\"Jo\u00e3o Vitor\",\"@id\":\"https:\/\/www.suno.com.br\/noticias\/#\/schema\/person\/87fc6973867c52dd884811905c43afba\"},\"headline\":\"Fundo imobili\u00e1rio afunda 10,88% ap\u00f3s estimar queda de 25,9% em seus dividendos; IFIX cai a 3.003 pontos\",\"datePublished\":\"2023-05-30T20:46:01+00:00\",\"dateModified\":\"2023-05-30T22:09:13+00:00\",\"mainEntityOfPage\":{\"@id\":\"https:\/\/www.suno.com.br\/noticias\/ifix-fechamento-300523-fundo-imobiliario-rect11-afunda\/\"},\"wordCount\":359,\"publisher\":{\"@id\":\"https:\/\/www.suno.com.br\/noticias\/#organization\"},\"image\":{\"@id\":\"https:\/\/www.suno.com.br\/noticias\/ifix-fechamento-300523-fundo-imobiliario-rect11-afunda\/#primaryimage\"},\"thumbnailUrl\":\"https:\/\/files.sunoresearch.com.br\/n\/uploads\/2023\/05\/RECT11-scaled.jpg\",\"keywords\":[\"Fundos Imobili\u00e1rios (FIIs)\",\"HGRE11\",\"RBRP11\",\"RECT11\",\"VISC11\"],\"articleSection\":[\"Neg\u00f3cios\"],\"inLanguage\":\"pt-BR\"},{\"@type\":\"WebPage\",\"@id\":\"https:\/\/www.suno.com.br\/noticias\/ifix-fechamento-300523-fundo-imobiliario-rect11-afunda\/\",\"url\":\"https:\/\/www.suno.com.br\/noticias\/ifix-fechamento-300523-fundo-imobiliario-rect11-afunda\/\",\"name\":\"FII afunda ap\u00f3s estimar queda de 25,9% nos dividendos; IFIX cai\",\"isPartOf\":{\"@id\":\"https:\/\/www.suno.com.br\/noticias\/#website\"},\"primaryImageOfPage\":{\"@id\":\"https:\/\/www.suno.com.br\/noticias\/ifix-fechamento-300523-fundo-imobiliario-rect11-afunda\/#primaryimage\"},\"image\":{\"@id\":\"https:\/\/www.suno.com.br\/noticias\/ifix-fechamento-300523-fundo-imobiliario-rect11-afunda\/#primaryimage\"},\"thumbnailUrl\":\"https:\/\/files.sunoresearch.com.br\/n\/uploads\/2023\/05\/RECT11-scaled.jpg\",\"datePublished\":\"2023-05-30T20:46:01+00:00\",\"dateModified\":\"2023-05-30T22:09:13+00:00\",\"description\":\"Um fundo imobili\u00e1rio afundou 10,88% na sess\u00e3o de hoje (30) na bolsa ap\u00f3s estimar queda de 25,9% em seus dividendos. O IFIX tamb\u00e9m caiu.\",\"breadcrumb\":{\"@id\":\"https:\/\/www.suno.com.br\/noticias\/ifix-fechamento-300523-fundo-imobiliario-rect11-afunda\/#breadcrumb\"},\"inLanguage\":\"pt-BR\",\"potentialAction\":[{\"@type\":\"ReadAction\",\"target\":[\"https:\/\/www.suno.com.br\/noticias\/ifix-fechamento-300523-fundo-imobiliario-rect11-afunda\/\"]}]},{\"@type\":\"ImageObject\",\"inLanguage\":\"pt-BR\",\"@id\":\"https:\/\/www.suno.com.br\/noticias\/ifix-fechamento-300523-fundo-imobiliario-rect11-afunda\/#primaryimage\",\"url\":\"https:\/\/files.sunoresearch.com.br\/n\/uploads\/2023\/05\/RECT11-scaled.jpg\",\"contentUrl\":\"https:\/\/files.sunoresearch.com.br\/n\/uploads\/2023\/05\/RECT11-scaled.jpg\",\"width\":2560,\"height\":1707,\"caption\":\"Fundo imobili\u00e1rio afunda 10,88% ap\u00f3s estimar queda de 25,9% em seus dividendos; IFIX cai a 3.003 pontos. Foto: Unsplash\"},{\"@type\":\"BreadcrumbList\",\"@id\":\"https:\/\/www.suno.com.br\/noticias\/ifix-fechamento-300523-fundo-imobiliario-rect11-afunda\/#breadcrumb\",\"itemListElement\":[{\"@type\":\"ListItem\",\"position\":1,\"name\":\"Not\u00edcias\",\"item\":\"https:\/\/www.suno.com.br\/noticias\/\"},{\"@type\":\"ListItem\",\"position\":2,\"name\":\"Neg\u00f3cios\",\"item\":\"https:\/\/www.suno.com.br\/noticias\/negocios\/\"},{\"@type\":\"ListItem\",\"position\":3,\"name\":\"Fundo imobili\u00e1rio afunda 10,88% ap\u00f3s estimar queda de 25,9% em seus dividendos; IFIX cai a 3.003 pontos\"}]},{\"@type\":\"WebSite\",\"@id\":\"https:\/\/www.suno.com.br\/noticias\/#website\",\"url\":\"https:\/\/www.suno.com.br\/noticias\/\",\"name\":\"Suno Not\u00edcias\",\"description\":\"Seu portal de informa\u00e7\u00e3o sobre o mundo dos investimentos\",\"publisher\":{\"@id\":\"https:\/\/www.suno.com.br\/noticias\/#organization\"},\"potentialAction\":[{\"@type\":\"SearchAction\",\"target\":{\"@type\":\"EntryPoint\",\"urlTemplate\":\"https:\/\/www.suno.com.br\/noticias\/?s={search_term_string}\"},\"query-input\":{\"@type\":\"PropertyValueSpecification\",\"valueRequired\":true,\"valueName\":\"search_term_string\"}}],\"inLanguage\":\"pt-BR\"},{\"@type\":\"Organization\",\"@id\":\"https:\/\/www.suno.com.br\/noticias\/#organization\",\"name\":\"Suno Not\u00edcias\",\"url\":\"https:\/\/www.suno.com.br\/noticias\/\",\"logo\":{\"@type\":\"ImageObject\",\"inLanguage\":\"pt-BR\",\"@id\":\"https:\/\/www.suno.com.br\/noticias\/#\/schema\/logo\/image\/\",\"url\":\"https:\/\/files.sunoresearch.com.br\/n\/uploads\/2021\/09\/suno-logo.png\",\"contentUrl\":\"https:\/\/files.sunoresearch.com.br\/n\/uploads\/2021\/09\/suno-logo.png\",\"width\":180,\"height\":180,\"caption\":\"Suno Not\u00edcias\"},\"image\":{\"@id\":\"https:\/\/www.suno.com.br\/noticias\/#\/schema\/logo\/image\/\"},\"sameAs\":[\"https:\/\/facebook.com\/sunoresearch\",\"https:\/\/x.com\/sunoresearch\",\"https:\/\/www.instagram.com\/suno\",\"https:\/\/www.linkedin.com\/company\/suno-research\/\",\"https:\/\/www.youtube.com\/c\/sunoresearch\"]},{\"@type\":\"Person\",\"@id\":\"https:\/\/www.suno.com.br\/noticias\/#\/schema\/person\/87fc6973867c52dd884811905c43afba\",\"name\":\"Jo\u00e3o Vitor\",\"image\":{\"@type\":\"ImageObject\",\"inLanguage\":\"pt-BR\",\"@id\":\"https:\/\/www.suno.com.br\/noticias\/#\/schema\/person\/image\/\",\"url\":\"https:\/\/secure.gravatar.com\/avatar\/2843227ca03ccf8cc7ccca45204c127e?s=96&r=g\",\"contentUrl\":\"https:\/\/secure.gravatar.com\/avatar\/2843227ca03ccf8cc7ccca45204c127e?s=96&r=g\",\"caption\":\"Jo\u00e3o Vitor\"},\"description\":\"Redator profissional, com atua\u00e7\u00e3o no mercado editorial na produ\u00e7\u00e3o de not\u00edcias e conte\u00fados sobre o mercado de a\u00e7\u00f5es, fundos imobili\u00e1rios e economia popular. Graduando em Engenharia Qu\u00edmica pela Unesp, tamb\u00e9m j\u00e1 atuou como consultor financeiro.\",\"url\":\"https:\/\/www.suno.com.br\/noticias\/author\/joao-vitor-jacintho\/\"}]}<\/script>\n<!-- \/ Yoast SEO plugin. -->","yoast_head_json":{"title":"FII afunda ap\u00f3s estimar queda de 25,9% nos dividendos; IFIX cai","description":"Um fundo imobili\u00e1rio afundou 10,88% na sess\u00e3o de hoje (30) na bolsa ap\u00f3s estimar queda de 25,9% em seus dividendos. O IFIX tamb\u00e9m caiu.","robots":{"index":"index","follow":"follow","max-snippet":"max-snippet:-1","max-image-preview":"max-image-preview:large","max-video-preview":"max-video-preview:-1"},"canonical":"https:\/\/www.suno.com.br\/noticias\/ifix-fechamento-300523-fundo-imobiliario-rect11-afunda\/","og_locale":"pt_BR","og_type":"article","og_title":"FII afunda ap\u00f3s estimar queda de 25,9% nos dividendos; IFIX cai","og_description":"Um fundo imobili\u00e1rio afundou 10,88% na sess\u00e3o de hoje (30) na bolsa ap\u00f3s estimar queda de 25,9% em seus dividendos. O IFIX tamb\u00e9m caiu.","og_url":"https:\/\/www.suno.com.br\/noticias\/ifix-fechamento-300523-fundo-imobiliario-rect11-afunda\/","og_site_name":"Suno Not\u00edcias","article_publisher":"https:\/\/facebook.com\/sunoresearch","og_image":[{"width":2560,"height":1707,"url":"https:\/\/files.sunoresearch.com.br\/n\/uploads\/2023\/05\/RECT11-scaled.jpg","type":"image\/jpeg"}],"author":"Jo\u00e3o Vitor","twitter_card":"summary_large_image","twitter_creator":"@sunoresearch","twitter_site":"@sunoresearch","twitter_misc":{"Escrito por":"Jo\u00e3o Vitor","Est. tempo de leitura":"2 minutos"},"schema":{"@context":"https:\/\/schema.org","@graph":[{"@type":"NewsArticle","@id":"https:\/\/www.suno.com.br\/noticias\/ifix-fechamento-300523-fundo-imobiliario-rect11-afunda\/#article","isPartOf":{"@id":"https:\/\/www.suno.com.br\/noticias\/ifix-fechamento-300523-fundo-imobiliario-rect11-afunda\/"},"author":{"name":"Jo\u00e3o Vitor","@id":"https:\/\/www.suno.com.br\/noticias\/#\/schema\/person\/87fc6973867c52dd884811905c43afba"},"headline":"Fundo imobili\u00e1rio afunda 10,88% ap\u00f3s estimar queda de 25,9% em seus dividendos; IFIX cai a 3.003 pontos","datePublished":"2023-05-30T20:46:01+00:00","dateModified":"2023-05-30T22:09:13+00:00","mainEntityOfPage":{"@id":"https:\/\/www.suno.com.br\/noticias\/ifix-fechamento-300523-fundo-imobiliario-rect11-afunda\/"},"wordCount":359,"publisher":{"@id":"https:\/\/www.suno.com.br\/noticias\/#organization"},"image":{"@id":"https:\/\/www.suno.com.br\/noticias\/ifix-fechamento-300523-fundo-imobiliario-rect11-afunda\/#primaryimage"},"thumbnailUrl":"https:\/\/files.sunoresearch.com.br\/n\/uploads\/2023\/05\/RECT11-scaled.jpg","keywords":["Fundos Imobili\u00e1rios (FIIs)","HGRE11","RBRP11","RECT11","VISC11"],"articleSection":["Neg\u00f3cios"],"inLanguage":"pt-BR"},{"@type":"WebPage","@id":"https:\/\/www.suno.com.br\/noticias\/ifix-fechamento-300523-fundo-imobiliario-rect11-afunda\/","url":"https:\/\/www.suno.com.br\/noticias\/ifix-fechamento-300523-fundo-imobiliario-rect11-afunda\/","name":"FII afunda ap\u00f3s estimar queda de 25,9% nos dividendos; IFIX cai","isPartOf":{"@id":"https:\/\/www.suno.com.br\/noticias\/#website"},"primaryImageOfPage":{"@id":"https:\/\/www.suno.com.br\/noticias\/ifix-fechamento-300523-fundo-imobiliario-rect11-afunda\/#primaryimage"},"image":{"@id":"https:\/\/www.suno.com.br\/noticias\/ifix-fechamento-300523-fundo-imobiliario-rect11-afunda\/#primaryimage"},"thumbnailUrl":"https:\/\/files.sunoresearch.com.br\/n\/uploads\/2023\/05\/RECT11-scaled.jpg","datePublished":"2023-05-30T20:46:01+00:00","dateModified":"2023-05-30T22:09:13+00:00","description":"Um fundo imobili\u00e1rio afundou 10,88% na sess\u00e3o de hoje (30) na bolsa ap\u00f3s estimar queda de 25,9% em seus dividendos. O IFIX tamb\u00e9m caiu.","breadcrumb":{"@id":"https:\/\/www.suno.com.br\/noticias\/ifix-fechamento-300523-fundo-imobiliario-rect11-afunda\/#breadcrumb"},"inLanguage":"pt-BR","potentialAction":[{"@type":"ReadAction","target":["https:\/\/www.suno.com.br\/noticias\/ifix-fechamento-300523-fundo-imobiliario-rect11-afunda\/"]}]},{"@type":"ImageObject","inLanguage":"pt-BR","@id":"https:\/\/www.suno.com.br\/noticias\/ifix-fechamento-300523-fundo-imobiliario-rect11-afunda\/#primaryimage","url":"https:\/\/files.sunoresearch.com.br\/n\/uploads\/2023\/05\/RECT11-scaled.jpg","contentUrl":"https:\/\/files.sunoresearch.com.br\/n\/uploads\/2023\/05\/RECT11-scaled.jpg","width":2560,"height":1707,"caption":"Fundo imobili\u00e1rio afunda 10,88% ap\u00f3s estimar queda de 25,9% em seus dividendos; IFIX cai a 3.003 pontos. Foto: Unsplash"},{"@type":"BreadcrumbList","@id":"https:\/\/www.suno.com.br\/noticias\/ifix-fechamento-300523-fundo-imobiliario-rect11-afunda\/#breadcrumb","itemListElement":[{"@type":"ListItem","position":1,"name":"Not\u00edcias","item":"https:\/\/www.suno.com.br\/noticias\/"},{"@type":"ListItem","position":2,"name":"Neg\u00f3cios","item":"https:\/\/www.suno.com.br\/noticias\/negocios\/"},{"@type":"ListItem","position":3,"name":"Fundo imobili\u00e1rio afunda 10,88% ap\u00f3s estimar queda de 25,9% em seus dividendos; IFIX cai a 3.003 pontos"}]},{"@type":"WebSite","@id":"https:\/\/www.suno.com.br\/noticias\/#website","url":"https:\/\/www.suno.com.br\/noticias\/","name":"Suno Not\u00edcias","description":"Seu portal de informa\u00e7\u00e3o sobre o mundo dos investimentos","publisher":{"@id":"https:\/\/www.suno.com.br\/noticias\/#organization"},"potentialAction":[{"@type":"SearchAction","target":{"@type":"EntryPoint","urlTemplate":"https:\/\/www.suno.com.br\/noticias\/?s={search_term_string}"},"query-input":{"@type":"PropertyValueSpecification","valueRequired":true,"valueName":"search_term_string"}}],"inLanguage":"pt-BR"},{"@type":"Organization","@id":"https:\/\/www.suno.com.br\/noticias\/#organization","name":"Suno Not\u00edcias","url":"https:\/\/www.suno.com.br\/noticias\/","logo":{"@type":"ImageObject","inLanguage":"pt-BR","@id":"https:\/\/www.suno.com.br\/noticias\/#\/schema\/logo\/image\/","url":"https:\/\/files.sunoresearch.com.br\/n\/uploads\/2021\/09\/suno-logo.png","contentUrl":"https:\/\/files.sunoresearch.com.br\/n\/uploads\/2021\/09\/suno-logo.png","width":180,"height":180,"caption":"Suno Not\u00edcias"},"image":{"@id":"https:\/\/www.suno.com.br\/noticias\/#\/schema\/logo\/image\/"},"sameAs":["https:\/\/facebook.com\/sunoresearch","https:\/\/x.com\/sunoresearch","https:\/\/www.instagram.com\/suno","https:\/\/www.linkedin.com\/company\/suno-research\/","https:\/\/www.youtube.com\/c\/sunoresearch"]},{"@type":"Person","@id":"https:\/\/www.suno.com.br\/noticias\/#\/schema\/person\/87fc6973867c52dd884811905c43afba","name":"Jo\u00e3o Vitor","image":{"@type":"ImageObject","inLanguage":"pt-BR","@id":"https:\/\/www.suno.com.br\/noticias\/#\/schema\/person\/image\/","url":"https:\/\/secure.gravatar.com\/avatar\/2843227ca03ccf8cc7ccca45204c127e?s=96&r=g","contentUrl":"https:\/\/secure.gravatar.com\/avatar\/2843227ca03ccf8cc7ccca45204c127e?s=96&r=g","caption":"Jo\u00e3o Vitor"},"description":"Redator profissional, com atua\u00e7\u00e3o no mercado editorial na produ\u00e7\u00e3o de not\u00edcias e conte\u00fados sobre o mercado de a\u00e7\u00f5es, fundos imobili\u00e1rios e economia popular. Graduando em Engenharia Qu\u00edmica pela Unesp, tamb\u00e9m j\u00e1 atuou como consultor financeiro.","url":"https:\/\/www.suno.com.br\/noticias\/author\/joao-vitor-jacintho\/"}]}},"default_loop_html":"<div class=\"cardsPage__listCard__boxs\"><div class=\"cardsPage__listCard__boxs__img\"><a href=\"https:\/\/www.suno.com.br\/noticias\/ifix-fechamento-300523-fundo-imobiliario-rect11-afunda\/\"><img class=\"mask\" src=\"https:\/\/www.suno.com.br\/noticias\/wp-content\/themes\/suno\/resources\/images\/spotlight\/spotlight1img\/bg-mask.png\" alt=\"Image Mask\"\/><img src=\"https:\/\/files.sunoresearch.com.br\/n\/uploads\/2023\/05\/RECT11-400x200.jpg\" alt=\"Fundo imobili\u00e1rio afunda 10,88% ap\u00f3s estimar queda de 25,9% em seus dividendos; IFIX cai a 3.003 pontos\"\/><\/a><span class=\"spotlightCategory\"><a href=\"https:\/\/www.suno.com.br\/noticias\/negocios\/\">Neg\u00f3cios<\/a><\/span><\/div><div class=\"cardsPage__listCard__boxs__content\"><a href=\"https:\/\/www.suno.com.br\/noticias\/ifix-fechamento-300523-fundo-imobiliario-rect11-afunda\/\"><h2 class=\"content__title\">Fundo imobili\u00e1rio afunda 10,88% ap\u00f3s estimar queda de 25,9% em seus dividendos; IFIX cai a 3.003 pontos<\/h2><\/a><div class=\"newsContent__article__meta\"><div class=\"newsContent__article__meta__authorBox\"><a href=\"https:\/\/www.suno.com.br\/noticias\/author\/joao-vitor-jacintho\/\" class=\"authorBox__avatar noMobi\"><img src=\"https:\/\/secure.gravatar.com\/avatar\/2843227ca03ccf8cc7ccca45204c127e?s=96&#038;r=g\" alt=\"Jo\u00e3o Vitor Jacintho\"><\/a><div class=\"authorBox__name\"><span>por\n\t\t\t<a href=\"https:\/\/www.suno.com.br\/noticias\/author\/joao-vitor-jacintho\/\"><span itemprop=\"author\">Jo\u00e3o Vitor Jacintho<\/span><\/a><\/span><time datetime=\"2023-05-30T17:46:01-03:00\" itemprop=\"datePublished\">30\/05\/2023 17:46<\/time><\/div><\/div><\/div><\/div><\/div>","single_layout":"posts","amp_enabled":true,"_links":{"self":[{"href":"https:\/\/www.suno.com.br\/noticias\/wp-json\/wp\/v2\/posts\/410760"}],"collection":[{"href":"https:\/\/www.suno.com.br\/noticias\/wp-json\/wp\/v2\/posts"}],"about":[{"href":"https:\/\/www.suno.com.br\/noticias\/wp-json\/wp\/v2\/types\/post"}],"author":[{"embeddable":true,"href":"https:\/\/www.suno.com.br\/noticias\/wp-json\/wp\/v2\/users\/173"}],"replies":[{"embeddable":true,"href":"https:\/\/www.suno.com.br\/noticias\/wp-json\/wp\/v2\/comments?post=410760"}],"version-history":[{"count":3,"href":"https:\/\/www.suno.com.br\/noticias\/wp-json\/wp\/v2\/posts\/410760\/revisions"}],"predecessor-version":[{"id":410819,"href":"https:\/\/www.suno.com.br\/noticias\/wp-json\/wp\/v2\/posts\/410760\/revisions\/410819"}],"wp:featuredmedia":[{"embeddable":true,"href":"https:\/\/www.suno.com.br\/noticias\/wp-json\/wp\/v2\/media\/410767"}],"wp:attachment":[{"href":"https:\/\/www.suno.com.br\/noticias\/wp-json\/wp\/v2\/media?parent=410760"}],"wp:term":[{"taxonomy":"category","embeddable":true,"href":"https:\/\/www.suno.com.br\/noticias\/wp-json\/wp\/v2\/categories?post=410760"},{"taxonomy":"post_tag","embeddable":true,"href":"https:\/\/www.suno.com.br\/noticias\/wp-json\/wp\/v2\/tags?post=410760"},{"taxonomy":"suno_strategy","embeddable":true,"href":"https:\/\/www.suno.com.br\/noticias\/wp-json\/wp\/v2\/suno_strategy?post=410760"}],"curies":[{"name":"wp","href":"https:\/\/api.w.org\/{rel}","templated":true}]}}