{"id":41025,"date":"2019-10-14T18:55:39","date_gmt":"2019-10-14T21:55:39","guid":{"rendered":"https:\/\/www.suno.com.br\/noticias\/?p=41025"},"modified":"2019-10-14T18:55:39","modified_gmt":"2019-10-14T21:55:39","slug":"balanca-comercial-superavit-semana-outubro","status":"publish","type":"post","link":"https:\/\/www.suno.com.br\/noticias\/balanca-comercial-superavit-semana-outubro\/","title":{"rendered":"Balan\u00e7a comercial tem super\u00e1vit de US$ 444 mi na 2\u00aa semana de outubro"},"content":{"rendered":"<p>A <strong>Secretaria de Com\u00e9rcio Exterior<\/strong> (<strong>Secex<\/strong>) informou, nesta segunda-feira (14), que a <a href=\"https:\/\/www.suno.com.br\/artigos\/balanca-comercial\/\">balan\u00e7a comercial brasileira<\/a> registrou um super\u00e1vit de US$ 444 milh\u00f5es na segunda semana de outubro. O valor \u00e9 resultado de US$ 4,244 bilh\u00f5es em <strong>exporta\u00e7\u00f5es<\/strong> e US$ 3,799 bilh\u00f5es em <strong>importa\u00e7\u00f5es.<\/strong><\/p>\t<div class=\"wrapper-featured-image\">\n\t\t<figure class=\"spotlightImg\">\n\n\t\t\t<picture>\n\t\t\t\t<source media=\"(max-width: 768px)\" srcset=\"https:\/\/files.sunoresearch.com.br\/n\/uploads\/2019\/07\/60482c1b-balan\u00e7acomercial-400x200.webp\">\n\t\t\t\t<img loading=\"lazy\" decoding=\"async\" class=\"newsContent__article__imgCapa lazyloadDisabled newsContent__article__imgCapa--noCaption\" src=\"https:\/\/files.sunoresearch.com.br\/n\/uploads\/2019\/07\/60482c1b-balan\u00e7acomercial-800x450.webp\" width=\"800\" height=\"450\" alt=\"Balan\u00e7a comercial tem super\u00e1vit de US$ 444 mi na 2\u00aa semana de outubro\" fetchpriority=high \/>\n\t\t\t<\/picture>\n\n\t\t\t<figcaption class=\"wp-caption-text wp-caption-text--hide\">Balan\u00e7a comercial tem super\u00e1vit de US$ 7,46 bi em junho<\/figcaption>\n\t\t<\/figure>\n\t<\/div>\n\n\n\n<p>Em outubro, as exporta\u00e7\u00f5es chegam a somar US$ 7,552 bilh\u00f5es, j\u00e1 as <strong>importa\u00e7\u00f5es<\/strong> atingem o valor de US$ 6,781 bilh\u00f5es, registrando um <strong>saldo positivo<\/strong> de US$ 770 milh\u00f5es na <strong>balan\u00e7a comercial<\/strong>.<\/p>\n<p>No ano, s\u00e3o totalizados US$ 174,757 bilh\u00f5es em <strong>exporta\u00e7\u00f5es<\/strong> e US$ 140,370 bilh\u00f5es em <strong>importa\u00e7\u00f5es<\/strong>, tendo, em 2019, um <strong>saldo<\/strong> <strong>positivo<\/strong> de US$ 34,388 bilh\u00f5es.<\/p>\n<p>Na segunda semana, a m\u00e9dia de <strong>exporta\u00e7\u00f5es<\/strong> atingiu o valor de US$ 848,7 milh\u00f5es, n\u00famero 2,6% superior \u00e0 m\u00e9dia da primeira semana que foi de US$ 827 milh\u00f5es, por conta da eleva\u00e7\u00e3o nas exporta\u00e7\u00f5es de <strong>manufaturados,<\/strong> que registraram um aumento de 20,4% (US$ 253,1 milh\u00f5es para US$ 304,7 milh\u00f5es) em raz\u00e3o de:<\/p>\n<ul>\n<li><strong>gasolina;<\/strong><\/li>\n<li><strong>m\u00e1quinas<\/strong> e <strong>aparelhos<\/strong> para <strong>terraplanagem;<\/strong><\/li>\n<li><strong>etanol;<\/strong><\/li>\n<li><strong>\u00f3leos combust\u00edveis;<\/strong><\/li>\n<li><strong>autom\u00f3veis<\/strong> de passageiros.<\/li>\n<\/ul>\n<p>Al\u00e9m disso, os produtos b\u00e1sicos tamb\u00e9m s\u00e3o apontados como causa do aumento na m\u00e9dia, com uma eleva\u00e7\u00e3o de 1,1% (passando de US$ 441,7 milh\u00f5es para US$ 446,7 milh\u00f5es) devido a:<\/p>\n<ul>\n<li><strong>min\u00e9rio<\/strong>\u00a0<strong>de ferro;<\/strong><\/li>\n<li><strong>min\u00e9rio de cobre;<\/strong><\/li>\n<li><strong>petr\u00f3leo bruto;<\/strong><\/li>\n<li><strong>carne bovina;<\/strong><\/li>\n<li><strong>min\u00e9rio de mangan\u00eas.<\/strong><\/li>\n<\/ul>\n<p>J\u00e1 as vendas de semimanufaturados obtiveram queda de -26,3%, diminuindo de US$ 132,2 milh\u00f5es para US$ 97,4 milh\u00f5es, devido a:<\/p>\n<ul>\n<li>semimanufaturados de <strong>ferro<\/strong> e <strong>a\u00e7o;<\/strong><\/li>\n<li><strong>ouro<\/strong> em formas semimanufaturadas;<\/li>\n<li><strong>ferro-ligas;<\/strong><\/li>\n<li><strong>ferro fundido;<\/strong><\/li>\n<li>c\u00e1todos de <strong>cobre.<\/strong><\/li>\n<\/ul>\n<p>Em rela\u00e7\u00e3o \u00e0s importa\u00e7\u00f5es, houve um crescimento de 1,9% em compara\u00e7\u00e3o \u00e0 segunda semana de outubro do ano passado. O valor de 2019 foi de US$ 759,9 milh\u00f5es, US$ 14,4 milh\u00f5es acima do valor de 2018, por conta da eleva\u00e7\u00e3o nos gastos com:<\/p>\n<ul>\n<li><strong>combust\u00edveis<\/strong> e <strong>lubrificantes;<\/strong><\/li>\n<li><strong>cereais<\/strong> e <strong>produtos<\/strong> de <strong>moagem;<\/strong><\/li>\n<li><strong>cobre<\/strong> e derivados;<\/li>\n<li><strong>pl\u00e1sticos<\/strong> e obras;<\/li>\n<li><strong style=\"font-size: 1.21429rem;\">papel<\/strong><span style=\"font-size: 1.21429rem;\"> e obras.<\/span><\/li>\n<\/ul>\n<p>&nbsp;<\/p>\n<h2>Balan\u00e7a comercial em agosto<\/h2>\n<p>A <a href=\"https:\/\/www.suno.com.br\/artigos\/balanca-comercial\/\">balan\u00e7a comercial<\/a> brasileira registrou um <strong>super\u00e1vit<\/strong> de US$ 2,246 bilh\u00f5es em agosto. A informa\u00e7\u00e3o foi divulgada no dia 1\u00ba de outubro pela Secretaria de Com\u00e9rcio Exterior do <strong>Minist\u00e9rio da Economia<\/strong>.<\/p>\n\t<p>\n\t\t<a href=\"https:\/\/lp2.suno.com.br\/cl\/black-friday-2025\/?utm_campaign=_SNCDF0E4858_\" target=\"_blank\" data-element=\"shortcode-suno-banner\" title=\"Banner SUNO, clique e saiba mais\">\n\t\t\t<picture>\n\t\t\t\t<source media=\"(max-width: 500px)\" srcset=\"https:\/\/files.sunoresearch.com.br\/n\/uploads\/2025\/10\/Artigos-e-Noticias-Banner-Home-artigos-01-Mobile_-400x300-1-png.webp\">\n\t\t\t\t<img class=\"newsContent__article__imgCapa newsContent__article__imgCapa--banner\"\n\t\t\t\t\tsrc=\"https:\/\/files.sunoresearch.com.br\/n\/uploads\/2025\/10\/Artigos-e-Noticias-Banner-Home-artigos-01-Desktop_-1420x240-1-png.webp\"\n\t\t\t\t\tdata-promo-id=\"311259\"\t\t\t\t\t\t\t\t\t\twidth='1420' height='240'\t\t\t\t\talt=\"https:\/\/files.sunoresearch.com.br\/n\/uploads\/2025\/10\/Artigos-e-Noticias-Banner-Home-artigos-01-Desktop_-1420x240-1-png.webp\"\n\t\t\t\t>\n\t\t\t<\/picture>\n\t\t<\/a>\n\t<\/p>\n\n\n<p>O resultado da <a href=\"https:\/\/www.suno.com.br\/artigos\/balanca-comercial\/\"><strong>balan\u00e7a comercial<\/strong><\/a> do \u00faltimo m\u00eas foi o pior em cinco anos, ou seja, desde setembro de 2014. Nesta data, foi registrado um d\u00e9ficit de US$ 946,4 milh\u00f5es.<\/p>\n","protected":false},"excerpt":{"rendered":"<p>A Secretaria de Com\u00e9rcio Exterior (Secex) informou, nesta segunda-feira (14), que a balan\u00e7a comercial brasileira registrou um super\u00e1vit de US$ 444 milh\u00f5es na segunda semana de outubro. O valor \u00e9 resultado de US$ 4,244 bilh\u00f5es em exporta\u00e7\u00f5es e US$ 3,799 bilh\u00f5es em importa\u00e7\u00f5es. Balan\u00e7a comercial tem super\u00e1vit de US$ 7,46 bi em junho Em outubro, [&hellip;]<\/p>\n","protected":false},"author":23,"featured_media":29717,"comment_status":"closed","ping_status":"closed","sticky":false,"template":"","format":"standard","meta":[],"categories":[62],"tags":[914],"suno_strategy":[],"class_list":["post-41025","post","type-post","status-publish","format-standard","has-post-thumbnail","hentry","category-economia","tag-balanca-comercial"],"yoast_head":"<!-- This site is optimized with the Yoast SEO plugin v24.4 - https:\/\/yoast.com\/wordpress\/plugins\/seo\/ -->\n<title>Balan\u00e7a comercial tem super\u00e1vit de US$ 444 mi na 2\u00aa semana de outubro<\/title>\n<meta name=\"description\" content=\"A Secex informou que a balan\u00e7a comercial brasileira registrou um super\u00e1vit de US$ 444 milh\u00f5es na segunda semana de outubro. Clique para mais.\" \/>\n<meta name=\"robots\" content=\"index, follow, max-snippet:-1, max-image-preview:large, max-video-preview:-1\" \/>\n<link rel=\"canonical\" href=\"https:\/\/www.suno.com.br\/noticias\/balanca-comercial-superavit-semana-outubro\/\" \/>\n<meta property=\"og:locale\" content=\"pt_BR\" \/>\n<meta property=\"og:type\" content=\"article\" \/>\n<meta property=\"og:title\" content=\"Balan\u00e7a comercial tem super\u00e1vit de US$ 444 mi na 2\u00aa semana de outubro\" \/>\n<meta property=\"og:description\" content=\"A Secex informou que a balan\u00e7a comercial brasileira registrou um super\u00e1vit de US$ 444 milh\u00f5es na segunda semana de outubro. Clique para mais.\" \/>\n<meta property=\"og:url\" content=\"https:\/\/www.suno.com.br\/noticias\/balanca-comercial-superavit-semana-outubro\/\" \/>\n<meta property=\"og:site_name\" content=\"Suno Not\u00edcias\" \/>\n<meta property=\"article:publisher\" content=\"https:\/\/facebook.com\/sunoresearch\" \/>\n<meta property=\"og:image\" content=\"https:\/\/files.sunoresearch.com.br\/n\/uploads\/2019\/07\/60482c1b-balan\u00e7acomercial.jpg\" \/>\n\t<meta property=\"og:image:width\" content=\"1140\" \/>\n\t<meta property=\"og:image:height\" content=\"760\" \/>\n\t<meta property=\"og:image:type\" content=\"image\/jpeg\" \/>\n<meta name=\"author\" content=\"Rafael Lara\" \/>\n<meta name=\"twitter:card\" content=\"summary_large_image\" \/>\n<meta name=\"twitter:creator\" content=\"@sunoresearch\" \/>\n<meta name=\"twitter:site\" content=\"@sunoresearch\" \/>\n<meta name=\"twitter:label1\" content=\"Escrito por\" \/>\n\t<meta name=\"twitter:data1\" content=\"Rafael Lara\" \/>\n\t<meta name=\"twitter:label2\" content=\"Est. tempo de leitura\" \/>\n\t<meta name=\"twitter:data2\" content=\"2 minutos\" \/>\n<script type=\"application\/ld+json\" class=\"yoast-schema-graph\">{\"@context\":\"https:\/\/schema.org\",\"@graph\":[{\"@type\":\"NewsArticle\",\"@id\":\"https:\/\/www.suno.com.br\/noticias\/balanca-comercial-superavit-semana-outubro\/#article\",\"isPartOf\":{\"@id\":\"https:\/\/www.suno.com.br\/noticias\/balanca-comercial-superavit-semana-outubro\/\"},\"author\":{\"name\":\"Rafael Lara\",\"@id\":\"https:\/\/www.suno.com.br\/noticias\/#\/schema\/person\/098743caeed97b37f51315c9576c4078\"},\"headline\":\"Balan\u00e7a comercial tem super\u00e1vit de US$ 444 mi na 2\u00aa semana de outubro\",\"datePublished\":\"2019-10-14T21:55:39+00:00\",\"mainEntityOfPage\":{\"@id\":\"https:\/\/www.suno.com.br\/noticias\/balanca-comercial-superavit-semana-outubro\/\"},\"wordCount\":421,\"publisher\":{\"@id\":\"https:\/\/www.suno.com.br\/noticias\/#organization\"},\"image\":{\"@id\":\"https:\/\/www.suno.com.br\/noticias\/balanca-comercial-superavit-semana-outubro\/#primaryimage\"},\"thumbnailUrl\":\"https:\/\/files.sunoresearch.com.br\/n\/uploads\/2019\/07\/60482c1b-balan\u00e7acomercial-jpg.webp\",\"keywords\":[\"balan\u00e7a comercial\"],\"articleSection\":[\"Economia\"],\"inLanguage\":\"pt-BR\"},{\"@type\":\"WebPage\",\"@id\":\"https:\/\/www.suno.com.br\/noticias\/balanca-comercial-superavit-semana-outubro\/\",\"url\":\"https:\/\/www.suno.com.br\/noticias\/balanca-comercial-superavit-semana-outubro\/\",\"name\":\"Balan\u00e7a comercial tem super\u00e1vit de US$ 444 mi na 2\u00aa semana de outubro\",\"isPartOf\":{\"@id\":\"https:\/\/www.suno.com.br\/noticias\/#website\"},\"primaryImageOfPage\":{\"@id\":\"https:\/\/www.suno.com.br\/noticias\/balanca-comercial-superavit-semana-outubro\/#primaryimage\"},\"image\":{\"@id\":\"https:\/\/www.suno.com.br\/noticias\/balanca-comercial-superavit-semana-outubro\/#primaryimage\"},\"thumbnailUrl\":\"https:\/\/files.sunoresearch.com.br\/n\/uploads\/2019\/07\/60482c1b-balan\u00e7acomercial-jpg.webp\",\"datePublished\":\"2019-10-14T21:55:39+00:00\",\"description\":\"A Secex informou que a balan\u00e7a comercial brasileira registrou um super\u00e1vit de US$ 444 milh\u00f5es na segunda semana de outubro. Clique para mais.\",\"breadcrumb\":{\"@id\":\"https:\/\/www.suno.com.br\/noticias\/balanca-comercial-superavit-semana-outubro\/#breadcrumb\"},\"inLanguage\":\"pt-BR\",\"potentialAction\":[{\"@type\":\"ReadAction\",\"target\":[\"https:\/\/www.suno.com.br\/noticias\/balanca-comercial-superavit-semana-outubro\/\"]}]},{\"@type\":\"ImageObject\",\"inLanguage\":\"pt-BR\",\"@id\":\"https:\/\/www.suno.com.br\/noticias\/balanca-comercial-superavit-semana-outubro\/#primaryimage\",\"url\":\"https:\/\/files.sunoresearch.com.br\/n\/uploads\/2019\/07\/60482c1b-balan\u00e7acomercial-jpg.webp\",\"contentUrl\":\"https:\/\/files.sunoresearch.com.br\/n\/uploads\/2019\/07\/60482c1b-balan\u00e7acomercial-jpg.webp\",\"width\":1140,\"height\":760,\"caption\":\"Balan\u00e7a comercial tem super\u00e1vit de US$ 7,46 bi em junho\"},{\"@type\":\"BreadcrumbList\",\"@id\":\"https:\/\/www.suno.com.br\/noticias\/balanca-comercial-superavit-semana-outubro\/#breadcrumb\",\"itemListElement\":[{\"@type\":\"ListItem\",\"position\":1,\"name\":\"Not\u00edcias\",\"item\":\"https:\/\/www.suno.com.br\/noticias\/\"},{\"@type\":\"ListItem\",\"position\":2,\"name\":\"Economia\",\"item\":\"https:\/\/www.suno.com.br\/noticias\/economia\/\"},{\"@type\":\"ListItem\",\"position\":3,\"name\":\"Balan\u00e7a comercial tem super\u00e1vit de US$ 444 mi na 2\u00aa semana de outubro\"}]},{\"@type\":\"WebSite\",\"@id\":\"https:\/\/www.suno.com.br\/noticias\/#website\",\"url\":\"https:\/\/www.suno.com.br\/noticias\/\",\"name\":\"Suno Not\u00edcias\",\"description\":\"Seu portal de informa\u00e7\u00e3o sobre o mundo dos investimentos\",\"publisher\":{\"@id\":\"https:\/\/www.suno.com.br\/noticias\/#organization\"},\"potentialAction\":[{\"@type\":\"SearchAction\",\"target\":{\"@type\":\"EntryPoint\",\"urlTemplate\":\"https:\/\/www.suno.com.br\/noticias\/?s={search_term_string}\"},\"query-input\":{\"@type\":\"PropertyValueSpecification\",\"valueRequired\":true,\"valueName\":\"search_term_string\"}}],\"inLanguage\":\"pt-BR\"},{\"@type\":\"Organization\",\"@id\":\"https:\/\/www.suno.com.br\/noticias\/#organization\",\"name\":\"Suno Not\u00edcias\",\"url\":\"https:\/\/www.suno.com.br\/noticias\/\",\"logo\":{\"@type\":\"ImageObject\",\"inLanguage\":\"pt-BR\",\"@id\":\"https:\/\/www.suno.com.br\/noticias\/#\/schema\/logo\/image\/\",\"url\":\"https:\/\/files.sunoresearch.com.br\/n\/uploads\/2021\/09\/suno-logo.png\",\"contentUrl\":\"https:\/\/files.sunoresearch.com.br\/n\/uploads\/2021\/09\/suno-logo.png\",\"width\":180,\"height\":180,\"caption\":\"Suno Not\u00edcias\"},\"image\":{\"@id\":\"https:\/\/www.suno.com.br\/noticias\/#\/schema\/logo\/image\/\"},\"sameAs\":[\"https:\/\/facebook.com\/sunoresearch\",\"https:\/\/x.com\/sunoresearch\",\"https:\/\/www.instagram.com\/suno\",\"https:\/\/www.linkedin.com\/company\/suno-research\/\",\"https:\/\/www.youtube.com\/c\/sunoresearch\"]},{\"@type\":\"Person\",\"@id\":\"https:\/\/www.suno.com.br\/noticias\/#\/schema\/person\/098743caeed97b37f51315c9576c4078\",\"name\":\"Rafael Lara\",\"image\":{\"@type\":\"ImageObject\",\"inLanguage\":\"pt-BR\",\"@id\":\"https:\/\/www.suno.com.br\/noticias\/#\/schema\/person\/image\/\",\"url\":\"https:\/\/secure.gravatar.com\/avatar\/dfc254ab9bb2ea1895d98b9e9dae4bdd?s=96&r=g\",\"contentUrl\":\"https:\/\/secure.gravatar.com\/avatar\/dfc254ab9bb2ea1895d98b9e9dae4bdd?s=96&r=g\",\"caption\":\"Rafael Lara\"},\"description\":\"Rafael Lara cursa jornalismo na Faculdade C\u00e1sper L\u00edbero. Escreve sobre pol\u00edtica, economia e neg\u00f3cios para o portal Suno Not\u00edcias. Antes, colaborou na TV Gazeta na produ\u00e7\u00e3o do programa Edi\u00e7\u00e3o Extra.\",\"url\":\"https:\/\/www.suno.com.br\/noticias\/author\/rafael\/\"}]}<\/script>\n<!-- \/ Yoast SEO plugin. -->","yoast_head_json":{"title":"Balan\u00e7a comercial tem super\u00e1vit de US$ 444 mi na 2\u00aa semana de outubro","description":"A Secex informou que a balan\u00e7a comercial brasileira registrou um super\u00e1vit de US$ 444 milh\u00f5es na segunda semana de outubro. Clique para mais.","robots":{"index":"index","follow":"follow","max-snippet":"max-snippet:-1","max-image-preview":"max-image-preview:large","max-video-preview":"max-video-preview:-1"},"canonical":"https:\/\/www.suno.com.br\/noticias\/balanca-comercial-superavit-semana-outubro\/","og_locale":"pt_BR","og_type":"article","og_title":"Balan\u00e7a comercial tem super\u00e1vit de US$ 444 mi na 2\u00aa semana de outubro","og_description":"A Secex informou que a balan\u00e7a comercial brasileira registrou um super\u00e1vit de US$ 444 milh\u00f5es na segunda semana de outubro. Clique para mais.","og_url":"https:\/\/www.suno.com.br\/noticias\/balanca-comercial-superavit-semana-outubro\/","og_site_name":"Suno Not\u00edcias","article_publisher":"https:\/\/facebook.com\/sunoresearch","og_image":[{"width":1140,"height":760,"url":"https:\/\/files.sunoresearch.com.br\/n\/uploads\/2019\/07\/60482c1b-balan\u00e7acomercial.jpg","type":"image\/jpeg"}],"author":"Rafael Lara","twitter_card":"summary_large_image","twitter_creator":"@sunoresearch","twitter_site":"@sunoresearch","twitter_misc":{"Escrito por":"Rafael Lara","Est. tempo de leitura":"2 minutos"},"schema":{"@context":"https:\/\/schema.org","@graph":[{"@type":"NewsArticle","@id":"https:\/\/www.suno.com.br\/noticias\/balanca-comercial-superavit-semana-outubro\/#article","isPartOf":{"@id":"https:\/\/www.suno.com.br\/noticias\/balanca-comercial-superavit-semana-outubro\/"},"author":{"name":"Rafael Lara","@id":"https:\/\/www.suno.com.br\/noticias\/#\/schema\/person\/098743caeed97b37f51315c9576c4078"},"headline":"Balan\u00e7a comercial tem super\u00e1vit de US$ 444 mi na 2\u00aa semana de outubro","datePublished":"2019-10-14T21:55:39+00:00","mainEntityOfPage":{"@id":"https:\/\/www.suno.com.br\/noticias\/balanca-comercial-superavit-semana-outubro\/"},"wordCount":421,"publisher":{"@id":"https:\/\/www.suno.com.br\/noticias\/#organization"},"image":{"@id":"https:\/\/www.suno.com.br\/noticias\/balanca-comercial-superavit-semana-outubro\/#primaryimage"},"thumbnailUrl":"https:\/\/files.sunoresearch.com.br\/n\/uploads\/2019\/07\/60482c1b-balan\u00e7acomercial-jpg.webp","keywords":["balan\u00e7a comercial"],"articleSection":["Economia"],"inLanguage":"pt-BR"},{"@type":"WebPage","@id":"https:\/\/www.suno.com.br\/noticias\/balanca-comercial-superavit-semana-outubro\/","url":"https:\/\/www.suno.com.br\/noticias\/balanca-comercial-superavit-semana-outubro\/","name":"Balan\u00e7a comercial tem super\u00e1vit de US$ 444 mi na 2\u00aa semana de outubro","isPartOf":{"@id":"https:\/\/www.suno.com.br\/noticias\/#website"},"primaryImageOfPage":{"@id":"https:\/\/www.suno.com.br\/noticias\/balanca-comercial-superavit-semana-outubro\/#primaryimage"},"image":{"@id":"https:\/\/www.suno.com.br\/noticias\/balanca-comercial-superavit-semana-outubro\/#primaryimage"},"thumbnailUrl":"https:\/\/files.sunoresearch.com.br\/n\/uploads\/2019\/07\/60482c1b-balan\u00e7acomercial-jpg.webp","datePublished":"2019-10-14T21:55:39+00:00","description":"A Secex informou que a balan\u00e7a comercial brasileira registrou um super\u00e1vit de US$ 444 milh\u00f5es na segunda semana de outubro. Clique para mais.","breadcrumb":{"@id":"https:\/\/www.suno.com.br\/noticias\/balanca-comercial-superavit-semana-outubro\/#breadcrumb"},"inLanguage":"pt-BR","potentialAction":[{"@type":"ReadAction","target":["https:\/\/www.suno.com.br\/noticias\/balanca-comercial-superavit-semana-outubro\/"]}]},{"@type":"ImageObject","inLanguage":"pt-BR","@id":"https:\/\/www.suno.com.br\/noticias\/balanca-comercial-superavit-semana-outubro\/#primaryimage","url":"https:\/\/files.sunoresearch.com.br\/n\/uploads\/2019\/07\/60482c1b-balan\u00e7acomercial-jpg.webp","contentUrl":"https:\/\/files.sunoresearch.com.br\/n\/uploads\/2019\/07\/60482c1b-balan\u00e7acomercial-jpg.webp","width":1140,"height":760,"caption":"Balan\u00e7a comercial tem super\u00e1vit de US$ 7,46 bi em junho"},{"@type":"BreadcrumbList","@id":"https:\/\/www.suno.com.br\/noticias\/balanca-comercial-superavit-semana-outubro\/#breadcrumb","itemListElement":[{"@type":"ListItem","position":1,"name":"Not\u00edcias","item":"https:\/\/www.suno.com.br\/noticias\/"},{"@type":"ListItem","position":2,"name":"Economia","item":"https:\/\/www.suno.com.br\/noticias\/economia\/"},{"@type":"ListItem","position":3,"name":"Balan\u00e7a comercial tem super\u00e1vit de US$ 444 mi na 2\u00aa semana de outubro"}]},{"@type":"WebSite","@id":"https:\/\/www.suno.com.br\/noticias\/#website","url":"https:\/\/www.suno.com.br\/noticias\/","name":"Suno Not\u00edcias","description":"Seu portal de informa\u00e7\u00e3o sobre o mundo dos investimentos","publisher":{"@id":"https:\/\/www.suno.com.br\/noticias\/#organization"},"potentialAction":[{"@type":"SearchAction","target":{"@type":"EntryPoint","urlTemplate":"https:\/\/www.suno.com.br\/noticias\/?s={search_term_string}"},"query-input":{"@type":"PropertyValueSpecification","valueRequired":true,"valueName":"search_term_string"}}],"inLanguage":"pt-BR"},{"@type":"Organization","@id":"https:\/\/www.suno.com.br\/noticias\/#organization","name":"Suno Not\u00edcias","url":"https:\/\/www.suno.com.br\/noticias\/","logo":{"@type":"ImageObject","inLanguage":"pt-BR","@id":"https:\/\/www.suno.com.br\/noticias\/#\/schema\/logo\/image\/","url":"https:\/\/files.sunoresearch.com.br\/n\/uploads\/2021\/09\/suno-logo.png","contentUrl":"https:\/\/files.sunoresearch.com.br\/n\/uploads\/2021\/09\/suno-logo.png","width":180,"height":180,"caption":"Suno Not\u00edcias"},"image":{"@id":"https:\/\/www.suno.com.br\/noticias\/#\/schema\/logo\/image\/"},"sameAs":["https:\/\/facebook.com\/sunoresearch","https:\/\/x.com\/sunoresearch","https:\/\/www.instagram.com\/suno","https:\/\/www.linkedin.com\/company\/suno-research\/","https:\/\/www.youtube.com\/c\/sunoresearch"]},{"@type":"Person","@id":"https:\/\/www.suno.com.br\/noticias\/#\/schema\/person\/098743caeed97b37f51315c9576c4078","name":"Rafael Lara","image":{"@type":"ImageObject","inLanguage":"pt-BR","@id":"https:\/\/www.suno.com.br\/noticias\/#\/schema\/person\/image\/","url":"https:\/\/secure.gravatar.com\/avatar\/dfc254ab9bb2ea1895d98b9e9dae4bdd?s=96&r=g","contentUrl":"https:\/\/secure.gravatar.com\/avatar\/dfc254ab9bb2ea1895d98b9e9dae4bdd?s=96&r=g","caption":"Rafael Lara"},"description":"Rafael Lara cursa jornalismo na Faculdade C\u00e1sper L\u00edbero. Escreve sobre pol\u00edtica, economia e neg\u00f3cios para o portal Suno Not\u00edcias. Antes, colaborou na TV Gazeta na produ\u00e7\u00e3o do programa Edi\u00e7\u00e3o Extra.","url":"https:\/\/www.suno.com.br\/noticias\/author\/rafael\/"}]}},"default_loop_html":"<div class=\"cardsPage__listCard__boxs\"><div class=\"cardsPage__listCard__boxs__img\"><a href=\"https:\/\/www.suno.com.br\/noticias\/balanca-comercial-superavit-semana-outubro\/\"><img class=\"mask\" src=\"https:\/\/www.suno.com.br\/noticias\/wp-content\/themes\/suno\/resources\/images\/spotlight\/spotlight1img\/bg-mask.png\" alt=\"Image Mask\"\/><img src=\"https:\/\/files.sunoresearch.com.br\/n\/uploads\/2019\/07\/60482c1b-balan\u00e7acomercial-400x200.webp\" alt=\"Balan\u00e7a comercial tem super\u00e1vit de US$ 444 mi na 2\u00aa semana de outubro\"\/><\/a><span class=\"spotlightCategory\"><a href=\"https:\/\/www.suno.com.br\/noticias\/economia\/\">Economia<\/a><\/span><\/div><div class=\"cardsPage__listCard__boxs__content\"><a href=\"https:\/\/www.suno.com.br\/noticias\/balanca-comercial-superavit-semana-outubro\/\"><h2 class=\"content__title\">Balan\u00e7a comercial tem super\u00e1vit de US$ 444 mi na 2\u00aa semana de outubro<\/h2><\/a><div class=\"newsContent__article__meta\"><div class=\"newsContent__article__meta__authorBox\"><a href=\"https:\/\/www.suno.com.br\/noticias\/author\/rafael\/\" class=\"authorBox__avatar noMobi\"><img src=\"https:\/\/secure.gravatar.com\/avatar\/dfc254ab9bb2ea1895d98b9e9dae4bdd?s=96&#038;r=g\" alt=\"Rafael Lara\"><\/a><div class=\"authorBox__name\"><span>por\n\t\t\t<a href=\"https:\/\/www.suno.com.br\/noticias\/author\/rafael\/\"><span itemprop=\"author\">Rafael Lara<\/span><\/a><\/span><time datetime=\"2019-10-14T18:55:39-03:00\" itemprop=\"datePublished\">14\/10\/2019 18:55<\/time><\/div><\/div><\/div><\/div><\/div>","single_layout":"posts","amp_enabled":true,"_links":{"self":[{"href":"https:\/\/www.suno.com.br\/noticias\/wp-json\/wp\/v2\/posts\/41025"}],"collection":[{"href":"https:\/\/www.suno.com.br\/noticias\/wp-json\/wp\/v2\/posts"}],"about":[{"href":"https:\/\/www.suno.com.br\/noticias\/wp-json\/wp\/v2\/types\/post"}],"author":[{"embeddable":true,"href":"https:\/\/www.suno.com.br\/noticias\/wp-json\/wp\/v2\/users\/23"}],"replies":[{"embeddable":true,"href":"https:\/\/www.suno.com.br\/noticias\/wp-json\/wp\/v2\/comments?post=41025"}],"version-history":[{"count":0,"href":"https:\/\/www.suno.com.br\/noticias\/wp-json\/wp\/v2\/posts\/41025\/revisions"}],"wp:featuredmedia":[{"embeddable":true,"href":"https:\/\/www.suno.com.br\/noticias\/wp-json\/wp\/v2\/media\/29717"}],"wp:attachment":[{"href":"https:\/\/www.suno.com.br\/noticias\/wp-json\/wp\/v2\/media?parent=41025"}],"wp:term":[{"taxonomy":"category","embeddable":true,"href":"https:\/\/www.suno.com.br\/noticias\/wp-json\/wp\/v2\/categories?post=41025"},{"taxonomy":"post_tag","embeddable":true,"href":"https:\/\/www.suno.com.br\/noticias\/wp-json\/wp\/v2\/tags?post=41025"},{"taxonomy":"suno_strategy","embeddable":true,"href":"https:\/\/www.suno.com.br\/noticias\/wp-json\/wp\/v2\/suno_strategy?post=41025"}],"curies":[{"name":"wp","href":"https:\/\/api.w.org\/{rel}","templated":true}]}}