{"id":41022,"date":"2019-10-14T17:46:46","date_gmt":"2019-10-14T20:46:46","guid":{"rendered":"https:\/\/www.suno.com.br\/noticias\/?p=41022"},"modified":"2021-02-17T22:46:51","modified_gmt":"2021-02-18T01:46:51","slug":"itau-reducao-selic-45-2019-4-2020","status":"publish","type":"post","link":"https:\/\/www.suno.com.br\/noticias\/itau-reducao-selic-45-2019-4-2020\/","title":{"rendered":"Ita\u00fa prev\u00ea redu\u00e7\u00e3o da Selic para 4,5% em 2019 e 4% em 2020"},"content":{"rendered":"<p>O Ita\u00fa Unibanco revisou nesta segunda-feira (14) sua previs\u00e3o para a <strong>taxa <a href=\"https:\/\/www.suno.com.br\/artigos\/taxa-selic\/\">Selic<\/a><\/strong>, em 2019 e 2020. De acordo com a institui\u00e7\u00e3o financeira, a taxa b\u00e1sica de juros encerrar\u00e1 este ano a 4,5%.<\/p>\t<div class=\"wrapper-featured-image\">\n\t\t<figure class=\"spotlightImg\">\n\n\t\t\t<picture>\n\t\t\t\t<source media=\"(max-width: 768px)\" srcset=\"https:\/\/files.sunoresearch.com.br\/n\/uploads\/2019\/08\/8e039b02-itau-400x200.webp\">\n\t\t\t\t<img loading=\"lazy\" decoding=\"async\" class=\"newsContent__article__imgCapa lazyloadDisabled newsContent__article__imgCapa--noCaption\" src=\"https:\/\/files.sunoresearch.com.br\/n\/uploads\/2019\/08\/8e039b02-itau-800x450.webp\" width=\"800\" height=\"450\" alt=\"Ita\u00fa prev\u00ea redu\u00e7\u00e3o da Selic para 4,5% em 2019 e 4% em 2020\" fetchpriority=high \/>\n\t\t\t<\/picture>\n\n\t\t\t<figcaption class=\"wp-caption-text wp-caption-text--hide\">A Agenda do Dia desta quarta repercute os resultados divulgados na \u00faltima ter\u00e7a, al\u00e9m das elei\u00e7\u00f5es nos EUA.<\/figcaption>\n\t\t<\/figure>\n\t<\/div>\n\n\n\n<p>Para 2020, o <strong>Ita\u00fa<\/strong> prev\u00ea que o <a href=\"https:\/\/www.suno.com.br\/artigos\/bacen\/\"><strong>Banco Central (BC)<\/strong><\/a> realize dois cortes de 0,50 ponto percentual na taxa de juros brasileira. Dessa forma, a Selic encerrar\u00e1 em 4% no pr\u00f3ximo ano.<\/p>\n<p>&#8220;Passamos a esperar que o <a href=\"https:\/\/www.suno.com.br\/artigos\/copom\/\">Comit\u00ea de Pol\u00edtica Monet\u00e1ria (<strong>Copom<\/strong>)<\/a> estenda o ciclo de corte de juros para al\u00e9m do n\u00edvel de 5%. Em adi\u00e7\u00e3o ao corte de 0,50 ponto projetado para a reuni\u00e3o dos dias 29 e 30 de outubro, acreditamos que o comit\u00ea realizar\u00e1 mais um movimento de mesma magnitude em dezembro&#8221;, informou o banco.<\/p>\n<p>A institui\u00e7\u00e3o financeira apontou a menor volatilidade do c\u00e2mbio e os \u00edndices inflacion\u00e1rios bem ancorados como principais fatores para a revis\u00e3o. Al\u00e9m disso, para garantir a recupera\u00e7\u00e3o da economia, o banco avaliou que \u00e9 necess\u00e1rio um est\u00edmulo monet\u00e1rio adicional, considerando a queda dos juros.<\/p>\n<h2>Infla\u00e7\u00e3o no Brasil<\/h2>\n<p>Ao comentar a infla\u00e7\u00e3o no Pa\u00eds, o banco ressaltou que as novas leituras do <strong><a href=\"https:\/\/www.suno.com.br\/artigos\/ipca\/\">IPCA<\/a><\/strong> est\u00e3o mais baixas do que o esperado.<\/p>\n<p>Segundo os economistas, os indicadores da atividade econ\u00f4mica est\u00e3o apresentando sinais de recupera\u00e7\u00e3o consistentes. Contudo, por conta da &#8216;capacidade ociosa elevada&#8217;, os indicadores de atividade ainda n\u00e3o refletem fortemente no \u00edndice inflacion\u00e1rio.<\/p>\n<p><a href=\"https:\/\/www.suno.com.br\/noticias\/selic-bradesco-previsao-taxa-2019\/\">Leia tamb\u00e9m: Selic: Bradesco ajusta previs\u00e3o da taxa a 4,5% no final de 2019<\/a><\/p>\n<p>&#8220;Melhoras nesse fronte ainda n\u00e3o representam risco relevante de press\u00e3o inflacion\u00e1ria no horizonte relevante de pol\u00edtica monet\u00e1ria&#8221;, comentou o banco.<\/p>\n<h2>Previs\u00e3o do Ita\u00fa para o PIB<\/h2>\n<p>O Ita\u00fa revisou tamb\u00e9m a previs\u00e3o para o <a href=\"https:\/\/www.suno.com.br\/artigos\/o-produto-interno-bruto-pib\/\">Produto Interno Bruto <strong>(PIB)<\/strong><\/a> deste ano. De acordo com o banco, a economia brasileira dever\u00e1 crescer 1%. A previs\u00e3o anterior era de 0,8%.<\/p>\n<p>O banco informou que o consumo gerado por meio dos saques do <a href=\"https:\/\/www.suno.com.br\/artigos\/fgts\/\">Fundo de Garantia do Tempo de Servi\u00e7o (<strong>FGTS<\/strong>)<\/a> deve impulsionar o crescimento econ\u00f4mico do terceiro trimestre deste ano para 0,7%.<\/p>\n<p>&#8220;A melhora dos dados de atividade \u00e9 boa not\u00edcia, mas ainda \u00e9 cedo para afirmar que o crescimento j\u00e1 esteja se acelerando de forma consistente&#8221;, informou a institui\u00e7\u00e3o financeira.<\/p>\n\t<p>\n\t\t<a href=\"https:\/\/lp.suno.com.br\/lm\/simulador-de-renda-passiva\/\" target=\"_blank\" data-element=\"shortcode-suno-banner\" title=\"Banner SUNO, clique e saiba mais\">\n\t\t\t<picture>\n\t\t\t\t<source media=\"(max-width: 500px)\" srcset=\"https:\/\/files.sunoresearch.com.br\/n\/uploads\/2024\/04\/Lead-Magnet-400x300-1.png\">\n\t\t\t\t<img class=\"newsContent__article__imgCapa newsContent__article__imgCapa--banner\"\n\t\t\t\t\tsrc=\"https:\/\/files.sunoresearch.com.br\/n\/uploads\/2024\/04\/Lead-Magnet-1420x240-1.png\"\n\t\t\t\t\tdata-promo-id=\"543552\"\t\t\t\t\t\t\t\t\t\twidth='1420' height='240'\t\t\t\t\talt=\"https:\/\/files.sunoresearch.com.br\/n\/uploads\/2024\/04\/Lead-Magnet-1420x240-1.png\"\n\t\t\t\t>\n\t\t\t<\/picture>\n\t\t<\/a>\n\t<\/p>\n\n\n<p>Para 2020, o crescimento da economia brasileiro foi revisto de 1,7% para 2,2%. O banco afirmou que a alta foi motivada &#8220;devido \u00e0 expectativa de est\u00edmulo monet\u00e1rio adicional&#8221;. A explica\u00e7\u00e3o indica que a nova previs\u00e3o para a Selic do <strong>Ita\u00fa<\/strong> tamb\u00e9m motivou uma nova estimativa para o PIB.<\/p>\n","protected":false},"excerpt":{"rendered":"<p>O Ita\u00fa Unibanco revisou nesta segunda-feira (14) sua previs\u00e3o para a taxa Selic, em 2019 e 2020. De acordo com a institui\u00e7\u00e3o financeira, a taxa b\u00e1sica de juros encerrar\u00e1 este ano a 4,5%. A Agenda do Dia desta quarta repercute os resultados divulgados na \u00faltima ter\u00e7a, al\u00e9m das elei\u00e7\u00f5es nos EUA. Para 2020, o Ita\u00fa [&hellip;]<\/p>\n","protected":false},"author":18,"featured_media":35758,"comment_status":"closed","ping_status":"closed","sticky":false,"template":"","format":"standard","meta":[],"categories":[62],"tags":[1842,966,519,807,290],"suno_strategy":[],"class_list":["post-41022","post","type-post","status-publish","format-standard","has-post-thumbnail","hentry","category-economia","tag-banco-central-bc","tag-ipca","tag-itau-unibanco-itub3-itub4","tag-produto-interno-bruto-pib","tag-taxa-selic"],"yoast_head":"<!-- This site is optimized with the Yoast SEO plugin v24.4 - https:\/\/yoast.com\/wordpress\/plugins\/seo\/ -->\n<title>Ita\u00fa prev\u00ea redu\u00e7\u00e3o da Selic para 4,5% em 2019 e 4% em 2020<\/title>\n<meta name=\"description\" content=\"O Ita\u00fa Unibanco revisou nesta segunda-feira (14) a previs\u00e3o para a taxa b\u00e1sica de juros, a Selic, em 2019 e 2020. Clique para saber mais.\" \/>\n<meta name=\"robots\" content=\"index, follow, max-snippet:-1, max-image-preview:large, max-video-preview:-1\" \/>\n<link rel=\"canonical\" href=\"https:\/\/www.suno.com.br\/noticias\/itau-reducao-selic-45-2019-4-2020\/\" \/>\n<meta property=\"og:locale\" content=\"pt_BR\" \/>\n<meta property=\"og:type\" content=\"article\" \/>\n<meta property=\"og:title\" content=\"Ita\u00fa prev\u00ea redu\u00e7\u00e3o da Selic para 4,5% em 2019 e 4% em 2020\" \/>\n<meta property=\"og:description\" content=\"O Ita\u00fa Unibanco revisou nesta segunda-feira (14) a previs\u00e3o para a taxa b\u00e1sica de juros, a Selic, em 2019 e 2020. Clique para saber mais.\" \/>\n<meta property=\"og:url\" content=\"https:\/\/www.suno.com.br\/noticias\/itau-reducao-selic-45-2019-4-2020\/\" \/>\n<meta property=\"og:site_name\" content=\"Suno Not\u00edcias\" \/>\n<meta property=\"article:publisher\" content=\"https:\/\/facebook.com\/sunoresearch\" \/>\n<meta property=\"og:image\" content=\"https:\/\/files.sunoresearch.com.br\/n\/uploads\/2019\/08\/8e039b02-itau.jpg\" \/>\n\t<meta property=\"og:image:width\" content=\"1600\" \/>\n\t<meta property=\"og:image:height\" content=\"800\" \/>\n\t<meta property=\"og:image:type\" content=\"image\/jpeg\" \/>\n<meta name=\"author\" content=\"Giovanna Oliveira\" \/>\n<meta name=\"twitter:card\" content=\"summary_large_image\" \/>\n<meta name=\"twitter:creator\" content=\"@sunoresearch\" \/>\n<meta name=\"twitter:site\" content=\"@sunoresearch\" \/>\n<meta name=\"twitter:label1\" content=\"Escrito por\" \/>\n\t<meta name=\"twitter:data1\" content=\"Giovanna Oliveira\" \/>\n\t<meta name=\"twitter:label2\" content=\"Est. tempo de leitura\" \/>\n\t<meta name=\"twitter:data2\" content=\"2 minutos\" \/>\n<script type=\"application\/ld+json\" class=\"yoast-schema-graph\">{\"@context\":\"https:\/\/schema.org\",\"@graph\":[{\"@type\":\"NewsArticle\",\"@id\":\"https:\/\/www.suno.com.br\/noticias\/itau-reducao-selic-45-2019-4-2020\/#article\",\"isPartOf\":{\"@id\":\"https:\/\/www.suno.com.br\/noticias\/itau-reducao-selic-45-2019-4-2020\/\"},\"author\":{\"name\":\"Giovanna Oliveira\",\"@id\":\"https:\/\/www.suno.com.br\/noticias\/#\/schema\/person\/4e19e3d2575736e5283d58eb3199d120\"},\"headline\":\"Ita\u00fa prev\u00ea redu\u00e7\u00e3o da Selic para 4,5% em 2019 e 4% em 2020\",\"datePublished\":\"2019-10-14T20:46:46+00:00\",\"dateModified\":\"2021-02-18T01:46:51+00:00\",\"mainEntityOfPage\":{\"@id\":\"https:\/\/www.suno.com.br\/noticias\/itau-reducao-selic-45-2019-4-2020\/\"},\"wordCount\":443,\"publisher\":{\"@id\":\"https:\/\/www.suno.com.br\/noticias\/#organization\"},\"image\":{\"@id\":\"https:\/\/www.suno.com.br\/noticias\/itau-reducao-selic-45-2019-4-2020\/#primaryimage\"},\"thumbnailUrl\":\"https:\/\/files.sunoresearch.com.br\/n\/uploads\/2019\/08\/8e039b02-itau-jpg.webp\",\"keywords\":[\"Banco Central (BC)\",\"IPCA\",\"Ita\u00fa Unibanco (ITUB3\/ITUB4)\",\"Produto Interno Bruto (PIB)\",\"Taxa Selic\"],\"articleSection\":[\"Economia\"],\"inLanguage\":\"pt-BR\"},{\"@type\":\"WebPage\",\"@id\":\"https:\/\/www.suno.com.br\/noticias\/itau-reducao-selic-45-2019-4-2020\/\",\"url\":\"https:\/\/www.suno.com.br\/noticias\/itau-reducao-selic-45-2019-4-2020\/\",\"name\":\"Ita\u00fa prev\u00ea redu\u00e7\u00e3o da Selic para 4,5% em 2019 e 4% em 2020\",\"isPartOf\":{\"@id\":\"https:\/\/www.suno.com.br\/noticias\/#website\"},\"primaryImageOfPage\":{\"@id\":\"https:\/\/www.suno.com.br\/noticias\/itau-reducao-selic-45-2019-4-2020\/#primaryimage\"},\"image\":{\"@id\":\"https:\/\/www.suno.com.br\/noticias\/itau-reducao-selic-45-2019-4-2020\/#primaryimage\"},\"thumbnailUrl\":\"https:\/\/files.sunoresearch.com.br\/n\/uploads\/2019\/08\/8e039b02-itau-jpg.webp\",\"datePublished\":\"2019-10-14T20:46:46+00:00\",\"dateModified\":\"2021-02-18T01:46:51+00:00\",\"description\":\"O Ita\u00fa Unibanco revisou nesta segunda-feira (14) a previs\u00e3o para a taxa b\u00e1sica de juros, a Selic, em 2019 e 2020. Clique para saber mais.\",\"breadcrumb\":{\"@id\":\"https:\/\/www.suno.com.br\/noticias\/itau-reducao-selic-45-2019-4-2020\/#breadcrumb\"},\"inLanguage\":\"pt-BR\",\"potentialAction\":[{\"@type\":\"ReadAction\",\"target\":[\"https:\/\/www.suno.com.br\/noticias\/itau-reducao-selic-45-2019-4-2020\/\"]}]},{\"@type\":\"ImageObject\",\"inLanguage\":\"pt-BR\",\"@id\":\"https:\/\/www.suno.com.br\/noticias\/itau-reducao-selic-45-2019-4-2020\/#primaryimage\",\"url\":\"https:\/\/files.sunoresearch.com.br\/n\/uploads\/2019\/08\/8e039b02-itau-jpg.webp\",\"contentUrl\":\"https:\/\/files.sunoresearch.com.br\/n\/uploads\/2019\/08\/8e039b02-itau-jpg.webp\",\"width\":1600,\"height\":800,\"caption\":\"A Agenda do Dia desta quarta repercute os resultados divulgados na \u00faltima ter\u00e7a, al\u00e9m das elei\u00e7\u00f5es nos EUA.\"},{\"@type\":\"BreadcrumbList\",\"@id\":\"https:\/\/www.suno.com.br\/noticias\/itau-reducao-selic-45-2019-4-2020\/#breadcrumb\",\"itemListElement\":[{\"@type\":\"ListItem\",\"position\":1,\"name\":\"Not\u00edcias\",\"item\":\"https:\/\/www.suno.com.br\/noticias\/\"},{\"@type\":\"ListItem\",\"position\":2,\"name\":\"Economia\",\"item\":\"https:\/\/www.suno.com.br\/noticias\/economia\/\"},{\"@type\":\"ListItem\",\"position\":3,\"name\":\"Ita\u00fa prev\u00ea redu\u00e7\u00e3o da Selic para 4,5% em 2019 e 4% em 2020\"}]},{\"@type\":\"WebSite\",\"@id\":\"https:\/\/www.suno.com.br\/noticias\/#website\",\"url\":\"https:\/\/www.suno.com.br\/noticias\/\",\"name\":\"Suno Not\u00edcias\",\"description\":\"Seu portal de informa\u00e7\u00e3o sobre o mundo dos investimentos\",\"publisher\":{\"@id\":\"https:\/\/www.suno.com.br\/noticias\/#organization\"},\"potentialAction\":[{\"@type\":\"SearchAction\",\"target\":{\"@type\":\"EntryPoint\",\"urlTemplate\":\"https:\/\/www.suno.com.br\/noticias\/?s={search_term_string}\"},\"query-input\":{\"@type\":\"PropertyValueSpecification\",\"valueRequired\":true,\"valueName\":\"search_term_string\"}}],\"inLanguage\":\"pt-BR\"},{\"@type\":\"Organization\",\"@id\":\"https:\/\/www.suno.com.br\/noticias\/#organization\",\"name\":\"Suno Not\u00edcias\",\"url\":\"https:\/\/www.suno.com.br\/noticias\/\",\"logo\":{\"@type\":\"ImageObject\",\"inLanguage\":\"pt-BR\",\"@id\":\"https:\/\/www.suno.com.br\/noticias\/#\/schema\/logo\/image\/\",\"url\":\"https:\/\/files.sunoresearch.com.br\/n\/uploads\/2021\/09\/suno-logo.png\",\"contentUrl\":\"https:\/\/files.sunoresearch.com.br\/n\/uploads\/2021\/09\/suno-logo.png\",\"width\":180,\"height\":180,\"caption\":\"Suno Not\u00edcias\"},\"image\":{\"@id\":\"https:\/\/www.suno.com.br\/noticias\/#\/schema\/logo\/image\/\"},\"sameAs\":[\"https:\/\/facebook.com\/sunoresearch\",\"https:\/\/x.com\/sunoresearch\",\"https:\/\/www.instagram.com\/suno\",\"https:\/\/www.linkedin.com\/company\/suno-research\/\",\"https:\/\/www.youtube.com\/c\/sunoresearch\"]},{\"@type\":\"Person\",\"@id\":\"https:\/\/www.suno.com.br\/noticias\/#\/schema\/person\/4e19e3d2575736e5283d58eb3199d120\",\"name\":\"Giovanna Oliveira\",\"image\":{\"@type\":\"ImageObject\",\"inLanguage\":\"pt-BR\",\"@id\":\"https:\/\/www.suno.com.br\/noticias\/#\/schema\/person\/image\/\",\"url\":\"https:\/\/secure.gravatar.com\/avatar\/9a37b3ae208962ac568992d0ffdbc2eb?s=96&r=g\",\"contentUrl\":\"https:\/\/secure.gravatar.com\/avatar\/9a37b3ae208962ac568992d0ffdbc2eb?s=96&r=g\",\"caption\":\"Giovanna Oliveira\"},\"description\":\"Giovanna Oliveira escreve sobre economia e pol\u00edtica. Foi rep\u00f3rter do portal de jornalismo da ESPM-SP e produziu conte\u00fado para a Corinthians TV. \u00c9 estudante da ESPM.\",\"url\":\"https:\/\/www.suno.com.br\/noticias\/author\/giovanna\/\"}]}<\/script>\n<!-- \/ Yoast SEO plugin. -->","yoast_head_json":{"title":"Ita\u00fa prev\u00ea redu\u00e7\u00e3o da Selic para 4,5% em 2019 e 4% em 2020","description":"O Ita\u00fa Unibanco revisou nesta segunda-feira (14) a previs\u00e3o para a taxa b\u00e1sica de juros, a Selic, em 2019 e 2020. Clique para saber mais.","robots":{"index":"index","follow":"follow","max-snippet":"max-snippet:-1","max-image-preview":"max-image-preview:large","max-video-preview":"max-video-preview:-1"},"canonical":"https:\/\/www.suno.com.br\/noticias\/itau-reducao-selic-45-2019-4-2020\/","og_locale":"pt_BR","og_type":"article","og_title":"Ita\u00fa prev\u00ea redu\u00e7\u00e3o da Selic para 4,5% em 2019 e 4% em 2020","og_description":"O Ita\u00fa Unibanco revisou nesta segunda-feira (14) a previs\u00e3o para a taxa b\u00e1sica de juros, a Selic, em 2019 e 2020. Clique para saber mais.","og_url":"https:\/\/www.suno.com.br\/noticias\/itau-reducao-selic-45-2019-4-2020\/","og_site_name":"Suno Not\u00edcias","article_publisher":"https:\/\/facebook.com\/sunoresearch","og_image":[{"width":1600,"height":800,"url":"https:\/\/files.sunoresearch.com.br\/n\/uploads\/2019\/08\/8e039b02-itau.jpg","type":"image\/jpeg"}],"author":"Giovanna Oliveira","twitter_card":"summary_large_image","twitter_creator":"@sunoresearch","twitter_site":"@sunoresearch","twitter_misc":{"Escrito por":"Giovanna Oliveira","Est. tempo de leitura":"2 minutos"},"schema":{"@context":"https:\/\/schema.org","@graph":[{"@type":"NewsArticle","@id":"https:\/\/www.suno.com.br\/noticias\/itau-reducao-selic-45-2019-4-2020\/#article","isPartOf":{"@id":"https:\/\/www.suno.com.br\/noticias\/itau-reducao-selic-45-2019-4-2020\/"},"author":{"name":"Giovanna Oliveira","@id":"https:\/\/www.suno.com.br\/noticias\/#\/schema\/person\/4e19e3d2575736e5283d58eb3199d120"},"headline":"Ita\u00fa prev\u00ea redu\u00e7\u00e3o da Selic para 4,5% em 2019 e 4% em 2020","datePublished":"2019-10-14T20:46:46+00:00","dateModified":"2021-02-18T01:46:51+00:00","mainEntityOfPage":{"@id":"https:\/\/www.suno.com.br\/noticias\/itau-reducao-selic-45-2019-4-2020\/"},"wordCount":443,"publisher":{"@id":"https:\/\/www.suno.com.br\/noticias\/#organization"},"image":{"@id":"https:\/\/www.suno.com.br\/noticias\/itau-reducao-selic-45-2019-4-2020\/#primaryimage"},"thumbnailUrl":"https:\/\/files.sunoresearch.com.br\/n\/uploads\/2019\/08\/8e039b02-itau-jpg.webp","keywords":["Banco Central (BC)","IPCA","Ita\u00fa Unibanco (ITUB3\/ITUB4)","Produto Interno Bruto (PIB)","Taxa Selic"],"articleSection":["Economia"],"inLanguage":"pt-BR"},{"@type":"WebPage","@id":"https:\/\/www.suno.com.br\/noticias\/itau-reducao-selic-45-2019-4-2020\/","url":"https:\/\/www.suno.com.br\/noticias\/itau-reducao-selic-45-2019-4-2020\/","name":"Ita\u00fa prev\u00ea redu\u00e7\u00e3o da Selic para 4,5% em 2019 e 4% em 2020","isPartOf":{"@id":"https:\/\/www.suno.com.br\/noticias\/#website"},"primaryImageOfPage":{"@id":"https:\/\/www.suno.com.br\/noticias\/itau-reducao-selic-45-2019-4-2020\/#primaryimage"},"image":{"@id":"https:\/\/www.suno.com.br\/noticias\/itau-reducao-selic-45-2019-4-2020\/#primaryimage"},"thumbnailUrl":"https:\/\/files.sunoresearch.com.br\/n\/uploads\/2019\/08\/8e039b02-itau-jpg.webp","datePublished":"2019-10-14T20:46:46+00:00","dateModified":"2021-02-18T01:46:51+00:00","description":"O Ita\u00fa Unibanco revisou nesta segunda-feira (14) a previs\u00e3o para a taxa b\u00e1sica de juros, a Selic, em 2019 e 2020. Clique para saber mais.","breadcrumb":{"@id":"https:\/\/www.suno.com.br\/noticias\/itau-reducao-selic-45-2019-4-2020\/#breadcrumb"},"inLanguage":"pt-BR","potentialAction":[{"@type":"ReadAction","target":["https:\/\/www.suno.com.br\/noticias\/itau-reducao-selic-45-2019-4-2020\/"]}]},{"@type":"ImageObject","inLanguage":"pt-BR","@id":"https:\/\/www.suno.com.br\/noticias\/itau-reducao-selic-45-2019-4-2020\/#primaryimage","url":"https:\/\/files.sunoresearch.com.br\/n\/uploads\/2019\/08\/8e039b02-itau-jpg.webp","contentUrl":"https:\/\/files.sunoresearch.com.br\/n\/uploads\/2019\/08\/8e039b02-itau-jpg.webp","width":1600,"height":800,"caption":"A Agenda do Dia desta quarta repercute os resultados divulgados na \u00faltima ter\u00e7a, al\u00e9m das elei\u00e7\u00f5es nos EUA."},{"@type":"BreadcrumbList","@id":"https:\/\/www.suno.com.br\/noticias\/itau-reducao-selic-45-2019-4-2020\/#breadcrumb","itemListElement":[{"@type":"ListItem","position":1,"name":"Not\u00edcias","item":"https:\/\/www.suno.com.br\/noticias\/"},{"@type":"ListItem","position":2,"name":"Economia","item":"https:\/\/www.suno.com.br\/noticias\/economia\/"},{"@type":"ListItem","position":3,"name":"Ita\u00fa prev\u00ea redu\u00e7\u00e3o da Selic para 4,5% em 2019 e 4% em 2020"}]},{"@type":"WebSite","@id":"https:\/\/www.suno.com.br\/noticias\/#website","url":"https:\/\/www.suno.com.br\/noticias\/","name":"Suno Not\u00edcias","description":"Seu portal de informa\u00e7\u00e3o sobre o mundo dos investimentos","publisher":{"@id":"https:\/\/www.suno.com.br\/noticias\/#organization"},"potentialAction":[{"@type":"SearchAction","target":{"@type":"EntryPoint","urlTemplate":"https:\/\/www.suno.com.br\/noticias\/?s={search_term_string}"},"query-input":{"@type":"PropertyValueSpecification","valueRequired":true,"valueName":"search_term_string"}}],"inLanguage":"pt-BR"},{"@type":"Organization","@id":"https:\/\/www.suno.com.br\/noticias\/#organization","name":"Suno Not\u00edcias","url":"https:\/\/www.suno.com.br\/noticias\/","logo":{"@type":"ImageObject","inLanguage":"pt-BR","@id":"https:\/\/www.suno.com.br\/noticias\/#\/schema\/logo\/image\/","url":"https:\/\/files.sunoresearch.com.br\/n\/uploads\/2021\/09\/suno-logo.png","contentUrl":"https:\/\/files.sunoresearch.com.br\/n\/uploads\/2021\/09\/suno-logo.png","width":180,"height":180,"caption":"Suno Not\u00edcias"},"image":{"@id":"https:\/\/www.suno.com.br\/noticias\/#\/schema\/logo\/image\/"},"sameAs":["https:\/\/facebook.com\/sunoresearch","https:\/\/x.com\/sunoresearch","https:\/\/www.instagram.com\/suno","https:\/\/www.linkedin.com\/company\/suno-research\/","https:\/\/www.youtube.com\/c\/sunoresearch"]},{"@type":"Person","@id":"https:\/\/www.suno.com.br\/noticias\/#\/schema\/person\/4e19e3d2575736e5283d58eb3199d120","name":"Giovanna Oliveira","image":{"@type":"ImageObject","inLanguage":"pt-BR","@id":"https:\/\/www.suno.com.br\/noticias\/#\/schema\/person\/image\/","url":"https:\/\/secure.gravatar.com\/avatar\/9a37b3ae208962ac568992d0ffdbc2eb?s=96&r=g","contentUrl":"https:\/\/secure.gravatar.com\/avatar\/9a37b3ae208962ac568992d0ffdbc2eb?s=96&r=g","caption":"Giovanna Oliveira"},"description":"Giovanna Oliveira escreve sobre economia e pol\u00edtica. Foi rep\u00f3rter do portal de jornalismo da ESPM-SP e produziu conte\u00fado para a Corinthians TV. \u00c9 estudante da ESPM.","url":"https:\/\/www.suno.com.br\/noticias\/author\/giovanna\/"}]}},"default_loop_html":"<div class=\"cardsPage__listCard__boxs\"><div class=\"cardsPage__listCard__boxs__img\"><a href=\"https:\/\/www.suno.com.br\/noticias\/itau-reducao-selic-45-2019-4-2020\/\"><img class=\"mask\" src=\"https:\/\/www.suno.com.br\/noticias\/wp-content\/themes\/suno\/resources\/images\/spotlight\/spotlight1img\/bg-mask.png\" alt=\"Image Mask\"\/><img src=\"https:\/\/files.sunoresearch.com.br\/n\/uploads\/2019\/08\/8e039b02-itau-400x200.webp\" alt=\"Ita\u00fa prev\u00ea redu\u00e7\u00e3o da Selic para 4,5% em 2019 e 4% em 2020\"\/><\/a><span class=\"spotlightCategory\"><a href=\"https:\/\/www.suno.com.br\/noticias\/economia\/\">Economia<\/a><\/span><\/div><div class=\"cardsPage__listCard__boxs__content\"><a href=\"https:\/\/www.suno.com.br\/noticias\/itau-reducao-selic-45-2019-4-2020\/\"><h2 class=\"content__title\">Ita\u00fa prev\u00ea redu\u00e7\u00e3o da Selic para 4,5% em 2019 e 4% em 2020<\/h2><\/a><div class=\"newsContent__article__meta\"><div class=\"newsContent__article__meta__authorBox\"><a href=\"https:\/\/www.suno.com.br\/noticias\/author\/giovanna\/\" class=\"authorBox__avatar noMobi\"><img src=\"https:\/\/files.sunoresearch.com.br\/n\/uploads\/2019\/06\/952a89ca-screenshot_20190608-171507-150x150.webp\" alt=\"Giovanna Oliveira\"><\/a><div class=\"authorBox__name\"><span>por\n\t\t\t<a href=\"https:\/\/www.suno.com.br\/noticias\/author\/giovanna\/\"><span itemprop=\"author\">Giovanna Oliveira<\/span><\/a><\/span><time datetime=\"2019-10-14T17:46:46-03:00\" itemprop=\"datePublished\">14\/10\/2019 17:46<\/time><\/div><\/div><\/div><\/div><\/div>","single_layout":"posts","amp_enabled":true,"_links":{"self":[{"href":"https:\/\/www.suno.com.br\/noticias\/wp-json\/wp\/v2\/posts\/41022"}],"collection":[{"href":"https:\/\/www.suno.com.br\/noticias\/wp-json\/wp\/v2\/posts"}],"about":[{"href":"https:\/\/www.suno.com.br\/noticias\/wp-json\/wp\/v2\/types\/post"}],"author":[{"embeddable":true,"href":"https:\/\/www.suno.com.br\/noticias\/wp-json\/wp\/v2\/users\/18"}],"replies":[{"embeddable":true,"href":"https:\/\/www.suno.com.br\/noticias\/wp-json\/wp\/v2\/comments?post=41022"}],"version-history":[{"count":0,"href":"https:\/\/www.suno.com.br\/noticias\/wp-json\/wp\/v2\/posts\/41022\/revisions"}],"wp:featuredmedia":[{"embeddable":true,"href":"https:\/\/www.suno.com.br\/noticias\/wp-json\/wp\/v2\/media\/35758"}],"wp:attachment":[{"href":"https:\/\/www.suno.com.br\/noticias\/wp-json\/wp\/v2\/media?parent=41022"}],"wp:term":[{"taxonomy":"category","embeddable":true,"href":"https:\/\/www.suno.com.br\/noticias\/wp-json\/wp\/v2\/categories?post=41022"},{"taxonomy":"post_tag","embeddable":true,"href":"https:\/\/www.suno.com.br\/noticias\/wp-json\/wp\/v2\/tags?post=41022"},{"taxonomy":"suno_strategy","embeddable":true,"href":"https:\/\/www.suno.com.br\/noticias\/wp-json\/wp\/v2\/suno_strategy?post=41022"}],"curies":[{"name":"wp","href":"https:\/\/api.w.org\/{rel}","templated":true}]}}