{"id":41004,"date":"2019-10-14T15:13:24","date_gmt":"2019-10-14T18:13:24","guid":{"rendered":"https:\/\/www.suno.com.br\/noticias\/?p=41004"},"modified":"2019-10-14T15:13:24","modified_gmt":"2019-10-14T18:13:24","slug":"btg-morgan-stanley-emissao-2-bi-oi","status":"publish","type":"post","link":"https:\/\/www.suno.com.br\/noticias\/btg-morgan-stanley-emissao-2-bi-oi\/","title":{"rendered":"BTG e Morgan Stanley organizam emiss\u00e3o de R$ 2,5 bi da Oi, diz jornal"},"content":{"rendered":"<p>Os bancos de investimento <strong>BTG Pactual <\/strong>e <strong>Morgan Stanley<\/strong> est\u00e3o organizando a emiss\u00e3o de cerca de R$ 2,5 bilh\u00f5es em t\u00edtulos da Oi (OIBR3; OIBR4). A informa\u00e7\u00e3o foi divulgada nesta segunda-feira (14) pelo jornal &#8220;Valor Econ\u00f4mico&#8221;.<\/p>\t<div class=\"wrapper-featured-image\">\n\t\t<figure class=\"spotlightImg\">\n\n\t\t\t<picture>\n\t\t\t\t<source media=\"(max-width: 768px)\" srcset=\"https:\/\/files.sunoresearch.com.br\/n\/uploads\/2019\/09\/e34ca282-oi-a-400x200.webp\">\n\t\t\t\t<img loading=\"lazy\" decoding=\"async\" class=\"newsContent__article__imgCapa lazyloadDisabled newsContent__article__imgCapa--noCaption\" src=\"https:\/\/files.sunoresearch.com.br\/n\/uploads\/2019\/09\/e34ca282-oi-a-800x450.webp\" width=\"800\" height=\"450\" alt=\"BTG e Morgan Stanley organizam emiss\u00e3o de R$ 2,5 bi da Oi, diz jornal\" fetchpriority=high \/>\n\t\t\t<\/picture>\n\n\t\t\t<figcaption class=\"wp-caption-text wp-caption-text--hide\">Oi<\/figcaption>\n\t\t<\/figure>\n\t<\/div>\n\n\n\n<p>De acordo com o jornal, a proposta considera a emiss\u00e3o de t\u00edtulos garantidos por receb\u00edveis da <strong>Oi<\/strong>. O prazo de vencimento dos pap\u00e9is \u00e9 de cinco anos.<\/p>\n<p>Os <strong>receb\u00edveis<\/strong> consistem em t\u00edtulos que t\u00eam como base direitos credit\u00f3rios, t\u00edtulos ou cess\u00e3o fiduci\u00e1ria. Al\u00e9m disso, a taxa de juros dos t\u00edtulos ainda n\u00e3o foi estabelecida, segundo a fonte.<\/p>\n<p>A <strong>Oi<\/strong> pagar\u00e1 os detentores dos t\u00edtulos por meio de um dep\u00f3sito de R$ 200 milh\u00f5es referente ao pagamento das faturas de opera\u00e7\u00f5es telef\u00f4nicas. O montante seria encaminhado para uma conta e logo ap\u00f3s passaria para a operadora.<\/p>\n<p>Caso a operadora n\u00e3o cumpra o combinado, o valor passar\u00e1 diretamente aos credores.<\/p>\n<p>Os bancos de investimento que est\u00e3o gerenciando a opera\u00e7\u00e3o j\u00e1 conversaram com os principais acionistas da empresa. Entre eles, as gestoras de investimentos GoldenTree e York, respons\u00e1veis por mais de 25% do capital da operadora.<\/p>\n\t<p>\n\t\t<a href=\"https:\/\/www.suno.com.br\/asset\/fundos\/suno-acoes-xp-seg-prev\/\" target=\"_blank\" data-element=\"shortcode-suno-banner\" title=\"Banner SUNO, clique e saiba mais\">\n\t\t\t<picture>\n\t\t\t\t<source media=\"(max-width: 500px)\" srcset=\"https:\/\/files.sunoresearch.com.br\/n\/uploads\/2023\/10\/SUNOPREV-v2-400x300-Mobile-Artigos-3.png\">\n\t\t\t\t<img class=\"newsContent__article__imgCapa newsContent__article__imgCapa--banner\"\n\t\t\t\t\tsrc=\"https:\/\/files.sunoresearch.com.br\/n\/uploads\/2023\/10\/SUNOPREV-v2-1420x240-Banner-Artigos-1-_-Banner-Materias-1.png\"\n\t\t\t\t\tdata-promo-id=\"476311\"\t\t\t\t\t\t\t\t\t\twidth='1420' height='240'\t\t\t\t\talt=\"https:\/\/files.sunoresearch.com.br\/n\/uploads\/2023\/10\/SUNOPREV-v2-1420x240-Banner-Artigos-1-_-Banner-Materias-1.png\"\n\t\t\t\t>\n\t\t\t<\/picture>\n\t\t<\/a>\n\t<\/p>\n\n\n<p>As institui\u00e7\u00f5es financeiras esperam que a opera\u00e7\u00e3o possa ocorrer at\u00e9 o final deste ano. No entanto, algumas fontes familiarizadas com o assunto defendem um prazo maior, pois afirmam que a companhia consegue se segurar por mais tempo com o caixa atual.<\/p>\n<h2>Telef\u00f4nica, Claro e Tim negociam compra de ativos da Oi<\/h2>\n<p>A <strong>Telef\u00f4nica<\/strong> est\u00e1 negociando com a Am\u00e9rica M\u00f3vil, dona da operadora <strong>Claro,<\/strong> e com a Telecom It\u00e1lia, detentora da <strong>TIM<\/strong> a compra em conjunto dos ativos de telefonia m\u00f3vel da Oi.<\/p>\n<p><a href=\"https:\/\/www.suno.com.br\/noticias\/oi-telefonica-tim-claro-vivo-ativos-oi-acao-alta-venda\/\">Saiba mais: Telef\u00f4nica negocia com Tim e Claro compra de ativos da Oi em conjunto<\/a><\/p>\n<p>O principal objetivo \u00e9 a compra dos ativos em conjunto e depois dividir das entre as operadoras, de acordo com o jornal espanhol &#8220;Expansi\u00f3n&#8221;, que divulgou a opera\u00e7\u00e3o.<\/p>\n<p>Ap\u00f3s a divulga\u00e7\u00e3o da negocia\u00e7\u00e3o, as a\u00e7\u00f5es preferenciais da empresa, sob o ticket OIBR4, de telefonia chegaram a subir 4,2%. Os pap\u00e9is ordin\u00e1rios da <strong>Oi<\/strong> (OIBR3) registraram varia\u00e7\u00e3o positiva de 2,1%.<\/p>\n<h2>\u00daltima cota\u00e7\u00e3o<\/h2>\n<p>Por volta das 15h, as a\u00e7\u00f5es ordin\u00e1rias da Oi, sob o ticket <strong>OIBR3<\/strong>, est\u00e3o operando em queda de 1,05%. Os pap\u00e9is s\u00e3o negociados a R$ 0,94. J\u00e1 as a\u00e7\u00f5es preferenciais (<strong>OIBR4<\/strong>) s\u00e3o vendidas a R$ 1,41.<\/p>\n","protected":false},"excerpt":{"rendered":"<p>Os bancos de investimento BTG Pactual e Morgan Stanley est\u00e3o organizando a emiss\u00e3o de cerca de R$ 2,5 bilh\u00f5es em t\u00edtulos da Oi (OIBR3; OIBR4). A informa\u00e7\u00e3o foi divulgada nesta segunda-feira (14) pelo jornal &#8220;Valor Econ\u00f4mico&#8221;. Oi De acordo com o jornal, a proposta considera a emiss\u00e3o de t\u00edtulos garantidos por receb\u00edveis da Oi. O [&hellip;]<\/p>\n","protected":false},"author":18,"featured_media":37999,"comment_status":"closed","ping_status":"closed","sticky":false,"template":"","format":"standard","meta":[],"categories":[64],"tags":[399,1242,584],"suno_strategy":[],"class_list":["post-41004","post","type-post","status-publish","format-standard","has-post-thumbnail","hentry","category-negocios","tag-btg-pactual-bpac11-bpac3-bpac5","tag-morgan-stanley-msbr34","tag-oi-oibr3-oibr4"],"yoast_head":"<!-- This site is optimized with the Yoast SEO plugin v24.4 - https:\/\/yoast.com\/wordpress\/plugins\/seo\/ -->\n<title>BTG e Morgan Stanley organizam emiss\u00e3o de R$ 2,5 bi da Oi, diz jornal<\/title>\n<meta name=\"description\" content=\"Os bancos de investimento BTG Pactual e Morgan Stanley\u00a0est\u00e3o organizando a emiss\u00e3o de R$ 2,5 bil em t\u00edtulos da Oi. Clique para saber mais.\" \/>\n<meta name=\"robots\" content=\"index, follow, max-snippet:-1, max-image-preview:large, max-video-preview:-1\" \/>\n<link rel=\"canonical\" href=\"https:\/\/www.suno.com.br\/noticias\/btg-morgan-stanley-emissao-2-bi-oi\/\" \/>\n<meta property=\"og:locale\" content=\"pt_BR\" \/>\n<meta property=\"og:type\" content=\"article\" \/>\n<meta property=\"og:title\" content=\"BTG e Morgan Stanley organizam emiss\u00e3o de R$ 2,5 bi da Oi, diz jornal\" \/>\n<meta property=\"og:description\" content=\"Os bancos de investimento BTG Pactual e Morgan Stanley\u00a0est\u00e3o organizando a emiss\u00e3o de R$ 2,5 bil em t\u00edtulos da Oi. Clique para saber mais.\" \/>\n<meta property=\"og:url\" content=\"https:\/\/www.suno.com.br\/noticias\/btg-morgan-stanley-emissao-2-bi-oi\/\" \/>\n<meta property=\"og:site_name\" content=\"Suno Not\u00edcias\" \/>\n<meta property=\"article:publisher\" content=\"https:\/\/facebook.com\/sunoresearch\" \/>\n<meta property=\"og:image\" content=\"https:\/\/files.sunoresearch.com.br\/n\/uploads\/2019\/09\/e34ca282-oi-a.jpeg\" \/>\n\t<meta property=\"og:image:width\" content=\"1296\" \/>\n\t<meta property=\"og:image:height\" content=\"768\" \/>\n\t<meta property=\"og:image:type\" content=\"image\/jpeg\" \/>\n<meta name=\"author\" content=\"Giovanna Oliveira\" \/>\n<meta name=\"twitter:card\" content=\"summary_large_image\" \/>\n<meta name=\"twitter:creator\" content=\"@sunoresearch\" \/>\n<meta name=\"twitter:site\" content=\"@sunoresearch\" \/>\n<meta name=\"twitter:label1\" content=\"Escrito por\" \/>\n\t<meta name=\"twitter:data1\" content=\"Giovanna Oliveira\" \/>\n\t<meta name=\"twitter:label2\" content=\"Est. tempo de leitura\" \/>\n\t<meta name=\"twitter:data2\" content=\"2 minutos\" \/>\n<script type=\"application\/ld+json\" class=\"yoast-schema-graph\">{\"@context\":\"https:\/\/schema.org\",\"@graph\":[{\"@type\":\"NewsArticle\",\"@id\":\"https:\/\/www.suno.com.br\/noticias\/btg-morgan-stanley-emissao-2-bi-oi\/#article\",\"isPartOf\":{\"@id\":\"https:\/\/www.suno.com.br\/noticias\/btg-morgan-stanley-emissao-2-bi-oi\/\"},\"author\":{\"name\":\"Giovanna Oliveira\",\"@id\":\"https:\/\/www.suno.com.br\/noticias\/#\/schema\/person\/4e19e3d2575736e5283d58eb3199d120\"},\"headline\":\"BTG e Morgan Stanley organizam emiss\u00e3o de R$ 2,5 bi da Oi, diz jornal\",\"datePublished\":\"2019-10-14T18:13:24+00:00\",\"mainEntityOfPage\":{\"@id\":\"https:\/\/www.suno.com.br\/noticias\/btg-morgan-stanley-emissao-2-bi-oi\/\"},\"wordCount\":437,\"publisher\":{\"@id\":\"https:\/\/www.suno.com.br\/noticias\/#organization\"},\"image\":{\"@id\":\"https:\/\/www.suno.com.br\/noticias\/btg-morgan-stanley-emissao-2-bi-oi\/#primaryimage\"},\"thumbnailUrl\":\"https:\/\/files.sunoresearch.com.br\/n\/uploads\/2019\/09\/e34ca282-oi-a-jpeg.webp\",\"keywords\":[\"BTG Pactual (BPAC11\/BPAC3\/BPAC5)\",\"Morgan Stanley (MSBR34)\",\"Oi (OIBR3\/OIBR4)\"],\"articleSection\":[\"Neg\u00f3cios\"],\"inLanguage\":\"pt-BR\"},{\"@type\":\"WebPage\",\"@id\":\"https:\/\/www.suno.com.br\/noticias\/btg-morgan-stanley-emissao-2-bi-oi\/\",\"url\":\"https:\/\/www.suno.com.br\/noticias\/btg-morgan-stanley-emissao-2-bi-oi\/\",\"name\":\"BTG e Morgan Stanley organizam emiss\u00e3o de R$ 2,5 bi da Oi, diz jornal\",\"isPartOf\":{\"@id\":\"https:\/\/www.suno.com.br\/noticias\/#website\"},\"primaryImageOfPage\":{\"@id\":\"https:\/\/www.suno.com.br\/noticias\/btg-morgan-stanley-emissao-2-bi-oi\/#primaryimage\"},\"image\":{\"@id\":\"https:\/\/www.suno.com.br\/noticias\/btg-morgan-stanley-emissao-2-bi-oi\/#primaryimage\"},\"thumbnailUrl\":\"https:\/\/files.sunoresearch.com.br\/n\/uploads\/2019\/09\/e34ca282-oi-a-jpeg.webp\",\"datePublished\":\"2019-10-14T18:13:24+00:00\",\"description\":\"Os bancos de investimento BTG Pactual e Morgan Stanley\u00a0est\u00e3o organizando a emiss\u00e3o de R$ 2,5 bil em t\u00edtulos da Oi. Clique para saber mais.\",\"breadcrumb\":{\"@id\":\"https:\/\/www.suno.com.br\/noticias\/btg-morgan-stanley-emissao-2-bi-oi\/#breadcrumb\"},\"inLanguage\":\"pt-BR\",\"potentialAction\":[{\"@type\":\"ReadAction\",\"target\":[\"https:\/\/www.suno.com.br\/noticias\/btg-morgan-stanley-emissao-2-bi-oi\/\"]}]},{\"@type\":\"ImageObject\",\"inLanguage\":\"pt-BR\",\"@id\":\"https:\/\/www.suno.com.br\/noticias\/btg-morgan-stanley-emissao-2-bi-oi\/#primaryimage\",\"url\":\"https:\/\/files.sunoresearch.com.br\/n\/uploads\/2019\/09\/e34ca282-oi-a-jpeg.webp\",\"contentUrl\":\"https:\/\/files.sunoresearch.com.br\/n\/uploads\/2019\/09\/e34ca282-oi-a-jpeg.webp\",\"width\":1296,\"height\":768,\"caption\":\"Oi\"},{\"@type\":\"BreadcrumbList\",\"@id\":\"https:\/\/www.suno.com.br\/noticias\/btg-morgan-stanley-emissao-2-bi-oi\/#breadcrumb\",\"itemListElement\":[{\"@type\":\"ListItem\",\"position\":1,\"name\":\"Not\u00edcias\",\"item\":\"https:\/\/www.suno.com.br\/noticias\/\"},{\"@type\":\"ListItem\",\"position\":2,\"name\":\"Neg\u00f3cios\",\"item\":\"https:\/\/www.suno.com.br\/noticias\/negocios\/\"},{\"@type\":\"ListItem\",\"position\":3,\"name\":\"BTG e Morgan Stanley organizam emiss\u00e3o de R$ 2,5 bi da Oi, diz jornal\"}]},{\"@type\":\"WebSite\",\"@id\":\"https:\/\/www.suno.com.br\/noticias\/#website\",\"url\":\"https:\/\/www.suno.com.br\/noticias\/\",\"name\":\"Suno Not\u00edcias\",\"description\":\"Seu portal de informa\u00e7\u00e3o sobre o mundo dos investimentos\",\"publisher\":{\"@id\":\"https:\/\/www.suno.com.br\/noticias\/#organization\"},\"potentialAction\":[{\"@type\":\"SearchAction\",\"target\":{\"@type\":\"EntryPoint\",\"urlTemplate\":\"https:\/\/www.suno.com.br\/noticias\/?s={search_term_string}\"},\"query-input\":{\"@type\":\"PropertyValueSpecification\",\"valueRequired\":true,\"valueName\":\"search_term_string\"}}],\"inLanguage\":\"pt-BR\"},{\"@type\":\"Organization\",\"@id\":\"https:\/\/www.suno.com.br\/noticias\/#organization\",\"name\":\"Suno Not\u00edcias\",\"url\":\"https:\/\/www.suno.com.br\/noticias\/\",\"logo\":{\"@type\":\"ImageObject\",\"inLanguage\":\"pt-BR\",\"@id\":\"https:\/\/www.suno.com.br\/noticias\/#\/schema\/logo\/image\/\",\"url\":\"https:\/\/files.sunoresearch.com.br\/n\/uploads\/2021\/09\/suno-logo.png\",\"contentUrl\":\"https:\/\/files.sunoresearch.com.br\/n\/uploads\/2021\/09\/suno-logo.png\",\"width\":180,\"height\":180,\"caption\":\"Suno Not\u00edcias\"},\"image\":{\"@id\":\"https:\/\/www.suno.com.br\/noticias\/#\/schema\/logo\/image\/\"},\"sameAs\":[\"https:\/\/facebook.com\/sunoresearch\",\"https:\/\/x.com\/sunoresearch\",\"https:\/\/www.instagram.com\/suno\",\"https:\/\/www.linkedin.com\/company\/suno-research\/\",\"https:\/\/www.youtube.com\/c\/sunoresearch\"]},{\"@type\":\"Person\",\"@id\":\"https:\/\/www.suno.com.br\/noticias\/#\/schema\/person\/4e19e3d2575736e5283d58eb3199d120\",\"name\":\"Giovanna Oliveira\",\"image\":{\"@type\":\"ImageObject\",\"inLanguage\":\"pt-BR\",\"@id\":\"https:\/\/www.suno.com.br\/noticias\/#\/schema\/person\/image\/\",\"url\":\"https:\/\/secure.gravatar.com\/avatar\/9a37b3ae208962ac568992d0ffdbc2eb?s=96&r=g\",\"contentUrl\":\"https:\/\/secure.gravatar.com\/avatar\/9a37b3ae208962ac568992d0ffdbc2eb?s=96&r=g\",\"caption\":\"Giovanna Oliveira\"},\"description\":\"Giovanna Oliveira escreve sobre economia e pol\u00edtica. Foi rep\u00f3rter do portal de jornalismo da ESPM-SP e produziu conte\u00fado para a Corinthians TV. \u00c9 estudante da ESPM.\",\"url\":\"https:\/\/www.suno.com.br\/noticias\/author\/giovanna\/\"}]}<\/script>\n<!-- \/ Yoast SEO plugin. -->","yoast_head_json":{"title":"BTG e Morgan Stanley organizam emiss\u00e3o de R$ 2,5 bi da Oi, diz jornal","description":"Os bancos de investimento BTG Pactual e Morgan Stanley\u00a0est\u00e3o organizando a emiss\u00e3o de R$ 2,5 bil em t\u00edtulos da Oi. Clique para saber mais.","robots":{"index":"index","follow":"follow","max-snippet":"max-snippet:-1","max-image-preview":"max-image-preview:large","max-video-preview":"max-video-preview:-1"},"canonical":"https:\/\/www.suno.com.br\/noticias\/btg-morgan-stanley-emissao-2-bi-oi\/","og_locale":"pt_BR","og_type":"article","og_title":"BTG e Morgan Stanley organizam emiss\u00e3o de R$ 2,5 bi da Oi, diz jornal","og_description":"Os bancos de investimento BTG Pactual e Morgan Stanley\u00a0est\u00e3o organizando a emiss\u00e3o de R$ 2,5 bil em t\u00edtulos da Oi. Clique para saber mais.","og_url":"https:\/\/www.suno.com.br\/noticias\/btg-morgan-stanley-emissao-2-bi-oi\/","og_site_name":"Suno Not\u00edcias","article_publisher":"https:\/\/facebook.com\/sunoresearch","og_image":[{"width":1296,"height":768,"url":"https:\/\/files.sunoresearch.com.br\/n\/uploads\/2019\/09\/e34ca282-oi-a.jpeg","type":"image\/jpeg"}],"author":"Giovanna Oliveira","twitter_card":"summary_large_image","twitter_creator":"@sunoresearch","twitter_site":"@sunoresearch","twitter_misc":{"Escrito por":"Giovanna Oliveira","Est. tempo de leitura":"2 minutos"},"schema":{"@context":"https:\/\/schema.org","@graph":[{"@type":"NewsArticle","@id":"https:\/\/www.suno.com.br\/noticias\/btg-morgan-stanley-emissao-2-bi-oi\/#article","isPartOf":{"@id":"https:\/\/www.suno.com.br\/noticias\/btg-morgan-stanley-emissao-2-bi-oi\/"},"author":{"name":"Giovanna Oliveira","@id":"https:\/\/www.suno.com.br\/noticias\/#\/schema\/person\/4e19e3d2575736e5283d58eb3199d120"},"headline":"BTG e Morgan Stanley organizam emiss\u00e3o de R$ 2,5 bi da Oi, diz jornal","datePublished":"2019-10-14T18:13:24+00:00","mainEntityOfPage":{"@id":"https:\/\/www.suno.com.br\/noticias\/btg-morgan-stanley-emissao-2-bi-oi\/"},"wordCount":437,"publisher":{"@id":"https:\/\/www.suno.com.br\/noticias\/#organization"},"image":{"@id":"https:\/\/www.suno.com.br\/noticias\/btg-morgan-stanley-emissao-2-bi-oi\/#primaryimage"},"thumbnailUrl":"https:\/\/files.sunoresearch.com.br\/n\/uploads\/2019\/09\/e34ca282-oi-a-jpeg.webp","keywords":["BTG Pactual (BPAC11\/BPAC3\/BPAC5)","Morgan Stanley (MSBR34)","Oi (OIBR3\/OIBR4)"],"articleSection":["Neg\u00f3cios"],"inLanguage":"pt-BR"},{"@type":"WebPage","@id":"https:\/\/www.suno.com.br\/noticias\/btg-morgan-stanley-emissao-2-bi-oi\/","url":"https:\/\/www.suno.com.br\/noticias\/btg-morgan-stanley-emissao-2-bi-oi\/","name":"BTG e Morgan Stanley organizam emiss\u00e3o de R$ 2,5 bi da Oi, diz jornal","isPartOf":{"@id":"https:\/\/www.suno.com.br\/noticias\/#website"},"primaryImageOfPage":{"@id":"https:\/\/www.suno.com.br\/noticias\/btg-morgan-stanley-emissao-2-bi-oi\/#primaryimage"},"image":{"@id":"https:\/\/www.suno.com.br\/noticias\/btg-morgan-stanley-emissao-2-bi-oi\/#primaryimage"},"thumbnailUrl":"https:\/\/files.sunoresearch.com.br\/n\/uploads\/2019\/09\/e34ca282-oi-a-jpeg.webp","datePublished":"2019-10-14T18:13:24+00:00","description":"Os bancos de investimento BTG Pactual e Morgan Stanley\u00a0est\u00e3o organizando a emiss\u00e3o de R$ 2,5 bil em t\u00edtulos da Oi. Clique para saber mais.","breadcrumb":{"@id":"https:\/\/www.suno.com.br\/noticias\/btg-morgan-stanley-emissao-2-bi-oi\/#breadcrumb"},"inLanguage":"pt-BR","potentialAction":[{"@type":"ReadAction","target":["https:\/\/www.suno.com.br\/noticias\/btg-morgan-stanley-emissao-2-bi-oi\/"]}]},{"@type":"ImageObject","inLanguage":"pt-BR","@id":"https:\/\/www.suno.com.br\/noticias\/btg-morgan-stanley-emissao-2-bi-oi\/#primaryimage","url":"https:\/\/files.sunoresearch.com.br\/n\/uploads\/2019\/09\/e34ca282-oi-a-jpeg.webp","contentUrl":"https:\/\/files.sunoresearch.com.br\/n\/uploads\/2019\/09\/e34ca282-oi-a-jpeg.webp","width":1296,"height":768,"caption":"Oi"},{"@type":"BreadcrumbList","@id":"https:\/\/www.suno.com.br\/noticias\/btg-morgan-stanley-emissao-2-bi-oi\/#breadcrumb","itemListElement":[{"@type":"ListItem","position":1,"name":"Not\u00edcias","item":"https:\/\/www.suno.com.br\/noticias\/"},{"@type":"ListItem","position":2,"name":"Neg\u00f3cios","item":"https:\/\/www.suno.com.br\/noticias\/negocios\/"},{"@type":"ListItem","position":3,"name":"BTG e Morgan Stanley organizam emiss\u00e3o de R$ 2,5 bi da Oi, diz jornal"}]},{"@type":"WebSite","@id":"https:\/\/www.suno.com.br\/noticias\/#website","url":"https:\/\/www.suno.com.br\/noticias\/","name":"Suno Not\u00edcias","description":"Seu portal de informa\u00e7\u00e3o sobre o mundo dos investimentos","publisher":{"@id":"https:\/\/www.suno.com.br\/noticias\/#organization"},"potentialAction":[{"@type":"SearchAction","target":{"@type":"EntryPoint","urlTemplate":"https:\/\/www.suno.com.br\/noticias\/?s={search_term_string}"},"query-input":{"@type":"PropertyValueSpecification","valueRequired":true,"valueName":"search_term_string"}}],"inLanguage":"pt-BR"},{"@type":"Organization","@id":"https:\/\/www.suno.com.br\/noticias\/#organization","name":"Suno Not\u00edcias","url":"https:\/\/www.suno.com.br\/noticias\/","logo":{"@type":"ImageObject","inLanguage":"pt-BR","@id":"https:\/\/www.suno.com.br\/noticias\/#\/schema\/logo\/image\/","url":"https:\/\/files.sunoresearch.com.br\/n\/uploads\/2021\/09\/suno-logo.png","contentUrl":"https:\/\/files.sunoresearch.com.br\/n\/uploads\/2021\/09\/suno-logo.png","width":180,"height":180,"caption":"Suno Not\u00edcias"},"image":{"@id":"https:\/\/www.suno.com.br\/noticias\/#\/schema\/logo\/image\/"},"sameAs":["https:\/\/facebook.com\/sunoresearch","https:\/\/x.com\/sunoresearch","https:\/\/www.instagram.com\/suno","https:\/\/www.linkedin.com\/company\/suno-research\/","https:\/\/www.youtube.com\/c\/sunoresearch"]},{"@type":"Person","@id":"https:\/\/www.suno.com.br\/noticias\/#\/schema\/person\/4e19e3d2575736e5283d58eb3199d120","name":"Giovanna Oliveira","image":{"@type":"ImageObject","inLanguage":"pt-BR","@id":"https:\/\/www.suno.com.br\/noticias\/#\/schema\/person\/image\/","url":"https:\/\/secure.gravatar.com\/avatar\/9a37b3ae208962ac568992d0ffdbc2eb?s=96&r=g","contentUrl":"https:\/\/secure.gravatar.com\/avatar\/9a37b3ae208962ac568992d0ffdbc2eb?s=96&r=g","caption":"Giovanna Oliveira"},"description":"Giovanna Oliveira escreve sobre economia e pol\u00edtica. Foi rep\u00f3rter do portal de jornalismo da ESPM-SP e produziu conte\u00fado para a Corinthians TV. \u00c9 estudante da ESPM.","url":"https:\/\/www.suno.com.br\/noticias\/author\/giovanna\/"}]}},"default_loop_html":"<div class=\"cardsPage__listCard__boxs\"><div class=\"cardsPage__listCard__boxs__img\"><a href=\"https:\/\/www.suno.com.br\/noticias\/btg-morgan-stanley-emissao-2-bi-oi\/\"><img class=\"mask\" src=\"https:\/\/www.suno.com.br\/noticias\/wp-content\/themes\/suno\/resources\/images\/spotlight\/spotlight1img\/bg-mask.png\" alt=\"Image Mask\"\/><img src=\"https:\/\/files.sunoresearch.com.br\/n\/uploads\/2019\/09\/e34ca282-oi-a-400x200.webp\" alt=\"BTG e Morgan Stanley organizam emiss\u00e3o de R$ 2,5 bi da Oi, diz jornal\"\/><\/a><span class=\"spotlightCategory\"><a href=\"https:\/\/www.suno.com.br\/noticias\/negocios\/\">Neg\u00f3cios<\/a><\/span><\/div><div class=\"cardsPage__listCard__boxs__content\"><a href=\"https:\/\/www.suno.com.br\/noticias\/btg-morgan-stanley-emissao-2-bi-oi\/\"><h2 class=\"content__title\">BTG e Morgan Stanley organizam emiss\u00e3o de R$ 2,5 bi da Oi, diz jornal<\/h2><\/a><div class=\"newsContent__article__meta\"><div class=\"newsContent__article__meta__authorBox\"><a href=\"https:\/\/www.suno.com.br\/noticias\/author\/giovanna\/\" class=\"authorBox__avatar noMobi\"><img src=\"https:\/\/files.sunoresearch.com.br\/n\/uploads\/2019\/06\/952a89ca-screenshot_20190608-171507-150x150.webp\" alt=\"Giovanna Oliveira\"><\/a><div class=\"authorBox__name\"><span>por\n\t\t\t<a href=\"https:\/\/www.suno.com.br\/noticias\/author\/giovanna\/\"><span itemprop=\"author\">Giovanna Oliveira<\/span><\/a><\/span><time datetime=\"2019-10-14T15:13:24-03:00\" itemprop=\"datePublished\">14\/10\/2019 15:13<\/time><\/div><\/div><\/div><\/div><\/div>","single_layout":"posts","amp_enabled":true,"_links":{"self":[{"href":"https:\/\/www.suno.com.br\/noticias\/wp-json\/wp\/v2\/posts\/41004"}],"collection":[{"href":"https:\/\/www.suno.com.br\/noticias\/wp-json\/wp\/v2\/posts"}],"about":[{"href":"https:\/\/www.suno.com.br\/noticias\/wp-json\/wp\/v2\/types\/post"}],"author":[{"embeddable":true,"href":"https:\/\/www.suno.com.br\/noticias\/wp-json\/wp\/v2\/users\/18"}],"replies":[{"embeddable":true,"href":"https:\/\/www.suno.com.br\/noticias\/wp-json\/wp\/v2\/comments?post=41004"}],"version-history":[{"count":0,"href":"https:\/\/www.suno.com.br\/noticias\/wp-json\/wp\/v2\/posts\/41004\/revisions"}],"wp:featuredmedia":[{"embeddable":true,"href":"https:\/\/www.suno.com.br\/noticias\/wp-json\/wp\/v2\/media\/37999"}],"wp:attachment":[{"href":"https:\/\/www.suno.com.br\/noticias\/wp-json\/wp\/v2\/media?parent=41004"}],"wp:term":[{"taxonomy":"category","embeddable":true,"href":"https:\/\/www.suno.com.br\/noticias\/wp-json\/wp\/v2\/categories?post=41004"},{"taxonomy":"post_tag","embeddable":true,"href":"https:\/\/www.suno.com.br\/noticias\/wp-json\/wp\/v2\/tags?post=41004"},{"taxonomy":"suno_strategy","embeddable":true,"href":"https:\/\/www.suno.com.br\/noticias\/wp-json\/wp\/v2\/suno_strategy?post=41004"}],"curies":[{"name":"wp","href":"https:\/\/api.w.org\/{rel}","templated":true}]}}