{"id":409932,"date":"2023-05-28T17:58:26","date_gmt":"2023-05-28T20:58:26","guid":{"rendered":"https:\/\/www.suno.com.br\/noticias\/?p=409932"},"modified":"2023-05-28T17:58:31","modified_gmt":"2023-05-28T20:58:31","slug":"gripe-aviaria-rj-primeiro-caso","status":"publish","type":"post","link":"https:\/\/www.suno.com.br\/noticias\/gripe-aviaria-rj-primeiro-caso\/","title":{"rendered":"Rio de Janeiro registra 1\u00ba caso de gripe avi\u00e1ria; Brasil est\u00e1 em estado de emerg\u00eancia zoosanit\u00e1ria"},"content":{"rendered":"<p>O Rio de Janeiro registrou um caso de <strong>gripe avi\u00e1ria<\/strong> (H5N1) em um animal encontrado na capital fluminense. A ave, um trinta-r\u00e9is-de-bando (Thalasseus acuflavidus), foi capturada na ter\u00e7a (23) na Ilha do Governador, zona norte da cidade. Esse \u00e9 o primeiro caso conhecido da doen\u00e7a na cidade do Rio de Janeiro.<\/p>\t<div class=\"wrapper-featured-image\">\n\t\t<figure class=\"spotlightImg\">\n\n\t\t\t<picture>\n\t\t\t\t<source media=\"(max-width: 768px)\" srcset=\"https:\/\/files.sunoresearch.com.br\/n\/uploads\/2020\/08\/2db0b729-2018-06-19_17-39-34_linha-de-operac3a7c3b5es-de-suc3adnos-em-rio-verde-go3-400x200.webp\">\n\t\t\t\t<img loading=\"lazy\" decoding=\"async\" class=\"newsContent__article__imgCapa lazyloadDisabled \" src=\"https:\/\/files.sunoresearch.com.br\/n\/uploads\/2020\/08\/2db0b729-2018-06-19_17-39-34_linha-de-operac3a7c3b5es-de-suc3adnos-em-rio-verde-go3-800x450.webp\" width=\"800\" height=\"450\" alt=\"Rio de Janeiro registra 1\u00ba caso de gripe avi\u00e1ria; Brasil est\u00e1 em estado de emerg\u00eancia zoosanit\u00e1ria\" fetchpriority=high \/>\n\t\t\t<\/picture>\n\n\t\t\t<figcaption class=\"wp-caption-text wp-caption-text--show\">Fabrica de carne animal. Foto: Divulga\u00e7\u00e3o<\/figcaption>\n\t\t<\/figure>\n\t<\/div>\n\n\n\n\n\n\t<p>\n\t\t<a href=\"\" target=\"_blank\" data-element=\"shortcode-suno-banner\" title=\"Banner SUNO, clique e saiba mais\">\n\t\t\t<picture>\n\t\t\t\t<source media=\"(max-width: 500px)\" srcset=\"\">\n\t\t\t\t<img class=\"newsContent__article__imgCapa newsContent__article__imgCapa--banner\"\n\t\t\t\t\tsrc=\"\"\n\t\t\t\t\tdata-promo-id=\"240038\"\t\t\t\t\t\t\t\t\t\t\t\t\t\t\talt=\"\"\n\t\t\t\t>\n\t\t\t<\/picture>\n\t\t<\/a>\n\t<\/p>\n\n\n\n\n\n<p>Antes do caso verificado na capital, duas outras aves silvestres com <strong>influenza avi\u00e1ria<\/strong> foram identificadas nos munic\u00edpios de S\u00e3o Jo\u00e3o da Barra, no norte do Estado, e em Cabo Frio, na Regi\u00e3o dos Lagos.<\/p>\n\n\n\n<p>Os t\u00e9cnicos ressaltaram que n\u00e3o h\u00e1 motivos de preocupa\u00e7\u00e3o da popula\u00e7\u00e3o sobre epidemia de H5N1, pois no momento n\u00e3o h\u00e1 transmiss\u00e3o direta, de pessoa para pessoa, de acordo com comunicado do governo do Estado. &#8220;\u00c9 importante lembrar que a doen\u00e7a n\u00e3o \u00e9 transmitida pelo consumo de carne de aves e nem de ovos. As infec\u00e7\u00f5es humanas pelo v\u00edrus da Influenza Avi\u00e1ria ocorrem por meio do contato direto com aves infectadas (vivas ou mortas).&#8221;<\/p>\n\n\n\t<div data-element=\"shortcode-read-more\" class=\"knowMore\">\n\t\t\t\t<span class=\"knowMore__title\">Leia mais<\/span>\n\t\t\t\t<a class=\"knowMore__link\" href=\"https:\/\/www.suno.com.br\/noticias\/gripe-aviaria-brf-brfs3-marfrig-mrfg3-queda-ibovespa-hoje-230523\/\">\n\t\t\tEstado de emerg\u00eancia da gripe avi\u00e1ria derruba a\u00e7\u00f5es da BRF (BRFS3), Marfrig (MRFG3) e frigor\u00edficos no Ibovespa hoje\t\t<\/a>\n\t<\/div>\n\n\n\n\n<p>A Secretaria de Agricultura recomenda que a popula\u00e7\u00e3o evite contato direto com aves ca\u00eddas, mortas ou n\u00e3o, dom\u00e9sticas, silvestres ou ex\u00f3ticas e migrat\u00f3rias, al\u00e9m de mam\u00edferos aqu\u00e1ticos de qualquer esp\u00e9cie. Suspeitas de contamina\u00e7\u00e3o devem ser comunicadas ao N\u00facleo de Defesa Agropecu\u00e1ria da regi\u00e3o ou \u00e0 Coordena\u00e7\u00e3o de Vigil\u00e2ncia Ambiental municipal.<\/p>\n\n\n\n<p>Na segunda (22), o Minist\u00e9rio da Agricultura decretou <strong>emerg\u00eancia zoosanit\u00e1ria<\/strong> em todo o territ\u00f3rio nacional, que tem como objetivo evitar que a doen\u00e7a chegue \u00e0 produ\u00e7\u00e3o de aves de subsist\u00eancia e comercial, al\u00e9m de preservar a fauna silvestre e a sa\u00fade humana.<\/p>\n\n\n\t<p>\n\t\t<a href=\"https:\/\/lp.suno.com.br\/ebook-gratuito-investindo-no-exterior\/\" target=\"_blank\" data-element=\"shortcode-suno-banner\" title=\"Banner SUNO, clique e saiba mais\">\n\t\t\t<picture>\n\t\t\t\t<source media=\"(max-width: 500px)\" srcset=\"https:\/\/files.sunoresearch.com.br\/n\/uploads\/2023\/03\/400x300-Investindo-no-exterior.png\">\n\t\t\t\t<img class=\"newsContent__article__imgCapa newsContent__article__imgCapa--banner\"\n\t\t\t\t\tsrc=\"https:\/\/files.sunoresearch.com.br\/n\/uploads\/2023\/03\/1420x240-Investindo-no-exterior.png\"\n\t\t\t\t\tdata-promo-id=\"383161\"\t\t\t\t\t\t\t\t\t\twidth='1420' height='240'\t\t\t\t\talt=\"https:\/\/files.sunoresearch.com.br\/n\/uploads\/2023\/03\/1420x240-Investindo-no-exterior.png\"\n\t\t\t\t>\n\t\t\t<\/picture>\n\t\t<\/a>\n\t<\/p>\n\n\n\n\n\n<h2 class=\"wp-block-heading\">Monitoramento intensificado<\/h2>\n\n\n\n<p>A contamina\u00e7\u00e3o do trinta-r\u00e9is-de-bando recolhido na Ilha do Governador foi confirmada no s\u00e1bado (27), pelo Laborat\u00f3rio Federal de Defesa Agropecu\u00e1ria do Minist\u00e9rio da Agricultura, Pecu\u00e1ria e Abastecimento. Tr\u00eas profissionais que trabalharam na captura da ave est\u00e3o sob monitoramento pelas secretarias municipal e estadual de Sa\u00fade do Rio de Janeiro.<\/p>\n\n\n\n<p>As autoridades estaduais informaram que intensificaram o monitoramento e as a\u00e7\u00f5es de preven\u00e7\u00e3o para evitar a dissemina\u00e7\u00e3o do v\u00edrus no Estado.<\/p>\n\n\n\n<p>Nesta semana, a Secretaria de Agricultura, Pecu\u00e1ria, Pesca e Abastecimento divulgou o Plano de Conting\u00eancia com medidas de controle para detectar e conter a dissemina\u00e7\u00e3o da doen\u00e7a. O documento estabelece o fluxo de informa\u00e7\u00e3o entre os \u00f3rg\u00e3os envolvidos por se tratar de zoonose com potencial pand\u00eamico.<\/p>\n\n\n\n<p>As autoridades devem trocar informa\u00e7\u00f5es sobre mortalidade suspeita de aves, assim como pessoas com suspeita de s\u00edndrome gripal com hist\u00f3rico de contato com aves suspeitas.<\/p>\n\n\n\n<p>A Secretaria de Agricultura aconselhou criadores de aves a redobrar os cuidados com a <strong>gripe avi\u00e1ria,<\/strong> como proibir visitas \u00e0s unidades de produ\u00e7\u00e3o; conferir cercamento de n\u00facleo e telamento do galp\u00e3o; manter o port\u00e3o de acesso das propriedades fechado; desinfectar ve\u00edculos e materiais que acessem as granjas; ter cuidados com ra\u00e7\u00e3o e \u00e1gua; e manter registro de pessoas e ve\u00edculos.<\/p>\n\n\n\n<p><em>Com informa\u00e7\u00f5es do Estad\u00e3o Conte\u00fado<\/em><\/p>\n\n\n\t<p>\n\t\t<a href=\"https:\/\/lp.suno.com.br\/suno-one\/?utm_campaign=_SNC6964518A_\" target=\"_blank\" data-element=\"shortcode-suno-banner\" title=\"Banner SUNO, clique e saiba mais\">\n\t\t\t<picture>\n\t\t\t\t<source media=\"(max-width: 500px)\" srcset=\"https:\/\/files.sunoresearch.com.br\/n\/uploads\/2025\/09\/400x300-Suno-One-png.webp\">\n\t\t\t\t<img class=\"newsContent__article__imgCapa newsContent__article__imgCapa--banner\"\n\t\t\t\t\tsrc=\"https:\/\/files.sunoresearch.com.br\/n\/uploads\/2025\/09\/1420x240-Suno-One-png.webp\"\n\t\t\t\t\tdata-promo-id=\"383121\"\t\t\t\t\t\t\t\t\t\twidth='1420' height='240'\t\t\t\t\talt=\"https:\/\/files.sunoresearch.com.br\/n\/uploads\/2025\/09\/1420x240-Suno-One-png.webp\"\n\t\t\t\t>\n\t\t\t<\/picture>\n\t\t<\/a>\n\t<\/p>\n\n\n","protected":false},"excerpt":{"rendered":"<p>O Rio de Janeiro registrou um caso de gripe avi\u00e1ria (H5N1) em um animal encontrado na capital fluminense. A ave, um trinta-r\u00e9is-de-bando (Thalasseus acuflavidus), foi capturada na ter\u00e7a (23) na Ilha do Governador, zona norte da cidade. Esse \u00e9 o primeiro caso conhecido da doen\u00e7a na cidade do Rio de Janeiro. Fabrica de carne animal. [&hellip;]<\/p>\n","protected":false},"author":232,"featured_media":78047,"comment_status":"closed","ping_status":"closed","sticky":false,"template":"","format":"standard","meta":[],"categories":[60],"tags":[2209],"suno_strategy":[],"class_list":["post-409932","post","type-post","status-publish","format-standard","has-post-thumbnail","hentry","category-mercado","tag-frigorificos"],"yoast_head":"<!-- This site is optimized with the Yoast SEO plugin v24.4 - https:\/\/yoast.com\/wordpress\/plugins\/seo\/ -->\n<title>Rio de Janeiro registra 1\u00ba caso de gripe avi\u00e1ria<\/title>\n<meta name=\"description\" content=\"O Rio de Janeiro registrou um caso de gripe avi\u00e1ria (H5N1) em um animal encontrado na capital fluminense. Clique e saiba mais!\" \/>\n<meta name=\"robots\" content=\"index, follow, max-snippet:-1, max-image-preview:large, max-video-preview:-1\" \/>\n<link rel=\"canonical\" href=\"https:\/\/www.suno.com.br\/noticias\/gripe-aviaria-rj-primeiro-caso\/\" \/>\n<meta property=\"og:locale\" content=\"pt_BR\" \/>\n<meta property=\"og:type\" content=\"article\" \/>\n<meta property=\"og:title\" content=\"Rio de Janeiro registra 1\u00ba caso de gripe avi\u00e1ria\" \/>\n<meta property=\"og:description\" content=\"O Rio de Janeiro registrou um caso de gripe avi\u00e1ria (H5N1) em um animal encontrado na capital fluminense. Clique e saiba mais!\" \/>\n<meta property=\"og:url\" content=\"https:\/\/www.suno.com.br\/noticias\/gripe-aviaria-rj-primeiro-caso\/\" \/>\n<meta property=\"og:site_name\" content=\"Suno Not\u00edcias\" \/>\n<meta property=\"article:publisher\" content=\"https:\/\/facebook.com\/sunoresearch\" \/>\n<meta property=\"og:image\" content=\"https:\/\/files.sunoresearch.com.br\/n\/uploads\/2020\/08\/2db0b729-2018-06-19_17-39-34_linha-de-operac3a7c3b5es-de-suc3adnos-em-rio-verde-go3.jpg\" \/>\n\t<meta property=\"og:image:width\" content=\"1620\" \/>\n\t<meta property=\"og:image:height\" content=\"1080\" \/>\n\t<meta property=\"og:image:type\" content=\"image\/jpeg\" \/>\n<meta name=\"author\" content=\"Erick Matheus Nery\" \/>\n<meta name=\"twitter:card\" content=\"summary_large_image\" \/>\n<meta name=\"twitter:creator\" content=\"@sunoresearch\" \/>\n<meta name=\"twitter:site\" content=\"@sunoresearch\" \/>\n<meta name=\"twitter:label1\" content=\"Escrito por\" \/>\n\t<meta name=\"twitter:data1\" content=\"Erick Matheus Nery\" \/>\n\t<meta name=\"twitter:label2\" content=\"Est. tempo de leitura\" \/>\n\t<meta name=\"twitter:data2\" content=\"3 minutos\" \/>\n<script type=\"application\/ld+json\" class=\"yoast-schema-graph\">{\"@context\":\"https:\/\/schema.org\",\"@graph\":[{\"@type\":\"NewsArticle\",\"@id\":\"https:\/\/www.suno.com.br\/noticias\/gripe-aviaria-rj-primeiro-caso\/#article\",\"isPartOf\":{\"@id\":\"https:\/\/www.suno.com.br\/noticias\/gripe-aviaria-rj-primeiro-caso\/\"},\"author\":{\"name\":\"Erick Matheus Nery\",\"@id\":\"https:\/\/www.suno.com.br\/noticias\/#\/schema\/person\/6899bc3f19d1a7315f807131c2c013a0\"},\"headline\":\"Rio de Janeiro registra 1\u00ba caso de gripe avi\u00e1ria; Brasil est\u00e1 em estado de emerg\u00eancia zoosanit\u00e1ria\",\"datePublished\":\"2023-05-28T20:58:26+00:00\",\"dateModified\":\"2023-05-28T20:58:31+00:00\",\"mainEntityOfPage\":{\"@id\":\"https:\/\/www.suno.com.br\/noticias\/gripe-aviaria-rj-primeiro-caso\/\"},\"wordCount\":559,\"publisher\":{\"@id\":\"https:\/\/www.suno.com.br\/noticias\/#organization\"},\"image\":{\"@id\":\"https:\/\/www.suno.com.br\/noticias\/gripe-aviaria-rj-primeiro-caso\/#primaryimage\"},\"thumbnailUrl\":\"https:\/\/files.sunoresearch.com.br\/n\/uploads\/2020\/08\/2db0b729-2018-06-19_17-39-34_linha-de-operac3a7c3b5es-de-suc3adnos-em-rio-verde-go3-jpg.webp\",\"keywords\":[\"frigor\u00edficos\"],\"articleSection\":[\"Mercado\"],\"inLanguage\":\"pt-BR\"},{\"@type\":\"WebPage\",\"@id\":\"https:\/\/www.suno.com.br\/noticias\/gripe-aviaria-rj-primeiro-caso\/\",\"url\":\"https:\/\/www.suno.com.br\/noticias\/gripe-aviaria-rj-primeiro-caso\/\",\"name\":\"Rio de Janeiro registra 1\u00ba caso de gripe avi\u00e1ria\",\"isPartOf\":{\"@id\":\"https:\/\/www.suno.com.br\/noticias\/#website\"},\"primaryImageOfPage\":{\"@id\":\"https:\/\/www.suno.com.br\/noticias\/gripe-aviaria-rj-primeiro-caso\/#primaryimage\"},\"image\":{\"@id\":\"https:\/\/www.suno.com.br\/noticias\/gripe-aviaria-rj-primeiro-caso\/#primaryimage\"},\"thumbnailUrl\":\"https:\/\/files.sunoresearch.com.br\/n\/uploads\/2020\/08\/2db0b729-2018-06-19_17-39-34_linha-de-operac3a7c3b5es-de-suc3adnos-em-rio-verde-go3-jpg.webp\",\"datePublished\":\"2023-05-28T20:58:26+00:00\",\"dateModified\":\"2023-05-28T20:58:31+00:00\",\"description\":\"O Rio de Janeiro registrou um caso de gripe avi\u00e1ria (H5N1) em um animal encontrado na capital fluminense. Clique e saiba mais!\",\"breadcrumb\":{\"@id\":\"https:\/\/www.suno.com.br\/noticias\/gripe-aviaria-rj-primeiro-caso\/#breadcrumb\"},\"inLanguage\":\"pt-BR\",\"potentialAction\":[{\"@type\":\"ReadAction\",\"target\":[\"https:\/\/www.suno.com.br\/noticias\/gripe-aviaria-rj-primeiro-caso\/\"]}]},{\"@type\":\"ImageObject\",\"inLanguage\":\"pt-BR\",\"@id\":\"https:\/\/www.suno.com.br\/noticias\/gripe-aviaria-rj-primeiro-caso\/#primaryimage\",\"url\":\"https:\/\/files.sunoresearch.com.br\/n\/uploads\/2020\/08\/2db0b729-2018-06-19_17-39-34_linha-de-operac3a7c3b5es-de-suc3adnos-em-rio-verde-go3-jpg.webp\",\"contentUrl\":\"https:\/\/files.sunoresearch.com.br\/n\/uploads\/2020\/08\/2db0b729-2018-06-19_17-39-34_linha-de-operac3a7c3b5es-de-suc3adnos-em-rio-verde-go3-jpg.webp\",\"width\":1620,\"height\":1080,\"caption\":\"Fabrica de carne animal. Foto: Divulga\u00e7\u00e3o\"},{\"@type\":\"BreadcrumbList\",\"@id\":\"https:\/\/www.suno.com.br\/noticias\/gripe-aviaria-rj-primeiro-caso\/#breadcrumb\",\"itemListElement\":[{\"@type\":\"ListItem\",\"position\":1,\"name\":\"Not\u00edcias\",\"item\":\"https:\/\/www.suno.com.br\/noticias\/\"},{\"@type\":\"ListItem\",\"position\":2,\"name\":\"Mercado\",\"item\":\"https:\/\/www.suno.com.br\/noticias\/mercado\/\"},{\"@type\":\"ListItem\",\"position\":3,\"name\":\"Rio de Janeiro registra 1\u00ba caso de gripe avi\u00e1ria; Brasil est\u00e1 em estado de emerg\u00eancia zoosanit\u00e1ria\"}]},{\"@type\":\"WebSite\",\"@id\":\"https:\/\/www.suno.com.br\/noticias\/#website\",\"url\":\"https:\/\/www.suno.com.br\/noticias\/\",\"name\":\"Suno Not\u00edcias\",\"description\":\"Seu portal de informa\u00e7\u00e3o sobre o mundo dos investimentos\",\"publisher\":{\"@id\":\"https:\/\/www.suno.com.br\/noticias\/#organization\"},\"potentialAction\":[{\"@type\":\"SearchAction\",\"target\":{\"@type\":\"EntryPoint\",\"urlTemplate\":\"https:\/\/www.suno.com.br\/noticias\/?s={search_term_string}\"},\"query-input\":{\"@type\":\"PropertyValueSpecification\",\"valueRequired\":true,\"valueName\":\"search_term_string\"}}],\"inLanguage\":\"pt-BR\"},{\"@type\":\"Organization\",\"@id\":\"https:\/\/www.suno.com.br\/noticias\/#organization\",\"name\":\"Suno Not\u00edcias\",\"url\":\"https:\/\/www.suno.com.br\/noticias\/\",\"logo\":{\"@type\":\"ImageObject\",\"inLanguage\":\"pt-BR\",\"@id\":\"https:\/\/www.suno.com.br\/noticias\/#\/schema\/logo\/image\/\",\"url\":\"https:\/\/files.sunoresearch.com.br\/n\/uploads\/2021\/09\/suno-logo.png\",\"contentUrl\":\"https:\/\/files.sunoresearch.com.br\/n\/uploads\/2021\/09\/suno-logo.png\",\"width\":180,\"height\":180,\"caption\":\"Suno Not\u00edcias\"},\"image\":{\"@id\":\"https:\/\/www.suno.com.br\/noticias\/#\/schema\/logo\/image\/\"},\"sameAs\":[\"https:\/\/facebook.com\/sunoresearch\",\"https:\/\/x.com\/sunoresearch\",\"https:\/\/www.instagram.com\/suno\",\"https:\/\/www.linkedin.com\/company\/suno-research\/\",\"https:\/\/www.youtube.com\/c\/sunoresearch\"]},{\"@type\":\"Person\",\"@id\":\"https:\/\/www.suno.com.br\/noticias\/#\/schema\/person\/6899bc3f19d1a7315f807131c2c013a0\",\"name\":\"Erick Matheus Nery\",\"image\":{\"@type\":\"ImageObject\",\"inLanguage\":\"pt-BR\",\"@id\":\"https:\/\/www.suno.com.br\/noticias\/#\/schema\/person\/image\/\",\"url\":\"https:\/\/secure.gravatar.com\/avatar\/518ddffe438ccb767782d372a66304d2?s=96&r=g\",\"contentUrl\":\"https:\/\/secure.gravatar.com\/avatar\/518ddffe438ccb767782d372a66304d2?s=96&r=g\",\"caption\":\"Erick Matheus Nery\"},\"description\":\"Formado em Jornalismo pela Universidade Federal do Par\u00e1 (UFPA), conta com extens\u00e3o em Jornalismo Econ\u00f4mico pela Funda\u00e7\u00e3o Get\u00falio Vargas (FGV). No Suno Not\u00edcias, atua como rep\u00f3rter de Mercado, com foco nos setores de telecomunica\u00e7\u00f5es, varejo, alimentos e renda fixa. Conta com passagens pelo jornal O Estado de S\u00e3o Paulo, como trainee de Jornalismo Econ\u00f4mico, e pelo site Not\u00edcias da TV.\",\"url\":\"https:\/\/www.suno.com.br\/noticias\/author\/erick-nery\/\"}]}<\/script>\n<!-- \/ Yoast SEO plugin. -->","yoast_head_json":{"title":"Rio de Janeiro registra 1\u00ba caso de gripe avi\u00e1ria","description":"O Rio de Janeiro registrou um caso de gripe avi\u00e1ria (H5N1) em um animal encontrado na capital fluminense. Clique e saiba mais!","robots":{"index":"index","follow":"follow","max-snippet":"max-snippet:-1","max-image-preview":"max-image-preview:large","max-video-preview":"max-video-preview:-1"},"canonical":"https:\/\/www.suno.com.br\/noticias\/gripe-aviaria-rj-primeiro-caso\/","og_locale":"pt_BR","og_type":"article","og_title":"Rio de Janeiro registra 1\u00ba caso de gripe avi\u00e1ria","og_description":"O Rio de Janeiro registrou um caso de gripe avi\u00e1ria (H5N1) em um animal encontrado na capital fluminense. Clique e saiba mais!","og_url":"https:\/\/www.suno.com.br\/noticias\/gripe-aviaria-rj-primeiro-caso\/","og_site_name":"Suno Not\u00edcias","article_publisher":"https:\/\/facebook.com\/sunoresearch","og_image":[{"width":1620,"height":1080,"url":"https:\/\/files.sunoresearch.com.br\/n\/uploads\/2020\/08\/2db0b729-2018-06-19_17-39-34_linha-de-operac3a7c3b5es-de-suc3adnos-em-rio-verde-go3.jpg","type":"image\/jpeg"}],"author":"Erick Matheus Nery","twitter_card":"summary_large_image","twitter_creator":"@sunoresearch","twitter_site":"@sunoresearch","twitter_misc":{"Escrito por":"Erick Matheus Nery","Est. tempo de leitura":"3 minutos"},"schema":{"@context":"https:\/\/schema.org","@graph":[{"@type":"NewsArticle","@id":"https:\/\/www.suno.com.br\/noticias\/gripe-aviaria-rj-primeiro-caso\/#article","isPartOf":{"@id":"https:\/\/www.suno.com.br\/noticias\/gripe-aviaria-rj-primeiro-caso\/"},"author":{"name":"Erick Matheus Nery","@id":"https:\/\/www.suno.com.br\/noticias\/#\/schema\/person\/6899bc3f19d1a7315f807131c2c013a0"},"headline":"Rio de Janeiro registra 1\u00ba caso de gripe avi\u00e1ria; Brasil est\u00e1 em estado de emerg\u00eancia zoosanit\u00e1ria","datePublished":"2023-05-28T20:58:26+00:00","dateModified":"2023-05-28T20:58:31+00:00","mainEntityOfPage":{"@id":"https:\/\/www.suno.com.br\/noticias\/gripe-aviaria-rj-primeiro-caso\/"},"wordCount":559,"publisher":{"@id":"https:\/\/www.suno.com.br\/noticias\/#organization"},"image":{"@id":"https:\/\/www.suno.com.br\/noticias\/gripe-aviaria-rj-primeiro-caso\/#primaryimage"},"thumbnailUrl":"https:\/\/files.sunoresearch.com.br\/n\/uploads\/2020\/08\/2db0b729-2018-06-19_17-39-34_linha-de-operac3a7c3b5es-de-suc3adnos-em-rio-verde-go3-jpg.webp","keywords":["frigor\u00edficos"],"articleSection":["Mercado"],"inLanguage":"pt-BR"},{"@type":"WebPage","@id":"https:\/\/www.suno.com.br\/noticias\/gripe-aviaria-rj-primeiro-caso\/","url":"https:\/\/www.suno.com.br\/noticias\/gripe-aviaria-rj-primeiro-caso\/","name":"Rio de Janeiro registra 1\u00ba caso de gripe avi\u00e1ria","isPartOf":{"@id":"https:\/\/www.suno.com.br\/noticias\/#website"},"primaryImageOfPage":{"@id":"https:\/\/www.suno.com.br\/noticias\/gripe-aviaria-rj-primeiro-caso\/#primaryimage"},"image":{"@id":"https:\/\/www.suno.com.br\/noticias\/gripe-aviaria-rj-primeiro-caso\/#primaryimage"},"thumbnailUrl":"https:\/\/files.sunoresearch.com.br\/n\/uploads\/2020\/08\/2db0b729-2018-06-19_17-39-34_linha-de-operac3a7c3b5es-de-suc3adnos-em-rio-verde-go3-jpg.webp","datePublished":"2023-05-28T20:58:26+00:00","dateModified":"2023-05-28T20:58:31+00:00","description":"O Rio de Janeiro registrou um caso de gripe avi\u00e1ria (H5N1) em um animal encontrado na capital fluminense. Clique e saiba mais!","breadcrumb":{"@id":"https:\/\/www.suno.com.br\/noticias\/gripe-aviaria-rj-primeiro-caso\/#breadcrumb"},"inLanguage":"pt-BR","potentialAction":[{"@type":"ReadAction","target":["https:\/\/www.suno.com.br\/noticias\/gripe-aviaria-rj-primeiro-caso\/"]}]},{"@type":"ImageObject","inLanguage":"pt-BR","@id":"https:\/\/www.suno.com.br\/noticias\/gripe-aviaria-rj-primeiro-caso\/#primaryimage","url":"https:\/\/files.sunoresearch.com.br\/n\/uploads\/2020\/08\/2db0b729-2018-06-19_17-39-34_linha-de-operac3a7c3b5es-de-suc3adnos-em-rio-verde-go3-jpg.webp","contentUrl":"https:\/\/files.sunoresearch.com.br\/n\/uploads\/2020\/08\/2db0b729-2018-06-19_17-39-34_linha-de-operac3a7c3b5es-de-suc3adnos-em-rio-verde-go3-jpg.webp","width":1620,"height":1080,"caption":"Fabrica de carne animal. Foto: Divulga\u00e7\u00e3o"},{"@type":"BreadcrumbList","@id":"https:\/\/www.suno.com.br\/noticias\/gripe-aviaria-rj-primeiro-caso\/#breadcrumb","itemListElement":[{"@type":"ListItem","position":1,"name":"Not\u00edcias","item":"https:\/\/www.suno.com.br\/noticias\/"},{"@type":"ListItem","position":2,"name":"Mercado","item":"https:\/\/www.suno.com.br\/noticias\/mercado\/"},{"@type":"ListItem","position":3,"name":"Rio de Janeiro registra 1\u00ba caso de gripe avi\u00e1ria; Brasil est\u00e1 em estado de emerg\u00eancia zoosanit\u00e1ria"}]},{"@type":"WebSite","@id":"https:\/\/www.suno.com.br\/noticias\/#website","url":"https:\/\/www.suno.com.br\/noticias\/","name":"Suno Not\u00edcias","description":"Seu portal de informa\u00e7\u00e3o sobre o mundo dos investimentos","publisher":{"@id":"https:\/\/www.suno.com.br\/noticias\/#organization"},"potentialAction":[{"@type":"SearchAction","target":{"@type":"EntryPoint","urlTemplate":"https:\/\/www.suno.com.br\/noticias\/?s={search_term_string}"},"query-input":{"@type":"PropertyValueSpecification","valueRequired":true,"valueName":"search_term_string"}}],"inLanguage":"pt-BR"},{"@type":"Organization","@id":"https:\/\/www.suno.com.br\/noticias\/#organization","name":"Suno Not\u00edcias","url":"https:\/\/www.suno.com.br\/noticias\/","logo":{"@type":"ImageObject","inLanguage":"pt-BR","@id":"https:\/\/www.suno.com.br\/noticias\/#\/schema\/logo\/image\/","url":"https:\/\/files.sunoresearch.com.br\/n\/uploads\/2021\/09\/suno-logo.png","contentUrl":"https:\/\/files.sunoresearch.com.br\/n\/uploads\/2021\/09\/suno-logo.png","width":180,"height":180,"caption":"Suno Not\u00edcias"},"image":{"@id":"https:\/\/www.suno.com.br\/noticias\/#\/schema\/logo\/image\/"},"sameAs":["https:\/\/facebook.com\/sunoresearch","https:\/\/x.com\/sunoresearch","https:\/\/www.instagram.com\/suno","https:\/\/www.linkedin.com\/company\/suno-research\/","https:\/\/www.youtube.com\/c\/sunoresearch"]},{"@type":"Person","@id":"https:\/\/www.suno.com.br\/noticias\/#\/schema\/person\/6899bc3f19d1a7315f807131c2c013a0","name":"Erick Matheus Nery","image":{"@type":"ImageObject","inLanguage":"pt-BR","@id":"https:\/\/www.suno.com.br\/noticias\/#\/schema\/person\/image\/","url":"https:\/\/secure.gravatar.com\/avatar\/518ddffe438ccb767782d372a66304d2?s=96&r=g","contentUrl":"https:\/\/secure.gravatar.com\/avatar\/518ddffe438ccb767782d372a66304d2?s=96&r=g","caption":"Erick Matheus Nery"},"description":"Formado em Jornalismo pela Universidade Federal do Par\u00e1 (UFPA), conta com extens\u00e3o em Jornalismo Econ\u00f4mico pela Funda\u00e7\u00e3o Get\u00falio Vargas (FGV). No Suno Not\u00edcias, atua como rep\u00f3rter de Mercado, com foco nos setores de telecomunica\u00e7\u00f5es, varejo, alimentos e renda fixa. Conta com passagens pelo jornal O Estado de S\u00e3o Paulo, como trainee de Jornalismo Econ\u00f4mico, e pelo site Not\u00edcias da TV.","url":"https:\/\/www.suno.com.br\/noticias\/author\/erick-nery\/"}]}},"default_loop_html":"<div class=\"cardsPage__listCard__boxs\"><div class=\"cardsPage__listCard__boxs__img\"><a href=\"https:\/\/www.suno.com.br\/noticias\/gripe-aviaria-rj-primeiro-caso\/\"><img class=\"mask\" src=\"https:\/\/www.suno.com.br\/noticias\/wp-content\/themes\/suno\/resources\/images\/spotlight\/spotlight1img\/bg-mask.png\" alt=\"Image Mask\"\/><img src=\"https:\/\/files.sunoresearch.com.br\/n\/uploads\/2020\/08\/2db0b729-2018-06-19_17-39-34_linha-de-operac3a7c3b5es-de-suc3adnos-em-rio-verde-go3-400x200.webp\" alt=\"Rio de Janeiro registra 1\u00ba caso de gripe avi\u00e1ria; Brasil est\u00e1 em estado de emerg\u00eancia zoosanit\u00e1ria\"\/><\/a><span class=\"spotlightCategory\"><a href=\"https:\/\/www.suno.com.br\/noticias\/mercado\/\">Mercado<\/a><\/span><\/div><div class=\"cardsPage__listCard__boxs__content\"><a href=\"https:\/\/www.suno.com.br\/noticias\/gripe-aviaria-rj-primeiro-caso\/\"><h2 class=\"content__title\">Rio de Janeiro registra 1\u00ba caso de gripe avi\u00e1ria; Brasil est\u00e1 em estado de emerg\u00eancia zoosanit\u00e1ria<\/h2><\/a><div class=\"newsContent__article__meta\"><div class=\"newsContent__article__meta__authorBox\"><a href=\"https:\/\/www.suno.com.br\/noticias\/author\/erick-nery\/\" class=\"authorBox__avatar noMobi\"><img src=\"https:\/\/secure.gravatar.com\/avatar\/518ddffe438ccb767782d372a66304d2?s=96&#038;r=g\" alt=\"Erick Matheus Nery\"><\/a><div class=\"authorBox__name\"><span>por\n\t\t\t<a href=\"https:\/\/www.suno.com.br\/noticias\/author\/erick-nery\/\"><span itemprop=\"author\">Erick Matheus Nery<\/span><\/a><\/span><time datetime=\"2023-05-28T17:58:26-03:00\" itemprop=\"datePublished\">28\/05\/2023 17:58<\/time><\/div><\/div><\/div><\/div><\/div>","single_layout":"posts","amp_enabled":true,"_links":{"self":[{"href":"https:\/\/www.suno.com.br\/noticias\/wp-json\/wp\/v2\/posts\/409932"}],"collection":[{"href":"https:\/\/www.suno.com.br\/noticias\/wp-json\/wp\/v2\/posts"}],"about":[{"href":"https:\/\/www.suno.com.br\/noticias\/wp-json\/wp\/v2\/types\/post"}],"author":[{"embeddable":true,"href":"https:\/\/www.suno.com.br\/noticias\/wp-json\/wp\/v2\/users\/232"}],"replies":[{"embeddable":true,"href":"https:\/\/www.suno.com.br\/noticias\/wp-json\/wp\/v2\/comments?post=409932"}],"version-history":[{"count":3,"href":"https:\/\/www.suno.com.br\/noticias\/wp-json\/wp\/v2\/posts\/409932\/revisions"}],"predecessor-version":[{"id":409937,"href":"https:\/\/www.suno.com.br\/noticias\/wp-json\/wp\/v2\/posts\/409932\/revisions\/409937"}],"wp:featuredmedia":[{"embeddable":true,"href":"https:\/\/www.suno.com.br\/noticias\/wp-json\/wp\/v2\/media\/78047"}],"wp:attachment":[{"href":"https:\/\/www.suno.com.br\/noticias\/wp-json\/wp\/v2\/media?parent=409932"}],"wp:term":[{"taxonomy":"category","embeddable":true,"href":"https:\/\/www.suno.com.br\/noticias\/wp-json\/wp\/v2\/categories?post=409932"},{"taxonomy":"post_tag","embeddable":true,"href":"https:\/\/www.suno.com.br\/noticias\/wp-json\/wp\/v2\/tags?post=409932"},{"taxonomy":"suno_strategy","embeddable":true,"href":"https:\/\/www.suno.com.br\/noticias\/wp-json\/wp\/v2\/suno_strategy?post=409932"}],"curies":[{"name":"wp","href":"https:\/\/api.w.org\/{rel}","templated":true}]}}