{"id":40981,"date":"2019-10-14T12:44:47","date_gmt":"2019-10-14T15:44:47","guid":{"rendered":"https:\/\/www.suno.com.br\/noticias\/?p=40981"},"modified":"2019-10-15T12:34:53","modified_gmt":"2019-10-15T15:34:53","slug":"gol-acoes-sobem-mais-de-2-com-possivel-parceria-com-american-airlines","status":"publish","type":"post","link":"https:\/\/www.suno.com.br\/noticias\/gol-acoes-sobem-mais-de-2-com-possivel-parceria-com-american-airlines\/","title":{"rendered":"Gol: a\u00e7\u00f5es sobem mais de 2% com poss\u00edvel parceria com American Airlines"},"content":{"rendered":"<p>A <strong>American Airlines<\/strong> informou que est\u00e1 negociando uma poss\u00edvel parceria com a Gol (GOLL4). As a\u00e7\u00f5es da<strong> companhia a\u00e9rea<\/strong> brasileira est\u00e3o entre as altas desta segunda-feira (14).<\/p>\t<div class=\"wrapper-featured-image\">\n\t\t<figure class=\"spotlightImg\">\n\n\t\t\t<picture>\n\t\t\t\t<source media=\"(max-width: 768px)\" srcset=\"https:\/\/files.sunoresearch.com.br\/n\/uploads\/2019\/03\/1ef17a77-gol-400x200.webp\">\n\t\t\t\t<img loading=\"lazy\" decoding=\"async\" class=\"newsContent__article__imgCapa lazyloadDisabled newsContent__article__imgCapa--noCaption\" src=\"https:\/\/files.sunoresearch.com.br\/n\/uploads\/2019\/03\/1ef17a77-gol-800x450.webp\" width=\"800\" height=\"450\" alt=\"Gol: a\u00e7\u00f5es sobem mais de 2% com poss\u00edvel parceria com American Airlines\" fetchpriority=high \/>\n\t\t\t<\/picture>\n\n\t\t\t<figcaption class=\"wp-caption-text wp-caption-text--hide\">A Gol (GOLL4) aprovou a cria\u00e7\u00e3o de uma holding com a Avianca, e companhia pode ter capital fechado<\/figcaption>\n\t\t<\/figure>\n\t<\/div>\n\n\n\n<p>De acordo com o porta-voz da empresa norte-americana, &#8220;a American Airlines est\u00e1 sempre procurando parceiros em potencial&#8221;.\u00a0 Por volta das 12, as a\u00e7\u00f5es da <strong>Gol<\/strong> registravam varia\u00e7\u00e3o positiva de 2,57% sendo negociadas a R$ 35,54.<\/p>\n<p>Segundo as informa\u00e7\u00f5es do jornal &#8220;Valor Econ\u00f4mico&#8221;, a American Airlines negocia &#8220;integrar voos entre as duas companhias a\u00e9reas na Am\u00e9rica Latina&#8221;.<\/p>\n<p>Na \u00faltima quinta-feira (10), em confer\u00eancia com os investidores, o diretor financeiro da Gol, Richard Lark, havia informado que estava avaliando parceria com a norte-americana.<\/p>\n<p>O comunicado fez refer\u00eancia ao t\u00e9rmino da parceria entre a brasileira com a Delta Airlines em setembro. Lark afirmou que antiga parceira contribu\u00eda apenas US$ 1 milh\u00e3o por m\u00eas das vendas da companhia.<\/p>\n<p>A empresa a\u00e9rea brasileira j\u00e1 havia afirmado, ap\u00f3s a sa\u00edda da Delta Airlines, que sua composi\u00e7\u00e3o acion\u00e1ria n\u00e3o teria impacto financeiro.<\/p>\n<h2>Uni\u00e3o de Delta e Latam afeta Gol<\/h2>\n<p>A compra de 20% da Latam Airlines Group pela americana Delta Airlines por US$ 1,9 bilh\u00e3o, ou US$ 16 por a\u00e7\u00e3o, deve dar m\u00fasculos \u00e0 a\u00e9rea latino-americana e aumentar as vantagens competitivas da companhia em rela\u00e7\u00e3o \u00e0s suas concorrentes.<\/p>\n<p>A proposta, anunciada no dia 26 de setembro, pegou o mundo da avia\u00e7\u00e3o de surpresa. At\u00e9 ent\u00e3o, a Delta era parceira da Gol, de quem detinha 9% do capital.<\/p>\n<p><a href=\"\/\/www.suno.com.br\/noticias\/gol-saida-delta-nao-impacto-financeiro-significativo\/\">Confira Tamb\u00e9m: Gol comunica que sa\u00edda da Delta n\u00e3o trar\u00e1 impacto financeiro significativo<\/a><\/p>\n<p>O objetivo da <a href=\"https:\/\/www.suno.com.br\/noticias\/delta-airlines-compra-latam\/\">Delta Airlines<\/a> \u00e9 modificar o atual posicionamento da Latam,\u00a0aumentando seu caixa ao reduzir a d\u00edvida da companhia, e injetar US$ 350 milh\u00f5es para a compra de novas aeronaves, ajudando a modernizar a frota atual da empresa.<\/p>\n\t<p>\n\t\t<a href=\"https:\/\/lp.suno.com.br\/planilha-controle-gastos\/\" target=\"_blank\" data-element=\"shortcode-suno-banner\" title=\"Banner SUNO, clique e saiba mais\">\n\t\t\t<picture>\n\t\t\t\t<source media=\"(max-width: 500px)\" srcset=\"https:\/\/files.sunoresearch.com.br\/n\/uploads\/2023\/03\/400x300-Planilha-controle-de-gastos.png\">\n\t\t\t\t<img class=\"newsContent__article__imgCapa newsContent__article__imgCapa--banner\"\n\t\t\t\t\tsrc=\"https:\/\/files.sunoresearch.com.br\/n\/uploads\/2023\/03\/1420x240-Planilha-controle-de-gastos.png\"\n\t\t\t\t\tdata-promo-id=\"101751\"\t\t\t\t\t\t\t\t\t\twidth='1420' height='240'\t\t\t\t\talt=\"https:\/\/files.sunoresearch.com.br\/n\/uploads\/2023\/03\/1420x240-Planilha-controle-de-gastos.png\"\n\t\t\t\t>\n\t\t\t<\/picture>\n\t\t<\/a>\n\t<\/p>\n\n\n<p>&#8220;Isso faz com que a Latam ganhe uma relev\u00e2ncia internacional ainda maior, al\u00e9m de um incremento futuro no fluxo de caixa, coisa que nenhuma concorrente tem. Est\u00e3o todas bem endividadas e a Latam, de uma hora pra outra, consegue reduzir isso&#8221;, disse uma fonte com conhecimento do setor.<\/p>\n<p>Al\u00e9m disso, a Delta espera que o acordo com a Latam seja aumentado aos ganhos por a\u00e7\u00e3o at\u00e9 2021, adicionando US$ 1 bilh\u00e3o em crescimento de receita at\u00e9 2024, segundo o CEO da Delta, Ed Bastian.<\/p>\n","protected":false},"excerpt":{"rendered":"<p>A American Airlines informou que est\u00e1 negociando uma poss\u00edvel parceria com a Gol (GOLL4). As a\u00e7\u00f5es da companhia a\u00e9rea brasileira est\u00e3o entre as altas desta segunda-feira (14). A Gol (GOLL4) aprovou a cria\u00e7\u00e3o de uma holding com a Avianca, e companhia pode ter capital fechado De acordo com o porta-voz da empresa norte-americana, &#8220;a American [&hellip;]<\/p>\n","protected":false},"author":15,"featured_media":17745,"comment_status":"closed","ping_status":"closed","sticky":false,"template":"","format":"standard","meta":[],"categories":[64],"tags":[286,489],"suno_strategy":[],"class_list":["post-40981","post","type-post","status-publish","format-standard","has-post-thumbnail","hentry","category-negocios","tag-acoes","tag-gol-linhas-aereas-goll11-goll4"],"yoast_head":"<!-- This site is optimized with the Yoast SEO plugin v24.4 - https:\/\/yoast.com\/wordpress\/plugins\/seo\/ -->\n<title>Gol: a\u00e7\u00f5es sobem ap\u00f3s poss\u00edvel parceria com American Airlines<\/title>\n<meta name=\"description\" content=\"Por volta das 12, as a\u00e7\u00f5es da Gol (GOLL4) registravam varia\u00e7\u00e3o positiva de 2,57% sendo negociadas a R$ 35,54. Clique aqui e saiba mais\" \/>\n<meta name=\"robots\" content=\"index, follow, max-snippet:-1, max-image-preview:large, max-video-preview:-1\" \/>\n<link rel=\"canonical\" href=\"https:\/\/www.suno.com.br\/noticias\/gol-acoes-sobem-mais-de-2-com-possivel-parceria-com-american-airlines\/\" \/>\n<meta property=\"og:locale\" content=\"pt_BR\" \/>\n<meta property=\"og:type\" content=\"article\" \/>\n<meta property=\"og:title\" content=\"Gol: a\u00e7\u00f5es sobem ap\u00f3s poss\u00edvel parceria com American Airlines\" \/>\n<meta property=\"og:description\" content=\"Por volta das 12, as a\u00e7\u00f5es da Gol (GOLL4) registravam varia\u00e7\u00e3o positiva de 2,57% sendo negociadas a R$ 35,54. Clique aqui e saiba mais\" \/>\n<meta property=\"og:url\" content=\"https:\/\/www.suno.com.br\/noticias\/gol-acoes-sobem-mais-de-2-com-possivel-parceria-com-american-airlines\/\" \/>\n<meta property=\"og:site_name\" content=\"Suno Not\u00edcias\" \/>\n<meta property=\"article:publisher\" content=\"https:\/\/facebook.com\/sunoresearch\" \/>\n<meta property=\"og:image\" content=\"https:\/\/files.sunoresearch.com.br\/n\/uploads\/2019\/03\/1ef17a77-gol.jpg\" \/>\n\t<meta property=\"og:image:width\" content=\"1536\" \/>\n\t<meta property=\"og:image:height\" content=\"1024\" \/>\n\t<meta property=\"og:image:type\" content=\"image\/jpeg\" \/>\n<meta name=\"author\" content=\"Poliana Santos\" \/>\n<meta name=\"twitter:card\" content=\"summary_large_image\" \/>\n<meta name=\"twitter:creator\" content=\"@sunoresearch\" \/>\n<meta name=\"twitter:site\" content=\"@sunoresearch\" \/>\n<meta name=\"twitter:label1\" content=\"Escrito por\" \/>\n\t<meta name=\"twitter:data1\" content=\"Poliana Santos\" \/>\n\t<meta name=\"twitter:label2\" content=\"Est. tempo de leitura\" \/>\n\t<meta name=\"twitter:data2\" content=\"2 minutos\" \/>\n<script type=\"application\/ld+json\" class=\"yoast-schema-graph\">{\"@context\":\"https:\/\/schema.org\",\"@graph\":[{\"@type\":\"NewsArticle\",\"@id\":\"https:\/\/www.suno.com.br\/noticias\/gol-acoes-sobem-mais-de-2-com-possivel-parceria-com-american-airlines\/#article\",\"isPartOf\":{\"@id\":\"https:\/\/www.suno.com.br\/noticias\/gol-acoes-sobem-mais-de-2-com-possivel-parceria-com-american-airlines\/\"},\"author\":{\"name\":\"Poliana Santos\",\"@id\":\"https:\/\/www.suno.com.br\/noticias\/#\/schema\/person\/02ec1f752758247878a2bf4abee1aeda\"},\"headline\":\"Gol: a\u00e7\u00f5es sobem mais de 2% com poss\u00edvel parceria com American Airlines\",\"datePublished\":\"2019-10-14T15:44:47+00:00\",\"dateModified\":\"2019-10-15T15:34:53+00:00\",\"mainEntityOfPage\":{\"@id\":\"https:\/\/www.suno.com.br\/noticias\/gol-acoes-sobem-mais-de-2-com-possivel-parceria-com-american-airlines\/\"},\"wordCount\":416,\"publisher\":{\"@id\":\"https:\/\/www.suno.com.br\/noticias\/#organization\"},\"image\":{\"@id\":\"https:\/\/www.suno.com.br\/noticias\/gol-acoes-sobem-mais-de-2-com-possivel-parceria-com-american-airlines\/#primaryimage\"},\"thumbnailUrl\":\"https:\/\/files.sunoresearch.com.br\/n\/uploads\/2019\/03\/1ef17a77-gol-jpg.webp\",\"keywords\":[\"A\u00e7\u00f5es\",\"Gol Linhas A\u00e9reas (GOLL11\/GOLL4)\"],\"articleSection\":[\"Neg\u00f3cios\"],\"inLanguage\":\"pt-BR\"},{\"@type\":\"WebPage\",\"@id\":\"https:\/\/www.suno.com.br\/noticias\/gol-acoes-sobem-mais-de-2-com-possivel-parceria-com-american-airlines\/\",\"url\":\"https:\/\/www.suno.com.br\/noticias\/gol-acoes-sobem-mais-de-2-com-possivel-parceria-com-american-airlines\/\",\"name\":\"Gol: a\u00e7\u00f5es sobem ap\u00f3s poss\u00edvel parceria com American Airlines\",\"isPartOf\":{\"@id\":\"https:\/\/www.suno.com.br\/noticias\/#website\"},\"primaryImageOfPage\":{\"@id\":\"https:\/\/www.suno.com.br\/noticias\/gol-acoes-sobem-mais-de-2-com-possivel-parceria-com-american-airlines\/#primaryimage\"},\"image\":{\"@id\":\"https:\/\/www.suno.com.br\/noticias\/gol-acoes-sobem-mais-de-2-com-possivel-parceria-com-american-airlines\/#primaryimage\"},\"thumbnailUrl\":\"https:\/\/files.sunoresearch.com.br\/n\/uploads\/2019\/03\/1ef17a77-gol-jpg.webp\",\"datePublished\":\"2019-10-14T15:44:47+00:00\",\"dateModified\":\"2019-10-15T15:34:53+00:00\",\"description\":\"Por volta das 12, as a\u00e7\u00f5es da Gol (GOLL4) registravam varia\u00e7\u00e3o positiva de 2,57% sendo negociadas a R$ 35,54. Clique aqui e saiba mais\",\"breadcrumb\":{\"@id\":\"https:\/\/www.suno.com.br\/noticias\/gol-acoes-sobem-mais-de-2-com-possivel-parceria-com-american-airlines\/#breadcrumb\"},\"inLanguage\":\"pt-BR\",\"potentialAction\":[{\"@type\":\"ReadAction\",\"target\":[\"https:\/\/www.suno.com.br\/noticias\/gol-acoes-sobem-mais-de-2-com-possivel-parceria-com-american-airlines\/\"]}]},{\"@type\":\"ImageObject\",\"inLanguage\":\"pt-BR\",\"@id\":\"https:\/\/www.suno.com.br\/noticias\/gol-acoes-sobem-mais-de-2-com-possivel-parceria-com-american-airlines\/#primaryimage\",\"url\":\"https:\/\/files.sunoresearch.com.br\/n\/uploads\/2019\/03\/1ef17a77-gol-jpg.webp\",\"contentUrl\":\"https:\/\/files.sunoresearch.com.br\/n\/uploads\/2019\/03\/1ef17a77-gol-jpg.webp\",\"width\":1536,\"height\":1024,\"caption\":\"A Gol (GOLL4) aprovou a cria\u00e7\u00e3o de uma holding com a Avianca, e companhia pode ter capital fechado\"},{\"@type\":\"BreadcrumbList\",\"@id\":\"https:\/\/www.suno.com.br\/noticias\/gol-acoes-sobem-mais-de-2-com-possivel-parceria-com-american-airlines\/#breadcrumb\",\"itemListElement\":[{\"@type\":\"ListItem\",\"position\":1,\"name\":\"Not\u00edcias\",\"item\":\"https:\/\/www.suno.com.br\/noticias\/\"},{\"@type\":\"ListItem\",\"position\":2,\"name\":\"Neg\u00f3cios\",\"item\":\"https:\/\/www.suno.com.br\/noticias\/negocios\/\"},{\"@type\":\"ListItem\",\"position\":3,\"name\":\"Gol: a\u00e7\u00f5es sobem mais de 2% com poss\u00edvel parceria com American Airlines\"}]},{\"@type\":\"WebSite\",\"@id\":\"https:\/\/www.suno.com.br\/noticias\/#website\",\"url\":\"https:\/\/www.suno.com.br\/noticias\/\",\"name\":\"Suno Not\u00edcias\",\"description\":\"Seu portal de informa\u00e7\u00e3o sobre o mundo dos investimentos\",\"publisher\":{\"@id\":\"https:\/\/www.suno.com.br\/noticias\/#organization\"},\"potentialAction\":[{\"@type\":\"SearchAction\",\"target\":{\"@type\":\"EntryPoint\",\"urlTemplate\":\"https:\/\/www.suno.com.br\/noticias\/?s={search_term_string}\"},\"query-input\":{\"@type\":\"PropertyValueSpecification\",\"valueRequired\":true,\"valueName\":\"search_term_string\"}}],\"inLanguage\":\"pt-BR\"},{\"@type\":\"Organization\",\"@id\":\"https:\/\/www.suno.com.br\/noticias\/#organization\",\"name\":\"Suno Not\u00edcias\",\"url\":\"https:\/\/www.suno.com.br\/noticias\/\",\"logo\":{\"@type\":\"ImageObject\",\"inLanguage\":\"pt-BR\",\"@id\":\"https:\/\/www.suno.com.br\/noticias\/#\/schema\/logo\/image\/\",\"url\":\"https:\/\/files.sunoresearch.com.br\/n\/uploads\/2021\/09\/suno-logo.png\",\"contentUrl\":\"https:\/\/files.sunoresearch.com.br\/n\/uploads\/2021\/09\/suno-logo.png\",\"width\":180,\"height\":180,\"caption\":\"Suno Not\u00edcias\"},\"image\":{\"@id\":\"https:\/\/www.suno.com.br\/noticias\/#\/schema\/logo\/image\/\"},\"sameAs\":[\"https:\/\/facebook.com\/sunoresearch\",\"https:\/\/x.com\/sunoresearch\",\"https:\/\/www.instagram.com\/suno\",\"https:\/\/www.linkedin.com\/company\/suno-research\/\",\"https:\/\/www.youtube.com\/c\/sunoresearch\"]},{\"@type\":\"Person\",\"@id\":\"https:\/\/www.suno.com.br\/noticias\/#\/schema\/person\/02ec1f752758247878a2bf4abee1aeda\",\"name\":\"Poliana Santos\",\"image\":{\"@type\":\"ImageObject\",\"inLanguage\":\"pt-BR\",\"@id\":\"https:\/\/www.suno.com.br\/noticias\/#\/schema\/person\/image\/\",\"url\":\"https:\/\/secure.gravatar.com\/avatar\/0645bd32f23d87b2130f2b2dff1d3f8d?s=96&r=g\",\"contentUrl\":\"https:\/\/secure.gravatar.com\/avatar\/0645bd32f23d87b2130f2b2dff1d3f8d?s=96&r=g\",\"caption\":\"Poliana Santos\"},\"description\":\"Rep\u00f3rter no Suno Not\u00edcias, com cobertura em mercado financeiro, economia, finan\u00e7as pessoais, renda fixa e varejo. Jornalista formada pela Faculdade C\u00e1sper L\u00edbero e possui passagem na R\u00e1dio Gazeta AM com a produ\u00e7\u00e3o de conte\u00fado sobre economia, pol\u00edtica, sa\u00fade, moda e m\u00fasica. Possui certificado de conclus\u00e3o do curso de An\u00e1lise de Balan\u00e7os pela Funda\u00e7\u00e3o Bradesco, Agenda Brasil pela FAAP, Educa\u00e7\u00e3o Pol\u00edtica por Alexandre Garcia e do Tesouro Direto e Mercado de A\u00e7\u00f5es pela B3.\",\"url\":\"https:\/\/www.suno.com.br\/noticias\/author\/poliana-santos\/\"}]}<\/script>\n<!-- \/ Yoast SEO plugin. -->","yoast_head_json":{"title":"Gol: a\u00e7\u00f5es sobem ap\u00f3s poss\u00edvel parceria com American Airlines","description":"Por volta das 12, as a\u00e7\u00f5es da Gol (GOLL4) registravam varia\u00e7\u00e3o positiva de 2,57% sendo negociadas a R$ 35,54. Clique aqui e saiba mais","robots":{"index":"index","follow":"follow","max-snippet":"max-snippet:-1","max-image-preview":"max-image-preview:large","max-video-preview":"max-video-preview:-1"},"canonical":"https:\/\/www.suno.com.br\/noticias\/gol-acoes-sobem-mais-de-2-com-possivel-parceria-com-american-airlines\/","og_locale":"pt_BR","og_type":"article","og_title":"Gol: a\u00e7\u00f5es sobem ap\u00f3s poss\u00edvel parceria com American Airlines","og_description":"Por volta das 12, as a\u00e7\u00f5es da Gol (GOLL4) registravam varia\u00e7\u00e3o positiva de 2,57% sendo negociadas a R$ 35,54. Clique aqui e saiba mais","og_url":"https:\/\/www.suno.com.br\/noticias\/gol-acoes-sobem-mais-de-2-com-possivel-parceria-com-american-airlines\/","og_site_name":"Suno Not\u00edcias","article_publisher":"https:\/\/facebook.com\/sunoresearch","og_image":[{"width":1536,"height":1024,"url":"https:\/\/files.sunoresearch.com.br\/n\/uploads\/2019\/03\/1ef17a77-gol.jpg","type":"image\/jpeg"}],"author":"Poliana Santos","twitter_card":"summary_large_image","twitter_creator":"@sunoresearch","twitter_site":"@sunoresearch","twitter_misc":{"Escrito por":"Poliana Santos","Est. tempo de leitura":"2 minutos"},"schema":{"@context":"https:\/\/schema.org","@graph":[{"@type":"NewsArticle","@id":"https:\/\/www.suno.com.br\/noticias\/gol-acoes-sobem-mais-de-2-com-possivel-parceria-com-american-airlines\/#article","isPartOf":{"@id":"https:\/\/www.suno.com.br\/noticias\/gol-acoes-sobem-mais-de-2-com-possivel-parceria-com-american-airlines\/"},"author":{"name":"Poliana Santos","@id":"https:\/\/www.suno.com.br\/noticias\/#\/schema\/person\/02ec1f752758247878a2bf4abee1aeda"},"headline":"Gol: a\u00e7\u00f5es sobem mais de 2% com poss\u00edvel parceria com American Airlines","datePublished":"2019-10-14T15:44:47+00:00","dateModified":"2019-10-15T15:34:53+00:00","mainEntityOfPage":{"@id":"https:\/\/www.suno.com.br\/noticias\/gol-acoes-sobem-mais-de-2-com-possivel-parceria-com-american-airlines\/"},"wordCount":416,"publisher":{"@id":"https:\/\/www.suno.com.br\/noticias\/#organization"},"image":{"@id":"https:\/\/www.suno.com.br\/noticias\/gol-acoes-sobem-mais-de-2-com-possivel-parceria-com-american-airlines\/#primaryimage"},"thumbnailUrl":"https:\/\/files.sunoresearch.com.br\/n\/uploads\/2019\/03\/1ef17a77-gol-jpg.webp","keywords":["A\u00e7\u00f5es","Gol Linhas A\u00e9reas (GOLL11\/GOLL4)"],"articleSection":["Neg\u00f3cios"],"inLanguage":"pt-BR"},{"@type":"WebPage","@id":"https:\/\/www.suno.com.br\/noticias\/gol-acoes-sobem-mais-de-2-com-possivel-parceria-com-american-airlines\/","url":"https:\/\/www.suno.com.br\/noticias\/gol-acoes-sobem-mais-de-2-com-possivel-parceria-com-american-airlines\/","name":"Gol: a\u00e7\u00f5es sobem ap\u00f3s poss\u00edvel parceria com American Airlines","isPartOf":{"@id":"https:\/\/www.suno.com.br\/noticias\/#website"},"primaryImageOfPage":{"@id":"https:\/\/www.suno.com.br\/noticias\/gol-acoes-sobem-mais-de-2-com-possivel-parceria-com-american-airlines\/#primaryimage"},"image":{"@id":"https:\/\/www.suno.com.br\/noticias\/gol-acoes-sobem-mais-de-2-com-possivel-parceria-com-american-airlines\/#primaryimage"},"thumbnailUrl":"https:\/\/files.sunoresearch.com.br\/n\/uploads\/2019\/03\/1ef17a77-gol-jpg.webp","datePublished":"2019-10-14T15:44:47+00:00","dateModified":"2019-10-15T15:34:53+00:00","description":"Por volta das 12, as a\u00e7\u00f5es da Gol (GOLL4) registravam varia\u00e7\u00e3o positiva de 2,57% sendo negociadas a R$ 35,54. Clique aqui e saiba mais","breadcrumb":{"@id":"https:\/\/www.suno.com.br\/noticias\/gol-acoes-sobem-mais-de-2-com-possivel-parceria-com-american-airlines\/#breadcrumb"},"inLanguage":"pt-BR","potentialAction":[{"@type":"ReadAction","target":["https:\/\/www.suno.com.br\/noticias\/gol-acoes-sobem-mais-de-2-com-possivel-parceria-com-american-airlines\/"]}]},{"@type":"ImageObject","inLanguage":"pt-BR","@id":"https:\/\/www.suno.com.br\/noticias\/gol-acoes-sobem-mais-de-2-com-possivel-parceria-com-american-airlines\/#primaryimage","url":"https:\/\/files.sunoresearch.com.br\/n\/uploads\/2019\/03\/1ef17a77-gol-jpg.webp","contentUrl":"https:\/\/files.sunoresearch.com.br\/n\/uploads\/2019\/03\/1ef17a77-gol-jpg.webp","width":1536,"height":1024,"caption":"A Gol (GOLL4) aprovou a cria\u00e7\u00e3o de uma holding com a Avianca, e companhia pode ter capital fechado"},{"@type":"BreadcrumbList","@id":"https:\/\/www.suno.com.br\/noticias\/gol-acoes-sobem-mais-de-2-com-possivel-parceria-com-american-airlines\/#breadcrumb","itemListElement":[{"@type":"ListItem","position":1,"name":"Not\u00edcias","item":"https:\/\/www.suno.com.br\/noticias\/"},{"@type":"ListItem","position":2,"name":"Neg\u00f3cios","item":"https:\/\/www.suno.com.br\/noticias\/negocios\/"},{"@type":"ListItem","position":3,"name":"Gol: a\u00e7\u00f5es sobem mais de 2% com poss\u00edvel parceria com American Airlines"}]},{"@type":"WebSite","@id":"https:\/\/www.suno.com.br\/noticias\/#website","url":"https:\/\/www.suno.com.br\/noticias\/","name":"Suno Not\u00edcias","description":"Seu portal de informa\u00e7\u00e3o sobre o mundo dos investimentos","publisher":{"@id":"https:\/\/www.suno.com.br\/noticias\/#organization"},"potentialAction":[{"@type":"SearchAction","target":{"@type":"EntryPoint","urlTemplate":"https:\/\/www.suno.com.br\/noticias\/?s={search_term_string}"},"query-input":{"@type":"PropertyValueSpecification","valueRequired":true,"valueName":"search_term_string"}}],"inLanguage":"pt-BR"},{"@type":"Organization","@id":"https:\/\/www.suno.com.br\/noticias\/#organization","name":"Suno Not\u00edcias","url":"https:\/\/www.suno.com.br\/noticias\/","logo":{"@type":"ImageObject","inLanguage":"pt-BR","@id":"https:\/\/www.suno.com.br\/noticias\/#\/schema\/logo\/image\/","url":"https:\/\/files.sunoresearch.com.br\/n\/uploads\/2021\/09\/suno-logo.png","contentUrl":"https:\/\/files.sunoresearch.com.br\/n\/uploads\/2021\/09\/suno-logo.png","width":180,"height":180,"caption":"Suno Not\u00edcias"},"image":{"@id":"https:\/\/www.suno.com.br\/noticias\/#\/schema\/logo\/image\/"},"sameAs":["https:\/\/facebook.com\/sunoresearch","https:\/\/x.com\/sunoresearch","https:\/\/www.instagram.com\/suno","https:\/\/www.linkedin.com\/company\/suno-research\/","https:\/\/www.youtube.com\/c\/sunoresearch"]},{"@type":"Person","@id":"https:\/\/www.suno.com.br\/noticias\/#\/schema\/person\/02ec1f752758247878a2bf4abee1aeda","name":"Poliana Santos","image":{"@type":"ImageObject","inLanguage":"pt-BR","@id":"https:\/\/www.suno.com.br\/noticias\/#\/schema\/person\/image\/","url":"https:\/\/secure.gravatar.com\/avatar\/0645bd32f23d87b2130f2b2dff1d3f8d?s=96&r=g","contentUrl":"https:\/\/secure.gravatar.com\/avatar\/0645bd32f23d87b2130f2b2dff1d3f8d?s=96&r=g","caption":"Poliana Santos"},"description":"Rep\u00f3rter no Suno Not\u00edcias, com cobertura em mercado financeiro, economia, finan\u00e7as pessoais, renda fixa e varejo. Jornalista formada pela Faculdade C\u00e1sper L\u00edbero e possui passagem na R\u00e1dio Gazeta AM com a produ\u00e7\u00e3o de conte\u00fado sobre economia, pol\u00edtica, sa\u00fade, moda e m\u00fasica. Possui certificado de conclus\u00e3o do curso de An\u00e1lise de Balan\u00e7os pela Funda\u00e7\u00e3o Bradesco, Agenda Brasil pela FAAP, Educa\u00e7\u00e3o Pol\u00edtica por Alexandre Garcia e do Tesouro Direto e Mercado de A\u00e7\u00f5es pela B3.","url":"https:\/\/www.suno.com.br\/noticias\/author\/poliana-santos\/"}]}},"default_loop_html":"<div class=\"cardsPage__listCard__boxs\"><div class=\"cardsPage__listCard__boxs__img\"><a href=\"https:\/\/www.suno.com.br\/noticias\/gol-acoes-sobem-mais-de-2-com-possivel-parceria-com-american-airlines\/\"><img class=\"mask\" src=\"https:\/\/www.suno.com.br\/noticias\/wp-content\/themes\/suno\/resources\/images\/spotlight\/spotlight1img\/bg-mask.png\" alt=\"Image Mask\"\/><img src=\"https:\/\/files.sunoresearch.com.br\/n\/uploads\/2019\/03\/1ef17a77-gol-400x200.webp\" alt=\"Gol: a\u00e7\u00f5es sobem mais de 2% com poss\u00edvel parceria com American Airlines\"\/><\/a><span class=\"spotlightCategory\"><a href=\"https:\/\/www.suno.com.br\/noticias\/negocios\/\">Neg\u00f3cios<\/a><\/span><\/div><div class=\"cardsPage__listCard__boxs__content\"><a href=\"https:\/\/www.suno.com.br\/noticias\/gol-acoes-sobem-mais-de-2-com-possivel-parceria-com-american-airlines\/\"><h2 class=\"content__title\">Gol: a\u00e7\u00f5es sobem mais de 2% com poss\u00edvel parceria com American Airlines<\/h2><\/a><div class=\"newsContent__article__meta\"><div class=\"newsContent__article__meta__authorBox\"><a href=\"https:\/\/www.suno.com.br\/noticias\/author\/poliana-santos\/\" class=\"authorBox__avatar noMobi\"><img src=\"https:\/\/files.sunoresearch.com.br\/n\/uploads\/2020\/08\/7ef34026-whatsapp-image-2020-08-03-at-12.37.57-150x150.webp\" alt=\"Poliana Santos\"><\/a><div class=\"authorBox__name\"><span>por\n\t\t\t<a href=\"https:\/\/www.suno.com.br\/noticias\/author\/poliana-santos\/\"><span itemprop=\"author\">Poliana Santos<\/span><\/a><\/span><time datetime=\"2019-10-14T12:44:47-03:00\" itemprop=\"datePublished\">14\/10\/2019 12:44<\/time><\/div><\/div><\/div><\/div><\/div>","single_layout":"posts","amp_enabled":true,"_links":{"self":[{"href":"https:\/\/www.suno.com.br\/noticias\/wp-json\/wp\/v2\/posts\/40981"}],"collection":[{"href":"https:\/\/www.suno.com.br\/noticias\/wp-json\/wp\/v2\/posts"}],"about":[{"href":"https:\/\/www.suno.com.br\/noticias\/wp-json\/wp\/v2\/types\/post"}],"author":[{"embeddable":true,"href":"https:\/\/www.suno.com.br\/noticias\/wp-json\/wp\/v2\/users\/15"}],"replies":[{"embeddable":true,"href":"https:\/\/www.suno.com.br\/noticias\/wp-json\/wp\/v2\/comments?post=40981"}],"version-history":[{"count":0,"href":"https:\/\/www.suno.com.br\/noticias\/wp-json\/wp\/v2\/posts\/40981\/revisions"}],"wp:featuredmedia":[{"embeddable":true,"href":"https:\/\/www.suno.com.br\/noticias\/wp-json\/wp\/v2\/media\/17745"}],"wp:attachment":[{"href":"https:\/\/www.suno.com.br\/noticias\/wp-json\/wp\/v2\/media?parent=40981"}],"wp:term":[{"taxonomy":"category","embeddable":true,"href":"https:\/\/www.suno.com.br\/noticias\/wp-json\/wp\/v2\/categories?post=40981"},{"taxonomy":"post_tag","embeddable":true,"href":"https:\/\/www.suno.com.br\/noticias\/wp-json\/wp\/v2\/tags?post=40981"},{"taxonomy":"suno_strategy","embeddable":true,"href":"https:\/\/www.suno.com.br\/noticias\/wp-json\/wp\/v2\/suno_strategy?post=40981"}],"curies":[{"name":"wp","href":"https:\/\/api.w.org\/{rel}","templated":true}]}}