{"id":40980,"date":"2019-10-14T12:35:28","date_gmt":"2019-10-14T15:35:28","guid":{"rendered":"https:\/\/www.suno.com.br\/noticias\/?p=40980"},"modified":"2019-10-15T13:05:23","modified_gmt":"2019-10-15T16:05:23","slug":"ministerio-da-economia-da-alemanha-diz-que-recessao-e-improvavel","status":"publish","type":"post","link":"https:\/\/www.suno.com.br\/noticias\/ministerio-da-economia-da-alemanha-diz-que-recessao-e-improvavel\/","title":{"rendered":"Minist\u00e9rio da Economia da Alemanha diz que recess\u00e3o \u00e9 improv\u00e1vel"},"content":{"rendered":"<p>O Minist\u00e9rio da Economia da Alemanha, nesta segunda-feira (14), afirmou que \u00e9 improv\u00e1vel que a economia do pa\u00eds entre em uma <a href=\"https:\/\/www.suno.com.br\/artigos\/recessao-economica\/\"><strong>recess\u00e3o<\/strong><\/a> prolongada, apesar do crescimento fraco.<\/p>\t<div class=\"wrapper-featured-image\">\n\t\t<figure class=\"spotlightImg\">\n\n\t\t\t<picture>\n\t\t\t\t<source media=\"(max-width: 768px)\" srcset=\"https:\/\/files.sunoresearch.com.br\/n\/uploads\/2019\/08\/d85c676c-alemanha-400x200.webp\">\n\t\t\t\t<img loading=\"lazy\" decoding=\"async\" class=\"newsContent__article__imgCapa lazyloadDisabled newsContent__article__imgCapa--noCaption\" src=\"https:\/\/files.sunoresearch.com.br\/n\/uploads\/2019\/08\/d85c676c-alemanha-800x450.webp\" width=\"800\" height=\"450\" alt=\"Minist\u00e9rio da Economia da Alemanha diz que recess\u00e3o \u00e9 improv\u00e1vel\" fetchpriority=high \/>\n\t\t\t<\/picture>\n\n\t\t\t<figcaption class=\"wp-caption-text wp-caption-text--hide\">Alemanha<\/figcaption>\n\t\t<\/figure>\n\t<\/div>\n\n\n\n<p>A economia da <strong>Alemanha<\/strong> dever\u00e1 apresentar uma leve queda no terceiro trimestre deste ano, da mesma forma que no intervalo de abril a junho. O resultado \u00e9 reflexo do enfraquecimento das exporta\u00e7\u00f5es devido \u00e0s incertezas ligadas ao <strong>Brexit<\/strong>, al\u00e9m de entraves comerciais.<\/p>\n<p><a href=\"https:\/\/www.suno.com.br\/noticias\/brexit-ue-e-reino-unido-intensificarao-negociacoes\/\">Veja tamb\u00e9m: Brexit: UE informa que intensificar\u00e1 negocia\u00e7\u00f5es com Reino Unido<\/a><\/p>\n<p>A recess\u00e3o t\u00e9cnica, que \u00e9 esperada na pr\u00f3xima divulga\u00e7\u00e3o de resultados macroecon\u00f4micos, ocorrer\u00e1 ap\u00f3s nove anos consecutivos de crescimento, devido ao aumento exponencial das exporta\u00e7\u00f5es, sobretudo em dire\u00e7\u00e3o \u00e0 China.<\/p>\n<p>Al\u00e9m disso, o consumo impulsionado pelas baixas taxas de juros na <a href=\"https:\/\/www.suno.com.br\/artigos\/zona-do-euro\/\"><strong>zona do euro<\/strong><\/a> tamb\u00e9m colaboraram para o sucesso da maior economia do Velho Continente.<\/p>\n<p><a href=\"https:\/\/www.suno.com.br\/noticias\/trump-reforca-apoio-a-entrada-do-brasil-ocde\/\">Saiba mais: Trump refor\u00e7a apoio ao processo de entrada do Brasil na OCDE<\/a><\/p>\n<p>\u201cA ind\u00fastria alem\u00e3, orientada para a exporta\u00e7\u00e3o, est\u00e1 enfrentando um com\u00e9rcio global fraco, a estagna\u00e7\u00e3o da produ\u00e7\u00e3o global e a menor a demanda por carros\u201d, informou o minist\u00e9rio.<\/p>\n<h2>Alemanha teme que a retra\u00e7\u00e3o se espalhe<\/h2>\n<p>O minist\u00e9rio expressou sua preocupa\u00e7\u00e3o de que a desacelera\u00e7\u00e3o do setor manufatureiro possa aumentar e perpetuar-se para outros setores da economia.<\/p>\n\t<p>\n\t\t<a href=\"https:\/\/lp.suno.com.br\/ao\/sessao-estrategica-consultoria-c\/?utm_source=suno-noticias&#038;utm_medium=banner&#038;utm_campaign=_SNC36CE4E9F_&#038;utm_content=fundos-imobiliarios-ou-imoveis-onde-investir-500-mil-go\" target=\"_blank\" data-element=\"shortcode-suno-banner\" title=\"Banner SUNO, clique e saiba mais\">\n\t\t\t<picture>\n\t\t\t\t<source media=\"(max-width: 500px)\" srcset=\"https:\/\/files.sunoresearch.com.br\/n\/uploads\/2025\/09\/300x400.webp\">\n\t\t\t\t<img class=\"newsContent__article__imgCapa newsContent__article__imgCapa--banner\"\n\t\t\t\t\tsrc=\"https:\/\/files.sunoresearch.com.br\/n\/uploads\/2025\/09\/SN-DT-1420x240-1.webp\"\n\t\t\t\t\tdata-promo-id=\"635171\"\t\t\t\t\t\t\t\t\t\twidth='1420' height='240'\t\t\t\t\talt=\"https:\/\/files.sunoresearch.com.br\/n\/uploads\/2025\/09\/SN-DT-1420x240-1.webp\"\n\t\t\t\t>\n\t\t\t<\/picture>\n\t\t<\/a>\n\t<\/p>\n\n\n<p>\u201cA economia alem\u00e3 permanece em estagna\u00e7\u00e3o. A atividade econ\u00f4mica est\u00e1 paralisada no n\u00edvel existente\u201d, disse o governo alem\u00e3o.<\/p>\n<p>O minist\u00e9rio declarou que o aumento nos servi\u00e7os e na constru\u00e7\u00e3o compensava uma recess\u00e3o no setor manufatureiro. Os principais institutos econ\u00f4micos alem\u00e3es reduziram suas proje\u00e7\u00f5es para o crescimento do pa\u00eds europeu, prevendo uma expans\u00e3o de 0,5% este ano e 1,1% em 2020.<\/p>\n<p><a href=\"https:\/\/www.suno.com.br\/noticias\/china-eua-acordo-guerra-comercial-mais-negociacoes\/\">Confira: China quer mais negocia\u00e7\u00f5es antes de assinar acordo comercial<\/a><\/p>\n<div class=\"single__text\">\n<p>O governo da <strong>Alemanha<\/strong> publicar\u00e1 suas previs\u00f5es de crescimento nesta semana. Em abril, na \u00faltima divulga\u00e7\u00e3o oficial, era estimado um crescimento de 0,5% para 2019 e 1,5% para ano que vem.<\/p>\n<\/div>\n","protected":false},"excerpt":{"rendered":"<p>O Minist\u00e9rio da Economia da Alemanha, nesta segunda-feira (14), afirmou que \u00e9 improv\u00e1vel que a economia do pa\u00eds entre em uma recess\u00e3o prolongada, apesar do crescimento fraco. Alemanha A economia da Alemanha dever\u00e1 apresentar uma leve queda no terceiro trimestre deste ano, da mesma forma que no intervalo de abril a junho. O resultado \u00e9 [&hellip;]<\/p>\n","protected":false},"author":24,"featured_media":34048,"comment_status":"closed","ping_status":"closed","sticky":false,"template":"","format":"standard","meta":[],"categories":[63],"tags":[856,1881],"suno_strategy":[],"class_list":["post-40980","post","type-post","status-publish","format-standard","has-post-thumbnail","hentry","category-internacional","tag-alemanha","tag-recessao"],"yoast_head":"<!-- This site is optimized with the Yoast SEO plugin v24.4 - https:\/\/yoast.com\/wordpress\/plugins\/seo\/ -->\n<title>Minist\u00e9rio da Economia da Alemanha diz que recess\u00e3o \u00e9 improv\u00e1vel<\/title>\n<meta name=\"description\" content=\"O Minist\u00e9rio da Economia da Alemanha afirmou que \u00e9 improv\u00e1vel que a economia do pa\u00eds entre em uma recess\u00e3o prolongada. Saiba mais.\" \/>\n<meta name=\"robots\" content=\"index, follow, max-snippet:-1, max-image-preview:large, max-video-preview:-1\" \/>\n<link rel=\"canonical\" href=\"https:\/\/www.suno.com.br\/noticias\/ministerio-da-economia-da-alemanha-diz-que-recessao-e-improvavel\/\" \/>\n<meta property=\"og:locale\" content=\"pt_BR\" \/>\n<meta property=\"og:type\" content=\"article\" \/>\n<meta property=\"og:title\" content=\"Minist\u00e9rio da Economia da Alemanha diz que recess\u00e3o \u00e9 improv\u00e1vel\" \/>\n<meta property=\"og:description\" content=\"O Minist\u00e9rio da Economia da Alemanha afirmou que \u00e9 improv\u00e1vel que a economia do pa\u00eds entre em uma recess\u00e3o prolongada. Saiba mais.\" \/>\n<meta property=\"og:url\" content=\"https:\/\/www.suno.com.br\/noticias\/ministerio-da-economia-da-alemanha-diz-que-recessao-e-improvavel\/\" \/>\n<meta property=\"og:site_name\" content=\"Suno Not\u00edcias\" \/>\n<meta property=\"article:publisher\" content=\"https:\/\/facebook.com\/sunoresearch\" \/>\n<meta property=\"og:image\" content=\"https:\/\/files.sunoresearch.com.br\/n\/uploads\/2019\/08\/d85c676c-alemanha.jpg\" \/>\n\t<meta property=\"og:image:width\" content=\"960\" \/>\n\t<meta property=\"og:image:height\" content=\"642\" \/>\n\t<meta property=\"og:image:type\" content=\"image\/jpeg\" \/>\n<meta name=\"author\" content=\"Jader Lazarini\" \/>\n<meta name=\"twitter:card\" content=\"summary_large_image\" \/>\n<meta name=\"twitter:creator\" content=\"@sunoresearch\" \/>\n<meta name=\"twitter:site\" content=\"@sunoresearch\" \/>\n<meta name=\"twitter:label1\" content=\"Escrito por\" \/>\n\t<meta name=\"twitter:data1\" content=\"Jader Lazarini\" \/>\n\t<meta name=\"twitter:label2\" content=\"Est. tempo de leitura\" \/>\n\t<meta name=\"twitter:data2\" content=\"2 minutos\" \/>\n<script type=\"application\/ld+json\" class=\"yoast-schema-graph\">{\"@context\":\"https:\/\/schema.org\",\"@graph\":[{\"@type\":\"NewsArticle\",\"@id\":\"https:\/\/www.suno.com.br\/noticias\/ministerio-da-economia-da-alemanha-diz-que-recessao-e-improvavel\/#article\",\"isPartOf\":{\"@id\":\"https:\/\/www.suno.com.br\/noticias\/ministerio-da-economia-da-alemanha-diz-que-recessao-e-improvavel\/\"},\"author\":{\"name\":\"Jader Lazarini\",\"@id\":\"https:\/\/www.suno.com.br\/noticias\/#\/schema\/person\/918d79de1f0281f01599b93f9ea6e23f\"},\"headline\":\"Minist\u00e9rio da Economia da Alemanha diz que recess\u00e3o \u00e9 improv\u00e1vel\",\"datePublished\":\"2019-10-14T15:35:28+00:00\",\"dateModified\":\"2019-10-15T16:05:23+00:00\",\"mainEntityOfPage\":{\"@id\":\"https:\/\/www.suno.com.br\/noticias\/ministerio-da-economia-da-alemanha-diz-que-recessao-e-improvavel\/\"},\"wordCount\":356,\"publisher\":{\"@id\":\"https:\/\/www.suno.com.br\/noticias\/#organization\"},\"image\":{\"@id\":\"https:\/\/www.suno.com.br\/noticias\/ministerio-da-economia-da-alemanha-diz-que-recessao-e-improvavel\/#primaryimage\"},\"thumbnailUrl\":\"https:\/\/files.sunoresearch.com.br\/n\/uploads\/2019\/08\/d85c676c-alemanha-jpg.webp\",\"keywords\":[\"Alemanha\",\"recess\u00e3o\"],\"articleSection\":[\"Internacional\"],\"inLanguage\":\"pt-BR\"},{\"@type\":\"WebPage\",\"@id\":\"https:\/\/www.suno.com.br\/noticias\/ministerio-da-economia-da-alemanha-diz-que-recessao-e-improvavel\/\",\"url\":\"https:\/\/www.suno.com.br\/noticias\/ministerio-da-economia-da-alemanha-diz-que-recessao-e-improvavel\/\",\"name\":\"Minist\u00e9rio da Economia da Alemanha diz que recess\u00e3o \u00e9 improv\u00e1vel\",\"isPartOf\":{\"@id\":\"https:\/\/www.suno.com.br\/noticias\/#website\"},\"primaryImageOfPage\":{\"@id\":\"https:\/\/www.suno.com.br\/noticias\/ministerio-da-economia-da-alemanha-diz-que-recessao-e-improvavel\/#primaryimage\"},\"image\":{\"@id\":\"https:\/\/www.suno.com.br\/noticias\/ministerio-da-economia-da-alemanha-diz-que-recessao-e-improvavel\/#primaryimage\"},\"thumbnailUrl\":\"https:\/\/files.sunoresearch.com.br\/n\/uploads\/2019\/08\/d85c676c-alemanha-jpg.webp\",\"datePublished\":\"2019-10-14T15:35:28+00:00\",\"dateModified\":\"2019-10-15T16:05:23+00:00\",\"description\":\"O Minist\u00e9rio da Economia da Alemanha afirmou que \u00e9 improv\u00e1vel que a economia do pa\u00eds entre em uma recess\u00e3o prolongada. Saiba mais.\",\"breadcrumb\":{\"@id\":\"https:\/\/www.suno.com.br\/noticias\/ministerio-da-economia-da-alemanha-diz-que-recessao-e-improvavel\/#breadcrumb\"},\"inLanguage\":\"pt-BR\",\"potentialAction\":[{\"@type\":\"ReadAction\",\"target\":[\"https:\/\/www.suno.com.br\/noticias\/ministerio-da-economia-da-alemanha-diz-que-recessao-e-improvavel\/\"]}]},{\"@type\":\"ImageObject\",\"inLanguage\":\"pt-BR\",\"@id\":\"https:\/\/www.suno.com.br\/noticias\/ministerio-da-economia-da-alemanha-diz-que-recessao-e-improvavel\/#primaryimage\",\"url\":\"https:\/\/files.sunoresearch.com.br\/n\/uploads\/2019\/08\/d85c676c-alemanha-jpg.webp\",\"contentUrl\":\"https:\/\/files.sunoresearch.com.br\/n\/uploads\/2019\/08\/d85c676c-alemanha-jpg.webp\",\"width\":960,\"height\":642,\"caption\":\"Alemanha\"},{\"@type\":\"BreadcrumbList\",\"@id\":\"https:\/\/www.suno.com.br\/noticias\/ministerio-da-economia-da-alemanha-diz-que-recessao-e-improvavel\/#breadcrumb\",\"itemListElement\":[{\"@type\":\"ListItem\",\"position\":1,\"name\":\"Not\u00edcias\",\"item\":\"https:\/\/www.suno.com.br\/noticias\/\"},{\"@type\":\"ListItem\",\"position\":2,\"name\":\"Internacional\",\"item\":\"https:\/\/www.suno.com.br\/noticias\/internacional\/\"},{\"@type\":\"ListItem\",\"position\":3,\"name\":\"Minist\u00e9rio da Economia da Alemanha diz que recess\u00e3o \u00e9 improv\u00e1vel\"}]},{\"@type\":\"WebSite\",\"@id\":\"https:\/\/www.suno.com.br\/noticias\/#website\",\"url\":\"https:\/\/www.suno.com.br\/noticias\/\",\"name\":\"Suno Not\u00edcias\",\"description\":\"Seu portal de informa\u00e7\u00e3o sobre o mundo dos investimentos\",\"publisher\":{\"@id\":\"https:\/\/www.suno.com.br\/noticias\/#organization\"},\"potentialAction\":[{\"@type\":\"SearchAction\",\"target\":{\"@type\":\"EntryPoint\",\"urlTemplate\":\"https:\/\/www.suno.com.br\/noticias\/?s={search_term_string}\"},\"query-input\":{\"@type\":\"PropertyValueSpecification\",\"valueRequired\":true,\"valueName\":\"search_term_string\"}}],\"inLanguage\":\"pt-BR\"},{\"@type\":\"Organization\",\"@id\":\"https:\/\/www.suno.com.br\/noticias\/#organization\",\"name\":\"Suno Not\u00edcias\",\"url\":\"https:\/\/www.suno.com.br\/noticias\/\",\"logo\":{\"@type\":\"ImageObject\",\"inLanguage\":\"pt-BR\",\"@id\":\"https:\/\/www.suno.com.br\/noticias\/#\/schema\/logo\/image\/\",\"url\":\"https:\/\/files.sunoresearch.com.br\/n\/uploads\/2021\/09\/suno-logo.png\",\"contentUrl\":\"https:\/\/files.sunoresearch.com.br\/n\/uploads\/2021\/09\/suno-logo.png\",\"width\":180,\"height\":180,\"caption\":\"Suno Not\u00edcias\"},\"image\":{\"@id\":\"https:\/\/www.suno.com.br\/noticias\/#\/schema\/logo\/image\/\"},\"sameAs\":[\"https:\/\/facebook.com\/sunoresearch\",\"https:\/\/x.com\/sunoresearch\",\"https:\/\/www.instagram.com\/suno\",\"https:\/\/www.linkedin.com\/company\/suno-research\/\",\"https:\/\/www.youtube.com\/c\/sunoresearch\"]},{\"@type\":\"Person\",\"@id\":\"https:\/\/www.suno.com.br\/noticias\/#\/schema\/person\/918d79de1f0281f01599b93f9ea6e23f\",\"name\":\"Jader Lazarini\",\"image\":{\"@type\":\"ImageObject\",\"inLanguage\":\"pt-BR\",\"@id\":\"https:\/\/www.suno.com.br\/noticias\/#\/schema\/person\/image\/\",\"url\":\"https:\/\/secure.gravatar.com\/avatar\/3c1ad8caa51589841baeb923fcddea97?s=96&r=g\",\"contentUrl\":\"https:\/\/secure.gravatar.com\/avatar\/3c1ad8caa51589841baeb923fcddea97?s=96&r=g\",\"caption\":\"Jader Lazarini\"},\"description\":\"Jader Lazarini escreve sobre investimentos, finan\u00e7as, economia e neg\u00f3cios. \u00c9 bacharel em Rela\u00e7\u00f5es Internacionais e analista CNPI (2619).\",\"url\":\"https:\/\/www.suno.com.br\/noticias\/author\/jader-lazarini\/\"}]}<\/script>\n<!-- \/ Yoast SEO plugin. -->","yoast_head_json":{"title":"Minist\u00e9rio da Economia da Alemanha diz que recess\u00e3o \u00e9 improv\u00e1vel","description":"O Minist\u00e9rio da Economia da Alemanha afirmou que \u00e9 improv\u00e1vel que a economia do pa\u00eds entre em uma recess\u00e3o prolongada. Saiba mais.","robots":{"index":"index","follow":"follow","max-snippet":"max-snippet:-1","max-image-preview":"max-image-preview:large","max-video-preview":"max-video-preview:-1"},"canonical":"https:\/\/www.suno.com.br\/noticias\/ministerio-da-economia-da-alemanha-diz-que-recessao-e-improvavel\/","og_locale":"pt_BR","og_type":"article","og_title":"Minist\u00e9rio da Economia da Alemanha diz que recess\u00e3o \u00e9 improv\u00e1vel","og_description":"O Minist\u00e9rio da Economia da Alemanha afirmou que \u00e9 improv\u00e1vel que a economia do pa\u00eds entre em uma recess\u00e3o prolongada. Saiba mais.","og_url":"https:\/\/www.suno.com.br\/noticias\/ministerio-da-economia-da-alemanha-diz-que-recessao-e-improvavel\/","og_site_name":"Suno Not\u00edcias","article_publisher":"https:\/\/facebook.com\/sunoresearch","og_image":[{"width":960,"height":642,"url":"https:\/\/files.sunoresearch.com.br\/n\/uploads\/2019\/08\/d85c676c-alemanha.jpg","type":"image\/jpeg"}],"author":"Jader Lazarini","twitter_card":"summary_large_image","twitter_creator":"@sunoresearch","twitter_site":"@sunoresearch","twitter_misc":{"Escrito por":"Jader Lazarini","Est. tempo de leitura":"2 minutos"},"schema":{"@context":"https:\/\/schema.org","@graph":[{"@type":"NewsArticle","@id":"https:\/\/www.suno.com.br\/noticias\/ministerio-da-economia-da-alemanha-diz-que-recessao-e-improvavel\/#article","isPartOf":{"@id":"https:\/\/www.suno.com.br\/noticias\/ministerio-da-economia-da-alemanha-diz-que-recessao-e-improvavel\/"},"author":{"name":"Jader Lazarini","@id":"https:\/\/www.suno.com.br\/noticias\/#\/schema\/person\/918d79de1f0281f01599b93f9ea6e23f"},"headline":"Minist\u00e9rio da Economia da Alemanha diz que recess\u00e3o \u00e9 improv\u00e1vel","datePublished":"2019-10-14T15:35:28+00:00","dateModified":"2019-10-15T16:05:23+00:00","mainEntityOfPage":{"@id":"https:\/\/www.suno.com.br\/noticias\/ministerio-da-economia-da-alemanha-diz-que-recessao-e-improvavel\/"},"wordCount":356,"publisher":{"@id":"https:\/\/www.suno.com.br\/noticias\/#organization"},"image":{"@id":"https:\/\/www.suno.com.br\/noticias\/ministerio-da-economia-da-alemanha-diz-que-recessao-e-improvavel\/#primaryimage"},"thumbnailUrl":"https:\/\/files.sunoresearch.com.br\/n\/uploads\/2019\/08\/d85c676c-alemanha-jpg.webp","keywords":["Alemanha","recess\u00e3o"],"articleSection":["Internacional"],"inLanguage":"pt-BR"},{"@type":"WebPage","@id":"https:\/\/www.suno.com.br\/noticias\/ministerio-da-economia-da-alemanha-diz-que-recessao-e-improvavel\/","url":"https:\/\/www.suno.com.br\/noticias\/ministerio-da-economia-da-alemanha-diz-que-recessao-e-improvavel\/","name":"Minist\u00e9rio da Economia da Alemanha diz que recess\u00e3o \u00e9 improv\u00e1vel","isPartOf":{"@id":"https:\/\/www.suno.com.br\/noticias\/#website"},"primaryImageOfPage":{"@id":"https:\/\/www.suno.com.br\/noticias\/ministerio-da-economia-da-alemanha-diz-que-recessao-e-improvavel\/#primaryimage"},"image":{"@id":"https:\/\/www.suno.com.br\/noticias\/ministerio-da-economia-da-alemanha-diz-que-recessao-e-improvavel\/#primaryimage"},"thumbnailUrl":"https:\/\/files.sunoresearch.com.br\/n\/uploads\/2019\/08\/d85c676c-alemanha-jpg.webp","datePublished":"2019-10-14T15:35:28+00:00","dateModified":"2019-10-15T16:05:23+00:00","description":"O Minist\u00e9rio da Economia da Alemanha afirmou que \u00e9 improv\u00e1vel que a economia do pa\u00eds entre em uma recess\u00e3o prolongada. Saiba mais.","breadcrumb":{"@id":"https:\/\/www.suno.com.br\/noticias\/ministerio-da-economia-da-alemanha-diz-que-recessao-e-improvavel\/#breadcrumb"},"inLanguage":"pt-BR","potentialAction":[{"@type":"ReadAction","target":["https:\/\/www.suno.com.br\/noticias\/ministerio-da-economia-da-alemanha-diz-que-recessao-e-improvavel\/"]}]},{"@type":"ImageObject","inLanguage":"pt-BR","@id":"https:\/\/www.suno.com.br\/noticias\/ministerio-da-economia-da-alemanha-diz-que-recessao-e-improvavel\/#primaryimage","url":"https:\/\/files.sunoresearch.com.br\/n\/uploads\/2019\/08\/d85c676c-alemanha-jpg.webp","contentUrl":"https:\/\/files.sunoresearch.com.br\/n\/uploads\/2019\/08\/d85c676c-alemanha-jpg.webp","width":960,"height":642,"caption":"Alemanha"},{"@type":"BreadcrumbList","@id":"https:\/\/www.suno.com.br\/noticias\/ministerio-da-economia-da-alemanha-diz-que-recessao-e-improvavel\/#breadcrumb","itemListElement":[{"@type":"ListItem","position":1,"name":"Not\u00edcias","item":"https:\/\/www.suno.com.br\/noticias\/"},{"@type":"ListItem","position":2,"name":"Internacional","item":"https:\/\/www.suno.com.br\/noticias\/internacional\/"},{"@type":"ListItem","position":3,"name":"Minist\u00e9rio da Economia da Alemanha diz que recess\u00e3o \u00e9 improv\u00e1vel"}]},{"@type":"WebSite","@id":"https:\/\/www.suno.com.br\/noticias\/#website","url":"https:\/\/www.suno.com.br\/noticias\/","name":"Suno Not\u00edcias","description":"Seu portal de informa\u00e7\u00e3o sobre o mundo dos investimentos","publisher":{"@id":"https:\/\/www.suno.com.br\/noticias\/#organization"},"potentialAction":[{"@type":"SearchAction","target":{"@type":"EntryPoint","urlTemplate":"https:\/\/www.suno.com.br\/noticias\/?s={search_term_string}"},"query-input":{"@type":"PropertyValueSpecification","valueRequired":true,"valueName":"search_term_string"}}],"inLanguage":"pt-BR"},{"@type":"Organization","@id":"https:\/\/www.suno.com.br\/noticias\/#organization","name":"Suno Not\u00edcias","url":"https:\/\/www.suno.com.br\/noticias\/","logo":{"@type":"ImageObject","inLanguage":"pt-BR","@id":"https:\/\/www.suno.com.br\/noticias\/#\/schema\/logo\/image\/","url":"https:\/\/files.sunoresearch.com.br\/n\/uploads\/2021\/09\/suno-logo.png","contentUrl":"https:\/\/files.sunoresearch.com.br\/n\/uploads\/2021\/09\/suno-logo.png","width":180,"height":180,"caption":"Suno Not\u00edcias"},"image":{"@id":"https:\/\/www.suno.com.br\/noticias\/#\/schema\/logo\/image\/"},"sameAs":["https:\/\/facebook.com\/sunoresearch","https:\/\/x.com\/sunoresearch","https:\/\/www.instagram.com\/suno","https:\/\/www.linkedin.com\/company\/suno-research\/","https:\/\/www.youtube.com\/c\/sunoresearch"]},{"@type":"Person","@id":"https:\/\/www.suno.com.br\/noticias\/#\/schema\/person\/918d79de1f0281f01599b93f9ea6e23f","name":"Jader Lazarini","image":{"@type":"ImageObject","inLanguage":"pt-BR","@id":"https:\/\/www.suno.com.br\/noticias\/#\/schema\/person\/image\/","url":"https:\/\/secure.gravatar.com\/avatar\/3c1ad8caa51589841baeb923fcddea97?s=96&r=g","contentUrl":"https:\/\/secure.gravatar.com\/avatar\/3c1ad8caa51589841baeb923fcddea97?s=96&r=g","caption":"Jader Lazarini"},"description":"Jader Lazarini escreve sobre investimentos, finan\u00e7as, economia e neg\u00f3cios. \u00c9 bacharel em Rela\u00e7\u00f5es Internacionais e analista CNPI (2619).","url":"https:\/\/www.suno.com.br\/noticias\/author\/jader-lazarini\/"}]}},"default_loop_html":"<div class=\"cardsPage__listCard__boxs\"><div class=\"cardsPage__listCard__boxs__img\"><a href=\"https:\/\/www.suno.com.br\/noticias\/ministerio-da-economia-da-alemanha-diz-que-recessao-e-improvavel\/\"><img class=\"mask\" src=\"https:\/\/www.suno.com.br\/noticias\/wp-content\/themes\/suno\/resources\/images\/spotlight\/spotlight1img\/bg-mask.png\" alt=\"Image Mask\"\/><img src=\"https:\/\/files.sunoresearch.com.br\/n\/uploads\/2019\/08\/d85c676c-alemanha-400x200.webp\" alt=\"Minist\u00e9rio da Economia da Alemanha diz que recess\u00e3o \u00e9 improv\u00e1vel\"\/><\/a><span class=\"spotlightCategory\"><a href=\"https:\/\/www.suno.com.br\/noticias\/internacional\/\">Internacional<\/a><\/span><\/div><div class=\"cardsPage__listCard__boxs__content\"><a href=\"https:\/\/www.suno.com.br\/noticias\/ministerio-da-economia-da-alemanha-diz-que-recessao-e-improvavel\/\"><h2 class=\"content__title\">Minist\u00e9rio da Economia da Alemanha diz que recess\u00e3o \u00e9 improv\u00e1vel<\/h2><\/a><div class=\"newsContent__article__meta\"><div class=\"newsContent__article__meta__authorBox\"><a href=\"https:\/\/www.suno.com.br\/noticias\/author\/jader-lazarini\/\" class=\"authorBox__avatar noMobi\"><img src=\"https:\/\/files.sunoresearch.com.br\/n\/uploads\/2021\/01\/178e6598-foto-perfil-2-150x150.jpg\" alt=\"Jader Lazarini\"><\/a><div class=\"authorBox__name\"><span>por\n\t\t\t<a href=\"https:\/\/www.suno.com.br\/noticias\/author\/jader-lazarini\/\"><span itemprop=\"author\">Jader Lazarini<\/span><\/a><\/span><time datetime=\"2019-10-14T12:35:28-03:00\" itemprop=\"datePublished\">14\/10\/2019 12:35<\/time><\/div><\/div><\/div><\/div><\/div>","single_layout":"posts","amp_enabled":true,"_links":{"self":[{"href":"https:\/\/www.suno.com.br\/noticias\/wp-json\/wp\/v2\/posts\/40980"}],"collection":[{"href":"https:\/\/www.suno.com.br\/noticias\/wp-json\/wp\/v2\/posts"}],"about":[{"href":"https:\/\/www.suno.com.br\/noticias\/wp-json\/wp\/v2\/types\/post"}],"author":[{"embeddable":true,"href":"https:\/\/www.suno.com.br\/noticias\/wp-json\/wp\/v2\/users\/24"}],"replies":[{"embeddable":true,"href":"https:\/\/www.suno.com.br\/noticias\/wp-json\/wp\/v2\/comments?post=40980"}],"version-history":[{"count":0,"href":"https:\/\/www.suno.com.br\/noticias\/wp-json\/wp\/v2\/posts\/40980\/revisions"}],"wp:featuredmedia":[{"embeddable":true,"href":"https:\/\/www.suno.com.br\/noticias\/wp-json\/wp\/v2\/media\/34048"}],"wp:attachment":[{"href":"https:\/\/www.suno.com.br\/noticias\/wp-json\/wp\/v2\/media?parent=40980"}],"wp:term":[{"taxonomy":"category","embeddable":true,"href":"https:\/\/www.suno.com.br\/noticias\/wp-json\/wp\/v2\/categories?post=40980"},{"taxonomy":"post_tag","embeddable":true,"href":"https:\/\/www.suno.com.br\/noticias\/wp-json\/wp\/v2\/tags?post=40980"},{"taxonomy":"suno_strategy","embeddable":true,"href":"https:\/\/www.suno.com.br\/noticias\/wp-json\/wp\/v2\/suno_strategy?post=40980"}],"curies":[{"name":"wp","href":"https:\/\/api.w.org\/{rel}","templated":true}]}}