{"id":409620,"date":"2023-05-26T17:30:04","date_gmt":"2023-05-26T20:30:04","guid":{"rendered":"https:\/\/www.suno.com.br\/noticias\/?p=409620"},"modified":"2023-05-26T17:30:10","modified_gmt":"2023-05-26T20:30:10","slug":"novo-carro-tesla-roadster-2024-elon-musk","status":"publish","type":"post","link":"https:\/\/www.suno.com.br\/noticias\/novo-carro-tesla-roadster-2024-elon-musk\/","title":{"rendered":"Novo carro da Tesla come\u00e7ar\u00e1 a ser produzido no fim de 2024, diz Elon Musk"},"content":{"rendered":"<p>O novo modelo do Tesla Roadster, que consolidou a <strong>Tesla <\/strong>(<a class=\"suno-keyword\" data-force=\"yes\" data-priority=\"2\" href=\"https:\/\/www.suno.com.br\/bdrs\/tsla34\/\" target=\"_blank\" rel=\"noopener\">TSLA34<\/a>) como montadora em 2008, ter\u00e1 design e engenharia finalizados neste ano e deve chegar \u00e0 produ\u00e7\u00e3o at\u00e9 o fim de 2024.<\/p><div class=\"videoFull \">\n\t\t\t<div class=\"videoWrapper yt-lazyload center\"\n\t\t\t\tdata-width=\"960\"\n\t\t\t\tdata-height=\"540\"\n\t\t\t\tdata-id=\"SYcRCuH78IQ\"\n\t\t\t\tdata-alt=\"V\u00eddeo do YouTube - clique para reproduzir\"\n\t\t\t\tdata-logo=\"3\"\n\t\t\t\tdata-imagequality=\"maxres\">\n\t\t\t<\/div>\n\t\t<\/div><script type=\"application\/ld+json\">{\"@context\":\"https:\/\/schema.org\",\"@type\":\"VideoObject\",\"name\":\"Lula corta impostos para carros novos | IPCA-15 'fraco' ajuda Magalu (MGLU3) e Via (VIIA3)\",\"description\":\"#carro #carros #autom\u00f3vel #lula #impostos #ipca #infla\u00e7\u00e3o #mglu3 #viia3 #mercadofinanceiro #investimentos #bolsadevalores #ibovespa #d\u00f3lar #livedas19h Participe do Suno Invest: https:\/\/lp.suno.com.br\/pv\/suno-invest-2023\/ O Ibovespa pegou carona nos n\u00fameros positivos do IPCA-15 e voltou para o patamar dos 110 mil pontos nesta quinta (25), quando terminou o preg\u00e3o em alta de 1,15%, aos 110.054,38 pontos \u2014 o volume\u2026\",\"duration\":\"PT50M53S\",\"embedUrl\":\"https:\/\/www.youtube.com\/embed\/SYcRCuH78IQ\",\"regionsAllowed\":\"pt-BR\",\"interactionStatistic\":{\"@type\":\"InteractionCounter\",\"interactionType\":{\"@type\":\"WatchAction\"},\"userInteractionCount\":2693},\"thumbnailUrl\":\"https:\/\/i.ytimg.com\/vi\/SYcRCuH78IQ\/default.jpg\",\"uploadDate\":\"2023-05-25T22:57:31Z\"}<\/script>\n\n\n\n\n\n\n\t<p>\n\t\t<a href=\"https:\/\/lp.suno.com.br\/ebook-como-analisar-uma-acao\/\" target=\"_blank\" data-element=\"shortcode-suno-banner\" title=\"Banner SUNO, clique e saiba mais\">\n\t\t\t<picture>\n\t\t\t\t<source media=\"(max-width: 500px)\" srcset=\"https:\/\/files.sunoresearch.com.br\/n\/uploads\/2023\/03\/Ebook-Acoes-Mobile.jpg\">\n\t\t\t\t<img class=\"newsContent__article__imgCapa newsContent__article__imgCapa--banner\"\n\t\t\t\t\tsrc=\"https:\/\/files.sunoresearch.com.br\/n\/uploads\/2023\/03\/Ebook-Acoes-Desktop.jpg\"\n\t\t\t\t\tdata-promo-id=\"378302\"\t\t\t\t\t\t\t\t\t\twidth='1420' height='286'\t\t\t\t\talt=\"https:\/\/files.sunoresearch.com.br\/n\/uploads\/2023\/03\/Ebook-Acoes-Desktop.jpg\"\n\t\t\t\t>\n\t\t\t<\/picture>\n\t\t<\/a>\n\t<\/p>\n\n\n\n\n\n<p>A estimativa para o <strong>novo modelo da Tesla<\/strong> foi feita pelo pr\u00f3prio Elon Musk durante uma conversa no Twitter Spaces.<\/p>\n\n\n\n<p>O Roadster era esperado para o fim de 2021, mas acabou adiado indefinidamente. Na conversa, o criador da Tesla agradeceu a paci\u00eancia dos investidores.<\/p>\n\n\n\n<p>Musk tamb\u00e9m comentou a nova parceria entre Tesla e Ford para o fornecimento de 12 mil superchargers para os ve\u00edculos el\u00e9tricos da Ford.<\/p>\n\n\n\n<p>&#8220;\u00c9 nossa inten\u00e7\u00e3o fazer todo o poss\u00edvel para apoiar a Ford e ter a Ford em p\u00e9 de igualdade com os superchargers da Tesla&#8221;, disse o bilion\u00e1rio.<\/p>\n\n\n\n<h2 class=\"wp-block-heading\">Tesla construir\u00e1 f\u00e1brica de baterias em Xangai, na China<\/h2>\n\n\n\n<p>A montadora tamb\u00e9m construir\u00e1 uma f\u00e1brica de baterias em Xangai, na China, conforme anunciado por executivos da companhia em uma confer\u00eancia na regi\u00e3o.<\/p>\n\n\n\n<p>A inten\u00e7\u00e3o \u00e9 de produzir Megapacks, uma unidade de armazenamento de larga escala. A companhia de <strong>Elon Musk<\/strong> j\u00e1 possui uma planta de ve\u00edculos el\u00e9tricos na cidade.<\/p>\n\n\n\n<p>A Megapack \u00e9 uma bateria enorme que ajuda a estabilizar redes de energia, sendo suficiente para armazenar um volume de energia que abasteceria 3,6 mil casas durante uma hora.<\/p>\n\n\n\n<p>A expectativa \u00e9 de que j\u00e1 no terceiro trimestre deste ano a <strong>f\u00e1brica de baterias da Tesla<\/strong> tenha suas obras iniciadas e j\u00e1 em 2024 a produ\u00e7\u00e3o seja iniciada.<\/p>\n\n\n\t<p>\n\t\t<a href=\"https:\/\/lp.suno.com.br\/ebook-gratuito-investindo-no-exterior\/\" target=\"_blank\" data-element=\"shortcode-suno-banner\" title=\"Banner SUNO, clique e saiba mais\">\n\t\t\t<picture>\n\t\t\t\t<source media=\"(max-width: 500px)\" srcset=\"https:\/\/files.sunoresearch.com.br\/n\/uploads\/2023\/03\/400x300-Investindo-no-exterior.png\">\n\t\t\t\t<img class=\"newsContent__article__imgCapa newsContent__article__imgCapa--banner\"\n\t\t\t\t\tsrc=\"https:\/\/files.sunoresearch.com.br\/n\/uploads\/2023\/03\/1420x240-Investindo-no-exterior.png\"\n\t\t\t\t\tdata-promo-id=\"383161\"\t\t\t\t\t\t\t\t\t\twidth='1420' height='240'\t\t\t\t\talt=\"https:\/\/files.sunoresearch.com.br\/n\/uploads\/2023\/03\/1420x240-Investindo-no-exterior.png\"\n\t\t\t\t>\n\t\t\t<\/picture>\n\t\t<\/a>\n\t<\/p>\n\n\n\n\n\n<p>As proje\u00e7\u00f5es da <strong>montadora de ve\u00edculos el\u00e9tricos<\/strong> \u00e9 de que a nova f\u00e1brica produza cerca de 10 mil megapacks ao ano, que equivalem a 40 GWh de armazenamento de energia.<\/p>\n\n\n\n<p>Essa decis\u00e3o estrat\u00e9gica ocorre semanas ap\u00f3s a Airbus, uma companhia francesa, anunciar que dobrar\u00e1 sua capacidade de produ\u00e7\u00e3o na China.<\/p>\n\n\n\n<p>Isso, mesmo em meio a uma tens\u00e3o entre Washington e Pequim, acentuada pela discord\u00e2ncia em rela\u00e7\u00e3o \u00e0 postura de Putin.<\/p>\n\n\n\n<p>Atualmente a Tesla j\u00e1 produz cerca de 52% dos seus ve\u00edculos em solo chin\u00eas &#8211; um volume de 711 mil autom\u00f3veis.<\/p>\n\n\n\n<p>Essa rela\u00e7\u00e3o melhorou quando, em meados de 2019, o governo chin\u00eas ajudou a companhia a montar sua primeira f\u00e1brica fora dos Estados Unidos.<\/p>\n\n\n\n<p>Contudo, as rela\u00e7\u00f5es ficaram relativamente estremecidas desde o ano de 2022, quando a Tesla teve alguns ve\u00edculos banidos de complexos militares.<\/p>\n\n\n\n<p>A desconfian\u00e7a aumentou justamente ap\u00f3s a iniciativa da Starlink por parte de <a class=\"suno-keyword\" target=\"_blank\" data-force=\"no\" data-priority=\"2\" href=\"https:\/\/www.suno.com.br\/tudo-sobre\/elon-musk\/\" rel=\"noopener\">Elon Musk<\/a> e, al\u00e9m disso, ap\u00f3s o aumento da tens\u00e3o entre Xi Jingping e Biden.<\/p>\n\n\n\n<p>Apesar disso, Musk ainda fez declara\u00e7\u00f5es relevantes sobre o mercado, incluindo falas citando que a China \u00e9 o &#8220;mercado mais competitivo do mundo&#8221;. <\/p>\n\n\n\n<p>Em meados de 2021, o dono da <strong>Tesla<\/strong> tamb\u00e9m disse que &#8220;respeita muito todas as montadoras chinesas&#8221;.<\/p>\n\n\n\n<p>Com Estad\u00e3o Conte\u00fado<\/p>\n\n\n\t<p>\n\t\t<a href=\"https:\/\/lp.suno.com.br\/suno-one\/?utm_campaign=_SNC6964518A_\" target=\"_blank\" data-element=\"shortcode-suno-banner\" title=\"Banner SUNO, clique e saiba mais\">\n\t\t\t<picture>\n\t\t\t\t<source media=\"(max-width: 500px)\" srcset=\"https:\/\/files.sunoresearch.com.br\/n\/uploads\/2025\/09\/400x300-Suno-One-png.webp\">\n\t\t\t\t<img class=\"newsContent__article__imgCapa newsContent__article__imgCapa--banner\"\n\t\t\t\t\tsrc=\"https:\/\/files.sunoresearch.com.br\/n\/uploads\/2025\/09\/1420x240-Suno-One-png.webp\"\n\t\t\t\t\tdata-promo-id=\"383121\"\t\t\t\t\t\t\t\t\t\twidth='1420' height='240'\t\t\t\t\talt=\"https:\/\/files.sunoresearch.com.br\/n\/uploads\/2025\/09\/1420x240-Suno-One-png.webp\"\n\t\t\t\t>\n\t\t\t<\/picture>\n\t\t<\/a>\n\t<\/p>\n\n\n","protected":false},"excerpt":{"rendered":"<p>O novo modelo do Tesla Roadster, que consolidou a Tesla (TSLA34) como montadora em 2008, ter\u00e1 design e engenharia finalizados neste ano e deve chegar \u00e0 produ\u00e7\u00e3o at\u00e9 o fim de 2024. A estimativa para o novo modelo da Tesla foi feita pelo pr\u00f3prio Elon Musk durante uma conversa no Twitter Spaces. O Roadster era [&hellip;]<\/p>\n","protected":false},"author":73,"featured_media":336888,"comment_status":"closed","ping_status":"closed","sticky":false,"template":"","format":"standard","meta":[],"categories":[64],"tags":[106444,726,727],"suno_strategy":[],"class_list":["post-409620","post","type-post","status-publish","format-standard","has-post-thumbnail","hentry","category-negocios","tag-agencias","tag-elon-musk","tag-tesla-tsla34"],"yoast_head":"<!-- This site is optimized with the Yoast SEO plugin v24.4 - https:\/\/yoast.com\/wordpress\/plugins\/seo\/ -->\n<title>Novo carro da Tesla come\u00e7ar\u00e1 a ser produzido no fim de 2024, diz Musk<\/title>\n<meta name=\"description\" content=\"Musk tamb\u00e9m comentou a nova parceria entre Tesla e Ford para o fornecimento de 12 mil superchargers para os ve\u00edculos el\u00e9tricos da Ford.\" \/>\n<meta name=\"robots\" content=\"index, follow, max-snippet:-1, max-image-preview:large, max-video-preview:-1\" \/>\n<link rel=\"canonical\" href=\"https:\/\/www.suno.com.br\/noticias\/novo-carro-tesla-roadster-2024-elon-musk\/\" \/>\n<meta property=\"og:locale\" content=\"pt_BR\" \/>\n<meta property=\"og:type\" content=\"article\" \/>\n<meta property=\"og:title\" content=\"Novo carro da Tesla come\u00e7ar\u00e1 a ser produzido no fim de 2024, diz Musk\" \/>\n<meta property=\"og:description\" content=\"Musk tamb\u00e9m comentou a nova parceria entre Tesla e Ford para o fornecimento de 12 mil superchargers para os ve\u00edculos el\u00e9tricos da Ford.\" \/>\n<meta property=\"og:url\" content=\"https:\/\/www.suno.com.br\/noticias\/novo-carro-tesla-roadster-2024-elon-musk\/\" \/>\n<meta property=\"og:site_name\" content=\"Suno Not\u00edcias\" \/>\n<meta property=\"article:publisher\" content=\"https:\/\/facebook.com\/sunoresearch\" \/>\n<meta property=\"og:image\" content=\"https:\/\/files.sunoresearch.com.br\/n\/uploads\/2022\/12\/elon-musk-comando-twitter-mudancas-foto-youtube.jpg\" \/>\n\t<meta property=\"og:image:width\" content=\"1200\" \/>\n\t<meta property=\"og:image:height\" content=\"675\" \/>\n\t<meta property=\"og:image:type\" content=\"image\/jpeg\" \/>\n<meta name=\"author\" content=\"Eduardo Vargas\" \/>\n<meta name=\"twitter:card\" content=\"summary_large_image\" \/>\n<meta name=\"twitter:creator\" content=\"@sunoresearch\" \/>\n<meta name=\"twitter:site\" content=\"@sunoresearch\" \/>\n<meta name=\"twitter:label1\" content=\"Escrito por\" \/>\n\t<meta name=\"twitter:data1\" content=\"Eduardo Vargas\" \/>\n\t<meta name=\"twitter:label2\" content=\"Est. tempo de leitura\" \/>\n\t<meta name=\"twitter:data2\" content=\"3 minutos\" \/>\n<script type=\"application\/ld+json\" class=\"yoast-schema-graph\">{\"@context\":\"https:\/\/schema.org\",\"@graph\":[{\"@type\":\"NewsArticle\",\"@id\":\"https:\/\/www.suno.com.br\/noticias\/novo-carro-tesla-roadster-2024-elon-musk\/#article\",\"isPartOf\":{\"@id\":\"https:\/\/www.suno.com.br\/noticias\/novo-carro-tesla-roadster-2024-elon-musk\/\"},\"author\":{\"name\":\"Eduardo Vargas\",\"@id\":\"https:\/\/www.suno.com.br\/noticias\/#\/schema\/person\/7f4d362bf3518e76090143ae77bb49a5\"},\"headline\":\"Novo carro da Tesla come\u00e7ar\u00e1 a ser produzido no fim de 2024, diz Elon Musk\",\"datePublished\":\"2023-05-26T20:30:04+00:00\",\"dateModified\":\"2023-05-26T20:30:10+00:00\",\"mainEntityOfPage\":{\"@id\":\"https:\/\/www.suno.com.br\/noticias\/novo-carro-tesla-roadster-2024-elon-musk\/\"},\"wordCount\":498,\"publisher\":{\"@id\":\"https:\/\/www.suno.com.br\/noticias\/#organization\"},\"image\":{\"@id\":\"https:\/\/www.suno.com.br\/noticias\/novo-carro-tesla-roadster-2024-elon-musk\/#primaryimage\"},\"thumbnailUrl\":\"https:\/\/files.sunoresearch.com.br\/n\/uploads\/2022\/12\/elon-musk-comando-twitter-mudancas-foto-youtube.jpg\",\"keywords\":[\"Ag\u00eancias\",\"Elon Musk\",\"Tesla (TSLA34)\"],\"articleSection\":[\"Neg\u00f3cios\"],\"inLanguage\":\"pt-BR\"},{\"@type\":\"WebPage\",\"@id\":\"https:\/\/www.suno.com.br\/noticias\/novo-carro-tesla-roadster-2024-elon-musk\/\",\"url\":\"https:\/\/www.suno.com.br\/noticias\/novo-carro-tesla-roadster-2024-elon-musk\/\",\"name\":\"Novo carro da Tesla come\u00e7ar\u00e1 a ser produzido no fim de 2024, diz Musk\",\"isPartOf\":{\"@id\":\"https:\/\/www.suno.com.br\/noticias\/#website\"},\"primaryImageOfPage\":{\"@id\":\"https:\/\/www.suno.com.br\/noticias\/novo-carro-tesla-roadster-2024-elon-musk\/#primaryimage\"},\"image\":{\"@id\":\"https:\/\/www.suno.com.br\/noticias\/novo-carro-tesla-roadster-2024-elon-musk\/#primaryimage\"},\"thumbnailUrl\":\"https:\/\/files.sunoresearch.com.br\/n\/uploads\/2022\/12\/elon-musk-comando-twitter-mudancas-foto-youtube.jpg\",\"datePublished\":\"2023-05-26T20:30:04+00:00\",\"dateModified\":\"2023-05-26T20:30:10+00:00\",\"description\":\"Musk tamb\u00e9m comentou a nova parceria entre Tesla e Ford para o fornecimento de 12 mil superchargers para os ve\u00edculos el\u00e9tricos da Ford.\",\"breadcrumb\":{\"@id\":\"https:\/\/www.suno.com.br\/noticias\/novo-carro-tesla-roadster-2024-elon-musk\/#breadcrumb\"},\"inLanguage\":\"pt-BR\",\"potentialAction\":[{\"@type\":\"ReadAction\",\"target\":[\"https:\/\/www.suno.com.br\/noticias\/novo-carro-tesla-roadster-2024-elon-musk\/\"]}]},{\"@type\":\"ImageObject\",\"inLanguage\":\"pt-BR\",\"@id\":\"https:\/\/www.suno.com.br\/noticias\/novo-carro-tesla-roadster-2024-elon-musk\/#primaryimage\",\"url\":\"https:\/\/files.sunoresearch.com.br\/n\/uploads\/2022\/12\/elon-musk-comando-twitter-mudancas-foto-youtube.jpg\",\"contentUrl\":\"https:\/\/files.sunoresearch.com.br\/n\/uploads\/2022\/12\/elon-musk-comando-twitter-mudancas-foto-youtube.jpg\",\"width\":1200,\"height\":675,\"caption\":\"Elon Musk. Foto: YouTube\"},{\"@type\":\"BreadcrumbList\",\"@id\":\"https:\/\/www.suno.com.br\/noticias\/novo-carro-tesla-roadster-2024-elon-musk\/#breadcrumb\",\"itemListElement\":[{\"@type\":\"ListItem\",\"position\":1,\"name\":\"Not\u00edcias\",\"item\":\"https:\/\/www.suno.com.br\/noticias\/\"},{\"@type\":\"ListItem\",\"position\":2,\"name\":\"Neg\u00f3cios\",\"item\":\"https:\/\/www.suno.com.br\/noticias\/negocios\/\"},{\"@type\":\"ListItem\",\"position\":3,\"name\":\"Novo carro da Tesla come\u00e7ar\u00e1 a ser produzido no fim de 2024, diz Elon Musk\"}]},{\"@type\":\"WebSite\",\"@id\":\"https:\/\/www.suno.com.br\/noticias\/#website\",\"url\":\"https:\/\/www.suno.com.br\/noticias\/\",\"name\":\"Suno Not\u00edcias\",\"description\":\"Seu portal de informa\u00e7\u00e3o sobre o mundo dos investimentos\",\"publisher\":{\"@id\":\"https:\/\/www.suno.com.br\/noticias\/#organization\"},\"potentialAction\":[{\"@type\":\"SearchAction\",\"target\":{\"@type\":\"EntryPoint\",\"urlTemplate\":\"https:\/\/www.suno.com.br\/noticias\/?s={search_term_string}\"},\"query-input\":{\"@type\":\"PropertyValueSpecification\",\"valueRequired\":true,\"valueName\":\"search_term_string\"}}],\"inLanguage\":\"pt-BR\"},{\"@type\":\"Organization\",\"@id\":\"https:\/\/www.suno.com.br\/noticias\/#organization\",\"name\":\"Suno Not\u00edcias\",\"url\":\"https:\/\/www.suno.com.br\/noticias\/\",\"logo\":{\"@type\":\"ImageObject\",\"inLanguage\":\"pt-BR\",\"@id\":\"https:\/\/www.suno.com.br\/noticias\/#\/schema\/logo\/image\/\",\"url\":\"https:\/\/files.sunoresearch.com.br\/n\/uploads\/2021\/09\/suno-logo.png\",\"contentUrl\":\"https:\/\/files.sunoresearch.com.br\/n\/uploads\/2021\/09\/suno-logo.png\",\"width\":180,\"height\":180,\"caption\":\"Suno Not\u00edcias\"},\"image\":{\"@id\":\"https:\/\/www.suno.com.br\/noticias\/#\/schema\/logo\/image\/\"},\"sameAs\":[\"https:\/\/facebook.com\/sunoresearch\",\"https:\/\/x.com\/sunoresearch\",\"https:\/\/www.instagram.com\/suno\",\"https:\/\/www.linkedin.com\/company\/suno-research\/\",\"https:\/\/www.youtube.com\/c\/sunoresearch\"]},{\"@type\":\"Person\",\"@id\":\"https:\/\/www.suno.com.br\/noticias\/#\/schema\/person\/7f4d362bf3518e76090143ae77bb49a5\",\"name\":\"Eduardo Vargas\",\"image\":{\"@type\":\"ImageObject\",\"inLanguage\":\"pt-BR\",\"@id\":\"https:\/\/www.suno.com.br\/noticias\/#\/schema\/person\/image\/\",\"url\":\"https:\/\/secure.gravatar.com\/avatar\/dac340933427a22924c9f99d1eb2e3f2?s=96&r=g\",\"contentUrl\":\"https:\/\/secure.gravatar.com\/avatar\/dac340933427a22924c9f99d1eb2e3f2?s=96&r=g\",\"caption\":\"Eduardo Vargas\"},\"description\":\"Jornalista formado pela UFSC, cobre macroeconomia, neg\u00f3cios e startups para o Suno Not\u00edcias, escrevendo principalmente not\u00edcias sobre o mercado financeiro e a bolsa de valores. No YouTube e no Instagram, \u00e9 respons\u00e1vel pela produ\u00e7\u00e3o de Reels e Shorts do Suno Not\u00edcias. Anteriormente, trabalhou cobrindo economia e cotidiano no ND+ e para o ND, maior jornal impresso de Santa Catarina. Cursou um semestre letivo de Estudos de M\u00eddia na Universidad de Buenos Aires.\",\"url\":\"https:\/\/www.suno.com.br\/noticias\/author\/eduardo-vargas\/\"}]}<\/script>\n<!-- \/ Yoast SEO plugin. -->","yoast_head_json":{"title":"Novo carro da Tesla come\u00e7ar\u00e1 a ser produzido no fim de 2024, diz Musk","description":"Musk tamb\u00e9m comentou a nova parceria entre Tesla e Ford para o fornecimento de 12 mil superchargers para os ve\u00edculos el\u00e9tricos da Ford.","robots":{"index":"index","follow":"follow","max-snippet":"max-snippet:-1","max-image-preview":"max-image-preview:large","max-video-preview":"max-video-preview:-1"},"canonical":"https:\/\/www.suno.com.br\/noticias\/novo-carro-tesla-roadster-2024-elon-musk\/","og_locale":"pt_BR","og_type":"article","og_title":"Novo carro da Tesla come\u00e7ar\u00e1 a ser produzido no fim de 2024, diz Musk","og_description":"Musk tamb\u00e9m comentou a nova parceria entre Tesla e Ford para o fornecimento de 12 mil superchargers para os ve\u00edculos el\u00e9tricos da Ford.","og_url":"https:\/\/www.suno.com.br\/noticias\/novo-carro-tesla-roadster-2024-elon-musk\/","og_site_name":"Suno Not\u00edcias","article_publisher":"https:\/\/facebook.com\/sunoresearch","og_image":[{"width":1200,"height":675,"url":"https:\/\/files.sunoresearch.com.br\/n\/uploads\/2022\/12\/elon-musk-comando-twitter-mudancas-foto-youtube.jpg","type":"image\/jpeg"}],"author":"Eduardo Vargas","twitter_card":"summary_large_image","twitter_creator":"@sunoresearch","twitter_site":"@sunoresearch","twitter_misc":{"Escrito por":"Eduardo Vargas","Est. tempo de leitura":"3 minutos"},"schema":{"@context":"https:\/\/schema.org","@graph":[{"@type":"NewsArticle","@id":"https:\/\/www.suno.com.br\/noticias\/novo-carro-tesla-roadster-2024-elon-musk\/#article","isPartOf":{"@id":"https:\/\/www.suno.com.br\/noticias\/novo-carro-tesla-roadster-2024-elon-musk\/"},"author":{"name":"Eduardo Vargas","@id":"https:\/\/www.suno.com.br\/noticias\/#\/schema\/person\/7f4d362bf3518e76090143ae77bb49a5"},"headline":"Novo carro da Tesla come\u00e7ar\u00e1 a ser produzido no fim de 2024, diz Elon Musk","datePublished":"2023-05-26T20:30:04+00:00","dateModified":"2023-05-26T20:30:10+00:00","mainEntityOfPage":{"@id":"https:\/\/www.suno.com.br\/noticias\/novo-carro-tesla-roadster-2024-elon-musk\/"},"wordCount":498,"publisher":{"@id":"https:\/\/www.suno.com.br\/noticias\/#organization"},"image":{"@id":"https:\/\/www.suno.com.br\/noticias\/novo-carro-tesla-roadster-2024-elon-musk\/#primaryimage"},"thumbnailUrl":"https:\/\/files.sunoresearch.com.br\/n\/uploads\/2022\/12\/elon-musk-comando-twitter-mudancas-foto-youtube.jpg","keywords":["Ag\u00eancias","Elon Musk","Tesla (TSLA34)"],"articleSection":["Neg\u00f3cios"],"inLanguage":"pt-BR"},{"@type":"WebPage","@id":"https:\/\/www.suno.com.br\/noticias\/novo-carro-tesla-roadster-2024-elon-musk\/","url":"https:\/\/www.suno.com.br\/noticias\/novo-carro-tesla-roadster-2024-elon-musk\/","name":"Novo carro da Tesla come\u00e7ar\u00e1 a ser produzido no fim de 2024, diz Musk","isPartOf":{"@id":"https:\/\/www.suno.com.br\/noticias\/#website"},"primaryImageOfPage":{"@id":"https:\/\/www.suno.com.br\/noticias\/novo-carro-tesla-roadster-2024-elon-musk\/#primaryimage"},"image":{"@id":"https:\/\/www.suno.com.br\/noticias\/novo-carro-tesla-roadster-2024-elon-musk\/#primaryimage"},"thumbnailUrl":"https:\/\/files.sunoresearch.com.br\/n\/uploads\/2022\/12\/elon-musk-comando-twitter-mudancas-foto-youtube.jpg","datePublished":"2023-05-26T20:30:04+00:00","dateModified":"2023-05-26T20:30:10+00:00","description":"Musk tamb\u00e9m comentou a nova parceria entre Tesla e Ford para o fornecimento de 12 mil superchargers para os ve\u00edculos el\u00e9tricos da Ford.","breadcrumb":{"@id":"https:\/\/www.suno.com.br\/noticias\/novo-carro-tesla-roadster-2024-elon-musk\/#breadcrumb"},"inLanguage":"pt-BR","potentialAction":[{"@type":"ReadAction","target":["https:\/\/www.suno.com.br\/noticias\/novo-carro-tesla-roadster-2024-elon-musk\/"]}]},{"@type":"ImageObject","inLanguage":"pt-BR","@id":"https:\/\/www.suno.com.br\/noticias\/novo-carro-tesla-roadster-2024-elon-musk\/#primaryimage","url":"https:\/\/files.sunoresearch.com.br\/n\/uploads\/2022\/12\/elon-musk-comando-twitter-mudancas-foto-youtube.jpg","contentUrl":"https:\/\/files.sunoresearch.com.br\/n\/uploads\/2022\/12\/elon-musk-comando-twitter-mudancas-foto-youtube.jpg","width":1200,"height":675,"caption":"Elon Musk. Foto: YouTube"},{"@type":"BreadcrumbList","@id":"https:\/\/www.suno.com.br\/noticias\/novo-carro-tesla-roadster-2024-elon-musk\/#breadcrumb","itemListElement":[{"@type":"ListItem","position":1,"name":"Not\u00edcias","item":"https:\/\/www.suno.com.br\/noticias\/"},{"@type":"ListItem","position":2,"name":"Neg\u00f3cios","item":"https:\/\/www.suno.com.br\/noticias\/negocios\/"},{"@type":"ListItem","position":3,"name":"Novo carro da Tesla come\u00e7ar\u00e1 a ser produzido no fim de 2024, diz Elon Musk"}]},{"@type":"WebSite","@id":"https:\/\/www.suno.com.br\/noticias\/#website","url":"https:\/\/www.suno.com.br\/noticias\/","name":"Suno Not\u00edcias","description":"Seu portal de informa\u00e7\u00e3o sobre o mundo dos investimentos","publisher":{"@id":"https:\/\/www.suno.com.br\/noticias\/#organization"},"potentialAction":[{"@type":"SearchAction","target":{"@type":"EntryPoint","urlTemplate":"https:\/\/www.suno.com.br\/noticias\/?s={search_term_string}"},"query-input":{"@type":"PropertyValueSpecification","valueRequired":true,"valueName":"search_term_string"}}],"inLanguage":"pt-BR"},{"@type":"Organization","@id":"https:\/\/www.suno.com.br\/noticias\/#organization","name":"Suno Not\u00edcias","url":"https:\/\/www.suno.com.br\/noticias\/","logo":{"@type":"ImageObject","inLanguage":"pt-BR","@id":"https:\/\/www.suno.com.br\/noticias\/#\/schema\/logo\/image\/","url":"https:\/\/files.sunoresearch.com.br\/n\/uploads\/2021\/09\/suno-logo.png","contentUrl":"https:\/\/files.sunoresearch.com.br\/n\/uploads\/2021\/09\/suno-logo.png","width":180,"height":180,"caption":"Suno Not\u00edcias"},"image":{"@id":"https:\/\/www.suno.com.br\/noticias\/#\/schema\/logo\/image\/"},"sameAs":["https:\/\/facebook.com\/sunoresearch","https:\/\/x.com\/sunoresearch","https:\/\/www.instagram.com\/suno","https:\/\/www.linkedin.com\/company\/suno-research\/","https:\/\/www.youtube.com\/c\/sunoresearch"]},{"@type":"Person","@id":"https:\/\/www.suno.com.br\/noticias\/#\/schema\/person\/7f4d362bf3518e76090143ae77bb49a5","name":"Eduardo Vargas","image":{"@type":"ImageObject","inLanguage":"pt-BR","@id":"https:\/\/www.suno.com.br\/noticias\/#\/schema\/person\/image\/","url":"https:\/\/secure.gravatar.com\/avatar\/dac340933427a22924c9f99d1eb2e3f2?s=96&r=g","contentUrl":"https:\/\/secure.gravatar.com\/avatar\/dac340933427a22924c9f99d1eb2e3f2?s=96&r=g","caption":"Eduardo Vargas"},"description":"Jornalista formado pela UFSC, cobre macroeconomia, neg\u00f3cios e startups para o Suno Not\u00edcias, escrevendo principalmente not\u00edcias sobre o mercado financeiro e a bolsa de valores. No YouTube e no Instagram, \u00e9 respons\u00e1vel pela produ\u00e7\u00e3o de Reels e Shorts do Suno Not\u00edcias. Anteriormente, trabalhou cobrindo economia e cotidiano no ND+ e para o ND, maior jornal impresso de Santa Catarina. Cursou um semestre letivo de Estudos de M\u00eddia na Universidad de Buenos Aires.","url":"https:\/\/www.suno.com.br\/noticias\/author\/eduardo-vargas\/"}]}},"default_loop_html":"<div class=\"cardsPage__listCard__boxs\"><div class=\"cardsPage__listCard__boxs__img\"><a href=\"https:\/\/www.suno.com.br\/noticias\/novo-carro-tesla-roadster-2024-elon-musk\/\"><img class=\"mask\" src=\"https:\/\/www.suno.com.br\/noticias\/wp-content\/themes\/suno\/resources\/images\/spotlight\/spotlight1img\/bg-mask.png\" alt=\"Image Mask\"\/><img src=\"https:\/\/files.sunoresearch.com.br\/n\/uploads\/2022\/12\/elon-musk-comando-twitter-mudancas-foto-youtube-400x200.jpg\" alt=\"Novo carro da Tesla come\u00e7ar\u00e1 a ser produzido no fim de 2024, diz Elon Musk\"\/><\/a><span class=\"spotlightCategory\"><a href=\"https:\/\/www.suno.com.br\/noticias\/negocios\/\">Neg\u00f3cios<\/a><\/span><\/div><div class=\"cardsPage__listCard__boxs__content\"><a href=\"https:\/\/www.suno.com.br\/noticias\/novo-carro-tesla-roadster-2024-elon-musk\/\"><h2 class=\"content__title\">Novo carro da Tesla come\u00e7ar\u00e1 a ser produzido no fim de 2024, diz Elon Musk<\/h2><\/a><div class=\"newsContent__article__meta\"><div class=\"newsContent__article__meta__authorBox\"><a href=\"https:\/\/www.suno.com.br\/noticias\/author\/eduardo-vargas\/\" class=\"authorBox__avatar noMobi\"><img src=\"https:\/\/secure.gravatar.com\/avatar\/dac340933427a22924c9f99d1eb2e3f2?s=96&#038;r=g\" alt=\"Eduardo Vargas\"><\/a><div class=\"authorBox__name\"><span>por\n\t\t\t<a href=\"https:\/\/www.suno.com.br\/noticias\/author\/eduardo-vargas\/\"><span itemprop=\"author\">Eduardo Vargas<\/span><\/a><\/span><time datetime=\"2023-05-26T17:30:04-03:00\" itemprop=\"datePublished\">26\/05\/2023 17:30<\/time><\/div><\/div><\/div><\/div><\/div>","single_layout":"posts","amp_enabled":true,"_links":{"self":[{"href":"https:\/\/www.suno.com.br\/noticias\/wp-json\/wp\/v2\/posts\/409620"}],"collection":[{"href":"https:\/\/www.suno.com.br\/noticias\/wp-json\/wp\/v2\/posts"}],"about":[{"href":"https:\/\/www.suno.com.br\/noticias\/wp-json\/wp\/v2\/types\/post"}],"author":[{"embeddable":true,"href":"https:\/\/www.suno.com.br\/noticias\/wp-json\/wp\/v2\/users\/73"}],"replies":[{"embeddable":true,"href":"https:\/\/www.suno.com.br\/noticias\/wp-json\/wp\/v2\/comments?post=409620"}],"version-history":[{"count":3,"href":"https:\/\/www.suno.com.br\/noticias\/wp-json\/wp\/v2\/posts\/409620\/revisions"}],"predecessor-version":[{"id":409677,"href":"https:\/\/www.suno.com.br\/noticias\/wp-json\/wp\/v2\/posts\/409620\/revisions\/409677"}],"wp:featuredmedia":[{"embeddable":true,"href":"https:\/\/www.suno.com.br\/noticias\/wp-json\/wp\/v2\/media\/336888"}],"wp:attachment":[{"href":"https:\/\/www.suno.com.br\/noticias\/wp-json\/wp\/v2\/media?parent=409620"}],"wp:term":[{"taxonomy":"category","embeddable":true,"href":"https:\/\/www.suno.com.br\/noticias\/wp-json\/wp\/v2\/categories?post=409620"},{"taxonomy":"post_tag","embeddable":true,"href":"https:\/\/www.suno.com.br\/noticias\/wp-json\/wp\/v2\/tags?post=409620"},{"taxonomy":"suno_strategy","embeddable":true,"href":"https:\/\/www.suno.com.br\/noticias\/wp-json\/wp\/v2\/suno_strategy?post=409620"}],"curies":[{"name":"wp","href":"https:\/\/api.w.org\/{rel}","templated":true}]}}