{"id":40961,"date":"2019-10-14T11:37:16","date_gmt":"2019-10-14T14:37:16","guid":{"rendered":"https:\/\/www.suno.com.br\/noticias\/?p=40961"},"modified":"2019-10-15T13:07:36","modified_gmt":"2019-10-15T16:07:36","slug":"vale-tem-producao-de-minerio-de-ferro-menor-3o-tri","status":"publish","type":"post","link":"https:\/\/www.suno.com.br\/noticias\/vale-tem-producao-de-minerio-de-ferro-menor-3o-tri\/","title":{"rendered":"Vale tem produ\u00e7\u00e3o de min\u00e9rio de ferro 17,4% menor no 3\u00ba tri"},"content":{"rendered":"<p>A Vale (<strong>VALE3<\/strong>) apresentou uma produ\u00e7\u00e3o de min\u00e9rio de ferro 17,4% menor na compara\u00e7\u00e3o com o mesmo per\u00edodo do ano passado. As informa\u00e7\u00f5es foram divulgadas atrav\u00e9s de seu relat\u00f3rio de vendas nesta segunda-feira (14).<\/p>\t<div class=\"wrapper-featured-image\">\n\t\t<figure class=\"spotlightImg\">\n\n\t\t\t<picture>\n\t\t\t\t<source media=\"(max-width: 768px)\" srcset=\"https:\/\/files.sunoresearch.com.br\/n\/uploads\/2019\/05\/38588c8d-valebrumadinho-6b2bd2a39970aaa6ad1180f36ecfec89-1200x600-400x200.webp\">\n\t\t\t\t<img loading=\"lazy\" decoding=\"async\" class=\"newsContent__article__imgCapa lazyloadDisabled newsContent__article__imgCapa--noCaption\" src=\"https:\/\/files.sunoresearch.com.br\/n\/uploads\/2019\/05\/38588c8d-valebrumadinho-6b2bd2a39970aaa6ad1180f36ecfec89-1200x600-800x450.webp\" width=\"800\" height=\"450\" alt=\"Vale tem produ\u00e7\u00e3o de min\u00e9rio de ferro 17,4% menor no 3\u00ba tri\" fetchpriority=high \/>\n\t\t\t<\/picture>\n\n\t\t\t<figcaption class=\"wp-caption-text wp-caption-text--hide\">Destaques no pagamento de dividendos, Vale (VALE3) e Petrobras (PETR4) tiveram maior contribui\u00e7\u00e3o no ano de 2021 - Foto: Divulga\u00e7\u00e3o<\/figcaption>\n\t\t<\/figure>\n\t<\/div>\n\n\n\n<p>Foram produzidas 86,7 milh\u00f5es de toneladas do insumo, frente a 104,9 milh\u00f5es de toneladas na \u00e9poca. No entanto, em compara\u00e7\u00e3o com o \u00faltimo semestre, a <strong>Vale<\/strong> apresentou uma alta de 35,4% nessa categoria produtiva espec\u00edfica.<\/p>\n<p>Al\u00e9m disso, as vendas de <strong>min\u00e9rio de ferro<\/strong> totalizaram 74,03 milh\u00f5es de toneladas, 11,8% menor do que o mesmo per\u00edodo do ano passado, de acordo com o relat\u00f3rio.<\/p>\n<p>A Vale informou que o desempenho \u00e9 o reflexo do progresso cont\u00ednuo na retomada das opera\u00e7\u00f5es nos Sistemas Sul e Sudeste, al\u00e9m da forte performance operacional e da normaliza\u00e7\u00e3o dos embarques no Sistema Norte.<\/p>\n<p><a href=\"https:\/\/www.suno.com.br\/noticias\/saiba-mais-sobre-as-principais-small-caps-brasileiras\/\">Veja tamb\u00e9m: Saiba mais sobre tr\u00eas das principais Small Caps brasileiras<\/a><\/p>\n<p>Segundo a mineradora, a volta das opera\u00e7\u00f5es na mina de Brucutu e parte dos trabalhos de processamento a seco no Complexo de Vargem Grande, divulgados em junho e julho, respectivamente, tamb\u00e9m impulsionaram o resultado.<\/p>\n<p>No dia 25 de janeiro, a trag\u00e9dia do rompimento da barragem em <strong>Brumadinho<\/strong>, em Minas Gerais, fez com que a companhia suspendesse atividades em algumas unidades ao redor do Pa\u00eds.<\/p>\n<h2>Demais resultados da Vale<\/h2>\n<h3>Produ\u00e7\u00e3o de pelotas<\/h3>\n<p>A produ\u00e7\u00e3o de pelotas, no terceiro trimestre, foi de 11,13 milh\u00f5es de toneladas. O resultado \u00e9 19,8% menor na compara\u00e7\u00e3o anualizada, quando foram reportadas 13,87 milh\u00f5es de toneladas produzidas. Em rela\u00e7\u00e3o ao segundo semestre, no entanto, houve uma alta de 22,7%.<\/p>\n<h3>Produ\u00e7\u00e3o de n\u00edquel<\/h3>\n<p>A produ\u00e7\u00e3o de n\u00edquel, em rela\u00e7\u00e3o ao segundo semestre, apresentou uma alta de 14,2%, chegando a 51,4 mil toneladas. Em compara\u00e7\u00e3o com o mesmo per\u00edodo do ano passado, entretanto, a queda \u00e9 de 7,7%.<\/p>\n\t<p>\n\t\t<a href=\"https:\/\/lp.statusinvest.com.br\/ao\/assessoria-status-invest\/\" target=\"_blank\" data-element=\"shortcode-suno-banner\" title=\"Banner SUNO, clique e saiba mais\">\n\t\t\t<picture>\n\t\t\t\t<source media=\"(max-width: 500px)\" srcset=\"https:\/\/files.sunoresearch.com.br\/n\/uploads\/2024\/03\/400x300-Mobile-1.png\">\n\t\t\t\t<img class=\"newsContent__article__imgCapa newsContent__article__imgCapa--banner\"\n\t\t\t\t\tsrc=\"https:\/\/files.sunoresearch.com.br\/n\/uploads\/2024\/03\/1420-x-240-Desktop.png\"\n\t\t\t\t\tdata-promo-id=\"537299\"\t\t\t\t\t\t\t\t\t\twidth='1420' height='250'\t\t\t\t\talt=\"https:\/\/files.sunoresearch.com.br\/n\/uploads\/2024\/03\/1420-x-240-Desktop.png\"\n\t\t\t\t>\n\t\t\t<\/picture>\n\t\t<\/a>\n\t<\/p>\n\n\n<p>A Vale ressaltou ainda a autoriza\u00e7\u00e3o judicial para retomar as opera\u00e7\u00f5es de processamento e de minera\u00e7\u00e3o em On\u00e7a Puma, no Par\u00e1, concedida em setembro, foi um \u201cmarco alcan\u00e7ado para a estabilidade da produ\u00e7\u00e3o\u201d.<\/p>\n<h3>Produ\u00e7\u00e3o de carv\u00e3o<\/h3>\n<p>A produ\u00e7\u00e3o de carv\u00e3o somou 2,351 milh\u00f5es de toneladas no terceiro trimestre de 2019, cerca de 0,8% abaixo do que o segundo trimestre deste ano. A produ\u00e7\u00e3o reportada foi 26,4% inferior ao mesmo per\u00edodo de 2018, segundo o relat\u00f3rio da mineradora.<\/p>\n<h3>Produ\u00e7\u00e3o de cobalto pela Vale<\/h3>\n<p>No terceiro trimestre deste ano, a produ\u00e7\u00e3o de cobalto foi de 1,009 mil tonelada, ficando 2,2% abaixo do segundo trimestre deste ano. Al\u00e9m disso, o resultado do terceiro trimestre do ano passado foi 1,8% maior do que o reportado nesta segunda.<\/p>\n<p><a href=\"https:\/\/www.suno.com.br\/noticias\/nestle-inicia-programa-de-inovacao-com-startups\/\">Confira: Nestl\u00e9 inicia programa de inova\u00e7\u00e3o com startups<\/a><\/p>\n<p>Segundo a Vale, a produ\u00e7\u00e3o de cobalto foram reduzidas nas seguintes unidades do Canad\u00e1:<\/p>\n<ul>\n<li>Sudbury<\/li>\n<li>Thompson<\/li>\n<li>Voisey&#8217;s Bay<\/li>\n<\/ul>\n<p>Nesta segunda, a empresa tamb\u00e9m comunicou que a produ\u00e7\u00e3o de <strong><a href=\"https:\/\/www.suno.com.br\/artigos\/cotacao-ouro\/\">ouro<\/a><\/strong>, no terceiro trimestre deste ano, foi de 122 milhares de on\u00e7as. O resultado \u00e9 4,3% superior a de igual trimestre em 2018.<\/p>\n<p>Nesta segunda, pr\u00f3ximo das 11h30, as a\u00e7\u00f5es da <strong>Vale<\/strong> na <a href=\"https:\/\/www.suno.com.br\/artigos\/b3\/\">Bolsa de Valores de S\u00e3o Paulo<\/a> apresentam uma queda de 1,67%, sendo cotadas a R$ 47,83.<\/p>\n","protected":false},"excerpt":{"rendered":"<p>A Vale (VALE3) apresentou uma produ\u00e7\u00e3o de min\u00e9rio de ferro 17,4% menor na compara\u00e7\u00e3o com o mesmo per\u00edodo do ano passado. As informa\u00e7\u00f5es foram divulgadas atrav\u00e9s de seu relat\u00f3rio de vendas nesta segunda-feira (14). Destaques no pagamento de dividendos, Vale (VALE3) e Petrobras (PETR4) tiveram maior contribui\u00e7\u00e3o no ano de 2021 &#8211; Foto: Divulga\u00e7\u00e3o Foram [&hellip;]<\/p>\n","protected":false},"author":24,"featured_media":23715,"comment_status":"closed","ping_status":"closed","sticky":false,"template":"","format":"standard","meta":[],"categories":[64],"tags":[825,676],"suno_strategy":[],"class_list":["post-40961","post","type-post","status-publish","format-standard","has-post-thumbnail","hentry","category-negocios","tag-minerio-de-ferro","tag-vale-vale3"],"yoast_head":"<!-- This site is optimized with the Yoast SEO plugin v24.4 - https:\/\/yoast.com\/wordpress\/plugins\/seo\/ -->\n<title>Vale tem produ\u00e7\u00e3o de min\u00e9rio de ferro 17,4% menor no 3\u00ba tri<\/title>\n<meta name=\"description\" content=\"A Vale, atrav\u00e9s de seu relat\u00f3rio de vendas divulgado nesta segunda-feira (14), reportou uma produ\u00e7\u00e3o de min\u00e9rio de ferro menor. Saiba mais.\" \/>\n<meta name=\"robots\" content=\"index, follow, max-snippet:-1, max-image-preview:large, max-video-preview:-1\" \/>\n<link rel=\"canonical\" href=\"https:\/\/www.suno.com.br\/noticias\/vale-tem-producao-de-minerio-de-ferro-menor-3o-tri\/\" \/>\n<meta property=\"og:locale\" content=\"pt_BR\" \/>\n<meta property=\"og:type\" content=\"article\" \/>\n<meta property=\"og:title\" content=\"Vale tem produ\u00e7\u00e3o de min\u00e9rio de ferro 17,4% menor no 3\u00ba tri\" \/>\n<meta property=\"og:description\" content=\"A Vale, atrav\u00e9s de seu relat\u00f3rio de vendas divulgado nesta segunda-feira (14), reportou uma produ\u00e7\u00e3o de min\u00e9rio de ferro menor. Saiba mais.\" \/>\n<meta property=\"og:url\" content=\"https:\/\/www.suno.com.br\/noticias\/vale-tem-producao-de-minerio-de-ferro-menor-3o-tri\/\" \/>\n<meta property=\"og:site_name\" content=\"Suno Not\u00edcias\" \/>\n<meta property=\"article:publisher\" content=\"https:\/\/facebook.com\/sunoresearch\" \/>\n<meta property=\"og:image\" content=\"https:\/\/files.sunoresearch.com.br\/n\/uploads\/2019\/05\/38588c8d-valebrumadinho-6b2bd2a39970aaa6ad1180f36ecfec89-1200x600.jpg\" \/>\n\t<meta property=\"og:image:width\" content=\"1200\" \/>\n\t<meta property=\"og:image:height\" content=\"600\" \/>\n\t<meta property=\"og:image:type\" content=\"image\/jpeg\" \/>\n<meta name=\"author\" content=\"Jader Lazarini\" \/>\n<meta name=\"twitter:card\" content=\"summary_large_image\" \/>\n<meta name=\"twitter:creator\" content=\"@sunoresearch\" \/>\n<meta name=\"twitter:site\" content=\"@sunoresearch\" \/>\n<meta name=\"twitter:label1\" content=\"Escrito por\" \/>\n\t<meta name=\"twitter:data1\" content=\"Jader Lazarini\" \/>\n\t<meta name=\"twitter:label2\" content=\"Est. tempo de leitura\" \/>\n\t<meta name=\"twitter:data2\" content=\"3 minutos\" \/>\n<script type=\"application\/ld+json\" class=\"yoast-schema-graph\">{\"@context\":\"https:\/\/schema.org\",\"@graph\":[{\"@type\":\"NewsArticle\",\"@id\":\"https:\/\/www.suno.com.br\/noticias\/vale-tem-producao-de-minerio-de-ferro-menor-3o-tri\/#article\",\"isPartOf\":{\"@id\":\"https:\/\/www.suno.com.br\/noticias\/vale-tem-producao-de-minerio-de-ferro-menor-3o-tri\/\"},\"author\":{\"name\":\"Jader Lazarini\",\"@id\":\"https:\/\/www.suno.com.br\/noticias\/#\/schema\/person\/918d79de1f0281f01599b93f9ea6e23f\"},\"headline\":\"Vale tem produ\u00e7\u00e3o de min\u00e9rio de ferro 17,4% menor no 3\u00ba tri\",\"datePublished\":\"2019-10-14T14:37:16+00:00\",\"dateModified\":\"2019-10-15T16:07:36+00:00\",\"mainEntityOfPage\":{\"@id\":\"https:\/\/www.suno.com.br\/noticias\/vale-tem-producao-de-minerio-de-ferro-menor-3o-tri\/\"},\"wordCount\":549,\"publisher\":{\"@id\":\"https:\/\/www.suno.com.br\/noticias\/#organization\"},\"image\":{\"@id\":\"https:\/\/www.suno.com.br\/noticias\/vale-tem-producao-de-minerio-de-ferro-menor-3o-tri\/#primaryimage\"},\"thumbnailUrl\":\"https:\/\/files.sunoresearch.com.br\/n\/uploads\/2019\/05\/38588c8d-valebrumadinho-6b2bd2a39970aaa6ad1180f36ecfec89-1200x600-jpg.webp\",\"keywords\":[\"min\u00e9rio de ferro\",\"Vale (VALE3)\"],\"articleSection\":[\"Neg\u00f3cios\"],\"inLanguage\":\"pt-BR\"},{\"@type\":\"WebPage\",\"@id\":\"https:\/\/www.suno.com.br\/noticias\/vale-tem-producao-de-minerio-de-ferro-menor-3o-tri\/\",\"url\":\"https:\/\/www.suno.com.br\/noticias\/vale-tem-producao-de-minerio-de-ferro-menor-3o-tri\/\",\"name\":\"Vale tem produ\u00e7\u00e3o de min\u00e9rio de ferro 17,4% menor no 3\u00ba tri\",\"isPartOf\":{\"@id\":\"https:\/\/www.suno.com.br\/noticias\/#website\"},\"primaryImageOfPage\":{\"@id\":\"https:\/\/www.suno.com.br\/noticias\/vale-tem-producao-de-minerio-de-ferro-menor-3o-tri\/#primaryimage\"},\"image\":{\"@id\":\"https:\/\/www.suno.com.br\/noticias\/vale-tem-producao-de-minerio-de-ferro-menor-3o-tri\/#primaryimage\"},\"thumbnailUrl\":\"https:\/\/files.sunoresearch.com.br\/n\/uploads\/2019\/05\/38588c8d-valebrumadinho-6b2bd2a39970aaa6ad1180f36ecfec89-1200x600-jpg.webp\",\"datePublished\":\"2019-10-14T14:37:16+00:00\",\"dateModified\":\"2019-10-15T16:07:36+00:00\",\"description\":\"A Vale, atrav\u00e9s de seu relat\u00f3rio de vendas divulgado nesta segunda-feira (14), reportou uma produ\u00e7\u00e3o de min\u00e9rio de ferro menor. Saiba mais.\",\"breadcrumb\":{\"@id\":\"https:\/\/www.suno.com.br\/noticias\/vale-tem-producao-de-minerio-de-ferro-menor-3o-tri\/#breadcrumb\"},\"inLanguage\":\"pt-BR\",\"potentialAction\":[{\"@type\":\"ReadAction\",\"target\":[\"https:\/\/www.suno.com.br\/noticias\/vale-tem-producao-de-minerio-de-ferro-menor-3o-tri\/\"]}]},{\"@type\":\"ImageObject\",\"inLanguage\":\"pt-BR\",\"@id\":\"https:\/\/www.suno.com.br\/noticias\/vale-tem-producao-de-minerio-de-ferro-menor-3o-tri\/#primaryimage\",\"url\":\"https:\/\/files.sunoresearch.com.br\/n\/uploads\/2019\/05\/38588c8d-valebrumadinho-6b2bd2a39970aaa6ad1180f36ecfec89-1200x600-jpg.webp\",\"contentUrl\":\"https:\/\/files.sunoresearch.com.br\/n\/uploads\/2019\/05\/38588c8d-valebrumadinho-6b2bd2a39970aaa6ad1180f36ecfec89-1200x600-jpg.webp\",\"width\":1200,\"height\":600,\"caption\":\"Destaques no pagamento de dividendos, Vale (VALE3) e Petrobras (PETR4) tiveram maior contribui\u00e7\u00e3o no ano de 2021 - Foto: Divulga\u00e7\u00e3o\"},{\"@type\":\"BreadcrumbList\",\"@id\":\"https:\/\/www.suno.com.br\/noticias\/vale-tem-producao-de-minerio-de-ferro-menor-3o-tri\/#breadcrumb\",\"itemListElement\":[{\"@type\":\"ListItem\",\"position\":1,\"name\":\"Not\u00edcias\",\"item\":\"https:\/\/www.suno.com.br\/noticias\/\"},{\"@type\":\"ListItem\",\"position\":2,\"name\":\"Neg\u00f3cios\",\"item\":\"https:\/\/www.suno.com.br\/noticias\/negocios\/\"},{\"@type\":\"ListItem\",\"position\":3,\"name\":\"Vale tem produ\u00e7\u00e3o de min\u00e9rio de ferro 17,4% menor no 3\u00ba tri\"}]},{\"@type\":\"WebSite\",\"@id\":\"https:\/\/www.suno.com.br\/noticias\/#website\",\"url\":\"https:\/\/www.suno.com.br\/noticias\/\",\"name\":\"Suno Not\u00edcias\",\"description\":\"Seu portal de informa\u00e7\u00e3o sobre o mundo dos investimentos\",\"publisher\":{\"@id\":\"https:\/\/www.suno.com.br\/noticias\/#organization\"},\"potentialAction\":[{\"@type\":\"SearchAction\",\"target\":{\"@type\":\"EntryPoint\",\"urlTemplate\":\"https:\/\/www.suno.com.br\/noticias\/?s={search_term_string}\"},\"query-input\":{\"@type\":\"PropertyValueSpecification\",\"valueRequired\":true,\"valueName\":\"search_term_string\"}}],\"inLanguage\":\"pt-BR\"},{\"@type\":\"Organization\",\"@id\":\"https:\/\/www.suno.com.br\/noticias\/#organization\",\"name\":\"Suno Not\u00edcias\",\"url\":\"https:\/\/www.suno.com.br\/noticias\/\",\"logo\":{\"@type\":\"ImageObject\",\"inLanguage\":\"pt-BR\",\"@id\":\"https:\/\/www.suno.com.br\/noticias\/#\/schema\/logo\/image\/\",\"url\":\"https:\/\/files.sunoresearch.com.br\/n\/uploads\/2021\/09\/suno-logo.png\",\"contentUrl\":\"https:\/\/files.sunoresearch.com.br\/n\/uploads\/2021\/09\/suno-logo.png\",\"width\":180,\"height\":180,\"caption\":\"Suno Not\u00edcias\"},\"image\":{\"@id\":\"https:\/\/www.suno.com.br\/noticias\/#\/schema\/logo\/image\/\"},\"sameAs\":[\"https:\/\/facebook.com\/sunoresearch\",\"https:\/\/x.com\/sunoresearch\",\"https:\/\/www.instagram.com\/suno\",\"https:\/\/www.linkedin.com\/company\/suno-research\/\",\"https:\/\/www.youtube.com\/c\/sunoresearch\"]},{\"@type\":\"Person\",\"@id\":\"https:\/\/www.suno.com.br\/noticias\/#\/schema\/person\/918d79de1f0281f01599b93f9ea6e23f\",\"name\":\"Jader Lazarini\",\"image\":{\"@type\":\"ImageObject\",\"inLanguage\":\"pt-BR\",\"@id\":\"https:\/\/www.suno.com.br\/noticias\/#\/schema\/person\/image\/\",\"url\":\"https:\/\/secure.gravatar.com\/avatar\/3c1ad8caa51589841baeb923fcddea97?s=96&r=g\",\"contentUrl\":\"https:\/\/secure.gravatar.com\/avatar\/3c1ad8caa51589841baeb923fcddea97?s=96&r=g\",\"caption\":\"Jader Lazarini\"},\"description\":\"Jader Lazarini escreve sobre investimentos, finan\u00e7as, economia e neg\u00f3cios. \u00c9 bacharel em Rela\u00e7\u00f5es Internacionais e analista CNPI (2619).\",\"url\":\"https:\/\/www.suno.com.br\/noticias\/author\/jader-lazarini\/\"}]}<\/script>\n<!-- \/ Yoast SEO plugin. -->","yoast_head_json":{"title":"Vale tem produ\u00e7\u00e3o de min\u00e9rio de ferro 17,4% menor no 3\u00ba tri","description":"A Vale, atrav\u00e9s de seu relat\u00f3rio de vendas divulgado nesta segunda-feira (14), reportou uma produ\u00e7\u00e3o de min\u00e9rio de ferro menor. Saiba mais.","robots":{"index":"index","follow":"follow","max-snippet":"max-snippet:-1","max-image-preview":"max-image-preview:large","max-video-preview":"max-video-preview:-1"},"canonical":"https:\/\/www.suno.com.br\/noticias\/vale-tem-producao-de-minerio-de-ferro-menor-3o-tri\/","og_locale":"pt_BR","og_type":"article","og_title":"Vale tem produ\u00e7\u00e3o de min\u00e9rio de ferro 17,4% menor no 3\u00ba tri","og_description":"A Vale, atrav\u00e9s de seu relat\u00f3rio de vendas divulgado nesta segunda-feira (14), reportou uma produ\u00e7\u00e3o de min\u00e9rio de ferro menor. Saiba mais.","og_url":"https:\/\/www.suno.com.br\/noticias\/vale-tem-producao-de-minerio-de-ferro-menor-3o-tri\/","og_site_name":"Suno Not\u00edcias","article_publisher":"https:\/\/facebook.com\/sunoresearch","og_image":[{"width":1200,"height":600,"url":"https:\/\/files.sunoresearch.com.br\/n\/uploads\/2019\/05\/38588c8d-valebrumadinho-6b2bd2a39970aaa6ad1180f36ecfec89-1200x600.jpg","type":"image\/jpeg"}],"author":"Jader Lazarini","twitter_card":"summary_large_image","twitter_creator":"@sunoresearch","twitter_site":"@sunoresearch","twitter_misc":{"Escrito por":"Jader Lazarini","Est. tempo de leitura":"3 minutos"},"schema":{"@context":"https:\/\/schema.org","@graph":[{"@type":"NewsArticle","@id":"https:\/\/www.suno.com.br\/noticias\/vale-tem-producao-de-minerio-de-ferro-menor-3o-tri\/#article","isPartOf":{"@id":"https:\/\/www.suno.com.br\/noticias\/vale-tem-producao-de-minerio-de-ferro-menor-3o-tri\/"},"author":{"name":"Jader Lazarini","@id":"https:\/\/www.suno.com.br\/noticias\/#\/schema\/person\/918d79de1f0281f01599b93f9ea6e23f"},"headline":"Vale tem produ\u00e7\u00e3o de min\u00e9rio de ferro 17,4% menor no 3\u00ba tri","datePublished":"2019-10-14T14:37:16+00:00","dateModified":"2019-10-15T16:07:36+00:00","mainEntityOfPage":{"@id":"https:\/\/www.suno.com.br\/noticias\/vale-tem-producao-de-minerio-de-ferro-menor-3o-tri\/"},"wordCount":549,"publisher":{"@id":"https:\/\/www.suno.com.br\/noticias\/#organization"},"image":{"@id":"https:\/\/www.suno.com.br\/noticias\/vale-tem-producao-de-minerio-de-ferro-menor-3o-tri\/#primaryimage"},"thumbnailUrl":"https:\/\/files.sunoresearch.com.br\/n\/uploads\/2019\/05\/38588c8d-valebrumadinho-6b2bd2a39970aaa6ad1180f36ecfec89-1200x600-jpg.webp","keywords":["min\u00e9rio de ferro","Vale (VALE3)"],"articleSection":["Neg\u00f3cios"],"inLanguage":"pt-BR"},{"@type":"WebPage","@id":"https:\/\/www.suno.com.br\/noticias\/vale-tem-producao-de-minerio-de-ferro-menor-3o-tri\/","url":"https:\/\/www.suno.com.br\/noticias\/vale-tem-producao-de-minerio-de-ferro-menor-3o-tri\/","name":"Vale tem produ\u00e7\u00e3o de min\u00e9rio de ferro 17,4% menor no 3\u00ba tri","isPartOf":{"@id":"https:\/\/www.suno.com.br\/noticias\/#website"},"primaryImageOfPage":{"@id":"https:\/\/www.suno.com.br\/noticias\/vale-tem-producao-de-minerio-de-ferro-menor-3o-tri\/#primaryimage"},"image":{"@id":"https:\/\/www.suno.com.br\/noticias\/vale-tem-producao-de-minerio-de-ferro-menor-3o-tri\/#primaryimage"},"thumbnailUrl":"https:\/\/files.sunoresearch.com.br\/n\/uploads\/2019\/05\/38588c8d-valebrumadinho-6b2bd2a39970aaa6ad1180f36ecfec89-1200x600-jpg.webp","datePublished":"2019-10-14T14:37:16+00:00","dateModified":"2019-10-15T16:07:36+00:00","description":"A Vale, atrav\u00e9s de seu relat\u00f3rio de vendas divulgado nesta segunda-feira (14), reportou uma produ\u00e7\u00e3o de min\u00e9rio de ferro menor. Saiba mais.","breadcrumb":{"@id":"https:\/\/www.suno.com.br\/noticias\/vale-tem-producao-de-minerio-de-ferro-menor-3o-tri\/#breadcrumb"},"inLanguage":"pt-BR","potentialAction":[{"@type":"ReadAction","target":["https:\/\/www.suno.com.br\/noticias\/vale-tem-producao-de-minerio-de-ferro-menor-3o-tri\/"]}]},{"@type":"ImageObject","inLanguage":"pt-BR","@id":"https:\/\/www.suno.com.br\/noticias\/vale-tem-producao-de-minerio-de-ferro-menor-3o-tri\/#primaryimage","url":"https:\/\/files.sunoresearch.com.br\/n\/uploads\/2019\/05\/38588c8d-valebrumadinho-6b2bd2a39970aaa6ad1180f36ecfec89-1200x600-jpg.webp","contentUrl":"https:\/\/files.sunoresearch.com.br\/n\/uploads\/2019\/05\/38588c8d-valebrumadinho-6b2bd2a39970aaa6ad1180f36ecfec89-1200x600-jpg.webp","width":1200,"height":600,"caption":"Destaques no pagamento de dividendos, Vale (VALE3) e Petrobras (PETR4) tiveram maior contribui\u00e7\u00e3o no ano de 2021 - Foto: Divulga\u00e7\u00e3o"},{"@type":"BreadcrumbList","@id":"https:\/\/www.suno.com.br\/noticias\/vale-tem-producao-de-minerio-de-ferro-menor-3o-tri\/#breadcrumb","itemListElement":[{"@type":"ListItem","position":1,"name":"Not\u00edcias","item":"https:\/\/www.suno.com.br\/noticias\/"},{"@type":"ListItem","position":2,"name":"Neg\u00f3cios","item":"https:\/\/www.suno.com.br\/noticias\/negocios\/"},{"@type":"ListItem","position":3,"name":"Vale tem produ\u00e7\u00e3o de min\u00e9rio de ferro 17,4% menor no 3\u00ba tri"}]},{"@type":"WebSite","@id":"https:\/\/www.suno.com.br\/noticias\/#website","url":"https:\/\/www.suno.com.br\/noticias\/","name":"Suno Not\u00edcias","description":"Seu portal de informa\u00e7\u00e3o sobre o mundo dos investimentos","publisher":{"@id":"https:\/\/www.suno.com.br\/noticias\/#organization"},"potentialAction":[{"@type":"SearchAction","target":{"@type":"EntryPoint","urlTemplate":"https:\/\/www.suno.com.br\/noticias\/?s={search_term_string}"},"query-input":{"@type":"PropertyValueSpecification","valueRequired":true,"valueName":"search_term_string"}}],"inLanguage":"pt-BR"},{"@type":"Organization","@id":"https:\/\/www.suno.com.br\/noticias\/#organization","name":"Suno Not\u00edcias","url":"https:\/\/www.suno.com.br\/noticias\/","logo":{"@type":"ImageObject","inLanguage":"pt-BR","@id":"https:\/\/www.suno.com.br\/noticias\/#\/schema\/logo\/image\/","url":"https:\/\/files.sunoresearch.com.br\/n\/uploads\/2021\/09\/suno-logo.png","contentUrl":"https:\/\/files.sunoresearch.com.br\/n\/uploads\/2021\/09\/suno-logo.png","width":180,"height":180,"caption":"Suno Not\u00edcias"},"image":{"@id":"https:\/\/www.suno.com.br\/noticias\/#\/schema\/logo\/image\/"},"sameAs":["https:\/\/facebook.com\/sunoresearch","https:\/\/x.com\/sunoresearch","https:\/\/www.instagram.com\/suno","https:\/\/www.linkedin.com\/company\/suno-research\/","https:\/\/www.youtube.com\/c\/sunoresearch"]},{"@type":"Person","@id":"https:\/\/www.suno.com.br\/noticias\/#\/schema\/person\/918d79de1f0281f01599b93f9ea6e23f","name":"Jader Lazarini","image":{"@type":"ImageObject","inLanguage":"pt-BR","@id":"https:\/\/www.suno.com.br\/noticias\/#\/schema\/person\/image\/","url":"https:\/\/secure.gravatar.com\/avatar\/3c1ad8caa51589841baeb923fcddea97?s=96&r=g","contentUrl":"https:\/\/secure.gravatar.com\/avatar\/3c1ad8caa51589841baeb923fcddea97?s=96&r=g","caption":"Jader Lazarini"},"description":"Jader Lazarini escreve sobre investimentos, finan\u00e7as, economia e neg\u00f3cios. \u00c9 bacharel em Rela\u00e7\u00f5es Internacionais e analista CNPI (2619).","url":"https:\/\/www.suno.com.br\/noticias\/author\/jader-lazarini\/"}]}},"default_loop_html":"<div class=\"cardsPage__listCard__boxs\"><div class=\"cardsPage__listCard__boxs__img\"><a href=\"https:\/\/www.suno.com.br\/noticias\/vale-tem-producao-de-minerio-de-ferro-menor-3o-tri\/\"><img class=\"mask\" src=\"https:\/\/www.suno.com.br\/noticias\/wp-content\/themes\/suno\/resources\/images\/spotlight\/spotlight1img\/bg-mask.png\" alt=\"Image Mask\"\/><img src=\"https:\/\/files.sunoresearch.com.br\/n\/uploads\/2019\/05\/38588c8d-valebrumadinho-6b2bd2a39970aaa6ad1180f36ecfec89-1200x600-400x200.webp\" alt=\"Vale tem produ\u00e7\u00e3o de min\u00e9rio de ferro 17,4% menor no 3\u00ba tri\"\/><\/a><span class=\"spotlightCategory\"><a href=\"https:\/\/www.suno.com.br\/noticias\/negocios\/\">Neg\u00f3cios<\/a><\/span><\/div><div class=\"cardsPage__listCard__boxs__content\"><a href=\"https:\/\/www.suno.com.br\/noticias\/vale-tem-producao-de-minerio-de-ferro-menor-3o-tri\/\"><h2 class=\"content__title\">Vale tem produ\u00e7\u00e3o de min\u00e9rio de ferro 17,4% menor no 3\u00ba tri<\/h2><\/a><div class=\"newsContent__article__meta\"><div class=\"newsContent__article__meta__authorBox\"><a href=\"https:\/\/www.suno.com.br\/noticias\/author\/jader-lazarini\/\" class=\"authorBox__avatar noMobi\"><img src=\"https:\/\/files.sunoresearch.com.br\/n\/uploads\/2021\/01\/178e6598-foto-perfil-2-150x150.jpg\" alt=\"Jader Lazarini\"><\/a><div class=\"authorBox__name\"><span>por\n\t\t\t<a href=\"https:\/\/www.suno.com.br\/noticias\/author\/jader-lazarini\/\"><span itemprop=\"author\">Jader Lazarini<\/span><\/a><\/span><time datetime=\"2019-10-14T11:37:16-03:00\" itemprop=\"datePublished\">14\/10\/2019 11:37<\/time><\/div><\/div><\/div><\/div><\/div>","single_layout":"posts","amp_enabled":true,"_links":{"self":[{"href":"https:\/\/www.suno.com.br\/noticias\/wp-json\/wp\/v2\/posts\/40961"}],"collection":[{"href":"https:\/\/www.suno.com.br\/noticias\/wp-json\/wp\/v2\/posts"}],"about":[{"href":"https:\/\/www.suno.com.br\/noticias\/wp-json\/wp\/v2\/types\/post"}],"author":[{"embeddable":true,"href":"https:\/\/www.suno.com.br\/noticias\/wp-json\/wp\/v2\/users\/24"}],"replies":[{"embeddable":true,"href":"https:\/\/www.suno.com.br\/noticias\/wp-json\/wp\/v2\/comments?post=40961"}],"version-history":[{"count":0,"href":"https:\/\/www.suno.com.br\/noticias\/wp-json\/wp\/v2\/posts\/40961\/revisions"}],"wp:featuredmedia":[{"embeddable":true,"href":"https:\/\/www.suno.com.br\/noticias\/wp-json\/wp\/v2\/media\/23715"}],"wp:attachment":[{"href":"https:\/\/www.suno.com.br\/noticias\/wp-json\/wp\/v2\/media?parent=40961"}],"wp:term":[{"taxonomy":"category","embeddable":true,"href":"https:\/\/www.suno.com.br\/noticias\/wp-json\/wp\/v2\/categories?post=40961"},{"taxonomy":"post_tag","embeddable":true,"href":"https:\/\/www.suno.com.br\/noticias\/wp-json\/wp\/v2\/tags?post=40961"},{"taxonomy":"suno_strategy","embeddable":true,"href":"https:\/\/www.suno.com.br\/noticias\/wp-json\/wp\/v2\/suno_strategy?post=40961"}],"curies":[{"name":"wp","href":"https:\/\/api.w.org\/{rel}","templated":true}]}}