{"id":409596,"date":"2023-05-26T17:23:23","date_gmt":"2023-05-26T20:23:23","guid":{"rendered":"https:\/\/www.suno.com.br\/noticias\/?p=409596"},"modified":"2023-05-26T17:23:28","modified_gmt":"2023-05-26T20:23:28","slug":"meta-m1ta34-comprometeu-dados-publicidade","status":"publish","type":"post","link":"https:\/\/www.suno.com.br\/noticias\/meta-m1ta34-comprometeu-dados-publicidade\/","title":{"rendered":"Meta (M1TA34) se comprometeu a &#8216;amenizar&#8217; uso de dados de publicidade, diz regulador do Reino Unido"},"content":{"rendered":"<p>A <strong>Meta<\/strong> (<a href=\"https:\/\/www.suno.com.br\/bdrs\/m1ta34\/\" target=\"_blank\" rel=\"noreferrer noopener\">M1TA34<\/a>), holding que det\u00e9m o Facebook, o WhatsApp e o Instagram, se comprometeu a limitar o uso de dados de an\u00fancios de outras empresas, segundo o \u00f3rg\u00e3o que regula a concorr\u00eancia no Reino Unido.<\/p><div class=\"videoFull \">\n\t\t\t<div class=\"videoWrapper yt-lazyload center\"\n\t\t\t\tdata-width=\"960\"\n\t\t\t\tdata-height=\"540\"\n\t\t\t\tdata-id=\"SYcRCuH78IQ\"\n\t\t\t\tdata-alt=\"V\u00eddeo do YouTube - clique para reproduzir\"\n\t\t\t\tdata-logo=\"3\"\n\t\t\t\tdata-imagequality=\"maxres\">\n\t\t\t<\/div>\n\t\t<\/div><script type=\"application\/ld+json\">{\"@context\":\"https:\/\/schema.org\",\"@type\":\"VideoObject\",\"name\":\"Lula corta impostos para carros novos | IPCA-15 'fraco' ajuda Magalu (MGLU3) e Via (VIIA3)\",\"description\":\"#carro #carros #autom\u00f3vel #lula #impostos #ipca #infla\u00e7\u00e3o #mglu3 #viia3 #mercadofinanceiro #investimentos #bolsadevalores #ibovespa #d\u00f3lar #livedas19h Participe do Suno Invest: https:\/\/lp.suno.com.br\/pv\/suno-invest-2023\/ O Ibovespa pegou carona nos n\u00fameros positivos do IPCA-15 e voltou para o patamar dos 110 mil pontos nesta quinta (25), quando terminou o preg\u00e3o em alta de 1,15%, aos 110.054,38 pontos \u2014 o volume\u2026\",\"duration\":\"PT50M53S\",\"embedUrl\":\"https:\/\/www.youtube.com\/embed\/SYcRCuH78IQ\",\"regionsAllowed\":\"pt-BR\",\"interactionStatistic\":{\"@type\":\"InteractionCounter\",\"interactionType\":{\"@type\":\"WatchAction\"},\"userInteractionCount\":2693},\"thumbnailUrl\":\"https:\/\/i.ytimg.com\/vi\/SYcRCuH78IQ\/default.jpg\",\"uploadDate\":\"2023-05-25T22:57:31Z\"}<\/script>\n\n\n\n\n\t<p>\n\t\t<a href=\"https:\/\/lp.suno.com.br\/ebook-como-analisar-uma-acao\/\" target=\"_blank\" data-element=\"shortcode-suno-banner\" title=\"Banner SUNO, clique e saiba mais\">\n\t\t\t<picture>\n\t\t\t\t<source media=\"(max-width: 500px)\" srcset=\"https:\/\/files.sunoresearch.com.br\/n\/uploads\/2023\/03\/Ebook-Acoes-Mobile.jpg\">\n\t\t\t\t<img class=\"newsContent__article__imgCapa newsContent__article__imgCapa--banner\"\n\t\t\t\t\tsrc=\"https:\/\/files.sunoresearch.com.br\/n\/uploads\/2023\/03\/Ebook-Acoes-Desktop.jpg\"\n\t\t\t\t\tdata-promo-id=\"378302\"\t\t\t\t\t\t\t\t\t\twidth='1420' height='286'\t\t\t\t\talt=\"https:\/\/files.sunoresearch.com.br\/n\/uploads\/2023\/03\/Ebook-Acoes-Desktop.jpg\"\n\t\t\t\t>\n\t\t\t<\/picture>\n\t\t<\/a>\n\t<\/p>\n\n\n\n\n\n<p>A Meta concordou em n\u00e3o utilizar os dados de publicidade dos concorrentes em seu servi\u00e7o de an\u00fancios classificados, o <strong>Facebook <\/strong>Marketplace, e restringir o uso de dados de an\u00fancios para o desenvolvimento de outros produtos concorrentes no Reino Unido. Se aceitos, os anunciantes concorrentes poder\u00e3o recusar o uso de seus dados pela Meta.<\/p>\n\n\n\n<p>O regulador est\u00e1 consultando os compromissos propostos e encerrar\u00e1 a consulta hoje. <\/p>\n\n\n\n<p>A investiga\u00e7\u00e3o foi iniciada em junho de 2021 devido a preocupa\u00e7\u00f5es de que a Meta estivesse utilizando dados de anunciantes para desenvolver produtos concorrentes.<\/p>\n\n\n\n<p>A Meta \u00e9 a maior fornecedora de publicidade em exibi\u00e7\u00e3o digital no Reino Unido, com receitas de 4 bilh\u00f5es a 5 bilh\u00f5es de libras em 2021.<\/p>\n\n\n\t<p>\n\t\t<a href=\"https:\/\/lp.suno.com.br\/ebook-gratuito-investindo-no-exterior\/\" target=\"_blank\" data-element=\"shortcode-suno-banner\" title=\"Banner SUNO, clique e saiba mais\">\n\t\t\t<picture>\n\t\t\t\t<source media=\"(max-width: 500px)\" srcset=\"https:\/\/files.sunoresearch.com.br\/n\/uploads\/2023\/03\/400x300-Investindo-no-exterior.png\">\n\t\t\t\t<img class=\"newsContent__article__imgCapa newsContent__article__imgCapa--banner\"\n\t\t\t\t\tsrc=\"https:\/\/files.sunoresearch.com.br\/n\/uploads\/2023\/03\/1420x240-Investindo-no-exterior.png\"\n\t\t\t\t\tdata-promo-id=\"383161\"\t\t\t\t\t\t\t\t\t\twidth='1420' height='240'\t\t\t\t\talt=\"https:\/\/files.sunoresearch.com.br\/n\/uploads\/2023\/03\/1420x240-Investindo-no-exterior.png\"\n\t\t\t\t>\n\t\t\t<\/picture>\n\t\t<\/a>\n\t<\/p>\n\n\n\n\n\n<h2 class=\"wp-block-heading\">Meta fez rodada de demiss\u00f5es<\/h2>\n\n\n\n<p>Nesta quinta (25) a companhia iniciou mais uma <a href=\"https:\/\/www.suno.com.br\/noticias\/disney-disb34-nova-rodada-demissoes-cortes-seguem\/\" target=\"_blank\" rel=\"noreferrer noopener\">rodada de demiss\u00f5es<\/a>.<\/p>\n\n\n\n<p>O <strong>corte de funcion\u00e1rios<\/strong> prev\u00ea chegar \u00e0 marca de 10 mil desligamentos, conforme anunciado pela Meta ainda em meados de mar\u00e7o.<\/p>\n\n\n\n<p>A expectativa \u00e9 de que essa nova leva de <strong><a href=\"https:\/\/www.suno.com.br\/noticias\/web-stories\/bridgestone-demissao-abc-paulista-pneus\/\">demiss\u00f5es<\/a><\/strong> afete um total de 6 mil funcion\u00e1rios. Foram atingidos cargos de alto escal\u00e3o e n\u00e3o somente os que estavam vinculados \u00e0 parte de tecnologia da empresa. Al\u00e9m disso, no Brasil e na Am\u00e9rica Latina as equipes de comunica\u00e7\u00e3o foram impactadas.<\/p>\n\n\n\n<p><a href=\"https:\/\/www.suno.com.br\/noticias\/web-stories\/como-mark-zuckerberg-aumentou-sua-fortuna-em-us125-bilhoes-em-um-dia\/\" target=\"_blank\" rel=\"noreferrer noopener\">Zuckerberg <\/a>disse que deve &#8216;reestruturar a empresa substancialmente&#8217; e retornar a uma &#8220;propor\u00e7\u00e3o mais ideal de engenheiros para outras fun\u00e7\u00f5es&#8221;.<\/p>\n\n\n\n<p>Vale lembrar que ainda em meados de novembro de 2022, a empresa de Zuckerberg j\u00e1 havia anunciado 11 mil cortes, o que representava cerca de 13% da for\u00e7a de trabalho total da empresa \u00e0 \u00e9poca. <\/p>\n\n\n\n<p>A decis\u00e3o se deu em meio \u00e0s declara\u00e7\u00f5es do presidente e fundador da empresa de que 2023 \u00e9 o &#8220;ano da efici\u00eancia&#8221;, e se tratou da primeira demiss\u00e3o em massa dentre as companhias de tecnologia.<\/p>\n\n\n\n<p>A companhia tamb\u00e9m sofreu na Nasdaq em 2022, junto com algumas outras gigantes de tecnologia, dado o contexto macroecon\u00f4mico.<\/p>\n\n\n\n<p>Al\u00e9m disso, a empresa viu um ceticismo do mercado quando aos resultados do Metaverso &#8211; alvo de investimento bilion\u00e1rios pela companhia &#8211; e sofre com uma queda gradual e consecutiva de receita, inclusive com an\u00fancios digitais.<\/p>\n\n\n\n<p>Com isso, as a\u00e7\u00f5es da <strong>Meta<\/strong> apresentam uma queda de mais de 72% no acumulado de janeiro a outubro do ano em quest\u00e3o. Em 2023, a <a class=\"suno-keyword\" data-force=\"no\" data-priority=\"1\" href=\"https:\/\/www.suno.com.br\/artigos\/big-tech\/\" target=\"_blank\" rel=\"noopener\">big tech<\/a> apresenta uma recupera\u00e7\u00e3o, e os pap\u00e9is sobem 99% desde janeiro.<\/p>\n\n\n\n<p>Com Estad\u00e3o Conte\u00fado<\/p>\n\n\n\t<p>\n\t\t<a href=\"https:\/\/lp.suno.com.br\/suno-one\/?utm_campaign=_SNC6964518A_\" target=\"_blank\" data-element=\"shortcode-suno-banner\" title=\"Banner SUNO, clique e saiba mais\">\n\t\t\t<picture>\n\t\t\t\t<source media=\"(max-width: 500px)\" srcset=\"https:\/\/files.sunoresearch.com.br\/n\/uploads\/2025\/09\/400x300-Suno-One-png.webp\">\n\t\t\t\t<img class=\"newsContent__article__imgCapa newsContent__article__imgCapa--banner\"\n\t\t\t\t\tsrc=\"https:\/\/files.sunoresearch.com.br\/n\/uploads\/2025\/09\/1420x240-Suno-One-png.webp\"\n\t\t\t\t\tdata-promo-id=\"383121\"\t\t\t\t\t\t\t\t\t\twidth='1420' height='240'\t\t\t\t\talt=\"https:\/\/files.sunoresearch.com.br\/n\/uploads\/2025\/09\/1420x240-Suno-One-png.webp\"\n\t\t\t\t>\n\t\t\t<\/picture>\n\t\t<\/a>\n\t<\/p>\n\n\n","protected":false},"excerpt":{"rendered":"<p>A Meta (M1TA34), holding que det\u00e9m o Facebook, o WhatsApp e o Instagram, se comprometeu a limitar o uso de dados de an\u00fancios de outras empresas, segundo o \u00f3rg\u00e3o que regula a concorr\u00eancia no Reino Unido. A Meta concordou em n\u00e3o utilizar os dados de publicidade dos concorrentes em seu servi\u00e7o de an\u00fancios classificados, o [&hellip;]<\/p>\n","protected":false},"author":73,"featured_media":228434,"comment_status":"closed","ping_status":"closed","sticky":false,"template":"","format":"standard","meta":[],"categories":[63],"tags":[106444,107086],"suno_strategy":[],"class_list":["post-409596","post","type-post","status-publish","format-standard","has-post-thumbnail","hentry","category-internacional","tag-agencias","tag-meta-m1ta34"],"yoast_head":"<!-- This site is optimized with the Yoast SEO plugin v24.4 - https:\/\/yoast.com\/wordpress\/plugins\/seo\/ -->\n<title>Meta se comprometeu a &#039;amenizar&#039; uso de dados de publicidade<\/title>\n<meta name=\"description\" content=\"A Meta concordou em n\u00e3o utilizar os dados de publicidade dos concorrentes em seu servi\u00e7o de an\u00fancios classificados.\" \/>\n<meta name=\"robots\" content=\"index, follow, max-snippet:-1, max-image-preview:large, max-video-preview:-1\" \/>\n<link rel=\"canonical\" href=\"https:\/\/www.suno.com.br\/noticias\/meta-m1ta34-comprometeu-dados-publicidade\/\" \/>\n<meta property=\"og:locale\" content=\"pt_BR\" \/>\n<meta property=\"og:type\" content=\"article\" \/>\n<meta property=\"og:title\" content=\"Meta se comprometeu a &#039;amenizar&#039; uso de dados de publicidade\" \/>\n<meta property=\"og:description\" content=\"A Meta concordou em n\u00e3o utilizar os dados de publicidade dos concorrentes em seu servi\u00e7o de an\u00fancios classificados.\" \/>\n<meta property=\"og:url\" content=\"https:\/\/www.suno.com.br\/noticias\/meta-m1ta34-comprometeu-dados-publicidade\/\" \/>\n<meta property=\"og:site_name\" content=\"Suno Not\u00edcias\" \/>\n<meta property=\"article:publisher\" content=\"https:\/\/facebook.com\/sunoresearch\" \/>\n<meta property=\"og:image\" content=\"https:\/\/files.sunoresearch.com.br\/n\/uploads\/2022\/02\/zuck.jpg\" \/>\n\t<meta property=\"og:image:width\" content=\"1200\" \/>\n\t<meta property=\"og:image:height\" content=\"675\" \/>\n\t<meta property=\"og:image:type\" content=\"image\/jpeg\" \/>\n<meta name=\"author\" content=\"Eduardo Vargas\" \/>\n<meta name=\"twitter:card\" content=\"summary_large_image\" \/>\n<meta name=\"twitter:creator\" content=\"@sunoresearch\" \/>\n<meta name=\"twitter:site\" content=\"@sunoresearch\" \/>\n<meta name=\"twitter:label1\" content=\"Escrito por\" \/>\n\t<meta name=\"twitter:data1\" content=\"Eduardo Vargas\" \/>\n\t<meta name=\"twitter:label2\" content=\"Est. tempo de leitura\" \/>\n\t<meta name=\"twitter:data2\" content=\"3 minutos\" \/>\n<script type=\"application\/ld+json\" class=\"yoast-schema-graph\">{\"@context\":\"https:\/\/schema.org\",\"@graph\":[{\"@type\":\"NewsArticle\",\"@id\":\"https:\/\/www.suno.com.br\/noticias\/meta-m1ta34-comprometeu-dados-publicidade\/#article\",\"isPartOf\":{\"@id\":\"https:\/\/www.suno.com.br\/noticias\/meta-m1ta34-comprometeu-dados-publicidade\/\"},\"author\":{\"name\":\"Eduardo Vargas\",\"@id\":\"https:\/\/www.suno.com.br\/noticias\/#\/schema\/person\/7f4d362bf3518e76090143ae77bb49a5\"},\"headline\":\"Meta (M1TA34) se comprometeu a &#8216;amenizar&#8217; uso de dados de publicidade, diz regulador do Reino Unido\",\"datePublished\":\"2023-05-26T20:23:23+00:00\",\"dateModified\":\"2023-05-26T20:23:28+00:00\",\"mainEntityOfPage\":{\"@id\":\"https:\/\/www.suno.com.br\/noticias\/meta-m1ta34-comprometeu-dados-publicidade\/\"},\"wordCount\":473,\"publisher\":{\"@id\":\"https:\/\/www.suno.com.br\/noticias\/#organization\"},\"image\":{\"@id\":\"https:\/\/www.suno.com.br\/noticias\/meta-m1ta34-comprometeu-dados-publicidade\/#primaryimage\"},\"thumbnailUrl\":\"https:\/\/files.sunoresearch.com.br\/n\/uploads\/2022\/02\/zuck.jpg\",\"keywords\":[\"Ag\u00eancias\",\"Meta (M1TA34)\"],\"articleSection\":[\"Internacional\"],\"inLanguage\":\"pt-BR\"},{\"@type\":\"WebPage\",\"@id\":\"https:\/\/www.suno.com.br\/noticias\/meta-m1ta34-comprometeu-dados-publicidade\/\",\"url\":\"https:\/\/www.suno.com.br\/noticias\/meta-m1ta34-comprometeu-dados-publicidade\/\",\"name\":\"Meta se comprometeu a 'amenizar' uso de dados de publicidade\",\"isPartOf\":{\"@id\":\"https:\/\/www.suno.com.br\/noticias\/#website\"},\"primaryImageOfPage\":{\"@id\":\"https:\/\/www.suno.com.br\/noticias\/meta-m1ta34-comprometeu-dados-publicidade\/#primaryimage\"},\"image\":{\"@id\":\"https:\/\/www.suno.com.br\/noticias\/meta-m1ta34-comprometeu-dados-publicidade\/#primaryimage\"},\"thumbnailUrl\":\"https:\/\/files.sunoresearch.com.br\/n\/uploads\/2022\/02\/zuck.jpg\",\"datePublished\":\"2023-05-26T20:23:23+00:00\",\"dateModified\":\"2023-05-26T20:23:28+00:00\",\"description\":\"A Meta concordou em n\u00e3o utilizar os dados de publicidade dos concorrentes em seu servi\u00e7o de an\u00fancios classificados.\",\"breadcrumb\":{\"@id\":\"https:\/\/www.suno.com.br\/noticias\/meta-m1ta34-comprometeu-dados-publicidade\/#breadcrumb\"},\"inLanguage\":\"pt-BR\",\"potentialAction\":[{\"@type\":\"ReadAction\",\"target\":[\"https:\/\/www.suno.com.br\/noticias\/meta-m1ta34-comprometeu-dados-publicidade\/\"]}]},{\"@type\":\"ImageObject\",\"inLanguage\":\"pt-BR\",\"@id\":\"https:\/\/www.suno.com.br\/noticias\/meta-m1ta34-comprometeu-dados-publicidade\/#primaryimage\",\"url\":\"https:\/\/files.sunoresearch.com.br\/n\/uploads\/2022\/02\/zuck.jpg\",\"contentUrl\":\"https:\/\/files.sunoresearch.com.br\/n\/uploads\/2022\/02\/zuck.jpg\",\"width\":1200,\"height\":675,\"caption\":\"Mark Zuckerberg em v\u00eddeo da Meta (M1TA34). Foto: Reprodu\u00e7\u00e3o\/Meta Platforms\"},{\"@type\":\"BreadcrumbList\",\"@id\":\"https:\/\/www.suno.com.br\/noticias\/meta-m1ta34-comprometeu-dados-publicidade\/#breadcrumb\",\"itemListElement\":[{\"@type\":\"ListItem\",\"position\":1,\"name\":\"Not\u00edcias\",\"item\":\"https:\/\/www.suno.com.br\/noticias\/\"},{\"@type\":\"ListItem\",\"position\":2,\"name\":\"Internacional\",\"item\":\"https:\/\/www.suno.com.br\/noticias\/internacional\/\"},{\"@type\":\"ListItem\",\"position\":3,\"name\":\"Meta (M1TA34) se comprometeu a &#8216;amenizar&#8217; uso de dados de publicidade, diz regulador do Reino Unido\"}]},{\"@type\":\"WebSite\",\"@id\":\"https:\/\/www.suno.com.br\/noticias\/#website\",\"url\":\"https:\/\/www.suno.com.br\/noticias\/\",\"name\":\"Suno Not\u00edcias\",\"description\":\"Seu portal de informa\u00e7\u00e3o sobre o mundo dos investimentos\",\"publisher\":{\"@id\":\"https:\/\/www.suno.com.br\/noticias\/#organization\"},\"potentialAction\":[{\"@type\":\"SearchAction\",\"target\":{\"@type\":\"EntryPoint\",\"urlTemplate\":\"https:\/\/www.suno.com.br\/noticias\/?s={search_term_string}\"},\"query-input\":{\"@type\":\"PropertyValueSpecification\",\"valueRequired\":true,\"valueName\":\"search_term_string\"}}],\"inLanguage\":\"pt-BR\"},{\"@type\":\"Organization\",\"@id\":\"https:\/\/www.suno.com.br\/noticias\/#organization\",\"name\":\"Suno Not\u00edcias\",\"url\":\"https:\/\/www.suno.com.br\/noticias\/\",\"logo\":{\"@type\":\"ImageObject\",\"inLanguage\":\"pt-BR\",\"@id\":\"https:\/\/www.suno.com.br\/noticias\/#\/schema\/logo\/image\/\",\"url\":\"https:\/\/files.sunoresearch.com.br\/n\/uploads\/2021\/09\/suno-logo.png\",\"contentUrl\":\"https:\/\/files.sunoresearch.com.br\/n\/uploads\/2021\/09\/suno-logo.png\",\"width\":180,\"height\":180,\"caption\":\"Suno Not\u00edcias\"},\"image\":{\"@id\":\"https:\/\/www.suno.com.br\/noticias\/#\/schema\/logo\/image\/\"},\"sameAs\":[\"https:\/\/facebook.com\/sunoresearch\",\"https:\/\/x.com\/sunoresearch\",\"https:\/\/www.instagram.com\/suno\",\"https:\/\/www.linkedin.com\/company\/suno-research\/\",\"https:\/\/www.youtube.com\/c\/sunoresearch\"]},{\"@type\":\"Person\",\"@id\":\"https:\/\/www.suno.com.br\/noticias\/#\/schema\/person\/7f4d362bf3518e76090143ae77bb49a5\",\"name\":\"Eduardo Vargas\",\"image\":{\"@type\":\"ImageObject\",\"inLanguage\":\"pt-BR\",\"@id\":\"https:\/\/www.suno.com.br\/noticias\/#\/schema\/person\/image\/\",\"url\":\"https:\/\/secure.gravatar.com\/avatar\/dac340933427a22924c9f99d1eb2e3f2?s=96&r=g\",\"contentUrl\":\"https:\/\/secure.gravatar.com\/avatar\/dac340933427a22924c9f99d1eb2e3f2?s=96&r=g\",\"caption\":\"Eduardo Vargas\"},\"description\":\"Jornalista formado pela UFSC, cobre macroeconomia, neg\u00f3cios e startups para o Suno Not\u00edcias, escrevendo principalmente not\u00edcias sobre o mercado financeiro e a bolsa de valores. No YouTube e no Instagram, \u00e9 respons\u00e1vel pela produ\u00e7\u00e3o de Reels e Shorts do Suno Not\u00edcias. Anteriormente, trabalhou cobrindo economia e cotidiano no ND+ e para o ND, maior jornal impresso de Santa Catarina. Cursou um semestre letivo de Estudos de M\u00eddia na Universidad de Buenos Aires.\",\"url\":\"https:\/\/www.suno.com.br\/noticias\/author\/eduardo-vargas\/\"}]}<\/script>\n<!-- \/ Yoast SEO plugin. -->","yoast_head_json":{"title":"Meta se comprometeu a 'amenizar' uso de dados de publicidade","description":"A Meta concordou em n\u00e3o utilizar os dados de publicidade dos concorrentes em seu servi\u00e7o de an\u00fancios classificados.","robots":{"index":"index","follow":"follow","max-snippet":"max-snippet:-1","max-image-preview":"max-image-preview:large","max-video-preview":"max-video-preview:-1"},"canonical":"https:\/\/www.suno.com.br\/noticias\/meta-m1ta34-comprometeu-dados-publicidade\/","og_locale":"pt_BR","og_type":"article","og_title":"Meta se comprometeu a 'amenizar' uso de dados de publicidade","og_description":"A Meta concordou em n\u00e3o utilizar os dados de publicidade dos concorrentes em seu servi\u00e7o de an\u00fancios classificados.","og_url":"https:\/\/www.suno.com.br\/noticias\/meta-m1ta34-comprometeu-dados-publicidade\/","og_site_name":"Suno Not\u00edcias","article_publisher":"https:\/\/facebook.com\/sunoresearch","og_image":[{"width":1200,"height":675,"url":"https:\/\/files.sunoresearch.com.br\/n\/uploads\/2022\/02\/zuck.jpg","type":"image\/jpeg"}],"author":"Eduardo Vargas","twitter_card":"summary_large_image","twitter_creator":"@sunoresearch","twitter_site":"@sunoresearch","twitter_misc":{"Escrito por":"Eduardo Vargas","Est. tempo de leitura":"3 minutos"},"schema":{"@context":"https:\/\/schema.org","@graph":[{"@type":"NewsArticle","@id":"https:\/\/www.suno.com.br\/noticias\/meta-m1ta34-comprometeu-dados-publicidade\/#article","isPartOf":{"@id":"https:\/\/www.suno.com.br\/noticias\/meta-m1ta34-comprometeu-dados-publicidade\/"},"author":{"name":"Eduardo Vargas","@id":"https:\/\/www.suno.com.br\/noticias\/#\/schema\/person\/7f4d362bf3518e76090143ae77bb49a5"},"headline":"Meta (M1TA34) se comprometeu a &#8216;amenizar&#8217; uso de dados de publicidade, diz regulador do Reino Unido","datePublished":"2023-05-26T20:23:23+00:00","dateModified":"2023-05-26T20:23:28+00:00","mainEntityOfPage":{"@id":"https:\/\/www.suno.com.br\/noticias\/meta-m1ta34-comprometeu-dados-publicidade\/"},"wordCount":473,"publisher":{"@id":"https:\/\/www.suno.com.br\/noticias\/#organization"},"image":{"@id":"https:\/\/www.suno.com.br\/noticias\/meta-m1ta34-comprometeu-dados-publicidade\/#primaryimage"},"thumbnailUrl":"https:\/\/files.sunoresearch.com.br\/n\/uploads\/2022\/02\/zuck.jpg","keywords":["Ag\u00eancias","Meta (M1TA34)"],"articleSection":["Internacional"],"inLanguage":"pt-BR"},{"@type":"WebPage","@id":"https:\/\/www.suno.com.br\/noticias\/meta-m1ta34-comprometeu-dados-publicidade\/","url":"https:\/\/www.suno.com.br\/noticias\/meta-m1ta34-comprometeu-dados-publicidade\/","name":"Meta se comprometeu a 'amenizar' uso de dados de publicidade","isPartOf":{"@id":"https:\/\/www.suno.com.br\/noticias\/#website"},"primaryImageOfPage":{"@id":"https:\/\/www.suno.com.br\/noticias\/meta-m1ta34-comprometeu-dados-publicidade\/#primaryimage"},"image":{"@id":"https:\/\/www.suno.com.br\/noticias\/meta-m1ta34-comprometeu-dados-publicidade\/#primaryimage"},"thumbnailUrl":"https:\/\/files.sunoresearch.com.br\/n\/uploads\/2022\/02\/zuck.jpg","datePublished":"2023-05-26T20:23:23+00:00","dateModified":"2023-05-26T20:23:28+00:00","description":"A Meta concordou em n\u00e3o utilizar os dados de publicidade dos concorrentes em seu servi\u00e7o de an\u00fancios classificados.","breadcrumb":{"@id":"https:\/\/www.suno.com.br\/noticias\/meta-m1ta34-comprometeu-dados-publicidade\/#breadcrumb"},"inLanguage":"pt-BR","potentialAction":[{"@type":"ReadAction","target":["https:\/\/www.suno.com.br\/noticias\/meta-m1ta34-comprometeu-dados-publicidade\/"]}]},{"@type":"ImageObject","inLanguage":"pt-BR","@id":"https:\/\/www.suno.com.br\/noticias\/meta-m1ta34-comprometeu-dados-publicidade\/#primaryimage","url":"https:\/\/files.sunoresearch.com.br\/n\/uploads\/2022\/02\/zuck.jpg","contentUrl":"https:\/\/files.sunoresearch.com.br\/n\/uploads\/2022\/02\/zuck.jpg","width":1200,"height":675,"caption":"Mark Zuckerberg em v\u00eddeo da Meta (M1TA34). Foto: Reprodu\u00e7\u00e3o\/Meta Platforms"},{"@type":"BreadcrumbList","@id":"https:\/\/www.suno.com.br\/noticias\/meta-m1ta34-comprometeu-dados-publicidade\/#breadcrumb","itemListElement":[{"@type":"ListItem","position":1,"name":"Not\u00edcias","item":"https:\/\/www.suno.com.br\/noticias\/"},{"@type":"ListItem","position":2,"name":"Internacional","item":"https:\/\/www.suno.com.br\/noticias\/internacional\/"},{"@type":"ListItem","position":3,"name":"Meta (M1TA34) se comprometeu a &#8216;amenizar&#8217; uso de dados de publicidade, diz regulador do Reino Unido"}]},{"@type":"WebSite","@id":"https:\/\/www.suno.com.br\/noticias\/#website","url":"https:\/\/www.suno.com.br\/noticias\/","name":"Suno Not\u00edcias","description":"Seu portal de informa\u00e7\u00e3o sobre o mundo dos investimentos","publisher":{"@id":"https:\/\/www.suno.com.br\/noticias\/#organization"},"potentialAction":[{"@type":"SearchAction","target":{"@type":"EntryPoint","urlTemplate":"https:\/\/www.suno.com.br\/noticias\/?s={search_term_string}"},"query-input":{"@type":"PropertyValueSpecification","valueRequired":true,"valueName":"search_term_string"}}],"inLanguage":"pt-BR"},{"@type":"Organization","@id":"https:\/\/www.suno.com.br\/noticias\/#organization","name":"Suno Not\u00edcias","url":"https:\/\/www.suno.com.br\/noticias\/","logo":{"@type":"ImageObject","inLanguage":"pt-BR","@id":"https:\/\/www.suno.com.br\/noticias\/#\/schema\/logo\/image\/","url":"https:\/\/files.sunoresearch.com.br\/n\/uploads\/2021\/09\/suno-logo.png","contentUrl":"https:\/\/files.sunoresearch.com.br\/n\/uploads\/2021\/09\/suno-logo.png","width":180,"height":180,"caption":"Suno Not\u00edcias"},"image":{"@id":"https:\/\/www.suno.com.br\/noticias\/#\/schema\/logo\/image\/"},"sameAs":["https:\/\/facebook.com\/sunoresearch","https:\/\/x.com\/sunoresearch","https:\/\/www.instagram.com\/suno","https:\/\/www.linkedin.com\/company\/suno-research\/","https:\/\/www.youtube.com\/c\/sunoresearch"]},{"@type":"Person","@id":"https:\/\/www.suno.com.br\/noticias\/#\/schema\/person\/7f4d362bf3518e76090143ae77bb49a5","name":"Eduardo Vargas","image":{"@type":"ImageObject","inLanguage":"pt-BR","@id":"https:\/\/www.suno.com.br\/noticias\/#\/schema\/person\/image\/","url":"https:\/\/secure.gravatar.com\/avatar\/dac340933427a22924c9f99d1eb2e3f2?s=96&r=g","contentUrl":"https:\/\/secure.gravatar.com\/avatar\/dac340933427a22924c9f99d1eb2e3f2?s=96&r=g","caption":"Eduardo Vargas"},"description":"Jornalista formado pela UFSC, cobre macroeconomia, neg\u00f3cios e startups para o Suno Not\u00edcias, escrevendo principalmente not\u00edcias sobre o mercado financeiro e a bolsa de valores. No YouTube e no Instagram, \u00e9 respons\u00e1vel pela produ\u00e7\u00e3o de Reels e Shorts do Suno Not\u00edcias. Anteriormente, trabalhou cobrindo economia e cotidiano no ND+ e para o ND, maior jornal impresso de Santa Catarina. Cursou um semestre letivo de Estudos de M\u00eddia na Universidad de Buenos Aires.","url":"https:\/\/www.suno.com.br\/noticias\/author\/eduardo-vargas\/"}]}},"default_loop_html":"<div class=\"cardsPage__listCard__boxs\"><div class=\"cardsPage__listCard__boxs__img\"><a href=\"https:\/\/www.suno.com.br\/noticias\/meta-m1ta34-comprometeu-dados-publicidade\/\"><img class=\"mask\" src=\"https:\/\/www.suno.com.br\/noticias\/wp-content\/themes\/suno\/resources\/images\/spotlight\/spotlight1img\/bg-mask.png\" alt=\"Image Mask\"\/><img src=\"https:\/\/files.sunoresearch.com.br\/n\/uploads\/2022\/02\/zuck-400x200.jpg\" alt=\"Meta (M1TA34) se comprometeu a &#8216;amenizar&#8217; uso de dados de publicidade, diz regulador do Reino Unido\"\/><\/a><span class=\"spotlightCategory\"><a href=\"https:\/\/www.suno.com.br\/noticias\/internacional\/\">Internacional<\/a><\/span><\/div><div class=\"cardsPage__listCard__boxs__content\"><a href=\"https:\/\/www.suno.com.br\/noticias\/meta-m1ta34-comprometeu-dados-publicidade\/\"><h2 class=\"content__title\">Meta (M1TA34) se comprometeu a &#8216;amenizar&#8217; uso de dados de publicidade, diz regulador do Reino Unido<\/h2><\/a><div class=\"newsContent__article__meta\"><div class=\"newsContent__article__meta__authorBox\"><a href=\"https:\/\/www.suno.com.br\/noticias\/author\/eduardo-vargas\/\" class=\"authorBox__avatar noMobi\"><img src=\"https:\/\/secure.gravatar.com\/avatar\/dac340933427a22924c9f99d1eb2e3f2?s=96&#038;r=g\" alt=\"Eduardo Vargas\"><\/a><div class=\"authorBox__name\"><span>por\n\t\t\t<a href=\"https:\/\/www.suno.com.br\/noticias\/author\/eduardo-vargas\/\"><span itemprop=\"author\">Eduardo Vargas<\/span><\/a><\/span><time datetime=\"2023-05-26T17:23:23-03:00\" itemprop=\"datePublished\">26\/05\/2023 17:23<\/time><\/div><\/div><\/div><\/div><\/div>","single_layout":"posts","amp_enabled":true,"_links":{"self":[{"href":"https:\/\/www.suno.com.br\/noticias\/wp-json\/wp\/v2\/posts\/409596"}],"collection":[{"href":"https:\/\/www.suno.com.br\/noticias\/wp-json\/wp\/v2\/posts"}],"about":[{"href":"https:\/\/www.suno.com.br\/noticias\/wp-json\/wp\/v2\/types\/post"}],"author":[{"embeddable":true,"href":"https:\/\/www.suno.com.br\/noticias\/wp-json\/wp\/v2\/users\/73"}],"replies":[{"embeddable":true,"href":"https:\/\/www.suno.com.br\/noticias\/wp-json\/wp\/v2\/comments?post=409596"}],"version-history":[{"count":3,"href":"https:\/\/www.suno.com.br\/noticias\/wp-json\/wp\/v2\/posts\/409596\/revisions"}],"predecessor-version":[{"id":409656,"href":"https:\/\/www.suno.com.br\/noticias\/wp-json\/wp\/v2\/posts\/409596\/revisions\/409656"}],"wp:featuredmedia":[{"embeddable":true,"href":"https:\/\/www.suno.com.br\/noticias\/wp-json\/wp\/v2\/media\/228434"}],"wp:attachment":[{"href":"https:\/\/www.suno.com.br\/noticias\/wp-json\/wp\/v2\/media?parent=409596"}],"wp:term":[{"taxonomy":"category","embeddable":true,"href":"https:\/\/www.suno.com.br\/noticias\/wp-json\/wp\/v2\/categories?post=409596"},{"taxonomy":"post_tag","embeddable":true,"href":"https:\/\/www.suno.com.br\/noticias\/wp-json\/wp\/v2\/tags?post=409596"},{"taxonomy":"suno_strategy","embeddable":true,"href":"https:\/\/www.suno.com.br\/noticias\/wp-json\/wp\/v2\/suno_strategy?post=409596"}],"curies":[{"name":"wp","href":"https:\/\/api.w.org\/{rel}","templated":true}]}}