{"id":409594,"date":"2023-05-26T16:54:06","date_gmt":"2023-05-26T19:54:06","guid":{"rendered":"https:\/\/www.suno.com.br\/noticias\/?p=409594"},"modified":"2023-05-26T16:56:22","modified_gmt":"2023-05-26T19:56:22","slug":"shein-importacoes-pequeno-valor-queda-abr23","status":"publish","type":"post","link":"https:\/\/www.suno.com.br\/noticias\/shein-importacoes-pequeno-valor-queda-abr23\/","title":{"rendered":"Shein em risco? Brasileiros reduzem importa\u00e7\u00f5es de pequeno valor ap\u00f3s pol\u00eamica com Haddad"},"content":{"rendered":"<p>Ap\u00f3s toda a pol\u00eamica em torno da taxa\u00e7\u00e3o dos produtos importados por empresas como a <strong>Shein<\/strong>, os brasileiros colocaram o p\u00e9 no freio na hora de comprar itens do exterior. Segundo as informa\u00e7\u00f5es divulgadas nesta sexta (26) pelo <a class=\"suno-keyword\" data-force=\"yes\" data-priority=\"2\" href=\"https:\/\/www.suno.com.br\/acoes\/SANB11\/\" target=\"_blank\" rel=\"noopener\">Santander (SANB11)<\/a>, em abril, houve um recuo de 20% nessas importa\u00e7\u00f5es ante o mesmo per\u00edodo do ano passado &#8212; primeira queda registrada desde maio de 2020.<\/p>\t<div class=\"wrapper-featured-image\">\n\t\t<figure class=\"spotlightImg\">\n\n\t\t\t<picture>\n\t\t\t\t<source media=\"(max-width: 768px)\" srcset=\"https:\/\/files.sunoresearch.com.br\/n\/uploads\/2023\/04\/Shein-400x200.jpg\">\n\t\t\t\t<img loading=\"lazy\" decoding=\"async\" class=\"newsContent__article__imgCapa lazyloadDisabled \" src=\"https:\/\/files.sunoresearch.com.br\/n\/uploads\/2023\/04\/Shein-800x450.jpg\" width=\"800\" height=\"450\" alt=\"Shein em risco? Brasileiros reduzem importa\u00e7\u00f5es de pequeno valor ap\u00f3s pol\u00eamica com Haddad\" fetchpriority=high \/>\n\t\t\t<\/picture>\n\n\t\t\t<figcaption class=\"wp-caption-text wp-caption-text--show\">Shein. Foto: Divulga\u00e7\u00e3o<\/figcaption>\n\t\t<\/figure>\n\t<\/div>\n\n\n\n\n\n\t<p>\n\t\t<a href=\"https:\/\/lp.suno.com.br\/planilha-da-vida-financeira\/\" target=\"_blank\" data-element=\"shortcode-suno-banner\" title=\"Banner SUNO, clique e saiba mais\">\n\t\t\t<picture>\n\t\t\t\t<source media=\"(max-width: 500px)\" srcset=\"https:\/\/files.sunoresearch.com.br\/n\/uploads\/2023\/04\/400x300-Planilha-vida-financeira-true.png\">\n\t\t\t\t<img class=\"newsContent__article__imgCapa newsContent__article__imgCapa--banner\"\n\t\t\t\t\tsrc=\"https:\/\/files.sunoresearch.com.br\/n\/uploads\/2023\/04\/1420x240-Planilha-vida-financeira-true.png\"\n\t\t\t\t\tdata-promo-id=\"106682\"\t\t\t\t\t\t\t\t\t\twidth='1420' height='240'\t\t\t\t\talt=\"https:\/\/files.sunoresearch.com.br\/n\/uploads\/2023\/04\/1420x240-Planilha-vida-financeira-true.png\"\n\t\t\t\t>\n\t\t\t<\/picture>\n\t\t<\/a>\n\t<\/p>\n\n\n\n\n\n<p>O levantamento do Santander tem como base os dados da <strong>balan\u00e7a comercial brasileira<\/strong>, que foram divulgados hoje pelo Banco Central (BC). Como n\u00e3o existem dados oficiais sobre a opera\u00e7\u00e3o da Shein e das demais companhias no Brasil, esse ranking das importa\u00e7\u00f5es de pequeno valor serve como um &#8220;term\u00f4metro&#8221; do setor.<\/p>\n\n\n\n<p>&#8220;As <strong>importa\u00e7\u00f5es de pequeno valor<\/strong> totalizaram US$ 701 milh\u00f5es em abril\/23, queda de 20% em rela\u00e7\u00e3o ao ano anterior, marcando a primeira queda desde maio\/20&#8243;, afirmam os analistas do Santander Ruben Couto, Eric Huang e Vitor Fuziharo.<\/p>\n\n\n\n<h2 class=\"wp-block-heading\">Taxa\u00e7\u00e3o da Shein?<\/h2>\n\n\n\n<p>Na vis\u00e3o do trio, al\u00e9m do ambiente macroecon\u00f4mico desafiador, essa queda est\u00e1 ligada ao aumento das preocupa\u00e7\u00f5es dos consumidores se eles ser\u00e3o (ou n\u00e3o) <strong>taxados<\/strong> por essas compras.<\/p>\n\n\n\n<p>&#8220;Observamos que, \u00e0 medida que as discuss\u00f5es sobre a tributa\u00e7\u00e3o do com\u00e9rcio eletr\u00f4nico internacional se materializam, levando a um aumento nos pre\u00e7os desses produtos, podem existir ventos contr\u00e1rios cont\u00ednuos para empresas como<strong> Shein, Shopee e AliExpress<\/strong>, impactando positivamente as empresas locais&#8221;, comentam os especialistas,<\/p>\n\n\n\t<p>\n\t\t<a href=\"https:\/\/lp.suno.com.br\/ebook-como-analisar-uma-acao\/\" target=\"_blank\" data-element=\"shortcode-suno-banner\" title=\"Banner SUNO, clique e saiba mais\">\n\t\t\t<picture>\n\t\t\t\t<source media=\"(max-width: 500px)\" srcset=\"https:\/\/files.sunoresearch.com.br\/n\/uploads\/2023\/03\/Ebook-Acoes-Mobile.jpg\">\n\t\t\t\t<img class=\"newsContent__article__imgCapa newsContent__article__imgCapa--banner\"\n\t\t\t\t\tsrc=\"https:\/\/files.sunoresearch.com.br\/n\/uploads\/2023\/03\/Ebook-Acoes-Desktop.jpg\"\n\t\t\t\t\tdata-promo-id=\"378302\"\t\t\t\t\t\t\t\t\t\twidth='1420' height='286'\t\t\t\t\talt=\"https:\/\/files.sunoresearch.com.br\/n\/uploads\/2023\/03\/Ebook-Acoes-Desktop.jpg\"\n\t\t\t\t>\n\t\t\t<\/picture>\n\t\t<\/a>\n\t<\/p>\n\n\n\n\n\n<p>Na vis\u00e3o do trio, esses n\u00fameros e as discuss\u00f5es em torno da tributa\u00e7\u00e3o do com\u00e9rcio eletr\u00f4nico transfronteiri\u00e7o s\u00e3o positivos para empresas nacionais, &#8220;especialmente para varejistas de vestu\u00e1rio, pois provavelmente apontam para uma desacelera\u00e7\u00e3o no <strong>crescimento da Shein no Brasil<\/strong>, que tem sido vista como uma amea\u00e7a para neg\u00f3cios como <a class=\"suno-keyword\" target=\"_blank\" data-force=\"yes\" data-priority=\"2\" href=\"https:\/\/www.suno.com.br\/acoes\/LREN3\/\" rel=\"noopener\">Lojas Renner (LREN3)<\/a>, <a class=\"suno-keyword\" target=\"_blank\" data-force=\"yes\" data-priority=\"2\" href=\"https:\/\/www.suno.com.br\/acoes\/CEAB3\/\" rel=\"noopener\">C&amp;A (CEAB3)<\/a> e Guararapes\/Riachuelo (GUAR3)&#8221;.<\/p>\n\n\n\n<p>Em meio a essas not\u00edcias negativas para a <strong>Shein<\/strong>, pap\u00e9is como os da Lojas Renner crescem no Ibovespa hoje. Por volta das 16h20, as a\u00e7\u00f5es dessa varejista cresciam 3,49%, aos R$ 20,18.<\/p>\n\n\n\t<p>\n\t\t<a href=\"https:\/\/lp.suno.com.br\/suno-one\/?utm_campaign=_SNC6964518A_\" target=\"_blank\" data-element=\"shortcode-suno-banner\" title=\"Banner SUNO, clique e saiba mais\">\n\t\t\t<picture>\n\t\t\t\t<source media=\"(max-width: 500px)\" srcset=\"https:\/\/files.sunoresearch.com.br\/n\/uploads\/2025\/09\/400x300-Suno-One-png.webp\">\n\t\t\t\t<img class=\"newsContent__article__imgCapa newsContent__article__imgCapa--banner\"\n\t\t\t\t\tsrc=\"https:\/\/files.sunoresearch.com.br\/n\/uploads\/2025\/09\/1420x240-Suno-One-png.webp\"\n\t\t\t\t\tdata-promo-id=\"383121\"\t\t\t\t\t\t\t\t\t\twidth='1420' height='240'\t\t\t\t\talt=\"https:\/\/files.sunoresearch.com.br\/n\/uploads\/2025\/09\/1420x240-Suno-One-png.webp\"\n\t\t\t\t>\n\t\t\t<\/picture>\n\t\t<\/a>\n\t<\/p>\n\n\n","protected":false},"excerpt":{"rendered":"<p>Ap\u00f3s toda a pol\u00eamica em torno da taxa\u00e7\u00e3o dos produtos importados por empresas como a Shein, os brasileiros colocaram o p\u00e9 no freio na hora de comprar itens do exterior. Segundo as informa\u00e7\u00f5es divulgadas nesta sexta (26) pelo Santander (SANB11), em abril, houve um recuo de 20% nessas importa\u00e7\u00f5es ante o mesmo per\u00edodo do ano [&hellip;]<\/p>\n","protected":false},"author":232,"featured_media":393264,"comment_status":"closed","ping_status":"closed","sticky":false,"template":"","format":"standard","meta":[],"categories":[60],"tags":[105816,706],"suno_strategy":[],"class_list":["post-409594","post","type-post","status-publish","format-standard","has-post-thumbnail","hentry","category-mercado","tag-especialistas","tag-importacoes"],"yoast_head":"<!-- This site is optimized with the Yoast SEO plugin v24.4 - https:\/\/yoast.com\/wordpress\/plugins\/seo\/ -->\n<title>Shein em risco? Importa\u00e7\u00f5es de pequeno valor caem em abril; saiba mais<\/title>\n<meta name=\"description\" content=\"Ap\u00f3s a pol\u00eamica em torno da taxa\u00e7\u00e3o dos produtos importados pela Shein, os brasileiros colocaram o p\u00e9 no freio nessas comprinhas. Entenda!\" \/>\n<meta name=\"robots\" content=\"index, follow, max-snippet:-1, max-image-preview:large, max-video-preview:-1\" \/>\n<link rel=\"canonical\" href=\"https:\/\/www.suno.com.br\/noticias\/shein-importacoes-pequeno-valor-queda-abr23\/\" \/>\n<meta property=\"og:locale\" content=\"pt_BR\" \/>\n<meta property=\"og:type\" content=\"article\" \/>\n<meta property=\"og:title\" content=\"Shein em risco? Importa\u00e7\u00f5es de pequeno valor caem em abril; saiba mais\" \/>\n<meta property=\"og:description\" content=\"Ap\u00f3s a pol\u00eamica em torno da taxa\u00e7\u00e3o dos produtos importados pela Shein, os brasileiros colocaram o p\u00e9 no freio nessas comprinhas. Entenda!\" \/>\n<meta property=\"og:url\" content=\"https:\/\/www.suno.com.br\/noticias\/shein-importacoes-pequeno-valor-queda-abr23\/\" \/>\n<meta property=\"og:site_name\" content=\"Suno Not\u00edcias\" \/>\n<meta property=\"article:publisher\" content=\"https:\/\/facebook.com\/sunoresearch\" \/>\n<meta property=\"og:image\" content=\"https:\/\/files.sunoresearch.com.br\/n\/uploads\/2023\/04\/Shein.jpg\" \/>\n\t<meta property=\"og:image:width\" content=\"1500\" \/>\n\t<meta property=\"og:image:height\" content=\"1000\" \/>\n\t<meta property=\"og:image:type\" content=\"image\/jpeg\" \/>\n<meta name=\"author\" content=\"Erick Matheus Nery\" \/>\n<meta name=\"twitter:card\" content=\"summary_large_image\" \/>\n<meta name=\"twitter:creator\" content=\"@sunoresearch\" \/>\n<meta name=\"twitter:site\" content=\"@sunoresearch\" \/>\n<meta name=\"twitter:label1\" content=\"Escrito por\" \/>\n\t<meta name=\"twitter:data1\" content=\"Erick Matheus Nery\" \/>\n\t<meta name=\"twitter:label2\" content=\"Est. tempo de leitura\" \/>\n\t<meta name=\"twitter:data2\" content=\"2 minutos\" \/>\n<script type=\"application\/ld+json\" class=\"yoast-schema-graph\">{\"@context\":\"https:\/\/schema.org\",\"@graph\":[{\"@type\":\"NewsArticle\",\"@id\":\"https:\/\/www.suno.com.br\/noticias\/shein-importacoes-pequeno-valor-queda-abr23\/#article\",\"isPartOf\":{\"@id\":\"https:\/\/www.suno.com.br\/noticias\/shein-importacoes-pequeno-valor-queda-abr23\/\"},\"author\":{\"name\":\"Erick Matheus Nery\",\"@id\":\"https:\/\/www.suno.com.br\/noticias\/#\/schema\/person\/6899bc3f19d1a7315f807131c2c013a0\"},\"headline\":\"Shein em risco? Brasileiros reduzem importa\u00e7\u00f5es de pequeno valor ap\u00f3s pol\u00eamica com Haddad\",\"datePublished\":\"2023-05-26T19:54:06+00:00\",\"dateModified\":\"2023-05-26T19:56:22+00:00\",\"mainEntityOfPage\":{\"@id\":\"https:\/\/www.suno.com.br\/noticias\/shein-importacoes-pequeno-valor-queda-abr23\/\"},\"wordCount\":378,\"publisher\":{\"@id\":\"https:\/\/www.suno.com.br\/noticias\/#organization\"},\"image\":{\"@id\":\"https:\/\/www.suno.com.br\/noticias\/shein-importacoes-pequeno-valor-queda-abr23\/#primaryimage\"},\"thumbnailUrl\":\"https:\/\/files.sunoresearch.com.br\/n\/uploads\/2023\/04\/Shein.jpg\",\"keywords\":[\"Especialistas\",\"importa\u00e7\u00f5es\"],\"articleSection\":[\"Mercado\"],\"inLanguage\":\"pt-BR\"},{\"@type\":\"WebPage\",\"@id\":\"https:\/\/www.suno.com.br\/noticias\/shein-importacoes-pequeno-valor-queda-abr23\/\",\"url\":\"https:\/\/www.suno.com.br\/noticias\/shein-importacoes-pequeno-valor-queda-abr23\/\",\"name\":\"Shein em risco? Importa\u00e7\u00f5es de pequeno valor caem em abril; saiba mais\",\"isPartOf\":{\"@id\":\"https:\/\/www.suno.com.br\/noticias\/#website\"},\"primaryImageOfPage\":{\"@id\":\"https:\/\/www.suno.com.br\/noticias\/shein-importacoes-pequeno-valor-queda-abr23\/#primaryimage\"},\"image\":{\"@id\":\"https:\/\/www.suno.com.br\/noticias\/shein-importacoes-pequeno-valor-queda-abr23\/#primaryimage\"},\"thumbnailUrl\":\"https:\/\/files.sunoresearch.com.br\/n\/uploads\/2023\/04\/Shein.jpg\",\"datePublished\":\"2023-05-26T19:54:06+00:00\",\"dateModified\":\"2023-05-26T19:56:22+00:00\",\"description\":\"Ap\u00f3s a pol\u00eamica em torno da taxa\u00e7\u00e3o dos produtos importados pela Shein, os brasileiros colocaram o p\u00e9 no freio nessas comprinhas. Entenda!\",\"breadcrumb\":{\"@id\":\"https:\/\/www.suno.com.br\/noticias\/shein-importacoes-pequeno-valor-queda-abr23\/#breadcrumb\"},\"inLanguage\":\"pt-BR\",\"potentialAction\":[{\"@type\":\"ReadAction\",\"target\":[\"https:\/\/www.suno.com.br\/noticias\/shein-importacoes-pequeno-valor-queda-abr23\/\"]}]},{\"@type\":\"ImageObject\",\"inLanguage\":\"pt-BR\",\"@id\":\"https:\/\/www.suno.com.br\/noticias\/shein-importacoes-pequeno-valor-queda-abr23\/#primaryimage\",\"url\":\"https:\/\/files.sunoresearch.com.br\/n\/uploads\/2023\/04\/Shein.jpg\",\"contentUrl\":\"https:\/\/files.sunoresearch.com.br\/n\/uploads\/2023\/04\/Shein.jpg\",\"width\":1500,\"height\":1000,\"caption\":\"Shein. Foto: Divulga\u00e7\u00e3o\"},{\"@type\":\"BreadcrumbList\",\"@id\":\"https:\/\/www.suno.com.br\/noticias\/shein-importacoes-pequeno-valor-queda-abr23\/#breadcrumb\",\"itemListElement\":[{\"@type\":\"ListItem\",\"position\":1,\"name\":\"Not\u00edcias\",\"item\":\"https:\/\/www.suno.com.br\/noticias\/\"},{\"@type\":\"ListItem\",\"position\":2,\"name\":\"Mercado\",\"item\":\"https:\/\/www.suno.com.br\/noticias\/mercado\/\"},{\"@type\":\"ListItem\",\"position\":3,\"name\":\"Shein em risco? Brasileiros reduzem importa\u00e7\u00f5es de pequeno valor ap\u00f3s pol\u00eamica com Haddad\"}]},{\"@type\":\"WebSite\",\"@id\":\"https:\/\/www.suno.com.br\/noticias\/#website\",\"url\":\"https:\/\/www.suno.com.br\/noticias\/\",\"name\":\"Suno Not\u00edcias\",\"description\":\"Seu portal de informa\u00e7\u00e3o sobre o mundo dos investimentos\",\"publisher\":{\"@id\":\"https:\/\/www.suno.com.br\/noticias\/#organization\"},\"potentialAction\":[{\"@type\":\"SearchAction\",\"target\":{\"@type\":\"EntryPoint\",\"urlTemplate\":\"https:\/\/www.suno.com.br\/noticias\/?s={search_term_string}\"},\"query-input\":{\"@type\":\"PropertyValueSpecification\",\"valueRequired\":true,\"valueName\":\"search_term_string\"}}],\"inLanguage\":\"pt-BR\"},{\"@type\":\"Organization\",\"@id\":\"https:\/\/www.suno.com.br\/noticias\/#organization\",\"name\":\"Suno Not\u00edcias\",\"url\":\"https:\/\/www.suno.com.br\/noticias\/\",\"logo\":{\"@type\":\"ImageObject\",\"inLanguage\":\"pt-BR\",\"@id\":\"https:\/\/www.suno.com.br\/noticias\/#\/schema\/logo\/image\/\",\"url\":\"https:\/\/files.sunoresearch.com.br\/n\/uploads\/2021\/09\/suno-logo.png\",\"contentUrl\":\"https:\/\/files.sunoresearch.com.br\/n\/uploads\/2021\/09\/suno-logo.png\",\"width\":180,\"height\":180,\"caption\":\"Suno Not\u00edcias\"},\"image\":{\"@id\":\"https:\/\/www.suno.com.br\/noticias\/#\/schema\/logo\/image\/\"},\"sameAs\":[\"https:\/\/facebook.com\/sunoresearch\",\"https:\/\/x.com\/sunoresearch\",\"https:\/\/www.instagram.com\/suno\",\"https:\/\/www.linkedin.com\/company\/suno-research\/\",\"https:\/\/www.youtube.com\/c\/sunoresearch\"]},{\"@type\":\"Person\",\"@id\":\"https:\/\/www.suno.com.br\/noticias\/#\/schema\/person\/6899bc3f19d1a7315f807131c2c013a0\",\"name\":\"Erick Matheus Nery\",\"image\":{\"@type\":\"ImageObject\",\"inLanguage\":\"pt-BR\",\"@id\":\"https:\/\/www.suno.com.br\/noticias\/#\/schema\/person\/image\/\",\"url\":\"https:\/\/secure.gravatar.com\/avatar\/518ddffe438ccb767782d372a66304d2?s=96&r=g\",\"contentUrl\":\"https:\/\/secure.gravatar.com\/avatar\/518ddffe438ccb767782d372a66304d2?s=96&r=g\",\"caption\":\"Erick Matheus Nery\"},\"description\":\"Formado em Jornalismo pela Universidade Federal do Par\u00e1 (UFPA), conta com extens\u00e3o em Jornalismo Econ\u00f4mico pela Funda\u00e7\u00e3o Get\u00falio Vargas (FGV). No Suno Not\u00edcias, atua como rep\u00f3rter de Mercado, com foco nos setores de telecomunica\u00e7\u00f5es, varejo, alimentos e renda fixa. Conta com passagens pelo jornal O Estado de S\u00e3o Paulo, como trainee de Jornalismo Econ\u00f4mico, e pelo site Not\u00edcias da TV.\",\"url\":\"https:\/\/www.suno.com.br\/noticias\/author\/erick-nery\/\"}]}<\/script>\n<!-- \/ Yoast SEO plugin. -->","yoast_head_json":{"title":"Shein em risco? Importa\u00e7\u00f5es de pequeno valor caem em abril; saiba mais","description":"Ap\u00f3s a pol\u00eamica em torno da taxa\u00e7\u00e3o dos produtos importados pela Shein, os brasileiros colocaram o p\u00e9 no freio nessas comprinhas. Entenda!","robots":{"index":"index","follow":"follow","max-snippet":"max-snippet:-1","max-image-preview":"max-image-preview:large","max-video-preview":"max-video-preview:-1"},"canonical":"https:\/\/www.suno.com.br\/noticias\/shein-importacoes-pequeno-valor-queda-abr23\/","og_locale":"pt_BR","og_type":"article","og_title":"Shein em risco? Importa\u00e7\u00f5es de pequeno valor caem em abril; saiba mais","og_description":"Ap\u00f3s a pol\u00eamica em torno da taxa\u00e7\u00e3o dos produtos importados pela Shein, os brasileiros colocaram o p\u00e9 no freio nessas comprinhas. Entenda!","og_url":"https:\/\/www.suno.com.br\/noticias\/shein-importacoes-pequeno-valor-queda-abr23\/","og_site_name":"Suno Not\u00edcias","article_publisher":"https:\/\/facebook.com\/sunoresearch","og_image":[{"width":1500,"height":1000,"url":"https:\/\/files.sunoresearch.com.br\/n\/uploads\/2023\/04\/Shein.jpg","type":"image\/jpeg"}],"author":"Erick Matheus Nery","twitter_card":"summary_large_image","twitter_creator":"@sunoresearch","twitter_site":"@sunoresearch","twitter_misc":{"Escrito por":"Erick Matheus Nery","Est. tempo de leitura":"2 minutos"},"schema":{"@context":"https:\/\/schema.org","@graph":[{"@type":"NewsArticle","@id":"https:\/\/www.suno.com.br\/noticias\/shein-importacoes-pequeno-valor-queda-abr23\/#article","isPartOf":{"@id":"https:\/\/www.suno.com.br\/noticias\/shein-importacoes-pequeno-valor-queda-abr23\/"},"author":{"name":"Erick Matheus Nery","@id":"https:\/\/www.suno.com.br\/noticias\/#\/schema\/person\/6899bc3f19d1a7315f807131c2c013a0"},"headline":"Shein em risco? Brasileiros reduzem importa\u00e7\u00f5es de pequeno valor ap\u00f3s pol\u00eamica com Haddad","datePublished":"2023-05-26T19:54:06+00:00","dateModified":"2023-05-26T19:56:22+00:00","mainEntityOfPage":{"@id":"https:\/\/www.suno.com.br\/noticias\/shein-importacoes-pequeno-valor-queda-abr23\/"},"wordCount":378,"publisher":{"@id":"https:\/\/www.suno.com.br\/noticias\/#organization"},"image":{"@id":"https:\/\/www.suno.com.br\/noticias\/shein-importacoes-pequeno-valor-queda-abr23\/#primaryimage"},"thumbnailUrl":"https:\/\/files.sunoresearch.com.br\/n\/uploads\/2023\/04\/Shein.jpg","keywords":["Especialistas","importa\u00e7\u00f5es"],"articleSection":["Mercado"],"inLanguage":"pt-BR"},{"@type":"WebPage","@id":"https:\/\/www.suno.com.br\/noticias\/shein-importacoes-pequeno-valor-queda-abr23\/","url":"https:\/\/www.suno.com.br\/noticias\/shein-importacoes-pequeno-valor-queda-abr23\/","name":"Shein em risco? Importa\u00e7\u00f5es de pequeno valor caem em abril; saiba mais","isPartOf":{"@id":"https:\/\/www.suno.com.br\/noticias\/#website"},"primaryImageOfPage":{"@id":"https:\/\/www.suno.com.br\/noticias\/shein-importacoes-pequeno-valor-queda-abr23\/#primaryimage"},"image":{"@id":"https:\/\/www.suno.com.br\/noticias\/shein-importacoes-pequeno-valor-queda-abr23\/#primaryimage"},"thumbnailUrl":"https:\/\/files.sunoresearch.com.br\/n\/uploads\/2023\/04\/Shein.jpg","datePublished":"2023-05-26T19:54:06+00:00","dateModified":"2023-05-26T19:56:22+00:00","description":"Ap\u00f3s a pol\u00eamica em torno da taxa\u00e7\u00e3o dos produtos importados pela Shein, os brasileiros colocaram o p\u00e9 no freio nessas comprinhas. Entenda!","breadcrumb":{"@id":"https:\/\/www.suno.com.br\/noticias\/shein-importacoes-pequeno-valor-queda-abr23\/#breadcrumb"},"inLanguage":"pt-BR","potentialAction":[{"@type":"ReadAction","target":["https:\/\/www.suno.com.br\/noticias\/shein-importacoes-pequeno-valor-queda-abr23\/"]}]},{"@type":"ImageObject","inLanguage":"pt-BR","@id":"https:\/\/www.suno.com.br\/noticias\/shein-importacoes-pequeno-valor-queda-abr23\/#primaryimage","url":"https:\/\/files.sunoresearch.com.br\/n\/uploads\/2023\/04\/Shein.jpg","contentUrl":"https:\/\/files.sunoresearch.com.br\/n\/uploads\/2023\/04\/Shein.jpg","width":1500,"height":1000,"caption":"Shein. Foto: Divulga\u00e7\u00e3o"},{"@type":"BreadcrumbList","@id":"https:\/\/www.suno.com.br\/noticias\/shein-importacoes-pequeno-valor-queda-abr23\/#breadcrumb","itemListElement":[{"@type":"ListItem","position":1,"name":"Not\u00edcias","item":"https:\/\/www.suno.com.br\/noticias\/"},{"@type":"ListItem","position":2,"name":"Mercado","item":"https:\/\/www.suno.com.br\/noticias\/mercado\/"},{"@type":"ListItem","position":3,"name":"Shein em risco? Brasileiros reduzem importa\u00e7\u00f5es de pequeno valor ap\u00f3s pol\u00eamica com Haddad"}]},{"@type":"WebSite","@id":"https:\/\/www.suno.com.br\/noticias\/#website","url":"https:\/\/www.suno.com.br\/noticias\/","name":"Suno Not\u00edcias","description":"Seu portal de informa\u00e7\u00e3o sobre o mundo dos investimentos","publisher":{"@id":"https:\/\/www.suno.com.br\/noticias\/#organization"},"potentialAction":[{"@type":"SearchAction","target":{"@type":"EntryPoint","urlTemplate":"https:\/\/www.suno.com.br\/noticias\/?s={search_term_string}"},"query-input":{"@type":"PropertyValueSpecification","valueRequired":true,"valueName":"search_term_string"}}],"inLanguage":"pt-BR"},{"@type":"Organization","@id":"https:\/\/www.suno.com.br\/noticias\/#organization","name":"Suno Not\u00edcias","url":"https:\/\/www.suno.com.br\/noticias\/","logo":{"@type":"ImageObject","inLanguage":"pt-BR","@id":"https:\/\/www.suno.com.br\/noticias\/#\/schema\/logo\/image\/","url":"https:\/\/files.sunoresearch.com.br\/n\/uploads\/2021\/09\/suno-logo.png","contentUrl":"https:\/\/files.sunoresearch.com.br\/n\/uploads\/2021\/09\/suno-logo.png","width":180,"height":180,"caption":"Suno Not\u00edcias"},"image":{"@id":"https:\/\/www.suno.com.br\/noticias\/#\/schema\/logo\/image\/"},"sameAs":["https:\/\/facebook.com\/sunoresearch","https:\/\/x.com\/sunoresearch","https:\/\/www.instagram.com\/suno","https:\/\/www.linkedin.com\/company\/suno-research\/","https:\/\/www.youtube.com\/c\/sunoresearch"]},{"@type":"Person","@id":"https:\/\/www.suno.com.br\/noticias\/#\/schema\/person\/6899bc3f19d1a7315f807131c2c013a0","name":"Erick Matheus Nery","image":{"@type":"ImageObject","inLanguage":"pt-BR","@id":"https:\/\/www.suno.com.br\/noticias\/#\/schema\/person\/image\/","url":"https:\/\/secure.gravatar.com\/avatar\/518ddffe438ccb767782d372a66304d2?s=96&r=g","contentUrl":"https:\/\/secure.gravatar.com\/avatar\/518ddffe438ccb767782d372a66304d2?s=96&r=g","caption":"Erick Matheus Nery"},"description":"Formado em Jornalismo pela Universidade Federal do Par\u00e1 (UFPA), conta com extens\u00e3o em Jornalismo Econ\u00f4mico pela Funda\u00e7\u00e3o Get\u00falio Vargas (FGV). No Suno Not\u00edcias, atua como rep\u00f3rter de Mercado, com foco nos setores de telecomunica\u00e7\u00f5es, varejo, alimentos e renda fixa. Conta com passagens pelo jornal O Estado de S\u00e3o Paulo, como trainee de Jornalismo Econ\u00f4mico, e pelo site Not\u00edcias da TV.","url":"https:\/\/www.suno.com.br\/noticias\/author\/erick-nery\/"}]}},"default_loop_html":"<div class=\"cardsPage__listCard__boxs\"><div class=\"cardsPage__listCard__boxs__img\"><a href=\"https:\/\/www.suno.com.br\/noticias\/shein-importacoes-pequeno-valor-queda-abr23\/\"><img class=\"mask\" src=\"https:\/\/www.suno.com.br\/noticias\/wp-content\/themes\/suno\/resources\/images\/spotlight\/spotlight1img\/bg-mask.png\" alt=\"Image Mask\"\/><img src=\"https:\/\/files.sunoresearch.com.br\/n\/uploads\/2023\/04\/Shein-400x200.jpg\" alt=\"Shein em risco? Brasileiros reduzem importa\u00e7\u00f5es de pequeno valor ap\u00f3s pol\u00eamica com Haddad\"\/><\/a><span class=\"spotlightCategory\"><a href=\"https:\/\/www.suno.com.br\/noticias\/mercado\/\">Mercado<\/a><\/span><\/div><div class=\"cardsPage__listCard__boxs__content\"><a href=\"https:\/\/www.suno.com.br\/noticias\/shein-importacoes-pequeno-valor-queda-abr23\/\"><h2 class=\"content__title\">Shein em risco? Brasileiros reduzem importa\u00e7\u00f5es de pequeno valor ap\u00f3s pol\u00eamica com Haddad<\/h2><\/a><div class=\"newsContent__article__meta\"><div class=\"newsContent__article__meta__authorBox\"><a href=\"https:\/\/www.suno.com.br\/noticias\/author\/erick-nery\/\" class=\"authorBox__avatar noMobi\"><img src=\"https:\/\/secure.gravatar.com\/avatar\/518ddffe438ccb767782d372a66304d2?s=96&#038;r=g\" alt=\"Erick Matheus Nery\"><\/a><div class=\"authorBox__name\"><span>por\n\t\t\t<a href=\"https:\/\/www.suno.com.br\/noticias\/author\/erick-nery\/\"><span itemprop=\"author\">Erick Matheus Nery<\/span><\/a><\/span><time datetime=\"2023-05-26T16:54:06-03:00\" itemprop=\"datePublished\">26\/05\/2023 16:54<\/time><\/div><\/div><\/div><\/div><\/div>","single_layout":"posts","amp_enabled":true,"_links":{"self":[{"href":"https:\/\/www.suno.com.br\/noticias\/wp-json\/wp\/v2\/posts\/409594"}],"collection":[{"href":"https:\/\/www.suno.com.br\/noticias\/wp-json\/wp\/v2\/posts"}],"about":[{"href":"https:\/\/www.suno.com.br\/noticias\/wp-json\/wp\/v2\/types\/post"}],"author":[{"embeddable":true,"href":"https:\/\/www.suno.com.br\/noticias\/wp-json\/wp\/v2\/users\/232"}],"replies":[{"embeddable":true,"href":"https:\/\/www.suno.com.br\/noticias\/wp-json\/wp\/v2\/comments?post=409594"}],"version-history":[{"count":3,"href":"https:\/\/www.suno.com.br\/noticias\/wp-json\/wp\/v2\/posts\/409594\/revisions"}],"predecessor-version":[{"id":409624,"href":"https:\/\/www.suno.com.br\/noticias\/wp-json\/wp\/v2\/posts\/409594\/revisions\/409624"}],"wp:featuredmedia":[{"embeddable":true,"href":"https:\/\/www.suno.com.br\/noticias\/wp-json\/wp\/v2\/media\/393264"}],"wp:attachment":[{"href":"https:\/\/www.suno.com.br\/noticias\/wp-json\/wp\/v2\/media?parent=409594"}],"wp:term":[{"taxonomy":"category","embeddable":true,"href":"https:\/\/www.suno.com.br\/noticias\/wp-json\/wp\/v2\/categories?post=409594"},{"taxonomy":"post_tag","embeddable":true,"href":"https:\/\/www.suno.com.br\/noticias\/wp-json\/wp\/v2\/tags?post=409594"},{"taxonomy":"suno_strategy","embeddable":true,"href":"https:\/\/www.suno.com.br\/noticias\/wp-json\/wp\/v2\/suno_strategy?post=409594"}],"curies":[{"name":"wp","href":"https:\/\/api.w.org\/{rel}","templated":true}]}}