{"id":409557,"date":"2023-05-26T17:19:55","date_gmt":"2023-05-26T20:19:55","guid":{"rendered":"https:\/\/www.suno.com.br\/noticias\/?p=409557"},"modified":"2023-05-26T17:30:02","modified_gmt":"2023-05-26T20:30:02","slug":"telefonica-brasil-vivo-vivt3-top-pick-santander-maio-2023","status":"publish","type":"post","link":"https:\/\/www.suno.com.br\/noticias\/telefonica-brasil-vivo-vivt3-top-pick-santander-maio-2023\/","title":{"rendered":"Por que a Telef\u00f4nica Brasil (VIVT3) ultrapassou a TIM (TIMS3) e virou a favorita dos analistas do Santander?"},"content":{"rendered":"<p>Os pap\u00e9is da <strong>Telef\u00f4nica<\/strong> Brasil <a href=\"https:\/\/www.suno.com.br\/acoes\/VIVT3\/\" target=\"_blank\" rel=\"noreferrer noopener\">(VIVT3)<\/a>, dona da Vivo<a class=\"suno-keyword\" data-force=\"yes\" data-priority=\"2\" href=\"https:\/\/www.suno.com.br\/acoes\/VIVT3\/\" target=\"_blank\" rel=\"noopener\"><strong>,<\/strong> <\/a>viraram os favoritos do <a class=\"suno-keyword\" data-force=\"yes\" data-priority=\"2\" href=\"https:\/\/www.suno.com.br\/acoes\/SANB11\/\" target=\"_blank\" rel=\"noopener\">Santander (SANB11)<\/a> no setor de telecomunica\u00e7\u00f5es. Em relat\u00f3rio divulgado na quinta (25), os analistas do banco promoveram a concorrente da <a class=\"suno-keyword\" data-force=\"yes\" data-priority=\"2\" href=\"https:\/\/www.suno.com.br\/acoes\/TIMS3\/\" target=\"_blank\" rel=\"noopener\">TIM (TIMS3)<\/a> para o posto de <em>top pick<\/em> do setor.<\/p>\t<div class=\"wrapper-featured-image\">\n\t\t<figure class=\"spotlightImg\">\n\n\t\t\t<picture>\n\t\t\t\t<source media=\"(max-width: 768px)\" srcset=\"https:\/\/files.sunoresearch.com.br\/n\/uploads\/2022\/12\/vivo-vivt3-fachada-loja-divulgacao-vivo-400x200.jpg\">\n\t\t\t\t<img loading=\"lazy\" decoding=\"async\" class=\"newsContent__article__imgCapa lazyloadDisabled \" src=\"https:\/\/files.sunoresearch.com.br\/n\/uploads\/2022\/12\/vivo-vivt3-fachada-loja-divulgacao-vivo-800x450.jpg\" width=\"800\" height=\"450\" alt=\"Por que a Telef\u00f4nica Brasil (VIVT3) ultrapassou a TIM (TIMS3) e virou a favorita dos analistas do Santander?\" fetchpriority=high \/>\n\t\t\t<\/picture>\n\n\t\t\t<figcaption class=\"wp-caption-text wp-caption-text--show\">Fachada de loja da Vivo (VIVT3). Foto: Divulga\u00e7\u00e3o\/Vivo<\/figcaption>\n\t\t<\/figure>\n\t<\/div>\n\n\n\n\n\n\t<p>\n\t\t<a href=\"https:\/\/lp.suno.com.br\/planilha-da-vida-financeira\/\" target=\"_blank\" data-element=\"shortcode-suno-banner\" title=\"Banner SUNO, clique e saiba mais\">\n\t\t\t<picture>\n\t\t\t\t<source media=\"(max-width: 500px)\" srcset=\"https:\/\/files.sunoresearch.com.br\/n\/uploads\/2023\/04\/400x300-Planilha-vida-financeira-true.png\">\n\t\t\t\t<img class=\"newsContent__article__imgCapa newsContent__article__imgCapa--banner\"\n\t\t\t\t\tsrc=\"https:\/\/files.sunoresearch.com.br\/n\/uploads\/2023\/04\/1420x240-Planilha-vida-financeira-true.png\"\n\t\t\t\t\tdata-promo-id=\"106682\"\t\t\t\t\t\t\t\t\t\twidth='1420' height='240'\t\t\t\t\talt=\"https:\/\/files.sunoresearch.com.br\/n\/uploads\/2023\/04\/1420x240-Planilha-vida-financeira-true.png\"\n\t\t\t\t>\n\t\t\t<\/picture>\n\t\t<\/a>\n\t<\/p>\n\n\n\n\n\n<p>Al\u00e9m desta mudan\u00e7a, o pre\u00e7o-alvo das <strong>a\u00e7\u00f5es da Telef\u00f4nica <\/strong>foi elevado para R$ 55 (ante R$ 52). &#8220;Nosso aumento do pre\u00e7o-alvo \u00e9 consequ\u00eancia de estimativas operacionais mais altas, pois revisamos as proje\u00e7\u00f5es de <a class=\"suno-keyword\" data-force=\"no\" data-priority=\"1\" href=\"https:\/\/www.suno.com.br\/artigos\/o-que-receita-liquida\/\" target=\"_blank\" rel=\"noopener\">receita l\u00edquida<\/a> e Ebitda (Lucro antes de juros, impostos, <a class=\"suno-keyword\" data-force=\"no\" data-priority=\"1\" href=\"https:\/\/www.suno.com.br\/artigos\/depreciacao-amortizacao\/\" target=\"_blank\" rel=\"noopener\">deprecia\u00e7\u00e3o e amortiza\u00e7\u00e3o<\/a>) de 2023 para cima&#8221;, detalham os argumentaram os analistas do Santander Felipe Cheng e Cesar Davanco.<\/p>\n\n\n\n<blockquote class=\"wp-block-quote is-layout-flow wp-block-quote-is-layout-flow\">\n<p>Ap\u00f3s bons resultados no 1T23, que, a nosso ver, foram negligenciados pelo mercado, esperamos que a Vivo supere seus pares.<\/p>\n<\/blockquote>\n\n\n\n<p>Assim, a dupla projeta um crescimento da <a class=\"suno-keyword\" data-force=\"no\" data-priority=\"1\" href=\"https:\/\/www.suno.com.br\/artigos\/o-que-receita-liquida\/\" target=\"_blank\" rel=\"noopener\">receita l\u00edquida<\/a> consolidada org\u00e2nica da Telef\u00f4nica Brasil em cerca de 8% neste ano, n\u00famero &#8220;muito acima da infla\u00e7\u00e3o e um recorde para a empresa&#8221;.<\/p>\n\n\n\t<p>\n\t\t<a href=\"https:\/\/lp.suno.com.br\/ebook-como-analisar-uma-acao\/\" target=\"_blank\" data-element=\"shortcode-suno-banner\" title=\"Banner SUNO, clique e saiba mais\">\n\t\t\t<picture>\n\t\t\t\t<source media=\"(max-width: 500px)\" srcset=\"https:\/\/files.sunoresearch.com.br\/n\/uploads\/2023\/03\/Ebook-Acoes-Mobile.jpg\">\n\t\t\t\t<img class=\"newsContent__article__imgCapa newsContent__article__imgCapa--banner\"\n\t\t\t\t\tsrc=\"https:\/\/files.sunoresearch.com.br\/n\/uploads\/2023\/03\/Ebook-Acoes-Desktop.jpg\"\n\t\t\t\t\tdata-promo-id=\"378302\"\t\t\t\t\t\t\t\t\t\twidth='1420' height='286'\t\t\t\t\talt=\"https:\/\/files.sunoresearch.com.br\/n\/uploads\/2023\/03\/Ebook-Acoes-Desktop.jpg\"\n\t\t\t\t>\n\t\t\t<\/picture>\n\t\t<\/a>\n\t<\/p>\n\n\n\n\n\n<p>Mesmo com a mudan\u00e7a, a <strong>TIM<\/strong> segue sendo vista com bons olhos pelos analistas &#8211; o papel possui recomenda\u00e7\u00e3o <em>outperform<\/em>, equivalente \u00e0 compra, com o pre\u00e7o-alvo de R$ 17. &#8220;Esperamos que a TIM tamb\u00e9m continue se beneficiando do forte momento do setor, embora acreditemos que isso j\u00e1 esteja refletido de alguma forma nos n\u00fameros de consenso do mercado. A alta de pre\u00e7os deve ser o principal fator de resultados positivos, em nossa vis\u00e3o&#8221;, comentam os especialistas.<\/p>\n\n\n\n<p>Contudo, os analistas advertem que &#8220;os dados recentes de adi\u00e7\u00f5es l\u00edquidas s\u00e3o preocupantes, j\u00e1 que a empresa vem perdendo rapidamente <em>market share<\/em> no segmento p\u00f3s-pago&#8221;.<\/p>\n\n\n\n<h2 class=\"wp-block-heading\">Telef\u00f4nica no Ibovespa hoje<\/h2>\n\n\n\n<p>No <strong>Ibovespa hoje<\/strong> nesta sexta (26), as a\u00e7\u00f5es da <strong>Telef\u00f4nica<\/strong> fecharam em  negociadas em queda de 0,71%, ao pre\u00e7o de R$ 41,86. Ontem (25), os pap\u00e9is encerraram o preg\u00e3o em alta de 2,2%.<\/p>\n\n\n\n<p>De acordo com o mapeamento do Status Invest, nos \u00faltimos doze meses, as a\u00e7\u00f5es da <strong>Telef\u00f4nica <\/strong>Brasil ca\u00edram 17,4% nos \u00faltimos doze meses.<\/p>\n\n\n\t<p>\n\t\t<a href=\"https:\/\/lp.suno.com.br\/suno-one\/?utm_campaign=_SNC6964518A_\" target=\"_blank\" data-element=\"shortcode-suno-banner\" title=\"Banner SUNO, clique e saiba mais\">\n\t\t\t<picture>\n\t\t\t\t<source media=\"(max-width: 500px)\" srcset=\"https:\/\/files.sunoresearch.com.br\/n\/uploads\/2025\/09\/400x300-Suno-One-png.webp\">\n\t\t\t\t<img class=\"newsContent__article__imgCapa newsContent__article__imgCapa--banner\"\n\t\t\t\t\tsrc=\"https:\/\/files.sunoresearch.com.br\/n\/uploads\/2025\/09\/1420x240-Suno-One-png.webp\"\n\t\t\t\t\tdata-promo-id=\"383121\"\t\t\t\t\t\t\t\t\t\twidth='1420' height='240'\t\t\t\t\talt=\"https:\/\/files.sunoresearch.com.br\/n\/uploads\/2025\/09\/1420x240-Suno-One-png.webp\"\n\t\t\t\t>\n\t\t\t<\/picture>\n\t\t<\/a>\n\t<\/p>\n\n\n","protected":false},"excerpt":{"rendered":"<p>Os pap\u00e9is da Telef\u00f4nica Brasil (VIVT3), dona da Vivo, viraram os favoritos do Santander (SANB11) no setor de telecomunica\u00e7\u00f5es. Em relat\u00f3rio divulgado na quinta (25), os analistas do banco promoveram a concorrente da TIM (TIMS3) para o posto de top pick do setor. Fachada de loja da Vivo (VIVT3). Foto: Divulga\u00e7\u00e3o\/Vivo Al\u00e9m desta mudan\u00e7a, o [&hellip;]<\/p>\n","protected":false},"author":232,"featured_media":327234,"comment_status":"closed","ping_status":"closed","sticky":false,"template":"","format":"standard","meta":[],"categories":[60],"tags":[286,105816,659,663],"suno_strategy":[],"class_list":["post-409557","post","type-post","status-publish","format-standard","has-post-thumbnail","hentry","category-mercado","tag-acoes","tag-especialistas","tag-telefonica-vivt3","tag-tim-tims3"],"yoast_head":"<!-- This site is optimized with the Yoast SEO plugin v24.4 - https:\/\/yoast.com\/wordpress\/plugins\/seo\/ -->\n<title>Como a Telef\u00f4nica (VIVT3) ultrapassou a TIM (TIMS3) e virou top pick?<\/title>\n<meta name=\"description\" content=\"Os pap\u00e9is da Telef\u00f4nica Brasil (VIVT3) viraram os favoritos do Santander (SANB11) no setor de telecomunica\u00e7\u00f5es. Saiba mais!\" \/>\n<meta name=\"robots\" content=\"index, follow, max-snippet:-1, max-image-preview:large, max-video-preview:-1\" \/>\n<link rel=\"canonical\" href=\"https:\/\/www.suno.com.br\/noticias\/telefonica-brasil-vivo-vivt3-top-pick-santander-maio-2023\/\" \/>\n<meta property=\"og:locale\" content=\"pt_BR\" \/>\n<meta property=\"og:type\" content=\"article\" \/>\n<meta property=\"og:title\" content=\"Como a Telef\u00f4nica (VIVT3) ultrapassou a TIM (TIMS3) e virou top pick?\" \/>\n<meta property=\"og:description\" content=\"Os pap\u00e9is da Telef\u00f4nica Brasil (VIVT3) viraram os favoritos do Santander (SANB11) no setor de telecomunica\u00e7\u00f5es. Saiba mais!\" \/>\n<meta property=\"og:url\" content=\"https:\/\/www.suno.com.br\/noticias\/telefonica-brasil-vivo-vivt3-top-pick-santander-maio-2023\/\" \/>\n<meta property=\"og:site_name\" content=\"Suno Not\u00edcias\" \/>\n<meta property=\"article:publisher\" content=\"https:\/\/facebook.com\/sunoresearch\" \/>\n<meta property=\"og:image\" content=\"https:\/\/files.sunoresearch.com.br\/n\/uploads\/2022\/12\/vivo-vivt3-fachada-loja-divulgacao-vivo.jpg\" \/>\n\t<meta property=\"og:image:width\" content=\"1200\" \/>\n\t<meta property=\"og:image:height\" content=\"675\" \/>\n\t<meta property=\"og:image:type\" content=\"image\/jpeg\" \/>\n<meta name=\"author\" content=\"Erick Matheus Nery\" \/>\n<meta name=\"twitter:card\" content=\"summary_large_image\" \/>\n<meta name=\"twitter:creator\" content=\"@sunoresearch\" \/>\n<meta name=\"twitter:site\" content=\"@sunoresearch\" \/>\n<meta name=\"twitter:label1\" content=\"Escrito por\" \/>\n\t<meta name=\"twitter:data1\" content=\"Erick Matheus Nery\" \/>\n\t<meta name=\"twitter:label2\" content=\"Est. tempo de leitura\" \/>\n\t<meta name=\"twitter:data2\" content=\"2 minutos\" \/>\n<script type=\"application\/ld+json\" class=\"yoast-schema-graph\">{\"@context\":\"https:\/\/schema.org\",\"@graph\":[{\"@type\":\"NewsArticle\",\"@id\":\"https:\/\/www.suno.com.br\/noticias\/telefonica-brasil-vivo-vivt3-top-pick-santander-maio-2023\/#article\",\"isPartOf\":{\"@id\":\"https:\/\/www.suno.com.br\/noticias\/telefonica-brasil-vivo-vivt3-top-pick-santander-maio-2023\/\"},\"author\":{\"name\":\"Erick Matheus Nery\",\"@id\":\"https:\/\/www.suno.com.br\/noticias\/#\/schema\/person\/6899bc3f19d1a7315f807131c2c013a0\"},\"headline\":\"Por que a Telef\u00f4nica Brasil (VIVT3) ultrapassou a TIM (TIMS3) e virou a favorita dos analistas do Santander?\",\"datePublished\":\"2023-05-26T20:19:55+00:00\",\"dateModified\":\"2023-05-26T20:30:02+00:00\",\"mainEntityOfPage\":{\"@id\":\"https:\/\/www.suno.com.br\/noticias\/telefonica-brasil-vivo-vivt3-top-pick-santander-maio-2023\/\"},\"wordCount\":371,\"publisher\":{\"@id\":\"https:\/\/www.suno.com.br\/noticias\/#organization\"},\"image\":{\"@id\":\"https:\/\/www.suno.com.br\/noticias\/telefonica-brasil-vivo-vivt3-top-pick-santander-maio-2023\/#primaryimage\"},\"thumbnailUrl\":\"https:\/\/files.sunoresearch.com.br\/n\/uploads\/2022\/12\/vivo-vivt3-fachada-loja-divulgacao-vivo.jpg\",\"keywords\":[\"A\u00e7\u00f5es\",\"Especialistas\",\"Telef\u00f4nica (VIVT3)\",\"TIM (TIMS3)\"],\"articleSection\":[\"Mercado\"],\"inLanguage\":\"pt-BR\"},{\"@type\":\"WebPage\",\"@id\":\"https:\/\/www.suno.com.br\/noticias\/telefonica-brasil-vivo-vivt3-top-pick-santander-maio-2023\/\",\"url\":\"https:\/\/www.suno.com.br\/noticias\/telefonica-brasil-vivo-vivt3-top-pick-santander-maio-2023\/\",\"name\":\"Como a Telef\u00f4nica (VIVT3) ultrapassou a TIM (TIMS3) e virou top pick?\",\"isPartOf\":{\"@id\":\"https:\/\/www.suno.com.br\/noticias\/#website\"},\"primaryImageOfPage\":{\"@id\":\"https:\/\/www.suno.com.br\/noticias\/telefonica-brasil-vivo-vivt3-top-pick-santander-maio-2023\/#primaryimage\"},\"image\":{\"@id\":\"https:\/\/www.suno.com.br\/noticias\/telefonica-brasil-vivo-vivt3-top-pick-santander-maio-2023\/#primaryimage\"},\"thumbnailUrl\":\"https:\/\/files.sunoresearch.com.br\/n\/uploads\/2022\/12\/vivo-vivt3-fachada-loja-divulgacao-vivo.jpg\",\"datePublished\":\"2023-05-26T20:19:55+00:00\",\"dateModified\":\"2023-05-26T20:30:02+00:00\",\"description\":\"Os pap\u00e9is da Telef\u00f4nica Brasil (VIVT3) viraram os favoritos do Santander (SANB11) no setor de telecomunica\u00e7\u00f5es. Saiba mais!\",\"breadcrumb\":{\"@id\":\"https:\/\/www.suno.com.br\/noticias\/telefonica-brasil-vivo-vivt3-top-pick-santander-maio-2023\/#breadcrumb\"},\"inLanguage\":\"pt-BR\",\"potentialAction\":[{\"@type\":\"ReadAction\",\"target\":[\"https:\/\/www.suno.com.br\/noticias\/telefonica-brasil-vivo-vivt3-top-pick-santander-maio-2023\/\"]}]},{\"@type\":\"ImageObject\",\"inLanguage\":\"pt-BR\",\"@id\":\"https:\/\/www.suno.com.br\/noticias\/telefonica-brasil-vivo-vivt3-top-pick-santander-maio-2023\/#primaryimage\",\"url\":\"https:\/\/files.sunoresearch.com.br\/n\/uploads\/2022\/12\/vivo-vivt3-fachada-loja-divulgacao-vivo.jpg\",\"contentUrl\":\"https:\/\/files.sunoresearch.com.br\/n\/uploads\/2022\/12\/vivo-vivt3-fachada-loja-divulgacao-vivo.jpg\",\"width\":1200,\"height\":675,\"caption\":\"Fachada de loja da Vivo (VIVT3). Foto: Divulga\u00e7\u00e3o\/Vivo\"},{\"@type\":\"BreadcrumbList\",\"@id\":\"https:\/\/www.suno.com.br\/noticias\/telefonica-brasil-vivo-vivt3-top-pick-santander-maio-2023\/#breadcrumb\",\"itemListElement\":[{\"@type\":\"ListItem\",\"position\":1,\"name\":\"Not\u00edcias\",\"item\":\"https:\/\/www.suno.com.br\/noticias\/\"},{\"@type\":\"ListItem\",\"position\":2,\"name\":\"Mercado\",\"item\":\"https:\/\/www.suno.com.br\/noticias\/mercado\/\"},{\"@type\":\"ListItem\",\"position\":3,\"name\":\"Por que a Telef\u00f4nica Brasil (VIVT3) ultrapassou a TIM (TIMS3) e virou a favorita dos analistas do Santander?\"}]},{\"@type\":\"WebSite\",\"@id\":\"https:\/\/www.suno.com.br\/noticias\/#website\",\"url\":\"https:\/\/www.suno.com.br\/noticias\/\",\"name\":\"Suno Not\u00edcias\",\"description\":\"Seu portal de informa\u00e7\u00e3o sobre o mundo dos investimentos\",\"publisher\":{\"@id\":\"https:\/\/www.suno.com.br\/noticias\/#organization\"},\"potentialAction\":[{\"@type\":\"SearchAction\",\"target\":{\"@type\":\"EntryPoint\",\"urlTemplate\":\"https:\/\/www.suno.com.br\/noticias\/?s={search_term_string}\"},\"query-input\":{\"@type\":\"PropertyValueSpecification\",\"valueRequired\":true,\"valueName\":\"search_term_string\"}}],\"inLanguage\":\"pt-BR\"},{\"@type\":\"Organization\",\"@id\":\"https:\/\/www.suno.com.br\/noticias\/#organization\",\"name\":\"Suno Not\u00edcias\",\"url\":\"https:\/\/www.suno.com.br\/noticias\/\",\"logo\":{\"@type\":\"ImageObject\",\"inLanguage\":\"pt-BR\",\"@id\":\"https:\/\/www.suno.com.br\/noticias\/#\/schema\/logo\/image\/\",\"url\":\"https:\/\/files.sunoresearch.com.br\/n\/uploads\/2021\/09\/suno-logo.png\",\"contentUrl\":\"https:\/\/files.sunoresearch.com.br\/n\/uploads\/2021\/09\/suno-logo.png\",\"width\":180,\"height\":180,\"caption\":\"Suno Not\u00edcias\"},\"image\":{\"@id\":\"https:\/\/www.suno.com.br\/noticias\/#\/schema\/logo\/image\/\"},\"sameAs\":[\"https:\/\/facebook.com\/sunoresearch\",\"https:\/\/x.com\/sunoresearch\",\"https:\/\/www.instagram.com\/suno\",\"https:\/\/www.linkedin.com\/company\/suno-research\/\",\"https:\/\/www.youtube.com\/c\/sunoresearch\"]},{\"@type\":\"Person\",\"@id\":\"https:\/\/www.suno.com.br\/noticias\/#\/schema\/person\/6899bc3f19d1a7315f807131c2c013a0\",\"name\":\"Erick Matheus Nery\",\"image\":{\"@type\":\"ImageObject\",\"inLanguage\":\"pt-BR\",\"@id\":\"https:\/\/www.suno.com.br\/noticias\/#\/schema\/person\/image\/\",\"url\":\"https:\/\/secure.gravatar.com\/avatar\/518ddffe438ccb767782d372a66304d2?s=96&r=g\",\"contentUrl\":\"https:\/\/secure.gravatar.com\/avatar\/518ddffe438ccb767782d372a66304d2?s=96&r=g\",\"caption\":\"Erick Matheus Nery\"},\"description\":\"Formado em Jornalismo pela Universidade Federal do Par\u00e1 (UFPA), conta com extens\u00e3o em Jornalismo Econ\u00f4mico pela Funda\u00e7\u00e3o Get\u00falio Vargas (FGV). No Suno Not\u00edcias, atua como rep\u00f3rter de Mercado, com foco nos setores de telecomunica\u00e7\u00f5es, varejo, alimentos e renda fixa. Conta com passagens pelo jornal O Estado de S\u00e3o Paulo, como trainee de Jornalismo Econ\u00f4mico, e pelo site Not\u00edcias da TV.\",\"url\":\"https:\/\/www.suno.com.br\/noticias\/author\/erick-nery\/\"}]}<\/script>\n<!-- \/ Yoast SEO plugin. -->","yoast_head_json":{"title":"Como a Telef\u00f4nica (VIVT3) ultrapassou a TIM (TIMS3) e virou top pick?","description":"Os pap\u00e9is da Telef\u00f4nica Brasil (VIVT3) viraram os favoritos do Santander (SANB11) no setor de telecomunica\u00e7\u00f5es. Saiba mais!","robots":{"index":"index","follow":"follow","max-snippet":"max-snippet:-1","max-image-preview":"max-image-preview:large","max-video-preview":"max-video-preview:-1"},"canonical":"https:\/\/www.suno.com.br\/noticias\/telefonica-brasil-vivo-vivt3-top-pick-santander-maio-2023\/","og_locale":"pt_BR","og_type":"article","og_title":"Como a Telef\u00f4nica (VIVT3) ultrapassou a TIM (TIMS3) e virou top pick?","og_description":"Os pap\u00e9is da Telef\u00f4nica Brasil (VIVT3) viraram os favoritos do Santander (SANB11) no setor de telecomunica\u00e7\u00f5es. Saiba mais!","og_url":"https:\/\/www.suno.com.br\/noticias\/telefonica-brasil-vivo-vivt3-top-pick-santander-maio-2023\/","og_site_name":"Suno Not\u00edcias","article_publisher":"https:\/\/facebook.com\/sunoresearch","og_image":[{"width":1200,"height":675,"url":"https:\/\/files.sunoresearch.com.br\/n\/uploads\/2022\/12\/vivo-vivt3-fachada-loja-divulgacao-vivo.jpg","type":"image\/jpeg"}],"author":"Erick Matheus Nery","twitter_card":"summary_large_image","twitter_creator":"@sunoresearch","twitter_site":"@sunoresearch","twitter_misc":{"Escrito por":"Erick Matheus Nery","Est. tempo de leitura":"2 minutos"},"schema":{"@context":"https:\/\/schema.org","@graph":[{"@type":"NewsArticle","@id":"https:\/\/www.suno.com.br\/noticias\/telefonica-brasil-vivo-vivt3-top-pick-santander-maio-2023\/#article","isPartOf":{"@id":"https:\/\/www.suno.com.br\/noticias\/telefonica-brasil-vivo-vivt3-top-pick-santander-maio-2023\/"},"author":{"name":"Erick Matheus Nery","@id":"https:\/\/www.suno.com.br\/noticias\/#\/schema\/person\/6899bc3f19d1a7315f807131c2c013a0"},"headline":"Por que a Telef\u00f4nica Brasil (VIVT3) ultrapassou a TIM (TIMS3) e virou a favorita dos analistas do Santander?","datePublished":"2023-05-26T20:19:55+00:00","dateModified":"2023-05-26T20:30:02+00:00","mainEntityOfPage":{"@id":"https:\/\/www.suno.com.br\/noticias\/telefonica-brasil-vivo-vivt3-top-pick-santander-maio-2023\/"},"wordCount":371,"publisher":{"@id":"https:\/\/www.suno.com.br\/noticias\/#organization"},"image":{"@id":"https:\/\/www.suno.com.br\/noticias\/telefonica-brasil-vivo-vivt3-top-pick-santander-maio-2023\/#primaryimage"},"thumbnailUrl":"https:\/\/files.sunoresearch.com.br\/n\/uploads\/2022\/12\/vivo-vivt3-fachada-loja-divulgacao-vivo.jpg","keywords":["A\u00e7\u00f5es","Especialistas","Telef\u00f4nica (VIVT3)","TIM (TIMS3)"],"articleSection":["Mercado"],"inLanguage":"pt-BR"},{"@type":"WebPage","@id":"https:\/\/www.suno.com.br\/noticias\/telefonica-brasil-vivo-vivt3-top-pick-santander-maio-2023\/","url":"https:\/\/www.suno.com.br\/noticias\/telefonica-brasil-vivo-vivt3-top-pick-santander-maio-2023\/","name":"Como a Telef\u00f4nica (VIVT3) ultrapassou a TIM (TIMS3) e virou top pick?","isPartOf":{"@id":"https:\/\/www.suno.com.br\/noticias\/#website"},"primaryImageOfPage":{"@id":"https:\/\/www.suno.com.br\/noticias\/telefonica-brasil-vivo-vivt3-top-pick-santander-maio-2023\/#primaryimage"},"image":{"@id":"https:\/\/www.suno.com.br\/noticias\/telefonica-brasil-vivo-vivt3-top-pick-santander-maio-2023\/#primaryimage"},"thumbnailUrl":"https:\/\/files.sunoresearch.com.br\/n\/uploads\/2022\/12\/vivo-vivt3-fachada-loja-divulgacao-vivo.jpg","datePublished":"2023-05-26T20:19:55+00:00","dateModified":"2023-05-26T20:30:02+00:00","description":"Os pap\u00e9is da Telef\u00f4nica Brasil (VIVT3) viraram os favoritos do Santander (SANB11) no setor de telecomunica\u00e7\u00f5es. Saiba mais!","breadcrumb":{"@id":"https:\/\/www.suno.com.br\/noticias\/telefonica-brasil-vivo-vivt3-top-pick-santander-maio-2023\/#breadcrumb"},"inLanguage":"pt-BR","potentialAction":[{"@type":"ReadAction","target":["https:\/\/www.suno.com.br\/noticias\/telefonica-brasil-vivo-vivt3-top-pick-santander-maio-2023\/"]}]},{"@type":"ImageObject","inLanguage":"pt-BR","@id":"https:\/\/www.suno.com.br\/noticias\/telefonica-brasil-vivo-vivt3-top-pick-santander-maio-2023\/#primaryimage","url":"https:\/\/files.sunoresearch.com.br\/n\/uploads\/2022\/12\/vivo-vivt3-fachada-loja-divulgacao-vivo.jpg","contentUrl":"https:\/\/files.sunoresearch.com.br\/n\/uploads\/2022\/12\/vivo-vivt3-fachada-loja-divulgacao-vivo.jpg","width":1200,"height":675,"caption":"Fachada de loja da Vivo (VIVT3). Foto: Divulga\u00e7\u00e3o\/Vivo"},{"@type":"BreadcrumbList","@id":"https:\/\/www.suno.com.br\/noticias\/telefonica-brasil-vivo-vivt3-top-pick-santander-maio-2023\/#breadcrumb","itemListElement":[{"@type":"ListItem","position":1,"name":"Not\u00edcias","item":"https:\/\/www.suno.com.br\/noticias\/"},{"@type":"ListItem","position":2,"name":"Mercado","item":"https:\/\/www.suno.com.br\/noticias\/mercado\/"},{"@type":"ListItem","position":3,"name":"Por que a Telef\u00f4nica Brasil (VIVT3) ultrapassou a TIM (TIMS3) e virou a favorita dos analistas do Santander?"}]},{"@type":"WebSite","@id":"https:\/\/www.suno.com.br\/noticias\/#website","url":"https:\/\/www.suno.com.br\/noticias\/","name":"Suno Not\u00edcias","description":"Seu portal de informa\u00e7\u00e3o sobre o mundo dos investimentos","publisher":{"@id":"https:\/\/www.suno.com.br\/noticias\/#organization"},"potentialAction":[{"@type":"SearchAction","target":{"@type":"EntryPoint","urlTemplate":"https:\/\/www.suno.com.br\/noticias\/?s={search_term_string}"},"query-input":{"@type":"PropertyValueSpecification","valueRequired":true,"valueName":"search_term_string"}}],"inLanguage":"pt-BR"},{"@type":"Organization","@id":"https:\/\/www.suno.com.br\/noticias\/#organization","name":"Suno Not\u00edcias","url":"https:\/\/www.suno.com.br\/noticias\/","logo":{"@type":"ImageObject","inLanguage":"pt-BR","@id":"https:\/\/www.suno.com.br\/noticias\/#\/schema\/logo\/image\/","url":"https:\/\/files.sunoresearch.com.br\/n\/uploads\/2021\/09\/suno-logo.png","contentUrl":"https:\/\/files.sunoresearch.com.br\/n\/uploads\/2021\/09\/suno-logo.png","width":180,"height":180,"caption":"Suno Not\u00edcias"},"image":{"@id":"https:\/\/www.suno.com.br\/noticias\/#\/schema\/logo\/image\/"},"sameAs":["https:\/\/facebook.com\/sunoresearch","https:\/\/x.com\/sunoresearch","https:\/\/www.instagram.com\/suno","https:\/\/www.linkedin.com\/company\/suno-research\/","https:\/\/www.youtube.com\/c\/sunoresearch"]},{"@type":"Person","@id":"https:\/\/www.suno.com.br\/noticias\/#\/schema\/person\/6899bc3f19d1a7315f807131c2c013a0","name":"Erick Matheus Nery","image":{"@type":"ImageObject","inLanguage":"pt-BR","@id":"https:\/\/www.suno.com.br\/noticias\/#\/schema\/person\/image\/","url":"https:\/\/secure.gravatar.com\/avatar\/518ddffe438ccb767782d372a66304d2?s=96&r=g","contentUrl":"https:\/\/secure.gravatar.com\/avatar\/518ddffe438ccb767782d372a66304d2?s=96&r=g","caption":"Erick Matheus Nery"},"description":"Formado em Jornalismo pela Universidade Federal do Par\u00e1 (UFPA), conta com extens\u00e3o em Jornalismo Econ\u00f4mico pela Funda\u00e7\u00e3o Get\u00falio Vargas (FGV). No Suno Not\u00edcias, atua como rep\u00f3rter de Mercado, com foco nos setores de telecomunica\u00e7\u00f5es, varejo, alimentos e renda fixa. Conta com passagens pelo jornal O Estado de S\u00e3o Paulo, como trainee de Jornalismo Econ\u00f4mico, e pelo site Not\u00edcias da TV.","url":"https:\/\/www.suno.com.br\/noticias\/author\/erick-nery\/"}]}},"default_loop_html":"<div class=\"cardsPage__listCard__boxs\"><div class=\"cardsPage__listCard__boxs__img\"><a href=\"https:\/\/www.suno.com.br\/noticias\/telefonica-brasil-vivo-vivt3-top-pick-santander-maio-2023\/\"><img class=\"mask\" src=\"https:\/\/www.suno.com.br\/noticias\/wp-content\/themes\/suno\/resources\/images\/spotlight\/spotlight1img\/bg-mask.png\" alt=\"Image Mask\"\/><img src=\"https:\/\/files.sunoresearch.com.br\/n\/uploads\/2022\/12\/vivo-vivt3-fachada-loja-divulgacao-vivo-400x200.jpg\" alt=\"Por que a Telef\u00f4nica Brasil (VIVT3) ultrapassou a TIM (TIMS3) e virou a favorita dos analistas do Santander?\"\/><\/a><span class=\"spotlightCategory\"><a href=\"https:\/\/www.suno.com.br\/noticias\/mercado\/\">Mercado<\/a><\/span><\/div><div class=\"cardsPage__listCard__boxs__content\"><a href=\"https:\/\/www.suno.com.br\/noticias\/telefonica-brasil-vivo-vivt3-top-pick-santander-maio-2023\/\"><h2 class=\"content__title\">Por que a Telef\u00f4nica Brasil (VIVT3) ultrapassou a TIM (TIMS3) e virou a favorita dos analistas do Santander?<\/h2><\/a><div class=\"newsContent__article__meta\"><div class=\"newsContent__article__meta__authorBox\"><a href=\"https:\/\/www.suno.com.br\/noticias\/author\/erick-nery\/\" class=\"authorBox__avatar noMobi\"><img src=\"https:\/\/secure.gravatar.com\/avatar\/518ddffe438ccb767782d372a66304d2?s=96&#038;r=g\" alt=\"Erick Matheus Nery\"><\/a><div class=\"authorBox__name\"><span>por\n\t\t\t<a href=\"https:\/\/www.suno.com.br\/noticias\/author\/erick-nery\/\"><span itemprop=\"author\">Erick Matheus Nery<\/span><\/a><\/span><time datetime=\"2023-05-26T17:19:55-03:00\" itemprop=\"datePublished\">26\/05\/2023 17:19<\/time><\/div><\/div><\/div><\/div><\/div>","single_layout":"posts","amp_enabled":true,"_links":{"self":[{"href":"https:\/\/www.suno.com.br\/noticias\/wp-json\/wp\/v2\/posts\/409557"}],"collection":[{"href":"https:\/\/www.suno.com.br\/noticias\/wp-json\/wp\/v2\/posts"}],"about":[{"href":"https:\/\/www.suno.com.br\/noticias\/wp-json\/wp\/v2\/types\/post"}],"author":[{"embeddable":true,"href":"https:\/\/www.suno.com.br\/noticias\/wp-json\/wp\/v2\/users\/232"}],"replies":[{"embeddable":true,"href":"https:\/\/www.suno.com.br\/noticias\/wp-json\/wp\/v2\/comments?post=409557"}],"version-history":[{"count":3,"href":"https:\/\/www.suno.com.br\/noticias\/wp-json\/wp\/v2\/posts\/409557\/revisions"}],"predecessor-version":[{"id":409676,"href":"https:\/\/www.suno.com.br\/noticias\/wp-json\/wp\/v2\/posts\/409557\/revisions\/409676"}],"wp:featuredmedia":[{"embeddable":true,"href":"https:\/\/www.suno.com.br\/noticias\/wp-json\/wp\/v2\/media\/327234"}],"wp:attachment":[{"href":"https:\/\/www.suno.com.br\/noticias\/wp-json\/wp\/v2\/media?parent=409557"}],"wp:term":[{"taxonomy":"category","embeddable":true,"href":"https:\/\/www.suno.com.br\/noticias\/wp-json\/wp\/v2\/categories?post=409557"},{"taxonomy":"post_tag","embeddable":true,"href":"https:\/\/www.suno.com.br\/noticias\/wp-json\/wp\/v2\/tags?post=409557"},{"taxonomy":"suno_strategy","embeddable":true,"href":"https:\/\/www.suno.com.br\/noticias\/wp-json\/wp\/v2\/suno_strategy?post=409557"}],"curies":[{"name":"wp","href":"https:\/\/api.w.org\/{rel}","templated":true}]}}