{"id":409409,"date":"2023-05-26T08:43:37","date_gmt":"2023-05-26T11:43:37","guid":{"rendered":"https:\/\/www.suno.com.br\/noticias\/?p=409409"},"modified":"2023-05-26T08:43:41","modified_gmt":"2023-05-26T11:43:41","slug":"agenda-dvidendos-mahle-lev3-lavv3","status":"publish","type":"post","link":"https:\/\/www.suno.com.br\/noticias\/agenda-dvidendos-mahle-lev3-lavv3\/","title":{"rendered":"Mahle (LEVE3), Lavvi (LAVV3): veja quais empresas pagam dividendos nesta sexta-feira"},"content":{"rendered":"<p>Os investidores que compraram a\u00e7\u00f5es da<strong> Mahle<\/strong> (LEVE3) e da <a class=\"suno-keyword\" data-force=\"yes\" data-priority=\"2\" href=\"https:\/\/www.suno.com.br\/acoes\/LAVV3\/\" target=\"_blank\" rel=\"noopener\">Lavvi (LAVV3)<\/a> ver\u00e3o sua conta da corretora engordar com os dividendos que ser\u00e3o pagos nesta sexta-feira.<\/p>\t<div class=\"wrapper-featured-image\">\n\t\t<figure class=\"spotlightImg\">\n\n\t\t\t<picture>\n\t\t\t\t<source media=\"(max-width: 768px)\" srcset=\"https:\/\/files.sunoresearch.com.br\/n\/uploads\/2023\/05\/mahle-leve3-dividendos-maio-2023-400x200.jpg\">\n\t\t\t\t<img loading=\"lazy\" decoding=\"async\" class=\"newsContent__article__imgCapa lazyloadDisabled \" src=\"https:\/\/files.sunoresearch.com.br\/n\/uploads\/2023\/05\/mahle-leve3-dividendos-maio-2023-800x450.jpg\" width=\"800\" height=\"450\" alt=\"Mahle (LEVE3), Lavvi (LAVV3): veja quais empresas pagam dividendos nesta sexta-feira\" fetchpriority=high \/>\n\t\t\t<\/picture>\n\n\t\t\t<figcaption class=\"wp-caption-text wp-caption-text--show\">Tr\u00eas empresas pagam dividendos nesta sexta-feira; confira quais<\/figcaption>\n\t\t<\/figure>\n\t<\/div>\n\n\n\n\n\n\t<p>\n\t\t<a href=\"\" target=\"_blank\" data-element=\"shortcode-suno-banner\" title=\"Banner SUNO, clique e saiba mais\">\n\t\t\t<picture>\n\t\t\t\t<source media=\"(max-width: 500px)\" srcset=\"\">\n\t\t\t\t<img class=\"newsContent__article__imgCapa newsContent__article__imgCapa--banner\"\n\t\t\t\t\tsrc=\"\"\n\t\t\t\t\tdata-promo-id=\"89005\"\t\t\t\t\t\t\t\t\t\t\t\t\t\t\talt=\"\"\n\t\t\t\t>\n\t\t\t<\/picture>\n\t\t<\/a>\n\t<\/p>\n\n\n\n\n\n<p>Junto com os<strong> dividendos da Mahle<\/strong> e da <strong>Lavvi (LAVV3)<\/strong>, um total de 3 empresas distribuir\u00e3o <a href=\"https:\/\/www.suno.com.br\/guias\/dividendos\/\" target=\"_blank\" rel=\"noreferrer noopener\">proventos <\/a>hoje (26\/05).<\/p>\n\n\n\n<p>Os <strong>rendimentos da Mahle<\/strong> somam R$ 0,2513 por a\u00e7\u00e3o. J\u00e1 a Lavvi pagar\u00e1 R$ 0,0311.<\/p>\n\n\n\n<p>Apenas os investidores que detinham a\u00e7\u00f5es LEVE3 no dia 27 de abril ter\u00e3o direito de receber os <strong>rendimentos<\/strong>. J\u00e1 os acionistas da a Lavvi tinham que deter pap\u00e9is da empresa em 16&nbsp; de maio para serem contemplados.<\/p>\n\n\n\n<p>As a\u00e7\u00f5es da a Mahle e da a Lavvi s\u00e3o negociadas sem direitos aos dividendos desde 28 de abril e 16 de abril, respectivamente.<\/p>\n\n\n\n<h2 class=\"wp-block-heading\">Agenda de dividendos de hoje<\/h2>\n\n\n\n<p><strong><a href=\"https:\/\/www.suno.com.br\/acoes\/leve3\/\" target=\"_blank\" rel=\"noreferrer noopener\">Mahle (LEVE3)<\/a><\/strong><\/p>\n\n\n\n<ul class=\"wp-block-list\">\n<li>Tipo: Dividendo, Dividendo e Dividendo<\/li>\n\n\n\n<li>Valor por a\u00e7\u00e3o: R$ 0,2513, R$ 1,9026 e R$ 1,3683<\/li>\n\n\n\n<li>Data de corte: 27\/04\/2023<\/li>\n\n\n\n<li>Rendimento: 0,87%, 6,58% e 4,73%<\/li>\n<\/ul>\n\n\n\n<p><strong><a href=\"https:\/\/www.suno.com.br\/acoes\/lavv3\/\" target=\"_blank\" rel=\"noreferrer noopener\">Lavvi (LAVV3)<\/a><\/strong><\/p>\n\n\n\n<ul class=\"wp-block-list\">\n<li>Tipo: Dividendo<\/li>\n\n\n\n<li>Valor por a\u00e7\u00e3o: R$ 0,0311<\/li>\n\n\n\n<li>Data de corte: 16\/05\/2023<\/li>\n\n\n\n<li>Rendimento: 0,55%<\/li>\n<\/ul>\n\n\n\n<p><strong><a href=\"https:\/\/www.suno.com.br\/acoes\/viva3\/\" target=\"_blank\" rel=\"noreferrer noopener\">Vivara (VIVA3)<\/a><\/strong><\/p>\n\n\n\n<ul class=\"wp-block-list\">\n<li>Tipo: Dividendo<\/li>\n\n\n\n<li>Valor por a\u00e7\u00e3o: R$ 0,3632<\/li>\n\n\n\n<li>Data de corte: 27\/04\/2023<\/li>\n\n\n\n<li>Rendimento: 1,80%<\/li>\n<\/ul>\n\n\n\n<p>Os dividendos s\u00e3o creditados diretamente na conta do acionista na corretora de valores e s\u00e3o isentos de Imposto de Renda.<\/p>\n\n\n\n<p>Vale pontuar que essa mat\u00e9ria de dividendos do dia, como da <strong>Mahle<\/strong> (LEVE3), n\u00e3o configura uma recomenda\u00e7\u00e3o de compra ou venda de a\u00e7\u00f5es na Bolsa.<\/p>\n\n\n\t<p>\n\t\t<a href=\"https:\/\/lp.suno.com.br\/planilha-da-vida-financeira\/\" target=\"_blank\" data-element=\"shortcode-suno-banner\" title=\"Banner SUNO, clique e saiba mais\">\n\t\t\t<picture>\n\t\t\t\t<source media=\"(max-width: 500px)\" srcset=\"https:\/\/files.sunoresearch.com.br\/n\/uploads\/2023\/04\/400x300-Planilha-vida-financeira-true.png\">\n\t\t\t\t<img class=\"newsContent__article__imgCapa newsContent__article__imgCapa--banner\"\n\t\t\t\t\tsrc=\"https:\/\/files.sunoresearch.com.br\/n\/uploads\/2023\/04\/1420x240-Planilha-vida-financeira-true.png\"\n\t\t\t\t\tdata-promo-id=\"106682\"\t\t\t\t\t\t\t\t\t\twidth='1420' height='240'\t\t\t\t\talt=\"https:\/\/files.sunoresearch.com.br\/n\/uploads\/2023\/04\/1420x240-Planilha-vida-financeira-true.png\"\n\t\t\t\t>\n\t\t\t<\/picture>\n\t\t<\/a>\n\t<\/p>\n\n\n","protected":false},"excerpt":{"rendered":"<p>Os investidores que compraram a\u00e7\u00f5es da Mahle (LEVE3) e da Lavvi (LAVV3) ver\u00e3o sua conta da corretora engordar com os dividendos que ser\u00e3o pagos nesta sexta-feira. Tr\u00eas empresas pagam dividendos nesta sexta-feira; confira quais Junto com os dividendos da Mahle e da Lavvi (LAVV3), um total de 3 empresas distribuir\u00e3o proventos hoje (26\/05). Os rendimentos [&hellip;]<\/p>\n","protected":false},"author":283,"featured_media":409415,"comment_status":"closed","ping_status":"closed","sticky":false,"template":"","format":"standard","meta":[],"categories":[64],"tags":[286,295,1957,68023,558,1431],"suno_strategy":[],"class_list":["post-409409","post","type-post","status-publish","format-standard","has-post-thumbnail","hentry","category-negocios","tag-acoes","tag-dividendos","tag-juros-sobre-capital-proprio-jcp","tag-lavvi-empreendimentos-lavv3","tag-mahle-metal-leve-leve3","tag-vivara-viva3"],"yoast_head":"<!-- This site is optimized with the Yoast SEO plugin v24.4 - https:\/\/yoast.com\/wordpress\/plugins\/seo\/ -->\n<title>Mahle (LEVE3) e mais duas empresas pagam dividendos nesta sexta (26)<\/title>\n<meta name=\"description\" content=\"Mahle \u00e9 um dos destaques do dia na agenda de dividendos. Veja mais detalhes e outras empresas que tamb\u00e9m distribuem proventos hoje.\" \/>\n<meta name=\"robots\" content=\"index, follow, max-snippet:-1, max-image-preview:large, max-video-preview:-1\" \/>\n<link rel=\"canonical\" href=\"https:\/\/www.suno.com.br\/noticias\/agenda-dvidendos-mahle-lev3-lavv3\/\" \/>\n<meta property=\"og:locale\" content=\"pt_BR\" \/>\n<meta property=\"og:type\" content=\"article\" \/>\n<meta property=\"og:title\" content=\"Mahle (LEVE3) e mais duas empresas pagam dividendos nesta sexta (26)\" \/>\n<meta property=\"og:description\" content=\"Mahle \u00e9 um dos destaques do dia na agenda de dividendos. Veja mais detalhes e outras empresas que tamb\u00e9m distribuem proventos hoje.\" \/>\n<meta property=\"og:url\" content=\"https:\/\/www.suno.com.br\/noticias\/agenda-dvidendos-mahle-lev3-lavv3\/\" \/>\n<meta property=\"og:site_name\" content=\"Suno Not\u00edcias\" \/>\n<meta property=\"article:publisher\" content=\"https:\/\/facebook.com\/sunoresearch\" \/>\n<meta property=\"og:image\" content=\"https:\/\/files.sunoresearch.com.br\/n\/uploads\/2023\/05\/mahle-leve3-dividendos-maio-2023.jpg\" \/>\n\t<meta property=\"og:image:width\" content=\"1200\" \/>\n\t<meta property=\"og:image:height\" content=\"800\" \/>\n\t<meta property=\"og:image:type\" content=\"image\/jpeg\" \/>\n<meta name=\"author\" content=\"Camila Paim\" \/>\n<meta name=\"twitter:card\" content=\"summary_large_image\" \/>\n<meta name=\"twitter:creator\" content=\"@sunoresearch\" \/>\n<meta name=\"twitter:site\" content=\"@sunoresearch\" \/>\n<meta name=\"twitter:label1\" content=\"Escrito por\" \/>\n\t<meta name=\"twitter:data1\" content=\"Camila Paim\" \/>\n\t<meta name=\"twitter:label2\" content=\"Est. tempo de leitura\" \/>\n\t<meta name=\"twitter:data2\" content=\"2 minutos\" \/>\n<script type=\"application\/ld+json\" class=\"yoast-schema-graph\">{\"@context\":\"https:\/\/schema.org\",\"@graph\":[{\"@type\":\"NewsArticle\",\"@id\":\"https:\/\/www.suno.com.br\/noticias\/agenda-dvidendos-mahle-lev3-lavv3\/#article\",\"isPartOf\":{\"@id\":\"https:\/\/www.suno.com.br\/noticias\/agenda-dvidendos-mahle-lev3-lavv3\/\"},\"author\":{\"name\":\"Camila Paim\",\"@id\":\"https:\/\/www.suno.com.br\/noticias\/#\/schema\/person\/f341d3ae5d1cc685176c9a5327cdfdbb\"},\"headline\":\"Mahle (LEVE3), Lavvi (LAVV3): veja quais empresas pagam dividendos nesta sexta-feira\",\"datePublished\":\"2023-05-26T11:43:37+00:00\",\"dateModified\":\"2023-05-26T11:43:41+00:00\",\"mainEntityOfPage\":{\"@id\":\"https:\/\/www.suno.com.br\/noticias\/agenda-dvidendos-mahle-lev3-lavv3\/\"},\"wordCount\":243,\"publisher\":{\"@id\":\"https:\/\/www.suno.com.br\/noticias\/#organization\"},\"image\":{\"@id\":\"https:\/\/www.suno.com.br\/noticias\/agenda-dvidendos-mahle-lev3-lavv3\/#primaryimage\"},\"thumbnailUrl\":\"https:\/\/files.sunoresearch.com.br\/n\/uploads\/2023\/05\/mahle-leve3-dividendos-maio-2023.jpg\",\"keywords\":[\"A\u00e7\u00f5es\",\"dividendos\",\"juros sobre capital pr\u00f3prio (JCP)\",\"Lavvi Empreendimentos (LAVV3)\",\"MAHLE Metal Leve (LEVE3)\",\"Vivara (VIVA3)\"],\"articleSection\":[\"Neg\u00f3cios\"],\"inLanguage\":\"pt-BR\"},{\"@type\":\"WebPage\",\"@id\":\"https:\/\/www.suno.com.br\/noticias\/agenda-dvidendos-mahle-lev3-lavv3\/\",\"url\":\"https:\/\/www.suno.com.br\/noticias\/agenda-dvidendos-mahle-lev3-lavv3\/\",\"name\":\"Mahle (LEVE3) e mais duas empresas pagam dividendos nesta sexta (26)\",\"isPartOf\":{\"@id\":\"https:\/\/www.suno.com.br\/noticias\/#website\"},\"primaryImageOfPage\":{\"@id\":\"https:\/\/www.suno.com.br\/noticias\/agenda-dvidendos-mahle-lev3-lavv3\/#primaryimage\"},\"image\":{\"@id\":\"https:\/\/www.suno.com.br\/noticias\/agenda-dvidendos-mahle-lev3-lavv3\/#primaryimage\"},\"thumbnailUrl\":\"https:\/\/files.sunoresearch.com.br\/n\/uploads\/2023\/05\/mahle-leve3-dividendos-maio-2023.jpg\",\"datePublished\":\"2023-05-26T11:43:37+00:00\",\"dateModified\":\"2023-05-26T11:43:41+00:00\",\"description\":\"Mahle \u00e9 um dos destaques do dia na agenda de dividendos. Veja mais detalhes e outras empresas que tamb\u00e9m distribuem proventos hoje.\",\"breadcrumb\":{\"@id\":\"https:\/\/www.suno.com.br\/noticias\/agenda-dvidendos-mahle-lev3-lavv3\/#breadcrumb\"},\"inLanguage\":\"pt-BR\",\"potentialAction\":[{\"@type\":\"ReadAction\",\"target\":[\"https:\/\/www.suno.com.br\/noticias\/agenda-dvidendos-mahle-lev3-lavv3\/\"]}]},{\"@type\":\"ImageObject\",\"inLanguage\":\"pt-BR\",\"@id\":\"https:\/\/www.suno.com.br\/noticias\/agenda-dvidendos-mahle-lev3-lavv3\/#primaryimage\",\"url\":\"https:\/\/files.sunoresearch.com.br\/n\/uploads\/2023\/05\/mahle-leve3-dividendos-maio-2023.jpg\",\"contentUrl\":\"https:\/\/files.sunoresearch.com.br\/n\/uploads\/2023\/05\/mahle-leve3-dividendos-maio-2023.jpg\",\"width\":1200,\"height\":800,\"caption\":\"Tr\u00eas empresas pagam dividendos nesta sexta-feira; confira quais\"},{\"@type\":\"BreadcrumbList\",\"@id\":\"https:\/\/www.suno.com.br\/noticias\/agenda-dvidendos-mahle-lev3-lavv3\/#breadcrumb\",\"itemListElement\":[{\"@type\":\"ListItem\",\"position\":1,\"name\":\"Not\u00edcias\",\"item\":\"https:\/\/www.suno.com.br\/noticias\/\"},{\"@type\":\"ListItem\",\"position\":2,\"name\":\"Neg\u00f3cios\",\"item\":\"https:\/\/www.suno.com.br\/noticias\/negocios\/\"},{\"@type\":\"ListItem\",\"position\":3,\"name\":\"Mahle (LEVE3), Lavvi (LAVV3): veja quais empresas pagam dividendos nesta sexta-feira\"}]},{\"@type\":\"WebSite\",\"@id\":\"https:\/\/www.suno.com.br\/noticias\/#website\",\"url\":\"https:\/\/www.suno.com.br\/noticias\/\",\"name\":\"Suno Not\u00edcias\",\"description\":\"Seu portal de informa\u00e7\u00e3o sobre o mundo dos investimentos\",\"publisher\":{\"@id\":\"https:\/\/www.suno.com.br\/noticias\/#organization\"},\"potentialAction\":[{\"@type\":\"SearchAction\",\"target\":{\"@type\":\"EntryPoint\",\"urlTemplate\":\"https:\/\/www.suno.com.br\/noticias\/?s={search_term_string}\"},\"query-input\":{\"@type\":\"PropertyValueSpecification\",\"valueRequired\":true,\"valueName\":\"search_term_string\"}}],\"inLanguage\":\"pt-BR\"},{\"@type\":\"Organization\",\"@id\":\"https:\/\/www.suno.com.br\/noticias\/#organization\",\"name\":\"Suno Not\u00edcias\",\"url\":\"https:\/\/www.suno.com.br\/noticias\/\",\"logo\":{\"@type\":\"ImageObject\",\"inLanguage\":\"pt-BR\",\"@id\":\"https:\/\/www.suno.com.br\/noticias\/#\/schema\/logo\/image\/\",\"url\":\"https:\/\/files.sunoresearch.com.br\/n\/uploads\/2021\/09\/suno-logo.png\",\"contentUrl\":\"https:\/\/files.sunoresearch.com.br\/n\/uploads\/2021\/09\/suno-logo.png\",\"width\":180,\"height\":180,\"caption\":\"Suno Not\u00edcias\"},\"image\":{\"@id\":\"https:\/\/www.suno.com.br\/noticias\/#\/schema\/logo\/image\/\"},\"sameAs\":[\"https:\/\/facebook.com\/sunoresearch\",\"https:\/\/x.com\/sunoresearch\",\"https:\/\/www.instagram.com\/suno\",\"https:\/\/www.linkedin.com\/company\/suno-research\/\",\"https:\/\/www.youtube.com\/c\/sunoresearch\"]},{\"@type\":\"Person\",\"@id\":\"https:\/\/www.suno.com.br\/noticias\/#\/schema\/person\/f341d3ae5d1cc685176c9a5327cdfdbb\",\"name\":\"Camila Paim\",\"image\":{\"@type\":\"ImageObject\",\"inLanguage\":\"pt-BR\",\"@id\":\"https:\/\/www.suno.com.br\/noticias\/#\/schema\/person\/image\/\",\"url\":\"https:\/\/secure.gravatar.com\/avatar\/f33728e65febb1aa7ecf6792956f9b20?s=96&r=g\",\"contentUrl\":\"https:\/\/secure.gravatar.com\/avatar\/f33728e65febb1aa7ecf6792956f9b20?s=96&r=g\",\"caption\":\"Camila Paim\"},\"description\":\"Jornalista formada pela USP, tem experi\u00eancia em reda\u00e7\u00f5es, SEO, Branded Content e Webdesign. Com passagem pelo Jornal da USP, Empiricus e C6 Bank, hoje \u00e9 rep\u00f3rter no Suno Not\u00edcias cobrindo macroeconomia, finan\u00e7as pessoais e startups.\",\"url\":\"https:\/\/www.suno.com.br\/noticias\/author\/camila-figueiredosuno-com-br\/\"}]}<\/script>\n<!-- \/ Yoast SEO plugin. -->","yoast_head_json":{"title":"Mahle (LEVE3) e mais duas empresas pagam dividendos nesta sexta (26)","description":"Mahle \u00e9 um dos destaques do dia na agenda de dividendos. Veja mais detalhes e outras empresas que tamb\u00e9m distribuem proventos hoje.","robots":{"index":"index","follow":"follow","max-snippet":"max-snippet:-1","max-image-preview":"max-image-preview:large","max-video-preview":"max-video-preview:-1"},"canonical":"https:\/\/www.suno.com.br\/noticias\/agenda-dvidendos-mahle-lev3-lavv3\/","og_locale":"pt_BR","og_type":"article","og_title":"Mahle (LEVE3) e mais duas empresas pagam dividendos nesta sexta (26)","og_description":"Mahle \u00e9 um dos destaques do dia na agenda de dividendos. Veja mais detalhes e outras empresas que tamb\u00e9m distribuem proventos hoje.","og_url":"https:\/\/www.suno.com.br\/noticias\/agenda-dvidendos-mahle-lev3-lavv3\/","og_site_name":"Suno Not\u00edcias","article_publisher":"https:\/\/facebook.com\/sunoresearch","og_image":[{"width":1200,"height":800,"url":"https:\/\/files.sunoresearch.com.br\/n\/uploads\/2023\/05\/mahle-leve3-dividendos-maio-2023.jpg","type":"image\/jpeg"}],"author":"Camila Paim","twitter_card":"summary_large_image","twitter_creator":"@sunoresearch","twitter_site":"@sunoresearch","twitter_misc":{"Escrito por":"Camila Paim","Est. tempo de leitura":"2 minutos"},"schema":{"@context":"https:\/\/schema.org","@graph":[{"@type":"NewsArticle","@id":"https:\/\/www.suno.com.br\/noticias\/agenda-dvidendos-mahle-lev3-lavv3\/#article","isPartOf":{"@id":"https:\/\/www.suno.com.br\/noticias\/agenda-dvidendos-mahle-lev3-lavv3\/"},"author":{"name":"Camila Paim","@id":"https:\/\/www.suno.com.br\/noticias\/#\/schema\/person\/f341d3ae5d1cc685176c9a5327cdfdbb"},"headline":"Mahle (LEVE3), Lavvi (LAVV3): veja quais empresas pagam dividendos nesta sexta-feira","datePublished":"2023-05-26T11:43:37+00:00","dateModified":"2023-05-26T11:43:41+00:00","mainEntityOfPage":{"@id":"https:\/\/www.suno.com.br\/noticias\/agenda-dvidendos-mahle-lev3-lavv3\/"},"wordCount":243,"publisher":{"@id":"https:\/\/www.suno.com.br\/noticias\/#organization"},"image":{"@id":"https:\/\/www.suno.com.br\/noticias\/agenda-dvidendos-mahle-lev3-lavv3\/#primaryimage"},"thumbnailUrl":"https:\/\/files.sunoresearch.com.br\/n\/uploads\/2023\/05\/mahle-leve3-dividendos-maio-2023.jpg","keywords":["A\u00e7\u00f5es","dividendos","juros sobre capital pr\u00f3prio (JCP)","Lavvi Empreendimentos (LAVV3)","MAHLE Metal Leve (LEVE3)","Vivara (VIVA3)"],"articleSection":["Neg\u00f3cios"],"inLanguage":"pt-BR"},{"@type":"WebPage","@id":"https:\/\/www.suno.com.br\/noticias\/agenda-dvidendos-mahle-lev3-lavv3\/","url":"https:\/\/www.suno.com.br\/noticias\/agenda-dvidendos-mahle-lev3-lavv3\/","name":"Mahle (LEVE3) e mais duas empresas pagam dividendos nesta sexta (26)","isPartOf":{"@id":"https:\/\/www.suno.com.br\/noticias\/#website"},"primaryImageOfPage":{"@id":"https:\/\/www.suno.com.br\/noticias\/agenda-dvidendos-mahle-lev3-lavv3\/#primaryimage"},"image":{"@id":"https:\/\/www.suno.com.br\/noticias\/agenda-dvidendos-mahle-lev3-lavv3\/#primaryimage"},"thumbnailUrl":"https:\/\/files.sunoresearch.com.br\/n\/uploads\/2023\/05\/mahle-leve3-dividendos-maio-2023.jpg","datePublished":"2023-05-26T11:43:37+00:00","dateModified":"2023-05-26T11:43:41+00:00","description":"Mahle \u00e9 um dos destaques do dia na agenda de dividendos. Veja mais detalhes e outras empresas que tamb\u00e9m distribuem proventos hoje.","breadcrumb":{"@id":"https:\/\/www.suno.com.br\/noticias\/agenda-dvidendos-mahle-lev3-lavv3\/#breadcrumb"},"inLanguage":"pt-BR","potentialAction":[{"@type":"ReadAction","target":["https:\/\/www.suno.com.br\/noticias\/agenda-dvidendos-mahle-lev3-lavv3\/"]}]},{"@type":"ImageObject","inLanguage":"pt-BR","@id":"https:\/\/www.suno.com.br\/noticias\/agenda-dvidendos-mahle-lev3-lavv3\/#primaryimage","url":"https:\/\/files.sunoresearch.com.br\/n\/uploads\/2023\/05\/mahle-leve3-dividendos-maio-2023.jpg","contentUrl":"https:\/\/files.sunoresearch.com.br\/n\/uploads\/2023\/05\/mahle-leve3-dividendos-maio-2023.jpg","width":1200,"height":800,"caption":"Tr\u00eas empresas pagam dividendos nesta sexta-feira; confira quais"},{"@type":"BreadcrumbList","@id":"https:\/\/www.suno.com.br\/noticias\/agenda-dvidendos-mahle-lev3-lavv3\/#breadcrumb","itemListElement":[{"@type":"ListItem","position":1,"name":"Not\u00edcias","item":"https:\/\/www.suno.com.br\/noticias\/"},{"@type":"ListItem","position":2,"name":"Neg\u00f3cios","item":"https:\/\/www.suno.com.br\/noticias\/negocios\/"},{"@type":"ListItem","position":3,"name":"Mahle (LEVE3), Lavvi (LAVV3): veja quais empresas pagam dividendos nesta sexta-feira"}]},{"@type":"WebSite","@id":"https:\/\/www.suno.com.br\/noticias\/#website","url":"https:\/\/www.suno.com.br\/noticias\/","name":"Suno Not\u00edcias","description":"Seu portal de informa\u00e7\u00e3o sobre o mundo dos investimentos","publisher":{"@id":"https:\/\/www.suno.com.br\/noticias\/#organization"},"potentialAction":[{"@type":"SearchAction","target":{"@type":"EntryPoint","urlTemplate":"https:\/\/www.suno.com.br\/noticias\/?s={search_term_string}"},"query-input":{"@type":"PropertyValueSpecification","valueRequired":true,"valueName":"search_term_string"}}],"inLanguage":"pt-BR"},{"@type":"Organization","@id":"https:\/\/www.suno.com.br\/noticias\/#organization","name":"Suno Not\u00edcias","url":"https:\/\/www.suno.com.br\/noticias\/","logo":{"@type":"ImageObject","inLanguage":"pt-BR","@id":"https:\/\/www.suno.com.br\/noticias\/#\/schema\/logo\/image\/","url":"https:\/\/files.sunoresearch.com.br\/n\/uploads\/2021\/09\/suno-logo.png","contentUrl":"https:\/\/files.sunoresearch.com.br\/n\/uploads\/2021\/09\/suno-logo.png","width":180,"height":180,"caption":"Suno Not\u00edcias"},"image":{"@id":"https:\/\/www.suno.com.br\/noticias\/#\/schema\/logo\/image\/"},"sameAs":["https:\/\/facebook.com\/sunoresearch","https:\/\/x.com\/sunoresearch","https:\/\/www.instagram.com\/suno","https:\/\/www.linkedin.com\/company\/suno-research\/","https:\/\/www.youtube.com\/c\/sunoresearch"]},{"@type":"Person","@id":"https:\/\/www.suno.com.br\/noticias\/#\/schema\/person\/f341d3ae5d1cc685176c9a5327cdfdbb","name":"Camila Paim","image":{"@type":"ImageObject","inLanguage":"pt-BR","@id":"https:\/\/www.suno.com.br\/noticias\/#\/schema\/person\/image\/","url":"https:\/\/secure.gravatar.com\/avatar\/f33728e65febb1aa7ecf6792956f9b20?s=96&r=g","contentUrl":"https:\/\/secure.gravatar.com\/avatar\/f33728e65febb1aa7ecf6792956f9b20?s=96&r=g","caption":"Camila Paim"},"description":"Jornalista formada pela USP, tem experi\u00eancia em reda\u00e7\u00f5es, SEO, Branded Content e Webdesign. Com passagem pelo Jornal da USP, Empiricus e C6 Bank, hoje \u00e9 rep\u00f3rter no Suno Not\u00edcias cobrindo macroeconomia, finan\u00e7as pessoais e startups.","url":"https:\/\/www.suno.com.br\/noticias\/author\/camila-figueiredosuno-com-br\/"}]}},"default_loop_html":"<div class=\"cardsPage__listCard__boxs\"><div class=\"cardsPage__listCard__boxs__img\"><a href=\"https:\/\/www.suno.com.br\/noticias\/agenda-dvidendos-mahle-lev3-lavv3\/\"><img class=\"mask\" src=\"https:\/\/www.suno.com.br\/noticias\/wp-content\/themes\/suno\/resources\/images\/spotlight\/spotlight1img\/bg-mask.png\" alt=\"Image Mask\"\/><img src=\"https:\/\/files.sunoresearch.com.br\/n\/uploads\/2023\/05\/mahle-leve3-dividendos-maio-2023-400x200.jpg\" alt=\"Mahle (LEVE3), Lavvi (LAVV3): veja quais empresas pagam dividendos nesta sexta-feira\"\/><\/a><span class=\"spotlightCategory\"><a href=\"https:\/\/www.suno.com.br\/noticias\/negocios\/\">Neg\u00f3cios<\/a><\/span><\/div><div class=\"cardsPage__listCard__boxs__content\"><a href=\"https:\/\/www.suno.com.br\/noticias\/agenda-dvidendos-mahle-lev3-lavv3\/\"><h2 class=\"content__title\">Mahle (LEVE3), Lavvi (LAVV3): veja quais empresas pagam dividendos nesta sexta-feira<\/h2><\/a><div class=\"newsContent__article__meta\"><div class=\"newsContent__article__meta__authorBox\"><a href=\"https:\/\/www.suno.com.br\/noticias\/author\/camila-figueiredosuno-com-br\/\" class=\"authorBox__avatar noMobi\"><img src=\"https:\/\/files.sunoresearch.com.br\/n\/uploads\/2024\/05\/camila-paim-square-150x150.jpg\" alt=\"Camila Paim\"><\/a><div class=\"authorBox__name\"><span>por\n\t\t\t<a href=\"https:\/\/www.suno.com.br\/noticias\/author\/camila-figueiredosuno-com-br\/\"><span itemprop=\"author\">Camila Paim<\/span><\/a><\/span><time datetime=\"2023-05-26T08:43:37-03:00\" itemprop=\"datePublished\">26\/05\/2023 08:43<\/time><\/div><\/div><\/div><\/div><\/div>","single_layout":"posts","amp_enabled":true,"_links":{"self":[{"href":"https:\/\/www.suno.com.br\/noticias\/wp-json\/wp\/v2\/posts\/409409"}],"collection":[{"href":"https:\/\/www.suno.com.br\/noticias\/wp-json\/wp\/v2\/posts"}],"about":[{"href":"https:\/\/www.suno.com.br\/noticias\/wp-json\/wp\/v2\/types\/post"}],"author":[{"embeddable":true,"href":"https:\/\/www.suno.com.br\/noticias\/wp-json\/wp\/v2\/users\/283"}],"replies":[{"embeddable":true,"href":"https:\/\/www.suno.com.br\/noticias\/wp-json\/wp\/v2\/comments?post=409409"}],"version-history":[{"count":3,"href":"https:\/\/www.suno.com.br\/noticias\/wp-json\/wp\/v2\/posts\/409409\/revisions"}],"predecessor-version":[{"id":409424,"href":"https:\/\/www.suno.com.br\/noticias\/wp-json\/wp\/v2\/posts\/409409\/revisions\/409424"}],"wp:featuredmedia":[{"embeddable":true,"href":"https:\/\/www.suno.com.br\/noticias\/wp-json\/wp\/v2\/media\/409415"}],"wp:attachment":[{"href":"https:\/\/www.suno.com.br\/noticias\/wp-json\/wp\/v2\/media?parent=409409"}],"wp:term":[{"taxonomy":"category","embeddable":true,"href":"https:\/\/www.suno.com.br\/noticias\/wp-json\/wp\/v2\/categories?post=409409"},{"taxonomy":"post_tag","embeddable":true,"href":"https:\/\/www.suno.com.br\/noticias\/wp-json\/wp\/v2\/tags?post=409409"},{"taxonomy":"suno_strategy","embeddable":true,"href":"https:\/\/www.suno.com.br\/noticias\/wp-json\/wp\/v2\/suno_strategy?post=409409"}],"curies":[{"name":"wp","href":"https:\/\/api.w.org\/{rel}","templated":true}]}}