{"id":40937,"date":"2019-10-14T09:43:16","date_gmt":"2019-10-14T12:43:16","guid":{"rendered":"https:\/\/www.suno.com.br\/noticias\/?p=40937"},"modified":"2019-10-14T09:43:16","modified_gmt":"2019-10-14T12:43:16","slug":"nestle-inicia-programa-de-inovacao-com-startups","status":"publish","type":"post","link":"https:\/\/www.suno.com.br\/noticias\/nestle-inicia-programa-de-inovacao-com-startups\/","title":{"rendered":"Nestl\u00e9 inicia programa de inova\u00e7\u00e3o com startups"},"content":{"rendered":"<p>De acordo com Victor Vendramini, head de e-business da Nestl\u00e9, a empresa passar\u00e1 a investir em parcerias com empresas inovadoras. O objetivo \u00e9 buscar inova\u00e7\u00e3o no modelo de neg\u00f3cios, trazendo benef\u00edcios aos clientes da multinacional su\u00ed\u00e7a.<\/p>\t<div class=\"wrapper-featured-image\">\n\t\t<figure class=\"spotlightImg\">\n\n\t\t\t<picture>\n\t\t\t\t<source media=\"(max-width: 768px)\" srcset=\"https:\/\/files.sunoresearch.com.br\/n\/uploads\/2019\/08\/eb6dc16d-nestle-400x200.webp\">\n\t\t\t\t<img loading=\"lazy\" decoding=\"async\" class=\"newsContent__article__imgCapa lazyloadDisabled newsContent__article__imgCapa--noCaption\" src=\"https:\/\/files.sunoresearch.com.br\/n\/uploads\/2019\/08\/eb6dc16d-nestle-800x450.webp\" width=\"800\" height=\"450\" alt=\"Nestl\u00e9 inicia programa de inova\u00e7\u00e3o com startups\" fetchpriority=high \/>\n\t\t\t<\/picture>\n\n\t\t\t<figcaption class=\"wp-caption-text wp-caption-text--hide\">Nestl\u00e9 perde direito de uso do nome de seu hamb\u00farguer feito \u00e0 base de plantas<\/figcaption>\n\t\t<\/figure>\n\t<\/div>\n\n\n\n<p>O Brasil ser\u00e1 o primeiro pa\u00eds a receber o programa de acelera\u00e7\u00e3o de <strong>startups<\/strong> ligadas ao segmento de sa\u00fade da <strong>Nestl\u00e9 Health Science<\/strong>. O Beyond Food, criado em parceria com a StartSe e a Innoscience, projeta o investimento de R$ 1 milh\u00e3o para impulsionar tr\u00eas startups.<\/p>\n<p>Ser\u00e3o escolhidas companhias que apresentarem solu\u00e7\u00f5es estrat\u00e9gicas tecnol\u00f3gicas no \u00e2mbito digital, como o aumento da efic\u00e1cia das vendas no e-commerce e precifica\u00e7\u00e3o dos produtos. Al\u00e9m disso, o desenvolvimento de rob\u00f4s que apoiem cuidadores e familiares no processo de tratamento e nutri\u00e7\u00e3o de pacientes, impress\u00e3o 3D e 4D de alimentos e tecnologias de realidade aumentada visando a preven\u00e7\u00e3o de doen\u00e7as tamb\u00e9m s\u00e3o o foco da Nestl\u00e9.<\/p>\n<p><a href=\"https:\/\/www.suno.com.br\/noticias\/softbank-estuda-assumir-controle-da-wework-novo-financiamento\/\">Confira: Softbank estuda assumir o controle da WeWork por meio de novo financiamento<\/a><\/p>\n<p>A parceria entre a multinacional e as startups vai decorrer-se durante o ano que vem. Na primeira fase de sele\u00e7\u00e3o, ser\u00e3o escolhidas at\u00e9 15 empresas. Esses empreendedores ter\u00e3o um encontro com altos executivos da <strong>Nestl\u00e9<\/strong>.<\/p>\n<p>Na segunda e \u00faltima fase, cinco startups se apresentar\u00e3o em um &#8220;pitch day&#8221;, em dezembro. No mesmo dia, a Nestl\u00e9 Health Science vai anunciar at\u00e9 tr\u00eas startups vencedoras.<\/p>\n<p>O investimento ser\u00e1 dividido da seguinte forma:<\/p>\n<ul>\n<li>A primeira colocada receber\u00e1 R$ 500 mil<\/li>\n<li>A segunda receber\u00e1 R$ 300 mil<\/li>\n<li>A terceira colocada leva R$ 200 mil<\/li>\n<\/ul>\n<h2>Escolha do Brasil pela Nestl\u00e9<\/h2>\n<p>De acordo com Vendramini, o Brasil foi o escolhido pela Nestl\u00e9 por que j\u00e1 possui maturidade em projetos que agreguem certa <strong>tecnologia<\/strong>.<\/p>\n\t<p>\n\t\t<a href=\"https:\/\/lp.suno.com.br\/plataforma-de-controle-de-investimentos\/\" target=\"_blank\" data-element=\"shortcode-suno-banner\" title=\"Banner SUNO, clique e saiba mais\">\n\t\t\t<picture>\n\t\t\t\t<source media=\"(max-width: 500px)\" srcset=\"https:\/\/files.sunoresearch.com.br\/n\/uploads\/2023\/03\/400x300-Controle-de-Investimentos.png\">\n\t\t\t\t<img class=\"newsContent__article__imgCapa newsContent__article__imgCapa--banner\"\n\t\t\t\t\tsrc=\"https:\/\/files.sunoresearch.com.br\/n\/uploads\/2023\/03\/1420x240-Controle-de-Investimentos.png\"\n\t\t\t\t\tdata-promo-id=\"383162\"\t\t\t\t\t\t\t\t\t\twidth='1420' height='240'\t\t\t\t\talt=\"https:\/\/files.sunoresearch.com.br\/n\/uploads\/2023\/03\/1420x240-Controle-de-Investimentos.png\"\n\t\t\t\t>\n\t\t\t<\/picture>\n\t\t<\/a>\n\t<\/p>\n\n\n<p>N\u00e3o obstante, a companhia europeia tamb\u00e9m levou em considera\u00e7\u00e3o as v\u00e1rias iniciativas digital no Pa\u00eds, seja por meio da ado\u00e7\u00e3o de solu\u00e7\u00f5es de fornecedores ou pelo desenvolvimento interno das empresas inovadoras.<\/p>\n<p><a href=\"https:\/\/www.suno.com.br\/noticias\/banco-inter-uber-estudam-paceria-financeira\/\">Veja tamb\u00e9m: Banco Inter e Uber estudam parceria financeira, diz ag\u00eancia<\/a><\/p>\n<article>\n<div class=\"txt-serif js-article-box article-box article-box-capitalize mt-15\">\n<p>Al\u00e9m da inje\u00e7\u00e3o de recursos e a possibilidade de dar escala a um projeto, startups que participam de processos de acelera\u00e7\u00e3o como o da Nestl\u00e9 buscam ter contato com os executivos das empresas investidoras para conhecer mais sobre o neg\u00f3cio. \u00c9 uma forma, segundo Vendramini, de terem ideias e serem desafiados.<\/p>\n<p>As inscri\u00e7\u00f5es devem ser feitas at\u00e9 25 de outubro, diretamente no <a href=\"https:\/\/lp.startse.com.br\/programa\/nestle-health-science\/?v=1&amp;__hstc=245832795.ed87e1c287fd43a287377c96f3c5728f.1571056706600.1571056706600.1571056706600.1&amp;__hssc=245832795.1.1571056706599&amp;__hsfp=1747290391&amp;_ga=2.13612279.1592350699.1571056703-926470690.1571056703\">site<\/a> da Nestl\u00e9.<\/p>\n<\/div>\n<\/article>\n","protected":false},"excerpt":{"rendered":"<p>De acordo com Victor Vendramini, head de e-business da Nestl\u00e9, a empresa passar\u00e1 a investir em parcerias com empresas inovadoras. O objetivo \u00e9 buscar inova\u00e7\u00e3o no modelo de neg\u00f3cios, trazendo benef\u00edcios aos clientes da multinacional su\u00ed\u00e7a. Nestl\u00e9 perde direito de uso do nome de seu hamb\u00farguer feito \u00e0 base de plantas O Brasil ser\u00e1 o [&hellip;]<\/p>\n","protected":false},"author":24,"featured_media":33437,"comment_status":"closed","ping_status":"closed","sticky":false,"template":"","format":"standard","meta":[],"categories":[64],"tags":[1159,708],"suno_strategy":[],"class_list":["post-40937","post","type-post","status-publish","format-standard","has-post-thumbnail","hentry","category-negocios","tag-nestle","tag-startups"],"yoast_head":"<!-- This site is optimized with the Yoast SEO plugin v24.4 - https:\/\/yoast.com\/wordpress\/plugins\/seo\/ -->\n<title>Nestl\u00e9 inicia programa de inova\u00e7\u00e3o com startups<\/title>\n<meta name=\"description\" content=\"De acordo com Victor Vendramini, head de e-business da Nestl\u00e9, a empresa passar\u00e1 a investir em parcerias com empresas inovadoras. Saiba mais.\" \/>\n<meta name=\"robots\" content=\"index, follow, max-snippet:-1, max-image-preview:large, max-video-preview:-1\" \/>\n<link rel=\"canonical\" href=\"https:\/\/www.suno.com.br\/noticias\/nestle-inicia-programa-de-inovacao-com-startups\/\" \/>\n<meta property=\"og:locale\" content=\"pt_BR\" \/>\n<meta property=\"og:type\" content=\"article\" \/>\n<meta property=\"og:title\" content=\"Nestl\u00e9 inicia programa de inova\u00e7\u00e3o com startups\" \/>\n<meta property=\"og:description\" content=\"De acordo com Victor Vendramini, head de e-business da Nestl\u00e9, a empresa passar\u00e1 a investir em parcerias com empresas inovadoras. Saiba mais.\" \/>\n<meta property=\"og:url\" content=\"https:\/\/www.suno.com.br\/noticias\/nestle-inicia-programa-de-inovacao-com-startups\/\" \/>\n<meta property=\"og:site_name\" content=\"Suno Not\u00edcias\" \/>\n<meta property=\"article:publisher\" content=\"https:\/\/facebook.com\/sunoresearch\" \/>\n<meta property=\"og:image\" content=\"https:\/\/files.sunoresearch.com.br\/n\/uploads\/2019\/08\/eb6dc16d-nestle.jpg\" \/>\n\t<meta property=\"og:image:width\" content=\"1280\" \/>\n\t<meta property=\"og:image:height\" content=\"720\" \/>\n\t<meta property=\"og:image:type\" content=\"image\/jpeg\" \/>\n<meta name=\"author\" content=\"Jader Lazarini\" \/>\n<meta name=\"twitter:card\" content=\"summary_large_image\" \/>\n<meta name=\"twitter:creator\" content=\"@sunoresearch\" \/>\n<meta name=\"twitter:site\" content=\"@sunoresearch\" \/>\n<meta name=\"twitter:label1\" content=\"Escrito por\" \/>\n\t<meta name=\"twitter:data1\" content=\"Jader Lazarini\" \/>\n\t<meta name=\"twitter:label2\" content=\"Est. tempo de leitura\" \/>\n\t<meta name=\"twitter:data2\" content=\"2 minutos\" \/>\n<script type=\"application\/ld+json\" class=\"yoast-schema-graph\">{\"@context\":\"https:\/\/schema.org\",\"@graph\":[{\"@type\":\"NewsArticle\",\"@id\":\"https:\/\/www.suno.com.br\/noticias\/nestle-inicia-programa-de-inovacao-com-startups\/#article\",\"isPartOf\":{\"@id\":\"https:\/\/www.suno.com.br\/noticias\/nestle-inicia-programa-de-inovacao-com-startups\/\"},\"author\":{\"name\":\"Jader Lazarini\",\"@id\":\"https:\/\/www.suno.com.br\/noticias\/#\/schema\/person\/918d79de1f0281f01599b93f9ea6e23f\"},\"headline\":\"Nestl\u00e9 inicia programa de inova\u00e7\u00e3o com startups\",\"datePublished\":\"2019-10-14T12:43:16+00:00\",\"mainEntityOfPage\":{\"@id\":\"https:\/\/www.suno.com.br\/noticias\/nestle-inicia-programa-de-inovacao-com-startups\/\"},\"wordCount\":431,\"publisher\":{\"@id\":\"https:\/\/www.suno.com.br\/noticias\/#organization\"},\"image\":{\"@id\":\"https:\/\/www.suno.com.br\/noticias\/nestle-inicia-programa-de-inovacao-com-startups\/#primaryimage\"},\"thumbnailUrl\":\"https:\/\/files.sunoresearch.com.br\/n\/uploads\/2019\/08\/eb6dc16d-nestle-jpg.webp\",\"keywords\":[\"Nestl\u00e9\",\"startups\"],\"articleSection\":[\"Neg\u00f3cios\"],\"inLanguage\":\"pt-BR\"},{\"@type\":\"WebPage\",\"@id\":\"https:\/\/www.suno.com.br\/noticias\/nestle-inicia-programa-de-inovacao-com-startups\/\",\"url\":\"https:\/\/www.suno.com.br\/noticias\/nestle-inicia-programa-de-inovacao-com-startups\/\",\"name\":\"Nestl\u00e9 inicia programa de inova\u00e7\u00e3o com startups\",\"isPartOf\":{\"@id\":\"https:\/\/www.suno.com.br\/noticias\/#website\"},\"primaryImageOfPage\":{\"@id\":\"https:\/\/www.suno.com.br\/noticias\/nestle-inicia-programa-de-inovacao-com-startups\/#primaryimage\"},\"image\":{\"@id\":\"https:\/\/www.suno.com.br\/noticias\/nestle-inicia-programa-de-inovacao-com-startups\/#primaryimage\"},\"thumbnailUrl\":\"https:\/\/files.sunoresearch.com.br\/n\/uploads\/2019\/08\/eb6dc16d-nestle-jpg.webp\",\"datePublished\":\"2019-10-14T12:43:16+00:00\",\"description\":\"De acordo com Victor Vendramini, head de e-business da Nestl\u00e9, a empresa passar\u00e1 a investir em parcerias com empresas inovadoras. Saiba mais.\",\"breadcrumb\":{\"@id\":\"https:\/\/www.suno.com.br\/noticias\/nestle-inicia-programa-de-inovacao-com-startups\/#breadcrumb\"},\"inLanguage\":\"pt-BR\",\"potentialAction\":[{\"@type\":\"ReadAction\",\"target\":[\"https:\/\/www.suno.com.br\/noticias\/nestle-inicia-programa-de-inovacao-com-startups\/\"]}]},{\"@type\":\"ImageObject\",\"inLanguage\":\"pt-BR\",\"@id\":\"https:\/\/www.suno.com.br\/noticias\/nestle-inicia-programa-de-inovacao-com-startups\/#primaryimage\",\"url\":\"https:\/\/files.sunoresearch.com.br\/n\/uploads\/2019\/08\/eb6dc16d-nestle-jpg.webp\",\"contentUrl\":\"https:\/\/files.sunoresearch.com.br\/n\/uploads\/2019\/08\/eb6dc16d-nestle-jpg.webp\",\"width\":1280,\"height\":720,\"caption\":\"Nestl\u00e9 perde direito de uso do nome de seu hamb\u00farguer feito \u00e0 base de plantas\"},{\"@type\":\"BreadcrumbList\",\"@id\":\"https:\/\/www.suno.com.br\/noticias\/nestle-inicia-programa-de-inovacao-com-startups\/#breadcrumb\",\"itemListElement\":[{\"@type\":\"ListItem\",\"position\":1,\"name\":\"Not\u00edcias\",\"item\":\"https:\/\/www.suno.com.br\/noticias\/\"},{\"@type\":\"ListItem\",\"position\":2,\"name\":\"Neg\u00f3cios\",\"item\":\"https:\/\/www.suno.com.br\/noticias\/negocios\/\"},{\"@type\":\"ListItem\",\"position\":3,\"name\":\"Nestl\u00e9 inicia programa de inova\u00e7\u00e3o com startups\"}]},{\"@type\":\"WebSite\",\"@id\":\"https:\/\/www.suno.com.br\/noticias\/#website\",\"url\":\"https:\/\/www.suno.com.br\/noticias\/\",\"name\":\"Suno Not\u00edcias\",\"description\":\"Seu portal de informa\u00e7\u00e3o sobre o mundo dos investimentos\",\"publisher\":{\"@id\":\"https:\/\/www.suno.com.br\/noticias\/#organization\"},\"potentialAction\":[{\"@type\":\"SearchAction\",\"target\":{\"@type\":\"EntryPoint\",\"urlTemplate\":\"https:\/\/www.suno.com.br\/noticias\/?s={search_term_string}\"},\"query-input\":{\"@type\":\"PropertyValueSpecification\",\"valueRequired\":true,\"valueName\":\"search_term_string\"}}],\"inLanguage\":\"pt-BR\"},{\"@type\":\"Organization\",\"@id\":\"https:\/\/www.suno.com.br\/noticias\/#organization\",\"name\":\"Suno Not\u00edcias\",\"url\":\"https:\/\/www.suno.com.br\/noticias\/\",\"logo\":{\"@type\":\"ImageObject\",\"inLanguage\":\"pt-BR\",\"@id\":\"https:\/\/www.suno.com.br\/noticias\/#\/schema\/logo\/image\/\",\"url\":\"https:\/\/files.sunoresearch.com.br\/n\/uploads\/2021\/09\/suno-logo.png\",\"contentUrl\":\"https:\/\/files.sunoresearch.com.br\/n\/uploads\/2021\/09\/suno-logo.png\",\"width\":180,\"height\":180,\"caption\":\"Suno Not\u00edcias\"},\"image\":{\"@id\":\"https:\/\/www.suno.com.br\/noticias\/#\/schema\/logo\/image\/\"},\"sameAs\":[\"https:\/\/facebook.com\/sunoresearch\",\"https:\/\/x.com\/sunoresearch\",\"https:\/\/www.instagram.com\/suno\",\"https:\/\/www.linkedin.com\/company\/suno-research\/\",\"https:\/\/www.youtube.com\/c\/sunoresearch\"]},{\"@type\":\"Person\",\"@id\":\"https:\/\/www.suno.com.br\/noticias\/#\/schema\/person\/918d79de1f0281f01599b93f9ea6e23f\",\"name\":\"Jader Lazarini\",\"image\":{\"@type\":\"ImageObject\",\"inLanguage\":\"pt-BR\",\"@id\":\"https:\/\/www.suno.com.br\/noticias\/#\/schema\/person\/image\/\",\"url\":\"https:\/\/secure.gravatar.com\/avatar\/3c1ad8caa51589841baeb923fcddea97?s=96&r=g\",\"contentUrl\":\"https:\/\/secure.gravatar.com\/avatar\/3c1ad8caa51589841baeb923fcddea97?s=96&r=g\",\"caption\":\"Jader Lazarini\"},\"description\":\"Jader Lazarini escreve sobre investimentos, finan\u00e7as, economia e neg\u00f3cios. \u00c9 bacharel em Rela\u00e7\u00f5es Internacionais e analista CNPI (2619).\",\"url\":\"https:\/\/www.suno.com.br\/noticias\/author\/jader-lazarini\/\"}]}<\/script>\n<!-- \/ Yoast SEO plugin. -->","yoast_head_json":{"title":"Nestl\u00e9 inicia programa de inova\u00e7\u00e3o com startups","description":"De acordo com Victor Vendramini, head de e-business da Nestl\u00e9, a empresa passar\u00e1 a investir em parcerias com empresas inovadoras. Saiba mais.","robots":{"index":"index","follow":"follow","max-snippet":"max-snippet:-1","max-image-preview":"max-image-preview:large","max-video-preview":"max-video-preview:-1"},"canonical":"https:\/\/www.suno.com.br\/noticias\/nestle-inicia-programa-de-inovacao-com-startups\/","og_locale":"pt_BR","og_type":"article","og_title":"Nestl\u00e9 inicia programa de inova\u00e7\u00e3o com startups","og_description":"De acordo com Victor Vendramini, head de e-business da Nestl\u00e9, a empresa passar\u00e1 a investir em parcerias com empresas inovadoras. Saiba mais.","og_url":"https:\/\/www.suno.com.br\/noticias\/nestle-inicia-programa-de-inovacao-com-startups\/","og_site_name":"Suno Not\u00edcias","article_publisher":"https:\/\/facebook.com\/sunoresearch","og_image":[{"width":1280,"height":720,"url":"https:\/\/files.sunoresearch.com.br\/n\/uploads\/2019\/08\/eb6dc16d-nestle.jpg","type":"image\/jpeg"}],"author":"Jader Lazarini","twitter_card":"summary_large_image","twitter_creator":"@sunoresearch","twitter_site":"@sunoresearch","twitter_misc":{"Escrito por":"Jader Lazarini","Est. tempo de leitura":"2 minutos"},"schema":{"@context":"https:\/\/schema.org","@graph":[{"@type":"NewsArticle","@id":"https:\/\/www.suno.com.br\/noticias\/nestle-inicia-programa-de-inovacao-com-startups\/#article","isPartOf":{"@id":"https:\/\/www.suno.com.br\/noticias\/nestle-inicia-programa-de-inovacao-com-startups\/"},"author":{"name":"Jader Lazarini","@id":"https:\/\/www.suno.com.br\/noticias\/#\/schema\/person\/918d79de1f0281f01599b93f9ea6e23f"},"headline":"Nestl\u00e9 inicia programa de inova\u00e7\u00e3o com startups","datePublished":"2019-10-14T12:43:16+00:00","mainEntityOfPage":{"@id":"https:\/\/www.suno.com.br\/noticias\/nestle-inicia-programa-de-inovacao-com-startups\/"},"wordCount":431,"publisher":{"@id":"https:\/\/www.suno.com.br\/noticias\/#organization"},"image":{"@id":"https:\/\/www.suno.com.br\/noticias\/nestle-inicia-programa-de-inovacao-com-startups\/#primaryimage"},"thumbnailUrl":"https:\/\/files.sunoresearch.com.br\/n\/uploads\/2019\/08\/eb6dc16d-nestle-jpg.webp","keywords":["Nestl\u00e9","startups"],"articleSection":["Neg\u00f3cios"],"inLanguage":"pt-BR"},{"@type":"WebPage","@id":"https:\/\/www.suno.com.br\/noticias\/nestle-inicia-programa-de-inovacao-com-startups\/","url":"https:\/\/www.suno.com.br\/noticias\/nestle-inicia-programa-de-inovacao-com-startups\/","name":"Nestl\u00e9 inicia programa de inova\u00e7\u00e3o com startups","isPartOf":{"@id":"https:\/\/www.suno.com.br\/noticias\/#website"},"primaryImageOfPage":{"@id":"https:\/\/www.suno.com.br\/noticias\/nestle-inicia-programa-de-inovacao-com-startups\/#primaryimage"},"image":{"@id":"https:\/\/www.suno.com.br\/noticias\/nestle-inicia-programa-de-inovacao-com-startups\/#primaryimage"},"thumbnailUrl":"https:\/\/files.sunoresearch.com.br\/n\/uploads\/2019\/08\/eb6dc16d-nestle-jpg.webp","datePublished":"2019-10-14T12:43:16+00:00","description":"De acordo com Victor Vendramini, head de e-business da Nestl\u00e9, a empresa passar\u00e1 a investir em parcerias com empresas inovadoras. Saiba mais.","breadcrumb":{"@id":"https:\/\/www.suno.com.br\/noticias\/nestle-inicia-programa-de-inovacao-com-startups\/#breadcrumb"},"inLanguage":"pt-BR","potentialAction":[{"@type":"ReadAction","target":["https:\/\/www.suno.com.br\/noticias\/nestle-inicia-programa-de-inovacao-com-startups\/"]}]},{"@type":"ImageObject","inLanguage":"pt-BR","@id":"https:\/\/www.suno.com.br\/noticias\/nestle-inicia-programa-de-inovacao-com-startups\/#primaryimage","url":"https:\/\/files.sunoresearch.com.br\/n\/uploads\/2019\/08\/eb6dc16d-nestle-jpg.webp","contentUrl":"https:\/\/files.sunoresearch.com.br\/n\/uploads\/2019\/08\/eb6dc16d-nestle-jpg.webp","width":1280,"height":720,"caption":"Nestl\u00e9 perde direito de uso do nome de seu hamb\u00farguer feito \u00e0 base de plantas"},{"@type":"BreadcrumbList","@id":"https:\/\/www.suno.com.br\/noticias\/nestle-inicia-programa-de-inovacao-com-startups\/#breadcrumb","itemListElement":[{"@type":"ListItem","position":1,"name":"Not\u00edcias","item":"https:\/\/www.suno.com.br\/noticias\/"},{"@type":"ListItem","position":2,"name":"Neg\u00f3cios","item":"https:\/\/www.suno.com.br\/noticias\/negocios\/"},{"@type":"ListItem","position":3,"name":"Nestl\u00e9 inicia programa de inova\u00e7\u00e3o com startups"}]},{"@type":"WebSite","@id":"https:\/\/www.suno.com.br\/noticias\/#website","url":"https:\/\/www.suno.com.br\/noticias\/","name":"Suno Not\u00edcias","description":"Seu portal de informa\u00e7\u00e3o sobre o mundo dos investimentos","publisher":{"@id":"https:\/\/www.suno.com.br\/noticias\/#organization"},"potentialAction":[{"@type":"SearchAction","target":{"@type":"EntryPoint","urlTemplate":"https:\/\/www.suno.com.br\/noticias\/?s={search_term_string}"},"query-input":{"@type":"PropertyValueSpecification","valueRequired":true,"valueName":"search_term_string"}}],"inLanguage":"pt-BR"},{"@type":"Organization","@id":"https:\/\/www.suno.com.br\/noticias\/#organization","name":"Suno Not\u00edcias","url":"https:\/\/www.suno.com.br\/noticias\/","logo":{"@type":"ImageObject","inLanguage":"pt-BR","@id":"https:\/\/www.suno.com.br\/noticias\/#\/schema\/logo\/image\/","url":"https:\/\/files.sunoresearch.com.br\/n\/uploads\/2021\/09\/suno-logo.png","contentUrl":"https:\/\/files.sunoresearch.com.br\/n\/uploads\/2021\/09\/suno-logo.png","width":180,"height":180,"caption":"Suno Not\u00edcias"},"image":{"@id":"https:\/\/www.suno.com.br\/noticias\/#\/schema\/logo\/image\/"},"sameAs":["https:\/\/facebook.com\/sunoresearch","https:\/\/x.com\/sunoresearch","https:\/\/www.instagram.com\/suno","https:\/\/www.linkedin.com\/company\/suno-research\/","https:\/\/www.youtube.com\/c\/sunoresearch"]},{"@type":"Person","@id":"https:\/\/www.suno.com.br\/noticias\/#\/schema\/person\/918d79de1f0281f01599b93f9ea6e23f","name":"Jader Lazarini","image":{"@type":"ImageObject","inLanguage":"pt-BR","@id":"https:\/\/www.suno.com.br\/noticias\/#\/schema\/person\/image\/","url":"https:\/\/secure.gravatar.com\/avatar\/3c1ad8caa51589841baeb923fcddea97?s=96&r=g","contentUrl":"https:\/\/secure.gravatar.com\/avatar\/3c1ad8caa51589841baeb923fcddea97?s=96&r=g","caption":"Jader Lazarini"},"description":"Jader Lazarini escreve sobre investimentos, finan\u00e7as, economia e neg\u00f3cios. \u00c9 bacharel em Rela\u00e7\u00f5es Internacionais e analista CNPI (2619).","url":"https:\/\/www.suno.com.br\/noticias\/author\/jader-lazarini\/"}]}},"default_loop_html":"<div class=\"cardsPage__listCard__boxs\"><div class=\"cardsPage__listCard__boxs__img\"><a href=\"https:\/\/www.suno.com.br\/noticias\/nestle-inicia-programa-de-inovacao-com-startups\/\"><img class=\"mask\" src=\"https:\/\/www.suno.com.br\/noticias\/wp-content\/themes\/suno\/resources\/images\/spotlight\/spotlight1img\/bg-mask.png\" alt=\"Image Mask\"\/><img src=\"https:\/\/files.sunoresearch.com.br\/n\/uploads\/2019\/08\/eb6dc16d-nestle-400x200.webp\" alt=\"Nestl\u00e9 inicia programa de inova\u00e7\u00e3o com startups\"\/><\/a><span class=\"spotlightCategory\"><a href=\"https:\/\/www.suno.com.br\/noticias\/negocios\/\">Neg\u00f3cios<\/a><\/span><\/div><div class=\"cardsPage__listCard__boxs__content\"><a href=\"https:\/\/www.suno.com.br\/noticias\/nestle-inicia-programa-de-inovacao-com-startups\/\"><h2 class=\"content__title\">Nestl\u00e9 inicia programa de inova\u00e7\u00e3o com startups<\/h2><\/a><div class=\"newsContent__article__meta\"><div class=\"newsContent__article__meta__authorBox\"><a href=\"https:\/\/www.suno.com.br\/noticias\/author\/jader-lazarini\/\" class=\"authorBox__avatar noMobi\"><img src=\"https:\/\/files.sunoresearch.com.br\/n\/uploads\/2021\/01\/178e6598-foto-perfil-2-150x150.jpg\" alt=\"Jader Lazarini\"><\/a><div class=\"authorBox__name\"><span>por\n\t\t\t<a href=\"https:\/\/www.suno.com.br\/noticias\/author\/jader-lazarini\/\"><span itemprop=\"author\">Jader Lazarini<\/span><\/a><\/span><time datetime=\"2019-10-14T09:43:16-03:00\" itemprop=\"datePublished\">14\/10\/2019 09:43<\/time><\/div><\/div><\/div><\/div><\/div>","single_layout":"posts","amp_enabled":true,"_links":{"self":[{"href":"https:\/\/www.suno.com.br\/noticias\/wp-json\/wp\/v2\/posts\/40937"}],"collection":[{"href":"https:\/\/www.suno.com.br\/noticias\/wp-json\/wp\/v2\/posts"}],"about":[{"href":"https:\/\/www.suno.com.br\/noticias\/wp-json\/wp\/v2\/types\/post"}],"author":[{"embeddable":true,"href":"https:\/\/www.suno.com.br\/noticias\/wp-json\/wp\/v2\/users\/24"}],"replies":[{"embeddable":true,"href":"https:\/\/www.suno.com.br\/noticias\/wp-json\/wp\/v2\/comments?post=40937"}],"version-history":[{"count":0,"href":"https:\/\/www.suno.com.br\/noticias\/wp-json\/wp\/v2\/posts\/40937\/revisions"}],"wp:featuredmedia":[{"embeddable":true,"href":"https:\/\/www.suno.com.br\/noticias\/wp-json\/wp\/v2\/media\/33437"}],"wp:attachment":[{"href":"https:\/\/www.suno.com.br\/noticias\/wp-json\/wp\/v2\/media?parent=40937"}],"wp:term":[{"taxonomy":"category","embeddable":true,"href":"https:\/\/www.suno.com.br\/noticias\/wp-json\/wp\/v2\/categories?post=40937"},{"taxonomy":"post_tag","embeddable":true,"href":"https:\/\/www.suno.com.br\/noticias\/wp-json\/wp\/v2\/tags?post=40937"},{"taxonomy":"suno_strategy","embeddable":true,"href":"https:\/\/www.suno.com.br\/noticias\/wp-json\/wp\/v2\/suno_strategy?post=40937"}],"curies":[{"name":"wp","href":"https:\/\/api.w.org\/{rel}","templated":true}]}}