{"id":409366,"date":"2023-05-25T22:01:14","date_gmt":"2023-05-26T01:01:14","guid":{"rendered":"https:\/\/www.suno.com.br\/noticias\/?p=409366"},"modified":"2023-05-25T22:01:24","modified_gmt":"2023-05-26T01:01:24","slug":"radar-equatorial-eqtl3-hapvida-hapv3-via-viia3","status":"publish","type":"post","link":"https:\/\/www.suno.com.br\/noticias\/radar-equatorial-eqtl3-hapvida-hapv3-via-viia3\/","title":{"rendered":"Radar: Equatorial (EQTL3) define data de dividendos milion\u00e1rios, Hapvida (HAPV3) valoriza 11% na Bolsa e Via (VIIA3) sobe ap\u00f3s pr\u00e9via da infla\u00e7\u00e3o"},"content":{"rendered":"<p>A&nbsp;<strong>Equatorial Energia (EQTL3)<\/strong>&nbsp;definiu a data de pagamento os&nbsp;<a href=\"https:\/\/www.suno.com.br\/guias\/dividendos\/\" target=\"_blank\" rel=\"noreferrer noopener\">dividendos<\/a>&nbsp;de R$ 385 milh\u00f5es. De acordo com as informa\u00e7\u00f5es divulgadas nesta quinta (25), esses proventos ser\u00e3o depositados na conta dos investidores no dia 9 de junho.<\/p>\t<div class=\"wrapper-featured-image\">\n\t\t<figure class=\"spotlightImg\">\n\n\t\t\t<picture>\n\t\t\t\t<source media=\"(max-width: 768px)\" srcset=\"https:\/\/files.sunoresearch.com.br\/n\/uploads\/2021\/03\/1c6705b0-equatorial-99-400x200.webp\">\n\t\t\t\t<img loading=\"lazy\" decoding=\"async\" class=\"newsContent__article__imgCapa lazyloadDisabled \" src=\"https:\/\/files.sunoresearch.com.br\/n\/uploads\/2021\/03\/1c6705b0-equatorial-99-800x450.webp\" width=\"800\" height=\"450\" alt=\"Radar: Equatorial (EQTL3) define data de dividendos milion\u00e1rios, Hapvida (HAPV3) valoriza 11% na Bolsa e Via (VIIA3) sobe ap\u00f3s pr\u00e9via da infla\u00e7\u00e3o\" fetchpriority=high \/>\n\t\t\t<\/picture>\n\n\t\t\t<figcaption class=\"wp-caption-text wp-caption-text--show\">Equatorial (EQTL3) Funcion\u00e1rio em poste de ilumina\u00e7\u00e3o p\u00fablica. Foto: Divulga\u00e7\u00e3o<\/figcaption>\n\t\t<\/figure>\n\t<\/div>\n\n\n\n\n\n\n<p>\u201cConforme informado na ata, t\u00eam direito ao recebimento dos referidos&nbsp;<strong>dividendos<\/strong>&nbsp;os acionistas<br>detentores de a\u00e7\u00f5es de emiss\u00e3o da companhia em 28 de abril de 2023\u2033, refor\u00e7aram os gestores da Equatorial Energia no comunicado disponibilizado na Comiss\u00e3o de Valores Mobili\u00e1rios (CVM).<\/p>\n\n\n\n<p>Atualmente, a&nbsp;<strong>empresa do setor el\u00e9trico<\/strong>&nbsp;realiza um&nbsp;<a target=\"_blank\" href=\"https:\/\/www.suno.com.br\/artigos\/aumento-capital\/\" rel=\"noreferrer noopener\">aumento de capital<\/a>&nbsp;privado e essa opera\u00e7\u00e3o pode ser impactada pelos dividendos, da seguinte forma:<\/p>\n\n\n\n<p>\u201cNo \u00e2mbito da opera\u00e7\u00e3o de&nbsp;<a href=\"https:\/\/www.suno.com.br\/artigos\/aumento-capital\/\" target=\"_blank\" rel=\"noreferrer noopener\">aumento de capital<\/a>&nbsp;privado em andamento, os acionistas detentores do&nbsp;<a href=\"https:\/\/www.suno.com.br\/artigos\/direito-de-subscricao\/\" target=\"_blank\" rel=\"noreferrer noopener\">direito de subscri\u00e7\u00e3o<\/a>, cujo per\u00edodo de prefer\u00eancia se encerra no dia 01 de junho de 2023, e que eram detentores de a\u00e7\u00f5es de emiss\u00e3o da companhia na data de corte, 28 de abril de 2023, poder\u00e3o capitalizar os&nbsp;<a href=\"https:\/\/www.suno.com.br\/guias\/dividendos\/\" target=\"_blank\" rel=\"noreferrer noopener\">dividendos<\/a>&nbsp;a serem pagos pela Companhia para integraliza\u00e7\u00e3o das novas a\u00e7\u00f5es subscritas\u201d, detalhou a empresa.<\/p>\n\n\n\n<h2 class=\"wp-block-heading\">Dividendos da Equatorial<\/h2>\n\n\n\n<ul class=\"wp-block-list\">\n<li>Valor total: R$ 385.155.874,25;<\/li>\n\n\n\n<li>Valor por a\u00e7\u00e3o: R$ 0,35<\/li>\n\n\n\n<li>Data de corte: 28\/04\/2023<\/li>\n\n\n\n<li>Data do pagamento: 09\/06\/2023<\/li>\n<\/ul>\n\n\n\n<p>Al\u00e9m de Equatorial, confira outros destaques desta quinta-feira:<\/p>\n\n\n\n<h2 class=\"wp-block-heading\">A\u00e7\u00f5es da Hapvida (HAPV3) valorizam 11% no Ibovespa. O que aconteceu?<\/h2>\n\n\n\n<ul class=\"wp-block-list\">\n<li>As a\u00e7\u00f5es da&nbsp;<strong>Hapvida<\/strong>&nbsp;(<a href=\"https:\/\/www.suno.com.br\/acoes\/hapv3\/\" target=\"_blank\" rel=\"noreferrer noopener\">HAPV3<\/a>) fecharam em alta de 10,99%, a R$ 3,94, nesta quinta-feira (23), ap\u00f3s o resultado da pr\u00e9via da infla\u00e7\u00e3o brasileira (IPCA-15) de maio vir abaixo do esperado pelo&nbsp;<a href=\"https:\/\/www.suno.com.br\/guias\/mercado-financeiro\/\" target=\"_blank\" rel=\"noreferrer noopener\">mercado financeiro<\/a>, al\u00e9m de uma nova recomenda\u00e7\u00e3o de compra ter sido feita pelo Bank of America (BofA).<\/li>\n<\/ul>\n\n\n\n<ul class=\"wp-block-list\">\n<li>Na sess\u00e3o de ontem (24), as&nbsp;<strong>a\u00e7\u00f5es da Hapvida<\/strong>&nbsp;haviam registrado perdas de 2,74%, terminando o preg\u00e3o cotadas a R$ 3,55.<\/li>\n<\/ul>\n\n\n\n<ul class=\"wp-block-list\">\n<li>Com essa forte valoriza\u00e7\u00e3o, as a\u00e7\u00f5es da companhia do setor de sa\u00fade suplementar acumulam alta de 40,22% em maio.<\/li>\n<\/ul>\n\n\n\n<ul class=\"wp-block-list\">\n<li>Por outro lado, o pre\u00e7o de fechamento do ano de 2022 foi de R$ 5,08, apontando um desempenho negativo de 23,6% em 2023, ap\u00f3s uma queda de 41,65% no&nbsp;<a href=\"https:\/\/www.suno.com.br\/artigos\/valor-de-mercado\/\" target=\"_blank\" rel=\"noreferrer noopener\">valor de mercado<\/a>&nbsp;das a\u00e7\u00f5es em mar\u00e7o e de 12,82% em fevereiro.<\/li>\n<\/ul>\n\n\n\n<h2 class=\"wp-block-heading\">Via (VIIA3) sobe quase 8% no Ibovespa hoje com \u2018sinal de esperan\u00e7a\u2019 do IPCA-15; entenda<\/h2>\n\n\n\n<ul class=\"wp-block-list\">\n<li>Os n\u00fameros do IPCA-15, divulgados nesta quinta (25), est\u00e3o animando os agentes econ\u00f4micos e beneficiando empresas como a<a href=\"https:\/\/suno.com.br\/acoes\/viia3\/\" target=\"_blank\" rel=\"noreferrer noopener\">&nbsp;<strong>Via<\/strong>&nbsp;(VIIA3)<\/a>. No fechamento, as a\u00e7\u00f5es da varejista subiram 7,7%, ao pre\u00e7o de R$ 2,36.<\/li>\n<\/ul>\n\n\n\n<ul class=\"wp-block-list\">\n<li>Os dados do&nbsp;<strong>IPCA-15<\/strong>, considerada a pr\u00e9via oficial da infla\u00e7\u00e3o, mostram um crescimento de 0,51% em maio \u2013 a expectativa dos agentes econ\u00f4micos era de uma varia\u00e7\u00e3o positiva de 0,64%.<\/li>\n<\/ul>\n\n\n\n<ul class=\"wp-block-list\">\n<li>Andr\u00e9a Angelo, estrategista de infla\u00e7\u00e3o da Warren Rena, explica que essa&nbsp;<strong>desacelera\u00e7\u00e3o do IPCA-15<\/strong>&nbsp;foi causada pelo efeito de defla\u00e7\u00e3o da gasolina e das passagens a\u00e9reas.<\/li>\n<\/ul>\n\n\n\n<ul class=\"wp-block-list\">\n<li>\u201cO n\u00famero de hoje traz de volta o otimismo visto no IPCA de mar\u00e7o. A desacelera\u00e7\u00e3o da infla\u00e7\u00e3o subjacente pode voltar para a rota de descompress\u00e3o e encerrar o ano abaixo de 6%\u201d, explica a profissional.<\/li>\n<\/ul>\n\n\n\n<ul class=\"wp-block-list\">\n<li>Os economistas do Ita\u00fa Julia Gottlieb, Julia Passabom e Luciana Rabelo tamb\u00e9m destacam que esses n\u00fameros corroboram para o atual cen\u00e1rio de desinfla\u00e7\u00e3o em curso, \u201cembora as medidas de n\u00facleo ainda sigam rodando acima do compat\u00edvel com o cumprimento da&nbsp;<a href=\"https:\/\/www.suno.com.br\/artigos\/meta-de-inflacao\/\" target=\"_blank\" rel=\"noreferrer noopener\">meta de infla\u00e7\u00e3o<\/a>\u201c.<\/li>\n<\/ul>\n\n\n\n<ul class=\"wp-block-list\">\n<li>O controle da infla\u00e7\u00e3o abre espa\u00e7o para que o Banco Central (BC) comece o processo de cortes dos juros via Taxa Selic \u2013 esse movimento beneficia empresas como a Via e o&nbsp;<a href=\"https:\/\/www.suno.com.br\/acoes\/MGLU3\/\" target=\"_blank\" rel=\"noreferrer noopener\">Magazine Luiza (MGLU3)<\/a>.Na sess\u00e3o de ontem (24), as&nbsp;<strong>a\u00e7\u00f5es da Hapvida<\/strong>&nbsp;haviam registrado perdas de 2,74%, terminando o preg\u00e3o cotadas a R$ 3,55.<\/li>\n<\/ul>\n\n\n\n<h2 class=\"wp-block-heading\">Caixa Seguridade (CXSE3) pode subir 30% e pagar dividendos acima da Selic, diz Ita\u00fa BBA<\/h2>\n\n\n\n<ul class=\"wp-block-list\">\n<li>O Ita\u00fa BBA voltou a fazer a cobertura da&nbsp;<strong>Caixa Seguridade<\/strong>&nbsp;(<a href=\"https:\/\/www.suno.com.br\/acoes\/cxse3\/\" target=\"_blank\" rel=\"noreferrer noopener\">CXSE3<\/a>) com classifica\u00e7\u00e3o outform, equivalente a compra das a\u00e7\u00f5es da empresa. O pre\u00e7o-alvo colocado nos pap\u00e9is da companhia \u00e9 de R$ 13, acreditando em um potencial de valoriza\u00e7\u00e3o de 30%, conforme colocado em relat\u00f3rio divulgado ao mercado nesta quarta-feira (24).<\/li>\n<\/ul>\n\n\n\n<ul class=\"wp-block-list\">\n<li>O Ita\u00fa BBA classificou a Caixa como sua favorita no setor de seguros, embora tenha ponderado que o movimento do setor n\u00e3o \u00e9 \u201ct\u00e3o \u00f3bvio\u201d frente \u00e0s demais a\u00e7\u00f5es brasileiras consideradas mais \u201chigher-beta\u201d.<\/li>\n<\/ul>\n\n\n\n<ul class=\"wp-block-list\">\n<li>A an\u00e1lise de Pedro Leduc e de sua equipe \u00e9 de que a queda dos juros no Brasil pode elevar o pagamento dos seus&nbsp;<a href=\"https:\/\/www.suno.com.br\/guias\/dividendos\/\" target=\"_blank\" rel=\"noreferrer noopener\">dividendos<\/a>, com possibilidade de que esses proventos tragam um retorno que ultrapasse o da&nbsp;<a href=\"https:\/\/www.suno.com.br\/guias\/taxa-selic\/\" target=\"_blank\" rel=\"noreferrer noopener\">Selic<\/a>, que se encontra atualmente em 13,75% ao ano.<\/li>\n<\/ul>\n\n\n\n<h2 class=\"wp-block-heading\">PagBank (PAGS34), ex-PagSeguro: lucro cresce 6% no 1T23, para R$ 392 milh\u00f5es<\/h2>\n\n\n\n<ul class=\"wp-block-list\">\n<li>O&nbsp;<strong>PagBank<\/strong>&nbsp;(<a href=\"https:\/\/www.suno.com.br\/bdrs\/pags34\/\" target=\"_blank\" rel=\"noreferrer noopener\">PAGS34<\/a>), ex-PagSeguro, registrou&nbsp;<a href=\"https:\/\/www.suno.com.br\/artigos\/lucro-liquido\/\" target=\"_blank\" rel=\"noreferrer noopener\">lucro l\u00edquido<\/a>&nbsp;ajustado de R$ 392 milh\u00f5es no primeiro trimestre deste ano, crescimento de 6% na compara\u00e7\u00e3o com o mesmo per\u00edodo do ano passado. Em rela\u00e7\u00e3o ao quarto trimestre de 2022, houve baixa da mesma magnitude, de acordo com balan\u00e7o divulgado nesta quinta (25).<\/li>\n<\/ul>\n\n\n\n<ul class=\"wp-block-list\">\n<li>Sem ajustes, o resultado da empresa tamb\u00e9m cresceu 6% em um ano, para R$ 370 milh\u00f5es. Junto com o an\u00fancio dos resultados, a companhia do&nbsp;<strong>Grupo UOL<\/strong>&nbsp;informou que passar\u00e1 a adotar a marca PagBank para todos os neg\u00f3cios, inclusive o de adquir\u00eancia.<\/li>\n<\/ul>\n\n\n\n<ul class=\"wp-block-list\">\n<li>At\u00e9 ent\u00e3o, apenas o banco digital utilizava este nome, enquanto os produtos de pagamentos operavam sob a marca&nbsp;<strong>PagSeguro<\/strong>. Segundo a empresa, a unifica\u00e7\u00e3o de marcas tem o objetivo de mostrar ao p\u00fablico a diversidade de produtos e servi\u00e7os para al\u00e9m das maquininhas. Foi por meio delas que a ent\u00e3o PagSeguro cresceu, mas a empresa tem dado foco crescente \u00e0 opera\u00e7\u00e3o de servi\u00e7os banc\u00e1rios.<\/li>\n<\/ul>\n\n\n\n<ul class=\"wp-block-list\">\n<li>No primeiro trimestre, o Ebitda (lucro antes de juros, impostos,&nbsp;<a href=\"https:\/\/www.suno.com.br\/artigos\/depreciacao-amortizacao\/\" target=\"_blank\" rel=\"noreferrer noopener\">deprecia\u00e7\u00e3o e amortiza\u00e7\u00e3o<\/a>) ajustado da empresa foi de R$ 787 milh\u00f5es, crescimento de 18% em rela\u00e7\u00e3o ao mesmo intervalo de 2022.<\/li>\n<\/ul>\n\n\n\n<ul class=\"wp-block-list\">\n<li>A&nbsp;<strong>receita l\u00edquida do PagBank<\/strong>&nbsp;no per\u00edodo foi de R$ 3,750 bilh\u00f5es, crescimento de 9% em um ano, e baixa de 5,5% na compara\u00e7\u00e3o com o quarto trimestre de 2022.<\/li>\n<\/ul>\n\n\n\n<ul class=\"wp-block-list\">\n<li>Em pagamentos, a captura de transa\u00e7\u00f5es (TPV, na sigla em ingl\u00eas) atingiu R$ 88,1 bilh\u00f5es no primeiro trimestre deste ano. \u00c9 um volume 10% maior que o do mesmo intervalo de 2022, mas uma queda de 7,5% na compara\u00e7\u00e3o com o quarto trimestre do ano passado. A queda \u00e9 natural diante do movimento mais forte no com\u00e9rcio no final do ano, que concentra datas comerciais como a Black Friday e o Natal.<\/li>\n<\/ul>\n\n\n\n<h2 class=\"wp-block-heading\">Azul (AZUL4) e Gol (GOLL4) s\u00e3o \u2018cortadas\u2019 por analistas do BTG, mas a\u00e7\u00f5es sobem; veja por qu\u00ea<\/h2>\n\n\n\n<ul class=\"wp-block-list\">\n<li>Em novo parecer sobre as companhias a\u00e9reas, os analistas do BTG Pactual rebaixaram suas recomenda\u00e7\u00f5es para a&nbsp;<a href=\"https:\/\/www.suno.com.br\/acoes\/GOLL4\/\" target=\"_blank\" rel=\"noreferrer noopener\">Gol (GOLL4)<\/a>&nbsp;e a&nbsp;<a href=\"https:\/\/www.suno.com.br\/acoes\/AZUL4\/\" target=\"_blank\" rel=\"noreferrer noopener\"><strong>Azul&nbsp;<\/strong>(AZUL4)<\/a>, mantendo agora ambas as companhias com recomenda\u00e7\u00e3o neutra.<\/li>\n<\/ul>\n\n\n\n<ul class=\"wp-block-list\">\n<li>O pre\u00e7o-alvo passou a ser de R$ 20 para as&nbsp;<strong>a\u00e7\u00f5es da Azul<\/strong>&nbsp;e de R$ 10 para as&nbsp;<strong>a\u00e7\u00f5es da Gol<\/strong>.<\/li>\n<\/ul>\n\n\n\n<ul class=\"wp-block-list\">\n<li>As a\u00e7\u00f5es fecharam em alta do Ibovespa: Azul avan\u00e7ou 6,2% e Gol subiu 2,76%.<\/li>\n<\/ul>\n\n\n\n<ul class=\"wp-block-list\">\n<li>\u201cMuitas empresas adotaram programas r\u00edgidos de gest\u00e3o de responsabilidades durante a pandemia.<br>Gol e Azul acabam de anunciar grandes reestrutura\u00e7\u00f5es de d\u00edvidas, ambas implicando algum tipo de<br>dilui\u00e7\u00e3o de capital, enquanto a LATAM passou por um longo processo de Chapter 11[recupera\u00e7\u00e3o judicial nos EUA]. Copa e A Volaris foi a \u00fanica empresa sem grandes reestrutura\u00e7\u00f5es de d\u00edvidas, principalmente devido A&nbsp;<a href=\"https:\/\/www.suno.com.br\/artigos\/alavancagem-financeira\/\" target=\"_blank\" rel=\"noreferrer noopener\">alavancagem financeira<\/a>&nbsp;historicamente conservadora da Copa enquanto o Volaris se beneficiava do setor consolida\u00e7\u00e3o no M\u00e9xico, acelerando a transi\u00e7\u00e3o para o ambiente p\u00f3s-pandemia\u201d, diz a casa.<\/li>\n<\/ul>\n\n\n\n<ul class=\"wp-block-list\">\n<li>\u201cMudamos temporariamente nossas prefer\u00eancias setoriais e agora privilegiamos players internacionais<br>(Copa, LATAM e Volaris s\u00e3o todos BUYs) vis-\u00e0-vis nomes nacionais (Gol e Azul agora neutras)\u201d, completaram os analistas do BTG.<\/li>\n<\/ul>\n\n\n\n<ul class=\"wp-block-list\">\n<li>Segundo os especialistas, essa mudan\u00e7a deriva de:<\/li>\n<\/ul>\n\n\n\n<ul class=\"wp-block-list\">\n<li>Maior espa\u00e7o para crescimento de volume nas rotas internacionais, j\u00e1 que estas linhas ficaram para tr\u00e1s crescimento mais r\u00e1pido do tr\u00e1fego dom\u00e9stico, principalmente no Brasil<\/li>\n\n\n\n<li>Melhores condi\u00e7\u00f5es financeiras alavancagem devido ao menor endividamento de players estrangeiros vs. nomes brasileiros<\/li>\n\n\n\n<li>Cen\u00e1rio competitivo relativamente melhor em mercados ex-Brasil, que se beneficiaram de<br>consolida\u00e7\u00e3o mais estrutural do setor, enquanto o mercado a\u00e9reo brasileiro n\u00e3o<br>movimentos<\/li>\n\n\n\n<li>Maior instabilidade no mercado brasileiro devido \u00e0s altas taxas de juros e press\u00e3o dom\u00e9stica para reduzir passagens a\u00e9reas<\/li>\n\n\n\n<li>Avalia\u00e7\u00e3o de curto prazo mais barata (m\u00e9dia EV\/EBITDA 23 para Copa, LATAM e Volaris de 5,0x vs. m\u00e9dia de 6,0x para Gol e Azul)<\/li>\n<\/ul>\n\n\n\n<h2 class=\"wp-block-heading\">CVC (CVCB3) sofre no Ibovespa hoje ap\u00f3s ren\u00fancia do CEO. \u2018Situa\u00e7\u00e3o dif\u00edcil\u2019, diz analista<\/h2>\n\n\n\n<ul class=\"wp-block-list\">\n<li>As a\u00e7\u00f5es da&nbsp;<strong><a href=\"https:\/\/www.suno.com.br\/acoes\/CVCB3\/\" target=\"_blank\" rel=\"noreferrer noopener\">CVC<\/a><\/strong><a href=\"https:\/\/www.suno.com.br\/acoes\/CVCB3\/\" target=\"_blank\" rel=\"noreferrer noopener\">&nbsp;(CVCB3)<\/a>&nbsp;sofrem uma forte queda no Ibovespa hoje desta quinta (25). O movimento ocorre um dia ap\u00f3s a ren\u00fancia de Leonel Andrade do posto de CEO da empresa de turismo. Na vis\u00e3o de Mateus Haag, da Guide Investimentos, essa movimenta\u00e7\u00e3o complica ainda mais a empresa, que encontra-se em uma \u201csitua\u00e7\u00e3o operacional e financeira dif\u00edcil\u201d.<\/li>\n<\/ul>\n\n\n\n<ul class=\"wp-block-list\">\n<li>\u201cA sa\u00edda do CEO sem um plano claro de transi\u00e7\u00e3o deve dificultar ainda mais a recupera\u00e7\u00e3o da empresa e ser mal recebida pelos investidores\u201d, complementou Haag em relat\u00f3rio divulgado nesta quinta.<\/li>\n<\/ul>\n\n\n\n<ul class=\"wp-block-list\">\n<li>Por volta das 16h50, as a\u00e7\u00f5es da CVC eram negociadas em queda de 4,63%, ao pre\u00e7o de R$ 2,66. Assim, esses pap\u00e9is lideram o ranking das quedas do&nbsp;<strong>Ibovespa hoje<\/strong>.<\/li>\n<\/ul>\n\n\n\n<ul class=\"wp-block-list\">\n<li>De acordo com o mapeamento do Status Invest, nos \u00faltimos doze meses, as&nbsp;<strong>a\u00e7\u00f5es da CVC<\/strong>&nbsp;tombaram 76,88% nos \u00faltimos doze meses.<\/li>\n<\/ul>\n\n\n\n<p>Do Equatorial \u00e0 Via , essas foram as empresas que se destacaram hoje. Para ler todas as mat\u00e9rias&nbsp;<strong><a href=\"https:\/\/www.suno.com.br\/noticias\/todos\/?utm_content=XYOE2ItQuUY.20201113&amp;utm_campaign=Track%2B&amp;utm_medium=video&amp;utm_source=youtube.noticias\" target=\"_blank\" rel=\"noreferrer noopener\">clique aqui<\/a><\/strong>.<a href=\"https:\/\/lp.suno.com.br\/minicurso-investindo-fiis\/?utm_content=XYOE2ItQuUY.20201113&amp;utm_campaign=Track%2B&amp;utm_medium=video&amp;utm_source=youtube.noticias\" target=\"_blank\" rel=\"noreferrer noopener\"><\/a><a href=\"https:\/\/lp.suno.com.br\/ebook-investindo-em-dividendos\/?utm_content=XYOE2ItQuUY.20201113&amp;utm_campaign=Track%2B&amp;utm_medium=video&amp;utm_source=youtube.noticias\" target=\"_blank\" rel=\"noreferrer noopener\"><\/a><a href=\"https:\/\/lp.suno.com.br\/ebook-como-analisar-uma-acao\/?utm_content=XYOE2ItQuUY.20201113&amp;utm_campaign=Track%2B&amp;utm_medium=video&amp;utm_source=youtube.noticias\" target=\"_blank\" rel=\"noreferrer noopener\"><\/a><a href=\"https:\/\/lp.suno.com.br\/planilha-da-vida-financeira\/?utm_content=XYOE2ItQuUY.20201113&amp;utm_campaign=Track%2B&amp;utm_medium=video&amp;utm_source=youtube.noticias\" target=\"_blank\" rel=\"noreferrer noopener\"><\/a><a href=\"https:\/\/lp.suno.com.br\/plataforma-de-controle-de-investimentos\/?utm_content=XYOE2ItQuUY.20201113&amp;utm_campaign=Track%2B&amp;utm_medium=video&amp;utm_source=youtube.noticias\" target=\"_blank\" rel=\"noreferrer noopener\"><\/a><a href=\"https:\/\/lp.suno.com.br\/ebook-como-analisar-uma-acao\/?utm_content=XYOE2ItQuUY.20201113&amp;utm_campaign=Track%2B&amp;utm_medium=video&amp;utm_source=youtube.noticias\" target=\"_blank\" rel=\"noreferrer noopener\"><\/a><a href=\"https:\/\/lp.suno.com.br\/suno-one\/?utm_content=XYOE2ItQuUY.20201113&amp;utm_campaign=Track%2B&amp;utm_medium=video&amp;utm_source=youtube.noticias\" target=\"_blank\" rel=\"noreferrer noopener\"><\/a><a href=\"https:\/\/lp.suno.com.br\/suno-one\/?utm_content=XYOE2ItQuUY.20201113&amp;utm_campaign=Track%2B&amp;utm_medium=video&amp;utm_source=youtube.noticias\" target=\"_blank\" rel=\"noreferrer noopener\"><\/a><a href=\"https:\/\/lp.suno.com.br\/suno-one\/?utm_content=XYOE2ItQuUY.20201113&amp;utm_campaign=Track%2B&amp;utm_medium=video&amp;utm_source=youtube.noticias\" target=\"_blank\" rel=\"noreferrer noopener\"><\/a><a href=\"https:\/\/lp.suno.com.br\/ebook-como-analisar-uma-acao\/\" target=\"_blank\" rel=\"noreferrer noopener\"><\/a><a href=\"https:\/\/lp.suno.com.br\/suno-one\/\" target=\"_blank\" rel=\"noreferrer noopener\"><\/a><a href=\"https:\/\/lp.suno.com.br\/suno-one\/\" target=\"_blank\" rel=\"noreferrer noopener\"><\/a><\/p>\n\n\n\n<p><a href=\"https:\/\/lp.suno.com.br\/suno-one\/\" target=\"_blank\" rel=\"noreferrer noopener\"><strong><\/strong><\/a><\/p>\n","protected":false},"excerpt":{"rendered":"<p>A&nbsp;Equatorial Energia (EQTL3)&nbsp;definiu a data de pagamento os&nbsp;dividendos&nbsp;de R$ 385 milh\u00f5es. De acordo com as informa\u00e7\u00f5es divulgadas nesta quinta (25), esses proventos ser\u00e3o depositados na conta dos investidores no dia 9 de junho. Equatorial (EQTL3) Funcion\u00e1rio em poste de ilumina\u00e7\u00e3o p\u00fablica. Foto: Divulga\u00e7\u00e3o \u201cConforme informado na ata, t\u00eam direito ao recebimento dos referidos&nbsp;dividendos&nbsp;os acionistasdetentores de [&hellip;]<\/p>\n","protected":false},"author":227,"featured_media":130258,"comment_status":"closed","ping_status":"closed","sticky":false,"template":"","format":"standard","meta":[],"categories":[64],"tags":[106932,2524,442,105039,489,497,1008,106935],"suno_strategy":[],"class_list":["post-409366","post","type-post","status-publish","format-standard","has-post-thumbnail","hentry","category-negocios","tag-azul-azul4","tag-caixa-seguridade-cxse3","tag-cvc-cvcb3","tag-equatorial-eqtl3","tag-gol-linhas-aereas-goll11-goll4","tag-hapvida-hapv3","tag-pagseguro","tag-via-viia3"],"yoast_head":"<!-- This site is optimized with the Yoast SEO plugin v24.4 - https:\/\/yoast.com\/wordpress\/plugins\/seo\/ -->\n<title>Radar: Equatorial (EQTL3) define data de dividendos milion\u00e1rios, Hapvida (HAPV3) valoriza 11% na Bolsa e Via (VIIA3) sobe ap\u00f3s pr\u00e9via da infla\u00e7\u00e3o<\/title>\n<meta name=\"description\" content=\"Equatorial (EQTL3) define data de dividendos milion\u00e1rios, Hapvida (HAPV3) valoriza 11% e Via (VIIA3) sobe quase 8% ap\u00f3s pr\u00e9via de IPCA-15\" \/>\n<meta name=\"robots\" content=\"index, follow, max-snippet:-1, max-image-preview:large, max-video-preview:-1\" \/>\n<link rel=\"canonical\" href=\"https:\/\/www.suno.com.br\/noticias\/radar-equatorial-eqtl3-hapvida-hapv3-via-viia3\/\" \/>\n<meta property=\"og:locale\" content=\"pt_BR\" \/>\n<meta property=\"og:type\" content=\"article\" \/>\n<meta property=\"og:title\" content=\"Radar: Equatorial (EQTL3) define data de dividendos milion\u00e1rios, Hapvida (HAPV3) valoriza 11% na Bolsa e Via (VIIA3) sobe ap\u00f3s pr\u00e9via da infla\u00e7\u00e3o\" \/>\n<meta property=\"og:description\" content=\"Equatorial (EQTL3) define data de dividendos milion\u00e1rios, Hapvida (HAPV3) valoriza 11% e Via (VIIA3) sobe quase 8% ap\u00f3s pr\u00e9via de IPCA-15\" \/>\n<meta property=\"og:url\" content=\"https:\/\/www.suno.com.br\/noticias\/radar-equatorial-eqtl3-hapvida-hapv3-via-viia3\/\" \/>\n<meta property=\"og:site_name\" content=\"Suno Not\u00edcias\" \/>\n<meta property=\"article:publisher\" content=\"https:\/\/facebook.com\/sunoresearch\" \/>\n<meta property=\"og:image\" content=\"https:\/\/files.sunoresearch.com.br\/n\/uploads\/2021\/03\/1c6705b0-equatorial-99.jpg\" \/>\n\t<meta property=\"og:image:width\" content=\"1200\" \/>\n\t<meta property=\"og:image:height\" content=\"749\" \/>\n\t<meta property=\"og:image:type\" content=\"image\/jpeg\" \/>\n<meta name=\"author\" content=\"Vanessa Loiola\" \/>\n<meta name=\"twitter:card\" content=\"summary_large_image\" \/>\n<meta name=\"twitter:creator\" content=\"@sunoresearch\" \/>\n<meta name=\"twitter:site\" content=\"@sunoresearch\" \/>\n<meta name=\"twitter:label1\" content=\"Escrito por\" \/>\n\t<meta name=\"twitter:data1\" content=\"Vanessa Loiola\" \/>\n\t<meta name=\"twitter:label2\" content=\"Est. tempo de leitura\" \/>\n\t<meta name=\"twitter:data2\" content=\"9 minutos\" \/>\n<script type=\"application\/ld+json\" class=\"yoast-schema-graph\">{\"@context\":\"https:\/\/schema.org\",\"@graph\":[{\"@type\":\"NewsArticle\",\"@id\":\"https:\/\/www.suno.com.br\/noticias\/radar-equatorial-eqtl3-hapvida-hapv3-via-viia3\/#article\",\"isPartOf\":{\"@id\":\"https:\/\/www.suno.com.br\/noticias\/radar-equatorial-eqtl3-hapvida-hapv3-via-viia3\/\"},\"author\":{\"name\":\"Vanessa Loiola\",\"@id\":\"https:\/\/www.suno.com.br\/noticias\/#\/schema\/person\/450c455ecff319bab1f1a0e643451479\"},\"headline\":\"Radar: Equatorial (EQTL3) define data de dividendos milion\u00e1rios, Hapvida (HAPV3) valoriza 11% na Bolsa e Via (VIIA3) sobe ap\u00f3s pr\u00e9via da infla\u00e7\u00e3o\",\"datePublished\":\"2023-05-26T01:01:14+00:00\",\"dateModified\":\"2023-05-26T01:01:24+00:00\",\"mainEntityOfPage\":{\"@id\":\"https:\/\/www.suno.com.br\/noticias\/radar-equatorial-eqtl3-hapvida-hapv3-via-viia3\/\"},\"wordCount\":1690,\"publisher\":{\"@id\":\"https:\/\/www.suno.com.br\/noticias\/#organization\"},\"image\":{\"@id\":\"https:\/\/www.suno.com.br\/noticias\/radar-equatorial-eqtl3-hapvida-hapv3-via-viia3\/#primaryimage\"},\"thumbnailUrl\":\"https:\/\/files.sunoresearch.com.br\/n\/uploads\/2021\/03\/1c6705b0-equatorial-99-jpg.webp\",\"keywords\":[\"Azul (AZUL4)\",\"Caixa Seguridade (CXSE3)\",\"CVC (CVCB3)\",\"Equatorial (EQTL3)\",\"Gol Linhas A\u00e9reas (GOLL11\/GOLL4)\",\"Hapvida (HAPV3)\",\"PagSeguro\",\"Via (VIIA3)\"],\"articleSection\":[\"Neg\u00f3cios\"],\"inLanguage\":\"pt-BR\"},{\"@type\":\"WebPage\",\"@id\":\"https:\/\/www.suno.com.br\/noticias\/radar-equatorial-eqtl3-hapvida-hapv3-via-viia3\/\",\"url\":\"https:\/\/www.suno.com.br\/noticias\/radar-equatorial-eqtl3-hapvida-hapv3-via-viia3\/\",\"name\":\"Radar: Equatorial (EQTL3) define data de dividendos milion\u00e1rios, Hapvida (HAPV3) valoriza 11% na Bolsa e Via (VIIA3) sobe ap\u00f3s pr\u00e9via da infla\u00e7\u00e3o\",\"isPartOf\":{\"@id\":\"https:\/\/www.suno.com.br\/noticias\/#website\"},\"primaryImageOfPage\":{\"@id\":\"https:\/\/www.suno.com.br\/noticias\/radar-equatorial-eqtl3-hapvida-hapv3-via-viia3\/#primaryimage\"},\"image\":{\"@id\":\"https:\/\/www.suno.com.br\/noticias\/radar-equatorial-eqtl3-hapvida-hapv3-via-viia3\/#primaryimage\"},\"thumbnailUrl\":\"https:\/\/files.sunoresearch.com.br\/n\/uploads\/2021\/03\/1c6705b0-equatorial-99-jpg.webp\",\"datePublished\":\"2023-05-26T01:01:14+00:00\",\"dateModified\":\"2023-05-26T01:01:24+00:00\",\"description\":\"Equatorial (EQTL3) define data de dividendos milion\u00e1rios, Hapvida (HAPV3) valoriza 11% e Via (VIIA3) sobe quase 8% ap\u00f3s pr\u00e9via de IPCA-15\",\"breadcrumb\":{\"@id\":\"https:\/\/www.suno.com.br\/noticias\/radar-equatorial-eqtl3-hapvida-hapv3-via-viia3\/#breadcrumb\"},\"inLanguage\":\"pt-BR\",\"potentialAction\":[{\"@type\":\"ReadAction\",\"target\":[\"https:\/\/www.suno.com.br\/noticias\/radar-equatorial-eqtl3-hapvida-hapv3-via-viia3\/\"]}]},{\"@type\":\"ImageObject\",\"inLanguage\":\"pt-BR\",\"@id\":\"https:\/\/www.suno.com.br\/noticias\/radar-equatorial-eqtl3-hapvida-hapv3-via-viia3\/#primaryimage\",\"url\":\"https:\/\/files.sunoresearch.com.br\/n\/uploads\/2021\/03\/1c6705b0-equatorial-99-jpg.webp\",\"contentUrl\":\"https:\/\/files.sunoresearch.com.br\/n\/uploads\/2021\/03\/1c6705b0-equatorial-99-jpg.webp\",\"width\":1200,\"height\":749,\"caption\":\"Equatorial (EQTL3) Funcion\u00e1rio em poste de ilumina\u00e7\u00e3o p\u00fablica. Foto: Divulga\u00e7\u00e3o\"},{\"@type\":\"BreadcrumbList\",\"@id\":\"https:\/\/www.suno.com.br\/noticias\/radar-equatorial-eqtl3-hapvida-hapv3-via-viia3\/#breadcrumb\",\"itemListElement\":[{\"@type\":\"ListItem\",\"position\":1,\"name\":\"Not\u00edcias\",\"item\":\"https:\/\/www.suno.com.br\/noticias\/\"},{\"@type\":\"ListItem\",\"position\":2,\"name\":\"Neg\u00f3cios\",\"item\":\"https:\/\/www.suno.com.br\/noticias\/negocios\/\"},{\"@type\":\"ListItem\",\"position\":3,\"name\":\"Radar: Equatorial (EQTL3) define data de dividendos milion\u00e1rios, Hapvida (HAPV3) valoriza 11% na Bolsa e Via (VIIA3) sobe ap\u00f3s pr\u00e9via da infla\u00e7\u00e3o\"}]},{\"@type\":\"WebSite\",\"@id\":\"https:\/\/www.suno.com.br\/noticias\/#website\",\"url\":\"https:\/\/www.suno.com.br\/noticias\/\",\"name\":\"Suno Not\u00edcias\",\"description\":\"Seu portal de informa\u00e7\u00e3o sobre o mundo dos investimentos\",\"publisher\":{\"@id\":\"https:\/\/www.suno.com.br\/noticias\/#organization\"},\"potentialAction\":[{\"@type\":\"SearchAction\",\"target\":{\"@type\":\"EntryPoint\",\"urlTemplate\":\"https:\/\/www.suno.com.br\/noticias\/?s={search_term_string}\"},\"query-input\":{\"@type\":\"PropertyValueSpecification\",\"valueRequired\":true,\"valueName\":\"search_term_string\"}}],\"inLanguage\":\"pt-BR\"},{\"@type\":\"Organization\",\"@id\":\"https:\/\/www.suno.com.br\/noticias\/#organization\",\"name\":\"Suno Not\u00edcias\",\"url\":\"https:\/\/www.suno.com.br\/noticias\/\",\"logo\":{\"@type\":\"ImageObject\",\"inLanguage\":\"pt-BR\",\"@id\":\"https:\/\/www.suno.com.br\/noticias\/#\/schema\/logo\/image\/\",\"url\":\"https:\/\/files.sunoresearch.com.br\/n\/uploads\/2021\/09\/suno-logo.png\",\"contentUrl\":\"https:\/\/files.sunoresearch.com.br\/n\/uploads\/2021\/09\/suno-logo.png\",\"width\":180,\"height\":180,\"caption\":\"Suno Not\u00edcias\"},\"image\":{\"@id\":\"https:\/\/www.suno.com.br\/noticias\/#\/schema\/logo\/image\/\"},\"sameAs\":[\"https:\/\/facebook.com\/sunoresearch\",\"https:\/\/x.com\/sunoresearch\",\"https:\/\/www.instagram.com\/suno\",\"https:\/\/www.linkedin.com\/company\/suno-research\/\",\"https:\/\/www.youtube.com\/c\/sunoresearch\"]},{\"@type\":\"Person\",\"@id\":\"https:\/\/www.suno.com.br\/noticias\/#\/schema\/person\/450c455ecff319bab1f1a0e643451479\",\"name\":\"Vanessa Loiola\",\"image\":{\"@type\":\"ImageObject\",\"inLanguage\":\"pt-BR\",\"@id\":\"https:\/\/www.suno.com.br\/noticias\/#\/schema\/person\/image\/\",\"url\":\"https:\/\/secure.gravatar.com\/avatar\/8b41117f9780831919eb38da349c3f20?s=96&r=g\",\"contentUrl\":\"https:\/\/secure.gravatar.com\/avatar\/8b41117f9780831919eb38da349c3f20?s=96&r=g\",\"caption\":\"Vanessa Loiola\"},\"description\":\"Jornalista formada pela PUC-SP, com experi\u00eancia na cobertura das editorias de economia, finan\u00e7as, bolsa de valores, pol\u00edtica, energia solar e entretenimento. Com passagem pela BM&amp;C News e RedeTV!\",\"url\":\"https:\/\/www.suno.com.br\/noticias\/author\/vanessal-loiolagmail-com\/\"}]}<\/script>\n<!-- \/ Yoast SEO plugin. -->","yoast_head_json":{"title":"Radar: Equatorial (EQTL3) define data de dividendos milion\u00e1rios, Hapvida (HAPV3) valoriza 11% na Bolsa e Via (VIIA3) sobe ap\u00f3s pr\u00e9via da infla\u00e7\u00e3o","description":"Equatorial (EQTL3) define data de dividendos milion\u00e1rios, Hapvida (HAPV3) valoriza 11% e Via (VIIA3) sobe quase 8% ap\u00f3s pr\u00e9via de IPCA-15","robots":{"index":"index","follow":"follow","max-snippet":"max-snippet:-1","max-image-preview":"max-image-preview:large","max-video-preview":"max-video-preview:-1"},"canonical":"https:\/\/www.suno.com.br\/noticias\/radar-equatorial-eqtl3-hapvida-hapv3-via-viia3\/","og_locale":"pt_BR","og_type":"article","og_title":"Radar: Equatorial (EQTL3) define data de dividendos milion\u00e1rios, Hapvida (HAPV3) valoriza 11% na Bolsa e Via (VIIA3) sobe ap\u00f3s pr\u00e9via da infla\u00e7\u00e3o","og_description":"Equatorial (EQTL3) define data de dividendos milion\u00e1rios, Hapvida (HAPV3) valoriza 11% e Via (VIIA3) sobe quase 8% ap\u00f3s pr\u00e9via de IPCA-15","og_url":"https:\/\/www.suno.com.br\/noticias\/radar-equatorial-eqtl3-hapvida-hapv3-via-viia3\/","og_site_name":"Suno Not\u00edcias","article_publisher":"https:\/\/facebook.com\/sunoresearch","og_image":[{"width":1200,"height":749,"url":"https:\/\/files.sunoresearch.com.br\/n\/uploads\/2021\/03\/1c6705b0-equatorial-99.jpg","type":"image\/jpeg"}],"author":"Vanessa Loiola","twitter_card":"summary_large_image","twitter_creator":"@sunoresearch","twitter_site":"@sunoresearch","twitter_misc":{"Escrito por":"Vanessa Loiola","Est. tempo de leitura":"9 minutos"},"schema":{"@context":"https:\/\/schema.org","@graph":[{"@type":"NewsArticle","@id":"https:\/\/www.suno.com.br\/noticias\/radar-equatorial-eqtl3-hapvida-hapv3-via-viia3\/#article","isPartOf":{"@id":"https:\/\/www.suno.com.br\/noticias\/radar-equatorial-eqtl3-hapvida-hapv3-via-viia3\/"},"author":{"name":"Vanessa Loiola","@id":"https:\/\/www.suno.com.br\/noticias\/#\/schema\/person\/450c455ecff319bab1f1a0e643451479"},"headline":"Radar: Equatorial (EQTL3) define data de dividendos milion\u00e1rios, Hapvida (HAPV3) valoriza 11% na Bolsa e Via (VIIA3) sobe ap\u00f3s pr\u00e9via da infla\u00e7\u00e3o","datePublished":"2023-05-26T01:01:14+00:00","dateModified":"2023-05-26T01:01:24+00:00","mainEntityOfPage":{"@id":"https:\/\/www.suno.com.br\/noticias\/radar-equatorial-eqtl3-hapvida-hapv3-via-viia3\/"},"wordCount":1690,"publisher":{"@id":"https:\/\/www.suno.com.br\/noticias\/#organization"},"image":{"@id":"https:\/\/www.suno.com.br\/noticias\/radar-equatorial-eqtl3-hapvida-hapv3-via-viia3\/#primaryimage"},"thumbnailUrl":"https:\/\/files.sunoresearch.com.br\/n\/uploads\/2021\/03\/1c6705b0-equatorial-99-jpg.webp","keywords":["Azul (AZUL4)","Caixa Seguridade (CXSE3)","CVC (CVCB3)","Equatorial (EQTL3)","Gol Linhas A\u00e9reas (GOLL11\/GOLL4)","Hapvida (HAPV3)","PagSeguro","Via (VIIA3)"],"articleSection":["Neg\u00f3cios"],"inLanguage":"pt-BR"},{"@type":"WebPage","@id":"https:\/\/www.suno.com.br\/noticias\/radar-equatorial-eqtl3-hapvida-hapv3-via-viia3\/","url":"https:\/\/www.suno.com.br\/noticias\/radar-equatorial-eqtl3-hapvida-hapv3-via-viia3\/","name":"Radar: Equatorial (EQTL3) define data de dividendos milion\u00e1rios, Hapvida (HAPV3) valoriza 11% na Bolsa e Via (VIIA3) sobe ap\u00f3s pr\u00e9via da infla\u00e7\u00e3o","isPartOf":{"@id":"https:\/\/www.suno.com.br\/noticias\/#website"},"primaryImageOfPage":{"@id":"https:\/\/www.suno.com.br\/noticias\/radar-equatorial-eqtl3-hapvida-hapv3-via-viia3\/#primaryimage"},"image":{"@id":"https:\/\/www.suno.com.br\/noticias\/radar-equatorial-eqtl3-hapvida-hapv3-via-viia3\/#primaryimage"},"thumbnailUrl":"https:\/\/files.sunoresearch.com.br\/n\/uploads\/2021\/03\/1c6705b0-equatorial-99-jpg.webp","datePublished":"2023-05-26T01:01:14+00:00","dateModified":"2023-05-26T01:01:24+00:00","description":"Equatorial (EQTL3) define data de dividendos milion\u00e1rios, Hapvida (HAPV3) valoriza 11% e Via (VIIA3) sobe quase 8% ap\u00f3s pr\u00e9via de IPCA-15","breadcrumb":{"@id":"https:\/\/www.suno.com.br\/noticias\/radar-equatorial-eqtl3-hapvida-hapv3-via-viia3\/#breadcrumb"},"inLanguage":"pt-BR","potentialAction":[{"@type":"ReadAction","target":["https:\/\/www.suno.com.br\/noticias\/radar-equatorial-eqtl3-hapvida-hapv3-via-viia3\/"]}]},{"@type":"ImageObject","inLanguage":"pt-BR","@id":"https:\/\/www.suno.com.br\/noticias\/radar-equatorial-eqtl3-hapvida-hapv3-via-viia3\/#primaryimage","url":"https:\/\/files.sunoresearch.com.br\/n\/uploads\/2021\/03\/1c6705b0-equatorial-99-jpg.webp","contentUrl":"https:\/\/files.sunoresearch.com.br\/n\/uploads\/2021\/03\/1c6705b0-equatorial-99-jpg.webp","width":1200,"height":749,"caption":"Equatorial (EQTL3) Funcion\u00e1rio em poste de ilumina\u00e7\u00e3o p\u00fablica. Foto: Divulga\u00e7\u00e3o"},{"@type":"BreadcrumbList","@id":"https:\/\/www.suno.com.br\/noticias\/radar-equatorial-eqtl3-hapvida-hapv3-via-viia3\/#breadcrumb","itemListElement":[{"@type":"ListItem","position":1,"name":"Not\u00edcias","item":"https:\/\/www.suno.com.br\/noticias\/"},{"@type":"ListItem","position":2,"name":"Neg\u00f3cios","item":"https:\/\/www.suno.com.br\/noticias\/negocios\/"},{"@type":"ListItem","position":3,"name":"Radar: Equatorial (EQTL3) define data de dividendos milion\u00e1rios, Hapvida (HAPV3) valoriza 11% na Bolsa e Via (VIIA3) sobe ap\u00f3s pr\u00e9via da infla\u00e7\u00e3o"}]},{"@type":"WebSite","@id":"https:\/\/www.suno.com.br\/noticias\/#website","url":"https:\/\/www.suno.com.br\/noticias\/","name":"Suno Not\u00edcias","description":"Seu portal de informa\u00e7\u00e3o sobre o mundo dos investimentos","publisher":{"@id":"https:\/\/www.suno.com.br\/noticias\/#organization"},"potentialAction":[{"@type":"SearchAction","target":{"@type":"EntryPoint","urlTemplate":"https:\/\/www.suno.com.br\/noticias\/?s={search_term_string}"},"query-input":{"@type":"PropertyValueSpecification","valueRequired":true,"valueName":"search_term_string"}}],"inLanguage":"pt-BR"},{"@type":"Organization","@id":"https:\/\/www.suno.com.br\/noticias\/#organization","name":"Suno Not\u00edcias","url":"https:\/\/www.suno.com.br\/noticias\/","logo":{"@type":"ImageObject","inLanguage":"pt-BR","@id":"https:\/\/www.suno.com.br\/noticias\/#\/schema\/logo\/image\/","url":"https:\/\/files.sunoresearch.com.br\/n\/uploads\/2021\/09\/suno-logo.png","contentUrl":"https:\/\/files.sunoresearch.com.br\/n\/uploads\/2021\/09\/suno-logo.png","width":180,"height":180,"caption":"Suno Not\u00edcias"},"image":{"@id":"https:\/\/www.suno.com.br\/noticias\/#\/schema\/logo\/image\/"},"sameAs":["https:\/\/facebook.com\/sunoresearch","https:\/\/x.com\/sunoresearch","https:\/\/www.instagram.com\/suno","https:\/\/www.linkedin.com\/company\/suno-research\/","https:\/\/www.youtube.com\/c\/sunoresearch"]},{"@type":"Person","@id":"https:\/\/www.suno.com.br\/noticias\/#\/schema\/person\/450c455ecff319bab1f1a0e643451479","name":"Vanessa Loiola","image":{"@type":"ImageObject","inLanguage":"pt-BR","@id":"https:\/\/www.suno.com.br\/noticias\/#\/schema\/person\/image\/","url":"https:\/\/secure.gravatar.com\/avatar\/8b41117f9780831919eb38da349c3f20?s=96&r=g","contentUrl":"https:\/\/secure.gravatar.com\/avatar\/8b41117f9780831919eb38da349c3f20?s=96&r=g","caption":"Vanessa Loiola"},"description":"Jornalista formada pela PUC-SP, com experi\u00eancia na cobertura das editorias de economia, finan\u00e7as, bolsa de valores, pol\u00edtica, energia solar e entretenimento. Com passagem pela BM&amp;C News e RedeTV!","url":"https:\/\/www.suno.com.br\/noticias\/author\/vanessal-loiolagmail-com\/"}]}},"default_loop_html":"<div class=\"cardsPage__listCard__boxs\"><div class=\"cardsPage__listCard__boxs__img\"><a href=\"https:\/\/www.suno.com.br\/noticias\/radar-equatorial-eqtl3-hapvida-hapv3-via-viia3\/\"><img class=\"mask\" src=\"https:\/\/www.suno.com.br\/noticias\/wp-content\/themes\/suno\/resources\/images\/spotlight\/spotlight1img\/bg-mask.png\" alt=\"Image Mask\"\/><img src=\"https:\/\/files.sunoresearch.com.br\/n\/uploads\/2021\/03\/1c6705b0-equatorial-99-400x200.webp\" alt=\"Radar: Equatorial (EQTL3) define data de dividendos milion\u00e1rios, Hapvida (HAPV3) valoriza 11% na Bolsa e Via (VIIA3) sobe ap\u00f3s pr\u00e9via da infla\u00e7\u00e3o\"\/><\/a><span class=\"spotlightCategory\"><a href=\"https:\/\/www.suno.com.br\/noticias\/negocios\/\">Neg\u00f3cios<\/a><\/span><\/div><div class=\"cardsPage__listCard__boxs__content\"><a href=\"https:\/\/www.suno.com.br\/noticias\/radar-equatorial-eqtl3-hapvida-hapv3-via-viia3\/\"><h2 class=\"content__title\">Radar: Equatorial (EQTL3) define data de dividendos milion\u00e1rios, Hapvida (HAPV3) valoriza 11% na Bolsa e Via (VIIA3) sobe ap\u00f3s pr\u00e9via da infla\u00e7\u00e3o<\/h2><\/a><div class=\"newsContent__article__meta\"><div class=\"newsContent__article__meta__authorBox\"><a href=\"https:\/\/www.suno.com.br\/noticias\/author\/vanessal-loiolagmail-com\/\" class=\"authorBox__avatar noMobi\"><img src=\"https:\/\/secure.gravatar.com\/avatar\/8b41117f9780831919eb38da349c3f20?s=96&#038;r=g\" alt=\"Vanessa Loiola\"><\/a><div class=\"authorBox__name\"><span>por\n\t\t\t<a href=\"https:\/\/www.suno.com.br\/noticias\/author\/vanessal-loiolagmail-com\/\"><span itemprop=\"author\">Vanessa Loiola<\/span><\/a><\/span><time datetime=\"2023-05-25T22:01:14-03:00\" itemprop=\"datePublished\">25\/05\/2023 22:01<\/time><\/div><\/div><\/div><\/div><\/div>","single_layout":"posts","amp_enabled":true,"_links":{"self":[{"href":"https:\/\/www.suno.com.br\/noticias\/wp-json\/wp\/v2\/posts\/409366"}],"collection":[{"href":"https:\/\/www.suno.com.br\/noticias\/wp-json\/wp\/v2\/posts"}],"about":[{"href":"https:\/\/www.suno.com.br\/noticias\/wp-json\/wp\/v2\/types\/post"}],"author":[{"embeddable":true,"href":"https:\/\/www.suno.com.br\/noticias\/wp-json\/wp\/v2\/users\/227"}],"replies":[{"embeddable":true,"href":"https:\/\/www.suno.com.br\/noticias\/wp-json\/wp\/v2\/comments?post=409366"}],"version-history":[{"count":2,"href":"https:\/\/www.suno.com.br\/noticias\/wp-json\/wp\/v2\/posts\/409366\/revisions"}],"predecessor-version":[{"id":409397,"href":"https:\/\/www.suno.com.br\/noticias\/wp-json\/wp\/v2\/posts\/409366\/revisions\/409397"}],"wp:featuredmedia":[{"embeddable":true,"href":"https:\/\/www.suno.com.br\/noticias\/wp-json\/wp\/v2\/media\/130258"}],"wp:attachment":[{"href":"https:\/\/www.suno.com.br\/noticias\/wp-json\/wp\/v2\/media?parent=409366"}],"wp:term":[{"taxonomy":"category","embeddable":true,"href":"https:\/\/www.suno.com.br\/noticias\/wp-json\/wp\/v2\/categories?post=409366"},{"taxonomy":"post_tag","embeddable":true,"href":"https:\/\/www.suno.com.br\/noticias\/wp-json\/wp\/v2\/tags?post=409366"},{"taxonomy":"suno_strategy","embeddable":true,"href":"https:\/\/www.suno.com.br\/noticias\/wp-json\/wp\/v2\/suno_strategy?post=409366"}],"curies":[{"name":"wp","href":"https:\/\/api.w.org\/{rel}","templated":true}]}}