{"id":40914,"date":"2019-10-14T08:50:21","date_gmt":"2019-10-14T11:50:21","guid":{"rendered":"https:\/\/www.suno.com.br\/noticias\/?p=40914"},"modified":"2021-06-14T00:24:33","modified_gmt":"2021-06-14T03:24:33","slug":"agenda-do-dia-banco-inter-caixa-wework-banco-pan-nestle","status":"publish","type":"post","link":"https:\/\/www.suno.com.br\/noticias\/agenda-do-dia-banco-inter-caixa-wework-banco-pan-nestle\/","title":{"rendered":"Agenda do Dia: Banco Inter; Caixa; WeWork; Banco Pan; Nestl\u00e9"},"content":{"rendered":"<p>Os assuntos da Agenda do Dia desta segunda-feira (14) prometem agitar o mercado interno e externo.<\/p>\t<div class=\"wrapper-featured-image\">\n\t\t<figure class=\"spotlightImg\">\n\n\t\t\t<picture>\n\t\t\t\t<source media=\"(max-width: 768px)\" srcset=\"https:\/\/files.sunoresearch.com.br\/n\/uploads\/2019\/04\/0eac3556-banco-inter-400x200.webp\">\n\t\t\t\t<img loading=\"lazy\" decoding=\"async\" class=\"newsContent__article__imgCapa lazyloadDisabled newsContent__article__imgCapa--noCaption\" src=\"https:\/\/files.sunoresearch.com.br\/n\/uploads\/2019\/04\/0eac3556-banco-inter-800x450.webp\" width=\"800\" height=\"450\" alt=\"Agenda do Dia: Banco Inter; Caixa; WeWork; Banco Pan; Nestl\u00e9\" fetchpriority=high \/>\n\t\t\t<\/picture>\n\n\t\t\t<figcaption class=\"wp-caption-text wp-caption-text--hide\">Banco Inter (BIDI11)<\/figcaption>\n\t\t<\/figure>\n\t<\/div>\n\n\n\n<p>O <strong>Banco<\/strong> <strong>Inter<\/strong> est\u00e1 estudando uma parceria com o <strong>Uber<\/strong>. A <strong>Caixa<\/strong> <strong>Econ\u00f4mica<\/strong> <strong>Federal<\/strong> derrubar\u00e1 a taxa cobrada no cart\u00e3o de cr\u00e9dito. Estas e outras not\u00edcias fazem parte da <strong>Agenda do Dia<\/strong> desta segunda.<\/p>\n<p>A Agenda do Dia conta tamb\u00e9m com a not\u00edcia sobre a <strong>Nestl\u00e9<\/strong>, que lan\u00e7ou um programa de acelera\u00e7\u00e3o para inovar junto a startups.<\/p>\n<p>Confira os principais pontos da Agenda do Dia:<\/p>\n<h2>Banco Inter<\/h2>\n<p>O Banco Inter (<strong>BIDI4<\/strong>; <strong>BIDI11<\/strong>) e a <strong>Uber<\/strong> est\u00e3o em conversas avan\u00e7adas para uma coopera\u00e7\u00e3o estrat\u00e9gica no segmento de servi\u00e7os financeiros, de acordo com a ag\u00eancia de not\u00edcias &#8220;Reuters&#8221;. O <strong>Softbank<\/strong> procura integrar seus investimentos na Am\u00e9rica Latina.<\/p>\n<p><a href=\"https:\/\/www.suno.com.br\/noticias\/natura-avon-contrato-acao-349-milhoes\/\">Veja tamb\u00e9m: Natura informa que custo de uni\u00e3o com Avon ser\u00e1 de R$ 349 milh\u00f5es<\/a><\/p>\n<p>O grupo japon\u00eas \u00e9 acionista da Uber e, neste ano, j\u00e1 adquiriu cerca de 15% do <strong>Banco Inter<\/strong>. A parceria financeira tem como principal alvo os motoristas da Uber e os milh\u00f5es de clientes do banco. A fonte da ag\u00eancia, entretanto, n\u00e3o comentou sobre os detalhes da negocia\u00e7\u00e3o.<\/p>\n<h2>Caixa<\/h2>\n<p>A <strong>Caixa<\/strong> <strong>Econ\u00f4mica<\/strong> <strong>Federal<\/strong> ir\u00e1 aumentar sua estrat\u00e9gia de diminui\u00e7\u00e3o de juros. A institui\u00e7\u00e3o anunciou que far\u00e1 a redu\u00e7\u00e3o das altas taxas do cart\u00e3o de cr\u00e9dito. Al\u00e9m disso, a Caixa tamb\u00e9m deve fazer novas rodadas de diminui\u00e7\u00e3o nos juros do cheque especial em breve.<\/p>\n<h2>WeWork<\/h2>\n<p>A <strong>Softbank<\/strong> est\u00e1 providenciando um novo financiamento para ter o controle da <strong>WeWork<\/strong>. A empresa que oferece espa\u00e7os de trabalho compartilhados, por\u00e9m, est\u00e1 buscando outra forma de conseguir um financiamento, depois de sua controladora, We Co., cancelar seu <a href=\"https:\/\/www.suno.com.br\/artigos\/vale-pena-investir-em-um-ipo\/\">IPO<\/a>.<\/p>\n\t<p>\n\t\t<a href=\"https:\/\/lp.suno.com.br\/ao\/sessao-estrategica-consultoria-c\/?utm_source=suno-noticias&#038;utm_medium=banner&#038;utm_campaing=dolar-cair-juros\" target=\"_blank\" data-element=\"shortcode-suno-banner\" title=\"Banner SUNO, clique e saiba mais\">\n\t\t\t<picture>\n\t\t\t\t<source media=\"(max-width: 500px)\" srcset=\"https:\/\/files.sunoresearch.com.br\/n\/uploads\/2025\/09\/300x400.webp\">\n\t\t\t\t<img class=\"newsContent__article__imgCapa newsContent__article__imgCapa--banner\"\n\t\t\t\t\tsrc=\"https:\/\/files.sunoresearch.com.br\/n\/uploads\/2025\/09\/SN-DT-1420x240-1.webp\"\n\t\t\t\t\tdata-promo-id=\"624946\"\t\t\t\t\t\t\t\t\t\twidth='1420' height='240'\t\t\t\t\talt=\"https:\/\/files.sunoresearch.com.br\/n\/uploads\/2025\/09\/SN-DT-1420x240-1.webp\"\n\t\t\t\t>\n\t\t\t<\/picture>\n\t\t<\/a>\n\t<\/p>\n\n\n<p>&#8220;A WeWork contratou uma importante institui\u00e7\u00e3o financeira de Wall Setreet para providenciar um financiamento&#8221;, afirmou um porta-voz da startup.<\/p>\n<h2>Banco Pan<\/h2>\n<p>O <strong>Banco<\/strong> <strong>Pan<\/strong> est\u00e1 se preparando para triplicar sua carteira de cr\u00e9dito depois da sua oferta de a\u00e7\u00f5es de R$ 500 milh\u00f5es, feita em setembro. O banco tem como objetivo ser um banco completo para o p\u00fablico de baixa renda. A ideia \u00e9 deixar de ser apenas uma institui\u00e7\u00e3o que oferece cr\u00e9dito pontualmente.<\/p>\n\t<p>\n\t\t<a href=\"https:\/\/lp.suno.com.br\/ao\/cadastro-whatsapp\/\" target=\"_blank\" data-element=\"shortcode-suno-banner\" title=\"Banner SUNO, clique e saiba mais\">\n\t\t\t<picture>\n\t\t\t\t<source media=\"(max-width: 500px)\" srcset=\"https:\/\/files.sunoresearch.com.br\/n\/uploads\/2024\/03\/400x300-whatsapp-Suno.png\">\n\t\t\t\t<img class=\"newsContent__article__imgCapa newsContent__article__imgCapa--banner\"\n\t\t\t\t\tsrc=\"https:\/\/files.sunoresearch.com.br\/n\/uploads\/2024\/03\/1420x240-whatsapp-Suno.png\"\n\t\t\t\t\tdata-promo-id=\"101743\"\t\t\t\t\t\t\t\t\t\twidth='1420' height='240'\t\t\t\t\talt=\"https:\/\/files.sunoresearch.com.br\/n\/uploads\/2024\/03\/1420x240-whatsapp-Suno.png\"\n\t\t\t\t>\n\t\t\t<\/picture>\n\t\t<\/a>\n\t<\/p>\n\n\n<p>Essa \u00e9 a primeira rodada de expans\u00e3o feita pela institui\u00e7\u00e3o financeira desde a fraude de R$ 4 bilh\u00f5es que culminou na venda do banco ao <strong>BTG<\/strong> <strong>Pactual<\/strong> em 2011.<\/p>\n<h2>Nestl\u00e9<\/h2>\n<p>A <strong>Nestl\u00e9<\/strong> anunciou o lan\u00e7amento de um programa de acelera\u00e7\u00e3o para inova\u00e7\u00e3o junto a startups. A ideia \u00e9 inovar o neg\u00f3cio com novos benef\u00edcios aos clientes, de acordo com Victor Vendramini, head de e-commerce business da Nestl\u00e9 Health Science.<\/p>\n<p>Com isso, o Brasil assumir\u00e1 o posto de primeiro pa\u00eds a receber o programa de acelera\u00e7\u00e3o de <strong>startups<\/strong> da \u00e1rea da sa\u00fade da subsidi\u00e1ria de ci\u00eancia e sa\u00fade da Nestl\u00e9.<\/p>\n<h2>Light<\/h2>\n<p>A Light vendeu 100% de suas a\u00e7\u00f5es na Renova Energia. A totalidade equivale a 17,17% do capital social da empresa. O comunicado foi feito pela Light na manh\u00e3 desta segunda feira (14).<\/p>\n<p>A Agenda do Dia da <a href=\"https:\/\/www.youtube.com\/watch?v=IAdo2eT2UzM\">Suno<\/a> mostra os principais acontecimentos que prometem movimentar o mercado durante o dia.<\/p>\n","protected":false},"excerpt":{"rendered":"<p>Os assuntos da Agenda do Dia desta segunda-feira (14) prometem agitar o mercado interno e externo. Banco Inter (BIDI11) O Banco Inter est\u00e1 estudando uma parceria com o Uber. A Caixa Econ\u00f4mica Federal derrubar\u00e1 a taxa cobrada no cart\u00e3o de cr\u00e9dito. Estas e outras not\u00edcias fazem parte da Agenda do Dia desta segunda. A Agenda [&hellip;]<\/p>\n","protected":false},"author":19,"featured_media":22068,"comment_status":"closed","ping_status":"closed","sticky":false,"template":"","format":"standard","meta":[],"categories":[64],"tags":[1980,369,370,1159,949],"suno_strategy":[],"class_list":["post-40914","post","type-post","status-publish","format-standard","has-post-thumbnail","hentry","category-negocios","tag-agenda-do-dia","tag-banco-inter-bidi11-bidi4-bidi3","tag-banco-pan-bpan4","tag-nestle","tag-wework"],"yoast_head":"<!-- This site is optimized with the Yoast SEO plugin v24.4 - https:\/\/yoast.com\/wordpress\/plugins\/seo\/ -->\n<title>Agenda do Dia: Banco Inter; Caixa; WeWork; Banco Pan; Nestl\u00e9<\/title>\n<meta name=\"description\" content=\"Agenda do Dia: parceria do Banco Inter com a Uber; taxa de cart\u00e3o de cr\u00e9dito da Caixa; WeWork; Banco Pan; Nestl\u00e9. Clique e saiba mais.\" \/>\n<meta name=\"robots\" content=\"index, follow, max-snippet:-1, max-image-preview:large, max-video-preview:-1\" \/>\n<link rel=\"canonical\" href=\"https:\/\/www.suno.com.br\/noticias\/agenda-do-dia-banco-inter-caixa-wework-banco-pan-nestle\/\" \/>\n<meta property=\"og:locale\" content=\"pt_BR\" \/>\n<meta property=\"og:type\" content=\"article\" \/>\n<meta property=\"og:title\" content=\"Agenda do Dia: Banco Inter; Caixa; WeWork; Banco Pan; Nestl\u00e9\" \/>\n<meta property=\"og:description\" content=\"Agenda do Dia: parceria do Banco Inter com a Uber; taxa de cart\u00e3o de cr\u00e9dito da Caixa; WeWork; Banco Pan; Nestl\u00e9. Clique e saiba mais.\" \/>\n<meta property=\"og:url\" content=\"https:\/\/www.suno.com.br\/noticias\/agenda-do-dia-banco-inter-caixa-wework-banco-pan-nestle\/\" \/>\n<meta property=\"og:site_name\" content=\"Suno Not\u00edcias\" \/>\n<meta property=\"article:publisher\" content=\"https:\/\/facebook.com\/sunoresearch\" \/>\n<meta property=\"og:image\" content=\"https:\/\/files.sunoresearch.com.br\/n\/uploads\/2019\/04\/0eac3556-banco-inter.jpg\" \/>\n\t<meta property=\"og:image:width\" content=\"1024\" \/>\n\t<meta property=\"og:image:height\" content=\"768\" \/>\n\t<meta property=\"og:image:type\" content=\"image\/jpeg\" \/>\n<meta name=\"author\" content=\"Juliano Passaro\" \/>\n<meta name=\"twitter:card\" content=\"summary_large_image\" \/>\n<meta name=\"twitter:creator\" content=\"@sunoresearch\" \/>\n<meta name=\"twitter:site\" content=\"@sunoresearch\" \/>\n<meta name=\"twitter:label1\" content=\"Escrito por\" \/>\n\t<meta name=\"twitter:data1\" content=\"Juliano Passaro\" \/>\n\t<meta name=\"twitter:label2\" content=\"Est. tempo de leitura\" \/>\n\t<meta name=\"twitter:data2\" content=\"3 minutos\" \/>\n<script type=\"application\/ld+json\" class=\"yoast-schema-graph\">{\"@context\":\"https:\/\/schema.org\",\"@graph\":[{\"@type\":\"NewsArticle\",\"@id\":\"https:\/\/www.suno.com.br\/noticias\/agenda-do-dia-banco-inter-caixa-wework-banco-pan-nestle\/#article\",\"isPartOf\":{\"@id\":\"https:\/\/www.suno.com.br\/noticias\/agenda-do-dia-banco-inter-caixa-wework-banco-pan-nestle\/\"},\"author\":{\"name\":\"Juliano Passaro\",\"@id\":\"https:\/\/www.suno.com.br\/noticias\/#\/schema\/person\/1db762f78ffd8919a648a63e425953e3\"},\"headline\":\"Agenda do Dia: Banco Inter; Caixa; WeWork; Banco Pan; Nestl\u00e9\",\"datePublished\":\"2019-10-14T11:50:21+00:00\",\"dateModified\":\"2021-06-14T03:24:33+00:00\",\"mainEntityOfPage\":{\"@id\":\"https:\/\/www.suno.com.br\/noticias\/agenda-do-dia-banco-inter-caixa-wework-banco-pan-nestle\/\"},\"wordCount\":556,\"publisher\":{\"@id\":\"https:\/\/www.suno.com.br\/noticias\/#organization\"},\"image\":{\"@id\":\"https:\/\/www.suno.com.br\/noticias\/agenda-do-dia-banco-inter-caixa-wework-banco-pan-nestle\/#primaryimage\"},\"thumbnailUrl\":\"https:\/\/files.sunoresearch.com.br\/n\/uploads\/2019\/04\/0eac3556-banco-inter-jpg.webp\",\"keywords\":[\"agenda do dia\",\"Banco Inter (BIDI11\/BIDI4\/BIDI3)\",\"Banco Pan (BPAN4)\",\"Nestl\u00e9\",\"WeWork\"],\"articleSection\":[\"Neg\u00f3cios\"],\"inLanguage\":\"pt-BR\"},{\"@type\":\"WebPage\",\"@id\":\"https:\/\/www.suno.com.br\/noticias\/agenda-do-dia-banco-inter-caixa-wework-banco-pan-nestle\/\",\"url\":\"https:\/\/www.suno.com.br\/noticias\/agenda-do-dia-banco-inter-caixa-wework-banco-pan-nestle\/\",\"name\":\"Agenda do Dia: Banco Inter; Caixa; WeWork; Banco Pan; Nestl\u00e9\",\"isPartOf\":{\"@id\":\"https:\/\/www.suno.com.br\/noticias\/#website\"},\"primaryImageOfPage\":{\"@id\":\"https:\/\/www.suno.com.br\/noticias\/agenda-do-dia-banco-inter-caixa-wework-banco-pan-nestle\/#primaryimage\"},\"image\":{\"@id\":\"https:\/\/www.suno.com.br\/noticias\/agenda-do-dia-banco-inter-caixa-wework-banco-pan-nestle\/#primaryimage\"},\"thumbnailUrl\":\"https:\/\/files.sunoresearch.com.br\/n\/uploads\/2019\/04\/0eac3556-banco-inter-jpg.webp\",\"datePublished\":\"2019-10-14T11:50:21+00:00\",\"dateModified\":\"2021-06-14T03:24:33+00:00\",\"description\":\"Agenda do Dia: parceria do Banco Inter com a Uber; taxa de cart\u00e3o de cr\u00e9dito da Caixa; WeWork; Banco Pan; Nestl\u00e9. Clique e saiba mais.\",\"breadcrumb\":{\"@id\":\"https:\/\/www.suno.com.br\/noticias\/agenda-do-dia-banco-inter-caixa-wework-banco-pan-nestle\/#breadcrumb\"},\"inLanguage\":\"pt-BR\",\"potentialAction\":[{\"@type\":\"ReadAction\",\"target\":[\"https:\/\/www.suno.com.br\/noticias\/agenda-do-dia-banco-inter-caixa-wework-banco-pan-nestle\/\"]}]},{\"@type\":\"ImageObject\",\"inLanguage\":\"pt-BR\",\"@id\":\"https:\/\/www.suno.com.br\/noticias\/agenda-do-dia-banco-inter-caixa-wework-banco-pan-nestle\/#primaryimage\",\"url\":\"https:\/\/files.sunoresearch.com.br\/n\/uploads\/2019\/04\/0eac3556-banco-inter-jpg.webp\",\"contentUrl\":\"https:\/\/files.sunoresearch.com.br\/n\/uploads\/2019\/04\/0eac3556-banco-inter-jpg.webp\",\"width\":1024,\"height\":768,\"caption\":\"Banco Inter (BIDI11)\"},{\"@type\":\"BreadcrumbList\",\"@id\":\"https:\/\/www.suno.com.br\/noticias\/agenda-do-dia-banco-inter-caixa-wework-banco-pan-nestle\/#breadcrumb\",\"itemListElement\":[{\"@type\":\"ListItem\",\"position\":1,\"name\":\"Not\u00edcias\",\"item\":\"https:\/\/www.suno.com.br\/noticias\/\"},{\"@type\":\"ListItem\",\"position\":2,\"name\":\"Neg\u00f3cios\",\"item\":\"https:\/\/www.suno.com.br\/noticias\/negocios\/\"},{\"@type\":\"ListItem\",\"position\":3,\"name\":\"Agenda do Dia: Banco Inter; Caixa; WeWork; Banco Pan; Nestl\u00e9\"}]},{\"@type\":\"WebSite\",\"@id\":\"https:\/\/www.suno.com.br\/noticias\/#website\",\"url\":\"https:\/\/www.suno.com.br\/noticias\/\",\"name\":\"Suno Not\u00edcias\",\"description\":\"Seu portal de informa\u00e7\u00e3o sobre o mundo dos investimentos\",\"publisher\":{\"@id\":\"https:\/\/www.suno.com.br\/noticias\/#organization\"},\"potentialAction\":[{\"@type\":\"SearchAction\",\"target\":{\"@type\":\"EntryPoint\",\"urlTemplate\":\"https:\/\/www.suno.com.br\/noticias\/?s={search_term_string}\"},\"query-input\":{\"@type\":\"PropertyValueSpecification\",\"valueRequired\":true,\"valueName\":\"search_term_string\"}}],\"inLanguage\":\"pt-BR\"},{\"@type\":\"Organization\",\"@id\":\"https:\/\/www.suno.com.br\/noticias\/#organization\",\"name\":\"Suno Not\u00edcias\",\"url\":\"https:\/\/www.suno.com.br\/noticias\/\",\"logo\":{\"@type\":\"ImageObject\",\"inLanguage\":\"pt-BR\",\"@id\":\"https:\/\/www.suno.com.br\/noticias\/#\/schema\/logo\/image\/\",\"url\":\"https:\/\/files.sunoresearch.com.br\/n\/uploads\/2021\/09\/suno-logo.png\",\"contentUrl\":\"https:\/\/files.sunoresearch.com.br\/n\/uploads\/2021\/09\/suno-logo.png\",\"width\":180,\"height\":180,\"caption\":\"Suno Not\u00edcias\"},\"image\":{\"@id\":\"https:\/\/www.suno.com.br\/noticias\/#\/schema\/logo\/image\/\"},\"sameAs\":[\"https:\/\/facebook.com\/sunoresearch\",\"https:\/\/x.com\/sunoresearch\",\"https:\/\/www.instagram.com\/suno\",\"https:\/\/www.linkedin.com\/company\/suno-research\/\",\"https:\/\/www.youtube.com\/c\/sunoresearch\"]},{\"@type\":\"Person\",\"@id\":\"https:\/\/www.suno.com.br\/noticias\/#\/schema\/person\/1db762f78ffd8919a648a63e425953e3\",\"name\":\"Juliano Passaro\",\"image\":{\"@type\":\"ImageObject\",\"inLanguage\":\"pt-BR\",\"@id\":\"https:\/\/www.suno.com.br\/noticias\/#\/schema\/person\/image\/\",\"url\":\"https:\/\/secure.gravatar.com\/avatar\/743d4df28eebf6dcc46b4ad03c319e92?s=96&r=g\",\"contentUrl\":\"https:\/\/secure.gravatar.com\/avatar\/743d4df28eebf6dcc46b4ad03c319e92?s=96&r=g\",\"caption\":\"Juliano Passaro\"},\"description\":\"Juliano Passaro escreve sobre pol\u00edtica, economia e neg\u00f3cios para o portal da Suno Research. Antes da Suno, trabalhou no Portal da Band. \u00c9 formado em jornalismo pela Universidade Presbiteriana Mackenzie.\",\"url\":\"https:\/\/www.suno.com.br\/noticias\/author\/juliano\/\"}]}<\/script>\n<!-- \/ Yoast SEO plugin. -->","yoast_head_json":{"title":"Agenda do Dia: Banco Inter; Caixa; WeWork; Banco Pan; Nestl\u00e9","description":"Agenda do Dia: parceria do Banco Inter com a Uber; taxa de cart\u00e3o de cr\u00e9dito da Caixa; WeWork; Banco Pan; Nestl\u00e9. Clique e saiba mais.","robots":{"index":"index","follow":"follow","max-snippet":"max-snippet:-1","max-image-preview":"max-image-preview:large","max-video-preview":"max-video-preview:-1"},"canonical":"https:\/\/www.suno.com.br\/noticias\/agenda-do-dia-banco-inter-caixa-wework-banco-pan-nestle\/","og_locale":"pt_BR","og_type":"article","og_title":"Agenda do Dia: Banco Inter; Caixa; WeWork; Banco Pan; Nestl\u00e9","og_description":"Agenda do Dia: parceria do Banco Inter com a Uber; taxa de cart\u00e3o de cr\u00e9dito da Caixa; WeWork; Banco Pan; Nestl\u00e9. Clique e saiba mais.","og_url":"https:\/\/www.suno.com.br\/noticias\/agenda-do-dia-banco-inter-caixa-wework-banco-pan-nestle\/","og_site_name":"Suno Not\u00edcias","article_publisher":"https:\/\/facebook.com\/sunoresearch","og_image":[{"width":1024,"height":768,"url":"https:\/\/files.sunoresearch.com.br\/n\/uploads\/2019\/04\/0eac3556-banco-inter.jpg","type":"image\/jpeg"}],"author":"Juliano Passaro","twitter_card":"summary_large_image","twitter_creator":"@sunoresearch","twitter_site":"@sunoresearch","twitter_misc":{"Escrito por":"Juliano Passaro","Est. tempo de leitura":"3 minutos"},"schema":{"@context":"https:\/\/schema.org","@graph":[{"@type":"NewsArticle","@id":"https:\/\/www.suno.com.br\/noticias\/agenda-do-dia-banco-inter-caixa-wework-banco-pan-nestle\/#article","isPartOf":{"@id":"https:\/\/www.suno.com.br\/noticias\/agenda-do-dia-banco-inter-caixa-wework-banco-pan-nestle\/"},"author":{"name":"Juliano Passaro","@id":"https:\/\/www.suno.com.br\/noticias\/#\/schema\/person\/1db762f78ffd8919a648a63e425953e3"},"headline":"Agenda do Dia: Banco Inter; Caixa; WeWork; Banco Pan; Nestl\u00e9","datePublished":"2019-10-14T11:50:21+00:00","dateModified":"2021-06-14T03:24:33+00:00","mainEntityOfPage":{"@id":"https:\/\/www.suno.com.br\/noticias\/agenda-do-dia-banco-inter-caixa-wework-banco-pan-nestle\/"},"wordCount":556,"publisher":{"@id":"https:\/\/www.suno.com.br\/noticias\/#organization"},"image":{"@id":"https:\/\/www.suno.com.br\/noticias\/agenda-do-dia-banco-inter-caixa-wework-banco-pan-nestle\/#primaryimage"},"thumbnailUrl":"https:\/\/files.sunoresearch.com.br\/n\/uploads\/2019\/04\/0eac3556-banco-inter-jpg.webp","keywords":["agenda do dia","Banco Inter (BIDI11\/BIDI4\/BIDI3)","Banco Pan (BPAN4)","Nestl\u00e9","WeWork"],"articleSection":["Neg\u00f3cios"],"inLanguage":"pt-BR"},{"@type":"WebPage","@id":"https:\/\/www.suno.com.br\/noticias\/agenda-do-dia-banco-inter-caixa-wework-banco-pan-nestle\/","url":"https:\/\/www.suno.com.br\/noticias\/agenda-do-dia-banco-inter-caixa-wework-banco-pan-nestle\/","name":"Agenda do Dia: Banco Inter; Caixa; WeWork; Banco Pan; Nestl\u00e9","isPartOf":{"@id":"https:\/\/www.suno.com.br\/noticias\/#website"},"primaryImageOfPage":{"@id":"https:\/\/www.suno.com.br\/noticias\/agenda-do-dia-banco-inter-caixa-wework-banco-pan-nestle\/#primaryimage"},"image":{"@id":"https:\/\/www.suno.com.br\/noticias\/agenda-do-dia-banco-inter-caixa-wework-banco-pan-nestle\/#primaryimage"},"thumbnailUrl":"https:\/\/files.sunoresearch.com.br\/n\/uploads\/2019\/04\/0eac3556-banco-inter-jpg.webp","datePublished":"2019-10-14T11:50:21+00:00","dateModified":"2021-06-14T03:24:33+00:00","description":"Agenda do Dia: parceria do Banco Inter com a Uber; taxa de cart\u00e3o de cr\u00e9dito da Caixa; WeWork; Banco Pan; Nestl\u00e9. Clique e saiba mais.","breadcrumb":{"@id":"https:\/\/www.suno.com.br\/noticias\/agenda-do-dia-banco-inter-caixa-wework-banco-pan-nestle\/#breadcrumb"},"inLanguage":"pt-BR","potentialAction":[{"@type":"ReadAction","target":["https:\/\/www.suno.com.br\/noticias\/agenda-do-dia-banco-inter-caixa-wework-banco-pan-nestle\/"]}]},{"@type":"ImageObject","inLanguage":"pt-BR","@id":"https:\/\/www.suno.com.br\/noticias\/agenda-do-dia-banco-inter-caixa-wework-banco-pan-nestle\/#primaryimage","url":"https:\/\/files.sunoresearch.com.br\/n\/uploads\/2019\/04\/0eac3556-banco-inter-jpg.webp","contentUrl":"https:\/\/files.sunoresearch.com.br\/n\/uploads\/2019\/04\/0eac3556-banco-inter-jpg.webp","width":1024,"height":768,"caption":"Banco Inter (BIDI11)"},{"@type":"BreadcrumbList","@id":"https:\/\/www.suno.com.br\/noticias\/agenda-do-dia-banco-inter-caixa-wework-banco-pan-nestle\/#breadcrumb","itemListElement":[{"@type":"ListItem","position":1,"name":"Not\u00edcias","item":"https:\/\/www.suno.com.br\/noticias\/"},{"@type":"ListItem","position":2,"name":"Neg\u00f3cios","item":"https:\/\/www.suno.com.br\/noticias\/negocios\/"},{"@type":"ListItem","position":3,"name":"Agenda do Dia: Banco Inter; Caixa; WeWork; Banco Pan; Nestl\u00e9"}]},{"@type":"WebSite","@id":"https:\/\/www.suno.com.br\/noticias\/#website","url":"https:\/\/www.suno.com.br\/noticias\/","name":"Suno Not\u00edcias","description":"Seu portal de informa\u00e7\u00e3o sobre o mundo dos investimentos","publisher":{"@id":"https:\/\/www.suno.com.br\/noticias\/#organization"},"potentialAction":[{"@type":"SearchAction","target":{"@type":"EntryPoint","urlTemplate":"https:\/\/www.suno.com.br\/noticias\/?s={search_term_string}"},"query-input":{"@type":"PropertyValueSpecification","valueRequired":true,"valueName":"search_term_string"}}],"inLanguage":"pt-BR"},{"@type":"Organization","@id":"https:\/\/www.suno.com.br\/noticias\/#organization","name":"Suno Not\u00edcias","url":"https:\/\/www.suno.com.br\/noticias\/","logo":{"@type":"ImageObject","inLanguage":"pt-BR","@id":"https:\/\/www.suno.com.br\/noticias\/#\/schema\/logo\/image\/","url":"https:\/\/files.sunoresearch.com.br\/n\/uploads\/2021\/09\/suno-logo.png","contentUrl":"https:\/\/files.sunoresearch.com.br\/n\/uploads\/2021\/09\/suno-logo.png","width":180,"height":180,"caption":"Suno Not\u00edcias"},"image":{"@id":"https:\/\/www.suno.com.br\/noticias\/#\/schema\/logo\/image\/"},"sameAs":["https:\/\/facebook.com\/sunoresearch","https:\/\/x.com\/sunoresearch","https:\/\/www.instagram.com\/suno","https:\/\/www.linkedin.com\/company\/suno-research\/","https:\/\/www.youtube.com\/c\/sunoresearch"]},{"@type":"Person","@id":"https:\/\/www.suno.com.br\/noticias\/#\/schema\/person\/1db762f78ffd8919a648a63e425953e3","name":"Juliano Passaro","image":{"@type":"ImageObject","inLanguage":"pt-BR","@id":"https:\/\/www.suno.com.br\/noticias\/#\/schema\/person\/image\/","url":"https:\/\/secure.gravatar.com\/avatar\/743d4df28eebf6dcc46b4ad03c319e92?s=96&r=g","contentUrl":"https:\/\/secure.gravatar.com\/avatar\/743d4df28eebf6dcc46b4ad03c319e92?s=96&r=g","caption":"Juliano Passaro"},"description":"Juliano Passaro escreve sobre pol\u00edtica, economia e neg\u00f3cios para o portal da Suno Research. Antes da Suno, trabalhou no Portal da Band. \u00c9 formado em jornalismo pela Universidade Presbiteriana Mackenzie.","url":"https:\/\/www.suno.com.br\/noticias\/author\/juliano\/"}]}},"default_loop_html":"<div class=\"cardsPage__listCard__boxs\"><div class=\"cardsPage__listCard__boxs__img\"><a href=\"https:\/\/www.suno.com.br\/noticias\/agenda-do-dia-banco-inter-caixa-wework-banco-pan-nestle\/\"><img class=\"mask\" src=\"https:\/\/www.suno.com.br\/noticias\/wp-content\/themes\/suno\/resources\/images\/spotlight\/spotlight1img\/bg-mask.png\" alt=\"Image Mask\"\/><img src=\"https:\/\/files.sunoresearch.com.br\/n\/uploads\/2019\/04\/0eac3556-banco-inter-400x200.webp\" alt=\"Agenda do Dia: Banco Inter; Caixa; WeWork; Banco Pan; Nestl\u00e9\"\/><\/a><span class=\"spotlightCategory\"><a href=\"https:\/\/www.suno.com.br\/noticias\/negocios\/\">Neg\u00f3cios<\/a><\/span><\/div><div class=\"cardsPage__listCard__boxs__content\"><a href=\"https:\/\/www.suno.com.br\/noticias\/agenda-do-dia-banco-inter-caixa-wework-banco-pan-nestle\/\"><h2 class=\"content__title\">Agenda do Dia: Banco Inter; Caixa; WeWork; Banco Pan; Nestl\u00e9<\/h2><\/a><div class=\"newsContent__article__meta\"><div class=\"newsContent__article__meta__authorBox\"><a href=\"https:\/\/www.suno.com.br\/noticias\/author\/juliano\/\" class=\"authorBox__avatar noMobi\"><img src=\"https:\/\/files.sunoresearch.com.br\/n\/uploads\/2019\/06\/7cc3efea-whatsapp-image-2019-07-18-at-21.59.33-e1563499821209-150x150.webp\" alt=\"Juliano Passaro\"><\/a><div class=\"authorBox__name\"><span>por\n\t\t\t<a href=\"https:\/\/www.suno.com.br\/noticias\/author\/juliano\/\"><span itemprop=\"author\">Juliano Passaro<\/span><\/a><\/span><time datetime=\"2019-10-14T08:50:21-03:00\" itemprop=\"datePublished\">14\/10\/2019 08:50<\/time><\/div><\/div><\/div><\/div><\/div>","single_layout":"posts","amp_enabled":true,"_links":{"self":[{"href":"https:\/\/www.suno.com.br\/noticias\/wp-json\/wp\/v2\/posts\/40914"}],"collection":[{"href":"https:\/\/www.suno.com.br\/noticias\/wp-json\/wp\/v2\/posts"}],"about":[{"href":"https:\/\/www.suno.com.br\/noticias\/wp-json\/wp\/v2\/types\/post"}],"author":[{"embeddable":true,"href":"https:\/\/www.suno.com.br\/noticias\/wp-json\/wp\/v2\/users\/19"}],"replies":[{"embeddable":true,"href":"https:\/\/www.suno.com.br\/noticias\/wp-json\/wp\/v2\/comments?post=40914"}],"version-history":[{"count":1,"href":"https:\/\/www.suno.com.br\/noticias\/wp-json\/wp\/v2\/posts\/40914\/revisions"}],"predecessor-version":[{"id":157685,"href":"https:\/\/www.suno.com.br\/noticias\/wp-json\/wp\/v2\/posts\/40914\/revisions\/157685"}],"wp:featuredmedia":[{"embeddable":true,"href":"https:\/\/www.suno.com.br\/noticias\/wp-json\/wp\/v2\/media\/22068"}],"wp:attachment":[{"href":"https:\/\/www.suno.com.br\/noticias\/wp-json\/wp\/v2\/media?parent=40914"}],"wp:term":[{"taxonomy":"category","embeddable":true,"href":"https:\/\/www.suno.com.br\/noticias\/wp-json\/wp\/v2\/categories?post=40914"},{"taxonomy":"post_tag","embeddable":true,"href":"https:\/\/www.suno.com.br\/noticias\/wp-json\/wp\/v2\/tags?post=40914"},{"taxonomy":"suno_strategy","embeddable":true,"href":"https:\/\/www.suno.com.br\/noticias\/wp-json\/wp\/v2\/suno_strategy?post=40914"}],"curies":[{"name":"wp","href":"https:\/\/api.w.org\/{rel}","templated":true}]}}