{"id":408774,"date":"2023-05-24T19:14:26","date_gmt":"2023-05-24T22:14:26","guid":{"rendered":"https:\/\/www.suno.com.br\/noticias\/?p=408774"},"modified":"2023-05-24T20:03:01","modified_gmt":"2023-05-24T23:03:01","slug":"dolar-fecha-queda-arcabouco-fiscal","status":"publish","type":"post","link":"https:\/\/www.suno.com.br\/noticias\/dolar-fecha-queda-arcabouco-fiscal\/","title":{"rendered":"Abaixo de R$ 5: na contram\u00e3o do exterior, d\u00f3lar fecha em queda ap\u00f3s aprova\u00e7\u00e3o do arcabou\u00e7o"},"content":{"rendered":"<p>O <strong>d\u00f3lar<\/strong> \u00e0 vista encerrou a sess\u00e3o desta quarta-feira, 24, em baixa de 0,37%, cotado a R$ 4,9540, na contram\u00e3o do sinal predominante de alta da moeda americana no exterior, em meio \u00e0 <a class=\"suno-keyword\" target=\"_blank\" data-force=\"no\" data-priority=\"1\" href=\"https:\/\/www.suno.com.br\/artigos\/aversao-ao-risco\/\" rel=\"noopener\">avers\u00e3o ao risco<\/a> desencadeada pelo impasse em torno do aumento do teto da d\u00edvida dos EUA. Mais uma vez, houve oscila\u00e7\u00e3o bem contida, de pouco mais de tr\u00eas centavos, entre m\u00e1xima (R$ 4,9678), na abertura, e m\u00ednima (R$ 4,9358), ainda pela manh\u00e3.<\/p>\t<div class=\"wrapper-featured-image\">\n\t\t<figure class=\"spotlightImg\">\n\n\t\t\t<picture>\n\t\t\t\t<source media=\"(max-width: 768px)\" srcset=\"https:\/\/files.sunoresearch.com.br\/n\/uploads\/2023\/05\/cotacao-dolar-400x200.jpg\">\n\t\t\t\t<img loading=\"lazy\" decoding=\"async\" class=\"newsContent__article__imgCapa lazyloadDisabled \" src=\"https:\/\/files.sunoresearch.com.br\/n\/uploads\/2023\/05\/cotacao-dolar-800x450.jpg\" width=\"800\" height=\"450\" alt=\"Abaixo de R$ 5: na contram\u00e3o do exterior, d\u00f3lar fecha em queda ap\u00f3s aprova\u00e7\u00e3o do arcabou\u00e7o\" fetchpriority=high \/>\n\t\t\t<\/picture>\n\n\t\t\t<figcaption class=\"wp-caption-text wp-caption-text--show\">Bancos. Foto: iStock<\/figcaption>\n\t\t<\/figure>\n\t<\/div>\n\n\n\n\n\n\t<p>\n\t\t<a href=\"\" target=\"_blank\" data-element=\"shortcode-suno-banner\" title=\"Banner SUNO, clique e saiba mais\">\n\t\t\t<picture>\n\t\t\t\t<source media=\"(max-width: 500px)\" srcset=\"\">\n\t\t\t\t<img class=\"newsContent__article__imgCapa newsContent__article__imgCapa--banner\"\n\t\t\t\t\tsrc=\"\"\n\t\t\t\t\tdata-promo-id=\"240038\"\t\t\t\t\t\t\t\t\t\t\t\t\t\t\talt=\"\"\n\t\t\t\t>\n\t\t\t<\/picture>\n\t\t<\/a>\n\t<\/p>\n\n\n\n\n\n\n\n<p>Analistas atribu\u00edram o <strong>desempenho do real<\/strong> frente ao d\u00f3lar \u00e0 aprova\u00e7\u00e3o, no fim da noite de ontem, do texto-base do projeto de lei do novo arcabou\u00e7o fiscal na C\u00e2mara dos Deputados por ampla margem (372 votos a favor, 108 contr\u00e1rios e uma absten\u00e7\u00e3o). A perspectiva \u00e9 de que a proposta seja apreciada rapidamente tamb\u00e9m pelo Senado. Embora ainda seja alvo de cr\u00edticas de ala relevante de economistas, por ser ancorado em aumento de receitas, o chamado novo marco fiscal diminui as incertezas sobre a trajet\u00f3ria das contas p\u00fablicas no <a class=\"suno-keyword\" data-force=\"no\" data-priority=\"1\" href=\"https:\/\/www.suno.com.br\/artigos\/curto-prazo\/\" target=\"_blank\" rel=\"noopener\">curto prazo<\/a>.<\/p>\n\n\n\n<p>&#8220;O <strong>mercado do d\u00f3lar<\/strong> recebeu bem a vota\u00e7\u00e3o favor\u00e1vel ao arcabou\u00e7o com um n\u00famero de votos ainda superior ao de aprova\u00e7\u00e3o da urg\u00eancia da mat\u00e9ria&#8221;, afirma Bruno Martins, s\u00f3cio e gestor da Armor Capital. &#8220;A boa performance do peso mexicano, principal par do real, tamb\u00e9m ajudou. No entanto, seguimos nesse &#8216;range&#8217; entre R$ 4,95 e R$ 5,00&#8221;.<\/p>\n\n\n\n<p>Dados divulgados pelo Banco Central hoje \u00e0 tarde mostram que o apetite por ativos dom\u00e9sticos segue baixo. Em maio, at\u00e9 dia 19, o <a class=\"suno-keyword\" target=\"_blank\" data-force=\"no\" data-priority=\"1\" href=\"https:\/\/www.suno.com.br\/artigos\/fluxo-cambial\/\" rel=\"noopener\">fluxo cambial<\/a> \u00e9 negativo em US$ 3,151 bilh\u00f5es, gra\u00e7as a sa\u00eddas l\u00edquidas de US$ 5,446 bilh\u00f5es pelo canal financeiro. Pelo com\u00e9rcio exterior, houve entrada l\u00edquida de US$ 2,296 bilh\u00f5es.<\/p>\n\n\n\n<p>O texto final do relator do arcabou\u00e7o, deputado Cl\u00e1udio Cajado (PP-BA), trouxe ajuste de reda\u00e7\u00e3o, condicionando o aumento de gastos no ano que vem ao crescimento da receita. Na vers\u00e3o original do relat\u00f3rio, o crescimento real da despesa seria de 2,5%, o m\u00e1ximo permitido pela nova regra &#8211; o que, segundo c\u00e1lculos de economistas, abriria brecha para amplia\u00e7\u00e3o de R$ 80 bilh\u00f5es em gastos nos pr\u00f3ximos dois anos. Com a mudan\u00e7a no texto, o limite de despesas para 2024 ser\u00e1 calculado com base na varia\u00e7\u00e3o de 70% da receita acumulada em meses at\u00e9 junho deste ano.<\/p>\n\n\n\n<p>&#8220;O arcabou\u00e7o fiscal trouxe um bom humor ao mercado local. Esse pacote agrada e deve funcionar no <a class=\"suno-keyword\" target=\"_blank\" data-force=\"no\" data-priority=\"1\" href=\"https:\/\/www.suno.com.br\/artigos\/curto-prazo\/\" rel=\"noopener\">curto prazo<\/a>. Os problemas ficam mais para 2026 e 2027&#8243;, afirma o CIO da Alphatree Capital, Rodrigo Jolig, para quem a quest\u00e3o fiscal deve agora ficar em segundo plano. &#8220;O real ainda \u00e9 o melhor ativo para ter no Brasil e deve seguir se apreciando&#8221;.<\/p>\n\n\n\t<p>\n\t\t<a href=\"https:\/\/lp.suno.com.br\/ebook-gratuito-investindo-no-exterior\/\" target=\"_blank\" data-element=\"shortcode-suno-banner\" title=\"Banner SUNO, clique e saiba mais\">\n\t\t\t<picture>\n\t\t\t\t<source media=\"(max-width: 500px)\" srcset=\"https:\/\/files.sunoresearch.com.br\/n\/uploads\/2023\/03\/400x300-Investindo-no-exterior.png\">\n\t\t\t\t<img class=\"newsContent__article__imgCapa newsContent__article__imgCapa--banner\"\n\t\t\t\t\tsrc=\"https:\/\/files.sunoresearch.com.br\/n\/uploads\/2023\/03\/1420x240-Investindo-no-exterior.png\"\n\t\t\t\t\tdata-promo-id=\"383161\"\t\t\t\t\t\t\t\t\t\twidth='1420' height='240'\t\t\t\t\talt=\"https:\/\/files.sunoresearch.com.br\/n\/uploads\/2023\/03\/1420x240-Investindo-no-exterior.png\"\n\t\t\t\t>\n\t\t\t<\/picture>\n\t\t<\/a>\n\t<\/p>\n\n\n\n\n\n<h2 class=\"wp-block-heading\">D\u00f3lar e ata do Fed<\/h2>\n\n\n\n<p>Divulgada \u00e0 tarde, a ata do encontro de <a class=\"suno-keyword\" target=\"_blank\" data-force=\"no\" data-priority=\"1\" href=\"https:\/\/www.suno.com.br\/artigos\/politica-monetaria\/\" rel=\"noopener\">pol\u00edtica monet\u00e1ria<\/a> do Federal Reserve em maio n\u00e3o trouxe surpresas. Houve alertas para a lentid\u00e3o do processo de desinfla\u00e7\u00e3o. H\u00e1 d\u00favidas, contudo, sobre o n\u00edvel apropriado da extens\u00e3o do processo de alta de juros. Mais uma vez, o BC americano reiterou que n\u00e3o v\u00ea espa\u00e7o para queda da taxa neste ano. Ferramenta da CME mostra que, ap\u00f3s a divulga\u00e7\u00e3o da ata, as chances de manuten\u00e7\u00e3o dos <a class=\"suno-keyword\" target=\"_blank\" data-force=\"no\" data-priority=\"1\" href=\"https:\/\/www.suno.com.br\/artigos\/fed-funds\/\" rel=\"noopener\">Fed Funds<\/a> em junho voltaram a superar 70%.<\/p>\n\n\n\n<p>O economista-chefe do Banco Fibra, Marco Maciel, observa que o estresse com o teto da d\u00edvida nos EUA provocou uma alta das taxas dos Treasuries e do<strong> d\u00f3lar<\/strong> em rela\u00e7\u00e3o a divisas emergentes nas \u00faltimas semanas. &#8220;Mas o real manteve-se relativamente valorizado na vizinhan\u00e7a de R$ 4,95, bem abaixo do <a class=\"suno-keyword\" target=\"_blank\" data-force=\"no\" data-priority=\"1\" href=\"https:\/\/www.suno.com.br\/artigos\/valor-justo\/\" rel=\"noopener\">valor justo<\/a> de R$ 5,05 que calculamos para o curto prazo&#8221;, afirma, em relat\u00f3rio, Maciel, que v\u00ea a queda da volatilidade da taxa de c\u00e2mbio e a aprecia\u00e7\u00e3o do real como reflexos do otimismo com o arcabou\u00e7o fiscal, mesmo &#8220;aqu\u00e9m dos modelos ideais&#8221;.<\/p>\n\n\n\n<p><em>Com Estad\u00e3o Conte\u00fado<\/em><\/p>\n\n\n\t<p>\n\t\t<a href=\"https:\/\/lp.suno.com.br\/suno-one\/?utm_campaign=_SNC6964518A_\" target=\"_blank\" data-element=\"shortcode-suno-banner\" title=\"Banner SUNO, clique e saiba mais\">\n\t\t\t<picture>\n\t\t\t\t<source media=\"(max-width: 500px)\" srcset=\"https:\/\/files.sunoresearch.com.br\/n\/uploads\/2025\/09\/400x300-Suno-One-png.webp\">\n\t\t\t\t<img class=\"newsContent__article__imgCapa newsContent__article__imgCapa--banner\"\n\t\t\t\t\tsrc=\"https:\/\/files.sunoresearch.com.br\/n\/uploads\/2025\/09\/1420x240-Suno-One-png.webp\"\n\t\t\t\t\tdata-promo-id=\"383121\"\t\t\t\t\t\t\t\t\t\twidth='1420' height='240'\t\t\t\t\talt=\"https:\/\/files.sunoresearch.com.br\/n\/uploads\/2025\/09\/1420x240-Suno-One-png.webp\"\n\t\t\t\t>\n\t\t\t<\/picture>\n\t\t<\/a>\n\t<\/p>\n\n\n","protected":false},"excerpt":{"rendered":"<p>O d\u00f3lar \u00e0 vista encerrou a sess\u00e3o desta quarta-feira, 24, em baixa de 0,37%, cotado a R$ 4,9540, na contram\u00e3o do sinal predominante de alta da moeda americana no exterior, em meio \u00e0 avers\u00e3o ao risco desencadeada pelo impasse em torno do aumento do teto da d\u00edvida dos EUA. Mais uma vez, houve oscila\u00e7\u00e3o bem [&hellip;]<\/p>\n","protected":false},"author":43,"featured_media":408459,"comment_status":"closed","ping_status":"closed","sticky":false,"template":"","format":"standard","meta":[],"categories":[60],"tags":[326],"suno_strategy":[],"class_list":["post-408774","post","type-post","status-publish","format-standard","has-post-thumbnail","hentry","category-mercado","tag-dolar"],"yoast_head":"<!-- This site is optimized with the Yoast SEO plugin v24.4 - https:\/\/yoast.com\/wordpress\/plugins\/seo\/ -->\n<title>D\u00f3lar fecha em queda ap\u00f3s aprova\u00e7\u00e3o do arcabou\u00e7o<\/title>\n<meta name=\"description\" content=\"O d\u00f3lar encerrou a sess\u00e3o desta quart em baixa de 0,37%, cotado a R$ 4,9540, na contram\u00e3o da alta da moeda americana no exterior\" \/>\n<meta name=\"robots\" content=\"index, follow, max-snippet:-1, max-image-preview:large, max-video-preview:-1\" \/>\n<link rel=\"canonical\" href=\"https:\/\/www.suno.com.br\/noticias\/dolar-fecha-queda-arcabouco-fiscal\/\" \/>\n<meta property=\"og:locale\" content=\"pt_BR\" \/>\n<meta property=\"og:type\" content=\"article\" \/>\n<meta property=\"og:title\" content=\"D\u00f3lar fecha em queda ap\u00f3s aprova\u00e7\u00e3o do arcabou\u00e7o\" \/>\n<meta property=\"og:description\" content=\"O d\u00f3lar encerrou a sess\u00e3o desta quart em baixa de 0,37%, cotado a R$ 4,9540, na contram\u00e3o da alta da moeda americana no exterior\" \/>\n<meta property=\"og:url\" content=\"https:\/\/www.suno.com.br\/noticias\/dolar-fecha-queda-arcabouco-fiscal\/\" \/>\n<meta property=\"og:site_name\" content=\"Suno Not\u00edcias\" \/>\n<meta property=\"article:publisher\" content=\"https:\/\/facebook.com\/sunoresearch\" \/>\n<meta property=\"article:author\" content=\"https:\/\/www.facebook.com\/sunonoticias\/\" \/>\n<meta property=\"og:image\" content=\"https:\/\/files.sunoresearch.com.br\/n\/uploads\/2023\/05\/cotacao-dolar.jpg\" \/>\n\t<meta property=\"og:image:width\" content=\"1200\" \/>\n\t<meta property=\"og:image:height\" content=\"800\" \/>\n\t<meta property=\"og:image:type\" content=\"image\/jpeg\" \/>\n<meta name=\"author\" content=\"Reda\u00e7\u00e3o Suno Not\u00edcias\" \/>\n<meta name=\"twitter:card\" content=\"summary_large_image\" \/>\n<meta name=\"twitter:creator\" content=\"@https:\/\/twitter.com\/sunoresearch\" \/>\n<meta name=\"twitter:site\" content=\"@sunoresearch\" \/>\n<meta name=\"twitter:label1\" content=\"Escrito por\" \/>\n\t<meta name=\"twitter:data1\" content=\"Reda\u00e7\u00e3o Suno Not\u00edcias\" \/>\n\t<meta name=\"twitter:label2\" content=\"Est. tempo de leitura\" \/>\n\t<meta name=\"twitter:data2\" content=\"4 minutos\" \/>\n<script type=\"application\/ld+json\" class=\"yoast-schema-graph\">{\"@context\":\"https:\/\/schema.org\",\"@graph\":[{\"@type\":\"NewsArticle\",\"@id\":\"https:\/\/www.suno.com.br\/noticias\/dolar-fecha-queda-arcabouco-fiscal\/#article\",\"isPartOf\":{\"@id\":\"https:\/\/www.suno.com.br\/noticias\/dolar-fecha-queda-arcabouco-fiscal\/\"},\"author\":{\"name\":\"Reda\u00e7\u00e3o Suno Not\u00edcias\",\"@id\":\"https:\/\/www.suno.com.br\/noticias\/#\/schema\/person\/c1b1bd3727fa852bd045e9dbff3673ea\"},\"headline\":\"Abaixo de R$ 5: na contram\u00e3o do exterior, d\u00f3lar fecha em queda ap\u00f3s aprova\u00e7\u00e3o do arcabou\u00e7o\",\"datePublished\":\"2023-05-24T22:14:26+00:00\",\"dateModified\":\"2023-05-24T23:03:01+00:00\",\"mainEntityOfPage\":{\"@id\":\"https:\/\/www.suno.com.br\/noticias\/dolar-fecha-queda-arcabouco-fiscal\/\"},\"wordCount\":693,\"publisher\":{\"@id\":\"https:\/\/www.suno.com.br\/noticias\/#organization\"},\"image\":{\"@id\":\"https:\/\/www.suno.com.br\/noticias\/dolar-fecha-queda-arcabouco-fiscal\/#primaryimage\"},\"thumbnailUrl\":\"https:\/\/files.sunoresearch.com.br\/n\/uploads\/2023\/05\/cotacao-dolar.jpg\",\"keywords\":[\"d\u00f3lar\"],\"articleSection\":[\"Mercado\"],\"inLanguage\":\"pt-BR\"},{\"@type\":\"WebPage\",\"@id\":\"https:\/\/www.suno.com.br\/noticias\/dolar-fecha-queda-arcabouco-fiscal\/\",\"url\":\"https:\/\/www.suno.com.br\/noticias\/dolar-fecha-queda-arcabouco-fiscal\/\",\"name\":\"D\u00f3lar fecha em queda ap\u00f3s aprova\u00e7\u00e3o do arcabou\u00e7o\",\"isPartOf\":{\"@id\":\"https:\/\/www.suno.com.br\/noticias\/#website\"},\"primaryImageOfPage\":{\"@id\":\"https:\/\/www.suno.com.br\/noticias\/dolar-fecha-queda-arcabouco-fiscal\/#primaryimage\"},\"image\":{\"@id\":\"https:\/\/www.suno.com.br\/noticias\/dolar-fecha-queda-arcabouco-fiscal\/#primaryimage\"},\"thumbnailUrl\":\"https:\/\/files.sunoresearch.com.br\/n\/uploads\/2023\/05\/cotacao-dolar.jpg\",\"datePublished\":\"2023-05-24T22:14:26+00:00\",\"dateModified\":\"2023-05-24T23:03:01+00:00\",\"description\":\"O d\u00f3lar encerrou a sess\u00e3o desta quart em baixa de 0,37%, cotado a R$ 4,9540, na contram\u00e3o da alta da moeda americana no exterior\",\"breadcrumb\":{\"@id\":\"https:\/\/www.suno.com.br\/noticias\/dolar-fecha-queda-arcabouco-fiscal\/#breadcrumb\"},\"inLanguage\":\"pt-BR\",\"potentialAction\":[{\"@type\":\"ReadAction\",\"target\":[\"https:\/\/www.suno.com.br\/noticias\/dolar-fecha-queda-arcabouco-fiscal\/\"]}]},{\"@type\":\"ImageObject\",\"inLanguage\":\"pt-BR\",\"@id\":\"https:\/\/www.suno.com.br\/noticias\/dolar-fecha-queda-arcabouco-fiscal\/#primaryimage\",\"url\":\"https:\/\/files.sunoresearch.com.br\/n\/uploads\/2023\/05\/cotacao-dolar.jpg\",\"contentUrl\":\"https:\/\/files.sunoresearch.com.br\/n\/uploads\/2023\/05\/cotacao-dolar.jpg\",\"width\":1200,\"height\":800,\"caption\":\"Bancos. Foto: iStock\"},{\"@type\":\"BreadcrumbList\",\"@id\":\"https:\/\/www.suno.com.br\/noticias\/dolar-fecha-queda-arcabouco-fiscal\/#breadcrumb\",\"itemListElement\":[{\"@type\":\"ListItem\",\"position\":1,\"name\":\"Not\u00edcias\",\"item\":\"https:\/\/www.suno.com.br\/noticias\/\"},{\"@type\":\"ListItem\",\"position\":2,\"name\":\"Mercado\",\"item\":\"https:\/\/www.suno.com.br\/noticias\/mercado\/\"},{\"@type\":\"ListItem\",\"position\":3,\"name\":\"Abaixo de R$ 5: na contram\u00e3o do exterior, d\u00f3lar fecha em queda ap\u00f3s aprova\u00e7\u00e3o do arcabou\u00e7o\"}]},{\"@type\":\"WebSite\",\"@id\":\"https:\/\/www.suno.com.br\/noticias\/#website\",\"url\":\"https:\/\/www.suno.com.br\/noticias\/\",\"name\":\"Suno Not\u00edcias\",\"description\":\"Seu portal de informa\u00e7\u00e3o sobre o mundo dos investimentos\",\"publisher\":{\"@id\":\"https:\/\/www.suno.com.br\/noticias\/#organization\"},\"potentialAction\":[{\"@type\":\"SearchAction\",\"target\":{\"@type\":\"EntryPoint\",\"urlTemplate\":\"https:\/\/www.suno.com.br\/noticias\/?s={search_term_string}\"},\"query-input\":{\"@type\":\"PropertyValueSpecification\",\"valueRequired\":true,\"valueName\":\"search_term_string\"}}],\"inLanguage\":\"pt-BR\"},{\"@type\":\"Organization\",\"@id\":\"https:\/\/www.suno.com.br\/noticias\/#organization\",\"name\":\"Suno Not\u00edcias\",\"url\":\"https:\/\/www.suno.com.br\/noticias\/\",\"logo\":{\"@type\":\"ImageObject\",\"inLanguage\":\"pt-BR\",\"@id\":\"https:\/\/www.suno.com.br\/noticias\/#\/schema\/logo\/image\/\",\"url\":\"https:\/\/files.sunoresearch.com.br\/n\/uploads\/2021\/09\/suno-logo.png\",\"contentUrl\":\"https:\/\/files.sunoresearch.com.br\/n\/uploads\/2021\/09\/suno-logo.png\",\"width\":180,\"height\":180,\"caption\":\"Suno Not\u00edcias\"},\"image\":{\"@id\":\"https:\/\/www.suno.com.br\/noticias\/#\/schema\/logo\/image\/\"},\"sameAs\":[\"https:\/\/facebook.com\/sunoresearch\",\"https:\/\/x.com\/sunoresearch\",\"https:\/\/www.instagram.com\/suno\",\"https:\/\/www.linkedin.com\/company\/suno-research\/\",\"https:\/\/www.youtube.com\/c\/sunoresearch\"]},{\"@type\":\"Person\",\"@id\":\"https:\/\/www.suno.com.br\/noticias\/#\/schema\/person\/c1b1bd3727fa852bd045e9dbff3673ea\",\"name\":\"Reda\u00e7\u00e3o Suno Not\u00edcias\",\"image\":{\"@type\":\"ImageObject\",\"inLanguage\":\"pt-BR\",\"@id\":\"https:\/\/www.suno.com.br\/noticias\/#\/schema\/person\/image\/\",\"url\":\"https:\/\/secure.gravatar.com\/avatar\/b8104b9b5a71985d5238ee59fbe418af?s=96&r=g\",\"contentUrl\":\"https:\/\/secure.gravatar.com\/avatar\/b8104b9b5a71985d5238ee59fbe418af?s=96&r=g\",\"caption\":\"Reda\u00e7\u00e3o Suno Not\u00edcias\"},\"description\":\"O Suno Not\u00edcias \u00e9 um portal de informa\u00e7\u00f5es sobre Mercado Financeiro, Pol\u00edtica, Neg\u00f3cios, Economia e Finan\u00e7as Pessoais.\",\"sameAs\":[\"https:\/\/www.suno.com.br\/noticias\",\"https:\/\/www.facebook.com\/sunonoticias\/\",\"https:\/\/www.instagram.com\/sunonoticias\/\",\"https:\/\/x.com\/https:\/\/twitter.com\/sunoresearch\",\"https:\/\/www.youtube.com\/sunonoticias\"],\"url\":\"https:\/\/www.suno.com.br\/noticias\/author\/redacao-suno\/\"}]}<\/script>\n<!-- \/ Yoast SEO plugin. -->","yoast_head_json":{"title":"D\u00f3lar fecha em queda ap\u00f3s aprova\u00e7\u00e3o do arcabou\u00e7o","description":"O d\u00f3lar encerrou a sess\u00e3o desta quart em baixa de 0,37%, cotado a R$ 4,9540, na contram\u00e3o da alta da moeda americana no exterior","robots":{"index":"index","follow":"follow","max-snippet":"max-snippet:-1","max-image-preview":"max-image-preview:large","max-video-preview":"max-video-preview:-1"},"canonical":"https:\/\/www.suno.com.br\/noticias\/dolar-fecha-queda-arcabouco-fiscal\/","og_locale":"pt_BR","og_type":"article","og_title":"D\u00f3lar fecha em queda ap\u00f3s aprova\u00e7\u00e3o do arcabou\u00e7o","og_description":"O d\u00f3lar encerrou a sess\u00e3o desta quart em baixa de 0,37%, cotado a R$ 4,9540, na contram\u00e3o da alta da moeda americana no exterior","og_url":"https:\/\/www.suno.com.br\/noticias\/dolar-fecha-queda-arcabouco-fiscal\/","og_site_name":"Suno Not\u00edcias","article_publisher":"https:\/\/facebook.com\/sunoresearch","article_author":"https:\/\/www.facebook.com\/sunonoticias\/","og_image":[{"width":1200,"height":800,"url":"https:\/\/files.sunoresearch.com.br\/n\/uploads\/2023\/05\/cotacao-dolar.jpg","type":"image\/jpeg"}],"author":"Reda\u00e7\u00e3o Suno Not\u00edcias","twitter_card":"summary_large_image","twitter_creator":"@https:\/\/twitter.com\/sunoresearch","twitter_site":"@sunoresearch","twitter_misc":{"Escrito por":"Reda\u00e7\u00e3o Suno Not\u00edcias","Est. tempo de leitura":"4 minutos"},"schema":{"@context":"https:\/\/schema.org","@graph":[{"@type":"NewsArticle","@id":"https:\/\/www.suno.com.br\/noticias\/dolar-fecha-queda-arcabouco-fiscal\/#article","isPartOf":{"@id":"https:\/\/www.suno.com.br\/noticias\/dolar-fecha-queda-arcabouco-fiscal\/"},"author":{"name":"Reda\u00e7\u00e3o Suno Not\u00edcias","@id":"https:\/\/www.suno.com.br\/noticias\/#\/schema\/person\/c1b1bd3727fa852bd045e9dbff3673ea"},"headline":"Abaixo de R$ 5: na contram\u00e3o do exterior, d\u00f3lar fecha em queda ap\u00f3s aprova\u00e7\u00e3o do arcabou\u00e7o","datePublished":"2023-05-24T22:14:26+00:00","dateModified":"2023-05-24T23:03:01+00:00","mainEntityOfPage":{"@id":"https:\/\/www.suno.com.br\/noticias\/dolar-fecha-queda-arcabouco-fiscal\/"},"wordCount":693,"publisher":{"@id":"https:\/\/www.suno.com.br\/noticias\/#organization"},"image":{"@id":"https:\/\/www.suno.com.br\/noticias\/dolar-fecha-queda-arcabouco-fiscal\/#primaryimage"},"thumbnailUrl":"https:\/\/files.sunoresearch.com.br\/n\/uploads\/2023\/05\/cotacao-dolar.jpg","keywords":["d\u00f3lar"],"articleSection":["Mercado"],"inLanguage":"pt-BR"},{"@type":"WebPage","@id":"https:\/\/www.suno.com.br\/noticias\/dolar-fecha-queda-arcabouco-fiscal\/","url":"https:\/\/www.suno.com.br\/noticias\/dolar-fecha-queda-arcabouco-fiscal\/","name":"D\u00f3lar fecha em queda ap\u00f3s aprova\u00e7\u00e3o do arcabou\u00e7o","isPartOf":{"@id":"https:\/\/www.suno.com.br\/noticias\/#website"},"primaryImageOfPage":{"@id":"https:\/\/www.suno.com.br\/noticias\/dolar-fecha-queda-arcabouco-fiscal\/#primaryimage"},"image":{"@id":"https:\/\/www.suno.com.br\/noticias\/dolar-fecha-queda-arcabouco-fiscal\/#primaryimage"},"thumbnailUrl":"https:\/\/files.sunoresearch.com.br\/n\/uploads\/2023\/05\/cotacao-dolar.jpg","datePublished":"2023-05-24T22:14:26+00:00","dateModified":"2023-05-24T23:03:01+00:00","description":"O d\u00f3lar encerrou a sess\u00e3o desta quart em baixa de 0,37%, cotado a R$ 4,9540, na contram\u00e3o da alta da moeda americana no exterior","breadcrumb":{"@id":"https:\/\/www.suno.com.br\/noticias\/dolar-fecha-queda-arcabouco-fiscal\/#breadcrumb"},"inLanguage":"pt-BR","potentialAction":[{"@type":"ReadAction","target":["https:\/\/www.suno.com.br\/noticias\/dolar-fecha-queda-arcabouco-fiscal\/"]}]},{"@type":"ImageObject","inLanguage":"pt-BR","@id":"https:\/\/www.suno.com.br\/noticias\/dolar-fecha-queda-arcabouco-fiscal\/#primaryimage","url":"https:\/\/files.sunoresearch.com.br\/n\/uploads\/2023\/05\/cotacao-dolar.jpg","contentUrl":"https:\/\/files.sunoresearch.com.br\/n\/uploads\/2023\/05\/cotacao-dolar.jpg","width":1200,"height":800,"caption":"Bancos. Foto: iStock"},{"@type":"BreadcrumbList","@id":"https:\/\/www.suno.com.br\/noticias\/dolar-fecha-queda-arcabouco-fiscal\/#breadcrumb","itemListElement":[{"@type":"ListItem","position":1,"name":"Not\u00edcias","item":"https:\/\/www.suno.com.br\/noticias\/"},{"@type":"ListItem","position":2,"name":"Mercado","item":"https:\/\/www.suno.com.br\/noticias\/mercado\/"},{"@type":"ListItem","position":3,"name":"Abaixo de R$ 5: na contram\u00e3o do exterior, d\u00f3lar fecha em queda ap\u00f3s aprova\u00e7\u00e3o do arcabou\u00e7o"}]},{"@type":"WebSite","@id":"https:\/\/www.suno.com.br\/noticias\/#website","url":"https:\/\/www.suno.com.br\/noticias\/","name":"Suno Not\u00edcias","description":"Seu portal de informa\u00e7\u00e3o sobre o mundo dos investimentos","publisher":{"@id":"https:\/\/www.suno.com.br\/noticias\/#organization"},"potentialAction":[{"@type":"SearchAction","target":{"@type":"EntryPoint","urlTemplate":"https:\/\/www.suno.com.br\/noticias\/?s={search_term_string}"},"query-input":{"@type":"PropertyValueSpecification","valueRequired":true,"valueName":"search_term_string"}}],"inLanguage":"pt-BR"},{"@type":"Organization","@id":"https:\/\/www.suno.com.br\/noticias\/#organization","name":"Suno Not\u00edcias","url":"https:\/\/www.suno.com.br\/noticias\/","logo":{"@type":"ImageObject","inLanguage":"pt-BR","@id":"https:\/\/www.suno.com.br\/noticias\/#\/schema\/logo\/image\/","url":"https:\/\/files.sunoresearch.com.br\/n\/uploads\/2021\/09\/suno-logo.png","contentUrl":"https:\/\/files.sunoresearch.com.br\/n\/uploads\/2021\/09\/suno-logo.png","width":180,"height":180,"caption":"Suno Not\u00edcias"},"image":{"@id":"https:\/\/www.suno.com.br\/noticias\/#\/schema\/logo\/image\/"},"sameAs":["https:\/\/facebook.com\/sunoresearch","https:\/\/x.com\/sunoresearch","https:\/\/www.instagram.com\/suno","https:\/\/www.linkedin.com\/company\/suno-research\/","https:\/\/www.youtube.com\/c\/sunoresearch"]},{"@type":"Person","@id":"https:\/\/www.suno.com.br\/noticias\/#\/schema\/person\/c1b1bd3727fa852bd045e9dbff3673ea","name":"Reda\u00e7\u00e3o Suno Not\u00edcias","image":{"@type":"ImageObject","inLanguage":"pt-BR","@id":"https:\/\/www.suno.com.br\/noticias\/#\/schema\/person\/image\/","url":"https:\/\/secure.gravatar.com\/avatar\/b8104b9b5a71985d5238ee59fbe418af?s=96&r=g","contentUrl":"https:\/\/secure.gravatar.com\/avatar\/b8104b9b5a71985d5238ee59fbe418af?s=96&r=g","caption":"Reda\u00e7\u00e3o Suno Not\u00edcias"},"description":"O Suno Not\u00edcias \u00e9 um portal de informa\u00e7\u00f5es sobre Mercado Financeiro, Pol\u00edtica, Neg\u00f3cios, Economia e Finan\u00e7as Pessoais.","sameAs":["https:\/\/www.suno.com.br\/noticias","https:\/\/www.facebook.com\/sunonoticias\/","https:\/\/www.instagram.com\/sunonoticias\/","https:\/\/x.com\/https:\/\/twitter.com\/sunoresearch","https:\/\/www.youtube.com\/sunonoticias"],"url":"https:\/\/www.suno.com.br\/noticias\/author\/redacao-suno\/"}]}},"default_loop_html":"<div class=\"cardsPage__listCard__boxs\"><div class=\"cardsPage__listCard__boxs__img\"><a href=\"https:\/\/www.suno.com.br\/noticias\/dolar-fecha-queda-arcabouco-fiscal\/\"><img class=\"mask\" src=\"https:\/\/www.suno.com.br\/noticias\/wp-content\/themes\/suno\/resources\/images\/spotlight\/spotlight1img\/bg-mask.png\" alt=\"Image Mask\"\/><img src=\"https:\/\/files.sunoresearch.com.br\/n\/uploads\/2023\/05\/cotacao-dolar-400x200.jpg\" alt=\"Abaixo de R$ 5: na contram\u00e3o do exterior, d\u00f3lar fecha em queda ap\u00f3s aprova\u00e7\u00e3o do arcabou\u00e7o\"\/><\/a><span class=\"spotlightCategory\"><a href=\"https:\/\/www.suno.com.br\/noticias\/mercado\/\">Mercado<\/a><\/span><\/div><div class=\"cardsPage__listCard__boxs__content\"><a href=\"https:\/\/www.suno.com.br\/noticias\/dolar-fecha-queda-arcabouco-fiscal\/\"><h2 class=\"content__title\">Abaixo de R$ 5: na contram\u00e3o do exterior, d\u00f3lar fecha em queda ap\u00f3s aprova\u00e7\u00e3o do arcabou\u00e7o<\/h2><\/a><div class=\"newsContent__article__meta\"><div class=\"newsContent__article__meta__authorBox\"><a href=\"https:\/\/www.suno.com.br\/noticias\/author\/redacao-suno\/\" class=\"authorBox__avatar noMobi\"><img src=\"https:\/\/files.sunoresearch.com.br\/n\/uploads\/2020\/08\/0ace682d-redacao-1-150x150.webp\" alt=\"Reda\u00e7\u00e3o Suno Not\u00edcias\"><\/a><div class=\"authorBox__name\"><span>por\n\t\t\t<a href=\"https:\/\/www.suno.com.br\/noticias\/author\/redacao-suno\/\"><span itemprop=\"author\">Reda\u00e7\u00e3o Suno Not\u00edcias<\/span><\/a><\/span><time datetime=\"2023-05-24T19:14:26-03:00\" itemprop=\"datePublished\">24\/05\/2023 19:14<\/time><\/div><\/div><\/div><\/div><\/div>","single_layout":"posts","amp_enabled":true,"_links":{"self":[{"href":"https:\/\/www.suno.com.br\/noticias\/wp-json\/wp\/v2\/posts\/408774"}],"collection":[{"href":"https:\/\/www.suno.com.br\/noticias\/wp-json\/wp\/v2\/posts"}],"about":[{"href":"https:\/\/www.suno.com.br\/noticias\/wp-json\/wp\/v2\/types\/post"}],"author":[{"embeddable":true,"href":"https:\/\/www.suno.com.br\/noticias\/wp-json\/wp\/v2\/users\/43"}],"replies":[{"embeddable":true,"href":"https:\/\/www.suno.com.br\/noticias\/wp-json\/wp\/v2\/comments?post=408774"}],"version-history":[{"count":3,"href":"https:\/\/www.suno.com.br\/noticias\/wp-json\/wp\/v2\/posts\/408774\/revisions"}],"predecessor-version":[{"id":408814,"href":"https:\/\/www.suno.com.br\/noticias\/wp-json\/wp\/v2\/posts\/408774\/revisions\/408814"}],"wp:featuredmedia":[{"embeddable":true,"href":"https:\/\/www.suno.com.br\/noticias\/wp-json\/wp\/v2\/media\/408459"}],"wp:attachment":[{"href":"https:\/\/www.suno.com.br\/noticias\/wp-json\/wp\/v2\/media?parent=408774"}],"wp:term":[{"taxonomy":"category","embeddable":true,"href":"https:\/\/www.suno.com.br\/noticias\/wp-json\/wp\/v2\/categories?post=408774"},{"taxonomy":"post_tag","embeddable":true,"href":"https:\/\/www.suno.com.br\/noticias\/wp-json\/wp\/v2\/tags?post=408774"},{"taxonomy":"suno_strategy","embeddable":true,"href":"https:\/\/www.suno.com.br\/noticias\/wp-json\/wp\/v2\/suno_strategy?post=408774"}],"curies":[{"name":"wp","href":"https:\/\/api.w.org\/{rel}","templated":true}]}}