{"id":40863,"date":"2019-10-12T11:30:59","date_gmt":"2019-10-12T14:30:59","guid":{"rendered":"https:\/\/www.suno.com.br\/noticias\/?p=40863"},"modified":"2019-10-12T15:20:41","modified_gmt":"2019-10-12T18:20:41","slug":"resumo-semana-ibovespa-12102019","status":"publish","type":"post","link":"https:\/\/www.suno.com.br\/noticias\/resumo-semana-ibovespa-12102019\/","title":{"rendered":"Ibovespa tem semana em alta de 1,98% ap\u00f3s guerra comercial"},"content":{"rendered":"<p>O <a href=\"https:\/\/www.youtube.com\/watch?v=DiXuBKAW7yY\">Ibovespa<\/a> fechou a semana em alta de 1,98% com crescimento de 2.014,79 pontos. Um resultado positivo marcado por not\u00edcias relacionadas \u00e0 <strong>guerra comercial<\/strong>, assim como ao IPO da Vivara e a sinais que o governo federal privatizar\u00e1 a Eletrobras.<\/p>\t<div class=\"wrapper-featured-image\">\n\t\t<figure class=\"spotlightImg\">\n\n\t\t\t<picture>\n\t\t\t\t<source media=\"(max-width: 768px)\" srcset=\"https:\/\/files.sunoresearch.com.br\/n\/uploads\/2019\/01\/202c40f8-bolsa-valores-na-china2-400x200.webp\">\n\t\t\t\t<img loading=\"lazy\" decoding=\"async\" class=\"newsContent__article__imgCapa lazyloadDisabled newsContent__article__imgCapa--noCaption\" src=\"https:\/\/files.sunoresearch.com.br\/n\/uploads\/2019\/01\/202c40f8-bolsa-valores-na-china2-800x450.webp\" width=\"800\" height=\"450\" alt=\"Ibovespa tem semana em alta de 1,98% ap\u00f3s guerra comercial\" fetchpriority=high \/>\n\t\t\t<\/picture>\n\n\t\t\t<figcaption class=\"wp-caption-text wp-caption-text--hide\">Investimentos na \u00c1sia podem ser op\u00e7\u00e3o de diversifica\u00e7\u00e3o na pandemia<\/figcaption>\n\t\t<\/figure>\n\t<\/div>\n\n\n\n<p>Durante a semana, o <strong>Ibovespa<\/strong> apresentou forte varia\u00e7\u00e3o, como por exemplo nos dois primeiros dias da semana, onde caiu quase 2% e fechou abaixo dos 100 mil pontos.<\/p>\n<p>A varia\u00e7\u00e3o do <a href=\"https:\/\/www.suno.com.br\/artigos\/b3\/\"><strong>principal \u00edndice da bolsa<\/strong>\u00a0<strong>de valores de S\u00e3o Paulo (B3)<\/strong><\/a> pode ser explicada pelas seguintes not\u00edcias:<\/p>\n<ul>\n<li><strong>Segunda-feira <\/strong>fechou em <strong>queda<\/strong> ap\u00f3s <strong>Eletrobras<\/strong> e <strong>guerra comercial;<\/strong><\/li>\n<li><strong>Ter\u00e7a-feira<\/strong> encerrou <strong>abaixo<\/strong> de 100 mil pontos com tens\u00f5es <strong>EUA-China;<\/strong><\/li>\n<li><strong>Quarta-feira <\/strong>fechou em <strong>alta<\/strong> ap\u00f3s interesse da <strong>China<\/strong> em acordo comercial;<\/li>\n<li><strong>Quinta-feira<\/strong> fechou em <strong>alta <\/strong>ap\u00f3s novidade na guerra comercial;<\/li>\n<li><strong>Sexta-feira <\/strong>fechou em alta com anuncio de tr\u00e9gua na <strong>guerra comercial.<\/strong><\/li>\n<\/ul>\n<h2>Segunda-feira<\/h2>\n<p>O <a href=\"https:\/\/www.suno.com.br\/artigos\/b3\/\">Ibovespa<\/a> fechou na segunda-feira (07) em baixa. O <a href=\"https:\/\/www.suno.com.br\/artigos\/b3\/\"><strong>principal \u00edndice da Bolsa de Valores de<\/strong>\u00a0<strong>S\u00e3o Paulo (B3)<\/strong><\/a> teve <strong>queda<\/strong> de -1,93% a 100.572,733 pontos.<\/p>\n<p><a href=\"https:\/\/www.suno.com.br\/noticias\/ibovespa-fecha-queda-eletrobras-guerra-comercial-07102019\/\">Saiba mais: Ibovespa fecha em queda ap\u00f3s Eletrobras e Guerra Comercial<\/a><\/p>\n<p>O <strong>Ibovespa<\/strong> registrou baixa devido a v\u00e1rios fatores. O principal deles,\u00a0 a desist\u00eancia do <strong>governo federal<\/strong> em injetar R$ 3,5 bilh\u00f5es na <strong>Eletrobras (ELET6)<\/strong>. A empresa estatal, que deve ser privatizada em breve fechou em queda na segunda de -6,61%, cotada a R$ 38,28.<\/p>\n<h2>Ter\u00e7a-feira<\/h2>\n<p>O Ibovespa fechou em queda na ter\u00e7a-feira (8) por conta das tens\u00f5es que cresciam entre <strong>China<\/strong> e <strong>Estados Unidos,<\/strong> que estavam indo al\u00e9m da <a href=\"https:\/\/www.suno.com.br\/artigos\/a-guerra-comercial\/\">guerra comercial<\/a>.<\/p>\n<p><a href=\"https:\/\/www.suno.com.br\/noticias\/ibovespa-fecha-abaixo-100-mil-08102019\/\">Saiba mais: Ibovespa fecha abaixo de 100 mil pontos com tens\u00f5es EUA-China<\/a><\/p>\n<p>O <strong><a href=\"https:\/\/www.suno.com.br\/artigos\/ibovespa\/\">Ibovespa<\/a><\/strong> terminou o dia pela primeira vez abaixo dos 100 mil pontos desde o dia 3 de setembro, a 99.981 pontos. A m\u00ednima do dia ocorreu logo depois da divulga\u00e7\u00e3o da not\u00edcia que o governo dos <strong>Estados Unidos<\/strong> vai restringir vistos a membros do governo chin\u00eas.<\/p>\n<p>Washington quer punir os funcion\u00e1rios do pa\u00eds asi\u00e1tico envolvidos na repress\u00e3o da minoria isl\u00e2mica da prov\u00edncia de <strong>Xingjiang.<\/strong><\/p>\n<p>Al\u00e9m disso, os <a href=\"https:\/\/www.suno.com.br\/artigos\/todo-investidor-deveria-imprimir-este-artigo-e-pendurar-na-parede-parte-1\/\">investidores<\/a> tamb\u00e9m ficaram desanimados com as not\u00edcias sobre o baixo crescimento previsto para esse ano em mais de 90 pa\u00edses, divulgado pelo <strong>FMI.<\/strong><\/p>\n<h2>Quarta-feira<\/h2>\n<p>O Ibovespa fechou na quarta-feira (9) em alta de 1,27%, a 101.248,78 pontos ap\u00f3s a <strong>China<\/strong> ter demonstrado interesse em estabelecer um acordo para encerrar a <strong><a href=\"https:\/\/www.suno.com.br\/artigos\/a-guerra-comercial\/\">guerra comercial<\/a><\/strong> com os <strong>Estados Unidos.<\/strong><\/p>\n<p><a href=\"https:\/\/www.suno.com.br\/noticias\/ibovespa-alta-acordo-comercial-09102019\/\">Saiba mais: Ibovespa fecha em alta ap\u00f3s interesse da China em acordo comercial<\/a><\/p>\n<p>No entanto, o pa\u00eds asi\u00e1tico havia ressaltado que, para que ocorra, o governo norte-americano deve suspender o plano de aplicar novas tarifas comerciais contra produtos chineses.<\/p>\n<h2>Quinta-feira<\/h2>\n<p>O <a href=\"https:\/\/www.youtube.com\/watch?v=DiXuBKAW7yY\">Ibovespa<\/a> fechou na quinta-feira (10) em alta impulsionado pela negocia\u00e7\u00e3o entre <strong>EUA<\/strong> e <strong>China<\/strong> por um poss\u00edvel acordo cambial. O <a href=\"https:\/\/www.suno.com.br\/artigos\/b3\/\"><strong>principal \u00edndice da bolsa<\/strong>\u00a0<strong>de valores de S\u00e3o Paulo (B3)<\/strong><\/a> havia encerrado o dia em alta de 0,56% a 101.817,133 pontos.<\/p>\n<p><a href=\"https:\/\/www.suno.com.br\/noticias\/ibovespa-fecha-alta-novidade-guerra-comercial-10102019\/\">Saiba mais: Ibovespa fecha em alta ap\u00f3s novidade na guerra comercial<\/a><\/p>\n<p>Negociadores dos <strong>Estados Unidos<\/strong> e <strong>China<\/strong> estariam trabalhando para um poss\u00edvel acordo cambial que visa o impedimento de tarifas adicionais do pa\u00eds norte-americano, evitando a manipula\u00e7\u00e3o cambial durante a\u00a0<a href=\"https:\/\/www.suno.com.br\/artigos\/a-guerra-comercial\/\">guerra comercial<\/a>. A informa\u00e7\u00e3o havia sido divulgada pela ag\u00eancia Reuters na quinta.<\/p>\n<h2>Sexta-feira<\/h2>\n<p>O <a href=\"https:\/\/www.youtube.com\/watch?v=DiXuBKAW7yY\">Ibovespa<\/a> fechou em alta na sexta-feira (11) em alta ap\u00f3s o an\u00fancio de um acordo provis\u00f3rio entre <strong>EUA<\/strong> e <strong>China<\/strong>. Os mercados reagiram com otimismo a essa poss\u00edvel resolu\u00e7\u00e3o para a guerra comercial.<\/p>\n<p><a href=\"https:\/\/www.suno.com.br\/noticias\/ibovespa-fecha-em-alta-guerra-comercial-11102019\/\">Saiba mais: Ibovespa fecha em alta com an\u00fancio de tr\u00e9gua na guerra comercial<\/a><\/p>\n<p>O <a href=\"https:\/\/www.suno.com.br\/artigos\/b3\/\"><strong>principal \u00edndice da bolsa<\/strong>\u00a0<strong>de valores de S\u00e3o Paulo (B3)<\/strong><\/a> seguiu o andamento positivo das bolsas internacionais. Com isso, o <strong>Ibovespa<\/strong> fechou com uma alta de 1,98%, em 103.831 pontos.<\/p>\n","protected":false},"excerpt":{"rendered":"<p>O Ibovespa fechou a semana em alta de 1,98% com crescimento de 2.014,79 pontos. Um resultado positivo marcado por not\u00edcias relacionadas \u00e0 guerra comercial, assim como ao IPO da Vivara e a sinais que o governo federal privatizar\u00e1 a Eletrobras. Investimentos na \u00c1sia podem ser op\u00e7\u00e3o de diversifica\u00e7\u00e3o na pandemia Durante a semana, o Ibovespa [&hellip;]<\/p>\n","protected":false},"author":23,"featured_media":10084,"comment_status":"closed","ping_status":"closed","sticky":false,"template":"","format":"standard","meta":[],"categories":[60],"tags":[455,980,721],"suno_strategy":[],"class_list":["post-40863","post","type-post","status-publish","format-standard","has-post-thumbnail","hentry","category-mercado","tag-eletrobras-elet3-elet5-elet6","tag-guerra-comercial","tag-ibovespa"],"yoast_head":"<!-- This site is optimized with the Yoast SEO plugin v24.4 - https:\/\/yoast.com\/wordpress\/plugins\/seo\/ -->\n<title>Ibovespa tem semana em alta de 1,98% ap\u00f3s guerra comercial<\/title>\n<meta name=\"description\" content=\"O Ibovespa teve semana em alta de 1,98% com crescimento de 2.014,79 pontos ap\u00f3s not\u00edcias relacionadas \u00e0 guerra comercial. Clique para mais.\" \/>\n<meta name=\"robots\" content=\"index, follow, max-snippet:-1, max-image-preview:large, max-video-preview:-1\" \/>\n<link rel=\"canonical\" href=\"https:\/\/www.suno.com.br\/noticias\/resumo-semana-ibovespa-12102019\/\" \/>\n<meta property=\"og:locale\" content=\"pt_BR\" \/>\n<meta property=\"og:type\" content=\"article\" \/>\n<meta property=\"og:title\" content=\"Ibovespa tem semana em alta de 1,98% ap\u00f3s guerra comercial\" \/>\n<meta property=\"og:description\" content=\"O Ibovespa teve semana em alta de 1,98% com crescimento de 2.014,79 pontos ap\u00f3s not\u00edcias relacionadas \u00e0 guerra comercial. Clique para mais.\" \/>\n<meta property=\"og:url\" content=\"https:\/\/www.suno.com.br\/noticias\/resumo-semana-ibovespa-12102019\/\" \/>\n<meta property=\"og:site_name\" content=\"Suno Not\u00edcias\" \/>\n<meta property=\"article:publisher\" content=\"https:\/\/facebook.com\/sunoresearch\" \/>\n<meta property=\"og:image\" content=\"https:\/\/files.sunoresearch.com.br\/n\/uploads\/2019\/01\/202c40f8-bolsa-valores-na-china2.jpg\" \/>\n\t<meta property=\"og:image:width\" content=\"800\" \/>\n\t<meta property=\"og:image:height\" content=\"533\" \/>\n\t<meta property=\"og:image:type\" content=\"image\/jpeg\" \/>\n<meta name=\"author\" content=\"Rafael Lara\" \/>\n<meta name=\"twitter:card\" content=\"summary_large_image\" \/>\n<meta name=\"twitter:creator\" content=\"@sunoresearch\" \/>\n<meta name=\"twitter:site\" content=\"@sunoresearch\" \/>\n<meta name=\"twitter:label1\" content=\"Escrito por\" \/>\n\t<meta name=\"twitter:data1\" content=\"Rafael Lara\" \/>\n\t<meta name=\"twitter:label2\" content=\"Est. tempo de leitura\" \/>\n\t<meta name=\"twitter:data2\" content=\"3 minutos\" \/>\n<script type=\"application\/ld+json\" class=\"yoast-schema-graph\">{\"@context\":\"https:\/\/schema.org\",\"@graph\":[{\"@type\":\"NewsArticle\",\"@id\":\"https:\/\/www.suno.com.br\/noticias\/resumo-semana-ibovespa-12102019\/#article\",\"isPartOf\":{\"@id\":\"https:\/\/www.suno.com.br\/noticias\/resumo-semana-ibovespa-12102019\/\"},\"author\":{\"name\":\"Rafael Lara\",\"@id\":\"https:\/\/www.suno.com.br\/noticias\/#\/schema\/person\/098743caeed97b37f51315c9576c4078\"},\"headline\":\"Ibovespa tem semana em alta de 1,98% ap\u00f3s guerra comercial\",\"datePublished\":\"2019-10-12T14:30:59+00:00\",\"dateModified\":\"2019-10-12T18:20:41+00:00\",\"mainEntityOfPage\":{\"@id\":\"https:\/\/www.suno.com.br\/noticias\/resumo-semana-ibovespa-12102019\/\"},\"wordCount\":638,\"publisher\":{\"@id\":\"https:\/\/www.suno.com.br\/noticias\/#organization\"},\"image\":{\"@id\":\"https:\/\/www.suno.com.br\/noticias\/resumo-semana-ibovespa-12102019\/#primaryimage\"},\"thumbnailUrl\":\"https:\/\/files.sunoresearch.com.br\/n\/uploads\/2019\/01\/202c40f8-bolsa-valores-na-china2-jpg.webp\",\"keywords\":[\"Eletrobras (ELET3\/ELET5\/ELET6)\",\"guerra comercial\",\"Ibovespa\"],\"articleSection\":[\"Mercado\"],\"inLanguage\":\"pt-BR\"},{\"@type\":\"WebPage\",\"@id\":\"https:\/\/www.suno.com.br\/noticias\/resumo-semana-ibovespa-12102019\/\",\"url\":\"https:\/\/www.suno.com.br\/noticias\/resumo-semana-ibovespa-12102019\/\",\"name\":\"Ibovespa tem semana em alta de 1,98% ap\u00f3s guerra comercial\",\"isPartOf\":{\"@id\":\"https:\/\/www.suno.com.br\/noticias\/#website\"},\"primaryImageOfPage\":{\"@id\":\"https:\/\/www.suno.com.br\/noticias\/resumo-semana-ibovespa-12102019\/#primaryimage\"},\"image\":{\"@id\":\"https:\/\/www.suno.com.br\/noticias\/resumo-semana-ibovespa-12102019\/#primaryimage\"},\"thumbnailUrl\":\"https:\/\/files.sunoresearch.com.br\/n\/uploads\/2019\/01\/202c40f8-bolsa-valores-na-china2-jpg.webp\",\"datePublished\":\"2019-10-12T14:30:59+00:00\",\"dateModified\":\"2019-10-12T18:20:41+00:00\",\"description\":\"O Ibovespa teve semana em alta de 1,98% com crescimento de 2.014,79 pontos ap\u00f3s not\u00edcias relacionadas \u00e0 guerra comercial. Clique para mais.\",\"breadcrumb\":{\"@id\":\"https:\/\/www.suno.com.br\/noticias\/resumo-semana-ibovespa-12102019\/#breadcrumb\"},\"inLanguage\":\"pt-BR\",\"potentialAction\":[{\"@type\":\"ReadAction\",\"target\":[\"https:\/\/www.suno.com.br\/noticias\/resumo-semana-ibovespa-12102019\/\"]}]},{\"@type\":\"ImageObject\",\"inLanguage\":\"pt-BR\",\"@id\":\"https:\/\/www.suno.com.br\/noticias\/resumo-semana-ibovespa-12102019\/#primaryimage\",\"url\":\"https:\/\/files.sunoresearch.com.br\/n\/uploads\/2019\/01\/202c40f8-bolsa-valores-na-china2-jpg.webp\",\"contentUrl\":\"https:\/\/files.sunoresearch.com.br\/n\/uploads\/2019\/01\/202c40f8-bolsa-valores-na-china2-jpg.webp\",\"width\":800,\"height\":533,\"caption\":\"Investimentos na \u00c1sia podem ser op\u00e7\u00e3o de diversifica\u00e7\u00e3o na pandemia\"},{\"@type\":\"BreadcrumbList\",\"@id\":\"https:\/\/www.suno.com.br\/noticias\/resumo-semana-ibovespa-12102019\/#breadcrumb\",\"itemListElement\":[{\"@type\":\"ListItem\",\"position\":1,\"name\":\"Not\u00edcias\",\"item\":\"https:\/\/www.suno.com.br\/noticias\/\"},{\"@type\":\"ListItem\",\"position\":2,\"name\":\"Mercado\",\"item\":\"https:\/\/www.suno.com.br\/noticias\/mercado\/\"},{\"@type\":\"ListItem\",\"position\":3,\"name\":\"Ibovespa tem semana em alta de 1,98% ap\u00f3s guerra comercial\"}]},{\"@type\":\"WebSite\",\"@id\":\"https:\/\/www.suno.com.br\/noticias\/#website\",\"url\":\"https:\/\/www.suno.com.br\/noticias\/\",\"name\":\"Suno Not\u00edcias\",\"description\":\"Seu portal de informa\u00e7\u00e3o sobre o mundo dos investimentos\",\"publisher\":{\"@id\":\"https:\/\/www.suno.com.br\/noticias\/#organization\"},\"potentialAction\":[{\"@type\":\"SearchAction\",\"target\":{\"@type\":\"EntryPoint\",\"urlTemplate\":\"https:\/\/www.suno.com.br\/noticias\/?s={search_term_string}\"},\"query-input\":{\"@type\":\"PropertyValueSpecification\",\"valueRequired\":true,\"valueName\":\"search_term_string\"}}],\"inLanguage\":\"pt-BR\"},{\"@type\":\"Organization\",\"@id\":\"https:\/\/www.suno.com.br\/noticias\/#organization\",\"name\":\"Suno Not\u00edcias\",\"url\":\"https:\/\/www.suno.com.br\/noticias\/\",\"logo\":{\"@type\":\"ImageObject\",\"inLanguage\":\"pt-BR\",\"@id\":\"https:\/\/www.suno.com.br\/noticias\/#\/schema\/logo\/image\/\",\"url\":\"https:\/\/files.sunoresearch.com.br\/n\/uploads\/2021\/09\/suno-logo.png\",\"contentUrl\":\"https:\/\/files.sunoresearch.com.br\/n\/uploads\/2021\/09\/suno-logo.png\",\"width\":180,\"height\":180,\"caption\":\"Suno Not\u00edcias\"},\"image\":{\"@id\":\"https:\/\/www.suno.com.br\/noticias\/#\/schema\/logo\/image\/\"},\"sameAs\":[\"https:\/\/facebook.com\/sunoresearch\",\"https:\/\/x.com\/sunoresearch\",\"https:\/\/www.instagram.com\/suno\",\"https:\/\/www.linkedin.com\/company\/suno-research\/\",\"https:\/\/www.youtube.com\/c\/sunoresearch\"]},{\"@type\":\"Person\",\"@id\":\"https:\/\/www.suno.com.br\/noticias\/#\/schema\/person\/098743caeed97b37f51315c9576c4078\",\"name\":\"Rafael Lara\",\"image\":{\"@type\":\"ImageObject\",\"inLanguage\":\"pt-BR\",\"@id\":\"https:\/\/www.suno.com.br\/noticias\/#\/schema\/person\/image\/\",\"url\":\"https:\/\/secure.gravatar.com\/avatar\/dfc254ab9bb2ea1895d98b9e9dae4bdd?s=96&r=g\",\"contentUrl\":\"https:\/\/secure.gravatar.com\/avatar\/dfc254ab9bb2ea1895d98b9e9dae4bdd?s=96&r=g\",\"caption\":\"Rafael Lara\"},\"description\":\"Rafael Lara cursa jornalismo na Faculdade C\u00e1sper L\u00edbero. Escreve sobre pol\u00edtica, economia e neg\u00f3cios para o portal Suno Not\u00edcias. Antes, colaborou na TV Gazeta na produ\u00e7\u00e3o do programa Edi\u00e7\u00e3o Extra.\",\"url\":\"https:\/\/www.suno.com.br\/noticias\/author\/rafael\/\"}]}<\/script>\n<!-- \/ Yoast SEO plugin. -->","yoast_head_json":{"title":"Ibovespa tem semana em alta de 1,98% ap\u00f3s guerra comercial","description":"O Ibovespa teve semana em alta de 1,98% com crescimento de 2.014,79 pontos ap\u00f3s not\u00edcias relacionadas \u00e0 guerra comercial. Clique para mais.","robots":{"index":"index","follow":"follow","max-snippet":"max-snippet:-1","max-image-preview":"max-image-preview:large","max-video-preview":"max-video-preview:-1"},"canonical":"https:\/\/www.suno.com.br\/noticias\/resumo-semana-ibovespa-12102019\/","og_locale":"pt_BR","og_type":"article","og_title":"Ibovespa tem semana em alta de 1,98% ap\u00f3s guerra comercial","og_description":"O Ibovespa teve semana em alta de 1,98% com crescimento de 2.014,79 pontos ap\u00f3s not\u00edcias relacionadas \u00e0 guerra comercial. Clique para mais.","og_url":"https:\/\/www.suno.com.br\/noticias\/resumo-semana-ibovespa-12102019\/","og_site_name":"Suno Not\u00edcias","article_publisher":"https:\/\/facebook.com\/sunoresearch","og_image":[{"width":800,"height":533,"url":"https:\/\/files.sunoresearch.com.br\/n\/uploads\/2019\/01\/202c40f8-bolsa-valores-na-china2.jpg","type":"image\/jpeg"}],"author":"Rafael Lara","twitter_card":"summary_large_image","twitter_creator":"@sunoresearch","twitter_site":"@sunoresearch","twitter_misc":{"Escrito por":"Rafael Lara","Est. tempo de leitura":"3 minutos"},"schema":{"@context":"https:\/\/schema.org","@graph":[{"@type":"NewsArticle","@id":"https:\/\/www.suno.com.br\/noticias\/resumo-semana-ibovespa-12102019\/#article","isPartOf":{"@id":"https:\/\/www.suno.com.br\/noticias\/resumo-semana-ibovespa-12102019\/"},"author":{"name":"Rafael Lara","@id":"https:\/\/www.suno.com.br\/noticias\/#\/schema\/person\/098743caeed97b37f51315c9576c4078"},"headline":"Ibovespa tem semana em alta de 1,98% ap\u00f3s guerra comercial","datePublished":"2019-10-12T14:30:59+00:00","dateModified":"2019-10-12T18:20:41+00:00","mainEntityOfPage":{"@id":"https:\/\/www.suno.com.br\/noticias\/resumo-semana-ibovespa-12102019\/"},"wordCount":638,"publisher":{"@id":"https:\/\/www.suno.com.br\/noticias\/#organization"},"image":{"@id":"https:\/\/www.suno.com.br\/noticias\/resumo-semana-ibovespa-12102019\/#primaryimage"},"thumbnailUrl":"https:\/\/files.sunoresearch.com.br\/n\/uploads\/2019\/01\/202c40f8-bolsa-valores-na-china2-jpg.webp","keywords":["Eletrobras (ELET3\/ELET5\/ELET6)","guerra comercial","Ibovespa"],"articleSection":["Mercado"],"inLanguage":"pt-BR"},{"@type":"WebPage","@id":"https:\/\/www.suno.com.br\/noticias\/resumo-semana-ibovespa-12102019\/","url":"https:\/\/www.suno.com.br\/noticias\/resumo-semana-ibovespa-12102019\/","name":"Ibovespa tem semana em alta de 1,98% ap\u00f3s guerra comercial","isPartOf":{"@id":"https:\/\/www.suno.com.br\/noticias\/#website"},"primaryImageOfPage":{"@id":"https:\/\/www.suno.com.br\/noticias\/resumo-semana-ibovespa-12102019\/#primaryimage"},"image":{"@id":"https:\/\/www.suno.com.br\/noticias\/resumo-semana-ibovespa-12102019\/#primaryimage"},"thumbnailUrl":"https:\/\/files.sunoresearch.com.br\/n\/uploads\/2019\/01\/202c40f8-bolsa-valores-na-china2-jpg.webp","datePublished":"2019-10-12T14:30:59+00:00","dateModified":"2019-10-12T18:20:41+00:00","description":"O Ibovespa teve semana em alta de 1,98% com crescimento de 2.014,79 pontos ap\u00f3s not\u00edcias relacionadas \u00e0 guerra comercial. Clique para mais.","breadcrumb":{"@id":"https:\/\/www.suno.com.br\/noticias\/resumo-semana-ibovespa-12102019\/#breadcrumb"},"inLanguage":"pt-BR","potentialAction":[{"@type":"ReadAction","target":["https:\/\/www.suno.com.br\/noticias\/resumo-semana-ibovespa-12102019\/"]}]},{"@type":"ImageObject","inLanguage":"pt-BR","@id":"https:\/\/www.suno.com.br\/noticias\/resumo-semana-ibovespa-12102019\/#primaryimage","url":"https:\/\/files.sunoresearch.com.br\/n\/uploads\/2019\/01\/202c40f8-bolsa-valores-na-china2-jpg.webp","contentUrl":"https:\/\/files.sunoresearch.com.br\/n\/uploads\/2019\/01\/202c40f8-bolsa-valores-na-china2-jpg.webp","width":800,"height":533,"caption":"Investimentos na \u00c1sia podem ser op\u00e7\u00e3o de diversifica\u00e7\u00e3o na pandemia"},{"@type":"BreadcrumbList","@id":"https:\/\/www.suno.com.br\/noticias\/resumo-semana-ibovespa-12102019\/#breadcrumb","itemListElement":[{"@type":"ListItem","position":1,"name":"Not\u00edcias","item":"https:\/\/www.suno.com.br\/noticias\/"},{"@type":"ListItem","position":2,"name":"Mercado","item":"https:\/\/www.suno.com.br\/noticias\/mercado\/"},{"@type":"ListItem","position":3,"name":"Ibovespa tem semana em alta de 1,98% ap\u00f3s guerra comercial"}]},{"@type":"WebSite","@id":"https:\/\/www.suno.com.br\/noticias\/#website","url":"https:\/\/www.suno.com.br\/noticias\/","name":"Suno Not\u00edcias","description":"Seu portal de informa\u00e7\u00e3o sobre o mundo dos investimentos","publisher":{"@id":"https:\/\/www.suno.com.br\/noticias\/#organization"},"potentialAction":[{"@type":"SearchAction","target":{"@type":"EntryPoint","urlTemplate":"https:\/\/www.suno.com.br\/noticias\/?s={search_term_string}"},"query-input":{"@type":"PropertyValueSpecification","valueRequired":true,"valueName":"search_term_string"}}],"inLanguage":"pt-BR"},{"@type":"Organization","@id":"https:\/\/www.suno.com.br\/noticias\/#organization","name":"Suno Not\u00edcias","url":"https:\/\/www.suno.com.br\/noticias\/","logo":{"@type":"ImageObject","inLanguage":"pt-BR","@id":"https:\/\/www.suno.com.br\/noticias\/#\/schema\/logo\/image\/","url":"https:\/\/files.sunoresearch.com.br\/n\/uploads\/2021\/09\/suno-logo.png","contentUrl":"https:\/\/files.sunoresearch.com.br\/n\/uploads\/2021\/09\/suno-logo.png","width":180,"height":180,"caption":"Suno Not\u00edcias"},"image":{"@id":"https:\/\/www.suno.com.br\/noticias\/#\/schema\/logo\/image\/"},"sameAs":["https:\/\/facebook.com\/sunoresearch","https:\/\/x.com\/sunoresearch","https:\/\/www.instagram.com\/suno","https:\/\/www.linkedin.com\/company\/suno-research\/","https:\/\/www.youtube.com\/c\/sunoresearch"]},{"@type":"Person","@id":"https:\/\/www.suno.com.br\/noticias\/#\/schema\/person\/098743caeed97b37f51315c9576c4078","name":"Rafael Lara","image":{"@type":"ImageObject","inLanguage":"pt-BR","@id":"https:\/\/www.suno.com.br\/noticias\/#\/schema\/person\/image\/","url":"https:\/\/secure.gravatar.com\/avatar\/dfc254ab9bb2ea1895d98b9e9dae4bdd?s=96&r=g","contentUrl":"https:\/\/secure.gravatar.com\/avatar\/dfc254ab9bb2ea1895d98b9e9dae4bdd?s=96&r=g","caption":"Rafael Lara"},"description":"Rafael Lara cursa jornalismo na Faculdade C\u00e1sper L\u00edbero. Escreve sobre pol\u00edtica, economia e neg\u00f3cios para o portal Suno Not\u00edcias. Antes, colaborou na TV Gazeta na produ\u00e7\u00e3o do programa Edi\u00e7\u00e3o Extra.","url":"https:\/\/www.suno.com.br\/noticias\/author\/rafael\/"}]}},"default_loop_html":"<div class=\"cardsPage__listCard__boxs\"><div class=\"cardsPage__listCard__boxs__img\"><a href=\"https:\/\/www.suno.com.br\/noticias\/resumo-semana-ibovespa-12102019\/\"><img class=\"mask\" src=\"https:\/\/www.suno.com.br\/noticias\/wp-content\/themes\/suno\/resources\/images\/spotlight\/spotlight1img\/bg-mask.png\" alt=\"Image Mask\"\/><img src=\"https:\/\/files.sunoresearch.com.br\/n\/uploads\/2019\/01\/202c40f8-bolsa-valores-na-china2-400x200.webp\" alt=\"Ibovespa tem semana em alta de 1,98% ap\u00f3s guerra comercial\"\/><\/a><span class=\"spotlightCategory\"><a href=\"https:\/\/www.suno.com.br\/noticias\/mercado\/\">Mercado<\/a><\/span><\/div><div class=\"cardsPage__listCard__boxs__content\"><a href=\"https:\/\/www.suno.com.br\/noticias\/resumo-semana-ibovespa-12102019\/\"><h2 class=\"content__title\">Ibovespa tem semana em alta de 1,98% ap\u00f3s guerra comercial<\/h2><\/a><div class=\"newsContent__article__meta\"><div class=\"newsContent__article__meta__authorBox\"><a href=\"https:\/\/www.suno.com.br\/noticias\/author\/rafael\/\" class=\"authorBox__avatar noMobi\"><img src=\"https:\/\/secure.gravatar.com\/avatar\/dfc254ab9bb2ea1895d98b9e9dae4bdd?s=96&#038;r=g\" alt=\"Rafael Lara\"><\/a><div class=\"authorBox__name\"><span>por\n\t\t\t<a href=\"https:\/\/www.suno.com.br\/noticias\/author\/rafael\/\"><span itemprop=\"author\">Rafael Lara<\/span><\/a><\/span><time datetime=\"2019-10-12T11:30:59-03:00\" itemprop=\"datePublished\">12\/10\/2019 11:30<\/time><\/div><\/div><\/div><\/div><\/div>","single_layout":"posts","amp_enabled":true,"_links":{"self":[{"href":"https:\/\/www.suno.com.br\/noticias\/wp-json\/wp\/v2\/posts\/40863"}],"collection":[{"href":"https:\/\/www.suno.com.br\/noticias\/wp-json\/wp\/v2\/posts"}],"about":[{"href":"https:\/\/www.suno.com.br\/noticias\/wp-json\/wp\/v2\/types\/post"}],"author":[{"embeddable":true,"href":"https:\/\/www.suno.com.br\/noticias\/wp-json\/wp\/v2\/users\/23"}],"replies":[{"embeddable":true,"href":"https:\/\/www.suno.com.br\/noticias\/wp-json\/wp\/v2\/comments?post=40863"}],"version-history":[{"count":0,"href":"https:\/\/www.suno.com.br\/noticias\/wp-json\/wp\/v2\/posts\/40863\/revisions"}],"wp:featuredmedia":[{"embeddable":true,"href":"https:\/\/www.suno.com.br\/noticias\/wp-json\/wp\/v2\/media\/10084"}],"wp:attachment":[{"href":"https:\/\/www.suno.com.br\/noticias\/wp-json\/wp\/v2\/media?parent=40863"}],"wp:term":[{"taxonomy":"category","embeddable":true,"href":"https:\/\/www.suno.com.br\/noticias\/wp-json\/wp\/v2\/categories?post=40863"},{"taxonomy":"post_tag","embeddable":true,"href":"https:\/\/www.suno.com.br\/noticias\/wp-json\/wp\/v2\/tags?post=40863"},{"taxonomy":"suno_strategy","embeddable":true,"href":"https:\/\/www.suno.com.br\/noticias\/wp-json\/wp\/v2\/suno_strategy?post=40863"}],"curies":[{"name":"wp","href":"https:\/\/api.w.org\/{rel}","templated":true}]}}