{"id":408590,"date":"2023-05-24T15:00:13","date_gmt":"2023-05-24T18:00:13","guid":{"rendered":"https:\/\/www.suno.com.br\/noticias\/?p=408590"},"modified":"2023-05-24T15:00:17","modified_gmt":"2023-05-24T18:00:17","slug":"motorista-de-aplicativo-alexandre-de-moraes","status":"publish","type":"post","link":"https:\/\/www.suno.com.br\/noticias\/motorista-de-aplicativo-alexandre-de-moraes\/","title":{"rendered":"Alexandre de Moraes nega v\u00ednculo trabalhista entre motorista de aplicativo e empresas"},"content":{"rendered":"<p>O ministro do <a href=\"https:\/\/portal.stf.jus.br\/\" target=\"_blank\" rel=\"noreferrer noopener\">Supremo Tribunal Federal (STF)<\/a> Alexandre de Moraes negou, em decis\u00e3o monocr\u00e1tica, o v\u00ednculo de emprego entre a companhia de transporte por aplicativo Cabify e um <strong>motorista de aplicativo<\/strong>.<\/p><div class=\"videoFull \">\n\t\t\t<div class=\"videoWrapper yt-lazyload center\"\n\t\t\t\tdata-width=\"960\"\n\t\t\t\tdata-height=\"540\"\n\t\t\t\tdata-id=\"OaXYycQpQdI\"\n\t\t\t\tdata-alt=\"V\u00eddeo do YouTube - clique para reproduzir\"\n\t\t\t\tdata-logo=\"3\"\n\t\t\t\tdata-imagequality=\"maxres\">\n\t\t\t<\/div>\n\t\t<\/div><script type=\"application\/ld+json\">{\"@context\":\"https:\/\/schema.org\",\"@type\":\"VideoObject\",\"name\":\"Petrobras (PETR4) versus Marina Silva: entenda a briga interna no governo Lula\",\"description\":\"Uma briga entre \u00e1reas importantes do governo Lula est\u00e1 acontecendo neste momento. De um lado, a Petrobras e o ministro de Minas e Energia. De outro, o Ibama e a ministra do Meio Ambiente, Marina Silva. Tudo come\u00e7ou quando o Ibama, respons\u00e1vel por licen\u00e7as ambientais, negou \u00e0 Petrobras autoriza\u00e7\u00e3o para perfurar um po\u00e7o de petr\u00f3leo\u2026\",\"duration\":\"PT4M43S\",\"embedUrl\":\"https:\/\/www.youtube.com\/embed\/OaXYycQpQdI\",\"regionsAllowed\":\"pt-BR\",\"interactionStatistic\":{\"@type\":\"InteractionCounter\",\"interactionType\":{\"@type\":\"WatchAction\"},\"userInteractionCount\":1659},\"thumbnailUrl\":\"https:\/\/i.ytimg.com\/vi\/OaXYycQpQdI\/default.jpg\",\"uploadDate\":\"2023-05-23T21:56:42Z\"}<\/script>\n\n\n\n\n\t<p>\n\t\t<a href=\"\" target=\"_blank\" data-element=\"shortcode-suno-banner\" title=\"Banner SUNO, clique e saiba mais\">\n\t\t\t<picture>\n\t\t\t\t<source media=\"(max-width: 500px)\" srcset=\"\">\n\t\t\t\t<img class=\"newsContent__article__imgCapa newsContent__article__imgCapa--banner\"\n\t\t\t\t\tsrc=\"\"\n\t\t\t\t\tdata-promo-id=\"240038\"\t\t\t\t\t\t\t\t\t\t\t\t\t\t\talt=\"\"\n\t\t\t\t>\n\t\t\t<\/picture>\n\t\t<\/a>\n\t<\/p>\n\n\n\n\n\n\n\n<p>Com isso, <strong>Alexandre de Moraes<\/strong> derrubou uma decis\u00e3o do Tribunal Regional do Trabalho da 3\u00aa Regi\u00e3o, de Minas Gerais, que havia reconhecido o v\u00ednculo trabalhista entre o motorista de aplicativo e a companhia. <\/p>\n\n\n\n<p>Ao acolher o recurso da <strong>Cabify<\/strong>, Moraes afirmou que a Constitui\u00e7\u00e3o permite formas de emprego alternativas \u00e0 <a href=\"https:\/\/www.suno.com.br\/noticias\/clt-80-anos-dia-do-trabalhador\/\" target=\"_blank\" rel=\"noreferrer noopener\">Consolida\u00e7\u00e3o das Leis do Trabalho (CLT)<\/a>, como a terceiriza\u00e7\u00e3o.<\/p>\n\n\n\n<p>Para o ministro, a situa\u00e7\u00e3o do motorista se assemelha \u00e0 do <a class=\"suno-keyword\" target=\"_blank\" data-force=\"no\" data-priority=\"2\" href=\"https:\/\/www.suno.com.br\/artigos\/autonomo\/\" rel=\"noopener\">trabalhador aut\u00f4nomo<\/a>. A decis\u00e3o foi assinada na \u00faltima sexta-feira, 19, e publicada na ter\u00e7a-feira, 23.  <\/p>\n\n\n\n<p>&#8220;Realmente, a rela\u00e7\u00e3o estabelecida entre o <strong>motorista de aplicativo<\/strong> e a plataforma reclamante mais se assemelha com a situa\u00e7\u00e3o prevista na Lei 11.442\/2007, do transportador aut\u00f4nomo, sendo aquele propriet\u00e1rio de v\u00ednculo pr\u00f3prio e que tem rela\u00e7\u00e3o de natureza comercial&#8221;, disse Moraes na decis\u00e3o.<\/p>\n\n\n\n<p>Com Estad\u00e3o Conte\u00fado<\/p>\n\n\n\t<p>\n\t\t<a href=\"https:\/\/lp.suno.com.br\/ebook-gratuito-investindo-no-exterior\/\" target=\"_blank\" data-element=\"shortcode-suno-banner\" title=\"Banner SUNO, clique e saiba mais\">\n\t\t\t<picture>\n\t\t\t\t<source media=\"(max-width: 500px)\" srcset=\"https:\/\/files.sunoresearch.com.br\/n\/uploads\/2023\/03\/400x300-Investindo-no-exterior.png\">\n\t\t\t\t<img class=\"newsContent__article__imgCapa newsContent__article__imgCapa--banner\"\n\t\t\t\t\tsrc=\"https:\/\/files.sunoresearch.com.br\/n\/uploads\/2023\/03\/1420x240-Investindo-no-exterior.png\"\n\t\t\t\t\tdata-promo-id=\"383161\"\t\t\t\t\t\t\t\t\t\twidth='1420' height='240'\t\t\t\t\talt=\"https:\/\/files.sunoresearch.com.br\/n\/uploads\/2023\/03\/1420x240-Investindo-no-exterior.png\"\n\t\t\t\t>\n\t\t\t<\/picture>\n\t\t<\/a>\n\t<\/p>\n\n\n","protected":false},"excerpt":{"rendered":"<p>O ministro do Supremo Tribunal Federal (STF) Alexandre de Moraes negou, em decis\u00e3o monocr\u00e1tica, o v\u00ednculo de emprego entre a companhia de transporte por aplicativo Cabify e um motorista de aplicativo. Com isso, Alexandre de Moraes derrubou uma decis\u00e3o do Tribunal Regional do Trabalho da 3\u00aa Regi\u00e3o, de Minas Gerais, que havia reconhecido o v\u00ednculo [&hellip;]<\/p>\n","protected":false},"author":73,"featured_media":243383,"comment_status":"closed","ping_status":"closed","sticky":false,"template":"","format":"standard","meta":[],"categories":[61],"tags":[106444,785,954],"suno_strategy":[],"class_list":["post-408590","post","type-post","status-publish","format-standard","has-post-thumbnail","hentry","category-politica","tag-agencias","tag-supremo-tribunal-federal-stf","tag-uber-u1be34"],"yoast_head":"<!-- This site is optimized with the Yoast SEO plugin v24.4 - https:\/\/yoast.com\/wordpress\/plugins\/seo\/ -->\n<title>Moraes nega v\u00ednculo trabalhista entre motorista de aplicativo e empresas<\/title>\n<meta name=\"description\" content=\"Com isso, Moraes derrubou uma decis\u00e3o do TRF-3, de MG, que havia reconhecido o v\u00ednculo trabalhista entre o motorista de aplicativo.\" \/>\n<meta name=\"robots\" content=\"index, follow, max-snippet:-1, max-image-preview:large, max-video-preview:-1\" \/>\n<link rel=\"canonical\" href=\"https:\/\/www.suno.com.br\/noticias\/motorista-de-aplicativo-alexandre-de-moraes\/\" \/>\n<meta property=\"og:locale\" content=\"pt_BR\" \/>\n<meta property=\"og:type\" content=\"article\" \/>\n<meta property=\"og:title\" content=\"Moraes nega v\u00ednculo trabalhista entre motorista de aplicativo e empresas\" \/>\n<meta property=\"og:description\" content=\"Com isso, Moraes derrubou uma decis\u00e3o do TRF-3, de MG, que havia reconhecido o v\u00ednculo trabalhista entre o motorista de aplicativo.\" \/>\n<meta property=\"og:url\" content=\"https:\/\/www.suno.com.br\/noticias\/motorista-de-aplicativo-alexandre-de-moraes\/\" \/>\n<meta property=\"og:site_name\" content=\"Suno Not\u00edcias\" \/>\n<meta property=\"article:publisher\" content=\"https:\/\/facebook.com\/sunoresearch\" \/>\n<meta property=\"og:image\" content=\"https:\/\/files.sunoresearch.com.br\/n\/uploads\/2022\/03\/Alexandre-de-Moraes.jpg\" \/>\n\t<meta property=\"og:image:width\" content=\"2000\" \/>\n\t<meta property=\"og:image:height\" content=\"1343\" \/>\n\t<meta property=\"og:image:type\" content=\"image\/jpeg\" \/>\n<meta name=\"author\" content=\"Eduardo Vargas\" \/>\n<meta name=\"twitter:card\" content=\"summary_large_image\" \/>\n<meta name=\"twitter:creator\" content=\"@sunoresearch\" \/>\n<meta name=\"twitter:site\" content=\"@sunoresearch\" \/>\n<meta name=\"twitter:label1\" content=\"Escrito por\" \/>\n\t<meta name=\"twitter:data1\" content=\"Eduardo Vargas\" \/>\n\t<meta name=\"twitter:label2\" content=\"Est. tempo de leitura\" \/>\n\t<meta name=\"twitter:data2\" content=\"1 minuto\" \/>\n<script type=\"application\/ld+json\" class=\"yoast-schema-graph\">{\"@context\":\"https:\/\/schema.org\",\"@graph\":[{\"@type\":\"NewsArticle\",\"@id\":\"https:\/\/www.suno.com.br\/noticias\/motorista-de-aplicativo-alexandre-de-moraes\/#article\",\"isPartOf\":{\"@id\":\"https:\/\/www.suno.com.br\/noticias\/motorista-de-aplicativo-alexandre-de-moraes\/\"},\"author\":{\"name\":\"Eduardo Vargas\",\"@id\":\"https:\/\/www.suno.com.br\/noticias\/#\/schema\/person\/7f4d362bf3518e76090143ae77bb49a5\"},\"headline\":\"Alexandre de Moraes nega v\u00ednculo trabalhista entre motorista de aplicativo e empresas\",\"datePublished\":\"2023-05-24T18:00:13+00:00\",\"dateModified\":\"2023-05-24T18:00:17+00:00\",\"mainEntityOfPage\":{\"@id\":\"https:\/\/www.suno.com.br\/noticias\/motorista-de-aplicativo-alexandre-de-moraes\/\"},\"wordCount\":198,\"publisher\":{\"@id\":\"https:\/\/www.suno.com.br\/noticias\/#organization\"},\"image\":{\"@id\":\"https:\/\/www.suno.com.br\/noticias\/motorista-de-aplicativo-alexandre-de-moraes\/#primaryimage\"},\"thumbnailUrl\":\"https:\/\/files.sunoresearch.com.br\/n\/uploads\/2022\/03\/Alexandre-de-Moraes.jpg\",\"keywords\":[\"Ag\u00eancias\",\"Supremo Tribunal Federal (STF)\",\"Uber (U1BE34)\"],\"articleSection\":[\"Pol\u00edtica\"],\"inLanguage\":\"pt-BR\"},{\"@type\":\"WebPage\",\"@id\":\"https:\/\/www.suno.com.br\/noticias\/motorista-de-aplicativo-alexandre-de-moraes\/\",\"url\":\"https:\/\/www.suno.com.br\/noticias\/motorista-de-aplicativo-alexandre-de-moraes\/\",\"name\":\"Moraes nega v\u00ednculo trabalhista entre motorista de aplicativo e empresas\",\"isPartOf\":{\"@id\":\"https:\/\/www.suno.com.br\/noticias\/#website\"},\"primaryImageOfPage\":{\"@id\":\"https:\/\/www.suno.com.br\/noticias\/motorista-de-aplicativo-alexandre-de-moraes\/#primaryimage\"},\"image\":{\"@id\":\"https:\/\/www.suno.com.br\/noticias\/motorista-de-aplicativo-alexandre-de-moraes\/#primaryimage\"},\"thumbnailUrl\":\"https:\/\/files.sunoresearch.com.br\/n\/uploads\/2022\/03\/Alexandre-de-Moraes.jpg\",\"datePublished\":\"2023-05-24T18:00:13+00:00\",\"dateModified\":\"2023-05-24T18:00:17+00:00\",\"description\":\"Com isso, Moraes derrubou uma decis\u00e3o do TRF-3, de MG, que havia reconhecido o v\u00ednculo trabalhista entre o motorista de aplicativo.\",\"breadcrumb\":{\"@id\":\"https:\/\/www.suno.com.br\/noticias\/motorista-de-aplicativo-alexandre-de-moraes\/#breadcrumb\"},\"inLanguage\":\"pt-BR\",\"potentialAction\":[{\"@type\":\"ReadAction\",\"target\":[\"https:\/\/www.suno.com.br\/noticias\/motorista-de-aplicativo-alexandre-de-moraes\/\"]}]},{\"@type\":\"ImageObject\",\"inLanguage\":\"pt-BR\",\"@id\":\"https:\/\/www.suno.com.br\/noticias\/motorista-de-aplicativo-alexandre-de-moraes\/#primaryimage\",\"url\":\"https:\/\/files.sunoresearch.com.br\/n\/uploads\/2022\/03\/Alexandre-de-Moraes.jpg\",\"contentUrl\":\"https:\/\/files.sunoresearch.com.br\/n\/uploads\/2022\/03\/Alexandre-de-Moraes.jpg\",\"width\":2000,\"height\":1343,\"caption\":\"Lei Magnitsky. Foto: Nelson Jr. SCO\/STF\"},{\"@type\":\"BreadcrumbList\",\"@id\":\"https:\/\/www.suno.com.br\/noticias\/motorista-de-aplicativo-alexandre-de-moraes\/#breadcrumb\",\"itemListElement\":[{\"@type\":\"ListItem\",\"position\":1,\"name\":\"Not\u00edcias\",\"item\":\"https:\/\/www.suno.com.br\/noticias\/\"},{\"@type\":\"ListItem\",\"position\":2,\"name\":\"Pol\u00edtica\",\"item\":\"https:\/\/www.suno.com.br\/noticias\/politica\/\"},{\"@type\":\"ListItem\",\"position\":3,\"name\":\"Alexandre de Moraes nega v\u00ednculo trabalhista entre motorista de aplicativo e empresas\"}]},{\"@type\":\"WebSite\",\"@id\":\"https:\/\/www.suno.com.br\/noticias\/#website\",\"url\":\"https:\/\/www.suno.com.br\/noticias\/\",\"name\":\"Suno Not\u00edcias\",\"description\":\"Seu portal de informa\u00e7\u00e3o sobre o mundo dos investimentos\",\"publisher\":{\"@id\":\"https:\/\/www.suno.com.br\/noticias\/#organization\"},\"potentialAction\":[{\"@type\":\"SearchAction\",\"target\":{\"@type\":\"EntryPoint\",\"urlTemplate\":\"https:\/\/www.suno.com.br\/noticias\/?s={search_term_string}\"},\"query-input\":{\"@type\":\"PropertyValueSpecification\",\"valueRequired\":true,\"valueName\":\"search_term_string\"}}],\"inLanguage\":\"pt-BR\"},{\"@type\":\"Organization\",\"@id\":\"https:\/\/www.suno.com.br\/noticias\/#organization\",\"name\":\"Suno Not\u00edcias\",\"url\":\"https:\/\/www.suno.com.br\/noticias\/\",\"logo\":{\"@type\":\"ImageObject\",\"inLanguage\":\"pt-BR\",\"@id\":\"https:\/\/www.suno.com.br\/noticias\/#\/schema\/logo\/image\/\",\"url\":\"https:\/\/files.sunoresearch.com.br\/n\/uploads\/2021\/09\/suno-logo.png\",\"contentUrl\":\"https:\/\/files.sunoresearch.com.br\/n\/uploads\/2021\/09\/suno-logo.png\",\"width\":180,\"height\":180,\"caption\":\"Suno Not\u00edcias\"},\"image\":{\"@id\":\"https:\/\/www.suno.com.br\/noticias\/#\/schema\/logo\/image\/\"},\"sameAs\":[\"https:\/\/facebook.com\/sunoresearch\",\"https:\/\/x.com\/sunoresearch\",\"https:\/\/www.instagram.com\/suno\",\"https:\/\/www.linkedin.com\/company\/suno-research\/\",\"https:\/\/www.youtube.com\/c\/sunoresearch\"]},{\"@type\":\"Person\",\"@id\":\"https:\/\/www.suno.com.br\/noticias\/#\/schema\/person\/7f4d362bf3518e76090143ae77bb49a5\",\"name\":\"Eduardo Vargas\",\"image\":{\"@type\":\"ImageObject\",\"inLanguage\":\"pt-BR\",\"@id\":\"https:\/\/www.suno.com.br\/noticias\/#\/schema\/person\/image\/\",\"url\":\"https:\/\/secure.gravatar.com\/avatar\/dac340933427a22924c9f99d1eb2e3f2?s=96&r=g\",\"contentUrl\":\"https:\/\/secure.gravatar.com\/avatar\/dac340933427a22924c9f99d1eb2e3f2?s=96&r=g\",\"caption\":\"Eduardo Vargas\"},\"description\":\"Jornalista formado pela UFSC, cobre macroeconomia, neg\u00f3cios e startups para o Suno Not\u00edcias, escrevendo principalmente not\u00edcias sobre o mercado financeiro e a bolsa de valores. No YouTube e no Instagram, \u00e9 respons\u00e1vel pela produ\u00e7\u00e3o de Reels e Shorts do Suno Not\u00edcias. Anteriormente, trabalhou cobrindo economia e cotidiano no ND+ e para o ND, maior jornal impresso de Santa Catarina. Cursou um semestre letivo de Estudos de M\u00eddia na Universidad de Buenos Aires.\",\"url\":\"https:\/\/www.suno.com.br\/noticias\/author\/eduardo-vargas\/\"}]}<\/script>\n<!-- \/ Yoast SEO plugin. -->","yoast_head_json":{"title":"Moraes nega v\u00ednculo trabalhista entre motorista de aplicativo e empresas","description":"Com isso, Moraes derrubou uma decis\u00e3o do TRF-3, de MG, que havia reconhecido o v\u00ednculo trabalhista entre o motorista de aplicativo.","robots":{"index":"index","follow":"follow","max-snippet":"max-snippet:-1","max-image-preview":"max-image-preview:large","max-video-preview":"max-video-preview:-1"},"canonical":"https:\/\/www.suno.com.br\/noticias\/motorista-de-aplicativo-alexandre-de-moraes\/","og_locale":"pt_BR","og_type":"article","og_title":"Moraes nega v\u00ednculo trabalhista entre motorista de aplicativo e empresas","og_description":"Com isso, Moraes derrubou uma decis\u00e3o do TRF-3, de MG, que havia reconhecido o v\u00ednculo trabalhista entre o motorista de aplicativo.","og_url":"https:\/\/www.suno.com.br\/noticias\/motorista-de-aplicativo-alexandre-de-moraes\/","og_site_name":"Suno Not\u00edcias","article_publisher":"https:\/\/facebook.com\/sunoresearch","og_image":[{"width":2000,"height":1343,"url":"https:\/\/files.sunoresearch.com.br\/n\/uploads\/2022\/03\/Alexandre-de-Moraes.jpg","type":"image\/jpeg"}],"author":"Eduardo Vargas","twitter_card":"summary_large_image","twitter_creator":"@sunoresearch","twitter_site":"@sunoresearch","twitter_misc":{"Escrito por":"Eduardo Vargas","Est. tempo de leitura":"1 minuto"},"schema":{"@context":"https:\/\/schema.org","@graph":[{"@type":"NewsArticle","@id":"https:\/\/www.suno.com.br\/noticias\/motorista-de-aplicativo-alexandre-de-moraes\/#article","isPartOf":{"@id":"https:\/\/www.suno.com.br\/noticias\/motorista-de-aplicativo-alexandre-de-moraes\/"},"author":{"name":"Eduardo Vargas","@id":"https:\/\/www.suno.com.br\/noticias\/#\/schema\/person\/7f4d362bf3518e76090143ae77bb49a5"},"headline":"Alexandre de Moraes nega v\u00ednculo trabalhista entre motorista de aplicativo e empresas","datePublished":"2023-05-24T18:00:13+00:00","dateModified":"2023-05-24T18:00:17+00:00","mainEntityOfPage":{"@id":"https:\/\/www.suno.com.br\/noticias\/motorista-de-aplicativo-alexandre-de-moraes\/"},"wordCount":198,"publisher":{"@id":"https:\/\/www.suno.com.br\/noticias\/#organization"},"image":{"@id":"https:\/\/www.suno.com.br\/noticias\/motorista-de-aplicativo-alexandre-de-moraes\/#primaryimage"},"thumbnailUrl":"https:\/\/files.sunoresearch.com.br\/n\/uploads\/2022\/03\/Alexandre-de-Moraes.jpg","keywords":["Ag\u00eancias","Supremo Tribunal Federal (STF)","Uber (U1BE34)"],"articleSection":["Pol\u00edtica"],"inLanguage":"pt-BR"},{"@type":"WebPage","@id":"https:\/\/www.suno.com.br\/noticias\/motorista-de-aplicativo-alexandre-de-moraes\/","url":"https:\/\/www.suno.com.br\/noticias\/motorista-de-aplicativo-alexandre-de-moraes\/","name":"Moraes nega v\u00ednculo trabalhista entre motorista de aplicativo e empresas","isPartOf":{"@id":"https:\/\/www.suno.com.br\/noticias\/#website"},"primaryImageOfPage":{"@id":"https:\/\/www.suno.com.br\/noticias\/motorista-de-aplicativo-alexandre-de-moraes\/#primaryimage"},"image":{"@id":"https:\/\/www.suno.com.br\/noticias\/motorista-de-aplicativo-alexandre-de-moraes\/#primaryimage"},"thumbnailUrl":"https:\/\/files.sunoresearch.com.br\/n\/uploads\/2022\/03\/Alexandre-de-Moraes.jpg","datePublished":"2023-05-24T18:00:13+00:00","dateModified":"2023-05-24T18:00:17+00:00","description":"Com isso, Moraes derrubou uma decis\u00e3o do TRF-3, de MG, que havia reconhecido o v\u00ednculo trabalhista entre o motorista de aplicativo.","breadcrumb":{"@id":"https:\/\/www.suno.com.br\/noticias\/motorista-de-aplicativo-alexandre-de-moraes\/#breadcrumb"},"inLanguage":"pt-BR","potentialAction":[{"@type":"ReadAction","target":["https:\/\/www.suno.com.br\/noticias\/motorista-de-aplicativo-alexandre-de-moraes\/"]}]},{"@type":"ImageObject","inLanguage":"pt-BR","@id":"https:\/\/www.suno.com.br\/noticias\/motorista-de-aplicativo-alexandre-de-moraes\/#primaryimage","url":"https:\/\/files.sunoresearch.com.br\/n\/uploads\/2022\/03\/Alexandre-de-Moraes.jpg","contentUrl":"https:\/\/files.sunoresearch.com.br\/n\/uploads\/2022\/03\/Alexandre-de-Moraes.jpg","width":2000,"height":1343,"caption":"Lei Magnitsky. Foto: Nelson Jr. SCO\/STF"},{"@type":"BreadcrumbList","@id":"https:\/\/www.suno.com.br\/noticias\/motorista-de-aplicativo-alexandre-de-moraes\/#breadcrumb","itemListElement":[{"@type":"ListItem","position":1,"name":"Not\u00edcias","item":"https:\/\/www.suno.com.br\/noticias\/"},{"@type":"ListItem","position":2,"name":"Pol\u00edtica","item":"https:\/\/www.suno.com.br\/noticias\/politica\/"},{"@type":"ListItem","position":3,"name":"Alexandre de Moraes nega v\u00ednculo trabalhista entre motorista de aplicativo e empresas"}]},{"@type":"WebSite","@id":"https:\/\/www.suno.com.br\/noticias\/#website","url":"https:\/\/www.suno.com.br\/noticias\/","name":"Suno Not\u00edcias","description":"Seu portal de informa\u00e7\u00e3o sobre o mundo dos investimentos","publisher":{"@id":"https:\/\/www.suno.com.br\/noticias\/#organization"},"potentialAction":[{"@type":"SearchAction","target":{"@type":"EntryPoint","urlTemplate":"https:\/\/www.suno.com.br\/noticias\/?s={search_term_string}"},"query-input":{"@type":"PropertyValueSpecification","valueRequired":true,"valueName":"search_term_string"}}],"inLanguage":"pt-BR"},{"@type":"Organization","@id":"https:\/\/www.suno.com.br\/noticias\/#organization","name":"Suno Not\u00edcias","url":"https:\/\/www.suno.com.br\/noticias\/","logo":{"@type":"ImageObject","inLanguage":"pt-BR","@id":"https:\/\/www.suno.com.br\/noticias\/#\/schema\/logo\/image\/","url":"https:\/\/files.sunoresearch.com.br\/n\/uploads\/2021\/09\/suno-logo.png","contentUrl":"https:\/\/files.sunoresearch.com.br\/n\/uploads\/2021\/09\/suno-logo.png","width":180,"height":180,"caption":"Suno Not\u00edcias"},"image":{"@id":"https:\/\/www.suno.com.br\/noticias\/#\/schema\/logo\/image\/"},"sameAs":["https:\/\/facebook.com\/sunoresearch","https:\/\/x.com\/sunoresearch","https:\/\/www.instagram.com\/suno","https:\/\/www.linkedin.com\/company\/suno-research\/","https:\/\/www.youtube.com\/c\/sunoresearch"]},{"@type":"Person","@id":"https:\/\/www.suno.com.br\/noticias\/#\/schema\/person\/7f4d362bf3518e76090143ae77bb49a5","name":"Eduardo Vargas","image":{"@type":"ImageObject","inLanguage":"pt-BR","@id":"https:\/\/www.suno.com.br\/noticias\/#\/schema\/person\/image\/","url":"https:\/\/secure.gravatar.com\/avatar\/dac340933427a22924c9f99d1eb2e3f2?s=96&r=g","contentUrl":"https:\/\/secure.gravatar.com\/avatar\/dac340933427a22924c9f99d1eb2e3f2?s=96&r=g","caption":"Eduardo Vargas"},"description":"Jornalista formado pela UFSC, cobre macroeconomia, neg\u00f3cios e startups para o Suno Not\u00edcias, escrevendo principalmente not\u00edcias sobre o mercado financeiro e a bolsa de valores. No YouTube e no Instagram, \u00e9 respons\u00e1vel pela produ\u00e7\u00e3o de Reels e Shorts do Suno Not\u00edcias. Anteriormente, trabalhou cobrindo economia e cotidiano no ND+ e para o ND, maior jornal impresso de Santa Catarina. Cursou um semestre letivo de Estudos de M\u00eddia na Universidad de Buenos Aires.","url":"https:\/\/www.suno.com.br\/noticias\/author\/eduardo-vargas\/"}]}},"default_loop_html":"<div class=\"cardsPage__listCard__boxs\"><div class=\"cardsPage__listCard__boxs__img\"><a href=\"https:\/\/www.suno.com.br\/noticias\/motorista-de-aplicativo-alexandre-de-moraes\/\"><img class=\"mask\" src=\"https:\/\/www.suno.com.br\/noticias\/wp-content\/themes\/suno\/resources\/images\/spotlight\/spotlight1img\/bg-mask.png\" alt=\"Image Mask\"\/><img src=\"https:\/\/files.sunoresearch.com.br\/n\/uploads\/2022\/03\/Alexandre-de-Moraes-400x200.jpg\" alt=\"Alexandre de Moraes nega v\u00ednculo trabalhista entre motorista de aplicativo e empresas\"\/><\/a><span class=\"spotlightCategory\"><a href=\"https:\/\/www.suno.com.br\/noticias\/politica\/\">Pol\u00edtica<\/a><\/span><\/div><div class=\"cardsPage__listCard__boxs__content\"><a href=\"https:\/\/www.suno.com.br\/noticias\/motorista-de-aplicativo-alexandre-de-moraes\/\"><h2 class=\"content__title\">Alexandre de Moraes nega v\u00ednculo trabalhista entre motorista de aplicativo e empresas<\/h2><\/a><div class=\"newsContent__article__meta\"><div class=\"newsContent__article__meta__authorBox\"><a href=\"https:\/\/www.suno.com.br\/noticias\/author\/eduardo-vargas\/\" class=\"authorBox__avatar noMobi\"><img src=\"https:\/\/secure.gravatar.com\/avatar\/dac340933427a22924c9f99d1eb2e3f2?s=96&#038;r=g\" alt=\"Eduardo Vargas\"><\/a><div class=\"authorBox__name\"><span>por\n\t\t\t<a href=\"https:\/\/www.suno.com.br\/noticias\/author\/eduardo-vargas\/\"><span itemprop=\"author\">Eduardo Vargas<\/span><\/a><\/span><time datetime=\"2023-05-24T15:00:13-03:00\" itemprop=\"datePublished\">24\/05\/2023 15:00<\/time><\/div><\/div><\/div><\/div><\/div>","single_layout":"posts","amp_enabled":true,"_links":{"self":[{"href":"https:\/\/www.suno.com.br\/noticias\/wp-json\/wp\/v2\/posts\/408590"}],"collection":[{"href":"https:\/\/www.suno.com.br\/noticias\/wp-json\/wp\/v2\/posts"}],"about":[{"href":"https:\/\/www.suno.com.br\/noticias\/wp-json\/wp\/v2\/types\/post"}],"author":[{"embeddable":true,"href":"https:\/\/www.suno.com.br\/noticias\/wp-json\/wp\/v2\/users\/73"}],"replies":[{"embeddable":true,"href":"https:\/\/www.suno.com.br\/noticias\/wp-json\/wp\/v2\/comments?post=408590"}],"version-history":[{"count":3,"href":"https:\/\/www.suno.com.br\/noticias\/wp-json\/wp\/v2\/posts\/408590\/revisions"}],"predecessor-version":[{"id":408660,"href":"https:\/\/www.suno.com.br\/noticias\/wp-json\/wp\/v2\/posts\/408590\/revisions\/408660"}],"wp:featuredmedia":[{"embeddable":true,"href":"https:\/\/www.suno.com.br\/noticias\/wp-json\/wp\/v2\/media\/243383"}],"wp:attachment":[{"href":"https:\/\/www.suno.com.br\/noticias\/wp-json\/wp\/v2\/media?parent=408590"}],"wp:term":[{"taxonomy":"category","embeddable":true,"href":"https:\/\/www.suno.com.br\/noticias\/wp-json\/wp\/v2\/categories?post=408590"},{"taxonomy":"post_tag","embeddable":true,"href":"https:\/\/www.suno.com.br\/noticias\/wp-json\/wp\/v2\/tags?post=408590"},{"taxonomy":"suno_strategy","embeddable":true,"href":"https:\/\/www.suno.com.br\/noticias\/wp-json\/wp\/v2\/suno_strategy?post=408590"}],"curies":[{"name":"wp","href":"https:\/\/api.w.org\/{rel}","templated":true}]}}