{"id":40859,"date":"2019-10-12T09:55:48","date_gmt":"2019-10-12T12:55:48","guid":{"rendered":"https:\/\/www.suno.com.br\/noticias\/?p=40859"},"modified":"2019-10-12T09:56:04","modified_gmt":"2019-10-12T12:56:04","slug":"resumo-da-semana-dolar-12102019","status":"publish","type":"post","link":"https:\/\/www.suno.com.br\/noticias\/resumo-da-semana-dolar-12102019\/","title":{"rendered":"D\u00f3lar fecha semana em alta de 0,95% com acordo na guerra comercial"},"content":{"rendered":"<p>O <a href=\"https:\/\/www.suno.com.br\/artigos\/investir-em-dolar\/\">d\u00f3lar<\/a> fechou a semana em alta de 0,95%, em dias de turbul\u00eancias com not\u00edcias relacionadas \u00e0 guerra comercial entre <strong>Estados Unidos<\/strong> e <strong>China<\/strong> e sinais de desacelera\u00e7\u00e3o econ\u00f4mica global.<\/p>\t<div class=\"wrapper-featured-image\">\n\t\t<figure class=\"spotlightImg\">\n\n\t\t\t<picture>\n\t\t\t\t<source media=\"(max-width: 768px)\" srcset=\"https:\/\/files.sunoresearch.com.br\/n\/uploads\/2019\/06\/753f7398-dol\u00e1r-400x200.webp\">\n\t\t\t\t<img loading=\"lazy\" decoding=\"async\" class=\"newsContent__article__imgCapa lazyloadDisabled newsContent__article__imgCapa--noCaption\" src=\"https:\/\/files.sunoresearch.com.br\/n\/uploads\/2019\/06\/753f7398-dol\u00e1r-800x450.webp\" width=\"800\" height=\"450\" alt=\"D\u00f3lar fecha semana em alta de 0,95% com acordo na guerra comercial\" fetchpriority=high \/>\n\t\t\t<\/picture>\n\n\t\t\t<figcaption class=\"wp-caption-text wp-caption-text--hide\">O d\u00f3lar hoje fechou no maior patamar desde 2 de outubro<\/figcaption>\n\t\t<\/figure>\n\t<\/div>\n\n\n\n<p>A varia\u00e7\u00e3o do d\u00f3lar na \u00faltima semana ode ser explicada pelas seguintes not\u00edcias:<\/p>\n<ul>\n<li><strong>Segunda-feira subiu<\/strong> 1,17% com novas turbul\u00eancias da guerra comercial;<\/li>\n<li><strong>Ter\u00e7a-feira caiu<\/strong> 0,31% ap\u00f3s <strong>FMI<\/strong> apontar desacelera\u00e7\u00e3o da economia global;<\/li>\n<li><strong>Quarta-feira<\/strong> encerrou em <strong>alta<\/strong> ap\u00f3s novidade em guerra comercial;<\/li>\n<li><strong>Quinta-feira<\/strong> fechou em <strong>alta<\/strong> com negocia\u00e7\u00e3o de acordo cambial entre EUA e China;<\/li>\n<li><strong>Sexta-feira <\/strong>fechou em <strong>queda<\/strong> ap\u00f3s acordo parcial na guerra comercial;<\/li>\n<\/ul>\n<h2>Segunda-feira<\/h2>\n<p>O <strong><a href=\"https:\/\/www.youtube.com\/watch?v=WT3eY8HTz-4&amp;t=9s\">d\u00f3lar<\/a><\/strong> fechou em queda na segunda-feira (7) com novas turbul\u00eancias da <strong>guerra comercial<\/strong> entre Estados Unidos e China.<\/p>\n<p>No fechamento do mercado, o <strong>d\u00f3lar<\/strong> registrava\u00a0<strong>alta<\/strong> de 1,173%, negociado a R$ 4,104 na venda, maior cota\u00e7\u00e3o do dia.<\/p>\n<p>A motiva\u00e7\u00e3o principal do dia foi a que autoridades chinesas reduziram alguns termos que estavam propensos a serem discutidos nas negocia\u00e7\u00f5es comerciais com os <strong>EUA.<\/strong><\/p>\n<p><a href=\"https:\/\/www.suno.com.br\/noticias\/dolar-sobe-guerra-comercial-07102019\/\">Saiba mais: D\u00f3lar sobe 1,17% com novas turbul\u00eancias da guerra comercial<\/a><\/p>\n<p><strong>Liu He,<\/strong> chefe da delega\u00e7\u00e3o comercial chinesa, afirmou recentemente que a <strong>China<\/strong> n\u00e3o se comprometer\u00e1 com a reforma de pol\u00edticas industriais ou subs\u00eddios do governo &#8211; duas das principais queixas de <a href=\"https:\/\/www.suno.com.br\/tudo-sobre\/donald-trump\/\">Donald Trump<\/a>.<\/p>\n<h2>Ter\u00e7a-feira<\/h2>\n<p>O <strong>d\u00f3lar<\/strong> encerrou na ter\u00e7a-feira (8) em queda ap\u00f3s a declara\u00e7\u00e3o da diretora-gerente do <strong>FMI<\/strong>, Kristalina Georgieva, sobre a desacelera\u00e7\u00e3o econ\u00f4mica global em 2019.<\/p>\n<p><a href=\"https:\/\/www.suno.com.br\/noticias\/dolar-queda-desaceleracao-economica-08102019\/\">Saiba mais: D\u00f3lar cai 0,31% ap\u00f3s FMI apontar desacelera\u00e7\u00e3o da economia global<\/a><\/p>\n<p>A moeda norte-americana caiu 0,312%, sendo negociado a R$ 4,0917 na venda. A cota\u00e7\u00e3o m\u00ednima foi de R$ 4,0772, por volta das 13h50. A m\u00e1xima foi de R$ 4,1056, \u00e0s 9h30.<\/p>\n<p>A causa principal do dia foi a declara\u00e7\u00e3o da diretora-gerente do <a href=\"https:\/\/www.suno.com.br\/artigos\/fmi\/\">Fundo Monet\u00e1rio Internacional (<strong>FMI<\/strong>)<\/a>, Kristalina Georgieva, que 90% dos pa\u00edses do mundo registrar\u00e3o desacelera\u00e7\u00e3o econ\u00f4mica em 2019.<\/p>\n<h2>Quarta-feira<\/h2>\n<p>O <strong>d\u00f3lar<\/strong> encerrou, na quarta-feira (09), em alta de 0,293% sendo vendido a R$ 4,1037.<\/p>\n<p><a href=\"https:\/\/www.suno.com.br\/noticias\/dolar-alta-novidade-guerra-comercial-09102019\/\">Saiba mais: D\u00f3lar encerra em alta ap\u00f3s novidade em guerra comercial<\/a><\/p>\n<p>O <a href=\"https:\/\/www.suno.com.br\/artigos\/investir-em-dolar\/\"><strong>d\u00f3lar<\/strong><\/a> subiu devido a v\u00e1rios fatores. O principal deles,\u00a0a not\u00edcia de que a <strong>China<\/strong> estaria sinalizando que est\u00e1 interessada em <strong>acordo parcial<\/strong> com <strong>EUA<\/strong> para mitigar impacto de san\u00e7\u00f5es.<\/p>\n<h2>Quinta-feira<\/h2>\n<p>O d\u00f3lar encerrou em <strong>alta<\/strong> na quinta-feira (10) com os <strong>Estados Unidos<\/strong> e a <strong>China<\/strong> negociando um poss\u00edvel acordo cambial.<\/p>\n<p>A moeda norte-americana fechou em alta de 0,485%, negociado a R$ 4,1236 na venda. A cota\u00e7\u00e3o m\u00e1xima foi de R$ 4,1368, por volta das 10h20. A m\u00ednima foi de R$ 4,0935, \u00e0s 09h19.<\/p>\n<p><a href=\"https:\/\/www.suno.com.br\/noticias\/dolar-alta-acordo-cambial-10102019\/\">Saiba mais: D\u00f3lar fecha em alta com negocia\u00e7\u00e3o de acordo cambial entre EUA e China<\/a><\/p>\n<p>O mercado reagiu de forma negativa a informa\u00e7\u00e3o que os <strong>Estados Unidos<\/strong> n\u00e3o apoiam entrada do <strong>Brasil<\/strong> na <strong>Organiza\u00e7\u00e3o Para a Coopera\u00e7\u00e3o e Desenvolvimento Econ\u00f4mico<\/strong> (<strong>OCDE<\/strong>).<\/p>\n<h2>Sexta-feira<\/h2>\n<p>O <a href=\"https:\/\/www.suno.com.br\/artigos\/investir-em-dolar\/\">d\u00f3lar<\/a> fechou em queda de -0,684% vendido a R$ 4,0954 na sexta-feira (11) ap\u00f3s os <strong>Estados Unidos<\/strong> e <strong>China<\/strong> terem chegado a um acordo parcial sobre a <strong>guerra comercial.<\/strong> O que estabelecer\u00e1 as bases para um acordo mais amplo.<\/p>\n<p><a href=\"https:\/\/www.suno.com.br\/noticias\/dolar-queda-acordo-guerra-comercial-11102019\/\">Saiba mais: D\u00f3lar fecha em queda ap\u00f3s acordo parcial em guerra comercial<\/a><\/p>\n<p>Os <strong>Estados Unidos<\/strong> e a <strong>China<\/strong> chegaram a um acordo parcial sobre a <a href=\"https:\/\/www.suno.com.br\/artigos\/a-guerra-comercial\/\">guerra comercial<\/a> nesta sexta. O entendimento entre as duas maiores economias do mundo estabelece as bases para um acordo mais amplo para o futuro.<\/p>\n<p>No acumulado do ano, o <strong>d\u00f3lar\u00a0<\/strong>apresenta uma valoriza\u00e7\u00e3o de 5,68% sobre o real.<\/p>\n","protected":false},"excerpt":{"rendered":"<p>O d\u00f3lar fechou a semana em alta de 0,95%, em dias de turbul\u00eancias com not\u00edcias relacionadas \u00e0 guerra comercial entre Estados Unidos e China e sinais de desacelera\u00e7\u00e3o econ\u00f4mica global. O d\u00f3lar hoje fechou no maior patamar desde 2 de outubro A varia\u00e7\u00e3o do d\u00f3lar na \u00faltima semana ode ser explicada pelas seguintes not\u00edcias: Segunda-feira [&hellip;]<\/p>\n","protected":false},"author":23,"featured_media":27876,"comment_status":"closed","ping_status":"closed","sticky":false,"template":"","format":"standard","meta":[],"categories":[60],"tags":[326,806,980],"suno_strategy":[],"class_list":["post-40859","post","type-post","status-publish","format-standard","has-post-thumbnail","hentry","category-mercado","tag-dolar","tag-fundo-monetario-internacional-fmi","tag-guerra-comercial"],"yoast_head":"<!-- This site is optimized with the Yoast SEO plugin v24.4 - https:\/\/yoast.com\/wordpress\/plugins\/seo\/ -->\n<title>D\u00f3lar fecha semana em alta de 0,95% com agito na guerra comercial<\/title>\n<meta name=\"description\" content=\"O d\u00f3lar fechou a semana em alta de 0,95% ap\u00f3s per\u00edodo marcado por not\u00edcias relacionadas \u00e0 guerra comercial. Clique aqui para saber mais.\" \/>\n<meta name=\"robots\" content=\"index, follow, max-snippet:-1, max-image-preview:large, max-video-preview:-1\" \/>\n<link rel=\"canonical\" href=\"https:\/\/www.suno.com.br\/noticias\/resumo-da-semana-dolar-12102019\/\" \/>\n<meta property=\"og:locale\" content=\"pt_BR\" \/>\n<meta property=\"og:type\" content=\"article\" \/>\n<meta property=\"og:title\" content=\"D\u00f3lar fecha semana em alta de 0,95% com agito na guerra comercial\" \/>\n<meta property=\"og:description\" content=\"O d\u00f3lar fechou a semana em alta de 0,95% ap\u00f3s per\u00edodo marcado por not\u00edcias relacionadas \u00e0 guerra comercial. Clique aqui para saber mais.\" \/>\n<meta property=\"og:url\" content=\"https:\/\/www.suno.com.br\/noticias\/resumo-da-semana-dolar-12102019\/\" \/>\n<meta property=\"og:site_name\" content=\"Suno Not\u00edcias\" \/>\n<meta property=\"article:publisher\" content=\"https:\/\/facebook.com\/sunoresearch\" \/>\n<meta property=\"og:image\" content=\"https:\/\/files.sunoresearch.com.br\/n\/uploads\/2019\/06\/753f7398-dol\u00e1r.jpg\" \/>\n\t<meta property=\"og:image:width\" content=\"2598\" \/>\n\t<meta property=\"og:image:height\" content=\"1700\" \/>\n\t<meta property=\"og:image:type\" content=\"image\/jpeg\" \/>\n<meta name=\"author\" content=\"Rafael Lara\" \/>\n<meta name=\"twitter:card\" content=\"summary_large_image\" \/>\n<meta name=\"twitter:creator\" content=\"@sunoresearch\" \/>\n<meta name=\"twitter:site\" content=\"@sunoresearch\" \/>\n<meta name=\"twitter:label1\" content=\"Escrito por\" \/>\n\t<meta name=\"twitter:data1\" content=\"Rafael Lara\" \/>\n\t<meta name=\"twitter:label2\" content=\"Est. tempo de leitura\" \/>\n\t<meta name=\"twitter:data2\" content=\"3 minutos\" \/>\n<script type=\"application\/ld+json\" class=\"yoast-schema-graph\">{\"@context\":\"https:\/\/schema.org\",\"@graph\":[{\"@type\":\"NewsArticle\",\"@id\":\"https:\/\/www.suno.com.br\/noticias\/resumo-da-semana-dolar-12102019\/#article\",\"isPartOf\":{\"@id\":\"https:\/\/www.suno.com.br\/noticias\/resumo-da-semana-dolar-12102019\/\"},\"author\":{\"name\":\"Rafael Lara\",\"@id\":\"https:\/\/www.suno.com.br\/noticias\/#\/schema\/person\/098743caeed97b37f51315c9576c4078\"},\"headline\":\"D\u00f3lar fecha semana em alta de 0,95% com acordo na guerra comercial\",\"datePublished\":\"2019-10-12T12:55:48+00:00\",\"dateModified\":\"2019-10-12T12:56:04+00:00\",\"mainEntityOfPage\":{\"@id\":\"https:\/\/www.suno.com.br\/noticias\/resumo-da-semana-dolar-12102019\/\"},\"wordCount\":613,\"publisher\":{\"@id\":\"https:\/\/www.suno.com.br\/noticias\/#organization\"},\"image\":{\"@id\":\"https:\/\/www.suno.com.br\/noticias\/resumo-da-semana-dolar-12102019\/#primaryimage\"},\"thumbnailUrl\":\"https:\/\/files.sunoresearch.com.br\/n\/uploads\/2019\/06\/753f7398-dol\u00e1r-scaled.webp\",\"keywords\":[\"d\u00f3lar\",\"Fundo Monet\u00e1rio Internacional (FMI)\",\"guerra comercial\"],\"articleSection\":[\"Mercado\"],\"inLanguage\":\"pt-BR\"},{\"@type\":\"WebPage\",\"@id\":\"https:\/\/www.suno.com.br\/noticias\/resumo-da-semana-dolar-12102019\/\",\"url\":\"https:\/\/www.suno.com.br\/noticias\/resumo-da-semana-dolar-12102019\/\",\"name\":\"D\u00f3lar fecha semana em alta de 0,95% com agito na guerra comercial\",\"isPartOf\":{\"@id\":\"https:\/\/www.suno.com.br\/noticias\/#website\"},\"primaryImageOfPage\":{\"@id\":\"https:\/\/www.suno.com.br\/noticias\/resumo-da-semana-dolar-12102019\/#primaryimage\"},\"image\":{\"@id\":\"https:\/\/www.suno.com.br\/noticias\/resumo-da-semana-dolar-12102019\/#primaryimage\"},\"thumbnailUrl\":\"https:\/\/files.sunoresearch.com.br\/n\/uploads\/2019\/06\/753f7398-dol\u00e1r-scaled.webp\",\"datePublished\":\"2019-10-12T12:55:48+00:00\",\"dateModified\":\"2019-10-12T12:56:04+00:00\",\"description\":\"O d\u00f3lar fechou a semana em alta de 0,95% ap\u00f3s per\u00edodo marcado por not\u00edcias relacionadas \u00e0 guerra comercial. Clique aqui para saber mais.\",\"breadcrumb\":{\"@id\":\"https:\/\/www.suno.com.br\/noticias\/resumo-da-semana-dolar-12102019\/#breadcrumb\"},\"inLanguage\":\"pt-BR\",\"potentialAction\":[{\"@type\":\"ReadAction\",\"target\":[\"https:\/\/www.suno.com.br\/noticias\/resumo-da-semana-dolar-12102019\/\"]}]},{\"@type\":\"ImageObject\",\"inLanguage\":\"pt-BR\",\"@id\":\"https:\/\/www.suno.com.br\/noticias\/resumo-da-semana-dolar-12102019\/#primaryimage\",\"url\":\"https:\/\/files.sunoresearch.com.br\/n\/uploads\/2019\/06\/753f7398-dol\u00e1r-scaled.webp\",\"contentUrl\":\"https:\/\/files.sunoresearch.com.br\/n\/uploads\/2019\/06\/753f7398-dol\u00e1r-scaled.webp\",\"width\":2560,\"height\":1675,\"caption\":\"O d\u00f3lar hoje fechou no maior patamar desde 2 de outubro\"},{\"@type\":\"BreadcrumbList\",\"@id\":\"https:\/\/www.suno.com.br\/noticias\/resumo-da-semana-dolar-12102019\/#breadcrumb\",\"itemListElement\":[{\"@type\":\"ListItem\",\"position\":1,\"name\":\"Not\u00edcias\",\"item\":\"https:\/\/www.suno.com.br\/noticias\/\"},{\"@type\":\"ListItem\",\"position\":2,\"name\":\"Mercado\",\"item\":\"https:\/\/www.suno.com.br\/noticias\/mercado\/\"},{\"@type\":\"ListItem\",\"position\":3,\"name\":\"D\u00f3lar fecha semana em alta de 0,95% com acordo na guerra comercial\"}]},{\"@type\":\"WebSite\",\"@id\":\"https:\/\/www.suno.com.br\/noticias\/#website\",\"url\":\"https:\/\/www.suno.com.br\/noticias\/\",\"name\":\"Suno Not\u00edcias\",\"description\":\"Seu portal de informa\u00e7\u00e3o sobre o mundo dos investimentos\",\"publisher\":{\"@id\":\"https:\/\/www.suno.com.br\/noticias\/#organization\"},\"potentialAction\":[{\"@type\":\"SearchAction\",\"target\":{\"@type\":\"EntryPoint\",\"urlTemplate\":\"https:\/\/www.suno.com.br\/noticias\/?s={search_term_string}\"},\"query-input\":{\"@type\":\"PropertyValueSpecification\",\"valueRequired\":true,\"valueName\":\"search_term_string\"}}],\"inLanguage\":\"pt-BR\"},{\"@type\":\"Organization\",\"@id\":\"https:\/\/www.suno.com.br\/noticias\/#organization\",\"name\":\"Suno Not\u00edcias\",\"url\":\"https:\/\/www.suno.com.br\/noticias\/\",\"logo\":{\"@type\":\"ImageObject\",\"inLanguage\":\"pt-BR\",\"@id\":\"https:\/\/www.suno.com.br\/noticias\/#\/schema\/logo\/image\/\",\"url\":\"https:\/\/files.sunoresearch.com.br\/n\/uploads\/2021\/09\/suno-logo.png\",\"contentUrl\":\"https:\/\/files.sunoresearch.com.br\/n\/uploads\/2021\/09\/suno-logo.png\",\"width\":180,\"height\":180,\"caption\":\"Suno Not\u00edcias\"},\"image\":{\"@id\":\"https:\/\/www.suno.com.br\/noticias\/#\/schema\/logo\/image\/\"},\"sameAs\":[\"https:\/\/facebook.com\/sunoresearch\",\"https:\/\/x.com\/sunoresearch\",\"https:\/\/www.instagram.com\/suno\",\"https:\/\/www.linkedin.com\/company\/suno-research\/\",\"https:\/\/www.youtube.com\/c\/sunoresearch\"]},{\"@type\":\"Person\",\"@id\":\"https:\/\/www.suno.com.br\/noticias\/#\/schema\/person\/098743caeed97b37f51315c9576c4078\",\"name\":\"Rafael Lara\",\"image\":{\"@type\":\"ImageObject\",\"inLanguage\":\"pt-BR\",\"@id\":\"https:\/\/www.suno.com.br\/noticias\/#\/schema\/person\/image\/\",\"url\":\"https:\/\/secure.gravatar.com\/avatar\/dfc254ab9bb2ea1895d98b9e9dae4bdd?s=96&r=g\",\"contentUrl\":\"https:\/\/secure.gravatar.com\/avatar\/dfc254ab9bb2ea1895d98b9e9dae4bdd?s=96&r=g\",\"caption\":\"Rafael Lara\"},\"description\":\"Rafael Lara cursa jornalismo na Faculdade C\u00e1sper L\u00edbero. Escreve sobre pol\u00edtica, economia e neg\u00f3cios para o portal Suno Not\u00edcias. Antes, colaborou na TV Gazeta na produ\u00e7\u00e3o do programa Edi\u00e7\u00e3o Extra.\",\"url\":\"https:\/\/www.suno.com.br\/noticias\/author\/rafael\/\"}]}<\/script>\n<!-- \/ Yoast SEO plugin. -->","yoast_head_json":{"title":"D\u00f3lar fecha semana em alta de 0,95% com agito na guerra comercial","description":"O d\u00f3lar fechou a semana em alta de 0,95% ap\u00f3s per\u00edodo marcado por not\u00edcias relacionadas \u00e0 guerra comercial. Clique aqui para saber mais.","robots":{"index":"index","follow":"follow","max-snippet":"max-snippet:-1","max-image-preview":"max-image-preview:large","max-video-preview":"max-video-preview:-1"},"canonical":"https:\/\/www.suno.com.br\/noticias\/resumo-da-semana-dolar-12102019\/","og_locale":"pt_BR","og_type":"article","og_title":"D\u00f3lar fecha semana em alta de 0,95% com agito na guerra comercial","og_description":"O d\u00f3lar fechou a semana em alta de 0,95% ap\u00f3s per\u00edodo marcado por not\u00edcias relacionadas \u00e0 guerra comercial. Clique aqui para saber mais.","og_url":"https:\/\/www.suno.com.br\/noticias\/resumo-da-semana-dolar-12102019\/","og_site_name":"Suno Not\u00edcias","article_publisher":"https:\/\/facebook.com\/sunoresearch","og_image":[{"width":2598,"height":1700,"url":"https:\/\/files.sunoresearch.com.br\/n\/uploads\/2019\/06\/753f7398-dol\u00e1r.jpg","type":"image\/jpeg"}],"author":"Rafael Lara","twitter_card":"summary_large_image","twitter_creator":"@sunoresearch","twitter_site":"@sunoresearch","twitter_misc":{"Escrito por":"Rafael Lara","Est. tempo de leitura":"3 minutos"},"schema":{"@context":"https:\/\/schema.org","@graph":[{"@type":"NewsArticle","@id":"https:\/\/www.suno.com.br\/noticias\/resumo-da-semana-dolar-12102019\/#article","isPartOf":{"@id":"https:\/\/www.suno.com.br\/noticias\/resumo-da-semana-dolar-12102019\/"},"author":{"name":"Rafael Lara","@id":"https:\/\/www.suno.com.br\/noticias\/#\/schema\/person\/098743caeed97b37f51315c9576c4078"},"headline":"D\u00f3lar fecha semana em alta de 0,95% com acordo na guerra comercial","datePublished":"2019-10-12T12:55:48+00:00","dateModified":"2019-10-12T12:56:04+00:00","mainEntityOfPage":{"@id":"https:\/\/www.suno.com.br\/noticias\/resumo-da-semana-dolar-12102019\/"},"wordCount":613,"publisher":{"@id":"https:\/\/www.suno.com.br\/noticias\/#organization"},"image":{"@id":"https:\/\/www.suno.com.br\/noticias\/resumo-da-semana-dolar-12102019\/#primaryimage"},"thumbnailUrl":"https:\/\/files.sunoresearch.com.br\/n\/uploads\/2019\/06\/753f7398-dol\u00e1r-scaled.webp","keywords":["d\u00f3lar","Fundo Monet\u00e1rio Internacional (FMI)","guerra comercial"],"articleSection":["Mercado"],"inLanguage":"pt-BR"},{"@type":"WebPage","@id":"https:\/\/www.suno.com.br\/noticias\/resumo-da-semana-dolar-12102019\/","url":"https:\/\/www.suno.com.br\/noticias\/resumo-da-semana-dolar-12102019\/","name":"D\u00f3lar fecha semana em alta de 0,95% com agito na guerra comercial","isPartOf":{"@id":"https:\/\/www.suno.com.br\/noticias\/#website"},"primaryImageOfPage":{"@id":"https:\/\/www.suno.com.br\/noticias\/resumo-da-semana-dolar-12102019\/#primaryimage"},"image":{"@id":"https:\/\/www.suno.com.br\/noticias\/resumo-da-semana-dolar-12102019\/#primaryimage"},"thumbnailUrl":"https:\/\/files.sunoresearch.com.br\/n\/uploads\/2019\/06\/753f7398-dol\u00e1r-scaled.webp","datePublished":"2019-10-12T12:55:48+00:00","dateModified":"2019-10-12T12:56:04+00:00","description":"O d\u00f3lar fechou a semana em alta de 0,95% ap\u00f3s per\u00edodo marcado por not\u00edcias relacionadas \u00e0 guerra comercial. Clique aqui para saber mais.","breadcrumb":{"@id":"https:\/\/www.suno.com.br\/noticias\/resumo-da-semana-dolar-12102019\/#breadcrumb"},"inLanguage":"pt-BR","potentialAction":[{"@type":"ReadAction","target":["https:\/\/www.suno.com.br\/noticias\/resumo-da-semana-dolar-12102019\/"]}]},{"@type":"ImageObject","inLanguage":"pt-BR","@id":"https:\/\/www.suno.com.br\/noticias\/resumo-da-semana-dolar-12102019\/#primaryimage","url":"https:\/\/files.sunoresearch.com.br\/n\/uploads\/2019\/06\/753f7398-dol\u00e1r-scaled.webp","contentUrl":"https:\/\/files.sunoresearch.com.br\/n\/uploads\/2019\/06\/753f7398-dol\u00e1r-scaled.webp","width":2560,"height":1675,"caption":"O d\u00f3lar hoje fechou no maior patamar desde 2 de outubro"},{"@type":"BreadcrumbList","@id":"https:\/\/www.suno.com.br\/noticias\/resumo-da-semana-dolar-12102019\/#breadcrumb","itemListElement":[{"@type":"ListItem","position":1,"name":"Not\u00edcias","item":"https:\/\/www.suno.com.br\/noticias\/"},{"@type":"ListItem","position":2,"name":"Mercado","item":"https:\/\/www.suno.com.br\/noticias\/mercado\/"},{"@type":"ListItem","position":3,"name":"D\u00f3lar fecha semana em alta de 0,95% com acordo na guerra comercial"}]},{"@type":"WebSite","@id":"https:\/\/www.suno.com.br\/noticias\/#website","url":"https:\/\/www.suno.com.br\/noticias\/","name":"Suno Not\u00edcias","description":"Seu portal de informa\u00e7\u00e3o sobre o mundo dos investimentos","publisher":{"@id":"https:\/\/www.suno.com.br\/noticias\/#organization"},"potentialAction":[{"@type":"SearchAction","target":{"@type":"EntryPoint","urlTemplate":"https:\/\/www.suno.com.br\/noticias\/?s={search_term_string}"},"query-input":{"@type":"PropertyValueSpecification","valueRequired":true,"valueName":"search_term_string"}}],"inLanguage":"pt-BR"},{"@type":"Organization","@id":"https:\/\/www.suno.com.br\/noticias\/#organization","name":"Suno Not\u00edcias","url":"https:\/\/www.suno.com.br\/noticias\/","logo":{"@type":"ImageObject","inLanguage":"pt-BR","@id":"https:\/\/www.suno.com.br\/noticias\/#\/schema\/logo\/image\/","url":"https:\/\/files.sunoresearch.com.br\/n\/uploads\/2021\/09\/suno-logo.png","contentUrl":"https:\/\/files.sunoresearch.com.br\/n\/uploads\/2021\/09\/suno-logo.png","width":180,"height":180,"caption":"Suno Not\u00edcias"},"image":{"@id":"https:\/\/www.suno.com.br\/noticias\/#\/schema\/logo\/image\/"},"sameAs":["https:\/\/facebook.com\/sunoresearch","https:\/\/x.com\/sunoresearch","https:\/\/www.instagram.com\/suno","https:\/\/www.linkedin.com\/company\/suno-research\/","https:\/\/www.youtube.com\/c\/sunoresearch"]},{"@type":"Person","@id":"https:\/\/www.suno.com.br\/noticias\/#\/schema\/person\/098743caeed97b37f51315c9576c4078","name":"Rafael Lara","image":{"@type":"ImageObject","inLanguage":"pt-BR","@id":"https:\/\/www.suno.com.br\/noticias\/#\/schema\/person\/image\/","url":"https:\/\/secure.gravatar.com\/avatar\/dfc254ab9bb2ea1895d98b9e9dae4bdd?s=96&r=g","contentUrl":"https:\/\/secure.gravatar.com\/avatar\/dfc254ab9bb2ea1895d98b9e9dae4bdd?s=96&r=g","caption":"Rafael Lara"},"description":"Rafael Lara cursa jornalismo na Faculdade C\u00e1sper L\u00edbero. Escreve sobre pol\u00edtica, economia e neg\u00f3cios para o portal Suno Not\u00edcias. Antes, colaborou na TV Gazeta na produ\u00e7\u00e3o do programa Edi\u00e7\u00e3o Extra.","url":"https:\/\/www.suno.com.br\/noticias\/author\/rafael\/"}]}},"default_loop_html":"<div class=\"cardsPage__listCard__boxs\"><div class=\"cardsPage__listCard__boxs__img\"><a href=\"https:\/\/www.suno.com.br\/noticias\/resumo-da-semana-dolar-12102019\/\"><img class=\"mask\" src=\"https:\/\/www.suno.com.br\/noticias\/wp-content\/themes\/suno\/resources\/images\/spotlight\/spotlight1img\/bg-mask.png\" alt=\"Image Mask\"\/><img src=\"https:\/\/files.sunoresearch.com.br\/n\/uploads\/2019\/06\/753f7398-dol\u00e1r-400x200.webp\" alt=\"D\u00f3lar fecha semana em alta de 0,95% com acordo na guerra comercial\"\/><\/a><span class=\"spotlightCategory\"><a href=\"https:\/\/www.suno.com.br\/noticias\/mercado\/\">Mercado<\/a><\/span><\/div><div class=\"cardsPage__listCard__boxs__content\"><a href=\"https:\/\/www.suno.com.br\/noticias\/resumo-da-semana-dolar-12102019\/\"><h2 class=\"content__title\">D\u00f3lar fecha semana em alta de 0,95% com acordo na guerra comercial<\/h2><\/a><div class=\"newsContent__article__meta\"><div class=\"newsContent__article__meta__authorBox\"><a href=\"https:\/\/www.suno.com.br\/noticias\/author\/rafael\/\" class=\"authorBox__avatar noMobi\"><img src=\"https:\/\/secure.gravatar.com\/avatar\/dfc254ab9bb2ea1895d98b9e9dae4bdd?s=96&#038;r=g\" alt=\"Rafael Lara\"><\/a><div class=\"authorBox__name\"><span>por\n\t\t\t<a href=\"https:\/\/www.suno.com.br\/noticias\/author\/rafael\/\"><span itemprop=\"author\">Rafael Lara<\/span><\/a><\/span><time datetime=\"2019-10-12T09:55:48-03:00\" itemprop=\"datePublished\">12\/10\/2019 09:55<\/time><\/div><\/div><\/div><\/div><\/div>","single_layout":"posts","amp_enabled":true,"_links":{"self":[{"href":"https:\/\/www.suno.com.br\/noticias\/wp-json\/wp\/v2\/posts\/40859"}],"collection":[{"href":"https:\/\/www.suno.com.br\/noticias\/wp-json\/wp\/v2\/posts"}],"about":[{"href":"https:\/\/www.suno.com.br\/noticias\/wp-json\/wp\/v2\/types\/post"}],"author":[{"embeddable":true,"href":"https:\/\/www.suno.com.br\/noticias\/wp-json\/wp\/v2\/users\/23"}],"replies":[{"embeddable":true,"href":"https:\/\/www.suno.com.br\/noticias\/wp-json\/wp\/v2\/comments?post=40859"}],"version-history":[{"count":0,"href":"https:\/\/www.suno.com.br\/noticias\/wp-json\/wp\/v2\/posts\/40859\/revisions"}],"wp:featuredmedia":[{"embeddable":true,"href":"https:\/\/www.suno.com.br\/noticias\/wp-json\/wp\/v2\/media\/27876"}],"wp:attachment":[{"href":"https:\/\/www.suno.com.br\/noticias\/wp-json\/wp\/v2\/media?parent=40859"}],"wp:term":[{"taxonomy":"category","embeddable":true,"href":"https:\/\/www.suno.com.br\/noticias\/wp-json\/wp\/v2\/categories?post=40859"},{"taxonomy":"post_tag","embeddable":true,"href":"https:\/\/www.suno.com.br\/noticias\/wp-json\/wp\/v2\/tags?post=40859"},{"taxonomy":"suno_strategy","embeddable":true,"href":"https:\/\/www.suno.com.br\/noticias\/wp-json\/wp\/v2\/suno_strategy?post=40859"}],"curies":[{"name":"wp","href":"https:\/\/api.w.org\/{rel}","templated":true}]}}