{"id":40842,"date":"2019-10-11T17:59:12","date_gmt":"2019-10-11T20:59:12","guid":{"rendered":"https:\/\/www.suno.com.br\/noticias\/?p=40842"},"modified":"2021-02-17T22:47:45","modified_gmt":"2021-02-18T01:47:45","slug":"dolar-queda-acordo-guerra-comercial-11102019","status":"publish","type":"post","link":"https:\/\/www.suno.com.br\/noticias\/dolar-queda-acordo-guerra-comercial-11102019\/","title":{"rendered":"D\u00f3lar fecha em queda ap\u00f3s acordo parcial em guerra comercial"},"content":{"rendered":"<p>O <a href=\"https:\/\/www.suno.com.br\/artigos\/investir-em-dolar\/\">d\u00f3lar<\/a> fechou em queda nesta sexta-feira (11) ap\u00f3s os <strong>Estados Unidos<\/strong> e <strong>China<\/strong> terem chegado a um acordo parcial sobre a <strong>guerra comercial.<\/strong> O que estabelecer\u00e1 as bases para um acordo mais amplo.<\/p>\t<div class=\"wrapper-featured-image\">\n\t\t<figure class=\"spotlightImg\">\n\n\t\t\t<picture>\n\t\t\t\t<source media=\"(max-width: 768px)\" srcset=\"https:\/\/files.sunoresearch.com.br\/n\/uploads\/2019\/06\/5da068bf-dolarr-400x200.webp\">\n\t\t\t\t<img loading=\"lazy\" decoding=\"async\" class=\"newsContent__article__imgCapa lazyloadDisabled newsContent__article__imgCapa--noCaption\" src=\"https:\/\/files.sunoresearch.com.br\/n\/uploads\/2019\/06\/5da068bf-dolarr-jpg.webp\" width=\"800\" height=\"450\" alt=\"D\u00f3lar fecha em queda ap\u00f3s acordo parcial em guerra comercial\" fetchpriority=high \/>\n\t\t\t<\/picture>\n\n\t\t\t<figcaption class=\"wp-caption-text wp-caption-text--hide\">No dia anterior, o d\u00f3lar encerrou em alta de 1,43%, a R$ 5,7630<\/figcaption>\n\t\t<\/figure>\n\t<\/div>\n\n\n\n<p>O <strong>d\u00f3lar<\/strong> fechou em queda de -0,684% vendido a R$ 4,0954.<\/p>\n<p>Al\u00e9m disso, contribu\u00edram para a <strong>queda:<\/strong><\/p>\n<ul>\n<li><strong>Banco Central<\/strong> autoriza banco <strong>chin\u00eas<\/strong> a ter 100% de <strong>capital estrangeiro;<\/strong><\/li>\n<li><strong>Brexit: UE<\/strong> informa que intensificar\u00e1 negocia\u00e7\u00f5es com <strong>Reino Unido<\/strong><\/li>\n<\/ul>\n<h2>Guerra Comercial<\/h2>\n<p>Os <strong>Estados Unidos<\/strong> e a <strong>China<\/strong> chegaram a um acordo parcial sobre a <a href=\"https:\/\/www.suno.com.br\/artigos\/a-guerra-comercial\/\">guerra comercial<\/a> nesta sexta. O entendimento entre as duas maiores economias do mundo estabelece as bases para um acordo mais amplo.<\/p>\n<p>No acordo, a <strong>China<\/strong> teria aceitado concess\u00f5es agr\u00edcolas para os produtos norte-americanos. Em troca, os <strong>EUA<\/strong> amenizariam a alta das tarifas alfandeg\u00e1rias prevista para ocorrer na pr\u00f3xima semana. Uma escalada que poderia levar a <strong>guerra comercial<\/strong> para outro patamar.<\/p>\n<p>O acordo entre <strong>China<\/strong> e <strong>EUA<\/strong> \u00e9 apenas provis\u00f3rio, e est\u00e1 sujeito a altera\u00e7\u00f5es. Entretanto, \u00e9 um sina positivo que chega poucas horas antes do aguardado encontro entre o presidente <a href=\"https:\/\/www.suno.com.br\/tudo-sobre\/donald-trump\/\"><strong>Donald Trump<\/strong><\/a> e o vice-primeiro ministro chin\u00eas, Liu He.<\/p>\n<p><a href=\"https:\/\/www.suno.com.br\/noticias\/eua-china-acordo-provisorio-guerra-comercial\/\">Saiba mais: EUA e China chegam a acordo parcial sobre guerra comercial<\/a><\/p>\n<p>O pol\u00edtico \u00e9 o principal negociador do gigante asi\u00e1tico. Ele encontrar\u00e1 o mandat\u00e1rio norte-americano na <strong>Casa Branca.<\/strong><\/p>\n<h2>Banco Central<\/h2>\n<p>A primeira autoriza\u00e7\u00e3o para a participa\u00e7\u00e3o estrangeira em um banco foi concedida nesta sexta-feira (11) pelo <a href=\"https:\/\/www.suno.com.br\/artigos\/bacen\/\">Banco Central (BC)<\/a>. O <strong>Banco XCMG Brasil,<\/strong> de propriedade chinesa, ser\u00e1 o primeiro a poder operar no Brasil.<\/p>\n<p><a href=\"https:\/\/www.suno.com.br\/noticias\/banco-central-autoriza-banco-chines\/\">Saiba mais: Banco Central autoriza banco chin\u00eas a ter 100% de capital estrangeiro<\/a><\/p>\n<p>A diretoria colegiada do <strong>Banco Central<\/strong> aprovou o reconhecimento de interesse do governo brasileiro a participa\u00e7\u00e3o estrangeira no capital<br \/>\ndo <strong>Banco XCMG Brasil<\/strong>.<\/p>\n<p>Esse foi o primeiro caso de autoriza\u00e7\u00e3o de participa\u00e7\u00e3o estrangeira ap\u00f3s a edi\u00e7\u00e3o do Decreto n\u00ba 10.029. O text transferiu da Presid\u00eancia da Rep\u00fablica para o <strong>Banco Central<\/strong> esse tipo de an\u00e1lise.<\/p>\n<h2>Brexit<\/h2>\n<p>A <a href=\"https:\/\/www.suno.com.br\/artigos\/uniao-europeia\/\">Uni\u00e3o Europeia (UE)<\/a> informou nesta sexta que ir\u00e1 intensificar as negocia\u00e7\u00f5es com o <strong>Reino Unido<\/strong>. O objetivo \u00e9 conseguir um acordo para que o Brexit ocorra dentro do prazo, no dia 31 de outubro, e com benef\u00edcios para ambas as partes.<\/p>\n<p><a href=\"https:\/\/www.suno.com.br\/noticias\/brexit-ue-e-reino-unido-intensificarao-negociacoes\/\">Saiba mais: Brexit: UE informa que intensificar\u00e1 negocia\u00e7\u00f5es com Reino Unido<\/a><\/p>\n<p>A informa\u00e7\u00e3o foi confirmada pelo negociador da <strong>Uni\u00e3o Europeia<\/strong> no processo do <strong>Brexit<\/strong>, <strong>Michael<\/strong> <strong>Barnier<\/strong>, por meio de um comunicado. O texto diz que Barnier conseguiu ter uma &#8220;reuni\u00e3o construtiva&#8221; com o secret\u00e1rio de Estado do <strong>Reino Unido, Stephen Barclay,<\/strong> nesta sexta, em Bruxelas.<\/p>\n<p>O negociador da <strong>UE<\/strong> tamb\u00e9m afirmou que falou com os l\u00edderes de todos os pa\u00edses que constituem o bloco europeu. O primeiro-ministro do Reino Unido, <strong>Boris<\/strong> <strong>Johnson<\/strong>, no entanto, afirmou que &#8220;ainda h\u00e1 um caminho a percorrer antes de um acordo&#8221;.<\/p>\n<h2>\u00daltima cota\u00e7\u00e3o do d\u00f3lar<\/h2>\n<p>Na \u00faltima sess\u00e3o, quinta-feira (10), o <strong>d\u00f3lar<\/strong> encerrou o dia com uma alta de 0,48%, negociado a R$ 4,1236.<\/p>\n","protected":false},"excerpt":{"rendered":"<p>O d\u00f3lar fechou em queda nesta sexta-feira (11) ap\u00f3s os Estados Unidos e China terem chegado a um acordo parcial sobre a guerra comercial. O que estabelecer\u00e1 as bases para um acordo mais amplo. No dia anterior, o d\u00f3lar encerrou em alta de 1,43%, a R$ 5,7630 O d\u00f3lar fechou em queda de -0,684% vendido [&hellip;]<\/p>\n","protected":false},"author":23,"featured_media":28097,"comment_status":"closed","ping_status":"closed","sticky":false,"template":"","format":"standard","meta":[],"categories":[60],"tags":[1842,753,326,980],"suno_strategy":[],"class_list":["post-40842","post","type-post","status-publish","format-standard","has-post-thumbnail","hentry","category-mercado","tag-banco-central-bc","tag-brexit","tag-dolar","tag-guerra-comercial"],"yoast_head":"<!-- This site is optimized with the Yoast SEO plugin v24.4 - https:\/\/yoast.com\/wordpress\/plugins\/seo\/ -->\n<title>D\u00f3lar fecha em queda ap\u00f3s acordo parcial em guerra comercial<\/title>\n<meta name=\"description\" content=\"O d\u00f3lar fechou em queda ap\u00f3s EUA e China terem chegado a um acordo parcial sobre a guerra comercial. Clique para saber mais.\" \/>\n<meta name=\"robots\" content=\"index, follow, max-snippet:-1, max-image-preview:large, max-video-preview:-1\" \/>\n<link rel=\"canonical\" href=\"https:\/\/www.suno.com.br\/noticias\/dolar-queda-acordo-guerra-comercial-11102019\/\" \/>\n<meta property=\"og:locale\" content=\"pt_BR\" \/>\n<meta property=\"og:type\" content=\"article\" \/>\n<meta property=\"og:title\" content=\"D\u00f3lar fecha em queda ap\u00f3s acordo parcial em guerra comercial\" \/>\n<meta property=\"og:description\" content=\"O d\u00f3lar fechou em queda ap\u00f3s EUA e China terem chegado a um acordo parcial sobre a guerra comercial. Clique para saber mais.\" \/>\n<meta property=\"og:url\" content=\"https:\/\/www.suno.com.br\/noticias\/dolar-queda-acordo-guerra-comercial-11102019\/\" \/>\n<meta property=\"og:site_name\" content=\"Suno Not\u00edcias\" \/>\n<meta property=\"article:publisher\" content=\"https:\/\/facebook.com\/sunoresearch\" \/>\n<meta property=\"og:image\" content=\"https:\/\/files.sunoresearch.com.br\/n\/uploads\/2019\/06\/5da068bf-dolarr.jpg\" \/>\n\t<meta property=\"og:image:width\" content=\"640\" \/>\n\t<meta property=\"og:image:height\" content=\"370\" \/>\n\t<meta property=\"og:image:type\" content=\"image\/jpeg\" \/>\n<meta name=\"author\" content=\"Rafael Lara\" \/>\n<meta name=\"twitter:card\" content=\"summary_large_image\" \/>\n<meta name=\"twitter:creator\" content=\"@sunoresearch\" \/>\n<meta name=\"twitter:site\" content=\"@sunoresearch\" \/>\n<meta name=\"twitter:label1\" content=\"Escrito por\" \/>\n\t<meta name=\"twitter:data1\" content=\"Rafael Lara\" \/>\n\t<meta name=\"twitter:label2\" content=\"Est. tempo de leitura\" \/>\n\t<meta name=\"twitter:data2\" content=\"3 minutos\" \/>\n<script type=\"application\/ld+json\" class=\"yoast-schema-graph\">{\"@context\":\"https:\/\/schema.org\",\"@graph\":[{\"@type\":\"NewsArticle\",\"@id\":\"https:\/\/www.suno.com.br\/noticias\/dolar-queda-acordo-guerra-comercial-11102019\/#article\",\"isPartOf\":{\"@id\":\"https:\/\/www.suno.com.br\/noticias\/dolar-queda-acordo-guerra-comercial-11102019\/\"},\"author\":{\"name\":\"Rafael Lara\",\"@id\":\"https:\/\/www.suno.com.br\/noticias\/#\/schema\/person\/098743caeed97b37f51315c9576c4078\"},\"headline\":\"D\u00f3lar fecha em queda ap\u00f3s acordo parcial em guerra comercial\",\"datePublished\":\"2019-10-11T20:59:12+00:00\",\"dateModified\":\"2021-02-18T01:47:45+00:00\",\"mainEntityOfPage\":{\"@id\":\"https:\/\/www.suno.com.br\/noticias\/dolar-queda-acordo-guerra-comercial-11102019\/\"},\"wordCount\":523,\"publisher\":{\"@id\":\"https:\/\/www.suno.com.br\/noticias\/#organization\"},\"image\":{\"@id\":\"https:\/\/www.suno.com.br\/noticias\/dolar-queda-acordo-guerra-comercial-11102019\/#primaryimage\"},\"thumbnailUrl\":\"https:\/\/files.sunoresearch.com.br\/n\/uploads\/2019\/06\/5da068bf-dolarr-jpg.webp\",\"keywords\":[\"Banco Central (BC)\",\"Brexit\",\"d\u00f3lar\",\"guerra comercial\"],\"articleSection\":[\"Mercado\"],\"inLanguage\":\"pt-BR\"},{\"@type\":\"WebPage\",\"@id\":\"https:\/\/www.suno.com.br\/noticias\/dolar-queda-acordo-guerra-comercial-11102019\/\",\"url\":\"https:\/\/www.suno.com.br\/noticias\/dolar-queda-acordo-guerra-comercial-11102019\/\",\"name\":\"D\u00f3lar fecha em queda ap\u00f3s acordo parcial em guerra comercial\",\"isPartOf\":{\"@id\":\"https:\/\/www.suno.com.br\/noticias\/#website\"},\"primaryImageOfPage\":{\"@id\":\"https:\/\/www.suno.com.br\/noticias\/dolar-queda-acordo-guerra-comercial-11102019\/#primaryimage\"},\"image\":{\"@id\":\"https:\/\/www.suno.com.br\/noticias\/dolar-queda-acordo-guerra-comercial-11102019\/#primaryimage\"},\"thumbnailUrl\":\"https:\/\/files.sunoresearch.com.br\/n\/uploads\/2019\/06\/5da068bf-dolarr-jpg.webp\",\"datePublished\":\"2019-10-11T20:59:12+00:00\",\"dateModified\":\"2021-02-18T01:47:45+00:00\",\"description\":\"O d\u00f3lar fechou em queda ap\u00f3s EUA e China terem chegado a um acordo parcial sobre a guerra comercial. Clique para saber mais.\",\"breadcrumb\":{\"@id\":\"https:\/\/www.suno.com.br\/noticias\/dolar-queda-acordo-guerra-comercial-11102019\/#breadcrumb\"},\"inLanguage\":\"pt-BR\",\"potentialAction\":[{\"@type\":\"ReadAction\",\"target\":[\"https:\/\/www.suno.com.br\/noticias\/dolar-queda-acordo-guerra-comercial-11102019\/\"]}]},{\"@type\":\"ImageObject\",\"inLanguage\":\"pt-BR\",\"@id\":\"https:\/\/www.suno.com.br\/noticias\/dolar-queda-acordo-guerra-comercial-11102019\/#primaryimage\",\"url\":\"https:\/\/files.sunoresearch.com.br\/n\/uploads\/2019\/06\/5da068bf-dolarr-jpg.webp\",\"contentUrl\":\"https:\/\/files.sunoresearch.com.br\/n\/uploads\/2019\/06\/5da068bf-dolarr-jpg.webp\",\"width\":640,\"height\":370,\"caption\":\"No dia anterior, o d\u00f3lar encerrou em alta de 1,43%, a R$ 5,7630\"},{\"@type\":\"BreadcrumbList\",\"@id\":\"https:\/\/www.suno.com.br\/noticias\/dolar-queda-acordo-guerra-comercial-11102019\/#breadcrumb\",\"itemListElement\":[{\"@type\":\"ListItem\",\"position\":1,\"name\":\"Not\u00edcias\",\"item\":\"https:\/\/www.suno.com.br\/noticias\/\"},{\"@type\":\"ListItem\",\"position\":2,\"name\":\"Mercado\",\"item\":\"https:\/\/www.suno.com.br\/noticias\/mercado\/\"},{\"@type\":\"ListItem\",\"position\":3,\"name\":\"D\u00f3lar fecha em queda ap\u00f3s acordo parcial em guerra comercial\"}]},{\"@type\":\"WebSite\",\"@id\":\"https:\/\/www.suno.com.br\/noticias\/#website\",\"url\":\"https:\/\/www.suno.com.br\/noticias\/\",\"name\":\"Suno Not\u00edcias\",\"description\":\"Seu portal de informa\u00e7\u00e3o sobre o mundo dos investimentos\",\"publisher\":{\"@id\":\"https:\/\/www.suno.com.br\/noticias\/#organization\"},\"potentialAction\":[{\"@type\":\"SearchAction\",\"target\":{\"@type\":\"EntryPoint\",\"urlTemplate\":\"https:\/\/www.suno.com.br\/noticias\/?s={search_term_string}\"},\"query-input\":{\"@type\":\"PropertyValueSpecification\",\"valueRequired\":true,\"valueName\":\"search_term_string\"}}],\"inLanguage\":\"pt-BR\"},{\"@type\":\"Organization\",\"@id\":\"https:\/\/www.suno.com.br\/noticias\/#organization\",\"name\":\"Suno Not\u00edcias\",\"url\":\"https:\/\/www.suno.com.br\/noticias\/\",\"logo\":{\"@type\":\"ImageObject\",\"inLanguage\":\"pt-BR\",\"@id\":\"https:\/\/www.suno.com.br\/noticias\/#\/schema\/logo\/image\/\",\"url\":\"https:\/\/files.sunoresearch.com.br\/n\/uploads\/2021\/09\/suno-logo.png\",\"contentUrl\":\"https:\/\/files.sunoresearch.com.br\/n\/uploads\/2021\/09\/suno-logo.png\",\"width\":180,\"height\":180,\"caption\":\"Suno Not\u00edcias\"},\"image\":{\"@id\":\"https:\/\/www.suno.com.br\/noticias\/#\/schema\/logo\/image\/\"},\"sameAs\":[\"https:\/\/facebook.com\/sunoresearch\",\"https:\/\/x.com\/sunoresearch\",\"https:\/\/www.instagram.com\/suno\",\"https:\/\/www.linkedin.com\/company\/suno-research\/\",\"https:\/\/www.youtube.com\/c\/sunoresearch\"]},{\"@type\":\"Person\",\"@id\":\"https:\/\/www.suno.com.br\/noticias\/#\/schema\/person\/098743caeed97b37f51315c9576c4078\",\"name\":\"Rafael Lara\",\"image\":{\"@type\":\"ImageObject\",\"inLanguage\":\"pt-BR\",\"@id\":\"https:\/\/www.suno.com.br\/noticias\/#\/schema\/person\/image\/\",\"url\":\"https:\/\/secure.gravatar.com\/avatar\/dfc254ab9bb2ea1895d98b9e9dae4bdd?s=96&r=g\",\"contentUrl\":\"https:\/\/secure.gravatar.com\/avatar\/dfc254ab9bb2ea1895d98b9e9dae4bdd?s=96&r=g\",\"caption\":\"Rafael Lara\"},\"description\":\"Rafael Lara cursa jornalismo na Faculdade C\u00e1sper L\u00edbero. Escreve sobre pol\u00edtica, economia e neg\u00f3cios para o portal Suno Not\u00edcias. Antes, colaborou na TV Gazeta na produ\u00e7\u00e3o do programa Edi\u00e7\u00e3o Extra.\",\"url\":\"https:\/\/www.suno.com.br\/noticias\/author\/rafael\/\"}]}<\/script>\n<!-- \/ Yoast SEO plugin. -->","yoast_head_json":{"title":"D\u00f3lar fecha em queda ap\u00f3s acordo parcial em guerra comercial","description":"O d\u00f3lar fechou em queda ap\u00f3s EUA e China terem chegado a um acordo parcial sobre a guerra comercial. Clique para saber mais.","robots":{"index":"index","follow":"follow","max-snippet":"max-snippet:-1","max-image-preview":"max-image-preview:large","max-video-preview":"max-video-preview:-1"},"canonical":"https:\/\/www.suno.com.br\/noticias\/dolar-queda-acordo-guerra-comercial-11102019\/","og_locale":"pt_BR","og_type":"article","og_title":"D\u00f3lar fecha em queda ap\u00f3s acordo parcial em guerra comercial","og_description":"O d\u00f3lar fechou em queda ap\u00f3s EUA e China terem chegado a um acordo parcial sobre a guerra comercial. Clique para saber mais.","og_url":"https:\/\/www.suno.com.br\/noticias\/dolar-queda-acordo-guerra-comercial-11102019\/","og_site_name":"Suno Not\u00edcias","article_publisher":"https:\/\/facebook.com\/sunoresearch","og_image":[{"width":640,"height":370,"url":"https:\/\/files.sunoresearch.com.br\/n\/uploads\/2019\/06\/5da068bf-dolarr.jpg","type":"image\/jpeg"}],"author":"Rafael Lara","twitter_card":"summary_large_image","twitter_creator":"@sunoresearch","twitter_site":"@sunoresearch","twitter_misc":{"Escrito por":"Rafael Lara","Est. tempo de leitura":"3 minutos"},"schema":{"@context":"https:\/\/schema.org","@graph":[{"@type":"NewsArticle","@id":"https:\/\/www.suno.com.br\/noticias\/dolar-queda-acordo-guerra-comercial-11102019\/#article","isPartOf":{"@id":"https:\/\/www.suno.com.br\/noticias\/dolar-queda-acordo-guerra-comercial-11102019\/"},"author":{"name":"Rafael Lara","@id":"https:\/\/www.suno.com.br\/noticias\/#\/schema\/person\/098743caeed97b37f51315c9576c4078"},"headline":"D\u00f3lar fecha em queda ap\u00f3s acordo parcial em guerra comercial","datePublished":"2019-10-11T20:59:12+00:00","dateModified":"2021-02-18T01:47:45+00:00","mainEntityOfPage":{"@id":"https:\/\/www.suno.com.br\/noticias\/dolar-queda-acordo-guerra-comercial-11102019\/"},"wordCount":523,"publisher":{"@id":"https:\/\/www.suno.com.br\/noticias\/#organization"},"image":{"@id":"https:\/\/www.suno.com.br\/noticias\/dolar-queda-acordo-guerra-comercial-11102019\/#primaryimage"},"thumbnailUrl":"https:\/\/files.sunoresearch.com.br\/n\/uploads\/2019\/06\/5da068bf-dolarr-jpg.webp","keywords":["Banco Central (BC)","Brexit","d\u00f3lar","guerra comercial"],"articleSection":["Mercado"],"inLanguage":"pt-BR"},{"@type":"WebPage","@id":"https:\/\/www.suno.com.br\/noticias\/dolar-queda-acordo-guerra-comercial-11102019\/","url":"https:\/\/www.suno.com.br\/noticias\/dolar-queda-acordo-guerra-comercial-11102019\/","name":"D\u00f3lar fecha em queda ap\u00f3s acordo parcial em guerra comercial","isPartOf":{"@id":"https:\/\/www.suno.com.br\/noticias\/#website"},"primaryImageOfPage":{"@id":"https:\/\/www.suno.com.br\/noticias\/dolar-queda-acordo-guerra-comercial-11102019\/#primaryimage"},"image":{"@id":"https:\/\/www.suno.com.br\/noticias\/dolar-queda-acordo-guerra-comercial-11102019\/#primaryimage"},"thumbnailUrl":"https:\/\/files.sunoresearch.com.br\/n\/uploads\/2019\/06\/5da068bf-dolarr-jpg.webp","datePublished":"2019-10-11T20:59:12+00:00","dateModified":"2021-02-18T01:47:45+00:00","description":"O d\u00f3lar fechou em queda ap\u00f3s EUA e China terem chegado a um acordo parcial sobre a guerra comercial. Clique para saber mais.","breadcrumb":{"@id":"https:\/\/www.suno.com.br\/noticias\/dolar-queda-acordo-guerra-comercial-11102019\/#breadcrumb"},"inLanguage":"pt-BR","potentialAction":[{"@type":"ReadAction","target":["https:\/\/www.suno.com.br\/noticias\/dolar-queda-acordo-guerra-comercial-11102019\/"]}]},{"@type":"ImageObject","inLanguage":"pt-BR","@id":"https:\/\/www.suno.com.br\/noticias\/dolar-queda-acordo-guerra-comercial-11102019\/#primaryimage","url":"https:\/\/files.sunoresearch.com.br\/n\/uploads\/2019\/06\/5da068bf-dolarr-jpg.webp","contentUrl":"https:\/\/files.sunoresearch.com.br\/n\/uploads\/2019\/06\/5da068bf-dolarr-jpg.webp","width":640,"height":370,"caption":"No dia anterior, o d\u00f3lar encerrou em alta de 1,43%, a R$ 5,7630"},{"@type":"BreadcrumbList","@id":"https:\/\/www.suno.com.br\/noticias\/dolar-queda-acordo-guerra-comercial-11102019\/#breadcrumb","itemListElement":[{"@type":"ListItem","position":1,"name":"Not\u00edcias","item":"https:\/\/www.suno.com.br\/noticias\/"},{"@type":"ListItem","position":2,"name":"Mercado","item":"https:\/\/www.suno.com.br\/noticias\/mercado\/"},{"@type":"ListItem","position":3,"name":"D\u00f3lar fecha em queda ap\u00f3s acordo parcial em guerra comercial"}]},{"@type":"WebSite","@id":"https:\/\/www.suno.com.br\/noticias\/#website","url":"https:\/\/www.suno.com.br\/noticias\/","name":"Suno Not\u00edcias","description":"Seu portal de informa\u00e7\u00e3o sobre o mundo dos investimentos","publisher":{"@id":"https:\/\/www.suno.com.br\/noticias\/#organization"},"potentialAction":[{"@type":"SearchAction","target":{"@type":"EntryPoint","urlTemplate":"https:\/\/www.suno.com.br\/noticias\/?s={search_term_string}"},"query-input":{"@type":"PropertyValueSpecification","valueRequired":true,"valueName":"search_term_string"}}],"inLanguage":"pt-BR"},{"@type":"Organization","@id":"https:\/\/www.suno.com.br\/noticias\/#organization","name":"Suno Not\u00edcias","url":"https:\/\/www.suno.com.br\/noticias\/","logo":{"@type":"ImageObject","inLanguage":"pt-BR","@id":"https:\/\/www.suno.com.br\/noticias\/#\/schema\/logo\/image\/","url":"https:\/\/files.sunoresearch.com.br\/n\/uploads\/2021\/09\/suno-logo.png","contentUrl":"https:\/\/files.sunoresearch.com.br\/n\/uploads\/2021\/09\/suno-logo.png","width":180,"height":180,"caption":"Suno Not\u00edcias"},"image":{"@id":"https:\/\/www.suno.com.br\/noticias\/#\/schema\/logo\/image\/"},"sameAs":["https:\/\/facebook.com\/sunoresearch","https:\/\/x.com\/sunoresearch","https:\/\/www.instagram.com\/suno","https:\/\/www.linkedin.com\/company\/suno-research\/","https:\/\/www.youtube.com\/c\/sunoresearch"]},{"@type":"Person","@id":"https:\/\/www.suno.com.br\/noticias\/#\/schema\/person\/098743caeed97b37f51315c9576c4078","name":"Rafael Lara","image":{"@type":"ImageObject","inLanguage":"pt-BR","@id":"https:\/\/www.suno.com.br\/noticias\/#\/schema\/person\/image\/","url":"https:\/\/secure.gravatar.com\/avatar\/dfc254ab9bb2ea1895d98b9e9dae4bdd?s=96&r=g","contentUrl":"https:\/\/secure.gravatar.com\/avatar\/dfc254ab9bb2ea1895d98b9e9dae4bdd?s=96&r=g","caption":"Rafael Lara"},"description":"Rafael Lara cursa jornalismo na Faculdade C\u00e1sper L\u00edbero. Escreve sobre pol\u00edtica, economia e neg\u00f3cios para o portal Suno Not\u00edcias. Antes, colaborou na TV Gazeta na produ\u00e7\u00e3o do programa Edi\u00e7\u00e3o Extra.","url":"https:\/\/www.suno.com.br\/noticias\/author\/rafael\/"}]}},"default_loop_html":"<div class=\"cardsPage__listCard__boxs\"><div class=\"cardsPage__listCard__boxs__img\"><a href=\"https:\/\/www.suno.com.br\/noticias\/dolar-queda-acordo-guerra-comercial-11102019\/\"><img class=\"mask\" src=\"https:\/\/www.suno.com.br\/noticias\/wp-content\/themes\/suno\/resources\/images\/spotlight\/spotlight1img\/bg-mask.png\" alt=\"Image Mask\"\/><img src=\"https:\/\/files.sunoresearch.com.br\/n\/uploads\/2019\/06\/5da068bf-dolarr-400x200.webp\" alt=\"D\u00f3lar fecha em queda ap\u00f3s acordo parcial em guerra comercial\"\/><\/a><span class=\"spotlightCategory\"><a href=\"https:\/\/www.suno.com.br\/noticias\/mercado\/\">Mercado<\/a><\/span><\/div><div class=\"cardsPage__listCard__boxs__content\"><a href=\"https:\/\/www.suno.com.br\/noticias\/dolar-queda-acordo-guerra-comercial-11102019\/\"><h2 class=\"content__title\">D\u00f3lar fecha em queda ap\u00f3s acordo parcial em guerra comercial<\/h2><\/a><div class=\"newsContent__article__meta\"><div class=\"newsContent__article__meta__authorBox\"><a href=\"https:\/\/www.suno.com.br\/noticias\/author\/rafael\/\" class=\"authorBox__avatar noMobi\"><img src=\"https:\/\/secure.gravatar.com\/avatar\/dfc254ab9bb2ea1895d98b9e9dae4bdd?s=96&#038;r=g\" alt=\"Rafael Lara\"><\/a><div class=\"authorBox__name\"><span>por\n\t\t\t<a href=\"https:\/\/www.suno.com.br\/noticias\/author\/rafael\/\"><span itemprop=\"author\">Rafael Lara<\/span><\/a><\/span><time datetime=\"2019-10-11T17:59:12-03:00\" itemprop=\"datePublished\">11\/10\/2019 17:59<\/time><\/div><\/div><\/div><\/div><\/div>","single_layout":"posts","amp_enabled":true,"_links":{"self":[{"href":"https:\/\/www.suno.com.br\/noticias\/wp-json\/wp\/v2\/posts\/40842"}],"collection":[{"href":"https:\/\/www.suno.com.br\/noticias\/wp-json\/wp\/v2\/posts"}],"about":[{"href":"https:\/\/www.suno.com.br\/noticias\/wp-json\/wp\/v2\/types\/post"}],"author":[{"embeddable":true,"href":"https:\/\/www.suno.com.br\/noticias\/wp-json\/wp\/v2\/users\/23"}],"replies":[{"embeddable":true,"href":"https:\/\/www.suno.com.br\/noticias\/wp-json\/wp\/v2\/comments?post=40842"}],"version-history":[{"count":0,"href":"https:\/\/www.suno.com.br\/noticias\/wp-json\/wp\/v2\/posts\/40842\/revisions"}],"wp:featuredmedia":[{"embeddable":true,"href":"https:\/\/www.suno.com.br\/noticias\/wp-json\/wp\/v2\/media\/28097"}],"wp:attachment":[{"href":"https:\/\/www.suno.com.br\/noticias\/wp-json\/wp\/v2\/media?parent=40842"}],"wp:term":[{"taxonomy":"category","embeddable":true,"href":"https:\/\/www.suno.com.br\/noticias\/wp-json\/wp\/v2\/categories?post=40842"},{"taxonomy":"post_tag","embeddable":true,"href":"https:\/\/www.suno.com.br\/noticias\/wp-json\/wp\/v2\/tags?post=40842"},{"taxonomy":"suno_strategy","embeddable":true,"href":"https:\/\/www.suno.com.br\/noticias\/wp-json\/wp\/v2\/suno_strategy?post=40842"}],"curies":[{"name":"wp","href":"https:\/\/api.w.org\/{rel}","templated":true}]}}