{"id":40836,"date":"2019-10-11T17:37:59","date_gmt":"2019-10-11T20:37:59","guid":{"rendered":"https:\/\/www.suno.com.br\/noticias\/?p=40836"},"modified":"2019-10-11T17:37:59","modified_gmt":"2019-10-11T20:37:59","slug":"selic-bradesco-previsao-taxa-2019","status":"publish","type":"post","link":"https:\/\/www.suno.com.br\/noticias\/selic-bradesco-previsao-taxa-2019\/","title":{"rendered":"Selic: Bradesco ajusta previs\u00e3o da taxa a 4,5% no final de 2019"},"content":{"rendered":"<p>O departamento de pesquisas e estudos econ\u00f4micos do <strong>Bradesco<\/strong> divulgou um relat\u00f3rio, nesta quinta-feira (11), em que afirma que reduziu sua proje\u00e7\u00e3o para a <a href=\"https:\/\/www.suno.com.br\/artigos\/taxa-selic\/\">taxa b\u00e1sica de juros (Selic)<\/a> a 4,5% no fim de 2019 e estabilidade em 2020. Anteriormente, a taxa havia sido prevista a 4,75%.<\/p>\t<div class=\"wrapper-featured-image\">\n\t\t<figure class=\"spotlightImg\">\n\n\t\t\t<picture>\n\t\t\t\t<source media=\"(max-width: 768px)\" srcset=\"https:\/\/files.sunoresearch.com.br\/n\/uploads\/2018\/12\/6640b66a-selic-400x200.webp\">\n\t\t\t\t<img loading=\"lazy\" decoding=\"async\" class=\"newsContent__article__imgCapa lazyloadDisabled newsContent__article__imgCapa--noCaption\" src=\"https:\/\/files.sunoresearch.com.br\/n\/uploads\/2018\/12\/6640b66a-selic-800x450.webp\" width=\"800\" height=\"450\" alt=\"Selic: Bradesco ajusta previs\u00e3o da taxa a 4,5% no final de 2019\" fetchpriority=high \/>\n\t\t\t<\/picture>\n\n\t\t\t<figcaption class=\"wp-caption-text wp-caption-text--hide\">a\u00e7\u00f5es<\/figcaption>\n\t\t<\/figure>\n\t<\/div>\n\n\n\n<p>O <strong>Bradesco, <\/strong>al\u00e9m da <strong>Selic,<\/strong> tamb\u00e9m revisou a previs\u00e3o do <strong>IPCA<\/strong> para 3,1% em 2019, caindo 0,4% do que havia sido divulgado anteriormente. Al\u00e9m disso, ajustou para 3,7% a previs\u00e3o para 2020, reduzindo 0,2% o que foi anteriormente anunciado.<\/p>\n<p>&#8220;Se por um lado as surpresas baixistas com a infla\u00e7\u00e3o sugerem cortes adicionais de juros, por outro a recupera\u00e7\u00e3o que come\u00e7a a ganhar corpo pode diminuir a necessidade, por parte do <strong>Banco Central,<\/strong> de prover est\u00edmulos adicionais&#8221;, afirmou o economista-chefe do Banco, Fernando Honorato.<\/p>\n<p>O <strong>Bradesco<\/strong> tamb\u00e9m mudou sua previs\u00e3o para o crescimento do <strong>PIB<\/strong> em 2019 para 0,8%. J\u00e1 para 2020, a previs\u00e3o foi ajustada para 1,9%.<\/p>\n<p>&#8220;Em nossa vis\u00e3o, essa \u00e9 uma discuss\u00e3o que ocorrer\u00e1 nos pr\u00f3ximos meses, mas entendemos que hoje o primeiro vetor tende a prevalecer sobre o segundo. Esse aparente &#8216;dilema&#8217; se equacionar\u00e1 no debate sobre juros neutros.&#8221;, salientou <strong>Honorato.<\/strong><\/p>\n<p>Outra institui\u00e7\u00e3o que reduziu sua previs\u00e3o para a taxa <strong>Selic<\/strong> foi o <strong>banco Santander,<\/strong> que indicou 4,5% para 2019 e 2020.<\/p>\n<h2>Maia fala sobre Selic<\/h2>\n<p>O presidente da C\u00e2mara dos Deputados, <strong>Rodrigo<\/strong> <strong>Maia<\/strong> (DEM-RJ), afirmou no \u00faltimo s\u00e1bado (7) que a taxa de juros do Brasil <a href=\"https:\/\/www.suno.com.br\/artigos\/taxa-selic\/\">(Selic)<\/a> permanece muito alta em compara\u00e7\u00e3o com pa\u00edses mais desenvolvidos. Maia ainda citou que alguns pa\u00edses est\u00e3o com a taxa de juros em n\u00edvel negativo.<\/p>\n<p><a href=\"https:\/\/www.suno.com.br\/noticias\/maia-afirma-selic-muito-alta\/\">Saiba mais: Maia afirma que Selic est\u00e1 muito alta em rela\u00e7\u00e3o a juros de outros pa\u00edses<\/a><\/p>\n<p>Mesmo com declara\u00e7\u00f5es fortes, Maia salientou que n\u00e3o busca causar interfer\u00eancia em decis\u00f5es de politica monet\u00e1ria do Banco Central. Entretanto, o deputado fez quest\u00e3o de deixar claro que h\u00e1 espa\u00e7o para novos cortes na <strong>Selic<\/strong>.<\/p>\n<p>As declara\u00e7\u00f5es do deputado sobre a <strong>Selic<\/strong> foram feitas em um evento da revista Piau\u00ed, em S\u00e3o Paulo.<\/p>\n","protected":false},"excerpt":{"rendered":"<p>O departamento de pesquisas e estudos econ\u00f4micos do Bradesco divulgou um relat\u00f3rio, nesta quinta-feira (11), em que afirma que reduziu sua proje\u00e7\u00e3o para a taxa b\u00e1sica de juros (Selic) a 4,5% no fim de 2019 e estabilidade em 2020. Anteriormente, a taxa havia sido prevista a 4,75%. a\u00e7\u00f5es O Bradesco, al\u00e9m da Selic, tamb\u00e9m revisou [&hellip;]<\/p>\n","protected":false},"author":23,"featured_media":8644,"comment_status":"closed","ping_status":"closed","sticky":false,"template":"","format":"standard","meta":[],"categories":[62],"tags":[392,624,290],"suno_strategy":[],"class_list":["post-40836","post","type-post","status-publish","format-standard","has-post-thumbnail","hentry","category-economia","tag-bradesco-bbdc3-bbdc4","tag-santander-sanb11-sanb3-sanb4","tag-taxa-selic"],"yoast_head":"<!-- This site is optimized with the Yoast SEO plugin v24.4 - https:\/\/yoast.com\/wordpress\/plugins\/seo\/ -->\n<title>Selic: Bradesco ajusta previs\u00e3o da taxa a 4,5% no final de 2019<\/title>\n<meta name=\"description\" content=\"O Bradesco divulgou um relat\u00f3rio em que reduziu sua proje\u00e7\u00e3o para a Selic a 4,5% no fim de 2019 e estabilidade em 2020. Clique para mais.\" \/>\n<meta name=\"robots\" content=\"index, follow, max-snippet:-1, max-image-preview:large, max-video-preview:-1\" \/>\n<link rel=\"canonical\" href=\"https:\/\/www.suno.com.br\/noticias\/selic-bradesco-previsao-taxa-2019\/\" \/>\n<meta property=\"og:locale\" content=\"pt_BR\" \/>\n<meta property=\"og:type\" content=\"article\" \/>\n<meta property=\"og:title\" content=\"Selic: Bradesco ajusta previs\u00e3o da taxa a 4,5% no final de 2019\" \/>\n<meta property=\"og:description\" content=\"O Bradesco divulgou um relat\u00f3rio em que reduziu sua proje\u00e7\u00e3o para a Selic a 4,5% no fim de 2019 e estabilidade em 2020. Clique para mais.\" \/>\n<meta property=\"og:url\" content=\"https:\/\/www.suno.com.br\/noticias\/selic-bradesco-previsao-taxa-2019\/\" \/>\n<meta property=\"og:site_name\" content=\"Suno Not\u00edcias\" \/>\n<meta property=\"article:publisher\" content=\"https:\/\/facebook.com\/sunoresearch\" \/>\n<meta property=\"og:image\" content=\"https:\/\/files.sunoresearch.com.br\/n\/uploads\/2018\/12\/6640b66a-selic.jpg\" \/>\n\t<meta property=\"og:image:width\" content=\"1140\" \/>\n\t<meta property=\"og:image:height\" content=\"760\" \/>\n\t<meta property=\"og:image:type\" content=\"image\/jpeg\" \/>\n<meta name=\"author\" content=\"Rafael Lara\" \/>\n<meta name=\"twitter:card\" content=\"summary_large_image\" \/>\n<meta name=\"twitter:creator\" content=\"@sunoresearch\" \/>\n<meta name=\"twitter:site\" content=\"@sunoresearch\" \/>\n<meta name=\"twitter:label1\" content=\"Escrito por\" \/>\n\t<meta name=\"twitter:data1\" content=\"Rafael Lara\" \/>\n\t<meta name=\"twitter:label2\" content=\"Est. tempo de leitura\" \/>\n\t<meta name=\"twitter:data2\" content=\"2 minutos\" \/>\n<script type=\"application\/ld+json\" class=\"yoast-schema-graph\">{\"@context\":\"https:\/\/schema.org\",\"@graph\":[{\"@type\":\"NewsArticle\",\"@id\":\"https:\/\/www.suno.com.br\/noticias\/selic-bradesco-previsao-taxa-2019\/#article\",\"isPartOf\":{\"@id\":\"https:\/\/www.suno.com.br\/noticias\/selic-bradesco-previsao-taxa-2019\/\"},\"author\":{\"name\":\"Rafael Lara\",\"@id\":\"https:\/\/www.suno.com.br\/noticias\/#\/schema\/person\/098743caeed97b37f51315c9576c4078\"},\"headline\":\"Selic: Bradesco ajusta previs\u00e3o da taxa a 4,5% no final de 2019\",\"datePublished\":\"2019-10-11T20:37:59+00:00\",\"mainEntityOfPage\":{\"@id\":\"https:\/\/www.suno.com.br\/noticias\/selic-bradesco-previsao-taxa-2019\/\"},\"wordCount\":363,\"publisher\":{\"@id\":\"https:\/\/www.suno.com.br\/noticias\/#organization\"},\"image\":{\"@id\":\"https:\/\/www.suno.com.br\/noticias\/selic-bradesco-previsao-taxa-2019\/#primaryimage\"},\"thumbnailUrl\":\"https:\/\/files.sunoresearch.com.br\/n\/uploads\/2018\/12\/6640b66a-selic-jpg.webp\",\"keywords\":[\"Bradesco (BBDC3\/BBDC4)\",\"Santander (SANB11\/SANB3\/SANB4)\",\"Taxa Selic\"],\"articleSection\":[\"Economia\"],\"inLanguage\":\"pt-BR\"},{\"@type\":\"WebPage\",\"@id\":\"https:\/\/www.suno.com.br\/noticias\/selic-bradesco-previsao-taxa-2019\/\",\"url\":\"https:\/\/www.suno.com.br\/noticias\/selic-bradesco-previsao-taxa-2019\/\",\"name\":\"Selic: Bradesco ajusta previs\u00e3o da taxa a 4,5% no final de 2019\",\"isPartOf\":{\"@id\":\"https:\/\/www.suno.com.br\/noticias\/#website\"},\"primaryImageOfPage\":{\"@id\":\"https:\/\/www.suno.com.br\/noticias\/selic-bradesco-previsao-taxa-2019\/#primaryimage\"},\"image\":{\"@id\":\"https:\/\/www.suno.com.br\/noticias\/selic-bradesco-previsao-taxa-2019\/#primaryimage\"},\"thumbnailUrl\":\"https:\/\/files.sunoresearch.com.br\/n\/uploads\/2018\/12\/6640b66a-selic-jpg.webp\",\"datePublished\":\"2019-10-11T20:37:59+00:00\",\"description\":\"O Bradesco divulgou um relat\u00f3rio em que reduziu sua proje\u00e7\u00e3o para a Selic a 4,5% no fim de 2019 e estabilidade em 2020. Clique para mais.\",\"breadcrumb\":{\"@id\":\"https:\/\/www.suno.com.br\/noticias\/selic-bradesco-previsao-taxa-2019\/#breadcrumb\"},\"inLanguage\":\"pt-BR\",\"potentialAction\":[{\"@type\":\"ReadAction\",\"target\":[\"https:\/\/www.suno.com.br\/noticias\/selic-bradesco-previsao-taxa-2019\/\"]}]},{\"@type\":\"ImageObject\",\"inLanguage\":\"pt-BR\",\"@id\":\"https:\/\/www.suno.com.br\/noticias\/selic-bradesco-previsao-taxa-2019\/#primaryimage\",\"url\":\"https:\/\/files.sunoresearch.com.br\/n\/uploads\/2018\/12\/6640b66a-selic-jpg.webp\",\"contentUrl\":\"https:\/\/files.sunoresearch.com.br\/n\/uploads\/2018\/12\/6640b66a-selic-jpg.webp\",\"width\":1140,\"height\":760,\"caption\":\"a\u00e7\u00f5es\"},{\"@type\":\"BreadcrumbList\",\"@id\":\"https:\/\/www.suno.com.br\/noticias\/selic-bradesco-previsao-taxa-2019\/#breadcrumb\",\"itemListElement\":[{\"@type\":\"ListItem\",\"position\":1,\"name\":\"Not\u00edcias\",\"item\":\"https:\/\/www.suno.com.br\/noticias\/\"},{\"@type\":\"ListItem\",\"position\":2,\"name\":\"Economia\",\"item\":\"https:\/\/www.suno.com.br\/noticias\/economia\/\"},{\"@type\":\"ListItem\",\"position\":3,\"name\":\"Selic: Bradesco ajusta previs\u00e3o da taxa a 4,5% no final de 2019\"}]},{\"@type\":\"WebSite\",\"@id\":\"https:\/\/www.suno.com.br\/noticias\/#website\",\"url\":\"https:\/\/www.suno.com.br\/noticias\/\",\"name\":\"Suno Not\u00edcias\",\"description\":\"Seu portal de informa\u00e7\u00e3o sobre o mundo dos investimentos\",\"publisher\":{\"@id\":\"https:\/\/www.suno.com.br\/noticias\/#organization\"},\"potentialAction\":[{\"@type\":\"SearchAction\",\"target\":{\"@type\":\"EntryPoint\",\"urlTemplate\":\"https:\/\/www.suno.com.br\/noticias\/?s={search_term_string}\"},\"query-input\":{\"@type\":\"PropertyValueSpecification\",\"valueRequired\":true,\"valueName\":\"search_term_string\"}}],\"inLanguage\":\"pt-BR\"},{\"@type\":\"Organization\",\"@id\":\"https:\/\/www.suno.com.br\/noticias\/#organization\",\"name\":\"Suno Not\u00edcias\",\"url\":\"https:\/\/www.suno.com.br\/noticias\/\",\"logo\":{\"@type\":\"ImageObject\",\"inLanguage\":\"pt-BR\",\"@id\":\"https:\/\/www.suno.com.br\/noticias\/#\/schema\/logo\/image\/\",\"url\":\"https:\/\/files.sunoresearch.com.br\/n\/uploads\/2021\/09\/suno-logo.png\",\"contentUrl\":\"https:\/\/files.sunoresearch.com.br\/n\/uploads\/2021\/09\/suno-logo.png\",\"width\":180,\"height\":180,\"caption\":\"Suno Not\u00edcias\"},\"image\":{\"@id\":\"https:\/\/www.suno.com.br\/noticias\/#\/schema\/logo\/image\/\"},\"sameAs\":[\"https:\/\/facebook.com\/sunoresearch\",\"https:\/\/x.com\/sunoresearch\",\"https:\/\/www.instagram.com\/suno\",\"https:\/\/www.linkedin.com\/company\/suno-research\/\",\"https:\/\/www.youtube.com\/c\/sunoresearch\"]},{\"@type\":\"Person\",\"@id\":\"https:\/\/www.suno.com.br\/noticias\/#\/schema\/person\/098743caeed97b37f51315c9576c4078\",\"name\":\"Rafael Lara\",\"image\":{\"@type\":\"ImageObject\",\"inLanguage\":\"pt-BR\",\"@id\":\"https:\/\/www.suno.com.br\/noticias\/#\/schema\/person\/image\/\",\"url\":\"https:\/\/secure.gravatar.com\/avatar\/dfc254ab9bb2ea1895d98b9e9dae4bdd?s=96&r=g\",\"contentUrl\":\"https:\/\/secure.gravatar.com\/avatar\/dfc254ab9bb2ea1895d98b9e9dae4bdd?s=96&r=g\",\"caption\":\"Rafael Lara\"},\"description\":\"Rafael Lara cursa jornalismo na Faculdade C\u00e1sper L\u00edbero. Escreve sobre pol\u00edtica, economia e neg\u00f3cios para o portal Suno Not\u00edcias. Antes, colaborou na TV Gazeta na produ\u00e7\u00e3o do programa Edi\u00e7\u00e3o Extra.\",\"url\":\"https:\/\/www.suno.com.br\/noticias\/author\/rafael\/\"}]}<\/script>\n<!-- \/ Yoast SEO plugin. -->","yoast_head_json":{"title":"Selic: Bradesco ajusta previs\u00e3o da taxa a 4,5% no final de 2019","description":"O Bradesco divulgou um relat\u00f3rio em que reduziu sua proje\u00e7\u00e3o para a Selic a 4,5% no fim de 2019 e estabilidade em 2020. Clique para mais.","robots":{"index":"index","follow":"follow","max-snippet":"max-snippet:-1","max-image-preview":"max-image-preview:large","max-video-preview":"max-video-preview:-1"},"canonical":"https:\/\/www.suno.com.br\/noticias\/selic-bradesco-previsao-taxa-2019\/","og_locale":"pt_BR","og_type":"article","og_title":"Selic: Bradesco ajusta previs\u00e3o da taxa a 4,5% no final de 2019","og_description":"O Bradesco divulgou um relat\u00f3rio em que reduziu sua proje\u00e7\u00e3o para a Selic a 4,5% no fim de 2019 e estabilidade em 2020. Clique para mais.","og_url":"https:\/\/www.suno.com.br\/noticias\/selic-bradesco-previsao-taxa-2019\/","og_site_name":"Suno Not\u00edcias","article_publisher":"https:\/\/facebook.com\/sunoresearch","og_image":[{"width":1140,"height":760,"url":"https:\/\/files.sunoresearch.com.br\/n\/uploads\/2018\/12\/6640b66a-selic.jpg","type":"image\/jpeg"}],"author":"Rafael Lara","twitter_card":"summary_large_image","twitter_creator":"@sunoresearch","twitter_site":"@sunoresearch","twitter_misc":{"Escrito por":"Rafael Lara","Est. tempo de leitura":"2 minutos"},"schema":{"@context":"https:\/\/schema.org","@graph":[{"@type":"NewsArticle","@id":"https:\/\/www.suno.com.br\/noticias\/selic-bradesco-previsao-taxa-2019\/#article","isPartOf":{"@id":"https:\/\/www.suno.com.br\/noticias\/selic-bradesco-previsao-taxa-2019\/"},"author":{"name":"Rafael Lara","@id":"https:\/\/www.suno.com.br\/noticias\/#\/schema\/person\/098743caeed97b37f51315c9576c4078"},"headline":"Selic: Bradesco ajusta previs\u00e3o da taxa a 4,5% no final de 2019","datePublished":"2019-10-11T20:37:59+00:00","mainEntityOfPage":{"@id":"https:\/\/www.suno.com.br\/noticias\/selic-bradesco-previsao-taxa-2019\/"},"wordCount":363,"publisher":{"@id":"https:\/\/www.suno.com.br\/noticias\/#organization"},"image":{"@id":"https:\/\/www.suno.com.br\/noticias\/selic-bradesco-previsao-taxa-2019\/#primaryimage"},"thumbnailUrl":"https:\/\/files.sunoresearch.com.br\/n\/uploads\/2018\/12\/6640b66a-selic-jpg.webp","keywords":["Bradesco (BBDC3\/BBDC4)","Santander (SANB11\/SANB3\/SANB4)","Taxa Selic"],"articleSection":["Economia"],"inLanguage":"pt-BR"},{"@type":"WebPage","@id":"https:\/\/www.suno.com.br\/noticias\/selic-bradesco-previsao-taxa-2019\/","url":"https:\/\/www.suno.com.br\/noticias\/selic-bradesco-previsao-taxa-2019\/","name":"Selic: Bradesco ajusta previs\u00e3o da taxa a 4,5% no final de 2019","isPartOf":{"@id":"https:\/\/www.suno.com.br\/noticias\/#website"},"primaryImageOfPage":{"@id":"https:\/\/www.suno.com.br\/noticias\/selic-bradesco-previsao-taxa-2019\/#primaryimage"},"image":{"@id":"https:\/\/www.suno.com.br\/noticias\/selic-bradesco-previsao-taxa-2019\/#primaryimage"},"thumbnailUrl":"https:\/\/files.sunoresearch.com.br\/n\/uploads\/2018\/12\/6640b66a-selic-jpg.webp","datePublished":"2019-10-11T20:37:59+00:00","description":"O Bradesco divulgou um relat\u00f3rio em que reduziu sua proje\u00e7\u00e3o para a Selic a 4,5% no fim de 2019 e estabilidade em 2020. Clique para mais.","breadcrumb":{"@id":"https:\/\/www.suno.com.br\/noticias\/selic-bradesco-previsao-taxa-2019\/#breadcrumb"},"inLanguage":"pt-BR","potentialAction":[{"@type":"ReadAction","target":["https:\/\/www.suno.com.br\/noticias\/selic-bradesco-previsao-taxa-2019\/"]}]},{"@type":"ImageObject","inLanguage":"pt-BR","@id":"https:\/\/www.suno.com.br\/noticias\/selic-bradesco-previsao-taxa-2019\/#primaryimage","url":"https:\/\/files.sunoresearch.com.br\/n\/uploads\/2018\/12\/6640b66a-selic-jpg.webp","contentUrl":"https:\/\/files.sunoresearch.com.br\/n\/uploads\/2018\/12\/6640b66a-selic-jpg.webp","width":1140,"height":760,"caption":"a\u00e7\u00f5es"},{"@type":"BreadcrumbList","@id":"https:\/\/www.suno.com.br\/noticias\/selic-bradesco-previsao-taxa-2019\/#breadcrumb","itemListElement":[{"@type":"ListItem","position":1,"name":"Not\u00edcias","item":"https:\/\/www.suno.com.br\/noticias\/"},{"@type":"ListItem","position":2,"name":"Economia","item":"https:\/\/www.suno.com.br\/noticias\/economia\/"},{"@type":"ListItem","position":3,"name":"Selic: Bradesco ajusta previs\u00e3o da taxa a 4,5% no final de 2019"}]},{"@type":"WebSite","@id":"https:\/\/www.suno.com.br\/noticias\/#website","url":"https:\/\/www.suno.com.br\/noticias\/","name":"Suno Not\u00edcias","description":"Seu portal de informa\u00e7\u00e3o sobre o mundo dos investimentos","publisher":{"@id":"https:\/\/www.suno.com.br\/noticias\/#organization"},"potentialAction":[{"@type":"SearchAction","target":{"@type":"EntryPoint","urlTemplate":"https:\/\/www.suno.com.br\/noticias\/?s={search_term_string}"},"query-input":{"@type":"PropertyValueSpecification","valueRequired":true,"valueName":"search_term_string"}}],"inLanguage":"pt-BR"},{"@type":"Organization","@id":"https:\/\/www.suno.com.br\/noticias\/#organization","name":"Suno Not\u00edcias","url":"https:\/\/www.suno.com.br\/noticias\/","logo":{"@type":"ImageObject","inLanguage":"pt-BR","@id":"https:\/\/www.suno.com.br\/noticias\/#\/schema\/logo\/image\/","url":"https:\/\/files.sunoresearch.com.br\/n\/uploads\/2021\/09\/suno-logo.png","contentUrl":"https:\/\/files.sunoresearch.com.br\/n\/uploads\/2021\/09\/suno-logo.png","width":180,"height":180,"caption":"Suno Not\u00edcias"},"image":{"@id":"https:\/\/www.suno.com.br\/noticias\/#\/schema\/logo\/image\/"},"sameAs":["https:\/\/facebook.com\/sunoresearch","https:\/\/x.com\/sunoresearch","https:\/\/www.instagram.com\/suno","https:\/\/www.linkedin.com\/company\/suno-research\/","https:\/\/www.youtube.com\/c\/sunoresearch"]},{"@type":"Person","@id":"https:\/\/www.suno.com.br\/noticias\/#\/schema\/person\/098743caeed97b37f51315c9576c4078","name":"Rafael Lara","image":{"@type":"ImageObject","inLanguage":"pt-BR","@id":"https:\/\/www.suno.com.br\/noticias\/#\/schema\/person\/image\/","url":"https:\/\/secure.gravatar.com\/avatar\/dfc254ab9bb2ea1895d98b9e9dae4bdd?s=96&r=g","contentUrl":"https:\/\/secure.gravatar.com\/avatar\/dfc254ab9bb2ea1895d98b9e9dae4bdd?s=96&r=g","caption":"Rafael Lara"},"description":"Rafael Lara cursa jornalismo na Faculdade C\u00e1sper L\u00edbero. Escreve sobre pol\u00edtica, economia e neg\u00f3cios para o portal Suno Not\u00edcias. Antes, colaborou na TV Gazeta na produ\u00e7\u00e3o do programa Edi\u00e7\u00e3o Extra.","url":"https:\/\/www.suno.com.br\/noticias\/author\/rafael\/"}]}},"default_loop_html":"<div class=\"cardsPage__listCard__boxs\"><div class=\"cardsPage__listCard__boxs__img\"><a href=\"https:\/\/www.suno.com.br\/noticias\/selic-bradesco-previsao-taxa-2019\/\"><img class=\"mask\" src=\"https:\/\/www.suno.com.br\/noticias\/wp-content\/themes\/suno\/resources\/images\/spotlight\/spotlight1img\/bg-mask.png\" alt=\"Image Mask\"\/><img src=\"https:\/\/files.sunoresearch.com.br\/n\/uploads\/2018\/12\/6640b66a-selic-400x200.webp\" alt=\"Selic: Bradesco ajusta previs\u00e3o da taxa a 4,5% no final de 2019\"\/><\/a><span class=\"spotlightCategory\"><a href=\"https:\/\/www.suno.com.br\/noticias\/economia\/\">Economia<\/a><\/span><\/div><div class=\"cardsPage__listCard__boxs__content\"><a href=\"https:\/\/www.suno.com.br\/noticias\/selic-bradesco-previsao-taxa-2019\/\"><h2 class=\"content__title\">Selic: Bradesco ajusta previs\u00e3o da taxa a 4,5% no final de 2019<\/h2><\/a><div class=\"newsContent__article__meta\"><div class=\"newsContent__article__meta__authorBox\"><a href=\"https:\/\/www.suno.com.br\/noticias\/author\/rafael\/\" class=\"authorBox__avatar noMobi\"><img src=\"https:\/\/secure.gravatar.com\/avatar\/dfc254ab9bb2ea1895d98b9e9dae4bdd?s=96&#038;r=g\" alt=\"Rafael Lara\"><\/a><div class=\"authorBox__name\"><span>por\n\t\t\t<a href=\"https:\/\/www.suno.com.br\/noticias\/author\/rafael\/\"><span itemprop=\"author\">Rafael Lara<\/span><\/a><\/span><time datetime=\"2019-10-11T17:37:59-03:00\" itemprop=\"datePublished\">11\/10\/2019 17:37<\/time><\/div><\/div><\/div><\/div><\/div>","single_layout":"posts","amp_enabled":true,"_links":{"self":[{"href":"https:\/\/www.suno.com.br\/noticias\/wp-json\/wp\/v2\/posts\/40836"}],"collection":[{"href":"https:\/\/www.suno.com.br\/noticias\/wp-json\/wp\/v2\/posts"}],"about":[{"href":"https:\/\/www.suno.com.br\/noticias\/wp-json\/wp\/v2\/types\/post"}],"author":[{"embeddable":true,"href":"https:\/\/www.suno.com.br\/noticias\/wp-json\/wp\/v2\/users\/23"}],"replies":[{"embeddable":true,"href":"https:\/\/www.suno.com.br\/noticias\/wp-json\/wp\/v2\/comments?post=40836"}],"version-history":[{"count":0,"href":"https:\/\/www.suno.com.br\/noticias\/wp-json\/wp\/v2\/posts\/40836\/revisions"}],"wp:featuredmedia":[{"embeddable":true,"href":"https:\/\/www.suno.com.br\/noticias\/wp-json\/wp\/v2\/media\/8644"}],"wp:attachment":[{"href":"https:\/\/www.suno.com.br\/noticias\/wp-json\/wp\/v2\/media?parent=40836"}],"wp:term":[{"taxonomy":"category","embeddable":true,"href":"https:\/\/www.suno.com.br\/noticias\/wp-json\/wp\/v2\/categories?post=40836"},{"taxonomy":"post_tag","embeddable":true,"href":"https:\/\/www.suno.com.br\/noticias\/wp-json\/wp\/v2\/tags?post=40836"},{"taxonomy":"suno_strategy","embeddable":true,"href":"https:\/\/www.suno.com.br\/noticias\/wp-json\/wp\/v2\/suno_strategy?post=40836"}],"curies":[{"name":"wp","href":"https:\/\/api.w.org\/{rel}","templated":true}]}}