{"id":408332,"date":"2023-05-24T10:33:24","date_gmt":"2023-05-24T13:33:24","guid":{"rendered":"https:\/\/www.suno.com.br\/noticias\/?p=408332"},"modified":"2023-05-24T10:33:29","modified_gmt":"2023-05-24T13:33:29","slug":"petrobras-petr4-ibama-amapa-licenciamento","status":"publish","type":"post","link":"https:\/\/www.suno.com.br\/noticias\/petrobras-petr4-ibama-amapa-licenciamento\/","title":{"rendered":"Petrobras (PETR4) vai pedir &#8216;segunda chance&#8217; ao Ibama para licenciamento no Amap\u00e1"},"content":{"rendered":"<p>A <a class=\"suno-keyword\" data-force=\"yes\" data-priority=\"2\" href=\"https:\/\/www.suno.com.br\/acoes\/PETR4\/\" target=\"_blank\" rel=\"noopener\"><strong>Petrobras<\/strong> (PETR4)<\/a> informou na manh\u00e3 desta quarta-feira (24), que vai protocolar, ainda nesta semana, pedido ao Instituto Brasileiro do Meio Ambiente e dos Recursos Naturais Renov\u00e1veis (Ibama) para reconsiderar decis\u00e3o acerca do licenciamento no Amap\u00e1.<\/p><div class=\"videoFull \">\n\t\t\t<div class=\"videoWrapper yt-lazyload center\"\n\t\t\t\tdata-width=\"960\"\n\t\t\t\tdata-height=\"540\"\n\t\t\t\tdata-id=\"OaXYycQpQdI\"\n\t\t\t\tdata-alt=\"V\u00eddeo do YouTube - clique para reproduzir\"\n\t\t\t\tdata-logo=\"3\"\n\t\t\t\tdata-imagequality=\"maxres\">\n\t\t\t<\/div>\n\t\t<\/div><script type=\"application\/ld+json\">{\"@context\":\"https:\/\/schema.org\",\"@type\":\"VideoObject\",\"name\":\"Petrobras (PETR4) versus Marina Silva: entenda a briga interna no governo Lula\",\"description\":\"Uma briga entre \u00e1reas importantes do governo Lula est\u00e1 acontecendo neste momento. De um lado, a Petrobras e o ministro de Minas e Energia. De outro, o Ibama e a ministra do Meio Ambiente, Marina Silva. Tudo come\u00e7ou quando o Ibama, respons\u00e1vel por licen\u00e7as ambientais, negou \u00e0 Petrobras autoriza\u00e7\u00e3o para perfurar um po\u00e7o de petr\u00f3leo\u2026\",\"duration\":\"PT4M43S\",\"embedUrl\":\"https:\/\/www.youtube.com\/embed\/OaXYycQpQdI\",\"regionsAllowed\":\"pt-BR\",\"interactionStatistic\":{\"@type\":\"InteractionCounter\",\"interactionType\":{\"@type\":\"WatchAction\"},\"userInteractionCount\":1659},\"thumbnailUrl\":\"https:\/\/i.ytimg.com\/vi\/OaXYycQpQdI\/default.jpg\",\"uploadDate\":\"2023-05-23T21:56:42Z\"}<\/script>\n\n\n\n\n\t<p>\n\t\t<a href=\"\" target=\"_blank\" data-element=\"shortcode-suno-banner\" title=\"Banner SUNO, clique e saiba mais\">\n\t\t\t<picture>\n\t\t\t\t<source media=\"(max-width: 500px)\" srcset=\"\">\n\t\t\t\t<img class=\"newsContent__article__imgCapa newsContent__article__imgCapa--banner\"\n\t\t\t\t\tsrc=\"\"\n\t\t\t\t\tdata-promo-id=\"254218\"\t\t\t\t\t\t\t\t\t\t\t\t\t\t\talt=\"\"\n\t\t\t\t>\n\t\t\t<\/picture>\n\t\t<\/a>\n\t<\/p>\n\n\n\n\n\n\n\n<p>Anteriormente o Ibama havia decidido pelo indeferimento da licen\u00e7a ambiental da Petrobras para perfura\u00e7\u00e3o de um po\u00e7o explorat\u00f3rio no bloco FZA-M-059, localizado em \u00e1guas profundas do <strong>Amap\u00e1<\/strong>, de acordo com procedimento previsto na regula\u00e7\u00e3o.<\/p>\n\n\n\n<p>Na sexta (19) a estatal havia dito que mandaria reconsidera\u00e7\u00e3o ao <strong>Ibama <\/strong>antes do vencimento do prazo legal, que ocorre nesta quarta-feira. <\/p>\n\n\n\n<p>O novo comunicado ao mercado se d\u00e1 ap\u00f3s reuni\u00e3o na Casa Civil ontem, que teve participa\u00e7\u00e3o de representantes dos minist\u00e9rios do <a href=\"https:\/\/www.gov.br\/mma\/pt-br\" target=\"_blank\" rel=\"noreferrer noopener\">Meio Ambiente (MMA)<\/a> e de <a href=\"https:\/\/www.gov.br\/mme\/pt-br\" target=\"_blank\" rel=\"noreferrer noopener\">Minas e Energia (MME)<\/a> e do Ibama, quando foram tratadas as a\u00e7\u00f5es necess\u00e1rias para atender aos questionamentos do \u00f3rg\u00e3o ambiental.<\/p>\n\n\n\n<p>No pedido de reconsidera\u00e7\u00e3o, a companhia se comprometer\u00e1 a ampliar a base de estabiliza\u00e7\u00e3o de fauna no munic\u00edpio de Oiapoque, no Estado do Amap\u00e1. A unidade atuar\u00e1 em conjunto com o Centro de Reabilita\u00e7\u00e3o e Despetroliza\u00e7\u00e3o de Fauna (CRD), j\u00e1 constru\u00eddo pela Petrobras em Bel\u00e9m (PA). <\/p>\n\n\n\n<p>Desse modo, na remota possibilidade de ocorr\u00eancia de um acidente com vazamento, o atendimento \u00e0 fauna poder\u00e1 ser realizado nas duas localidades, segundo a estatal. <\/p>\n\n\n\n<p>A dist\u00e2ncia entre o Centro de Bel\u00e9m e o local da perfura\u00e7\u00e3o foi um dos temas de aten\u00e7\u00e3o destacados pelo \u00f3rg\u00e3o ambiental na sua avalia\u00e7\u00e3o do pleito de licenciamento.<\/p>\n\n\n\n<p>A amplia\u00e7\u00e3o do atendimento \u00e0 fauna pela base de Oiapoque se junta \u00e0 proposta apresentada anteriormente que j\u00e1 inclu\u00eda mais de 100 profissionais dedicados \u00e0 prote\u00e7\u00e3o animal.<\/p>\n\n\n\n<p>Al\u00e9m disso, foram oferecidas unidades de recep\u00e7\u00e3o de fauna, 12 embarca\u00e7\u00f5es e cinco aeronaves que podem ser usadas para monitoramento e resgate. <\/p>\n\n\n\n<p>&#8220;Essa estrutura de resposta a emerg\u00eancia \u00e9 a maior dimensionada pela empresa no pa\u00eds, maior inclusive do que as existentes nas Bacias de Campos e Santos&#8221;, afirma a Petrobras.<\/p>\n\n\n\t<p>\n\t\t<a href=\"https:\/\/lp.suno.com.br\/suno-one\/?utm_campaign=_SNC6964518A_\" target=\"_blank\" data-element=\"shortcode-suno-banner\" title=\"Banner SUNO, clique e saiba mais\">\n\t\t\t<picture>\n\t\t\t\t<source media=\"(max-width: 500px)\" srcset=\"https:\/\/files.sunoresearch.com.br\/n\/uploads\/2025\/09\/400x300-Suno-One-png.webp\">\n\t\t\t\t<img class=\"newsContent__article__imgCapa newsContent__article__imgCapa--banner\"\n\t\t\t\t\tsrc=\"https:\/\/files.sunoresearch.com.br\/n\/uploads\/2025\/09\/1420x240-Suno-One-png.webp\"\n\t\t\t\t\tdata-promo-id=\"383121\"\t\t\t\t\t\t\t\t\t\twidth='1420' height='240'\t\t\t\t\talt=\"https:\/\/files.sunoresearch.com.br\/n\/uploads\/2025\/09\/1420x240-Suno-One-png.webp\"\n\t\t\t\t>\n\t\t\t<\/picture>\n\t\t<\/a>\n\t<\/p>\n\n\n\n\n\n<h2 class=\"wp-block-heading\">Petrobras diz que &#8216;cumpriu o previsto&#8217; nos regramentos<\/h2>\n\n\n\n<p>A companhia defende que atendeu al\u00e9m dos requisitos previstos na legisla\u00e7\u00e3o de refer\u00eancia ao processo de licita\u00e7\u00e3o do bloco FZA-M-059 e que cumpriu todas as exig\u00eancias t\u00e9cnicas demandadas pelo Ibama para o projeto. <\/p>\n\n\n\n<p>A estrutura de resposta \u00e0 emerg\u00eancia proposta pela companhia \u00e9 a maior do pa\u00eds. Ainda assim, a Petrobras se prontifica a atender demandas adicionais porventura remanescentes.<\/p>\n\n\n\n<p>&#8220;\u00c9 importante frisar que a Avalia\u00e7\u00e3o Ambiental de \u00c1rea Sedimentar (AAAS) \u00e9 um instrumento de pol\u00edtica sob responsabilidade compartilhada do MMA e do MME, de acordo com a portaria interministerial no 198\/2012&#8221;, diz a estatal, em comunicado ao mercado.<\/p>\n\n\n\n<p>A <strong>Petrobras<\/strong> ainda reitera que se colocou \u00e0 disposi\u00e7\u00e3o para receber e atender todas as novas solicita\u00e7\u00f5es do Ibama. Caso se confirme o indeferimento da licen\u00e7a, a sonda e os demais recursos mobilizados na regi\u00e3o do bloco FZA-M-59 ser\u00e3o direcionados para atividades da companhia nas bacias da Regi\u00e3o Sudeste.<\/p>\n\n\n\n<p>Com Estad\u00e3o Conte\u00fado<\/p>\n\n\n\t<p>\n\t\t<a href=\"https:\/\/lp.suno.com.br\/plataforma-de-controle-de-investimentos\/\" target=\"_blank\" data-element=\"shortcode-suno-banner\" title=\"Banner SUNO, clique e saiba mais\">\n\t\t\t<picture>\n\t\t\t\t<source media=\"(max-width: 500px)\" srcset=\"https:\/\/files.sunoresearch.com.br\/n\/uploads\/2023\/03\/400x300-Controle-de-Investimentos.png\">\n\t\t\t\t<img class=\"newsContent__article__imgCapa newsContent__article__imgCapa--banner\"\n\t\t\t\t\tsrc=\"https:\/\/files.sunoresearch.com.br\/n\/uploads\/2023\/03\/1420x240-Controle-de-Investimentos.png\"\n\t\t\t\t\tdata-promo-id=\"383162\"\t\t\t\t\t\t\t\t\t\twidth='1420' height='240'\t\t\t\t\talt=\"https:\/\/files.sunoresearch.com.br\/n\/uploads\/2023\/03\/1420x240-Controle-de-Investimentos.png\"\n\t\t\t\t>\n\t\t\t<\/picture>\n\t\t<\/a>\n\t<\/p>\n\n\n","protected":false},"excerpt":{"rendered":"<p>A Petrobras (PETR4) informou na manh\u00e3 desta quarta-feira (24), que vai protocolar, ainda nesta semana, pedido ao Instituto Brasileiro do Meio Ambiente e dos Recursos Naturais Renov\u00e1veis (Ibama) para reconsiderar decis\u00e3o acerca do licenciamento no Amap\u00e1. Anteriormente o Ibama havia decidido pelo indeferimento da licen\u00e7a ambiental da Petrobras para perfura\u00e7\u00e3o de um po\u00e7o explorat\u00f3rio no [&hellip;]<\/p>\n","protected":false},"author":73,"featured_media":337466,"comment_status":"closed","ping_status":"closed","sticky":false,"template":"","format":"standard","meta":[],"categories":[64],"tags":[106444,1038,595],"suno_strategy":[],"class_list":["post-408332","post","type-post","status-publish","format-standard","has-post-thumbnail","hentry","category-negocios","tag-agencias","tag-ibama","tag-petrobras-petr4"],"yoast_head":"<!-- This site is optimized with the Yoast SEO plugin v24.4 - https:\/\/yoast.com\/wordpress\/plugins\/seo\/ -->\n<title>Petrobras (PETR4) vai pedir &#039;segunda chance&#039; ao Ibama no Amap\u00e1<\/title>\n<meta name=\"description\" content=\"Anteriormente o Ibama havia decidido pelo indeferimento da licen\u00e7a ambiental da Petrobras para perfura\u00e7\u00e3o de um po\u00e7o explorat\u00f3rio.\" \/>\n<meta name=\"robots\" content=\"index, follow, max-snippet:-1, max-image-preview:large, max-video-preview:-1\" \/>\n<link rel=\"canonical\" href=\"https:\/\/www.suno.com.br\/noticias\/petrobras-petr4-ibama-amapa-licenciamento\/\" \/>\n<meta property=\"og:locale\" content=\"pt_BR\" \/>\n<meta property=\"og:type\" content=\"article\" \/>\n<meta property=\"og:title\" content=\"Petrobras (PETR4) vai pedir &#039;segunda chance&#039; ao Ibama no Amap\u00e1\" \/>\n<meta property=\"og:description\" content=\"Anteriormente o Ibama havia decidido pelo indeferimento da licen\u00e7a ambiental da Petrobras para perfura\u00e7\u00e3o de um po\u00e7o explorat\u00f3rio.\" \/>\n<meta property=\"og:url\" content=\"https:\/\/www.suno.com.br\/noticias\/petrobras-petr4-ibama-amapa-licenciamento\/\" \/>\n<meta property=\"og:site_name\" content=\"Suno Not\u00edcias\" \/>\n<meta property=\"article:publisher\" content=\"https:\/\/facebook.com\/sunoresearch\" \/>\n<meta property=\"og:image\" content=\"https:\/\/files.sunoresearch.com.br\/n\/uploads\/2022\/12\/petrobras-petr4-edificio-sede-rj-foto-fernando-frazao-agenciabrasil.jpg\" \/>\n\t<meta property=\"og:image:width\" content=\"1200\" \/>\n\t<meta property=\"og:image:height\" content=\"675\" \/>\n\t<meta property=\"og:image:type\" content=\"image\/jpeg\" \/>\n<meta name=\"author\" content=\"Eduardo Vargas\" \/>\n<meta name=\"twitter:card\" content=\"summary_large_image\" \/>\n<meta name=\"twitter:creator\" content=\"@sunoresearch\" \/>\n<meta name=\"twitter:site\" content=\"@sunoresearch\" \/>\n<meta name=\"twitter:label1\" content=\"Escrito por\" \/>\n\t<meta name=\"twitter:data1\" content=\"Eduardo Vargas\" \/>\n\t<meta name=\"twitter:label2\" content=\"Est. tempo de leitura\" \/>\n\t<meta name=\"twitter:data2\" content=\"3 minutos\" \/>\n<script type=\"application\/ld+json\" class=\"yoast-schema-graph\">{\"@context\":\"https:\/\/schema.org\",\"@graph\":[{\"@type\":\"NewsArticle\",\"@id\":\"https:\/\/www.suno.com.br\/noticias\/petrobras-petr4-ibama-amapa-licenciamento\/#article\",\"isPartOf\":{\"@id\":\"https:\/\/www.suno.com.br\/noticias\/petrobras-petr4-ibama-amapa-licenciamento\/\"},\"author\":{\"name\":\"Eduardo Vargas\",\"@id\":\"https:\/\/www.suno.com.br\/noticias\/#\/schema\/person\/7f4d362bf3518e76090143ae77bb49a5\"},\"headline\":\"Petrobras (PETR4) vai pedir &#8216;segunda chance&#8217; ao Ibama para licenciamento no Amap\u00e1\",\"datePublished\":\"2023-05-24T13:33:24+00:00\",\"dateModified\":\"2023-05-24T13:33:29+00:00\",\"mainEntityOfPage\":{\"@id\":\"https:\/\/www.suno.com.br\/noticias\/petrobras-petr4-ibama-amapa-licenciamento\/\"},\"wordCount\":535,\"publisher\":{\"@id\":\"https:\/\/www.suno.com.br\/noticias\/#organization\"},\"image\":{\"@id\":\"https:\/\/www.suno.com.br\/noticias\/petrobras-petr4-ibama-amapa-licenciamento\/#primaryimage\"},\"thumbnailUrl\":\"https:\/\/files.sunoresearch.com.br\/n\/uploads\/2022\/12\/petrobras-petr4-edificio-sede-rj-foto-fernando-frazao-agenciabrasil.jpg\",\"keywords\":[\"Ag\u00eancias\",\"Ibama\",\"Petrobras (PETR4)\"],\"articleSection\":[\"Neg\u00f3cios\"],\"inLanguage\":\"pt-BR\"},{\"@type\":\"WebPage\",\"@id\":\"https:\/\/www.suno.com.br\/noticias\/petrobras-petr4-ibama-amapa-licenciamento\/\",\"url\":\"https:\/\/www.suno.com.br\/noticias\/petrobras-petr4-ibama-amapa-licenciamento\/\",\"name\":\"Petrobras (PETR4) vai pedir 'segunda chance' ao Ibama no Amap\u00e1\",\"isPartOf\":{\"@id\":\"https:\/\/www.suno.com.br\/noticias\/#website\"},\"primaryImageOfPage\":{\"@id\":\"https:\/\/www.suno.com.br\/noticias\/petrobras-petr4-ibama-amapa-licenciamento\/#primaryimage\"},\"image\":{\"@id\":\"https:\/\/www.suno.com.br\/noticias\/petrobras-petr4-ibama-amapa-licenciamento\/#primaryimage\"},\"thumbnailUrl\":\"https:\/\/files.sunoresearch.com.br\/n\/uploads\/2022\/12\/petrobras-petr4-edificio-sede-rj-foto-fernando-frazao-agenciabrasil.jpg\",\"datePublished\":\"2023-05-24T13:33:24+00:00\",\"dateModified\":\"2023-05-24T13:33:29+00:00\",\"description\":\"Anteriormente o Ibama havia decidido pelo indeferimento da licen\u00e7a ambiental da Petrobras para perfura\u00e7\u00e3o de um po\u00e7o explorat\u00f3rio.\",\"breadcrumb\":{\"@id\":\"https:\/\/www.suno.com.br\/noticias\/petrobras-petr4-ibama-amapa-licenciamento\/#breadcrumb\"},\"inLanguage\":\"pt-BR\",\"potentialAction\":[{\"@type\":\"ReadAction\",\"target\":[\"https:\/\/www.suno.com.br\/noticias\/petrobras-petr4-ibama-amapa-licenciamento\/\"]}]},{\"@type\":\"ImageObject\",\"inLanguage\":\"pt-BR\",\"@id\":\"https:\/\/www.suno.com.br\/noticias\/petrobras-petr4-ibama-amapa-licenciamento\/#primaryimage\",\"url\":\"https:\/\/files.sunoresearch.com.br\/n\/uploads\/2022\/12\/petrobras-petr4-edificio-sede-rj-foto-fernando-frazao-agenciabrasil.jpg\",\"contentUrl\":\"https:\/\/files.sunoresearch.com.br\/n\/uploads\/2022\/12\/petrobras-petr4-edificio-sede-rj-foto-fernando-frazao-agenciabrasil.jpg\",\"width\":1200,\"height\":675,\"caption\":\"Petrobras (PETR4): Comit\u00ea rejeita duas indica\u00e7\u00f5es do governo ao Conselho. Foto: Fernando Fraz\u00e3o\/Ag\u00eancia Brasil\"},{\"@type\":\"BreadcrumbList\",\"@id\":\"https:\/\/www.suno.com.br\/noticias\/petrobras-petr4-ibama-amapa-licenciamento\/#breadcrumb\",\"itemListElement\":[{\"@type\":\"ListItem\",\"position\":1,\"name\":\"Not\u00edcias\",\"item\":\"https:\/\/www.suno.com.br\/noticias\/\"},{\"@type\":\"ListItem\",\"position\":2,\"name\":\"Neg\u00f3cios\",\"item\":\"https:\/\/www.suno.com.br\/noticias\/negocios\/\"},{\"@type\":\"ListItem\",\"position\":3,\"name\":\"Petrobras (PETR4) vai pedir &#8216;segunda chance&#8217; ao Ibama para licenciamento no Amap\u00e1\"}]},{\"@type\":\"WebSite\",\"@id\":\"https:\/\/www.suno.com.br\/noticias\/#website\",\"url\":\"https:\/\/www.suno.com.br\/noticias\/\",\"name\":\"Suno Not\u00edcias\",\"description\":\"Seu portal de informa\u00e7\u00e3o sobre o mundo dos investimentos\",\"publisher\":{\"@id\":\"https:\/\/www.suno.com.br\/noticias\/#organization\"},\"potentialAction\":[{\"@type\":\"SearchAction\",\"target\":{\"@type\":\"EntryPoint\",\"urlTemplate\":\"https:\/\/www.suno.com.br\/noticias\/?s={search_term_string}\"},\"query-input\":{\"@type\":\"PropertyValueSpecification\",\"valueRequired\":true,\"valueName\":\"search_term_string\"}}],\"inLanguage\":\"pt-BR\"},{\"@type\":\"Organization\",\"@id\":\"https:\/\/www.suno.com.br\/noticias\/#organization\",\"name\":\"Suno Not\u00edcias\",\"url\":\"https:\/\/www.suno.com.br\/noticias\/\",\"logo\":{\"@type\":\"ImageObject\",\"inLanguage\":\"pt-BR\",\"@id\":\"https:\/\/www.suno.com.br\/noticias\/#\/schema\/logo\/image\/\",\"url\":\"https:\/\/files.sunoresearch.com.br\/n\/uploads\/2021\/09\/suno-logo.png\",\"contentUrl\":\"https:\/\/files.sunoresearch.com.br\/n\/uploads\/2021\/09\/suno-logo.png\",\"width\":180,\"height\":180,\"caption\":\"Suno Not\u00edcias\"},\"image\":{\"@id\":\"https:\/\/www.suno.com.br\/noticias\/#\/schema\/logo\/image\/\"},\"sameAs\":[\"https:\/\/facebook.com\/sunoresearch\",\"https:\/\/x.com\/sunoresearch\",\"https:\/\/www.instagram.com\/suno\",\"https:\/\/www.linkedin.com\/company\/suno-research\/\",\"https:\/\/www.youtube.com\/c\/sunoresearch\"]},{\"@type\":\"Person\",\"@id\":\"https:\/\/www.suno.com.br\/noticias\/#\/schema\/person\/7f4d362bf3518e76090143ae77bb49a5\",\"name\":\"Eduardo Vargas\",\"image\":{\"@type\":\"ImageObject\",\"inLanguage\":\"pt-BR\",\"@id\":\"https:\/\/www.suno.com.br\/noticias\/#\/schema\/person\/image\/\",\"url\":\"https:\/\/secure.gravatar.com\/avatar\/dac340933427a22924c9f99d1eb2e3f2?s=96&r=g\",\"contentUrl\":\"https:\/\/secure.gravatar.com\/avatar\/dac340933427a22924c9f99d1eb2e3f2?s=96&r=g\",\"caption\":\"Eduardo Vargas\"},\"description\":\"Jornalista formado pela UFSC, cobre macroeconomia, neg\u00f3cios e startups para o Suno Not\u00edcias, escrevendo principalmente not\u00edcias sobre o mercado financeiro e a bolsa de valores. No YouTube e no Instagram, \u00e9 respons\u00e1vel pela produ\u00e7\u00e3o de Reels e Shorts do Suno Not\u00edcias. Anteriormente, trabalhou cobrindo economia e cotidiano no ND+ e para o ND, maior jornal impresso de Santa Catarina. Cursou um semestre letivo de Estudos de M\u00eddia na Universidad de Buenos Aires.\",\"url\":\"https:\/\/www.suno.com.br\/noticias\/author\/eduardo-vargas\/\"}]}<\/script>\n<!-- \/ Yoast SEO plugin. -->","yoast_head_json":{"title":"Petrobras (PETR4) vai pedir 'segunda chance' ao Ibama no Amap\u00e1","description":"Anteriormente o Ibama havia decidido pelo indeferimento da licen\u00e7a ambiental da Petrobras para perfura\u00e7\u00e3o de um po\u00e7o explorat\u00f3rio.","robots":{"index":"index","follow":"follow","max-snippet":"max-snippet:-1","max-image-preview":"max-image-preview:large","max-video-preview":"max-video-preview:-1"},"canonical":"https:\/\/www.suno.com.br\/noticias\/petrobras-petr4-ibama-amapa-licenciamento\/","og_locale":"pt_BR","og_type":"article","og_title":"Petrobras (PETR4) vai pedir 'segunda chance' ao Ibama no Amap\u00e1","og_description":"Anteriormente o Ibama havia decidido pelo indeferimento da licen\u00e7a ambiental da Petrobras para perfura\u00e7\u00e3o de um po\u00e7o explorat\u00f3rio.","og_url":"https:\/\/www.suno.com.br\/noticias\/petrobras-petr4-ibama-amapa-licenciamento\/","og_site_name":"Suno Not\u00edcias","article_publisher":"https:\/\/facebook.com\/sunoresearch","og_image":[{"width":1200,"height":675,"url":"https:\/\/files.sunoresearch.com.br\/n\/uploads\/2022\/12\/petrobras-petr4-edificio-sede-rj-foto-fernando-frazao-agenciabrasil.jpg","type":"image\/jpeg"}],"author":"Eduardo Vargas","twitter_card":"summary_large_image","twitter_creator":"@sunoresearch","twitter_site":"@sunoresearch","twitter_misc":{"Escrito por":"Eduardo Vargas","Est. tempo de leitura":"3 minutos"},"schema":{"@context":"https:\/\/schema.org","@graph":[{"@type":"NewsArticle","@id":"https:\/\/www.suno.com.br\/noticias\/petrobras-petr4-ibama-amapa-licenciamento\/#article","isPartOf":{"@id":"https:\/\/www.suno.com.br\/noticias\/petrobras-petr4-ibama-amapa-licenciamento\/"},"author":{"name":"Eduardo Vargas","@id":"https:\/\/www.suno.com.br\/noticias\/#\/schema\/person\/7f4d362bf3518e76090143ae77bb49a5"},"headline":"Petrobras (PETR4) vai pedir &#8216;segunda chance&#8217; ao Ibama para licenciamento no Amap\u00e1","datePublished":"2023-05-24T13:33:24+00:00","dateModified":"2023-05-24T13:33:29+00:00","mainEntityOfPage":{"@id":"https:\/\/www.suno.com.br\/noticias\/petrobras-petr4-ibama-amapa-licenciamento\/"},"wordCount":535,"publisher":{"@id":"https:\/\/www.suno.com.br\/noticias\/#organization"},"image":{"@id":"https:\/\/www.suno.com.br\/noticias\/petrobras-petr4-ibama-amapa-licenciamento\/#primaryimage"},"thumbnailUrl":"https:\/\/files.sunoresearch.com.br\/n\/uploads\/2022\/12\/petrobras-petr4-edificio-sede-rj-foto-fernando-frazao-agenciabrasil.jpg","keywords":["Ag\u00eancias","Ibama","Petrobras (PETR4)"],"articleSection":["Neg\u00f3cios"],"inLanguage":"pt-BR"},{"@type":"WebPage","@id":"https:\/\/www.suno.com.br\/noticias\/petrobras-petr4-ibama-amapa-licenciamento\/","url":"https:\/\/www.suno.com.br\/noticias\/petrobras-petr4-ibama-amapa-licenciamento\/","name":"Petrobras (PETR4) vai pedir 'segunda chance' ao Ibama no Amap\u00e1","isPartOf":{"@id":"https:\/\/www.suno.com.br\/noticias\/#website"},"primaryImageOfPage":{"@id":"https:\/\/www.suno.com.br\/noticias\/petrobras-petr4-ibama-amapa-licenciamento\/#primaryimage"},"image":{"@id":"https:\/\/www.suno.com.br\/noticias\/petrobras-petr4-ibama-amapa-licenciamento\/#primaryimage"},"thumbnailUrl":"https:\/\/files.sunoresearch.com.br\/n\/uploads\/2022\/12\/petrobras-petr4-edificio-sede-rj-foto-fernando-frazao-agenciabrasil.jpg","datePublished":"2023-05-24T13:33:24+00:00","dateModified":"2023-05-24T13:33:29+00:00","description":"Anteriormente o Ibama havia decidido pelo indeferimento da licen\u00e7a ambiental da Petrobras para perfura\u00e7\u00e3o de um po\u00e7o explorat\u00f3rio.","breadcrumb":{"@id":"https:\/\/www.suno.com.br\/noticias\/petrobras-petr4-ibama-amapa-licenciamento\/#breadcrumb"},"inLanguage":"pt-BR","potentialAction":[{"@type":"ReadAction","target":["https:\/\/www.suno.com.br\/noticias\/petrobras-petr4-ibama-amapa-licenciamento\/"]}]},{"@type":"ImageObject","inLanguage":"pt-BR","@id":"https:\/\/www.suno.com.br\/noticias\/petrobras-petr4-ibama-amapa-licenciamento\/#primaryimage","url":"https:\/\/files.sunoresearch.com.br\/n\/uploads\/2022\/12\/petrobras-petr4-edificio-sede-rj-foto-fernando-frazao-agenciabrasil.jpg","contentUrl":"https:\/\/files.sunoresearch.com.br\/n\/uploads\/2022\/12\/petrobras-petr4-edificio-sede-rj-foto-fernando-frazao-agenciabrasil.jpg","width":1200,"height":675,"caption":"Petrobras (PETR4): Comit\u00ea rejeita duas indica\u00e7\u00f5es do governo ao Conselho. Foto: Fernando Fraz\u00e3o\/Ag\u00eancia Brasil"},{"@type":"BreadcrumbList","@id":"https:\/\/www.suno.com.br\/noticias\/petrobras-petr4-ibama-amapa-licenciamento\/#breadcrumb","itemListElement":[{"@type":"ListItem","position":1,"name":"Not\u00edcias","item":"https:\/\/www.suno.com.br\/noticias\/"},{"@type":"ListItem","position":2,"name":"Neg\u00f3cios","item":"https:\/\/www.suno.com.br\/noticias\/negocios\/"},{"@type":"ListItem","position":3,"name":"Petrobras (PETR4) vai pedir &#8216;segunda chance&#8217; ao Ibama para licenciamento no Amap\u00e1"}]},{"@type":"WebSite","@id":"https:\/\/www.suno.com.br\/noticias\/#website","url":"https:\/\/www.suno.com.br\/noticias\/","name":"Suno Not\u00edcias","description":"Seu portal de informa\u00e7\u00e3o sobre o mundo dos investimentos","publisher":{"@id":"https:\/\/www.suno.com.br\/noticias\/#organization"},"potentialAction":[{"@type":"SearchAction","target":{"@type":"EntryPoint","urlTemplate":"https:\/\/www.suno.com.br\/noticias\/?s={search_term_string}"},"query-input":{"@type":"PropertyValueSpecification","valueRequired":true,"valueName":"search_term_string"}}],"inLanguage":"pt-BR"},{"@type":"Organization","@id":"https:\/\/www.suno.com.br\/noticias\/#organization","name":"Suno Not\u00edcias","url":"https:\/\/www.suno.com.br\/noticias\/","logo":{"@type":"ImageObject","inLanguage":"pt-BR","@id":"https:\/\/www.suno.com.br\/noticias\/#\/schema\/logo\/image\/","url":"https:\/\/files.sunoresearch.com.br\/n\/uploads\/2021\/09\/suno-logo.png","contentUrl":"https:\/\/files.sunoresearch.com.br\/n\/uploads\/2021\/09\/suno-logo.png","width":180,"height":180,"caption":"Suno Not\u00edcias"},"image":{"@id":"https:\/\/www.suno.com.br\/noticias\/#\/schema\/logo\/image\/"},"sameAs":["https:\/\/facebook.com\/sunoresearch","https:\/\/x.com\/sunoresearch","https:\/\/www.instagram.com\/suno","https:\/\/www.linkedin.com\/company\/suno-research\/","https:\/\/www.youtube.com\/c\/sunoresearch"]},{"@type":"Person","@id":"https:\/\/www.suno.com.br\/noticias\/#\/schema\/person\/7f4d362bf3518e76090143ae77bb49a5","name":"Eduardo Vargas","image":{"@type":"ImageObject","inLanguage":"pt-BR","@id":"https:\/\/www.suno.com.br\/noticias\/#\/schema\/person\/image\/","url":"https:\/\/secure.gravatar.com\/avatar\/dac340933427a22924c9f99d1eb2e3f2?s=96&r=g","contentUrl":"https:\/\/secure.gravatar.com\/avatar\/dac340933427a22924c9f99d1eb2e3f2?s=96&r=g","caption":"Eduardo Vargas"},"description":"Jornalista formado pela UFSC, cobre macroeconomia, neg\u00f3cios e startups para o Suno Not\u00edcias, escrevendo principalmente not\u00edcias sobre o mercado financeiro e a bolsa de valores. No YouTube e no Instagram, \u00e9 respons\u00e1vel pela produ\u00e7\u00e3o de Reels e Shorts do Suno Not\u00edcias. Anteriormente, trabalhou cobrindo economia e cotidiano no ND+ e para o ND, maior jornal impresso de Santa Catarina. Cursou um semestre letivo de Estudos de M\u00eddia na Universidad de Buenos Aires.","url":"https:\/\/www.suno.com.br\/noticias\/author\/eduardo-vargas\/"}]}},"default_loop_html":"<div class=\"cardsPage__listCard__boxs\"><div class=\"cardsPage__listCard__boxs__img\"><a href=\"https:\/\/www.suno.com.br\/noticias\/petrobras-petr4-ibama-amapa-licenciamento\/\"><img class=\"mask\" src=\"https:\/\/www.suno.com.br\/noticias\/wp-content\/themes\/suno\/resources\/images\/spotlight\/spotlight1img\/bg-mask.png\" alt=\"Image Mask\"\/><img src=\"https:\/\/files.sunoresearch.com.br\/n\/uploads\/2022\/12\/petrobras-petr4-edificio-sede-rj-foto-fernando-frazao-agenciabrasil-400x200.jpg\" alt=\"Petrobras (PETR4) vai pedir &#8216;segunda chance&#8217; ao Ibama para licenciamento no Amap\u00e1\"\/><\/a><span class=\"spotlightCategory\"><a href=\"https:\/\/www.suno.com.br\/noticias\/negocios\/\">Neg\u00f3cios<\/a><\/span><\/div><div class=\"cardsPage__listCard__boxs__content\"><a href=\"https:\/\/www.suno.com.br\/noticias\/petrobras-petr4-ibama-amapa-licenciamento\/\"><h2 class=\"content__title\">Petrobras (PETR4) vai pedir &#8216;segunda chance&#8217; ao Ibama para licenciamento no Amap\u00e1<\/h2><\/a><div class=\"newsContent__article__meta\"><div class=\"newsContent__article__meta__authorBox\"><a href=\"https:\/\/www.suno.com.br\/noticias\/author\/eduardo-vargas\/\" class=\"authorBox__avatar noMobi\"><img src=\"https:\/\/secure.gravatar.com\/avatar\/dac340933427a22924c9f99d1eb2e3f2?s=96&#038;r=g\" alt=\"Eduardo Vargas\"><\/a><div class=\"authorBox__name\"><span>por\n\t\t\t<a href=\"https:\/\/www.suno.com.br\/noticias\/author\/eduardo-vargas\/\"><span itemprop=\"author\">Eduardo Vargas<\/span><\/a><\/span><time datetime=\"2023-05-24T10:33:24-03:00\" itemprop=\"datePublished\">24\/05\/2023 10:33<\/time><\/div><\/div><\/div><\/div><\/div>","single_layout":"posts","amp_enabled":true,"_links":{"self":[{"href":"https:\/\/www.suno.com.br\/noticias\/wp-json\/wp\/v2\/posts\/408332"}],"collection":[{"href":"https:\/\/www.suno.com.br\/noticias\/wp-json\/wp\/v2\/posts"}],"about":[{"href":"https:\/\/www.suno.com.br\/noticias\/wp-json\/wp\/v2\/types\/post"}],"author":[{"embeddable":true,"href":"https:\/\/www.suno.com.br\/noticias\/wp-json\/wp\/v2\/users\/73"}],"replies":[{"embeddable":true,"href":"https:\/\/www.suno.com.br\/noticias\/wp-json\/wp\/v2\/comments?post=408332"}],"version-history":[{"count":3,"href":"https:\/\/www.suno.com.br\/noticias\/wp-json\/wp\/v2\/posts\/408332\/revisions"}],"predecessor-version":[{"id":408401,"href":"https:\/\/www.suno.com.br\/noticias\/wp-json\/wp\/v2\/posts\/408332\/revisions\/408401"}],"wp:featuredmedia":[{"embeddable":true,"href":"https:\/\/www.suno.com.br\/noticias\/wp-json\/wp\/v2\/media\/337466"}],"wp:attachment":[{"href":"https:\/\/www.suno.com.br\/noticias\/wp-json\/wp\/v2\/media?parent=408332"}],"wp:term":[{"taxonomy":"category","embeddable":true,"href":"https:\/\/www.suno.com.br\/noticias\/wp-json\/wp\/v2\/categories?post=408332"},{"taxonomy":"post_tag","embeddable":true,"href":"https:\/\/www.suno.com.br\/noticias\/wp-json\/wp\/v2\/tags?post=408332"},{"taxonomy":"suno_strategy","embeddable":true,"href":"https:\/\/www.suno.com.br\/noticias\/wp-json\/wp\/v2\/suno_strategy?post=408332"}],"curies":[{"name":"wp","href":"https:\/\/api.w.org\/{rel}","templated":true}]}}