{"id":40819,"date":"2019-10-11T14:53:21","date_gmt":"2019-10-11T17:53:21","guid":{"rendered":"https:\/\/www.suno.com.br\/noticias\/?p=40819"},"modified":"2019-10-11T14:56:01","modified_gmt":"2019-10-11T17:56:01","slug":"nubank-alcanca-marca-de-15-milhoes-de-clientes-banco-inter-registra-3-milhoes","status":"publish","type":"post","link":"https:\/\/www.suno.com.br\/noticias\/nubank-alcanca-marca-de-15-milhoes-de-clientes-banco-inter-registra-3-milhoes\/","title":{"rendered":"Nubank alcan\u00e7a marca de 15 milh\u00f5es de clientes; Banco Inter registra 3 milh\u00f5es"},"content":{"rendered":"<p>O diretor executivo do Nubank, David V\u00e9lez, afirmou que a fintech chegou a marca de 15 milh\u00f5es de clientes nesta sexta-feira (11). Do total, 10 milh\u00f5es s\u00e3o do cart\u00e3o de cr\u00e9dito da marca. O relato foi feito durante o evento Brasil Investment Forum.<\/p>\t<div class=\"wrapper-featured-image\">\n\t\t<figure class=\"spotlightImg\">\n\n\t\t\t<picture>\n\t\t\t\t<source media=\"(max-width: 768px)\" srcset=\"https:\/\/files.sunoresearch.com.br\/n\/uploads\/2019\/08\/c5667880-nubank-400x200.webp\">\n\t\t\t\t<img loading=\"lazy\" decoding=\"async\" class=\"newsContent__article__imgCapa lazyloadDisabled newsContent__article__imgCapa--noCaption\" src=\"https:\/\/files.sunoresearch.com.br\/n\/uploads\/2019\/08\/c5667880-nubank-800x450.webp\" width=\"800\" height=\"450\" alt=\"Nubank alcan\u00e7a marca de 15 milh\u00f5es de clientes; Banco Inter registra 3 milh\u00f5es\" fetchpriority=high \/>\n\t\t\t<\/picture>\n\n\t\t\t<figcaption class=\"wp-caption-text wp-caption-text--hide\">O Procon-SP recebeu as explica\u00e7\u00f5es do Nubank e do Mercado Pago sobre os supostos cadastros de chaves Pix sem autoriza\u00e7\u00e3o pr\u00e9via dos clientes.<\/figcaption>\n\t\t<\/figure>\n\t<\/div>\n\n\n\n<p>Em agosto, a companhia havia informado que era o maior banco digital do mundo, com pouco mais de 12 milh\u00f5es de clientes. De acordo com V\u00e9lez, o <strong>Nubank<\/strong> tem o objetivo de praticar taxas de juros de 30 a 40% mais baixas do que a media do mercado.<\/p>\n<p>&#8220;Abrimos muitas novas frentes de neg\u00f3cios no \u00faltimos 12 meses e estamos crescendo r\u00e1pido&#8221;, afirmou o CEO do Nubank.<\/p>\n<h2>Banco Inter<\/h2>\n<p>O <strong>Banco<\/strong> <strong>Inter<\/strong> divulgou, na \u00faltima quinta-feira (10), a pr\u00e9via operacional do terceiro trimestre deste ano. A companhia abriu 732 mil novas contas e alcan\u00e7ou o n\u00famero de 3,3 milh\u00f5es de correntistas. Em compara\u00e7\u00e3o com o ano passado, o n\u00famero de clientes cresceu tr\u00eas vezes mais. Somente em setembro foram 12 mil contas a cada dia \u00fatil, abertas pela institui\u00e7\u00e3o.<\/p>\n<p><a href=\"https:\/\/www.suno.com.br\/noticias\/bs2-home-broker\/\">Veja tamb\u00e9m: Exclusivo: BS2 entra na briga por investidores e lan\u00e7a home broker<\/a><\/p>\n<p>Houve tamb\u00e9m um crescimento do n\u00famero de clientes da Plataforma Aberta Inter (PAI). O Banco Inter j\u00e1 conta com 338 mil clientes investidores, o que significa 10% de sua base de clientes. No quesito portabilidade de sal\u00e1rio, a institui\u00e7\u00e3o recebeu 62,9 mil solicita\u00e7\u00f5es.<\/p>\n<p>Em origina\u00e7\u00e3o de cr\u00e9dito, a alta foi de 123% em compara\u00e7\u00e3o com o mesmo per\u00edodo de 2018, chegando a 1,2 bilh\u00e3o. O cr\u00e9dito consignado chegou a R$ 293 milh\u00f5es e o imobili\u00e1rio a R$ 354 milh\u00f5es.<\/p>\n<h2>Sobre o Nubank<\/h2>\n<p>A simplicidade do Nubank tem in\u00edcio j\u00e1 na forma de ades\u00e3o da plataforma. Para requerer os servi\u00e7os \u00e9 necess\u00e1rio, apenas, baixar o aplicativo da empresa no smartphone e fazer um cadastro. Entretanto, h\u00e1 uma an\u00e1lise de cr\u00e9dito para averiguar a vida financeira do cliente.<\/p>\n\t<p>\n\t\t<a href=\"https:\/\/lp.suno.com.br\/suno-one\/?utm_campaign=_SNC6964518A_\" target=\"_blank\" data-element=\"shortcode-suno-banner\" title=\"Banner SUNO, clique e saiba mais\">\n\t\t\t<picture>\n\t\t\t\t<source media=\"(max-width: 500px)\" srcset=\"https:\/\/files.sunoresearch.com.br\/n\/uploads\/2025\/09\/400x300-Suno-One-png.webp\">\n\t\t\t\t<img class=\"newsContent__article__imgCapa newsContent__article__imgCapa--banner\"\n\t\t\t\t\tsrc=\"https:\/\/files.sunoresearch.com.br\/n\/uploads\/2025\/09\/1420x240-Suno-One-png.webp\"\n\t\t\t\t\tdata-promo-id=\"383121\"\t\t\t\t\t\t\t\t\t\twidth='1420' height='240'\t\t\t\t\talt=\"https:\/\/files.sunoresearch.com.br\/n\/uploads\/2025\/09\/1420x240-Suno-One-png.webp\"\n\t\t\t\t>\n\t\t\t<\/picture>\n\t\t<\/a>\n\t<\/p>\n\n\n<p>O cadastro pode demorar para ser aprovado. O prazo varia entre horas e at\u00e9 tr\u00eas meses, dependendo da sa\u00fade financeira do candidato.<\/p>\n<p>Atualmente, o <strong>Nubank<\/strong> \u00e9 a maior fintech brasileira. \u201cNo Brasil, pagamos as tarifas e os juros mais altos do mundo pelos piores servi\u00e7os banc\u00e1rios. N\u00f3s sabemos que tecnologia e design podem resolver esse problema\u201d, informa o Nubank.<\/p>\n","protected":false},"excerpt":{"rendered":"<p>O diretor executivo do Nubank, David V\u00e9lez, afirmou que a fintech chegou a marca de 15 milh\u00f5es de clientes nesta sexta-feira (11). Do total, 10 milh\u00f5es s\u00e3o do cart\u00e3o de cr\u00e9dito da marca. O relato foi feito durante o evento Brasil Investment Forum. O Procon-SP recebeu as explica\u00e7\u00f5es do Nubank e do Mercado Pago sobre [&hellip;]<\/p>\n","protected":false},"author":19,"featured_media":35880,"comment_status":"closed","ping_status":"closed","sticky":false,"template":"","format":"standard","meta":[],"categories":[64],"tags":[369,848],"suno_strategy":[],"class_list":["post-40819","post","type-post","status-publish","format-standard","has-post-thumbnail","hentry","category-negocios","tag-banco-inter-bidi11-bidi4-bidi3","tag-nubank"],"yoast_head":"<!-- This site is optimized with the Yoast SEO plugin v24.4 - https:\/\/yoast.com\/wordpress\/plugins\/seo\/ -->\n<title>Nubank chegou a marca de 15 milh\u00f5es de clientes, segundo CEO<\/title>\n<meta name=\"description\" content=\"O diretor executivo do Nubank, David V\u00e9lez, afirmou que a fintech chegou a marca de 15 milh\u00f5es de clientes, nesta sexta (11). Saiba mais.\" \/>\n<meta name=\"robots\" content=\"index, follow, max-snippet:-1, max-image-preview:large, max-video-preview:-1\" \/>\n<link rel=\"canonical\" href=\"https:\/\/www.suno.com.br\/noticias\/nubank-alcanca-marca-de-15-milhoes-de-clientes-banco-inter-registra-3-milhoes\/\" \/>\n<meta property=\"og:locale\" content=\"pt_BR\" \/>\n<meta property=\"og:type\" content=\"article\" \/>\n<meta property=\"og:title\" content=\"Nubank chegou a marca de 15 milh\u00f5es de clientes, segundo CEO\" \/>\n<meta property=\"og:description\" content=\"O diretor executivo do Nubank, David V\u00e9lez, afirmou que a fintech chegou a marca de 15 milh\u00f5es de clientes, nesta sexta (11). Saiba mais.\" \/>\n<meta property=\"og:url\" content=\"https:\/\/www.suno.com.br\/noticias\/nubank-alcanca-marca-de-15-milhoes-de-clientes-banco-inter-registra-3-milhoes\/\" \/>\n<meta property=\"og:site_name\" content=\"Suno Not\u00edcias\" \/>\n<meta property=\"article:publisher\" content=\"https:\/\/facebook.com\/sunoresearch\" \/>\n<meta property=\"og:image\" content=\"https:\/\/files.sunoresearch.com.br\/n\/uploads\/2019\/08\/c5667880-nubank.jpg\" \/>\n\t<meta property=\"og:image:width\" content=\"1400\" \/>\n\t<meta property=\"og:image:height\" content=\"933\" \/>\n\t<meta property=\"og:image:type\" content=\"image\/jpeg\" \/>\n<meta name=\"author\" content=\"Juliano Passaro\" \/>\n<meta name=\"twitter:card\" content=\"summary_large_image\" \/>\n<meta name=\"twitter:creator\" content=\"@sunoresearch\" \/>\n<meta name=\"twitter:site\" content=\"@sunoresearch\" \/>\n<meta name=\"twitter:label1\" content=\"Escrito por\" \/>\n\t<meta name=\"twitter:data1\" content=\"Juliano Passaro\" \/>\n\t<meta name=\"twitter:label2\" content=\"Est. tempo de leitura\" \/>\n\t<meta name=\"twitter:data2\" content=\"2 minutos\" \/>\n<script type=\"application\/ld+json\" class=\"yoast-schema-graph\">{\"@context\":\"https:\/\/schema.org\",\"@graph\":[{\"@type\":\"NewsArticle\",\"@id\":\"https:\/\/www.suno.com.br\/noticias\/nubank-alcanca-marca-de-15-milhoes-de-clientes-banco-inter-registra-3-milhoes\/#article\",\"isPartOf\":{\"@id\":\"https:\/\/www.suno.com.br\/noticias\/nubank-alcanca-marca-de-15-milhoes-de-clientes-banco-inter-registra-3-milhoes\/\"},\"author\":{\"name\":\"Juliano Passaro\",\"@id\":\"https:\/\/www.suno.com.br\/noticias\/#\/schema\/person\/1db762f78ffd8919a648a63e425953e3\"},\"headline\":\"Nubank alcan\u00e7a marca de 15 milh\u00f5es de clientes; Banco Inter registra 3 milh\u00f5es\",\"datePublished\":\"2019-10-11T17:53:21+00:00\",\"dateModified\":\"2019-10-11T17:56:01+00:00\",\"mainEntityOfPage\":{\"@id\":\"https:\/\/www.suno.com.br\/noticias\/nubank-alcanca-marca-de-15-milhoes-de-clientes-banco-inter-registra-3-milhoes\/\"},\"wordCount\":413,\"publisher\":{\"@id\":\"https:\/\/www.suno.com.br\/noticias\/#organization\"},\"image\":{\"@id\":\"https:\/\/www.suno.com.br\/noticias\/nubank-alcanca-marca-de-15-milhoes-de-clientes-banco-inter-registra-3-milhoes\/#primaryimage\"},\"thumbnailUrl\":\"https:\/\/files.sunoresearch.com.br\/n\/uploads\/2019\/08\/c5667880-nubank-jpg.webp\",\"keywords\":[\"Banco Inter (BIDI11\/BIDI4\/BIDI3)\",\"Nubank (NUBR33)\"],\"articleSection\":[\"Neg\u00f3cios\"],\"inLanguage\":\"pt-BR\"},{\"@type\":\"WebPage\",\"@id\":\"https:\/\/www.suno.com.br\/noticias\/nubank-alcanca-marca-de-15-milhoes-de-clientes-banco-inter-registra-3-milhoes\/\",\"url\":\"https:\/\/www.suno.com.br\/noticias\/nubank-alcanca-marca-de-15-milhoes-de-clientes-banco-inter-registra-3-milhoes\/\",\"name\":\"Nubank chegou a marca de 15 milh\u00f5es de clientes, segundo CEO\",\"isPartOf\":{\"@id\":\"https:\/\/www.suno.com.br\/noticias\/#website\"},\"primaryImageOfPage\":{\"@id\":\"https:\/\/www.suno.com.br\/noticias\/nubank-alcanca-marca-de-15-milhoes-de-clientes-banco-inter-registra-3-milhoes\/#primaryimage\"},\"image\":{\"@id\":\"https:\/\/www.suno.com.br\/noticias\/nubank-alcanca-marca-de-15-milhoes-de-clientes-banco-inter-registra-3-milhoes\/#primaryimage\"},\"thumbnailUrl\":\"https:\/\/files.sunoresearch.com.br\/n\/uploads\/2019\/08\/c5667880-nubank-jpg.webp\",\"datePublished\":\"2019-10-11T17:53:21+00:00\",\"dateModified\":\"2019-10-11T17:56:01+00:00\",\"description\":\"O diretor executivo do Nubank, David V\u00e9lez, afirmou que a fintech chegou a marca de 15 milh\u00f5es de clientes, nesta sexta (11). Saiba mais.\",\"breadcrumb\":{\"@id\":\"https:\/\/www.suno.com.br\/noticias\/nubank-alcanca-marca-de-15-milhoes-de-clientes-banco-inter-registra-3-milhoes\/#breadcrumb\"},\"inLanguage\":\"pt-BR\",\"potentialAction\":[{\"@type\":\"ReadAction\",\"target\":[\"https:\/\/www.suno.com.br\/noticias\/nubank-alcanca-marca-de-15-milhoes-de-clientes-banco-inter-registra-3-milhoes\/\"]}]},{\"@type\":\"ImageObject\",\"inLanguage\":\"pt-BR\",\"@id\":\"https:\/\/www.suno.com.br\/noticias\/nubank-alcanca-marca-de-15-milhoes-de-clientes-banco-inter-registra-3-milhoes\/#primaryimage\",\"url\":\"https:\/\/files.sunoresearch.com.br\/n\/uploads\/2019\/08\/c5667880-nubank-jpg.webp\",\"contentUrl\":\"https:\/\/files.sunoresearch.com.br\/n\/uploads\/2019\/08\/c5667880-nubank-jpg.webp\",\"width\":1400,\"height\":933,\"caption\":\"O Procon-SP recebeu as explica\u00e7\u00f5es do Nubank e do Mercado Pago sobre os supostos cadastros de chaves Pix sem autoriza\u00e7\u00e3o pr\u00e9via dos clientes.\"},{\"@type\":\"BreadcrumbList\",\"@id\":\"https:\/\/www.suno.com.br\/noticias\/nubank-alcanca-marca-de-15-milhoes-de-clientes-banco-inter-registra-3-milhoes\/#breadcrumb\",\"itemListElement\":[{\"@type\":\"ListItem\",\"position\":1,\"name\":\"Not\u00edcias\",\"item\":\"https:\/\/www.suno.com.br\/noticias\/\"},{\"@type\":\"ListItem\",\"position\":2,\"name\":\"Neg\u00f3cios\",\"item\":\"https:\/\/www.suno.com.br\/noticias\/negocios\/\"},{\"@type\":\"ListItem\",\"position\":3,\"name\":\"Nubank alcan\u00e7a marca de 15 milh\u00f5es de clientes; Banco Inter registra 3 milh\u00f5es\"}]},{\"@type\":\"WebSite\",\"@id\":\"https:\/\/www.suno.com.br\/noticias\/#website\",\"url\":\"https:\/\/www.suno.com.br\/noticias\/\",\"name\":\"Suno Not\u00edcias\",\"description\":\"Seu portal de informa\u00e7\u00e3o sobre o mundo dos investimentos\",\"publisher\":{\"@id\":\"https:\/\/www.suno.com.br\/noticias\/#organization\"},\"potentialAction\":[{\"@type\":\"SearchAction\",\"target\":{\"@type\":\"EntryPoint\",\"urlTemplate\":\"https:\/\/www.suno.com.br\/noticias\/?s={search_term_string}\"},\"query-input\":{\"@type\":\"PropertyValueSpecification\",\"valueRequired\":true,\"valueName\":\"search_term_string\"}}],\"inLanguage\":\"pt-BR\"},{\"@type\":\"Organization\",\"@id\":\"https:\/\/www.suno.com.br\/noticias\/#organization\",\"name\":\"Suno Not\u00edcias\",\"url\":\"https:\/\/www.suno.com.br\/noticias\/\",\"logo\":{\"@type\":\"ImageObject\",\"inLanguage\":\"pt-BR\",\"@id\":\"https:\/\/www.suno.com.br\/noticias\/#\/schema\/logo\/image\/\",\"url\":\"https:\/\/files.sunoresearch.com.br\/n\/uploads\/2021\/09\/suno-logo.png\",\"contentUrl\":\"https:\/\/files.sunoresearch.com.br\/n\/uploads\/2021\/09\/suno-logo.png\",\"width\":180,\"height\":180,\"caption\":\"Suno Not\u00edcias\"},\"image\":{\"@id\":\"https:\/\/www.suno.com.br\/noticias\/#\/schema\/logo\/image\/\"},\"sameAs\":[\"https:\/\/facebook.com\/sunoresearch\",\"https:\/\/x.com\/sunoresearch\",\"https:\/\/www.instagram.com\/suno\",\"https:\/\/www.linkedin.com\/company\/suno-research\/\",\"https:\/\/www.youtube.com\/c\/sunoresearch\"]},{\"@type\":\"Person\",\"@id\":\"https:\/\/www.suno.com.br\/noticias\/#\/schema\/person\/1db762f78ffd8919a648a63e425953e3\",\"name\":\"Juliano Passaro\",\"image\":{\"@type\":\"ImageObject\",\"inLanguage\":\"pt-BR\",\"@id\":\"https:\/\/www.suno.com.br\/noticias\/#\/schema\/person\/image\/\",\"url\":\"https:\/\/secure.gravatar.com\/avatar\/743d4df28eebf6dcc46b4ad03c319e92?s=96&r=g\",\"contentUrl\":\"https:\/\/secure.gravatar.com\/avatar\/743d4df28eebf6dcc46b4ad03c319e92?s=96&r=g\",\"caption\":\"Juliano Passaro\"},\"description\":\"Juliano Passaro escreve sobre pol\u00edtica, economia e neg\u00f3cios para o portal da Suno Research. Antes da Suno, trabalhou no Portal da Band. \u00c9 formado em jornalismo pela Universidade Presbiteriana Mackenzie.\",\"url\":\"https:\/\/www.suno.com.br\/noticias\/author\/juliano\/\"}]}<\/script>\n<!-- \/ Yoast SEO plugin. -->","yoast_head_json":{"title":"Nubank chegou a marca de 15 milh\u00f5es de clientes, segundo CEO","description":"O diretor executivo do Nubank, David V\u00e9lez, afirmou que a fintech chegou a marca de 15 milh\u00f5es de clientes, nesta sexta (11). Saiba mais.","robots":{"index":"index","follow":"follow","max-snippet":"max-snippet:-1","max-image-preview":"max-image-preview:large","max-video-preview":"max-video-preview:-1"},"canonical":"https:\/\/www.suno.com.br\/noticias\/nubank-alcanca-marca-de-15-milhoes-de-clientes-banco-inter-registra-3-milhoes\/","og_locale":"pt_BR","og_type":"article","og_title":"Nubank chegou a marca de 15 milh\u00f5es de clientes, segundo CEO","og_description":"O diretor executivo do Nubank, David V\u00e9lez, afirmou que a fintech chegou a marca de 15 milh\u00f5es de clientes, nesta sexta (11). Saiba mais.","og_url":"https:\/\/www.suno.com.br\/noticias\/nubank-alcanca-marca-de-15-milhoes-de-clientes-banco-inter-registra-3-milhoes\/","og_site_name":"Suno Not\u00edcias","article_publisher":"https:\/\/facebook.com\/sunoresearch","og_image":[{"width":1400,"height":933,"url":"https:\/\/files.sunoresearch.com.br\/n\/uploads\/2019\/08\/c5667880-nubank.jpg","type":"image\/jpeg"}],"author":"Juliano Passaro","twitter_card":"summary_large_image","twitter_creator":"@sunoresearch","twitter_site":"@sunoresearch","twitter_misc":{"Escrito por":"Juliano Passaro","Est. tempo de leitura":"2 minutos"},"schema":{"@context":"https:\/\/schema.org","@graph":[{"@type":"NewsArticle","@id":"https:\/\/www.suno.com.br\/noticias\/nubank-alcanca-marca-de-15-milhoes-de-clientes-banco-inter-registra-3-milhoes\/#article","isPartOf":{"@id":"https:\/\/www.suno.com.br\/noticias\/nubank-alcanca-marca-de-15-milhoes-de-clientes-banco-inter-registra-3-milhoes\/"},"author":{"name":"Juliano Passaro","@id":"https:\/\/www.suno.com.br\/noticias\/#\/schema\/person\/1db762f78ffd8919a648a63e425953e3"},"headline":"Nubank alcan\u00e7a marca de 15 milh\u00f5es de clientes; Banco Inter registra 3 milh\u00f5es","datePublished":"2019-10-11T17:53:21+00:00","dateModified":"2019-10-11T17:56:01+00:00","mainEntityOfPage":{"@id":"https:\/\/www.suno.com.br\/noticias\/nubank-alcanca-marca-de-15-milhoes-de-clientes-banco-inter-registra-3-milhoes\/"},"wordCount":413,"publisher":{"@id":"https:\/\/www.suno.com.br\/noticias\/#organization"},"image":{"@id":"https:\/\/www.suno.com.br\/noticias\/nubank-alcanca-marca-de-15-milhoes-de-clientes-banco-inter-registra-3-milhoes\/#primaryimage"},"thumbnailUrl":"https:\/\/files.sunoresearch.com.br\/n\/uploads\/2019\/08\/c5667880-nubank-jpg.webp","keywords":["Banco Inter (BIDI11\/BIDI4\/BIDI3)","Nubank (NUBR33)"],"articleSection":["Neg\u00f3cios"],"inLanguage":"pt-BR"},{"@type":"WebPage","@id":"https:\/\/www.suno.com.br\/noticias\/nubank-alcanca-marca-de-15-milhoes-de-clientes-banco-inter-registra-3-milhoes\/","url":"https:\/\/www.suno.com.br\/noticias\/nubank-alcanca-marca-de-15-milhoes-de-clientes-banco-inter-registra-3-milhoes\/","name":"Nubank chegou a marca de 15 milh\u00f5es de clientes, segundo CEO","isPartOf":{"@id":"https:\/\/www.suno.com.br\/noticias\/#website"},"primaryImageOfPage":{"@id":"https:\/\/www.suno.com.br\/noticias\/nubank-alcanca-marca-de-15-milhoes-de-clientes-banco-inter-registra-3-milhoes\/#primaryimage"},"image":{"@id":"https:\/\/www.suno.com.br\/noticias\/nubank-alcanca-marca-de-15-milhoes-de-clientes-banco-inter-registra-3-milhoes\/#primaryimage"},"thumbnailUrl":"https:\/\/files.sunoresearch.com.br\/n\/uploads\/2019\/08\/c5667880-nubank-jpg.webp","datePublished":"2019-10-11T17:53:21+00:00","dateModified":"2019-10-11T17:56:01+00:00","description":"O diretor executivo do Nubank, David V\u00e9lez, afirmou que a fintech chegou a marca de 15 milh\u00f5es de clientes, nesta sexta (11). Saiba mais.","breadcrumb":{"@id":"https:\/\/www.suno.com.br\/noticias\/nubank-alcanca-marca-de-15-milhoes-de-clientes-banco-inter-registra-3-milhoes\/#breadcrumb"},"inLanguage":"pt-BR","potentialAction":[{"@type":"ReadAction","target":["https:\/\/www.suno.com.br\/noticias\/nubank-alcanca-marca-de-15-milhoes-de-clientes-banco-inter-registra-3-milhoes\/"]}]},{"@type":"ImageObject","inLanguage":"pt-BR","@id":"https:\/\/www.suno.com.br\/noticias\/nubank-alcanca-marca-de-15-milhoes-de-clientes-banco-inter-registra-3-milhoes\/#primaryimage","url":"https:\/\/files.sunoresearch.com.br\/n\/uploads\/2019\/08\/c5667880-nubank-jpg.webp","contentUrl":"https:\/\/files.sunoresearch.com.br\/n\/uploads\/2019\/08\/c5667880-nubank-jpg.webp","width":1400,"height":933,"caption":"O Procon-SP recebeu as explica\u00e7\u00f5es do Nubank e do Mercado Pago sobre os supostos cadastros de chaves Pix sem autoriza\u00e7\u00e3o pr\u00e9via dos clientes."},{"@type":"BreadcrumbList","@id":"https:\/\/www.suno.com.br\/noticias\/nubank-alcanca-marca-de-15-milhoes-de-clientes-banco-inter-registra-3-milhoes\/#breadcrumb","itemListElement":[{"@type":"ListItem","position":1,"name":"Not\u00edcias","item":"https:\/\/www.suno.com.br\/noticias\/"},{"@type":"ListItem","position":2,"name":"Neg\u00f3cios","item":"https:\/\/www.suno.com.br\/noticias\/negocios\/"},{"@type":"ListItem","position":3,"name":"Nubank alcan\u00e7a marca de 15 milh\u00f5es de clientes; Banco Inter registra 3 milh\u00f5es"}]},{"@type":"WebSite","@id":"https:\/\/www.suno.com.br\/noticias\/#website","url":"https:\/\/www.suno.com.br\/noticias\/","name":"Suno Not\u00edcias","description":"Seu portal de informa\u00e7\u00e3o sobre o mundo dos investimentos","publisher":{"@id":"https:\/\/www.suno.com.br\/noticias\/#organization"},"potentialAction":[{"@type":"SearchAction","target":{"@type":"EntryPoint","urlTemplate":"https:\/\/www.suno.com.br\/noticias\/?s={search_term_string}"},"query-input":{"@type":"PropertyValueSpecification","valueRequired":true,"valueName":"search_term_string"}}],"inLanguage":"pt-BR"},{"@type":"Organization","@id":"https:\/\/www.suno.com.br\/noticias\/#organization","name":"Suno Not\u00edcias","url":"https:\/\/www.suno.com.br\/noticias\/","logo":{"@type":"ImageObject","inLanguage":"pt-BR","@id":"https:\/\/www.suno.com.br\/noticias\/#\/schema\/logo\/image\/","url":"https:\/\/files.sunoresearch.com.br\/n\/uploads\/2021\/09\/suno-logo.png","contentUrl":"https:\/\/files.sunoresearch.com.br\/n\/uploads\/2021\/09\/suno-logo.png","width":180,"height":180,"caption":"Suno Not\u00edcias"},"image":{"@id":"https:\/\/www.suno.com.br\/noticias\/#\/schema\/logo\/image\/"},"sameAs":["https:\/\/facebook.com\/sunoresearch","https:\/\/x.com\/sunoresearch","https:\/\/www.instagram.com\/suno","https:\/\/www.linkedin.com\/company\/suno-research\/","https:\/\/www.youtube.com\/c\/sunoresearch"]},{"@type":"Person","@id":"https:\/\/www.suno.com.br\/noticias\/#\/schema\/person\/1db762f78ffd8919a648a63e425953e3","name":"Juliano Passaro","image":{"@type":"ImageObject","inLanguage":"pt-BR","@id":"https:\/\/www.suno.com.br\/noticias\/#\/schema\/person\/image\/","url":"https:\/\/secure.gravatar.com\/avatar\/743d4df28eebf6dcc46b4ad03c319e92?s=96&r=g","contentUrl":"https:\/\/secure.gravatar.com\/avatar\/743d4df28eebf6dcc46b4ad03c319e92?s=96&r=g","caption":"Juliano Passaro"},"description":"Juliano Passaro escreve sobre pol\u00edtica, economia e neg\u00f3cios para o portal da Suno Research. Antes da Suno, trabalhou no Portal da Band. \u00c9 formado em jornalismo pela Universidade Presbiteriana Mackenzie.","url":"https:\/\/www.suno.com.br\/noticias\/author\/juliano\/"}]}},"default_loop_html":"<div class=\"cardsPage__listCard__boxs\"><div class=\"cardsPage__listCard__boxs__img\"><a href=\"https:\/\/www.suno.com.br\/noticias\/nubank-alcanca-marca-de-15-milhoes-de-clientes-banco-inter-registra-3-milhoes\/\"><img class=\"mask\" src=\"https:\/\/www.suno.com.br\/noticias\/wp-content\/themes\/suno\/resources\/images\/spotlight\/spotlight1img\/bg-mask.png\" alt=\"Image Mask\"\/><img src=\"https:\/\/files.sunoresearch.com.br\/n\/uploads\/2019\/08\/c5667880-nubank-400x200.webp\" alt=\"Nubank alcan\u00e7a marca de 15 milh\u00f5es de clientes; Banco Inter registra 3 milh\u00f5es\"\/><\/a><span class=\"spotlightCategory\"><a href=\"https:\/\/www.suno.com.br\/noticias\/negocios\/\">Neg\u00f3cios<\/a><\/span><\/div><div class=\"cardsPage__listCard__boxs__content\"><a href=\"https:\/\/www.suno.com.br\/noticias\/nubank-alcanca-marca-de-15-milhoes-de-clientes-banco-inter-registra-3-milhoes\/\"><h2 class=\"content__title\">Nubank alcan\u00e7a marca de 15 milh\u00f5es de clientes; Banco Inter registra 3 milh\u00f5es<\/h2><\/a><div class=\"newsContent__article__meta\"><div class=\"newsContent__article__meta__authorBox\"><a href=\"https:\/\/www.suno.com.br\/noticias\/author\/juliano\/\" class=\"authorBox__avatar noMobi\"><img src=\"https:\/\/files.sunoresearch.com.br\/n\/uploads\/2019\/06\/7cc3efea-whatsapp-image-2019-07-18-at-21.59.33-e1563499821209-150x150.webp\" alt=\"Juliano Passaro\"><\/a><div class=\"authorBox__name\"><span>por\n\t\t\t<a href=\"https:\/\/www.suno.com.br\/noticias\/author\/juliano\/\"><span itemprop=\"author\">Juliano Passaro<\/span><\/a><\/span><time datetime=\"2019-10-11T14:53:21-03:00\" itemprop=\"datePublished\">11\/10\/2019 14:53<\/time><\/div><\/div><\/div><\/div><\/div>","single_layout":"posts","amp_enabled":true,"_links":{"self":[{"href":"https:\/\/www.suno.com.br\/noticias\/wp-json\/wp\/v2\/posts\/40819"}],"collection":[{"href":"https:\/\/www.suno.com.br\/noticias\/wp-json\/wp\/v2\/posts"}],"about":[{"href":"https:\/\/www.suno.com.br\/noticias\/wp-json\/wp\/v2\/types\/post"}],"author":[{"embeddable":true,"href":"https:\/\/www.suno.com.br\/noticias\/wp-json\/wp\/v2\/users\/19"}],"replies":[{"embeddable":true,"href":"https:\/\/www.suno.com.br\/noticias\/wp-json\/wp\/v2\/comments?post=40819"}],"version-history":[{"count":0,"href":"https:\/\/www.suno.com.br\/noticias\/wp-json\/wp\/v2\/posts\/40819\/revisions"}],"wp:featuredmedia":[{"embeddable":true,"href":"https:\/\/www.suno.com.br\/noticias\/wp-json\/wp\/v2\/media\/35880"}],"wp:attachment":[{"href":"https:\/\/www.suno.com.br\/noticias\/wp-json\/wp\/v2\/media?parent=40819"}],"wp:term":[{"taxonomy":"category","embeddable":true,"href":"https:\/\/www.suno.com.br\/noticias\/wp-json\/wp\/v2\/categories?post=40819"},{"taxonomy":"post_tag","embeddable":true,"href":"https:\/\/www.suno.com.br\/noticias\/wp-json\/wp\/v2\/tags?post=40819"},{"taxonomy":"suno_strategy","embeddable":true,"href":"https:\/\/www.suno.com.br\/noticias\/wp-json\/wp\/v2\/suno_strategy?post=40819"}],"curies":[{"name":"wp","href":"https:\/\/api.w.org\/{rel}","templated":true}]}}