{"id":40807,"date":"2019-10-11T13:49:19","date_gmt":"2019-10-11T16:49:19","guid":{"rendered":"https:\/\/www.suno.com.br\/noticias\/?p=40807"},"modified":"2019-10-11T13:50:02","modified_gmt":"2019-10-11T16:50:02","slug":"brexit-ue-e-reino-unido-intensificarao-negociacoes","status":"publish","type":"post","link":"https:\/\/www.suno.com.br\/noticias\/brexit-ue-e-reino-unido-intensificarao-negociacoes\/","title":{"rendered":"Brexit: UE informa que intensificar\u00e1 negocia\u00e7\u00f5es com Reino Unido"},"content":{"rendered":"<p>A <a href=\"https:\/\/www.suno.com.br\/artigos\/uniao-europeia\/\">Uni\u00e3o Europeia (UE)<\/a> informou nesta sexta-feira (11) que ir\u00e1 intensificar as negocia\u00e7\u00f5es com o <strong>Reino Unido<\/strong>. O objetivo \u00e9 conseguir um acordo para que o Brexit ocorra dentro do prazo, no dia 31 de outubro, e com benef\u00edcios para ambas as partes.<\/p>\t<div class=\"wrapper-featured-image\">\n\t\t<figure class=\"spotlightImg\">\n\n\t\t\t<picture>\n\t\t\t\t<source media=\"(max-width: 768px)\" srcset=\"https:\/\/files.sunoresearch.com.br\/n\/uploads\/2019\/08\/aa9b1f98-brexit-400x200.webp\">\n\t\t\t\t<img loading=\"lazy\" decoding=\"async\" class=\"newsContent__article__imgCapa lazyloadDisabled newsContent__article__imgCapa--noCaption\" src=\"https:\/\/files.sunoresearch.com.br\/n\/uploads\/2019\/08\/aa9b1f98-brexit-800x450.webp\" width=\"800\" height=\"450\" alt=\"Brexit: UE informa que intensificar\u00e1 negocia\u00e7\u00f5es com Reino Unido\" fetchpriority=high \/>\n\t\t\t<\/picture>\n\n\t\t\t<figcaption class=\"wp-caption-text wp-caption-text--hide\">O negociador do Reino Unido para o\u00a0Brexit declarou que as diverg\u00eancias com a UE sobre um acordo comercial continuam.  <\/figcaption>\n\t\t<\/figure>\n\t<\/div>\n\n\n\n<p>A informa\u00e7\u00e3o foi confirmada pelo negociador da Uni\u00e3o Europeia no processo do <strong>Brexit<\/strong>, <strong>Michael<\/strong> <strong>Barnier<\/strong>, por meio de um comunicado. O texto diz que Barnier conseguiu ter uma &#8220;reuni\u00e3o construtiva&#8221; com o secret\u00e1rio de Estado do Reino Unido, Stephen Barclay, nesta sexta, em Bruxelas.<\/p>\n<p>O negociador da <strong>UE<\/strong> tamb\u00e9m afirmou que falou com os l\u00edderes de todos os pa\u00edses que constituem o bloco europeu. O primeiro-ministro do Reino Unido, <strong>Boris<\/strong> <strong>Johnson<\/strong>, no entanto, afirmou que &#8220;ainda h\u00e1 um caminho a percorrer antes de um acordo&#8221;.<\/p>\n<p><a href=\"https:\/\/www.suno.com.br\/noticias\/embraer-ira-suspender-fabricacao-no-brasil-por-14-dias-em-janeiro\/\">Veja tamb\u00e9m: Embraer ir\u00e1 suspender fabrica\u00e7\u00e3o no Brasil por 14 dias em janeiro<\/a><\/p>\n<p>Na pr\u00f3xima semana ser\u00e1 realizada uma c\u00fapula entre l\u00edderes europeus. Esta \u00e9 vista como uma das \u00faltimas oportunidades de um alcan\u00e7ar um acordo. Barnier disse, em entrevista, nesta sexta, que &#8220;o Brexit \u00e9 como escalar uma montanha. Precisamos de determina\u00e7\u00e3o e paci\u00eancia&#8221;.<\/p>\n<h2>Parlamento da UE disse que proposta de Johnson sobre Brexit era inaceit\u00e1vel<\/h2>\n<p>H\u00e1 pouco mais de uma semana, o Parlamento europeu informou que a proposta sugerida pelo primeiro ministro brit\u00e2nico, Boris Johnson, sobre a sa\u00edda do Reino Unido da Uni\u00e3o Europeia (UE) \u00e9 inaceit\u00e1vel.<\/p>\n\t<p>\n\t\t<a href=\"https:\/\/www.suno.com.br\/asset\/fundos\/suno-acoes-xp-seg-prev\/\" target=\"_blank\" data-element=\"shortcode-suno-banner\" title=\"Banner SUNO, clique e saiba mais\">\n\t\t\t<picture>\n\t\t\t\t<source media=\"(max-width: 500px)\" srcset=\"https:\/\/files.sunoresearch.com.br\/n\/uploads\/2023\/10\/SUNOPREV-400x300-Mobile-Artigos-3.png\">\n\t\t\t\t<img class=\"newsContent__article__imgCapa newsContent__article__imgCapa--banner\"\n\t\t\t\t\tsrc=\"https:\/\/files.sunoresearch.com.br\/n\/uploads\/2023\/10\/SUNOPREV-1420x240-Banner-Artigos-1-_-Banner-Materias-1.png\"\n\t\t\t\t\tdata-promo-id=\"476310\"\t\t\t\t\t\t\t\t\t\twidth='1420' height='240'\t\t\t\t\talt=\"https:\/\/files.sunoresearch.com.br\/n\/uploads\/2023\/10\/SUNOPREV-1420x240-Banner-Artigos-1-_-Banner-Materias-1.png\"\n\t\t\t\t>\n\t\t\t<\/picture>\n\t\t<\/a>\n\t<\/p>\n\n\n<p>A proposta de Brexit de Johnson previa uma fronteira f\u00edsica e comercial entre a Irlanda do Norte e a Rep\u00fablica da Irlanda, conhecido como backstop. A Irlanda escolheu permanecer na UE. Por isso, seria necess\u00e1ria fiscaliza\u00e7\u00e3o alfandeg\u00e1ria, quando o Reino Unido sair do bloco. No entanto essa medida n\u00e3o \u00e9 considerada aceit\u00e1vel pelas autoridades europeias.<\/p>\n<p>&#8220;Garantir a paz e a estabilidade na Irlanda, protegendo os cidad\u00e3os e a ordem legal da UE, \u00e9 o foco principal de qualquer acordo. As propostas do Reino Unido n\u00e3o correspondem nem remotamente o que foi concordando como suficiente para o backstop&#8221;, informou o comunicado do Parlamento Europeu, sobre o <strong>Brexit<\/strong>.<\/p>\n","protected":false},"excerpt":{"rendered":"<p>A Uni\u00e3o Europeia (UE) informou nesta sexta-feira (11) que ir\u00e1 intensificar as negocia\u00e7\u00f5es com o Reino Unido. O objetivo \u00e9 conseguir um acordo para que o Brexit ocorra dentro do prazo, no dia 31 de outubro, e com benef\u00edcios para ambas as partes. O negociador do Reino Unido para o\u00a0Brexit declarou que as diverg\u00eancias com [&hellip;]<\/p>\n","protected":false},"author":19,"featured_media":35543,"comment_status":"closed","ping_status":"closed","sticky":false,"template":"","format":"standard","meta":[],"categories":[63],"tags":[753,730,731],"suno_strategy":[],"class_list":["post-40807","post","type-post","status-publish","format-standard","has-post-thumbnail","hentry","category-internacional","tag-brexit","tag-reino-unido","tag-uniao-europeia"],"yoast_head":"<!-- This site is optimized with the Yoast SEO plugin v24.4 - https:\/\/yoast.com\/wordpress\/plugins\/seo\/ -->\n<title>Brexit: UE e Reino Unido intensificar\u00e3o negocia\u00e7\u00f5es<\/title>\n<meta name=\"description\" content=\"A Uni\u00e3o Europeia informou nesta sexta-feira (11) que ir\u00e1 intensificar as negocia\u00e7\u00f5es com o Reino Unido para um Brexit com acordo. Saiba mais.\" \/>\n<meta name=\"robots\" content=\"index, follow, max-snippet:-1, max-image-preview:large, max-video-preview:-1\" \/>\n<link rel=\"canonical\" href=\"https:\/\/www.suno.com.br\/noticias\/brexit-ue-e-reino-unido-intensificarao-negociacoes\/\" \/>\n<meta property=\"og:locale\" content=\"pt_BR\" \/>\n<meta property=\"og:type\" content=\"article\" \/>\n<meta property=\"og:title\" content=\"Brexit: UE e Reino Unido intensificar\u00e3o negocia\u00e7\u00f5es\" \/>\n<meta property=\"og:description\" content=\"A Uni\u00e3o Europeia informou nesta sexta-feira (11) que ir\u00e1 intensificar as negocia\u00e7\u00f5es com o Reino Unido para um Brexit com acordo. Saiba mais.\" \/>\n<meta property=\"og:url\" content=\"https:\/\/www.suno.com.br\/noticias\/brexit-ue-e-reino-unido-intensificarao-negociacoes\/\" \/>\n<meta property=\"og:site_name\" content=\"Suno Not\u00edcias\" \/>\n<meta property=\"article:publisher\" content=\"https:\/\/facebook.com\/sunoresearch\" \/>\n<meta property=\"og:image\" content=\"https:\/\/files.sunoresearch.com.br\/n\/uploads\/2019\/08\/aa9b1f98-brexit.jpg\" \/>\n\t<meta property=\"og:image:width\" content=\"1160\" \/>\n\t<meta property=\"og:image:height\" content=\"773\" \/>\n\t<meta property=\"og:image:type\" content=\"image\/jpeg\" \/>\n<meta name=\"author\" content=\"Juliano Passaro\" \/>\n<meta name=\"twitter:card\" content=\"summary_large_image\" \/>\n<meta name=\"twitter:creator\" content=\"@sunoresearch\" \/>\n<meta name=\"twitter:site\" content=\"@sunoresearch\" \/>\n<meta name=\"twitter:label1\" content=\"Escrito por\" \/>\n\t<meta name=\"twitter:data1\" content=\"Juliano Passaro\" \/>\n\t<meta name=\"twitter:label2\" content=\"Est. tempo de leitura\" \/>\n\t<meta name=\"twitter:data2\" content=\"2 minutos\" \/>\n<script type=\"application\/ld+json\" class=\"yoast-schema-graph\">{\"@context\":\"https:\/\/schema.org\",\"@graph\":[{\"@type\":\"NewsArticle\",\"@id\":\"https:\/\/www.suno.com.br\/noticias\/brexit-ue-e-reino-unido-intensificarao-negociacoes\/#article\",\"isPartOf\":{\"@id\":\"https:\/\/www.suno.com.br\/noticias\/brexit-ue-e-reino-unido-intensificarao-negociacoes\/\"},\"author\":{\"name\":\"Juliano Passaro\",\"@id\":\"https:\/\/www.suno.com.br\/noticias\/#\/schema\/person\/1db762f78ffd8919a648a63e425953e3\"},\"headline\":\"Brexit: UE informa que intensificar\u00e1 negocia\u00e7\u00f5es com Reino Unido\",\"datePublished\":\"2019-10-11T16:49:19+00:00\",\"dateModified\":\"2019-10-11T16:50:02+00:00\",\"mainEntityOfPage\":{\"@id\":\"https:\/\/www.suno.com.br\/noticias\/brexit-ue-e-reino-unido-intensificarao-negociacoes\/\"},\"wordCount\":371,\"publisher\":{\"@id\":\"https:\/\/www.suno.com.br\/noticias\/#organization\"},\"image\":{\"@id\":\"https:\/\/www.suno.com.br\/noticias\/brexit-ue-e-reino-unido-intensificarao-negociacoes\/#primaryimage\"},\"thumbnailUrl\":\"https:\/\/files.sunoresearch.com.br\/n\/uploads\/2019\/08\/aa9b1f98-brexit-jpg.webp\",\"keywords\":[\"Brexit\",\"Reino Unido\",\"Uni\u00e3o Europeia\"],\"articleSection\":[\"Internacional\"],\"inLanguage\":\"pt-BR\"},{\"@type\":\"WebPage\",\"@id\":\"https:\/\/www.suno.com.br\/noticias\/brexit-ue-e-reino-unido-intensificarao-negociacoes\/\",\"url\":\"https:\/\/www.suno.com.br\/noticias\/brexit-ue-e-reino-unido-intensificarao-negociacoes\/\",\"name\":\"Brexit: UE e Reino Unido intensificar\u00e3o negocia\u00e7\u00f5es\",\"isPartOf\":{\"@id\":\"https:\/\/www.suno.com.br\/noticias\/#website\"},\"primaryImageOfPage\":{\"@id\":\"https:\/\/www.suno.com.br\/noticias\/brexit-ue-e-reino-unido-intensificarao-negociacoes\/#primaryimage\"},\"image\":{\"@id\":\"https:\/\/www.suno.com.br\/noticias\/brexit-ue-e-reino-unido-intensificarao-negociacoes\/#primaryimage\"},\"thumbnailUrl\":\"https:\/\/files.sunoresearch.com.br\/n\/uploads\/2019\/08\/aa9b1f98-brexit-jpg.webp\",\"datePublished\":\"2019-10-11T16:49:19+00:00\",\"dateModified\":\"2019-10-11T16:50:02+00:00\",\"description\":\"A Uni\u00e3o Europeia informou nesta sexta-feira (11) que ir\u00e1 intensificar as negocia\u00e7\u00f5es com o Reino Unido para um Brexit com acordo. Saiba mais.\",\"breadcrumb\":{\"@id\":\"https:\/\/www.suno.com.br\/noticias\/brexit-ue-e-reino-unido-intensificarao-negociacoes\/#breadcrumb\"},\"inLanguage\":\"pt-BR\",\"potentialAction\":[{\"@type\":\"ReadAction\",\"target\":[\"https:\/\/www.suno.com.br\/noticias\/brexit-ue-e-reino-unido-intensificarao-negociacoes\/\"]}]},{\"@type\":\"ImageObject\",\"inLanguage\":\"pt-BR\",\"@id\":\"https:\/\/www.suno.com.br\/noticias\/brexit-ue-e-reino-unido-intensificarao-negociacoes\/#primaryimage\",\"url\":\"https:\/\/files.sunoresearch.com.br\/n\/uploads\/2019\/08\/aa9b1f98-brexit-jpg.webp\",\"contentUrl\":\"https:\/\/files.sunoresearch.com.br\/n\/uploads\/2019\/08\/aa9b1f98-brexit-jpg.webp\",\"width\":1160,\"height\":773,\"caption\":\"O negociador do Reino Unido para o\u00a0Brexit declarou que as diverg\u00eancias com a UE sobre um acordo comercial continuam.\"},{\"@type\":\"BreadcrumbList\",\"@id\":\"https:\/\/www.suno.com.br\/noticias\/brexit-ue-e-reino-unido-intensificarao-negociacoes\/#breadcrumb\",\"itemListElement\":[{\"@type\":\"ListItem\",\"position\":1,\"name\":\"Not\u00edcias\",\"item\":\"https:\/\/www.suno.com.br\/noticias\/\"},{\"@type\":\"ListItem\",\"position\":2,\"name\":\"Internacional\",\"item\":\"https:\/\/www.suno.com.br\/noticias\/internacional\/\"},{\"@type\":\"ListItem\",\"position\":3,\"name\":\"Brexit: UE informa que intensificar\u00e1 negocia\u00e7\u00f5es com Reino Unido\"}]},{\"@type\":\"WebSite\",\"@id\":\"https:\/\/www.suno.com.br\/noticias\/#website\",\"url\":\"https:\/\/www.suno.com.br\/noticias\/\",\"name\":\"Suno Not\u00edcias\",\"description\":\"Seu portal de informa\u00e7\u00e3o sobre o mundo dos investimentos\",\"publisher\":{\"@id\":\"https:\/\/www.suno.com.br\/noticias\/#organization\"},\"potentialAction\":[{\"@type\":\"SearchAction\",\"target\":{\"@type\":\"EntryPoint\",\"urlTemplate\":\"https:\/\/www.suno.com.br\/noticias\/?s={search_term_string}\"},\"query-input\":{\"@type\":\"PropertyValueSpecification\",\"valueRequired\":true,\"valueName\":\"search_term_string\"}}],\"inLanguage\":\"pt-BR\"},{\"@type\":\"Organization\",\"@id\":\"https:\/\/www.suno.com.br\/noticias\/#organization\",\"name\":\"Suno Not\u00edcias\",\"url\":\"https:\/\/www.suno.com.br\/noticias\/\",\"logo\":{\"@type\":\"ImageObject\",\"inLanguage\":\"pt-BR\",\"@id\":\"https:\/\/www.suno.com.br\/noticias\/#\/schema\/logo\/image\/\",\"url\":\"https:\/\/files.sunoresearch.com.br\/n\/uploads\/2021\/09\/suno-logo.png\",\"contentUrl\":\"https:\/\/files.sunoresearch.com.br\/n\/uploads\/2021\/09\/suno-logo.png\",\"width\":180,\"height\":180,\"caption\":\"Suno Not\u00edcias\"},\"image\":{\"@id\":\"https:\/\/www.suno.com.br\/noticias\/#\/schema\/logo\/image\/\"},\"sameAs\":[\"https:\/\/facebook.com\/sunoresearch\",\"https:\/\/x.com\/sunoresearch\",\"https:\/\/www.instagram.com\/suno\",\"https:\/\/www.linkedin.com\/company\/suno-research\/\",\"https:\/\/www.youtube.com\/c\/sunoresearch\"]},{\"@type\":\"Person\",\"@id\":\"https:\/\/www.suno.com.br\/noticias\/#\/schema\/person\/1db762f78ffd8919a648a63e425953e3\",\"name\":\"Juliano Passaro\",\"image\":{\"@type\":\"ImageObject\",\"inLanguage\":\"pt-BR\",\"@id\":\"https:\/\/www.suno.com.br\/noticias\/#\/schema\/person\/image\/\",\"url\":\"https:\/\/secure.gravatar.com\/avatar\/743d4df28eebf6dcc46b4ad03c319e92?s=96&r=g\",\"contentUrl\":\"https:\/\/secure.gravatar.com\/avatar\/743d4df28eebf6dcc46b4ad03c319e92?s=96&r=g\",\"caption\":\"Juliano Passaro\"},\"description\":\"Juliano Passaro escreve sobre pol\u00edtica, economia e neg\u00f3cios para o portal da Suno Research. Antes da Suno, trabalhou no Portal da Band. \u00c9 formado em jornalismo pela Universidade Presbiteriana Mackenzie.\",\"url\":\"https:\/\/www.suno.com.br\/noticias\/author\/juliano\/\"}]}<\/script>\n<!-- \/ Yoast SEO plugin. -->","yoast_head_json":{"title":"Brexit: UE e Reino Unido intensificar\u00e3o negocia\u00e7\u00f5es","description":"A Uni\u00e3o Europeia informou nesta sexta-feira (11) que ir\u00e1 intensificar as negocia\u00e7\u00f5es com o Reino Unido para um Brexit com acordo. Saiba mais.","robots":{"index":"index","follow":"follow","max-snippet":"max-snippet:-1","max-image-preview":"max-image-preview:large","max-video-preview":"max-video-preview:-1"},"canonical":"https:\/\/www.suno.com.br\/noticias\/brexit-ue-e-reino-unido-intensificarao-negociacoes\/","og_locale":"pt_BR","og_type":"article","og_title":"Brexit: UE e Reino Unido intensificar\u00e3o negocia\u00e7\u00f5es","og_description":"A Uni\u00e3o Europeia informou nesta sexta-feira (11) que ir\u00e1 intensificar as negocia\u00e7\u00f5es com o Reino Unido para um Brexit com acordo. Saiba mais.","og_url":"https:\/\/www.suno.com.br\/noticias\/brexit-ue-e-reino-unido-intensificarao-negociacoes\/","og_site_name":"Suno Not\u00edcias","article_publisher":"https:\/\/facebook.com\/sunoresearch","og_image":[{"width":1160,"height":773,"url":"https:\/\/files.sunoresearch.com.br\/n\/uploads\/2019\/08\/aa9b1f98-brexit.jpg","type":"image\/jpeg"}],"author":"Juliano Passaro","twitter_card":"summary_large_image","twitter_creator":"@sunoresearch","twitter_site":"@sunoresearch","twitter_misc":{"Escrito por":"Juliano Passaro","Est. tempo de leitura":"2 minutos"},"schema":{"@context":"https:\/\/schema.org","@graph":[{"@type":"NewsArticle","@id":"https:\/\/www.suno.com.br\/noticias\/brexit-ue-e-reino-unido-intensificarao-negociacoes\/#article","isPartOf":{"@id":"https:\/\/www.suno.com.br\/noticias\/brexit-ue-e-reino-unido-intensificarao-negociacoes\/"},"author":{"name":"Juliano Passaro","@id":"https:\/\/www.suno.com.br\/noticias\/#\/schema\/person\/1db762f78ffd8919a648a63e425953e3"},"headline":"Brexit: UE informa que intensificar\u00e1 negocia\u00e7\u00f5es com Reino Unido","datePublished":"2019-10-11T16:49:19+00:00","dateModified":"2019-10-11T16:50:02+00:00","mainEntityOfPage":{"@id":"https:\/\/www.suno.com.br\/noticias\/brexit-ue-e-reino-unido-intensificarao-negociacoes\/"},"wordCount":371,"publisher":{"@id":"https:\/\/www.suno.com.br\/noticias\/#organization"},"image":{"@id":"https:\/\/www.suno.com.br\/noticias\/brexit-ue-e-reino-unido-intensificarao-negociacoes\/#primaryimage"},"thumbnailUrl":"https:\/\/files.sunoresearch.com.br\/n\/uploads\/2019\/08\/aa9b1f98-brexit-jpg.webp","keywords":["Brexit","Reino Unido","Uni\u00e3o Europeia"],"articleSection":["Internacional"],"inLanguage":"pt-BR"},{"@type":"WebPage","@id":"https:\/\/www.suno.com.br\/noticias\/brexit-ue-e-reino-unido-intensificarao-negociacoes\/","url":"https:\/\/www.suno.com.br\/noticias\/brexit-ue-e-reino-unido-intensificarao-negociacoes\/","name":"Brexit: UE e Reino Unido intensificar\u00e3o negocia\u00e7\u00f5es","isPartOf":{"@id":"https:\/\/www.suno.com.br\/noticias\/#website"},"primaryImageOfPage":{"@id":"https:\/\/www.suno.com.br\/noticias\/brexit-ue-e-reino-unido-intensificarao-negociacoes\/#primaryimage"},"image":{"@id":"https:\/\/www.suno.com.br\/noticias\/brexit-ue-e-reino-unido-intensificarao-negociacoes\/#primaryimage"},"thumbnailUrl":"https:\/\/files.sunoresearch.com.br\/n\/uploads\/2019\/08\/aa9b1f98-brexit-jpg.webp","datePublished":"2019-10-11T16:49:19+00:00","dateModified":"2019-10-11T16:50:02+00:00","description":"A Uni\u00e3o Europeia informou nesta sexta-feira (11) que ir\u00e1 intensificar as negocia\u00e7\u00f5es com o Reino Unido para um Brexit com acordo. Saiba mais.","breadcrumb":{"@id":"https:\/\/www.suno.com.br\/noticias\/brexit-ue-e-reino-unido-intensificarao-negociacoes\/#breadcrumb"},"inLanguage":"pt-BR","potentialAction":[{"@type":"ReadAction","target":["https:\/\/www.suno.com.br\/noticias\/brexit-ue-e-reino-unido-intensificarao-negociacoes\/"]}]},{"@type":"ImageObject","inLanguage":"pt-BR","@id":"https:\/\/www.suno.com.br\/noticias\/brexit-ue-e-reino-unido-intensificarao-negociacoes\/#primaryimage","url":"https:\/\/files.sunoresearch.com.br\/n\/uploads\/2019\/08\/aa9b1f98-brexit-jpg.webp","contentUrl":"https:\/\/files.sunoresearch.com.br\/n\/uploads\/2019\/08\/aa9b1f98-brexit-jpg.webp","width":1160,"height":773,"caption":"O negociador do Reino Unido para o\u00a0Brexit declarou que as diverg\u00eancias com a UE sobre um acordo comercial continuam."},{"@type":"BreadcrumbList","@id":"https:\/\/www.suno.com.br\/noticias\/brexit-ue-e-reino-unido-intensificarao-negociacoes\/#breadcrumb","itemListElement":[{"@type":"ListItem","position":1,"name":"Not\u00edcias","item":"https:\/\/www.suno.com.br\/noticias\/"},{"@type":"ListItem","position":2,"name":"Internacional","item":"https:\/\/www.suno.com.br\/noticias\/internacional\/"},{"@type":"ListItem","position":3,"name":"Brexit: UE informa que intensificar\u00e1 negocia\u00e7\u00f5es com Reino Unido"}]},{"@type":"WebSite","@id":"https:\/\/www.suno.com.br\/noticias\/#website","url":"https:\/\/www.suno.com.br\/noticias\/","name":"Suno Not\u00edcias","description":"Seu portal de informa\u00e7\u00e3o sobre o mundo dos investimentos","publisher":{"@id":"https:\/\/www.suno.com.br\/noticias\/#organization"},"potentialAction":[{"@type":"SearchAction","target":{"@type":"EntryPoint","urlTemplate":"https:\/\/www.suno.com.br\/noticias\/?s={search_term_string}"},"query-input":{"@type":"PropertyValueSpecification","valueRequired":true,"valueName":"search_term_string"}}],"inLanguage":"pt-BR"},{"@type":"Organization","@id":"https:\/\/www.suno.com.br\/noticias\/#organization","name":"Suno Not\u00edcias","url":"https:\/\/www.suno.com.br\/noticias\/","logo":{"@type":"ImageObject","inLanguage":"pt-BR","@id":"https:\/\/www.suno.com.br\/noticias\/#\/schema\/logo\/image\/","url":"https:\/\/files.sunoresearch.com.br\/n\/uploads\/2021\/09\/suno-logo.png","contentUrl":"https:\/\/files.sunoresearch.com.br\/n\/uploads\/2021\/09\/suno-logo.png","width":180,"height":180,"caption":"Suno Not\u00edcias"},"image":{"@id":"https:\/\/www.suno.com.br\/noticias\/#\/schema\/logo\/image\/"},"sameAs":["https:\/\/facebook.com\/sunoresearch","https:\/\/x.com\/sunoresearch","https:\/\/www.instagram.com\/suno","https:\/\/www.linkedin.com\/company\/suno-research\/","https:\/\/www.youtube.com\/c\/sunoresearch"]},{"@type":"Person","@id":"https:\/\/www.suno.com.br\/noticias\/#\/schema\/person\/1db762f78ffd8919a648a63e425953e3","name":"Juliano Passaro","image":{"@type":"ImageObject","inLanguage":"pt-BR","@id":"https:\/\/www.suno.com.br\/noticias\/#\/schema\/person\/image\/","url":"https:\/\/secure.gravatar.com\/avatar\/743d4df28eebf6dcc46b4ad03c319e92?s=96&r=g","contentUrl":"https:\/\/secure.gravatar.com\/avatar\/743d4df28eebf6dcc46b4ad03c319e92?s=96&r=g","caption":"Juliano Passaro"},"description":"Juliano Passaro escreve sobre pol\u00edtica, economia e neg\u00f3cios para o portal da Suno Research. Antes da Suno, trabalhou no Portal da Band. \u00c9 formado em jornalismo pela Universidade Presbiteriana Mackenzie.","url":"https:\/\/www.suno.com.br\/noticias\/author\/juliano\/"}]}},"default_loop_html":"<div class=\"cardsPage__listCard__boxs\"><div class=\"cardsPage__listCard__boxs__img\"><a href=\"https:\/\/www.suno.com.br\/noticias\/brexit-ue-e-reino-unido-intensificarao-negociacoes\/\"><img class=\"mask\" src=\"https:\/\/www.suno.com.br\/noticias\/wp-content\/themes\/suno\/resources\/images\/spotlight\/spotlight1img\/bg-mask.png\" alt=\"Image Mask\"\/><img src=\"https:\/\/files.sunoresearch.com.br\/n\/uploads\/2019\/08\/aa9b1f98-brexit-400x200.webp\" alt=\"Brexit: UE informa que intensificar\u00e1 negocia\u00e7\u00f5es com Reino Unido\"\/><\/a><span class=\"spotlightCategory\"><a href=\"https:\/\/www.suno.com.br\/noticias\/internacional\/\">Internacional<\/a><\/span><\/div><div class=\"cardsPage__listCard__boxs__content\"><a href=\"https:\/\/www.suno.com.br\/noticias\/brexit-ue-e-reino-unido-intensificarao-negociacoes\/\"><h2 class=\"content__title\">Brexit: UE informa que intensificar\u00e1 negocia\u00e7\u00f5es com Reino Unido<\/h2><\/a><div class=\"newsContent__article__meta\"><div class=\"newsContent__article__meta__authorBox\"><a href=\"https:\/\/www.suno.com.br\/noticias\/author\/juliano\/\" class=\"authorBox__avatar noMobi\"><img src=\"https:\/\/files.sunoresearch.com.br\/n\/uploads\/2019\/06\/7cc3efea-whatsapp-image-2019-07-18-at-21.59.33-e1563499821209-150x150.webp\" alt=\"Juliano Passaro\"><\/a><div class=\"authorBox__name\"><span>por\n\t\t\t<a href=\"https:\/\/www.suno.com.br\/noticias\/author\/juliano\/\"><span itemprop=\"author\">Juliano Passaro<\/span><\/a><\/span><time datetime=\"2019-10-11T13:49:19-03:00\" itemprop=\"datePublished\">11\/10\/2019 13:49<\/time><\/div><\/div><\/div><\/div><\/div>","single_layout":"posts","amp_enabled":true,"_links":{"self":[{"href":"https:\/\/www.suno.com.br\/noticias\/wp-json\/wp\/v2\/posts\/40807"}],"collection":[{"href":"https:\/\/www.suno.com.br\/noticias\/wp-json\/wp\/v2\/posts"}],"about":[{"href":"https:\/\/www.suno.com.br\/noticias\/wp-json\/wp\/v2\/types\/post"}],"author":[{"embeddable":true,"href":"https:\/\/www.suno.com.br\/noticias\/wp-json\/wp\/v2\/users\/19"}],"replies":[{"embeddable":true,"href":"https:\/\/www.suno.com.br\/noticias\/wp-json\/wp\/v2\/comments?post=40807"}],"version-history":[{"count":0,"href":"https:\/\/www.suno.com.br\/noticias\/wp-json\/wp\/v2\/posts\/40807\/revisions"}],"wp:featuredmedia":[{"embeddable":true,"href":"https:\/\/www.suno.com.br\/noticias\/wp-json\/wp\/v2\/media\/35543"}],"wp:attachment":[{"href":"https:\/\/www.suno.com.br\/noticias\/wp-json\/wp\/v2\/media?parent=40807"}],"wp:term":[{"taxonomy":"category","embeddable":true,"href":"https:\/\/www.suno.com.br\/noticias\/wp-json\/wp\/v2\/categories?post=40807"},{"taxonomy":"post_tag","embeddable":true,"href":"https:\/\/www.suno.com.br\/noticias\/wp-json\/wp\/v2\/tags?post=40807"},{"taxonomy":"suno_strategy","embeddable":true,"href":"https:\/\/www.suno.com.br\/noticias\/wp-json\/wp\/v2\/suno_strategy?post=40807"}],"curies":[{"name":"wp","href":"https:\/\/api.w.org\/{rel}","templated":true}]}}