{"id":40802,"date":"2019-10-11T13:12:56","date_gmt":"2019-10-11T16:12:56","guid":{"rendered":"https:\/\/www.suno.com.br\/noticias\/?p=40802"},"modified":"2021-02-18T19:54:58","modified_gmt":"2021-02-18T22:54:58","slug":"embraer-ira-suspender-fabricacao-no-brasil-por-14-dias-em-janeiro","status":"publish","type":"post","link":"https:\/\/www.suno.com.br\/noticias\/embraer-ira-suspender-fabricacao-no-brasil-por-14-dias-em-janeiro\/","title":{"rendered":"Embraer ir\u00e1 suspender fabrica\u00e7\u00e3o no Brasil por 14 dias em janeiro"},"content":{"rendered":"<p>A Embraer <strong>(EMBR3)<\/strong> informou, na \u00faltima quinta-feira (10), que ir\u00e1 parar de fabricar no Brasil durante 14 dias no m\u00eas de janeiro de 2020. A empresa dar\u00e1 f\u00e9rias coletivas para os 15 mil funcion\u00e1rios, entre os dias 6 e 20 de janeiro.<\/p>\t<div class=\"wrapper-featured-image\">\n\t\t<figure class=\"spotlightImg\">\n\n\t\t\t<picture>\n\t\t\t\t<source media=\"(max-width: 768px)\" srcset=\"https:\/\/files.sunoresearch.com.br\/n\/uploads\/2019\/10\/1dbe6a7d-embraer-400x200.webp\">\n\t\t\t\t<img loading=\"lazy\" decoding=\"async\" class=\"newsContent__article__imgCapa lazyloadDisabled newsContent__article__imgCapa--noCaption\" src=\"https:\/\/files.sunoresearch.com.br\/n\/uploads\/2019\/10\/1dbe6a7d-embraer-800x450.webp\" width=\"800\" height=\"450\" alt=\"Embraer ir\u00e1 suspender fabrica\u00e7\u00e3o no Brasil por 14 dias em janeiro\" fetchpriority=high \/>\n\t\t\t<\/picture>\n\n\t\t\t<figcaption class=\"wp-caption-text wp-caption-text--hide\">Embraer (EMBR3). Foto: Reprodu\u00e7\u00e3o.<\/figcaption>\n\t\t<\/figure>\n\t<\/div>\n\n\n\n<p>A pausa ser\u00e1 utilizada para a tramita\u00e7\u00e3o da transfer\u00eancia de controle para a empresa Boeing, dos Estados Unidos. &#8220;O objetivo [da licen\u00e7a] \u00e9 implementar a segrega\u00e7\u00e3o interna do neg\u00f3cio de avia\u00e7\u00e3o comercial&#8221;, informou a <strong>Embraer<\/strong>.<\/p>\n<p>O Sindicato dos Metal\u00fargicos de S\u00e3o Jos\u00e9 dos Campos, no interior de S\u00e3o Paulo, disse que a decis\u00e3o da Embraer &#8220;causa apreens\u00e3o entre os trabalhadores, preocupados com as medidas que a nova dire\u00e7\u00e3o da companhia eventualmente possa tomar&#8221;.<\/p>\n\t<p>\n\t\t<a href=\"https:\/\/lp.suno.com.br\/asset\/fundos\/suno-fic-fia\/\" target=\"_blank\" data-element=\"shortcode-suno-banner\" title=\"Banner SUNO, clique e saiba mais\">\n\t\t\t<picture>\n\t\t\t\t<source media=\"(max-width: 500px)\" srcset=\"https:\/\/files.sunoresearch.com.br\/n\/uploads\/2023\/10\/SUNO-FIC-FIA-400x300-Mobile-Artigos-5-v2.png\">\n\t\t\t\t<img class=\"newsContent__article__imgCapa newsContent__article__imgCapa--banner\"\n\t\t\t\t\tsrc=\"https:\/\/files.sunoresearch.com.br\/n\/uploads\/2023\/10\/SUNO-FIC-FIA-1420x240-Banner-Artigos-1-_-Banner-Materias-4-v2-png.webp\"\n\t\t\t\t\tdata-promo-id=\"478743\"\t\t\t\t\t\t\t\t\t\twidth='2560' height='433'\t\t\t\t\talt=\"https:\/\/files.sunoresearch.com.br\/n\/uploads\/2023\/10\/SUNO-FIC-FIA-1420x240-Banner-Artigos-1-_-Banner-Materias-4-v2-png.webp\"\n\t\t\t\t>\n\t\t\t<\/picture>\n\t\t<\/a>\n\t<\/p>\n\n\n<p>O acordo entre a <strong>Boeing<\/strong> e a Embraer ainda est\u00e1 sendo investigado por um \u00f3rg\u00e3o regulat\u00f3rio da Europa. No Brasil, entretanto, a divis\u00e3o de planos comerciais da brasileira por US$ 4,75 bilh\u00f5es j\u00e1 foi aprovada por acionista e pelo governo.<\/p>\n<h2>Investimento de US$ 30 milh\u00f5es da Embraer em unidade no interior de SP<\/h2>\n<p>Em meados de agosto, durante a comemora\u00e7\u00e3o de 50 anos da empresa, a Embraer anunciou que iria investir US$ 30 milh\u00f5es (cerca de R$ 121 milh\u00f5es) para expandir uma unidade em S\u00e3o Jos\u00e9 dos Campos, em S\u00e3o Paulo.<\/p>\n<p>A unidade de Eug\u00eanio de Melo, onde ser\u00e3o investidos os recursos, deve se tornar o novo centro de tecnologia e engenharia da Embraer. A expectativa \u00e9 que as obras terminem no quarto trimestre deste ano.<\/p>\n<p><a href=\"https:\/\/www.suno.com.br\/noticias\/asiaticas-petronas-e-qpi-se-destacam-em-leilao-da-anp\/\">Veja tamb\u00e9m: Asi\u00e1ticas Petronas e QPI se destacam em leil\u00e3o da ANP<\/a><\/p>\n<p>O valor ser\u00e1 utilizado para a constru\u00e7\u00e3o de quatro novos pr\u00e9dios. Assim, o n\u00famero de funcion\u00e1rios da companhia deve aumentar em mais de 2,5 mil profissionais.<\/p>\n<p>As \u00e1reas de investimento incluem manufatura, engenharia, testes estruturais, centro de forma\u00e7\u00e3o de pessoas e \u00e1reas de administra\u00e7\u00e3o e pesquisa.<\/p>\n<p>Segundo o presidente da <strong>Embraer<\/strong>, Francisco Gomes Neto, o investimento na regi\u00e3o refor\u00e7a o compromisso com a comunidade local. Al\u00e9m disso, faz parte do plano de crescimento da empresa.<\/p>\n","protected":false},"excerpt":{"rendered":"<p>A Embraer (EMBR3) informou, na \u00faltima quinta-feira (10), que ir\u00e1 parar de fabricar no Brasil durante 14 dias no m\u00eas de janeiro de 2020. A empresa dar\u00e1 f\u00e9rias coletivas para os 15 mil funcion\u00e1rios, entre os dias 6 e 20 de janeiro. Embraer (EMBR3). Foto: Reprodu\u00e7\u00e3o. A pausa ser\u00e1 utilizada para a tramita\u00e7\u00e3o da transfer\u00eancia [&hellip;]<\/p>\n","protected":false},"author":19,"featured_media":40805,"comment_status":"closed","ping_status":"closed","sticky":false,"template":"","format":"standard","meta":[],"categories":[64],"tags":[460,2107],"suno_strategy":[],"class_list":["post-40802","post","type-post","status-publish","format-standard","has-post-thumbnail","hentry","category-negocios","tag-embraer-embr3","tag-petronas"],"yoast_head":"<!-- This site is optimized with the Yoast SEO plugin v24.4 - https:\/\/yoast.com\/wordpress\/plugins\/seo\/ -->\n<title>Embraer ir\u00e1 suspender fabrica\u00e7\u00e3o no Brasil por 14 dias em janeiro<\/title>\n<meta name=\"description\" content=\"A Embraer informou, na \u00faltima quinta-feira (10), que ir\u00e1 parar de fabricar no Brasil durante 14 dias no m\u00eas de janeiro de 2020. Saiba mais.\" \/>\n<meta name=\"robots\" content=\"index, follow, max-snippet:-1, max-image-preview:large, max-video-preview:-1\" \/>\n<link rel=\"canonical\" href=\"https:\/\/www.suno.com.br\/noticias\/embraer-ira-suspender-fabricacao-no-brasil-por-14-dias-em-janeiro\/\" \/>\n<meta property=\"og:locale\" content=\"pt_BR\" \/>\n<meta property=\"og:type\" content=\"article\" \/>\n<meta property=\"og:title\" content=\"Embraer ir\u00e1 suspender fabrica\u00e7\u00e3o no Brasil por 14 dias em janeiro\" \/>\n<meta property=\"og:description\" content=\"A Embraer informou, na \u00faltima quinta-feira (10), que ir\u00e1 parar de fabricar no Brasil durante 14 dias no m\u00eas de janeiro de 2020. Saiba mais.\" \/>\n<meta property=\"og:url\" content=\"https:\/\/www.suno.com.br\/noticias\/embraer-ira-suspender-fabricacao-no-brasil-por-14-dias-em-janeiro\/\" \/>\n<meta property=\"og:site_name\" content=\"Suno Not\u00edcias\" \/>\n<meta property=\"article:publisher\" content=\"https:\/\/facebook.com\/sunoresearch\" \/>\n<meta property=\"og:image\" content=\"https:\/\/files.sunoresearch.com.br\/n\/uploads\/2019\/10\/1dbe6a7d-embraer.jpg\" \/>\n\t<meta property=\"og:image:width\" content=\"960\" \/>\n\t<meta property=\"og:image:height\" content=\"640\" \/>\n\t<meta property=\"og:image:type\" content=\"image\/jpeg\" \/>\n<meta name=\"author\" content=\"Juliano Passaro\" \/>\n<meta name=\"twitter:card\" content=\"summary_large_image\" \/>\n<meta name=\"twitter:creator\" content=\"@sunoresearch\" \/>\n<meta name=\"twitter:site\" content=\"@sunoresearch\" \/>\n<meta name=\"twitter:label1\" content=\"Escrito por\" \/>\n\t<meta name=\"twitter:data1\" content=\"Juliano Passaro\" \/>\n\t<meta name=\"twitter:label2\" content=\"Est. tempo de leitura\" \/>\n\t<meta name=\"twitter:data2\" content=\"2 minutos\" \/>\n<script type=\"application\/ld+json\" class=\"yoast-schema-graph\">{\"@context\":\"https:\/\/schema.org\",\"@graph\":[{\"@type\":\"NewsArticle\",\"@id\":\"https:\/\/www.suno.com.br\/noticias\/embraer-ira-suspender-fabricacao-no-brasil-por-14-dias-em-janeiro\/#article\",\"isPartOf\":{\"@id\":\"https:\/\/www.suno.com.br\/noticias\/embraer-ira-suspender-fabricacao-no-brasil-por-14-dias-em-janeiro\/\"},\"author\":{\"name\":\"Juliano Passaro\",\"@id\":\"https:\/\/www.suno.com.br\/noticias\/#\/schema\/person\/1db762f78ffd8919a648a63e425953e3\"},\"headline\":\"Embraer ir\u00e1 suspender fabrica\u00e7\u00e3o no Brasil por 14 dias em janeiro\",\"datePublished\":\"2019-10-11T16:12:56+00:00\",\"dateModified\":\"2021-02-18T22:54:58+00:00\",\"mainEntityOfPage\":{\"@id\":\"https:\/\/www.suno.com.br\/noticias\/embraer-ira-suspender-fabricacao-no-brasil-por-14-dias-em-janeiro\/\"},\"wordCount\":369,\"publisher\":{\"@id\":\"https:\/\/www.suno.com.br\/noticias\/#organization\"},\"image\":{\"@id\":\"https:\/\/www.suno.com.br\/noticias\/embraer-ira-suspender-fabricacao-no-brasil-por-14-dias-em-janeiro\/#primaryimage\"},\"thumbnailUrl\":\"https:\/\/files.sunoresearch.com.br\/n\/uploads\/2019\/10\/1dbe6a7d-embraer-jpg.webp\",\"keywords\":[\"Embraer (EMBR3)\",\"Petronas\"],\"articleSection\":[\"Neg\u00f3cios\"],\"inLanguage\":\"pt-BR\"},{\"@type\":\"WebPage\",\"@id\":\"https:\/\/www.suno.com.br\/noticias\/embraer-ira-suspender-fabricacao-no-brasil-por-14-dias-em-janeiro\/\",\"url\":\"https:\/\/www.suno.com.br\/noticias\/embraer-ira-suspender-fabricacao-no-brasil-por-14-dias-em-janeiro\/\",\"name\":\"Embraer ir\u00e1 suspender fabrica\u00e7\u00e3o no Brasil por 14 dias em janeiro\",\"isPartOf\":{\"@id\":\"https:\/\/www.suno.com.br\/noticias\/#website\"},\"primaryImageOfPage\":{\"@id\":\"https:\/\/www.suno.com.br\/noticias\/embraer-ira-suspender-fabricacao-no-brasil-por-14-dias-em-janeiro\/#primaryimage\"},\"image\":{\"@id\":\"https:\/\/www.suno.com.br\/noticias\/embraer-ira-suspender-fabricacao-no-brasil-por-14-dias-em-janeiro\/#primaryimage\"},\"thumbnailUrl\":\"https:\/\/files.sunoresearch.com.br\/n\/uploads\/2019\/10\/1dbe6a7d-embraer-jpg.webp\",\"datePublished\":\"2019-10-11T16:12:56+00:00\",\"dateModified\":\"2021-02-18T22:54:58+00:00\",\"description\":\"A Embraer informou, na \u00faltima quinta-feira (10), que ir\u00e1 parar de fabricar no Brasil durante 14 dias no m\u00eas de janeiro de 2020. Saiba mais.\",\"breadcrumb\":{\"@id\":\"https:\/\/www.suno.com.br\/noticias\/embraer-ira-suspender-fabricacao-no-brasil-por-14-dias-em-janeiro\/#breadcrumb\"},\"inLanguage\":\"pt-BR\",\"potentialAction\":[{\"@type\":\"ReadAction\",\"target\":[\"https:\/\/www.suno.com.br\/noticias\/embraer-ira-suspender-fabricacao-no-brasil-por-14-dias-em-janeiro\/\"]}]},{\"@type\":\"ImageObject\",\"inLanguage\":\"pt-BR\",\"@id\":\"https:\/\/www.suno.com.br\/noticias\/embraer-ira-suspender-fabricacao-no-brasil-por-14-dias-em-janeiro\/#primaryimage\",\"url\":\"https:\/\/files.sunoresearch.com.br\/n\/uploads\/2019\/10\/1dbe6a7d-embraer-jpg.webp\",\"contentUrl\":\"https:\/\/files.sunoresearch.com.br\/n\/uploads\/2019\/10\/1dbe6a7d-embraer-jpg.webp\",\"width\":960,\"height\":640,\"caption\":\"Embraer (EMBR3). Foto: Reprodu\u00e7\u00e3o.\"},{\"@type\":\"BreadcrumbList\",\"@id\":\"https:\/\/www.suno.com.br\/noticias\/embraer-ira-suspender-fabricacao-no-brasil-por-14-dias-em-janeiro\/#breadcrumb\",\"itemListElement\":[{\"@type\":\"ListItem\",\"position\":1,\"name\":\"Not\u00edcias\",\"item\":\"https:\/\/www.suno.com.br\/noticias\/\"},{\"@type\":\"ListItem\",\"position\":2,\"name\":\"Neg\u00f3cios\",\"item\":\"https:\/\/www.suno.com.br\/noticias\/negocios\/\"},{\"@type\":\"ListItem\",\"position\":3,\"name\":\"Embraer ir\u00e1 suspender fabrica\u00e7\u00e3o no Brasil por 14 dias em janeiro\"}]},{\"@type\":\"WebSite\",\"@id\":\"https:\/\/www.suno.com.br\/noticias\/#website\",\"url\":\"https:\/\/www.suno.com.br\/noticias\/\",\"name\":\"Suno Not\u00edcias\",\"description\":\"Seu portal de informa\u00e7\u00e3o sobre o mundo dos investimentos\",\"publisher\":{\"@id\":\"https:\/\/www.suno.com.br\/noticias\/#organization\"},\"potentialAction\":[{\"@type\":\"SearchAction\",\"target\":{\"@type\":\"EntryPoint\",\"urlTemplate\":\"https:\/\/www.suno.com.br\/noticias\/?s={search_term_string}\"},\"query-input\":{\"@type\":\"PropertyValueSpecification\",\"valueRequired\":true,\"valueName\":\"search_term_string\"}}],\"inLanguage\":\"pt-BR\"},{\"@type\":\"Organization\",\"@id\":\"https:\/\/www.suno.com.br\/noticias\/#organization\",\"name\":\"Suno Not\u00edcias\",\"url\":\"https:\/\/www.suno.com.br\/noticias\/\",\"logo\":{\"@type\":\"ImageObject\",\"inLanguage\":\"pt-BR\",\"@id\":\"https:\/\/www.suno.com.br\/noticias\/#\/schema\/logo\/image\/\",\"url\":\"https:\/\/files.sunoresearch.com.br\/n\/uploads\/2021\/09\/suno-logo.png\",\"contentUrl\":\"https:\/\/files.sunoresearch.com.br\/n\/uploads\/2021\/09\/suno-logo.png\",\"width\":180,\"height\":180,\"caption\":\"Suno Not\u00edcias\"},\"image\":{\"@id\":\"https:\/\/www.suno.com.br\/noticias\/#\/schema\/logo\/image\/\"},\"sameAs\":[\"https:\/\/facebook.com\/sunoresearch\",\"https:\/\/x.com\/sunoresearch\",\"https:\/\/www.instagram.com\/suno\",\"https:\/\/www.linkedin.com\/company\/suno-research\/\",\"https:\/\/www.youtube.com\/c\/sunoresearch\"]},{\"@type\":\"Person\",\"@id\":\"https:\/\/www.suno.com.br\/noticias\/#\/schema\/person\/1db762f78ffd8919a648a63e425953e3\",\"name\":\"Juliano Passaro\",\"image\":{\"@type\":\"ImageObject\",\"inLanguage\":\"pt-BR\",\"@id\":\"https:\/\/www.suno.com.br\/noticias\/#\/schema\/person\/image\/\",\"url\":\"https:\/\/secure.gravatar.com\/avatar\/743d4df28eebf6dcc46b4ad03c319e92?s=96&r=g\",\"contentUrl\":\"https:\/\/secure.gravatar.com\/avatar\/743d4df28eebf6dcc46b4ad03c319e92?s=96&r=g\",\"caption\":\"Juliano Passaro\"},\"description\":\"Juliano Passaro escreve sobre pol\u00edtica, economia e neg\u00f3cios para o portal da Suno Research. Antes da Suno, trabalhou no Portal da Band. \u00c9 formado em jornalismo pela Universidade Presbiteriana Mackenzie.\",\"url\":\"https:\/\/www.suno.com.br\/noticias\/author\/juliano\/\"}]}<\/script>\n<!-- \/ Yoast SEO plugin. -->","yoast_head_json":{"title":"Embraer ir\u00e1 suspender fabrica\u00e7\u00e3o no Brasil por 14 dias em janeiro","description":"A Embraer informou, na \u00faltima quinta-feira (10), que ir\u00e1 parar de fabricar no Brasil durante 14 dias no m\u00eas de janeiro de 2020. Saiba mais.","robots":{"index":"index","follow":"follow","max-snippet":"max-snippet:-1","max-image-preview":"max-image-preview:large","max-video-preview":"max-video-preview:-1"},"canonical":"https:\/\/www.suno.com.br\/noticias\/embraer-ira-suspender-fabricacao-no-brasil-por-14-dias-em-janeiro\/","og_locale":"pt_BR","og_type":"article","og_title":"Embraer ir\u00e1 suspender fabrica\u00e7\u00e3o no Brasil por 14 dias em janeiro","og_description":"A Embraer informou, na \u00faltima quinta-feira (10), que ir\u00e1 parar de fabricar no Brasil durante 14 dias no m\u00eas de janeiro de 2020. Saiba mais.","og_url":"https:\/\/www.suno.com.br\/noticias\/embraer-ira-suspender-fabricacao-no-brasil-por-14-dias-em-janeiro\/","og_site_name":"Suno Not\u00edcias","article_publisher":"https:\/\/facebook.com\/sunoresearch","og_image":[{"width":960,"height":640,"url":"https:\/\/files.sunoresearch.com.br\/n\/uploads\/2019\/10\/1dbe6a7d-embraer.jpg","type":"image\/jpeg"}],"author":"Juliano Passaro","twitter_card":"summary_large_image","twitter_creator":"@sunoresearch","twitter_site":"@sunoresearch","twitter_misc":{"Escrito por":"Juliano Passaro","Est. tempo de leitura":"2 minutos"},"schema":{"@context":"https:\/\/schema.org","@graph":[{"@type":"NewsArticle","@id":"https:\/\/www.suno.com.br\/noticias\/embraer-ira-suspender-fabricacao-no-brasil-por-14-dias-em-janeiro\/#article","isPartOf":{"@id":"https:\/\/www.suno.com.br\/noticias\/embraer-ira-suspender-fabricacao-no-brasil-por-14-dias-em-janeiro\/"},"author":{"name":"Juliano Passaro","@id":"https:\/\/www.suno.com.br\/noticias\/#\/schema\/person\/1db762f78ffd8919a648a63e425953e3"},"headline":"Embraer ir\u00e1 suspender fabrica\u00e7\u00e3o no Brasil por 14 dias em janeiro","datePublished":"2019-10-11T16:12:56+00:00","dateModified":"2021-02-18T22:54:58+00:00","mainEntityOfPage":{"@id":"https:\/\/www.suno.com.br\/noticias\/embraer-ira-suspender-fabricacao-no-brasil-por-14-dias-em-janeiro\/"},"wordCount":369,"publisher":{"@id":"https:\/\/www.suno.com.br\/noticias\/#organization"},"image":{"@id":"https:\/\/www.suno.com.br\/noticias\/embraer-ira-suspender-fabricacao-no-brasil-por-14-dias-em-janeiro\/#primaryimage"},"thumbnailUrl":"https:\/\/files.sunoresearch.com.br\/n\/uploads\/2019\/10\/1dbe6a7d-embraer-jpg.webp","keywords":["Embraer (EMBR3)","Petronas"],"articleSection":["Neg\u00f3cios"],"inLanguage":"pt-BR"},{"@type":"WebPage","@id":"https:\/\/www.suno.com.br\/noticias\/embraer-ira-suspender-fabricacao-no-brasil-por-14-dias-em-janeiro\/","url":"https:\/\/www.suno.com.br\/noticias\/embraer-ira-suspender-fabricacao-no-brasil-por-14-dias-em-janeiro\/","name":"Embraer ir\u00e1 suspender fabrica\u00e7\u00e3o no Brasil por 14 dias em janeiro","isPartOf":{"@id":"https:\/\/www.suno.com.br\/noticias\/#website"},"primaryImageOfPage":{"@id":"https:\/\/www.suno.com.br\/noticias\/embraer-ira-suspender-fabricacao-no-brasil-por-14-dias-em-janeiro\/#primaryimage"},"image":{"@id":"https:\/\/www.suno.com.br\/noticias\/embraer-ira-suspender-fabricacao-no-brasil-por-14-dias-em-janeiro\/#primaryimage"},"thumbnailUrl":"https:\/\/files.sunoresearch.com.br\/n\/uploads\/2019\/10\/1dbe6a7d-embraer-jpg.webp","datePublished":"2019-10-11T16:12:56+00:00","dateModified":"2021-02-18T22:54:58+00:00","description":"A Embraer informou, na \u00faltima quinta-feira (10), que ir\u00e1 parar de fabricar no Brasil durante 14 dias no m\u00eas de janeiro de 2020. Saiba mais.","breadcrumb":{"@id":"https:\/\/www.suno.com.br\/noticias\/embraer-ira-suspender-fabricacao-no-brasil-por-14-dias-em-janeiro\/#breadcrumb"},"inLanguage":"pt-BR","potentialAction":[{"@type":"ReadAction","target":["https:\/\/www.suno.com.br\/noticias\/embraer-ira-suspender-fabricacao-no-brasil-por-14-dias-em-janeiro\/"]}]},{"@type":"ImageObject","inLanguage":"pt-BR","@id":"https:\/\/www.suno.com.br\/noticias\/embraer-ira-suspender-fabricacao-no-brasil-por-14-dias-em-janeiro\/#primaryimage","url":"https:\/\/files.sunoresearch.com.br\/n\/uploads\/2019\/10\/1dbe6a7d-embraer-jpg.webp","contentUrl":"https:\/\/files.sunoresearch.com.br\/n\/uploads\/2019\/10\/1dbe6a7d-embraer-jpg.webp","width":960,"height":640,"caption":"Embraer (EMBR3). Foto: Reprodu\u00e7\u00e3o."},{"@type":"BreadcrumbList","@id":"https:\/\/www.suno.com.br\/noticias\/embraer-ira-suspender-fabricacao-no-brasil-por-14-dias-em-janeiro\/#breadcrumb","itemListElement":[{"@type":"ListItem","position":1,"name":"Not\u00edcias","item":"https:\/\/www.suno.com.br\/noticias\/"},{"@type":"ListItem","position":2,"name":"Neg\u00f3cios","item":"https:\/\/www.suno.com.br\/noticias\/negocios\/"},{"@type":"ListItem","position":3,"name":"Embraer ir\u00e1 suspender fabrica\u00e7\u00e3o no Brasil por 14 dias em janeiro"}]},{"@type":"WebSite","@id":"https:\/\/www.suno.com.br\/noticias\/#website","url":"https:\/\/www.suno.com.br\/noticias\/","name":"Suno Not\u00edcias","description":"Seu portal de informa\u00e7\u00e3o sobre o mundo dos investimentos","publisher":{"@id":"https:\/\/www.suno.com.br\/noticias\/#organization"},"potentialAction":[{"@type":"SearchAction","target":{"@type":"EntryPoint","urlTemplate":"https:\/\/www.suno.com.br\/noticias\/?s={search_term_string}"},"query-input":{"@type":"PropertyValueSpecification","valueRequired":true,"valueName":"search_term_string"}}],"inLanguage":"pt-BR"},{"@type":"Organization","@id":"https:\/\/www.suno.com.br\/noticias\/#organization","name":"Suno Not\u00edcias","url":"https:\/\/www.suno.com.br\/noticias\/","logo":{"@type":"ImageObject","inLanguage":"pt-BR","@id":"https:\/\/www.suno.com.br\/noticias\/#\/schema\/logo\/image\/","url":"https:\/\/files.sunoresearch.com.br\/n\/uploads\/2021\/09\/suno-logo.png","contentUrl":"https:\/\/files.sunoresearch.com.br\/n\/uploads\/2021\/09\/suno-logo.png","width":180,"height":180,"caption":"Suno Not\u00edcias"},"image":{"@id":"https:\/\/www.suno.com.br\/noticias\/#\/schema\/logo\/image\/"},"sameAs":["https:\/\/facebook.com\/sunoresearch","https:\/\/x.com\/sunoresearch","https:\/\/www.instagram.com\/suno","https:\/\/www.linkedin.com\/company\/suno-research\/","https:\/\/www.youtube.com\/c\/sunoresearch"]},{"@type":"Person","@id":"https:\/\/www.suno.com.br\/noticias\/#\/schema\/person\/1db762f78ffd8919a648a63e425953e3","name":"Juliano Passaro","image":{"@type":"ImageObject","inLanguage":"pt-BR","@id":"https:\/\/www.suno.com.br\/noticias\/#\/schema\/person\/image\/","url":"https:\/\/secure.gravatar.com\/avatar\/743d4df28eebf6dcc46b4ad03c319e92?s=96&r=g","contentUrl":"https:\/\/secure.gravatar.com\/avatar\/743d4df28eebf6dcc46b4ad03c319e92?s=96&r=g","caption":"Juliano Passaro"},"description":"Juliano Passaro escreve sobre pol\u00edtica, economia e neg\u00f3cios para o portal da Suno Research. Antes da Suno, trabalhou no Portal da Band. \u00c9 formado em jornalismo pela Universidade Presbiteriana Mackenzie.","url":"https:\/\/www.suno.com.br\/noticias\/author\/juliano\/"}]}},"default_loop_html":"<div class=\"cardsPage__listCard__boxs\"><div class=\"cardsPage__listCard__boxs__img\"><a href=\"https:\/\/www.suno.com.br\/noticias\/embraer-ira-suspender-fabricacao-no-brasil-por-14-dias-em-janeiro\/\"><img class=\"mask\" src=\"https:\/\/www.suno.com.br\/noticias\/wp-content\/themes\/suno\/resources\/images\/spotlight\/spotlight1img\/bg-mask.png\" alt=\"Image Mask\"\/><img src=\"https:\/\/files.sunoresearch.com.br\/n\/uploads\/2019\/10\/1dbe6a7d-embraer-400x200.webp\" alt=\"Embraer ir\u00e1 suspender fabrica\u00e7\u00e3o no Brasil por 14 dias em janeiro\"\/><\/a><span class=\"spotlightCategory\"><a href=\"https:\/\/www.suno.com.br\/noticias\/negocios\/\">Neg\u00f3cios<\/a><\/span><\/div><div class=\"cardsPage__listCard__boxs__content\"><a href=\"https:\/\/www.suno.com.br\/noticias\/embraer-ira-suspender-fabricacao-no-brasil-por-14-dias-em-janeiro\/\"><h2 class=\"content__title\">Embraer ir\u00e1 suspender fabrica\u00e7\u00e3o no Brasil por 14 dias em janeiro<\/h2><\/a><div class=\"newsContent__article__meta\"><div class=\"newsContent__article__meta__authorBox\"><a href=\"https:\/\/www.suno.com.br\/noticias\/author\/juliano\/\" class=\"authorBox__avatar noMobi\"><img src=\"https:\/\/files.sunoresearch.com.br\/n\/uploads\/2019\/06\/7cc3efea-whatsapp-image-2019-07-18-at-21.59.33-e1563499821209-150x150.webp\" alt=\"Juliano Passaro\"><\/a><div class=\"authorBox__name\"><span>por\n\t\t\t<a href=\"https:\/\/www.suno.com.br\/noticias\/author\/juliano\/\"><span itemprop=\"author\">Juliano Passaro<\/span><\/a><\/span><time datetime=\"2019-10-11T13:12:56-03:00\" itemprop=\"datePublished\">11\/10\/2019 13:12<\/time><\/div><\/div><\/div><\/div><\/div>","single_layout":"posts","amp_enabled":true,"_links":{"self":[{"href":"https:\/\/www.suno.com.br\/noticias\/wp-json\/wp\/v2\/posts\/40802"}],"collection":[{"href":"https:\/\/www.suno.com.br\/noticias\/wp-json\/wp\/v2\/posts"}],"about":[{"href":"https:\/\/www.suno.com.br\/noticias\/wp-json\/wp\/v2\/types\/post"}],"author":[{"embeddable":true,"href":"https:\/\/www.suno.com.br\/noticias\/wp-json\/wp\/v2\/users\/19"}],"replies":[{"embeddable":true,"href":"https:\/\/www.suno.com.br\/noticias\/wp-json\/wp\/v2\/comments?post=40802"}],"version-history":[{"count":0,"href":"https:\/\/www.suno.com.br\/noticias\/wp-json\/wp\/v2\/posts\/40802\/revisions"}],"wp:featuredmedia":[{"embeddable":true,"href":"https:\/\/www.suno.com.br\/noticias\/wp-json\/wp\/v2\/media\/40805"}],"wp:attachment":[{"href":"https:\/\/www.suno.com.br\/noticias\/wp-json\/wp\/v2\/media?parent=40802"}],"wp:term":[{"taxonomy":"category","embeddable":true,"href":"https:\/\/www.suno.com.br\/noticias\/wp-json\/wp\/v2\/categories?post=40802"},{"taxonomy":"post_tag","embeddable":true,"href":"https:\/\/www.suno.com.br\/noticias\/wp-json\/wp\/v2\/tags?post=40802"},{"taxonomy":"suno_strategy","embeddable":true,"href":"https:\/\/www.suno.com.br\/noticias\/wp-json\/wp\/v2\/suno_strategy?post=40802"}],"curies":[{"name":"wp","href":"https:\/\/api.w.org\/{rel}","templated":true}]}}