{"id":40798,"date":"2019-10-13T12:30:37","date_gmt":"2019-10-13T15:30:37","guid":{"rendered":"https:\/\/www.suno.com.br\/noticias\/?p=40798"},"modified":"2021-02-17T22:41:53","modified_gmt":"2021-02-18T01:41:53","slug":"impactos-reducao-economia-reforma-da-previdencia","status":"publish","type":"post","link":"https:\/\/www.suno.com.br\/noticias\/impactos-reducao-economia-reforma-da-previdencia\/","title":{"rendered":"Confira quais s\u00e3o os principais impactos da reforma da Previd\u00eancia"},"content":{"rendered":"<p>O <strong>Senado<\/strong> aprovou a reforma da Previd\u00eancia em primeiro turno no dia 2 de outubro. O texto aprovado prev\u00ea uma <strong>economia<\/strong> de pouco mais de R$ 800 bilh\u00f5es em um per\u00edodo de dez anos.<\/p>\t<div class=\"wrapper-featured-image\">\n\t\t<figure class=\"spotlightImg\">\n\n\t\t\t<picture>\n\t\t\t\t<source media=\"(max-width: 768px)\" srcset=\"https:\/\/files.sunoresearch.com.br\/n\/uploads\/2019\/06\/982d244e-previdencia-400x200.webp\">\n\t\t\t\t<img loading=\"lazy\" decoding=\"async\" class=\"newsContent__article__imgCapa lazyloadDisabled newsContent__article__imgCapa--noCaption\" src=\"https:\/\/files.sunoresearch.com.br\/n\/uploads\/2019\/06\/982d244e-previdencia-jpg.webp\" width=\"800\" height=\"450\" alt=\"Confira quais s\u00e3o os principais impactos da reforma da Previd\u00eancia\" fetchpriority=high \/>\n\t\t\t<\/picture>\n\n\t\t\t<figcaption class=\"wp-caption-text wp-caption-text--hide\">Confira quais s\u00e3o os impactos da redu\u00e7\u00e3o da economia da reforma da Previd\u00eancia<\/figcaption>\n\t\t<\/figure>\n\t<\/div>\n\n\n\n<p>Em contrapartida, o ministro da Economia, <a href=\"https:\/\/www.suno.com.br\/tudo-sobre\/paulo-guedes\/\"><strong>Paulo Guedes<\/strong><\/a>, afirmou no F\u00f3rum Econ\u00f4mico Mundial, em Davos, no dia 23 de janeiro deste ano, que o governo economizaria R$ 1,3 trilh\u00e3o em dez anos com a <strong>reforma da Previd\u00eancia<\/strong>.<\/p>\n<p>A redu\u00e7\u00e3o da previs\u00e3o de economia ocorreu por conta de mudan\u00e7as no texto inicial. A proposta de alterar as regras para a concess\u00e3o do <strong><a href=\"https:\/\/www.suno.com.br\/artigos\/abono-salarial\/\">abono salarial<\/a><\/strong>, por exemplo, desidratou a reforma em R$ 76,4 bilh\u00f5es.<\/p>\n<p>De acordo com Leonardo Trevisan, professor da ESPM &#8211; SP e especialista em quest\u00f5es previdenci\u00e1rias, mesmo com a redu\u00e7\u00e3o, a proposta principal do governo foi atingida. &#8220;Na ess\u00eancia, reforma previdenci\u00e1ria alcan\u00e7ou seus objetivos, o que n\u00e3o alcan\u00e7ou foram especificamente os benef\u00edcios sociais&#8221;, afirmou Trevisan.<\/p>\n<h2>Impactos da economia com a reforma<\/h2>\n<p>Segundo Trevisan, no cen\u00e1rio interno, os recursos poupados pelo Pa\u00eds poder\u00e3o ser destinados, por exemplo, para o setor de <strong>infraestrutura<\/strong>. Neste caso, o governo poder\u00e1 utilizar o montante poupado para a constru\u00e7\u00e3o de vias de acesso e para a otimiza\u00e7\u00e3o da sa\u00fade p\u00fablica.<\/p>\n<p>&#8220;O Brasil poupar\u00e1 cerca de R$ 800 bilh\u00f5es e poder\u00e1 dedicar os recursos para outras prioridades da popula\u00e7\u00e3o, at\u00e9 mesmo para melhorar as estradas e construir hospitais, por exemplo&#8221;, explicou o professor.<\/p>\n<p><a href=\"https:\/\/www.suno.com.br\/noticias\/reforma-da-previdencia-economia-abono-salarial-800-76\/\">Saiba mais: Mudan\u00e7a no texto da reforma da Previd\u00eancia reduz economia para R$ 800 bilh\u00f5es<\/a><\/p>\n<p>No contexto externo, o especialista explicou que a confian\u00e7a dos investidores estrangeiros em rela\u00e7\u00e3o ao Brasil aumentar\u00e1 com a aprova\u00e7\u00e3o da reforma. Isso porque, segundo Trevisan, os investidores ter\u00e3o uma percep\u00e7\u00e3o que o Pa\u00eds est\u00e1 desenvolvendo uma <strong>disciplina fiscal<\/strong>. O conceito indica que o governo brasileiro est\u00e1 limitando os gastos ao valor que arrecada, portanto, reduzindo o endividamento.<\/p>\n<p>&#8220;O investidor externo observar\u00e1 que h\u00e1 uma grande vantagem de colocar dinheiro em um pa\u00eds que vive com aquilo que ganha. Ou seja, sem gastar mais do que o que arrecadou&#8221;, disse Trevisan.<\/p>\n<h2>Altera\u00e7\u00f5es com a reforma da Previd\u00eancia<\/h2>\n<p>Confira quais s\u00e3o as principais altera\u00e7\u00f5es que ocorrer\u00e3o com a <strong>reforma da Previd\u00eancia<\/strong> aprovada em primeiro turno no Senado:<\/p>\n<ul>\n<li><strong>Idade m\u00ednima<\/strong>: De acordo com o texto aprovado pelo Senado, a idade m\u00ednima para aposentadoria ser\u00e1 de 62 anos para as mulheres e 65 anos para os homens;<\/li>\n<li><strong>Tempo de contribui\u00e7\u00e3o:<\/strong> O texto aprovado tamb\u00e9m prev\u00ea altera\u00e7\u00f5es no tempo de contribui\u00e7\u00e3o. Assim, ser\u00e1 de 15 anos tanto para as mulheres quanto para os homens que come\u00e7aram a trabalhar antes da reforma valer. Para os que come\u00e7arem a trabalhar depois, o tempo m\u00ednimo ser\u00e1 de 20 anos;<\/li>\n<li><strong>Valor da aposentadoria:<\/strong> A reforma prev\u00ea altera\u00e7\u00f5es na maneira de calcular o valor da aposentadoria. Para receber 100%, as mulheres precisar\u00e3o contribuir por 35 anos e os homens por 40 anos.<\/li>\n<li><strong>Pens\u00e3o por morte:<\/strong> A forma de calcular a pens\u00e3o por morte tamb\u00e9m foi modificada. Assim, o novo valor ser\u00e1 de 50% da aposentadoria somado a 10% por cada dependente.<\/li>\n<li><strong>Servidor p\u00fablico:<\/strong> Para que possam se aposentar, os servidores p\u00fablicos precisar\u00e3o contribuir por 25 anos, sendo dez anos de servi\u00e7o p\u00fablico e ao menos cinco no mesmo cargo. A idade m\u00ednima \u00e9 de 62 anos para as mulheres e 65 anos aos homens.<\/li>\n<\/ul>\n\t<p>\n\t\t<a href=\"https:\/\/lp.suno.com.br\/planilha-controle-gastos\/\" target=\"_blank\" data-element=\"shortcode-suno-banner\" title=\"Banner SUNO, clique e saiba mais\">\n\t\t\t<picture>\n\t\t\t\t<source media=\"(max-width: 500px)\" srcset=\"https:\/\/files.sunoresearch.com.br\/n\/uploads\/2023\/03\/400x300-Planilha-controle-de-gastos.png\">\n\t\t\t\t<img class=\"newsContent__article__imgCapa newsContent__article__imgCapa--banner\"\n\t\t\t\t\tsrc=\"https:\/\/files.sunoresearch.com.br\/n\/uploads\/2023\/03\/1420x240-Planilha-controle-de-gastos.png\"\n\t\t\t\t\tdata-promo-id=\"383122\"\t\t\t\t\t\t\t\t\t\twidth='1420' height='240'\t\t\t\t\talt=\"https:\/\/files.sunoresearch.com.br\/n\/uploads\/2023\/03\/1420x240-Planilha-controle-de-gastos.png\"\n\t\t\t\t>\n\t\t\t<\/picture>\n\t\t<\/a>\n\t<\/p>\n\n\n<p>Segundo Trevisan, apesar das altera\u00e7\u00f5es, \u00e9 necess\u00e1rio lembrar que os efeitos da reforma ocorrer\u00e3o a longo prazo. &#8220;A <strong>reforma da Previd\u00eancia<\/strong> n\u00e3o \u00e9 uma coisa para amanh\u00e3. \u00c9 uma acomoda\u00e7\u00e3o do Pa\u00eds a uma nova realidade demogr\u00e1fica, por conta do envelhecimento em uma rapidez in\u00e9dita no mundo&#8221;, explicou o historiador.<\/p>\n","protected":false},"excerpt":{"rendered":"<p>O Senado aprovou a reforma da Previd\u00eancia em primeiro turno no dia 2 de outubro. O texto aprovado prev\u00ea uma economia de pouco mais de R$ 800 bilh\u00f5es em um per\u00edodo de dez anos. Confira quais s\u00e3o os impactos da redu\u00e7\u00e3o da economia da reforma da Previd\u00eancia Em contrapartida, o ministro da Economia, Paulo Guedes, [&hellip;]<\/p>\n","protected":false},"author":18,"featured_media":28813,"comment_status":"closed","ping_status":"closed","sticky":false,"template":"","format":"standard","meta":[],"categories":[62],"tags":[740,796,940,1068],"suno_strategy":[],"class_list":["post-40798","post","type-post","status-publish","format-standard","has-post-thumbnail","hentry","category-economia","tag-economia","tag-paulo-guedes","tag-reforma-da-previdencia","tag-senado-federal"],"yoast_head":"<!-- This site is optimized with the Yoast SEO plugin v24.4 - https:\/\/yoast.com\/wordpress\/plugins\/seo\/ -->\n<title>Confira quais s\u00e3o os principais impactos da reforma da Previd\u00eancia<\/title>\n<meta name=\"description\" content=\"O Senado aprovou a reforma da Previd\u00eancia, em primeiro turno, que prev\u00ea uma economia de pouco mais de R$ 800 bi. Clique para saber mais.\" \/>\n<meta name=\"robots\" content=\"index, follow, max-snippet:-1, max-image-preview:large, max-video-preview:-1\" \/>\n<link rel=\"canonical\" href=\"https:\/\/www.suno.com.br\/noticias\/impactos-reducao-economia-reforma-da-previdencia\/\" \/>\n<meta property=\"og:locale\" content=\"pt_BR\" \/>\n<meta property=\"og:type\" content=\"article\" \/>\n<meta property=\"og:title\" content=\"Confira quais s\u00e3o os principais impactos da reforma da Previd\u00eancia\" \/>\n<meta property=\"og:description\" content=\"O Senado aprovou a reforma da Previd\u00eancia, em primeiro turno, que prev\u00ea uma economia de pouco mais de R$ 800 bi. Clique para saber mais.\" \/>\n<meta property=\"og:url\" content=\"https:\/\/www.suno.com.br\/noticias\/impactos-reducao-economia-reforma-da-previdencia\/\" \/>\n<meta property=\"og:site_name\" content=\"Suno Not\u00edcias\" \/>\n<meta property=\"article:publisher\" content=\"https:\/\/facebook.com\/sunoresearch\" \/>\n<meta property=\"og:image\" content=\"https:\/\/files.sunoresearch.com.br\/n\/uploads\/2019\/06\/982d244e-previdencia.jpg\" \/>\n\t<meta property=\"og:image:width\" content=\"690\" \/>\n\t<meta property=\"og:image:height\" content=\"415\" \/>\n\t<meta property=\"og:image:type\" content=\"image\/jpeg\" \/>\n<meta name=\"author\" content=\"Giovanna Oliveira\" \/>\n<meta name=\"twitter:card\" content=\"summary_large_image\" \/>\n<meta name=\"twitter:creator\" content=\"@sunoresearch\" \/>\n<meta name=\"twitter:site\" content=\"@sunoresearch\" \/>\n<meta name=\"twitter:label1\" content=\"Escrito por\" \/>\n\t<meta name=\"twitter:data1\" content=\"Giovanna Oliveira\" \/>\n\t<meta name=\"twitter:label2\" content=\"Est. tempo de leitura\" \/>\n\t<meta name=\"twitter:data2\" content=\"3 minutos\" \/>\n<script type=\"application\/ld+json\" class=\"yoast-schema-graph\">{\"@context\":\"https:\/\/schema.org\",\"@graph\":[{\"@type\":\"NewsArticle\",\"@id\":\"https:\/\/www.suno.com.br\/noticias\/impactos-reducao-economia-reforma-da-previdencia\/#article\",\"isPartOf\":{\"@id\":\"https:\/\/www.suno.com.br\/noticias\/impactos-reducao-economia-reforma-da-previdencia\/\"},\"author\":{\"name\":\"Giovanna Oliveira\",\"@id\":\"https:\/\/www.suno.com.br\/noticias\/#\/schema\/person\/4e19e3d2575736e5283d58eb3199d120\"},\"headline\":\"Confira quais s\u00e3o os principais impactos da reforma da Previd\u00eancia\",\"datePublished\":\"2019-10-13T15:30:37+00:00\",\"dateModified\":\"2021-02-18T01:41:53+00:00\",\"mainEntityOfPage\":{\"@id\":\"https:\/\/www.suno.com.br\/noticias\/impactos-reducao-economia-reforma-da-previdencia\/\"},\"wordCount\":660,\"publisher\":{\"@id\":\"https:\/\/www.suno.com.br\/noticias\/#organization\"},\"image\":{\"@id\":\"https:\/\/www.suno.com.br\/noticias\/impactos-reducao-economia-reforma-da-previdencia\/#primaryimage\"},\"thumbnailUrl\":\"https:\/\/files.sunoresearch.com.br\/n\/uploads\/2019\/06\/982d244e-previdencia-jpg.webp\",\"keywords\":[\"Economia\",\"Paulo Guedes\",\"Reforma da Previd\u00eancia\",\"Senado Federal\"],\"articleSection\":[\"Economia\"],\"inLanguage\":\"pt-BR\"},{\"@type\":\"WebPage\",\"@id\":\"https:\/\/www.suno.com.br\/noticias\/impactos-reducao-economia-reforma-da-previdencia\/\",\"url\":\"https:\/\/www.suno.com.br\/noticias\/impactos-reducao-economia-reforma-da-previdencia\/\",\"name\":\"Confira quais s\u00e3o os principais impactos da reforma da Previd\u00eancia\",\"isPartOf\":{\"@id\":\"https:\/\/www.suno.com.br\/noticias\/#website\"},\"primaryImageOfPage\":{\"@id\":\"https:\/\/www.suno.com.br\/noticias\/impactos-reducao-economia-reforma-da-previdencia\/#primaryimage\"},\"image\":{\"@id\":\"https:\/\/www.suno.com.br\/noticias\/impactos-reducao-economia-reforma-da-previdencia\/#primaryimage\"},\"thumbnailUrl\":\"https:\/\/files.sunoresearch.com.br\/n\/uploads\/2019\/06\/982d244e-previdencia-jpg.webp\",\"datePublished\":\"2019-10-13T15:30:37+00:00\",\"dateModified\":\"2021-02-18T01:41:53+00:00\",\"description\":\"O Senado aprovou a reforma da Previd\u00eancia, em primeiro turno, que prev\u00ea uma economia de pouco mais de R$ 800 bi. Clique para saber mais.\",\"breadcrumb\":{\"@id\":\"https:\/\/www.suno.com.br\/noticias\/impactos-reducao-economia-reforma-da-previdencia\/#breadcrumb\"},\"inLanguage\":\"pt-BR\",\"potentialAction\":[{\"@type\":\"ReadAction\",\"target\":[\"https:\/\/www.suno.com.br\/noticias\/impactos-reducao-economia-reforma-da-previdencia\/\"]}]},{\"@type\":\"ImageObject\",\"inLanguage\":\"pt-BR\",\"@id\":\"https:\/\/www.suno.com.br\/noticias\/impactos-reducao-economia-reforma-da-previdencia\/#primaryimage\",\"url\":\"https:\/\/files.sunoresearch.com.br\/n\/uploads\/2019\/06\/982d244e-previdencia-jpg.webp\",\"contentUrl\":\"https:\/\/files.sunoresearch.com.br\/n\/uploads\/2019\/06\/982d244e-previdencia-jpg.webp\",\"width\":690,\"height\":415,\"caption\":\"Confira quais s\u00e3o os impactos da redu\u00e7\u00e3o da economia da reforma da Previd\u00eancia\"},{\"@type\":\"BreadcrumbList\",\"@id\":\"https:\/\/www.suno.com.br\/noticias\/impactos-reducao-economia-reforma-da-previdencia\/#breadcrumb\",\"itemListElement\":[{\"@type\":\"ListItem\",\"position\":1,\"name\":\"Not\u00edcias\",\"item\":\"https:\/\/www.suno.com.br\/noticias\/\"},{\"@type\":\"ListItem\",\"position\":2,\"name\":\"Economia\",\"item\":\"https:\/\/www.suno.com.br\/noticias\/economia\/\"},{\"@type\":\"ListItem\",\"position\":3,\"name\":\"Confira quais s\u00e3o os principais impactos da reforma da Previd\u00eancia\"}]},{\"@type\":\"WebSite\",\"@id\":\"https:\/\/www.suno.com.br\/noticias\/#website\",\"url\":\"https:\/\/www.suno.com.br\/noticias\/\",\"name\":\"Suno Not\u00edcias\",\"description\":\"Seu portal de informa\u00e7\u00e3o sobre o mundo dos investimentos\",\"publisher\":{\"@id\":\"https:\/\/www.suno.com.br\/noticias\/#organization\"},\"potentialAction\":[{\"@type\":\"SearchAction\",\"target\":{\"@type\":\"EntryPoint\",\"urlTemplate\":\"https:\/\/www.suno.com.br\/noticias\/?s={search_term_string}\"},\"query-input\":{\"@type\":\"PropertyValueSpecification\",\"valueRequired\":true,\"valueName\":\"search_term_string\"}}],\"inLanguage\":\"pt-BR\"},{\"@type\":\"Organization\",\"@id\":\"https:\/\/www.suno.com.br\/noticias\/#organization\",\"name\":\"Suno Not\u00edcias\",\"url\":\"https:\/\/www.suno.com.br\/noticias\/\",\"logo\":{\"@type\":\"ImageObject\",\"inLanguage\":\"pt-BR\",\"@id\":\"https:\/\/www.suno.com.br\/noticias\/#\/schema\/logo\/image\/\",\"url\":\"https:\/\/files.sunoresearch.com.br\/n\/uploads\/2021\/09\/suno-logo.png\",\"contentUrl\":\"https:\/\/files.sunoresearch.com.br\/n\/uploads\/2021\/09\/suno-logo.png\",\"width\":180,\"height\":180,\"caption\":\"Suno Not\u00edcias\"},\"image\":{\"@id\":\"https:\/\/www.suno.com.br\/noticias\/#\/schema\/logo\/image\/\"},\"sameAs\":[\"https:\/\/facebook.com\/sunoresearch\",\"https:\/\/x.com\/sunoresearch\",\"https:\/\/www.instagram.com\/suno\",\"https:\/\/www.linkedin.com\/company\/suno-research\/\",\"https:\/\/www.youtube.com\/c\/sunoresearch\"]},{\"@type\":\"Person\",\"@id\":\"https:\/\/www.suno.com.br\/noticias\/#\/schema\/person\/4e19e3d2575736e5283d58eb3199d120\",\"name\":\"Giovanna Oliveira\",\"image\":{\"@type\":\"ImageObject\",\"inLanguage\":\"pt-BR\",\"@id\":\"https:\/\/www.suno.com.br\/noticias\/#\/schema\/person\/image\/\",\"url\":\"https:\/\/secure.gravatar.com\/avatar\/9a37b3ae208962ac568992d0ffdbc2eb?s=96&r=g\",\"contentUrl\":\"https:\/\/secure.gravatar.com\/avatar\/9a37b3ae208962ac568992d0ffdbc2eb?s=96&r=g\",\"caption\":\"Giovanna Oliveira\"},\"description\":\"Giovanna Oliveira escreve sobre economia e pol\u00edtica. Foi rep\u00f3rter do portal de jornalismo da ESPM-SP e produziu conte\u00fado para a Corinthians TV. \u00c9 estudante da ESPM.\",\"url\":\"https:\/\/www.suno.com.br\/noticias\/author\/giovanna\/\"}]}<\/script>\n<!-- \/ Yoast SEO plugin. -->","yoast_head_json":{"title":"Confira quais s\u00e3o os principais impactos da reforma da Previd\u00eancia","description":"O Senado aprovou a reforma da Previd\u00eancia, em primeiro turno, que prev\u00ea uma economia de pouco mais de R$ 800 bi. Clique para saber mais.","robots":{"index":"index","follow":"follow","max-snippet":"max-snippet:-1","max-image-preview":"max-image-preview:large","max-video-preview":"max-video-preview:-1"},"canonical":"https:\/\/www.suno.com.br\/noticias\/impactos-reducao-economia-reforma-da-previdencia\/","og_locale":"pt_BR","og_type":"article","og_title":"Confira quais s\u00e3o os principais impactos da reforma da Previd\u00eancia","og_description":"O Senado aprovou a reforma da Previd\u00eancia, em primeiro turno, que prev\u00ea uma economia de pouco mais de R$ 800 bi. Clique para saber mais.","og_url":"https:\/\/www.suno.com.br\/noticias\/impactos-reducao-economia-reforma-da-previdencia\/","og_site_name":"Suno Not\u00edcias","article_publisher":"https:\/\/facebook.com\/sunoresearch","og_image":[{"width":690,"height":415,"url":"https:\/\/files.sunoresearch.com.br\/n\/uploads\/2019\/06\/982d244e-previdencia.jpg","type":"image\/jpeg"}],"author":"Giovanna Oliveira","twitter_card":"summary_large_image","twitter_creator":"@sunoresearch","twitter_site":"@sunoresearch","twitter_misc":{"Escrito por":"Giovanna Oliveira","Est. tempo de leitura":"3 minutos"},"schema":{"@context":"https:\/\/schema.org","@graph":[{"@type":"NewsArticle","@id":"https:\/\/www.suno.com.br\/noticias\/impactos-reducao-economia-reforma-da-previdencia\/#article","isPartOf":{"@id":"https:\/\/www.suno.com.br\/noticias\/impactos-reducao-economia-reforma-da-previdencia\/"},"author":{"name":"Giovanna Oliveira","@id":"https:\/\/www.suno.com.br\/noticias\/#\/schema\/person\/4e19e3d2575736e5283d58eb3199d120"},"headline":"Confira quais s\u00e3o os principais impactos da reforma da Previd\u00eancia","datePublished":"2019-10-13T15:30:37+00:00","dateModified":"2021-02-18T01:41:53+00:00","mainEntityOfPage":{"@id":"https:\/\/www.suno.com.br\/noticias\/impactos-reducao-economia-reforma-da-previdencia\/"},"wordCount":660,"publisher":{"@id":"https:\/\/www.suno.com.br\/noticias\/#organization"},"image":{"@id":"https:\/\/www.suno.com.br\/noticias\/impactos-reducao-economia-reforma-da-previdencia\/#primaryimage"},"thumbnailUrl":"https:\/\/files.sunoresearch.com.br\/n\/uploads\/2019\/06\/982d244e-previdencia-jpg.webp","keywords":["Economia","Paulo Guedes","Reforma da Previd\u00eancia","Senado Federal"],"articleSection":["Economia"],"inLanguage":"pt-BR"},{"@type":"WebPage","@id":"https:\/\/www.suno.com.br\/noticias\/impactos-reducao-economia-reforma-da-previdencia\/","url":"https:\/\/www.suno.com.br\/noticias\/impactos-reducao-economia-reforma-da-previdencia\/","name":"Confira quais s\u00e3o os principais impactos da reforma da Previd\u00eancia","isPartOf":{"@id":"https:\/\/www.suno.com.br\/noticias\/#website"},"primaryImageOfPage":{"@id":"https:\/\/www.suno.com.br\/noticias\/impactos-reducao-economia-reforma-da-previdencia\/#primaryimage"},"image":{"@id":"https:\/\/www.suno.com.br\/noticias\/impactos-reducao-economia-reforma-da-previdencia\/#primaryimage"},"thumbnailUrl":"https:\/\/files.sunoresearch.com.br\/n\/uploads\/2019\/06\/982d244e-previdencia-jpg.webp","datePublished":"2019-10-13T15:30:37+00:00","dateModified":"2021-02-18T01:41:53+00:00","description":"O Senado aprovou a reforma da Previd\u00eancia, em primeiro turno, que prev\u00ea uma economia de pouco mais de R$ 800 bi. Clique para saber mais.","breadcrumb":{"@id":"https:\/\/www.suno.com.br\/noticias\/impactos-reducao-economia-reforma-da-previdencia\/#breadcrumb"},"inLanguage":"pt-BR","potentialAction":[{"@type":"ReadAction","target":["https:\/\/www.suno.com.br\/noticias\/impactos-reducao-economia-reforma-da-previdencia\/"]}]},{"@type":"ImageObject","inLanguage":"pt-BR","@id":"https:\/\/www.suno.com.br\/noticias\/impactos-reducao-economia-reforma-da-previdencia\/#primaryimage","url":"https:\/\/files.sunoresearch.com.br\/n\/uploads\/2019\/06\/982d244e-previdencia-jpg.webp","contentUrl":"https:\/\/files.sunoresearch.com.br\/n\/uploads\/2019\/06\/982d244e-previdencia-jpg.webp","width":690,"height":415,"caption":"Confira quais s\u00e3o os impactos da redu\u00e7\u00e3o da economia da reforma da Previd\u00eancia"},{"@type":"BreadcrumbList","@id":"https:\/\/www.suno.com.br\/noticias\/impactos-reducao-economia-reforma-da-previdencia\/#breadcrumb","itemListElement":[{"@type":"ListItem","position":1,"name":"Not\u00edcias","item":"https:\/\/www.suno.com.br\/noticias\/"},{"@type":"ListItem","position":2,"name":"Economia","item":"https:\/\/www.suno.com.br\/noticias\/economia\/"},{"@type":"ListItem","position":3,"name":"Confira quais s\u00e3o os principais impactos da reforma da Previd\u00eancia"}]},{"@type":"WebSite","@id":"https:\/\/www.suno.com.br\/noticias\/#website","url":"https:\/\/www.suno.com.br\/noticias\/","name":"Suno Not\u00edcias","description":"Seu portal de informa\u00e7\u00e3o sobre o mundo dos investimentos","publisher":{"@id":"https:\/\/www.suno.com.br\/noticias\/#organization"},"potentialAction":[{"@type":"SearchAction","target":{"@type":"EntryPoint","urlTemplate":"https:\/\/www.suno.com.br\/noticias\/?s={search_term_string}"},"query-input":{"@type":"PropertyValueSpecification","valueRequired":true,"valueName":"search_term_string"}}],"inLanguage":"pt-BR"},{"@type":"Organization","@id":"https:\/\/www.suno.com.br\/noticias\/#organization","name":"Suno Not\u00edcias","url":"https:\/\/www.suno.com.br\/noticias\/","logo":{"@type":"ImageObject","inLanguage":"pt-BR","@id":"https:\/\/www.suno.com.br\/noticias\/#\/schema\/logo\/image\/","url":"https:\/\/files.sunoresearch.com.br\/n\/uploads\/2021\/09\/suno-logo.png","contentUrl":"https:\/\/files.sunoresearch.com.br\/n\/uploads\/2021\/09\/suno-logo.png","width":180,"height":180,"caption":"Suno Not\u00edcias"},"image":{"@id":"https:\/\/www.suno.com.br\/noticias\/#\/schema\/logo\/image\/"},"sameAs":["https:\/\/facebook.com\/sunoresearch","https:\/\/x.com\/sunoresearch","https:\/\/www.instagram.com\/suno","https:\/\/www.linkedin.com\/company\/suno-research\/","https:\/\/www.youtube.com\/c\/sunoresearch"]},{"@type":"Person","@id":"https:\/\/www.suno.com.br\/noticias\/#\/schema\/person\/4e19e3d2575736e5283d58eb3199d120","name":"Giovanna Oliveira","image":{"@type":"ImageObject","inLanguage":"pt-BR","@id":"https:\/\/www.suno.com.br\/noticias\/#\/schema\/person\/image\/","url":"https:\/\/secure.gravatar.com\/avatar\/9a37b3ae208962ac568992d0ffdbc2eb?s=96&r=g","contentUrl":"https:\/\/secure.gravatar.com\/avatar\/9a37b3ae208962ac568992d0ffdbc2eb?s=96&r=g","caption":"Giovanna Oliveira"},"description":"Giovanna Oliveira escreve sobre economia e pol\u00edtica. Foi rep\u00f3rter do portal de jornalismo da ESPM-SP e produziu conte\u00fado para a Corinthians TV. \u00c9 estudante da ESPM.","url":"https:\/\/www.suno.com.br\/noticias\/author\/giovanna\/"}]}},"default_loop_html":"<div class=\"cardsPage__listCard__boxs\"><div class=\"cardsPage__listCard__boxs__img\"><a href=\"https:\/\/www.suno.com.br\/noticias\/impactos-reducao-economia-reforma-da-previdencia\/\"><img class=\"mask\" src=\"https:\/\/www.suno.com.br\/noticias\/wp-content\/themes\/suno\/resources\/images\/spotlight\/spotlight1img\/bg-mask.png\" alt=\"Image Mask\"\/><img src=\"https:\/\/files.sunoresearch.com.br\/n\/uploads\/2019\/06\/982d244e-previdencia-400x200.webp\" alt=\"Confira quais s\u00e3o os principais impactos da reforma da Previd\u00eancia\"\/><\/a><span class=\"spotlightCategory\"><a href=\"https:\/\/www.suno.com.br\/noticias\/economia\/\">Economia<\/a><\/span><\/div><div class=\"cardsPage__listCard__boxs__content\"><a href=\"https:\/\/www.suno.com.br\/noticias\/impactos-reducao-economia-reforma-da-previdencia\/\"><h2 class=\"content__title\">Confira quais s\u00e3o os principais impactos da reforma da Previd\u00eancia<\/h2><\/a><div class=\"newsContent__article__meta\"><div class=\"newsContent__article__meta__authorBox\"><a href=\"https:\/\/www.suno.com.br\/noticias\/author\/giovanna\/\" class=\"authorBox__avatar noMobi\"><img src=\"https:\/\/files.sunoresearch.com.br\/n\/uploads\/2019\/06\/952a89ca-screenshot_20190608-171507-150x150.webp\" alt=\"Giovanna Oliveira\"><\/a><div class=\"authorBox__name\"><span>por\n\t\t\t<a href=\"https:\/\/www.suno.com.br\/noticias\/author\/giovanna\/\"><span itemprop=\"author\">Giovanna Oliveira<\/span><\/a><\/span><time datetime=\"2019-10-13T12:30:37-03:00\" itemprop=\"datePublished\">13\/10\/2019 12:30<\/time><\/div><\/div><\/div><\/div><\/div>","single_layout":"posts","amp_enabled":true,"_links":{"self":[{"href":"https:\/\/www.suno.com.br\/noticias\/wp-json\/wp\/v2\/posts\/40798"}],"collection":[{"href":"https:\/\/www.suno.com.br\/noticias\/wp-json\/wp\/v2\/posts"}],"about":[{"href":"https:\/\/www.suno.com.br\/noticias\/wp-json\/wp\/v2\/types\/post"}],"author":[{"embeddable":true,"href":"https:\/\/www.suno.com.br\/noticias\/wp-json\/wp\/v2\/users\/18"}],"replies":[{"embeddable":true,"href":"https:\/\/www.suno.com.br\/noticias\/wp-json\/wp\/v2\/comments?post=40798"}],"version-history":[{"count":0,"href":"https:\/\/www.suno.com.br\/noticias\/wp-json\/wp\/v2\/posts\/40798\/revisions"}],"wp:featuredmedia":[{"embeddable":true,"href":"https:\/\/www.suno.com.br\/noticias\/wp-json\/wp\/v2\/media\/28813"}],"wp:attachment":[{"href":"https:\/\/www.suno.com.br\/noticias\/wp-json\/wp\/v2\/media?parent=40798"}],"wp:term":[{"taxonomy":"category","embeddable":true,"href":"https:\/\/www.suno.com.br\/noticias\/wp-json\/wp\/v2\/categories?post=40798"},{"taxonomy":"post_tag","embeddable":true,"href":"https:\/\/www.suno.com.br\/noticias\/wp-json\/wp\/v2\/tags?post=40798"},{"taxonomy":"suno_strategy","embeddable":true,"href":"https:\/\/www.suno.com.br\/noticias\/wp-json\/wp\/v2\/suno_strategy?post=40798"}],"curies":[{"name":"wp","href":"https:\/\/api.w.org\/{rel}","templated":true}]}}