{"id":40763,"date":"2019-10-11T10:31:19","date_gmt":"2019-10-11T13:31:19","guid":{"rendered":"https:\/\/www.suno.com.br\/noticias\/?p=40763"},"modified":"2019-10-11T17:50:42","modified_gmt":"2019-10-11T20:50:42","slug":"ibovespa-abre-em-forte-alta-com-otimismo-sobre-guerra-comercial","status":"publish","type":"post","link":"https:\/\/www.suno.com.br\/noticias\/ibovespa-abre-em-forte-alta-com-otimismo-sobre-guerra-comercial\/","title":{"rendered":"Ibovespa abre em forte alta com otimismo sobre guerra comercial"},"content":{"rendered":"<p>O <a href=\"https:\/\/www.youtube.com\/watch?v=DiXuBKAW7yY\">Ibovespa<\/a> abriu nesta sexta-feira (11) em alta, gra\u00e7as ao otimismo dos mercados pela negocia\u00e7\u00e3o entre <strong>EUA<\/strong> e <strong>China<\/strong>. Uma poss\u00edvel solu\u00e7\u00e3o para a guerra comercial levou o <a href=\"https:\/\/www.suno.com.br\/artigos\/b3\/\"><strong>principal \u00edndice da bolsa<\/strong>\u00a0<strong>de valores de S\u00e3o Paulo (B3)<\/strong><\/a> a registrar uma alta de 1,21% as 10h30, em 103.044 pontos.<\/p>\t<div class=\"wrapper-featured-image\">\n\t\t<figure class=\"spotlightImg\">\n\n\t\t\t<picture>\n\t\t\t\t<source media=\"(max-width: 768px)\" srcset=\"https:\/\/files.sunoresearch.com.br\/n\/uploads\/2018\/12\/fa2cb55f-ibovespa-400x200.webp\">\n\t\t\t\t<img loading=\"lazy\" decoding=\"async\" class=\"newsContent__article__imgCapa lazyloadDisabled newsContent__article__imgCapa--noCaption\" src=\"https:\/\/files.sunoresearch.com.br\/n\/uploads\/2018\/12\/fa2cb55f-ibovespa-800x450.webp\" width=\"800\" height=\"450\" alt=\"Ibovespa abre em forte alta com otimismo sobre guerra comercial\" fetchpriority=high \/>\n\t\t\t<\/picture>\n\n\t\t\t<figcaption class=\"wp-caption-text wp-caption-text--hide\">Ibovespa opera em alta e tem leve recupera\u00e7\u00e3o ap\u00f3s queda de 12%<\/figcaption>\n\t\t<\/figure>\n\t<\/div>\n\n\n\n<p>Tamb\u00e9m contribu\u00edram para a abertura positiva do <strong>Ibovespa\u00a0<\/strong>as declara\u00e7\u00f5es do presidente norte-americano <a href=\"https:\/\/www.suno.com.br\/tudo-sobre\/donald-trump\/\"><strong>Donald Trump<\/strong><\/a> sobre o ingresso do Brasil na <a href=\"https:\/\/www.suno.com.br\/artigos\/ocde\/\"><strong>Organiza\u00e7\u00e3o para a Coopera\u00e7\u00e3o e o Desenvolvimento Econ\u00f4mico (OCDE). <\/strong><\/a><\/p>\n<p>O mandat\u00e1rio reiterou com for\u00e7a em sua conta no Twitter que continua apoiando o ingresso do Pa\u00eds na organiza\u00e7\u00e3o internacional.<\/p>\n<p>Al\u00e9m disso, o anuncio de oferta p\u00fablica prim\u00e1ria da <strong>LOG<\/strong> tamb\u00e9m animou o mercado.<\/p>\n<h2>Guerra comercial<\/h2>\n<p>O presidente Trump tamb\u00e9m escreveu em seu Twitter que as negocia\u00e7\u00f5es com a China est\u00e3o indo &#8220;muito bem&#8221;. Segundo o mandat\u00e1rio, os representantes dos <strong>Estados Unidos<\/strong> e da <strong>China<\/strong> tiveram uma negocia\u00e7\u00e3o &#8220;muito boa&#8221;.<\/p>\n<p>O objetivo desses encontros \u00e9 tentar encontrar uma solu\u00e7\u00e3o para a\u00a0<a href=\"https:\/\/www.suno.com.br\/artigos\/a-guerra-comercial\/\">guerra comercial<\/a> entre as duas principais economias do planeta.<\/p>\n<p><a href=\"https:\/\/www.suno.com.br\/noticias\/guerra-comercial-eua-china-negociam-acordo-cambial\/\">Saiba mais: Guerra comercial: EUA e China negociam acordo cambial<\/a><\/p>\n<p>&nbsp;<\/p>\n<p>Os negociadores tamb\u00e9m expressaram otimismo sobre a possibilidade de encontrar um acordo antes que o aumento das tarifas alfandeg\u00e1rias dos EUA entre em vigor, na pr\u00f3xima semana.<\/p>\n<p>A China tamb\u00e9m manifestou otimismo com a possibilidade de alcan\u00e7ar um termo de compromisso com os EUA. Um jornal estatal chin\u00eas escreveu que um &#8220;acordo parcial&#8221; poderia beneficiar ambos os pa\u00edses.<\/p>\n<h2>Brasil na OCDE<\/h2>\n<p>Outro ponto que levou o Ibovespa a subir nesta sexta foi a declara\u00e7\u00e3o de Trump sobre o apoio \u00e0 entrada do Brasil na OCDE.<\/p>\n<p>Em sua conta pessoal do Twitter, <strong>Trump<\/strong> escreveu que a declara\u00e7\u00e3o conjunta, assinada por ele e o presidente brasileiro, <strong>Jair Bolsonaro<\/strong>, em mar\u00e7o, na visita da comitiva brasileiro \u00e0 Washington, continua vigente. Al\u00e9m disso, ressalta que os EUA continuam apoiando o Brasil no processo de entrada \u00e0 organiza\u00e7\u00e3o.<\/p>\n<p><a href=\"https:\/\/www.suno.com.br\/noticias\/trump-reforca-apoio-a-entrada-do-brasil-ocde\/\">Saiba mais: Trump refor\u00e7a apoio ao processo de entrada do Brasil na OCDE<\/a><\/p>\n<p>Na \u00faltima quinta-feira (10), a ag\u00eancia de not\u00edcias &#8220;Bloomberg&#8221; publicou que o governo estadunidense teria desistido de apoiar a candidatura brasileira para adentrar \u00e0 <strong>OCDE<\/strong>. O presidente norte-americano fez quest\u00e3o de ressaltar que a publica\u00e7\u00e3o trata-se de uma fake news.<\/p>\n<p class=\"twitter-tweet\">\n<p dir=\"ltr\" lang=\"en\">The joint statement released with President Bolsonaro in March makes absolutely clear that I support Brazil beginning the process for full OECD membership. The United States stands by that statement and stands by <a href=\"https:\/\/twitter.com\/jairbolsonaro?ref_src=twsrc%5Etfw\">@jairbolsonaro<\/a>. This article is FAKE NEWS! <a href=\"https:\/\/t.co\/Hym9ZATHjt\">https:\/\/t.co\/Hym9ZATHjt<\/a><\/p>\n<p>\u2014 Donald J. Trump (@realDonaldTrump) <a href=\"https:\/\/twitter.com\/realDonaldTrump\/status\/1182446696598511617?ref_src=twsrc%5Etfw\">October 11, 2019<\/a><\/p>\n<p><script async=\"\" src=\"https:\/\/platform.twitter.com\/widgets.js\" charset=\"utf-8\"><\/script><\/p>\n<p>Os Estados Unidos ainda n\u00e3o tornou oficial seu posicionamento \u00e0 favor da candidatura do Brasil. No entanto, priorizou a entrada de Argentina e Rom\u00eania, por exemplo.<\/p>\n<h2>LOG anuncia oferta prim\u00e1ria de a\u00e7\u00f5es<\/h2>\n<p>A LOG (LOGG3) anunciou nesta sexta-feira (11) uma oferta p\u00fablica de distribui\u00e7\u00e3o prim\u00e1ria de <strong>a\u00e7\u00f5es<\/strong> ordin\u00e1rias. Em fato relevante, a empresa informou que seu <a href=\"https:\/\/www.suno.com.br\/artigos\/conselho-administracao\/\"><strong>Conselho de Administra\u00e7\u00e3o<\/strong><\/a> autorizou a distribui\u00e7\u00e3o de 21 milh\u00f5es de papeis.<\/p>\n<p><a href=\"https:\/\/www.suno.com.br\/noticias\/log-anuncia-oferta-primaria-acoes\/\">Saiba mais: LOG anuncia oferta p\u00fablica prim\u00e1ria de a\u00e7\u00f5es<\/a><\/p>\n<p>Segundo o comunicado da <strong>LOG,<\/strong> as a\u00e7\u00f5es ter\u00e3o uma oferta restrita a investidores profissionais. A distribui\u00e7\u00e3o ser\u00e1 feita na base da resolu\u00e7\u00e3o 476 da <a href=\"https:\/\/www.suno.com.br\/artigos\/cvm\/\"><strong>Comiss\u00e3o de Valores Mobili\u00e1rios (CVM)<\/strong><\/a>.<\/p>\n<p>Al\u00e9m dos 21 milh\u00f5es de a\u00e7\u00f5es, a empresa poder\u00e1 tamb\u00e9m colocar outras 7.350.000 a\u00e7\u00f5es adicionais. N\u00e3o ser\u00e1 admitida uma distribui\u00e7\u00e3o parcial. Por isso, cado n\u00e3o haja demanda para o lote inicial a oferta ser\u00e1 cancelada.<\/p>\n<p>Os bancos coordenadores da oferta ser\u00e3o:<\/p>\n<ul>\n<li>BGT Pactual (l\u00edder)<\/li>\n<li>Bradesco<\/li>\n<li>Ita\u00fa<\/li>\n<li>XP Investimentos<\/li>\n<\/ul>\n<p>No fato relevante, a <strong>LOG<\/strong> informou tamb\u00e9m que vai colocar simultaneamente a\u00e7\u00f5es no exterior.<\/p>\n<p>O pre\u00e7o por a\u00e7\u00e3o ser\u00e1 definido somente no dia 22 de outubro. Entretanto, a cota\u00e7\u00e3o dos papeis da <strong>LOG<\/strong> na <a href=\"https:\/\/www.suno.com.br\/artigos\/bovespa-precedente-b3\/\"><strong>Bolsa de Valores de S\u00e3o Paulo (B3)<\/strong> <\/a>na \u00faltima quinta-feira (11) foi de R$ 23,80.<\/p>\n<p>Por isso, o valor total da emiss\u00e3o das <strong>a\u00e7\u00f5es<\/strong> poderia variar entre R$ 500 milh\u00f5es e R$ 675 milh\u00f5es, dependendo da coloca\u00e7\u00e3o de a\u00e7\u00f5es adicionais.<\/p>\n<p>A medida aumentar\u00e1 a <a href=\"https:\/\/www.suno.com.br\/artigos\/liquidez\/\">liquidez<\/a> da empresa, ou seja, a velocidade de converter os ativos em caixa. Atualmente, s\u00e3o negociados R$ 4 milh\u00f5es por dia por meio dos pap\u00e9is da construtura. O valor atual \u00e9 considerado baixo e faz com que alguns investidores n\u00e3o se posicionem na companhia.<\/p>\n<h2>\u00daltima cota\u00e7\u00e3o do Ibovespa<\/h2>\n<p>Na \u00faltima sess\u00e3o, quinta-feira (10), o <strong>Ibovespa<\/strong> encerrou o preg\u00e3o em alta de 0,56% a 101.817,133 pontos.<\/p>\n","protected":false},"excerpt":{"rendered":"<p>O Ibovespa abriu nesta sexta-feira (11) em alta, gra\u00e7as ao otimismo dos mercados pela negocia\u00e7\u00e3o entre EUA e China. Uma poss\u00edvel solu\u00e7\u00e3o para a guerra comercial levou o principal \u00edndice da bolsa\u00a0de valores de S\u00e3o Paulo (B3) a registrar uma alta de 1,21% as 10h30, em 103.044 pontos. Ibovespa opera em alta e tem leve [&hellip;]<\/p>\n","protected":false},"author":9,"featured_media":7722,"comment_status":"closed","ping_status":"closed","sticky":false,"template":"","format":"standard","meta":[],"categories":[60],"tags":[980,721,962],"suno_strategy":[],"class_list":["post-40763","post","type-post","status-publish","format-standard","has-post-thumbnail","hentry","category-mercado","tag-guerra-comercial","tag-ibovespa","tag-ocde"],"yoast_head":"<!-- This site is optimized with the Yoast SEO plugin v24.4 - https:\/\/yoast.com\/wordpress\/plugins\/seo\/ -->\n<title>Ibovespa abre em forte alta com otimismo sobre guerra comercial<\/title>\n<meta name=\"description\" content=\"O Ibovespa abriu nesta sexta-feira (11) em alta, gra\u00e7as ao otimismo dos mercados pela negocia\u00e7\u00e3o entre EUA e China. Clique aqui e saiba mais.\" \/>\n<meta name=\"robots\" content=\"index, follow, max-snippet:-1, max-image-preview:large, max-video-preview:-1\" \/>\n<link rel=\"canonical\" href=\"https:\/\/www.suno.com.br\/noticias\/ibovespa-abre-em-forte-alta-com-otimismo-sobre-guerra-comercial\/\" \/>\n<meta property=\"og:locale\" content=\"pt_BR\" \/>\n<meta property=\"og:type\" content=\"article\" \/>\n<meta property=\"og:title\" content=\"Ibovespa abre em forte alta com otimismo sobre guerra comercial\" \/>\n<meta property=\"og:description\" content=\"O Ibovespa abriu nesta sexta-feira (11) em alta, gra\u00e7as ao otimismo dos mercados pela negocia\u00e7\u00e3o entre EUA e China. Clique aqui e saiba mais.\" \/>\n<meta property=\"og:url\" content=\"https:\/\/www.suno.com.br\/noticias\/ibovespa-abre-em-forte-alta-com-otimismo-sobre-guerra-comercial\/\" \/>\n<meta property=\"og:site_name\" content=\"Suno Not\u00edcias\" \/>\n<meta property=\"article:publisher\" content=\"https:\/\/facebook.com\/sunoresearch\" \/>\n<meta property=\"og:image\" content=\"https:\/\/files.sunoresearch.com.br\/n\/uploads\/2018\/12\/fa2cb55f-ibovespa.jpg\" \/>\n\t<meta property=\"og:image:width\" content=\"960\" \/>\n\t<meta property=\"og:image:height\" content=\"640\" \/>\n\t<meta property=\"og:image:type\" content=\"image\/jpeg\" \/>\n<meta name=\"author\" content=\"Carlo Cauti\" \/>\n<meta name=\"twitter:card\" content=\"summary_large_image\" \/>\n<meta name=\"twitter:creator\" content=\"@sunoresearch\" \/>\n<meta name=\"twitter:site\" content=\"@sunoresearch\" \/>\n<meta name=\"twitter:label1\" content=\"Escrito por\" \/>\n\t<meta name=\"twitter:data1\" content=\"Carlo Cauti\" \/>\n\t<meta name=\"twitter:label2\" content=\"Est. tempo de leitura\" \/>\n\t<meta name=\"twitter:data2\" content=\"4 minutos\" \/>\n<script type=\"application\/ld+json\" class=\"yoast-schema-graph\">{\"@context\":\"https:\/\/schema.org\",\"@graph\":[{\"@type\":\"NewsArticle\",\"@id\":\"https:\/\/www.suno.com.br\/noticias\/ibovespa-abre-em-forte-alta-com-otimismo-sobre-guerra-comercial\/#article\",\"isPartOf\":{\"@id\":\"https:\/\/www.suno.com.br\/noticias\/ibovespa-abre-em-forte-alta-com-otimismo-sobre-guerra-comercial\/\"},\"author\":{\"name\":\"Carlo Cauti\",\"@id\":\"https:\/\/www.suno.com.br\/noticias\/#\/schema\/person\/e6e0f723cc177805027f4566c1d5e0c8\"},\"headline\":\"Ibovespa abre em forte alta com otimismo sobre guerra comercial\",\"datePublished\":\"2019-10-11T13:31:19+00:00\",\"dateModified\":\"2019-10-11T20:50:42+00:00\",\"mainEntityOfPage\":{\"@id\":\"https:\/\/www.suno.com.br\/noticias\/ibovespa-abre-em-forte-alta-com-otimismo-sobre-guerra-comercial\/\"},\"wordCount\":790,\"publisher\":{\"@id\":\"https:\/\/www.suno.com.br\/noticias\/#organization\"},\"image\":{\"@id\":\"https:\/\/www.suno.com.br\/noticias\/ibovespa-abre-em-forte-alta-com-otimismo-sobre-guerra-comercial\/#primaryimage\"},\"thumbnailUrl\":\"https:\/\/files.sunoresearch.com.br\/n\/uploads\/2018\/12\/fa2cb55f-ibovespa-jpg.webp\",\"keywords\":[\"guerra comercial\",\"Ibovespa\",\"OCDE\"],\"articleSection\":[\"Mercado\"],\"inLanguage\":\"pt-BR\"},{\"@type\":\"WebPage\",\"@id\":\"https:\/\/www.suno.com.br\/noticias\/ibovespa-abre-em-forte-alta-com-otimismo-sobre-guerra-comercial\/\",\"url\":\"https:\/\/www.suno.com.br\/noticias\/ibovespa-abre-em-forte-alta-com-otimismo-sobre-guerra-comercial\/\",\"name\":\"Ibovespa abre em forte alta com otimismo sobre guerra comercial\",\"isPartOf\":{\"@id\":\"https:\/\/www.suno.com.br\/noticias\/#website\"},\"primaryImageOfPage\":{\"@id\":\"https:\/\/www.suno.com.br\/noticias\/ibovespa-abre-em-forte-alta-com-otimismo-sobre-guerra-comercial\/#primaryimage\"},\"image\":{\"@id\":\"https:\/\/www.suno.com.br\/noticias\/ibovespa-abre-em-forte-alta-com-otimismo-sobre-guerra-comercial\/#primaryimage\"},\"thumbnailUrl\":\"https:\/\/files.sunoresearch.com.br\/n\/uploads\/2018\/12\/fa2cb55f-ibovespa-jpg.webp\",\"datePublished\":\"2019-10-11T13:31:19+00:00\",\"dateModified\":\"2019-10-11T20:50:42+00:00\",\"description\":\"O Ibovespa abriu nesta sexta-feira (11) em alta, gra\u00e7as ao otimismo dos mercados pela negocia\u00e7\u00e3o entre EUA e China. Clique aqui e saiba mais.\",\"breadcrumb\":{\"@id\":\"https:\/\/www.suno.com.br\/noticias\/ibovespa-abre-em-forte-alta-com-otimismo-sobre-guerra-comercial\/#breadcrumb\"},\"inLanguage\":\"pt-BR\",\"potentialAction\":[{\"@type\":\"ReadAction\",\"target\":[\"https:\/\/www.suno.com.br\/noticias\/ibovespa-abre-em-forte-alta-com-otimismo-sobre-guerra-comercial\/\"]}]},{\"@type\":\"ImageObject\",\"inLanguage\":\"pt-BR\",\"@id\":\"https:\/\/www.suno.com.br\/noticias\/ibovespa-abre-em-forte-alta-com-otimismo-sobre-guerra-comercial\/#primaryimage\",\"url\":\"https:\/\/files.sunoresearch.com.br\/n\/uploads\/2018\/12\/fa2cb55f-ibovespa-jpg.webp\",\"contentUrl\":\"https:\/\/files.sunoresearch.com.br\/n\/uploads\/2018\/12\/fa2cb55f-ibovespa-jpg.webp\",\"width\":960,\"height\":640,\"caption\":\"Ibovespa opera em alta e tem leve recupera\u00e7\u00e3o ap\u00f3s queda de 12%\"},{\"@type\":\"BreadcrumbList\",\"@id\":\"https:\/\/www.suno.com.br\/noticias\/ibovespa-abre-em-forte-alta-com-otimismo-sobre-guerra-comercial\/#breadcrumb\",\"itemListElement\":[{\"@type\":\"ListItem\",\"position\":1,\"name\":\"Not\u00edcias\",\"item\":\"https:\/\/www.suno.com.br\/noticias\/\"},{\"@type\":\"ListItem\",\"position\":2,\"name\":\"Mercado\",\"item\":\"https:\/\/www.suno.com.br\/noticias\/mercado\/\"},{\"@type\":\"ListItem\",\"position\":3,\"name\":\"Ibovespa abre em forte alta com otimismo sobre guerra comercial\"}]},{\"@type\":\"WebSite\",\"@id\":\"https:\/\/www.suno.com.br\/noticias\/#website\",\"url\":\"https:\/\/www.suno.com.br\/noticias\/\",\"name\":\"Suno Not\u00edcias\",\"description\":\"Seu portal de informa\u00e7\u00e3o sobre o mundo dos investimentos\",\"publisher\":{\"@id\":\"https:\/\/www.suno.com.br\/noticias\/#organization\"},\"potentialAction\":[{\"@type\":\"SearchAction\",\"target\":{\"@type\":\"EntryPoint\",\"urlTemplate\":\"https:\/\/www.suno.com.br\/noticias\/?s={search_term_string}\"},\"query-input\":{\"@type\":\"PropertyValueSpecification\",\"valueRequired\":true,\"valueName\":\"search_term_string\"}}],\"inLanguage\":\"pt-BR\"},{\"@type\":\"Organization\",\"@id\":\"https:\/\/www.suno.com.br\/noticias\/#organization\",\"name\":\"Suno Not\u00edcias\",\"url\":\"https:\/\/www.suno.com.br\/noticias\/\",\"logo\":{\"@type\":\"ImageObject\",\"inLanguage\":\"pt-BR\",\"@id\":\"https:\/\/www.suno.com.br\/noticias\/#\/schema\/logo\/image\/\",\"url\":\"https:\/\/files.sunoresearch.com.br\/n\/uploads\/2021\/09\/suno-logo.png\",\"contentUrl\":\"https:\/\/files.sunoresearch.com.br\/n\/uploads\/2021\/09\/suno-logo.png\",\"width\":180,\"height\":180,\"caption\":\"Suno Not\u00edcias\"},\"image\":{\"@id\":\"https:\/\/www.suno.com.br\/noticias\/#\/schema\/logo\/image\/\"},\"sameAs\":[\"https:\/\/facebook.com\/sunoresearch\",\"https:\/\/x.com\/sunoresearch\",\"https:\/\/www.instagram.com\/suno\",\"https:\/\/www.linkedin.com\/company\/suno-research\/\",\"https:\/\/www.youtube.com\/c\/sunoresearch\"]},{\"@type\":\"Person\",\"@id\":\"https:\/\/www.suno.com.br\/noticias\/#\/schema\/person\/e6e0f723cc177805027f4566c1d5e0c8\",\"name\":\"Carlo Cauti\",\"image\":{\"@type\":\"ImageObject\",\"inLanguage\":\"pt-BR\",\"@id\":\"https:\/\/www.suno.com.br\/noticias\/#\/schema\/person\/image\/\",\"url\":\"https:\/\/secure.gravatar.com\/avatar\/3ada9e0bd164c23abd4792a9606d583c?s=96&r=g\",\"contentUrl\":\"https:\/\/secure.gravatar.com\/avatar\/3ada9e0bd164c23abd4792a9606d583c?s=96&r=g\",\"caption\":\"Carlo Cauti\"},\"description\":\"Editor multim\u00eddia do SUNO Not\u00edcias. Italiano, formado em Ci\u00eancias Pol\u00edticas pela universidade LUISS G. Carli de Roma e mestre cum laude em Rela\u00e7\u00f5es Internacionais, Jornalismo Internacional e de Guerra e em Economia Internacional. Concluiu tamb\u00e9m um MBA em Finan\u00e7as na B3. No Brasil, teve passagem por ve\u00edculos como Estad\u00e3o, Globo, Veja e EXAME. e nas ag\u00eancias de not\u00edcias italianas ANSA e NOVA.\",\"url\":\"https:\/\/www.suno.com.br\/noticias\/author\/carlo-cauti\/\"}]}<\/script>\n<!-- \/ Yoast SEO plugin. -->","yoast_head_json":{"title":"Ibovespa abre em forte alta com otimismo sobre guerra comercial","description":"O Ibovespa abriu nesta sexta-feira (11) em alta, gra\u00e7as ao otimismo dos mercados pela negocia\u00e7\u00e3o entre EUA e China. Clique aqui e saiba mais.","robots":{"index":"index","follow":"follow","max-snippet":"max-snippet:-1","max-image-preview":"max-image-preview:large","max-video-preview":"max-video-preview:-1"},"canonical":"https:\/\/www.suno.com.br\/noticias\/ibovespa-abre-em-forte-alta-com-otimismo-sobre-guerra-comercial\/","og_locale":"pt_BR","og_type":"article","og_title":"Ibovespa abre em forte alta com otimismo sobre guerra comercial","og_description":"O Ibovespa abriu nesta sexta-feira (11) em alta, gra\u00e7as ao otimismo dos mercados pela negocia\u00e7\u00e3o entre EUA e China. Clique aqui e saiba mais.","og_url":"https:\/\/www.suno.com.br\/noticias\/ibovespa-abre-em-forte-alta-com-otimismo-sobre-guerra-comercial\/","og_site_name":"Suno Not\u00edcias","article_publisher":"https:\/\/facebook.com\/sunoresearch","og_image":[{"width":960,"height":640,"url":"https:\/\/files.sunoresearch.com.br\/n\/uploads\/2018\/12\/fa2cb55f-ibovespa.jpg","type":"image\/jpeg"}],"author":"Carlo Cauti","twitter_card":"summary_large_image","twitter_creator":"@sunoresearch","twitter_site":"@sunoresearch","twitter_misc":{"Escrito por":"Carlo Cauti","Est. tempo de leitura":"4 minutos"},"schema":{"@context":"https:\/\/schema.org","@graph":[{"@type":"NewsArticle","@id":"https:\/\/www.suno.com.br\/noticias\/ibovespa-abre-em-forte-alta-com-otimismo-sobre-guerra-comercial\/#article","isPartOf":{"@id":"https:\/\/www.suno.com.br\/noticias\/ibovespa-abre-em-forte-alta-com-otimismo-sobre-guerra-comercial\/"},"author":{"name":"Carlo Cauti","@id":"https:\/\/www.suno.com.br\/noticias\/#\/schema\/person\/e6e0f723cc177805027f4566c1d5e0c8"},"headline":"Ibovespa abre em forte alta com otimismo sobre guerra comercial","datePublished":"2019-10-11T13:31:19+00:00","dateModified":"2019-10-11T20:50:42+00:00","mainEntityOfPage":{"@id":"https:\/\/www.suno.com.br\/noticias\/ibovespa-abre-em-forte-alta-com-otimismo-sobre-guerra-comercial\/"},"wordCount":790,"publisher":{"@id":"https:\/\/www.suno.com.br\/noticias\/#organization"},"image":{"@id":"https:\/\/www.suno.com.br\/noticias\/ibovespa-abre-em-forte-alta-com-otimismo-sobre-guerra-comercial\/#primaryimage"},"thumbnailUrl":"https:\/\/files.sunoresearch.com.br\/n\/uploads\/2018\/12\/fa2cb55f-ibovespa-jpg.webp","keywords":["guerra comercial","Ibovespa","OCDE"],"articleSection":["Mercado"],"inLanguage":"pt-BR"},{"@type":"WebPage","@id":"https:\/\/www.suno.com.br\/noticias\/ibovespa-abre-em-forte-alta-com-otimismo-sobre-guerra-comercial\/","url":"https:\/\/www.suno.com.br\/noticias\/ibovespa-abre-em-forte-alta-com-otimismo-sobre-guerra-comercial\/","name":"Ibovespa abre em forte alta com otimismo sobre guerra comercial","isPartOf":{"@id":"https:\/\/www.suno.com.br\/noticias\/#website"},"primaryImageOfPage":{"@id":"https:\/\/www.suno.com.br\/noticias\/ibovespa-abre-em-forte-alta-com-otimismo-sobre-guerra-comercial\/#primaryimage"},"image":{"@id":"https:\/\/www.suno.com.br\/noticias\/ibovespa-abre-em-forte-alta-com-otimismo-sobre-guerra-comercial\/#primaryimage"},"thumbnailUrl":"https:\/\/files.sunoresearch.com.br\/n\/uploads\/2018\/12\/fa2cb55f-ibovespa-jpg.webp","datePublished":"2019-10-11T13:31:19+00:00","dateModified":"2019-10-11T20:50:42+00:00","description":"O Ibovespa abriu nesta sexta-feira (11) em alta, gra\u00e7as ao otimismo dos mercados pela negocia\u00e7\u00e3o entre EUA e China. Clique aqui e saiba mais.","breadcrumb":{"@id":"https:\/\/www.suno.com.br\/noticias\/ibovespa-abre-em-forte-alta-com-otimismo-sobre-guerra-comercial\/#breadcrumb"},"inLanguage":"pt-BR","potentialAction":[{"@type":"ReadAction","target":["https:\/\/www.suno.com.br\/noticias\/ibovespa-abre-em-forte-alta-com-otimismo-sobre-guerra-comercial\/"]}]},{"@type":"ImageObject","inLanguage":"pt-BR","@id":"https:\/\/www.suno.com.br\/noticias\/ibovespa-abre-em-forte-alta-com-otimismo-sobre-guerra-comercial\/#primaryimage","url":"https:\/\/files.sunoresearch.com.br\/n\/uploads\/2018\/12\/fa2cb55f-ibovespa-jpg.webp","contentUrl":"https:\/\/files.sunoresearch.com.br\/n\/uploads\/2018\/12\/fa2cb55f-ibovespa-jpg.webp","width":960,"height":640,"caption":"Ibovespa opera em alta e tem leve recupera\u00e7\u00e3o ap\u00f3s queda de 12%"},{"@type":"BreadcrumbList","@id":"https:\/\/www.suno.com.br\/noticias\/ibovespa-abre-em-forte-alta-com-otimismo-sobre-guerra-comercial\/#breadcrumb","itemListElement":[{"@type":"ListItem","position":1,"name":"Not\u00edcias","item":"https:\/\/www.suno.com.br\/noticias\/"},{"@type":"ListItem","position":2,"name":"Mercado","item":"https:\/\/www.suno.com.br\/noticias\/mercado\/"},{"@type":"ListItem","position":3,"name":"Ibovespa abre em forte alta com otimismo sobre guerra comercial"}]},{"@type":"WebSite","@id":"https:\/\/www.suno.com.br\/noticias\/#website","url":"https:\/\/www.suno.com.br\/noticias\/","name":"Suno Not\u00edcias","description":"Seu portal de informa\u00e7\u00e3o sobre o mundo dos investimentos","publisher":{"@id":"https:\/\/www.suno.com.br\/noticias\/#organization"},"potentialAction":[{"@type":"SearchAction","target":{"@type":"EntryPoint","urlTemplate":"https:\/\/www.suno.com.br\/noticias\/?s={search_term_string}"},"query-input":{"@type":"PropertyValueSpecification","valueRequired":true,"valueName":"search_term_string"}}],"inLanguage":"pt-BR"},{"@type":"Organization","@id":"https:\/\/www.suno.com.br\/noticias\/#organization","name":"Suno Not\u00edcias","url":"https:\/\/www.suno.com.br\/noticias\/","logo":{"@type":"ImageObject","inLanguage":"pt-BR","@id":"https:\/\/www.suno.com.br\/noticias\/#\/schema\/logo\/image\/","url":"https:\/\/files.sunoresearch.com.br\/n\/uploads\/2021\/09\/suno-logo.png","contentUrl":"https:\/\/files.sunoresearch.com.br\/n\/uploads\/2021\/09\/suno-logo.png","width":180,"height":180,"caption":"Suno Not\u00edcias"},"image":{"@id":"https:\/\/www.suno.com.br\/noticias\/#\/schema\/logo\/image\/"},"sameAs":["https:\/\/facebook.com\/sunoresearch","https:\/\/x.com\/sunoresearch","https:\/\/www.instagram.com\/suno","https:\/\/www.linkedin.com\/company\/suno-research\/","https:\/\/www.youtube.com\/c\/sunoresearch"]},{"@type":"Person","@id":"https:\/\/www.suno.com.br\/noticias\/#\/schema\/person\/e6e0f723cc177805027f4566c1d5e0c8","name":"Carlo Cauti","image":{"@type":"ImageObject","inLanguage":"pt-BR","@id":"https:\/\/www.suno.com.br\/noticias\/#\/schema\/person\/image\/","url":"https:\/\/secure.gravatar.com\/avatar\/3ada9e0bd164c23abd4792a9606d583c?s=96&r=g","contentUrl":"https:\/\/secure.gravatar.com\/avatar\/3ada9e0bd164c23abd4792a9606d583c?s=96&r=g","caption":"Carlo Cauti"},"description":"Editor multim\u00eddia do SUNO Not\u00edcias. Italiano, formado em Ci\u00eancias Pol\u00edticas pela universidade LUISS G. Carli de Roma e mestre cum laude em Rela\u00e7\u00f5es Internacionais, Jornalismo Internacional e de Guerra e em Economia Internacional. Concluiu tamb\u00e9m um MBA em Finan\u00e7as na B3. No Brasil, teve passagem por ve\u00edculos como Estad\u00e3o, Globo, Veja e EXAME. e nas ag\u00eancias de not\u00edcias italianas ANSA e NOVA.","url":"https:\/\/www.suno.com.br\/noticias\/author\/carlo-cauti\/"}]}},"default_loop_html":"<div class=\"cardsPage__listCard__boxs\"><div class=\"cardsPage__listCard__boxs__img\"><a href=\"https:\/\/www.suno.com.br\/noticias\/ibovespa-abre-em-forte-alta-com-otimismo-sobre-guerra-comercial\/\"><img class=\"mask\" src=\"https:\/\/www.suno.com.br\/noticias\/wp-content\/themes\/suno\/resources\/images\/spotlight\/spotlight1img\/bg-mask.png\" alt=\"Image Mask\"\/><img src=\"https:\/\/files.sunoresearch.com.br\/n\/uploads\/2018\/12\/fa2cb55f-ibovespa-400x200.webp\" alt=\"Ibovespa abre em forte alta com otimismo sobre guerra comercial\"\/><\/a><span class=\"spotlightCategory\"><a href=\"https:\/\/www.suno.com.br\/noticias\/mercado\/\">Mercado<\/a><\/span><\/div><div class=\"cardsPage__listCard__boxs__content\"><a href=\"https:\/\/www.suno.com.br\/noticias\/ibovespa-abre-em-forte-alta-com-otimismo-sobre-guerra-comercial\/\"><h2 class=\"content__title\">Ibovespa abre em forte alta com otimismo sobre guerra comercial<\/h2><\/a><div class=\"newsContent__article__meta\"><div class=\"newsContent__article__meta__authorBox\"><a href=\"https:\/\/www.suno.com.br\/noticias\/author\/carlo-cauti\/\" class=\"authorBox__avatar noMobi\"><img src=\"https:\/\/files.sunoresearch.com.br\/n\/uploads\/2020\/08\/e3745f9a-perfil-carlo-cauti-150x150.webp\" alt=\"Carlo Cauti\"><\/a><div class=\"authorBox__name\"><span>por\n\t\t\t<a href=\"https:\/\/www.suno.com.br\/noticias\/author\/carlo-cauti\/\"><span itemprop=\"author\">Carlo Cauti<\/span><\/a><\/span><time datetime=\"2019-10-11T10:31:19-03:00\" itemprop=\"datePublished\">11\/10\/2019 10:31<\/time><\/div><\/div><\/div><\/div><\/div>","single_layout":"posts","amp_enabled":true,"_links":{"self":[{"href":"https:\/\/www.suno.com.br\/noticias\/wp-json\/wp\/v2\/posts\/40763"}],"collection":[{"href":"https:\/\/www.suno.com.br\/noticias\/wp-json\/wp\/v2\/posts"}],"about":[{"href":"https:\/\/www.suno.com.br\/noticias\/wp-json\/wp\/v2\/types\/post"}],"author":[{"embeddable":true,"href":"https:\/\/www.suno.com.br\/noticias\/wp-json\/wp\/v2\/users\/9"}],"replies":[{"embeddable":true,"href":"https:\/\/www.suno.com.br\/noticias\/wp-json\/wp\/v2\/comments?post=40763"}],"version-history":[{"count":0,"href":"https:\/\/www.suno.com.br\/noticias\/wp-json\/wp\/v2\/posts\/40763\/revisions"}],"wp:featuredmedia":[{"embeddable":true,"href":"https:\/\/www.suno.com.br\/noticias\/wp-json\/wp\/v2\/media\/7722"}],"wp:attachment":[{"href":"https:\/\/www.suno.com.br\/noticias\/wp-json\/wp\/v2\/media?parent=40763"}],"wp:term":[{"taxonomy":"category","embeddable":true,"href":"https:\/\/www.suno.com.br\/noticias\/wp-json\/wp\/v2\/categories?post=40763"},{"taxonomy":"post_tag","embeddable":true,"href":"https:\/\/www.suno.com.br\/noticias\/wp-json\/wp\/v2\/tags?post=40763"},{"taxonomy":"suno_strategy","embeddable":true,"href":"https:\/\/www.suno.com.br\/noticias\/wp-json\/wp\/v2\/suno_strategy?post=40763"}],"curies":[{"name":"wp","href":"https:\/\/api.w.org\/{rel}","templated":true}]}}