{"id":407573,"date":"2023-05-22T16:36:50","date_gmt":"2023-05-22T19:36:50","guid":{"rendered":"https:\/\/www.suno.com.br\/noticias\/?p=407573"},"modified":"2023-05-22T16:36:54","modified_gmt":"2023-05-22T19:36:54","slug":"senado-pacheco-arcabouco-fiscal-votacao","status":"publish","type":"post","link":"https:\/\/www.suno.com.br\/noticias\/senado-pacheco-arcabouco-fiscal-votacao\/","title":{"rendered":"Arcabou\u00e7o Fiscal: Pacheco espera aprova\u00e7\u00e3o no Senado ainda no primeiro semestre"},"content":{"rendered":"<p>O presidente do Senado, <a href=\"https:\/\/www.suno.com.br\/noticias\/pacheco-lira-reforma-tributaria\/\" target=\"_blank\" rel=\"noreferrer noopener\">Rodrigo Pacheco (PSD-MG)<\/a>, afirmou nesta segunda (22), que a Casa pretende aprovar o <strong>arcabou\u00e7o fiscal<\/strong> at\u00e9 o fim deste primeiro semestre.<\/p><div class=\"videoFull \">\n\t\t\t<div class=\"videoWrapper yt-lazyload center\"\n\t\t\t\tdata-width=\"960\"\n\t\t\t\tdata-height=\"540\"\n\t\t\t\tdata-id=\"RF_11FyrILA\"\n\t\t\t\tdata-alt=\"V\u00eddeo do YouTube - clique para reproduzir\"\n\t\t\t\tdata-logo=\"3\"\n\t\t\t\tdata-imagequality=\"maxres\">\n\t\t\t<\/div>\n\t\t<\/div><script type=\"application\/ld+json\">{\"@context\":\"https:\/\/schema.org\",\"@type\":\"VideoObject\",\"name\":\"Petrobras (PETR4) recebe proposta pela Braskem (BRKM5) | Ibovespa sobe pela 4\u00aa semana seguida\",\"description\":\"#petrobras #braskem #petr4 #petr3 #mercadofinanceiro #investimentos #bolsadevalores #ibovespa #d\u00f3lar #livedas19h O Ibovespa terminou o preg\u00e3o desta sexta (19) em alta de 0,58%, aos 110.744,51 pontos. O volume financeiro movimentado foi de R$ 31,6 bilh\u00f5es. Na semana, o principal \u00edndice da Bolsa brasileira cresceu 2,1%. Enquanto as a\u00e7\u00f5es do Banco do Brasil (BBAS3) encerraram o preg\u00e3o\u2026\",\"duration\":\"PT36M58S\",\"embedUrl\":\"https:\/\/www.youtube.com\/embed\/RF_11FyrILA\",\"regionsAllowed\":\"pt-BR\",\"interactionStatistic\":{\"@type\":\"InteractionCounter\",\"interactionType\":{\"@type\":\"WatchAction\"},\"userInteractionCount\":4019},\"thumbnailUrl\":\"https:\/\/i.ytimg.com\/vi\/RF_11FyrILA\/default.jpg\",\"uploadDate\":\"2023-05-19T22:45:16Z\"}<\/script>\n\n\n\n\n\t<p>\n\t\t<a href=\"\" target=\"_blank\" data-element=\"shortcode-suno-banner\" title=\"Banner SUNO, clique e saiba mais\">\n\t\t\t<picture>\n\t\t\t\t<source media=\"(max-width: 500px)\" srcset=\"\">\n\t\t\t\t<img class=\"newsContent__article__imgCapa newsContent__article__imgCapa--banner\"\n\t\t\t\t\tsrc=\"\"\n\t\t\t\t\tdata-promo-id=\"240038\"\t\t\t\t\t\t\t\t\t\t\t\t\t\t\talt=\"\"\n\t\t\t\t>\n\t\t\t<\/picture>\n\t\t<\/a>\n\t<\/p>\n\n\n\n\n\n<p>Atualmente o projeto legislativo do Arcabou\u00e7o Fiscal ainda est\u00e1 em tramita\u00e7\u00e3o na C\u00e2mara. A expectativa inicial \u00e9 que o texto seja votado ainda nesta quarta-feira (24) pelos deputados.<\/p>\n\n\n\n\n\n<p>&#8220;Assim que chegar da <strong><a href=\"https:\/\/www.camara.leg.br\/\" target=\"_blank\" rel=\"noreferrer noopener\">C\u00e2mara<\/a><\/strong>, vamos cuidar de ter maior rapidez poss\u00edvel para ter, obviamente, ainda nesse primeiro semestre, o arcabou\u00e7o fiscal entregue pelo <strong>Congresso<\/strong>&#8220;, disse Pacheco, em entrevista a jornalistas ap\u00f3s participar de semin\u00e1rio organizado pelo jornal Folha de S. Paulo para debater a autonomia do Banco Central.<\/p>\n\n\n\n<p>O presidente do <strong>Senado <\/strong>n\u00e3o garantiu que a Casa vai manter o texto aprovado pela C\u00e2mara. <\/p>\n\n\n\n<p>&#8220;A C\u00e2mara, fazendo seu trabalho, \u00e9 papel do Senado se debru\u00e7ar sobre o trabalho da C\u00e2mara. Se h\u00e1 tend\u00eancia de se manter a C\u00e2mara ou n\u00e3o, essa \u00e9 avalia\u00e7\u00e3o que n\u00f3s vamos fazer depois que a C\u00e2mara decidir quais s\u00e3o os requisitos do novo arcabou\u00e7o fiscal&#8221;, pontuou, ao dizer novamente que acredita na aprova\u00e7\u00e3o da mat\u00e9ria nas duas Casas Legislativas.<\/p>\n\n\n\n<p>E declarou: &#8220;Em breve, teremos novo regime fiscal sustent\u00e1vel, que permitir\u00e1 crescimento da arrecada\u00e7\u00e3o, permitir\u00e1 que despesas sejam sustent\u00e1veis e \u00fateis ao Brasil para voltar a crescer, para enfrentar seus problemas sociais.&#8221;<\/p>\n\n\n\t<p>\n\t\t<a href=\"https:\/\/lp.suno.com.br\/ebook-gratuito-investindo-no-exterior\/\" target=\"_blank\" data-element=\"shortcode-suno-banner\" title=\"Banner SUNO, clique e saiba mais\">\n\t\t\t<picture>\n\t\t\t\t<source media=\"(max-width: 500px)\" srcset=\"https:\/\/files.sunoresearch.com.br\/n\/uploads\/2023\/03\/400x300-Investindo-no-exterior.png\">\n\t\t\t\t<img class=\"newsContent__article__imgCapa newsContent__article__imgCapa--banner\"\n\t\t\t\t\tsrc=\"https:\/\/files.sunoresearch.com.br\/n\/uploads\/2023\/03\/1420x240-Investindo-no-exterior.png\"\n\t\t\t\t\tdata-promo-id=\"383161\"\t\t\t\t\t\t\t\t\t\twidth='1420' height='240'\t\t\t\t\talt=\"https:\/\/files.sunoresearch.com.br\/n\/uploads\/2023\/03\/1420x240-Investindo-no-exterior.png\"\n\t\t\t\t>\n\t\t\t<\/picture>\n\t\t<\/a>\n\t<\/p>\n\n\n\n\n\n<p>Vale lembrar que o relator do projeto de lei do Arcabou\u00e7o Fiscal, o deputado Cl\u00e1udio Cajado (PP), apresentou um relat\u00f3rio na semana anterior e fez importantes altera\u00e7\u00f5es no texto apresentado anteriormente pela equipe econ\u00f4mica.<\/p>\n\n\n\n<p>&#8220;Apesar das mudan\u00e7as no texto, o desenho do arcabou\u00e7o fiscal n\u00e3o mudou substancialmente e o ajuste fiscal continua dependem fortemente de um aumento significativo da receita fiscal (2,0% do PIB). Sem isso, n\u00e3o ser\u00e1 poss\u00edvel atender as metas prim\u00e1rias estabelecidas metas e estabilizar a d\u00edvida p\u00fablica&#8221;, destaca o time de analistas do BTG Pactual sobre a mudan\u00e7a.<\/p>\n\n\n\n<p>&#8220;Ainda h\u00e1 grande incerteza quanto \u00e0 capacidade do governo de implementar medidas pr\u00f3-receita por meio de a quantidade necess\u00e1ria. At\u00e9 o momento, as medidas j\u00e1 anunciadas (subven\u00e7\u00e3o de ICMS, pre\u00e7os de transfer\u00eancia, tributa\u00e7\u00e3o de jogos eletr\u00f4nicos e importa\u00e7\u00e3o de pequenos valores, entre outras) s\u00e3o insuficientes &#8211; estimamos aumento de arrecada\u00e7\u00e3o do governo federal em cerca de R$ 40 bilh\u00f5es&#8221;, concluem os analistas da casa.<\/p>\n\n\n\n<h2 class=\"wp-block-heading\">Al\u00e9m do Arcabou\u00e7o Fiscal, Pacheco destaca prioridade para reforma tribut\u00e1ria<\/h2>\n\n\n\n<p>Pacheco disse ainda que a <strong><a class=\"suno-keyword\" data-force=\"no\" data-priority=\"2\" href=\"https:\/\/www.suno.com.br\/artigos\/reforma-tributaria\/\" target=\"_blank\" rel=\"noopener\">reforma tribut\u00e1ria<\/a> <\/strong>ter\u00e1 prioridade e ser\u00e1 votada com &#8220;senso de urg\u00eancia&#8221; no Senado.<\/p>\n\n\n\n<p>Ele evitou, no entanto, prever cronograma para tramita\u00e7\u00e3o do texto na Casa &#8211; a mat\u00e9ria ainda est\u00e1 em discuss\u00e3o na C\u00e2mara, e a expectativa \u00e9 de que ela v\u00e1 a vota\u00e7\u00e3o no plen\u00e1rio antes do recesso parlamentar de julho. <\/p>\n\n\n\n<p>&#8220;Sem d\u00favida alguma, a <a class=\"suno-keyword\" target=\"_blank\" data-force=\"no\" data-priority=\"2\" href=\"https:\/\/www.suno.com.br\/artigos\/reforma-tributaria\/\" rel=\"noopener\">reforma tribut\u00e1ria<\/a> ser\u00e1 prioridade. A reforma sempre foi prioridade do Parlamento brasileiro. Na minha gest\u00e3o, debatemos muito a PEC 110, mas n\u00e3o havia apoio necess\u00e1rio naquele momento. Hoje, a gente enxerga apoio muito contundente do governo federal, ent\u00e3o h\u00e1 um ambiente muito melhor para aprova\u00e7\u00e3o da reforma do que antes&#8221;, avaliou.<\/p>\n\n\n\n<p>Com Estad\u00e3o Conte\u00fado<\/p>\n\n\n\t<p>\n\t\t<a href=\"https:\/\/lp.suno.com.br\/suno-one\/?utm_campaign=_SNC6964518A_\" target=\"_blank\" data-element=\"shortcode-suno-banner\" title=\"Banner SUNO, clique e saiba mais\">\n\t\t\t<picture>\n\t\t\t\t<source media=\"(max-width: 500px)\" srcset=\"https:\/\/files.sunoresearch.com.br\/n\/uploads\/2025\/09\/400x300-Suno-One-png.webp\">\n\t\t\t\t<img class=\"newsContent__article__imgCapa newsContent__article__imgCapa--banner\"\n\t\t\t\t\tsrc=\"https:\/\/files.sunoresearch.com.br\/n\/uploads\/2025\/09\/1420x240-Suno-One-png.webp\"\n\t\t\t\t\tdata-promo-id=\"383121\"\t\t\t\t\t\t\t\t\t\twidth='1420' height='240'\t\t\t\t\talt=\"https:\/\/files.sunoresearch.com.br\/n\/uploads\/2025\/09\/1420x240-Suno-One-png.webp\"\n\t\t\t\t>\n\t\t\t<\/picture>\n\t\t<\/a>\n\t<\/p>\n\n\n","protected":false},"excerpt":{"rendered":"<p>O presidente do Senado, Rodrigo Pacheco (PSD-MG), afirmou nesta segunda (22), que a Casa pretende aprovar o arcabou\u00e7o fiscal at\u00e9 o fim deste primeiro semestre. Atualmente o projeto legislativo do Arcabou\u00e7o Fiscal ainda est\u00e1 em tramita\u00e7\u00e3o na C\u00e2mara. A expectativa inicial \u00e9 que o texto seja votado ainda nesta quarta-feira (24) pelos deputados. &#8220;Assim que [&hellip;]<\/p>\n","protected":false},"author":73,"featured_media":328410,"comment_status":"closed","ping_status":"closed","sticky":false,"template":"","format":"standard","meta":[],"categories":[61],"tags":[106444,105816,1068],"suno_strategy":[],"class_list":["post-407573","post","type-post","status-publish","format-standard","has-post-thumbnail","hentry","category-politica","tag-agencias","tag-especialistas","tag-senado-federal"],"yoast_head":"<!-- This site is optimized with the Yoast SEO plugin v24.4 - https:\/\/yoast.com\/wordpress\/plugins\/seo\/ -->\n<title>Arcabou\u00e7o Fiscal: Pacheco espera aprova\u00e7\u00e3o ainda no primeiro semestre<\/title>\n<meta name=\"description\" content=\"Atualmente o projeto legislativo do Arcabou\u00e7o Fiscal ainda est\u00e1 em tramita\u00e7\u00e3o na C\u00e2mara e deve ser votado nesta quarta-feira (24).\" \/>\n<meta name=\"robots\" content=\"index, follow, max-snippet:-1, max-image-preview:large, max-video-preview:-1\" \/>\n<link rel=\"canonical\" href=\"https:\/\/www.suno.com.br\/noticias\/senado-pacheco-arcabouco-fiscal-votacao\/\" \/>\n<meta property=\"og:locale\" content=\"pt_BR\" \/>\n<meta property=\"og:type\" content=\"article\" \/>\n<meta property=\"og:title\" content=\"Arcabou\u00e7o Fiscal: Pacheco espera aprova\u00e7\u00e3o ainda no primeiro semestre\" \/>\n<meta property=\"og:description\" content=\"Atualmente o projeto legislativo do Arcabou\u00e7o Fiscal ainda est\u00e1 em tramita\u00e7\u00e3o na C\u00e2mara e deve ser votado nesta quarta-feira (24).\" \/>\n<meta property=\"og:url\" content=\"https:\/\/www.suno.com.br\/noticias\/senado-pacheco-arcabouco-fiscal-votacao\/\" \/>\n<meta property=\"og:site_name\" content=\"Suno Not\u00edcias\" \/>\n<meta property=\"article:publisher\" content=\"https:\/\/facebook.com\/sunoresearch\" \/>\n<meta property=\"og:image\" content=\"https:\/\/files.sunoresearch.com.br\/n\/uploads\/2022\/12\/rodrigo-pacheco-presidente-senado-plenario-foto-roque-de-sa.jpg\" \/>\n\t<meta property=\"og:image:width\" content=\"1200\" \/>\n\t<meta property=\"og:image:height\" content=\"675\" \/>\n\t<meta property=\"og:image:type\" content=\"image\/jpeg\" \/>\n<meta name=\"author\" content=\"Eduardo Vargas\" \/>\n<meta name=\"twitter:card\" content=\"summary_large_image\" \/>\n<meta name=\"twitter:creator\" content=\"@sunoresearch\" \/>\n<meta name=\"twitter:site\" content=\"@sunoresearch\" \/>\n<meta name=\"twitter:label1\" content=\"Escrito por\" \/>\n\t<meta name=\"twitter:data1\" content=\"Eduardo Vargas\" \/>\n\t<meta name=\"twitter:label2\" content=\"Est. tempo de leitura\" \/>\n\t<meta name=\"twitter:data2\" content=\"3 minutos\" \/>\n<script type=\"application\/ld+json\" class=\"yoast-schema-graph\">{\"@context\":\"https:\/\/schema.org\",\"@graph\":[{\"@type\":\"NewsArticle\",\"@id\":\"https:\/\/www.suno.com.br\/noticias\/senado-pacheco-arcabouco-fiscal-votacao\/#article\",\"isPartOf\":{\"@id\":\"https:\/\/www.suno.com.br\/noticias\/senado-pacheco-arcabouco-fiscal-votacao\/\"},\"author\":{\"name\":\"Eduardo Vargas\",\"@id\":\"https:\/\/www.suno.com.br\/noticias\/#\/schema\/person\/7f4d362bf3518e76090143ae77bb49a5\"},\"headline\":\"Arcabou\u00e7o Fiscal: Pacheco espera aprova\u00e7\u00e3o no Senado ainda no primeiro semestre\",\"datePublished\":\"2023-05-22T19:36:50+00:00\",\"dateModified\":\"2023-05-22T19:36:54+00:00\",\"mainEntityOfPage\":{\"@id\":\"https:\/\/www.suno.com.br\/noticias\/senado-pacheco-arcabouco-fiscal-votacao\/\"},\"wordCount\":574,\"publisher\":{\"@id\":\"https:\/\/www.suno.com.br\/noticias\/#organization\"},\"image\":{\"@id\":\"https:\/\/www.suno.com.br\/noticias\/senado-pacheco-arcabouco-fiscal-votacao\/#primaryimage\"},\"thumbnailUrl\":\"https:\/\/files.sunoresearch.com.br\/n\/uploads\/2022\/12\/rodrigo-pacheco-presidente-senado-plenario-foto-roque-de-sa.jpg\",\"keywords\":[\"Ag\u00eancias\",\"Especialistas\",\"Senado Federal\"],\"articleSection\":[\"Pol\u00edtica\"],\"inLanguage\":\"pt-BR\"},{\"@type\":\"WebPage\",\"@id\":\"https:\/\/www.suno.com.br\/noticias\/senado-pacheco-arcabouco-fiscal-votacao\/\",\"url\":\"https:\/\/www.suno.com.br\/noticias\/senado-pacheco-arcabouco-fiscal-votacao\/\",\"name\":\"Arcabou\u00e7o Fiscal: Pacheco espera aprova\u00e7\u00e3o ainda no primeiro semestre\",\"isPartOf\":{\"@id\":\"https:\/\/www.suno.com.br\/noticias\/#website\"},\"primaryImageOfPage\":{\"@id\":\"https:\/\/www.suno.com.br\/noticias\/senado-pacheco-arcabouco-fiscal-votacao\/#primaryimage\"},\"image\":{\"@id\":\"https:\/\/www.suno.com.br\/noticias\/senado-pacheco-arcabouco-fiscal-votacao\/#primaryimage\"},\"thumbnailUrl\":\"https:\/\/files.sunoresearch.com.br\/n\/uploads\/2022\/12\/rodrigo-pacheco-presidente-senado-plenario-foto-roque-de-sa.jpg\",\"datePublished\":\"2023-05-22T19:36:50+00:00\",\"dateModified\":\"2023-05-22T19:36:54+00:00\",\"description\":\"Atualmente o projeto legislativo do Arcabou\u00e7o Fiscal ainda est\u00e1 em tramita\u00e7\u00e3o na C\u00e2mara e deve ser votado nesta quarta-feira (24).\",\"breadcrumb\":{\"@id\":\"https:\/\/www.suno.com.br\/noticias\/senado-pacheco-arcabouco-fiscal-votacao\/#breadcrumb\"},\"inLanguage\":\"pt-BR\",\"potentialAction\":[{\"@type\":\"ReadAction\",\"target\":[\"https:\/\/www.suno.com.br\/noticias\/senado-pacheco-arcabouco-fiscal-votacao\/\"]}]},{\"@type\":\"ImageObject\",\"inLanguage\":\"pt-BR\",\"@id\":\"https:\/\/www.suno.com.br\/noticias\/senado-pacheco-arcabouco-fiscal-votacao\/#primaryimage\",\"url\":\"https:\/\/files.sunoresearch.com.br\/n\/uploads\/2022\/12\/rodrigo-pacheco-presidente-senado-plenario-foto-roque-de-sa.jpg\",\"contentUrl\":\"https:\/\/files.sunoresearch.com.br\/n\/uploads\/2022\/12\/rodrigo-pacheco-presidente-senado-plenario-foto-roque-de-sa.jpg\",\"width\":1200,\"height\":675,\"caption\":\"Rodrigo Pacheco, presidente do Senado Federal. Foto: Roque de S\u00e1\/Ag\u00eancia Senado\"},{\"@type\":\"BreadcrumbList\",\"@id\":\"https:\/\/www.suno.com.br\/noticias\/senado-pacheco-arcabouco-fiscal-votacao\/#breadcrumb\",\"itemListElement\":[{\"@type\":\"ListItem\",\"position\":1,\"name\":\"Not\u00edcias\",\"item\":\"https:\/\/www.suno.com.br\/noticias\/\"},{\"@type\":\"ListItem\",\"position\":2,\"name\":\"Pol\u00edtica\",\"item\":\"https:\/\/www.suno.com.br\/noticias\/politica\/\"},{\"@type\":\"ListItem\",\"position\":3,\"name\":\"Arcabou\u00e7o Fiscal: Pacheco espera aprova\u00e7\u00e3o no Senado ainda no primeiro semestre\"}]},{\"@type\":\"WebSite\",\"@id\":\"https:\/\/www.suno.com.br\/noticias\/#website\",\"url\":\"https:\/\/www.suno.com.br\/noticias\/\",\"name\":\"Suno Not\u00edcias\",\"description\":\"Seu portal de informa\u00e7\u00e3o sobre o mundo dos investimentos\",\"publisher\":{\"@id\":\"https:\/\/www.suno.com.br\/noticias\/#organization\"},\"potentialAction\":[{\"@type\":\"SearchAction\",\"target\":{\"@type\":\"EntryPoint\",\"urlTemplate\":\"https:\/\/www.suno.com.br\/noticias\/?s={search_term_string}\"},\"query-input\":{\"@type\":\"PropertyValueSpecification\",\"valueRequired\":true,\"valueName\":\"search_term_string\"}}],\"inLanguage\":\"pt-BR\"},{\"@type\":\"Organization\",\"@id\":\"https:\/\/www.suno.com.br\/noticias\/#organization\",\"name\":\"Suno Not\u00edcias\",\"url\":\"https:\/\/www.suno.com.br\/noticias\/\",\"logo\":{\"@type\":\"ImageObject\",\"inLanguage\":\"pt-BR\",\"@id\":\"https:\/\/www.suno.com.br\/noticias\/#\/schema\/logo\/image\/\",\"url\":\"https:\/\/files.sunoresearch.com.br\/n\/uploads\/2021\/09\/suno-logo.png\",\"contentUrl\":\"https:\/\/files.sunoresearch.com.br\/n\/uploads\/2021\/09\/suno-logo.png\",\"width\":180,\"height\":180,\"caption\":\"Suno Not\u00edcias\"},\"image\":{\"@id\":\"https:\/\/www.suno.com.br\/noticias\/#\/schema\/logo\/image\/\"},\"sameAs\":[\"https:\/\/facebook.com\/sunoresearch\",\"https:\/\/x.com\/sunoresearch\",\"https:\/\/www.instagram.com\/suno\",\"https:\/\/www.linkedin.com\/company\/suno-research\/\",\"https:\/\/www.youtube.com\/c\/sunoresearch\"]},{\"@type\":\"Person\",\"@id\":\"https:\/\/www.suno.com.br\/noticias\/#\/schema\/person\/7f4d362bf3518e76090143ae77bb49a5\",\"name\":\"Eduardo Vargas\",\"image\":{\"@type\":\"ImageObject\",\"inLanguage\":\"pt-BR\",\"@id\":\"https:\/\/www.suno.com.br\/noticias\/#\/schema\/person\/image\/\",\"url\":\"https:\/\/secure.gravatar.com\/avatar\/dac340933427a22924c9f99d1eb2e3f2?s=96&r=g\",\"contentUrl\":\"https:\/\/secure.gravatar.com\/avatar\/dac340933427a22924c9f99d1eb2e3f2?s=96&r=g\",\"caption\":\"Eduardo Vargas\"},\"description\":\"Jornalista formado pela UFSC, cobre macroeconomia, neg\u00f3cios e startups para o Suno Not\u00edcias, escrevendo principalmente not\u00edcias sobre o mercado financeiro e a bolsa de valores. No YouTube e no Instagram, \u00e9 respons\u00e1vel pela produ\u00e7\u00e3o de Reels e Shorts do Suno Not\u00edcias. Anteriormente, trabalhou cobrindo economia e cotidiano no ND+ e para o ND, maior jornal impresso de Santa Catarina. Cursou um semestre letivo de Estudos de M\u00eddia na Universidad de Buenos Aires.\",\"url\":\"https:\/\/www.suno.com.br\/noticias\/author\/eduardo-vargas\/\"}]}<\/script>\n<!-- \/ Yoast SEO plugin. -->","yoast_head_json":{"title":"Arcabou\u00e7o Fiscal: Pacheco espera aprova\u00e7\u00e3o ainda no primeiro semestre","description":"Atualmente o projeto legislativo do Arcabou\u00e7o Fiscal ainda est\u00e1 em tramita\u00e7\u00e3o na C\u00e2mara e deve ser votado nesta quarta-feira (24).","robots":{"index":"index","follow":"follow","max-snippet":"max-snippet:-1","max-image-preview":"max-image-preview:large","max-video-preview":"max-video-preview:-1"},"canonical":"https:\/\/www.suno.com.br\/noticias\/senado-pacheco-arcabouco-fiscal-votacao\/","og_locale":"pt_BR","og_type":"article","og_title":"Arcabou\u00e7o Fiscal: Pacheco espera aprova\u00e7\u00e3o ainda no primeiro semestre","og_description":"Atualmente o projeto legislativo do Arcabou\u00e7o Fiscal ainda est\u00e1 em tramita\u00e7\u00e3o na C\u00e2mara e deve ser votado nesta quarta-feira (24).","og_url":"https:\/\/www.suno.com.br\/noticias\/senado-pacheco-arcabouco-fiscal-votacao\/","og_site_name":"Suno Not\u00edcias","article_publisher":"https:\/\/facebook.com\/sunoresearch","og_image":[{"width":1200,"height":675,"url":"https:\/\/files.sunoresearch.com.br\/n\/uploads\/2022\/12\/rodrigo-pacheco-presidente-senado-plenario-foto-roque-de-sa.jpg","type":"image\/jpeg"}],"author":"Eduardo Vargas","twitter_card":"summary_large_image","twitter_creator":"@sunoresearch","twitter_site":"@sunoresearch","twitter_misc":{"Escrito por":"Eduardo Vargas","Est. tempo de leitura":"3 minutos"},"schema":{"@context":"https:\/\/schema.org","@graph":[{"@type":"NewsArticle","@id":"https:\/\/www.suno.com.br\/noticias\/senado-pacheco-arcabouco-fiscal-votacao\/#article","isPartOf":{"@id":"https:\/\/www.suno.com.br\/noticias\/senado-pacheco-arcabouco-fiscal-votacao\/"},"author":{"name":"Eduardo Vargas","@id":"https:\/\/www.suno.com.br\/noticias\/#\/schema\/person\/7f4d362bf3518e76090143ae77bb49a5"},"headline":"Arcabou\u00e7o Fiscal: Pacheco espera aprova\u00e7\u00e3o no Senado ainda no primeiro semestre","datePublished":"2023-05-22T19:36:50+00:00","dateModified":"2023-05-22T19:36:54+00:00","mainEntityOfPage":{"@id":"https:\/\/www.suno.com.br\/noticias\/senado-pacheco-arcabouco-fiscal-votacao\/"},"wordCount":574,"publisher":{"@id":"https:\/\/www.suno.com.br\/noticias\/#organization"},"image":{"@id":"https:\/\/www.suno.com.br\/noticias\/senado-pacheco-arcabouco-fiscal-votacao\/#primaryimage"},"thumbnailUrl":"https:\/\/files.sunoresearch.com.br\/n\/uploads\/2022\/12\/rodrigo-pacheco-presidente-senado-plenario-foto-roque-de-sa.jpg","keywords":["Ag\u00eancias","Especialistas","Senado Federal"],"articleSection":["Pol\u00edtica"],"inLanguage":"pt-BR"},{"@type":"WebPage","@id":"https:\/\/www.suno.com.br\/noticias\/senado-pacheco-arcabouco-fiscal-votacao\/","url":"https:\/\/www.suno.com.br\/noticias\/senado-pacheco-arcabouco-fiscal-votacao\/","name":"Arcabou\u00e7o Fiscal: Pacheco espera aprova\u00e7\u00e3o ainda no primeiro semestre","isPartOf":{"@id":"https:\/\/www.suno.com.br\/noticias\/#website"},"primaryImageOfPage":{"@id":"https:\/\/www.suno.com.br\/noticias\/senado-pacheco-arcabouco-fiscal-votacao\/#primaryimage"},"image":{"@id":"https:\/\/www.suno.com.br\/noticias\/senado-pacheco-arcabouco-fiscal-votacao\/#primaryimage"},"thumbnailUrl":"https:\/\/files.sunoresearch.com.br\/n\/uploads\/2022\/12\/rodrigo-pacheco-presidente-senado-plenario-foto-roque-de-sa.jpg","datePublished":"2023-05-22T19:36:50+00:00","dateModified":"2023-05-22T19:36:54+00:00","description":"Atualmente o projeto legislativo do Arcabou\u00e7o Fiscal ainda est\u00e1 em tramita\u00e7\u00e3o na C\u00e2mara e deve ser votado nesta quarta-feira (24).","breadcrumb":{"@id":"https:\/\/www.suno.com.br\/noticias\/senado-pacheco-arcabouco-fiscal-votacao\/#breadcrumb"},"inLanguage":"pt-BR","potentialAction":[{"@type":"ReadAction","target":["https:\/\/www.suno.com.br\/noticias\/senado-pacheco-arcabouco-fiscal-votacao\/"]}]},{"@type":"ImageObject","inLanguage":"pt-BR","@id":"https:\/\/www.suno.com.br\/noticias\/senado-pacheco-arcabouco-fiscal-votacao\/#primaryimage","url":"https:\/\/files.sunoresearch.com.br\/n\/uploads\/2022\/12\/rodrigo-pacheco-presidente-senado-plenario-foto-roque-de-sa.jpg","contentUrl":"https:\/\/files.sunoresearch.com.br\/n\/uploads\/2022\/12\/rodrigo-pacheco-presidente-senado-plenario-foto-roque-de-sa.jpg","width":1200,"height":675,"caption":"Rodrigo Pacheco, presidente do Senado Federal. Foto: Roque de S\u00e1\/Ag\u00eancia Senado"},{"@type":"BreadcrumbList","@id":"https:\/\/www.suno.com.br\/noticias\/senado-pacheco-arcabouco-fiscal-votacao\/#breadcrumb","itemListElement":[{"@type":"ListItem","position":1,"name":"Not\u00edcias","item":"https:\/\/www.suno.com.br\/noticias\/"},{"@type":"ListItem","position":2,"name":"Pol\u00edtica","item":"https:\/\/www.suno.com.br\/noticias\/politica\/"},{"@type":"ListItem","position":3,"name":"Arcabou\u00e7o Fiscal: Pacheco espera aprova\u00e7\u00e3o no Senado ainda no primeiro semestre"}]},{"@type":"WebSite","@id":"https:\/\/www.suno.com.br\/noticias\/#website","url":"https:\/\/www.suno.com.br\/noticias\/","name":"Suno Not\u00edcias","description":"Seu portal de informa\u00e7\u00e3o sobre o mundo dos investimentos","publisher":{"@id":"https:\/\/www.suno.com.br\/noticias\/#organization"},"potentialAction":[{"@type":"SearchAction","target":{"@type":"EntryPoint","urlTemplate":"https:\/\/www.suno.com.br\/noticias\/?s={search_term_string}"},"query-input":{"@type":"PropertyValueSpecification","valueRequired":true,"valueName":"search_term_string"}}],"inLanguage":"pt-BR"},{"@type":"Organization","@id":"https:\/\/www.suno.com.br\/noticias\/#organization","name":"Suno Not\u00edcias","url":"https:\/\/www.suno.com.br\/noticias\/","logo":{"@type":"ImageObject","inLanguage":"pt-BR","@id":"https:\/\/www.suno.com.br\/noticias\/#\/schema\/logo\/image\/","url":"https:\/\/files.sunoresearch.com.br\/n\/uploads\/2021\/09\/suno-logo.png","contentUrl":"https:\/\/files.sunoresearch.com.br\/n\/uploads\/2021\/09\/suno-logo.png","width":180,"height":180,"caption":"Suno Not\u00edcias"},"image":{"@id":"https:\/\/www.suno.com.br\/noticias\/#\/schema\/logo\/image\/"},"sameAs":["https:\/\/facebook.com\/sunoresearch","https:\/\/x.com\/sunoresearch","https:\/\/www.instagram.com\/suno","https:\/\/www.linkedin.com\/company\/suno-research\/","https:\/\/www.youtube.com\/c\/sunoresearch"]},{"@type":"Person","@id":"https:\/\/www.suno.com.br\/noticias\/#\/schema\/person\/7f4d362bf3518e76090143ae77bb49a5","name":"Eduardo Vargas","image":{"@type":"ImageObject","inLanguage":"pt-BR","@id":"https:\/\/www.suno.com.br\/noticias\/#\/schema\/person\/image\/","url":"https:\/\/secure.gravatar.com\/avatar\/dac340933427a22924c9f99d1eb2e3f2?s=96&r=g","contentUrl":"https:\/\/secure.gravatar.com\/avatar\/dac340933427a22924c9f99d1eb2e3f2?s=96&r=g","caption":"Eduardo Vargas"},"description":"Jornalista formado pela UFSC, cobre macroeconomia, neg\u00f3cios e startups para o Suno Not\u00edcias, escrevendo principalmente not\u00edcias sobre o mercado financeiro e a bolsa de valores. No YouTube e no Instagram, \u00e9 respons\u00e1vel pela produ\u00e7\u00e3o de Reels e Shorts do Suno Not\u00edcias. Anteriormente, trabalhou cobrindo economia e cotidiano no ND+ e para o ND, maior jornal impresso de Santa Catarina. Cursou um semestre letivo de Estudos de M\u00eddia na Universidad de Buenos Aires.","url":"https:\/\/www.suno.com.br\/noticias\/author\/eduardo-vargas\/"}]}},"default_loop_html":"<div class=\"cardsPage__listCard__boxs\"><div class=\"cardsPage__listCard__boxs__img\"><a href=\"https:\/\/www.suno.com.br\/noticias\/senado-pacheco-arcabouco-fiscal-votacao\/\"><img class=\"mask\" src=\"https:\/\/www.suno.com.br\/noticias\/wp-content\/themes\/suno\/resources\/images\/spotlight\/spotlight1img\/bg-mask.png\" alt=\"Image Mask\"\/><img src=\"https:\/\/files.sunoresearch.com.br\/n\/uploads\/2022\/12\/rodrigo-pacheco-presidente-senado-plenario-foto-roque-de-sa-400x200.jpg\" alt=\"Arcabou\u00e7o Fiscal: Pacheco espera aprova\u00e7\u00e3o no Senado ainda no primeiro semestre\"\/><\/a><span class=\"spotlightCategory\"><a href=\"https:\/\/www.suno.com.br\/noticias\/politica\/\">Pol\u00edtica<\/a><\/span><\/div><div class=\"cardsPage__listCard__boxs__content\"><a href=\"https:\/\/www.suno.com.br\/noticias\/senado-pacheco-arcabouco-fiscal-votacao\/\"><h2 class=\"content__title\">Arcabou\u00e7o Fiscal: Pacheco espera aprova\u00e7\u00e3o no Senado ainda no primeiro semestre<\/h2><\/a><div class=\"newsContent__article__meta\"><div class=\"newsContent__article__meta__authorBox\"><a href=\"https:\/\/www.suno.com.br\/noticias\/author\/eduardo-vargas\/\" class=\"authorBox__avatar noMobi\"><img src=\"https:\/\/secure.gravatar.com\/avatar\/dac340933427a22924c9f99d1eb2e3f2?s=96&#038;r=g\" alt=\"Eduardo Vargas\"><\/a><div class=\"authorBox__name\"><span>por\n\t\t\t<a href=\"https:\/\/www.suno.com.br\/noticias\/author\/eduardo-vargas\/\"><span itemprop=\"author\">Eduardo Vargas<\/span><\/a><\/span><time datetime=\"2023-05-22T16:36:50-03:00\" itemprop=\"datePublished\">22\/05\/2023 16:36<\/time><\/div><\/div><\/div><\/div><\/div>","single_layout":"posts","amp_enabled":true,"_links":{"self":[{"href":"https:\/\/www.suno.com.br\/noticias\/wp-json\/wp\/v2\/posts\/407573"}],"collection":[{"href":"https:\/\/www.suno.com.br\/noticias\/wp-json\/wp\/v2\/posts"}],"about":[{"href":"https:\/\/www.suno.com.br\/noticias\/wp-json\/wp\/v2\/types\/post"}],"author":[{"embeddable":true,"href":"https:\/\/www.suno.com.br\/noticias\/wp-json\/wp\/v2\/users\/73"}],"replies":[{"embeddable":true,"href":"https:\/\/www.suno.com.br\/noticias\/wp-json\/wp\/v2\/comments?post=407573"}],"version-history":[{"count":3,"href":"https:\/\/www.suno.com.br\/noticias\/wp-json\/wp\/v2\/posts\/407573\/revisions"}],"predecessor-version":[{"id":407671,"href":"https:\/\/www.suno.com.br\/noticias\/wp-json\/wp\/v2\/posts\/407573\/revisions\/407671"}],"wp:featuredmedia":[{"embeddable":true,"href":"https:\/\/www.suno.com.br\/noticias\/wp-json\/wp\/v2\/media\/328410"}],"wp:attachment":[{"href":"https:\/\/www.suno.com.br\/noticias\/wp-json\/wp\/v2\/media?parent=407573"}],"wp:term":[{"taxonomy":"category","embeddable":true,"href":"https:\/\/www.suno.com.br\/noticias\/wp-json\/wp\/v2\/categories?post=407573"},{"taxonomy":"post_tag","embeddable":true,"href":"https:\/\/www.suno.com.br\/noticias\/wp-json\/wp\/v2\/tags?post=407573"},{"taxonomy":"suno_strategy","embeddable":true,"href":"https:\/\/www.suno.com.br\/noticias\/wp-json\/wp\/v2\/suno_strategy?post=407573"}],"curies":[{"name":"wp","href":"https:\/\/api.w.org\/{rel}","templated":true}]}}