{"id":40750,"date":"2019-10-11T09:32:27","date_gmt":"2019-10-11T12:32:27","guid":{"rendered":"https:\/\/www.suno.com.br\/noticias\/?p=40750"},"modified":"2021-02-18T14:24:33","modified_gmt":"2021-02-18T17:24:33","slug":"log-anuncia-oferta-primaria-acoes","status":"publish","type":"post","link":"https:\/\/www.suno.com.br\/noticias\/log-anuncia-oferta-primaria-acoes\/","title":{"rendered":"LOG anuncia oferta p\u00fablica prim\u00e1ria de a\u00e7\u00f5es"},"content":{"rendered":"<p>A LOG (LOGG3) anunciou nesta sexta-feira (11) uma oferta p\u00fablica de distribui\u00e7\u00e3o prim\u00e1ria de <strong>a\u00e7\u00f5es<\/strong> ordin\u00e1rias. Em fato relevante, a empresa informou que seu <a href=\"https:\/\/www.suno.com.br\/artigos\/conselho-administracao\/\"><strong>Conselho de Administra\u00e7\u00e3o<\/strong><\/a> autorizou a distribui\u00e7\u00e3o de 21 milh\u00f5es de papeis.<\/p>\t<div class=\"wrapper-featured-image\">\n\t\t<figure class=\"spotlightImg\">\n\n\t\t\t<picture>\n\t\t\t\t<source media=\"(max-width: 768px)\" srcset=\"https:\/\/files.sunoresearch.com.br\/n\/uploads\/2019\/10\/06f08830-log-400x200.webp\">\n\t\t\t\t<img loading=\"lazy\" decoding=\"async\" class=\"newsContent__article__imgCapa lazyloadDisabled newsContent__article__imgCapa--noCaption\" src=\"https:\/\/files.sunoresearch.com.br\/n\/uploads\/2019\/10\/06f08830-log-800x450.webp\" width=\"800\" height=\"450\" alt=\"LOG anuncia oferta p\u00fablica prim\u00e1ria de a\u00e7\u00f5es\" fetchpriority=high \/>\n\t\t\t<\/picture>\n\n\t\t\t<figcaption class=\"wp-caption-text wp-caption-text--hide\">Log realizar\u00e1 follow on para adquirir mais galp\u00f5es de log\u00edstica<\/figcaption>\n\t\t<\/figure>\n\t<\/div>\n\n\n\n<p>Segundo o comunicado da <strong>LOG,<\/strong> as a\u00e7\u00f5es ter\u00e3o uma oferta restrita a investidores profissionais. A distribui\u00e7\u00e3o ser\u00e1 feita na base da resolu\u00e7\u00e3o 476 da <a href=\"https:\/\/www.suno.com.br\/artigos\/cvm\/\"><strong>Comiss\u00e3o de Valores Mobili\u00e1rios (CVM)<\/strong><\/a>.<\/p>\n<p>Al\u00e9m dos 21 milh\u00f5es de a\u00e7\u00f5es, a empresa poder\u00e1 tamb\u00e9m colocar outras 7.350.000 a\u00e7\u00f5es adicionais. N\u00e3o ser\u00e1 admitida uma distribui\u00e7\u00e3o parcial. Por isso, cado n\u00e3o haja demanda para o lote inicial a oferta ser\u00e1 cancelada.<\/p>\n<p>Os bancos coordenadores da oferta ser\u00e3o:<\/p>\n<ul>\n<li>BGT Pactual (l\u00edder)<\/li>\n<li>Bradesco<\/li>\n<li>Ita\u00fa<\/li>\n<li>XP Investimentos<\/li>\n<\/ul>\n<p>No fato relevante, a <strong>LOG<\/strong> informou tamb\u00e9m que vai colocar simultaneamente a\u00e7\u00f5es no exterior.<\/p>\n<p>O pre\u00e7o por a\u00e7\u00e3o ser\u00e1 definido somente no dia 22 de outubro. Entretanto, a cota\u00e7\u00e3o dos papeis da <strong>LOG<\/strong> na <a href=\"https:\/\/www.suno.com.br\/artigos\/bovespa-precedente-b3\/\"><strong>Bolsa de Valores de S\u00e3o Paulo (B3)<\/strong> <\/a>na \u00faltima quinta-feira (11) foi de R$ 23,80.<\/p>\n<p>Por isso, o valor total da emiss\u00e3o das <strong>a\u00e7\u00f5es<\/strong> poderia variar entre R$ 500 milh\u00f5es e R$ 675 milh\u00f5es, dependendo da coloca\u00e7\u00e3o de a\u00e7\u00f5es adicionais.<\/p>\n<p>A medida aumentar\u00e1 a <a href=\"https:\/\/www.suno.com.br\/artigos\/liquidez\/\">liquidez<\/a> da empresa, ou seja, a velocidade de converter os ativos em caixa. Atualmente, s\u00e3o negociados R$ 4 milh\u00f5es por dia por meio dos pap\u00e9is da construtura. O valor atual \u00e9 considerado baixo e faz com que alguns investidores n\u00e3o se posicionem na companhia.<\/p>\n<p><a href=\"https:\/\/www.suno.com.br\/noticias\/log-planeja-vender-202-milhoes-em-ativos\/\">Saiba mais: LOG planeja vender R$ 202 milh\u00f5es em ativos<\/a><\/p>\n<p>Os principais detentores dos ativos da empresa s\u00e3o a fam\u00edlia Menin, o Starwood Capital e o Bradesco, representando 65% do capital. As a\u00e7\u00f5es em livre circula\u00e7\u00e3o no mercado correspondem a 35%.<\/p>\n<h2>LOG vender\u00e1 ativos para fundo imobili\u00e1rio<\/h2>\n<p>A LOG informou que vender\u00e1 tr\u00eas dos seus ativos para o fundo LOGCP Inter Fundo de Investimento Imobili\u00e1rio. O fundo \u00e9 administrado pela Inter Distribuidora de T\u00edtulos e Valores Mobili\u00e1rios Ltda.<\/p>\n\t<p>\n\t\t<a href=\"https:\/\/lp.suno.com.br\/minicurso-valuation\/\" target=\"_blank\" data-element=\"shortcode-suno-banner\" title=\"Banner SUNO, clique e saiba mais\">\n\t\t\t<picture>\n\t\t\t\t<source media=\"(max-width: 500px)\" srcset=\"https:\/\/files.sunoresearch.com.br\/n\/uploads\/2023\/03\/400x300-Minicurso-Valuation.png\">\n\t\t\t\t<img class=\"newsContent__article__imgCapa newsContent__article__imgCapa--banner\"\n\t\t\t\t\tsrc=\"https:\/\/files.sunoresearch.com.br\/n\/uploads\/2023\/03\/1420x240-Minicurso-Valuation.png\"\n\t\t\t\t\tdata-promo-id=\"383160\"\t\t\t\t\t\t\t\t\t\twidth='1420' height='240'\t\t\t\t\talt=\"https:\/\/files.sunoresearch.com.br\/n\/uploads\/2023\/03\/1420x240-Minicurso-Valuation.png\"\n\t\t\t\t>\n\t\t\t<\/picture>\n\t\t<\/a>\n\t<\/p>\n\n\n<p>A opera\u00e7\u00e3o da <b>LOG <\/b>\u2014 que engloba a comercializa\u00e7\u00e3o de 62,335 mil metros quadrados de \u00e1rea bruta loc\u00e1vel (ABL) \u2014 ter\u00e1 valor m\u00e9dio por metro quadrado de R$ 3,24 mil. O total ser\u00e1 de R$ 202 milh\u00f5es em ativos.<\/p>\n<p>Em seu comunicado \u00e0 <strong>CVM,<\/strong> a companhia informou que o pre\u00e7o representa uma alta de 15% frente o valor reportado dos ativos em seu balan\u00e7o.<\/p>\n<p><a href=\"https:\/\/www.suno.com.br\/noticias\/eletrobras-plano-de-demissao-consensual-economia-de-510-mi\/\">Saiba mais: Eletrobras inicia plano de demiss\u00e3o consensual; economia ser\u00e1 de R$ 510 mi ao ano<\/a><\/p>\n<p>A venda faz parte do plano da <strong>LOG<\/strong> de reformular seu portf\u00f3lio, o deixando &#8220;mais maduro, levantando recursos para manuten\u00e7\u00e3o de suas atividades de investimento e desenvolvimento, aproveitando assim as melhores oportunidades existentes no mercado brasileiro de condom\u00ednios log\u00edsticos\u201d, de acordo com o documento.<\/p>\n","protected":false},"excerpt":{"rendered":"<p>A LOG (LOGG3) anunciou nesta sexta-feira (11) uma oferta p\u00fablica de distribui\u00e7\u00e3o prim\u00e1ria de a\u00e7\u00f5es ordin\u00e1rias. Em fato relevante, a empresa informou que seu Conselho de Administra\u00e7\u00e3o autorizou a distribui\u00e7\u00e3o de 21 milh\u00f5es de papeis. Log realizar\u00e1 follow on para adquirir mais galp\u00f5es de log\u00edstica Segundo o comunicado da LOG, as a\u00e7\u00f5es ter\u00e3o uma oferta [&hellip;]<\/p>\n","protected":false},"author":9,"featured_media":40761,"comment_status":"closed","ping_status":"closed","sticky":false,"template":"","format":"standard","meta":[],"categories":[64],"tags":[286,1937,902,2052],"suno_strategy":[],"class_list":["post-40750","post","type-post","status-publish","format-standard","has-post-thumbnail","hentry","category-negocios","tag-acoes","tag-bolsa-de-valores-de-sao-paulo-b3","tag-comissao-de-valores-mobiliarios-cvm","tag-log-logg3"],"yoast_head":"<!-- This site is optimized with the Yoast SEO plugin v24.4 - https:\/\/yoast.com\/wordpress\/plugins\/seo\/ -->\n<title>LOG anuncia oferta p\u00fablica inicial de a\u00e7\u00f5es, valor total \u00e9 de R$ 500 mi<\/title>\n<meta name=\"description\" content=\"A LOG anunciou, em fato relevante divulgado nesta sexta, uma oferta p\u00fablica de distribui\u00e7\u00e3o prim\u00e1ria de a\u00e7\u00f5es. Clique aqui para saber mais.\" \/>\n<meta name=\"robots\" content=\"index, follow, max-snippet:-1, max-image-preview:large, max-video-preview:-1\" \/>\n<link rel=\"canonical\" href=\"https:\/\/www.suno.com.br\/noticias\/log-anuncia-oferta-primaria-acoes\/\" \/>\n<meta property=\"og:locale\" content=\"pt_BR\" \/>\n<meta property=\"og:type\" content=\"article\" \/>\n<meta property=\"og:title\" content=\"LOG anuncia oferta p\u00fablica inicial de a\u00e7\u00f5es, valor total \u00e9 de R$ 500 mi\" \/>\n<meta property=\"og:description\" content=\"A LOG anunciou, em fato relevante divulgado nesta sexta, uma oferta p\u00fablica de distribui\u00e7\u00e3o prim\u00e1ria de a\u00e7\u00f5es. Clique aqui para saber mais.\" \/>\n<meta property=\"og:url\" content=\"https:\/\/www.suno.com.br\/noticias\/log-anuncia-oferta-primaria-acoes\/\" \/>\n<meta property=\"og:site_name\" content=\"Suno Not\u00edcias\" \/>\n<meta property=\"article:publisher\" content=\"https:\/\/facebook.com\/sunoresearch\" \/>\n<meta property=\"og:image\" content=\"https:\/\/files.sunoresearch.com.br\/n\/uploads\/2019\/10\/06f08830-log.jpg\" \/>\n\t<meta property=\"og:image:width\" content=\"1200\" \/>\n\t<meta property=\"og:image:height\" content=\"599\" \/>\n\t<meta property=\"og:image:type\" content=\"image\/jpeg\" \/>\n<meta name=\"author\" content=\"Carlo Cauti\" \/>\n<meta name=\"twitter:card\" content=\"summary_large_image\" \/>\n<meta name=\"twitter:creator\" content=\"@sunoresearch\" \/>\n<meta name=\"twitter:site\" content=\"@sunoresearch\" \/>\n<meta name=\"twitter:label1\" content=\"Escrito por\" \/>\n\t<meta name=\"twitter:data1\" content=\"Carlo Cauti\" \/>\n\t<meta name=\"twitter:label2\" content=\"Est. tempo de leitura\" \/>\n\t<meta name=\"twitter:data2\" content=\"2 minutos\" \/>\n<script type=\"application\/ld+json\" class=\"yoast-schema-graph\">{\"@context\":\"https:\/\/schema.org\",\"@graph\":[{\"@type\":\"NewsArticle\",\"@id\":\"https:\/\/www.suno.com.br\/noticias\/log-anuncia-oferta-primaria-acoes\/#article\",\"isPartOf\":{\"@id\":\"https:\/\/www.suno.com.br\/noticias\/log-anuncia-oferta-primaria-acoes\/\"},\"author\":{\"name\":\"Carlo Cauti\",\"@id\":\"https:\/\/www.suno.com.br\/noticias\/#\/schema\/person\/e6e0f723cc177805027f4566c1d5e0c8\"},\"headline\":\"LOG anuncia oferta p\u00fablica prim\u00e1ria de a\u00e7\u00f5es\",\"datePublished\":\"2019-10-11T12:32:27+00:00\",\"dateModified\":\"2021-02-18T17:24:33+00:00\",\"mainEntityOfPage\":{\"@id\":\"https:\/\/www.suno.com.br\/noticias\/log-anuncia-oferta-primaria-acoes\/\"},\"wordCount\":489,\"publisher\":{\"@id\":\"https:\/\/www.suno.com.br\/noticias\/#organization\"},\"image\":{\"@id\":\"https:\/\/www.suno.com.br\/noticias\/log-anuncia-oferta-primaria-acoes\/#primaryimage\"},\"thumbnailUrl\":\"https:\/\/files.sunoresearch.com.br\/n\/uploads\/2019\/10\/06f08830-log-jpg.webp\",\"keywords\":[\"A\u00e7\u00f5es\",\"Bolsa de Valores de S\u00e3o Paulo (B3)\",\"Comiss\u00e3o de Valores Mobili\u00e1rios (CVM)\",\"Log (LOGG3)\"],\"articleSection\":[\"Neg\u00f3cios\"],\"inLanguage\":\"pt-BR\"},{\"@type\":\"WebPage\",\"@id\":\"https:\/\/www.suno.com.br\/noticias\/log-anuncia-oferta-primaria-acoes\/\",\"url\":\"https:\/\/www.suno.com.br\/noticias\/log-anuncia-oferta-primaria-acoes\/\",\"name\":\"LOG anuncia oferta p\u00fablica inicial de a\u00e7\u00f5es, valor total \u00e9 de R$ 500 mi\",\"isPartOf\":{\"@id\":\"https:\/\/www.suno.com.br\/noticias\/#website\"},\"primaryImageOfPage\":{\"@id\":\"https:\/\/www.suno.com.br\/noticias\/log-anuncia-oferta-primaria-acoes\/#primaryimage\"},\"image\":{\"@id\":\"https:\/\/www.suno.com.br\/noticias\/log-anuncia-oferta-primaria-acoes\/#primaryimage\"},\"thumbnailUrl\":\"https:\/\/files.sunoresearch.com.br\/n\/uploads\/2019\/10\/06f08830-log-jpg.webp\",\"datePublished\":\"2019-10-11T12:32:27+00:00\",\"dateModified\":\"2021-02-18T17:24:33+00:00\",\"description\":\"A LOG anunciou, em fato relevante divulgado nesta sexta, uma oferta p\u00fablica de distribui\u00e7\u00e3o prim\u00e1ria de a\u00e7\u00f5es. Clique aqui para saber mais.\",\"breadcrumb\":{\"@id\":\"https:\/\/www.suno.com.br\/noticias\/log-anuncia-oferta-primaria-acoes\/#breadcrumb\"},\"inLanguage\":\"pt-BR\",\"potentialAction\":[{\"@type\":\"ReadAction\",\"target\":[\"https:\/\/www.suno.com.br\/noticias\/log-anuncia-oferta-primaria-acoes\/\"]}]},{\"@type\":\"ImageObject\",\"inLanguage\":\"pt-BR\",\"@id\":\"https:\/\/www.suno.com.br\/noticias\/log-anuncia-oferta-primaria-acoes\/#primaryimage\",\"url\":\"https:\/\/files.sunoresearch.com.br\/n\/uploads\/2019\/10\/06f08830-log-jpg.webp\",\"contentUrl\":\"https:\/\/files.sunoresearch.com.br\/n\/uploads\/2019\/10\/06f08830-log-jpg.webp\",\"width\":1200,\"height\":599,\"caption\":\"Log realizar\u00e1 follow on para adquirir mais galp\u00f5es de log\u00edstica\"},{\"@type\":\"BreadcrumbList\",\"@id\":\"https:\/\/www.suno.com.br\/noticias\/log-anuncia-oferta-primaria-acoes\/#breadcrumb\",\"itemListElement\":[{\"@type\":\"ListItem\",\"position\":1,\"name\":\"Not\u00edcias\",\"item\":\"https:\/\/www.suno.com.br\/noticias\/\"},{\"@type\":\"ListItem\",\"position\":2,\"name\":\"Neg\u00f3cios\",\"item\":\"https:\/\/www.suno.com.br\/noticias\/negocios\/\"},{\"@type\":\"ListItem\",\"position\":3,\"name\":\"LOG anuncia oferta p\u00fablica prim\u00e1ria de a\u00e7\u00f5es\"}]},{\"@type\":\"WebSite\",\"@id\":\"https:\/\/www.suno.com.br\/noticias\/#website\",\"url\":\"https:\/\/www.suno.com.br\/noticias\/\",\"name\":\"Suno Not\u00edcias\",\"description\":\"Seu portal de informa\u00e7\u00e3o sobre o mundo dos investimentos\",\"publisher\":{\"@id\":\"https:\/\/www.suno.com.br\/noticias\/#organization\"},\"potentialAction\":[{\"@type\":\"SearchAction\",\"target\":{\"@type\":\"EntryPoint\",\"urlTemplate\":\"https:\/\/www.suno.com.br\/noticias\/?s={search_term_string}\"},\"query-input\":{\"@type\":\"PropertyValueSpecification\",\"valueRequired\":true,\"valueName\":\"search_term_string\"}}],\"inLanguage\":\"pt-BR\"},{\"@type\":\"Organization\",\"@id\":\"https:\/\/www.suno.com.br\/noticias\/#organization\",\"name\":\"Suno Not\u00edcias\",\"url\":\"https:\/\/www.suno.com.br\/noticias\/\",\"logo\":{\"@type\":\"ImageObject\",\"inLanguage\":\"pt-BR\",\"@id\":\"https:\/\/www.suno.com.br\/noticias\/#\/schema\/logo\/image\/\",\"url\":\"https:\/\/files.sunoresearch.com.br\/n\/uploads\/2021\/09\/suno-logo.png\",\"contentUrl\":\"https:\/\/files.sunoresearch.com.br\/n\/uploads\/2021\/09\/suno-logo.png\",\"width\":180,\"height\":180,\"caption\":\"Suno Not\u00edcias\"},\"image\":{\"@id\":\"https:\/\/www.suno.com.br\/noticias\/#\/schema\/logo\/image\/\"},\"sameAs\":[\"https:\/\/facebook.com\/sunoresearch\",\"https:\/\/x.com\/sunoresearch\",\"https:\/\/www.instagram.com\/suno\",\"https:\/\/www.linkedin.com\/company\/suno-research\/\",\"https:\/\/www.youtube.com\/c\/sunoresearch\"]},{\"@type\":\"Person\",\"@id\":\"https:\/\/www.suno.com.br\/noticias\/#\/schema\/person\/e6e0f723cc177805027f4566c1d5e0c8\",\"name\":\"Carlo Cauti\",\"image\":{\"@type\":\"ImageObject\",\"inLanguage\":\"pt-BR\",\"@id\":\"https:\/\/www.suno.com.br\/noticias\/#\/schema\/person\/image\/\",\"url\":\"https:\/\/secure.gravatar.com\/avatar\/3ada9e0bd164c23abd4792a9606d583c?s=96&r=g\",\"contentUrl\":\"https:\/\/secure.gravatar.com\/avatar\/3ada9e0bd164c23abd4792a9606d583c?s=96&r=g\",\"caption\":\"Carlo Cauti\"},\"description\":\"Editor multim\u00eddia do SUNO Not\u00edcias. Italiano, formado em Ci\u00eancias Pol\u00edticas pela universidade LUISS G. Carli de Roma e mestre cum laude em Rela\u00e7\u00f5es Internacionais, Jornalismo Internacional e de Guerra e em Economia Internacional. Concluiu tamb\u00e9m um MBA em Finan\u00e7as na B3. No Brasil, teve passagem por ve\u00edculos como Estad\u00e3o, Globo, Veja e EXAME. e nas ag\u00eancias de not\u00edcias italianas ANSA e NOVA.\",\"url\":\"https:\/\/www.suno.com.br\/noticias\/author\/carlo-cauti\/\"}]}<\/script>\n<!-- \/ Yoast SEO plugin. -->","yoast_head_json":{"title":"LOG anuncia oferta p\u00fablica inicial de a\u00e7\u00f5es, valor total \u00e9 de R$ 500 mi","description":"A LOG anunciou, em fato relevante divulgado nesta sexta, uma oferta p\u00fablica de distribui\u00e7\u00e3o prim\u00e1ria de a\u00e7\u00f5es. Clique aqui para saber mais.","robots":{"index":"index","follow":"follow","max-snippet":"max-snippet:-1","max-image-preview":"max-image-preview:large","max-video-preview":"max-video-preview:-1"},"canonical":"https:\/\/www.suno.com.br\/noticias\/log-anuncia-oferta-primaria-acoes\/","og_locale":"pt_BR","og_type":"article","og_title":"LOG anuncia oferta p\u00fablica inicial de a\u00e7\u00f5es, valor total \u00e9 de R$ 500 mi","og_description":"A LOG anunciou, em fato relevante divulgado nesta sexta, uma oferta p\u00fablica de distribui\u00e7\u00e3o prim\u00e1ria de a\u00e7\u00f5es. Clique aqui para saber mais.","og_url":"https:\/\/www.suno.com.br\/noticias\/log-anuncia-oferta-primaria-acoes\/","og_site_name":"Suno Not\u00edcias","article_publisher":"https:\/\/facebook.com\/sunoresearch","og_image":[{"width":1200,"height":599,"url":"https:\/\/files.sunoresearch.com.br\/n\/uploads\/2019\/10\/06f08830-log.jpg","type":"image\/jpeg"}],"author":"Carlo Cauti","twitter_card":"summary_large_image","twitter_creator":"@sunoresearch","twitter_site":"@sunoresearch","twitter_misc":{"Escrito por":"Carlo Cauti","Est. tempo de leitura":"2 minutos"},"schema":{"@context":"https:\/\/schema.org","@graph":[{"@type":"NewsArticle","@id":"https:\/\/www.suno.com.br\/noticias\/log-anuncia-oferta-primaria-acoes\/#article","isPartOf":{"@id":"https:\/\/www.suno.com.br\/noticias\/log-anuncia-oferta-primaria-acoes\/"},"author":{"name":"Carlo Cauti","@id":"https:\/\/www.suno.com.br\/noticias\/#\/schema\/person\/e6e0f723cc177805027f4566c1d5e0c8"},"headline":"LOG anuncia oferta p\u00fablica prim\u00e1ria de a\u00e7\u00f5es","datePublished":"2019-10-11T12:32:27+00:00","dateModified":"2021-02-18T17:24:33+00:00","mainEntityOfPage":{"@id":"https:\/\/www.suno.com.br\/noticias\/log-anuncia-oferta-primaria-acoes\/"},"wordCount":489,"publisher":{"@id":"https:\/\/www.suno.com.br\/noticias\/#organization"},"image":{"@id":"https:\/\/www.suno.com.br\/noticias\/log-anuncia-oferta-primaria-acoes\/#primaryimage"},"thumbnailUrl":"https:\/\/files.sunoresearch.com.br\/n\/uploads\/2019\/10\/06f08830-log-jpg.webp","keywords":["A\u00e7\u00f5es","Bolsa de Valores de S\u00e3o Paulo (B3)","Comiss\u00e3o de Valores Mobili\u00e1rios (CVM)","Log (LOGG3)"],"articleSection":["Neg\u00f3cios"],"inLanguage":"pt-BR"},{"@type":"WebPage","@id":"https:\/\/www.suno.com.br\/noticias\/log-anuncia-oferta-primaria-acoes\/","url":"https:\/\/www.suno.com.br\/noticias\/log-anuncia-oferta-primaria-acoes\/","name":"LOG anuncia oferta p\u00fablica inicial de a\u00e7\u00f5es, valor total \u00e9 de R$ 500 mi","isPartOf":{"@id":"https:\/\/www.suno.com.br\/noticias\/#website"},"primaryImageOfPage":{"@id":"https:\/\/www.suno.com.br\/noticias\/log-anuncia-oferta-primaria-acoes\/#primaryimage"},"image":{"@id":"https:\/\/www.suno.com.br\/noticias\/log-anuncia-oferta-primaria-acoes\/#primaryimage"},"thumbnailUrl":"https:\/\/files.sunoresearch.com.br\/n\/uploads\/2019\/10\/06f08830-log-jpg.webp","datePublished":"2019-10-11T12:32:27+00:00","dateModified":"2021-02-18T17:24:33+00:00","description":"A LOG anunciou, em fato relevante divulgado nesta sexta, uma oferta p\u00fablica de distribui\u00e7\u00e3o prim\u00e1ria de a\u00e7\u00f5es. Clique aqui para saber mais.","breadcrumb":{"@id":"https:\/\/www.suno.com.br\/noticias\/log-anuncia-oferta-primaria-acoes\/#breadcrumb"},"inLanguage":"pt-BR","potentialAction":[{"@type":"ReadAction","target":["https:\/\/www.suno.com.br\/noticias\/log-anuncia-oferta-primaria-acoes\/"]}]},{"@type":"ImageObject","inLanguage":"pt-BR","@id":"https:\/\/www.suno.com.br\/noticias\/log-anuncia-oferta-primaria-acoes\/#primaryimage","url":"https:\/\/files.sunoresearch.com.br\/n\/uploads\/2019\/10\/06f08830-log-jpg.webp","contentUrl":"https:\/\/files.sunoresearch.com.br\/n\/uploads\/2019\/10\/06f08830-log-jpg.webp","width":1200,"height":599,"caption":"Log realizar\u00e1 follow on para adquirir mais galp\u00f5es de log\u00edstica"},{"@type":"BreadcrumbList","@id":"https:\/\/www.suno.com.br\/noticias\/log-anuncia-oferta-primaria-acoes\/#breadcrumb","itemListElement":[{"@type":"ListItem","position":1,"name":"Not\u00edcias","item":"https:\/\/www.suno.com.br\/noticias\/"},{"@type":"ListItem","position":2,"name":"Neg\u00f3cios","item":"https:\/\/www.suno.com.br\/noticias\/negocios\/"},{"@type":"ListItem","position":3,"name":"LOG anuncia oferta p\u00fablica prim\u00e1ria de a\u00e7\u00f5es"}]},{"@type":"WebSite","@id":"https:\/\/www.suno.com.br\/noticias\/#website","url":"https:\/\/www.suno.com.br\/noticias\/","name":"Suno Not\u00edcias","description":"Seu portal de informa\u00e7\u00e3o sobre o mundo dos investimentos","publisher":{"@id":"https:\/\/www.suno.com.br\/noticias\/#organization"},"potentialAction":[{"@type":"SearchAction","target":{"@type":"EntryPoint","urlTemplate":"https:\/\/www.suno.com.br\/noticias\/?s={search_term_string}"},"query-input":{"@type":"PropertyValueSpecification","valueRequired":true,"valueName":"search_term_string"}}],"inLanguage":"pt-BR"},{"@type":"Organization","@id":"https:\/\/www.suno.com.br\/noticias\/#organization","name":"Suno Not\u00edcias","url":"https:\/\/www.suno.com.br\/noticias\/","logo":{"@type":"ImageObject","inLanguage":"pt-BR","@id":"https:\/\/www.suno.com.br\/noticias\/#\/schema\/logo\/image\/","url":"https:\/\/files.sunoresearch.com.br\/n\/uploads\/2021\/09\/suno-logo.png","contentUrl":"https:\/\/files.sunoresearch.com.br\/n\/uploads\/2021\/09\/suno-logo.png","width":180,"height":180,"caption":"Suno Not\u00edcias"},"image":{"@id":"https:\/\/www.suno.com.br\/noticias\/#\/schema\/logo\/image\/"},"sameAs":["https:\/\/facebook.com\/sunoresearch","https:\/\/x.com\/sunoresearch","https:\/\/www.instagram.com\/suno","https:\/\/www.linkedin.com\/company\/suno-research\/","https:\/\/www.youtube.com\/c\/sunoresearch"]},{"@type":"Person","@id":"https:\/\/www.suno.com.br\/noticias\/#\/schema\/person\/e6e0f723cc177805027f4566c1d5e0c8","name":"Carlo Cauti","image":{"@type":"ImageObject","inLanguage":"pt-BR","@id":"https:\/\/www.suno.com.br\/noticias\/#\/schema\/person\/image\/","url":"https:\/\/secure.gravatar.com\/avatar\/3ada9e0bd164c23abd4792a9606d583c?s=96&r=g","contentUrl":"https:\/\/secure.gravatar.com\/avatar\/3ada9e0bd164c23abd4792a9606d583c?s=96&r=g","caption":"Carlo Cauti"},"description":"Editor multim\u00eddia do SUNO Not\u00edcias. Italiano, formado em Ci\u00eancias Pol\u00edticas pela universidade LUISS G. Carli de Roma e mestre cum laude em Rela\u00e7\u00f5es Internacionais, Jornalismo Internacional e de Guerra e em Economia Internacional. Concluiu tamb\u00e9m um MBA em Finan\u00e7as na B3. No Brasil, teve passagem por ve\u00edculos como Estad\u00e3o, Globo, Veja e EXAME. e nas ag\u00eancias de not\u00edcias italianas ANSA e NOVA.","url":"https:\/\/www.suno.com.br\/noticias\/author\/carlo-cauti\/"}]}},"default_loop_html":"<div class=\"cardsPage__listCard__boxs\"><div class=\"cardsPage__listCard__boxs__img\"><a href=\"https:\/\/www.suno.com.br\/noticias\/log-anuncia-oferta-primaria-acoes\/\"><img class=\"mask\" src=\"https:\/\/www.suno.com.br\/noticias\/wp-content\/themes\/suno\/resources\/images\/spotlight\/spotlight1img\/bg-mask.png\" alt=\"Image Mask\"\/><img src=\"https:\/\/files.sunoresearch.com.br\/n\/uploads\/2019\/10\/06f08830-log-400x200.webp\" alt=\"LOG anuncia oferta p\u00fablica prim\u00e1ria de a\u00e7\u00f5es\"\/><\/a><span class=\"spotlightCategory\"><a href=\"https:\/\/www.suno.com.br\/noticias\/negocios\/\">Neg\u00f3cios<\/a><\/span><\/div><div class=\"cardsPage__listCard__boxs__content\"><a href=\"https:\/\/www.suno.com.br\/noticias\/log-anuncia-oferta-primaria-acoes\/\"><h2 class=\"content__title\">LOG anuncia oferta p\u00fablica prim\u00e1ria de a\u00e7\u00f5es<\/h2><\/a><div class=\"newsContent__article__meta\"><div class=\"newsContent__article__meta__authorBox\"><a href=\"https:\/\/www.suno.com.br\/noticias\/author\/carlo-cauti\/\" class=\"authorBox__avatar noMobi\"><img src=\"https:\/\/files.sunoresearch.com.br\/n\/uploads\/2020\/08\/e3745f9a-perfil-carlo-cauti-150x150.webp\" alt=\"Carlo Cauti\"><\/a><div class=\"authorBox__name\"><span>por\n\t\t\t<a href=\"https:\/\/www.suno.com.br\/noticias\/author\/carlo-cauti\/\"><span itemprop=\"author\">Carlo Cauti<\/span><\/a><\/span><time datetime=\"2019-10-11T09:32:27-03:00\" itemprop=\"datePublished\">11\/10\/2019 09:32<\/time><\/div><\/div><\/div><\/div><\/div>","single_layout":"posts","amp_enabled":true,"_links":{"self":[{"href":"https:\/\/www.suno.com.br\/noticias\/wp-json\/wp\/v2\/posts\/40750"}],"collection":[{"href":"https:\/\/www.suno.com.br\/noticias\/wp-json\/wp\/v2\/posts"}],"about":[{"href":"https:\/\/www.suno.com.br\/noticias\/wp-json\/wp\/v2\/types\/post"}],"author":[{"embeddable":true,"href":"https:\/\/www.suno.com.br\/noticias\/wp-json\/wp\/v2\/users\/9"}],"replies":[{"embeddable":true,"href":"https:\/\/www.suno.com.br\/noticias\/wp-json\/wp\/v2\/comments?post=40750"}],"version-history":[{"count":0,"href":"https:\/\/www.suno.com.br\/noticias\/wp-json\/wp\/v2\/posts\/40750\/revisions"}],"wp:featuredmedia":[{"embeddable":true,"href":"https:\/\/www.suno.com.br\/noticias\/wp-json\/wp\/v2\/media\/40761"}],"wp:attachment":[{"href":"https:\/\/www.suno.com.br\/noticias\/wp-json\/wp\/v2\/media?parent=40750"}],"wp:term":[{"taxonomy":"category","embeddable":true,"href":"https:\/\/www.suno.com.br\/noticias\/wp-json\/wp\/v2\/categories?post=40750"},{"taxonomy":"post_tag","embeddable":true,"href":"https:\/\/www.suno.com.br\/noticias\/wp-json\/wp\/v2\/tags?post=40750"},{"taxonomy":"suno_strategy","embeddable":true,"href":"https:\/\/www.suno.com.br\/noticias\/wp-json\/wp\/v2\/suno_strategy?post=40750"}],"curies":[{"name":"wp","href":"https:\/\/api.w.org\/{rel}","templated":true}]}}