{"id":40748,"date":"2019-10-11T09:10:57","date_gmt":"2019-10-11T12:10:57","guid":{"rendered":"https:\/\/www.suno.com.br\/noticias\/?p=40748"},"modified":"2019-10-11T09:20:04","modified_gmt":"2019-10-11T12:20:04","slug":"log-planeja-vender-202-milhoes-em-ativos","status":"publish","type":"post","link":"https:\/\/www.suno.com.br\/noticias\/log-planeja-vender-202-milhoes-em-ativos\/","title":{"rendered":"LOG planeja vender R$ 202 milh\u00f5es em ativos"},"content":{"rendered":"<p>A LOG Commercial Properties (<strong>LOGG3<\/strong>) vai vender tr\u00eas dos seus ativos para o fundo LOGCP Inter Fundo de Investimento Imobili\u00e1rio. O fundo \u00e9 administrado pela Inter Distribuidora de T\u00edtulos e Valores Mobili\u00e1rios Ltda.<\/p>\t<div class=\"wrapper-featured-image\">\n\t\t<figure class=\"spotlightImg\">\n\n\t\t\t<picture>\n\t\t\t\t<source media=\"(max-width: 768px)\" srcset=\"https:\/\/files.sunoresearch.com.br\/n\/uploads\/2019\/10\/45c6e1ec-log-400x200.webp\">\n\t\t\t\t<img loading=\"lazy\" decoding=\"async\" class=\"newsContent__article__imgCapa lazyloadDisabled newsContent__article__imgCapa--noCaption\" src=\"https:\/\/files.sunoresearch.com.br\/n\/uploads\/2019\/10\/45c6e1ec-log-800x450.webp\" width=\"800\" height=\"450\" alt=\"LOG planeja vender R$ 202 milh\u00f5es em ativos\" fetchpriority=high \/>\n\t\t\t<\/picture>\n\n\t\t\t<figcaption class=\"wp-caption-text wp-caption-text--hide\">LOG registra alta de 208,2% no lucro l\u00edquido do 4T19<\/figcaption>\n\t\t<\/figure>\n\t<\/div>\n\n\n\n<p>A opera\u00e7\u00e3o da <b>LOG <\/b>\u2014 que engloba a comercializa\u00e7\u00e3o de 62,335 mil metros quadrados de \u00e1rea bruta loc\u00e1vel (ABL) \u2014 ter\u00e1 valor m\u00e9dio por metro quadrado de R$ 3,24 mil. O total ser\u00e1 de R$ 202 milh\u00f5es em ativos.<\/p>\n<p>Em seu comunicado \u00e0 <a href=\"https:\/\/www.suno.com.br\/artigos\/cvm\/\">Comiss\u00e3o de Valores Mobili\u00e1rios (CVM)<\/a>, a companhia afirmou que o pre\u00e7o representa uma alta de 15% frente o valor reportado dos ativos em seu balan\u00e7o.<\/p>\n<p><a href=\"https:\/\/www.suno.com.br\/noticias\/eletrobras-plano-de-demissao-consensual-economia-de-510-mi\/\">Saiba mais: Eletrobras inicia plano de demiss\u00e3o consensual; economia ser\u00e1 de R$ 510 mi ao ano<\/a><\/p>\n<p>A venda faz parte do plano da LOG de reformular seu portf\u00f3lio, o deixando &#8220;mais maduro, levantando recursos para manuten\u00e7\u00e3o de suas atividades de investimento e desenvolvimento, aproveitando assim as melhores oportunidades existentes no mercado brasileiro de condom\u00ednios log\u00edsticos\u201d, de acordo com o documento.<\/p>\n<h2>LOG vai emitir R$ 500 mi em novas a\u00e7\u00f5es<\/h2>\n<p>A companhia ir\u00e1 emitir R$ 500 milh\u00f5es em novas <strong>a\u00e7\u00f5es<\/strong> para o financiamento de seu plano de investimentos.<\/p>\n\t<p>\n\t\t<a href=\"https:\/\/lp.suno.com.br\/planilha-controle-gastos\/\" target=\"_blank\" data-element=\"shortcode-suno-banner\" title=\"Banner SUNO, clique e saiba mais\">\n\t\t\t<picture>\n\t\t\t\t<source media=\"(max-width: 500px)\" srcset=\"https:\/\/files.sunoresearch.com.br\/n\/uploads\/2023\/03\/400x300-Planilha-controle-de-gastos.png\">\n\t\t\t\t<img class=\"newsContent__article__imgCapa newsContent__article__imgCapa--banner\"\n\t\t\t\t\tsrc=\"https:\/\/files.sunoresearch.com.br\/n\/uploads\/2023\/03\/1420x240-Planilha-controle-de-gastos.png\"\n\t\t\t\t\tdata-promo-id=\"101751\"\t\t\t\t\t\t\t\t\t\twidth='1420' height='240'\t\t\t\t\talt=\"https:\/\/files.sunoresearch.com.br\/n\/uploads\/2023\/03\/1420x240-Planilha-controle-de-gastos.png\"\n\t\t\t\t>\n\t\t\t<\/picture>\n\t\t<\/a>\n\t<\/p>\n\n\n<p>A busca por recursos para o plano de investimentos foi motivada pelo aumento da demanda do setor de galp\u00f5es no segundo semestre deste ano.<\/p>\n<p><a href=\"https:\/\/www.suno.com.br\/noticias\/aes-tiete-encerra-negociacoes-renova-energia\/\">Confira: AES Tiet\u00ea encerra negocia\u00e7\u00f5es para compra de ativos da Renova Energia<\/a><\/p>\n<p>A medida aumentar\u00e1 a <a href=\"https:\/\/www.suno.com.br\/artigos\/liquidez\/\">liquidez<\/a> da empresa, ou seja, a velocidade de converter os ativos em caixa. Atualmente, s\u00e3o negociados R$ 4 milh\u00f5es por dia por meio dos pap\u00e9is da construtura. O valor atual \u00e9 considerado baixo e faz com que alguns investidores n\u00e3o se posicionem na companhia.<\/p>\n<p>Os principais detentores dos ativos da empresa s\u00e3o a fam\u00edlia Menin, o Starwood Capital e o Bradesco, representando 65% do capital. As a\u00e7\u00f5es em livre circula\u00e7\u00e3o no mercado correspondem a 35%.<\/p>\n<h2>\u00daltima cota\u00e7\u00e3o<\/h2>\n<p>As <a href=\"https:\/\/www.suno.com.br\/artigos\/tipos-de-acoes\/\">a\u00e7\u00f5es ordin\u00e1rias<\/a> da <b>LOG <\/b>encerraram o preg\u00e3o da \u00faltima quinta-feira (10) com uma queda de 0,13%. Os pap\u00e9is, cotados na <a href=\"https:\/\/www.suno.com.br\/artigos\/bovespa-precedente-b3\/\">Bolsa de Valores de S\u00e3o Paulo<\/a>, est\u00e3o sendo negociados a R$ 23,80.<\/p>\n","protected":false},"excerpt":{"rendered":"<p>A LOG Commercial Properties (LOGG3) vai vender tr\u00eas dos seus ativos para o fundo LOGCP Inter Fundo de Investimento Imobili\u00e1rio. O fundo \u00e9 administrado pela Inter Distribuidora de T\u00edtulos e Valores Mobili\u00e1rios Ltda. LOG registra alta de 208,2% no lucro l\u00edquido do 4T19 A opera\u00e7\u00e3o da LOG \u2014 que engloba a comercializa\u00e7\u00e3o de 62,335 mil [&hellip;]<\/p>\n","protected":false},"author":24,"featured_media":40751,"comment_status":"closed","ping_status":"closed","sticky":false,"template":"","format":"standard","meta":[],"categories":[64],"tags":[309,2052],"suno_strategy":[],"class_list":["post-40748","post","type-post","status-publish","format-standard","has-post-thumbnail","hentry","category-negocios","tag-bolsa-de-valores","tag-log-logg3"],"yoast_head":"<!-- This site is optimized with the Yoast SEO plugin v24.4 - https:\/\/yoast.com\/wordpress\/plugins\/seo\/ -->\n<title>LOG planeja vender R$ 202 milh\u00f5es em ativos<\/title>\n<meta name=\"description\" content=\"A LOG vai vender tr\u00eas dos seus ativos para o fundo LOGCP Inter Fundo de Investimento Imobili\u00e1rio, totalizando R$ 202 milh\u00f5es. Saiba mais.\" \/>\n<meta name=\"robots\" content=\"index, follow, max-snippet:-1, max-image-preview:large, max-video-preview:-1\" \/>\n<link rel=\"canonical\" href=\"https:\/\/www.suno.com.br\/noticias\/log-planeja-vender-202-milhoes-em-ativos\/\" \/>\n<meta property=\"og:locale\" content=\"pt_BR\" \/>\n<meta property=\"og:type\" content=\"article\" \/>\n<meta property=\"og:title\" content=\"LOG planeja vender R$ 202 milh\u00f5es em ativos\" \/>\n<meta property=\"og:description\" content=\"A LOG vai vender tr\u00eas dos seus ativos para o fundo LOGCP Inter Fundo de Investimento Imobili\u00e1rio, totalizando R$ 202 milh\u00f5es. Saiba mais.\" \/>\n<meta property=\"og:url\" content=\"https:\/\/www.suno.com.br\/noticias\/log-planeja-vender-202-milhoes-em-ativos\/\" \/>\n<meta property=\"og:site_name\" content=\"Suno Not\u00edcias\" \/>\n<meta property=\"article:publisher\" content=\"https:\/\/facebook.com\/sunoresearch\" \/>\n<meta property=\"og:image\" content=\"https:\/\/files.sunoresearch.com.br\/n\/uploads\/2019\/10\/45c6e1ec-log.jpg\" \/>\n\t<meta property=\"og:image:width\" content=\"1422\" \/>\n\t<meta property=\"og:image:height\" content=\"800\" \/>\n\t<meta property=\"og:image:type\" content=\"image\/jpeg\" \/>\n<meta name=\"author\" content=\"Jader Lazarini\" \/>\n<meta name=\"twitter:card\" content=\"summary_large_image\" \/>\n<meta name=\"twitter:creator\" content=\"@sunoresearch\" \/>\n<meta name=\"twitter:site\" content=\"@sunoresearch\" \/>\n<meta name=\"twitter:label1\" content=\"Escrito por\" \/>\n\t<meta name=\"twitter:data1\" content=\"Jader Lazarini\" \/>\n\t<meta name=\"twitter:label2\" content=\"Est. tempo de leitura\" \/>\n\t<meta name=\"twitter:data2\" content=\"2 minutos\" \/>\n<script type=\"application\/ld+json\" class=\"yoast-schema-graph\">{\"@context\":\"https:\/\/schema.org\",\"@graph\":[{\"@type\":\"NewsArticle\",\"@id\":\"https:\/\/www.suno.com.br\/noticias\/log-planeja-vender-202-milhoes-em-ativos\/#article\",\"isPartOf\":{\"@id\":\"https:\/\/www.suno.com.br\/noticias\/log-planeja-vender-202-milhoes-em-ativos\/\"},\"author\":{\"name\":\"Jader Lazarini\",\"@id\":\"https:\/\/www.suno.com.br\/noticias\/#\/schema\/person\/918d79de1f0281f01599b93f9ea6e23f\"},\"headline\":\"LOG planeja vender R$ 202 milh\u00f5es em ativos\",\"datePublished\":\"2019-10-11T12:10:57+00:00\",\"dateModified\":\"2019-10-11T12:20:04+00:00\",\"mainEntityOfPage\":{\"@id\":\"https:\/\/www.suno.com.br\/noticias\/log-planeja-vender-202-milhoes-em-ativos\/\"},\"wordCount\":371,\"publisher\":{\"@id\":\"https:\/\/www.suno.com.br\/noticias\/#organization\"},\"image\":{\"@id\":\"https:\/\/www.suno.com.br\/noticias\/log-planeja-vender-202-milhoes-em-ativos\/#primaryimage\"},\"thumbnailUrl\":\"https:\/\/files.sunoresearch.com.br\/n\/uploads\/2019\/10\/45c6e1ec-log-jpg.webp\",\"keywords\":[\"Bolsa de Valores\",\"Log (LOGG3)\"],\"articleSection\":[\"Neg\u00f3cios\"],\"inLanguage\":\"pt-BR\"},{\"@type\":\"WebPage\",\"@id\":\"https:\/\/www.suno.com.br\/noticias\/log-planeja-vender-202-milhoes-em-ativos\/\",\"url\":\"https:\/\/www.suno.com.br\/noticias\/log-planeja-vender-202-milhoes-em-ativos\/\",\"name\":\"LOG planeja vender R$ 202 milh\u00f5es em ativos\",\"isPartOf\":{\"@id\":\"https:\/\/www.suno.com.br\/noticias\/#website\"},\"primaryImageOfPage\":{\"@id\":\"https:\/\/www.suno.com.br\/noticias\/log-planeja-vender-202-milhoes-em-ativos\/#primaryimage\"},\"image\":{\"@id\":\"https:\/\/www.suno.com.br\/noticias\/log-planeja-vender-202-milhoes-em-ativos\/#primaryimage\"},\"thumbnailUrl\":\"https:\/\/files.sunoresearch.com.br\/n\/uploads\/2019\/10\/45c6e1ec-log-jpg.webp\",\"datePublished\":\"2019-10-11T12:10:57+00:00\",\"dateModified\":\"2019-10-11T12:20:04+00:00\",\"description\":\"A LOG vai vender tr\u00eas dos seus ativos para o fundo LOGCP Inter Fundo de Investimento Imobili\u00e1rio, totalizando R$ 202 milh\u00f5es. Saiba mais.\",\"breadcrumb\":{\"@id\":\"https:\/\/www.suno.com.br\/noticias\/log-planeja-vender-202-milhoes-em-ativos\/#breadcrumb\"},\"inLanguage\":\"pt-BR\",\"potentialAction\":[{\"@type\":\"ReadAction\",\"target\":[\"https:\/\/www.suno.com.br\/noticias\/log-planeja-vender-202-milhoes-em-ativos\/\"]}]},{\"@type\":\"ImageObject\",\"inLanguage\":\"pt-BR\",\"@id\":\"https:\/\/www.suno.com.br\/noticias\/log-planeja-vender-202-milhoes-em-ativos\/#primaryimage\",\"url\":\"https:\/\/files.sunoresearch.com.br\/n\/uploads\/2019\/10\/45c6e1ec-log-jpg.webp\",\"contentUrl\":\"https:\/\/files.sunoresearch.com.br\/n\/uploads\/2019\/10\/45c6e1ec-log-jpg.webp\",\"width\":1422,\"height\":800,\"caption\":\"LOG registra alta de 208,2% no lucro l\u00edquido do 4T19\"},{\"@type\":\"BreadcrumbList\",\"@id\":\"https:\/\/www.suno.com.br\/noticias\/log-planeja-vender-202-milhoes-em-ativos\/#breadcrumb\",\"itemListElement\":[{\"@type\":\"ListItem\",\"position\":1,\"name\":\"Not\u00edcias\",\"item\":\"https:\/\/www.suno.com.br\/noticias\/\"},{\"@type\":\"ListItem\",\"position\":2,\"name\":\"Neg\u00f3cios\",\"item\":\"https:\/\/www.suno.com.br\/noticias\/negocios\/\"},{\"@type\":\"ListItem\",\"position\":3,\"name\":\"LOG planeja vender R$ 202 milh\u00f5es em ativos\"}]},{\"@type\":\"WebSite\",\"@id\":\"https:\/\/www.suno.com.br\/noticias\/#website\",\"url\":\"https:\/\/www.suno.com.br\/noticias\/\",\"name\":\"Suno Not\u00edcias\",\"description\":\"Seu portal de informa\u00e7\u00e3o sobre o mundo dos investimentos\",\"publisher\":{\"@id\":\"https:\/\/www.suno.com.br\/noticias\/#organization\"},\"potentialAction\":[{\"@type\":\"SearchAction\",\"target\":{\"@type\":\"EntryPoint\",\"urlTemplate\":\"https:\/\/www.suno.com.br\/noticias\/?s={search_term_string}\"},\"query-input\":{\"@type\":\"PropertyValueSpecification\",\"valueRequired\":true,\"valueName\":\"search_term_string\"}}],\"inLanguage\":\"pt-BR\"},{\"@type\":\"Organization\",\"@id\":\"https:\/\/www.suno.com.br\/noticias\/#organization\",\"name\":\"Suno Not\u00edcias\",\"url\":\"https:\/\/www.suno.com.br\/noticias\/\",\"logo\":{\"@type\":\"ImageObject\",\"inLanguage\":\"pt-BR\",\"@id\":\"https:\/\/www.suno.com.br\/noticias\/#\/schema\/logo\/image\/\",\"url\":\"https:\/\/files.sunoresearch.com.br\/n\/uploads\/2021\/09\/suno-logo.png\",\"contentUrl\":\"https:\/\/files.sunoresearch.com.br\/n\/uploads\/2021\/09\/suno-logo.png\",\"width\":180,\"height\":180,\"caption\":\"Suno Not\u00edcias\"},\"image\":{\"@id\":\"https:\/\/www.suno.com.br\/noticias\/#\/schema\/logo\/image\/\"},\"sameAs\":[\"https:\/\/facebook.com\/sunoresearch\",\"https:\/\/x.com\/sunoresearch\",\"https:\/\/www.instagram.com\/suno\",\"https:\/\/www.linkedin.com\/company\/suno-research\/\",\"https:\/\/www.youtube.com\/c\/sunoresearch\"]},{\"@type\":\"Person\",\"@id\":\"https:\/\/www.suno.com.br\/noticias\/#\/schema\/person\/918d79de1f0281f01599b93f9ea6e23f\",\"name\":\"Jader Lazarini\",\"image\":{\"@type\":\"ImageObject\",\"inLanguage\":\"pt-BR\",\"@id\":\"https:\/\/www.suno.com.br\/noticias\/#\/schema\/person\/image\/\",\"url\":\"https:\/\/secure.gravatar.com\/avatar\/3c1ad8caa51589841baeb923fcddea97?s=96&r=g\",\"contentUrl\":\"https:\/\/secure.gravatar.com\/avatar\/3c1ad8caa51589841baeb923fcddea97?s=96&r=g\",\"caption\":\"Jader Lazarini\"},\"description\":\"Jader Lazarini escreve sobre investimentos, finan\u00e7as, economia e neg\u00f3cios. \u00c9 bacharel em Rela\u00e7\u00f5es Internacionais e analista CNPI (2619).\",\"url\":\"https:\/\/www.suno.com.br\/noticias\/author\/jader-lazarini\/\"}]}<\/script>\n<!-- \/ Yoast SEO plugin. -->","yoast_head_json":{"title":"LOG planeja vender R$ 202 milh\u00f5es em ativos","description":"A LOG vai vender tr\u00eas dos seus ativos para o fundo LOGCP Inter Fundo de Investimento Imobili\u00e1rio, totalizando R$ 202 milh\u00f5es. Saiba mais.","robots":{"index":"index","follow":"follow","max-snippet":"max-snippet:-1","max-image-preview":"max-image-preview:large","max-video-preview":"max-video-preview:-1"},"canonical":"https:\/\/www.suno.com.br\/noticias\/log-planeja-vender-202-milhoes-em-ativos\/","og_locale":"pt_BR","og_type":"article","og_title":"LOG planeja vender R$ 202 milh\u00f5es em ativos","og_description":"A LOG vai vender tr\u00eas dos seus ativos para o fundo LOGCP Inter Fundo de Investimento Imobili\u00e1rio, totalizando R$ 202 milh\u00f5es. Saiba mais.","og_url":"https:\/\/www.suno.com.br\/noticias\/log-planeja-vender-202-milhoes-em-ativos\/","og_site_name":"Suno Not\u00edcias","article_publisher":"https:\/\/facebook.com\/sunoresearch","og_image":[{"width":1422,"height":800,"url":"https:\/\/files.sunoresearch.com.br\/n\/uploads\/2019\/10\/45c6e1ec-log.jpg","type":"image\/jpeg"}],"author":"Jader Lazarini","twitter_card":"summary_large_image","twitter_creator":"@sunoresearch","twitter_site":"@sunoresearch","twitter_misc":{"Escrito por":"Jader Lazarini","Est. tempo de leitura":"2 minutos"},"schema":{"@context":"https:\/\/schema.org","@graph":[{"@type":"NewsArticle","@id":"https:\/\/www.suno.com.br\/noticias\/log-planeja-vender-202-milhoes-em-ativos\/#article","isPartOf":{"@id":"https:\/\/www.suno.com.br\/noticias\/log-planeja-vender-202-milhoes-em-ativos\/"},"author":{"name":"Jader Lazarini","@id":"https:\/\/www.suno.com.br\/noticias\/#\/schema\/person\/918d79de1f0281f01599b93f9ea6e23f"},"headline":"LOG planeja vender R$ 202 milh\u00f5es em ativos","datePublished":"2019-10-11T12:10:57+00:00","dateModified":"2019-10-11T12:20:04+00:00","mainEntityOfPage":{"@id":"https:\/\/www.suno.com.br\/noticias\/log-planeja-vender-202-milhoes-em-ativos\/"},"wordCount":371,"publisher":{"@id":"https:\/\/www.suno.com.br\/noticias\/#organization"},"image":{"@id":"https:\/\/www.suno.com.br\/noticias\/log-planeja-vender-202-milhoes-em-ativos\/#primaryimage"},"thumbnailUrl":"https:\/\/files.sunoresearch.com.br\/n\/uploads\/2019\/10\/45c6e1ec-log-jpg.webp","keywords":["Bolsa de Valores","Log (LOGG3)"],"articleSection":["Neg\u00f3cios"],"inLanguage":"pt-BR"},{"@type":"WebPage","@id":"https:\/\/www.suno.com.br\/noticias\/log-planeja-vender-202-milhoes-em-ativos\/","url":"https:\/\/www.suno.com.br\/noticias\/log-planeja-vender-202-milhoes-em-ativos\/","name":"LOG planeja vender R$ 202 milh\u00f5es em ativos","isPartOf":{"@id":"https:\/\/www.suno.com.br\/noticias\/#website"},"primaryImageOfPage":{"@id":"https:\/\/www.suno.com.br\/noticias\/log-planeja-vender-202-milhoes-em-ativos\/#primaryimage"},"image":{"@id":"https:\/\/www.suno.com.br\/noticias\/log-planeja-vender-202-milhoes-em-ativos\/#primaryimage"},"thumbnailUrl":"https:\/\/files.sunoresearch.com.br\/n\/uploads\/2019\/10\/45c6e1ec-log-jpg.webp","datePublished":"2019-10-11T12:10:57+00:00","dateModified":"2019-10-11T12:20:04+00:00","description":"A LOG vai vender tr\u00eas dos seus ativos para o fundo LOGCP Inter Fundo de Investimento Imobili\u00e1rio, totalizando R$ 202 milh\u00f5es. Saiba mais.","breadcrumb":{"@id":"https:\/\/www.suno.com.br\/noticias\/log-planeja-vender-202-milhoes-em-ativos\/#breadcrumb"},"inLanguage":"pt-BR","potentialAction":[{"@type":"ReadAction","target":["https:\/\/www.suno.com.br\/noticias\/log-planeja-vender-202-milhoes-em-ativos\/"]}]},{"@type":"ImageObject","inLanguage":"pt-BR","@id":"https:\/\/www.suno.com.br\/noticias\/log-planeja-vender-202-milhoes-em-ativos\/#primaryimage","url":"https:\/\/files.sunoresearch.com.br\/n\/uploads\/2019\/10\/45c6e1ec-log-jpg.webp","contentUrl":"https:\/\/files.sunoresearch.com.br\/n\/uploads\/2019\/10\/45c6e1ec-log-jpg.webp","width":1422,"height":800,"caption":"LOG registra alta de 208,2% no lucro l\u00edquido do 4T19"},{"@type":"BreadcrumbList","@id":"https:\/\/www.suno.com.br\/noticias\/log-planeja-vender-202-milhoes-em-ativos\/#breadcrumb","itemListElement":[{"@type":"ListItem","position":1,"name":"Not\u00edcias","item":"https:\/\/www.suno.com.br\/noticias\/"},{"@type":"ListItem","position":2,"name":"Neg\u00f3cios","item":"https:\/\/www.suno.com.br\/noticias\/negocios\/"},{"@type":"ListItem","position":3,"name":"LOG planeja vender R$ 202 milh\u00f5es em ativos"}]},{"@type":"WebSite","@id":"https:\/\/www.suno.com.br\/noticias\/#website","url":"https:\/\/www.suno.com.br\/noticias\/","name":"Suno Not\u00edcias","description":"Seu portal de informa\u00e7\u00e3o sobre o mundo dos investimentos","publisher":{"@id":"https:\/\/www.suno.com.br\/noticias\/#organization"},"potentialAction":[{"@type":"SearchAction","target":{"@type":"EntryPoint","urlTemplate":"https:\/\/www.suno.com.br\/noticias\/?s={search_term_string}"},"query-input":{"@type":"PropertyValueSpecification","valueRequired":true,"valueName":"search_term_string"}}],"inLanguage":"pt-BR"},{"@type":"Organization","@id":"https:\/\/www.suno.com.br\/noticias\/#organization","name":"Suno Not\u00edcias","url":"https:\/\/www.suno.com.br\/noticias\/","logo":{"@type":"ImageObject","inLanguage":"pt-BR","@id":"https:\/\/www.suno.com.br\/noticias\/#\/schema\/logo\/image\/","url":"https:\/\/files.sunoresearch.com.br\/n\/uploads\/2021\/09\/suno-logo.png","contentUrl":"https:\/\/files.sunoresearch.com.br\/n\/uploads\/2021\/09\/suno-logo.png","width":180,"height":180,"caption":"Suno Not\u00edcias"},"image":{"@id":"https:\/\/www.suno.com.br\/noticias\/#\/schema\/logo\/image\/"},"sameAs":["https:\/\/facebook.com\/sunoresearch","https:\/\/x.com\/sunoresearch","https:\/\/www.instagram.com\/suno","https:\/\/www.linkedin.com\/company\/suno-research\/","https:\/\/www.youtube.com\/c\/sunoresearch"]},{"@type":"Person","@id":"https:\/\/www.suno.com.br\/noticias\/#\/schema\/person\/918d79de1f0281f01599b93f9ea6e23f","name":"Jader Lazarini","image":{"@type":"ImageObject","inLanguage":"pt-BR","@id":"https:\/\/www.suno.com.br\/noticias\/#\/schema\/person\/image\/","url":"https:\/\/secure.gravatar.com\/avatar\/3c1ad8caa51589841baeb923fcddea97?s=96&r=g","contentUrl":"https:\/\/secure.gravatar.com\/avatar\/3c1ad8caa51589841baeb923fcddea97?s=96&r=g","caption":"Jader Lazarini"},"description":"Jader Lazarini escreve sobre investimentos, finan\u00e7as, economia e neg\u00f3cios. \u00c9 bacharel em Rela\u00e7\u00f5es Internacionais e analista CNPI (2619).","url":"https:\/\/www.suno.com.br\/noticias\/author\/jader-lazarini\/"}]}},"default_loop_html":"<div class=\"cardsPage__listCard__boxs\"><div class=\"cardsPage__listCard__boxs__img\"><a href=\"https:\/\/www.suno.com.br\/noticias\/log-planeja-vender-202-milhoes-em-ativos\/\"><img class=\"mask\" src=\"https:\/\/www.suno.com.br\/noticias\/wp-content\/themes\/suno\/resources\/images\/spotlight\/spotlight1img\/bg-mask.png\" alt=\"Image Mask\"\/><img src=\"https:\/\/files.sunoresearch.com.br\/n\/uploads\/2019\/10\/45c6e1ec-log-400x200.webp\" alt=\"LOG planeja vender R$ 202 milh\u00f5es em ativos\"\/><\/a><span class=\"spotlightCategory\"><a href=\"https:\/\/www.suno.com.br\/noticias\/negocios\/\">Neg\u00f3cios<\/a><\/span><\/div><div class=\"cardsPage__listCard__boxs__content\"><a href=\"https:\/\/www.suno.com.br\/noticias\/log-planeja-vender-202-milhoes-em-ativos\/\"><h2 class=\"content__title\">LOG planeja vender R$ 202 milh\u00f5es em ativos<\/h2><\/a><div class=\"newsContent__article__meta\"><div class=\"newsContent__article__meta__authorBox\"><a href=\"https:\/\/www.suno.com.br\/noticias\/author\/jader-lazarini\/\" class=\"authorBox__avatar noMobi\"><img src=\"https:\/\/files.sunoresearch.com.br\/n\/uploads\/2021\/01\/178e6598-foto-perfil-2-150x150.jpg\" alt=\"Jader Lazarini\"><\/a><div class=\"authorBox__name\"><span>por\n\t\t\t<a href=\"https:\/\/www.suno.com.br\/noticias\/author\/jader-lazarini\/\"><span itemprop=\"author\">Jader Lazarini<\/span><\/a><\/span><time datetime=\"2019-10-11T09:10:57-03:00\" itemprop=\"datePublished\">11\/10\/2019 09:10<\/time><\/div><\/div><\/div><\/div><\/div>","single_layout":"posts","amp_enabled":true,"_links":{"self":[{"href":"https:\/\/www.suno.com.br\/noticias\/wp-json\/wp\/v2\/posts\/40748"}],"collection":[{"href":"https:\/\/www.suno.com.br\/noticias\/wp-json\/wp\/v2\/posts"}],"about":[{"href":"https:\/\/www.suno.com.br\/noticias\/wp-json\/wp\/v2\/types\/post"}],"author":[{"embeddable":true,"href":"https:\/\/www.suno.com.br\/noticias\/wp-json\/wp\/v2\/users\/24"}],"replies":[{"embeddable":true,"href":"https:\/\/www.suno.com.br\/noticias\/wp-json\/wp\/v2\/comments?post=40748"}],"version-history":[{"count":0,"href":"https:\/\/www.suno.com.br\/noticias\/wp-json\/wp\/v2\/posts\/40748\/revisions"}],"wp:featuredmedia":[{"embeddable":true,"href":"https:\/\/www.suno.com.br\/noticias\/wp-json\/wp\/v2\/media\/40751"}],"wp:attachment":[{"href":"https:\/\/www.suno.com.br\/noticias\/wp-json\/wp\/v2\/media?parent=40748"}],"wp:term":[{"taxonomy":"category","embeddable":true,"href":"https:\/\/www.suno.com.br\/noticias\/wp-json\/wp\/v2\/categories?post=40748"},{"taxonomy":"post_tag","embeddable":true,"href":"https:\/\/www.suno.com.br\/noticias\/wp-json\/wp\/v2\/tags?post=40748"},{"taxonomy":"suno_strategy","embeddable":true,"href":"https:\/\/www.suno.com.br\/noticias\/wp-json\/wp\/v2\/suno_strategy?post=40748"}],"curies":[{"name":"wp","href":"https:\/\/api.w.org\/{rel}","templated":true}]}}