{"id":407430,"date":"2023-05-22T11:49:43","date_gmt":"2023-05-22T14:49:43","guid":{"rendered":"https:\/\/www.suno.com.br\/noticias\/?p=407430"},"modified":"2023-05-22T12:36:03","modified_gmt":"2023-05-22T15:36:03","slug":"vale-vale3-quebra-silencio-venda-bilionaria-metais-basicos","status":"publish","type":"post","link":"https:\/\/www.suno.com.br\/noticias\/vale-vale3-quebra-silencio-venda-bilionaria-metais-basicos\/","title":{"rendered":"Vale (VALE3) quebra sil\u00eancio sobre venda bilion\u00e1ria de unidade de metais b\u00e1sicos"},"content":{"rendered":"<p>A <a class=\"suno-keyword\" data-force=\"yes\" data-priority=\"2\" href=\"https:\/\/www.suno.com.br\/acoes\/VALE3\/\" target=\"_blank\" rel=\"noopener\"><strong>Vale<\/strong> (VALE3)<\/a> se pronunciou sobre os rumores de uma eventual venda de sua unidade de metais b\u00e1sicos, que poderia girar em torno de US$ 2,5 bilh\u00f5es.<\/p><div class=\"videoFull \">\n\t\t\t<div class=\"videoWrapper yt-lazyload center\"\n\t\t\t\tdata-width=\"960\"\n\t\t\t\tdata-height=\"540\"\n\t\t\t\tdata-id=\"RF_11FyrILA\"\n\t\t\t\tdata-alt=\"V\u00eddeo do YouTube - clique para reproduzir\"\n\t\t\t\tdata-logo=\"3\"\n\t\t\t\tdata-imagequality=\"maxres\">\n\t\t\t<\/div>\n\t\t<\/div><script type=\"application\/ld+json\">{\"@context\":\"https:\/\/schema.org\",\"@type\":\"VideoObject\",\"name\":\"Petrobras (PETR4) recebe proposta pela Braskem (BRKM5) | Ibovespa sobe pela 4\u00aa semana seguida\",\"description\":\"#petrobras #braskem #petr4 #petr3 #mercadofinanceiro #investimentos #bolsadevalores #ibovespa #d\u00f3lar #livedas19h O Ibovespa terminou o preg\u00e3o desta sexta (19) em alta de 0,58%, aos 110.744,51 pontos. O volume financeiro movimentado foi de R$ 31,6 bilh\u00f5es. Na semana, o principal \u00edndice da Bolsa brasileira cresceu 2,1%. Enquanto as a\u00e7\u00f5es do Banco do Brasil (BBAS3) encerraram o preg\u00e3o\u2026\",\"duration\":\"PT36M58S\",\"embedUrl\":\"https:\/\/www.youtube.com\/embed\/RF_11FyrILA\",\"regionsAllowed\":\"pt-BR\",\"interactionStatistic\":{\"@type\":\"InteractionCounter\",\"interactionType\":{\"@type\":\"WatchAction\"},\"userInteractionCount\":4019},\"thumbnailUrl\":\"https:\/\/i.ytimg.com\/vi\/RF_11FyrILA\/default.jpg\",\"uploadDate\":\"2023-05-19T22:45:16Z\"}<\/script>\n\n\n\n\n\t<p>\n\t\t<a href=\"\" target=\"_blank\" data-element=\"shortcode-suno-banner\" title=\"Banner SUNO, clique e saiba mais\">\n\t\t\t<picture>\n\t\t\t\t<source media=\"(max-width: 500px)\" srcset=\"\">\n\t\t\t\t<img class=\"newsContent__article__imgCapa newsContent__article__imgCapa--banner\"\n\t\t\t\t\tsrc=\"\"\n\t\t\t\t\tdata-promo-id=\"250706\"\t\t\t\t\t\t\t\t\t\t\t\t\t\t\talt=\"\"\n\t\t\t\t>\n\t\t\t<\/picture>\n\t\t<\/a>\n\t<\/p>\n\n\n\n\n\n\n\n<p>A gest\u00e3o alegou que \u201dn\u00e3o t\u00eam conhecimento de qualquer <a class=\"suno-keyword\" data-force=\"no\" data-priority=\"1\" href=\"https:\/\/www.suno.com.br\/artigos\/fato-relevante\/\" target=\"_blank\" rel=\"noopener\">fato relevante<\/a> que possa justificar divulga\u00e7\u00e3o ao <strong>mercado<\/strong>\u201d, conforme <a href=\"https:\/\/www.rad.cvm.gov.br\/ENET\/frmExibirArquivoIPEExterno.aspx?NumeroProtocoloEntrega=1104867\" target=\"_blank\" rel=\"noreferrer noopener\">comunicado pela Vale nesta segunda (22)<\/a>.<\/p>\n\n\n\n<p>A <strong>mineradora <\/strong>tamb\u00e9m ressaltou que, de fato, pretende &#8220;firmar um acordo com um parceiro estrat\u00e9gico para vender uma participa\u00e7\u00e3o minorit\u00e1ria em seu neg\u00f3cio de Metais para Transi\u00e7\u00e3o Energ\u00e9tica&#8221;.<\/p>\n\n\n\n<p>Os rumores tiveram in\u00edcio com mat\u00e9ria do jornal Valor Econ\u00f4mico que, com fontes an\u00f4nimas a par do tema, citou que a oferta vinculante seria discutida pelo <a class=\"suno-keyword\" data-force=\"no\" data-priority=\"1\" href=\"https:\/\/www.suno.com.br\/artigos\/conselho-administracao\/\" target=\"_blank\" rel=\"noopener\">Conselho de Administra\u00e7\u00e3o<\/a> ainda nesta semana.<\/p>\n\n\n\n<p>A <strong>unidade de metais da Vale<\/strong> j\u00e1 havia atra\u00eddo investidores em outras ocasi\u00f5es e, da mesma forma, j\u00e1 tinha sido citada em apresenta\u00e7\u00f5es e eventos da empresa.<\/p>\n\n\n\n<p>Entre as partes interessadas j\u00e1 estiveram a General Motors (GMCO34) e fundos de pens\u00e3o e soberanos, como o Qatar Investment Authority (QIA) e o CPP, do Canad\u00e1.<\/p>\n\n\n\n<p>&#8220;Esse tema foi apresentado no Vale Day 2022, reuni\u00e3o anual com investidores, transmitida ao vivo de forma aberta ao p\u00fablico no dia 7 de dezembro de 2022, conforme transcri\u00e7\u00e3o dispon\u00edvel no website da Vale&#8221;, destacou a mineradora, em seu comunicado.<\/p>\n\n\n\n<p>&#8220;O tema \u00e9 refor\u00e7ado pela administra\u00e7\u00e3o, em car\u00e1ter recorrente, nos conference calls sobre <a class=\"suno-keyword\" target=\"_blank\" data-force=\"no\" data-priority=\"1\" href=\"https:\/\/www.suno.com.br\/artigos\/resultados-trimestrais\/\" rel=\"noopener\">resultados trimestrais<\/a> da Vale, abertos a investidores&#8221;, acrescentou a empresa.<\/p>\n\n\n\n<p>Al\u00e9m disso, no in\u00edcio deste ano, o presidente da Vale, Eduardo Bartolomeo, deu uma declara\u00e7\u00e3o citando que \u201ca demanda [do segmento de metais b\u00e1sicos] estava chegando e n\u00e3o estava bem precificada\u201d.<\/p>\n\n\n\t<p>\n\t\t<a href=\"https:\/\/lp.suno.com.br\/suno-one\/?utm_campaign=_SNC6964518A_\" target=\"_blank\" data-element=\"shortcode-suno-banner\" title=\"Banner SUNO, clique e saiba mais\">\n\t\t\t<picture>\n\t\t\t\t<source media=\"(max-width: 500px)\" srcset=\"https:\/\/files.sunoresearch.com.br\/n\/uploads\/2025\/09\/400x300-Suno-One-png.webp\">\n\t\t\t\t<img class=\"newsContent__article__imgCapa newsContent__article__imgCapa--banner\"\n\t\t\t\t\tsrc=\"https:\/\/files.sunoresearch.com.br\/n\/uploads\/2025\/09\/1420x240-Suno-One-png.webp\"\n\t\t\t\t\tdata-promo-id=\"383121\"\t\t\t\t\t\t\t\t\t\twidth='1420' height='240'\t\t\t\t\talt=\"https:\/\/files.sunoresearch.com.br\/n\/uploads\/2025\/09\/1420x240-Suno-One-png.webp\"\n\t\t\t\t>\n\t\t\t<\/picture>\n\t\t<\/a>\n\t<\/p>\n\n\n\n\n\n<h2 class=\"wp-block-heading\">Quanto em metais b\u00e1sicos a Vale quer produzir?<\/h2>\n\n\n\n<p>Conforme o guidance e as sinaliza\u00e7\u00f5es da companhia, a empresa quer aumentar sua produ\u00e7\u00e3o de cobre para 335 mil a 370 mil toneladas neste ano para 900 mil toneladas por ano no ano de 2030. <\/p>\n\n\n\n<p>No caso do n\u00edquel, o plano \u00e9 sair da faixa atual, de 160 mil a 175 mil toneladas ao ano, para chegar a 300 mil toneladas no ano de 2030.<\/p>\n\n\n\n<p>Em outra \u00e1rea, a companhia anunciou a venda de 40% da sua participa\u00e7\u00e3o na Minera\u00e7\u00e3o Rio Norte, a MRN &#8211; a maior produtora e exportadora de bauxita do Brasil, fundada em 1979.<\/p>\n\n\n\n<p>Anunciada no fim de abril, a transa\u00e7\u00e3o &#8220;marca a conclus\u00e3o do principal programa de desinvestimento da <strong>Vale<\/strong>&#8220;, conforme destacado pela empresa.<\/p>\n\n\n\t<p>\n\t\t<a href=\"https:\/\/lp.suno.com.br\/plataforma-de-controle-de-investimentos\/\" target=\"_blank\" data-element=\"shortcode-suno-banner\" title=\"Banner SUNO, clique e saiba mais\">\n\t\t\t<picture>\n\t\t\t\t<source media=\"(max-width: 500px)\" srcset=\"https:\/\/files.sunoresearch.com.br\/n\/uploads\/2023\/03\/400x300-Controle-de-Investimentos.png\">\n\t\t\t\t<img class=\"newsContent__article__imgCapa newsContent__article__imgCapa--banner\"\n\t\t\t\t\tsrc=\"https:\/\/files.sunoresearch.com.br\/n\/uploads\/2023\/03\/1420x240-Controle-de-Investimentos.png\"\n\t\t\t\t\tdata-promo-id=\"383162\"\t\t\t\t\t\t\t\t\t\twidth='1420' height='240'\t\t\t\t\talt=\"https:\/\/files.sunoresearch.com.br\/n\/uploads\/2023\/03\/1420x240-Controle-de-Investimentos.png\"\n\t\t\t\t>\n\t\t\t<\/picture>\n\t\t<\/a>\n\t<\/p>\n\n\n","protected":false},"excerpt":{"rendered":"<p>A Vale (VALE3) se pronunciou sobre os rumores de uma eventual venda de sua unidade de metais b\u00e1sicos, que poderia girar em torno de US$ 2,5 bilh\u00f5es. A gest\u00e3o alegou que \u201dn\u00e3o t\u00eam conhecimento de qualquer fato relevante que possa justificar divulga\u00e7\u00e3o ao mercado\u201d, conforme comunicado pela Vale nesta segunda (22). A mineradora tamb\u00e9m ressaltou [&hellip;]<\/p>\n","protected":false},"author":73,"featured_media":121098,"comment_status":"closed","ping_status":"closed","sticky":false,"template":"","format":"standard","meta":[],"categories":[64],"tags":[676],"suno_strategy":[],"class_list":["post-407430","post","type-post","status-publish","format-standard","has-post-thumbnail","hentry","category-negocios","tag-vale-vale3"],"yoast_head":"<!-- This site is optimized with the Yoast SEO plugin v24.4 - https:\/\/yoast.com\/wordpress\/plugins\/seo\/ -->\n<title>Vale (VALE3) quebra sil\u00eancio sobre venda bilion\u00e1ria de unidade de metais<\/title>\n<meta name=\"description\" content=\"Rumores na imprensa apontavam para uma venda da unidade de metais b\u00e1sicos da Vale por US$ 2,5 bilh\u00f5es, que j\u00e1 seria discutida pelo Conselho.\" \/>\n<meta name=\"robots\" content=\"index, follow, max-snippet:-1, max-image-preview:large, max-video-preview:-1\" \/>\n<link rel=\"canonical\" href=\"https:\/\/www.suno.com.br\/noticias\/vale-vale3-quebra-silencio-venda-bilionaria-metais-basicos\/\" \/>\n<meta property=\"og:locale\" content=\"pt_BR\" \/>\n<meta property=\"og:type\" content=\"article\" \/>\n<meta property=\"og:title\" content=\"Vale (VALE3) quebra sil\u00eancio sobre venda bilion\u00e1ria de unidade de metais\" \/>\n<meta property=\"og:description\" content=\"Rumores na imprensa apontavam para uma venda da unidade de metais b\u00e1sicos da Vale por US$ 2,5 bilh\u00f5es, que j\u00e1 seria discutida pelo Conselho.\" \/>\n<meta property=\"og:url\" content=\"https:\/\/www.suno.com.br\/noticias\/vale-vale3-quebra-silencio-venda-bilionaria-metais-basicos\/\" \/>\n<meta property=\"og:site_name\" content=\"Suno Not\u00edcias\" \/>\n<meta property=\"article:publisher\" content=\"https:\/\/facebook.com\/sunoresearch\" \/>\n<meta property=\"og:image\" content=\"https:\/\/files.sunoresearch.com.br\/n\/uploads\/2021\/02\/7945dc6a-image_processing20200201-29235-jyogwq_easy-resize.com_.jpg\" \/>\n\t<meta property=\"og:image:width\" content=\"1280\" \/>\n\t<meta property=\"og:image:height\" content=\"822\" \/>\n\t<meta property=\"og:image:type\" content=\"image\/jpeg\" \/>\n<meta name=\"author\" content=\"Eduardo Vargas\" \/>\n<meta name=\"twitter:card\" content=\"summary_large_image\" \/>\n<meta name=\"twitter:creator\" content=\"@sunoresearch\" \/>\n<meta name=\"twitter:site\" content=\"@sunoresearch\" \/>\n<meta name=\"twitter:label1\" content=\"Escrito por\" \/>\n\t<meta name=\"twitter:data1\" content=\"Eduardo Vargas\" \/>\n\t<meta name=\"twitter:label2\" content=\"Est. tempo de leitura\" \/>\n\t<meta name=\"twitter:data2\" content=\"3 minutos\" \/>\n<script type=\"application\/ld+json\" class=\"yoast-schema-graph\">{\"@context\":\"https:\/\/schema.org\",\"@graph\":[{\"@type\":\"NewsArticle\",\"@id\":\"https:\/\/www.suno.com.br\/noticias\/vale-vale3-quebra-silencio-venda-bilionaria-metais-basicos\/#article\",\"isPartOf\":{\"@id\":\"https:\/\/www.suno.com.br\/noticias\/vale-vale3-quebra-silencio-venda-bilionaria-metais-basicos\/\"},\"author\":{\"name\":\"Eduardo Vargas\",\"@id\":\"https:\/\/www.suno.com.br\/noticias\/#\/schema\/person\/7f4d362bf3518e76090143ae77bb49a5\"},\"headline\":\"Vale (VALE3) quebra sil\u00eancio sobre venda bilion\u00e1ria de unidade de metais b\u00e1sicos\",\"datePublished\":\"2023-05-22T14:49:43+00:00\",\"dateModified\":\"2023-05-22T15:36:03+00:00\",\"mainEntityOfPage\":{\"@id\":\"https:\/\/www.suno.com.br\/noticias\/vale-vale3-quebra-silencio-venda-bilionaria-metais-basicos\/\"},\"wordCount\":434,\"publisher\":{\"@id\":\"https:\/\/www.suno.com.br\/noticias\/#organization\"},\"image\":{\"@id\":\"https:\/\/www.suno.com.br\/noticias\/vale-vale3-quebra-silencio-venda-bilionaria-metais-basicos\/#primaryimage\"},\"thumbnailUrl\":\"https:\/\/files.sunoresearch.com.br\/n\/uploads\/2021\/02\/7945dc6a-image_processing20200201-29235-jyogwq_easy-resize.com_-jpg.webp\",\"keywords\":[\"Vale (VALE3)\"],\"articleSection\":[\"Neg\u00f3cios\"],\"inLanguage\":\"pt-BR\"},{\"@type\":\"WebPage\",\"@id\":\"https:\/\/www.suno.com.br\/noticias\/vale-vale3-quebra-silencio-venda-bilionaria-metais-basicos\/\",\"url\":\"https:\/\/www.suno.com.br\/noticias\/vale-vale3-quebra-silencio-venda-bilionaria-metais-basicos\/\",\"name\":\"Vale (VALE3) quebra sil\u00eancio sobre venda bilion\u00e1ria de unidade de metais\",\"isPartOf\":{\"@id\":\"https:\/\/www.suno.com.br\/noticias\/#website\"},\"primaryImageOfPage\":{\"@id\":\"https:\/\/www.suno.com.br\/noticias\/vale-vale3-quebra-silencio-venda-bilionaria-metais-basicos\/#primaryimage\"},\"image\":{\"@id\":\"https:\/\/www.suno.com.br\/noticias\/vale-vale3-quebra-silencio-venda-bilionaria-metais-basicos\/#primaryimage\"},\"thumbnailUrl\":\"https:\/\/files.sunoresearch.com.br\/n\/uploads\/2021\/02\/7945dc6a-image_processing20200201-29235-jyogwq_easy-resize.com_-jpg.webp\",\"datePublished\":\"2023-05-22T14:49:43+00:00\",\"dateModified\":\"2023-05-22T15:36:03+00:00\",\"description\":\"Rumores na imprensa apontavam para uma venda da unidade de metais b\u00e1sicos da Vale por US$ 2,5 bilh\u00f5es, que j\u00e1 seria discutida pelo Conselho.\",\"breadcrumb\":{\"@id\":\"https:\/\/www.suno.com.br\/noticias\/vale-vale3-quebra-silencio-venda-bilionaria-metais-basicos\/#breadcrumb\"},\"inLanguage\":\"pt-BR\",\"potentialAction\":[{\"@type\":\"ReadAction\",\"target\":[\"https:\/\/www.suno.com.br\/noticias\/vale-vale3-quebra-silencio-venda-bilionaria-metais-basicos\/\"]}]},{\"@type\":\"ImageObject\",\"inLanguage\":\"pt-BR\",\"@id\":\"https:\/\/www.suno.com.br\/noticias\/vale-vale3-quebra-silencio-venda-bilionaria-metais-basicos\/#primaryimage\",\"url\":\"https:\/\/files.sunoresearch.com.br\/n\/uploads\/2021\/02\/7945dc6a-image_processing20200201-29235-jyogwq_easy-resize.com_-jpg.webp\",\"contentUrl\":\"https:\/\/files.sunoresearch.com.br\/n\/uploads\/2021\/02\/7945dc6a-image_processing20200201-29235-jyogwq_easy-resize.com_-jpg.webp\",\"width\":1280,\"height\":822,\"caption\":\"Vale (VALE3). Foto: Reprodu\u00e7\u00e3o\/Facebook\"},{\"@type\":\"BreadcrumbList\",\"@id\":\"https:\/\/www.suno.com.br\/noticias\/vale-vale3-quebra-silencio-venda-bilionaria-metais-basicos\/#breadcrumb\",\"itemListElement\":[{\"@type\":\"ListItem\",\"position\":1,\"name\":\"Not\u00edcias\",\"item\":\"https:\/\/www.suno.com.br\/noticias\/\"},{\"@type\":\"ListItem\",\"position\":2,\"name\":\"Neg\u00f3cios\",\"item\":\"https:\/\/www.suno.com.br\/noticias\/negocios\/\"},{\"@type\":\"ListItem\",\"position\":3,\"name\":\"Vale (VALE3) quebra sil\u00eancio sobre venda bilion\u00e1ria de unidade de metais b\u00e1sicos\"}]},{\"@type\":\"WebSite\",\"@id\":\"https:\/\/www.suno.com.br\/noticias\/#website\",\"url\":\"https:\/\/www.suno.com.br\/noticias\/\",\"name\":\"Suno Not\u00edcias\",\"description\":\"Seu portal de informa\u00e7\u00e3o sobre o mundo dos investimentos\",\"publisher\":{\"@id\":\"https:\/\/www.suno.com.br\/noticias\/#organization\"},\"potentialAction\":[{\"@type\":\"SearchAction\",\"target\":{\"@type\":\"EntryPoint\",\"urlTemplate\":\"https:\/\/www.suno.com.br\/noticias\/?s={search_term_string}\"},\"query-input\":{\"@type\":\"PropertyValueSpecification\",\"valueRequired\":true,\"valueName\":\"search_term_string\"}}],\"inLanguage\":\"pt-BR\"},{\"@type\":\"Organization\",\"@id\":\"https:\/\/www.suno.com.br\/noticias\/#organization\",\"name\":\"Suno Not\u00edcias\",\"url\":\"https:\/\/www.suno.com.br\/noticias\/\",\"logo\":{\"@type\":\"ImageObject\",\"inLanguage\":\"pt-BR\",\"@id\":\"https:\/\/www.suno.com.br\/noticias\/#\/schema\/logo\/image\/\",\"url\":\"https:\/\/files.sunoresearch.com.br\/n\/uploads\/2021\/09\/suno-logo.png\",\"contentUrl\":\"https:\/\/files.sunoresearch.com.br\/n\/uploads\/2021\/09\/suno-logo.png\",\"width\":180,\"height\":180,\"caption\":\"Suno Not\u00edcias\"},\"image\":{\"@id\":\"https:\/\/www.suno.com.br\/noticias\/#\/schema\/logo\/image\/\"},\"sameAs\":[\"https:\/\/facebook.com\/sunoresearch\",\"https:\/\/x.com\/sunoresearch\",\"https:\/\/www.instagram.com\/suno\",\"https:\/\/www.linkedin.com\/company\/suno-research\/\",\"https:\/\/www.youtube.com\/c\/sunoresearch\"]},{\"@type\":\"Person\",\"@id\":\"https:\/\/www.suno.com.br\/noticias\/#\/schema\/person\/7f4d362bf3518e76090143ae77bb49a5\",\"name\":\"Eduardo Vargas\",\"image\":{\"@type\":\"ImageObject\",\"inLanguage\":\"pt-BR\",\"@id\":\"https:\/\/www.suno.com.br\/noticias\/#\/schema\/person\/image\/\",\"url\":\"https:\/\/secure.gravatar.com\/avatar\/dac340933427a22924c9f99d1eb2e3f2?s=96&r=g\",\"contentUrl\":\"https:\/\/secure.gravatar.com\/avatar\/dac340933427a22924c9f99d1eb2e3f2?s=96&r=g\",\"caption\":\"Eduardo Vargas\"},\"description\":\"Jornalista formado pela UFSC, cobre macroeconomia, neg\u00f3cios e startups para o Suno Not\u00edcias, escrevendo principalmente not\u00edcias sobre o mercado financeiro e a bolsa de valores. No YouTube e no Instagram, \u00e9 respons\u00e1vel pela produ\u00e7\u00e3o de Reels e Shorts do Suno Not\u00edcias. Anteriormente, trabalhou cobrindo economia e cotidiano no ND+ e para o ND, maior jornal impresso de Santa Catarina. Cursou um semestre letivo de Estudos de M\u00eddia na Universidad de Buenos Aires.\",\"url\":\"https:\/\/www.suno.com.br\/noticias\/author\/eduardo-vargas\/\"}]}<\/script>\n<!-- \/ Yoast SEO plugin. -->","yoast_head_json":{"title":"Vale (VALE3) quebra sil\u00eancio sobre venda bilion\u00e1ria de unidade de metais","description":"Rumores na imprensa apontavam para uma venda da unidade de metais b\u00e1sicos da Vale por US$ 2,5 bilh\u00f5es, que j\u00e1 seria discutida pelo Conselho.","robots":{"index":"index","follow":"follow","max-snippet":"max-snippet:-1","max-image-preview":"max-image-preview:large","max-video-preview":"max-video-preview:-1"},"canonical":"https:\/\/www.suno.com.br\/noticias\/vale-vale3-quebra-silencio-venda-bilionaria-metais-basicos\/","og_locale":"pt_BR","og_type":"article","og_title":"Vale (VALE3) quebra sil\u00eancio sobre venda bilion\u00e1ria de unidade de metais","og_description":"Rumores na imprensa apontavam para uma venda da unidade de metais b\u00e1sicos da Vale por US$ 2,5 bilh\u00f5es, que j\u00e1 seria discutida pelo Conselho.","og_url":"https:\/\/www.suno.com.br\/noticias\/vale-vale3-quebra-silencio-venda-bilionaria-metais-basicos\/","og_site_name":"Suno Not\u00edcias","article_publisher":"https:\/\/facebook.com\/sunoresearch","og_image":[{"width":1280,"height":822,"url":"https:\/\/files.sunoresearch.com.br\/n\/uploads\/2021\/02\/7945dc6a-image_processing20200201-29235-jyogwq_easy-resize.com_.jpg","type":"image\/jpeg"}],"author":"Eduardo Vargas","twitter_card":"summary_large_image","twitter_creator":"@sunoresearch","twitter_site":"@sunoresearch","twitter_misc":{"Escrito por":"Eduardo Vargas","Est. tempo de leitura":"3 minutos"},"schema":{"@context":"https:\/\/schema.org","@graph":[{"@type":"NewsArticle","@id":"https:\/\/www.suno.com.br\/noticias\/vale-vale3-quebra-silencio-venda-bilionaria-metais-basicos\/#article","isPartOf":{"@id":"https:\/\/www.suno.com.br\/noticias\/vale-vale3-quebra-silencio-venda-bilionaria-metais-basicos\/"},"author":{"name":"Eduardo Vargas","@id":"https:\/\/www.suno.com.br\/noticias\/#\/schema\/person\/7f4d362bf3518e76090143ae77bb49a5"},"headline":"Vale (VALE3) quebra sil\u00eancio sobre venda bilion\u00e1ria de unidade de metais b\u00e1sicos","datePublished":"2023-05-22T14:49:43+00:00","dateModified":"2023-05-22T15:36:03+00:00","mainEntityOfPage":{"@id":"https:\/\/www.suno.com.br\/noticias\/vale-vale3-quebra-silencio-venda-bilionaria-metais-basicos\/"},"wordCount":434,"publisher":{"@id":"https:\/\/www.suno.com.br\/noticias\/#organization"},"image":{"@id":"https:\/\/www.suno.com.br\/noticias\/vale-vale3-quebra-silencio-venda-bilionaria-metais-basicos\/#primaryimage"},"thumbnailUrl":"https:\/\/files.sunoresearch.com.br\/n\/uploads\/2021\/02\/7945dc6a-image_processing20200201-29235-jyogwq_easy-resize.com_-jpg.webp","keywords":["Vale (VALE3)"],"articleSection":["Neg\u00f3cios"],"inLanguage":"pt-BR"},{"@type":"WebPage","@id":"https:\/\/www.suno.com.br\/noticias\/vale-vale3-quebra-silencio-venda-bilionaria-metais-basicos\/","url":"https:\/\/www.suno.com.br\/noticias\/vale-vale3-quebra-silencio-venda-bilionaria-metais-basicos\/","name":"Vale (VALE3) quebra sil\u00eancio sobre venda bilion\u00e1ria de unidade de metais","isPartOf":{"@id":"https:\/\/www.suno.com.br\/noticias\/#website"},"primaryImageOfPage":{"@id":"https:\/\/www.suno.com.br\/noticias\/vale-vale3-quebra-silencio-venda-bilionaria-metais-basicos\/#primaryimage"},"image":{"@id":"https:\/\/www.suno.com.br\/noticias\/vale-vale3-quebra-silencio-venda-bilionaria-metais-basicos\/#primaryimage"},"thumbnailUrl":"https:\/\/files.sunoresearch.com.br\/n\/uploads\/2021\/02\/7945dc6a-image_processing20200201-29235-jyogwq_easy-resize.com_-jpg.webp","datePublished":"2023-05-22T14:49:43+00:00","dateModified":"2023-05-22T15:36:03+00:00","description":"Rumores na imprensa apontavam para uma venda da unidade de metais b\u00e1sicos da Vale por US$ 2,5 bilh\u00f5es, que j\u00e1 seria discutida pelo Conselho.","breadcrumb":{"@id":"https:\/\/www.suno.com.br\/noticias\/vale-vale3-quebra-silencio-venda-bilionaria-metais-basicos\/#breadcrumb"},"inLanguage":"pt-BR","potentialAction":[{"@type":"ReadAction","target":["https:\/\/www.suno.com.br\/noticias\/vale-vale3-quebra-silencio-venda-bilionaria-metais-basicos\/"]}]},{"@type":"ImageObject","inLanguage":"pt-BR","@id":"https:\/\/www.suno.com.br\/noticias\/vale-vale3-quebra-silencio-venda-bilionaria-metais-basicos\/#primaryimage","url":"https:\/\/files.sunoresearch.com.br\/n\/uploads\/2021\/02\/7945dc6a-image_processing20200201-29235-jyogwq_easy-resize.com_-jpg.webp","contentUrl":"https:\/\/files.sunoresearch.com.br\/n\/uploads\/2021\/02\/7945dc6a-image_processing20200201-29235-jyogwq_easy-resize.com_-jpg.webp","width":1280,"height":822,"caption":"Vale (VALE3). Foto: Reprodu\u00e7\u00e3o\/Facebook"},{"@type":"BreadcrumbList","@id":"https:\/\/www.suno.com.br\/noticias\/vale-vale3-quebra-silencio-venda-bilionaria-metais-basicos\/#breadcrumb","itemListElement":[{"@type":"ListItem","position":1,"name":"Not\u00edcias","item":"https:\/\/www.suno.com.br\/noticias\/"},{"@type":"ListItem","position":2,"name":"Neg\u00f3cios","item":"https:\/\/www.suno.com.br\/noticias\/negocios\/"},{"@type":"ListItem","position":3,"name":"Vale (VALE3) quebra sil\u00eancio sobre venda bilion\u00e1ria de unidade de metais b\u00e1sicos"}]},{"@type":"WebSite","@id":"https:\/\/www.suno.com.br\/noticias\/#website","url":"https:\/\/www.suno.com.br\/noticias\/","name":"Suno Not\u00edcias","description":"Seu portal de informa\u00e7\u00e3o sobre o mundo dos investimentos","publisher":{"@id":"https:\/\/www.suno.com.br\/noticias\/#organization"},"potentialAction":[{"@type":"SearchAction","target":{"@type":"EntryPoint","urlTemplate":"https:\/\/www.suno.com.br\/noticias\/?s={search_term_string}"},"query-input":{"@type":"PropertyValueSpecification","valueRequired":true,"valueName":"search_term_string"}}],"inLanguage":"pt-BR"},{"@type":"Organization","@id":"https:\/\/www.suno.com.br\/noticias\/#organization","name":"Suno Not\u00edcias","url":"https:\/\/www.suno.com.br\/noticias\/","logo":{"@type":"ImageObject","inLanguage":"pt-BR","@id":"https:\/\/www.suno.com.br\/noticias\/#\/schema\/logo\/image\/","url":"https:\/\/files.sunoresearch.com.br\/n\/uploads\/2021\/09\/suno-logo.png","contentUrl":"https:\/\/files.sunoresearch.com.br\/n\/uploads\/2021\/09\/suno-logo.png","width":180,"height":180,"caption":"Suno Not\u00edcias"},"image":{"@id":"https:\/\/www.suno.com.br\/noticias\/#\/schema\/logo\/image\/"},"sameAs":["https:\/\/facebook.com\/sunoresearch","https:\/\/x.com\/sunoresearch","https:\/\/www.instagram.com\/suno","https:\/\/www.linkedin.com\/company\/suno-research\/","https:\/\/www.youtube.com\/c\/sunoresearch"]},{"@type":"Person","@id":"https:\/\/www.suno.com.br\/noticias\/#\/schema\/person\/7f4d362bf3518e76090143ae77bb49a5","name":"Eduardo Vargas","image":{"@type":"ImageObject","inLanguage":"pt-BR","@id":"https:\/\/www.suno.com.br\/noticias\/#\/schema\/person\/image\/","url":"https:\/\/secure.gravatar.com\/avatar\/dac340933427a22924c9f99d1eb2e3f2?s=96&r=g","contentUrl":"https:\/\/secure.gravatar.com\/avatar\/dac340933427a22924c9f99d1eb2e3f2?s=96&r=g","caption":"Eduardo Vargas"},"description":"Jornalista formado pela UFSC, cobre macroeconomia, neg\u00f3cios e startups para o Suno Not\u00edcias, escrevendo principalmente not\u00edcias sobre o mercado financeiro e a bolsa de valores. No YouTube e no Instagram, \u00e9 respons\u00e1vel pela produ\u00e7\u00e3o de Reels e Shorts do Suno Not\u00edcias. Anteriormente, trabalhou cobrindo economia e cotidiano no ND+ e para o ND, maior jornal impresso de Santa Catarina. Cursou um semestre letivo de Estudos de M\u00eddia na Universidad de Buenos Aires.","url":"https:\/\/www.suno.com.br\/noticias\/author\/eduardo-vargas\/"}]}},"default_loop_html":"<div class=\"cardsPage__listCard__boxs\"><div class=\"cardsPage__listCard__boxs__img\"><a href=\"https:\/\/www.suno.com.br\/noticias\/vale-vale3-quebra-silencio-venda-bilionaria-metais-basicos\/\"><img class=\"mask\" src=\"https:\/\/www.suno.com.br\/noticias\/wp-content\/themes\/suno\/resources\/images\/spotlight\/spotlight1img\/bg-mask.png\" alt=\"Image Mask\"\/><img src=\"https:\/\/files.sunoresearch.com.br\/n\/uploads\/2021\/02\/7945dc6a-image_processing20200201-29235-jyogwq_easy-resize.com_-400x200.webp\" alt=\"Vale (VALE3) quebra sil\u00eancio sobre venda bilion\u00e1ria de unidade de metais b\u00e1sicos\"\/><\/a><span class=\"spotlightCategory\"><a href=\"https:\/\/www.suno.com.br\/noticias\/negocios\/\">Neg\u00f3cios<\/a><\/span><\/div><div class=\"cardsPage__listCard__boxs__content\"><a href=\"https:\/\/www.suno.com.br\/noticias\/vale-vale3-quebra-silencio-venda-bilionaria-metais-basicos\/\"><h2 class=\"content__title\">Vale (VALE3) quebra sil\u00eancio sobre venda bilion\u00e1ria de unidade de metais b\u00e1sicos<\/h2><\/a><div class=\"newsContent__article__meta\"><div class=\"newsContent__article__meta__authorBox\"><a href=\"https:\/\/www.suno.com.br\/noticias\/author\/eduardo-vargas\/\" class=\"authorBox__avatar noMobi\"><img src=\"https:\/\/secure.gravatar.com\/avatar\/dac340933427a22924c9f99d1eb2e3f2?s=96&#038;r=g\" alt=\"Eduardo Vargas\"><\/a><div class=\"authorBox__name\"><span>por\n\t\t\t<a href=\"https:\/\/www.suno.com.br\/noticias\/author\/eduardo-vargas\/\"><span itemprop=\"author\">Eduardo Vargas<\/span><\/a><\/span><time datetime=\"2023-05-22T11:49:43-03:00\" itemprop=\"datePublished\">22\/05\/2023 11:49<\/time><\/div><\/div><\/div><\/div><\/div>","single_layout":"posts","amp_enabled":true,"_links":{"self":[{"href":"https:\/\/www.suno.com.br\/noticias\/wp-json\/wp\/v2\/posts\/407430"}],"collection":[{"href":"https:\/\/www.suno.com.br\/noticias\/wp-json\/wp\/v2\/posts"}],"about":[{"href":"https:\/\/www.suno.com.br\/noticias\/wp-json\/wp\/v2\/types\/post"}],"author":[{"embeddable":true,"href":"https:\/\/www.suno.com.br\/noticias\/wp-json\/wp\/v2\/users\/73"}],"replies":[{"embeddable":true,"href":"https:\/\/www.suno.com.br\/noticias\/wp-json\/wp\/v2\/comments?post=407430"}],"version-history":[{"count":2,"href":"https:\/\/www.suno.com.br\/noticias\/wp-json\/wp\/v2\/posts\/407430\/revisions"}],"predecessor-version":[{"id":407522,"href":"https:\/\/www.suno.com.br\/noticias\/wp-json\/wp\/v2\/posts\/407430\/revisions\/407522"}],"wp:featuredmedia":[{"embeddable":true,"href":"https:\/\/www.suno.com.br\/noticias\/wp-json\/wp\/v2\/media\/121098"}],"wp:attachment":[{"href":"https:\/\/www.suno.com.br\/noticias\/wp-json\/wp\/v2\/media?parent=407430"}],"wp:term":[{"taxonomy":"category","embeddable":true,"href":"https:\/\/www.suno.com.br\/noticias\/wp-json\/wp\/v2\/categories?post=407430"},{"taxonomy":"post_tag","embeddable":true,"href":"https:\/\/www.suno.com.br\/noticias\/wp-json\/wp\/v2\/tags?post=407430"},{"taxonomy":"suno_strategy","embeddable":true,"href":"https:\/\/www.suno.com.br\/noticias\/wp-json\/wp\/v2\/suno_strategy?post=407430"}],"curies":[{"name":"wp","href":"https:\/\/api.w.org\/{rel}","templated":true}]}}