{"id":40728,"date":"2019-10-10T20:45:01","date_gmt":"2019-10-10T23:45:01","guid":{"rendered":"https:\/\/www.suno.com.br\/noticias\/?p=40728"},"modified":"2019-10-11T08:22:46","modified_gmt":"2019-10-11T11:22:46","slug":"aes-tiete-encerra-negociacoes-renova-energia","status":"publish","type":"post","link":"https:\/\/www.suno.com.br\/noticias\/aes-tiete-encerra-negociacoes-renova-energia\/","title":{"rendered":"AES Tiet\u00ea encerra negocia\u00e7\u00f5es para compra de ativos da Renova Energia"},"content":{"rendered":"<p>A AES Tiet\u00ea <strong>(TIET11)<\/strong> informou, nesta quinta-feira (10), que encerrou as negocia\u00e7\u00f5es para a compra de ativos da <strong>Renova Energia (RNEW3)<\/strong> por conta do descumprimento das condi\u00e7\u00f5es previamente estabelecidas no contrato de <strong>compra<\/strong> <strong>e\u00a0venda de a\u00e7\u00f5es (CCVA),<\/strong> realizado no dia 09 de abril deste ano.<\/p>\t<div class=\"wrapper-featured-image\">\n\t\t<figure class=\"spotlightImg\">\n\n\t\t\t<picture>\n\t\t\t\t<source media=\"(max-width: 768px)\" srcset=\"https:\/\/files.sunoresearch.com.br\/n\/uploads\/2019\/02\/390de0f9-aes-tiet\u00ea-e1557240517461-400x200.webp\">\n\t\t\t\t<img loading=\"lazy\" decoding=\"async\" class=\"newsContent__article__imgCapa lazyloadDisabled newsContent__article__imgCapa--noCaption\" src=\"https:\/\/files.sunoresearch.com.br\/n\/uploads\/2019\/02\/390de0f9-aes-tiet\u00ea-e1557240517461-jpg.webp\" width=\"800\" height=\"450\" alt=\"AES Tiet\u00ea encerra negocia\u00e7\u00f5es para compra de ativos da Renova Energia\" fetchpriority=high \/>\n\t\t\t<\/picture>\n\n\t\t\t<figcaption class=\"wp-caption-text wp-caption-text--hide\">AES Tiet\u00ea (foto: divulga\u00e7\u00e3o)<\/figcaption>\n\t\t<\/figure>\n\t<\/div>\n\n\n\n<p>Em comunicado, a <strong>AES Tiet\u00ea<\/strong> informou que: \u201cA companhia refor\u00e7a que continua engajada em sua estrat\u00e9gia de crescimento, analisando oportunidades de projetos que criem valor para seus acionistas\u201d.<\/p>\n<h2>Resultado do 2T19 da AES Tiet\u00ea<\/h2>\n<p>A companhia geradora de energia el\u00e9trica AES Tiet\u00ea divulgou seu <a href=\"https:\/\/www.suno.com.br\/artigos\/lucro-liquido\/\">lucro l\u00edquido<\/a> trimestral no dia 5 de agosto. O valor registrado foi de R$ 35,4 milh\u00f5es no trimestre que acabou em junho. O valor significa uma baixa de 61,9% em compara\u00e7\u00e3o com o mesmo per\u00edodo de 2018.<\/p>\n\n<p>O lucro semestral da <strong>AES<\/strong> <strong>Tiet\u00ea<\/strong> caiu 34% em rela\u00e7\u00e3o ao ano anterior. Dessa forma, o valor obtido neste semestre foi de R$ 97,5 milh\u00f5es. De acordo com a companhia, o recuo no lucro aconteceu por conta, principalmente, do plano de sazonaliza\u00e7\u00e3o adotado pela empresa.<\/p>\n<p>A receita l\u00edquida trimestral cresceu 7,3% ante 2018. O valor foi de R$ 461,9 milh\u00f5es a R$ 495,7 milh\u00f5es. Entretanto, no semestre, o avan\u00e7o foi de 11,7%. Entre janeiro e junho de 2018, o valor obtido foi de R$ 892 milh\u00f5es. J\u00e1 neste ano subiu para R$ 996,7 milh\u00f5es.<\/p>\n<p><a href=\"https:\/\/www.suno.com.br\/noticias\/unidas-balanco-resultado-lucro-liquido\/\">Veja tamb\u00e9m: Unidas registra aumento de 47,5% em seu lucro l\u00edquido no 2T19\u00a0<\/a><\/p>\n<p>O <strong><a href=\"https:\/\/www.suno.com.br\/artigos\/ebitda\/\">Ebitda<\/a><\/strong> (lucros antes de juros, impostos, deprecia\u00e7\u00e3o e amortiza\u00e7\u00e3o) chegou a R$ 225,5 milh\u00f5es no trimestre encerrado em junho. O valor significa uma baixa de 16,6% em compara\u00e7\u00e3o ao mesmo per\u00edodo do ano passado. Em rela\u00e7\u00e3o ao semestre, houve um recuo de 7,4%. O valor atingiu R$ 489,8 milh\u00f5es.<\/p>\n\t<p>\n\t\t<a href=\"https:\/\/lps.suno.com.br\/asset\/newsletter\/\" target=\"_blank\" data-element=\"shortcode-suno-banner\" title=\"Banner SUNO, clique e saiba mais\">\n\t\t\t<picture>\n\t\t\t\t<source media=\"(max-width: 500px)\" srcset=\"https:\/\/files.sunoresearch.com.br\/n\/uploads\/2023\/04\/400x300-Mobile-Artigos-4.jpg\">\n\t\t\t\t<img class=\"newsContent__article__imgCapa newsContent__article__imgCapa--banner\"\n\t\t\t\t\tsrc=\"https:\/\/files.sunoresearch.com.br\/n\/uploads\/2023\/04\/1420x240-Banner-Artigos-1-_-Banner-Materias-1.jpg\"\n\t\t\t\t\tdata-promo-id=\"386700\"\t\t\t\t\t\t\t\t\t\twidth='1420' height='240'\t\t\t\t\talt=\"https:\/\/files.sunoresearch.com.br\/n\/uploads\/2023\/04\/1420x240-Banner-Artigos-1-_-Banner-Materias-1.jpg\"\n\t\t\t\t>\n\t\t\t<\/picture>\n\t\t<\/a>\n\t<\/p>\n\n\n<p>A margem <strong>Ebtida<\/strong> diminuiu 13% e chegou a 45,5%. No semestre, a queda foi de 10,2%.<\/p>\n<p>\u201cSeguimos dedicados na execu\u00e7\u00e3o de nossa estrat\u00e9gia de crescimento e gera\u00e7\u00e3o de valor para os acionistas, atuando nos nossos tr\u00eas pilares estrat\u00e9gicos: Crescimento e Diversifica\u00e7\u00e3o, Excel\u00eancia Comercial e Excel\u00eancia Operacional\u201d, disse a <strong>AES Tiet\u00ea.<\/strong><\/p>\n","protected":false},"excerpt":{"rendered":"<p>A AES Tiet\u00ea (TIET11) informou, nesta quinta-feira (10), que encerrou as negocia\u00e7\u00f5es para a compra de ativos da Renova Energia (RNEW3) por conta do descumprimento das condi\u00e7\u00f5es previamente estabelecidas no contrato de compra e\u00a0venda de a\u00e7\u00f5es (CCVA), realizado no dia 09 de abril deste ano. AES Tiet\u00ea (foto: divulga\u00e7\u00e3o) Em comunicado, a AES Tiet\u00ea informou [&hellip;]<\/p>\n","protected":false},"author":23,"featured_media":16943,"comment_status":"closed","ping_status":"closed","sticky":false,"template":"","format":"standard","meta":[],"categories":[64],"tags":[347,617],"suno_strategy":[],"class_list":["post-40728","post","type-post","status-publish","format-standard","has-post-thumbnail","hentry","category-negocios","tag-aes-tiete-tiet3-tiet4-tiet11","tag-renova-rnew11-rnew3-rnew4"],"yoast_head":"<!-- This site is optimized with the Yoast SEO plugin v24.4 - https:\/\/yoast.com\/wordpress\/plugins\/seo\/ -->\n<title>AES Tiet\u00ea encerra negocia\u00e7\u00f5es para compra de ativos da Renova Energia<\/title>\n<meta name=\"description\" content=\"A AES Tiet\u00ea informou que encerrou as negocia\u00e7\u00f5es para a compra da Renova Energia ap\u00f3s descumprimento de condi\u00e7\u00f5es do CCVA. Clique para mais.\" \/>\n<meta name=\"robots\" content=\"index, follow, max-snippet:-1, max-image-preview:large, max-video-preview:-1\" \/>\n<link rel=\"canonical\" href=\"https:\/\/www.suno.com.br\/noticias\/aes-tiete-encerra-negociacoes-renova-energia\/\" \/>\n<meta property=\"og:locale\" content=\"pt_BR\" \/>\n<meta property=\"og:type\" content=\"article\" \/>\n<meta property=\"og:title\" content=\"AES Tiet\u00ea encerra negocia\u00e7\u00f5es para compra de ativos da Renova Energia\" \/>\n<meta property=\"og:description\" content=\"A AES Tiet\u00ea informou que encerrou as negocia\u00e7\u00f5es para a compra da Renova Energia ap\u00f3s descumprimento de condi\u00e7\u00f5es do CCVA. Clique para mais.\" \/>\n<meta property=\"og:url\" content=\"https:\/\/www.suno.com.br\/noticias\/aes-tiete-encerra-negociacoes-renova-energia\/\" \/>\n<meta property=\"og:site_name\" content=\"Suno Not\u00edcias\" \/>\n<meta property=\"article:publisher\" content=\"https:\/\/facebook.com\/sunoresearch\" \/>\n<meta property=\"og:image\" content=\"https:\/\/files.sunoresearch.com.br\/n\/uploads\/2019\/02\/390de0f9-aes-tiet\u00ea-e1557240517461.jpg\" \/>\n\t<meta property=\"og:image:width\" content=\"778\" \/>\n\t<meta property=\"og:image:height\" content=\"397\" \/>\n\t<meta property=\"og:image:type\" content=\"image\/jpeg\" \/>\n<meta name=\"author\" content=\"Rafael Lara\" \/>\n<meta name=\"twitter:card\" content=\"summary_large_image\" \/>\n<meta name=\"twitter:creator\" content=\"@sunoresearch\" \/>\n<meta name=\"twitter:site\" content=\"@sunoresearch\" \/>\n<meta name=\"twitter:label1\" content=\"Escrito por\" \/>\n\t<meta name=\"twitter:data1\" content=\"Rafael Lara\" \/>\n\t<meta name=\"twitter:label2\" content=\"Est. tempo de leitura\" \/>\n\t<meta name=\"twitter:data2\" content=\"2 minutos\" \/>\n<script type=\"application\/ld+json\" class=\"yoast-schema-graph\">{\"@context\":\"https:\/\/schema.org\",\"@graph\":[{\"@type\":\"NewsArticle\",\"@id\":\"https:\/\/www.suno.com.br\/noticias\/aes-tiete-encerra-negociacoes-renova-energia\/#article\",\"isPartOf\":{\"@id\":\"https:\/\/www.suno.com.br\/noticias\/aes-tiete-encerra-negociacoes-renova-energia\/\"},\"author\":{\"name\":\"Rafael Lara\",\"@id\":\"https:\/\/www.suno.com.br\/noticias\/#\/schema\/person\/098743caeed97b37f51315c9576c4078\"},\"headline\":\"AES Tiet\u00ea encerra negocia\u00e7\u00f5es para compra de ativos da Renova Energia\",\"datePublished\":\"2019-10-10T23:45:01+00:00\",\"dateModified\":\"2019-10-11T11:22:46+00:00\",\"mainEntityOfPage\":{\"@id\":\"https:\/\/www.suno.com.br\/noticias\/aes-tiete-encerra-negociacoes-renova-energia\/\"},\"wordCount\":365,\"publisher\":{\"@id\":\"https:\/\/www.suno.com.br\/noticias\/#organization\"},\"image\":{\"@id\":\"https:\/\/www.suno.com.br\/noticias\/aes-tiete-encerra-negociacoes-renova-energia\/#primaryimage\"},\"thumbnailUrl\":\"https:\/\/files.sunoresearch.com.br\/n\/uploads\/2019\/02\/390de0f9-aes-tiet\u00ea-e1557240517461-jpg.webp\",\"keywords\":[\"AES Tiet\u00ea (TIET3\/TIET4\/TIET11)\",\"Renova (RNEW11\/RNEW3\/RNEW4)\"],\"articleSection\":[\"Neg\u00f3cios\"],\"inLanguage\":\"pt-BR\"},{\"@type\":\"WebPage\",\"@id\":\"https:\/\/www.suno.com.br\/noticias\/aes-tiete-encerra-negociacoes-renova-energia\/\",\"url\":\"https:\/\/www.suno.com.br\/noticias\/aes-tiete-encerra-negociacoes-renova-energia\/\",\"name\":\"AES Tiet\u00ea encerra negocia\u00e7\u00f5es para compra de ativos da Renova Energia\",\"isPartOf\":{\"@id\":\"https:\/\/www.suno.com.br\/noticias\/#website\"},\"primaryImageOfPage\":{\"@id\":\"https:\/\/www.suno.com.br\/noticias\/aes-tiete-encerra-negociacoes-renova-energia\/#primaryimage\"},\"image\":{\"@id\":\"https:\/\/www.suno.com.br\/noticias\/aes-tiete-encerra-negociacoes-renova-energia\/#primaryimage\"},\"thumbnailUrl\":\"https:\/\/files.sunoresearch.com.br\/n\/uploads\/2019\/02\/390de0f9-aes-tiet\u00ea-e1557240517461-jpg.webp\",\"datePublished\":\"2019-10-10T23:45:01+00:00\",\"dateModified\":\"2019-10-11T11:22:46+00:00\",\"description\":\"A AES Tiet\u00ea informou que encerrou as negocia\u00e7\u00f5es para a compra da Renova Energia ap\u00f3s descumprimento de condi\u00e7\u00f5es do CCVA. Clique para mais.\",\"breadcrumb\":{\"@id\":\"https:\/\/www.suno.com.br\/noticias\/aes-tiete-encerra-negociacoes-renova-energia\/#breadcrumb\"},\"inLanguage\":\"pt-BR\",\"potentialAction\":[{\"@type\":\"ReadAction\",\"target\":[\"https:\/\/www.suno.com.br\/noticias\/aes-tiete-encerra-negociacoes-renova-energia\/\"]}]},{\"@type\":\"ImageObject\",\"inLanguage\":\"pt-BR\",\"@id\":\"https:\/\/www.suno.com.br\/noticias\/aes-tiete-encerra-negociacoes-renova-energia\/#primaryimage\",\"url\":\"https:\/\/files.sunoresearch.com.br\/n\/uploads\/2019\/02\/390de0f9-aes-tiet\u00ea-e1557240517461-jpg.webp\",\"contentUrl\":\"https:\/\/files.sunoresearch.com.br\/n\/uploads\/2019\/02\/390de0f9-aes-tiet\u00ea-e1557240517461-jpg.webp\",\"width\":778,\"height\":397,\"caption\":\"AES Tiet\u00ea (foto: divulga\u00e7\u00e3o)\"},{\"@type\":\"BreadcrumbList\",\"@id\":\"https:\/\/www.suno.com.br\/noticias\/aes-tiete-encerra-negociacoes-renova-energia\/#breadcrumb\",\"itemListElement\":[{\"@type\":\"ListItem\",\"position\":1,\"name\":\"Not\u00edcias\",\"item\":\"https:\/\/www.suno.com.br\/noticias\/\"},{\"@type\":\"ListItem\",\"position\":2,\"name\":\"Neg\u00f3cios\",\"item\":\"https:\/\/www.suno.com.br\/noticias\/negocios\/\"},{\"@type\":\"ListItem\",\"position\":3,\"name\":\"AES Tiet\u00ea encerra negocia\u00e7\u00f5es para compra de ativos da Renova Energia\"}]},{\"@type\":\"WebSite\",\"@id\":\"https:\/\/www.suno.com.br\/noticias\/#website\",\"url\":\"https:\/\/www.suno.com.br\/noticias\/\",\"name\":\"Suno Not\u00edcias\",\"description\":\"Seu portal de informa\u00e7\u00e3o sobre o mundo dos investimentos\",\"publisher\":{\"@id\":\"https:\/\/www.suno.com.br\/noticias\/#organization\"},\"potentialAction\":[{\"@type\":\"SearchAction\",\"target\":{\"@type\":\"EntryPoint\",\"urlTemplate\":\"https:\/\/www.suno.com.br\/noticias\/?s={search_term_string}\"},\"query-input\":{\"@type\":\"PropertyValueSpecification\",\"valueRequired\":true,\"valueName\":\"search_term_string\"}}],\"inLanguage\":\"pt-BR\"},{\"@type\":\"Organization\",\"@id\":\"https:\/\/www.suno.com.br\/noticias\/#organization\",\"name\":\"Suno Not\u00edcias\",\"url\":\"https:\/\/www.suno.com.br\/noticias\/\",\"logo\":{\"@type\":\"ImageObject\",\"inLanguage\":\"pt-BR\",\"@id\":\"https:\/\/www.suno.com.br\/noticias\/#\/schema\/logo\/image\/\",\"url\":\"https:\/\/files.sunoresearch.com.br\/n\/uploads\/2021\/09\/suno-logo.png\",\"contentUrl\":\"https:\/\/files.sunoresearch.com.br\/n\/uploads\/2021\/09\/suno-logo.png\",\"width\":180,\"height\":180,\"caption\":\"Suno Not\u00edcias\"},\"image\":{\"@id\":\"https:\/\/www.suno.com.br\/noticias\/#\/schema\/logo\/image\/\"},\"sameAs\":[\"https:\/\/facebook.com\/sunoresearch\",\"https:\/\/x.com\/sunoresearch\",\"https:\/\/www.instagram.com\/suno\",\"https:\/\/www.linkedin.com\/company\/suno-research\/\",\"https:\/\/www.youtube.com\/c\/sunoresearch\"]},{\"@type\":\"Person\",\"@id\":\"https:\/\/www.suno.com.br\/noticias\/#\/schema\/person\/098743caeed97b37f51315c9576c4078\",\"name\":\"Rafael Lara\",\"image\":{\"@type\":\"ImageObject\",\"inLanguage\":\"pt-BR\",\"@id\":\"https:\/\/www.suno.com.br\/noticias\/#\/schema\/person\/image\/\",\"url\":\"https:\/\/secure.gravatar.com\/avatar\/dfc254ab9bb2ea1895d98b9e9dae4bdd?s=96&r=g\",\"contentUrl\":\"https:\/\/secure.gravatar.com\/avatar\/dfc254ab9bb2ea1895d98b9e9dae4bdd?s=96&r=g\",\"caption\":\"Rafael Lara\"},\"description\":\"Rafael Lara cursa jornalismo na Faculdade C\u00e1sper L\u00edbero. Escreve sobre pol\u00edtica, economia e neg\u00f3cios para o portal Suno Not\u00edcias. Antes, colaborou na TV Gazeta na produ\u00e7\u00e3o do programa Edi\u00e7\u00e3o Extra.\",\"url\":\"https:\/\/www.suno.com.br\/noticias\/author\/rafael\/\"}]}<\/script>\n<!-- \/ Yoast SEO plugin. -->","yoast_head_json":{"title":"AES Tiet\u00ea encerra negocia\u00e7\u00f5es para compra de ativos da Renova Energia","description":"A AES Tiet\u00ea informou que encerrou as negocia\u00e7\u00f5es para a compra da Renova Energia ap\u00f3s descumprimento de condi\u00e7\u00f5es do CCVA. Clique para mais.","robots":{"index":"index","follow":"follow","max-snippet":"max-snippet:-1","max-image-preview":"max-image-preview:large","max-video-preview":"max-video-preview:-1"},"canonical":"https:\/\/www.suno.com.br\/noticias\/aes-tiete-encerra-negociacoes-renova-energia\/","og_locale":"pt_BR","og_type":"article","og_title":"AES Tiet\u00ea encerra negocia\u00e7\u00f5es para compra de ativos da Renova Energia","og_description":"A AES Tiet\u00ea informou que encerrou as negocia\u00e7\u00f5es para a compra da Renova Energia ap\u00f3s descumprimento de condi\u00e7\u00f5es do CCVA. Clique para mais.","og_url":"https:\/\/www.suno.com.br\/noticias\/aes-tiete-encerra-negociacoes-renova-energia\/","og_site_name":"Suno Not\u00edcias","article_publisher":"https:\/\/facebook.com\/sunoresearch","og_image":[{"width":778,"height":397,"url":"https:\/\/files.sunoresearch.com.br\/n\/uploads\/2019\/02\/390de0f9-aes-tiet\u00ea-e1557240517461.jpg","type":"image\/jpeg"}],"author":"Rafael Lara","twitter_card":"summary_large_image","twitter_creator":"@sunoresearch","twitter_site":"@sunoresearch","twitter_misc":{"Escrito por":"Rafael Lara","Est. tempo de leitura":"2 minutos"},"schema":{"@context":"https:\/\/schema.org","@graph":[{"@type":"NewsArticle","@id":"https:\/\/www.suno.com.br\/noticias\/aes-tiete-encerra-negociacoes-renova-energia\/#article","isPartOf":{"@id":"https:\/\/www.suno.com.br\/noticias\/aes-tiete-encerra-negociacoes-renova-energia\/"},"author":{"name":"Rafael Lara","@id":"https:\/\/www.suno.com.br\/noticias\/#\/schema\/person\/098743caeed97b37f51315c9576c4078"},"headline":"AES Tiet\u00ea encerra negocia\u00e7\u00f5es para compra de ativos da Renova Energia","datePublished":"2019-10-10T23:45:01+00:00","dateModified":"2019-10-11T11:22:46+00:00","mainEntityOfPage":{"@id":"https:\/\/www.suno.com.br\/noticias\/aes-tiete-encerra-negociacoes-renova-energia\/"},"wordCount":365,"publisher":{"@id":"https:\/\/www.suno.com.br\/noticias\/#organization"},"image":{"@id":"https:\/\/www.suno.com.br\/noticias\/aes-tiete-encerra-negociacoes-renova-energia\/#primaryimage"},"thumbnailUrl":"https:\/\/files.sunoresearch.com.br\/n\/uploads\/2019\/02\/390de0f9-aes-tiet\u00ea-e1557240517461-jpg.webp","keywords":["AES Tiet\u00ea (TIET3\/TIET4\/TIET11)","Renova (RNEW11\/RNEW3\/RNEW4)"],"articleSection":["Neg\u00f3cios"],"inLanguage":"pt-BR"},{"@type":"WebPage","@id":"https:\/\/www.suno.com.br\/noticias\/aes-tiete-encerra-negociacoes-renova-energia\/","url":"https:\/\/www.suno.com.br\/noticias\/aes-tiete-encerra-negociacoes-renova-energia\/","name":"AES Tiet\u00ea encerra negocia\u00e7\u00f5es para compra de ativos da Renova Energia","isPartOf":{"@id":"https:\/\/www.suno.com.br\/noticias\/#website"},"primaryImageOfPage":{"@id":"https:\/\/www.suno.com.br\/noticias\/aes-tiete-encerra-negociacoes-renova-energia\/#primaryimage"},"image":{"@id":"https:\/\/www.suno.com.br\/noticias\/aes-tiete-encerra-negociacoes-renova-energia\/#primaryimage"},"thumbnailUrl":"https:\/\/files.sunoresearch.com.br\/n\/uploads\/2019\/02\/390de0f9-aes-tiet\u00ea-e1557240517461-jpg.webp","datePublished":"2019-10-10T23:45:01+00:00","dateModified":"2019-10-11T11:22:46+00:00","description":"A AES Tiet\u00ea informou que encerrou as negocia\u00e7\u00f5es para a compra da Renova Energia ap\u00f3s descumprimento de condi\u00e7\u00f5es do CCVA. Clique para mais.","breadcrumb":{"@id":"https:\/\/www.suno.com.br\/noticias\/aes-tiete-encerra-negociacoes-renova-energia\/#breadcrumb"},"inLanguage":"pt-BR","potentialAction":[{"@type":"ReadAction","target":["https:\/\/www.suno.com.br\/noticias\/aes-tiete-encerra-negociacoes-renova-energia\/"]}]},{"@type":"ImageObject","inLanguage":"pt-BR","@id":"https:\/\/www.suno.com.br\/noticias\/aes-tiete-encerra-negociacoes-renova-energia\/#primaryimage","url":"https:\/\/files.sunoresearch.com.br\/n\/uploads\/2019\/02\/390de0f9-aes-tiet\u00ea-e1557240517461-jpg.webp","contentUrl":"https:\/\/files.sunoresearch.com.br\/n\/uploads\/2019\/02\/390de0f9-aes-tiet\u00ea-e1557240517461-jpg.webp","width":778,"height":397,"caption":"AES Tiet\u00ea (foto: divulga\u00e7\u00e3o)"},{"@type":"BreadcrumbList","@id":"https:\/\/www.suno.com.br\/noticias\/aes-tiete-encerra-negociacoes-renova-energia\/#breadcrumb","itemListElement":[{"@type":"ListItem","position":1,"name":"Not\u00edcias","item":"https:\/\/www.suno.com.br\/noticias\/"},{"@type":"ListItem","position":2,"name":"Neg\u00f3cios","item":"https:\/\/www.suno.com.br\/noticias\/negocios\/"},{"@type":"ListItem","position":3,"name":"AES Tiet\u00ea encerra negocia\u00e7\u00f5es para compra de ativos da Renova Energia"}]},{"@type":"WebSite","@id":"https:\/\/www.suno.com.br\/noticias\/#website","url":"https:\/\/www.suno.com.br\/noticias\/","name":"Suno Not\u00edcias","description":"Seu portal de informa\u00e7\u00e3o sobre o mundo dos investimentos","publisher":{"@id":"https:\/\/www.suno.com.br\/noticias\/#organization"},"potentialAction":[{"@type":"SearchAction","target":{"@type":"EntryPoint","urlTemplate":"https:\/\/www.suno.com.br\/noticias\/?s={search_term_string}"},"query-input":{"@type":"PropertyValueSpecification","valueRequired":true,"valueName":"search_term_string"}}],"inLanguage":"pt-BR"},{"@type":"Organization","@id":"https:\/\/www.suno.com.br\/noticias\/#organization","name":"Suno Not\u00edcias","url":"https:\/\/www.suno.com.br\/noticias\/","logo":{"@type":"ImageObject","inLanguage":"pt-BR","@id":"https:\/\/www.suno.com.br\/noticias\/#\/schema\/logo\/image\/","url":"https:\/\/files.sunoresearch.com.br\/n\/uploads\/2021\/09\/suno-logo.png","contentUrl":"https:\/\/files.sunoresearch.com.br\/n\/uploads\/2021\/09\/suno-logo.png","width":180,"height":180,"caption":"Suno Not\u00edcias"},"image":{"@id":"https:\/\/www.suno.com.br\/noticias\/#\/schema\/logo\/image\/"},"sameAs":["https:\/\/facebook.com\/sunoresearch","https:\/\/x.com\/sunoresearch","https:\/\/www.instagram.com\/suno","https:\/\/www.linkedin.com\/company\/suno-research\/","https:\/\/www.youtube.com\/c\/sunoresearch"]},{"@type":"Person","@id":"https:\/\/www.suno.com.br\/noticias\/#\/schema\/person\/098743caeed97b37f51315c9576c4078","name":"Rafael Lara","image":{"@type":"ImageObject","inLanguage":"pt-BR","@id":"https:\/\/www.suno.com.br\/noticias\/#\/schema\/person\/image\/","url":"https:\/\/secure.gravatar.com\/avatar\/dfc254ab9bb2ea1895d98b9e9dae4bdd?s=96&r=g","contentUrl":"https:\/\/secure.gravatar.com\/avatar\/dfc254ab9bb2ea1895d98b9e9dae4bdd?s=96&r=g","caption":"Rafael Lara"},"description":"Rafael Lara cursa jornalismo na Faculdade C\u00e1sper L\u00edbero. Escreve sobre pol\u00edtica, economia e neg\u00f3cios para o portal Suno Not\u00edcias. Antes, colaborou na TV Gazeta na produ\u00e7\u00e3o do programa Edi\u00e7\u00e3o Extra.","url":"https:\/\/www.suno.com.br\/noticias\/author\/rafael\/"}]}},"default_loop_html":"<div class=\"cardsPage__listCard__boxs\"><div class=\"cardsPage__listCard__boxs__img\"><a href=\"https:\/\/www.suno.com.br\/noticias\/aes-tiete-encerra-negociacoes-renova-energia\/\"><img class=\"mask\" src=\"https:\/\/www.suno.com.br\/noticias\/wp-content\/themes\/suno\/resources\/images\/spotlight\/spotlight1img\/bg-mask.png\" alt=\"Image Mask\"\/><img src=\"https:\/\/files.sunoresearch.com.br\/n\/uploads\/2019\/02\/390de0f9-aes-tiet\u00ea-e1557240517461-400x200.webp\" alt=\"AES Tiet\u00ea encerra negocia\u00e7\u00f5es para compra de ativos da Renova Energia\"\/><\/a><span class=\"spotlightCategory\"><a href=\"https:\/\/www.suno.com.br\/noticias\/negocios\/\">Neg\u00f3cios<\/a><\/span><\/div><div class=\"cardsPage__listCard__boxs__content\"><a href=\"https:\/\/www.suno.com.br\/noticias\/aes-tiete-encerra-negociacoes-renova-energia\/\"><h2 class=\"content__title\">AES Tiet\u00ea encerra negocia\u00e7\u00f5es para compra de ativos da Renova Energia<\/h2><\/a><div class=\"newsContent__article__meta\"><div class=\"newsContent__article__meta__authorBox\"><a href=\"https:\/\/www.suno.com.br\/noticias\/author\/rafael\/\" class=\"authorBox__avatar noMobi\"><img src=\"https:\/\/secure.gravatar.com\/avatar\/dfc254ab9bb2ea1895d98b9e9dae4bdd?s=96&#038;r=g\" alt=\"Rafael Lara\"><\/a><div class=\"authorBox__name\"><span>por\n\t\t\t<a href=\"https:\/\/www.suno.com.br\/noticias\/author\/rafael\/\"><span itemprop=\"author\">Rafael Lara<\/span><\/a><\/span><time datetime=\"2019-10-10T20:45:01-03:00\" itemprop=\"datePublished\">10\/10\/2019 20:45<\/time><\/div><\/div><\/div><\/div><\/div>","single_layout":"posts","amp_enabled":true,"_links":{"self":[{"href":"https:\/\/www.suno.com.br\/noticias\/wp-json\/wp\/v2\/posts\/40728"}],"collection":[{"href":"https:\/\/www.suno.com.br\/noticias\/wp-json\/wp\/v2\/posts"}],"about":[{"href":"https:\/\/www.suno.com.br\/noticias\/wp-json\/wp\/v2\/types\/post"}],"author":[{"embeddable":true,"href":"https:\/\/www.suno.com.br\/noticias\/wp-json\/wp\/v2\/users\/23"}],"replies":[{"embeddable":true,"href":"https:\/\/www.suno.com.br\/noticias\/wp-json\/wp\/v2\/comments?post=40728"}],"version-history":[{"count":0,"href":"https:\/\/www.suno.com.br\/noticias\/wp-json\/wp\/v2\/posts\/40728\/revisions"}],"wp:featuredmedia":[{"embeddable":true,"href":"https:\/\/www.suno.com.br\/noticias\/wp-json\/wp\/v2\/media\/16943"}],"wp:attachment":[{"href":"https:\/\/www.suno.com.br\/noticias\/wp-json\/wp\/v2\/media?parent=40728"}],"wp:term":[{"taxonomy":"category","embeddable":true,"href":"https:\/\/www.suno.com.br\/noticias\/wp-json\/wp\/v2\/categories?post=40728"},{"taxonomy":"post_tag","embeddable":true,"href":"https:\/\/www.suno.com.br\/noticias\/wp-json\/wp\/v2\/tags?post=40728"},{"taxonomy":"suno_strategy","embeddable":true,"href":"https:\/\/www.suno.com.br\/noticias\/wp-json\/wp\/v2\/suno_strategy?post=40728"}],"curies":[{"name":"wp","href":"https:\/\/api.w.org\/{rel}","templated":true}]}}