{"id":407177,"date":"2023-05-20T16:51:47","date_gmt":"2023-05-20T19:51:47","guid":{"rendered":"https:\/\/www.suno.com.br\/noticias\/?p=407177"},"modified":"2023-05-20T16:51:49","modified_gmt":"2023-05-20T19:51:49","slug":"gasolina-anp-petrobras-petr4-preco-combustiveis","status":"publish","type":"post","link":"https:\/\/www.suno.com.br\/noticias\/gasolina-anp-petrobras-petr4-preco-combustiveis\/","title":{"rendered":"Gasolina: ap\u00f3s an\u00fancio da Petrobras (PETR4), pre\u00e7o cai 0,5% na semana, diz ANP"},"content":{"rendered":"<p>Apesar das quedas expressivas da <strong>gasolina,<\/strong> diesel e g\u00e1s de cozinha anunciadas pela <a href=\"https:\/\/www.suno.com.br\/acoes\/PETR4\/\" target=\"_blank\" rel=\"noreferrer noopener\"><strong>Petrobras<\/strong>&nbsp;(PETR4)<\/a> no in\u00edcio desta semana, os pre\u00e7os desses combust\u00edveis resistem em ceder nos postos de abastecimento. O valor m\u00e9dio da gasolina caiu apenas 0,5% nos postos, diante da baixa de 12,6% nas refinarias da estatal, enquanto o diesel foi o que mais teve impacto: um recuo de 1,9% na semana de at\u00e9 20 de maio, informou a Ag\u00eancia Nacional do Petr\u00f3leo, G\u00e1s Natural e Biocombust\u00edveis (ANP).<\/p>\t<div class=\"wrapper-featured-image\">\n\t\t<figure class=\"spotlightImg\">\n\n\t\t\t<picture>\n\t\t\t\t<source media=\"(max-width: 768px)\" srcset=\"https:\/\/files.sunoresearch.com.br\/n\/uploads\/2022\/06\/gas-station-g029e93a85_1920-400x200.jpg\">\n\t\t\t\t<img loading=\"lazy\" decoding=\"async\" class=\"newsContent__article__imgCapa lazyloadDisabled \" src=\"https:\/\/files.sunoresearch.com.br\/n\/uploads\/2022\/06\/gas-station-g029e93a85_1920-800x450.jpg\" width=\"800\" height=\"450\" alt=\"Gasolina: ap\u00f3s an\u00fancio da Petrobras (PETR4), pre\u00e7o cai 0,5% na semana, diz ANP\" fetchpriority=high \/>\n\t\t\t<\/picture>\n\n\t\t\t<figcaption class=\"wp-caption-text wp-caption-text--show\">Posto de gasolina. Foto: Pixabay<\/figcaption>\n\t\t<\/figure>\n\t<\/div>\n\n\n\n\n\n\t<p>\n\t\t<a href=\"\" target=\"_blank\" data-element=\"shortcode-suno-banner\" title=\"Banner SUNO, clique e saiba mais\">\n\t\t\t<picture>\n\t\t\t\t<source media=\"(max-width: 500px)\" srcset=\"\">\n\t\t\t\t<img class=\"newsContent__article__imgCapa newsContent__article__imgCapa--banner\"\n\t\t\t\t\tsrc=\"\"\n\t\t\t\t\tdata-promo-id=\"240038\"\t\t\t\t\t\t\t\t\t\t\t\t\t\t\talt=\"\"\n\t\t\t\t>\n\t\t\t<\/picture>\n\t\t<\/a>\n\t<\/p>\n\n\n\n\n\n\n\n<p>J\u00e1 o g\u00e1s de cozinha, cuja queda foi ainda mais expressiva nas refinarias, de 21,6%, cedeu apenas 0,1%, com <a class=\"suno-keyword\" target=\"_blank\" data-force=\"no\" data-priority=\"1\" href=\"https:\/\/www.suno.com.br\/artigos\/preco-medio\/\" rel=\"noopener\">pre\u00e7o m\u00e9dio<\/a> de R$ 108,72, sendo o botij\u00e3o mais caro encontrado a R$ 155 e o mais barato, a R$ 70.<\/p>\n\n\n\n<p>O <strong>pre\u00e7o m\u00e9dio da gasolina <\/strong>nos postos ficou em R$ 5,46 o litro, com a cota\u00e7\u00e3o mais alta de R$ 7,30 e a mais baixa, de R$ 4,39. O diesel registrou <a class=\"suno-keyword\" target=\"_blank\" data-force=\"no\" data-priority=\"1\" href=\"https:\/\/www.suno.com.br\/artigos\/preco-medio\/\" rel=\"noopener\">pre\u00e7o m\u00e9dio<\/a> de R$ 5,46 o litro, com o maior valor de R$ 8,49 e o mais menor, de R$ 4,59.<\/p>\n\n\n\n<h2 class=\"wp-block-heading\">Petrobras cortou pre\u00e7o da gasolina, diesel e GLP; veja novos valores<\/h2>\n\n\n\n<p>O presidente da&nbsp;<a href=\"https:\/\/www.suno.com.br\/acoes\/PETR4\/\" target=\"_blank\" rel=\"noreferrer noopener\"><strong>Petrobras<\/strong>&nbsp;(PETR4)<\/a>, Jean Paul Prates, anunciou na ter\u00e7a (16) um novo<strong> corte no pre\u00e7o da gasolina<\/strong> vendido para as distribuidoras.<\/p>\n\n\n\n<p>Conforme o an\u00fancio do <strong>presidente da Petrobras<\/strong>, a empresa reduzir\u00e1 em R$ 0,40 por litro o seu&nbsp;<a href=\"https:\/\/www.suno.com.br\/artigos\/preco-medio\/\" target=\"_blank\" rel=\"noreferrer noopener\">pre\u00e7o m\u00e9dio<\/a>&nbsp;de<strong> venda da<\/strong>&nbsp;<strong>gasolina&nbsp;<\/strong>tipo A para as distribuidoras, saindo ent\u00e3o de R$ 3,18 para R$ 2,78 por litro.<\/p>\n\n\n\n<p>O novo&nbsp;<strong>pre\u00e7o da gasolina<\/strong>&nbsp;passa a vigorar j\u00e1 nesta quarta-feira (17).<\/p>\n\n\n\n<p>A redu\u00e7\u00e3o de 12,6% no pre\u00e7o foi anunciada ap\u00f3s a empresa informar, tamb\u00e9m no per\u00edodo da manh\u00e3, que foi aprovada pela Diretoria Executiva uma mudan\u00e7a na estrat\u00e9gia comercial para defini\u00e7\u00e3o de&nbsp;<strong>pre\u00e7os&nbsp;<\/strong>de&nbsp;<strong>diesel<\/strong>&nbsp;e&nbsp;<strong>gasolina<\/strong>, em substitui\u00e7\u00e3o \u00e0 pol\u00edtica de pre\u00e7o de gasolina e diesel comercializados por suas refinarias.<\/p>\n\n\n\n<p>Prates tamb\u00e9m anunciou que a empresa reduzir\u00e1 em R$ 0,44 por litro o seu&nbsp;<a target=\"_blank\" href=\"https:\/\/www.suno.com.br\/artigos\/preco-medio\/\" rel=\"noreferrer noopener\">pre\u00e7o m\u00e9dio<\/a>&nbsp;de venda de diesel tipo A para as distribuidoras, que passar\u00e1 de R$ 3,46 para R$ 3,02 por litro.<\/p>\n\n\n\n<p>Os pre\u00e7os do G\u00e1s Liquefeito de Petr\u00f3leo (GLP), mais conhecido como g\u00e1s de cozinha, tamb\u00e9m ter\u00e1 uma redu\u00e7\u00e3o de R$ 0,69 por quilo no pre\u00e7o m\u00e9dio.<\/p>\n\n\n\n<p>Em nota divulgada logo ap\u00f3s o an\u00fancio, a Petrobras destacou que o valor efetivamente cobra ao consumidor final no posto \u00e9 afetado tamb\u00e9m por outros fatores, como impostos, mistura de biocombust\u00edveis e margens de lucro das distribuidoras e da revenda.<\/p>\n\n\n\t<p>\n\t\t<a href=\"https:\/\/lp.suno.com.br\/ebook-gratuito-investindo-no-exterior\/\" target=\"_blank\" data-element=\"shortcode-suno-banner\" title=\"Banner SUNO, clique e saiba mais\">\n\t\t\t<picture>\n\t\t\t\t<source media=\"(max-width: 500px)\" srcset=\"https:\/\/files.sunoresearch.com.br\/n\/uploads\/2023\/03\/400x300-Investindo-no-exterior.png\">\n\t\t\t\t<img class=\"newsContent__article__imgCapa newsContent__article__imgCapa--banner\"\n\t\t\t\t\tsrc=\"https:\/\/files.sunoresearch.com.br\/n\/uploads\/2023\/03\/1420x240-Investindo-no-exterior.png\"\n\t\t\t\t\tdata-promo-id=\"383161\"\t\t\t\t\t\t\t\t\t\twidth='1420' height='240'\t\t\t\t\talt=\"https:\/\/files.sunoresearch.com.br\/n\/uploads\/2023\/03\/1420x240-Investindo-no-exterior.png\"\n\t\t\t\t>\n\t\t\t<\/picture>\n\t\t<\/a>\n\t<\/p>\n\n\n\n\n\n<h2 class=\"wp-block-heading\">Infla\u00e7\u00e3o: Ita\u00fa (ITUB4) atualiza proje\u00e7\u00e3o do IPCA 2023 ap\u00f3s corte dos combust\u00edveis<\/h2>\n\n\n\n<p>O&nbsp;<a href=\"https:\/\/www.suno.com.br\/acoes\/ITUB4\/\" target=\"_blank\" rel=\"noreferrer noopener\">Ita\u00fa Unibanco (ITUB4)<\/a>&nbsp;revisou de 6,0% para 5,8% a estimativa de&nbsp;<strong>infla\u00e7\u00e3o<\/strong>&nbsp;para o \u00cdndice Nacional de Pre\u00e7os ao Consumidor Amplo (IPCA) de 2023 ap\u00f3s o an\u00fancio da queda dos pre\u00e7os dos combust\u00edveis pela&nbsp;<a href=\"https:\/\/www.suno.com.br\/acoes\/PETR4\/\" target=\"_blank\" rel=\"noreferrer noopener\">Petrobras (PETR4)<\/a>. A estimativa para 2024 foi mantida em 4,5%.<\/p>\n\n\n\n<p>Na avalia\u00e7\u00e3o das economistas Luciana Rabelo e Julia Passabom, an\u00fancio de hoje anula quase todo o impacto altista da volta de&nbsp;<a target=\"_blank\" href=\"https:\/\/www.suno.com.br\/artigos\/tributos-federais\/\" rel=\"noreferrer noopener\">tributos federais<\/a>&nbsp;e estaduais sobre o<strong>&nbsp;pre\u00e7o da gasolina<\/strong>&nbsp;no ano. \u201cCabe lembrar que a nossa proje\u00e7\u00e3o para o ano inclui al\u00edquota de R$ 1,22 no ICMS sobre a gasolina no m\u00eas de junho (impacto de +21bps) e a volta do Pis\/Cofins de R$ 0,34 sobre a gasolina em julho (impacto de +34bps)\u201d, escreveram no relat\u00f3rio.<\/p>\n\n\n\n<p>Elas ponderam que, observando-se a pol\u00edtica de&nbsp;<strong>pre\u00e7os da Petrobras<\/strong>, poderia haver espa\u00e7o para corte adicional, provavelmente em julho, caso o&nbsp;<strong>pre\u00e7o do petr\u00f3leo<\/strong>&nbsp;continue pr\u00f3ximo de US$ 75 por barril e o c\u00e2mbio pouco abaixo de R$ 5 por d\u00f3lar, \u201co que n\u00e3o \u00e9 nosso cen\u00e1rio base \u00e0 frente\u201d, dizem.<\/p>\n\n\n\n<p>O&nbsp;<strong>cen\u00e1rio de infla\u00e7\u00e3o do Ita\u00fa<\/strong>&nbsp;leva em conta&nbsp;<a target=\"_blank\" href=\"https:\/\/www.suno.com.br\/artigos\/precos-administrados\/\" rel=\"noreferrer noopener\">pre\u00e7os administrados<\/a>&nbsp;em 10,2% e livres, em 4,3%, com destaque para a alta de apenas 1,5% em alimentos, seguindo infla\u00e7\u00e3o pr\u00f3xima de 13% no grupo ano passado. \u201cA desinfla\u00e7\u00e3o se d\u00e1 com clima favor\u00e1vel para plantio e colheita da safra brasileira e americana esse ano, com El Ni\u00f1o no segundo semestre, bem como pela queda observada no pre\u00e7o de fertilizantes, ap\u00f3s o choque observado do ano passado\u201d, afirmam.<\/p>\n\n\n\n<p>Elas estimam ainda 3,3% na&nbsp;<strong>infla\u00e7\u00e3o de bens industriais<\/strong>&nbsp;e alta de 6,2% em servi\u00e7os. \u201cO \u00faltimo grupo, mais inercial e com impacto de um mercado de trabalho ainda resiliente e com ritmo de alta de sal\u00e1rios robusto, tende a mostrar trajet\u00f3ria de desinfla\u00e7\u00e3o mais lenta e gradual, o que \u00e9 compat\u00edvel com o est\u00e1gio atual do ciclo\u201d, escreveram Rabelo e Passabom.<\/p>\n\n\n\n<p>E a infla\u00e7\u00e3o no ano que vem? O Ita\u00fa manteve a proje\u00e7\u00e3o de 4,5% para o IPCA de 2024. Rabelo e Passabom ponderam que o seu cen\u00e1rio n\u00e3o incorpora um eventual impacto de uma revis\u00e3o da meta. Isso, explicam, tenderia a levar a proje\u00e7\u00e3o do ano para acima de 5%.<\/p>\n\n\n\n<p>\u201cPor outro lado, a manuten\u00e7\u00e3o da meta em 3%, um c\u00e2mbio mais apreciado e uma menor in\u00e9rcia da&nbsp;<strong>infla\u00e7\u00e3o&nbsp;<\/strong>vinda de 2023 s\u00e3o riscos de baixa para nossa proje\u00e7\u00e3o. Ajustar a meta \u00e0s proje\u00e7\u00f5es, e n\u00e3o vice-versa, seria manobra de risco, cujo resultado mais prov\u00e1vel seria intensificar a desancoragem das expectativas\u201d, afirmam ao comentar o impacto da redu\u00e7\u00e3o do pre\u00e7o dos combust\u00edveis, como o da <strong>gasolina<\/strong>.<\/p>\n\n\n\n<p><em>Com Estad\u00e3o Conte\u00fado<\/em><\/p>\n\n\n\t<p>\n\t\t<a href=\"https:\/\/lp.suno.com.br\/suno-one\/?utm_campaign=_SNC6964518A_\" target=\"_blank\" data-element=\"shortcode-suno-banner\" title=\"Banner SUNO, clique e saiba mais\">\n\t\t\t<picture>\n\t\t\t\t<source media=\"(max-width: 500px)\" srcset=\"https:\/\/files.sunoresearch.com.br\/n\/uploads\/2025\/09\/400x300-Suno-One-png.webp\">\n\t\t\t\t<img class=\"newsContent__article__imgCapa newsContent__article__imgCapa--banner\"\n\t\t\t\t\tsrc=\"https:\/\/files.sunoresearch.com.br\/n\/uploads\/2025\/09\/1420x240-Suno-One-png.webp\"\n\t\t\t\t\tdata-promo-id=\"383121\"\t\t\t\t\t\t\t\t\t\twidth='1420' height='240'\t\t\t\t\talt=\"https:\/\/files.sunoresearch.com.br\/n\/uploads\/2025\/09\/1420x240-Suno-One-png.webp\"\n\t\t\t\t>\n\t\t\t<\/picture>\n\t\t<\/a>\n\t<\/p>\n\n\n","protected":false},"excerpt":{"rendered":"<p>Apesar das quedas expressivas da gasolina, diesel e g\u00e1s de cozinha anunciadas pela Petrobras&nbsp;(PETR4) no in\u00edcio desta semana, os pre\u00e7os desses combust\u00edveis resistem em ceder nos postos de abastecimento. O valor m\u00e9dio da gasolina caiu apenas 0,5% nos postos, diante da baixa de 12,6% nas refinarias da estatal, enquanto o diesel foi o que mais [&hellip;]<\/p>\n","protected":false},"author":98,"featured_media":263419,"comment_status":"closed","ping_status":"closed","sticky":false,"template":"","format":"standard","meta":[],"categories":[62],"tags":[764,1437,879,595],"suno_strategy":[],"class_list":["post-407177","post","type-post","status-publish","format-standard","has-post-thumbnail","hentry","category-economia","tag-anp","tag-combustiveis","tag-gasolina","tag-petrobras-petr4"],"yoast_head":"<!-- This site is optimized with the Yoast SEO plugin v24.4 - https:\/\/yoast.com\/wordpress\/plugins\/seo\/ -->\n<title>Gasolina: ap\u00f3s an\u00fancio da Petrobras (PETR4), pre\u00e7o cai 0,5%, diz ANP<\/title>\n<meta name=\"description\" content=\"O valor m\u00e9dio da gasolina caiu apenas 0,5% nos postos, diante da baixa de 12,6% nas refinarias da estatal, informou a ANP.\" \/>\n<meta name=\"robots\" content=\"index, follow, max-snippet:-1, max-image-preview:large, max-video-preview:-1\" \/>\n<link rel=\"canonical\" href=\"https:\/\/www.suno.com.br\/noticias\/gasolina-anp-petrobras-petr4-preco-combustiveis\/\" \/>\n<meta property=\"og:locale\" content=\"pt_BR\" \/>\n<meta property=\"og:type\" content=\"article\" \/>\n<meta property=\"og:title\" content=\"Gasolina: ap\u00f3s an\u00fancio da Petrobras (PETR4), pre\u00e7o cai 0,5%, diz ANP\" \/>\n<meta property=\"og:description\" content=\"O valor m\u00e9dio da gasolina caiu apenas 0,5% nos postos, diante da baixa de 12,6% nas refinarias da estatal, informou a ANP.\" \/>\n<meta property=\"og:url\" content=\"https:\/\/www.suno.com.br\/noticias\/gasolina-anp-petrobras-petr4-preco-combustiveis\/\" \/>\n<meta property=\"og:site_name\" content=\"Suno Not\u00edcias\" \/>\n<meta property=\"article:publisher\" content=\"https:\/\/facebook.com\/sunoresearch\" \/>\n<meta property=\"og:image\" content=\"https:\/\/files.sunoresearch.com.br\/n\/uploads\/2022\/06\/gas-station-g029e93a85_1920.jpg\" \/>\n\t<meta property=\"og:image:width\" content=\"1920\" \/>\n\t<meta property=\"og:image:height\" content=\"1440\" \/>\n\t<meta property=\"og:image:type\" content=\"image\/jpeg\" \/>\n<meta name=\"author\" content=\"Marco Ant\u00f4nio Lopes\" \/>\n<meta name=\"twitter:card\" content=\"summary_large_image\" \/>\n<meta name=\"twitter:creator\" content=\"@sunoresearch\" \/>\n<meta name=\"twitter:site\" content=\"@sunoresearch\" \/>\n<meta name=\"twitter:label1\" content=\"Escrito por\" \/>\n\t<meta name=\"twitter:data1\" content=\"Marco Ant\u00f4nio Lopes\" \/>\n\t<meta name=\"twitter:label2\" content=\"Est. tempo de leitura\" \/>\n\t<meta name=\"twitter:data2\" content=\"5 minutos\" \/>\n<script type=\"application\/ld+json\" class=\"yoast-schema-graph\">{\"@context\":\"https:\/\/schema.org\",\"@graph\":[{\"@type\":\"NewsArticle\",\"@id\":\"https:\/\/www.suno.com.br\/noticias\/gasolina-anp-petrobras-petr4-preco-combustiveis\/#article\",\"isPartOf\":{\"@id\":\"https:\/\/www.suno.com.br\/noticias\/gasolina-anp-petrobras-petr4-preco-combustiveis\/\"},\"author\":{\"name\":\"Marco Ant\u00f4nio Lopes\",\"@id\":\"https:\/\/www.suno.com.br\/noticias\/#\/schema\/person\/829bbe8d57f84333b966b96229c6bf5f\"},\"headline\":\"Gasolina: ap\u00f3s an\u00fancio da Petrobras (PETR4), pre\u00e7o cai 0,5% na semana, diz ANP\",\"datePublished\":\"2023-05-20T19:51:47+00:00\",\"dateModified\":\"2023-05-20T19:51:49+00:00\",\"mainEntityOfPage\":{\"@id\":\"https:\/\/www.suno.com.br\/noticias\/gasolina-anp-petrobras-petr4-preco-combustiveis\/\"},\"wordCount\":977,\"publisher\":{\"@id\":\"https:\/\/www.suno.com.br\/noticias\/#organization\"},\"image\":{\"@id\":\"https:\/\/www.suno.com.br\/noticias\/gasolina-anp-petrobras-petr4-preco-combustiveis\/#primaryimage\"},\"thumbnailUrl\":\"https:\/\/files.sunoresearch.com.br\/n\/uploads\/2022\/06\/gas-station-g029e93a85_1920.jpg\",\"keywords\":[\"ANP\",\"combust\u00edveis\",\"Gasolina\",\"Petrobras (PETR4)\"],\"articleSection\":[\"Economia\"],\"inLanguage\":\"pt-BR\"},{\"@type\":\"WebPage\",\"@id\":\"https:\/\/www.suno.com.br\/noticias\/gasolina-anp-petrobras-petr4-preco-combustiveis\/\",\"url\":\"https:\/\/www.suno.com.br\/noticias\/gasolina-anp-petrobras-petr4-preco-combustiveis\/\",\"name\":\"Gasolina: ap\u00f3s an\u00fancio da Petrobras (PETR4), pre\u00e7o cai 0,5%, diz ANP\",\"isPartOf\":{\"@id\":\"https:\/\/www.suno.com.br\/noticias\/#website\"},\"primaryImageOfPage\":{\"@id\":\"https:\/\/www.suno.com.br\/noticias\/gasolina-anp-petrobras-petr4-preco-combustiveis\/#primaryimage\"},\"image\":{\"@id\":\"https:\/\/www.suno.com.br\/noticias\/gasolina-anp-petrobras-petr4-preco-combustiveis\/#primaryimage\"},\"thumbnailUrl\":\"https:\/\/files.sunoresearch.com.br\/n\/uploads\/2022\/06\/gas-station-g029e93a85_1920.jpg\",\"datePublished\":\"2023-05-20T19:51:47+00:00\",\"dateModified\":\"2023-05-20T19:51:49+00:00\",\"description\":\"O valor m\u00e9dio da gasolina caiu apenas 0,5% nos postos, diante da baixa de 12,6% nas refinarias da estatal, informou a ANP.\",\"breadcrumb\":{\"@id\":\"https:\/\/www.suno.com.br\/noticias\/gasolina-anp-petrobras-petr4-preco-combustiveis\/#breadcrumb\"},\"inLanguage\":\"pt-BR\",\"potentialAction\":[{\"@type\":\"ReadAction\",\"target\":[\"https:\/\/www.suno.com.br\/noticias\/gasolina-anp-petrobras-petr4-preco-combustiveis\/\"]}]},{\"@type\":\"ImageObject\",\"inLanguage\":\"pt-BR\",\"@id\":\"https:\/\/www.suno.com.br\/noticias\/gasolina-anp-petrobras-petr4-preco-combustiveis\/#primaryimage\",\"url\":\"https:\/\/files.sunoresearch.com.br\/n\/uploads\/2022\/06\/gas-station-g029e93a85_1920.jpg\",\"contentUrl\":\"https:\/\/files.sunoresearch.com.br\/n\/uploads\/2022\/06\/gas-station-g029e93a85_1920.jpg\",\"width\":1920,\"height\":1440,\"caption\":\"Posto de gasolina. Foto: Pixabay\"},{\"@type\":\"BreadcrumbList\",\"@id\":\"https:\/\/www.suno.com.br\/noticias\/gasolina-anp-petrobras-petr4-preco-combustiveis\/#breadcrumb\",\"itemListElement\":[{\"@type\":\"ListItem\",\"position\":1,\"name\":\"Not\u00edcias\",\"item\":\"https:\/\/www.suno.com.br\/noticias\/\"},{\"@type\":\"ListItem\",\"position\":2,\"name\":\"Economia\",\"item\":\"https:\/\/www.suno.com.br\/noticias\/economia\/\"},{\"@type\":\"ListItem\",\"position\":3,\"name\":\"Gasolina: ap\u00f3s an\u00fancio da Petrobras (PETR4), pre\u00e7o cai 0,5% na semana, diz ANP\"}]},{\"@type\":\"WebSite\",\"@id\":\"https:\/\/www.suno.com.br\/noticias\/#website\",\"url\":\"https:\/\/www.suno.com.br\/noticias\/\",\"name\":\"Suno Not\u00edcias\",\"description\":\"Seu portal de informa\u00e7\u00e3o sobre o mundo dos investimentos\",\"publisher\":{\"@id\":\"https:\/\/www.suno.com.br\/noticias\/#organization\"},\"potentialAction\":[{\"@type\":\"SearchAction\",\"target\":{\"@type\":\"EntryPoint\",\"urlTemplate\":\"https:\/\/www.suno.com.br\/noticias\/?s={search_term_string}\"},\"query-input\":{\"@type\":\"PropertyValueSpecification\",\"valueRequired\":true,\"valueName\":\"search_term_string\"}}],\"inLanguage\":\"pt-BR\"},{\"@type\":\"Organization\",\"@id\":\"https:\/\/www.suno.com.br\/noticias\/#organization\",\"name\":\"Suno Not\u00edcias\",\"url\":\"https:\/\/www.suno.com.br\/noticias\/\",\"logo\":{\"@type\":\"ImageObject\",\"inLanguage\":\"pt-BR\",\"@id\":\"https:\/\/www.suno.com.br\/noticias\/#\/schema\/logo\/image\/\",\"url\":\"https:\/\/files.sunoresearch.com.br\/n\/uploads\/2021\/09\/suno-logo.png\",\"contentUrl\":\"https:\/\/files.sunoresearch.com.br\/n\/uploads\/2021\/09\/suno-logo.png\",\"width\":180,\"height\":180,\"caption\":\"Suno Not\u00edcias\"},\"image\":{\"@id\":\"https:\/\/www.suno.com.br\/noticias\/#\/schema\/logo\/image\/\"},\"sameAs\":[\"https:\/\/facebook.com\/sunoresearch\",\"https:\/\/x.com\/sunoresearch\",\"https:\/\/www.instagram.com\/suno\",\"https:\/\/www.linkedin.com\/company\/suno-research\/\",\"https:\/\/www.youtube.com\/c\/sunoresearch\"]},{\"@type\":\"Person\",\"@id\":\"https:\/\/www.suno.com.br\/noticias\/#\/schema\/person\/829bbe8d57f84333b966b96229c6bf5f\",\"name\":\"Marco Ant\u00f4nio Lopes\",\"image\":{\"@type\":\"ImageObject\",\"inLanguage\":\"pt-BR\",\"@id\":\"https:\/\/www.suno.com.br\/noticias\/#\/schema\/person\/image\/\",\"url\":\"https:\/\/secure.gravatar.com\/avatar\/385167b012fbc1cde32c5446ee253313?s=96&r=g\",\"contentUrl\":\"https:\/\/secure.gravatar.com\/avatar\/385167b012fbc1cde32c5446ee253313?s=96&r=g\",\"caption\":\"Marco Ant\u00f4nio Lopes\"},\"description\":\"Jornalista, \u00e9 editor no Suno Not\u00edcias. Trabalhou nas revistas Playboy, Super, Veja Comer &amp; Beber, Homem Vogue e Universo Masculino, al\u00e9m dos portais Abril.com, R7, nas editorias de Home, Esportes, Hora 7, Entretenimento e Geral, e Eu Quero Investir. Autor do livro Bruce Lee: Definitivo (Editora Conrad). Colaborou nas revistas Nova, Veja SP, Grandes Guerras, Placar, Bizz, Casa Claudia e Quatro Rodas.\",\"url\":\"https:\/\/www.suno.com.br\/noticias\/author\/marco-lopes\/\"}]}<\/script>\n<!-- \/ Yoast SEO plugin. -->","yoast_head_json":{"title":"Gasolina: ap\u00f3s an\u00fancio da Petrobras (PETR4), pre\u00e7o cai 0,5%, diz ANP","description":"O valor m\u00e9dio da gasolina caiu apenas 0,5% nos postos, diante da baixa de 12,6% nas refinarias da estatal, informou a ANP.","robots":{"index":"index","follow":"follow","max-snippet":"max-snippet:-1","max-image-preview":"max-image-preview:large","max-video-preview":"max-video-preview:-1"},"canonical":"https:\/\/www.suno.com.br\/noticias\/gasolina-anp-petrobras-petr4-preco-combustiveis\/","og_locale":"pt_BR","og_type":"article","og_title":"Gasolina: ap\u00f3s an\u00fancio da Petrobras (PETR4), pre\u00e7o cai 0,5%, diz ANP","og_description":"O valor m\u00e9dio da gasolina caiu apenas 0,5% nos postos, diante da baixa de 12,6% nas refinarias da estatal, informou a ANP.","og_url":"https:\/\/www.suno.com.br\/noticias\/gasolina-anp-petrobras-petr4-preco-combustiveis\/","og_site_name":"Suno Not\u00edcias","article_publisher":"https:\/\/facebook.com\/sunoresearch","og_image":[{"width":1920,"height":1440,"url":"https:\/\/files.sunoresearch.com.br\/n\/uploads\/2022\/06\/gas-station-g029e93a85_1920.jpg","type":"image\/jpeg"}],"author":"Marco Ant\u00f4nio Lopes","twitter_card":"summary_large_image","twitter_creator":"@sunoresearch","twitter_site":"@sunoresearch","twitter_misc":{"Escrito por":"Marco Ant\u00f4nio Lopes","Est. tempo de leitura":"5 minutos"},"schema":{"@context":"https:\/\/schema.org","@graph":[{"@type":"NewsArticle","@id":"https:\/\/www.suno.com.br\/noticias\/gasolina-anp-petrobras-petr4-preco-combustiveis\/#article","isPartOf":{"@id":"https:\/\/www.suno.com.br\/noticias\/gasolina-anp-petrobras-petr4-preco-combustiveis\/"},"author":{"name":"Marco Ant\u00f4nio Lopes","@id":"https:\/\/www.suno.com.br\/noticias\/#\/schema\/person\/829bbe8d57f84333b966b96229c6bf5f"},"headline":"Gasolina: ap\u00f3s an\u00fancio da Petrobras (PETR4), pre\u00e7o cai 0,5% na semana, diz ANP","datePublished":"2023-05-20T19:51:47+00:00","dateModified":"2023-05-20T19:51:49+00:00","mainEntityOfPage":{"@id":"https:\/\/www.suno.com.br\/noticias\/gasolina-anp-petrobras-petr4-preco-combustiveis\/"},"wordCount":977,"publisher":{"@id":"https:\/\/www.suno.com.br\/noticias\/#organization"},"image":{"@id":"https:\/\/www.suno.com.br\/noticias\/gasolina-anp-petrobras-petr4-preco-combustiveis\/#primaryimage"},"thumbnailUrl":"https:\/\/files.sunoresearch.com.br\/n\/uploads\/2022\/06\/gas-station-g029e93a85_1920.jpg","keywords":["ANP","combust\u00edveis","Gasolina","Petrobras (PETR4)"],"articleSection":["Economia"],"inLanguage":"pt-BR"},{"@type":"WebPage","@id":"https:\/\/www.suno.com.br\/noticias\/gasolina-anp-petrobras-petr4-preco-combustiveis\/","url":"https:\/\/www.suno.com.br\/noticias\/gasolina-anp-petrobras-petr4-preco-combustiveis\/","name":"Gasolina: ap\u00f3s an\u00fancio da Petrobras (PETR4), pre\u00e7o cai 0,5%, diz ANP","isPartOf":{"@id":"https:\/\/www.suno.com.br\/noticias\/#website"},"primaryImageOfPage":{"@id":"https:\/\/www.suno.com.br\/noticias\/gasolina-anp-petrobras-petr4-preco-combustiveis\/#primaryimage"},"image":{"@id":"https:\/\/www.suno.com.br\/noticias\/gasolina-anp-petrobras-petr4-preco-combustiveis\/#primaryimage"},"thumbnailUrl":"https:\/\/files.sunoresearch.com.br\/n\/uploads\/2022\/06\/gas-station-g029e93a85_1920.jpg","datePublished":"2023-05-20T19:51:47+00:00","dateModified":"2023-05-20T19:51:49+00:00","description":"O valor m\u00e9dio da gasolina caiu apenas 0,5% nos postos, diante da baixa de 12,6% nas refinarias da estatal, informou a ANP.","breadcrumb":{"@id":"https:\/\/www.suno.com.br\/noticias\/gasolina-anp-petrobras-petr4-preco-combustiveis\/#breadcrumb"},"inLanguage":"pt-BR","potentialAction":[{"@type":"ReadAction","target":["https:\/\/www.suno.com.br\/noticias\/gasolina-anp-petrobras-petr4-preco-combustiveis\/"]}]},{"@type":"ImageObject","inLanguage":"pt-BR","@id":"https:\/\/www.suno.com.br\/noticias\/gasolina-anp-petrobras-petr4-preco-combustiveis\/#primaryimage","url":"https:\/\/files.sunoresearch.com.br\/n\/uploads\/2022\/06\/gas-station-g029e93a85_1920.jpg","contentUrl":"https:\/\/files.sunoresearch.com.br\/n\/uploads\/2022\/06\/gas-station-g029e93a85_1920.jpg","width":1920,"height":1440,"caption":"Posto de gasolina. Foto: Pixabay"},{"@type":"BreadcrumbList","@id":"https:\/\/www.suno.com.br\/noticias\/gasolina-anp-petrobras-petr4-preco-combustiveis\/#breadcrumb","itemListElement":[{"@type":"ListItem","position":1,"name":"Not\u00edcias","item":"https:\/\/www.suno.com.br\/noticias\/"},{"@type":"ListItem","position":2,"name":"Economia","item":"https:\/\/www.suno.com.br\/noticias\/economia\/"},{"@type":"ListItem","position":3,"name":"Gasolina: ap\u00f3s an\u00fancio da Petrobras (PETR4), pre\u00e7o cai 0,5% na semana, diz ANP"}]},{"@type":"WebSite","@id":"https:\/\/www.suno.com.br\/noticias\/#website","url":"https:\/\/www.suno.com.br\/noticias\/","name":"Suno Not\u00edcias","description":"Seu portal de informa\u00e7\u00e3o sobre o mundo dos investimentos","publisher":{"@id":"https:\/\/www.suno.com.br\/noticias\/#organization"},"potentialAction":[{"@type":"SearchAction","target":{"@type":"EntryPoint","urlTemplate":"https:\/\/www.suno.com.br\/noticias\/?s={search_term_string}"},"query-input":{"@type":"PropertyValueSpecification","valueRequired":true,"valueName":"search_term_string"}}],"inLanguage":"pt-BR"},{"@type":"Organization","@id":"https:\/\/www.suno.com.br\/noticias\/#organization","name":"Suno Not\u00edcias","url":"https:\/\/www.suno.com.br\/noticias\/","logo":{"@type":"ImageObject","inLanguage":"pt-BR","@id":"https:\/\/www.suno.com.br\/noticias\/#\/schema\/logo\/image\/","url":"https:\/\/files.sunoresearch.com.br\/n\/uploads\/2021\/09\/suno-logo.png","contentUrl":"https:\/\/files.sunoresearch.com.br\/n\/uploads\/2021\/09\/suno-logo.png","width":180,"height":180,"caption":"Suno Not\u00edcias"},"image":{"@id":"https:\/\/www.suno.com.br\/noticias\/#\/schema\/logo\/image\/"},"sameAs":["https:\/\/facebook.com\/sunoresearch","https:\/\/x.com\/sunoresearch","https:\/\/www.instagram.com\/suno","https:\/\/www.linkedin.com\/company\/suno-research\/","https:\/\/www.youtube.com\/c\/sunoresearch"]},{"@type":"Person","@id":"https:\/\/www.suno.com.br\/noticias\/#\/schema\/person\/829bbe8d57f84333b966b96229c6bf5f","name":"Marco Ant\u00f4nio Lopes","image":{"@type":"ImageObject","inLanguage":"pt-BR","@id":"https:\/\/www.suno.com.br\/noticias\/#\/schema\/person\/image\/","url":"https:\/\/secure.gravatar.com\/avatar\/385167b012fbc1cde32c5446ee253313?s=96&r=g","contentUrl":"https:\/\/secure.gravatar.com\/avatar\/385167b012fbc1cde32c5446ee253313?s=96&r=g","caption":"Marco Ant\u00f4nio Lopes"},"description":"Jornalista, \u00e9 editor no Suno Not\u00edcias. Trabalhou nas revistas Playboy, Super, Veja Comer &amp; Beber, Homem Vogue e Universo Masculino, al\u00e9m dos portais Abril.com, R7, nas editorias de Home, Esportes, Hora 7, Entretenimento e Geral, e Eu Quero Investir. Autor do livro Bruce Lee: Definitivo (Editora Conrad). Colaborou nas revistas Nova, Veja SP, Grandes Guerras, Placar, Bizz, Casa Claudia e Quatro Rodas.","url":"https:\/\/www.suno.com.br\/noticias\/author\/marco-lopes\/"}]}},"default_loop_html":"<div class=\"cardsPage__listCard__boxs\"><div class=\"cardsPage__listCard__boxs__img\"><a href=\"https:\/\/www.suno.com.br\/noticias\/gasolina-anp-petrobras-petr4-preco-combustiveis\/\"><img class=\"mask\" src=\"https:\/\/www.suno.com.br\/noticias\/wp-content\/themes\/suno\/resources\/images\/spotlight\/spotlight1img\/bg-mask.png\" alt=\"Image Mask\"\/><img src=\"https:\/\/files.sunoresearch.com.br\/n\/uploads\/2022\/06\/gas-station-g029e93a85_1920-400x200.jpg\" alt=\"Gasolina: ap\u00f3s an\u00fancio da Petrobras (PETR4), pre\u00e7o cai 0,5% na semana, diz ANP\"\/><\/a><span class=\"spotlightCategory\"><a href=\"https:\/\/www.suno.com.br\/noticias\/economia\/\">Economia<\/a><\/span><\/div><div class=\"cardsPage__listCard__boxs__content\"><a href=\"https:\/\/www.suno.com.br\/noticias\/gasolina-anp-petrobras-petr4-preco-combustiveis\/\"><h2 class=\"content__title\">Gasolina: ap\u00f3s an\u00fancio da Petrobras (PETR4), pre\u00e7o cai 0,5% na semana, diz ANP<\/h2><\/a><div class=\"newsContent__article__meta\"><div class=\"newsContent__article__meta__authorBox\"><a href=\"https:\/\/www.suno.com.br\/noticias\/author\/marco-lopes\/\" class=\"authorBox__avatar noMobi\"><img src=\"https:\/\/secure.gravatar.com\/avatar\/385167b012fbc1cde32c5446ee253313?s=96&#038;r=g\" alt=\"Marco Ant\u00f4nio Lopes\"><\/a><div class=\"authorBox__name\"><span>por\n\t\t\t<a href=\"https:\/\/www.suno.com.br\/noticias\/author\/marco-lopes\/\"><span itemprop=\"author\">Marco Ant\u00f4nio Lopes<\/span><\/a><\/span><time datetime=\"2023-05-20T16:51:47-03:00\" itemprop=\"datePublished\">20\/05\/2023 16:51<\/time><\/div><\/div><\/div><\/div><\/div>","single_layout":"posts","amp_enabled":true,"_links":{"self":[{"href":"https:\/\/www.suno.com.br\/noticias\/wp-json\/wp\/v2\/posts\/407177"}],"collection":[{"href":"https:\/\/www.suno.com.br\/noticias\/wp-json\/wp\/v2\/posts"}],"about":[{"href":"https:\/\/www.suno.com.br\/noticias\/wp-json\/wp\/v2\/types\/post"}],"author":[{"embeddable":true,"href":"https:\/\/www.suno.com.br\/noticias\/wp-json\/wp\/v2\/users\/98"}],"replies":[{"embeddable":true,"href":"https:\/\/www.suno.com.br\/noticias\/wp-json\/wp\/v2\/comments?post=407177"}],"version-history":[{"count":2,"href":"https:\/\/www.suno.com.br\/noticias\/wp-json\/wp\/v2\/posts\/407177\/revisions"}],"predecessor-version":[{"id":407179,"href":"https:\/\/www.suno.com.br\/noticias\/wp-json\/wp\/v2\/posts\/407177\/revisions\/407179"}],"wp:featuredmedia":[{"embeddable":true,"href":"https:\/\/www.suno.com.br\/noticias\/wp-json\/wp\/v2\/media\/263419"}],"wp:attachment":[{"href":"https:\/\/www.suno.com.br\/noticias\/wp-json\/wp\/v2\/media?parent=407177"}],"wp:term":[{"taxonomy":"category","embeddable":true,"href":"https:\/\/www.suno.com.br\/noticias\/wp-json\/wp\/v2\/categories?post=407177"},{"taxonomy":"post_tag","embeddable":true,"href":"https:\/\/www.suno.com.br\/noticias\/wp-json\/wp\/v2\/tags?post=407177"},{"taxonomy":"suno_strategy","embeddable":true,"href":"https:\/\/www.suno.com.br\/noticias\/wp-json\/wp\/v2\/suno_strategy?post=407177"}],"curies":[{"name":"wp","href":"https:\/\/api.w.org\/{rel}","templated":true}]}}