{"id":407139,"date":"2023-05-20T13:41:11","date_gmt":"2023-05-20T16:41:11","guid":{"rendered":"https:\/\/www.suno.com.br\/noticias\/?p=407139"},"modified":"2023-05-20T13:41:13","modified_gmt":"2023-05-20T16:41:13","slug":"g7-comunicado-foco-seguranca-alimentar-impasse-lula","status":"publish","type":"post","link":"https:\/\/www.suno.com.br\/noticias\/g7-comunicado-foco-seguranca-alimentar-impasse-lula\/","title":{"rendered":"G7: comunicado com foco em seguran\u00e7a alimentar alivia impasse de Lula"},"content":{"rendered":"<p>Os pa\u00edses-membros do <strong>G7<\/strong> e seus convidados para a c\u00fapula de Hiroshima fecharam um comunicado conjunto neste s\u00e1bado, 20, sem cr\u00edticas \u00e0 R\u00fassia pela guerra e com foco na seguran\u00e7a alimentar. O presidente Luiz In\u00e1cio Lula da Silva (PT) \u00e9 signat\u00e1rio do documento. Na pr\u00e1tica, o texto &#8211; resultante da reuni\u00e3o entre os chefes de governo presentes no evento &#8211; alivia o impasse no qual estava mergulhado o presidente, que resistia a assinar qualquer comunicado potencialmente hostil a Moscou.<\/p>\t<div class=\"wrapper-featured-image\">\n\t\t<figure class=\"spotlightImg\">\n\n\t\t\t<picture>\n\t\t\t\t<source media=\"(max-width: 768px)\" srcset=\"https:\/\/files.sunoresearch.com.br\/n\/uploads\/2023\/05\/G7-cupula-no-Japao-400x200.jpg\">\n\t\t\t\t<img loading=\"lazy\" decoding=\"async\" class=\"newsContent__article__imgCapa lazyloadDisabled \" src=\"https:\/\/files.sunoresearch.com.br\/n\/uploads\/2023\/05\/G7-cupula-no-Japao-800x450.jpg\" width=\"800\" height=\"450\" alt=\"G7: comunicado com foco em seguran\u00e7a alimentar alivia impasse de Lula\" fetchpriority=high \/>\n\t\t\t<\/picture>\n\n\t\t\t<figcaption class=\"wp-caption-text wp-caption-text--show\">C\u00fapula do G7 no Jap\u00e3o. Foto: Ricardo Stuckert<\/figcaption>\n\t\t<\/figure>\n\t<\/div>\n\n\n\n\n\n\t<p>\n\t\t<a href=\"\" target=\"_blank\" data-element=\"shortcode-suno-banner\" title=\"Banner SUNO, clique e saiba mais\">\n\t\t\t<picture>\n\t\t\t\t<source media=\"(max-width: 500px)\" srcset=\"\">\n\t\t\t\t<img class=\"newsContent__article__imgCapa newsContent__article__imgCapa--banner\"\n\t\t\t\t\tsrc=\"\"\n\t\t\t\t\tdata-promo-id=\"240038\"\t\t\t\t\t\t\t\t\t\t\t\t\t\t\talt=\"\"\n\t\t\t\t>\n\t\t\t<\/picture>\n\t\t<\/a>\n\t<\/p>\n\n\n\n\n\n\n\n<p>No comunicado exclusivo dos <strong>pa\u00edses-membros do G7<\/strong>, por\u00e9m, o tom elevado contra a R\u00fassia foi uma marca que ser\u00e1 refor\u00e7ada ao final da c\u00fapula. Enquanto o Grupo dos Sete \u00e9 coeso no apoio \u00e0 Ucr\u00e2nia, <strong>Lula<\/strong> e outros l\u00edderes de pa\u00edses em desenvolvimento preferem adotar postura que chamam de neutralidade.<\/p>\n\n\n\n<p>No texto conjunto de hoje, os signat\u00e1rios se comprometem a trabalhar juntos para responder ao agravamento da crise de seguran\u00e7a alimentar global, ampliada pela guerra entre R\u00fassia e Ucr\u00e2nia. O peso do conflito \u00e9 reconhecido.<\/p>\n\n\n\n<p>&#8220;A guerra na Ucr\u00e2nia agravou ainda mais a atual crise de seguran\u00e7a alimentar em todo o mundo, especialmente nos pa\u00edses em desenvolvimento e menos desenvolvidos. Observamos com profunda preocupa\u00e7\u00e3o o impacto adverso da guerra na Ucr\u00e2nia e enfatizamos que ela est\u00e1 causando imenso sofrimento humano e exacerbando as fragilidades existentes na economia global&#8221;, diz o comunicado.<\/p>\n\n\n\n<p>Na semana passada, o embaixador Maur\u00edcio Lyrio, secret\u00e1rio de Assuntos Econ\u00f4micos e Financeiros, afirmou que o Brasil negociaria este texto de forma a manter o tom neutro adotado pelo Pa\u00eds quando o assunto \u00e9 a guerra. &#8220;Como \u00e9 uma declara\u00e7\u00e3o sobre seguran\u00e7a alimentar e h\u00e1 efeitos do conflito na Ucr\u00e2nia sobre acesso a alimentos e n\u00f3s sabemos disso, uma refer\u00eancia inicial dever\u00e1 ser feita ao conflito na Ucr\u00e2nia. E, naturalmente, o governo brasileiro negocia essa linguagem para que seja compat\u00edvel com a linguagem que o Brasil tem usado sobre o tema&#8221;, declarou o diplomata.<\/p>\n\n\n\n<p>Ao longo da declara\u00e7\u00e3o, o G7 e seus convidados se comprometem, inclusive, a apoiar as exporta\u00e7\u00f5es de gr\u00e3os da <strong>Ucr\u00e2nia <\/strong>e da pr\u00f3pria R\u00fassia como forma de evitar um desabastecimento na cadeia global de suprimentos. Os gr\u00e3os russos n\u00e3o foram alvo de san\u00e7\u00f5es por seu papel relevante na alimenta\u00e7\u00e3o da humanidade.<\/p>\n\n\n\n<p>&#8220;Estaremos trabalhando em conjunto para responder \u00e0 atual crise de seguran\u00e7a alimentar, inclusive por apoio \u00e0 exporta\u00e7\u00e3o de gr\u00e3os da Ucr\u00e2nia e da R\u00fassia, com a expans\u00e3o e extens\u00e3o do BSGI (Iniciativa de Gr\u00e3os do Mar Negro)&#8221;, dizem os signat\u00e1rios, o que inclui Lula.<\/p>\n\n\n\n<p>O BSGI \u00e9 um acordo da comunidade global que permite a exporta\u00e7\u00e3o de gr\u00e3os pelo Mar Negro como forma de garantir o abastecimento mundial apesar da guerra. A R\u00fassia renovou por mais 60 dias seu compromisso com o tratado nesta semana.<\/p>\n\n\n\n<p>&#8220;Apelamos a todos os participantes da BSGI a continuar a implementar plenamente sua operacionaliza\u00e7\u00e3o, em seu potencial m\u00e1ximo e pelo tempo que for necess\u00e1rio, e enfatizamos a import\u00e2ncia de permitir que os gr\u00e3os continuem a chegar aos que mais necessitam&#8221;, diz o texto conjunto<\/p>\n\n\n\t<p>\n\t\t<a href=\"https:\/\/lp.suno.com.br\/ebook-gratuito-investindo-no-exterior\/\" target=\"_blank\" data-element=\"shortcode-suno-banner\" title=\"Banner SUNO, clique e saiba mais\">\n\t\t\t<picture>\n\t\t\t\t<source media=\"(max-width: 500px)\" srcset=\"https:\/\/files.sunoresearch.com.br\/n\/uploads\/2023\/03\/400x300-Investindo-no-exterior.png\">\n\t\t\t\t<img class=\"newsContent__article__imgCapa newsContent__article__imgCapa--banner\"\n\t\t\t\t\tsrc=\"https:\/\/files.sunoresearch.com.br\/n\/uploads\/2023\/03\/1420x240-Investindo-no-exterior.png\"\n\t\t\t\t\tdata-promo-id=\"383161\"\t\t\t\t\t\t\t\t\t\twidth='1420' height='240'\t\t\t\t\talt=\"https:\/\/files.sunoresearch.com.br\/n\/uploads\/2023\/03\/1420x240-Investindo-no-exterior.png\"\n\t\t\t\t>\n\t\t\t<\/picture>\n\t\t<\/a>\n\t<\/p>\n\n\n\n\n\n<figure class=\"wp-block-image size-large\"><img loading=\"lazy\" decoding=\"async\" width=\"1024\" height=\"613\" src=\"https:\/\/files.sunoresearch.com.br\/n\/uploads\/2023\/05\/G7-no-Japao-1024x613.jpg\" alt=\"\" class=\"wp-image-407147\" srcset=\"https:\/\/files.sunoresearch.com.br\/n\/uploads\/2023\/05\/G7-no-Japao-1024x613.jpg 1024w, https:\/\/files.sunoresearch.com.br\/n\/uploads\/2023\/05\/G7-no-Japao-300x180.jpg 300w, https:\/\/files.sunoresearch.com.br\/n\/uploads\/2023\/05\/G7-no-Japao-768x460.jpg 768w, https:\/\/files.sunoresearch.com.br\/n\/uploads\/2023\/05\/G7-no-Japao-150x90.jpg 150w, https:\/\/files.sunoresearch.com.br\/n\/uploads\/2023\/05\/G7-no-Japao.jpg 1350w\" sizes=\"(max-width: 1024px) 100vw, 1024px\" \/><figcaption class=\"wp-element-caption\">O presidente brasileiro destacou que \u00e9 necess\u00e1rio que o mundo pense, junto, sobre uma transi\u00e7\u00e3o ecol\u00f3gica e justa, com industrializa\u00e7\u00e3o verde<\/figcaption><\/figure>\n\n\n\n<h2 class=\"wp-block-heading\">G7: Lula cobra responsabilidade de pa\u00edses ricos na quest\u00e3o clim\u00e1tica<\/h2>\n\n\n\n<p>Em seu discurso na segunda sess\u00e3o da <strong>c\u00fapula do G7<\/strong>, neste s\u00e1bado (20), em Hiroshima, no Jap\u00e3o, o presidente da Rep\u00fablica, Luiz In\u00e1cio da Lula da Silva, cobrou responsabilidade dos pa\u00edses ricos para enfrentar os desafios das mudan\u00e7as clim\u00e1ticas. Segundo ele, \u00e9 preciso, por exemplo, que essas na\u00e7\u00f5es cumpram promessa de alocarem US$ 100 bilh\u00f5es, por ano, em a\u00e7\u00f5es clim\u00e1ticas.<\/p>\n\n\n\n<p>\u201cN\u00e3o h\u00e1 d\u00favidas que precisamos ampliar nossos esfor\u00e7os de mitiga\u00e7\u00e3o, em especial os pa\u00edses que historicamente mais emitiram gases de efeito estufa, mas n\u00e3o podemos perder de vista a demanda crescente por adapta\u00e7\u00e3o e perdas e danos. E \u00e9 por isso que insistimos tanto que os pa\u00edses ricos cumpram a promessa de alocarem US$ 100 bilh\u00f5es \u00e0 a\u00e7\u00e3o clim\u00e1tica. Outros esfor\u00e7os ser\u00e3o bem-vindos, mas n\u00e3o substituem o que foi acordado na COP de Copenhague\u201d, disse Lula.<\/p>\n\n\n\n<p>O presidente brasileiro destacou que \u00e9 necess\u00e1rio que o mundo pense, junto, sobre uma transi\u00e7\u00e3o ecol\u00f3gica e justa, com industrializa\u00e7\u00e3o verde, gera\u00e7\u00e3o de empregos dignos e combate \u00e0 pobreza, \u00e0 fome e \u00e0 desigualdade.<\/p>\n\n\n\n<p>\u201cDe nada adianta os pa\u00edses e regi\u00f5es ricos avan\u00e7arem na implementa\u00e7\u00e3o de planos sofisticados de transi\u00e7\u00e3o se o resto do mundo ficar para tr\u00e1s ou, pior ainda, for prejudicado pelo processo. Os pa\u00edses em desenvolvimento continuar\u00e3o precisando de financiamento, tecnologia e apoio t\u00e9cnico para transformarem suas economias, combater a mudan\u00e7a do clima, preservar a biodiversidade e lutar contra a desertifica\u00e7\u00e3o\u201d.<\/p>\n\n\n\n<p>Ele cobrou ainda a valoriza\u00e7\u00e3o das conven\u00e7\u00f5es internacionais sobre meio ambiente que discutem e resultam em acordos atrav\u00e9s de \u201camplo di\u00e1logo com a sociedade civil\u201d.<\/p>\n\n\n\n<p>\u201cEstamos pr\u00f3ximos de um ponto irrevers\u00edvel\u201d, afirmou. \u201cN\u00e3o estamos atuando com a rapidez necess\u00e1ria para conter o aumento da temperatura global, como pactuamos no Acordo de Paris. Mas essa \u00e9 uma crise que n\u00e3o afeta a todos da mesma forma, nem no mesmo grau, nem no mesmo ritmo. Mais de 3 bilh\u00f5es de pessoas j\u00e1 s\u00e3o diretamente atingidas pela mudan\u00e7a do clima, em especial em pa\u00edses de renda m\u00e9dia e baixa. E, da forma que caminhamos, esse n\u00famero seguir\u00e1 aumentando\u201d.<\/p>\n\n\n\n<h2 class=\"wp-block-heading\">Matriz energ\u00e9tica brasileira<\/h2>\n\n\n\n<p>Lula aproveitou o discurso para mencionar o que, segundo ele, \u00e9 uma das mais matrizes mais limpas do mundo, com potencial para produzir energia solar, e\u00f3lica, biomassa, etanol, biodiesel e hidrog\u00eanio verde.<\/p>\n\n\n\n<p>\u201cTemos consci\u00eancia de que a Amaz\u00f4nia protegida \u00e9 parte da solu\u00e7\u00e3o. \u00c9 por isso que estamos organizando em agosto deste ano, em Bel\u00e9m, uma c\u00fapula de pa\u00edses amaz\u00f4nicos. E \u00e9 por isso que o Brasil teve sua candidatura \u00e0 sede da COP30 do clima aprovada ap\u00f3s decis\u00e3o un\u00e2nime do Grupo Latino-Americano e Caribenho. Seguiremos abertos \u00e0 coopera\u00e7\u00e3o internacional para a preserva\u00e7\u00e3o dos nossos biomas, seja em forma de investimento ou colabora\u00e7\u00e3o em pesquisa cient\u00edfica\u201d.<\/p>\n\n\n\n<p>O presidente agradeceu aportes anunciados recentemente ao Fundo Amaz\u00f4nia e afirmou que os ind\u00edgenas ser\u00e3o os protagonistas da preserva\u00e7\u00e3o do bioma. \u201cO Brasil ser\u00e1 implac\u00e1vel em seu combate aos crimes ambientais. Queremos liderar o processo que permitir\u00e1 salvar o planeta. Vamos cumprir nossos compromissos de zerar o desmatamento at\u00e9 2030 e alcan\u00e7ar as metas voluntariamente assumidas no Acordo de Paris.\u201d<\/p>\n\n\n\n<p>A preserva\u00e7\u00e3o da Amaz\u00f4nia foi um dos assuntos tratados em reuni\u00e3o com o presidente franc\u00eas Emmanuel Macron, tamb\u00e9m neste s\u00e1bado. O bioma \u00e9 compartilhado pelos dois pa\u00edses, j\u00e1 que a Guiana Francesa, que tem uma fronteira de 730 quil\u00f4metros com o estado do Amap\u00e1, integra o territ\u00f3rio da Fran\u00e7a.<\/p>\n\n\n\n<p>Em suas redes sociais, Lula disse que tamb\u00e9m conversou com Macron sobre solu\u00e7\u00f5es para a paz na Ucr\u00e2nia, que teve seu territ\u00f3rio invadido pela R\u00fassia no in\u00edcio de 2022.<\/p>\n\n\n\n<p>\u201cReencontro com o presidente da Fran\u00e7a, Emmanuel Macron, no G7. Falamos sobre a preserva\u00e7\u00e3o da Amaz\u00f4nia e caminhos para a constru\u00e7\u00e3o da paz na Ucr\u00e2nia. Estamos retomando a amizade e a parceria entre nossos pa\u00edses, podemos fazer muitas coisas juntos\u201d, escreveu Lula na postagem que inclui uma foto dos dois chefes de governo se cumprimentando.<\/p>\n\n\n\n<p>Neste s\u00e1bado, Macron tamb\u00e9m se reuniu no G7 com o presidente da Ucr\u00e2nia, Volodimir Zelensky. \u201cUm avi\u00e3o com as cores da Rep\u00fablica Francesa chegou em Hiroshima. A delega\u00e7\u00e3o ucraniana estava a bordo. Eles chegaram ao G7 para trabalhar conosco e com nossos parceiros. Pela vit\u00f3ria da Ucr\u00e2nia. Pela volta da paz \u00e0 Europa\u201d, escreveu Macron em seu perfil no Twitter neste s\u00e1bado, junto com um v\u00eddeo em que os dois l\u00edderes europeus aparecem conversando.<\/p>\n\n\n\n<p>Lula tamb\u00e9m se reuniu neste s\u00e1bado com o primeiro-ministro alem\u00e3o, Olaf Scholz, e com a diretora-geral do <a class=\"suno-keyword\" target=\"_blank\" data-force=\"no\" data-priority=\"2\" href=\"https:\/\/www.suno.com.br\/artigos\/fmi\/\" rel=\"noopener\">Fundo Monet\u00e1rio Internacional (FMI)<\/a>, Kristalina Georgieva.<\/p>\n\n\n\n<h2 class=\"wp-block-heading\">G7 promete esfor\u00e7os para atingir cobertura universal de sa\u00fade no mundo<\/h2>\n\n\n\n<p>Os <strong>l\u00edderes do G7 <\/strong>divulgaram neste s\u00e1bado (20) um comunicado conjunto com mais de 60 pontos, depois de reuni\u00e3o de c\u00fapula ocorrida em Hiroshima, no Jap\u00e3o. O grupo \u00e9 composto por oito das principais economias do mundo, sendo sete pa\u00edses (Estados Unidos, Jap\u00e3o, Alemanha, Fran\u00e7a, Reino Unido, Canad\u00e1 e It\u00e1lia) e a Uni\u00e3o Europeia.<\/p>\n\n\n\n<p>O Brasil participa do encontro como um dos oito pa\u00edses convidados. No comunicado conjunto, as <strong>lideran\u00e7as do G7<\/strong> se comprometem a trabalhar conjuntamente para investir na produ\u00e7\u00e3o de vacinas em todo o mundo, no Fundo da Pandemia e em um futuro acordo para a preven\u00e7\u00e3o, prepara\u00e7\u00e3o e resposta a pandemias. Tamb\u00e9m destaca esfor\u00e7os para se atingir uma cobertura universal de sa\u00fade at\u00e9 2030.<\/p>\n\n\n\n<p>\u201cRenovamos os compromissos de trabalhar, junto com nossos parceiros globais a fim de assistir aos pa\u00edses para que alcancem a UHC [cobertura universal de sa\u00fade, na sigla em ingl\u00eas] atrav\u00e9s do apoio \u00e0 assist\u00eancia b\u00e1sica de sa\u00fade e ao desenvolvimento e restaura\u00e7\u00e3o dos servi\u00e7os de sa\u00fade essenciais\u201d, diz o comunicado.<\/p>\n\n\n\n<p>Outro ponto de destaque do comunicado \u00e9 o compromisso de preservar o planeta com a acelera\u00e7\u00e3o da descarboniza\u00e7\u00e3o dos seus setores energ\u00e9ticos e a implanta\u00e7\u00e3o de energias renov\u00e1veis. Tamb\u00e9m se comprometem a acabar com a polui\u00e7\u00e3o dos pl\u00e1sticos e proteger os oceanos.<\/p>\n\n\n\n<p>\u201cNosso planeta est\u00e1 enfrentando desafios sem precedentes provenientes da tripla crise global das mudan\u00e7as clim\u00e1ticas, perda da biodiversidade e polui\u00e7\u00e3o, al\u00e9m das crises energ\u00e9ticas em curso. Estamos firmes no nosso compromisso com o Compromisso de Paris, mantendo o limite de aumento da temperatura global em 1,5\u00b0C dentro do alcance atrav\u00e9s de a\u00e7\u00e3o ampliada nessa d\u00e9cada cr\u00edtica\u201d, diz o documento.<\/p>\n\n\n\n<p>Outros pontos do documento foram os compromissos de trabalhar juntos para combater o tr\u00e1fico de pessoas, manter a <a class=\"suno-keyword\" target=\"_blank\" data-force=\"no\" data-priority=\"1\" href=\"https:\/\/www.suno.com.br\/artigos\/estabilidade-financeira\/\" rel=\"noopener\">estabilidade financeira<\/a> global, promover o desenvolvimento sustent\u00e1vel, acelerar o atingimento dos Objetivos do Desenvolvimento Sustent\u00e1vel (ODS) e reconhecer que a redu\u00e7\u00e3o da pobreza anda de m\u00e3os dadas com o enfrentamento \u00e0 crise clim\u00e1tica.<\/p>\n\n\n\n<p>Os l\u00edderes do G7 afirmaram que est\u00e3o tomando medidas concretas para apoiar a Ucr\u00e2nia contra o que eles chamam de \u201cguerra de agress\u00e3o ilegal da R\u00fassia\u201d pelo tempo que for necess\u00e1rio, refor\u00e7ar o desarmamento e n\u00e3o prolifera\u00e7\u00e3o nuclear, conduzir a transi\u00e7\u00e3o para economias de energia limpa e lan\u00e7ar uma a\u00e7\u00e3o para o combate \u00e0 fome.<\/p>\n\n\n\n<p>Em outro trecho do documento, o G7 informou estar pronto para manter rela\u00e7\u00f5es est\u00e1veis e construtivas com a China, mas demonstrou preocupa\u00e7\u00e3o com a situa\u00e7\u00e3o geopol\u00edtica dos mares do sul e leste do pa\u00eds.<\/p>\n\n\n\n<p>\u201cN\u00f3s nos opomos firmemente a quaisquer tentativas de mudar o status quo por for\u00e7a ou coer\u00e7\u00e3o\u201d, diz o documento. \u201cN\u00e3o h\u00e1 base legal para as reivindica\u00e7\u00f5es mar\u00edtimas expansionistas da China no Mar do Sul da China e nos opomos \u00e0s atividades militares da China na regi\u00e3o\u201d.<\/p>\n\n\n\n<p>Tamb\u00e9m houve espa\u00e7o para condenar a Coreia do Norte por seus lan\u00e7amentos de m\u00edsseis bal\u00edsticos. Segundo o G7, eles violam m\u00faltiplas resolu\u00e7\u00f5es do Conselho de Seguran\u00e7a da ONU.<\/p>\n\n\n\n<p>\u201cN\u00f3s exigimos que a Coreia do Norte se abstenha de quaisquer outras a\u00e7\u00f5es desestabilizadoras e ascendentes, incluindo quaisquer novos testes nucleares ou lan\u00e7amentos que usem tecnologia de m\u00edssil bal\u00edstico, que minam a estabilidade regional e representam uma amea\u00e7a \u00e0 paz e seguran\u00e7a internacionais\u201d, diz a note do <strong>G7<\/strong>.<\/p>\n\n\n\n<p><em>Com Estad\u00e3o Conte\u00fado e Ag\u00eancia Brasil<\/em><\/p>\n\n\n\t<p>\n\t\t<a href=\"https:\/\/lp.suno.com.br\/suno-one\/?utm_campaign=_SNC6964518A_\" target=\"_blank\" data-element=\"shortcode-suno-banner\" title=\"Banner SUNO, clique e saiba mais\">\n\t\t\t<picture>\n\t\t\t\t<source media=\"(max-width: 500px)\" srcset=\"https:\/\/files.sunoresearch.com.br\/n\/uploads\/2025\/09\/400x300-Suno-One-png.webp\">\n\t\t\t\t<img class=\"newsContent__article__imgCapa newsContent__article__imgCapa--banner\"\n\t\t\t\t\tsrc=\"https:\/\/files.sunoresearch.com.br\/n\/uploads\/2025\/09\/1420x240-Suno-One-png.webp\"\n\t\t\t\t\tdata-promo-id=\"383121\"\t\t\t\t\t\t\t\t\t\twidth='1420' height='240'\t\t\t\t\talt=\"https:\/\/files.sunoresearch.com.br\/n\/uploads\/2025\/09\/1420x240-Suno-One-png.webp\"\n\t\t\t\t>\n\t\t\t<\/picture>\n\t\t<\/a>\n\t<\/p>\n\n\n","protected":false},"excerpt":{"rendered":"<p>Os pa\u00edses-membros do G7 e seus convidados para a c\u00fapula de Hiroshima fecharam um comunicado conjunto neste s\u00e1bado, 20, sem cr\u00edticas \u00e0 R\u00fassia pela guerra e com foco na seguran\u00e7a alimentar. O presidente Luiz In\u00e1cio Lula da Silva (PT) \u00e9 signat\u00e1rio do documento. Na pr\u00e1tica, o texto &#8211; resultante da reuni\u00e3o entre os chefes de [&hellip;]<\/p>\n","protected":false},"author":43,"featured_media":407146,"comment_status":"closed","ping_status":"closed","sticky":false,"template":"","format":"standard","meta":[],"categories":[63],"tags":[106413,889,709,866,106965],"suno_strategy":[],"class_list":["post-407139","post","type-post","status-publish","format-standard","has-post-thumbnail","hentry","category-internacional","tag-g7","tag-japao","tag-lula","tag-russia","tag-ucrania"],"yoast_head":"<!-- This site is optimized with the Yoast SEO plugin v24.4 - https:\/\/yoast.com\/wordpress\/plugins\/seo\/ -->\n<title>G7: comunicado com foco em seguran\u00e7a alimentar alivia impasse de Lula<\/title>\n<meta name=\"description\" content=\"Os pa\u00edses do G7 e seus convidados para a c\u00fapula de Hiroshima fecharam um comunicado conjunto sem cr\u00edticas \u00e0 R\u00fassia pela guerra\" \/>\n<meta name=\"robots\" content=\"index, follow, max-snippet:-1, max-image-preview:large, max-video-preview:-1\" \/>\n<link rel=\"canonical\" href=\"https:\/\/www.suno.com.br\/noticias\/g7-comunicado-foco-seguranca-alimentar-impasse-lula\/\" \/>\n<meta property=\"og:locale\" content=\"pt_BR\" \/>\n<meta property=\"og:type\" content=\"article\" \/>\n<meta property=\"og:title\" content=\"G7: comunicado com foco em seguran\u00e7a alimentar alivia impasse de Lula\" \/>\n<meta property=\"og:description\" content=\"Os pa\u00edses do G7 e seus convidados para a c\u00fapula de Hiroshima fecharam um comunicado conjunto sem cr\u00edticas \u00e0 R\u00fassia pela guerra\" \/>\n<meta property=\"og:url\" content=\"https:\/\/www.suno.com.br\/noticias\/g7-comunicado-foco-seguranca-alimentar-impasse-lula\/\" \/>\n<meta property=\"og:site_name\" content=\"Suno Not\u00edcias\" \/>\n<meta property=\"article:publisher\" content=\"https:\/\/facebook.com\/sunoresearch\" \/>\n<meta property=\"article:author\" content=\"https:\/\/www.facebook.com\/sunonoticias\/\" \/>\n<meta property=\"og:image\" content=\"https:\/\/files.sunoresearch.com.br\/n\/uploads\/2023\/05\/G7-cupula-no-Japao.jpg\" \/>\n\t<meta property=\"og:image:width\" content=\"1350\" \/>\n\t<meta property=\"og:image:height\" content=\"808\" \/>\n\t<meta property=\"og:image:type\" content=\"image\/jpeg\" \/>\n<meta name=\"author\" content=\"Reda\u00e7\u00e3o Suno Not\u00edcias\" \/>\n<meta name=\"twitter:card\" content=\"summary_large_image\" \/>\n<meta name=\"twitter:creator\" content=\"@https:\/\/twitter.com\/sunoresearch\" \/>\n<meta name=\"twitter:site\" content=\"@sunoresearch\" \/>\n<meta name=\"twitter:label1\" content=\"Escrito por\" \/>\n\t<meta name=\"twitter:data1\" content=\"Reda\u00e7\u00e3o Suno Not\u00edcias\" \/>\n\t<meta name=\"twitter:label2\" content=\"Est. tempo de leitura\" \/>\n\t<meta name=\"twitter:data2\" content=\"11 minutos\" \/>\n<script type=\"application\/ld+json\" class=\"yoast-schema-graph\">{\"@context\":\"https:\/\/schema.org\",\"@graph\":[{\"@type\":\"NewsArticle\",\"@id\":\"https:\/\/www.suno.com.br\/noticias\/g7-comunicado-foco-seguranca-alimentar-impasse-lula\/#article\",\"isPartOf\":{\"@id\":\"https:\/\/www.suno.com.br\/noticias\/g7-comunicado-foco-seguranca-alimentar-impasse-lula\/\"},\"author\":{\"name\":\"Reda\u00e7\u00e3o Suno Not\u00edcias\",\"@id\":\"https:\/\/www.suno.com.br\/noticias\/#\/schema\/person\/c1b1bd3727fa852bd045e9dbff3673ea\"},\"headline\":\"G7: comunicado com foco em seguran\u00e7a alimentar alivia impasse de Lula\",\"datePublished\":\"2023-05-20T16:41:11+00:00\",\"dateModified\":\"2023-05-20T16:41:13+00:00\",\"mainEntityOfPage\":{\"@id\":\"https:\/\/www.suno.com.br\/noticias\/g7-comunicado-foco-seguranca-alimentar-impasse-lula\/\"},\"wordCount\":2068,\"publisher\":{\"@id\":\"https:\/\/www.suno.com.br\/noticias\/#organization\"},\"image\":{\"@id\":\"https:\/\/www.suno.com.br\/noticias\/g7-comunicado-foco-seguranca-alimentar-impasse-lula\/#primaryimage\"},\"thumbnailUrl\":\"https:\/\/files.sunoresearch.com.br\/n\/uploads\/2023\/05\/G7-cupula-no-Japao.jpg\",\"keywords\":[\"G7\",\"Jap\u00e3o\",\"Lula\",\"R\u00fassia\",\"Ucr\u00e2nia\"],\"articleSection\":[\"Internacional\"],\"inLanguage\":\"pt-BR\"},{\"@type\":\"WebPage\",\"@id\":\"https:\/\/www.suno.com.br\/noticias\/g7-comunicado-foco-seguranca-alimentar-impasse-lula\/\",\"url\":\"https:\/\/www.suno.com.br\/noticias\/g7-comunicado-foco-seguranca-alimentar-impasse-lula\/\",\"name\":\"G7: comunicado com foco em seguran\u00e7a alimentar alivia impasse de Lula\",\"isPartOf\":{\"@id\":\"https:\/\/www.suno.com.br\/noticias\/#website\"},\"primaryImageOfPage\":{\"@id\":\"https:\/\/www.suno.com.br\/noticias\/g7-comunicado-foco-seguranca-alimentar-impasse-lula\/#primaryimage\"},\"image\":{\"@id\":\"https:\/\/www.suno.com.br\/noticias\/g7-comunicado-foco-seguranca-alimentar-impasse-lula\/#primaryimage\"},\"thumbnailUrl\":\"https:\/\/files.sunoresearch.com.br\/n\/uploads\/2023\/05\/G7-cupula-no-Japao.jpg\",\"datePublished\":\"2023-05-20T16:41:11+00:00\",\"dateModified\":\"2023-05-20T16:41:13+00:00\",\"description\":\"Os pa\u00edses do G7 e seus convidados para a c\u00fapula de Hiroshima fecharam um comunicado conjunto sem cr\u00edticas \u00e0 R\u00fassia pela guerra\",\"breadcrumb\":{\"@id\":\"https:\/\/www.suno.com.br\/noticias\/g7-comunicado-foco-seguranca-alimentar-impasse-lula\/#breadcrumb\"},\"inLanguage\":\"pt-BR\",\"potentialAction\":[{\"@type\":\"ReadAction\",\"target\":[\"https:\/\/www.suno.com.br\/noticias\/g7-comunicado-foco-seguranca-alimentar-impasse-lula\/\"]}]},{\"@type\":\"ImageObject\",\"inLanguage\":\"pt-BR\",\"@id\":\"https:\/\/www.suno.com.br\/noticias\/g7-comunicado-foco-seguranca-alimentar-impasse-lula\/#primaryimage\",\"url\":\"https:\/\/files.sunoresearch.com.br\/n\/uploads\/2023\/05\/G7-cupula-no-Japao.jpg\",\"contentUrl\":\"https:\/\/files.sunoresearch.com.br\/n\/uploads\/2023\/05\/G7-cupula-no-Japao.jpg\",\"width\":1350,\"height\":808,\"caption\":\"C\u00fapula do G7 no Jap\u00e3o. Foto: Ricardo Stuckert\"},{\"@type\":\"BreadcrumbList\",\"@id\":\"https:\/\/www.suno.com.br\/noticias\/g7-comunicado-foco-seguranca-alimentar-impasse-lula\/#breadcrumb\",\"itemListElement\":[{\"@type\":\"ListItem\",\"position\":1,\"name\":\"Not\u00edcias\",\"item\":\"https:\/\/www.suno.com.br\/noticias\/\"},{\"@type\":\"ListItem\",\"position\":2,\"name\":\"Internacional\",\"item\":\"https:\/\/www.suno.com.br\/noticias\/internacional\/\"},{\"@type\":\"ListItem\",\"position\":3,\"name\":\"G7: comunicado com foco em seguran\u00e7a alimentar alivia impasse de Lula\"}]},{\"@type\":\"WebSite\",\"@id\":\"https:\/\/www.suno.com.br\/noticias\/#website\",\"url\":\"https:\/\/www.suno.com.br\/noticias\/\",\"name\":\"Suno Not\u00edcias\",\"description\":\"Seu portal de informa\u00e7\u00e3o sobre o mundo dos investimentos\",\"publisher\":{\"@id\":\"https:\/\/www.suno.com.br\/noticias\/#organization\"},\"potentialAction\":[{\"@type\":\"SearchAction\",\"target\":{\"@type\":\"EntryPoint\",\"urlTemplate\":\"https:\/\/www.suno.com.br\/noticias\/?s={search_term_string}\"},\"query-input\":{\"@type\":\"PropertyValueSpecification\",\"valueRequired\":true,\"valueName\":\"search_term_string\"}}],\"inLanguage\":\"pt-BR\"},{\"@type\":\"Organization\",\"@id\":\"https:\/\/www.suno.com.br\/noticias\/#organization\",\"name\":\"Suno Not\u00edcias\",\"url\":\"https:\/\/www.suno.com.br\/noticias\/\",\"logo\":{\"@type\":\"ImageObject\",\"inLanguage\":\"pt-BR\",\"@id\":\"https:\/\/www.suno.com.br\/noticias\/#\/schema\/logo\/image\/\",\"url\":\"https:\/\/files.sunoresearch.com.br\/n\/uploads\/2021\/09\/suno-logo.png\",\"contentUrl\":\"https:\/\/files.sunoresearch.com.br\/n\/uploads\/2021\/09\/suno-logo.png\",\"width\":180,\"height\":180,\"caption\":\"Suno Not\u00edcias\"},\"image\":{\"@id\":\"https:\/\/www.suno.com.br\/noticias\/#\/schema\/logo\/image\/\"},\"sameAs\":[\"https:\/\/facebook.com\/sunoresearch\",\"https:\/\/x.com\/sunoresearch\",\"https:\/\/www.instagram.com\/suno\",\"https:\/\/www.linkedin.com\/company\/suno-research\/\",\"https:\/\/www.youtube.com\/c\/sunoresearch\"]},{\"@type\":\"Person\",\"@id\":\"https:\/\/www.suno.com.br\/noticias\/#\/schema\/person\/c1b1bd3727fa852bd045e9dbff3673ea\",\"name\":\"Reda\u00e7\u00e3o Suno Not\u00edcias\",\"image\":{\"@type\":\"ImageObject\",\"inLanguage\":\"pt-BR\",\"@id\":\"https:\/\/www.suno.com.br\/noticias\/#\/schema\/person\/image\/\",\"url\":\"https:\/\/secure.gravatar.com\/avatar\/b8104b9b5a71985d5238ee59fbe418af?s=96&r=g\",\"contentUrl\":\"https:\/\/secure.gravatar.com\/avatar\/b8104b9b5a71985d5238ee59fbe418af?s=96&r=g\",\"caption\":\"Reda\u00e7\u00e3o Suno Not\u00edcias\"},\"description\":\"O Suno Not\u00edcias \u00e9 um portal de informa\u00e7\u00f5es sobre Mercado Financeiro, Pol\u00edtica, Neg\u00f3cios, Economia e Finan\u00e7as Pessoais.\",\"sameAs\":[\"https:\/\/www.suno.com.br\/noticias\",\"https:\/\/www.facebook.com\/sunonoticias\/\",\"https:\/\/www.instagram.com\/sunonoticias\/\",\"https:\/\/x.com\/https:\/\/twitter.com\/sunoresearch\",\"https:\/\/www.youtube.com\/sunonoticias\"],\"url\":\"https:\/\/www.suno.com.br\/noticias\/author\/redacao-suno\/\"}]}<\/script>\n<!-- \/ Yoast SEO plugin. -->","yoast_head_json":{"title":"G7: comunicado com foco em seguran\u00e7a alimentar alivia impasse de Lula","description":"Os pa\u00edses do G7 e seus convidados para a c\u00fapula de Hiroshima fecharam um comunicado conjunto sem cr\u00edticas \u00e0 R\u00fassia pela guerra","robots":{"index":"index","follow":"follow","max-snippet":"max-snippet:-1","max-image-preview":"max-image-preview:large","max-video-preview":"max-video-preview:-1"},"canonical":"https:\/\/www.suno.com.br\/noticias\/g7-comunicado-foco-seguranca-alimentar-impasse-lula\/","og_locale":"pt_BR","og_type":"article","og_title":"G7: comunicado com foco em seguran\u00e7a alimentar alivia impasse de Lula","og_description":"Os pa\u00edses do G7 e seus convidados para a c\u00fapula de Hiroshima fecharam um comunicado conjunto sem cr\u00edticas \u00e0 R\u00fassia pela guerra","og_url":"https:\/\/www.suno.com.br\/noticias\/g7-comunicado-foco-seguranca-alimentar-impasse-lula\/","og_site_name":"Suno Not\u00edcias","article_publisher":"https:\/\/facebook.com\/sunoresearch","article_author":"https:\/\/www.facebook.com\/sunonoticias\/","og_image":[{"width":1350,"height":808,"url":"https:\/\/files.sunoresearch.com.br\/n\/uploads\/2023\/05\/G7-cupula-no-Japao.jpg","type":"image\/jpeg"}],"author":"Reda\u00e7\u00e3o Suno Not\u00edcias","twitter_card":"summary_large_image","twitter_creator":"@https:\/\/twitter.com\/sunoresearch","twitter_site":"@sunoresearch","twitter_misc":{"Escrito por":"Reda\u00e7\u00e3o Suno Not\u00edcias","Est. tempo de leitura":"11 minutos"},"schema":{"@context":"https:\/\/schema.org","@graph":[{"@type":"NewsArticle","@id":"https:\/\/www.suno.com.br\/noticias\/g7-comunicado-foco-seguranca-alimentar-impasse-lula\/#article","isPartOf":{"@id":"https:\/\/www.suno.com.br\/noticias\/g7-comunicado-foco-seguranca-alimentar-impasse-lula\/"},"author":{"name":"Reda\u00e7\u00e3o Suno Not\u00edcias","@id":"https:\/\/www.suno.com.br\/noticias\/#\/schema\/person\/c1b1bd3727fa852bd045e9dbff3673ea"},"headline":"G7: comunicado com foco em seguran\u00e7a alimentar alivia impasse de Lula","datePublished":"2023-05-20T16:41:11+00:00","dateModified":"2023-05-20T16:41:13+00:00","mainEntityOfPage":{"@id":"https:\/\/www.suno.com.br\/noticias\/g7-comunicado-foco-seguranca-alimentar-impasse-lula\/"},"wordCount":2068,"publisher":{"@id":"https:\/\/www.suno.com.br\/noticias\/#organization"},"image":{"@id":"https:\/\/www.suno.com.br\/noticias\/g7-comunicado-foco-seguranca-alimentar-impasse-lula\/#primaryimage"},"thumbnailUrl":"https:\/\/files.sunoresearch.com.br\/n\/uploads\/2023\/05\/G7-cupula-no-Japao.jpg","keywords":["G7","Jap\u00e3o","Lula","R\u00fassia","Ucr\u00e2nia"],"articleSection":["Internacional"],"inLanguage":"pt-BR"},{"@type":"WebPage","@id":"https:\/\/www.suno.com.br\/noticias\/g7-comunicado-foco-seguranca-alimentar-impasse-lula\/","url":"https:\/\/www.suno.com.br\/noticias\/g7-comunicado-foco-seguranca-alimentar-impasse-lula\/","name":"G7: comunicado com foco em seguran\u00e7a alimentar alivia impasse de Lula","isPartOf":{"@id":"https:\/\/www.suno.com.br\/noticias\/#website"},"primaryImageOfPage":{"@id":"https:\/\/www.suno.com.br\/noticias\/g7-comunicado-foco-seguranca-alimentar-impasse-lula\/#primaryimage"},"image":{"@id":"https:\/\/www.suno.com.br\/noticias\/g7-comunicado-foco-seguranca-alimentar-impasse-lula\/#primaryimage"},"thumbnailUrl":"https:\/\/files.sunoresearch.com.br\/n\/uploads\/2023\/05\/G7-cupula-no-Japao.jpg","datePublished":"2023-05-20T16:41:11+00:00","dateModified":"2023-05-20T16:41:13+00:00","description":"Os pa\u00edses do G7 e seus convidados para a c\u00fapula de Hiroshima fecharam um comunicado conjunto sem cr\u00edticas \u00e0 R\u00fassia pela guerra","breadcrumb":{"@id":"https:\/\/www.suno.com.br\/noticias\/g7-comunicado-foco-seguranca-alimentar-impasse-lula\/#breadcrumb"},"inLanguage":"pt-BR","potentialAction":[{"@type":"ReadAction","target":["https:\/\/www.suno.com.br\/noticias\/g7-comunicado-foco-seguranca-alimentar-impasse-lula\/"]}]},{"@type":"ImageObject","inLanguage":"pt-BR","@id":"https:\/\/www.suno.com.br\/noticias\/g7-comunicado-foco-seguranca-alimentar-impasse-lula\/#primaryimage","url":"https:\/\/files.sunoresearch.com.br\/n\/uploads\/2023\/05\/G7-cupula-no-Japao.jpg","contentUrl":"https:\/\/files.sunoresearch.com.br\/n\/uploads\/2023\/05\/G7-cupula-no-Japao.jpg","width":1350,"height":808,"caption":"C\u00fapula do G7 no Jap\u00e3o. Foto: Ricardo Stuckert"},{"@type":"BreadcrumbList","@id":"https:\/\/www.suno.com.br\/noticias\/g7-comunicado-foco-seguranca-alimentar-impasse-lula\/#breadcrumb","itemListElement":[{"@type":"ListItem","position":1,"name":"Not\u00edcias","item":"https:\/\/www.suno.com.br\/noticias\/"},{"@type":"ListItem","position":2,"name":"Internacional","item":"https:\/\/www.suno.com.br\/noticias\/internacional\/"},{"@type":"ListItem","position":3,"name":"G7: comunicado com foco em seguran\u00e7a alimentar alivia impasse de Lula"}]},{"@type":"WebSite","@id":"https:\/\/www.suno.com.br\/noticias\/#website","url":"https:\/\/www.suno.com.br\/noticias\/","name":"Suno Not\u00edcias","description":"Seu portal de informa\u00e7\u00e3o sobre o mundo dos investimentos","publisher":{"@id":"https:\/\/www.suno.com.br\/noticias\/#organization"},"potentialAction":[{"@type":"SearchAction","target":{"@type":"EntryPoint","urlTemplate":"https:\/\/www.suno.com.br\/noticias\/?s={search_term_string}"},"query-input":{"@type":"PropertyValueSpecification","valueRequired":true,"valueName":"search_term_string"}}],"inLanguage":"pt-BR"},{"@type":"Organization","@id":"https:\/\/www.suno.com.br\/noticias\/#organization","name":"Suno Not\u00edcias","url":"https:\/\/www.suno.com.br\/noticias\/","logo":{"@type":"ImageObject","inLanguage":"pt-BR","@id":"https:\/\/www.suno.com.br\/noticias\/#\/schema\/logo\/image\/","url":"https:\/\/files.sunoresearch.com.br\/n\/uploads\/2021\/09\/suno-logo.png","contentUrl":"https:\/\/files.sunoresearch.com.br\/n\/uploads\/2021\/09\/suno-logo.png","width":180,"height":180,"caption":"Suno Not\u00edcias"},"image":{"@id":"https:\/\/www.suno.com.br\/noticias\/#\/schema\/logo\/image\/"},"sameAs":["https:\/\/facebook.com\/sunoresearch","https:\/\/x.com\/sunoresearch","https:\/\/www.instagram.com\/suno","https:\/\/www.linkedin.com\/company\/suno-research\/","https:\/\/www.youtube.com\/c\/sunoresearch"]},{"@type":"Person","@id":"https:\/\/www.suno.com.br\/noticias\/#\/schema\/person\/c1b1bd3727fa852bd045e9dbff3673ea","name":"Reda\u00e7\u00e3o Suno Not\u00edcias","image":{"@type":"ImageObject","inLanguage":"pt-BR","@id":"https:\/\/www.suno.com.br\/noticias\/#\/schema\/person\/image\/","url":"https:\/\/secure.gravatar.com\/avatar\/b8104b9b5a71985d5238ee59fbe418af?s=96&r=g","contentUrl":"https:\/\/secure.gravatar.com\/avatar\/b8104b9b5a71985d5238ee59fbe418af?s=96&r=g","caption":"Reda\u00e7\u00e3o Suno Not\u00edcias"},"description":"O Suno Not\u00edcias \u00e9 um portal de informa\u00e7\u00f5es sobre Mercado Financeiro, Pol\u00edtica, Neg\u00f3cios, Economia e Finan\u00e7as Pessoais.","sameAs":["https:\/\/www.suno.com.br\/noticias","https:\/\/www.facebook.com\/sunonoticias\/","https:\/\/www.instagram.com\/sunonoticias\/","https:\/\/x.com\/https:\/\/twitter.com\/sunoresearch","https:\/\/www.youtube.com\/sunonoticias"],"url":"https:\/\/www.suno.com.br\/noticias\/author\/redacao-suno\/"}]}},"default_loop_html":"<div class=\"cardsPage__listCard__boxs\"><div class=\"cardsPage__listCard__boxs__img\"><a href=\"https:\/\/www.suno.com.br\/noticias\/g7-comunicado-foco-seguranca-alimentar-impasse-lula\/\"><img class=\"mask\" src=\"https:\/\/www.suno.com.br\/noticias\/wp-content\/themes\/suno\/resources\/images\/spotlight\/spotlight1img\/bg-mask.png\" alt=\"Image Mask\"\/><img src=\"https:\/\/files.sunoresearch.com.br\/n\/uploads\/2023\/05\/G7-cupula-no-Japao-400x200.jpg\" alt=\"G7: comunicado com foco em seguran\u00e7a alimentar alivia impasse de Lula\"\/><\/a><span class=\"spotlightCategory\"><a href=\"https:\/\/www.suno.com.br\/noticias\/internacional\/\">Internacional<\/a><\/span><\/div><div class=\"cardsPage__listCard__boxs__content\"><a href=\"https:\/\/www.suno.com.br\/noticias\/g7-comunicado-foco-seguranca-alimentar-impasse-lula\/\"><h2 class=\"content__title\">G7: comunicado com foco em seguran\u00e7a alimentar alivia impasse de Lula<\/h2><\/a><div class=\"newsContent__article__meta\"><div class=\"newsContent__article__meta__authorBox\"><a href=\"https:\/\/www.suno.com.br\/noticias\/author\/redacao-suno\/\" class=\"authorBox__avatar noMobi\"><img src=\"https:\/\/files.sunoresearch.com.br\/n\/uploads\/2020\/08\/0ace682d-redacao-1-150x150.webp\" alt=\"Reda\u00e7\u00e3o Suno Not\u00edcias\"><\/a><div class=\"authorBox__name\"><span>por\n\t\t\t<a href=\"https:\/\/www.suno.com.br\/noticias\/author\/redacao-suno\/\"><span itemprop=\"author\">Reda\u00e7\u00e3o Suno Not\u00edcias<\/span><\/a><\/span><time datetime=\"2023-05-20T13:41:11-03:00\" itemprop=\"datePublished\">20\/05\/2023 13:41<\/time><\/div><\/div><\/div><\/div><\/div>","single_layout":"posts","amp_enabled":true,"_links":{"self":[{"href":"https:\/\/www.suno.com.br\/noticias\/wp-json\/wp\/v2\/posts\/407139"}],"collection":[{"href":"https:\/\/www.suno.com.br\/noticias\/wp-json\/wp\/v2\/posts"}],"about":[{"href":"https:\/\/www.suno.com.br\/noticias\/wp-json\/wp\/v2\/types\/post"}],"author":[{"embeddable":true,"href":"https:\/\/www.suno.com.br\/noticias\/wp-json\/wp\/v2\/users\/43"}],"replies":[{"embeddable":true,"href":"https:\/\/www.suno.com.br\/noticias\/wp-json\/wp\/v2\/comments?post=407139"}],"version-history":[{"count":2,"href":"https:\/\/www.suno.com.br\/noticias\/wp-json\/wp\/v2\/posts\/407139\/revisions"}],"predecessor-version":[{"id":407149,"href":"https:\/\/www.suno.com.br\/noticias\/wp-json\/wp\/v2\/posts\/407139\/revisions\/407149"}],"wp:featuredmedia":[{"embeddable":true,"href":"https:\/\/www.suno.com.br\/noticias\/wp-json\/wp\/v2\/media\/407146"}],"wp:attachment":[{"href":"https:\/\/www.suno.com.br\/noticias\/wp-json\/wp\/v2\/media?parent=407139"}],"wp:term":[{"taxonomy":"category","embeddable":true,"href":"https:\/\/www.suno.com.br\/noticias\/wp-json\/wp\/v2\/categories?post=407139"},{"taxonomy":"post_tag","embeddable":true,"href":"https:\/\/www.suno.com.br\/noticias\/wp-json\/wp\/v2\/tags?post=407139"},{"taxonomy":"suno_strategy","embeddable":true,"href":"https:\/\/www.suno.com.br\/noticias\/wp-json\/wp\/v2\/suno_strategy?post=407139"}],"curies":[{"name":"wp","href":"https:\/\/api.w.org\/{rel}","templated":true}]}}