{"id":406816,"date":"2023-05-19T12:53:30","date_gmt":"2023-05-19T15:53:30","guid":{"rendered":"https:\/\/www.suno.com.br\/noticias\/?p=406816"},"modified":"2023-05-19T18:48:41","modified_gmt":"2023-05-19T21:48:41","slug":"marfrig-mrfg3-acoes-sobem-frigorificos-ibovespa","status":"publish","type":"post","link":"https:\/\/www.suno.com.br\/noticias\/marfrig-mrfg3-acoes-sobem-frigorificos-ibovespa\/","title":{"rendered":"Marfrig (MRFG3) sobe quase 6% e Minerva (BEEF3) dispara 7,8% em dia de alta de frigor\u00edficos no Ibovespa; entenda"},"content":{"rendered":"<p>A <strong>Marfrig<\/strong> (<a href=\"https:\/\/www.suno.com.br\/acoes\/MRFG3\/\" target=\"_blank\" rel=\"noreferrer noopener\">MRFG3<\/a>) encerrou o preg\u00e3o no Ibovespa nesta sexta-feira (19) em alta de 5,34%, em conjunto com demais a\u00e7\u00f5es do segmento de frigor\u00edficos. <a href=\"https:\/\/statusinvest.com.br\/acoes\/mrfg3\" target=\"_blank\" rel=\"noreferrer noopener\">Al\u00e9m das <strong>a\u00e7\u00f5es da Marfrig<\/strong><\/a>, a <a href=\"https:\/\/www.suno.com.br\/acoes\/BEEF3\/\" target=\"_blank\" rel=\"noreferrer noopener\"><strong>Minerva <\/strong>(BEEF3)<\/a> subiu 4,8%. A <a href=\"https:\/\/www.suno.com.br\/acoes\/BRFS3\/\" target=\"_blank\" rel=\"noreferrer noopener\">BRF (BRFS3)<\/a> fechou em alta de 2,89%, ante 3,6% de avan\u00e7o da <a href=\"https:\/\/www.suno.com.br\/acoes\/JBSS3\/\" target=\"_blank\" rel=\"noreferrer noopener\"><strong>JBS <\/strong>(JBSS3)<\/a>.<\/p><div class=\"videoFull \">\n\t\t\t<div class=\"videoWrapper yt-lazyload center\"\n\t\t\t\tdata-width=\"960\"\n\t\t\t\tdata-height=\"540\"\n\t\t\t\tdata-id=\"rrNuCfKe6yE\"\n\t\t\t\tdata-alt=\"V\u00eddeo do YouTube - clique para reproduzir\"\n\t\t\t\tdata-logo=\"3\"\n\t\t\t\tdata-imagequality=\"maxres\">\n\t\t\t<\/div>\n\t\t<\/div><script type=\"application\/ld+json\">{\"@context\":\"https:\/\/schema.org\",\"@type\":\"VideoObject\",\"name\":\"Ibovespa vai a 110 mil pontos e fica no positivo em 2023| Anatel pode cassar concess\u00e3o da Oi (OIBR3)\",\"description\":\"#anatel #oibr3 #americanas #amer3 #mercadofinanceiro #investimentos #bolsadevalores #ibovespa #d\u00f3lar #livedas19h \u23f1\u1d0d\u026a\u0274\u1d1c\u1d1b\u1d00\u0262\u1d07\u1d0d Principal \u00edndice da Bolsa de valores brasileira, o Ibovespa terminou o preg\u00e3o desta quinta (18) em alta de 0,59%, aos 110.108,46 pontos. O volume financeiro movimentado nas \u00faltimas horas foi de R$ 25,3 bilh\u00f5es. Com a alta do d\u00f3lar, a BRF (BRFS3) disparou 11,77%,\u2026\",\"duration\":\"PT39M43S\",\"embedUrl\":\"https:\/\/www.youtube.com\/embed\/rrNuCfKe6yE\",\"regionsAllowed\":\"pt-BR\",\"interactionStatistic\":{\"@type\":\"InteractionCounter\",\"interactionType\":{\"@type\":\"WatchAction\"},\"userInteractionCount\":3192},\"thumbnailUrl\":\"https:\/\/i.ytimg.com\/vi\/rrNuCfKe6yE\/default.jpg\",\"uploadDate\":\"2023-05-18T22:52:07Z\"}<\/script>\n\n\n\n\n\t<p>\n\t\t<a href=\"https:\/\/lp.suno.com.br\/planilha-da-vida-financeira\/\" target=\"_blank\" data-element=\"shortcode-suno-banner\" title=\"Banner SUNO, clique e saiba mais\">\n\t\t\t<picture>\n\t\t\t\t<source media=\"(max-width: 500px)\" srcset=\"https:\/\/files.sunoresearch.com.br\/n\/uploads\/2023\/04\/400x300-Planilha-vida-financeira-true.png\">\n\t\t\t\t<img class=\"newsContent__article__imgCapa newsContent__article__imgCapa--banner\"\n\t\t\t\t\tsrc=\"https:\/\/files.sunoresearch.com.br\/n\/uploads\/2023\/04\/1420x240-Planilha-vida-financeira-true.png\"\n\t\t\t\t\tdata-promo-id=\"106682\"\t\t\t\t\t\t\t\t\t\twidth='1420' height='240'\t\t\t\t\talt=\"https:\/\/files.sunoresearch.com.br\/n\/uploads\/2023\/04\/1420x240-Planilha-vida-financeira-true.png\"\n\t\t\t\t>\n\t\t\t<\/picture>\n\t\t<\/a>\n\t<\/p>\n\n\n\n\n\n\n\n<p>Os pap\u00e9is seguem a toada do preg\u00e3o anterior, com quedas dos pre\u00e7os do <strong>boi <\/strong>gordo, milho e soja no Brasil &#8211; mostrando um cen\u00e1rio mais favor\u00e1vel \u00e0s companhias do segmento.<\/p>\n\n\n\n<p>Al\u00e9m disso, todas as companhias do setor reportaram seus <a class=\"suno-keyword\" target=\"_blank\" data-force=\"no\" data-priority=\"1\" href=\"https:\/\/www.suno.com.br\/artigos\/resultados-trimestrais\/\" rel=\"noopener\">resultados trimestrais<\/a> recentemente.<\/p>\n\n\n\n<p>Os especialistas do Ita\u00fa BBA destacaram que a Minerva e a JBS s\u00e3o as companhias mais promissoras no contexto atual, mantendo recomenda\u00e7\u00e3o de compra para ambas, com pre\u00e7os-alvo de R$ 20 e R$ 39, respectivamente. <\/p>\n\n\n\n<p>Para Marfrig e BRF, a casa segue neutra.<\/p>\n\n\n\n<p>A tese \u00e9 de que os resultados dos <strong>frigor\u00edficos<\/strong> no trimestre foram afetados pela suspens\u00e3o das exporta\u00e7\u00f5es da China, ocasionadas em fun\u00e7\u00e3o de um caso de &#8216;mal da vaca louca&#8217;.<\/p>\n\n\n\n<p>A XP tamb\u00e9m mant\u00e9m recomenda\u00e7\u00e3o neutra para a Marfrig, vendo o \u00faltimo resultado como um &#8216;trimestre misto&#8217;, com s\u00f3lida <a class=\"suno-keyword\" target=\"_blank\" data-force=\"no\" data-priority=\"1\" href=\"https:\/\/www.suno.com.br\/artigos\/margem-ebitda\/\" rel=\"noopener\">margem Ebitda<\/a> no Brasil, apesar do impacto do embargo das exporta\u00e7\u00f5es.<\/p>\n\n\n\n<p>&#8220;A perspectiva de <a class=\"suno-keyword\" target=\"_blank\" data-force=\"no\" data-priority=\"1\" href=\"https:\/\/www.suno.com.br\/artigos\/curto-prazo\/\" rel=\"noopener\">curto prazo<\/a> deve deixar espa\u00e7o para algum otimismo, com a temporada de churrasco nos EUA e a recupera\u00e7\u00e3o das exporta\u00e7\u00f5es do Brasil para a China, enquanto a melhora no capital de giro ajudou o fluxo de caixa (ex-b\u00f4nus da National Beef) a chegar a quase 0. No entanto, o segundo semestre de 23 e o ano de 2024 devem ser desafiadores nos EUA, enquanto a melhor din\u00e2mica de gado e nas exporta\u00e7\u00f5es da Am\u00e9rica do Sul n\u00e3o deve ser suficiente para compensar&#8221;, diz a casa.<\/p>\n\n\n\t<p>\n\t\t<a href=\"https:\/\/lp.suno.com.br\/ebook-como-analisar-uma-acao\/\" target=\"_blank\" data-element=\"shortcode-suno-banner\" title=\"Banner SUNO, clique e saiba mais\">\n\t\t\t<picture>\n\t\t\t\t<source media=\"(max-width: 500px)\" srcset=\"https:\/\/files.sunoresearch.com.br\/n\/uploads\/2023\/03\/Ebook-Acoes-Mobile.jpg\">\n\t\t\t\t<img class=\"newsContent__article__imgCapa newsContent__article__imgCapa--banner\"\n\t\t\t\t\tsrc=\"https:\/\/files.sunoresearch.com.br\/n\/uploads\/2023\/03\/Ebook-Acoes-Desktop.jpg\"\n\t\t\t\t\tdata-promo-id=\"378302\"\t\t\t\t\t\t\t\t\t\twidth='1420' height='286'\t\t\t\t\talt=\"https:\/\/files.sunoresearch.com.br\/n\/uploads\/2023\/03\/Ebook-Acoes-Desktop.jpg\"\n\t\t\t\t>\n\t\t\t<\/picture>\n\t\t<\/a>\n\t<\/p>\n\n\n\n\n\n<h2 class=\"wp-block-heading\">Marfrig, JBS e Minerva devem se beneficiar no segundo semestre<\/h2>\n\n\n\n<p>Al\u00e9m dos pareceres sobre os balan\u00e7os cont\u00e1beis das companhias do segmento, a XP destaca, em uma vis\u00e3o setorial, que o setor de prote\u00ednas deve ter uma perspectiva melhor no segundo semestre deste ano, especialmente no caso da carne bovina.<\/p>\n\n\n\n<p>&#8220;A perspectiva para o mercado brasileiro de prote\u00ednas est\u00e1 melhorando. Para o setor de carne bovina, a queda acentuada nos pre\u00e7os do boi, devido \u00e0 maior oferta, al\u00e9m dos pre\u00e7os mais baixos dos gr\u00e3os (positivos para a oferta no 2\u00ba semestre de 2023), s\u00e3o indica\u00e7\u00f5es s\u00f3lidas de margens fortes \u00e0 frente, embora sejamos da opini\u00e3o de que os investidores aumentar\u00e3o o otimismo somente quando o ritmo de exporta\u00e7\u00e3o se recuperar&#8221;, apontam os especialistas.<\/p>\n\n\n\n<p>&#8220;Para o frango, a oferta n\u00e3o est\u00e1 mostrando sinais claros de que est\u00e1 esfriando ou n\u00e3o, portanto, as exporta\u00e7\u00f5es devem permanecer s\u00f3lidas para sustentar os pre\u00e7os, em nossa opini\u00e3o. No entanto, a queda acentuada nos custos com gr\u00e3os deve se traduzir em melhores margens, o que \u00e9 o principal fator para o desempenho positivo da BRF nos \u00faltimos dias&#8221;, completa.<\/p>\n\n\n\n<p>Segundo a casa, apesar do ritmo abaixo do esperado de exporta\u00e7\u00f5es de carne bovina em abril, o cen\u00e1rio ainda mostra &#8216;abates robustos&#8217;.<\/p>\n\n\n\n<p>&#8220;O setor espera uma demanda externa mais forte nos pr\u00f3ximos meses, conforme observado no ritmo de exporta\u00e7\u00e3o da 1\u00aa quinzena de maio, e est\u00e1 travando margens melhores&#8221;, destaca , sobre o nicho em que atuam <strong>Marfrig<\/strong>, JBS e Minerva, principalmente.<\/p>\n\n\n\t<p>\n\t\t<a href=\"https:\/\/lp.suno.com.br\/suno-one\/?utm_campaign=_SNC6964518A_\" target=\"_blank\" data-element=\"shortcode-suno-banner\" title=\"Banner SUNO, clique e saiba mais\">\n\t\t\t<picture>\n\t\t\t\t<source media=\"(max-width: 500px)\" srcset=\"https:\/\/files.sunoresearch.com.br\/n\/uploads\/2025\/09\/400x300-Suno-One-png.webp\">\n\t\t\t\t<img class=\"newsContent__article__imgCapa newsContent__article__imgCapa--banner\"\n\t\t\t\t\tsrc=\"https:\/\/files.sunoresearch.com.br\/n\/uploads\/2025\/09\/1420x240-Suno-One-png.webp\"\n\t\t\t\t\tdata-promo-id=\"383121\"\t\t\t\t\t\t\t\t\t\twidth='1420' height='240'\t\t\t\t\talt=\"https:\/\/files.sunoresearch.com.br\/n\/uploads\/2025\/09\/1420x240-Suno-One-png.webp\"\n\t\t\t\t>\n\t\t\t<\/picture>\n\t\t<\/a>\n\t<\/p>\n\n\n","protected":false},"excerpt":{"rendered":"<p>A Marfrig (MRFG3) encerrou o preg\u00e3o no Ibovespa nesta sexta-feira (19) em alta de 5,34%, em conjunto com demais a\u00e7\u00f5es do segmento de frigor\u00edficos. Al\u00e9m das a\u00e7\u00f5es da Marfrig, a Minerva (BEEF3) subiu 4,8%. A BRF (BRFS3) fechou em alta de 2,89%, ante 3,6% de avan\u00e7o da JBS (JBSS3). Os pap\u00e9is seguem a toada do [&hellip;]<\/p>\n","protected":false},"author":73,"featured_media":290264,"comment_status":"closed","ping_status":"closed","sticky":false,"template":"","format":"standard","meta":[],"categories":[60],"tags":[397,105816,2209,521,552,563],"suno_strategy":[],"class_list":["post-406816","post","type-post","status-publish","format-standard","has-post-thumbnail","hentry","category-mercado","tag-brf-brfs3","tag-especialistas","tag-frigorificos","tag-jbs-jbss3","tag-marfrig-mrfg3","tag-minerva-beef11-beef3"],"yoast_head":"<!-- This site is optimized with the Yoast SEO plugin v24.4 - https:\/\/yoast.com\/wordpress\/plugins\/seo\/ -->\n<title>Marfrig (MRFG3) dispara 6% e puxa alta de frigor\u00edficos; entenda<\/title>\n<meta name=\"description\" content=\"Al\u00e9m das a\u00e7\u00f5es da Marfrig, a Minerva mostra alta de 6% no intradia. Logo em seguida, BRF sobe 3%, ante 2,2% de avan\u00e7o da JBS.\" \/>\n<meta name=\"robots\" content=\"index, follow, max-snippet:-1, max-image-preview:large, max-video-preview:-1\" \/>\n<link rel=\"canonical\" href=\"https:\/\/www.suno.com.br\/noticias\/marfrig-mrfg3-acoes-sobem-frigorificos-ibovespa\/\" \/>\n<meta property=\"og:locale\" content=\"pt_BR\" \/>\n<meta property=\"og:type\" content=\"article\" \/>\n<meta property=\"og:title\" content=\"Marfrig (MRFG3) dispara 6% e puxa alta de frigor\u00edficos; entenda\" \/>\n<meta property=\"og:description\" content=\"Al\u00e9m das a\u00e7\u00f5es da Marfrig, a Minerva mostra alta de 6% no intradia. Logo em seguida, BRF sobe 3%, ante 2,2% de avan\u00e7o da JBS.\" \/>\n<meta property=\"og:url\" content=\"https:\/\/www.suno.com.br\/noticias\/marfrig-mrfg3-acoes-sobem-frigorificos-ibovespa\/\" \/>\n<meta property=\"og:site_name\" content=\"Suno Not\u00edcias\" \/>\n<meta property=\"article:publisher\" content=\"https:\/\/facebook.com\/sunoresearch\" \/>\n<meta property=\"og:image\" content=\"https:\/\/files.sunoresearch.com.br\/n\/uploads\/2022\/08\/Marfrig_Bataguassu-4-scaled.jpg\" \/>\n\t<meta property=\"og:image:width\" content=\"2560\" \/>\n\t<meta property=\"og:image:height\" content=\"1707\" \/>\n\t<meta property=\"og:image:type\" content=\"image\/jpeg\" \/>\n<meta name=\"author\" content=\"Eduardo Vargas\" \/>\n<meta name=\"twitter:card\" content=\"summary_large_image\" \/>\n<meta name=\"twitter:creator\" content=\"@sunoresearch\" \/>\n<meta name=\"twitter:site\" content=\"@sunoresearch\" \/>\n<meta name=\"twitter:label1\" content=\"Escrito por\" \/>\n\t<meta name=\"twitter:data1\" content=\"Eduardo Vargas\" \/>\n\t<meta name=\"twitter:label2\" content=\"Est. tempo de leitura\" \/>\n\t<meta name=\"twitter:data2\" content=\"3 minutos\" \/>\n<script type=\"application\/ld+json\" class=\"yoast-schema-graph\">{\"@context\":\"https:\/\/schema.org\",\"@graph\":[{\"@type\":\"NewsArticle\",\"@id\":\"https:\/\/www.suno.com.br\/noticias\/marfrig-mrfg3-acoes-sobem-frigorificos-ibovespa\/#article\",\"isPartOf\":{\"@id\":\"https:\/\/www.suno.com.br\/noticias\/marfrig-mrfg3-acoes-sobem-frigorificos-ibovespa\/\"},\"author\":{\"name\":\"Eduardo Vargas\",\"@id\":\"https:\/\/www.suno.com.br\/noticias\/#\/schema\/person\/7f4d362bf3518e76090143ae77bb49a5\"},\"headline\":\"Marfrig (MRFG3) sobe quase 6% e Minerva (BEEF3) dispara 7,8% em dia de alta de frigor\u00edficos no Ibovespa; entenda\",\"datePublished\":\"2023-05-19T15:53:30+00:00\",\"dateModified\":\"2023-05-19T21:48:41+00:00\",\"mainEntityOfPage\":{\"@id\":\"https:\/\/www.suno.com.br\/noticias\/marfrig-mrfg3-acoes-sobem-frigorificos-ibovespa\/\"},\"wordCount\":594,\"publisher\":{\"@id\":\"https:\/\/www.suno.com.br\/noticias\/#organization\"},\"image\":{\"@id\":\"https:\/\/www.suno.com.br\/noticias\/marfrig-mrfg3-acoes-sobem-frigorificos-ibovespa\/#primaryimage\"},\"thumbnailUrl\":\"https:\/\/files.sunoresearch.com.br\/n\/uploads\/2022\/08\/Marfrig_Bataguassu-4-scaled.jpg\",\"keywords\":[\"BRF (BRFS3)\",\"Especialistas\",\"frigor\u00edficos\",\"JBS (JBSS3)\",\"Marfrig (MRFG3)\",\"Minerva (BEEF11\/BEEF3)\"],\"articleSection\":[\"Mercado\"],\"inLanguage\":\"pt-BR\"},{\"@type\":\"WebPage\",\"@id\":\"https:\/\/www.suno.com.br\/noticias\/marfrig-mrfg3-acoes-sobem-frigorificos-ibovespa\/\",\"url\":\"https:\/\/www.suno.com.br\/noticias\/marfrig-mrfg3-acoes-sobem-frigorificos-ibovespa\/\",\"name\":\"Marfrig (MRFG3) dispara 6% e puxa alta de frigor\u00edficos; entenda\",\"isPartOf\":{\"@id\":\"https:\/\/www.suno.com.br\/noticias\/#website\"},\"primaryImageOfPage\":{\"@id\":\"https:\/\/www.suno.com.br\/noticias\/marfrig-mrfg3-acoes-sobem-frigorificos-ibovespa\/#primaryimage\"},\"image\":{\"@id\":\"https:\/\/www.suno.com.br\/noticias\/marfrig-mrfg3-acoes-sobem-frigorificos-ibovespa\/#primaryimage\"},\"thumbnailUrl\":\"https:\/\/files.sunoresearch.com.br\/n\/uploads\/2022\/08\/Marfrig_Bataguassu-4-scaled.jpg\",\"datePublished\":\"2023-05-19T15:53:30+00:00\",\"dateModified\":\"2023-05-19T21:48:41+00:00\",\"description\":\"Al\u00e9m das a\u00e7\u00f5es da Marfrig, a Minerva mostra alta de 6% no intradia. Logo em seguida, BRF sobe 3%, ante 2,2% de avan\u00e7o da JBS.\",\"breadcrumb\":{\"@id\":\"https:\/\/www.suno.com.br\/noticias\/marfrig-mrfg3-acoes-sobem-frigorificos-ibovespa\/#breadcrumb\"},\"inLanguage\":\"pt-BR\",\"potentialAction\":[{\"@type\":\"ReadAction\",\"target\":[\"https:\/\/www.suno.com.br\/noticias\/marfrig-mrfg3-acoes-sobem-frigorificos-ibovespa\/\"]}]},{\"@type\":\"ImageObject\",\"inLanguage\":\"pt-BR\",\"@id\":\"https:\/\/www.suno.com.br\/noticias\/marfrig-mrfg3-acoes-sobem-frigorificos-ibovespa\/#primaryimage\",\"url\":\"https:\/\/files.sunoresearch.com.br\/n\/uploads\/2022\/08\/Marfrig_Bataguassu-4-scaled.jpg\",\"contentUrl\":\"https:\/\/files.sunoresearch.com.br\/n\/uploads\/2022\/08\/Marfrig_Bataguassu-4-scaled.jpg\",\"width\":2560,\"height\":1707,\"caption\":\"Marfrig. Foto: Divulga\u00e7\u00e3o\"},{\"@type\":\"BreadcrumbList\",\"@id\":\"https:\/\/www.suno.com.br\/noticias\/marfrig-mrfg3-acoes-sobem-frigorificos-ibovespa\/#breadcrumb\",\"itemListElement\":[{\"@type\":\"ListItem\",\"position\":1,\"name\":\"Not\u00edcias\",\"item\":\"https:\/\/www.suno.com.br\/noticias\/\"},{\"@type\":\"ListItem\",\"position\":2,\"name\":\"Mercado\",\"item\":\"https:\/\/www.suno.com.br\/noticias\/mercado\/\"},{\"@type\":\"ListItem\",\"position\":3,\"name\":\"Marfrig (MRFG3) sobe quase 6% e Minerva (BEEF3) dispara 7,8% em dia de alta de frigor\u00edficos no Ibovespa; entenda\"}]},{\"@type\":\"WebSite\",\"@id\":\"https:\/\/www.suno.com.br\/noticias\/#website\",\"url\":\"https:\/\/www.suno.com.br\/noticias\/\",\"name\":\"Suno Not\u00edcias\",\"description\":\"Seu portal de informa\u00e7\u00e3o sobre o mundo dos investimentos\",\"publisher\":{\"@id\":\"https:\/\/www.suno.com.br\/noticias\/#organization\"},\"potentialAction\":[{\"@type\":\"SearchAction\",\"target\":{\"@type\":\"EntryPoint\",\"urlTemplate\":\"https:\/\/www.suno.com.br\/noticias\/?s={search_term_string}\"},\"query-input\":{\"@type\":\"PropertyValueSpecification\",\"valueRequired\":true,\"valueName\":\"search_term_string\"}}],\"inLanguage\":\"pt-BR\"},{\"@type\":\"Organization\",\"@id\":\"https:\/\/www.suno.com.br\/noticias\/#organization\",\"name\":\"Suno Not\u00edcias\",\"url\":\"https:\/\/www.suno.com.br\/noticias\/\",\"logo\":{\"@type\":\"ImageObject\",\"inLanguage\":\"pt-BR\",\"@id\":\"https:\/\/www.suno.com.br\/noticias\/#\/schema\/logo\/image\/\",\"url\":\"https:\/\/files.sunoresearch.com.br\/n\/uploads\/2021\/09\/suno-logo.png\",\"contentUrl\":\"https:\/\/files.sunoresearch.com.br\/n\/uploads\/2021\/09\/suno-logo.png\",\"width\":180,\"height\":180,\"caption\":\"Suno Not\u00edcias\"},\"image\":{\"@id\":\"https:\/\/www.suno.com.br\/noticias\/#\/schema\/logo\/image\/\"},\"sameAs\":[\"https:\/\/facebook.com\/sunoresearch\",\"https:\/\/x.com\/sunoresearch\",\"https:\/\/www.instagram.com\/suno\",\"https:\/\/www.linkedin.com\/company\/suno-research\/\",\"https:\/\/www.youtube.com\/c\/sunoresearch\"]},{\"@type\":\"Person\",\"@id\":\"https:\/\/www.suno.com.br\/noticias\/#\/schema\/person\/7f4d362bf3518e76090143ae77bb49a5\",\"name\":\"Eduardo Vargas\",\"image\":{\"@type\":\"ImageObject\",\"inLanguage\":\"pt-BR\",\"@id\":\"https:\/\/www.suno.com.br\/noticias\/#\/schema\/person\/image\/\",\"url\":\"https:\/\/secure.gravatar.com\/avatar\/dac340933427a22924c9f99d1eb2e3f2?s=96&r=g\",\"contentUrl\":\"https:\/\/secure.gravatar.com\/avatar\/dac340933427a22924c9f99d1eb2e3f2?s=96&r=g\",\"caption\":\"Eduardo Vargas\"},\"description\":\"Jornalista formado pela UFSC, cobre macroeconomia, neg\u00f3cios e startups para o Suno Not\u00edcias, escrevendo principalmente not\u00edcias sobre o mercado financeiro e a bolsa de valores. No YouTube e no Instagram, \u00e9 respons\u00e1vel pela produ\u00e7\u00e3o de Reels e Shorts do Suno Not\u00edcias. Anteriormente, trabalhou cobrindo economia e cotidiano no ND+ e para o ND, maior jornal impresso de Santa Catarina. Cursou um semestre letivo de Estudos de M\u00eddia na Universidad de Buenos Aires.\",\"url\":\"https:\/\/www.suno.com.br\/noticias\/author\/eduardo-vargas\/\"}]}<\/script>\n<!-- \/ Yoast SEO plugin. -->","yoast_head_json":{"title":"Marfrig (MRFG3) dispara 6% e puxa alta de frigor\u00edficos; entenda","description":"Al\u00e9m das a\u00e7\u00f5es da Marfrig, a Minerva mostra alta de 6% no intradia. Logo em seguida, BRF sobe 3%, ante 2,2% de avan\u00e7o da JBS.","robots":{"index":"index","follow":"follow","max-snippet":"max-snippet:-1","max-image-preview":"max-image-preview:large","max-video-preview":"max-video-preview:-1"},"canonical":"https:\/\/www.suno.com.br\/noticias\/marfrig-mrfg3-acoes-sobem-frigorificos-ibovespa\/","og_locale":"pt_BR","og_type":"article","og_title":"Marfrig (MRFG3) dispara 6% e puxa alta de frigor\u00edficos; entenda","og_description":"Al\u00e9m das a\u00e7\u00f5es da Marfrig, a Minerva mostra alta de 6% no intradia. Logo em seguida, BRF sobe 3%, ante 2,2% de avan\u00e7o da JBS.","og_url":"https:\/\/www.suno.com.br\/noticias\/marfrig-mrfg3-acoes-sobem-frigorificos-ibovespa\/","og_site_name":"Suno Not\u00edcias","article_publisher":"https:\/\/facebook.com\/sunoresearch","og_image":[{"width":2560,"height":1707,"url":"https:\/\/files.sunoresearch.com.br\/n\/uploads\/2022\/08\/Marfrig_Bataguassu-4-scaled.jpg","type":"image\/jpeg"}],"author":"Eduardo Vargas","twitter_card":"summary_large_image","twitter_creator":"@sunoresearch","twitter_site":"@sunoresearch","twitter_misc":{"Escrito por":"Eduardo Vargas","Est. tempo de leitura":"3 minutos"},"schema":{"@context":"https:\/\/schema.org","@graph":[{"@type":"NewsArticle","@id":"https:\/\/www.suno.com.br\/noticias\/marfrig-mrfg3-acoes-sobem-frigorificos-ibovespa\/#article","isPartOf":{"@id":"https:\/\/www.suno.com.br\/noticias\/marfrig-mrfg3-acoes-sobem-frigorificos-ibovespa\/"},"author":{"name":"Eduardo Vargas","@id":"https:\/\/www.suno.com.br\/noticias\/#\/schema\/person\/7f4d362bf3518e76090143ae77bb49a5"},"headline":"Marfrig (MRFG3) sobe quase 6% e Minerva (BEEF3) dispara 7,8% em dia de alta de frigor\u00edficos no Ibovespa; entenda","datePublished":"2023-05-19T15:53:30+00:00","dateModified":"2023-05-19T21:48:41+00:00","mainEntityOfPage":{"@id":"https:\/\/www.suno.com.br\/noticias\/marfrig-mrfg3-acoes-sobem-frigorificos-ibovespa\/"},"wordCount":594,"publisher":{"@id":"https:\/\/www.suno.com.br\/noticias\/#organization"},"image":{"@id":"https:\/\/www.suno.com.br\/noticias\/marfrig-mrfg3-acoes-sobem-frigorificos-ibovespa\/#primaryimage"},"thumbnailUrl":"https:\/\/files.sunoresearch.com.br\/n\/uploads\/2022\/08\/Marfrig_Bataguassu-4-scaled.jpg","keywords":["BRF (BRFS3)","Especialistas","frigor\u00edficos","JBS (JBSS3)","Marfrig (MRFG3)","Minerva (BEEF11\/BEEF3)"],"articleSection":["Mercado"],"inLanguage":"pt-BR"},{"@type":"WebPage","@id":"https:\/\/www.suno.com.br\/noticias\/marfrig-mrfg3-acoes-sobem-frigorificos-ibovespa\/","url":"https:\/\/www.suno.com.br\/noticias\/marfrig-mrfg3-acoes-sobem-frigorificos-ibovespa\/","name":"Marfrig (MRFG3) dispara 6% e puxa alta de frigor\u00edficos; entenda","isPartOf":{"@id":"https:\/\/www.suno.com.br\/noticias\/#website"},"primaryImageOfPage":{"@id":"https:\/\/www.suno.com.br\/noticias\/marfrig-mrfg3-acoes-sobem-frigorificos-ibovespa\/#primaryimage"},"image":{"@id":"https:\/\/www.suno.com.br\/noticias\/marfrig-mrfg3-acoes-sobem-frigorificos-ibovespa\/#primaryimage"},"thumbnailUrl":"https:\/\/files.sunoresearch.com.br\/n\/uploads\/2022\/08\/Marfrig_Bataguassu-4-scaled.jpg","datePublished":"2023-05-19T15:53:30+00:00","dateModified":"2023-05-19T21:48:41+00:00","description":"Al\u00e9m das a\u00e7\u00f5es da Marfrig, a Minerva mostra alta de 6% no intradia. Logo em seguida, BRF sobe 3%, ante 2,2% de avan\u00e7o da JBS.","breadcrumb":{"@id":"https:\/\/www.suno.com.br\/noticias\/marfrig-mrfg3-acoes-sobem-frigorificos-ibovespa\/#breadcrumb"},"inLanguage":"pt-BR","potentialAction":[{"@type":"ReadAction","target":["https:\/\/www.suno.com.br\/noticias\/marfrig-mrfg3-acoes-sobem-frigorificos-ibovespa\/"]}]},{"@type":"ImageObject","inLanguage":"pt-BR","@id":"https:\/\/www.suno.com.br\/noticias\/marfrig-mrfg3-acoes-sobem-frigorificos-ibovespa\/#primaryimage","url":"https:\/\/files.sunoresearch.com.br\/n\/uploads\/2022\/08\/Marfrig_Bataguassu-4-scaled.jpg","contentUrl":"https:\/\/files.sunoresearch.com.br\/n\/uploads\/2022\/08\/Marfrig_Bataguassu-4-scaled.jpg","width":2560,"height":1707,"caption":"Marfrig. Foto: Divulga\u00e7\u00e3o"},{"@type":"BreadcrumbList","@id":"https:\/\/www.suno.com.br\/noticias\/marfrig-mrfg3-acoes-sobem-frigorificos-ibovespa\/#breadcrumb","itemListElement":[{"@type":"ListItem","position":1,"name":"Not\u00edcias","item":"https:\/\/www.suno.com.br\/noticias\/"},{"@type":"ListItem","position":2,"name":"Mercado","item":"https:\/\/www.suno.com.br\/noticias\/mercado\/"},{"@type":"ListItem","position":3,"name":"Marfrig (MRFG3) sobe quase 6% e Minerva (BEEF3) dispara 7,8% em dia de alta de frigor\u00edficos no Ibovespa; entenda"}]},{"@type":"WebSite","@id":"https:\/\/www.suno.com.br\/noticias\/#website","url":"https:\/\/www.suno.com.br\/noticias\/","name":"Suno Not\u00edcias","description":"Seu portal de informa\u00e7\u00e3o sobre o mundo dos investimentos","publisher":{"@id":"https:\/\/www.suno.com.br\/noticias\/#organization"},"potentialAction":[{"@type":"SearchAction","target":{"@type":"EntryPoint","urlTemplate":"https:\/\/www.suno.com.br\/noticias\/?s={search_term_string}"},"query-input":{"@type":"PropertyValueSpecification","valueRequired":true,"valueName":"search_term_string"}}],"inLanguage":"pt-BR"},{"@type":"Organization","@id":"https:\/\/www.suno.com.br\/noticias\/#organization","name":"Suno Not\u00edcias","url":"https:\/\/www.suno.com.br\/noticias\/","logo":{"@type":"ImageObject","inLanguage":"pt-BR","@id":"https:\/\/www.suno.com.br\/noticias\/#\/schema\/logo\/image\/","url":"https:\/\/files.sunoresearch.com.br\/n\/uploads\/2021\/09\/suno-logo.png","contentUrl":"https:\/\/files.sunoresearch.com.br\/n\/uploads\/2021\/09\/suno-logo.png","width":180,"height":180,"caption":"Suno Not\u00edcias"},"image":{"@id":"https:\/\/www.suno.com.br\/noticias\/#\/schema\/logo\/image\/"},"sameAs":["https:\/\/facebook.com\/sunoresearch","https:\/\/x.com\/sunoresearch","https:\/\/www.instagram.com\/suno","https:\/\/www.linkedin.com\/company\/suno-research\/","https:\/\/www.youtube.com\/c\/sunoresearch"]},{"@type":"Person","@id":"https:\/\/www.suno.com.br\/noticias\/#\/schema\/person\/7f4d362bf3518e76090143ae77bb49a5","name":"Eduardo Vargas","image":{"@type":"ImageObject","inLanguage":"pt-BR","@id":"https:\/\/www.suno.com.br\/noticias\/#\/schema\/person\/image\/","url":"https:\/\/secure.gravatar.com\/avatar\/dac340933427a22924c9f99d1eb2e3f2?s=96&r=g","contentUrl":"https:\/\/secure.gravatar.com\/avatar\/dac340933427a22924c9f99d1eb2e3f2?s=96&r=g","caption":"Eduardo Vargas"},"description":"Jornalista formado pela UFSC, cobre macroeconomia, neg\u00f3cios e startups para o Suno Not\u00edcias, escrevendo principalmente not\u00edcias sobre o mercado financeiro e a bolsa de valores. No YouTube e no Instagram, \u00e9 respons\u00e1vel pela produ\u00e7\u00e3o de Reels e Shorts do Suno Not\u00edcias. Anteriormente, trabalhou cobrindo economia e cotidiano no ND+ e para o ND, maior jornal impresso de Santa Catarina. Cursou um semestre letivo de Estudos de M\u00eddia na Universidad de Buenos Aires.","url":"https:\/\/www.suno.com.br\/noticias\/author\/eduardo-vargas\/"}]}},"default_loop_html":"<div class=\"cardsPage__listCard__boxs\"><div class=\"cardsPage__listCard__boxs__img\"><a href=\"https:\/\/www.suno.com.br\/noticias\/marfrig-mrfg3-acoes-sobem-frigorificos-ibovespa\/\"><img class=\"mask\" src=\"https:\/\/www.suno.com.br\/noticias\/wp-content\/themes\/suno\/resources\/images\/spotlight\/spotlight1img\/bg-mask.png\" alt=\"Image Mask\"\/><img src=\"https:\/\/files.sunoresearch.com.br\/n\/uploads\/2022\/08\/Marfrig_Bataguassu-4-400x200.jpg\" alt=\"Marfrig (MRFG3) sobe quase 6% e Minerva (BEEF3) dispara 7,8% em dia de alta de frigor\u00edficos no Ibovespa; entenda\"\/><\/a><span class=\"spotlightCategory\"><a href=\"https:\/\/www.suno.com.br\/noticias\/mercado\/\">Mercado<\/a><\/span><\/div><div class=\"cardsPage__listCard__boxs__content\"><a href=\"https:\/\/www.suno.com.br\/noticias\/marfrig-mrfg3-acoes-sobem-frigorificos-ibovespa\/\"><h2 class=\"content__title\">Marfrig (MRFG3) sobe quase 6% e Minerva (BEEF3) dispara 7,8% em dia de alta de frigor\u00edficos no Ibovespa; entenda<\/h2><\/a><div class=\"newsContent__article__meta\"><div class=\"newsContent__article__meta__authorBox\"><a href=\"https:\/\/www.suno.com.br\/noticias\/author\/eduardo-vargas\/\" class=\"authorBox__avatar noMobi\"><img src=\"https:\/\/secure.gravatar.com\/avatar\/dac340933427a22924c9f99d1eb2e3f2?s=96&#038;r=g\" alt=\"Eduardo Vargas\"><\/a><div class=\"authorBox__name\"><span>por\n\t\t\t<a href=\"https:\/\/www.suno.com.br\/noticias\/author\/eduardo-vargas\/\"><span itemprop=\"author\">Eduardo Vargas<\/span><\/a><\/span><time datetime=\"2023-05-19T12:53:30-03:00\" itemprop=\"datePublished\">19\/05\/2023 12:53<\/time><\/div><\/div><\/div><\/div><\/div>","single_layout":"posts","amp_enabled":true,"_links":{"self":[{"href":"https:\/\/www.suno.com.br\/noticias\/wp-json\/wp\/v2\/posts\/406816"}],"collection":[{"href":"https:\/\/www.suno.com.br\/noticias\/wp-json\/wp\/v2\/posts"}],"about":[{"href":"https:\/\/www.suno.com.br\/noticias\/wp-json\/wp\/v2\/types\/post"}],"author":[{"embeddable":true,"href":"https:\/\/www.suno.com.br\/noticias\/wp-json\/wp\/v2\/users\/73"}],"replies":[{"embeddable":true,"href":"https:\/\/www.suno.com.br\/noticias\/wp-json\/wp\/v2\/comments?post=406816"}],"version-history":[{"count":2,"href":"https:\/\/www.suno.com.br\/noticias\/wp-json\/wp\/v2\/posts\/406816\/revisions"}],"predecessor-version":[{"id":407053,"href":"https:\/\/www.suno.com.br\/noticias\/wp-json\/wp\/v2\/posts\/406816\/revisions\/407053"}],"wp:featuredmedia":[{"embeddable":true,"href":"https:\/\/www.suno.com.br\/noticias\/wp-json\/wp\/v2\/media\/290264"}],"wp:attachment":[{"href":"https:\/\/www.suno.com.br\/noticias\/wp-json\/wp\/v2\/media?parent=406816"}],"wp:term":[{"taxonomy":"category","embeddable":true,"href":"https:\/\/www.suno.com.br\/noticias\/wp-json\/wp\/v2\/categories?post=406816"},{"taxonomy":"post_tag","embeddable":true,"href":"https:\/\/www.suno.com.br\/noticias\/wp-json\/wp\/v2\/tags?post=406816"},{"taxonomy":"suno_strategy","embeddable":true,"href":"https:\/\/www.suno.com.br\/noticias\/wp-json\/wp\/v2\/suno_strategy?post=406816"}],"curies":[{"name":"wp","href":"https:\/\/api.w.org\/{rel}","templated":true}]}}