{"id":406690,"date":"2023-05-19T08:20:31","date_gmt":"2023-05-19T11:20:31","guid":{"rendered":"https:\/\/www.suno.com.br\/noticias\/?p=406690"},"modified":"2023-05-19T11:19:16","modified_gmt":"2023-05-19T14:19:16","slug":"agenda-mercado-principais-eventos-calendario-economico","status":"publish","type":"post","link":"https:\/\/www.suno.com.br\/noticias\/agenda-mercado-principais-eventos-calendario-economico\/","title":{"rendered":"Lula no Jap\u00e3o, evento do BC e IBC-Br de mar\u00e7o: calend\u00e1rio econ\u00f4mico deve dominar agenda do mercado hoje"},"content":{"rendered":"<p>O <strong>calend\u00e1rio econ\u00f4mico<\/strong> dever\u00e1 seguir dominando as aten\u00e7\u00f5es do mercado hoje. O presidente Luiz In\u00e1cio Lula da Silva (PT) j\u00e1 est\u00e1 no Jap\u00e3o onde j\u00e1 participou de encontros na c\u00fapula dos l\u00edderes do G7 no Jap\u00e3o. Aqui no Brasil, a agenda est\u00e1 marcada pela divulga\u00e7\u00e3o do indicador de atividade, o IBC-Br de mar\u00e7o, e pelo evento do Banco Central, o High-Level Seminar on Central Banking, com presen\u00e7a do Ministro da Fazenda, Fernando Haddad.<\/p>\t<div class=\"wrapper-featured-image\">\n\t\t<figure class=\"spotlightImg\">\n\n\t\t\t<picture>\n\t\t\t\t<source media=\"(max-width: 768px)\" srcset=\"https:\/\/files.sunoresearch.com.br\/n\/uploads\/2023\/05\/bolsa-pregao-b3-400x200.jpg\">\n\t\t\t\t<img loading=\"lazy\" decoding=\"async\" class=\"newsContent__article__imgCapa lazyloadDisabled \" src=\"https:\/\/files.sunoresearch.com.br\/n\/uploads\/2023\/05\/bolsa-pregao-b3-800x450.jpg\" width=\"800\" height=\"450\" alt=\"Lula no Jap\u00e3o, evento do BC e IBC-Br de mar\u00e7o: calend\u00e1rio econ\u00f4mico deve dominar agenda do mercado hoje\" fetchpriority=high \/>\n\t\t\t<\/picture>\n\n\t\t\t<figcaption class=\"wp-caption-text wp-caption-text--show\">Fundos de cr\u00e9dito \u201csalvam\u201d agosto; veja o que mais deu retorno aos investidores<\/figcaption>\n\t\t<\/figure>\n\t<\/div>\n\n\n\n\n\n\n\n\t<p>\n\t\t<a href=\"https:\/\/lp.suno.com.br\/planilha-da-vida-financeira\/\" target=\"_blank\" data-element=\"shortcode-suno-banner\" title=\"Banner SUNO, clique e saiba mais\">\n\t\t\t<picture>\n\t\t\t\t<source media=\"(max-width: 500px)\" srcset=\"https:\/\/files.sunoresearch.com.br\/n\/uploads\/2023\/04\/400x300-Planilha-vida-financeira-true.png\">\n\t\t\t\t<img class=\"newsContent__article__imgCapa newsContent__article__imgCapa--banner\"\n\t\t\t\t\tsrc=\"https:\/\/files.sunoresearch.com.br\/n\/uploads\/2023\/04\/1420x240-Planilha-vida-financeira-true.png\"\n\t\t\t\t\tdata-promo-id=\"106682\"\t\t\t\t\t\t\t\t\t\twidth='1420' height='240'\t\t\t\t\talt=\"https:\/\/files.sunoresearch.com.br\/n\/uploads\/2023\/04\/1420x240-Planilha-vida-financeira-true.png\"\n\t\t\t\t>\n\t\t\t<\/picture>\n\t\t<\/a>\n\t<\/p>\n\n\n\n\n\n<p>Confira a agenda nacional para ficar no radar do <strong>mercado hoje:<\/strong><\/p>\n\n\n\n<h2 class=\"wp-block-heading\">Lula no Jap\u00e3o<\/h2>\n\n\n\n<p>De acordo com o Broadcast, Lula e o premi\u00ea australiano Anthony Albanese debateram hoje mudan\u00e7as no <a class=\"suno-keyword\" target=\"_blank\" data-force=\"no\" data-priority=\"2\" href=\"https:\/\/www.suno.com.br\/artigos\/mercado-de-trabalho\/\" rel=\"noopener\">mercado de trabalho<\/a> com a chegada dos aplicativos. Al\u00e9m disso, o&nbsp; ministro das Rela\u00e7\u00f5es Exteriores, Mauro Vieira, conversou com o chanceler japon\u00eas Yoshimasa Hayashi, que disse estar esperan\u00e7oso de que a <strong>reforma tribut\u00e1ria<\/strong> brasileira possa ampliar os investimentos da China no Brasil.<\/p>\n\n\n\n<h2 class=\"wp-block-heading\">Evento do Banco Central<\/h2>\n\n\n\n<p>\u00c0s 14h05, Haddad abre o evento do Banco Central, cujos temas abordar\u00e3o o <strong>novo arcabou\u00e7o fiscal<\/strong>, infla\u00e7\u00e3o e <a class=\"suno-keyword\" data-force=\"no\" data-priority=\"1\" href=\"https:\/\/www.suno.com.br\/artigos\/politica-monetaria\/\" target=\"_blank\" rel=\"noopener\">pol\u00edtica monet\u00e1ria<\/a>, entre outros. \u00c0s 16h10, \u00e9 esperado discurso gravado da presidente do Banco Central Europeu (BCE), Christine Lagarde. E o presidente do BC, Roberto Campos Neto, finaliza com seu pronunciamento.<\/p>\n\n\n\n<p>Atingindo as expectativas, o Banco Central divulgou hoje, \u00e0s 9h, o seu indicador de atividade econ\u00f4mica, o IBC-Br, referente a mar\u00e7o. O \u00edndice marcou uma alta de 2,41% no trimestre com os dados ajustados, em rela\u00e7\u00e3o ao \u00faltimo trimestre de 2022.<\/p>\n\n\n\n<p>A margem de crescimento foi a terceira maior na s\u00e9rie hist\u00f3rica do \u00edndice do BC.<\/p>\n\n\n\n<h2 class=\"wp-block-heading\">Mais agenda nacional<\/h2>\n\n\n\n<p>Veja o que mais ser\u00e1 divulgado no <strong>calend\u00e1rio econ\u00f4mico do Brasil<\/strong>:<\/p>\n\n\n\n<ul class=\"wp-block-list\">\n<li>9h: Instituto Brasileiro de Geografia e Estat\u00edstica (IBGE) anunciou dados regionais da Pesquisa Industrial Mensal (PIM) Regional de fevereiro para mar\u00e7o. A produ\u00e7\u00e3o industrial no Brasil demonstrou um crescimento de 1,1%, com 11 dos 15 locais analisados dando sinais de avan\u00e7o;<\/li>\n\n\n\n<li>14h; O vice-presidente Geraldo Alckmin se re\u00fane com ministro de Minas e Energia, Alexandre Silveira;<\/li>\n\n\n\n<li>15h: Alckmin se re\u00fane com a ministra do Meio Ambiente, Marina Silva.<\/li>\n<\/ul>\n\n\n\t<p>\n\t\t<a href=\"https:\/\/lp.suno.com.br\/ebook-como-analisar-uma-acao\/\" target=\"_blank\" data-element=\"shortcode-suno-banner\" title=\"Banner SUNO, clique e saiba mais\">\n\t\t\t<picture>\n\t\t\t\t<source media=\"(max-width: 500px)\" srcset=\"https:\/\/files.sunoresearch.com.br\/n\/uploads\/2023\/03\/Ebook-Acoes-Mobile.jpg\">\n\t\t\t\t<img class=\"newsContent__article__imgCapa newsContent__article__imgCapa--banner\"\n\t\t\t\t\tsrc=\"https:\/\/files.sunoresearch.com.br\/n\/uploads\/2023\/03\/Ebook-Acoes-Desktop.jpg\"\n\t\t\t\t\tdata-promo-id=\"378302\"\t\t\t\t\t\t\t\t\t\twidth='1420' height='286'\t\t\t\t\talt=\"https:\/\/files.sunoresearch.com.br\/n\/uploads\/2023\/03\/Ebook-Acoes-Desktop.jpg\"\n\t\t\t\t>\n\t\t\t<\/picture>\n\t\t<\/a>\n\t<\/p>\n\n\n\n\n\n<h2 class=\"wp-block-heading\">Principais bolsas globais<\/h2>\n\n\n\n<h3 class=\"wp-block-heading\">Bolsa dos EUA<\/h3>\n\n\n\n<p>\u00c0s 12h de hoje, o presidente do Federal Reserve (Fed), Jerome Powell, participa de um debate com o ex-presidente do BC americano Ben Bernake na Confer\u00eancia de Pesquisa Thomas Laubach. A discuss\u00e3o deve alimentar as expectativas para a pr\u00f3xima reuni\u00e3o do FOMC (semelhante ao <strong>Copom<\/strong> no Brasil). Com dados do <a class=\"suno-keyword\" target=\"_blank\" data-force=\"no\" data-priority=\"2\" href=\"https:\/\/www.suno.com.br\/artigos\/mercado-de-trabalho\/\" rel=\"noopener\">mercado de trabalho<\/a> local, o mercado passa a n\u00e3o descartar uma <strong>alta dos juros<\/strong> j\u00e1 em junho.<\/p>\n\n\n\n<p>Veja mais do <strong>calend\u00e1rio econ\u00f4mico dos EUA<\/strong>:<\/p>\n\n\n\n<ul class=\"wp-block-list\">\n<li>9h45: Presidente do Fed de Nova York, John Williams, participa de evento institucional (9h45); <\/li>\n\n\n\n<li>10h: Diretora do Fed Michelle Bowman participa da Conven\u00e7\u00e3o Anual da Associa\u00e7\u00e3o de Banqueiros do Texas (10h); <\/li>\n\n\n\n<li>14h: A companhia americana Baker Hughes divulga n\u00famero de po\u00e7os e plataformas de petr\u00f3leo no pa\u00eds.<\/li>\n<\/ul>\n\n\n\n<h3 class=\"wp-block-heading\">Bolsas europeias<\/h3>\n\n\n\n<p>As not\u00edcias de progressos das negocia\u00e7\u00f5es sobre o <strong>teto da d\u00edvida dos EUA<\/strong> repercutiram positivamente na Europa. Os principais <strong>\u00edndices europeus<\/strong> operavam em alta na manh\u00e3 desta sexta-feira. Para o decorrer do dia, o discurso do presidente do Fed estar\u00e1 mais no radar dos investidores na Europa.<\/p>\n\n\n\n<p>Veja como os \u00edndices que europeus operavam por volta das 7hs:&nbsp;<\/p>\n\n\n\n<figure class=\"wp-block-table\"><table><tbody><tr><td>\u00cdndices<\/td><td>Resultados<\/td><\/tr><tr><td>FTSE100 (Londres):<\/td><td>+0,48%<\/td><\/tr><tr><td>DAX (Frankfurt):<\/td><td>+0,61%<\/td><\/tr><tr><td>CAC 40 (Paris):<\/td><td>+0,73%&nbsp;<\/td><\/tr><tr><td>Ibex 35 (Madrid)<\/td><td>+0,51%&nbsp;<\/td><\/tr><tr><td>Stoxx 600 (Europa):<\/td><td>+0,75%<\/td><\/tr><\/tbody><\/table><\/figure>\n\n\n\n<h3 class=\"wp-block-heading\">Bolsas asi\u00e1ticas<\/h3>\n\n\n\n<p>Novamente a <strong>Bolsa de T\u00f3quio<\/strong>, o <a class=\"suno-keyword\" target=\"_blank\" data-force=\"no\" data-priority=\"1\" href=\"https:\/\/www.suno.com.br\/artigos\/nikkei-225\/\" rel=\"noopener\">Nikkei 225<\/a>, foi o grande destaque entre os principais <strong>\u00edndices asi\u00e1ticos <\/strong>nesta sexta-feira. O Nikkei 225 subiu 0,77% e alcan\u00e7ou o patamar de 1990. O mesmo n\u00e3o aconteceu com Xangai e Hong Kong (<a class=\"suno-keyword\" target=\"_blank\" data-force=\"no\" data-priority=\"1\" href=\"https:\/\/www.suno.com.br\/artigos\/hang-seng\/\" rel=\"noopener\">Hang Seng<\/a>), que recuaram -0,42% e -1,40%, respectivamente como reflexo da recupera\u00e7\u00e3o desigual da China<\/p>\n\n\n\n<p>Veja como fecharam os demais \u00edndices asi\u00e1ticos:&nbsp;&nbsp;&nbsp;&nbsp;<\/p>\n\n\n\n<figure class=\"wp-block-table\"><table><tbody><tr><td>\u00cdndices<\/td><td>Resultados<\/td><\/tr><tr><td>Taiex (Taiwan): <\/td><td>+0,45%&nbsp;&nbsp;<\/td><\/tr><tr><td>Kospi (Coreia): <\/td><td>+0,89%&nbsp;<\/td><\/tr><tr><td>Shenzhen (China)<\/td><td>+0,12%<\/td><\/tr><\/tbody><\/table><\/figure>\n\n\n\n<p>Acompanhe no Suno Not\u00edcias a repercuss\u00e3o do Lula no Jap\u00e3o, do&nbsp; evento do Banco Central e o desenrolar dos principais eventos do <strong>calend\u00e1rio econ\u00f4mico<\/strong> e financeiro desta sexta-feira.<\/p>\n\n\n\t<p>\n\t\t<a href=\"https:\/\/lp.suno.com.br\/suno-one\/?utm_campaign=_SNC6964518A_\" target=\"_blank\" data-element=\"shortcode-suno-banner\" title=\"Banner SUNO, clique e saiba mais\">\n\t\t\t<picture>\n\t\t\t\t<source media=\"(max-width: 500px)\" srcset=\"https:\/\/files.sunoresearch.com.br\/n\/uploads\/2025\/09\/400x300-Suno-One-png.webp\">\n\t\t\t\t<img class=\"newsContent__article__imgCapa newsContent__article__imgCapa--banner\"\n\t\t\t\t\tsrc=\"https:\/\/files.sunoresearch.com.br\/n\/uploads\/2025\/09\/1420x240-Suno-One-png.webp\"\n\t\t\t\t\tdata-promo-id=\"383121\"\t\t\t\t\t\t\t\t\t\twidth='1420' height='240'\t\t\t\t\talt=\"https:\/\/files.sunoresearch.com.br\/n\/uploads\/2025\/09\/1420x240-Suno-One-png.webp\"\n\t\t\t\t>\n\t\t\t<\/picture>\n\t\t<\/a>\n\t<\/p>\n\n\n","protected":false},"excerpt":{"rendered":"<p>O calend\u00e1rio econ\u00f4mico dever\u00e1 seguir dominando as aten\u00e7\u00f5es do mercado hoje. O presidente Luiz In\u00e1cio Lula da Silva (PT) j\u00e1 est\u00e1 no Jap\u00e3o onde j\u00e1 participou de encontros na c\u00fapula dos l\u00edderes do G7 no Jap\u00e3o. Aqui no Brasil, a agenda est\u00e1 marcada pela divulga\u00e7\u00e3o do indicador de atividade, o IBC-Br de mar\u00e7o, e pelo [&hellip;]<\/p>\n","protected":false},"author":266,"featured_media":406463,"comment_status":"closed","ping_status":"closed","sticky":false,"template":"","format":"standard","meta":[],"categories":[60],"tags":[1980,1842,776,716,1752],"suno_strategy":[],"class_list":["post-406690","post","type-post","status-publish","format-standard","has-post-thumbnail","hentry","category-mercado","tag-agenda-do-dia","tag-banco-central-bc","tag-federal-reseve-fed","tag-fernando-haddad","tag-taxa-de-juros"],"yoast_head":"<!-- This site is optimized with the Yoast SEO plugin v24.4 - https:\/\/yoast.com\/wordpress\/plugins\/seo\/ -->\n<title>Quais eventos do calend\u00e1rio econ\u00f4mico ficar de olho no mercado hoje?<\/title>\n<meta name=\"description\" content=\"Calend\u00e1rio econ\u00f4mico domina a agenda do mercado nesta sexta-feira (19). Confira quais eventos precisa ficar atento hoje\" \/>\n<meta name=\"robots\" content=\"index, follow, max-snippet:-1, max-image-preview:large, max-video-preview:-1\" \/>\n<link rel=\"canonical\" href=\"https:\/\/www.suno.com.br\/noticias\/agenda-mercado-principais-eventos-calendario-economico\/\" \/>\n<meta property=\"og:locale\" content=\"pt_BR\" \/>\n<meta property=\"og:type\" content=\"article\" \/>\n<meta property=\"og:title\" content=\"Quais eventos do calend\u00e1rio econ\u00f4mico ficar de olho no mercado hoje?\" \/>\n<meta property=\"og:description\" content=\"Calend\u00e1rio econ\u00f4mico domina a agenda do mercado nesta sexta-feira (19). Confira quais eventos precisa ficar atento hoje\" \/>\n<meta property=\"og:url\" content=\"https:\/\/www.suno.com.br\/noticias\/agenda-mercado-principais-eventos-calendario-economico\/\" \/>\n<meta property=\"og:site_name\" content=\"Suno Not\u00edcias\" \/>\n<meta property=\"article:publisher\" content=\"https:\/\/facebook.com\/sunoresearch\" \/>\n<meta property=\"og:image\" content=\"https:\/\/files.sunoresearch.com.br\/n\/uploads\/2023\/05\/bolsa-pregao-b3.jpg\" \/>\n\t<meta property=\"og:image:width\" content=\"1200\" \/>\n\t<meta property=\"og:image:height\" content=\"800\" \/>\n\t<meta property=\"og:image:type\" content=\"image\/jpeg\" \/>\n<meta name=\"author\" content=\"Fernanda Bompan\" \/>\n<meta name=\"twitter:card\" content=\"summary_large_image\" \/>\n<meta name=\"twitter:creator\" content=\"@sunoresearch\" \/>\n<meta name=\"twitter:site\" content=\"@sunoresearch\" \/>\n<meta name=\"twitter:label1\" content=\"Escrito por\" \/>\n\t<meta name=\"twitter:data1\" content=\"Fernanda Bompan\" \/>\n\t<meta name=\"twitter:label2\" content=\"Est. tempo de leitura\" \/>\n\t<meta name=\"twitter:data2\" content=\"4 minutos\" \/>\n<script type=\"application\/ld+json\" class=\"yoast-schema-graph\">{\"@context\":\"https:\/\/schema.org\",\"@graph\":[{\"@type\":\"NewsArticle\",\"@id\":\"https:\/\/www.suno.com.br\/noticias\/agenda-mercado-principais-eventos-calendario-economico\/#article\",\"isPartOf\":{\"@id\":\"https:\/\/www.suno.com.br\/noticias\/agenda-mercado-principais-eventos-calendario-economico\/\"},\"author\":{\"name\":\"Fernanda Bompan\",\"@id\":\"https:\/\/www.suno.com.br\/noticias\/#\/schema\/person\/1f832c1c0e64406f37dbc20563c01a26\"},\"headline\":\"Lula no Jap\u00e3o, evento do BC e IBC-Br de mar\u00e7o: calend\u00e1rio econ\u00f4mico deve dominar agenda do mercado hoje\",\"datePublished\":\"2023-05-19T11:20:31+00:00\",\"dateModified\":\"2023-05-19T14:19:16+00:00\",\"mainEntityOfPage\":{\"@id\":\"https:\/\/www.suno.com.br\/noticias\/agenda-mercado-principais-eventos-calendario-economico\/\"},\"wordCount\":731,\"publisher\":{\"@id\":\"https:\/\/www.suno.com.br\/noticias\/#organization\"},\"image\":{\"@id\":\"https:\/\/www.suno.com.br\/noticias\/agenda-mercado-principais-eventos-calendario-economico\/#primaryimage\"},\"thumbnailUrl\":\"https:\/\/files.sunoresearch.com.br\/n\/uploads\/2023\/05\/bolsa-pregao-b3.jpg\",\"keywords\":[\"agenda do dia\",\"Banco Central (BC)\",\"Federal Reserve (FED)\",\"Fernando Haddad\",\"taxa de juros\"],\"articleSection\":[\"Mercado\"],\"inLanguage\":\"pt-BR\"},{\"@type\":\"WebPage\",\"@id\":\"https:\/\/www.suno.com.br\/noticias\/agenda-mercado-principais-eventos-calendario-economico\/\",\"url\":\"https:\/\/www.suno.com.br\/noticias\/agenda-mercado-principais-eventos-calendario-economico\/\",\"name\":\"Quais eventos do calend\u00e1rio econ\u00f4mico ficar de olho no mercado hoje?\",\"isPartOf\":{\"@id\":\"https:\/\/www.suno.com.br\/noticias\/#website\"},\"primaryImageOfPage\":{\"@id\":\"https:\/\/www.suno.com.br\/noticias\/agenda-mercado-principais-eventos-calendario-economico\/#primaryimage\"},\"image\":{\"@id\":\"https:\/\/www.suno.com.br\/noticias\/agenda-mercado-principais-eventos-calendario-economico\/#primaryimage\"},\"thumbnailUrl\":\"https:\/\/files.sunoresearch.com.br\/n\/uploads\/2023\/05\/bolsa-pregao-b3.jpg\",\"datePublished\":\"2023-05-19T11:20:31+00:00\",\"dateModified\":\"2023-05-19T14:19:16+00:00\",\"description\":\"Calend\u00e1rio econ\u00f4mico domina a agenda do mercado nesta sexta-feira (19). Confira quais eventos precisa ficar atento hoje\",\"breadcrumb\":{\"@id\":\"https:\/\/www.suno.com.br\/noticias\/agenda-mercado-principais-eventos-calendario-economico\/#breadcrumb\"},\"inLanguage\":\"pt-BR\",\"potentialAction\":[{\"@type\":\"ReadAction\",\"target\":[\"https:\/\/www.suno.com.br\/noticias\/agenda-mercado-principais-eventos-calendario-economico\/\"]}]},{\"@type\":\"ImageObject\",\"inLanguage\":\"pt-BR\",\"@id\":\"https:\/\/www.suno.com.br\/noticias\/agenda-mercado-principais-eventos-calendario-economico\/#primaryimage\",\"url\":\"https:\/\/files.sunoresearch.com.br\/n\/uploads\/2023\/05\/bolsa-pregao-b3.jpg\",\"contentUrl\":\"https:\/\/files.sunoresearch.com.br\/n\/uploads\/2023\/05\/bolsa-pregao-b3.jpg\",\"width\":1200,\"height\":800,\"caption\":\"Fundos de cr\u00e9dito \u201csalvam\u201d agosto; veja o que mais deu retorno aos investidores\"},{\"@type\":\"BreadcrumbList\",\"@id\":\"https:\/\/www.suno.com.br\/noticias\/agenda-mercado-principais-eventos-calendario-economico\/#breadcrumb\",\"itemListElement\":[{\"@type\":\"ListItem\",\"position\":1,\"name\":\"Not\u00edcias\",\"item\":\"https:\/\/www.suno.com.br\/noticias\/\"},{\"@type\":\"ListItem\",\"position\":2,\"name\":\"Mercado\",\"item\":\"https:\/\/www.suno.com.br\/noticias\/mercado\/\"},{\"@type\":\"ListItem\",\"position\":3,\"name\":\"Lula no Jap\u00e3o, evento do BC e IBC-Br de mar\u00e7o: calend\u00e1rio econ\u00f4mico deve dominar agenda do mercado hoje\"}]},{\"@type\":\"WebSite\",\"@id\":\"https:\/\/www.suno.com.br\/noticias\/#website\",\"url\":\"https:\/\/www.suno.com.br\/noticias\/\",\"name\":\"Suno Not\u00edcias\",\"description\":\"Seu portal de informa\u00e7\u00e3o sobre o mundo dos investimentos\",\"publisher\":{\"@id\":\"https:\/\/www.suno.com.br\/noticias\/#organization\"},\"potentialAction\":[{\"@type\":\"SearchAction\",\"target\":{\"@type\":\"EntryPoint\",\"urlTemplate\":\"https:\/\/www.suno.com.br\/noticias\/?s={search_term_string}\"},\"query-input\":{\"@type\":\"PropertyValueSpecification\",\"valueRequired\":true,\"valueName\":\"search_term_string\"}}],\"inLanguage\":\"pt-BR\"},{\"@type\":\"Organization\",\"@id\":\"https:\/\/www.suno.com.br\/noticias\/#organization\",\"name\":\"Suno Not\u00edcias\",\"url\":\"https:\/\/www.suno.com.br\/noticias\/\",\"logo\":{\"@type\":\"ImageObject\",\"inLanguage\":\"pt-BR\",\"@id\":\"https:\/\/www.suno.com.br\/noticias\/#\/schema\/logo\/image\/\",\"url\":\"https:\/\/files.sunoresearch.com.br\/n\/uploads\/2021\/09\/suno-logo.png\",\"contentUrl\":\"https:\/\/files.sunoresearch.com.br\/n\/uploads\/2021\/09\/suno-logo.png\",\"width\":180,\"height\":180,\"caption\":\"Suno Not\u00edcias\"},\"image\":{\"@id\":\"https:\/\/www.suno.com.br\/noticias\/#\/schema\/logo\/image\/\"},\"sameAs\":[\"https:\/\/facebook.com\/sunoresearch\",\"https:\/\/x.com\/sunoresearch\",\"https:\/\/www.instagram.com\/suno\",\"https:\/\/www.linkedin.com\/company\/suno-research\/\",\"https:\/\/www.youtube.com\/c\/sunoresearch\"]},{\"@type\":\"Person\",\"@id\":\"https:\/\/www.suno.com.br\/noticias\/#\/schema\/person\/1f832c1c0e64406f37dbc20563c01a26\",\"name\":\"Fernanda Bompan\",\"image\":{\"@type\":\"ImageObject\",\"inLanguage\":\"pt-BR\",\"@id\":\"https:\/\/www.suno.com.br\/noticias\/#\/schema\/person\/image\/\",\"url\":\"https:\/\/secure.gravatar.com\/avatar\/963efa2e75b13e4118442129692cb5cb?s=96&r=g\",\"contentUrl\":\"https:\/\/secure.gravatar.com\/avatar\/963efa2e75b13e4118442129692cb5cb?s=96&r=g\",\"caption\":\"Fernanda Bompan\"},\"description\":\"Fernanda Bompan \u00e9 jornalista e acumula 15 anos de experi\u00eancia na cobertura das editorias de economia, finan\u00e7as e neg\u00f3cios, com passagens por Gazeta Mercantil, DCI, Valor Econ\u00f4mico e Finsiders. Ainda\u00a0atuou em assessorias de imprensa e na cria\u00e7\u00e3o de conte\u00fado para redes sociais de fundos de investimento.\",\"url\":\"https:\/\/www.suno.com.br\/noticias\/author\/fernanda-bompansuno-com-br\/\"}]}<\/script>\n<!-- \/ Yoast SEO plugin. -->","yoast_head_json":{"title":"Quais eventos do calend\u00e1rio econ\u00f4mico ficar de olho no mercado hoje?","description":"Calend\u00e1rio econ\u00f4mico domina a agenda do mercado nesta sexta-feira (19). Confira quais eventos precisa ficar atento hoje","robots":{"index":"index","follow":"follow","max-snippet":"max-snippet:-1","max-image-preview":"max-image-preview:large","max-video-preview":"max-video-preview:-1"},"canonical":"https:\/\/www.suno.com.br\/noticias\/agenda-mercado-principais-eventos-calendario-economico\/","og_locale":"pt_BR","og_type":"article","og_title":"Quais eventos do calend\u00e1rio econ\u00f4mico ficar de olho no mercado hoje?","og_description":"Calend\u00e1rio econ\u00f4mico domina a agenda do mercado nesta sexta-feira (19). Confira quais eventos precisa ficar atento hoje","og_url":"https:\/\/www.suno.com.br\/noticias\/agenda-mercado-principais-eventos-calendario-economico\/","og_site_name":"Suno Not\u00edcias","article_publisher":"https:\/\/facebook.com\/sunoresearch","og_image":[{"width":1200,"height":800,"url":"https:\/\/files.sunoresearch.com.br\/n\/uploads\/2023\/05\/bolsa-pregao-b3.jpg","type":"image\/jpeg"}],"author":"Fernanda Bompan","twitter_card":"summary_large_image","twitter_creator":"@sunoresearch","twitter_site":"@sunoresearch","twitter_misc":{"Escrito por":"Fernanda Bompan","Est. tempo de leitura":"4 minutos"},"schema":{"@context":"https:\/\/schema.org","@graph":[{"@type":"NewsArticle","@id":"https:\/\/www.suno.com.br\/noticias\/agenda-mercado-principais-eventos-calendario-economico\/#article","isPartOf":{"@id":"https:\/\/www.suno.com.br\/noticias\/agenda-mercado-principais-eventos-calendario-economico\/"},"author":{"name":"Fernanda Bompan","@id":"https:\/\/www.suno.com.br\/noticias\/#\/schema\/person\/1f832c1c0e64406f37dbc20563c01a26"},"headline":"Lula no Jap\u00e3o, evento do BC e IBC-Br de mar\u00e7o: calend\u00e1rio econ\u00f4mico deve dominar agenda do mercado hoje","datePublished":"2023-05-19T11:20:31+00:00","dateModified":"2023-05-19T14:19:16+00:00","mainEntityOfPage":{"@id":"https:\/\/www.suno.com.br\/noticias\/agenda-mercado-principais-eventos-calendario-economico\/"},"wordCount":731,"publisher":{"@id":"https:\/\/www.suno.com.br\/noticias\/#organization"},"image":{"@id":"https:\/\/www.suno.com.br\/noticias\/agenda-mercado-principais-eventos-calendario-economico\/#primaryimage"},"thumbnailUrl":"https:\/\/files.sunoresearch.com.br\/n\/uploads\/2023\/05\/bolsa-pregao-b3.jpg","keywords":["agenda do dia","Banco Central (BC)","Federal Reserve (FED)","Fernando Haddad","taxa de juros"],"articleSection":["Mercado"],"inLanguage":"pt-BR"},{"@type":"WebPage","@id":"https:\/\/www.suno.com.br\/noticias\/agenda-mercado-principais-eventos-calendario-economico\/","url":"https:\/\/www.suno.com.br\/noticias\/agenda-mercado-principais-eventos-calendario-economico\/","name":"Quais eventos do calend\u00e1rio econ\u00f4mico ficar de olho no mercado hoje?","isPartOf":{"@id":"https:\/\/www.suno.com.br\/noticias\/#website"},"primaryImageOfPage":{"@id":"https:\/\/www.suno.com.br\/noticias\/agenda-mercado-principais-eventos-calendario-economico\/#primaryimage"},"image":{"@id":"https:\/\/www.suno.com.br\/noticias\/agenda-mercado-principais-eventos-calendario-economico\/#primaryimage"},"thumbnailUrl":"https:\/\/files.sunoresearch.com.br\/n\/uploads\/2023\/05\/bolsa-pregao-b3.jpg","datePublished":"2023-05-19T11:20:31+00:00","dateModified":"2023-05-19T14:19:16+00:00","description":"Calend\u00e1rio econ\u00f4mico domina a agenda do mercado nesta sexta-feira (19). Confira quais eventos precisa ficar atento hoje","breadcrumb":{"@id":"https:\/\/www.suno.com.br\/noticias\/agenda-mercado-principais-eventos-calendario-economico\/#breadcrumb"},"inLanguage":"pt-BR","potentialAction":[{"@type":"ReadAction","target":["https:\/\/www.suno.com.br\/noticias\/agenda-mercado-principais-eventos-calendario-economico\/"]}]},{"@type":"ImageObject","inLanguage":"pt-BR","@id":"https:\/\/www.suno.com.br\/noticias\/agenda-mercado-principais-eventos-calendario-economico\/#primaryimage","url":"https:\/\/files.sunoresearch.com.br\/n\/uploads\/2023\/05\/bolsa-pregao-b3.jpg","contentUrl":"https:\/\/files.sunoresearch.com.br\/n\/uploads\/2023\/05\/bolsa-pregao-b3.jpg","width":1200,"height":800,"caption":"Fundos de cr\u00e9dito \u201csalvam\u201d agosto; veja o que mais deu retorno aos investidores"},{"@type":"BreadcrumbList","@id":"https:\/\/www.suno.com.br\/noticias\/agenda-mercado-principais-eventos-calendario-economico\/#breadcrumb","itemListElement":[{"@type":"ListItem","position":1,"name":"Not\u00edcias","item":"https:\/\/www.suno.com.br\/noticias\/"},{"@type":"ListItem","position":2,"name":"Mercado","item":"https:\/\/www.suno.com.br\/noticias\/mercado\/"},{"@type":"ListItem","position":3,"name":"Lula no Jap\u00e3o, evento do BC e IBC-Br de mar\u00e7o: calend\u00e1rio econ\u00f4mico deve dominar agenda do mercado hoje"}]},{"@type":"WebSite","@id":"https:\/\/www.suno.com.br\/noticias\/#website","url":"https:\/\/www.suno.com.br\/noticias\/","name":"Suno Not\u00edcias","description":"Seu portal de informa\u00e7\u00e3o sobre o mundo dos investimentos","publisher":{"@id":"https:\/\/www.suno.com.br\/noticias\/#organization"},"potentialAction":[{"@type":"SearchAction","target":{"@type":"EntryPoint","urlTemplate":"https:\/\/www.suno.com.br\/noticias\/?s={search_term_string}"},"query-input":{"@type":"PropertyValueSpecification","valueRequired":true,"valueName":"search_term_string"}}],"inLanguage":"pt-BR"},{"@type":"Organization","@id":"https:\/\/www.suno.com.br\/noticias\/#organization","name":"Suno Not\u00edcias","url":"https:\/\/www.suno.com.br\/noticias\/","logo":{"@type":"ImageObject","inLanguage":"pt-BR","@id":"https:\/\/www.suno.com.br\/noticias\/#\/schema\/logo\/image\/","url":"https:\/\/files.sunoresearch.com.br\/n\/uploads\/2021\/09\/suno-logo.png","contentUrl":"https:\/\/files.sunoresearch.com.br\/n\/uploads\/2021\/09\/suno-logo.png","width":180,"height":180,"caption":"Suno Not\u00edcias"},"image":{"@id":"https:\/\/www.suno.com.br\/noticias\/#\/schema\/logo\/image\/"},"sameAs":["https:\/\/facebook.com\/sunoresearch","https:\/\/x.com\/sunoresearch","https:\/\/www.instagram.com\/suno","https:\/\/www.linkedin.com\/company\/suno-research\/","https:\/\/www.youtube.com\/c\/sunoresearch"]},{"@type":"Person","@id":"https:\/\/www.suno.com.br\/noticias\/#\/schema\/person\/1f832c1c0e64406f37dbc20563c01a26","name":"Fernanda Bompan","image":{"@type":"ImageObject","inLanguage":"pt-BR","@id":"https:\/\/www.suno.com.br\/noticias\/#\/schema\/person\/image\/","url":"https:\/\/secure.gravatar.com\/avatar\/963efa2e75b13e4118442129692cb5cb?s=96&r=g","contentUrl":"https:\/\/secure.gravatar.com\/avatar\/963efa2e75b13e4118442129692cb5cb?s=96&r=g","caption":"Fernanda Bompan"},"description":"Fernanda Bompan \u00e9 jornalista e acumula 15 anos de experi\u00eancia na cobertura das editorias de economia, finan\u00e7as e neg\u00f3cios, com passagens por Gazeta Mercantil, DCI, Valor Econ\u00f4mico e Finsiders. Ainda\u00a0atuou em assessorias de imprensa e na cria\u00e7\u00e3o de conte\u00fado para redes sociais de fundos de investimento.","url":"https:\/\/www.suno.com.br\/noticias\/author\/fernanda-bompansuno-com-br\/"}]}},"default_loop_html":"<div class=\"cardsPage__listCard__boxs\"><div class=\"cardsPage__listCard__boxs__img\"><a href=\"https:\/\/www.suno.com.br\/noticias\/agenda-mercado-principais-eventos-calendario-economico\/\"><img class=\"mask\" src=\"https:\/\/www.suno.com.br\/noticias\/wp-content\/themes\/suno\/resources\/images\/spotlight\/spotlight1img\/bg-mask.png\" alt=\"Image Mask\"\/><img src=\"https:\/\/files.sunoresearch.com.br\/n\/uploads\/2023\/05\/bolsa-pregao-b3-400x200.jpg\" alt=\"Lula no Jap\u00e3o, evento do BC e IBC-Br de mar\u00e7o: calend\u00e1rio econ\u00f4mico deve dominar agenda do mercado hoje\"\/><\/a><span class=\"spotlightCategory\"><a href=\"https:\/\/www.suno.com.br\/noticias\/mercado\/\">Mercado<\/a><\/span><\/div><div class=\"cardsPage__listCard__boxs__content\"><a href=\"https:\/\/www.suno.com.br\/noticias\/agenda-mercado-principais-eventos-calendario-economico\/\"><h2 class=\"content__title\">Lula no Jap\u00e3o, evento do BC e IBC-Br de mar\u00e7o: calend\u00e1rio econ\u00f4mico deve dominar agenda do mercado hoje<\/h2><\/a><div class=\"newsContent__article__meta\"><div class=\"newsContent__article__meta__authorBox\"><a href=\"https:\/\/www.suno.com.br\/noticias\/author\/fernanda-bompansuno-com-br\/\" class=\"authorBox__avatar noMobi\"><img src=\"https:\/\/secure.gravatar.com\/avatar\/963efa2e75b13e4118442129692cb5cb?s=96&#038;r=g\" alt=\"Fernanda Bompan\"><\/a><div class=\"authorBox__name\"><span>por\n\t\t\t<a href=\"https:\/\/www.suno.com.br\/noticias\/author\/fernanda-bompansuno-com-br\/\"><span itemprop=\"author\">Fernanda Bompan<\/span><\/a><\/span><time datetime=\"2023-05-19T08:20:31-03:00\" itemprop=\"datePublished\">19\/05\/2023 08:20<\/time><\/div><\/div><\/div><\/div><\/div>","single_layout":"posts","amp_enabled":true,"_links":{"self":[{"href":"https:\/\/www.suno.com.br\/noticias\/wp-json\/wp\/v2\/posts\/406690"}],"collection":[{"href":"https:\/\/www.suno.com.br\/noticias\/wp-json\/wp\/v2\/posts"}],"about":[{"href":"https:\/\/www.suno.com.br\/noticias\/wp-json\/wp\/v2\/types\/post"}],"author":[{"embeddable":true,"href":"https:\/\/www.suno.com.br\/noticias\/wp-json\/wp\/v2\/users\/266"}],"replies":[{"embeddable":true,"href":"https:\/\/www.suno.com.br\/noticias\/wp-json\/wp\/v2\/comments?post=406690"}],"version-history":[{"count":3,"href":"https:\/\/www.suno.com.br\/noticias\/wp-json\/wp\/v2\/posts\/406690\/revisions"}],"predecessor-version":[{"id":406808,"href":"https:\/\/www.suno.com.br\/noticias\/wp-json\/wp\/v2\/posts\/406690\/revisions\/406808"}],"wp:featuredmedia":[{"embeddable":true,"href":"https:\/\/www.suno.com.br\/noticias\/wp-json\/wp\/v2\/media\/406463"}],"wp:attachment":[{"href":"https:\/\/www.suno.com.br\/noticias\/wp-json\/wp\/v2\/media?parent=406690"}],"wp:term":[{"taxonomy":"category","embeddable":true,"href":"https:\/\/www.suno.com.br\/noticias\/wp-json\/wp\/v2\/categories?post=406690"},{"taxonomy":"post_tag","embeddable":true,"href":"https:\/\/www.suno.com.br\/noticias\/wp-json\/wp\/v2\/tags?post=406690"},{"taxonomy":"suno_strategy","embeddable":true,"href":"https:\/\/www.suno.com.br\/noticias\/wp-json\/wp\/v2\/suno_strategy?post=406690"}],"curies":[{"name":"wp","href":"https:\/\/api.w.org\/{rel}","templated":true}]}}