{"id":40627,"date":"2019-10-10T11:49:51","date_gmt":"2019-10-10T14:49:51","guid":{"rendered":"https:\/\/www.suno.com.br\/noticias\/?p=40627"},"modified":"2019-10-10T11:49:51","modified_gmt":"2019-10-10T14:49:51","slug":"gol-cai-cotacao-2-jatos-aeronaves","status":"publish","type":"post","link":"https:\/\/www.suno.com.br\/noticias\/gol-cai-cotacao-2-jatos-aeronaves\/","title":{"rendered":"Gol cai mais de 2% com retirada de 11 jatos de opera\u00e7\u00e3o"},"content":{"rendered":"<p>As <a href=\"https:\/\/www.suno.com.br\/artigos\/tipos-de-acoes\/\">a\u00e7\u00f5es<\/a> da Gol (GOLL4) registram queda na <strong><a href=\"https:\/\/www.suno.com.br\/artigos\/b3\/\">Bolsa de Valores de S\u00e3o Paulo (B3)<\/a><\/strong> nesta quinta-feira (10), ap\u00f3s a retirada de 11 <strong>jatos<\/strong> <strong>737<\/strong> antigos da <strong>Boeing<\/strong> de opera\u00e7\u00e3o.<\/p>\t<div class=\"wrapper-featured-image\">\n\t\t<figure class=\"spotlightImg\">\n\n\t\t\t<picture>\n\t\t\t\t<source media=\"(max-width: 768px)\" srcset=\"https:\/\/files.sunoresearch.com.br\/n\/uploads\/2019\/07\/09623875-gol-400x200.webp\">\n\t\t\t\t<img loading=\"lazy\" decoding=\"async\" class=\"newsContent__article__imgCapa lazyloadDisabled newsContent__article__imgCapa--noCaption\" src=\"https:\/\/files.sunoresearch.com.br\/n\/uploads\/2019\/07\/09623875-gol-800x450.webp\" width=\"800\" height=\"450\" alt=\"Gol cai mais de 2% com retirada de 11 jatos de opera\u00e7\u00e3o\" fetchpriority=high \/>\n\t\t\t<\/picture>\n\n\t\t\t<figcaption class=\"wp-caption-text wp-caption-text--hide\">Gol ter\u00e1 mais voos em alta temporada no Brasil<\/figcaption>\n\t\t<\/figure>\n\t<\/div>\n\n\n<div dir=\"ltr\"><\/div>\n<p>Por vota das 11h30, os pap\u00e9is da <strong>Gol<\/strong> registravam queda de -2,18% sendo negociados a R$32,52. A empresa de linhas a\u00e9reas anunciou na \u00faltima quarta-feira (9), que realizou inspe\u00e7\u00f5es, recomendadas por reguladores dos <strong>Estados<\/strong> <strong>Unidos<\/strong>, e determinou a retirada de jatos antigos de opera\u00e7\u00e3o.<\/p>\n<p>A federa\u00e7\u00e3o de avia\u00e7\u00e3o dos EUA emitiu nota determinando que todos os modelos antigos do 737 fossem inspecionados. A companhia a\u00e9rea n\u00e3o informou quantas aeronaves ao certo est\u00e3o fora de opera\u00e7\u00e3o. No entanto, a frota da Gol enfrenta dificuldade pois est\u00e1 sem o 737 Max, \u00faltima vers\u00e3o do avi\u00e3o, que est\u00e1 suspenso depois de dois acidentes fatais.<\/p>\n<p>Estima-se que 14% de sua frota, equivalente a 18 avi\u00f5es, n\u00e3o est\u00e3o operando. De acordo com a companhia, essa decis\u00e3o afetar\u00e1 3% de seus passageiros at\u00e9 o dia 15 de dezembro.<\/p>\n<p>Em resposta, a Boeing lamenta o impacto na companhia brasileira e informou que est\u00e1 trabalhando para que os avi\u00f5es possam retornar a ser operados rapidamente. &#8220;Lamentamos o impacto que essa quest\u00e3o est\u00e1 causando na Gol, bem como em nossos demais clientes do 737 no mundo todo&#8221;, informou a fabricante americana.<\/p>\n<h2>Gol tem preju\u00edzo no segundo trimestre de 2019<\/h2>\n<p>A Gol divulgou o preju\u00edzo l\u00edquido da empresa, do segundo trimestre. O valor ficou em R$ 120,8 milh\u00f5es, uma melhora de 90,5% em rela\u00e7\u00e3o ao per\u00edodo igual do ano passado. A receita da companhia a\u00e9rea aumentou 33% neste trimestre, na compara\u00e7\u00e3o ano a ano, um percentual recorde. O valor da receita foi de R$ 3,14 bilh\u00f5es.<\/p>\n<p><a href=\"\/\/www.suno.com.br\/noticias\/gol-saida-delta-nao-impacto-financeiro-significativo\/\">Confira Tamb\u00e9m: Gol comunica que sa\u00edda da Delta n\u00e3o trar\u00e1 impacto financeiro significativo<\/a><\/p>\n<p>A receita operacional l\u00edquida, da Gol, por assento e quil\u00f4metro ofertado (Rask) teve avan\u00e7o de 25% ante ao segundo trimestre do ano passado. Sendo assim, o valor registrado foi de R$ 0,27.<\/p>\n<p>\u201cAtualmente, as tend\u00eancias de receita e reservas de passageiros permanecem fortes, e a companhia espera que o RASK do terceiro trimestre de 2019 aumente de 11% a 13%, em compara\u00e7\u00e3o com o terceiro trimestre de 2018\u201d, informou a Gol em um comunicado sobre seu desempenho trimestral.<\/p>\n\t<p>\n\t\t<a href=\"https:\/\/lp.suno.com.br\/ebook-guia-ir\/\" target=\"_blank\" data-element=\"shortcode-suno-banner\" title=\"Banner SUNO, clique e saiba mais\">\n\t\t\t<picture>\n\t\t\t\t<source media=\"(max-width: 500px)\" srcset=\"https:\/\/files.sunoresearch.com.br\/n\/uploads\/2023\/03\/400x300-Ebook-IR.png\">\n\t\t\t\t<img class=\"newsContent__article__imgCapa newsContent__article__imgCapa--banner\"\n\t\t\t\t\tsrc=\"https:\/\/files.sunoresearch.com.br\/n\/uploads\/2023\/03\/1420x240-Ebook-IR.png\"\n\t\t\t\t\tdata-promo-id=\"383124\"\t\t\t\t\t\t\t\t\t\twidth='1420' height='240'\t\t\t\t\talt=\"https:\/\/files.sunoresearch.com.br\/n\/uploads\/2023\/03\/1420x240-Ebook-IR.png\"\n\t\t\t\t>\n\t\t\t<\/picture>\n\t\t<\/a>\n\t<\/p>\n\n\n<p>O <a href=\"https:\/\/www.suno.com.br\/artigos\/ebitda\/\">Ebitda<\/a> (lucro antes de juros, impostos, deprecia\u00e7\u00e3o e amortiza\u00e7\u00e3o) chegou a R$ 399,4 milh\u00f5es. O valor alcan\u00e7ado no mesmo trimestre do ano passado foi de R$ 87,1 milh\u00f5es, com margem aumentando para 12,7%. Dessa forma, \u00e9 o maior n\u00edvel desde 2006.<\/p>\n<p>Neste trimestre, a Gol se beneficiou bastante do cancelamento de voos da rival <strong>Avianca<\/strong> <strong>Brasil<\/strong>, que est\u00e1 em processo de recupera\u00e7\u00e3o judicial.<\/p>\n","protected":false},"excerpt":{"rendered":"<p>As a\u00e7\u00f5es da Gol (GOLL4) registram queda na Bolsa de Valores de S\u00e3o Paulo (B3) nesta quinta-feira (10), ap\u00f3s a retirada de 11 jatos 737 antigos da Boeing de opera\u00e7\u00e3o. Gol ter\u00e1 mais voos em alta temporada no Brasil Por vota das 11h30, os pap\u00e9is da Gol registravam queda de -2,18% sendo negociados a R$32,52. [&hellip;]<\/p>\n","protected":false},"author":15,"featured_media":30107,"comment_status":"closed","ping_status":"closed","sticky":false,"template":"","format":"standard","meta":[],"categories":[64],"tags":[286,489],"suno_strategy":[],"class_list":["post-40627","post","type-post","status-publish","format-standard","has-post-thumbnail","hentry","category-negocios","tag-acoes","tag-gol-linhas-aereas-goll11-goll4"],"yoast_head":"<!-- This site is optimized with the Yoast SEO plugin v24.4 - https:\/\/yoast.com\/wordpress\/plugins\/seo\/ -->\n<title>Gol cai mais de 2% com retirada de 11 jatos de opera\u00e7\u00e3o<\/title>\n<meta name=\"description\" content=\"A Gol registra queda na bolsa ap\u00f3s retirada de 11 jatos. Por vota das 11h30, as a\u00e7\u00f5es da registravam -2,18% negociados a R$32,52. Clique aqui\" \/>\n<meta name=\"robots\" content=\"index, follow, max-snippet:-1, max-image-preview:large, max-video-preview:-1\" \/>\n<link rel=\"canonical\" href=\"https:\/\/www.suno.com.br\/noticias\/gol-cai-cotacao-2-jatos-aeronaves\/\" \/>\n<meta property=\"og:locale\" content=\"pt_BR\" \/>\n<meta property=\"og:type\" content=\"article\" \/>\n<meta property=\"og:title\" content=\"Gol cai mais de 2% com retirada de 11 jatos de opera\u00e7\u00e3o\" \/>\n<meta property=\"og:description\" content=\"A Gol registra queda na bolsa ap\u00f3s retirada de 11 jatos. Por vota das 11h30, as a\u00e7\u00f5es da registravam -2,18% negociados a R$32,52. Clique aqui\" \/>\n<meta property=\"og:url\" content=\"https:\/\/www.suno.com.br\/noticias\/gol-cai-cotacao-2-jatos-aeronaves\/\" \/>\n<meta property=\"og:site_name\" content=\"Suno Not\u00edcias\" \/>\n<meta property=\"article:publisher\" content=\"https:\/\/facebook.com\/sunoresearch\" \/>\n<meta property=\"og:image\" content=\"https:\/\/files.sunoresearch.com.br\/n\/uploads\/2019\/07\/09623875-gol.jpg\" \/>\n\t<meta property=\"og:image:width\" content=\"1380\" \/>\n\t<meta property=\"og:image:height\" content=\"920\" \/>\n\t<meta property=\"og:image:type\" content=\"image\/jpeg\" \/>\n<meta name=\"author\" content=\"Poliana Santos\" \/>\n<meta name=\"twitter:card\" content=\"summary_large_image\" \/>\n<meta name=\"twitter:creator\" content=\"@sunoresearch\" \/>\n<meta name=\"twitter:site\" content=\"@sunoresearch\" \/>\n<meta name=\"twitter:label1\" content=\"Escrito por\" \/>\n\t<meta name=\"twitter:data1\" content=\"Poliana Santos\" \/>\n\t<meta name=\"twitter:label2\" content=\"Est. tempo de leitura\" \/>\n\t<meta name=\"twitter:data2\" content=\"2 minutos\" \/>\n<script type=\"application\/ld+json\" class=\"yoast-schema-graph\">{\"@context\":\"https:\/\/schema.org\",\"@graph\":[{\"@type\":\"NewsArticle\",\"@id\":\"https:\/\/www.suno.com.br\/noticias\/gol-cai-cotacao-2-jatos-aeronaves\/#article\",\"isPartOf\":{\"@id\":\"https:\/\/www.suno.com.br\/noticias\/gol-cai-cotacao-2-jatos-aeronaves\/\"},\"author\":{\"name\":\"Poliana Santos\",\"@id\":\"https:\/\/www.suno.com.br\/noticias\/#\/schema\/person\/02ec1f752758247878a2bf4abee1aeda\"},\"headline\":\"Gol cai mais de 2% com retirada de 11 jatos de opera\u00e7\u00e3o\",\"datePublished\":\"2019-10-10T14:49:51+00:00\",\"mainEntityOfPage\":{\"@id\":\"https:\/\/www.suno.com.br\/noticias\/gol-cai-cotacao-2-jatos-aeronaves\/\"},\"wordCount\":466,\"publisher\":{\"@id\":\"https:\/\/www.suno.com.br\/noticias\/#organization\"},\"image\":{\"@id\":\"https:\/\/www.suno.com.br\/noticias\/gol-cai-cotacao-2-jatos-aeronaves\/#primaryimage\"},\"thumbnailUrl\":\"https:\/\/files.sunoresearch.com.br\/n\/uploads\/2019\/07\/09623875-gol-jpg.webp\",\"keywords\":[\"A\u00e7\u00f5es\",\"Gol Linhas A\u00e9reas (GOLL11\/GOLL4)\"],\"articleSection\":[\"Neg\u00f3cios\"],\"inLanguage\":\"pt-BR\"},{\"@type\":\"WebPage\",\"@id\":\"https:\/\/www.suno.com.br\/noticias\/gol-cai-cotacao-2-jatos-aeronaves\/\",\"url\":\"https:\/\/www.suno.com.br\/noticias\/gol-cai-cotacao-2-jatos-aeronaves\/\",\"name\":\"Gol cai mais de 2% com retirada de 11 jatos de opera\u00e7\u00e3o\",\"isPartOf\":{\"@id\":\"https:\/\/www.suno.com.br\/noticias\/#website\"},\"primaryImageOfPage\":{\"@id\":\"https:\/\/www.suno.com.br\/noticias\/gol-cai-cotacao-2-jatos-aeronaves\/#primaryimage\"},\"image\":{\"@id\":\"https:\/\/www.suno.com.br\/noticias\/gol-cai-cotacao-2-jatos-aeronaves\/#primaryimage\"},\"thumbnailUrl\":\"https:\/\/files.sunoresearch.com.br\/n\/uploads\/2019\/07\/09623875-gol-jpg.webp\",\"datePublished\":\"2019-10-10T14:49:51+00:00\",\"description\":\"A Gol registra queda na bolsa ap\u00f3s retirada de 11 jatos. Por vota das 11h30, as a\u00e7\u00f5es da registravam -2,18% negociados a R$32,52. Clique aqui\",\"breadcrumb\":{\"@id\":\"https:\/\/www.suno.com.br\/noticias\/gol-cai-cotacao-2-jatos-aeronaves\/#breadcrumb\"},\"inLanguage\":\"pt-BR\",\"potentialAction\":[{\"@type\":\"ReadAction\",\"target\":[\"https:\/\/www.suno.com.br\/noticias\/gol-cai-cotacao-2-jatos-aeronaves\/\"]}]},{\"@type\":\"ImageObject\",\"inLanguage\":\"pt-BR\",\"@id\":\"https:\/\/www.suno.com.br\/noticias\/gol-cai-cotacao-2-jatos-aeronaves\/#primaryimage\",\"url\":\"https:\/\/files.sunoresearch.com.br\/n\/uploads\/2019\/07\/09623875-gol-jpg.webp\",\"contentUrl\":\"https:\/\/files.sunoresearch.com.br\/n\/uploads\/2019\/07\/09623875-gol-jpg.webp\",\"width\":1380,\"height\":920,\"caption\":\"Gol ter\u00e1 mais voos em alta temporada no Brasil\"},{\"@type\":\"BreadcrumbList\",\"@id\":\"https:\/\/www.suno.com.br\/noticias\/gol-cai-cotacao-2-jatos-aeronaves\/#breadcrumb\",\"itemListElement\":[{\"@type\":\"ListItem\",\"position\":1,\"name\":\"Not\u00edcias\",\"item\":\"https:\/\/www.suno.com.br\/noticias\/\"},{\"@type\":\"ListItem\",\"position\":2,\"name\":\"Neg\u00f3cios\",\"item\":\"https:\/\/www.suno.com.br\/noticias\/negocios\/\"},{\"@type\":\"ListItem\",\"position\":3,\"name\":\"Gol cai mais de 2% com retirada de 11 jatos de opera\u00e7\u00e3o\"}]},{\"@type\":\"WebSite\",\"@id\":\"https:\/\/www.suno.com.br\/noticias\/#website\",\"url\":\"https:\/\/www.suno.com.br\/noticias\/\",\"name\":\"Suno Not\u00edcias\",\"description\":\"Seu portal de informa\u00e7\u00e3o sobre o mundo dos investimentos\",\"publisher\":{\"@id\":\"https:\/\/www.suno.com.br\/noticias\/#organization\"},\"potentialAction\":[{\"@type\":\"SearchAction\",\"target\":{\"@type\":\"EntryPoint\",\"urlTemplate\":\"https:\/\/www.suno.com.br\/noticias\/?s={search_term_string}\"},\"query-input\":{\"@type\":\"PropertyValueSpecification\",\"valueRequired\":true,\"valueName\":\"search_term_string\"}}],\"inLanguage\":\"pt-BR\"},{\"@type\":\"Organization\",\"@id\":\"https:\/\/www.suno.com.br\/noticias\/#organization\",\"name\":\"Suno Not\u00edcias\",\"url\":\"https:\/\/www.suno.com.br\/noticias\/\",\"logo\":{\"@type\":\"ImageObject\",\"inLanguage\":\"pt-BR\",\"@id\":\"https:\/\/www.suno.com.br\/noticias\/#\/schema\/logo\/image\/\",\"url\":\"https:\/\/files.sunoresearch.com.br\/n\/uploads\/2021\/09\/suno-logo.png\",\"contentUrl\":\"https:\/\/files.sunoresearch.com.br\/n\/uploads\/2021\/09\/suno-logo.png\",\"width\":180,\"height\":180,\"caption\":\"Suno Not\u00edcias\"},\"image\":{\"@id\":\"https:\/\/www.suno.com.br\/noticias\/#\/schema\/logo\/image\/\"},\"sameAs\":[\"https:\/\/facebook.com\/sunoresearch\",\"https:\/\/x.com\/sunoresearch\",\"https:\/\/www.instagram.com\/suno\",\"https:\/\/www.linkedin.com\/company\/suno-research\/\",\"https:\/\/www.youtube.com\/c\/sunoresearch\"]},{\"@type\":\"Person\",\"@id\":\"https:\/\/www.suno.com.br\/noticias\/#\/schema\/person\/02ec1f752758247878a2bf4abee1aeda\",\"name\":\"Poliana Santos\",\"image\":{\"@type\":\"ImageObject\",\"inLanguage\":\"pt-BR\",\"@id\":\"https:\/\/www.suno.com.br\/noticias\/#\/schema\/person\/image\/\",\"url\":\"https:\/\/secure.gravatar.com\/avatar\/0645bd32f23d87b2130f2b2dff1d3f8d?s=96&r=g\",\"contentUrl\":\"https:\/\/secure.gravatar.com\/avatar\/0645bd32f23d87b2130f2b2dff1d3f8d?s=96&r=g\",\"caption\":\"Poliana Santos\"},\"description\":\"Rep\u00f3rter no Suno Not\u00edcias, com cobertura em mercado financeiro, economia, finan\u00e7as pessoais, renda fixa e varejo. Jornalista formada pela Faculdade C\u00e1sper L\u00edbero e possui passagem na R\u00e1dio Gazeta AM com a produ\u00e7\u00e3o de conte\u00fado sobre economia, pol\u00edtica, sa\u00fade, moda e m\u00fasica. Possui certificado de conclus\u00e3o do curso de An\u00e1lise de Balan\u00e7os pela Funda\u00e7\u00e3o Bradesco, Agenda Brasil pela FAAP, Educa\u00e7\u00e3o Pol\u00edtica por Alexandre Garcia e do Tesouro Direto e Mercado de A\u00e7\u00f5es pela B3.\",\"url\":\"https:\/\/www.suno.com.br\/noticias\/author\/poliana-santos\/\"}]}<\/script>\n<!-- \/ Yoast SEO plugin. -->","yoast_head_json":{"title":"Gol cai mais de 2% com retirada de 11 jatos de opera\u00e7\u00e3o","description":"A Gol registra queda na bolsa ap\u00f3s retirada de 11 jatos. Por vota das 11h30, as a\u00e7\u00f5es da registravam -2,18% negociados a R$32,52. Clique aqui","robots":{"index":"index","follow":"follow","max-snippet":"max-snippet:-1","max-image-preview":"max-image-preview:large","max-video-preview":"max-video-preview:-1"},"canonical":"https:\/\/www.suno.com.br\/noticias\/gol-cai-cotacao-2-jatos-aeronaves\/","og_locale":"pt_BR","og_type":"article","og_title":"Gol cai mais de 2% com retirada de 11 jatos de opera\u00e7\u00e3o","og_description":"A Gol registra queda na bolsa ap\u00f3s retirada de 11 jatos. Por vota das 11h30, as a\u00e7\u00f5es da registravam -2,18% negociados a R$32,52. Clique aqui","og_url":"https:\/\/www.suno.com.br\/noticias\/gol-cai-cotacao-2-jatos-aeronaves\/","og_site_name":"Suno Not\u00edcias","article_publisher":"https:\/\/facebook.com\/sunoresearch","og_image":[{"width":1380,"height":920,"url":"https:\/\/files.sunoresearch.com.br\/n\/uploads\/2019\/07\/09623875-gol.jpg","type":"image\/jpeg"}],"author":"Poliana Santos","twitter_card":"summary_large_image","twitter_creator":"@sunoresearch","twitter_site":"@sunoresearch","twitter_misc":{"Escrito por":"Poliana Santos","Est. tempo de leitura":"2 minutos"},"schema":{"@context":"https:\/\/schema.org","@graph":[{"@type":"NewsArticle","@id":"https:\/\/www.suno.com.br\/noticias\/gol-cai-cotacao-2-jatos-aeronaves\/#article","isPartOf":{"@id":"https:\/\/www.suno.com.br\/noticias\/gol-cai-cotacao-2-jatos-aeronaves\/"},"author":{"name":"Poliana Santos","@id":"https:\/\/www.suno.com.br\/noticias\/#\/schema\/person\/02ec1f752758247878a2bf4abee1aeda"},"headline":"Gol cai mais de 2% com retirada de 11 jatos de opera\u00e7\u00e3o","datePublished":"2019-10-10T14:49:51+00:00","mainEntityOfPage":{"@id":"https:\/\/www.suno.com.br\/noticias\/gol-cai-cotacao-2-jatos-aeronaves\/"},"wordCount":466,"publisher":{"@id":"https:\/\/www.suno.com.br\/noticias\/#organization"},"image":{"@id":"https:\/\/www.suno.com.br\/noticias\/gol-cai-cotacao-2-jatos-aeronaves\/#primaryimage"},"thumbnailUrl":"https:\/\/files.sunoresearch.com.br\/n\/uploads\/2019\/07\/09623875-gol-jpg.webp","keywords":["A\u00e7\u00f5es","Gol Linhas A\u00e9reas (GOLL11\/GOLL4)"],"articleSection":["Neg\u00f3cios"],"inLanguage":"pt-BR"},{"@type":"WebPage","@id":"https:\/\/www.suno.com.br\/noticias\/gol-cai-cotacao-2-jatos-aeronaves\/","url":"https:\/\/www.suno.com.br\/noticias\/gol-cai-cotacao-2-jatos-aeronaves\/","name":"Gol cai mais de 2% com retirada de 11 jatos de opera\u00e7\u00e3o","isPartOf":{"@id":"https:\/\/www.suno.com.br\/noticias\/#website"},"primaryImageOfPage":{"@id":"https:\/\/www.suno.com.br\/noticias\/gol-cai-cotacao-2-jatos-aeronaves\/#primaryimage"},"image":{"@id":"https:\/\/www.suno.com.br\/noticias\/gol-cai-cotacao-2-jatos-aeronaves\/#primaryimage"},"thumbnailUrl":"https:\/\/files.sunoresearch.com.br\/n\/uploads\/2019\/07\/09623875-gol-jpg.webp","datePublished":"2019-10-10T14:49:51+00:00","description":"A Gol registra queda na bolsa ap\u00f3s retirada de 11 jatos. Por vota das 11h30, as a\u00e7\u00f5es da registravam -2,18% negociados a R$32,52. Clique aqui","breadcrumb":{"@id":"https:\/\/www.suno.com.br\/noticias\/gol-cai-cotacao-2-jatos-aeronaves\/#breadcrumb"},"inLanguage":"pt-BR","potentialAction":[{"@type":"ReadAction","target":["https:\/\/www.suno.com.br\/noticias\/gol-cai-cotacao-2-jatos-aeronaves\/"]}]},{"@type":"ImageObject","inLanguage":"pt-BR","@id":"https:\/\/www.suno.com.br\/noticias\/gol-cai-cotacao-2-jatos-aeronaves\/#primaryimage","url":"https:\/\/files.sunoresearch.com.br\/n\/uploads\/2019\/07\/09623875-gol-jpg.webp","contentUrl":"https:\/\/files.sunoresearch.com.br\/n\/uploads\/2019\/07\/09623875-gol-jpg.webp","width":1380,"height":920,"caption":"Gol ter\u00e1 mais voos em alta temporada no Brasil"},{"@type":"BreadcrumbList","@id":"https:\/\/www.suno.com.br\/noticias\/gol-cai-cotacao-2-jatos-aeronaves\/#breadcrumb","itemListElement":[{"@type":"ListItem","position":1,"name":"Not\u00edcias","item":"https:\/\/www.suno.com.br\/noticias\/"},{"@type":"ListItem","position":2,"name":"Neg\u00f3cios","item":"https:\/\/www.suno.com.br\/noticias\/negocios\/"},{"@type":"ListItem","position":3,"name":"Gol cai mais de 2% com retirada de 11 jatos de opera\u00e7\u00e3o"}]},{"@type":"WebSite","@id":"https:\/\/www.suno.com.br\/noticias\/#website","url":"https:\/\/www.suno.com.br\/noticias\/","name":"Suno Not\u00edcias","description":"Seu portal de informa\u00e7\u00e3o sobre o mundo dos investimentos","publisher":{"@id":"https:\/\/www.suno.com.br\/noticias\/#organization"},"potentialAction":[{"@type":"SearchAction","target":{"@type":"EntryPoint","urlTemplate":"https:\/\/www.suno.com.br\/noticias\/?s={search_term_string}"},"query-input":{"@type":"PropertyValueSpecification","valueRequired":true,"valueName":"search_term_string"}}],"inLanguage":"pt-BR"},{"@type":"Organization","@id":"https:\/\/www.suno.com.br\/noticias\/#organization","name":"Suno Not\u00edcias","url":"https:\/\/www.suno.com.br\/noticias\/","logo":{"@type":"ImageObject","inLanguage":"pt-BR","@id":"https:\/\/www.suno.com.br\/noticias\/#\/schema\/logo\/image\/","url":"https:\/\/files.sunoresearch.com.br\/n\/uploads\/2021\/09\/suno-logo.png","contentUrl":"https:\/\/files.sunoresearch.com.br\/n\/uploads\/2021\/09\/suno-logo.png","width":180,"height":180,"caption":"Suno Not\u00edcias"},"image":{"@id":"https:\/\/www.suno.com.br\/noticias\/#\/schema\/logo\/image\/"},"sameAs":["https:\/\/facebook.com\/sunoresearch","https:\/\/x.com\/sunoresearch","https:\/\/www.instagram.com\/suno","https:\/\/www.linkedin.com\/company\/suno-research\/","https:\/\/www.youtube.com\/c\/sunoresearch"]},{"@type":"Person","@id":"https:\/\/www.suno.com.br\/noticias\/#\/schema\/person\/02ec1f752758247878a2bf4abee1aeda","name":"Poliana Santos","image":{"@type":"ImageObject","inLanguage":"pt-BR","@id":"https:\/\/www.suno.com.br\/noticias\/#\/schema\/person\/image\/","url":"https:\/\/secure.gravatar.com\/avatar\/0645bd32f23d87b2130f2b2dff1d3f8d?s=96&r=g","contentUrl":"https:\/\/secure.gravatar.com\/avatar\/0645bd32f23d87b2130f2b2dff1d3f8d?s=96&r=g","caption":"Poliana Santos"},"description":"Rep\u00f3rter no Suno Not\u00edcias, com cobertura em mercado financeiro, economia, finan\u00e7as pessoais, renda fixa e varejo. Jornalista formada pela Faculdade C\u00e1sper L\u00edbero e possui passagem na R\u00e1dio Gazeta AM com a produ\u00e7\u00e3o de conte\u00fado sobre economia, pol\u00edtica, sa\u00fade, moda e m\u00fasica. Possui certificado de conclus\u00e3o do curso de An\u00e1lise de Balan\u00e7os pela Funda\u00e7\u00e3o Bradesco, Agenda Brasil pela FAAP, Educa\u00e7\u00e3o Pol\u00edtica por Alexandre Garcia e do Tesouro Direto e Mercado de A\u00e7\u00f5es pela B3.","url":"https:\/\/www.suno.com.br\/noticias\/author\/poliana-santos\/"}]}},"default_loop_html":"<div class=\"cardsPage__listCard__boxs\"><div class=\"cardsPage__listCard__boxs__img\"><a href=\"https:\/\/www.suno.com.br\/noticias\/gol-cai-cotacao-2-jatos-aeronaves\/\"><img class=\"mask\" src=\"https:\/\/www.suno.com.br\/noticias\/wp-content\/themes\/suno\/resources\/images\/spotlight\/spotlight1img\/bg-mask.png\" alt=\"Image Mask\"\/><img src=\"https:\/\/files.sunoresearch.com.br\/n\/uploads\/2019\/07\/09623875-gol-400x200.webp\" alt=\"Gol cai mais de 2% com retirada de 11 jatos de opera\u00e7\u00e3o\"\/><\/a><span class=\"spotlightCategory\"><a href=\"https:\/\/www.suno.com.br\/noticias\/negocios\/\">Neg\u00f3cios<\/a><\/span><\/div><div class=\"cardsPage__listCard__boxs__content\"><a href=\"https:\/\/www.suno.com.br\/noticias\/gol-cai-cotacao-2-jatos-aeronaves\/\"><h2 class=\"content__title\">Gol cai mais de 2% com retirada de 11 jatos de opera\u00e7\u00e3o<\/h2><\/a><div class=\"newsContent__article__meta\"><div class=\"newsContent__article__meta__authorBox\"><a href=\"https:\/\/www.suno.com.br\/noticias\/author\/poliana-santos\/\" class=\"authorBox__avatar noMobi\"><img src=\"https:\/\/files.sunoresearch.com.br\/n\/uploads\/2020\/08\/7ef34026-whatsapp-image-2020-08-03-at-12.37.57-150x150.webp\" alt=\"Poliana Santos\"><\/a><div class=\"authorBox__name\"><span>por\n\t\t\t<a href=\"https:\/\/www.suno.com.br\/noticias\/author\/poliana-santos\/\"><span itemprop=\"author\">Poliana Santos<\/span><\/a><\/span><time datetime=\"2019-10-10T11:49:51-03:00\" itemprop=\"datePublished\">10\/10\/2019 11:49<\/time><\/div><\/div><\/div><\/div><\/div>","single_layout":"posts","amp_enabled":true,"_links":{"self":[{"href":"https:\/\/www.suno.com.br\/noticias\/wp-json\/wp\/v2\/posts\/40627"}],"collection":[{"href":"https:\/\/www.suno.com.br\/noticias\/wp-json\/wp\/v2\/posts"}],"about":[{"href":"https:\/\/www.suno.com.br\/noticias\/wp-json\/wp\/v2\/types\/post"}],"author":[{"embeddable":true,"href":"https:\/\/www.suno.com.br\/noticias\/wp-json\/wp\/v2\/users\/15"}],"replies":[{"embeddable":true,"href":"https:\/\/www.suno.com.br\/noticias\/wp-json\/wp\/v2\/comments?post=40627"}],"version-history":[{"count":0,"href":"https:\/\/www.suno.com.br\/noticias\/wp-json\/wp\/v2\/posts\/40627\/revisions"}],"wp:featuredmedia":[{"embeddable":true,"href":"https:\/\/www.suno.com.br\/noticias\/wp-json\/wp\/v2\/media\/30107"}],"wp:attachment":[{"href":"https:\/\/www.suno.com.br\/noticias\/wp-json\/wp\/v2\/media?parent=40627"}],"wp:term":[{"taxonomy":"category","embeddable":true,"href":"https:\/\/www.suno.com.br\/noticias\/wp-json\/wp\/v2\/categories?post=40627"},{"taxonomy":"post_tag","embeddable":true,"href":"https:\/\/www.suno.com.br\/noticias\/wp-json\/wp\/v2\/tags?post=40627"},{"taxonomy":"suno_strategy","embeddable":true,"href":"https:\/\/www.suno.com.br\/noticias\/wp-json\/wp\/v2\/suno_strategy?post=40627"}],"curies":[{"name":"wp","href":"https:\/\/api.w.org\/{rel}","templated":true}]}}