{"id":40626,"date":"2019-10-10T12:00:39","date_gmt":"2019-10-10T15:00:39","guid":{"rendered":"https:\/\/www.suno.com.br\/noticias\/?p=40626"},"modified":"2019-10-10T12:08:51","modified_gmt":"2019-10-10T15:08:51","slug":"vivara-opera-em-alta-em-estreia-na-bolsa-de-valores-de-sao-paulo","status":"publish","type":"post","link":"https:\/\/www.suno.com.br\/noticias\/vivara-opera-em-alta-em-estreia-na-bolsa-de-valores-de-sao-paulo\/","title":{"rendered":"Vivara opera em alta em estreia na Bolsa de Valores de S\u00e3o Paulo"},"content":{"rendered":"<p>Em sua estreia na <a href=\"https:\/\/www.suno.com.br\/artigos\/bovespa-precedente-b3\/\">Bolsa de Valores de S\u00e3o Paulo,<\/a> nesta quinta-feira (10), a Vivara <strong>(VIVA3)<\/strong> apresenta valoriza\u00e7\u00e3o de seus pap\u00e9is. As a\u00e7\u00f5es da rede de joalherias operam em alta de 2,58% no <a href=\"https:\/\/www.suno.com.br\/artigos\/ibovespa\/\">Ibovespa<\/a>. Dessa forma, cada t\u00edtulo da empresa era negociado a R$ 24,62 por volta das 11h30.<\/p>\t<div class=\"wrapper-featured-image\">\n\t\t<figure class=\"spotlightImg\">\n\n\t\t\t<picture>\n\t\t\t\t<source media=\"(max-width: 768px)\" srcset=\"https:\/\/files.sunoresearch.com.br\/n\/uploads\/2019\/10\/5cb6dbec-vivara-400x200.webp\">\n\t\t\t\t<img loading=\"lazy\" decoding=\"async\" class=\"newsContent__article__imgCapa lazyloadDisabled newsContent__article__imgCapa--noCaption\" src=\"https:\/\/files.sunoresearch.com.br\/n\/uploads\/2019\/10\/5cb6dbec-vivara-800x450.webp\" width=\"800\" height=\"450\" alt=\"Vivara opera em alta em estreia na Bolsa de Valores de S\u00e3o Paulo\" fetchpriority=high \/>\n\t\t\t<\/picture>\n\n\t\t\t<figcaption class=\"wp-caption-text wp-caption-text--hide\">A Vivara (VIVA3) sofreu os efeitos da pandemia do coronav\u00edrus<\/figcaption>\n\t\t<\/figure>\n\t<\/div>\n\n\n\n<p>A <strong>Vivara<\/strong> iniciou a prepara\u00e7\u00e3o de sua <a href=\"https:\/\/www.suno.com.br\/artigos\/vale-pena-investir-em-um-ipo\/\">oferta p\u00fablica inicial de a\u00e7\u00f5es<\/a> (IPO) em junho deste ano. Em agosto a empresa fez o an\u00fancio de que iria precificar sua oferta no dia 22 de outubro. A precifica\u00e7\u00e3o, no entanto, ocorreu antes do previsto, no dia 8 de outubro.<\/p>\n<h2>Objetivos da Vivara<\/h2>\n<p>A oferta base da Vivara possui 18.894.662 <a href=\"https:\/\/www.suno.com.br\/artigos\/tipos-de-acoes\/\">a\u00e7\u00f5es ordin\u00e1rias<\/a> (ON) e, inicialmente, 51.960.321 a\u00e7\u00f5es preferenciais (PN). O lote adicional era de 14.170.996 a\u00e7\u00f5es, al\u00e9m do suplementar que seria de at\u00e9 10.628.247 a\u00e7\u00f5es. Os bancos coordenadores foram:<\/p>\n<ul>\n<li>J.P. Morgan<\/li>\n<li>Ita\u00fa BBA<\/li>\n<li>Bank of America Merrill Lynch<\/li>\n<li>XP Investimentos<\/li>\n<\/ul>\n<p>O objetivo da companhia \u00e9 utilizar os recursos captados no <strong>IPO<\/strong> para a abertura de novas lojas, expans\u00e3o do seu parque produtivo, investir em inova\u00e7\u00e3o. Al\u00e9m disso, a Vivara pretende criar uma nova marca, voltada para classe m\u00e9dia, com renda um pouco menor do que o p\u00fablico alvo atual da empresa, portanto, escalando o neg\u00f3cio.<\/p>\n\t<p>\n\t\t<a href=\"https:\/\/lp.suno.com.br\/ebook-10-livros\/\" target=\"_blank\" data-element=\"shortcode-suno-banner\" title=\"Banner SUNO, clique e saiba mais\">\n\t\t\t<picture>\n\t\t\t\t<source media=\"(max-width: 500px)\" srcset=\"https:\/\/files.sunoresearch.com.br\/n\/uploads\/2023\/03\/400x300-10-livros.png\">\n\t\t\t\t<img class=\"newsContent__article__imgCapa newsContent__article__imgCapa--banner\"\n\t\t\t\t\tsrc=\"https:\/\/files.sunoresearch.com.br\/n\/uploads\/2023\/03\/1420x240-10-livros.png\"\n\t\t\t\t\tdata-promo-id=\"383159\"\t\t\t\t\t\t\t\t\t\twidth='1420' height='240'\t\t\t\t\talt=\"https:\/\/files.sunoresearch.com.br\/n\/uploads\/2023\/03\/1420x240-10-livros.png\"\n\t\t\t\t>\n\t\t\t<\/picture>\n\t\t<\/a>\n\t<\/p>\n\n\n<p>Todavia, ap\u00f3s a capta\u00e7\u00e3o dos recursos, a companhia possui um risco tribut\u00e1rio. Cerca de 80% de sua produ\u00e7\u00e3o ocorre na zona franca de Manaus, sendo assim, qualquer altera\u00e7\u00e3o fiscal pode ter reflexo em sua margem.<\/p>\n<p>Por\u00e9m, a <strong>Vivara<\/strong> acredita que os investidores confiam na for\u00e7a da marca, no potencial aumento das vendas e manuten\u00e7\u00e3o da lideran\u00e7a do seu segmento.<\/p>\n<h2>Resultados da rede de joalherias<\/h2>\n<p>No acumulado do ano passado, a companhia obteve <strong><a href=\"https:\/\/www.suno.com.br\/artigos\/o-que-receita-liquida\/\">receita l\u00edquida<\/a><\/strong> de R$ 1,1 bilh\u00e3o.<\/p>\n<p>O lucro antes de juros, impostos, deprecia\u00e7\u00e3o e amortiza\u00e7\u00e3o (<strong><a href=\"https:\/\/www.suno.com.br\/artigos\/ebitda\/\">Ebitda<\/a><\/strong>) ajustado da empresa foi de R$ 245,8 milh\u00f5es. A margem Ebtida ajustada obtida pela empresa no decorrer do \u00faltimo ano foi de 23,2%.<\/p>\n<p><a href=\"https:\/\/www.suno.com.br\/noticias\/gol-cai-cotacao-2-jatos-aeronaves\/\">Veja tamb\u00e9m: Gol cai mais de 2% com retirada de 11 jatos de opera\u00e7\u00e3o<\/a><\/p>\n<p>O <strong><a href=\"https:\/\/www.suno.com.br\/artigos\/lucro-liquido\/\">lucro l\u00edquido<\/a><\/strong> somou R$ 198,4 milh\u00f5es entre janeiro e dezembro de 2018. A margem l\u00edquida ajustada da companhia foi de 18,7% no ano passado.<\/p>\n<p>No primeiro semestre deste ano, entretanto, a <strong>Vivara<\/strong> obteve um lucro l\u00edquido de R$ 186 milh\u00f5es. O montante corresponde a um crescimento de 142,1% em compara\u00e7\u00e3o ao mesmo per\u00edodo de 2018.<\/p>\n","protected":false},"excerpt":{"rendered":"<p>Em sua estreia na Bolsa de Valores de S\u00e3o Paulo, nesta quinta-feira (10), a Vivara (VIVA3) apresenta valoriza\u00e7\u00e3o de seus pap\u00e9is. As a\u00e7\u00f5es da rede de joalherias operam em alta de 2,58% no Ibovespa. Dessa forma, cada t\u00edtulo da empresa era negociado a R$ 24,62 por volta das 11h30. A Vivara (VIVA3) sofreu os efeitos [&hellip;]<\/p>\n","protected":false},"author":19,"featured_media":40641,"comment_status":"closed","ping_status":"closed","sticky":false,"template":"","format":"standard","meta":[],"categories":[64],"tags":[1431],"suno_strategy":[],"class_list":["post-40626","post","type-post","status-publish","format-standard","has-post-thumbnail","hentry","category-negocios","tag-vivara-viva3"],"yoast_head":"<!-- This site is optimized with the Yoast SEO plugin v24.4 - https:\/\/yoast.com\/wordpress\/plugins\/seo\/ -->\n<title>Vivara opera em alta em estreia na Bolsa de Valores de S\u00e3o Paulo<\/title>\n<meta name=\"description\" content=\"Em sua estreia na Bolsa de Valores de S\u00e3o Paulo, nesta quinta-feira (10), a Vivara (VIVA3) apresenta valoriza\u00e7\u00e3o de seus pap\u00e9is. Saiba mais.\" \/>\n<meta name=\"robots\" content=\"index, follow, max-snippet:-1, max-image-preview:large, max-video-preview:-1\" \/>\n<link rel=\"canonical\" href=\"https:\/\/www.suno.com.br\/noticias\/vivara-opera-em-alta-em-estreia-na-bolsa-de-valores-de-sao-paulo\/\" \/>\n<meta property=\"og:locale\" content=\"pt_BR\" \/>\n<meta property=\"og:type\" content=\"article\" \/>\n<meta property=\"og:title\" content=\"Vivara opera em alta em estreia na Bolsa de Valores de S\u00e3o Paulo\" \/>\n<meta property=\"og:description\" content=\"Em sua estreia na Bolsa de Valores de S\u00e3o Paulo, nesta quinta-feira (10), a Vivara (VIVA3) apresenta valoriza\u00e7\u00e3o de seus pap\u00e9is. Saiba mais.\" \/>\n<meta property=\"og:url\" content=\"https:\/\/www.suno.com.br\/noticias\/vivara-opera-em-alta-em-estreia-na-bolsa-de-valores-de-sao-paulo\/\" \/>\n<meta property=\"og:site_name\" content=\"Suno Not\u00edcias\" \/>\n<meta property=\"article:publisher\" content=\"https:\/\/facebook.com\/sunoresearch\" \/>\n<meta property=\"og:image\" content=\"https:\/\/files.sunoresearch.com.br\/n\/uploads\/2019\/10\/5cb6dbec-vivara.jpg\" \/>\n\t<meta property=\"og:image:width\" content=\"3417\" \/>\n\t<meta property=\"og:image:height\" content=\"2031\" \/>\n\t<meta property=\"og:image:type\" content=\"image\/jpeg\" \/>\n<meta name=\"author\" content=\"Juliano Passaro\" \/>\n<meta name=\"twitter:card\" content=\"summary_large_image\" \/>\n<meta name=\"twitter:creator\" content=\"@sunoresearch\" \/>\n<meta name=\"twitter:site\" content=\"@sunoresearch\" \/>\n<meta name=\"twitter:label1\" content=\"Escrito por\" \/>\n\t<meta name=\"twitter:data1\" content=\"Juliano Passaro\" \/>\n\t<meta name=\"twitter:label2\" content=\"Est. tempo de leitura\" \/>\n\t<meta name=\"twitter:data2\" content=\"2 minutos\" \/>\n<script type=\"application\/ld+json\" class=\"yoast-schema-graph\">{\"@context\":\"https:\/\/schema.org\",\"@graph\":[{\"@type\":\"NewsArticle\",\"@id\":\"https:\/\/www.suno.com.br\/noticias\/vivara-opera-em-alta-em-estreia-na-bolsa-de-valores-de-sao-paulo\/#article\",\"isPartOf\":{\"@id\":\"https:\/\/www.suno.com.br\/noticias\/vivara-opera-em-alta-em-estreia-na-bolsa-de-valores-de-sao-paulo\/\"},\"author\":{\"name\":\"Juliano Passaro\",\"@id\":\"https:\/\/www.suno.com.br\/noticias\/#\/schema\/person\/1db762f78ffd8919a648a63e425953e3\"},\"headline\":\"Vivara opera em alta em estreia na Bolsa de Valores de S\u00e3o Paulo\",\"datePublished\":\"2019-10-10T15:00:39+00:00\",\"dateModified\":\"2019-10-10T15:08:51+00:00\",\"mainEntityOfPage\":{\"@id\":\"https:\/\/www.suno.com.br\/noticias\/vivara-opera-em-alta-em-estreia-na-bolsa-de-valores-de-sao-paulo\/\"},\"wordCount\":426,\"publisher\":{\"@id\":\"https:\/\/www.suno.com.br\/noticias\/#organization\"},\"image\":{\"@id\":\"https:\/\/www.suno.com.br\/noticias\/vivara-opera-em-alta-em-estreia-na-bolsa-de-valores-de-sao-paulo\/#primaryimage\"},\"thumbnailUrl\":\"https:\/\/files.sunoresearch.com.br\/n\/uploads\/2019\/10\/5cb6dbec-vivara-scaled.webp\",\"keywords\":[\"Vivara (VIVA3)\"],\"articleSection\":[\"Neg\u00f3cios\"],\"inLanguage\":\"pt-BR\"},{\"@type\":\"WebPage\",\"@id\":\"https:\/\/www.suno.com.br\/noticias\/vivara-opera-em-alta-em-estreia-na-bolsa-de-valores-de-sao-paulo\/\",\"url\":\"https:\/\/www.suno.com.br\/noticias\/vivara-opera-em-alta-em-estreia-na-bolsa-de-valores-de-sao-paulo\/\",\"name\":\"Vivara opera em alta em estreia na Bolsa de Valores de S\u00e3o Paulo\",\"isPartOf\":{\"@id\":\"https:\/\/www.suno.com.br\/noticias\/#website\"},\"primaryImageOfPage\":{\"@id\":\"https:\/\/www.suno.com.br\/noticias\/vivara-opera-em-alta-em-estreia-na-bolsa-de-valores-de-sao-paulo\/#primaryimage\"},\"image\":{\"@id\":\"https:\/\/www.suno.com.br\/noticias\/vivara-opera-em-alta-em-estreia-na-bolsa-de-valores-de-sao-paulo\/#primaryimage\"},\"thumbnailUrl\":\"https:\/\/files.sunoresearch.com.br\/n\/uploads\/2019\/10\/5cb6dbec-vivara-scaled.webp\",\"datePublished\":\"2019-10-10T15:00:39+00:00\",\"dateModified\":\"2019-10-10T15:08:51+00:00\",\"description\":\"Em sua estreia na Bolsa de Valores de S\u00e3o Paulo, nesta quinta-feira (10), a Vivara (VIVA3) apresenta valoriza\u00e7\u00e3o de seus pap\u00e9is. Saiba mais.\",\"breadcrumb\":{\"@id\":\"https:\/\/www.suno.com.br\/noticias\/vivara-opera-em-alta-em-estreia-na-bolsa-de-valores-de-sao-paulo\/#breadcrumb\"},\"inLanguage\":\"pt-BR\",\"potentialAction\":[{\"@type\":\"ReadAction\",\"target\":[\"https:\/\/www.suno.com.br\/noticias\/vivara-opera-em-alta-em-estreia-na-bolsa-de-valores-de-sao-paulo\/\"]}]},{\"@type\":\"ImageObject\",\"inLanguage\":\"pt-BR\",\"@id\":\"https:\/\/www.suno.com.br\/noticias\/vivara-opera-em-alta-em-estreia-na-bolsa-de-valores-de-sao-paulo\/#primaryimage\",\"url\":\"https:\/\/files.sunoresearch.com.br\/n\/uploads\/2019\/10\/5cb6dbec-vivara-scaled.webp\",\"contentUrl\":\"https:\/\/files.sunoresearch.com.br\/n\/uploads\/2019\/10\/5cb6dbec-vivara-scaled.webp\",\"width\":2560,\"height\":1522,\"caption\":\"A Vivara (VIVA3) sofreu os efeitos da pandemia do coronav\u00edrus\"},{\"@type\":\"BreadcrumbList\",\"@id\":\"https:\/\/www.suno.com.br\/noticias\/vivara-opera-em-alta-em-estreia-na-bolsa-de-valores-de-sao-paulo\/#breadcrumb\",\"itemListElement\":[{\"@type\":\"ListItem\",\"position\":1,\"name\":\"Not\u00edcias\",\"item\":\"https:\/\/www.suno.com.br\/noticias\/\"},{\"@type\":\"ListItem\",\"position\":2,\"name\":\"Neg\u00f3cios\",\"item\":\"https:\/\/www.suno.com.br\/noticias\/negocios\/\"},{\"@type\":\"ListItem\",\"position\":3,\"name\":\"Vivara opera em alta em estreia na Bolsa de Valores de S\u00e3o Paulo\"}]},{\"@type\":\"WebSite\",\"@id\":\"https:\/\/www.suno.com.br\/noticias\/#website\",\"url\":\"https:\/\/www.suno.com.br\/noticias\/\",\"name\":\"Suno Not\u00edcias\",\"description\":\"Seu portal de informa\u00e7\u00e3o sobre o mundo dos investimentos\",\"publisher\":{\"@id\":\"https:\/\/www.suno.com.br\/noticias\/#organization\"},\"potentialAction\":[{\"@type\":\"SearchAction\",\"target\":{\"@type\":\"EntryPoint\",\"urlTemplate\":\"https:\/\/www.suno.com.br\/noticias\/?s={search_term_string}\"},\"query-input\":{\"@type\":\"PropertyValueSpecification\",\"valueRequired\":true,\"valueName\":\"search_term_string\"}}],\"inLanguage\":\"pt-BR\"},{\"@type\":\"Organization\",\"@id\":\"https:\/\/www.suno.com.br\/noticias\/#organization\",\"name\":\"Suno Not\u00edcias\",\"url\":\"https:\/\/www.suno.com.br\/noticias\/\",\"logo\":{\"@type\":\"ImageObject\",\"inLanguage\":\"pt-BR\",\"@id\":\"https:\/\/www.suno.com.br\/noticias\/#\/schema\/logo\/image\/\",\"url\":\"https:\/\/files.sunoresearch.com.br\/n\/uploads\/2021\/09\/suno-logo.png\",\"contentUrl\":\"https:\/\/files.sunoresearch.com.br\/n\/uploads\/2021\/09\/suno-logo.png\",\"width\":180,\"height\":180,\"caption\":\"Suno Not\u00edcias\"},\"image\":{\"@id\":\"https:\/\/www.suno.com.br\/noticias\/#\/schema\/logo\/image\/\"},\"sameAs\":[\"https:\/\/facebook.com\/sunoresearch\",\"https:\/\/x.com\/sunoresearch\",\"https:\/\/www.instagram.com\/suno\",\"https:\/\/www.linkedin.com\/company\/suno-research\/\",\"https:\/\/www.youtube.com\/c\/sunoresearch\"]},{\"@type\":\"Person\",\"@id\":\"https:\/\/www.suno.com.br\/noticias\/#\/schema\/person\/1db762f78ffd8919a648a63e425953e3\",\"name\":\"Juliano Passaro\",\"image\":{\"@type\":\"ImageObject\",\"inLanguage\":\"pt-BR\",\"@id\":\"https:\/\/www.suno.com.br\/noticias\/#\/schema\/person\/image\/\",\"url\":\"https:\/\/secure.gravatar.com\/avatar\/743d4df28eebf6dcc46b4ad03c319e92?s=96&r=g\",\"contentUrl\":\"https:\/\/secure.gravatar.com\/avatar\/743d4df28eebf6dcc46b4ad03c319e92?s=96&r=g\",\"caption\":\"Juliano Passaro\"},\"description\":\"Juliano Passaro escreve sobre pol\u00edtica, economia e neg\u00f3cios para o portal da Suno Research. Antes da Suno, trabalhou no Portal da Band. \u00c9 formado em jornalismo pela Universidade Presbiteriana Mackenzie.\",\"url\":\"https:\/\/www.suno.com.br\/noticias\/author\/juliano\/\"}]}<\/script>\n<!-- \/ Yoast SEO plugin. -->","yoast_head_json":{"title":"Vivara opera em alta em estreia na Bolsa de Valores de S\u00e3o Paulo","description":"Em sua estreia na Bolsa de Valores de S\u00e3o Paulo, nesta quinta-feira (10), a Vivara (VIVA3) apresenta valoriza\u00e7\u00e3o de seus pap\u00e9is. Saiba mais.","robots":{"index":"index","follow":"follow","max-snippet":"max-snippet:-1","max-image-preview":"max-image-preview:large","max-video-preview":"max-video-preview:-1"},"canonical":"https:\/\/www.suno.com.br\/noticias\/vivara-opera-em-alta-em-estreia-na-bolsa-de-valores-de-sao-paulo\/","og_locale":"pt_BR","og_type":"article","og_title":"Vivara opera em alta em estreia na Bolsa de Valores de S\u00e3o Paulo","og_description":"Em sua estreia na Bolsa de Valores de S\u00e3o Paulo, nesta quinta-feira (10), a Vivara (VIVA3) apresenta valoriza\u00e7\u00e3o de seus pap\u00e9is. Saiba mais.","og_url":"https:\/\/www.suno.com.br\/noticias\/vivara-opera-em-alta-em-estreia-na-bolsa-de-valores-de-sao-paulo\/","og_site_name":"Suno Not\u00edcias","article_publisher":"https:\/\/facebook.com\/sunoresearch","og_image":[{"width":3417,"height":2031,"url":"https:\/\/files.sunoresearch.com.br\/n\/uploads\/2019\/10\/5cb6dbec-vivara.jpg","type":"image\/jpeg"}],"author":"Juliano Passaro","twitter_card":"summary_large_image","twitter_creator":"@sunoresearch","twitter_site":"@sunoresearch","twitter_misc":{"Escrito por":"Juliano Passaro","Est. tempo de leitura":"2 minutos"},"schema":{"@context":"https:\/\/schema.org","@graph":[{"@type":"NewsArticle","@id":"https:\/\/www.suno.com.br\/noticias\/vivara-opera-em-alta-em-estreia-na-bolsa-de-valores-de-sao-paulo\/#article","isPartOf":{"@id":"https:\/\/www.suno.com.br\/noticias\/vivara-opera-em-alta-em-estreia-na-bolsa-de-valores-de-sao-paulo\/"},"author":{"name":"Juliano Passaro","@id":"https:\/\/www.suno.com.br\/noticias\/#\/schema\/person\/1db762f78ffd8919a648a63e425953e3"},"headline":"Vivara opera em alta em estreia na Bolsa de Valores de S\u00e3o Paulo","datePublished":"2019-10-10T15:00:39+00:00","dateModified":"2019-10-10T15:08:51+00:00","mainEntityOfPage":{"@id":"https:\/\/www.suno.com.br\/noticias\/vivara-opera-em-alta-em-estreia-na-bolsa-de-valores-de-sao-paulo\/"},"wordCount":426,"publisher":{"@id":"https:\/\/www.suno.com.br\/noticias\/#organization"},"image":{"@id":"https:\/\/www.suno.com.br\/noticias\/vivara-opera-em-alta-em-estreia-na-bolsa-de-valores-de-sao-paulo\/#primaryimage"},"thumbnailUrl":"https:\/\/files.sunoresearch.com.br\/n\/uploads\/2019\/10\/5cb6dbec-vivara-scaled.webp","keywords":["Vivara (VIVA3)"],"articleSection":["Neg\u00f3cios"],"inLanguage":"pt-BR"},{"@type":"WebPage","@id":"https:\/\/www.suno.com.br\/noticias\/vivara-opera-em-alta-em-estreia-na-bolsa-de-valores-de-sao-paulo\/","url":"https:\/\/www.suno.com.br\/noticias\/vivara-opera-em-alta-em-estreia-na-bolsa-de-valores-de-sao-paulo\/","name":"Vivara opera em alta em estreia na Bolsa de Valores de S\u00e3o Paulo","isPartOf":{"@id":"https:\/\/www.suno.com.br\/noticias\/#website"},"primaryImageOfPage":{"@id":"https:\/\/www.suno.com.br\/noticias\/vivara-opera-em-alta-em-estreia-na-bolsa-de-valores-de-sao-paulo\/#primaryimage"},"image":{"@id":"https:\/\/www.suno.com.br\/noticias\/vivara-opera-em-alta-em-estreia-na-bolsa-de-valores-de-sao-paulo\/#primaryimage"},"thumbnailUrl":"https:\/\/files.sunoresearch.com.br\/n\/uploads\/2019\/10\/5cb6dbec-vivara-scaled.webp","datePublished":"2019-10-10T15:00:39+00:00","dateModified":"2019-10-10T15:08:51+00:00","description":"Em sua estreia na Bolsa de Valores de S\u00e3o Paulo, nesta quinta-feira (10), a Vivara (VIVA3) apresenta valoriza\u00e7\u00e3o de seus pap\u00e9is. Saiba mais.","breadcrumb":{"@id":"https:\/\/www.suno.com.br\/noticias\/vivara-opera-em-alta-em-estreia-na-bolsa-de-valores-de-sao-paulo\/#breadcrumb"},"inLanguage":"pt-BR","potentialAction":[{"@type":"ReadAction","target":["https:\/\/www.suno.com.br\/noticias\/vivara-opera-em-alta-em-estreia-na-bolsa-de-valores-de-sao-paulo\/"]}]},{"@type":"ImageObject","inLanguage":"pt-BR","@id":"https:\/\/www.suno.com.br\/noticias\/vivara-opera-em-alta-em-estreia-na-bolsa-de-valores-de-sao-paulo\/#primaryimage","url":"https:\/\/files.sunoresearch.com.br\/n\/uploads\/2019\/10\/5cb6dbec-vivara-scaled.webp","contentUrl":"https:\/\/files.sunoresearch.com.br\/n\/uploads\/2019\/10\/5cb6dbec-vivara-scaled.webp","width":2560,"height":1522,"caption":"A Vivara (VIVA3) sofreu os efeitos da pandemia do coronav\u00edrus"},{"@type":"BreadcrumbList","@id":"https:\/\/www.suno.com.br\/noticias\/vivara-opera-em-alta-em-estreia-na-bolsa-de-valores-de-sao-paulo\/#breadcrumb","itemListElement":[{"@type":"ListItem","position":1,"name":"Not\u00edcias","item":"https:\/\/www.suno.com.br\/noticias\/"},{"@type":"ListItem","position":2,"name":"Neg\u00f3cios","item":"https:\/\/www.suno.com.br\/noticias\/negocios\/"},{"@type":"ListItem","position":3,"name":"Vivara opera em alta em estreia na Bolsa de Valores de S\u00e3o Paulo"}]},{"@type":"WebSite","@id":"https:\/\/www.suno.com.br\/noticias\/#website","url":"https:\/\/www.suno.com.br\/noticias\/","name":"Suno Not\u00edcias","description":"Seu portal de informa\u00e7\u00e3o sobre o mundo dos investimentos","publisher":{"@id":"https:\/\/www.suno.com.br\/noticias\/#organization"},"potentialAction":[{"@type":"SearchAction","target":{"@type":"EntryPoint","urlTemplate":"https:\/\/www.suno.com.br\/noticias\/?s={search_term_string}"},"query-input":{"@type":"PropertyValueSpecification","valueRequired":true,"valueName":"search_term_string"}}],"inLanguage":"pt-BR"},{"@type":"Organization","@id":"https:\/\/www.suno.com.br\/noticias\/#organization","name":"Suno Not\u00edcias","url":"https:\/\/www.suno.com.br\/noticias\/","logo":{"@type":"ImageObject","inLanguage":"pt-BR","@id":"https:\/\/www.suno.com.br\/noticias\/#\/schema\/logo\/image\/","url":"https:\/\/files.sunoresearch.com.br\/n\/uploads\/2021\/09\/suno-logo.png","contentUrl":"https:\/\/files.sunoresearch.com.br\/n\/uploads\/2021\/09\/suno-logo.png","width":180,"height":180,"caption":"Suno Not\u00edcias"},"image":{"@id":"https:\/\/www.suno.com.br\/noticias\/#\/schema\/logo\/image\/"},"sameAs":["https:\/\/facebook.com\/sunoresearch","https:\/\/x.com\/sunoresearch","https:\/\/www.instagram.com\/suno","https:\/\/www.linkedin.com\/company\/suno-research\/","https:\/\/www.youtube.com\/c\/sunoresearch"]},{"@type":"Person","@id":"https:\/\/www.suno.com.br\/noticias\/#\/schema\/person\/1db762f78ffd8919a648a63e425953e3","name":"Juliano Passaro","image":{"@type":"ImageObject","inLanguage":"pt-BR","@id":"https:\/\/www.suno.com.br\/noticias\/#\/schema\/person\/image\/","url":"https:\/\/secure.gravatar.com\/avatar\/743d4df28eebf6dcc46b4ad03c319e92?s=96&r=g","contentUrl":"https:\/\/secure.gravatar.com\/avatar\/743d4df28eebf6dcc46b4ad03c319e92?s=96&r=g","caption":"Juliano Passaro"},"description":"Juliano Passaro escreve sobre pol\u00edtica, economia e neg\u00f3cios para o portal da Suno Research. Antes da Suno, trabalhou no Portal da Band. \u00c9 formado em jornalismo pela Universidade Presbiteriana Mackenzie.","url":"https:\/\/www.suno.com.br\/noticias\/author\/juliano\/"}]}},"default_loop_html":"<div class=\"cardsPage__listCard__boxs\"><div class=\"cardsPage__listCard__boxs__img\"><a href=\"https:\/\/www.suno.com.br\/noticias\/vivara-opera-em-alta-em-estreia-na-bolsa-de-valores-de-sao-paulo\/\"><img class=\"mask\" src=\"https:\/\/www.suno.com.br\/noticias\/wp-content\/themes\/suno\/resources\/images\/spotlight\/spotlight1img\/bg-mask.png\" alt=\"Image Mask\"\/><img src=\"https:\/\/files.sunoresearch.com.br\/n\/uploads\/2019\/10\/5cb6dbec-vivara-400x200.webp\" alt=\"Vivara opera em alta em estreia na Bolsa de Valores de S\u00e3o Paulo\"\/><\/a><span class=\"spotlightCategory\"><a href=\"https:\/\/www.suno.com.br\/noticias\/negocios\/\">Neg\u00f3cios<\/a><\/span><\/div><div class=\"cardsPage__listCard__boxs__content\"><a href=\"https:\/\/www.suno.com.br\/noticias\/vivara-opera-em-alta-em-estreia-na-bolsa-de-valores-de-sao-paulo\/\"><h2 class=\"content__title\">Vivara opera em alta em estreia na Bolsa de Valores de S\u00e3o Paulo<\/h2><\/a><div class=\"newsContent__article__meta\"><div class=\"newsContent__article__meta__authorBox\"><a href=\"https:\/\/www.suno.com.br\/noticias\/author\/juliano\/\" class=\"authorBox__avatar noMobi\"><img src=\"https:\/\/files.sunoresearch.com.br\/n\/uploads\/2019\/06\/7cc3efea-whatsapp-image-2019-07-18-at-21.59.33-e1563499821209-150x150.webp\" alt=\"Juliano Passaro\"><\/a><div class=\"authorBox__name\"><span>por\n\t\t\t<a href=\"https:\/\/www.suno.com.br\/noticias\/author\/juliano\/\"><span itemprop=\"author\">Juliano Passaro<\/span><\/a><\/span><time datetime=\"2019-10-10T12:00:39-03:00\" itemprop=\"datePublished\">10\/10\/2019 12:00<\/time><\/div><\/div><\/div><\/div><\/div>","single_layout":"posts","amp_enabled":true,"_links":{"self":[{"href":"https:\/\/www.suno.com.br\/noticias\/wp-json\/wp\/v2\/posts\/40626"}],"collection":[{"href":"https:\/\/www.suno.com.br\/noticias\/wp-json\/wp\/v2\/posts"}],"about":[{"href":"https:\/\/www.suno.com.br\/noticias\/wp-json\/wp\/v2\/types\/post"}],"author":[{"embeddable":true,"href":"https:\/\/www.suno.com.br\/noticias\/wp-json\/wp\/v2\/users\/19"}],"replies":[{"embeddable":true,"href":"https:\/\/www.suno.com.br\/noticias\/wp-json\/wp\/v2\/comments?post=40626"}],"version-history":[{"count":0,"href":"https:\/\/www.suno.com.br\/noticias\/wp-json\/wp\/v2\/posts\/40626\/revisions"}],"wp:featuredmedia":[{"embeddable":true,"href":"https:\/\/www.suno.com.br\/noticias\/wp-json\/wp\/v2\/media\/40641"}],"wp:attachment":[{"href":"https:\/\/www.suno.com.br\/noticias\/wp-json\/wp\/v2\/media?parent=40626"}],"wp:term":[{"taxonomy":"category","embeddable":true,"href":"https:\/\/www.suno.com.br\/noticias\/wp-json\/wp\/v2\/categories?post=40626"},{"taxonomy":"post_tag","embeddable":true,"href":"https:\/\/www.suno.com.br\/noticias\/wp-json\/wp\/v2\/tags?post=40626"},{"taxonomy":"suno_strategy","embeddable":true,"href":"https:\/\/www.suno.com.br\/noticias\/wp-json\/wp\/v2\/suno_strategy?post=40626"}],"curies":[{"name":"wp","href":"https:\/\/api.w.org\/{rel}","templated":true}]}}