{"id":406233,"date":"2023-05-18T11:20:38","date_gmt":"2023-05-18T14:20:38","guid":{"rendered":"https:\/\/www.suno.com.br\/noticias\/?p=406233"},"modified":"2023-05-18T11:20:43","modified_gmt":"2023-05-18T14:20:43","slug":"destaques-light-light3-brfs3","status":"publish","type":"post","link":"https:\/\/www.suno.com.br\/noticias\/destaques-light-light3-brfs3\/","title":{"rendered":"Light (LIGT3), BRF (BRFS3) e \u00c2nima Educa\u00e7\u00e3o (ANIM3) agitam mercado financeiro; veja destaques"},"content":{"rendered":"<p>A not\u00edcia de que a Justi\u00e7a do Rio de Janeiro suspendeu recurso contra a decis\u00e3o que aceitou o pedido de <a class=\"suno-keyword\" target=\"_blank\" data-force=\"no\" data-priority=\"2\" href=\"https:\/\/www.suno.com.br\/artigos\/recuperacao-judicial\/\" rel=\"noopener\">recupera\u00e7\u00e3o judicial<\/a> da <strong>Light (LIGT3)<\/strong> est\u00e1 entre os destaques do mercado financeiro desta quinta-feira (18).<\/p>\t<div class=\"wrapper-featured-image\">\n\t\t<figure class=\"spotlightImg\">\n\n\t\t\t<picture>\n\t\t\t\t<source media=\"(max-width: 768px)\" srcset=\"https:\/\/files.sunoresearch.com.br\/n\/uploads\/2023\/05\/cotacao-400x200.jpg\">\n\t\t\t\t<img loading=\"lazy\" decoding=\"async\" class=\"newsContent__article__imgCapa lazyloadDisabled \" src=\"https:\/\/files.sunoresearch.com.br\/n\/uploads\/2023\/05\/cotacao-800x450.jpg\" width=\"800\" height=\"450\" alt=\"Light (LIGT3), BRF (BRFS3) e \u00c2nima Educa\u00e7\u00e3o (ANIM3) agitam mercado financeiro; veja destaques\" fetchpriority=high \/>\n\t\t\t<\/picture>\n\n\t\t\t<figcaption class=\"wp-caption-text wp-caption-text--show\">XPLG11 firma novo contrato de aluguel e reduz vac\u00e2ncia. Foto: iStock<\/figcaption>\n\t\t<\/figure>\n\t<\/div>\n\n\n\n\n\n\t<p>\n\t\t<a href=\"https:\/\/lp.suno.com.br\/planilha-da-vida-financeira\/\" target=\"_blank\" data-element=\"shortcode-suno-banner\" title=\"Banner SUNO, clique e saiba mais\">\n\t\t\t<picture>\n\t\t\t\t<source media=\"(max-width: 500px)\" srcset=\"https:\/\/files.sunoresearch.com.br\/n\/uploads\/2023\/04\/400x300-Planilha-vida-financeira-true.png\">\n\t\t\t\t<img class=\"newsContent__article__imgCapa newsContent__article__imgCapa--banner\"\n\t\t\t\t\tsrc=\"https:\/\/files.sunoresearch.com.br\/n\/uploads\/2023\/04\/1420x240-Planilha-vida-financeira-true.png\"\n\t\t\t\t\tdata-promo-id=\"106682\"\t\t\t\t\t\t\t\t\t\twidth='1420' height='240'\t\t\t\t\talt=\"https:\/\/files.sunoresearch.com.br\/n\/uploads\/2023\/04\/1420x240-Planilha-vida-financeira-true.png\"\n\t\t\t\t>\n\t\t\t<\/picture>\n\t\t<\/a>\n\t<\/p>\n\n\n\n\n\n\n\n<p>Tamb\u00e9m est\u00e1 entre os <strong>destaques do mercado financeiro<\/strong> a <strong>BRF (BRFS3)<\/strong> confirmando que vem mantendo negocia\u00e7\u00f5es para a venda de determinados precat\u00f3rios e ativos judiciais de titularidade, em resposta \u00e0 uma publica\u00e7\u00e3o do jornal Valor Econ\u00f4mico sobre o assunto.&nbsp;<\/p>\n\n\n\n<p>A <strong>\u00c2nima (ANIM3)<\/strong> tamb\u00e9m \u00e9 destaque hoje, ap\u00f3s a informa\u00e7\u00e3o de que a Inspirali \u2013 vertical de educa\u00e7\u00e3o em medicina da empresa \u2013 pediu um registro de companhia aberta \u00e0 <strong>Comiss\u00e3o de Valores Mobili\u00e1rios (CVM)<\/strong>.<\/p>\n\n\n\n<p>Veja os destaques do <a href=\"https:\/\/www.suno.com.br\/guias\/mercado-financeiro\/\">mercado financeiro<\/a>:<\/p>\n\n\n\n<h2 class=\"wp-block-heading\">Light<\/h2>\n\n\n\n<p>O Tribunal de Justi\u00e7a do Estado do Rio de Janeiro suspendeu recurso contra a decis\u00e3o que aceitou o <strong>pedido de recupera\u00e7\u00e3o judicial<\/strong> da <a href=\"https:\/\/www.suno.com.br\/acoes\/ligt3\/\">Light (LIGT3)<\/a>. Segundo a resolu\u00e7\u00e3o, n\u00e3o foram apresentadas provas de que a n\u00e3o concess\u00e3o do efeito suspensivo possa causar danos graves ou de dif\u00edcil repara\u00e7\u00e3o, e que a situa\u00e7\u00e3o dever\u00e1 ser avaliada de forma mais aprofundada.<\/p>\n\n\n\n<p>Em paralelo, de acordo com fontes do jornal O Globo, a companhia busca negociar com o poder p\u00fablico um abatimento nas d\u00edvidas diante das perdas impostas pelas liga\u00e7\u00f5es irregulares, popularmente conhecidas como \u201cgatos\u201d.<\/p>\n\n\n\n<p>A concession\u00e1ria de energia el\u00e9trica tamb\u00e9m acabou de ter sua estrutura de governan\u00e7a alterada. Nelson Tanure agora possui 21,8% das <strong>a\u00e7\u00f5es da Light<\/strong>, ultrapassando o at\u00e9 ent\u00e3o maior acionista da empresa, Ronaldo Cezar Coelho \u2013 que det\u00e9m 20% do capital da empresa.<\/p>\n\n\n\n<p>A Light convocou uma assembleia geral extraordin\u00e1ria para o pr\u00f3ximo dia 7 de junho, na qual os acionistas votar\u00e3o a ratifica\u00e7\u00e3o do pedido de <a class=\"suno-keyword\" target=\"_blank\" data-force=\"no\" data-priority=\"2\" href=\"https:\/\/www.suno.com.br\/artigos\/recuperacao-judicial\/\" rel=\"noopener\">recupera\u00e7\u00e3o judicial<\/a> da holding.<\/p>\n\n\n\n<h2 class=\"wp-block-heading\">BRF<\/h2>\n\n\n\n<p>Em comunicado ao mercado, a <a href=\"https:\/\/www.suno.com.br\/acoes\/BRFS3\/\">BRF (BRFS3)<\/a> informou que vem mantendo negocia\u00e7\u00f5es, em car\u00e1ter n\u00e3o exclusivo, para a venda de determinados precat\u00f3rios, cr\u00e9ditos tribut\u00e1rios e ativos judiciais de titularidade da companhia.&nbsp;<\/p>\n\n\n\t<p>\n\t\t<a href=\"https:\/\/lp.suno.com.br\/ebook-como-analisar-uma-acao\/\" target=\"_blank\" data-element=\"shortcode-suno-banner\" title=\"Banner SUNO, clique e saiba mais\">\n\t\t\t<picture>\n\t\t\t\t<source media=\"(max-width: 500px)\" srcset=\"https:\/\/files.sunoresearch.com.br\/n\/uploads\/2023\/03\/Ebook-Acoes-Mobile.jpg\">\n\t\t\t\t<img class=\"newsContent__article__imgCapa newsContent__article__imgCapa--banner\"\n\t\t\t\t\tsrc=\"https:\/\/files.sunoresearch.com.br\/n\/uploads\/2023\/03\/Ebook-Acoes-Desktop.jpg\"\n\t\t\t\t\tdata-promo-id=\"378302\"\t\t\t\t\t\t\t\t\t\twidth='1420' height='286'\t\t\t\t\talt=\"https:\/\/files.sunoresearch.com.br\/n\/uploads\/2023\/03\/Ebook-Acoes-Desktop.jpg\"\n\t\t\t\t>\n\t\t\t<\/picture>\n\t\t<\/a>\n\t<\/p>\n\n\n\n\n\n<p>O esclarecimento ocorreu ap\u00f3s uma mat\u00e9ria veiculada pelo jornal Valor Econ\u00f4mico sobre o assunto, informando que o banco <a href=\"https:\/\/www.suno.com.br\/acoes\/BPAC11\/\"><strong>BTG Pactual (BPAC11)<\/strong><\/a> estaria entre os principais interessados nesta negocia\u00e7\u00e3o.&nbsp;<\/p>\n\n\n\n<p>Ainda na nota, a BRF ressaltou \u201cque n\u00e3o h\u00e1, no momento, qualquer proposta vinculante e decis\u00e3o efetiva sobre a concretiza\u00e7\u00e3o da venda dos referidos ativos nem defini\u00e7\u00e3o sobre o valor a ser recebido pela Companhia caso tal opera\u00e7\u00e3o venha a ser concretizada\u201d.<\/p>\n\n\n\n<h2 class=\"wp-block-heading\">\u00c2nima<\/h2>\n\n\n\n<p>A Inspirali, vertical de educa\u00e7\u00e3o em medicina da <a href=\"https:\/\/www.suno.com.br\/acoes\/anim3\/\">\u00c2nima Educa\u00e7\u00e3o (ANIM3)<\/a> pediu um registro de companhia aberta \u00e0 CVM. O pedido consta como realizado no \u00faltimo dia 12, segundo informa\u00e7\u00f5es no site do \u00f3rg\u00e3o regulador.<\/p>\n\n\n\n<p>A DNA Capital, gestora especializada em empresas de sa\u00fade, \u00e9 s\u00f3cia da \u00c2nima na Inspirali.<\/p>\n\n\n\n<h2 class=\"wp-block-heading\">Ferbasa<\/h2>\n\n\n\n<p>Em <a class=\"suno-keyword\" target=\"_blank\" data-force=\"no\" data-priority=\"1\" href=\"https:\/\/www.suno.com.br\/artigos\/fato-relevante\/\" rel=\"noopener\">fato relevante<\/a>, a Companhia de Ferro Ligas da Bahia &#8211; <a href=\"https:\/\/www.suno.com.br\/acoes\/fesa4\/\">Ferbasa (FESA4)<\/a>, assinou com a <strong>Auren Energia (AURE3)<\/strong> um memorando de entendimentos, com efeito vinculante, para celebra\u00e7\u00e3o de neg\u00f3cio relacionado ao suprimento de energia el\u00e9trica.<\/p>\n\n\n\n<p>O acordo estabelece as tratativas necess\u00e1rias para que as partes firmem o neg\u00f3cio atrav\u00e9s de instrumentos jur\u00eddicos e comerciais, que garantir\u00e3o para a companhia o volume de 35MW m\u00e9dios anuais, durante 20 anos, com in\u00edcio de fornecimento a partir de 2025.<\/p>\n\n\n\n<h2 class=\"wp-block-heading\">Localiza<\/h2>\n\n\n\n<p>A <a href=\"https:\/\/www.suno.com.br\/acoes\/rent3\/\"><strong>Localiza (RENT3)<\/strong><\/a> informou que pagar\u00e1 R$ 362,8 milh\u00f5es em <a href=\"https:\/\/www.suno.com.br\/artigos\/entenda-o-jcp\/\">juros sobre capital pr\u00f3prio<\/a>, o equivalente a R$ 0,36 por a\u00e7\u00e3o, em 19 de maio. Desde o dia 29 de mar\u00e7o, as a\u00e7\u00f5es da companhia s\u00e3o negociadas ex-juros.<strong>&nbsp;<\/strong><\/p>\n\n\n\n<p>Os destaques do mercado financeiro do Suno Not\u00edcias mostram os principais acontecimentos que prometem movimentar o mercado durante o dia, como a <strong>Light (LIGT3)<\/strong>, que deve estar no foco dos investidores ao longo do dia.<\/p>\n\n\n\t<p>\n\t\t<a href=\"https:\/\/lp.suno.com.br\/suno-one\/?utm_campaign=_SNC6964518A_\" target=\"_blank\" data-element=\"shortcode-suno-banner\" title=\"Banner SUNO, clique e saiba mais\">\n\t\t\t<picture>\n\t\t\t\t<source media=\"(max-width: 500px)\" srcset=\"https:\/\/files.sunoresearch.com.br\/n\/uploads\/2025\/09\/400x300-Suno-One-png.webp\">\n\t\t\t\t<img class=\"newsContent__article__imgCapa newsContent__article__imgCapa--banner\"\n\t\t\t\t\tsrc=\"https:\/\/files.sunoresearch.com.br\/n\/uploads\/2025\/09\/1420x240-Suno-One-png.webp\"\n\t\t\t\t\tdata-promo-id=\"383121\"\t\t\t\t\t\t\t\t\t\twidth='1420' height='240'\t\t\t\t\talt=\"https:\/\/files.sunoresearch.com.br\/n\/uploads\/2025\/09\/1420x240-Suno-One-png.webp\"\n\t\t\t\t>\n\t\t\t<\/picture>\n\t\t<\/a>\n\t<\/p>\n\n\n","protected":false},"excerpt":{"rendered":"<p>A not\u00edcia de que a Justi\u00e7a do Rio de Janeiro suspendeu recurso contra a decis\u00e3o que aceitou o pedido de recupera\u00e7\u00e3o judicial da Light (LIGT3) est\u00e1 entre os destaques do mercado financeiro desta quinta-feira (18). XPLG11 firma novo contrato de aluguel e reduz vac\u00e2ncia. Foto: iStock Tamb\u00e9m est\u00e1 entre os destaques do mercado financeiro a [&hellip;]<\/p>\n","protected":false},"author":295,"featured_media":406250,"comment_status":"closed","ping_status":"closed","sticky":false,"template":"","format":"standard","meta":[],"categories":[60],"tags":[361,397,399,104831,475,41531,4065],"suno_strategy":[],"class_list":["post-406233","post","type-post","status-publish","format-standard","has-post-thumbnail","hentry","category-mercado","tag-anima-anim3","tag-brf-brfs3","tag-btg-pactual-bpac11-bpac3-bpac5","tag-destaques-de-empresas","tag-ferbasa-fesa3-fesa4","tag-light-ligt3","tag-localiza-rent3"],"yoast_head":"<!-- This site is optimized with the Yoast SEO plugin v24.4 - https:\/\/yoast.com\/wordpress\/plugins\/seo\/ -->\n<title>Light (LIGT3) e BRF (BRFS3): veja destaques do mercado hoje<\/title>\n<meta name=\"description\" content=\"A suspens\u00e3o do recurso contra a decis\u00e3o que aceitou o pedido de recupera\u00e7\u00e3o judicial da Light (LIGT3) \u00e9 um dos destaques do mercado hoje.\" \/>\n<meta name=\"robots\" content=\"index, follow, max-snippet:-1, max-image-preview:large, max-video-preview:-1\" \/>\n<link rel=\"canonical\" href=\"https:\/\/www.suno.com.br\/noticias\/destaques-light-light3-brfs3\/\" \/>\n<meta property=\"og:locale\" content=\"pt_BR\" \/>\n<meta property=\"og:type\" content=\"article\" \/>\n<meta property=\"og:title\" content=\"Light (LIGT3) e BRF (BRFS3): veja destaques do mercado hoje\" \/>\n<meta property=\"og:description\" content=\"A suspens\u00e3o do recurso contra a decis\u00e3o que aceitou o pedido de recupera\u00e7\u00e3o judicial da Light (LIGT3) \u00e9 um dos destaques do mercado hoje.\" \/>\n<meta property=\"og:url\" content=\"https:\/\/www.suno.com.br\/noticias\/destaques-light-light3-brfs3\/\" \/>\n<meta property=\"og:site_name\" content=\"Suno Not\u00edcias\" \/>\n<meta property=\"article:publisher\" content=\"https:\/\/facebook.com\/sunoresearch\" \/>\n<meta property=\"og:image\" content=\"https:\/\/files.sunoresearch.com.br\/n\/uploads\/2023\/05\/cotacao.jpg\" \/>\n\t<meta property=\"og:image:width\" content=\"1254\" \/>\n\t<meta property=\"og:image:height\" content=\"836\" \/>\n\t<meta property=\"og:image:type\" content=\"image\/jpeg\" \/>\n<meta name=\"author\" content=\"Giovanni Porf\u00edrio Jacomino\" \/>\n<meta name=\"twitter:card\" content=\"summary_large_image\" \/>\n<meta name=\"twitter:creator\" content=\"@sunoresearch\" \/>\n<meta name=\"twitter:site\" content=\"@sunoresearch\" \/>\n<meta name=\"twitter:label1\" content=\"Escrito por\" \/>\n\t<meta name=\"twitter:data1\" content=\"Giovanni Porf\u00edrio Jacomino\" \/>\n\t<meta name=\"twitter:label2\" content=\"Est. tempo de leitura\" \/>\n\t<meta name=\"twitter:data2\" content=\"4 minutos\" \/>\n<script type=\"application\/ld+json\" class=\"yoast-schema-graph\">{\"@context\":\"https:\/\/schema.org\",\"@graph\":[{\"@type\":\"NewsArticle\",\"@id\":\"https:\/\/www.suno.com.br\/noticias\/destaques-light-light3-brfs3\/#article\",\"isPartOf\":{\"@id\":\"https:\/\/www.suno.com.br\/noticias\/destaques-light-light3-brfs3\/\"},\"author\":{\"name\":\"Giovanni Porf\u00edrio Jacomino\",\"@id\":\"https:\/\/www.suno.com.br\/noticias\/#\/schema\/person\/217058341e4dbe1f68f3b898b09ca015\"},\"headline\":\"Light (LIGT3), BRF (BRFS3) e \u00c2nima Educa\u00e7\u00e3o (ANIM3) agitam mercado financeiro; veja destaques\",\"datePublished\":\"2023-05-18T14:20:38+00:00\",\"dateModified\":\"2023-05-18T14:20:43+00:00\",\"mainEntityOfPage\":{\"@id\":\"https:\/\/www.suno.com.br\/noticias\/destaques-light-light3-brfs3\/\"},\"wordCount\":669,\"publisher\":{\"@id\":\"https:\/\/www.suno.com.br\/noticias\/#organization\"},\"image\":{\"@id\":\"https:\/\/www.suno.com.br\/noticias\/destaques-light-light3-brfs3\/#primaryimage\"},\"thumbnailUrl\":\"https:\/\/files.sunoresearch.com.br\/n\/uploads\/2023\/05\/cotacao.jpg\",\"keywords\":[\"Anima (ANIM3)\",\"BRF (BRFS3)\",\"BTG Pactual (BPAC11\/BPAC3\/BPAC5)\",\"destaques de empresas\",\"Ferbasa (FESA3\/FESA4)\",\"Light (LIGT3)\",\"Localiza (RENT3)\"],\"articleSection\":[\"Mercado\"],\"inLanguage\":\"pt-BR\"},{\"@type\":\"WebPage\",\"@id\":\"https:\/\/www.suno.com.br\/noticias\/destaques-light-light3-brfs3\/\",\"url\":\"https:\/\/www.suno.com.br\/noticias\/destaques-light-light3-brfs3\/\",\"name\":\"Light (LIGT3) e BRF (BRFS3): veja destaques do mercado hoje\",\"isPartOf\":{\"@id\":\"https:\/\/www.suno.com.br\/noticias\/#website\"},\"primaryImageOfPage\":{\"@id\":\"https:\/\/www.suno.com.br\/noticias\/destaques-light-light3-brfs3\/#primaryimage\"},\"image\":{\"@id\":\"https:\/\/www.suno.com.br\/noticias\/destaques-light-light3-brfs3\/#primaryimage\"},\"thumbnailUrl\":\"https:\/\/files.sunoresearch.com.br\/n\/uploads\/2023\/05\/cotacao.jpg\",\"datePublished\":\"2023-05-18T14:20:38+00:00\",\"dateModified\":\"2023-05-18T14:20:43+00:00\",\"description\":\"A suspens\u00e3o do recurso contra a decis\u00e3o que aceitou o pedido de recupera\u00e7\u00e3o judicial da Light (LIGT3) \u00e9 um dos destaques do mercado hoje.\",\"breadcrumb\":{\"@id\":\"https:\/\/www.suno.com.br\/noticias\/destaques-light-light3-brfs3\/#breadcrumb\"},\"inLanguage\":\"pt-BR\",\"potentialAction\":[{\"@type\":\"ReadAction\",\"target\":[\"https:\/\/www.suno.com.br\/noticias\/destaques-light-light3-brfs3\/\"]}]},{\"@type\":\"ImageObject\",\"inLanguage\":\"pt-BR\",\"@id\":\"https:\/\/www.suno.com.br\/noticias\/destaques-light-light3-brfs3\/#primaryimage\",\"url\":\"https:\/\/files.sunoresearch.com.br\/n\/uploads\/2023\/05\/cotacao.jpg\",\"contentUrl\":\"https:\/\/files.sunoresearch.com.br\/n\/uploads\/2023\/05\/cotacao.jpg\",\"width\":1254,\"height\":836,\"caption\":\"XPLG11 firma novo contrato de aluguel e reduz vac\u00e2ncia. Foto: iStock\"},{\"@type\":\"BreadcrumbList\",\"@id\":\"https:\/\/www.suno.com.br\/noticias\/destaques-light-light3-brfs3\/#breadcrumb\",\"itemListElement\":[{\"@type\":\"ListItem\",\"position\":1,\"name\":\"Not\u00edcias\",\"item\":\"https:\/\/www.suno.com.br\/noticias\/\"},{\"@type\":\"ListItem\",\"position\":2,\"name\":\"Mercado\",\"item\":\"https:\/\/www.suno.com.br\/noticias\/mercado\/\"},{\"@type\":\"ListItem\",\"position\":3,\"name\":\"Light (LIGT3), BRF (BRFS3) e \u00c2nima Educa\u00e7\u00e3o (ANIM3) agitam mercado financeiro; veja destaques\"}]},{\"@type\":\"WebSite\",\"@id\":\"https:\/\/www.suno.com.br\/noticias\/#website\",\"url\":\"https:\/\/www.suno.com.br\/noticias\/\",\"name\":\"Suno Not\u00edcias\",\"description\":\"Seu portal de informa\u00e7\u00e3o sobre o mundo dos investimentos\",\"publisher\":{\"@id\":\"https:\/\/www.suno.com.br\/noticias\/#organization\"},\"potentialAction\":[{\"@type\":\"SearchAction\",\"target\":{\"@type\":\"EntryPoint\",\"urlTemplate\":\"https:\/\/www.suno.com.br\/noticias\/?s={search_term_string}\"},\"query-input\":{\"@type\":\"PropertyValueSpecification\",\"valueRequired\":true,\"valueName\":\"search_term_string\"}}],\"inLanguage\":\"pt-BR\"},{\"@type\":\"Organization\",\"@id\":\"https:\/\/www.suno.com.br\/noticias\/#organization\",\"name\":\"Suno Not\u00edcias\",\"url\":\"https:\/\/www.suno.com.br\/noticias\/\",\"logo\":{\"@type\":\"ImageObject\",\"inLanguage\":\"pt-BR\",\"@id\":\"https:\/\/www.suno.com.br\/noticias\/#\/schema\/logo\/image\/\",\"url\":\"https:\/\/files.sunoresearch.com.br\/n\/uploads\/2021\/09\/suno-logo.png\",\"contentUrl\":\"https:\/\/files.sunoresearch.com.br\/n\/uploads\/2021\/09\/suno-logo.png\",\"width\":180,\"height\":180,\"caption\":\"Suno Not\u00edcias\"},\"image\":{\"@id\":\"https:\/\/www.suno.com.br\/noticias\/#\/schema\/logo\/image\/\"},\"sameAs\":[\"https:\/\/facebook.com\/sunoresearch\",\"https:\/\/x.com\/sunoresearch\",\"https:\/\/www.instagram.com\/suno\",\"https:\/\/www.linkedin.com\/company\/suno-research\/\",\"https:\/\/www.youtube.com\/c\/sunoresearch\"]},{\"@type\":\"Person\",\"@id\":\"https:\/\/www.suno.com.br\/noticias\/#\/schema\/person\/217058341e4dbe1f68f3b898b09ca015\",\"name\":\"Giovanni Porf\u00edrio Jacomino\",\"image\":{\"@type\":\"ImageObject\",\"inLanguage\":\"pt-BR\",\"@id\":\"https:\/\/www.suno.com.br\/noticias\/#\/schema\/person\/image\/\",\"url\":\"https:\/\/secure.gravatar.com\/avatar\/bc678fc5559a55f79ada398443281309?s=96&r=g\",\"contentUrl\":\"https:\/\/secure.gravatar.com\/avatar\/bc678fc5559a55f79ada398443281309?s=96&r=g\",\"caption\":\"Giovanni Porf\u00edrio Jacomino\"},\"description\":\"Giovanni Porf\u00edrio Jacomino \u00e9 jornalista formado pela Universidade Estadual de Londrina (UEL) e p\u00f3s-graduado em Produ\u00e7\u00e3o e Pr\u00e1ticas Jornal\u00edsticas na Contemporaneidade na Faculdade C\u00e1sper L\u00edbero (FCL). Foi editor web no Startupi e no Finsiders, atuando ainda como editor no TC Mover, portal de not\u00edcias da TradersClub, fazendo a cobertura de assuntos relacionados ao mercado financeiro interno e externo. Atualmente, \u00e9 Rep\u00f3rter do Suno Not\u00edcias.\",\"url\":\"https:\/\/www.suno.com.br\/noticias\/author\/giovanniporfirio01gmail-com\/\"}]}<\/script>\n<!-- \/ Yoast SEO plugin. -->","yoast_head_json":{"title":"Light (LIGT3) e BRF (BRFS3): veja destaques do mercado hoje","description":"A suspens\u00e3o do recurso contra a decis\u00e3o que aceitou o pedido de recupera\u00e7\u00e3o judicial da Light (LIGT3) \u00e9 um dos destaques do mercado hoje.","robots":{"index":"index","follow":"follow","max-snippet":"max-snippet:-1","max-image-preview":"max-image-preview:large","max-video-preview":"max-video-preview:-1"},"canonical":"https:\/\/www.suno.com.br\/noticias\/destaques-light-light3-brfs3\/","og_locale":"pt_BR","og_type":"article","og_title":"Light (LIGT3) e BRF (BRFS3): veja destaques do mercado hoje","og_description":"A suspens\u00e3o do recurso contra a decis\u00e3o que aceitou o pedido de recupera\u00e7\u00e3o judicial da Light (LIGT3) \u00e9 um dos destaques do mercado hoje.","og_url":"https:\/\/www.suno.com.br\/noticias\/destaques-light-light3-brfs3\/","og_site_name":"Suno Not\u00edcias","article_publisher":"https:\/\/facebook.com\/sunoresearch","og_image":[{"width":1254,"height":836,"url":"https:\/\/files.sunoresearch.com.br\/n\/uploads\/2023\/05\/cotacao.jpg","type":"image\/jpeg"}],"author":"Giovanni Porf\u00edrio Jacomino","twitter_card":"summary_large_image","twitter_creator":"@sunoresearch","twitter_site":"@sunoresearch","twitter_misc":{"Escrito por":"Giovanni Porf\u00edrio Jacomino","Est. tempo de leitura":"4 minutos"},"schema":{"@context":"https:\/\/schema.org","@graph":[{"@type":"NewsArticle","@id":"https:\/\/www.suno.com.br\/noticias\/destaques-light-light3-brfs3\/#article","isPartOf":{"@id":"https:\/\/www.suno.com.br\/noticias\/destaques-light-light3-brfs3\/"},"author":{"name":"Giovanni Porf\u00edrio Jacomino","@id":"https:\/\/www.suno.com.br\/noticias\/#\/schema\/person\/217058341e4dbe1f68f3b898b09ca015"},"headline":"Light (LIGT3), BRF (BRFS3) e \u00c2nima Educa\u00e7\u00e3o (ANIM3) agitam mercado financeiro; veja destaques","datePublished":"2023-05-18T14:20:38+00:00","dateModified":"2023-05-18T14:20:43+00:00","mainEntityOfPage":{"@id":"https:\/\/www.suno.com.br\/noticias\/destaques-light-light3-brfs3\/"},"wordCount":669,"publisher":{"@id":"https:\/\/www.suno.com.br\/noticias\/#organization"},"image":{"@id":"https:\/\/www.suno.com.br\/noticias\/destaques-light-light3-brfs3\/#primaryimage"},"thumbnailUrl":"https:\/\/files.sunoresearch.com.br\/n\/uploads\/2023\/05\/cotacao.jpg","keywords":["Anima (ANIM3)","BRF (BRFS3)","BTG Pactual (BPAC11\/BPAC3\/BPAC5)","destaques de empresas","Ferbasa (FESA3\/FESA4)","Light (LIGT3)","Localiza (RENT3)"],"articleSection":["Mercado"],"inLanguage":"pt-BR"},{"@type":"WebPage","@id":"https:\/\/www.suno.com.br\/noticias\/destaques-light-light3-brfs3\/","url":"https:\/\/www.suno.com.br\/noticias\/destaques-light-light3-brfs3\/","name":"Light (LIGT3) e BRF (BRFS3): veja destaques do mercado hoje","isPartOf":{"@id":"https:\/\/www.suno.com.br\/noticias\/#website"},"primaryImageOfPage":{"@id":"https:\/\/www.suno.com.br\/noticias\/destaques-light-light3-brfs3\/#primaryimage"},"image":{"@id":"https:\/\/www.suno.com.br\/noticias\/destaques-light-light3-brfs3\/#primaryimage"},"thumbnailUrl":"https:\/\/files.sunoresearch.com.br\/n\/uploads\/2023\/05\/cotacao.jpg","datePublished":"2023-05-18T14:20:38+00:00","dateModified":"2023-05-18T14:20:43+00:00","description":"A suspens\u00e3o do recurso contra a decis\u00e3o que aceitou o pedido de recupera\u00e7\u00e3o judicial da Light (LIGT3) \u00e9 um dos destaques do mercado hoje.","breadcrumb":{"@id":"https:\/\/www.suno.com.br\/noticias\/destaques-light-light3-brfs3\/#breadcrumb"},"inLanguage":"pt-BR","potentialAction":[{"@type":"ReadAction","target":["https:\/\/www.suno.com.br\/noticias\/destaques-light-light3-brfs3\/"]}]},{"@type":"ImageObject","inLanguage":"pt-BR","@id":"https:\/\/www.suno.com.br\/noticias\/destaques-light-light3-brfs3\/#primaryimage","url":"https:\/\/files.sunoresearch.com.br\/n\/uploads\/2023\/05\/cotacao.jpg","contentUrl":"https:\/\/files.sunoresearch.com.br\/n\/uploads\/2023\/05\/cotacao.jpg","width":1254,"height":836,"caption":"XPLG11 firma novo contrato de aluguel e reduz vac\u00e2ncia. Foto: iStock"},{"@type":"BreadcrumbList","@id":"https:\/\/www.suno.com.br\/noticias\/destaques-light-light3-brfs3\/#breadcrumb","itemListElement":[{"@type":"ListItem","position":1,"name":"Not\u00edcias","item":"https:\/\/www.suno.com.br\/noticias\/"},{"@type":"ListItem","position":2,"name":"Mercado","item":"https:\/\/www.suno.com.br\/noticias\/mercado\/"},{"@type":"ListItem","position":3,"name":"Light (LIGT3), BRF (BRFS3) e \u00c2nima Educa\u00e7\u00e3o (ANIM3) agitam mercado financeiro; veja destaques"}]},{"@type":"WebSite","@id":"https:\/\/www.suno.com.br\/noticias\/#website","url":"https:\/\/www.suno.com.br\/noticias\/","name":"Suno Not\u00edcias","description":"Seu portal de informa\u00e7\u00e3o sobre o mundo dos investimentos","publisher":{"@id":"https:\/\/www.suno.com.br\/noticias\/#organization"},"potentialAction":[{"@type":"SearchAction","target":{"@type":"EntryPoint","urlTemplate":"https:\/\/www.suno.com.br\/noticias\/?s={search_term_string}"},"query-input":{"@type":"PropertyValueSpecification","valueRequired":true,"valueName":"search_term_string"}}],"inLanguage":"pt-BR"},{"@type":"Organization","@id":"https:\/\/www.suno.com.br\/noticias\/#organization","name":"Suno Not\u00edcias","url":"https:\/\/www.suno.com.br\/noticias\/","logo":{"@type":"ImageObject","inLanguage":"pt-BR","@id":"https:\/\/www.suno.com.br\/noticias\/#\/schema\/logo\/image\/","url":"https:\/\/files.sunoresearch.com.br\/n\/uploads\/2021\/09\/suno-logo.png","contentUrl":"https:\/\/files.sunoresearch.com.br\/n\/uploads\/2021\/09\/suno-logo.png","width":180,"height":180,"caption":"Suno Not\u00edcias"},"image":{"@id":"https:\/\/www.suno.com.br\/noticias\/#\/schema\/logo\/image\/"},"sameAs":["https:\/\/facebook.com\/sunoresearch","https:\/\/x.com\/sunoresearch","https:\/\/www.instagram.com\/suno","https:\/\/www.linkedin.com\/company\/suno-research\/","https:\/\/www.youtube.com\/c\/sunoresearch"]},{"@type":"Person","@id":"https:\/\/www.suno.com.br\/noticias\/#\/schema\/person\/217058341e4dbe1f68f3b898b09ca015","name":"Giovanni Porf\u00edrio Jacomino","image":{"@type":"ImageObject","inLanguage":"pt-BR","@id":"https:\/\/www.suno.com.br\/noticias\/#\/schema\/person\/image\/","url":"https:\/\/secure.gravatar.com\/avatar\/bc678fc5559a55f79ada398443281309?s=96&r=g","contentUrl":"https:\/\/secure.gravatar.com\/avatar\/bc678fc5559a55f79ada398443281309?s=96&r=g","caption":"Giovanni Porf\u00edrio Jacomino"},"description":"Giovanni Porf\u00edrio Jacomino \u00e9 jornalista formado pela Universidade Estadual de Londrina (UEL) e p\u00f3s-graduado em Produ\u00e7\u00e3o e Pr\u00e1ticas Jornal\u00edsticas na Contemporaneidade na Faculdade C\u00e1sper L\u00edbero (FCL). Foi editor web no Startupi e no Finsiders, atuando ainda como editor no TC Mover, portal de not\u00edcias da TradersClub, fazendo a cobertura de assuntos relacionados ao mercado financeiro interno e externo. Atualmente, \u00e9 Rep\u00f3rter do Suno Not\u00edcias.","url":"https:\/\/www.suno.com.br\/noticias\/author\/giovanniporfirio01gmail-com\/"}]}},"default_loop_html":"<div class=\"cardsPage__listCard__boxs\"><div class=\"cardsPage__listCard__boxs__img\"><a href=\"https:\/\/www.suno.com.br\/noticias\/destaques-light-light3-brfs3\/\"><img class=\"mask\" src=\"https:\/\/www.suno.com.br\/noticias\/wp-content\/themes\/suno\/resources\/images\/spotlight\/spotlight1img\/bg-mask.png\" alt=\"Image Mask\"\/><img src=\"https:\/\/files.sunoresearch.com.br\/n\/uploads\/2023\/05\/cotacao-400x200.jpg\" alt=\"Light (LIGT3), BRF (BRFS3) e \u00c2nima Educa\u00e7\u00e3o (ANIM3) agitam mercado financeiro; veja destaques\"\/><\/a><span class=\"spotlightCategory\"><a href=\"https:\/\/www.suno.com.br\/noticias\/mercado\/\">Mercado<\/a><\/span><\/div><div class=\"cardsPage__listCard__boxs__content\"><a href=\"https:\/\/www.suno.com.br\/noticias\/destaques-light-light3-brfs3\/\"><h2 class=\"content__title\">Light (LIGT3), BRF (BRFS3) e \u00c2nima Educa\u00e7\u00e3o (ANIM3) agitam mercado financeiro; veja destaques<\/h2><\/a><div class=\"newsContent__article__meta\"><div class=\"newsContent__article__meta__authorBox\"><a href=\"https:\/\/www.suno.com.br\/noticias\/author\/giovanniporfirio01gmail-com\/\" class=\"authorBox__avatar noMobi\"><img src=\"https:\/\/files.sunoresearch.com.br\/n\/uploads\/2023\/07\/WhatsApp-Image-2023-07-10-at-14.08.39-150x150.jpeg\" alt=\"Giovanni Porf\u00edrio Jacomino\"><\/a><div class=\"authorBox__name\"><span>por\n\t\t\t<a href=\"https:\/\/www.suno.com.br\/noticias\/author\/giovanniporfirio01gmail-com\/\"><span itemprop=\"author\">Giovanni Porf\u00edrio Jacomino<\/span><\/a><\/span><time datetime=\"2023-05-18T11:20:38-03:00\" itemprop=\"datePublished\">18\/05\/2023 11:20<\/time><\/div><\/div><\/div><\/div><\/div>","single_layout":"posts","amp_enabled":true,"_links":{"self":[{"href":"https:\/\/www.suno.com.br\/noticias\/wp-json\/wp\/v2\/posts\/406233"}],"collection":[{"href":"https:\/\/www.suno.com.br\/noticias\/wp-json\/wp\/v2\/posts"}],"about":[{"href":"https:\/\/www.suno.com.br\/noticias\/wp-json\/wp\/v2\/types\/post"}],"author":[{"embeddable":true,"href":"https:\/\/www.suno.com.br\/noticias\/wp-json\/wp\/v2\/users\/295"}],"replies":[{"embeddable":true,"href":"https:\/\/www.suno.com.br\/noticias\/wp-json\/wp\/v2\/comments?post=406233"}],"version-history":[{"count":3,"href":"https:\/\/www.suno.com.br\/noticias\/wp-json\/wp\/v2\/posts\/406233\/revisions"}],"predecessor-version":[{"id":406257,"href":"https:\/\/www.suno.com.br\/noticias\/wp-json\/wp\/v2\/posts\/406233\/revisions\/406257"}],"wp:featuredmedia":[{"embeddable":true,"href":"https:\/\/www.suno.com.br\/noticias\/wp-json\/wp\/v2\/media\/406250"}],"wp:attachment":[{"href":"https:\/\/www.suno.com.br\/noticias\/wp-json\/wp\/v2\/media?parent=406233"}],"wp:term":[{"taxonomy":"category","embeddable":true,"href":"https:\/\/www.suno.com.br\/noticias\/wp-json\/wp\/v2\/categories?post=406233"},{"taxonomy":"post_tag","embeddable":true,"href":"https:\/\/www.suno.com.br\/noticias\/wp-json\/wp\/v2\/tags?post=406233"},{"taxonomy":"suno_strategy","embeddable":true,"href":"https:\/\/www.suno.com.br\/noticias\/wp-json\/wp\/v2\/suno_strategy?post=406233"}],"curies":[{"name":"wp","href":"https:\/\/api.w.org\/{rel}","templated":true}]}}