{"id":406226,"date":"2023-05-18T12:59:13","date_gmt":"2023-05-18T15:59:13","guid":{"rendered":"https:\/\/www.suno.com.br\/noticias\/?p=406226"},"modified":"2023-05-18T13:26:02","modified_gmt":"2023-05-18T16:26:02","slug":"embraer-acordo-jatos-comerciais-royal-jordanian","status":"publish","type":"post","link":"https:\/\/www.suno.com.br\/noticias\/embraer-acordo-jatos-comerciais-royal-jordanian\/","title":{"rendered":"Embraer (EMBR3) fecha acordo de jatos comerciais com Royal Jordanian"},"content":{"rendered":"<p>A <a class=\"suno-keyword\" data-force=\"yes\" data-priority=\"2\" href=\"https:\/\/www.suno.com.br\/acoes\/EMBR3\/\" target=\"_blank\" rel=\"noopener\"><strong>Embraer <\/strong>(EMBR3)<\/a> e a empresa de <i>leasing<\/i> Azorra divulgaram nesta quinta-feira, 18, um novo acordo com a Royal Jordanian Airlines para oito jatos comerciais &#8211; quatro E190-E2 e quatro E195-E2, a pre\u00e7o de lista de US$ 635 milh\u00f5es.<\/p><div class=\"videoFull \">\n\t\t\t<div class=\"videoWrapper yt-lazyload center\"\n\t\t\t\tdata-width=\"960\"\n\t\t\t\tdata-height=\"540\"\n\t\t\t\tdata-id=\"F251i9lkrQs\"\n\t\t\t\tdata-alt=\"V\u00eddeo do YouTube - clique para reproduzir\"\n\t\t\t\tdata-logo=\"3\"\n\t\t\t\tdata-imagequality=\"maxres\">\n\t\t\t<\/div>\n\t\t<\/div><script type=\"application\/ld+json\">{\"@context\":\"https:\/\/schema.org\",\"@type\":\"VideoObject\",\"name\":\"Americanas (AMER3), MST, M\u00e1fia das Apostas: as novas CPIs | Vale (VALE3) sobe 3% e ajuda Ibovespa\",\"description\":\"#americanas #amer3 #mst #futebol #congresso #pol\u00edtica #vale3 #petrobras #petr4 #petr3 #mercadofinanceiro #investimentos #bolsadevalores #ibovespa #d\u00f3lar #livedas19h O Ibovespa hoje fechou em alta de 1,17% aos 109.459,95 pontos nesta quarta-feira (17), em um dia menos movimentado na agenda corporativa, com n\u00famero menor de balan\u00e7os entre o fechamento da v\u00e9spera e o in\u00edcio do preg\u00e3o de hoje.\u2026\",\"duration\":\"PT39M18S\",\"embedUrl\":\"https:\/\/www.youtube.com\/embed\/F251i9lkrQs\",\"regionsAllowed\":\"pt-BR\",\"interactionStatistic\":{\"@type\":\"InteractionCounter\",\"interactionType\":{\"@type\":\"WatchAction\"},\"userInteractionCount\":3098},\"thumbnailUrl\":\"https:\/\/i.ytimg.com\/vi\/F251i9lkrQs\/default.jpg\",\"uploadDate\":\"2023-05-17T22:46:14Z\"}<\/script>\n\n\n\n\n\t<p>\n\t\t<a href=\"https:\/\/lp.suno.com.br\/planilha-da-vida-financeira\/\" target=\"_blank\" data-element=\"shortcode-suno-banner\" title=\"Banner SUNO, clique e saiba mais\">\n\t\t\t<picture>\n\t\t\t\t<source media=\"(max-width: 500px)\" srcset=\"https:\/\/files.sunoresearch.com.br\/n\/uploads\/2023\/04\/400x300-Planilha-vida-financeira-true.png\">\n\t\t\t\t<img class=\"newsContent__article__imgCapa newsContent__article__imgCapa--banner\"\n\t\t\t\t\tsrc=\"https:\/\/files.sunoresearch.com.br\/n\/uploads\/2023\/04\/1420x240-Planilha-vida-financeira-true.png\"\n\t\t\t\t\tdata-promo-id=\"106682\"\t\t\t\t\t\t\t\t\t\twidth='1420' height='240'\t\t\t\t\talt=\"https:\/\/files.sunoresearch.com.br\/n\/uploads\/2023\/04\/1420x240-Planilha-vida-financeira-true.png\"\n\t\t\t\t>\n\t\t\t<\/picture>\n\t\t<\/a>\n\t<\/p>\n\n\n\n\n\n\n\n<p>Destas, seis <strong>aeronaves <\/strong>&#8211; quatro E190-E2 e dois E195-E2 &#8211; s\u00e3o parte da carteira de pedidos firmes da Azorra. Outros dois E195-E2 s\u00e3o pedidos firmes da Royal Jordanian Airlines feitos <a href=\"https:\/\/statusinvest.com.br\/acoes\/embr3\" target=\"_blank\" rel=\"noreferrer noopener\">diretamente \u00e0 Embraer<\/a>.<\/p>\n\n\n\n<p>Em nota, a <strong>fabricante brasileira <\/strong>afirma que o acordo prev\u00ea a introdu\u00e7\u00e3o dos <strong>jatos <\/strong>E190-E2 e E195-E2 na frota da companhia a\u00e9rea da Jord\u00e2nia e j\u00e1 havia sido adicionado \u00e0 carteira de pedidos do quarto trimestre de 2022 da companhia como &#8220;cliente n\u00e3o revelado&#8221;.<\/p>\n\n\n\n<p>As entregas devem ser iniciadas no quarto trimestre de 2023.<\/p>\n\n\n\n<p>O E195-E2 a ser operado pela <strong>Royal Jordanian Airlines <\/strong>ter\u00e1 capacidade para 12 passageiros na classe executiva e 108 na classe econ\u00f4mica.<\/p>\n\n\n\n<p>J\u00e1 o E190-E2 ter\u00e1 o mesmo n\u00famero de assentos na classe executiva e 80 na econ\u00f4mica.<\/p>\n\n\n\n<h2 class=\"wp-block-heading\">Desempenho das a\u00e7\u00f5es da Embraer<\/h2>\n\n\n\n<div class=\"pluginQuotation\">\n  <p class=\"ticker\">\n    Cota\u00e7\u00e3o <span>EMBR3<\/span>\n  <\/p>\n  <div class=\"info\">\n    <div class=\"leftSide\">\n      Gr\u00e1fico gerado em: 18\/05\/2023    <\/div>\n\t\t\t\t\t<div class=\"rightSide\">\n\t\t\t\t\t<span class=\"period\">\n\t\t\t\t\t\t1 M\u00eas\t\t\t\t\t<\/span>\n\t\t\t<\/div>\n\t\t  <\/div>\n\n  <div id=\"chart-84a6633a97b20b414ec97888d1675e34\" data-block-hash=\"84a6633a97b20b414ec97888d1675e34\"  class=\"chart\" style=\"width:100%;height:400px;\"><\/div>\n\n  <div class=\"pluginQuotation__footer\">\n    <div class=\"dataChart\">\n\n      <div class=\"dataChart__div1 variation\">\n        <div class=\"value-negative\">\n          -11,17 (-2,30%)        <\/div>\n        <div class=\"text\">\n          Varia\u00e7\u00e3o do per\u00edodo\n        <\/div>\n      <\/div>\n\n      <div class=\"dataChart__div2 minMax\">\n        <div class=\"value\">\n          R$\u00a016,40        <\/div>\n        <div class=\"text\">\n          M\u00ednima\n        <\/div>\n      <\/div>\n\n      <div class=\"dataChart__div3 minMax\">\n        <div class=\"value\">\n          R$\u00a020,76        <\/div>\n        <div class=\"text\">\n          M\u00e1xima\n        <\/div>\n      <\/div>\n\n\t\t\t<div class=\"dataChart__div4 rightSide\">\n\t\t\t\t<div class=\"analiticaSource\">\n\t\t\t\t\t<span>\n\t\t\t\t\t\tFonte:\n\t\t\t\t\t<\/span>\n\t\t\t\t\t<img decoding=\"async\" class=\"analiticaLogo\" src=\"https:\/\/www.suno.com.br\/noticias\/wp-content\/plugins\/suno-block-ticker-quotation\/src\/suno-analitica-logo.png\" alt=\"Logo Suno Anal\u00edtica\" \/>\n\t\t\t\t<\/div>\n\n\t\t\t\t<a href=\"https:\/\/www.suno.com.br\/analitica\/acoes\/EMBR3\" target=\"_blank\">\n\t\t\t\t\t<span>\n\t\t\t\t\t\tVer mais cota\u00e7\u00f5es\n\t\t\t\t\t<\/span>\n\t\t\t\t\t<svg xmlns=\"http:\/\/www.w3.org\/2000\/svg\" width=\"9\" height=\"8\" viewBox=\"0 0 9 8\" fill=\"none\">\n\t\t\t\t\t\t<path d=\"M4.20996 0L3.50496 0.705L6.29496 3.5H0.209961V4.5H6.29496L3.50496 7.295L4.20996 8L8.20996 4L4.20996 0Z\" fill=\"#D42126\" \/>\n\t\t\t\t\t<\/svg>\n\t\t\t\t<\/a>\n    <\/div>\n\n    <\/div>\n  <\/div>\n<\/div>\n\n\n<script type=\"text\/javascript\">\n  let chart_84a6633a97b20b414ec97888d1675e34 = document.getElementById('chart-84a6633a97b20b414ec97888d1675e34');\n  let data_json_84a6633a97b20b414ec97888d1675e34 = \"[{\\\"date\\\":\\\"18\\\\\\\/04\\\\\\\/23 \\\",\\\"value\\\":20.59},{\\\"date\\\":\\\"19\\\\\\\/04\\\\\\\/23 \\\",\\\"value\\\":20.76},{\\\"date\\\":\\\"20\\\\\\\/04\\\\\\\/23 \\\",\\\"value\\\":20.25},{\\\"date\\\":\\\"24\\\\\\\/04\\\\\\\/23 \\\",\\\"value\\\":20.19},{\\\"date\\\":\\\"25\\\\\\\/04\\\\\\\/23 \\\",\\\"value\\\":19.82},{\\\"date\\\":\\\"26\\\\\\\/04\\\\\\\/23 \\\",\\\"value\\\":19.66},{\\\"date\\\":\\\"27\\\\\\\/04\\\\\\\/23 \\\",\\\"value\\\":19.19},{\\\"date\\\":\\\"28\\\\\\\/04\\\\\\\/23 \\\",\\\"value\\\":19.42},{\\\"date\\\":\\\"02\\\\\\\/05\\\\\\\/23 \\\",\\\"value\\\":19.22},{\\\"date\\\":\\\"03\\\\\\\/05\\\\\\\/23 \\\",\\\"value\\\":18.74},{\\\"date\\\":\\\"04\\\\\\\/05\\\\\\\/23 \\\",\\\"value\\\":16.92},{\\\"date\\\":\\\"05\\\\\\\/05\\\\\\\/23 \\\",\\\"value\\\":16.5},{\\\"date\\\":\\\"08\\\\\\\/05\\\\\\\/23 \\\",\\\"value\\\":16.4},{\\\"date\\\":\\\"09\\\\\\\/05\\\\\\\/23 \\\",\\\"value\\\":16.45},{\\\"date\\\":\\\"10\\\\\\\/05\\\\\\\/23 \\\",\\\"value\\\":16.81},{\\\"date\\\":\\\"11\\\\\\\/05\\\\\\\/23 \\\",\\\"value\\\":17.08},{\\\"date\\\":\\\"12\\\\\\\/05\\\\\\\/23 \\\",\\\"value\\\":17.55},{\\\"date\\\":\\\"15\\\\\\\/05\\\\\\\/23 \\\",\\\"value\\\":17.65},{\\\"date\\\":\\\"16\\\\\\\/05\\\\\\\/23 \\\",\\\"value\\\":17.85},{\\\"date\\\":\\\"17\\\\\\\/05\\\\\\\/23 \\\",\\\"value\\\":18.1},{\\\"date\\\":\\\"18\\\\\\\/05\\\\\\\/23 \\\",\\\"value\\\":18.29}]\";\n  let isPositive_84a6633a97b20b414ec97888d1675e34 = \"\";\n\n  let color_84a6633a97b20b414ec97888d1675e34 = isPositive_84a6633a97b20b414ec97888d1675e34 ? '#3AB53A' : '#D92C2D';\n\n  let data_84a6633a97b20b414ec97888d1675e34 = JSON.parse(data_json_84a6633a97b20b414ec97888d1675e34);\n\n  const result_84a6633a97b20b414ec97888d1675e34 = {\n    date: [],\n    value: [],\n  };\n\n  data_84a6633a97b20b414ec97888d1675e34.forEach((item) => {\n    result_84a6633a97b20b414ec97888d1675e34.date.push(item.date);\n    result_84a6633a97b20b414ec97888d1675e34.value.push(Number(item.value));\n  });\n\n  let option_84a6633a97b20b414ec97888d1675e34 = {\n    \/\/ variavel de cor global\n    color: [color_84a6633a97b20b414ec97888d1675e34],\n    title: {\n      text: '',\n    },\n    tooltip: {\n      trigger: 'axis',\n      axisPointer: {\n        type: 'cross',\n        label: {\n          \/\/ cor dos valores em X e Y\n          backgroundColor: color_84a6633a97b20b414ec97888d1675e34,\n          formatter: (value) => {\n            if (typeof value.value === 'number') {\n              return Number(value.value).toLocaleString('pt-br', {\n                style: 'currency',\n                currency: 'BRL'\n              });\n            }\n            return value.value;\n          },\n        },\n      },\n      valueFormatter: (value) => Number(value).toLocaleString('pt-br', {\n        style: 'currency',\n        currency: 'BRL'\n      }),\n    },\n    legend: {\n      \/\/ data: ['Valor de Fechamento'],\n      show: false,\n    },\n    toolbox: {\n      feature: {\n        saveAsImage: {\n          show: false,\n        },\n      },\n    },\n    grid: {\n      left: '0px',\n      right: '0px',\n      bottom: '0px',\n      containLabel: true,\n    },\n    xAxis: [{\n      type: 'category',\n      data: result_84a6633a97b20b414ec97888d1675e34.date,\n      boundaryGap: true,\n    }],\n    yAxis: [{\n      type: 'value',\n      min: Math.min(...result_84a6633a97b20b414ec97888d1675e34.value),\n      max: Math.max(...result_84a6633a97b20b414ec97888d1675e34.value),\n      axisLabel: {\n        formatter: (value) => value.toLocaleString('pt-br', {\n          style: 'currency',\n          currency: 'BRL'\n        }),\n      },\n    }],\n    series: [{\n      name: 'Valor de Fechamento',\n      type: 'line',\n      stack: 'Total',\n      \/\/ cor do grafico\n      areaStyle: {},\n      emphasis: {\n        focus: 'series',\n      },\n      data: result_84a6633a97b20b414ec97888d1675e34.value,\n      \/\/ cor da linha\n      lineStyle: {\n        color: color_84a6633a97b20b414ec97888d1675e34,\n      },\n    }, ],\n  };\n\n\twindow.chart_84a6633a97b20b414ec97888d1675e34 = {\n\t\tel: chart_84a6633a97b20b414ec97888d1675e34,\n\t\toption: option_84a6633a97b20b414ec97888d1675e34\t};\n\n\n<\/script>\n\n\n\n<p>Com Estad\u00e3o Conte\u00fado<\/p>\n\n\n\t<p>\n\t\t<a href=\"https:\/\/lp.suno.com.br\/ebook-como-analisar-uma-acao\/\" target=\"_blank\" data-element=\"shortcode-suno-banner\" title=\"Banner SUNO, clique e saiba mais\">\n\t\t\t<picture>\n\t\t\t\t<source media=\"(max-width: 500px)\" srcset=\"https:\/\/files.sunoresearch.com.br\/n\/uploads\/2023\/03\/Ebook-Acoes-Mobile.jpg\">\n\t\t\t\t<img class=\"newsContent__article__imgCapa newsContent__article__imgCapa--banner\"\n\t\t\t\t\tsrc=\"https:\/\/files.sunoresearch.com.br\/n\/uploads\/2023\/03\/Ebook-Acoes-Desktop.jpg\"\n\t\t\t\t\tdata-promo-id=\"378302\"\t\t\t\t\t\t\t\t\t\twidth='1420' height='286'\t\t\t\t\talt=\"https:\/\/files.sunoresearch.com.br\/n\/uploads\/2023\/03\/Ebook-Acoes-Desktop.jpg\"\n\t\t\t\t>\n\t\t\t<\/picture>\n\t\t<\/a>\n\t<\/p>\n\n\n","protected":false},"excerpt":{"rendered":"<p>A Embraer (EMBR3) e a empresa de leasing Azorra divulgaram nesta quinta-feira, 18, um novo acordo com a Royal Jordanian Airlines para oito jatos comerciais &#8211; quatro E190-E2 e quatro E195-E2, a pre\u00e7o de lista de US$ 635 milh\u00f5es. Destas, seis aeronaves &#8211; quatro E190-E2 e dois E195-E2 &#8211; s\u00e3o parte da carteira de pedidos [&hellip;]<\/p>\n","protected":false},"author":73,"featured_media":326325,"comment_status":"closed","ping_status":"closed","sticky":false,"template":"","format":"standard","meta":[],"categories":[64],"tags":[106444,460],"suno_strategy":[],"class_list":["post-406226","post","type-post","status-publish","format-standard","has-post-thumbnail","hentry","category-negocios","tag-agencias","tag-embraer-embr3"],"yoast_head":"<!-- This site is optimized with the Yoast SEO plugin v24.4 - https:\/\/yoast.com\/wordpress\/plugins\/seo\/ -->\n<title>Embraer (EMBR3) fecha acordo de jatos comerciais com Royal Jordanian<\/title>\n<meta name=\"description\" content=\"Destas, seis aeronaves s\u00e3o parte da carteira de pedidos firmes da Azorra e outros dois s\u00e3o pedidos feitos \u00e0 Embraer.\" \/>\n<meta name=\"robots\" content=\"index, follow, max-snippet:-1, max-image-preview:large, max-video-preview:-1\" \/>\n<link rel=\"canonical\" href=\"https:\/\/www.suno.com.br\/noticias\/embraer-acordo-jatos-comerciais-royal-jordanian\/\" \/>\n<meta property=\"og:locale\" content=\"pt_BR\" \/>\n<meta property=\"og:type\" content=\"article\" \/>\n<meta property=\"og:title\" content=\"Embraer (EMBR3) fecha acordo de jatos comerciais com Royal Jordanian\" \/>\n<meta property=\"og:description\" content=\"Destas, seis aeronaves s\u00e3o parte da carteira de pedidos firmes da Azorra e outros dois s\u00e3o pedidos feitos \u00e0 Embraer.\" \/>\n<meta property=\"og:url\" content=\"https:\/\/www.suno.com.br\/noticias\/embraer-acordo-jatos-comerciais-royal-jordanian\/\" \/>\n<meta property=\"og:site_name\" content=\"Suno Not\u00edcias\" \/>\n<meta property=\"article:publisher\" content=\"https:\/\/facebook.com\/sunoresearch\" \/>\n<meta property=\"og:image\" content=\"https:\/\/files.sunoresearch.com.br\/n\/uploads\/2022\/11\/embraer-embr3.jpg\" \/>\n\t<meta property=\"og:image:width\" content=\"1200\" \/>\n\t<meta property=\"og:image:height\" content=\"800\" \/>\n\t<meta property=\"og:image:type\" content=\"image\/jpeg\" \/>\n<meta name=\"author\" content=\"Eduardo Vargas\" \/>\n<meta name=\"twitter:card\" content=\"summary_large_image\" \/>\n<meta name=\"twitter:creator\" content=\"@sunoresearch\" \/>\n<meta name=\"twitter:site\" content=\"@sunoresearch\" \/>\n<meta name=\"twitter:label1\" content=\"Escrito por\" \/>\n\t<meta name=\"twitter:data1\" content=\"Eduardo Vargas\" \/>\n\t<meta name=\"twitter:label2\" content=\"Est. tempo de leitura\" \/>\n\t<meta name=\"twitter:data2\" content=\"1 minuto\" \/>\n<script type=\"application\/ld+json\" class=\"yoast-schema-graph\">{\"@context\":\"https:\/\/schema.org\",\"@graph\":[{\"@type\":\"NewsArticle\",\"@id\":\"https:\/\/www.suno.com.br\/noticias\/embraer-acordo-jatos-comerciais-royal-jordanian\/#article\",\"isPartOf\":{\"@id\":\"https:\/\/www.suno.com.br\/noticias\/embraer-acordo-jatos-comerciais-royal-jordanian\/\"},\"author\":{\"name\":\"Eduardo Vargas\",\"@id\":\"https:\/\/www.suno.com.br\/noticias\/#\/schema\/person\/7f4d362bf3518e76090143ae77bb49a5\"},\"headline\":\"Embraer (EMBR3) fecha acordo de jatos comerciais com Royal Jordanian\",\"datePublished\":\"2023-05-18T15:59:13+00:00\",\"dateModified\":\"2023-05-18T16:26:02+00:00\",\"mainEntityOfPage\":{\"@id\":\"https:\/\/www.suno.com.br\/noticias\/embraer-acordo-jatos-comerciais-royal-jordanian\/\"},\"wordCount\":202,\"publisher\":{\"@id\":\"https:\/\/www.suno.com.br\/noticias\/#organization\"},\"image\":{\"@id\":\"https:\/\/www.suno.com.br\/noticias\/embraer-acordo-jatos-comerciais-royal-jordanian\/#primaryimage\"},\"thumbnailUrl\":\"https:\/\/files.sunoresearch.com.br\/n\/uploads\/2022\/11\/embraer-embr3.jpg\",\"keywords\":[\"Ag\u00eancias\",\"Embraer (EMBR3)\"],\"articleSection\":[\"Neg\u00f3cios\"],\"inLanguage\":\"pt-BR\"},{\"@type\":\"WebPage\",\"@id\":\"https:\/\/www.suno.com.br\/noticias\/embraer-acordo-jatos-comerciais-royal-jordanian\/\",\"url\":\"https:\/\/www.suno.com.br\/noticias\/embraer-acordo-jatos-comerciais-royal-jordanian\/\",\"name\":\"Embraer (EMBR3) fecha acordo de jatos comerciais com Royal Jordanian\",\"isPartOf\":{\"@id\":\"https:\/\/www.suno.com.br\/noticias\/#website\"},\"primaryImageOfPage\":{\"@id\":\"https:\/\/www.suno.com.br\/noticias\/embraer-acordo-jatos-comerciais-royal-jordanian\/#primaryimage\"},\"image\":{\"@id\":\"https:\/\/www.suno.com.br\/noticias\/embraer-acordo-jatos-comerciais-royal-jordanian\/#primaryimage\"},\"thumbnailUrl\":\"https:\/\/files.sunoresearch.com.br\/n\/uploads\/2022\/11\/embraer-embr3.jpg\",\"datePublished\":\"2023-05-18T15:59:13+00:00\",\"dateModified\":\"2023-05-18T16:26:02+00:00\",\"description\":\"Destas, seis aeronaves s\u00e3o parte da carteira de pedidos firmes da Azorra e outros dois s\u00e3o pedidos feitos \u00e0 Embraer.\",\"breadcrumb\":{\"@id\":\"https:\/\/www.suno.com.br\/noticias\/embraer-acordo-jatos-comerciais-royal-jordanian\/#breadcrumb\"},\"inLanguage\":\"pt-BR\",\"potentialAction\":[{\"@type\":\"ReadAction\",\"target\":[\"https:\/\/www.suno.com.br\/noticias\/embraer-acordo-jatos-comerciais-royal-jordanian\/\"]}]},{\"@type\":\"ImageObject\",\"inLanguage\":\"pt-BR\",\"@id\":\"https:\/\/www.suno.com.br\/noticias\/embraer-acordo-jatos-comerciais-royal-jordanian\/#primaryimage\",\"url\":\"https:\/\/files.sunoresearch.com.br\/n\/uploads\/2022\/11\/embraer-embr3.jpg\",\"contentUrl\":\"https:\/\/files.sunoresearch.com.br\/n\/uploads\/2022\/11\/embraer-embr3.jpg\",\"width\":1200,\"height\":800,\"caption\":\"Embraer (EMBR3). Foto: Divulga\u00e7\u00e3o.\"},{\"@type\":\"BreadcrumbList\",\"@id\":\"https:\/\/www.suno.com.br\/noticias\/embraer-acordo-jatos-comerciais-royal-jordanian\/#breadcrumb\",\"itemListElement\":[{\"@type\":\"ListItem\",\"position\":1,\"name\":\"Not\u00edcias\",\"item\":\"https:\/\/www.suno.com.br\/noticias\/\"},{\"@type\":\"ListItem\",\"position\":2,\"name\":\"Neg\u00f3cios\",\"item\":\"https:\/\/www.suno.com.br\/noticias\/negocios\/\"},{\"@type\":\"ListItem\",\"position\":3,\"name\":\"Embraer (EMBR3) fecha acordo de jatos comerciais com Royal Jordanian\"}]},{\"@type\":\"WebSite\",\"@id\":\"https:\/\/www.suno.com.br\/noticias\/#website\",\"url\":\"https:\/\/www.suno.com.br\/noticias\/\",\"name\":\"Suno Not\u00edcias\",\"description\":\"Seu portal de informa\u00e7\u00e3o sobre o mundo dos investimentos\",\"publisher\":{\"@id\":\"https:\/\/www.suno.com.br\/noticias\/#organization\"},\"potentialAction\":[{\"@type\":\"SearchAction\",\"target\":{\"@type\":\"EntryPoint\",\"urlTemplate\":\"https:\/\/www.suno.com.br\/noticias\/?s={search_term_string}\"},\"query-input\":{\"@type\":\"PropertyValueSpecification\",\"valueRequired\":true,\"valueName\":\"search_term_string\"}}],\"inLanguage\":\"pt-BR\"},{\"@type\":\"Organization\",\"@id\":\"https:\/\/www.suno.com.br\/noticias\/#organization\",\"name\":\"Suno Not\u00edcias\",\"url\":\"https:\/\/www.suno.com.br\/noticias\/\",\"logo\":{\"@type\":\"ImageObject\",\"inLanguage\":\"pt-BR\",\"@id\":\"https:\/\/www.suno.com.br\/noticias\/#\/schema\/logo\/image\/\",\"url\":\"https:\/\/files.sunoresearch.com.br\/n\/uploads\/2021\/09\/suno-logo.png\",\"contentUrl\":\"https:\/\/files.sunoresearch.com.br\/n\/uploads\/2021\/09\/suno-logo.png\",\"width\":180,\"height\":180,\"caption\":\"Suno Not\u00edcias\"},\"image\":{\"@id\":\"https:\/\/www.suno.com.br\/noticias\/#\/schema\/logo\/image\/\"},\"sameAs\":[\"https:\/\/facebook.com\/sunoresearch\",\"https:\/\/x.com\/sunoresearch\",\"https:\/\/www.instagram.com\/suno\",\"https:\/\/www.linkedin.com\/company\/suno-research\/\",\"https:\/\/www.youtube.com\/c\/sunoresearch\"]},{\"@type\":\"Person\",\"@id\":\"https:\/\/www.suno.com.br\/noticias\/#\/schema\/person\/7f4d362bf3518e76090143ae77bb49a5\",\"name\":\"Eduardo Vargas\",\"image\":{\"@type\":\"ImageObject\",\"inLanguage\":\"pt-BR\",\"@id\":\"https:\/\/www.suno.com.br\/noticias\/#\/schema\/person\/image\/\",\"url\":\"https:\/\/secure.gravatar.com\/avatar\/dac340933427a22924c9f99d1eb2e3f2?s=96&r=g\",\"contentUrl\":\"https:\/\/secure.gravatar.com\/avatar\/dac340933427a22924c9f99d1eb2e3f2?s=96&r=g\",\"caption\":\"Eduardo Vargas\"},\"description\":\"Jornalista formado pela UFSC, cobre macroeconomia, neg\u00f3cios e startups para o Suno Not\u00edcias, escrevendo principalmente not\u00edcias sobre o mercado financeiro e a bolsa de valores. No YouTube e no Instagram, \u00e9 respons\u00e1vel pela produ\u00e7\u00e3o de Reels e Shorts do Suno Not\u00edcias. Anteriormente, trabalhou cobrindo economia e cotidiano no ND+ e para o ND, maior jornal impresso de Santa Catarina. Cursou um semestre letivo de Estudos de M\u00eddia na Universidad de Buenos Aires.\",\"url\":\"https:\/\/www.suno.com.br\/noticias\/author\/eduardo-vargas\/\"}]}<\/script>\n<!-- \/ Yoast SEO plugin. -->","yoast_head_json":{"title":"Embraer (EMBR3) fecha acordo de jatos comerciais com Royal Jordanian","description":"Destas, seis aeronaves s\u00e3o parte da carteira de pedidos firmes da Azorra e outros dois s\u00e3o pedidos feitos \u00e0 Embraer.","robots":{"index":"index","follow":"follow","max-snippet":"max-snippet:-1","max-image-preview":"max-image-preview:large","max-video-preview":"max-video-preview:-1"},"canonical":"https:\/\/www.suno.com.br\/noticias\/embraer-acordo-jatos-comerciais-royal-jordanian\/","og_locale":"pt_BR","og_type":"article","og_title":"Embraer (EMBR3) fecha acordo de jatos comerciais com Royal Jordanian","og_description":"Destas, seis aeronaves s\u00e3o parte da carteira de pedidos firmes da Azorra e outros dois s\u00e3o pedidos feitos \u00e0 Embraer.","og_url":"https:\/\/www.suno.com.br\/noticias\/embraer-acordo-jatos-comerciais-royal-jordanian\/","og_site_name":"Suno Not\u00edcias","article_publisher":"https:\/\/facebook.com\/sunoresearch","og_image":[{"width":1200,"height":800,"url":"https:\/\/files.sunoresearch.com.br\/n\/uploads\/2022\/11\/embraer-embr3.jpg","type":"image\/jpeg"}],"author":"Eduardo Vargas","twitter_card":"summary_large_image","twitter_creator":"@sunoresearch","twitter_site":"@sunoresearch","twitter_misc":{"Escrito por":"Eduardo Vargas","Est. tempo de leitura":"1 minuto"},"schema":{"@context":"https:\/\/schema.org","@graph":[{"@type":"NewsArticle","@id":"https:\/\/www.suno.com.br\/noticias\/embraer-acordo-jatos-comerciais-royal-jordanian\/#article","isPartOf":{"@id":"https:\/\/www.suno.com.br\/noticias\/embraer-acordo-jatos-comerciais-royal-jordanian\/"},"author":{"name":"Eduardo Vargas","@id":"https:\/\/www.suno.com.br\/noticias\/#\/schema\/person\/7f4d362bf3518e76090143ae77bb49a5"},"headline":"Embraer (EMBR3) fecha acordo de jatos comerciais com Royal Jordanian","datePublished":"2023-05-18T15:59:13+00:00","dateModified":"2023-05-18T16:26:02+00:00","mainEntityOfPage":{"@id":"https:\/\/www.suno.com.br\/noticias\/embraer-acordo-jatos-comerciais-royal-jordanian\/"},"wordCount":202,"publisher":{"@id":"https:\/\/www.suno.com.br\/noticias\/#organization"},"image":{"@id":"https:\/\/www.suno.com.br\/noticias\/embraer-acordo-jatos-comerciais-royal-jordanian\/#primaryimage"},"thumbnailUrl":"https:\/\/files.sunoresearch.com.br\/n\/uploads\/2022\/11\/embraer-embr3.jpg","keywords":["Ag\u00eancias","Embraer (EMBR3)"],"articleSection":["Neg\u00f3cios"],"inLanguage":"pt-BR"},{"@type":"WebPage","@id":"https:\/\/www.suno.com.br\/noticias\/embraer-acordo-jatos-comerciais-royal-jordanian\/","url":"https:\/\/www.suno.com.br\/noticias\/embraer-acordo-jatos-comerciais-royal-jordanian\/","name":"Embraer (EMBR3) fecha acordo de jatos comerciais com Royal Jordanian","isPartOf":{"@id":"https:\/\/www.suno.com.br\/noticias\/#website"},"primaryImageOfPage":{"@id":"https:\/\/www.suno.com.br\/noticias\/embraer-acordo-jatos-comerciais-royal-jordanian\/#primaryimage"},"image":{"@id":"https:\/\/www.suno.com.br\/noticias\/embraer-acordo-jatos-comerciais-royal-jordanian\/#primaryimage"},"thumbnailUrl":"https:\/\/files.sunoresearch.com.br\/n\/uploads\/2022\/11\/embraer-embr3.jpg","datePublished":"2023-05-18T15:59:13+00:00","dateModified":"2023-05-18T16:26:02+00:00","description":"Destas, seis aeronaves s\u00e3o parte da carteira de pedidos firmes da Azorra e outros dois s\u00e3o pedidos feitos \u00e0 Embraer.","breadcrumb":{"@id":"https:\/\/www.suno.com.br\/noticias\/embraer-acordo-jatos-comerciais-royal-jordanian\/#breadcrumb"},"inLanguage":"pt-BR","potentialAction":[{"@type":"ReadAction","target":["https:\/\/www.suno.com.br\/noticias\/embraer-acordo-jatos-comerciais-royal-jordanian\/"]}]},{"@type":"ImageObject","inLanguage":"pt-BR","@id":"https:\/\/www.suno.com.br\/noticias\/embraer-acordo-jatos-comerciais-royal-jordanian\/#primaryimage","url":"https:\/\/files.sunoresearch.com.br\/n\/uploads\/2022\/11\/embraer-embr3.jpg","contentUrl":"https:\/\/files.sunoresearch.com.br\/n\/uploads\/2022\/11\/embraer-embr3.jpg","width":1200,"height":800,"caption":"Embraer (EMBR3). Foto: Divulga\u00e7\u00e3o."},{"@type":"BreadcrumbList","@id":"https:\/\/www.suno.com.br\/noticias\/embraer-acordo-jatos-comerciais-royal-jordanian\/#breadcrumb","itemListElement":[{"@type":"ListItem","position":1,"name":"Not\u00edcias","item":"https:\/\/www.suno.com.br\/noticias\/"},{"@type":"ListItem","position":2,"name":"Neg\u00f3cios","item":"https:\/\/www.suno.com.br\/noticias\/negocios\/"},{"@type":"ListItem","position":3,"name":"Embraer (EMBR3) fecha acordo de jatos comerciais com Royal Jordanian"}]},{"@type":"WebSite","@id":"https:\/\/www.suno.com.br\/noticias\/#website","url":"https:\/\/www.suno.com.br\/noticias\/","name":"Suno Not\u00edcias","description":"Seu portal de informa\u00e7\u00e3o sobre o mundo dos investimentos","publisher":{"@id":"https:\/\/www.suno.com.br\/noticias\/#organization"},"potentialAction":[{"@type":"SearchAction","target":{"@type":"EntryPoint","urlTemplate":"https:\/\/www.suno.com.br\/noticias\/?s={search_term_string}"},"query-input":{"@type":"PropertyValueSpecification","valueRequired":true,"valueName":"search_term_string"}}],"inLanguage":"pt-BR"},{"@type":"Organization","@id":"https:\/\/www.suno.com.br\/noticias\/#organization","name":"Suno Not\u00edcias","url":"https:\/\/www.suno.com.br\/noticias\/","logo":{"@type":"ImageObject","inLanguage":"pt-BR","@id":"https:\/\/www.suno.com.br\/noticias\/#\/schema\/logo\/image\/","url":"https:\/\/files.sunoresearch.com.br\/n\/uploads\/2021\/09\/suno-logo.png","contentUrl":"https:\/\/files.sunoresearch.com.br\/n\/uploads\/2021\/09\/suno-logo.png","width":180,"height":180,"caption":"Suno Not\u00edcias"},"image":{"@id":"https:\/\/www.suno.com.br\/noticias\/#\/schema\/logo\/image\/"},"sameAs":["https:\/\/facebook.com\/sunoresearch","https:\/\/x.com\/sunoresearch","https:\/\/www.instagram.com\/suno","https:\/\/www.linkedin.com\/company\/suno-research\/","https:\/\/www.youtube.com\/c\/sunoresearch"]},{"@type":"Person","@id":"https:\/\/www.suno.com.br\/noticias\/#\/schema\/person\/7f4d362bf3518e76090143ae77bb49a5","name":"Eduardo Vargas","image":{"@type":"ImageObject","inLanguage":"pt-BR","@id":"https:\/\/www.suno.com.br\/noticias\/#\/schema\/person\/image\/","url":"https:\/\/secure.gravatar.com\/avatar\/dac340933427a22924c9f99d1eb2e3f2?s=96&r=g","contentUrl":"https:\/\/secure.gravatar.com\/avatar\/dac340933427a22924c9f99d1eb2e3f2?s=96&r=g","caption":"Eduardo Vargas"},"description":"Jornalista formado pela UFSC, cobre macroeconomia, neg\u00f3cios e startups para o Suno Not\u00edcias, escrevendo principalmente not\u00edcias sobre o mercado financeiro e a bolsa de valores. No YouTube e no Instagram, \u00e9 respons\u00e1vel pela produ\u00e7\u00e3o de Reels e Shorts do Suno Not\u00edcias. Anteriormente, trabalhou cobrindo economia e cotidiano no ND+ e para o ND, maior jornal impresso de Santa Catarina. Cursou um semestre letivo de Estudos de M\u00eddia na Universidad de Buenos Aires.","url":"https:\/\/www.suno.com.br\/noticias\/author\/eduardo-vargas\/"}]}},"default_loop_html":"<div class=\"cardsPage__listCard__boxs\"><div class=\"cardsPage__listCard__boxs__img\"><a href=\"https:\/\/www.suno.com.br\/noticias\/embraer-acordo-jatos-comerciais-royal-jordanian\/\"><img class=\"mask\" src=\"https:\/\/www.suno.com.br\/noticias\/wp-content\/themes\/suno\/resources\/images\/spotlight\/spotlight1img\/bg-mask.png\" alt=\"Image Mask\"\/><img src=\"https:\/\/files.sunoresearch.com.br\/n\/uploads\/2022\/11\/embraer-embr3-400x200.jpg\" alt=\"Embraer (EMBR3) fecha acordo de jatos comerciais com Royal Jordanian\"\/><\/a><span class=\"spotlightCategory\"><a href=\"https:\/\/www.suno.com.br\/noticias\/negocios\/\">Neg\u00f3cios<\/a><\/span><\/div><div class=\"cardsPage__listCard__boxs__content\"><a href=\"https:\/\/www.suno.com.br\/noticias\/embraer-acordo-jatos-comerciais-royal-jordanian\/\"><h2 class=\"content__title\">Embraer (EMBR3) fecha acordo de jatos comerciais com Royal Jordanian<\/h2><\/a><div class=\"newsContent__article__meta\"><div class=\"newsContent__article__meta__authorBox\"><a href=\"https:\/\/www.suno.com.br\/noticias\/author\/eduardo-vargas\/\" class=\"authorBox__avatar noMobi\"><img src=\"https:\/\/secure.gravatar.com\/avatar\/dac340933427a22924c9f99d1eb2e3f2?s=96&#038;r=g\" alt=\"Eduardo Vargas\"><\/a><div class=\"authorBox__name\"><span>por\n\t\t\t<a href=\"https:\/\/www.suno.com.br\/noticias\/author\/eduardo-vargas\/\"><span itemprop=\"author\">Eduardo Vargas<\/span><\/a><\/span><time datetime=\"2023-05-18T12:59:13-03:00\" itemprop=\"datePublished\">18\/05\/2023 12:59<\/time><\/div><\/div><\/div><\/div><\/div>","single_layout":"posts","amp_enabled":true,"_links":{"self":[{"href":"https:\/\/www.suno.com.br\/noticias\/wp-json\/wp\/v2\/posts\/406226"}],"collection":[{"href":"https:\/\/www.suno.com.br\/noticias\/wp-json\/wp\/v2\/posts"}],"about":[{"href":"https:\/\/www.suno.com.br\/noticias\/wp-json\/wp\/v2\/types\/post"}],"author":[{"embeddable":true,"href":"https:\/\/www.suno.com.br\/noticias\/wp-json\/wp\/v2\/users\/73"}],"replies":[{"embeddable":true,"href":"https:\/\/www.suno.com.br\/noticias\/wp-json\/wp\/v2\/comments?post=406226"}],"version-history":[{"count":3,"href":"https:\/\/www.suno.com.br\/noticias\/wp-json\/wp\/v2\/posts\/406226\/revisions"}],"predecessor-version":[{"id":406342,"href":"https:\/\/www.suno.com.br\/noticias\/wp-json\/wp\/v2\/posts\/406226\/revisions\/406342"}],"wp:featuredmedia":[{"embeddable":true,"href":"https:\/\/www.suno.com.br\/noticias\/wp-json\/wp\/v2\/media\/326325"}],"wp:attachment":[{"href":"https:\/\/www.suno.com.br\/noticias\/wp-json\/wp\/v2\/media?parent=406226"}],"wp:term":[{"taxonomy":"category","embeddable":true,"href":"https:\/\/www.suno.com.br\/noticias\/wp-json\/wp\/v2\/categories?post=406226"},{"taxonomy":"post_tag","embeddable":true,"href":"https:\/\/www.suno.com.br\/noticias\/wp-json\/wp\/v2\/tags?post=406226"},{"taxonomy":"suno_strategy","embeddable":true,"href":"https:\/\/www.suno.com.br\/noticias\/wp-json\/wp\/v2\/suno_strategy?post=406226"}],"curies":[{"name":"wp","href":"https:\/\/api.w.org\/{rel}","templated":true}]}}