{"id":406139,"date":"2023-05-18T09:43:11","date_gmt":"2023-05-18T12:43:11","guid":{"rendered":"https:\/\/www.suno.com.br\/noticias\/?p=406139"},"modified":"2023-05-18T09:43:38","modified_gmt":"2023-05-18T12:43:38","slug":"pib-custo-brasil-trilhao-despesas-produzir","status":"publish","type":"post","link":"https:\/\/www.suno.com.br\/noticias\/pib-custo-brasil-trilhao-despesas-produzir\/","title":{"rendered":"PIB: &#8216;Custo Brasil&#8217; eleva em R$ 1,7 trilh\u00e3o ao ano as despesas para produzir"},"content":{"rendered":"<p>O gasto adicional que empresas brasileiras t\u00eam para produzir no <strong>Brasil<\/strong>, em compara\u00e7\u00e3o com a despesa m\u00e9dia para produzir nos na\u00e7\u00f5es que integram a <a class=\"suno-keyword\" data-force=\"no\" data-priority=\"2\" href=\"https:\/\/www.suno.com.br\/artigos\/ocde\/\" target=\"_blank\" rel=\"noopener\">Organiza\u00e7\u00e3o para a Coopera\u00e7\u00e3o e Desenvolvimento Econ\u00f4mico (OCDE<\/a>), chega a R$ 1,7 trilh\u00e3o por ano. <\/p><div class=\"videoFull \">\n\t\t\t<div class=\"videoWrapper yt-lazyload center\"\n\t\t\t\tdata-width=\"960\"\n\t\t\t\tdata-height=\"540\"\n\t\t\t\tdata-id=\"F251i9lkrQs\"\n\t\t\t\tdata-alt=\"V\u00eddeo do YouTube - clique para reproduzir\"\n\t\t\t\tdata-logo=\"3\"\n\t\t\t\tdata-imagequality=\"maxres\">\n\t\t\t<\/div>\n\t\t<\/div><script type=\"application\/ld+json\">{\"@context\":\"https:\/\/schema.org\",\"@type\":\"VideoObject\",\"name\":\"Americanas (AMER3), MST, M\u00e1fia das Apostas: as novas CPIs | Vale (VALE3) sobe 3% e ajuda Ibovespa\",\"description\":\"#americanas #amer3 #mst #futebol #congresso #pol\u00edtica #vale3 #petrobras #petr4 #petr3 #mercadofinanceiro #investimentos #bolsadevalores #ibovespa #d\u00f3lar #livedas19h O Ibovespa hoje fechou em alta de 1,17% aos 109.459,95 pontos nesta quarta-feira (17), em um dia menos movimentado na agenda corporativa, com n\u00famero menor de balan\u00e7os entre o fechamento da v\u00e9spera e o in\u00edcio do preg\u00e3o de hoje.\u2026\",\"duration\":\"PT39M18S\",\"embedUrl\":\"https:\/\/www.youtube.com\/embed\/F251i9lkrQs\",\"regionsAllowed\":\"pt-BR\",\"interactionStatistic\":{\"@type\":\"InteractionCounter\",\"interactionType\":{\"@type\":\"WatchAction\"},\"userInteractionCount\":3098},\"thumbnailUrl\":\"https:\/\/i.ytimg.com\/vi\/F251i9lkrQs\/default.jpg\",\"uploadDate\":\"2023-05-17T22:46:14Z\"}<\/script>\n\n\n\n\n\t<p>\n\t\t<a href=\"\" target=\"_blank\" data-element=\"shortcode-suno-banner\" title=\"Banner SUNO, clique e saiba mais\">\n\t\t\t<picture>\n\t\t\t\t<source media=\"(max-width: 500px)\" srcset=\"\">\n\t\t\t\t<img class=\"newsContent__article__imgCapa newsContent__article__imgCapa--banner\"\n\t\t\t\t\tsrc=\"\"\n\t\t\t\t\tdata-promo-id=\"240038\"\t\t\t\t\t\t\t\t\t\t\t\t\t\t\talt=\"\"\n\t\t\t\t>\n\t\t\t<\/picture>\n\t\t<\/a>\n\t<\/p>\n\n\n\n\n\n\n\n<p>Esse \u00e9 o valor atualizado para o chamado <a class=\"suno-keyword\" data-force=\"no\" data-priority=\"1\" href=\"https:\/\/www.suno.com.br\/artigos\/custo-brasil\/\" target=\"_blank\" rel=\"noopener\">Custo Brasil<\/a>. O estudo, elaborado em parceria entre o Movimento Brasil Competitivo (MBC) e o <a href=\"https:\/\/www.gov.br\/mdic\/pt-br\" target=\"_blank\" rel=\"noreferrer noopener\">Minist\u00e9rio do Desenvolvimento, Ind\u00fastria, Com\u00e9rcio e Servi\u00e7os (Mdic)<\/a>, foi apresentado nesta quarta-feira, 17, em evento em Bras\u00edlia.<\/p>\n\n\n\n<p>Entre os fatores destacados pelo MBC como cr\u00edticos est\u00e3o o emprego e a tributa\u00e7\u00e3o. <\/p>\n\n\n\n<p>No primeiro caso, o maior peso vem da baixa qualifica\u00e7\u00e3o de m\u00e3o de obra, que representa 8% do custo total anual calculado. No caso dos tributos, o levantamento aponta que o Brasil manteve, de 2019 para c\u00e1, a alta complexidade do <a class=\"suno-keyword\" data-force=\"no\" data-priority=\"1\" href=\"https:\/\/www.suno.com.br\/artigos\/sistema-tributario\/\" target=\"_blank\" rel=\"noopener\">sistema tribut\u00e1rio<\/a>. Em m\u00e9dia, o setor produtivo brasileiro gasta 62 dias ao ano para lidar com a burocracia dos impostos. J\u00e1 a m\u00e9dia nos pa\u00edses de OCDE \u00e9 de seis dias.<\/p>\n\n\n\n<h2 class=\"wp-block-heading\">Impacto no PIB<\/h2>\n\n\n\n<p>O custo de R$ 1,7 trilh\u00e3o por ano representa 19,5% do <strong>Produto Interno Bruto (PIB)<\/strong>, o que o MBC considera como estabilidade desde 2019, quando o c\u00e1lculo foi feito pela organiza\u00e7\u00e3o e pela Funda\u00e7\u00e3o Getulio Vargas pela primeira vez. <\/p>\n\n\n\n<p>&#8220;\u00c0 \u00e9poca, em 2019, o termo Custo Brasil j\u00e1 existia, mas em estudos setoriais. O trabalho naquele momento foi criar uma linguagem comum entre diferentes estudos&#8221;, diz Rog\u00e9rio Caiuby, conselheiro executivo do MBC.<\/p>\n\n\n\t<p>\n\t\t<a href=\"https:\/\/lp.suno.com.br\/ebook-gratuito-investindo-no-exterior\/\" target=\"_blank\" data-element=\"shortcode-suno-banner\" title=\"Banner SUNO, clique e saiba mais\">\n\t\t\t<picture>\n\t\t\t\t<source media=\"(max-width: 500px)\" srcset=\"https:\/\/files.sunoresearch.com.br\/n\/uploads\/2023\/03\/400x300-Investindo-no-exterior.png\">\n\t\t\t\t<img class=\"newsContent__article__imgCapa newsContent__article__imgCapa--banner\"\n\t\t\t\t\tsrc=\"https:\/\/files.sunoresearch.com.br\/n\/uploads\/2023\/03\/1420x240-Investindo-no-exterior.png\"\n\t\t\t\t\tdata-promo-id=\"383161\"\t\t\t\t\t\t\t\t\t\twidth='1420' height='240'\t\t\t\t\talt=\"https:\/\/files.sunoresearch.com.br\/n\/uploads\/2023\/03\/1420x240-Investindo-no-exterior.png\"\n\t\t\t\t>\n\t\t\t<\/picture>\n\t\t<\/a>\n\t<\/p>\n\n\n\n\n\n<p>Em 2019, o <strong>custo<\/strong> calculado foi de R$ 1,5 trilh\u00e3o, o que significava 22% do PIB. A atualiza\u00e7\u00e3o dos valores para o n\u00edvel atual foi novamente feita pela FGV em parceria com o MBC. <\/p>\n\n\n\n<p>&#8220;Ao longo desses anos tivemos <strong>infla\u00e7\u00e3o <\/strong>e outras vari\u00e1veis que contribu\u00edram para esse aumento nominal (do valor, de R$ 1,5 trilh\u00e3o para R$ 1,7 trilh\u00e3o). <\/p>\n\n\n\n<p>Tamb\u00e9m n\u00e3o \u00e9 uma verdade falar que diminuiu ao passar de 22% para cerca de 20% de representatividade na economia, porque o PIB cresceu de forma mais r\u00e1pida (nos \u00faltimos anos)&#8221;, diz o executivo. &#8220;Os indicadores-chave, em grande medida, andaram de lado. Os desafios se mant\u00eam.&#8221;<\/p>\n\n\n\n<p>O MBC, organiza\u00e7\u00e3o que une empresariado e outros representantes da sociedade civil, buscou a parceria com o governo para trabalhar sobre o tema. <\/p>\n\n\n\n<p>&#8220;A ideia \u00e9 apresentar um plano mais estruturado de redu\u00e7\u00e3o do custo Brasil. Ser\u00e1 essa a atua\u00e7\u00e3o do minist\u00e9rio&#8221;, afirma a secret\u00e1ria de Competitividade e Pol\u00edtica Regulat\u00f3ria do Mdic, Andrea Macera.<\/p>\n\n\n\n<p>&#8220;\u00c9 um desafio enorme conseguir concorrer com empresas fora do Pa\u00eds. N\u00e3o se trata de atacar o Custo Brasil para aumentar o lucro, mas para dar mais acesso a produtos e servi\u00e7o para sociedade, fazer com que eles possam ser produzidos no Brasil, aumentando o setor produtivo, o que tamb\u00e9m vai gerar mais emprego para a popula\u00e7\u00e3o&#8221;, diz Caiuby.<\/p>\n\n\n\n<p>Mdic e MBC lan\u00e7ar\u00e3o, no segundo semestre, um observat\u00f3rio para monitorar os projetos e normas que podem gerar impacto no <a class=\"suno-keyword\" target=\"_blank\" data-force=\"no\" data-priority=\"1\" href=\"https:\/\/www.suno.com.br\/artigos\/custo-brasil\/\" rel=\"noopener\">Custo Brasil<\/a>. &#8220;A ideia \u00e9 que, com o governo, possamos definir qual a carteira de projetos que vamos apoiar,&#8221;, diz Caiuby.<\/p>\n\n\n\n<h2 class=\"wp-block-heading\">Entenda &#8216;de onde vem&#8217; o R$ 1,7 trilh\u00e3o<\/h2>\n\n\n\n<p>A conta de R$ 1,7 trilh\u00e3o considera todo o ciclo de vida de uma empresa no Pa\u00eds, em 12 \u00e1reas vitais desde o surgimento das companhias brasileiras. Destes, seis representam mais de 80% do <a class=\"suno-keyword\" data-force=\"no\" data-priority=\"1\" href=\"https:\/\/www.suno.com.br\/artigos\/custo-brasil\/\" target=\"_blank\" rel=\"noopener\"><strong>Custo Brasil<\/strong><\/a>. S\u00e3o os indicadores: financiar um neg\u00f3cio, empregar <a class=\"suno-keyword\" data-force=\"no\" data-priority=\"1\" href=\"https:\/\/www.suno.com.br\/artigos\/capital-humano\/\" target=\"_blank\" rel=\"noopener\">capital humano<\/a>, dispor de infraestrutura, ambiente jur\u00eddico regulat\u00f3rio, integra\u00e7\u00e3o de cadeias produtivas globais e honrar tributos.<\/p>\n\n\n\n<p>Eliminar regulamenta\u00e7\u00f5es que aumentam o &#8220;Custo Brasil&#8221; \u00e9 uma das solu\u00e7\u00f5es, diz a secret\u00e1ria de Competitividade e Pol\u00edtica Regulat\u00f3ria do Minist\u00e9rio do Desenvolvimento, Ind\u00fastria, Com\u00e9rcio e Servi\u00e7os (Mdic), Andrea Macera. <\/p>\n\n\n\n<p>&#8220;Na Europa, eles t\u00eam trabalhado com o conceito &#8216;one in, one out&#8217; (um dentro, um fora) &#8211; ou seja, para cada real de custo imposto em uma norma, \u00e9 preciso que um real de custo seja eliminado em uma norma anterior. O grande desafio \u00e9 medir o custo regulat\u00f3rio&#8221;, afirma.<\/p>\n\n\n\n<p>Ela diz que \u00e9 preciso haver mais &#8220;di\u00e1logo com atores envolvidos no debate, dissemina\u00e7\u00e3o da ferramenta chamada de &#8216;guilhotina regulat\u00f3ria&#8217; (que identifica e revoga atos normativos obsoletos) e estabelecimento de regras para racionalizar o custo regulat\u00f3rio&#8221;. O Mdic abriu uma consulta p\u00fablica sobre o tema, que se encerraria hoje, mas ser\u00e1 prorrogada at\u00e9 15 de junho.<\/p>\n\n\n\n<p>A ideia \u00e9, com o setor privado e a sociedade civil, mapear atos normativos que geram custos excessivos para as empresas. <\/p>\n\n\n\n<p>&#8220;Um dos objetivos \u00e9 essa tomada de subs\u00eddios e o outro \u00e9 comunicar para o setor produtivo a relev\u00e2ncia da pol\u00edtica regulat\u00f3ria, que pode trazer incentivos nem sempre justos ou adequados para os objetivos que se quer alcan\u00e7ar com as pol\u00edticas p\u00fablicas&#8221;, afirma, sobre o panorama no <strong>Brasil<\/strong>.<\/p>\n\n\n\n<p>Com Estad\u00e3o Conte\u00fado<\/p>\n\n\n\t<p>\n\t\t<a href=\"https:\/\/lp.suno.com.br\/suno-one\/?utm_campaign=_SNC6964518A_\" target=\"_blank\" data-element=\"shortcode-suno-banner\" title=\"Banner SUNO, clique e saiba mais\">\n\t\t\t<picture>\n\t\t\t\t<source media=\"(max-width: 500px)\" srcset=\"https:\/\/files.sunoresearch.com.br\/n\/uploads\/2025\/09\/400x300-Suno-One-png.webp\">\n\t\t\t\t<img class=\"newsContent__article__imgCapa newsContent__article__imgCapa--banner\"\n\t\t\t\t\tsrc=\"https:\/\/files.sunoresearch.com.br\/n\/uploads\/2025\/09\/1420x240-Suno-One-png.webp\"\n\t\t\t\t\tdata-promo-id=\"383121\"\t\t\t\t\t\t\t\t\t\twidth='1420' height='240'\t\t\t\t\talt=\"https:\/\/files.sunoresearch.com.br\/n\/uploads\/2025\/09\/1420x240-Suno-One-png.webp\"\n\t\t\t\t>\n\t\t\t<\/picture>\n\t\t<\/a>\n\t<\/p>\n\n\n","protected":false},"excerpt":{"rendered":"<p>O gasto adicional que empresas brasileiras t\u00eam para produzir no Brasil, em compara\u00e7\u00e3o com a despesa m\u00e9dia para produzir nos na\u00e7\u00f5es que integram a Organiza\u00e7\u00e3o para a Coopera\u00e7\u00e3o e Desenvolvimento Econ\u00f4mico (OCDE), chega a R$ 1,7 trilh\u00e3o por ano. Esse \u00e9 o valor atualizado para o chamado Custo Brasil. O estudo, elaborado em parceria entre [&hellip;]<\/p>\n","protected":false},"author":73,"featured_media":401520,"comment_status":"closed","ping_status":"closed","sticky":false,"template":"","format":"standard","meta":[],"categories":[62],"tags":[106444,1637,807],"suno_strategy":[],"class_list":["post-406139","post","type-post","status-publish","format-standard","has-post-thumbnail","hentry","category-economia","tag-agencias","tag-crescimento-economico","tag-produto-interno-bruto-pib"],"yoast_head":"<!-- This site is optimized with the Yoast SEO plugin v24.4 - https:\/\/yoast.com\/wordpress\/plugins\/seo\/ -->\n<title>PIB: &#039;Custo Brasil&#039; eleva em R$ 1,7 trilh\u00e3o despesas para produzir<\/title>\n<meta name=\"description\" content=\"Entre os fatores destacados pelo MBC como cr\u00edticos para a eleva\u00e7\u00e3o do Custo Brasil est\u00e3o o emprego e a tributa\u00e7\u00e3o.\" \/>\n<meta name=\"robots\" content=\"index, follow, max-snippet:-1, max-image-preview:large, max-video-preview:-1\" \/>\n<link rel=\"canonical\" href=\"https:\/\/www.suno.com.br\/noticias\/pib-custo-brasil-trilhao-despesas-produzir\/\" \/>\n<meta property=\"og:locale\" content=\"pt_BR\" \/>\n<meta property=\"og:type\" content=\"article\" \/>\n<meta property=\"og:title\" content=\"PIB: &#039;Custo Brasil&#039; eleva em R$ 1,7 trilh\u00e3o despesas para produzir\" \/>\n<meta property=\"og:description\" content=\"Entre os fatores destacados pelo MBC como cr\u00edticos para a eleva\u00e7\u00e3o do Custo Brasil est\u00e3o o emprego e a tributa\u00e7\u00e3o.\" \/>\n<meta property=\"og:url\" content=\"https:\/\/www.suno.com.br\/noticias\/pib-custo-brasil-trilhao-despesas-produzir\/\" \/>\n<meta property=\"og:site_name\" content=\"Suno Not\u00edcias\" \/>\n<meta property=\"article:publisher\" content=\"https:\/\/facebook.com\/sunoresearch\" \/>\n<meta property=\"og:image\" content=\"https:\/\/files.sunoresearch.com.br\/n\/uploads\/2023\/05\/crise-brasil-economia-queda.jpg\" \/>\n\t<meta property=\"og:image:width\" content=\"1200\" \/>\n\t<meta property=\"og:image:height\" content=\"800\" \/>\n\t<meta property=\"og:image:type\" content=\"image\/jpeg\" \/>\n<meta name=\"author\" content=\"Eduardo Vargas\" \/>\n<meta name=\"twitter:card\" content=\"summary_large_image\" \/>\n<meta name=\"twitter:creator\" content=\"@sunoresearch\" \/>\n<meta name=\"twitter:site\" content=\"@sunoresearch\" \/>\n<meta name=\"twitter:label1\" content=\"Escrito por\" \/>\n\t<meta name=\"twitter:data1\" content=\"Eduardo Vargas\" \/>\n\t<meta name=\"twitter:label2\" content=\"Est. tempo de leitura\" \/>\n\t<meta name=\"twitter:data2\" content=\"5 minutos\" \/>\n<script type=\"application\/ld+json\" class=\"yoast-schema-graph\">{\"@context\":\"https:\/\/schema.org\",\"@graph\":[{\"@type\":\"NewsArticle\",\"@id\":\"https:\/\/www.suno.com.br\/noticias\/pib-custo-brasil-trilhao-despesas-produzir\/#article\",\"isPartOf\":{\"@id\":\"https:\/\/www.suno.com.br\/noticias\/pib-custo-brasil-trilhao-despesas-produzir\/\"},\"author\":{\"name\":\"Eduardo Vargas\",\"@id\":\"https:\/\/www.suno.com.br\/noticias\/#\/schema\/person\/7f4d362bf3518e76090143ae77bb49a5\"},\"headline\":\"PIB: &#8216;Custo Brasil&#8217; eleva em R$ 1,7 trilh\u00e3o ao ano as despesas para produzir\",\"datePublished\":\"2023-05-18T12:43:11+00:00\",\"dateModified\":\"2023-05-18T12:43:38+00:00\",\"mainEntityOfPage\":{\"@id\":\"https:\/\/www.suno.com.br\/noticias\/pib-custo-brasil-trilhao-despesas-produzir\/\"},\"wordCount\":849,\"publisher\":{\"@id\":\"https:\/\/www.suno.com.br\/noticias\/#organization\"},\"image\":{\"@id\":\"https:\/\/www.suno.com.br\/noticias\/pib-custo-brasil-trilhao-despesas-produzir\/#primaryimage\"},\"thumbnailUrl\":\"https:\/\/files.sunoresearch.com.br\/n\/uploads\/2023\/05\/crise-brasil-economia-queda.jpg\",\"keywords\":[\"Ag\u00eancias\",\"crescimento econ\u00f4mico\",\"Produto Interno Bruto (PIB)\"],\"articleSection\":[\"Economia\"],\"inLanguage\":\"pt-BR\"},{\"@type\":\"WebPage\",\"@id\":\"https:\/\/www.suno.com.br\/noticias\/pib-custo-brasil-trilhao-despesas-produzir\/\",\"url\":\"https:\/\/www.suno.com.br\/noticias\/pib-custo-brasil-trilhao-despesas-produzir\/\",\"name\":\"PIB: 'Custo Brasil' eleva em R$ 1,7 trilh\u00e3o despesas para produzir\",\"isPartOf\":{\"@id\":\"https:\/\/www.suno.com.br\/noticias\/#website\"},\"primaryImageOfPage\":{\"@id\":\"https:\/\/www.suno.com.br\/noticias\/pib-custo-brasil-trilhao-despesas-produzir\/#primaryimage\"},\"image\":{\"@id\":\"https:\/\/www.suno.com.br\/noticias\/pib-custo-brasil-trilhao-despesas-produzir\/#primaryimage\"},\"thumbnailUrl\":\"https:\/\/files.sunoresearch.com.br\/n\/uploads\/2023\/05\/crise-brasil-economia-queda.jpg\",\"datePublished\":\"2023-05-18T12:43:11+00:00\",\"dateModified\":\"2023-05-18T12:43:38+00:00\",\"description\":\"Entre os fatores destacados pelo MBC como cr\u00edticos para a eleva\u00e7\u00e3o do Custo Brasil est\u00e3o o emprego e a tributa\u00e7\u00e3o.\",\"breadcrumb\":{\"@id\":\"https:\/\/www.suno.com.br\/noticias\/pib-custo-brasil-trilhao-despesas-produzir\/#breadcrumb\"},\"inLanguage\":\"pt-BR\",\"potentialAction\":[{\"@type\":\"ReadAction\",\"target\":[\"https:\/\/www.suno.com.br\/noticias\/pib-custo-brasil-trilhao-despesas-produzir\/\"]}]},{\"@type\":\"ImageObject\",\"inLanguage\":\"pt-BR\",\"@id\":\"https:\/\/www.suno.com.br\/noticias\/pib-custo-brasil-trilhao-despesas-produzir\/#primaryimage\",\"url\":\"https:\/\/files.sunoresearch.com.br\/n\/uploads\/2023\/05\/crise-brasil-economia-queda.jpg\",\"contentUrl\":\"https:\/\/files.sunoresearch.com.br\/n\/uploads\/2023\/05\/crise-brasil-economia-queda.jpg\",\"width\":1200,\"height\":800,\"caption\":\"Crise - Foto: iStock\"},{\"@type\":\"BreadcrumbList\",\"@id\":\"https:\/\/www.suno.com.br\/noticias\/pib-custo-brasil-trilhao-despesas-produzir\/#breadcrumb\",\"itemListElement\":[{\"@type\":\"ListItem\",\"position\":1,\"name\":\"Not\u00edcias\",\"item\":\"https:\/\/www.suno.com.br\/noticias\/\"},{\"@type\":\"ListItem\",\"position\":2,\"name\":\"Economia\",\"item\":\"https:\/\/www.suno.com.br\/noticias\/economia\/\"},{\"@type\":\"ListItem\",\"position\":3,\"name\":\"PIB: &#8216;Custo Brasil&#8217; eleva em R$ 1,7 trilh\u00e3o ao ano as despesas para produzir\"}]},{\"@type\":\"WebSite\",\"@id\":\"https:\/\/www.suno.com.br\/noticias\/#website\",\"url\":\"https:\/\/www.suno.com.br\/noticias\/\",\"name\":\"Suno Not\u00edcias\",\"description\":\"Seu portal de informa\u00e7\u00e3o sobre o mundo dos investimentos\",\"publisher\":{\"@id\":\"https:\/\/www.suno.com.br\/noticias\/#organization\"},\"potentialAction\":[{\"@type\":\"SearchAction\",\"target\":{\"@type\":\"EntryPoint\",\"urlTemplate\":\"https:\/\/www.suno.com.br\/noticias\/?s={search_term_string}\"},\"query-input\":{\"@type\":\"PropertyValueSpecification\",\"valueRequired\":true,\"valueName\":\"search_term_string\"}}],\"inLanguage\":\"pt-BR\"},{\"@type\":\"Organization\",\"@id\":\"https:\/\/www.suno.com.br\/noticias\/#organization\",\"name\":\"Suno Not\u00edcias\",\"url\":\"https:\/\/www.suno.com.br\/noticias\/\",\"logo\":{\"@type\":\"ImageObject\",\"inLanguage\":\"pt-BR\",\"@id\":\"https:\/\/www.suno.com.br\/noticias\/#\/schema\/logo\/image\/\",\"url\":\"https:\/\/files.sunoresearch.com.br\/n\/uploads\/2021\/09\/suno-logo.png\",\"contentUrl\":\"https:\/\/files.sunoresearch.com.br\/n\/uploads\/2021\/09\/suno-logo.png\",\"width\":180,\"height\":180,\"caption\":\"Suno Not\u00edcias\"},\"image\":{\"@id\":\"https:\/\/www.suno.com.br\/noticias\/#\/schema\/logo\/image\/\"},\"sameAs\":[\"https:\/\/facebook.com\/sunoresearch\",\"https:\/\/x.com\/sunoresearch\",\"https:\/\/www.instagram.com\/suno\",\"https:\/\/www.linkedin.com\/company\/suno-research\/\",\"https:\/\/www.youtube.com\/c\/sunoresearch\"]},{\"@type\":\"Person\",\"@id\":\"https:\/\/www.suno.com.br\/noticias\/#\/schema\/person\/7f4d362bf3518e76090143ae77bb49a5\",\"name\":\"Eduardo Vargas\",\"image\":{\"@type\":\"ImageObject\",\"inLanguage\":\"pt-BR\",\"@id\":\"https:\/\/www.suno.com.br\/noticias\/#\/schema\/person\/image\/\",\"url\":\"https:\/\/secure.gravatar.com\/avatar\/dac340933427a22924c9f99d1eb2e3f2?s=96&r=g\",\"contentUrl\":\"https:\/\/secure.gravatar.com\/avatar\/dac340933427a22924c9f99d1eb2e3f2?s=96&r=g\",\"caption\":\"Eduardo Vargas\"},\"description\":\"Jornalista formado pela UFSC, cobre macroeconomia, neg\u00f3cios e startups para o Suno Not\u00edcias, escrevendo principalmente not\u00edcias sobre o mercado financeiro e a bolsa de valores. No YouTube e no Instagram, \u00e9 respons\u00e1vel pela produ\u00e7\u00e3o de Reels e Shorts do Suno Not\u00edcias. Anteriormente, trabalhou cobrindo economia e cotidiano no ND+ e para o ND, maior jornal impresso de Santa Catarina. Cursou um semestre letivo de Estudos de M\u00eddia na Universidad de Buenos Aires.\",\"url\":\"https:\/\/www.suno.com.br\/noticias\/author\/eduardo-vargas\/\"}]}<\/script>\n<!-- \/ Yoast SEO plugin. -->","yoast_head_json":{"title":"PIB: 'Custo Brasil' eleva em R$ 1,7 trilh\u00e3o despesas para produzir","description":"Entre os fatores destacados pelo MBC como cr\u00edticos para a eleva\u00e7\u00e3o do Custo Brasil est\u00e3o o emprego e a tributa\u00e7\u00e3o.","robots":{"index":"index","follow":"follow","max-snippet":"max-snippet:-1","max-image-preview":"max-image-preview:large","max-video-preview":"max-video-preview:-1"},"canonical":"https:\/\/www.suno.com.br\/noticias\/pib-custo-brasil-trilhao-despesas-produzir\/","og_locale":"pt_BR","og_type":"article","og_title":"PIB: 'Custo Brasil' eleva em R$ 1,7 trilh\u00e3o despesas para produzir","og_description":"Entre os fatores destacados pelo MBC como cr\u00edticos para a eleva\u00e7\u00e3o do Custo Brasil est\u00e3o o emprego e a tributa\u00e7\u00e3o.","og_url":"https:\/\/www.suno.com.br\/noticias\/pib-custo-brasil-trilhao-despesas-produzir\/","og_site_name":"Suno Not\u00edcias","article_publisher":"https:\/\/facebook.com\/sunoresearch","og_image":[{"width":1200,"height":800,"url":"https:\/\/files.sunoresearch.com.br\/n\/uploads\/2023\/05\/crise-brasil-economia-queda.jpg","type":"image\/jpeg"}],"author":"Eduardo Vargas","twitter_card":"summary_large_image","twitter_creator":"@sunoresearch","twitter_site":"@sunoresearch","twitter_misc":{"Escrito por":"Eduardo Vargas","Est. tempo de leitura":"5 minutos"},"schema":{"@context":"https:\/\/schema.org","@graph":[{"@type":"NewsArticle","@id":"https:\/\/www.suno.com.br\/noticias\/pib-custo-brasil-trilhao-despesas-produzir\/#article","isPartOf":{"@id":"https:\/\/www.suno.com.br\/noticias\/pib-custo-brasil-trilhao-despesas-produzir\/"},"author":{"name":"Eduardo Vargas","@id":"https:\/\/www.suno.com.br\/noticias\/#\/schema\/person\/7f4d362bf3518e76090143ae77bb49a5"},"headline":"PIB: &#8216;Custo Brasil&#8217; eleva em R$ 1,7 trilh\u00e3o ao ano as despesas para produzir","datePublished":"2023-05-18T12:43:11+00:00","dateModified":"2023-05-18T12:43:38+00:00","mainEntityOfPage":{"@id":"https:\/\/www.suno.com.br\/noticias\/pib-custo-brasil-trilhao-despesas-produzir\/"},"wordCount":849,"publisher":{"@id":"https:\/\/www.suno.com.br\/noticias\/#organization"},"image":{"@id":"https:\/\/www.suno.com.br\/noticias\/pib-custo-brasil-trilhao-despesas-produzir\/#primaryimage"},"thumbnailUrl":"https:\/\/files.sunoresearch.com.br\/n\/uploads\/2023\/05\/crise-brasil-economia-queda.jpg","keywords":["Ag\u00eancias","crescimento econ\u00f4mico","Produto Interno Bruto (PIB)"],"articleSection":["Economia"],"inLanguage":"pt-BR"},{"@type":"WebPage","@id":"https:\/\/www.suno.com.br\/noticias\/pib-custo-brasil-trilhao-despesas-produzir\/","url":"https:\/\/www.suno.com.br\/noticias\/pib-custo-brasil-trilhao-despesas-produzir\/","name":"PIB: 'Custo Brasil' eleva em R$ 1,7 trilh\u00e3o despesas para produzir","isPartOf":{"@id":"https:\/\/www.suno.com.br\/noticias\/#website"},"primaryImageOfPage":{"@id":"https:\/\/www.suno.com.br\/noticias\/pib-custo-brasil-trilhao-despesas-produzir\/#primaryimage"},"image":{"@id":"https:\/\/www.suno.com.br\/noticias\/pib-custo-brasil-trilhao-despesas-produzir\/#primaryimage"},"thumbnailUrl":"https:\/\/files.sunoresearch.com.br\/n\/uploads\/2023\/05\/crise-brasil-economia-queda.jpg","datePublished":"2023-05-18T12:43:11+00:00","dateModified":"2023-05-18T12:43:38+00:00","description":"Entre os fatores destacados pelo MBC como cr\u00edticos para a eleva\u00e7\u00e3o do Custo Brasil est\u00e3o o emprego e a tributa\u00e7\u00e3o.","breadcrumb":{"@id":"https:\/\/www.suno.com.br\/noticias\/pib-custo-brasil-trilhao-despesas-produzir\/#breadcrumb"},"inLanguage":"pt-BR","potentialAction":[{"@type":"ReadAction","target":["https:\/\/www.suno.com.br\/noticias\/pib-custo-brasil-trilhao-despesas-produzir\/"]}]},{"@type":"ImageObject","inLanguage":"pt-BR","@id":"https:\/\/www.suno.com.br\/noticias\/pib-custo-brasil-trilhao-despesas-produzir\/#primaryimage","url":"https:\/\/files.sunoresearch.com.br\/n\/uploads\/2023\/05\/crise-brasil-economia-queda.jpg","contentUrl":"https:\/\/files.sunoresearch.com.br\/n\/uploads\/2023\/05\/crise-brasil-economia-queda.jpg","width":1200,"height":800,"caption":"Crise - Foto: iStock"},{"@type":"BreadcrumbList","@id":"https:\/\/www.suno.com.br\/noticias\/pib-custo-brasil-trilhao-despesas-produzir\/#breadcrumb","itemListElement":[{"@type":"ListItem","position":1,"name":"Not\u00edcias","item":"https:\/\/www.suno.com.br\/noticias\/"},{"@type":"ListItem","position":2,"name":"Economia","item":"https:\/\/www.suno.com.br\/noticias\/economia\/"},{"@type":"ListItem","position":3,"name":"PIB: &#8216;Custo Brasil&#8217; eleva em R$ 1,7 trilh\u00e3o ao ano as despesas para produzir"}]},{"@type":"WebSite","@id":"https:\/\/www.suno.com.br\/noticias\/#website","url":"https:\/\/www.suno.com.br\/noticias\/","name":"Suno Not\u00edcias","description":"Seu portal de informa\u00e7\u00e3o sobre o mundo dos investimentos","publisher":{"@id":"https:\/\/www.suno.com.br\/noticias\/#organization"},"potentialAction":[{"@type":"SearchAction","target":{"@type":"EntryPoint","urlTemplate":"https:\/\/www.suno.com.br\/noticias\/?s={search_term_string}"},"query-input":{"@type":"PropertyValueSpecification","valueRequired":true,"valueName":"search_term_string"}}],"inLanguage":"pt-BR"},{"@type":"Organization","@id":"https:\/\/www.suno.com.br\/noticias\/#organization","name":"Suno Not\u00edcias","url":"https:\/\/www.suno.com.br\/noticias\/","logo":{"@type":"ImageObject","inLanguage":"pt-BR","@id":"https:\/\/www.suno.com.br\/noticias\/#\/schema\/logo\/image\/","url":"https:\/\/files.sunoresearch.com.br\/n\/uploads\/2021\/09\/suno-logo.png","contentUrl":"https:\/\/files.sunoresearch.com.br\/n\/uploads\/2021\/09\/suno-logo.png","width":180,"height":180,"caption":"Suno Not\u00edcias"},"image":{"@id":"https:\/\/www.suno.com.br\/noticias\/#\/schema\/logo\/image\/"},"sameAs":["https:\/\/facebook.com\/sunoresearch","https:\/\/x.com\/sunoresearch","https:\/\/www.instagram.com\/suno","https:\/\/www.linkedin.com\/company\/suno-research\/","https:\/\/www.youtube.com\/c\/sunoresearch"]},{"@type":"Person","@id":"https:\/\/www.suno.com.br\/noticias\/#\/schema\/person\/7f4d362bf3518e76090143ae77bb49a5","name":"Eduardo Vargas","image":{"@type":"ImageObject","inLanguage":"pt-BR","@id":"https:\/\/www.suno.com.br\/noticias\/#\/schema\/person\/image\/","url":"https:\/\/secure.gravatar.com\/avatar\/dac340933427a22924c9f99d1eb2e3f2?s=96&r=g","contentUrl":"https:\/\/secure.gravatar.com\/avatar\/dac340933427a22924c9f99d1eb2e3f2?s=96&r=g","caption":"Eduardo Vargas"},"description":"Jornalista formado pela UFSC, cobre macroeconomia, neg\u00f3cios e startups para o Suno Not\u00edcias, escrevendo principalmente not\u00edcias sobre o mercado financeiro e a bolsa de valores. No YouTube e no Instagram, \u00e9 respons\u00e1vel pela produ\u00e7\u00e3o de Reels e Shorts do Suno Not\u00edcias. Anteriormente, trabalhou cobrindo economia e cotidiano no ND+ e para o ND, maior jornal impresso de Santa Catarina. Cursou um semestre letivo de Estudos de M\u00eddia na Universidad de Buenos Aires.","url":"https:\/\/www.suno.com.br\/noticias\/author\/eduardo-vargas\/"}]}},"default_loop_html":"<div class=\"cardsPage__listCard__boxs\"><div class=\"cardsPage__listCard__boxs__img\"><a href=\"https:\/\/www.suno.com.br\/noticias\/pib-custo-brasil-trilhao-despesas-produzir\/\"><img class=\"mask\" src=\"https:\/\/www.suno.com.br\/noticias\/wp-content\/themes\/suno\/resources\/images\/spotlight\/spotlight1img\/bg-mask.png\" alt=\"Image Mask\"\/><img src=\"https:\/\/files.sunoresearch.com.br\/n\/uploads\/2023\/05\/crise-brasil-economia-queda-400x200.jpg\" alt=\"PIB: &#8216;Custo Brasil&#8217; eleva em R$ 1,7 trilh\u00e3o ao ano as despesas para produzir\"\/><\/a><span class=\"spotlightCategory\"><a href=\"https:\/\/www.suno.com.br\/noticias\/economia\/\">Economia<\/a><\/span><\/div><div class=\"cardsPage__listCard__boxs__content\"><a href=\"https:\/\/www.suno.com.br\/noticias\/pib-custo-brasil-trilhao-despesas-produzir\/\"><h2 class=\"content__title\">PIB: &#8216;Custo Brasil&#8217; eleva em R$ 1,7 trilh\u00e3o ao ano as despesas para produzir<\/h2><\/a><div class=\"newsContent__article__meta\"><div class=\"newsContent__article__meta__authorBox\"><a href=\"https:\/\/www.suno.com.br\/noticias\/author\/eduardo-vargas\/\" class=\"authorBox__avatar noMobi\"><img src=\"https:\/\/secure.gravatar.com\/avatar\/dac340933427a22924c9f99d1eb2e3f2?s=96&#038;r=g\" alt=\"Eduardo Vargas\"><\/a><div class=\"authorBox__name\"><span>por\n\t\t\t<a href=\"https:\/\/www.suno.com.br\/noticias\/author\/eduardo-vargas\/\"><span itemprop=\"author\">Eduardo Vargas<\/span><\/a><\/span><time datetime=\"2023-05-18T09:43:11-03:00\" itemprop=\"datePublished\">18\/05\/2023 09:43<\/time><\/div><\/div><\/div><\/div><\/div>","single_layout":"posts","amp_enabled":true,"_links":{"self":[{"href":"https:\/\/www.suno.com.br\/noticias\/wp-json\/wp\/v2\/posts\/406139"}],"collection":[{"href":"https:\/\/www.suno.com.br\/noticias\/wp-json\/wp\/v2\/posts"}],"about":[{"href":"https:\/\/www.suno.com.br\/noticias\/wp-json\/wp\/v2\/types\/post"}],"author":[{"embeddable":true,"href":"https:\/\/www.suno.com.br\/noticias\/wp-json\/wp\/v2\/users\/73"}],"replies":[{"embeddable":true,"href":"https:\/\/www.suno.com.br\/noticias\/wp-json\/wp\/v2\/comments?post=406139"}],"version-history":[{"count":3,"href":"https:\/\/www.suno.com.br\/noticias\/wp-json\/wp\/v2\/posts\/406139\/revisions"}],"predecessor-version":[{"id":406199,"href":"https:\/\/www.suno.com.br\/noticias\/wp-json\/wp\/v2\/posts\/406139\/revisions\/406199"}],"wp:featuredmedia":[{"embeddable":true,"href":"https:\/\/www.suno.com.br\/noticias\/wp-json\/wp\/v2\/media\/401520"}],"wp:attachment":[{"href":"https:\/\/www.suno.com.br\/noticias\/wp-json\/wp\/v2\/media?parent=406139"}],"wp:term":[{"taxonomy":"category","embeddable":true,"href":"https:\/\/www.suno.com.br\/noticias\/wp-json\/wp\/v2\/categories?post=406139"},{"taxonomy":"post_tag","embeddable":true,"href":"https:\/\/www.suno.com.br\/noticias\/wp-json\/wp\/v2\/tags?post=406139"},{"taxonomy":"suno_strategy","embeddable":true,"href":"https:\/\/www.suno.com.br\/noticias\/wp-json\/wp\/v2\/suno_strategy?post=406139"}],"curies":[{"name":"wp","href":"https:\/\/api.w.org\/{rel}","templated":true}]}}