{"id":40565,"date":"2019-10-09T20:20:51","date_gmt":"2019-10-09T23:20:51","guid":{"rendered":"https:\/\/www.suno.com.br\/noticias\/?p=40565"},"modified":"2019-10-09T20:20:51","modified_gmt":"2019-10-09T23:20:51","slug":"cemig-investira-usinas-solares-2020","status":"publish","type":"post","link":"https:\/\/www.suno.com.br\/noticias\/cemig-investira-usinas-solares-2020\/","title":{"rendered":"Cemig investir\u00e1 R$ 300 mi em usinas solares at\u00e9 2020"},"content":{"rendered":"<p>A Cemig (CMIG4) anunciou na \u00faltima ter\u00e7a-feira (8) a cria\u00e7\u00e3o de uma nova empresa de gera\u00e7\u00e3o distribu\u00edda, a &#8220;Cemig S!M&#8221;, que tamb\u00e9m tem como dona a Mori Energia, com 51% do neg\u00f3cio.<\/p>\t<div class=\"wrapper-featured-image\">\n\t\t<figure class=\"spotlightImg\">\n\n\t\t\t<picture>\n\t\t\t\t<source media=\"(max-width: 768px)\" srcset=\"https:\/\/files.sunoresearch.com.br\/n\/uploads\/2019\/08\/2425ba41-aquecedor-solar-cemig-400x200.webp\">\n\t\t\t\t<img loading=\"lazy\" decoding=\"async\" class=\"newsContent__article__imgCapa lazyloadDisabled newsContent__article__imgCapa--noCaption\" src=\"https:\/\/files.sunoresearch.com.br\/n\/uploads\/2019\/08\/2425ba41-aquecedor-solar-cemig-800x450.webp\" width=\"800\" height=\"450\" alt=\"Cemig investir\u00e1 R$ 300 mi em usinas solares at\u00e9 2020\" fetchpriority=high \/>\n\t\t\t<\/picture>\n\n\t\t\t<figcaption class=\"wp-caption-text wp-caption-text--hide\">Por volta das 17h15, a a\u00e7\u00e3o da Cemig (CMIG4) operava em queda de 1,43% aos R$ 14,51.<\/figcaption>\n\t\t<\/figure>\n\t<\/div>\n\n\n\n<p>Com a nova empresa, a <strong>Cemig<\/strong> planeja investir aproximadamente R$ 300 milh\u00f5es at\u00e9 2020 em constru\u00e7\u00f5es de usinas solares no estado de Minas Gerais.<\/p>\n<p>A empresa de energia<strong>,<\/strong> que tem como principal acionista o governo de Minas, est\u00e1 na lista de estatais a serem privatizadas. Oficialmente, a rela\u00e7\u00e3o das companhias a serem vendidas s\u00f3 ser\u00e1 publicada na pr\u00f3xima quinta-feira (10), mas o nome da <strong>Cemig<\/strong> j\u00e1 havia sido adiantado.<\/p>\n\t<p>\n\t\t<a href=\"https:\/\/lp.suno.com.br\/cl\/impacto-tarifas-trump\/?utm_source=sunoresearch&#038;utm_medium=banner.noticias&#038;utm_campaign=_SNC903E88AA_\" target=\"_blank\" data-element=\"shortcode-suno-banner\" title=\"Banner SUNO, clique e saiba mais\">\n\t\t\t<picture>\n\t\t\t\t<source media=\"(max-width: 500px)\" srcset=\"https:\/\/files.sunoresearch.com.br\/n\/uploads\/2025\/07\/trump-mobile.webp\">\n\t\t\t\t<img class=\"newsContent__article__imgCapa newsContent__article__imgCapa--banner\"\n\t\t\t\t\tsrc=\"https:\/\/files.sunoresearch.com.br\/n\/uploads\/2025\/07\/trump-banner-desktop.webp\"\n\t\t\t\t\tdata-promo-id=\"613126\"\t\t\t\t\t\t\t\t\t\twidth='1000' height='325'\t\t\t\t\talt=\"https:\/\/files.sunoresearch.com.br\/n\/uploads\/2025\/07\/trump-banner-desktop.webp\"\n\t\t\t\t>\n\t\t\t<\/picture>\n\t\t<\/a>\n\t<\/p>\n\n\n<p>De acordo com o presidente da empresa, <strong>Cledorvino Belini,<\/strong> as novas usinas j\u00e1 &#8220;nascer\u00e3o&#8221; privatizadas.<\/p>\n<p>O aporte previsto pela companhia at\u00e9 o fim de 2019 \u00e9 de, aproximadamente, R$ 200 milh\u00f5es podendo chegar a R$ 300 milh\u00f5es. A primeira parte dos recursos da empresa de energia ser\u00e1 advinda de caixa pr\u00f3prio, contudo, a empresa discute com bancos sobre futuras linhas de cr\u00e9dito.<\/p>\n<p>Ser\u00e3o 32 usinas solares no total, sendo que nove delas devem ser entregas at\u00e9 o fim deste ano. O planejamento da <strong>Cemig<\/strong> \u00e9 de que as usinas devem ser instaladas na regi\u00e3o norte e noroeste de <strong>Minas,<\/strong> em 17 munic\u00edpios.<\/p>\n<p>No come\u00e7o, os consumidores ser\u00e3o comerciais e de ind\u00fastrias de baixa tens\u00e3o. Estima-se que a pot\u00eancia instalada ser\u00e1 de 150 MW em cada uma das usinas, que tamb\u00e9m gerar\u00e3o 300 Gigawatts\/hora-ano.<\/p>\n<p>O presidente da <strong>Cemig<\/strong> disse: &#8220;Se n\u00e3o fizermos nada, a concorr\u00eancia chega e leva. Mercado \u00e9 isso. Voc\u00ea tem que estar presente e disputar mercado\u201d.<\/p>\n<h2>Cemig na Justi\u00e7a<\/h2>\n<p>A Justi\u00e7a de Minas Gerais decidiu, nesta quarta, manter a multa de R$ 12 milh\u00f5es \u00e0 Cemig, ocasionada por &#8220;irregularidades encontradas&#8221;. A vistoria da \u00e1rea econ\u00f4mico-financeira e patrimonial da concession\u00e1ria, no in\u00edcio de 2013, levantou suspeitas que foram averiguadas pelas autoridades.<\/p>\n<p><a href=\"https:\/\/www.suno.com.br\/noticias\/cemig-tem-multa-de-12-milhoes-mantida-pela-justica\/\">Saiba mais: Cemig tem multa de R$ 12 milh\u00f5es mantida pela Justi\u00e7a<\/a><\/p>\n<p>O processo levou em considera\u00e7\u00e3o os argumentos da <strong>Ag\u00eancia Nacional de Energia El\u00e9trica (Aneel)<\/strong> e da <strong>Advocacia-Geral da Uni\u00e3o (AGU),<\/strong> julgando inconcludente o pedido da <strong>Cemig<\/strong>.<\/p>\n<h2>Justi\u00e7a reitera a manuten\u00e7\u00e3o da multa<\/h2>\n<p>A Justi\u00e7a admitiu que &#8220;a infra\u00e7\u00e3o foi corretamente descrita e tipificada no respectivo auto, que, por sua vez, tamb\u00e9m n\u00e3o padece de qualquer nulidade&#8221;. Al\u00e9m disso, afirmou que a <strong>Cemig<\/strong> &#8220;n\u00e3o lan\u00e7ou raz\u00f5es ou motivos que afastem as bem lan\u00e7adas raz\u00f5es da Aneel&#8221;.<\/p>\n","protected":false},"excerpt":{"rendered":"<p>A Cemig (CMIG4) anunciou na \u00faltima ter\u00e7a-feira (8) a cria\u00e7\u00e3o de uma nova empresa de gera\u00e7\u00e3o distribu\u00edda, a &#8220;Cemig S!M&#8221;, que tamb\u00e9m tem como dona a Mori Energia, com 51% do neg\u00f3cio. Por volta das 17h15, a a\u00e7\u00e3o da Cemig (CMIG4) operava em queda de 1,43% aos R$ 14,51. Com a nova empresa, a Cemig [&hellip;]<\/p>\n","protected":false},"author":23,"featured_media":34363,"comment_status":"closed","ping_status":"closed","sticky":false,"template":"","format":"standard","meta":[],"categories":[64],"tags":[420,750,921,945],"suno_strategy":[],"class_list":["post-40565","post","type-post","status-publish","format-standard","has-post-thumbnail","hentry","category-negocios","tag-cemig-cmig3-cmig4","tag-energia-solar","tag-minas-gerais","tag-privatizacoes"],"yoast_head":"<!-- This site is optimized with the Yoast SEO plugin v24.4 - https:\/\/yoast.com\/wordpress\/plugins\/seo\/ -->\n<title>Cemig investir\u00e1 R$ 300 mi em usinas solares at\u00e9 2020<\/title>\n<meta name=\"description\" content=\"Cemig planeja investir aproximadamente R$ 300 milh\u00f5es at\u00e9 2020 em constru\u00e7\u00f5es de usinas solares no estado de Minas Gerais. Clique para mais.\" \/>\n<meta name=\"robots\" content=\"index, follow, max-snippet:-1, max-image-preview:large, max-video-preview:-1\" \/>\n<link rel=\"canonical\" href=\"https:\/\/www.suno.com.br\/noticias\/cemig-investira-usinas-solares-2020\/\" \/>\n<meta property=\"og:locale\" content=\"pt_BR\" \/>\n<meta property=\"og:type\" content=\"article\" \/>\n<meta property=\"og:title\" content=\"Cemig investir\u00e1 R$ 300 mi em usinas solares at\u00e9 2020\" \/>\n<meta property=\"og:description\" content=\"Cemig planeja investir aproximadamente R$ 300 milh\u00f5es at\u00e9 2020 em constru\u00e7\u00f5es de usinas solares no estado de Minas Gerais. Clique para mais.\" \/>\n<meta property=\"og:url\" content=\"https:\/\/www.suno.com.br\/noticias\/cemig-investira-usinas-solares-2020\/\" \/>\n<meta property=\"og:site_name\" content=\"Suno Not\u00edcias\" \/>\n<meta property=\"article:publisher\" content=\"https:\/\/facebook.com\/sunoresearch\" \/>\n<meta property=\"og:image\" content=\"https:\/\/files.sunoresearch.com.br\/n\/uploads\/2019\/08\/2425ba41-aquecedor-solar-cemig.jpg\" \/>\n\t<meta property=\"og:image:width\" content=\"800\" \/>\n\t<meta property=\"og:image:height\" content=\"567\" \/>\n\t<meta property=\"og:image:type\" content=\"image\/jpeg\" \/>\n<meta name=\"author\" content=\"Rafael Lara\" \/>\n<meta name=\"twitter:card\" content=\"summary_large_image\" \/>\n<meta name=\"twitter:creator\" content=\"@sunoresearch\" \/>\n<meta name=\"twitter:site\" content=\"@sunoresearch\" \/>\n<meta name=\"twitter:label1\" content=\"Escrito por\" \/>\n\t<meta name=\"twitter:data1\" content=\"Rafael Lara\" \/>\n\t<meta name=\"twitter:label2\" content=\"Est. tempo de leitura\" \/>\n\t<meta name=\"twitter:data2\" content=\"2 minutos\" \/>\n<script type=\"application\/ld+json\" class=\"yoast-schema-graph\">{\"@context\":\"https:\/\/schema.org\",\"@graph\":[{\"@type\":\"NewsArticle\",\"@id\":\"https:\/\/www.suno.com.br\/noticias\/cemig-investira-usinas-solares-2020\/#article\",\"isPartOf\":{\"@id\":\"https:\/\/www.suno.com.br\/noticias\/cemig-investira-usinas-solares-2020\/\"},\"author\":{\"name\":\"Rafael Lara\",\"@id\":\"https:\/\/www.suno.com.br\/noticias\/#\/schema\/person\/098743caeed97b37f51315c9576c4078\"},\"headline\":\"Cemig investir\u00e1 R$ 300 mi em usinas solares at\u00e9 2020\",\"datePublished\":\"2019-10-09T23:20:51+00:00\",\"mainEntityOfPage\":{\"@id\":\"https:\/\/www.suno.com.br\/noticias\/cemig-investira-usinas-solares-2020\/\"},\"wordCount\":437,\"publisher\":{\"@id\":\"https:\/\/www.suno.com.br\/noticias\/#organization\"},\"image\":{\"@id\":\"https:\/\/www.suno.com.br\/noticias\/cemig-investira-usinas-solares-2020\/#primaryimage\"},\"thumbnailUrl\":\"https:\/\/files.sunoresearch.com.br\/n\/uploads\/2019\/08\/2425ba41-aquecedor-solar-cemig-jpg.webp\",\"keywords\":[\"Cemig (CMIG3\/CMIG4)\",\"energia solar\",\"Minas Gerais\",\"privatiza\u00e7\u00f5es\"],\"articleSection\":[\"Neg\u00f3cios\"],\"inLanguage\":\"pt-BR\"},{\"@type\":\"WebPage\",\"@id\":\"https:\/\/www.suno.com.br\/noticias\/cemig-investira-usinas-solares-2020\/\",\"url\":\"https:\/\/www.suno.com.br\/noticias\/cemig-investira-usinas-solares-2020\/\",\"name\":\"Cemig investir\u00e1 R$ 300 mi em usinas solares at\u00e9 2020\",\"isPartOf\":{\"@id\":\"https:\/\/www.suno.com.br\/noticias\/#website\"},\"primaryImageOfPage\":{\"@id\":\"https:\/\/www.suno.com.br\/noticias\/cemig-investira-usinas-solares-2020\/#primaryimage\"},\"image\":{\"@id\":\"https:\/\/www.suno.com.br\/noticias\/cemig-investira-usinas-solares-2020\/#primaryimage\"},\"thumbnailUrl\":\"https:\/\/files.sunoresearch.com.br\/n\/uploads\/2019\/08\/2425ba41-aquecedor-solar-cemig-jpg.webp\",\"datePublished\":\"2019-10-09T23:20:51+00:00\",\"description\":\"Cemig planeja investir aproximadamente R$ 300 milh\u00f5es at\u00e9 2020 em constru\u00e7\u00f5es de usinas solares no estado de Minas Gerais. Clique para mais.\",\"breadcrumb\":{\"@id\":\"https:\/\/www.suno.com.br\/noticias\/cemig-investira-usinas-solares-2020\/#breadcrumb\"},\"inLanguage\":\"pt-BR\",\"potentialAction\":[{\"@type\":\"ReadAction\",\"target\":[\"https:\/\/www.suno.com.br\/noticias\/cemig-investira-usinas-solares-2020\/\"]}]},{\"@type\":\"ImageObject\",\"inLanguage\":\"pt-BR\",\"@id\":\"https:\/\/www.suno.com.br\/noticias\/cemig-investira-usinas-solares-2020\/#primaryimage\",\"url\":\"https:\/\/files.sunoresearch.com.br\/n\/uploads\/2019\/08\/2425ba41-aquecedor-solar-cemig-jpg.webp\",\"contentUrl\":\"https:\/\/files.sunoresearch.com.br\/n\/uploads\/2019\/08\/2425ba41-aquecedor-solar-cemig-jpg.webp\",\"width\":800,\"height\":567,\"caption\":\"Por volta das 17h15, a a\u00e7\u00e3o da Cemig (CMIG4) operava em queda de 1,43% aos R$ 14,51.\"},{\"@type\":\"BreadcrumbList\",\"@id\":\"https:\/\/www.suno.com.br\/noticias\/cemig-investira-usinas-solares-2020\/#breadcrumb\",\"itemListElement\":[{\"@type\":\"ListItem\",\"position\":1,\"name\":\"Not\u00edcias\",\"item\":\"https:\/\/www.suno.com.br\/noticias\/\"},{\"@type\":\"ListItem\",\"position\":2,\"name\":\"Neg\u00f3cios\",\"item\":\"https:\/\/www.suno.com.br\/noticias\/negocios\/\"},{\"@type\":\"ListItem\",\"position\":3,\"name\":\"Cemig investir\u00e1 R$ 300 mi em usinas solares at\u00e9 2020\"}]},{\"@type\":\"WebSite\",\"@id\":\"https:\/\/www.suno.com.br\/noticias\/#website\",\"url\":\"https:\/\/www.suno.com.br\/noticias\/\",\"name\":\"Suno Not\u00edcias\",\"description\":\"Seu portal de informa\u00e7\u00e3o sobre o mundo dos investimentos\",\"publisher\":{\"@id\":\"https:\/\/www.suno.com.br\/noticias\/#organization\"},\"potentialAction\":[{\"@type\":\"SearchAction\",\"target\":{\"@type\":\"EntryPoint\",\"urlTemplate\":\"https:\/\/www.suno.com.br\/noticias\/?s={search_term_string}\"},\"query-input\":{\"@type\":\"PropertyValueSpecification\",\"valueRequired\":true,\"valueName\":\"search_term_string\"}}],\"inLanguage\":\"pt-BR\"},{\"@type\":\"Organization\",\"@id\":\"https:\/\/www.suno.com.br\/noticias\/#organization\",\"name\":\"Suno Not\u00edcias\",\"url\":\"https:\/\/www.suno.com.br\/noticias\/\",\"logo\":{\"@type\":\"ImageObject\",\"inLanguage\":\"pt-BR\",\"@id\":\"https:\/\/www.suno.com.br\/noticias\/#\/schema\/logo\/image\/\",\"url\":\"https:\/\/files.sunoresearch.com.br\/n\/uploads\/2021\/09\/suno-logo.png\",\"contentUrl\":\"https:\/\/files.sunoresearch.com.br\/n\/uploads\/2021\/09\/suno-logo.png\",\"width\":180,\"height\":180,\"caption\":\"Suno Not\u00edcias\"},\"image\":{\"@id\":\"https:\/\/www.suno.com.br\/noticias\/#\/schema\/logo\/image\/\"},\"sameAs\":[\"https:\/\/facebook.com\/sunoresearch\",\"https:\/\/x.com\/sunoresearch\",\"https:\/\/www.instagram.com\/suno\",\"https:\/\/www.linkedin.com\/company\/suno-research\/\",\"https:\/\/www.youtube.com\/c\/sunoresearch\"]},{\"@type\":\"Person\",\"@id\":\"https:\/\/www.suno.com.br\/noticias\/#\/schema\/person\/098743caeed97b37f51315c9576c4078\",\"name\":\"Rafael Lara\",\"image\":{\"@type\":\"ImageObject\",\"inLanguage\":\"pt-BR\",\"@id\":\"https:\/\/www.suno.com.br\/noticias\/#\/schema\/person\/image\/\",\"url\":\"https:\/\/secure.gravatar.com\/avatar\/dfc254ab9bb2ea1895d98b9e9dae4bdd?s=96&r=g\",\"contentUrl\":\"https:\/\/secure.gravatar.com\/avatar\/dfc254ab9bb2ea1895d98b9e9dae4bdd?s=96&r=g\",\"caption\":\"Rafael Lara\"},\"description\":\"Rafael Lara cursa jornalismo na Faculdade C\u00e1sper L\u00edbero. Escreve sobre pol\u00edtica, economia e neg\u00f3cios para o portal Suno Not\u00edcias. Antes, colaborou na TV Gazeta na produ\u00e7\u00e3o do programa Edi\u00e7\u00e3o Extra.\",\"url\":\"https:\/\/www.suno.com.br\/noticias\/author\/rafael\/\"}]}<\/script>\n<!-- \/ Yoast SEO plugin. -->","yoast_head_json":{"title":"Cemig investir\u00e1 R$ 300 mi em usinas solares at\u00e9 2020","description":"Cemig planeja investir aproximadamente R$ 300 milh\u00f5es at\u00e9 2020 em constru\u00e7\u00f5es de usinas solares no estado de Minas Gerais. Clique para mais.","robots":{"index":"index","follow":"follow","max-snippet":"max-snippet:-1","max-image-preview":"max-image-preview:large","max-video-preview":"max-video-preview:-1"},"canonical":"https:\/\/www.suno.com.br\/noticias\/cemig-investira-usinas-solares-2020\/","og_locale":"pt_BR","og_type":"article","og_title":"Cemig investir\u00e1 R$ 300 mi em usinas solares at\u00e9 2020","og_description":"Cemig planeja investir aproximadamente R$ 300 milh\u00f5es at\u00e9 2020 em constru\u00e7\u00f5es de usinas solares no estado de Minas Gerais. Clique para mais.","og_url":"https:\/\/www.suno.com.br\/noticias\/cemig-investira-usinas-solares-2020\/","og_site_name":"Suno Not\u00edcias","article_publisher":"https:\/\/facebook.com\/sunoresearch","og_image":[{"width":800,"height":567,"url":"https:\/\/files.sunoresearch.com.br\/n\/uploads\/2019\/08\/2425ba41-aquecedor-solar-cemig.jpg","type":"image\/jpeg"}],"author":"Rafael Lara","twitter_card":"summary_large_image","twitter_creator":"@sunoresearch","twitter_site":"@sunoresearch","twitter_misc":{"Escrito por":"Rafael Lara","Est. tempo de leitura":"2 minutos"},"schema":{"@context":"https:\/\/schema.org","@graph":[{"@type":"NewsArticle","@id":"https:\/\/www.suno.com.br\/noticias\/cemig-investira-usinas-solares-2020\/#article","isPartOf":{"@id":"https:\/\/www.suno.com.br\/noticias\/cemig-investira-usinas-solares-2020\/"},"author":{"name":"Rafael Lara","@id":"https:\/\/www.suno.com.br\/noticias\/#\/schema\/person\/098743caeed97b37f51315c9576c4078"},"headline":"Cemig investir\u00e1 R$ 300 mi em usinas solares at\u00e9 2020","datePublished":"2019-10-09T23:20:51+00:00","mainEntityOfPage":{"@id":"https:\/\/www.suno.com.br\/noticias\/cemig-investira-usinas-solares-2020\/"},"wordCount":437,"publisher":{"@id":"https:\/\/www.suno.com.br\/noticias\/#organization"},"image":{"@id":"https:\/\/www.suno.com.br\/noticias\/cemig-investira-usinas-solares-2020\/#primaryimage"},"thumbnailUrl":"https:\/\/files.sunoresearch.com.br\/n\/uploads\/2019\/08\/2425ba41-aquecedor-solar-cemig-jpg.webp","keywords":["Cemig (CMIG3\/CMIG4)","energia solar","Minas Gerais","privatiza\u00e7\u00f5es"],"articleSection":["Neg\u00f3cios"],"inLanguage":"pt-BR"},{"@type":"WebPage","@id":"https:\/\/www.suno.com.br\/noticias\/cemig-investira-usinas-solares-2020\/","url":"https:\/\/www.suno.com.br\/noticias\/cemig-investira-usinas-solares-2020\/","name":"Cemig investir\u00e1 R$ 300 mi em usinas solares at\u00e9 2020","isPartOf":{"@id":"https:\/\/www.suno.com.br\/noticias\/#website"},"primaryImageOfPage":{"@id":"https:\/\/www.suno.com.br\/noticias\/cemig-investira-usinas-solares-2020\/#primaryimage"},"image":{"@id":"https:\/\/www.suno.com.br\/noticias\/cemig-investira-usinas-solares-2020\/#primaryimage"},"thumbnailUrl":"https:\/\/files.sunoresearch.com.br\/n\/uploads\/2019\/08\/2425ba41-aquecedor-solar-cemig-jpg.webp","datePublished":"2019-10-09T23:20:51+00:00","description":"Cemig planeja investir aproximadamente R$ 300 milh\u00f5es at\u00e9 2020 em constru\u00e7\u00f5es de usinas solares no estado de Minas Gerais. Clique para mais.","breadcrumb":{"@id":"https:\/\/www.suno.com.br\/noticias\/cemig-investira-usinas-solares-2020\/#breadcrumb"},"inLanguage":"pt-BR","potentialAction":[{"@type":"ReadAction","target":["https:\/\/www.suno.com.br\/noticias\/cemig-investira-usinas-solares-2020\/"]}]},{"@type":"ImageObject","inLanguage":"pt-BR","@id":"https:\/\/www.suno.com.br\/noticias\/cemig-investira-usinas-solares-2020\/#primaryimage","url":"https:\/\/files.sunoresearch.com.br\/n\/uploads\/2019\/08\/2425ba41-aquecedor-solar-cemig-jpg.webp","contentUrl":"https:\/\/files.sunoresearch.com.br\/n\/uploads\/2019\/08\/2425ba41-aquecedor-solar-cemig-jpg.webp","width":800,"height":567,"caption":"Por volta das 17h15, a a\u00e7\u00e3o da Cemig (CMIG4) operava em queda de 1,43% aos R$ 14,51."},{"@type":"BreadcrumbList","@id":"https:\/\/www.suno.com.br\/noticias\/cemig-investira-usinas-solares-2020\/#breadcrumb","itemListElement":[{"@type":"ListItem","position":1,"name":"Not\u00edcias","item":"https:\/\/www.suno.com.br\/noticias\/"},{"@type":"ListItem","position":2,"name":"Neg\u00f3cios","item":"https:\/\/www.suno.com.br\/noticias\/negocios\/"},{"@type":"ListItem","position":3,"name":"Cemig investir\u00e1 R$ 300 mi em usinas solares at\u00e9 2020"}]},{"@type":"WebSite","@id":"https:\/\/www.suno.com.br\/noticias\/#website","url":"https:\/\/www.suno.com.br\/noticias\/","name":"Suno Not\u00edcias","description":"Seu portal de informa\u00e7\u00e3o sobre o mundo dos investimentos","publisher":{"@id":"https:\/\/www.suno.com.br\/noticias\/#organization"},"potentialAction":[{"@type":"SearchAction","target":{"@type":"EntryPoint","urlTemplate":"https:\/\/www.suno.com.br\/noticias\/?s={search_term_string}"},"query-input":{"@type":"PropertyValueSpecification","valueRequired":true,"valueName":"search_term_string"}}],"inLanguage":"pt-BR"},{"@type":"Organization","@id":"https:\/\/www.suno.com.br\/noticias\/#organization","name":"Suno Not\u00edcias","url":"https:\/\/www.suno.com.br\/noticias\/","logo":{"@type":"ImageObject","inLanguage":"pt-BR","@id":"https:\/\/www.suno.com.br\/noticias\/#\/schema\/logo\/image\/","url":"https:\/\/files.sunoresearch.com.br\/n\/uploads\/2021\/09\/suno-logo.png","contentUrl":"https:\/\/files.sunoresearch.com.br\/n\/uploads\/2021\/09\/suno-logo.png","width":180,"height":180,"caption":"Suno Not\u00edcias"},"image":{"@id":"https:\/\/www.suno.com.br\/noticias\/#\/schema\/logo\/image\/"},"sameAs":["https:\/\/facebook.com\/sunoresearch","https:\/\/x.com\/sunoresearch","https:\/\/www.instagram.com\/suno","https:\/\/www.linkedin.com\/company\/suno-research\/","https:\/\/www.youtube.com\/c\/sunoresearch"]},{"@type":"Person","@id":"https:\/\/www.suno.com.br\/noticias\/#\/schema\/person\/098743caeed97b37f51315c9576c4078","name":"Rafael Lara","image":{"@type":"ImageObject","inLanguage":"pt-BR","@id":"https:\/\/www.suno.com.br\/noticias\/#\/schema\/person\/image\/","url":"https:\/\/secure.gravatar.com\/avatar\/dfc254ab9bb2ea1895d98b9e9dae4bdd?s=96&r=g","contentUrl":"https:\/\/secure.gravatar.com\/avatar\/dfc254ab9bb2ea1895d98b9e9dae4bdd?s=96&r=g","caption":"Rafael Lara"},"description":"Rafael Lara cursa jornalismo na Faculdade C\u00e1sper L\u00edbero. Escreve sobre pol\u00edtica, economia e neg\u00f3cios para o portal Suno Not\u00edcias. Antes, colaborou na TV Gazeta na produ\u00e7\u00e3o do programa Edi\u00e7\u00e3o Extra.","url":"https:\/\/www.suno.com.br\/noticias\/author\/rafael\/"}]}},"default_loop_html":"<div class=\"cardsPage__listCard__boxs\"><div class=\"cardsPage__listCard__boxs__img\"><a href=\"https:\/\/www.suno.com.br\/noticias\/cemig-investira-usinas-solares-2020\/\"><img class=\"mask\" src=\"https:\/\/www.suno.com.br\/noticias\/wp-content\/themes\/suno\/resources\/images\/spotlight\/spotlight1img\/bg-mask.png\" alt=\"Image Mask\"\/><img src=\"https:\/\/files.sunoresearch.com.br\/n\/uploads\/2019\/08\/2425ba41-aquecedor-solar-cemig-400x200.webp\" alt=\"Cemig investir\u00e1 R$ 300 mi em usinas solares at\u00e9 2020\"\/><\/a><span class=\"spotlightCategory\"><a href=\"https:\/\/www.suno.com.br\/noticias\/negocios\/\">Neg\u00f3cios<\/a><\/span><\/div><div class=\"cardsPage__listCard__boxs__content\"><a href=\"https:\/\/www.suno.com.br\/noticias\/cemig-investira-usinas-solares-2020\/\"><h2 class=\"content__title\">Cemig investir\u00e1 R$ 300 mi em usinas solares at\u00e9 2020<\/h2><\/a><div class=\"newsContent__article__meta\"><div class=\"newsContent__article__meta__authorBox\"><a href=\"https:\/\/www.suno.com.br\/noticias\/author\/rafael\/\" class=\"authorBox__avatar noMobi\"><img src=\"https:\/\/secure.gravatar.com\/avatar\/dfc254ab9bb2ea1895d98b9e9dae4bdd?s=96&#038;r=g\" alt=\"Rafael Lara\"><\/a><div class=\"authorBox__name\"><span>por\n\t\t\t<a href=\"https:\/\/www.suno.com.br\/noticias\/author\/rafael\/\"><span itemprop=\"author\">Rafael Lara<\/span><\/a><\/span><time datetime=\"2019-10-09T20:20:51-03:00\" itemprop=\"datePublished\">09\/10\/2019 20:20<\/time><\/div><\/div><\/div><\/div><\/div>","single_layout":"posts","amp_enabled":true,"_links":{"self":[{"href":"https:\/\/www.suno.com.br\/noticias\/wp-json\/wp\/v2\/posts\/40565"}],"collection":[{"href":"https:\/\/www.suno.com.br\/noticias\/wp-json\/wp\/v2\/posts"}],"about":[{"href":"https:\/\/www.suno.com.br\/noticias\/wp-json\/wp\/v2\/types\/post"}],"author":[{"embeddable":true,"href":"https:\/\/www.suno.com.br\/noticias\/wp-json\/wp\/v2\/users\/23"}],"replies":[{"embeddable":true,"href":"https:\/\/www.suno.com.br\/noticias\/wp-json\/wp\/v2\/comments?post=40565"}],"version-history":[{"count":0,"href":"https:\/\/www.suno.com.br\/noticias\/wp-json\/wp\/v2\/posts\/40565\/revisions"}],"wp:featuredmedia":[{"embeddable":true,"href":"https:\/\/www.suno.com.br\/noticias\/wp-json\/wp\/v2\/media\/34363"}],"wp:attachment":[{"href":"https:\/\/www.suno.com.br\/noticias\/wp-json\/wp\/v2\/media?parent=40565"}],"wp:term":[{"taxonomy":"category","embeddable":true,"href":"https:\/\/www.suno.com.br\/noticias\/wp-json\/wp\/v2\/categories?post=40565"},{"taxonomy":"post_tag","embeddable":true,"href":"https:\/\/www.suno.com.br\/noticias\/wp-json\/wp\/v2\/tags?post=40565"},{"taxonomy":"suno_strategy","embeddable":true,"href":"https:\/\/www.suno.com.br\/noticias\/wp-json\/wp\/v2\/suno_strategy?post=40565"}],"curies":[{"name":"wp","href":"https:\/\/api.w.org\/{rel}","templated":true}]}}