{"id":40563,"date":"2019-10-09T20:01:10","date_gmt":"2019-10-09T23:01:10","guid":{"rendered":"https:\/\/www.suno.com.br\/noticias\/?p=40563"},"modified":"2019-10-09T20:01:10","modified_gmt":"2019-10-09T23:01:10","slug":"michael-klein-da-via-varejo-negocia-vender-cerca-de-r-2-bi-em-galpoes","status":"publish","type":"post","link":"https:\/\/www.suno.com.br\/noticias\/michael-klein-da-via-varejo-negocia-vender-cerca-de-r-2-bi-em-galpoes\/","title":{"rendered":"Michael Klein, da Via Varejo, negocia vender cerca de R$ 2 bi em galp\u00f5es"},"content":{"rendered":"<p>O empres\u00e1rio brasileiro <a href=\"https:\/\/www.suno.com.br\/tudo-sobre\/michael-klein\/\">Michael Klein<\/a> afirmou nesta quarta-feira (9) que est\u00e1 negociando a venda de at\u00e9 13 <strong>galp\u00f5es log\u00edsticos<\/strong>. A declara\u00e7\u00e3o ocorreu por meio de uma nota enviada ao jornal &#8220;Valor Econ\u00f4mico&#8221;.<\/p>\t<div class=\"wrapper-featured-image\">\n\t\t<figure class=\"spotlightImg\">\n\n\t\t\t<picture>\n\t\t\t\t<source media=\"(max-width: 768px)\" srcset=\"https:\/\/files.sunoresearch.com.br\/n\/uploads\/2019\/06\/23cefbe1-via-varejo-400x200.webp\">\n\t\t\t\t<img loading=\"lazy\" decoding=\"async\" class=\"newsContent__article__imgCapa lazyloadDisabled newsContent__article__imgCapa--noCaption\" src=\"https:\/\/files.sunoresearch.com.br\/n\/uploads\/2019\/06\/23cefbe1-via-varejo-800x450.webp\" width=\"800\" height=\"450\" alt=\"Michael Klein, da Via Varejo, negocia vender cerca de R$ 2 bi em galp\u00f5es\" fetchpriority=high \/>\n\t\t\t<\/picture>\n\n\t\t\t<figcaption class=\"wp-caption-text wp-caption-text--hide\">Michael Klein deixa presid\u00eancia do CDA da Via Varejo (VVAR3)<\/figcaption>\n\t\t<\/figure>\n\t<\/div>\n\n\n<p>A informa\u00e7\u00e3o sobre a venda dos galp\u00f5es por <strong>Michael Klein<\/strong> foi divulgada no in\u00edcio do dia pelo site &#8220;Brazil Journal&#8221;, no entanto, ainda n\u00e3o era oficial. De acordo com o ve\u00edculo, as propriedades est\u00e3o avaliadas em carca de R$ 2 bilh\u00f5es.<\/p>\n\n<p>De acordo com o comunicado assinado por Klein, a venda dos galp\u00f5es faz parte da estrat\u00e9gia de reposicionamento para os ativos do <strong>Grupo CB<\/strong>. Al\u00e9m de presidente do conselho de administra\u00e7\u00e3o da <strong>Via Varejo<\/strong>, o executivo \u00e9 diretor-presidente do CB.<\/p>\n<p>Conforme as informa\u00e7\u00f5es divulgadas pelo site, a venda est\u00e1 sendo direcionada pelo Bradesco BBI. O empres\u00e1rio, at\u00e9 o momento, j\u00e1 recebeu 12 propostas para a venda.<\/p>\n<p>Entre as principais, est\u00e3o as feitas por Blackstone\/BlueMacaw, Brookfield, Credit Suisse, Hemisf\u00e9rio Sul Investimentos (HSI) e um cons\u00f3rcio formado pela Cyrela Commercial Properties.<\/p>\n<p>Atualmente, dois ter\u00e7os do portf\u00f3lio que ser\u00e1 vendido est\u00e3o alugados para a <strong>Via Varejo<\/strong>, segundo o site. No entanto, a maior parte est\u00e3o com pre\u00e7os de aluguel inferiores \u00e0 m\u00e9dia do mercado. Al\u00e9m disso, 90% dos galp\u00f5es possuem contratos de aluguel para longo prazo.<\/p>\n\t<p>\n\t\t<a href=\"https:\/\/lp.suno.com.br\/ebook-guia-ir\/\" target=\"_blank\" data-element=\"shortcode-suno-banner\" title=\"Banner SUNO, clique e saiba mais\">\n\t\t\t<picture>\n\t\t\t\t<source media=\"(max-width: 500px)\" srcset=\"https:\/\/files.sunoresearch.com.br\/n\/uploads\/2023\/03\/400x300-Ebook-IR.png\">\n\t\t\t\t<img class=\"newsContent__article__imgCapa newsContent__article__imgCapa--banner\"\n\t\t\t\t\tsrc=\"https:\/\/files.sunoresearch.com.br\/n\/uploads\/2023\/03\/1420x240-Ebook-IR.png\"\n\t\t\t\t\tdata-promo-id=\"383124\"\t\t\t\t\t\t\t\t\t\twidth='1420' height='240'\t\t\t\t\talt=\"https:\/\/files.sunoresearch.com.br\/n\/uploads\/2023\/03\/1420x240-Ebook-IR.png\"\n\t\t\t\t>\n\t\t\t<\/picture>\n\t\t<\/a>\n\t<\/p>\n\n\n<p>De acordo com analistas, a venda pode ocorrer para que Klein possa aumentar os investimentos em sua empresa de avia\u00e7\u00e3o, a <strong>Icon,<\/strong> ou para aumentar a posi\u00e7\u00e3o do executivo na <strong>Via Varejo<\/strong>.<\/p>\n<h2>Expans\u00e3o do com\u00e9rcio eletr\u00f4nico da Via Varejo<\/h2>\n<p>No \u00faltimo m\u00eas, Klein informou que um grupo de representantes da Via Varejo estava na China. A visita ao pa\u00eds asi\u00e1tico teve como objetivo a busca por novas tecnologias de com\u00e9rcio eletr\u00f4nico.<\/p>\n<p><a href=\"https:\/\/www.suno.com.br\/noticias\/via-varejo-novas-tecnologias-expandir-comercio-eletronico\/\">Saiba mais: Via Varejo estuda novas tecnologias para expandir com\u00e9rcio eletr\u00f4nico<\/a><\/p>\n<p>Os executivos da gigante varejista\u00a0visitaram empresas como Alibaba e Tencent, que oferecem servi\u00e7os digitais. \u201cA gente quer recuperar a imagem e o hist\u00f3rico da Casas Bahia e do Ponto Frio, voltar \u00e0s origens, mas com tecnologia digital\u201d, afirmou o executivo.<\/p>\n<p>Uma das inova\u00e7\u00f5es que a companhia pretende fazer, \u00e9 o uso do <strong>credi\u00e1rio<\/strong> digital. \u201cOs antigos gestores n\u00e3o tinham o credi\u00e1rio como prioridade. Vamos resgatar esses clientes que est\u00e3o na nossa base, mas oferecendo credi\u00e1rio de forma totalmente digital\u201d, disse <a href=\"https:\/\/www.suno.com.br\/tudo-sobre\/michael-klein\/\"><strong>Michael Klein<\/strong><\/a>.<\/p>\n","protected":false},"excerpt":{"rendered":"<p>O empres\u00e1rio brasileiro Michael Klein afirmou nesta quarta-feira (9) que est\u00e1 negociando a venda de at\u00e9 13 galp\u00f5es log\u00edsticos. A declara\u00e7\u00e3o ocorreu por meio de uma nota enviada ao jornal &#8220;Valor Econ\u00f4mico&#8221;. Michael Klein deixa presid\u00eancia do CDA da Via Varejo (VVAR3) A informa\u00e7\u00e3o sobre a venda dos galp\u00f5es por Michael Klein foi divulgada no [&hellip;]<\/p>\n","protected":false},"author":18,"featured_media":27375,"comment_status":"closed","ping_status":"closed","sticky":false,"template":"","format":"standard","meta":[],"categories":[64],"tags":[2047,106935],"suno_strategy":[],"class_list":["post-40563","post","type-post","status-publish","format-standard","has-post-thumbnail","hentry","category-negocios","tag-michael-klein","tag-via-viia3"],"yoast_head":"<!-- This site is optimized with the Yoast SEO plugin v24.4 - https:\/\/yoast.com\/wordpress\/plugins\/seo\/ -->\n<title>Michael Klein, da Via Varejo, negocia vender cerca de R$ 2 bi em galp\u00f5es<\/title>\n<meta name=\"description\" content=\"O empres\u00e1rio brasileiro Michael Klein afirmou que est\u00e1 negociando a venda de at\u00e9 13 galp\u00f5es log\u00edsticos. Clique para saber mais.\" \/>\n<meta name=\"robots\" content=\"index, follow, max-snippet:-1, max-image-preview:large, max-video-preview:-1\" \/>\n<link rel=\"canonical\" href=\"https:\/\/www.suno.com.br\/noticias\/michael-klein-da-via-varejo-negocia-vender-cerca-de-r-2-bi-em-galpoes\/\" \/>\n<meta property=\"og:locale\" content=\"pt_BR\" \/>\n<meta property=\"og:type\" content=\"article\" \/>\n<meta property=\"og:title\" content=\"Michael Klein, da Via Varejo, negocia vender cerca de R$ 2 bi em galp\u00f5es\" \/>\n<meta property=\"og:description\" content=\"O empres\u00e1rio brasileiro Michael Klein afirmou que est\u00e1 negociando a venda de at\u00e9 13 galp\u00f5es log\u00edsticos. Clique para saber mais.\" \/>\n<meta property=\"og:url\" content=\"https:\/\/www.suno.com.br\/noticias\/michael-klein-da-via-varejo-negocia-vender-cerca-de-r-2-bi-em-galpoes\/\" \/>\n<meta property=\"og:site_name\" content=\"Suno Not\u00edcias\" \/>\n<meta property=\"article:publisher\" content=\"https:\/\/facebook.com\/sunoresearch\" \/>\n<meta property=\"og:image\" content=\"https:\/\/files.sunoresearch.com.br\/n\/uploads\/2019\/06\/23cefbe1-via-varejo.jpg\" \/>\n\t<meta property=\"og:image:width\" content=\"1200\" \/>\n\t<meta property=\"og:image:height\" content=\"898\" \/>\n\t<meta property=\"og:image:type\" content=\"image\/jpeg\" \/>\n<meta name=\"author\" content=\"Giovanna Oliveira\" \/>\n<meta name=\"twitter:card\" content=\"summary_large_image\" \/>\n<meta name=\"twitter:creator\" content=\"@sunoresearch\" \/>\n<meta name=\"twitter:site\" content=\"@sunoresearch\" \/>\n<meta name=\"twitter:label1\" content=\"Escrito por\" \/>\n\t<meta name=\"twitter:data1\" content=\"Giovanna Oliveira\" \/>\n\t<meta name=\"twitter:label2\" content=\"Est. tempo de leitura\" \/>\n\t<meta name=\"twitter:data2\" content=\"2 minutos\" \/>\n<script type=\"application\/ld+json\" class=\"yoast-schema-graph\">{\"@context\":\"https:\/\/schema.org\",\"@graph\":[{\"@type\":\"NewsArticle\",\"@id\":\"https:\/\/www.suno.com.br\/noticias\/michael-klein-da-via-varejo-negocia-vender-cerca-de-r-2-bi-em-galpoes\/#article\",\"isPartOf\":{\"@id\":\"https:\/\/www.suno.com.br\/noticias\/michael-klein-da-via-varejo-negocia-vender-cerca-de-r-2-bi-em-galpoes\/\"},\"author\":{\"name\":\"Giovanna Oliveira\",\"@id\":\"https:\/\/www.suno.com.br\/noticias\/#\/schema\/person\/4e19e3d2575736e5283d58eb3199d120\"},\"headline\":\"Michael Klein, da Via Varejo, negocia vender cerca de R$ 2 bi em galp\u00f5es\",\"datePublished\":\"2019-10-09T23:01:10+00:00\",\"mainEntityOfPage\":{\"@id\":\"https:\/\/www.suno.com.br\/noticias\/michael-klein-da-via-varejo-negocia-vender-cerca-de-r-2-bi-em-galpoes\/\"},\"wordCount\":432,\"publisher\":{\"@id\":\"https:\/\/www.suno.com.br\/noticias\/#organization\"},\"image\":{\"@id\":\"https:\/\/www.suno.com.br\/noticias\/michael-klein-da-via-varejo-negocia-vender-cerca-de-r-2-bi-em-galpoes\/#primaryimage\"},\"thumbnailUrl\":\"https:\/\/files.sunoresearch.com.br\/n\/uploads\/2019\/06\/23cefbe1-via-varejo-jpg.webp\",\"keywords\":[\"Michael Klein\",\"Via (VIIA3)\"],\"articleSection\":[\"Neg\u00f3cios\"],\"inLanguage\":\"pt-BR\"},{\"@type\":\"WebPage\",\"@id\":\"https:\/\/www.suno.com.br\/noticias\/michael-klein-da-via-varejo-negocia-vender-cerca-de-r-2-bi-em-galpoes\/\",\"url\":\"https:\/\/www.suno.com.br\/noticias\/michael-klein-da-via-varejo-negocia-vender-cerca-de-r-2-bi-em-galpoes\/\",\"name\":\"Michael Klein, da Via Varejo, negocia vender cerca de R$ 2 bi em galp\u00f5es\",\"isPartOf\":{\"@id\":\"https:\/\/www.suno.com.br\/noticias\/#website\"},\"primaryImageOfPage\":{\"@id\":\"https:\/\/www.suno.com.br\/noticias\/michael-klein-da-via-varejo-negocia-vender-cerca-de-r-2-bi-em-galpoes\/#primaryimage\"},\"image\":{\"@id\":\"https:\/\/www.suno.com.br\/noticias\/michael-klein-da-via-varejo-negocia-vender-cerca-de-r-2-bi-em-galpoes\/#primaryimage\"},\"thumbnailUrl\":\"https:\/\/files.sunoresearch.com.br\/n\/uploads\/2019\/06\/23cefbe1-via-varejo-jpg.webp\",\"datePublished\":\"2019-10-09T23:01:10+00:00\",\"description\":\"O empres\u00e1rio brasileiro Michael Klein afirmou que est\u00e1 negociando a venda de at\u00e9 13 galp\u00f5es log\u00edsticos. Clique para saber mais.\",\"breadcrumb\":{\"@id\":\"https:\/\/www.suno.com.br\/noticias\/michael-klein-da-via-varejo-negocia-vender-cerca-de-r-2-bi-em-galpoes\/#breadcrumb\"},\"inLanguage\":\"pt-BR\",\"potentialAction\":[{\"@type\":\"ReadAction\",\"target\":[\"https:\/\/www.suno.com.br\/noticias\/michael-klein-da-via-varejo-negocia-vender-cerca-de-r-2-bi-em-galpoes\/\"]}]},{\"@type\":\"ImageObject\",\"inLanguage\":\"pt-BR\",\"@id\":\"https:\/\/www.suno.com.br\/noticias\/michael-klein-da-via-varejo-negocia-vender-cerca-de-r-2-bi-em-galpoes\/#primaryimage\",\"url\":\"https:\/\/files.sunoresearch.com.br\/n\/uploads\/2019\/06\/23cefbe1-via-varejo-jpg.webp\",\"contentUrl\":\"https:\/\/files.sunoresearch.com.br\/n\/uploads\/2019\/06\/23cefbe1-via-varejo-jpg.webp\",\"width\":1200,\"height\":898,\"caption\":\"Michael Klein deixa presid\u00eancia do CDA da Via Varejo (VVAR3)\"},{\"@type\":\"BreadcrumbList\",\"@id\":\"https:\/\/www.suno.com.br\/noticias\/michael-klein-da-via-varejo-negocia-vender-cerca-de-r-2-bi-em-galpoes\/#breadcrumb\",\"itemListElement\":[{\"@type\":\"ListItem\",\"position\":1,\"name\":\"Not\u00edcias\",\"item\":\"https:\/\/www.suno.com.br\/noticias\/\"},{\"@type\":\"ListItem\",\"position\":2,\"name\":\"Neg\u00f3cios\",\"item\":\"https:\/\/www.suno.com.br\/noticias\/negocios\/\"},{\"@type\":\"ListItem\",\"position\":3,\"name\":\"Michael Klein, da Via Varejo, negocia vender cerca de R$ 2 bi em galp\u00f5es\"}]},{\"@type\":\"WebSite\",\"@id\":\"https:\/\/www.suno.com.br\/noticias\/#website\",\"url\":\"https:\/\/www.suno.com.br\/noticias\/\",\"name\":\"Suno Not\u00edcias\",\"description\":\"Seu portal de informa\u00e7\u00e3o sobre o mundo dos investimentos\",\"publisher\":{\"@id\":\"https:\/\/www.suno.com.br\/noticias\/#organization\"},\"potentialAction\":[{\"@type\":\"SearchAction\",\"target\":{\"@type\":\"EntryPoint\",\"urlTemplate\":\"https:\/\/www.suno.com.br\/noticias\/?s={search_term_string}\"},\"query-input\":{\"@type\":\"PropertyValueSpecification\",\"valueRequired\":true,\"valueName\":\"search_term_string\"}}],\"inLanguage\":\"pt-BR\"},{\"@type\":\"Organization\",\"@id\":\"https:\/\/www.suno.com.br\/noticias\/#organization\",\"name\":\"Suno Not\u00edcias\",\"url\":\"https:\/\/www.suno.com.br\/noticias\/\",\"logo\":{\"@type\":\"ImageObject\",\"inLanguage\":\"pt-BR\",\"@id\":\"https:\/\/www.suno.com.br\/noticias\/#\/schema\/logo\/image\/\",\"url\":\"https:\/\/files.sunoresearch.com.br\/n\/uploads\/2021\/09\/suno-logo.png\",\"contentUrl\":\"https:\/\/files.sunoresearch.com.br\/n\/uploads\/2021\/09\/suno-logo.png\",\"width\":180,\"height\":180,\"caption\":\"Suno Not\u00edcias\"},\"image\":{\"@id\":\"https:\/\/www.suno.com.br\/noticias\/#\/schema\/logo\/image\/\"},\"sameAs\":[\"https:\/\/facebook.com\/sunoresearch\",\"https:\/\/x.com\/sunoresearch\",\"https:\/\/www.instagram.com\/suno\",\"https:\/\/www.linkedin.com\/company\/suno-research\/\",\"https:\/\/www.youtube.com\/c\/sunoresearch\"]},{\"@type\":\"Person\",\"@id\":\"https:\/\/www.suno.com.br\/noticias\/#\/schema\/person\/4e19e3d2575736e5283d58eb3199d120\",\"name\":\"Giovanna Oliveira\",\"image\":{\"@type\":\"ImageObject\",\"inLanguage\":\"pt-BR\",\"@id\":\"https:\/\/www.suno.com.br\/noticias\/#\/schema\/person\/image\/\",\"url\":\"https:\/\/secure.gravatar.com\/avatar\/9a37b3ae208962ac568992d0ffdbc2eb?s=96&r=g\",\"contentUrl\":\"https:\/\/secure.gravatar.com\/avatar\/9a37b3ae208962ac568992d0ffdbc2eb?s=96&r=g\",\"caption\":\"Giovanna Oliveira\"},\"description\":\"Giovanna Oliveira escreve sobre economia e pol\u00edtica. Foi rep\u00f3rter do portal de jornalismo da ESPM-SP e produziu conte\u00fado para a Corinthians TV. \u00c9 estudante da ESPM.\",\"url\":\"https:\/\/www.suno.com.br\/noticias\/author\/giovanna\/\"}]}<\/script>\n<!-- \/ Yoast SEO plugin. -->","yoast_head_json":{"title":"Michael Klein, da Via Varejo, negocia vender cerca de R$ 2 bi em galp\u00f5es","description":"O empres\u00e1rio brasileiro Michael Klein afirmou que est\u00e1 negociando a venda de at\u00e9 13 galp\u00f5es log\u00edsticos. Clique para saber mais.","robots":{"index":"index","follow":"follow","max-snippet":"max-snippet:-1","max-image-preview":"max-image-preview:large","max-video-preview":"max-video-preview:-1"},"canonical":"https:\/\/www.suno.com.br\/noticias\/michael-klein-da-via-varejo-negocia-vender-cerca-de-r-2-bi-em-galpoes\/","og_locale":"pt_BR","og_type":"article","og_title":"Michael Klein, da Via Varejo, negocia vender cerca de R$ 2 bi em galp\u00f5es","og_description":"O empres\u00e1rio brasileiro Michael Klein afirmou que est\u00e1 negociando a venda de at\u00e9 13 galp\u00f5es log\u00edsticos. Clique para saber mais.","og_url":"https:\/\/www.suno.com.br\/noticias\/michael-klein-da-via-varejo-negocia-vender-cerca-de-r-2-bi-em-galpoes\/","og_site_name":"Suno Not\u00edcias","article_publisher":"https:\/\/facebook.com\/sunoresearch","og_image":[{"width":1200,"height":898,"url":"https:\/\/files.sunoresearch.com.br\/n\/uploads\/2019\/06\/23cefbe1-via-varejo.jpg","type":"image\/jpeg"}],"author":"Giovanna Oliveira","twitter_card":"summary_large_image","twitter_creator":"@sunoresearch","twitter_site":"@sunoresearch","twitter_misc":{"Escrito por":"Giovanna Oliveira","Est. tempo de leitura":"2 minutos"},"schema":{"@context":"https:\/\/schema.org","@graph":[{"@type":"NewsArticle","@id":"https:\/\/www.suno.com.br\/noticias\/michael-klein-da-via-varejo-negocia-vender-cerca-de-r-2-bi-em-galpoes\/#article","isPartOf":{"@id":"https:\/\/www.suno.com.br\/noticias\/michael-klein-da-via-varejo-negocia-vender-cerca-de-r-2-bi-em-galpoes\/"},"author":{"name":"Giovanna Oliveira","@id":"https:\/\/www.suno.com.br\/noticias\/#\/schema\/person\/4e19e3d2575736e5283d58eb3199d120"},"headline":"Michael Klein, da Via Varejo, negocia vender cerca de R$ 2 bi em galp\u00f5es","datePublished":"2019-10-09T23:01:10+00:00","mainEntityOfPage":{"@id":"https:\/\/www.suno.com.br\/noticias\/michael-klein-da-via-varejo-negocia-vender-cerca-de-r-2-bi-em-galpoes\/"},"wordCount":432,"publisher":{"@id":"https:\/\/www.suno.com.br\/noticias\/#organization"},"image":{"@id":"https:\/\/www.suno.com.br\/noticias\/michael-klein-da-via-varejo-negocia-vender-cerca-de-r-2-bi-em-galpoes\/#primaryimage"},"thumbnailUrl":"https:\/\/files.sunoresearch.com.br\/n\/uploads\/2019\/06\/23cefbe1-via-varejo-jpg.webp","keywords":["Michael Klein","Via (VIIA3)"],"articleSection":["Neg\u00f3cios"],"inLanguage":"pt-BR"},{"@type":"WebPage","@id":"https:\/\/www.suno.com.br\/noticias\/michael-klein-da-via-varejo-negocia-vender-cerca-de-r-2-bi-em-galpoes\/","url":"https:\/\/www.suno.com.br\/noticias\/michael-klein-da-via-varejo-negocia-vender-cerca-de-r-2-bi-em-galpoes\/","name":"Michael Klein, da Via Varejo, negocia vender cerca de R$ 2 bi em galp\u00f5es","isPartOf":{"@id":"https:\/\/www.suno.com.br\/noticias\/#website"},"primaryImageOfPage":{"@id":"https:\/\/www.suno.com.br\/noticias\/michael-klein-da-via-varejo-negocia-vender-cerca-de-r-2-bi-em-galpoes\/#primaryimage"},"image":{"@id":"https:\/\/www.suno.com.br\/noticias\/michael-klein-da-via-varejo-negocia-vender-cerca-de-r-2-bi-em-galpoes\/#primaryimage"},"thumbnailUrl":"https:\/\/files.sunoresearch.com.br\/n\/uploads\/2019\/06\/23cefbe1-via-varejo-jpg.webp","datePublished":"2019-10-09T23:01:10+00:00","description":"O empres\u00e1rio brasileiro Michael Klein afirmou que est\u00e1 negociando a venda de at\u00e9 13 galp\u00f5es log\u00edsticos. Clique para saber mais.","breadcrumb":{"@id":"https:\/\/www.suno.com.br\/noticias\/michael-klein-da-via-varejo-negocia-vender-cerca-de-r-2-bi-em-galpoes\/#breadcrumb"},"inLanguage":"pt-BR","potentialAction":[{"@type":"ReadAction","target":["https:\/\/www.suno.com.br\/noticias\/michael-klein-da-via-varejo-negocia-vender-cerca-de-r-2-bi-em-galpoes\/"]}]},{"@type":"ImageObject","inLanguage":"pt-BR","@id":"https:\/\/www.suno.com.br\/noticias\/michael-klein-da-via-varejo-negocia-vender-cerca-de-r-2-bi-em-galpoes\/#primaryimage","url":"https:\/\/files.sunoresearch.com.br\/n\/uploads\/2019\/06\/23cefbe1-via-varejo-jpg.webp","contentUrl":"https:\/\/files.sunoresearch.com.br\/n\/uploads\/2019\/06\/23cefbe1-via-varejo-jpg.webp","width":1200,"height":898,"caption":"Michael Klein deixa presid\u00eancia do CDA da Via Varejo (VVAR3)"},{"@type":"BreadcrumbList","@id":"https:\/\/www.suno.com.br\/noticias\/michael-klein-da-via-varejo-negocia-vender-cerca-de-r-2-bi-em-galpoes\/#breadcrumb","itemListElement":[{"@type":"ListItem","position":1,"name":"Not\u00edcias","item":"https:\/\/www.suno.com.br\/noticias\/"},{"@type":"ListItem","position":2,"name":"Neg\u00f3cios","item":"https:\/\/www.suno.com.br\/noticias\/negocios\/"},{"@type":"ListItem","position":3,"name":"Michael Klein, da Via Varejo, negocia vender cerca de R$ 2 bi em galp\u00f5es"}]},{"@type":"WebSite","@id":"https:\/\/www.suno.com.br\/noticias\/#website","url":"https:\/\/www.suno.com.br\/noticias\/","name":"Suno Not\u00edcias","description":"Seu portal de informa\u00e7\u00e3o sobre o mundo dos investimentos","publisher":{"@id":"https:\/\/www.suno.com.br\/noticias\/#organization"},"potentialAction":[{"@type":"SearchAction","target":{"@type":"EntryPoint","urlTemplate":"https:\/\/www.suno.com.br\/noticias\/?s={search_term_string}"},"query-input":{"@type":"PropertyValueSpecification","valueRequired":true,"valueName":"search_term_string"}}],"inLanguage":"pt-BR"},{"@type":"Organization","@id":"https:\/\/www.suno.com.br\/noticias\/#organization","name":"Suno Not\u00edcias","url":"https:\/\/www.suno.com.br\/noticias\/","logo":{"@type":"ImageObject","inLanguage":"pt-BR","@id":"https:\/\/www.suno.com.br\/noticias\/#\/schema\/logo\/image\/","url":"https:\/\/files.sunoresearch.com.br\/n\/uploads\/2021\/09\/suno-logo.png","contentUrl":"https:\/\/files.sunoresearch.com.br\/n\/uploads\/2021\/09\/suno-logo.png","width":180,"height":180,"caption":"Suno Not\u00edcias"},"image":{"@id":"https:\/\/www.suno.com.br\/noticias\/#\/schema\/logo\/image\/"},"sameAs":["https:\/\/facebook.com\/sunoresearch","https:\/\/x.com\/sunoresearch","https:\/\/www.instagram.com\/suno","https:\/\/www.linkedin.com\/company\/suno-research\/","https:\/\/www.youtube.com\/c\/sunoresearch"]},{"@type":"Person","@id":"https:\/\/www.suno.com.br\/noticias\/#\/schema\/person\/4e19e3d2575736e5283d58eb3199d120","name":"Giovanna Oliveira","image":{"@type":"ImageObject","inLanguage":"pt-BR","@id":"https:\/\/www.suno.com.br\/noticias\/#\/schema\/person\/image\/","url":"https:\/\/secure.gravatar.com\/avatar\/9a37b3ae208962ac568992d0ffdbc2eb?s=96&r=g","contentUrl":"https:\/\/secure.gravatar.com\/avatar\/9a37b3ae208962ac568992d0ffdbc2eb?s=96&r=g","caption":"Giovanna Oliveira"},"description":"Giovanna Oliveira escreve sobre economia e pol\u00edtica. Foi rep\u00f3rter do portal de jornalismo da ESPM-SP e produziu conte\u00fado para a Corinthians TV. \u00c9 estudante da ESPM.","url":"https:\/\/www.suno.com.br\/noticias\/author\/giovanna\/"}]}},"default_loop_html":"<div class=\"cardsPage__listCard__boxs\"><div class=\"cardsPage__listCard__boxs__img\"><a href=\"https:\/\/www.suno.com.br\/noticias\/michael-klein-da-via-varejo-negocia-vender-cerca-de-r-2-bi-em-galpoes\/\"><img class=\"mask\" src=\"https:\/\/www.suno.com.br\/noticias\/wp-content\/themes\/suno\/resources\/images\/spotlight\/spotlight1img\/bg-mask.png\" alt=\"Image Mask\"\/><img src=\"https:\/\/files.sunoresearch.com.br\/n\/uploads\/2019\/06\/23cefbe1-via-varejo-400x200.webp\" alt=\"Michael Klein, da Via Varejo, negocia vender cerca de R$ 2 bi em galp\u00f5es\"\/><\/a><span class=\"spotlightCategory\"><a href=\"https:\/\/www.suno.com.br\/noticias\/negocios\/\">Neg\u00f3cios<\/a><\/span><\/div><div class=\"cardsPage__listCard__boxs__content\"><a href=\"https:\/\/www.suno.com.br\/noticias\/michael-klein-da-via-varejo-negocia-vender-cerca-de-r-2-bi-em-galpoes\/\"><h2 class=\"content__title\">Michael Klein, da Via Varejo, negocia vender cerca de R$ 2 bi em galp\u00f5es<\/h2><\/a><div class=\"newsContent__article__meta\"><div class=\"newsContent__article__meta__authorBox\"><a href=\"https:\/\/www.suno.com.br\/noticias\/author\/giovanna\/\" class=\"authorBox__avatar noMobi\"><img src=\"https:\/\/files.sunoresearch.com.br\/n\/uploads\/2019\/06\/952a89ca-screenshot_20190608-171507-150x150.webp\" alt=\"Giovanna Oliveira\"><\/a><div class=\"authorBox__name\"><span>por\n\t\t\t<a href=\"https:\/\/www.suno.com.br\/noticias\/author\/giovanna\/\"><span itemprop=\"author\">Giovanna Oliveira<\/span><\/a><\/span><time datetime=\"2019-10-09T20:01:10-03:00\" itemprop=\"datePublished\">09\/10\/2019 20:01<\/time><\/div><\/div><\/div><\/div><\/div>","single_layout":"posts","amp_enabled":true,"_links":{"self":[{"href":"https:\/\/www.suno.com.br\/noticias\/wp-json\/wp\/v2\/posts\/40563"}],"collection":[{"href":"https:\/\/www.suno.com.br\/noticias\/wp-json\/wp\/v2\/posts"}],"about":[{"href":"https:\/\/www.suno.com.br\/noticias\/wp-json\/wp\/v2\/types\/post"}],"author":[{"embeddable":true,"href":"https:\/\/www.suno.com.br\/noticias\/wp-json\/wp\/v2\/users\/18"}],"replies":[{"embeddable":true,"href":"https:\/\/www.suno.com.br\/noticias\/wp-json\/wp\/v2\/comments?post=40563"}],"version-history":[{"count":0,"href":"https:\/\/www.suno.com.br\/noticias\/wp-json\/wp\/v2\/posts\/40563\/revisions"}],"wp:featuredmedia":[{"embeddable":true,"href":"https:\/\/www.suno.com.br\/noticias\/wp-json\/wp\/v2\/media\/27375"}],"wp:attachment":[{"href":"https:\/\/www.suno.com.br\/noticias\/wp-json\/wp\/v2\/media?parent=40563"}],"wp:term":[{"taxonomy":"category","embeddable":true,"href":"https:\/\/www.suno.com.br\/noticias\/wp-json\/wp\/v2\/categories?post=40563"},{"taxonomy":"post_tag","embeddable":true,"href":"https:\/\/www.suno.com.br\/noticias\/wp-json\/wp\/v2\/tags?post=40563"},{"taxonomy":"suno_strategy","embeddable":true,"href":"https:\/\/www.suno.com.br\/noticias\/wp-json\/wp\/v2\/suno_strategy?post=40563"}],"curies":[{"name":"wp","href":"https:\/\/api.w.org\/{rel}","templated":true}]}}